{"id":186587,"date":"2023-07-25T18:40:58","date_gmt":"2023-07-25T16:40:58","guid":{"rendered":"https:\/\/www.monaco-tribune.com\/2023\/07\/il-piano-per-la-siccita-di-monaco-sta-dando-i-suoi-frutti\/"},"modified":"2023-07-25T18:41:08","modified_gmt":"2023-07-25T16:41:08","slug":"il-piano-per-la-siccita-di-monaco-sta-dando-i-suoi-frutti","status":"publish","type":"post","link":"https:\/\/www.monaco-tribune.com\/it\/2023\/07\/il-piano-per-la-siccita-di-monaco-sta-dando-i-suoi-frutti\/","title":{"rendered":"Il piano per la siccit\u00e0 di Monaco sta dando i suoi frutti"},"content":{"rendered":"\n<p><strong>Dalla sua entrata in vigore il 12 maggio, il consumo di acqua \u00e8 diminuito del 6% rispetto al 2022.<\/strong><\/p>\n\n<p>A seguito di un forte calo delle precipitazioni, il Governo, tramite un&#8217;ordinanza ministeriale, ha deciso di adottare alcune misure per far fronte alla siccit\u00e0 anomala che sta colpendo il Principato da diversi mesi. Il livello 2 di &#8220;Allerta&#8221; \u00e8 in vigore a Monaco gi\u00e0 dalla primavera. Questo impone a privati e professionisti le seguenti restrizioni:<\/p>\n\n<ul class=\"wp-block-list\">\n<li>Divieto di innaffiare prati, aiuole, fioriere e spazi verdi, cos\u00ec come i campi sportivi, tra le 8:00 e le 20:00<\/li>\n\n\n\n<li>Divieto di lavare imbarcazioni o moto d&#8217;acqua da diporto o per uso professionale al di fuori delle fasce orarie stabilite<\/li>\n\n\n\n<li>Divieto assoluto di lavare facciate e automobili\u00a0<\/li>\n\n\n\n<li>Divieto di riempire specchi d&#8217;acqua, piscine e spa pubbliche e private. Ricordiamo che, per motivi igienici, in spiaggia saranno comunque disponibili le docce.<\/li>\n\n\n\n<li>Adeguamento della pulizia delle strade da parte della SMA<\/li>\n<\/ul>\n\n<p>Dalla pubblicazione dell&#8217;ordinanza ad oggi sono stati &#8221; risparmiati &#8221; pi\u00f9 di 60.000 m\u00b3. Si tratta di un risultato molto incoraggiante ed \u00e8 per questo che, in un comunicato stampa, il governo loda l&#8217;impegno degli utenti e li invita a proseguire i loro sforzi, soprattutto dal momento che &#8220;le piogge sporadiche non hanno permesso di riempire le falde acquifere, per cui le risorse idriche sono ancora sotto pressione&#8221;.<\/p>\n","protected":false},"excerpt":{"rendered":"<p>Dalla sua entrata in vigore il 12 maggio, il consumo di acqua \u00e8 diminuito del 6% rispetto al 2022. A [&hellip;]<\/p>\n","protected":false},"author":69,"featured_media":87982,"comment_status":"closed","ping_status":"closed","sticky":false,"template":"","format":"standard","meta":{"_acf_changed":false,"footnotes":""},"categories":[1738,1752],"tags":[4219],"post_sectags":[],"post_format":[2478],"class_list":["post-186587","post","type-post","status-publish","format-standard","has-post-thumbnail","hentry","category-notizie","category-societa","tag-iniziative","format-notizia"],"acf":[],"yoast_head":"<!-- This site is optimized with the Yoast SEO Premium plugin v26.8 (Yoast SEO v27.5) - https:\/\/yoast.com\/product\/yoast-seo-premium-wordpress\/ -->\n<title>Il piano per la siccit\u00e0 di Monaco sta dando i suoi frutti<\/title>\n<meta name=\"description\" content=\"Dalla sua entrata in vigore il 12 maggio, il consumo di acqua \u00e8 diminuito del 6% rispetto al 2022. A seguito di un forte calo delle precipitazioni, il\" \/>\n<meta name=\"robots\" content=\"index, follow, max-snippet:-1, max-image-preview:large, max-video-preview:-1\" \/>\n<link rel=\"canonical\" href=\"https:\/\/www.monaco-tribune.com\/it\/2023\/07\/il-piano-per-la-siccita-di-monaco-sta-dando-i-suoi-frutti\/\" \/>\n<meta property=\"og:locale\" content=\"it_IT\" \/>\n<meta property=\"og:type\" content=\"article\" \/>\n<meta property=\"og:title\" content=\"Il piano per la siccit\u00e0 di Monaco sta dando i suoi frutti - Monaco Tribune\" \/>\n<meta property=\"og:description\" content=\"Dalla sua entrata in vigore il 12 maggio, il consumo di acqua \u00e8 diminuito del 6% rispetto al 2022. A seguito di un forte calo delle precipitazioni, il\" \/>\n<meta property=\"og:url\" content=\"https:\/\/www.monaco-tribune.com\/it\/2023\/07\/il-piano-per-la-siccita-di-monaco-sta-dando-i-suoi-frutti\/\" \/>\n<meta property=\"og:site_name\" content=\"Monaco Tribune\" \/>\n<meta property=\"article:publisher\" content=\"https:\/\/www.facebook.com\/MonacoTribune\" \/>\n<meta property=\"article:published_time\" content=\"2023-07-25T16:40:58+00:00\" \/>\n<meta property=\"article:modified_time\" content=\"2023-07-25T16:41:08+00:00\" \/>\n<meta property=\"og:image\" content=\"https:\/\/www.monaco-tribune.com\/wp-content\/uploads\/2021\/07\/larvotto-plais-princier.jpg\" \/>\n\t<meta property=\"og:image:width\" content=\"1750\" \/>\n\t<meta property=\"og:image:height\" content=\"1313\" \/>\n\t<meta property=\"og:image:type\" content=\"image\/jpeg\" \/>\n<meta name=\"author\" content=\"Sarah Incari\" \/>\n<meta name=\"twitter:card\" content=\"summary_large_image\" \/>\n<meta name=\"twitter:creator\" content=\"@MonacoTribune\" \/>\n<meta name=\"twitter:site\" content=\"@MonacoTribune\" \/>\n<script type=\"application\/ld+json\" class=\"yoast-schema-graph\">{\"@context\":\"https:\\\/\\\/schema.org\",\"@graph\":[{\"@type\":\"NewsArticle\",\"@id\":\"https:\\\/\\\/www.monaco-tribune.com\\\/it\\\/2023\\\/07\\\/il-piano-per-la-siccita-di-monaco-sta-dando-i-suoi-frutti\\\/#article\",\"isPartOf\":{\"@id\":\"https:\\\/\\\/www.monaco-tribune.com\\\/it\\\/2023\\\/07\\\/il-piano-per-la-siccita-di-monaco-sta-dando-i-suoi-frutti\\\/\"},\"author\":{\"name\":\"Sarah Incari\",\"@id\":\"https:\\\/\\\/www.monaco-tribune.com\\\/it\\\/#\\\/schema\\\/person\\\/dd3b5770833f791d3f4d808f1aa84499\"},\"headline\":\"Il piano per la siccit\u00e0 di Monaco sta dando i suoi frutti\",\"datePublished\":\"2023-07-25T16:40:58+00:00\",\"dateModified\":\"2023-07-25T16:41:08+00:00\",\"mainEntityOfPage\":{\"@id\":\"https:\\\/\\\/www.monaco-tribune.com\\\/it\\\/2023\\\/07\\\/il-piano-per-la-siccita-di-monaco-sta-dando-i-suoi-frutti\\\/\"},\"wordCount\":226,\"publisher\":{\"@id\":\"https:\\\/\\\/www.monaco-tribune.com\\\/it\\\/#organization\"},\"image\":{\"@id\":\"https:\\\/\\\/www.monaco-tribune.com\\\/it\\\/2023\\\/07\\\/il-piano-per-la-siccita-di-monaco-sta-dando-i-suoi-frutti\\\/#primaryimage\"},\"thumbnailUrl\":\"https:\\\/\\\/www.monaco-tribune.com\\\/wp-content\\\/uploads\\\/2021\\\/07\\\/larvotto-plais-princier.jpg\",\"keywords\":[\"Iniziative\"],\"articleSection\":[\"Notizie\",\"Societ\u00e0\"],\"inLanguage\":\"it-IT\",\"copyrightYear\":\"2023\",\"copyrightHolder\":{\"@id\":\"https:\\\/\\\/www.monaco-tribune.com\\\/#organization\"}},{\"@type\":\"WebPage\",\"@id\":\"https:\\\/\\\/www.monaco-tribune.com\\\/it\\\/2023\\\/07\\\/il-piano-per-la-siccita-di-monaco-sta-dando-i-suoi-frutti\\\/\",\"url\":\"https:\\\/\\\/www.monaco-tribune.com\\\/it\\\/2023\\\/07\\\/il-piano-per-la-siccita-di-monaco-sta-dando-i-suoi-frutti\\\/\",\"name\":\"Il piano per la siccit\u00e0 di Monaco sta dando i suoi frutti\",\"isPartOf\":{\"@id\":\"https:\\\/\\\/www.monaco-tribune.com\\\/it\\\/#website\"},\"primaryImageOfPage\":{\"@id\":\"https:\\\/\\\/www.monaco-tribune.com\\\/it\\\/2023\\\/07\\\/il-piano-per-la-siccita-di-monaco-sta-dando-i-suoi-frutti\\\/#primaryimage\"},\"image\":{\"@id\":\"https:\\\/\\\/www.monaco-tribune.com\\\/it\\\/2023\\\/07\\\/il-piano-per-la-siccita-di-monaco-sta-dando-i-suoi-frutti\\\/#primaryimage\"},\"thumbnailUrl\":\"https:\\\/\\\/www.monaco-tribune.com\\\/wp-content\\\/uploads\\\/2021\\\/07\\\/larvotto-plais-princier.jpg\",\"datePublished\":\"2023-07-25T16:40:58+00:00\",\"dateModified\":\"2023-07-25T16:41:08+00:00\",\"description\":\"Dalla sua entrata in vigore il 12 maggio, il consumo di acqua \u00e8 diminuito del 6% rispetto al 2022. A seguito di un forte calo delle precipitazioni, il\",\"breadcrumb\":{\"@id\":\"https:\\\/\\\/www.monaco-tribune.com\\\/it\\\/2023\\\/07\\\/il-piano-per-la-siccita-di-monaco-sta-dando-i-suoi-frutti\\\/#breadcrumb\"},\"inLanguage\":\"it-IT\",\"potentialAction\":[{\"@type\":\"ReadAction\",\"target\":[\"https:\\\/\\\/www.monaco-tribune.com\\\/it\\\/2023\\\/07\\\/il-piano-per-la-siccita-di-monaco-sta-dando-i-suoi-frutti\\\/\"]}]},{\"@type\":\"ImageObject\",\"inLanguage\":\"it-IT\",\"@id\":\"https:\\\/\\\/www.monaco-tribune.com\\\/it\\\/2023\\\/07\\\/il-piano-per-la-siccita-di-monaco-sta-dando-i-suoi-frutti\\\/#primaryimage\",\"url\":\"https:\\\/\\\/www.monaco-tribune.com\\\/wp-content\\\/uploads\\\/2021\\\/07\\\/larvotto-plais-princier.jpg\",\"contentUrl\":\"https:\\\/\\\/www.monaco-tribune.com\\\/wp-content\\\/uploads\\\/2021\\\/07\\\/larvotto-plais-princier.jpg\",\"width\":1750,\"height\":1313,\"caption\":\"Il livello \\\"Allerta\\\" vieta di innaffiare i prati tra le 8:00 e le 20:00 - \u00a9 Palazzo del Principe\"},{\"@type\":\"BreadcrumbList\",\"@id\":\"https:\\\/\\\/www.monaco-tribune.com\\\/it\\\/2023\\\/07\\\/il-piano-per-la-siccita-di-monaco-sta-dando-i-suoi-frutti\\\/#breadcrumb\",\"itemListElement\":[{\"@type\":\"ListItem\",\"position\":1,\"name\":\"Accueil\",\"item\":\"https:\\\/\\\/www.monaco-tribune.com\\\/it\\\/\"},{\"@type\":\"ListItem\",\"position\":2,\"name\":\"Il piano per la siccit\u00e0 di Monaco sta dando i suoi frutti\"}]},{\"@type\":\"WebSite\",\"@id\":\"https:\\\/\\\/www.monaco-tribune.com\\\/it\\\/#website\",\"url\":\"https:\\\/\\\/www.monaco-tribune.com\\\/it\\\/\",\"name\":\"Monaco Tribune\",\"description\":\"Monaco : actualit\u00e9s \u00e9conomiques, politiques, culturelles et sportives de Monaco et de la French Riviera.\",\"publisher\":{\"@id\":\"https:\\\/\\\/www.monaco-tribune.com\\\/it\\\/#organization\"},\"potentialAction\":[{\"@type\":\"SearchAction\",\"target\":{\"@type\":\"EntryPoint\",\"urlTemplate\":\"https:\\\/\\\/www.monaco-tribune.com\\\/it\\\/?s={search_term_string}\"},\"query-input\":{\"@type\":\"PropertyValueSpecification\",\"valueRequired\":true,\"valueName\":\"search_term_string\"}}],\"inLanguage\":\"it-IT\"},{\"@type\":\"Organization\",\"@id\":\"https:\\\/\\\/www.monaco-tribune.com\\\/it\\\/#organization\",\"name\":\"Monaco Tribune\",\"url\":\"https:\\\/\\\/www.monaco-tribune.com\\\/it\\\/\",\"logo\":{\"@type\":\"ImageObject\",\"inLanguage\":\"it-IT\",\"@id\":\"https:\\\/\\\/www.monaco-tribune.com\\\/it\\\/#\\\/schema\\\/logo\\\/image\\\/\",\"url\":\"https:\\\/\\\/www.monaco-tribune.com\\\/wp-content\\\/uploads\\\/2022\\\/11\\\/logo-monaco-tribune.png\",\"contentUrl\":\"https:\\\/\\\/www.monaco-tribune.com\\\/wp-content\\\/uploads\\\/2022\\\/11\\\/logo-monaco-tribune.png\",\"width\":1548,\"height\":600,\"caption\":\"Monaco Tribune\"},\"image\":{\"@id\":\"https:\\\/\\\/www.monaco-tribune.com\\\/it\\\/#\\\/schema\\\/logo\\\/image\\\/\"},\"sameAs\":[\"https:\\\/\\\/www.facebook.com\\\/MonacoTribune\",\"https:\\\/\\\/x.com\\\/MonacoTribune\",\"https:\\\/\\\/www.instagram.com\\\/monacotribune\\\/\",\"https:\\\/\\\/www.linkedin.com\\\/company\\\/monaco-tribune\",\"https:\\\/\\\/www.youtube.com\\\/channel\\\/UCHle1MnG6hw1y4lWKijVbMA\"]},{\"@type\":\"Person\",\"@id\":\"https:\\\/\\\/www.monaco-tribune.com\\\/it\\\/#\\\/schema\\\/person\\\/dd3b5770833f791d3f4d808f1aa84499\",\"name\":\"Sarah Incari\",\"image\":{\"@type\":\"ImageObject\",\"inLanguage\":\"it-IT\",\"@id\":\"https:\\\/\\\/secure.gravatar.com\\\/avatar\\\/4ac0b37be892d57107ccdd804e3f2a03bf1e3fca097512136d3603859293cb0e?s=96&d=mm&r=g\",\"url\":\"https:\\\/\\\/secure.gravatar.com\\\/avatar\\\/4ac0b37be892d57107ccdd804e3f2a03bf1e3fca097512136d3603859293cb0e?s=96&d=mm&r=g\",\"contentUrl\":\"https:\\\/\\\/secure.gravatar.com\\\/avatar\\\/4ac0b37be892d57107ccdd804e3f2a03bf1e3fca097512136d3603859293cb0e?s=96&d=mm&r=g\",\"caption\":\"Sarah Incari\"},\"url\":\"https:\\\/\\\/www.monaco-tribune.com\\\/it\\\/author\\\/sarahincari\\\/\"}]}<\/script>\n<!-- \/ Yoast SEO Premium plugin. -->","yoast_head_json":{"title":"Il piano per la siccit\u00e0 di Monaco sta dando i suoi frutti","description":"Dalla sua entrata in vigore il 12 maggio, il consumo di acqua \u00e8 diminuito del 6% rispetto al 2022. A seguito di un forte calo delle precipitazioni, il","robots":{"index":"index","follow":"follow","max-snippet":"max-snippet:-1","max-image-preview":"max-image-preview:large","max-video-preview":"max-video-preview:-1"},"canonical":"https:\/\/www.monaco-tribune.com\/it\/2023\/07\/il-piano-per-la-siccita-di-monaco-sta-dando-i-suoi-frutti\/","og_locale":"it_IT","og_type":"article","og_title":"Il piano per la siccit\u00e0 di Monaco sta dando i suoi frutti - Monaco Tribune","og_description":"Dalla sua entrata in vigore il 12 maggio, il consumo di acqua \u00e8 diminuito del 6% rispetto al 2022. A seguito di un forte calo delle precipitazioni, il","og_url":"https:\/\/www.monaco-tribune.com\/it\/2023\/07\/il-piano-per-la-siccita-di-monaco-sta-dando-i-suoi-frutti\/","og_site_name":"Monaco Tribune","article_publisher":"https:\/\/www.facebook.com\/MonacoTribune","article_published_time":"2023-07-25T16:40:58+00:00","article_modified_time":"2023-07-25T16:41:08+00:00","og_image":[{"width":1750,"height":1313,"url":"https:\/\/www.monaco-tribune.com\/wp-content\/uploads\/2021\/07\/larvotto-plais-princier.jpg","type":"image\/jpeg"}],"author":"Sarah Incari","twitter_card":"summary_large_image","twitter_creator":"@MonacoTribune","twitter_site":"@MonacoTribune","schema":{"@context":"https:\/\/schema.org","@graph":[{"@type":"NewsArticle","@id":"https:\/\/www.monaco-tribune.com\/it\/2023\/07\/il-piano-per-la-siccita-di-monaco-sta-dando-i-suoi-frutti\/#article","isPartOf":{"@id":"https:\/\/www.monaco-tribune.com\/it\/2023\/07\/il-piano-per-la-siccita-di-monaco-sta-dando-i-suoi-frutti\/"},"author":{"name":"Sarah Incari","@id":"https:\/\/www.monaco-tribune.com\/it\/#\/schema\/person\/dd3b5770833f791d3f4d808f1aa84499"},"headline":"Il piano per la siccit\u00e0 di Monaco sta dando i suoi frutti","datePublished":"2023-07-25T16:40:58+00:00","dateModified":"2023-07-25T16:41:08+00:00","mainEntityOfPage":{"@id":"https:\/\/www.monaco-tribune.com\/it\/2023\/07\/il-piano-per-la-siccita-di-monaco-sta-dando-i-suoi-frutti\/"},"wordCount":226,"publisher":{"@id":"https:\/\/www.monaco-tribune.com\/it\/#organization"},"image":{"@id":"https:\/\/www.monaco-tribune.com\/it\/2023\/07\/il-piano-per-la-siccita-di-monaco-sta-dando-i-suoi-frutti\/#primaryimage"},"thumbnailUrl":"https:\/\/www.monaco-tribune.com\/wp-content\/uploads\/2021\/07\/larvotto-plais-princier.jpg","keywords":["Iniziative"],"articleSection":["Notizie","Societ\u00e0"],"inLanguage":"it-IT","copyrightYear":"2023","copyrightHolder":{"@id":"https:\/\/www.monaco-tribune.com\/#organization"}},{"@type":"WebPage","@id":"https:\/\/www.monaco-tribune.com\/it\/2023\/07\/il-piano-per-la-siccita-di-monaco-sta-dando-i-suoi-frutti\/","url":"https:\/\/www.monaco-tribune.com\/it\/2023\/07\/il-piano-per-la-siccita-di-monaco-sta-dando-i-suoi-frutti\/","name":"Il piano per la siccit\u00e0 di Monaco sta dando i suoi frutti","isPartOf":{"@id":"https:\/\/www.monaco-tribune.com\/it\/#website"},"primaryImageOfPage":{"@id":"https:\/\/www.monaco-tribune.com\/it\/2023\/07\/il-piano-per-la-siccita-di-monaco-sta-dando-i-suoi-frutti\/#primaryimage"},"image":{"@id":"https:\/\/www.monaco-tribune.com\/it\/2023\/07\/il-piano-per-la-siccita-di-monaco-sta-dando-i-suoi-frutti\/#primaryimage"},"thumbnailUrl":"https:\/\/www.monaco-tribune.com\/wp-content\/uploads\/2021\/07\/larvotto-plais-princier.jpg","datePublished":"2023-07-25T16:40:58+00:00","dateModified":"2023-07-25T16:41:08+00:00","description":"Dalla sua entrata in vigore il 12 maggio, il consumo di acqua \u00e8 diminuito del 6% rispetto al 2022. A seguito di un forte calo delle precipitazioni, il","breadcrumb":{"@id":"https:\/\/www.monaco-tribune.com\/it\/2023\/07\/il-piano-per-la-siccita-di-monaco-sta-dando-i-suoi-frutti\/#breadcrumb"},"inLanguage":"it-IT","potentialAction":[{"@type":"ReadAction","target":["https:\/\/www.monaco-tribune.com\/it\/2023\/07\/il-piano-per-la-siccita-di-monaco-sta-dando-i-suoi-frutti\/"]}]},{"@type":"ImageObject","inLanguage":"it-IT","@id":"https:\/\/www.monaco-tribune.com\/it\/2023\/07\/il-piano-per-la-siccita-di-monaco-sta-dando-i-suoi-frutti\/#primaryimage","url":"https:\/\/www.monaco-tribune.com\/wp-content\/uploads\/2021\/07\/larvotto-plais-princier.jpg","contentUrl":"https:\/\/www.monaco-tribune.com\/wp-content\/uploads\/2021\/07\/larvotto-plais-princier.jpg","width":1750,"height":1313,"caption":"Il livello \"Allerta\" vieta di innaffiare i prati tra le 8:00 e le 20:00 - \u00a9 Palazzo del Principe"},{"@type":"BreadcrumbList","@id":"https:\/\/www.monaco-tribune.com\/it\/2023\/07\/il-piano-per-la-siccita-di-monaco-sta-dando-i-suoi-frutti\/#breadcrumb","itemListElement":[{"@type":"ListItem","position":1,"name":"Accueil","item":"https:\/\/www.monaco-tribune.com\/it\/"},{"@type":"ListItem","position":2,"name":"Il piano per la siccit\u00e0 di Monaco sta dando i suoi frutti"}]},{"@type":"WebSite","@id":"https:\/\/www.monaco-tribune.com\/it\/#website","url":"https:\/\/www.monaco-tribune.com\/it\/","name":"Monaco Tribune","description":"Monaco : actualit\u00e9s \u00e9conomiques, politiques, culturelles et sportives de Monaco et de la French Riviera.","publisher":{"@id":"https:\/\/www.monaco-tribune.com\/it\/#organization"},"potentialAction":[{"@type":"SearchAction","target":{"@type":"EntryPoint","urlTemplate":"https:\/\/www.monaco-tribune.com\/it\/?s={search_term_string}"},"query-input":{"@type":"PropertyValueSpecification","valueRequired":true,"valueName":"search_term_string"}}],"inLanguage":"it-IT"},{"@type":"Organization","@id":"https:\/\/www.monaco-tribune.com\/it\/#organization","name":"Monaco Tribune","url":"https:\/\/www.monaco-tribune.com\/it\/","logo":{"@type":"ImageObject","inLanguage":"it-IT","@id":"https:\/\/www.monaco-tribune.com\/it\/#\/schema\/logo\/image\/","url":"https:\/\/www.monaco-tribune.com\/wp-content\/uploads\/2022\/11\/logo-monaco-tribune.png","contentUrl":"https:\/\/www.monaco-tribune.com\/wp-content\/uploads\/2022\/11\/logo-monaco-tribune.png","width":1548,"height":600,"caption":"Monaco Tribune"},"image":{"@id":"https:\/\/www.monaco-tribune.com\/it\/#\/schema\/logo\/image\/"},"sameAs":["https:\/\/www.facebook.com\/MonacoTribune","https:\/\/x.com\/MonacoTribune","https:\/\/www.instagram.com\/monacotribune\/","https:\/\/www.linkedin.com\/company\/monaco-tribune","https:\/\/www.youtube.com\/channel\/UCHle1MnG6hw1y4lWKijVbMA"]},{"@type":"Person","@id":"https:\/\/www.monaco-tribune.com\/it\/#\/schema\/person\/dd3b5770833f791d3f4d808f1aa84499","name":"Sarah Incari","image":{"@type":"ImageObject","inLanguage":"it-IT","@id":"https:\/\/secure.gravatar.com\/avatar\/4ac0b37be892d57107ccdd804e3f2a03bf1e3fca097512136d3603859293cb0e?s=96&d=mm&r=g","url":"https:\/\/secure.gravatar.com\/avatar\/4ac0b37be892d57107ccdd804e3f2a03bf1e3fca097512136d3603859293cb0e?s=96&d=mm&r=g","contentUrl":"https:\/\/secure.gravatar.com\/avatar\/4ac0b37be892d57107ccdd804e3f2a03bf1e3fca097512136d3603859293cb0e?s=96&d=mm&r=g","caption":"Sarah Incari"},"url":"https:\/\/www.monaco-tribune.com\/it\/author\/sarahincari\/"}]}},"_links":{"self":[{"href":"https:\/\/www.monaco-tribune.com\/it\/wp-json\/wp\/v2\/posts\/186587","targetHints":{"allow":["GET"]}}],"collection":[{"href":"https:\/\/www.monaco-tribune.com\/it\/wp-json\/wp\/v2\/posts"}],"about":[{"href":"https:\/\/www.monaco-tribune.com\/it\/wp-json\/wp\/v2\/types\/post"}],"author":[{"embeddable":true,"href":"https:\/\/www.monaco-tribune.com\/it\/wp-json\/wp\/v2\/users\/69"}],"replies":[{"embeddable":true,"href":"https:\/\/www.monaco-tribune.com\/it\/wp-json\/wp\/v2\/comments?post=186587"}],"version-history":[{"count":2,"href":"https:\/\/www.monaco-tribune.com\/it\/wp-json\/wp\/v2\/posts\/186587\/revisions"}],"predecessor-version":[{"id":186590,"href":"https:\/\/www.monaco-tribune.com\/it\/wp-json\/wp\/v2\/posts\/186587\/revisions\/186590"}],"wp:featuredmedia":[{"embeddable":true,"href":"https:\/\/www.monaco-tribune.com\/it\/wp-json\/wp\/v2\/media\/87982"}],"wp:attachment":[{"href":"https:\/\/www.monaco-tribune.com\/it\/wp-json\/wp\/v2\/media?parent=186587"}],"wp:term":[{"taxonomy":"category","embeddable":true,"href":"https:\/\/www.monaco-tribune.com\/it\/wp-json\/wp\/v2\/categories?post=186587"},{"taxonomy":"post_tag","embeddable":true,"href":"https:\/\/www.monaco-tribune.com\/it\/wp-json\/wp\/v2\/tags?post=186587"},{"taxonomy":"sectag","embeddable":true,"href":"https:\/\/www.monaco-tribune.com\/it\/wp-json\/wp\/v2\/post_sectags?post=186587"},{"taxonomy":"format","embeddable":true,"href":"https:\/\/www.monaco-tribune.com\/it\/wp-json\/wp\/v2\/post_format?post=186587"}],"curies":[{"name":"wp","href":"https:\/\/api.w.org\/{rel}","templated":true}]}}