{"id":18685,"date":"2020-01-18T19:21:16","date_gmt":"2020-01-18T18:21:16","guid":{"rendered":"https:\/\/www.monaco-tribune.com\/?p=18685"},"modified":"2020-01-18T19:21:16","modified_gmt":"2020-01-18T18:21:16","slug":"dalle-auto-agli-yacht-monaco-sceglie-la-mobilita-pulita","status":"publish","type":"post","link":"https:\/\/www.monaco-tribune.com\/it\/2020\/01\/dalle-auto-agli-yacht-monaco-sceglie-la-mobilita-pulita\/","title":{"rendered":"Dalle auto agli yacht, Monaco sceglie la mobilit\u00e0 pulita"},"content":{"rendered":"<h3 class=\"p1\"><span class=\"s1\">All&#8217;inizio di questo mese, Monaco ha deciso di seguire le orme della capitale estone Tallinn, del Lussemburgo e della citt\u00e0 francese di Dunkerque per lanciare corse gratuite in autobus ed incoraggiare cos\u00ec la popolazione ad utilizzare i trasporti pubblici. La prova iniziale sar\u00e0 limitata a una sola linea di autobus, che sar\u00e0 gratuita per sei mesi a partire dalla prossima primavera. Comunque molti rappresentanti eletti locali hanno chiesto la gratuit\u00e0 totale del sistema per avere un effetto mobilitante. Tuttavia, Monaco e i suoi cittadini hanno mostrato la determinazione di utilizzare i trasporti ecologici per proteggere l&#8217;ambiente. Che si tratti di terra, di aria o di acqua, i monegaschi non hanno mai esitato a optare per i trasporti ecologici.<\/span><\/h3>\n<p>&nbsp;<\/p>\n<h2 class=\"p1\"><span class=\"s1\">Pioniere dell\u2019elettromobilit\u00e0<\/span><\/h2>\n<p class=\"p1\"><span class=\"s1\">Dal 2005, i maggiori attori dedicati alle energie rinnovabili e alla mobilit\u00e0 sostenibile si riuniscono al Grimaldi Forum per Ever Monaco, il forum professionale per il futuro dei trasporti e della transizione energetica. Il fervore intorno all&#8217;evento di quest&#8217;anno \u00e8 stato pi\u00f9 importante che mai. Una ventina di veicoli ecologici di diversi produttori hanno potuto essere testati durante l&#8217;intera manifestazione. Tuttavia, tutti gli occhi erano sulla terza edizione del Monaco e-Prix sull&#8217;ippodromo di F1 del Principato, con la partecipazione dei migliori piloti di auto elettriche al 100%.<\/span><\/p>\n<p>&nbsp;<\/p>\n<h2 class=\"p1\"><span class=\"s1\">Eliporto neutro al carbonio<\/span><\/h2>\n<p class=\"p1\"><span class=\"s1\">Monaco vanta anche il primo eliporto a emissioni zero al mondo. Nel 2018, l&#8217;eliporto di Monaco \u00e8 diventato il primo al mondo a raggiungere lo status di &#8220;carbon neutral&#8221;. \u00c8 l&#8217;unico mezzo per far atterrare un aereo all&#8217;interno di Monaco e l\u2019unica destinazione \u00e8 l&#8217;aeroporto della Costa Azzurra a Nizza. Fontvieille \u00e8 sede di numerose nuove iniziative edilizie e recentemente \u00e8 diventata un terreno di prova per un nuovo tipo di energia rinnovabile &#8211; le lastre solari &#8211; che vengono posate direttamente sull&#8217;asfalto e che si dice siano in grado di generare una quantit\u00e0 di energia simile al fotovoltaico tradizionale.<\/span><\/p>\n<p>&nbsp;<\/p>\n<h2 class=\"p1\"><span class=\"s1\">Yachting pulito<\/span><\/h2>\n<p class=\"p1\"><span class=\"s1\">Una regata nautica e allo stesso tempo un&#8217;iniziativa a favore della salvaguardia dell\u2019ambiente, l&#8217;evento sportivo Solar &amp; Energy Boat Challenge, organizzato dallo Yacht Club di Monaco, dimostra che \u00e8 possibile abbinare le due cose. La regata di quest&#8217;anno ha visto alcune barche foderate con pannelli solari. Una delle tre categorie dell&#8217;evento &#8211; Energy Class &#8211; \u00e8 stata organizzata per la prima volta l\u2019anno scorso. I team concorrenti avevano costruito un sistema di propulsione che utilizzava energia rinnovabile dallo scafo del catamarano. Il motto: ridurre il pi\u00f9 possibile le emissioni di carbonio. Inoltre, il Monaco Yacht Show di quest&#8217;anno ha accolto Acqua &#8211; il primo superyacht che funziona a idrogeno. Questo superyacht di 112 metri ha conciliato il progresso con il miglioramento dell&#8217;ambiente, il lusso e l&#8217;energia pulita.<\/span><\/p>\n<p>&nbsp;<\/p>\n<h2 class=\"p1\"><span class=\"s1\">Strategia del porto verde<\/span><\/h2>\n<p class=\"p1\"><span class=\"s1\">L&#8217;anno scorso, Monaco ha fatto la storia grazie al Porto di Monaco che \u00e8 diventato il primo porto della Costa Azzurra ad ottenere una doppia certificazione ISO per il rispetto della &#8220;qualit\u00e0&#8221; e dell'&#8221;ambiente&#8221;. La strategia del porto verde si \u00e8 cos\u00ec dimostrata ambiziosa e fruttuosa. La visione della sostenibilit\u00e0 della SEPM &#8211; Soci\u00e9t\u00e9 d&#8217;Exploitation des Ports de Monaco &#8211; in combinazione con il dinamico contesto economico della regione, ha fatto del Porto di Monaco un faro su una collina per altri nodi di trasporto simili.<\/span><\/p>\n","protected":false},"excerpt":{"rendered":"<p>All&#8217;inizio di questo mese, Monaco ha deciso di seguire le orme della capitale estone Tallinn, del Lussemburgo e della citt\u00e0 [&hellip;]<\/p>\n","protected":false},"author":21,"featured_media":0,"comment_status":"closed","ping_status":"open","sticky":false,"template":"","format":"standard","meta":{"_acf_changed":false,"footnotes":""},"categories":[1740],"tags":[],"post_sectags":[],"post_format":[],"class_list":["post-18685","post","type-post","status-publish","format-standard","hentry","category-cosa-fare"],"acf":[],"yoast_head":"<!-- This site is optimized with the Yoast SEO Premium plugin v26.8 (Yoast SEO v27.4) - https:\/\/yoast.com\/product\/yoast-seo-premium-wordpress\/ -->\n<title>Dalle auto agli yacht, Monaco sceglie la mobilit\u00e0 pulita<\/title>\n<meta name=\"description\" content=\"L&#039;ecoogia a Monaco: che si tratti di terra, di aria o di acqua, i monegaschi non hanno mai esitato a optare per i trasporti ecologici.\" \/>\n<meta name=\"robots\" content=\"index, follow, max-snippet:-1, max-image-preview:large, max-video-preview:-1\" \/>\n<link rel=\"canonical\" href=\"https:\/\/www.monaco-tribune.com\/it\/2020\/01\/dalle-auto-agli-yacht-monaco-sceglie-la-mobilita-pulita\/\" \/>\n<meta property=\"og:locale\" content=\"it_IT\" \/>\n<meta property=\"og:type\" content=\"article\" \/>\n<meta property=\"og:title\" content=\"Dalle auto agli yacht, Monaco sceglie la mobilit\u00e0 pulita - Monaco Tribune\" \/>\n<meta property=\"og:description\" content=\"All&#039;inizio di questo mese, Monaco ha deciso di seguire le orme della capitale estone Tallinn, del Lussemburgo e della citt\u00e0 francese di Dunkerque per\" \/>\n<meta property=\"og:url\" content=\"https:\/\/www.monaco-tribune.com\/it\/2020\/01\/dalle-auto-agli-yacht-monaco-sceglie-la-mobilita-pulita\/\" \/>\n<meta property=\"og:site_name\" content=\"Monaco Tribune\" \/>\n<meta property=\"article:publisher\" content=\"https:\/\/www.facebook.com\/MonacoTribune\" \/>\n<meta property=\"article:published_time\" content=\"2020-01-18T18:21:16+00:00\" \/>\n<meta property=\"og:image\" content=\"https:\/\/www.monaco-tribune.com\/wp-content\/uploads\/2020\/01\/The-next-generation-of-Clean-Yachting-on-display-in-Monaco-in-July-Monaco-Tribune-38b8v04lqos6iil38etibk.jpg\" \/>\n\t<meta property=\"og:image:width\" content=\"807\" \/>\n\t<meta property=\"og:image:height\" content=\"491\" \/>\n\t<meta property=\"og:image:type\" content=\"image\/jpeg\" \/>\n<meta name=\"author\" content=\"Monaco Tribune\" \/>\n<meta name=\"twitter:card\" content=\"summary_large_image\" \/>\n<meta name=\"twitter:creator\" content=\"@MonacoTribune\" \/>\n<meta name=\"twitter:site\" content=\"@MonacoTribune\" \/>\n<script type=\"application\/ld+json\" class=\"yoast-schema-graph\">{\"@context\":\"https:\\\/\\\/schema.org\",\"@graph\":[{\"@type\":\"NewsArticle\",\"@id\":\"https:\\\/\\\/www.monaco-tribune.com\\\/it\\\/2020\\\/01\\\/dalle-auto-agli-yacht-monaco-sceglie-la-mobilita-pulita\\\/#article\",\"isPartOf\":{\"@id\":\"https:\\\/\\\/www.monaco-tribune.com\\\/it\\\/2020\\\/01\\\/dalle-auto-agli-yacht-monaco-sceglie-la-mobilita-pulita\\\/\"},\"author\":{\"name\":\"Monaco Tribune\",\"@id\":\"https:\\\/\\\/www.monaco-tribune.com\\\/it\\\/#\\\/schema\\\/person\\\/8f6ed8c063276e2397589eda5b7a2f2d\"},\"headline\":\"Dalle auto agli yacht, Monaco sceglie la mobilit\u00e0 pulita\",\"datePublished\":\"2020-01-18T18:21:16+00:00\",\"mainEntityOfPage\":{\"@id\":\"https:\\\/\\\/www.monaco-tribune.com\\\/it\\\/2020\\\/01\\\/dalle-auto-agli-yacht-monaco-sceglie-la-mobilita-pulita\\\/\"},\"wordCount\":555,\"publisher\":{\"@id\":\"https:\\\/\\\/www.monaco-tribune.com\\\/it\\\/#organization\"},\"articleSection\":[\"Cosa fare\"],\"inLanguage\":\"it-IT\",\"copyrightYear\":\"2020\",\"copyrightHolder\":{\"@id\":\"https:\\\/\\\/www.monaco-tribune.com\\\/#organization\"}},{\"@type\":\"WebPage\",\"@id\":\"https:\\\/\\\/www.monaco-tribune.com\\\/it\\\/2020\\\/01\\\/dalle-auto-agli-yacht-monaco-sceglie-la-mobilita-pulita\\\/\",\"url\":\"https:\\\/\\\/www.monaco-tribune.com\\\/it\\\/2020\\\/01\\\/dalle-auto-agli-yacht-monaco-sceglie-la-mobilita-pulita\\\/\",\"name\":\"Dalle auto agli yacht, Monaco sceglie la mobilit\u00e0 pulita\",\"isPartOf\":{\"@id\":\"https:\\\/\\\/www.monaco-tribune.com\\\/it\\\/#website\"},\"datePublished\":\"2020-01-18T18:21:16+00:00\",\"description\":\"L'ecoogia a Monaco: che si tratti di terra, di aria o di acqua, i monegaschi non hanno mai esitato a optare per i trasporti ecologici.\",\"breadcrumb\":{\"@id\":\"https:\\\/\\\/www.monaco-tribune.com\\\/it\\\/2020\\\/01\\\/dalle-auto-agli-yacht-monaco-sceglie-la-mobilita-pulita\\\/#breadcrumb\"},\"inLanguage\":\"it-IT\",\"potentialAction\":[{\"@type\":\"ReadAction\",\"target\":[\"https:\\\/\\\/www.monaco-tribune.com\\\/it\\\/2020\\\/01\\\/dalle-auto-agli-yacht-monaco-sceglie-la-mobilita-pulita\\\/\"]}]},{\"@type\":\"BreadcrumbList\",\"@id\":\"https:\\\/\\\/www.monaco-tribune.com\\\/it\\\/2020\\\/01\\\/dalle-auto-agli-yacht-monaco-sceglie-la-mobilita-pulita\\\/#breadcrumb\",\"itemListElement\":[{\"@type\":\"ListItem\",\"position\":1,\"name\":\"Accueil\",\"item\":\"https:\\\/\\\/www.monaco-tribune.com\\\/it\\\/\"},{\"@type\":\"ListItem\",\"position\":2,\"name\":\"Dalle auto agli yacht, Monaco sceglie la mobilit\u00e0 pulita\"}]},{\"@type\":\"WebSite\",\"@id\":\"https:\\\/\\\/www.monaco-tribune.com\\\/it\\\/#website\",\"url\":\"https:\\\/\\\/www.monaco-tribune.com\\\/it\\\/\",\"name\":\"Monaco Tribune\",\"description\":\"Monaco : actualit\u00e9s \u00e9conomiques, politiques, culturelles et sportives de Monaco et de la French Riviera.\",\"publisher\":{\"@id\":\"https:\\\/\\\/www.monaco-tribune.com\\\/it\\\/#organization\"},\"potentialAction\":[{\"@type\":\"SearchAction\",\"target\":{\"@type\":\"EntryPoint\",\"urlTemplate\":\"https:\\\/\\\/www.monaco-tribune.com\\\/it\\\/?s={search_term_string}\"},\"query-input\":{\"@type\":\"PropertyValueSpecification\",\"valueRequired\":true,\"valueName\":\"search_term_string\"}}],\"inLanguage\":\"it-IT\"},{\"@type\":\"Organization\",\"@id\":\"https:\\\/\\\/www.monaco-tribune.com\\\/it\\\/#organization\",\"name\":\"Monaco Tribune\",\"url\":\"https:\\\/\\\/www.monaco-tribune.com\\\/it\\\/\",\"logo\":{\"@type\":\"ImageObject\",\"inLanguage\":\"it-IT\",\"@id\":\"https:\\\/\\\/www.monaco-tribune.com\\\/it\\\/#\\\/schema\\\/logo\\\/image\\\/\",\"url\":\"https:\\\/\\\/www.monaco-tribune.com\\\/wp-content\\\/uploads\\\/2022\\\/11\\\/logo-monaco-tribune.png\",\"contentUrl\":\"https:\\\/\\\/www.monaco-tribune.com\\\/wp-content\\\/uploads\\\/2022\\\/11\\\/logo-monaco-tribune.png\",\"width\":1548,\"height\":600,\"caption\":\"Monaco Tribune\"},\"image\":{\"@id\":\"https:\\\/\\\/www.monaco-tribune.com\\\/it\\\/#\\\/schema\\\/logo\\\/image\\\/\"},\"sameAs\":[\"https:\\\/\\\/www.facebook.com\\\/MonacoTribune\",\"https:\\\/\\\/x.com\\\/MonacoTribune\",\"https:\\\/\\\/www.instagram.com\\\/monacotribune\\\/\",\"https:\\\/\\\/www.linkedin.com\\\/company\\\/monaco-tribune\",\"https:\\\/\\\/www.youtube.com\\\/channel\\\/UCHle1MnG6hw1y4lWKijVbMA\"]},{\"@type\":\"Person\",\"@id\":\"https:\\\/\\\/www.monaco-tribune.com\\\/it\\\/#\\\/schema\\\/person\\\/8f6ed8c063276e2397589eda5b7a2f2d\",\"name\":\"Monaco Tribune\",\"image\":{\"@type\":\"ImageObject\",\"inLanguage\":\"it-IT\",\"@id\":\"https:\\\/\\\/secure.gravatar.com\\\/avatar\\\/3010e6c5d6c8056ec1c25228fe68ea089879e5ae0de884e0247744ee988aaf6a?s=96&d=mm&r=g\",\"url\":\"https:\\\/\\\/secure.gravatar.com\\\/avatar\\\/3010e6c5d6c8056ec1c25228fe68ea089879e5ae0de884e0247744ee988aaf6a?s=96&d=mm&r=g\",\"contentUrl\":\"https:\\\/\\\/secure.gravatar.com\\\/avatar\\\/3010e6c5d6c8056ec1c25228fe68ea089879e5ae0de884e0247744ee988aaf6a?s=96&d=mm&r=g\",\"caption\":\"Monaco Tribune\"},\"url\":\"https:\\\/\\\/www.monaco-tribune.com\\\/it\\\/author\\\/monaco-tribune\\\/\"}]}<\/script>\n<!-- \/ Yoast SEO Premium plugin. -->","yoast_head_json":{"title":"Dalle auto agli yacht, Monaco sceglie la mobilit\u00e0 pulita","description":"L'ecoogia a Monaco: che si tratti di terra, di aria o di acqua, i monegaschi non hanno mai esitato a optare per i trasporti ecologici.","robots":{"index":"index","follow":"follow","max-snippet":"max-snippet:-1","max-image-preview":"max-image-preview:large","max-video-preview":"max-video-preview:-1"},"canonical":"https:\/\/www.monaco-tribune.com\/it\/2020\/01\/dalle-auto-agli-yacht-monaco-sceglie-la-mobilita-pulita\/","og_locale":"it_IT","og_type":"article","og_title":"Dalle auto agli yacht, Monaco sceglie la mobilit\u00e0 pulita - Monaco Tribune","og_description":"All'inizio di questo mese, Monaco ha deciso di seguire le orme della capitale estone Tallinn, del Lussemburgo e della citt\u00e0 francese di Dunkerque per","og_url":"https:\/\/www.monaco-tribune.com\/it\/2020\/01\/dalle-auto-agli-yacht-monaco-sceglie-la-mobilita-pulita\/","og_site_name":"Monaco Tribune","article_publisher":"https:\/\/www.facebook.com\/MonacoTribune","article_published_time":"2020-01-18T18:21:16+00:00","og_image":[{"width":807,"height":491,"url":"https:\/\/www.monaco-tribune.com\/wp-content\/uploads\/2020\/01\/The-next-generation-of-Clean-Yachting-on-display-in-Monaco-in-July-Monaco-Tribune-38b8v04lqos6iil38etibk.jpg","type":"image\/jpeg"}],"author":"Monaco Tribune","twitter_card":"summary_large_image","twitter_creator":"@MonacoTribune","twitter_site":"@MonacoTribune","schema":{"@context":"https:\/\/schema.org","@graph":[{"@type":"NewsArticle","@id":"https:\/\/www.monaco-tribune.com\/it\/2020\/01\/dalle-auto-agli-yacht-monaco-sceglie-la-mobilita-pulita\/#article","isPartOf":{"@id":"https:\/\/www.monaco-tribune.com\/it\/2020\/01\/dalle-auto-agli-yacht-monaco-sceglie-la-mobilita-pulita\/"},"author":{"name":"Monaco Tribune","@id":"https:\/\/www.monaco-tribune.com\/it\/#\/schema\/person\/8f6ed8c063276e2397589eda5b7a2f2d"},"headline":"Dalle auto agli yacht, Monaco sceglie la mobilit\u00e0 pulita","datePublished":"2020-01-18T18:21:16+00:00","mainEntityOfPage":{"@id":"https:\/\/www.monaco-tribune.com\/it\/2020\/01\/dalle-auto-agli-yacht-monaco-sceglie-la-mobilita-pulita\/"},"wordCount":555,"publisher":{"@id":"https:\/\/www.monaco-tribune.com\/it\/#organization"},"articleSection":["Cosa fare"],"inLanguage":"it-IT","copyrightYear":"2020","copyrightHolder":{"@id":"https:\/\/www.monaco-tribune.com\/#organization"}},{"@type":"WebPage","@id":"https:\/\/www.monaco-tribune.com\/it\/2020\/01\/dalle-auto-agli-yacht-monaco-sceglie-la-mobilita-pulita\/","url":"https:\/\/www.monaco-tribune.com\/it\/2020\/01\/dalle-auto-agli-yacht-monaco-sceglie-la-mobilita-pulita\/","name":"Dalle auto agli yacht, Monaco sceglie la mobilit\u00e0 pulita","isPartOf":{"@id":"https:\/\/www.monaco-tribune.com\/it\/#website"},"datePublished":"2020-01-18T18:21:16+00:00","description":"L'ecoogia a Monaco: che si tratti di terra, di aria o di acqua, i monegaschi non hanno mai esitato a optare per i trasporti ecologici.","breadcrumb":{"@id":"https:\/\/www.monaco-tribune.com\/it\/2020\/01\/dalle-auto-agli-yacht-monaco-sceglie-la-mobilita-pulita\/#breadcrumb"},"inLanguage":"it-IT","potentialAction":[{"@type":"ReadAction","target":["https:\/\/www.monaco-tribune.com\/it\/2020\/01\/dalle-auto-agli-yacht-monaco-sceglie-la-mobilita-pulita\/"]}]},{"@type":"BreadcrumbList","@id":"https:\/\/www.monaco-tribune.com\/it\/2020\/01\/dalle-auto-agli-yacht-monaco-sceglie-la-mobilita-pulita\/#breadcrumb","itemListElement":[{"@type":"ListItem","position":1,"name":"Accueil","item":"https:\/\/www.monaco-tribune.com\/it\/"},{"@type":"ListItem","position":2,"name":"Dalle auto agli yacht, Monaco sceglie la mobilit\u00e0 pulita"}]},{"@type":"WebSite","@id":"https:\/\/www.monaco-tribune.com\/it\/#website","url":"https:\/\/www.monaco-tribune.com\/it\/","name":"Monaco Tribune","description":"Monaco : actualit\u00e9s \u00e9conomiques, politiques, culturelles et sportives de Monaco et de la French Riviera.","publisher":{"@id":"https:\/\/www.monaco-tribune.com\/it\/#organization"},"potentialAction":[{"@type":"SearchAction","target":{"@type":"EntryPoint","urlTemplate":"https:\/\/www.monaco-tribune.com\/it\/?s={search_term_string}"},"query-input":{"@type":"PropertyValueSpecification","valueRequired":true,"valueName":"search_term_string"}}],"inLanguage":"it-IT"},{"@type":"Organization","@id":"https:\/\/www.monaco-tribune.com\/it\/#organization","name":"Monaco Tribune","url":"https:\/\/www.monaco-tribune.com\/it\/","logo":{"@type":"ImageObject","inLanguage":"it-IT","@id":"https:\/\/www.monaco-tribune.com\/it\/#\/schema\/logo\/image\/","url":"https:\/\/www.monaco-tribune.com\/wp-content\/uploads\/2022\/11\/logo-monaco-tribune.png","contentUrl":"https:\/\/www.monaco-tribune.com\/wp-content\/uploads\/2022\/11\/logo-monaco-tribune.png","width":1548,"height":600,"caption":"Monaco Tribune"},"image":{"@id":"https:\/\/www.monaco-tribune.com\/it\/#\/schema\/logo\/image\/"},"sameAs":["https:\/\/www.facebook.com\/MonacoTribune","https:\/\/x.com\/MonacoTribune","https:\/\/www.instagram.com\/monacotribune\/","https:\/\/www.linkedin.com\/company\/monaco-tribune","https:\/\/www.youtube.com\/channel\/UCHle1MnG6hw1y4lWKijVbMA"]},{"@type":"Person","@id":"https:\/\/www.monaco-tribune.com\/it\/#\/schema\/person\/8f6ed8c063276e2397589eda5b7a2f2d","name":"Monaco Tribune","image":{"@type":"ImageObject","inLanguage":"it-IT","@id":"https:\/\/secure.gravatar.com\/avatar\/3010e6c5d6c8056ec1c25228fe68ea089879e5ae0de884e0247744ee988aaf6a?s=96&d=mm&r=g","url":"https:\/\/secure.gravatar.com\/avatar\/3010e6c5d6c8056ec1c25228fe68ea089879e5ae0de884e0247744ee988aaf6a?s=96&d=mm&r=g","contentUrl":"https:\/\/secure.gravatar.com\/avatar\/3010e6c5d6c8056ec1c25228fe68ea089879e5ae0de884e0247744ee988aaf6a?s=96&d=mm&r=g","caption":"Monaco Tribune"},"url":"https:\/\/www.monaco-tribune.com\/it\/author\/monaco-tribune\/"}]}},"_links":{"self":[{"href":"https:\/\/www.monaco-tribune.com\/it\/wp-json\/wp\/v2\/posts\/18685","targetHints":{"allow":["GET"]}}],"collection":[{"href":"https:\/\/www.monaco-tribune.com\/it\/wp-json\/wp\/v2\/posts"}],"about":[{"href":"https:\/\/www.monaco-tribune.com\/it\/wp-json\/wp\/v2\/types\/post"}],"author":[{"embeddable":true,"href":"https:\/\/www.monaco-tribune.com\/it\/wp-json\/wp\/v2\/users\/21"}],"replies":[{"embeddable":true,"href":"https:\/\/www.monaco-tribune.com\/it\/wp-json\/wp\/v2\/comments?post=18685"}],"version-history":[{"count":0,"href":"https:\/\/www.monaco-tribune.com\/it\/wp-json\/wp\/v2\/posts\/18685\/revisions"}],"wp:attachment":[{"href":"https:\/\/www.monaco-tribune.com\/it\/wp-json\/wp\/v2\/media?parent=18685"}],"wp:term":[{"taxonomy":"category","embeddable":true,"href":"https:\/\/www.monaco-tribune.com\/it\/wp-json\/wp\/v2\/categories?post=18685"},{"taxonomy":"post_tag","embeddable":true,"href":"https:\/\/www.monaco-tribune.com\/it\/wp-json\/wp\/v2\/tags?post=18685"},{"taxonomy":"sectag","embeddable":true,"href":"https:\/\/www.monaco-tribune.com\/it\/wp-json\/wp\/v2\/post_sectags?post=18685"},{"taxonomy":"format","embeddable":true,"href":"https:\/\/www.monaco-tribune.com\/it\/wp-json\/wp\/v2\/post_format?post=18685"}],"curies":[{"name":"wp","href":"https:\/\/api.w.org\/{rel}","templated":true}]}}