{"id":18716,"date":"2020-01-03T22:51:46","date_gmt":"2020-01-03T21:51:46","guid":{"rendered":"https:\/\/www.monaco-tribune.com\/?p=18716"},"modified":"2020-01-18T22:55:07","modified_gmt":"2020-01-18T21:55:07","slug":"i-grimaldi-principi-di-monaco-da-700-anni","status":"publish","type":"post","link":"https:\/\/www.monaco-tribune.com\/it\/2020\/01\/i-grimaldi-principi-di-monaco-da-700-anni\/","title":{"rendered":"I Grimaldi: Principi di Monaco da 700 anni"},"content":{"rendered":"<h3 class=\"p1\"><span class=\"s1\">Da Francesco Grimaldi, primo signore di Monaco, al Principe Alberto II, la lunga storia del Principato e della sua famiglia sovrana non \u00e8 un lungo fiume tranquillo.<\/span><\/h3>\n<p>&nbsp;<\/p>\n<p class=\"p1\"><span class=\"s1\">Gi\u00e0 nel XIX secolo, i suoi casin\u00f2 e i suoi palazzi attiravano tutto ci\u00f2 che contava per le societ\u00e0 del Secondo Impero e della Belle Epoque. La sua roccia a picco sul Mediterraneo come un balcone sul mare, il suo palazzo famoso in tutto il mondo e la sua famiglia sovrana, abituale sulle copertine delle riviste, ne fanno il simbolo glamour degli splendori di Montecarlo e della Costa Azzurra. Contrasto sorprendente : Monaco \u00e8 anche uno degli stati pi\u00f9 piccoli del mondo, pi\u00f9 piccolo del Central Park di New York.<\/span><\/p>\n<p class=\"p1\"><span class=\"s1\">Adagiato sulla sua roccia, il palazzo \u00e8 il cuore e l&#8217;anima del Principato. Dietro le mura del palazzo, protetto giorno e notte dai carabinieri, vive la famiglia sovrana i cui membri hanno governato Monaco per 700 anni, prima come feudatari e poi, a partire dal XVII secolo, come principi sovrani. Una longevit\u00e0 record in Europa.<\/span><\/p>\n<p>&nbsp;<\/p>\n<h2 class=\"p1\"><span class=\"s1\">Una famiglia di Genova<\/span><\/h2>\n<p class=\"p1\"><span class=\"s1\">Il primo capitolo della saga familiare \u00e8 scritto alla fine del XIII secolo da un corsaro travestito da frate francescano: Francesco Grimaldi, detto Malizia o&#8221;il furbo&#8221;. Originari dell&#8217;Italia, i Grimaldi si sono affermati come una delle famiglie pi\u00f9 potenti del Comune di Genova grazie a grandi spedizioni marittime sul Mediterraneo e sul Mar Nero. A Genova sono a capo del clan guelfo, che sostiene gli interessi del Papa contro i ghibellini, sostenitori dell&#8217;imperatore germanico romano. Alla fine del XIII secolo, hanno appena subito una sconfitta. Cacciati da Genova, cercano di raggiungere luoghi meno ostili. Fu quindi con sorpresa che nel gennaio del 1297 i guelfi, sotto la guida di Francesco Grimaldi, rilevarono quella che allora era una semplice fortezza genovese.<\/span><\/p>\n<p class=\"p1\"><span class=\"s1\">La storia della famiglia Grimaldi comincia a essere scritta con quella di Monaco. Negli anni successivi a questo evento fondante, il luogo si \u00e8 perso, poi \u00e8 stato riconquistato per ricadere sotto l&#8217;autorit\u00e0 di Carlo Grimaldi, che ha assunto il titolo di &#8220;Signore di Monaco&#8221; nel 1342. Carlo, il primo del nome, acquist\u00f2 anche i vicini feudi di Mentone e Roquebrune.<\/span><\/p>\n<p class=\"p1\"><span class=\"s1\">I primi signori di Monaco si misero in cammino per consolidare la loro posizione. Temendo Genova, che non aveva rinunciato alla bonifica della zona, si misero sotto la protezione dei re di Francia e dei conti di Provenza. Viene cos\u00ec firmata un&#8217;alleanza con la corona di Francia. Lambert Grimaldi, signore di Monaco dal 1458 al 1494, fu consigliere e camerlengo del re Carlo VIII. Durante il regno di Francesco I, la fortezza pass\u00f2 sotto la protezione della Spagna e di Carlo V.<\/span><\/p>\n<p class=\"p1\"><span class=\"s1\">Qualche anno prima, nel 1454, Giovanni I decret\u00f2 le regole di successione nella Casa di Monaco: da parte dei maschi, seguendo l&#8217;ordine della primogenitura. In caso contrario, e questo accadr\u00e0 due volte nella loro storia, le femmine possono essere chiamate, a condizione che i loro discendenti prendano il nome e le braccia dei Grimaldi. Armi che rappresentano, intorno allo stemma a scacchiera rossa e bianca, due monaci che impugnano una spada. Un omaggio all&#8217;astuto fondatore della dinastia&#8230;<\/span><\/p>\n<p>&nbsp;<\/p>\n<h2 class=\"p1\"><span class=\"s1\">Honor\u00e9 II assume il titolo di &#8220;Principe di Monaco&#8221;<\/span><\/h2>\n<p class=\"p1\"><span class=\"s1\">Dopo l&#8217;episodio spagnolo, durato fino al 1641, il trattato di P\u00e9ronne rimette definitivamente il Principato nell&#8217;ovile francese. Un brillante signore, Honor\u00e9 II ottenne dal re Luigi XIII il Ducato di Valentinois, il Marchesato di Baux, la Signoria di Saint-R\u00e9my de Provence&#8230; Soprattutto, fu il primo Grimaldi ad assumere il titolo ufficiale di &#8220;Principe di Monaco&#8221;. Cresciuto nell&#8217;oro e nella raffinatezza della corte di Milano, ha trasformato l&#8217;antica fortezza monegasca in un palazzo italiano degno del suo rango.<\/span><\/p>\n<p class=\"p1\"><span class=\"s1\">Fu anche un periodo felice per il Principato, che si arricch\u00ec del commercio marittimo e dei proventi della terraferma. Si instaur\u00f2 una certa prosperit\u00e0. Nel dicembre 1678, il nipote di Honor\u00e9 II, Luigi I, promulg\u00f2 lo statuto giuridico del Principato o \u201cCode Louis&#8221;. Saggio principe, impose un pedaggio alle navi commerciali al largo di Monaco.<\/span><\/p>\n<p class=\"p1\"><span class=\"s1\">Durante la Rivoluzione Francese, il Principato, che divenne &#8220;Forte Monte Ercole&#8221;, fu annesso alla Francia. Sono tempi duri per i Grimaldi, la cui propriet\u00e0 viene saccheggiata. Molti di loro sono addirittura finiti sul patibolo. La sinistra parentesi \u00e8 stata finalmente di breve durata. Nel restauro, hanno recuperato titoli e propriet\u00e0. Tuttavia, posta sotto l&#8217;autorit\u00e0 del Re di Sardegna, la Rocca ha vissuto un periodo di letargo politico e finanziario e la famiglia ha vissuto a Parigi. In seguito all&#8217;acquisizione della contea di Nizza da parte della Francia, l&#8217;imperatore Napoleone III concesse l&#8217;indipendenza al Principato, che fu spogliato delle citt\u00e0 di Mentone e Roquebrune, quest&#8217;ultima avendo votato per plebiscito per essere annessa alla Francia. In compenso, il Principato riceve quattro milioni dallo Stato francese. Monaco coglie l&#8217;occasione per costruire la sua reputazione.<\/span><\/p>\n<p>&nbsp;<\/p>\n<h2 class=\"p1\"><span class=\"s1\">Un nuovo inizio<\/span><\/h2>\n<p class=\"p1\"><span class=\"s1\">Contrariamente alle apparenze, il trattato franco-monegasco del 1861 segna un nuovo inizio per il Principato e la famiglia Grimaldi. Totalmente indipendente per la prima volta nella sua storia, il piccolo paese ha preso il volo. Carlo III cre\u00f2 la Soci\u00e9t\u00e9 des Bains de Mer e il casin\u00f2. \u00c8 l&#8217;inizio di un mercato del gioco d&#8217;azzardo molto redditizio che, vietato nei paesi vicini, costruir\u00e0 la moderna reputazione della Rocca. I resort di lusso si sviluppano ad alta velocit\u00e0, soprattutto sull&#8217;altopiano delle Sp\u00e9lugues, che si chiama Monte-Carlo in onore del sovrano. Il principe costruttore Carlo III commission\u00f2 all&#8217;architetto Carlo Garnier la costruzione di un teatro dell&#8217;opera che doveva essere pi\u00f9 bello di quello di Parigi!<\/span><\/p>\n<p class=\"p1\"><span class=\"s1\">Suo figlio, Alberto I, era soprannominato &#8220;il principe navigatore&#8221; o &#8220;il principe colto&#8221;. Nel 1910 fond\u00f2 il Museo Oceanografico e promulg\u00f2 la prima Costituzione del Paese. Il suo successore, il principe Luigi II, non doveva essere da meno. Durante il suo regno, il principato divenne membro dell&#8217;Organizzazione Mondiale della Sanit\u00e0.<\/span><\/p>\n<p>&nbsp;<\/p>\n<h2 class=\"p1\"><span class=\"s1\">Rainier III trasforma il Principato<\/span><\/h2>\n<p class=\"p1\"><span class=\"s1\">Assunto al trono nel 1949, Ranieri III eredit\u00f2 un paese in piena espansione. Il suo regno \u00e8 tuttavia uno di quelli che pi\u00f9 trasformer\u00e0 il Principato e gli dar\u00e0 il volto attuale: diversificazione delle azioni realizzate dai suoi predecessori, sviluppo del turismo con l&#8217;acquisizione di terre sul mare, nuova Costituzione, ammissione di Monaco all&#8217;Organizzazione delle Nazioni Unite (ONU) e al Consiglio d&#8217;Europa&#8230; Nonostante una certa austerit\u00e0 nel suo aspetto, vale la pena ricordare che Rainier avr\u00e0 fatto del piccolo Principato monegasco la capitale mondiale del glamour grazie al suo matrimonio con l&#8217;attrice americana di fama internazionale, Grace Kelly.<\/span><\/p>\n<p class=\"p1\"><span class=\"s1\">Diventando il 14\u00b0 Principe di Monaco il 6 aprile 2005, Alberto II ha seguito le orme del padre. Preoccupato per lo sviluppo del Principato, punta sul turismo, l&#8217;industria e il settore immobiliare, tenendo conto della questione ecologica a cui \u00e8 molto legato. Il suo matrimonio con Charl\u00e8ne Wittstock, una nuotatrice sudafricana, fa impazzire il pianeta people. Il 10 dicembre 2014 la principessa Charl\u00e8ne d\u00e0 alla luce due gemelli. La principessa Gabriella e il principe Jacques perpetuano la dinastia dei Grimaldi. Il futuro appartiene a loro.<\/span><\/p>\n","protected":false},"excerpt":{"rendered":"<p>Da Francesco Grimaldi, primo signore di Monaco, al Principe Alberto II, la lunga storia del Principato e della sua famiglia [&hellip;]<\/p>\n","protected":false},"author":21,"featured_media":0,"comment_status":"closed","ping_status":"open","sticky":false,"template":"","format":"standard","meta":{"_acf_changed":false,"footnotes":""},"categories":[1742],"tags":[],"post_sectags":[],"post_format":[],"class_list":["post-18716","post","type-post","status-publish","format-standard","hentry","category-famiglia-principesca"],"acf":[],"yoast_head":"<!-- This site is optimized with the Yoast SEO Premium plugin v26.8 (Yoast SEO v27.5) - https:\/\/yoast.com\/product\/yoast-seo-premium-wordpress\/ -->\n<title>I Grimaldi: Principi di Monaco da 700 anni<\/title>\n<meta name=\"description\" content=\"Da Francesco Grimaldi, primo signore di Monaco, al Principe Alberto II, la lunga storia del Principato non \u00e8 un lungo fiume tranquillo.\" \/>\n<meta name=\"robots\" content=\"index, follow, max-snippet:-1, max-image-preview:large, max-video-preview:-1\" \/>\n<link rel=\"canonical\" href=\"https:\/\/www.monaco-tribune.com\/it\/2020\/01\/i-grimaldi-principi-di-monaco-da-700-anni\/\" \/>\n<meta property=\"og:locale\" content=\"it_IT\" \/>\n<meta property=\"og:type\" content=\"article\" \/>\n<meta property=\"og:title\" content=\"I Grimaldi: Principi di Monaco da 700 anni - Monaco Tribune\" \/>\n<meta property=\"og:description\" content=\"Da Francesco Grimaldi, primo signore di Monaco, al Principe Alberto II, la lunga storia del Principato e della sua famiglia sovrana non \u00e8 un lungo fiume\" \/>\n<meta property=\"og:url\" content=\"https:\/\/www.monaco-tribune.com\/it\/2020\/01\/i-grimaldi-principi-di-monaco-da-700-anni\/\" \/>\n<meta property=\"og:site_name\" content=\"Monaco Tribune\" \/>\n<meta property=\"article:publisher\" content=\"https:\/\/www.facebook.com\/MonacoTribune\" \/>\n<meta property=\"article:published_time\" content=\"2020-01-03T21:51:46+00:00\" \/>\n<meta property=\"article:modified_time\" content=\"2020-01-18T21:55:07+00:00\" \/>\n<meta property=\"og:image\" content=\"https:\/\/www.monaco-tribune.com\/wp-content\/uploads\/2020\/01\/grimaldi-monaco.jpg\" \/>\n\t<meta property=\"og:image:width\" content=\"807\" \/>\n\t<meta property=\"og:image:height\" content=\"491\" \/>\n\t<meta property=\"og:image:type\" content=\"image\/jpeg\" \/>\n<meta name=\"author\" content=\"Monaco Tribune\" \/>\n<meta name=\"twitter:card\" content=\"summary_large_image\" \/>\n<meta name=\"twitter:creator\" content=\"@MonacoTribune\" \/>\n<meta name=\"twitter:site\" content=\"@MonacoTribune\" \/>\n<script type=\"application\/ld+json\" class=\"yoast-schema-graph\">{\"@context\":\"https:\\\/\\\/schema.org\",\"@graph\":[{\"@type\":\"NewsArticle\",\"@id\":\"https:\\\/\\\/www.monaco-tribune.com\\\/it\\\/2020\\\/01\\\/i-grimaldi-principi-di-monaco-da-700-anni\\\/#article\",\"isPartOf\":{\"@id\":\"https:\\\/\\\/www.monaco-tribune.com\\\/it\\\/2020\\\/01\\\/i-grimaldi-principi-di-monaco-da-700-anni\\\/\"},\"author\":{\"name\":\"Monaco Tribune\",\"@id\":\"https:\\\/\\\/www.monaco-tribune.com\\\/it\\\/#\\\/schema\\\/person\\\/8f6ed8c063276e2397589eda5b7a2f2d\"},\"headline\":\"I Grimaldi: Principi di Monaco da 700 anni\",\"datePublished\":\"2020-01-03T21:51:46+00:00\",\"dateModified\":\"2020-01-18T21:55:07+00:00\",\"mainEntityOfPage\":{\"@id\":\"https:\\\/\\\/www.monaco-tribune.com\\\/it\\\/2020\\\/01\\\/i-grimaldi-principi-di-monaco-da-700-anni\\\/\"},\"wordCount\":1162,\"publisher\":{\"@id\":\"https:\\\/\\\/www.monaco-tribune.com\\\/it\\\/#organization\"},\"articleSection\":[\"Famiglia Principesca\"],\"inLanguage\":\"it-IT\",\"copyrightYear\":\"2020\",\"copyrightHolder\":{\"@id\":\"https:\\\/\\\/www.monaco-tribune.com\\\/#organization\"}},{\"@type\":\"WebPage\",\"@id\":\"https:\\\/\\\/www.monaco-tribune.com\\\/it\\\/2020\\\/01\\\/i-grimaldi-principi-di-monaco-da-700-anni\\\/\",\"url\":\"https:\\\/\\\/www.monaco-tribune.com\\\/it\\\/2020\\\/01\\\/i-grimaldi-principi-di-monaco-da-700-anni\\\/\",\"name\":\"I Grimaldi: Principi di Monaco da 700 anni\",\"isPartOf\":{\"@id\":\"https:\\\/\\\/www.monaco-tribune.com\\\/it\\\/#website\"},\"datePublished\":\"2020-01-03T21:51:46+00:00\",\"dateModified\":\"2020-01-18T21:55:07+00:00\",\"description\":\"Da Francesco Grimaldi, primo signore di Monaco, al Principe Alberto II, la lunga storia del Principato non \u00e8 un lungo fiume tranquillo.\",\"breadcrumb\":{\"@id\":\"https:\\\/\\\/www.monaco-tribune.com\\\/it\\\/2020\\\/01\\\/i-grimaldi-principi-di-monaco-da-700-anni\\\/#breadcrumb\"},\"inLanguage\":\"it-IT\",\"potentialAction\":[{\"@type\":\"ReadAction\",\"target\":[\"https:\\\/\\\/www.monaco-tribune.com\\\/it\\\/2020\\\/01\\\/i-grimaldi-principi-di-monaco-da-700-anni\\\/\"]}]},{\"@type\":\"BreadcrumbList\",\"@id\":\"https:\\\/\\\/www.monaco-tribune.com\\\/it\\\/2020\\\/01\\\/i-grimaldi-principi-di-monaco-da-700-anni\\\/#breadcrumb\",\"itemListElement\":[{\"@type\":\"ListItem\",\"position\":1,\"name\":\"Accueil\",\"item\":\"https:\\\/\\\/www.monaco-tribune.com\\\/it\\\/\"},{\"@type\":\"ListItem\",\"position\":2,\"name\":\"I Grimaldi: Principi di Monaco da 700 anni\"}]},{\"@type\":\"WebSite\",\"@id\":\"https:\\\/\\\/www.monaco-tribune.com\\\/it\\\/#website\",\"url\":\"https:\\\/\\\/www.monaco-tribune.com\\\/it\\\/\",\"name\":\"Monaco Tribune\",\"description\":\"Monaco : actualit\u00e9s \u00e9conomiques, politiques, culturelles et sportives de Monaco et de la French Riviera.\",\"publisher\":{\"@id\":\"https:\\\/\\\/www.monaco-tribune.com\\\/it\\\/#organization\"},\"potentialAction\":[{\"@type\":\"SearchAction\",\"target\":{\"@type\":\"EntryPoint\",\"urlTemplate\":\"https:\\\/\\\/www.monaco-tribune.com\\\/it\\\/?s={search_term_string}\"},\"query-input\":{\"@type\":\"PropertyValueSpecification\",\"valueRequired\":true,\"valueName\":\"search_term_string\"}}],\"inLanguage\":\"it-IT\"},{\"@type\":\"Organization\",\"@id\":\"https:\\\/\\\/www.monaco-tribune.com\\\/it\\\/#organization\",\"name\":\"Monaco Tribune\",\"url\":\"https:\\\/\\\/www.monaco-tribune.com\\\/it\\\/\",\"logo\":{\"@type\":\"ImageObject\",\"inLanguage\":\"it-IT\",\"@id\":\"https:\\\/\\\/www.monaco-tribune.com\\\/it\\\/#\\\/schema\\\/logo\\\/image\\\/\",\"url\":\"https:\\\/\\\/www.monaco-tribune.com\\\/wp-content\\\/uploads\\\/2022\\\/11\\\/logo-monaco-tribune.png\",\"contentUrl\":\"https:\\\/\\\/www.monaco-tribune.com\\\/wp-content\\\/uploads\\\/2022\\\/11\\\/logo-monaco-tribune.png\",\"width\":1548,\"height\":600,\"caption\":\"Monaco Tribune\"},\"image\":{\"@id\":\"https:\\\/\\\/www.monaco-tribune.com\\\/it\\\/#\\\/schema\\\/logo\\\/image\\\/\"},\"sameAs\":[\"https:\\\/\\\/www.facebook.com\\\/MonacoTribune\",\"https:\\\/\\\/x.com\\\/MonacoTribune\",\"https:\\\/\\\/www.instagram.com\\\/monacotribune\\\/\",\"https:\\\/\\\/www.linkedin.com\\\/company\\\/monaco-tribune\",\"https:\\\/\\\/www.youtube.com\\\/channel\\\/UCHle1MnG6hw1y4lWKijVbMA\"]},{\"@type\":\"Person\",\"@id\":\"https:\\\/\\\/www.monaco-tribune.com\\\/it\\\/#\\\/schema\\\/person\\\/8f6ed8c063276e2397589eda5b7a2f2d\",\"name\":\"Monaco Tribune\",\"image\":{\"@type\":\"ImageObject\",\"inLanguage\":\"it-IT\",\"@id\":\"https:\\\/\\\/secure.gravatar.com\\\/avatar\\\/3010e6c5d6c8056ec1c25228fe68ea089879e5ae0de884e0247744ee988aaf6a?s=96&d=mm&r=g\",\"url\":\"https:\\\/\\\/secure.gravatar.com\\\/avatar\\\/3010e6c5d6c8056ec1c25228fe68ea089879e5ae0de884e0247744ee988aaf6a?s=96&d=mm&r=g\",\"contentUrl\":\"https:\\\/\\\/secure.gravatar.com\\\/avatar\\\/3010e6c5d6c8056ec1c25228fe68ea089879e5ae0de884e0247744ee988aaf6a?s=96&d=mm&r=g\",\"caption\":\"Monaco Tribune\"},\"url\":\"https:\\\/\\\/www.monaco-tribune.com\\\/it\\\/author\\\/monaco-tribune\\\/\"}]}<\/script>\n<!-- \/ Yoast SEO Premium plugin. -->","yoast_head_json":{"title":"I Grimaldi: Principi di Monaco da 700 anni","description":"Da Francesco Grimaldi, primo signore di Monaco, al Principe Alberto II, la lunga storia del Principato non \u00e8 un lungo fiume tranquillo.","robots":{"index":"index","follow":"follow","max-snippet":"max-snippet:-1","max-image-preview":"max-image-preview:large","max-video-preview":"max-video-preview:-1"},"canonical":"https:\/\/www.monaco-tribune.com\/it\/2020\/01\/i-grimaldi-principi-di-monaco-da-700-anni\/","og_locale":"it_IT","og_type":"article","og_title":"I Grimaldi: Principi di Monaco da 700 anni - Monaco Tribune","og_description":"Da Francesco Grimaldi, primo signore di Monaco, al Principe Alberto II, la lunga storia del Principato e della sua famiglia sovrana non \u00e8 un lungo fiume","og_url":"https:\/\/www.monaco-tribune.com\/it\/2020\/01\/i-grimaldi-principi-di-monaco-da-700-anni\/","og_site_name":"Monaco Tribune","article_publisher":"https:\/\/www.facebook.com\/MonacoTribune","article_published_time":"2020-01-03T21:51:46+00:00","article_modified_time":"2020-01-18T21:55:07+00:00","og_image":[{"width":807,"height":491,"url":"https:\/\/www.monaco-tribune.com\/wp-content\/uploads\/2020\/01\/grimaldi-monaco.jpg","type":"image\/jpeg"}],"author":"Monaco Tribune","twitter_card":"summary_large_image","twitter_creator":"@MonacoTribune","twitter_site":"@MonacoTribune","schema":{"@context":"https:\/\/schema.org","@graph":[{"@type":"NewsArticle","@id":"https:\/\/www.monaco-tribune.com\/it\/2020\/01\/i-grimaldi-principi-di-monaco-da-700-anni\/#article","isPartOf":{"@id":"https:\/\/www.monaco-tribune.com\/it\/2020\/01\/i-grimaldi-principi-di-monaco-da-700-anni\/"},"author":{"name":"Monaco Tribune","@id":"https:\/\/www.monaco-tribune.com\/it\/#\/schema\/person\/8f6ed8c063276e2397589eda5b7a2f2d"},"headline":"I Grimaldi: Principi di Monaco da 700 anni","datePublished":"2020-01-03T21:51:46+00:00","dateModified":"2020-01-18T21:55:07+00:00","mainEntityOfPage":{"@id":"https:\/\/www.monaco-tribune.com\/it\/2020\/01\/i-grimaldi-principi-di-monaco-da-700-anni\/"},"wordCount":1162,"publisher":{"@id":"https:\/\/www.monaco-tribune.com\/it\/#organization"},"articleSection":["Famiglia Principesca"],"inLanguage":"it-IT","copyrightYear":"2020","copyrightHolder":{"@id":"https:\/\/www.monaco-tribune.com\/#organization"}},{"@type":"WebPage","@id":"https:\/\/www.monaco-tribune.com\/it\/2020\/01\/i-grimaldi-principi-di-monaco-da-700-anni\/","url":"https:\/\/www.monaco-tribune.com\/it\/2020\/01\/i-grimaldi-principi-di-monaco-da-700-anni\/","name":"I Grimaldi: Principi di Monaco da 700 anni","isPartOf":{"@id":"https:\/\/www.monaco-tribune.com\/it\/#website"},"datePublished":"2020-01-03T21:51:46+00:00","dateModified":"2020-01-18T21:55:07+00:00","description":"Da Francesco Grimaldi, primo signore di Monaco, al Principe Alberto II, la lunga storia del Principato non \u00e8 un lungo fiume tranquillo.","breadcrumb":{"@id":"https:\/\/www.monaco-tribune.com\/it\/2020\/01\/i-grimaldi-principi-di-monaco-da-700-anni\/#breadcrumb"},"inLanguage":"it-IT","potentialAction":[{"@type":"ReadAction","target":["https:\/\/www.monaco-tribune.com\/it\/2020\/01\/i-grimaldi-principi-di-monaco-da-700-anni\/"]}]},{"@type":"BreadcrumbList","@id":"https:\/\/www.monaco-tribune.com\/it\/2020\/01\/i-grimaldi-principi-di-monaco-da-700-anni\/#breadcrumb","itemListElement":[{"@type":"ListItem","position":1,"name":"Accueil","item":"https:\/\/www.monaco-tribune.com\/it\/"},{"@type":"ListItem","position":2,"name":"I Grimaldi: Principi di Monaco da 700 anni"}]},{"@type":"WebSite","@id":"https:\/\/www.monaco-tribune.com\/it\/#website","url":"https:\/\/www.monaco-tribune.com\/it\/","name":"Monaco Tribune","description":"Monaco : actualit\u00e9s \u00e9conomiques, politiques, culturelles et sportives de Monaco et de la French Riviera.","publisher":{"@id":"https:\/\/www.monaco-tribune.com\/it\/#organization"},"potentialAction":[{"@type":"SearchAction","target":{"@type":"EntryPoint","urlTemplate":"https:\/\/www.monaco-tribune.com\/it\/?s={search_term_string}"},"query-input":{"@type":"PropertyValueSpecification","valueRequired":true,"valueName":"search_term_string"}}],"inLanguage":"it-IT"},{"@type":"Organization","@id":"https:\/\/www.monaco-tribune.com\/it\/#organization","name":"Monaco Tribune","url":"https:\/\/www.monaco-tribune.com\/it\/","logo":{"@type":"ImageObject","inLanguage":"it-IT","@id":"https:\/\/www.monaco-tribune.com\/it\/#\/schema\/logo\/image\/","url":"https:\/\/www.monaco-tribune.com\/wp-content\/uploads\/2022\/11\/logo-monaco-tribune.png","contentUrl":"https:\/\/www.monaco-tribune.com\/wp-content\/uploads\/2022\/11\/logo-monaco-tribune.png","width":1548,"height":600,"caption":"Monaco Tribune"},"image":{"@id":"https:\/\/www.monaco-tribune.com\/it\/#\/schema\/logo\/image\/"},"sameAs":["https:\/\/www.facebook.com\/MonacoTribune","https:\/\/x.com\/MonacoTribune","https:\/\/www.instagram.com\/monacotribune\/","https:\/\/www.linkedin.com\/company\/monaco-tribune","https:\/\/www.youtube.com\/channel\/UCHle1MnG6hw1y4lWKijVbMA"]},{"@type":"Person","@id":"https:\/\/www.monaco-tribune.com\/it\/#\/schema\/person\/8f6ed8c063276e2397589eda5b7a2f2d","name":"Monaco Tribune","image":{"@type":"ImageObject","inLanguage":"it-IT","@id":"https:\/\/secure.gravatar.com\/avatar\/3010e6c5d6c8056ec1c25228fe68ea089879e5ae0de884e0247744ee988aaf6a?s=96&d=mm&r=g","url":"https:\/\/secure.gravatar.com\/avatar\/3010e6c5d6c8056ec1c25228fe68ea089879e5ae0de884e0247744ee988aaf6a?s=96&d=mm&r=g","contentUrl":"https:\/\/secure.gravatar.com\/avatar\/3010e6c5d6c8056ec1c25228fe68ea089879e5ae0de884e0247744ee988aaf6a?s=96&d=mm&r=g","caption":"Monaco Tribune"},"url":"https:\/\/www.monaco-tribune.com\/it\/author\/monaco-tribune\/"}]}},"_links":{"self":[{"href":"https:\/\/www.monaco-tribune.com\/it\/wp-json\/wp\/v2\/posts\/18716","targetHints":{"allow":["GET"]}}],"collection":[{"href":"https:\/\/www.monaco-tribune.com\/it\/wp-json\/wp\/v2\/posts"}],"about":[{"href":"https:\/\/www.monaco-tribune.com\/it\/wp-json\/wp\/v2\/types\/post"}],"author":[{"embeddable":true,"href":"https:\/\/www.monaco-tribune.com\/it\/wp-json\/wp\/v2\/users\/21"}],"replies":[{"embeddable":true,"href":"https:\/\/www.monaco-tribune.com\/it\/wp-json\/wp\/v2\/comments?post=18716"}],"version-history":[{"count":0,"href":"https:\/\/www.monaco-tribune.com\/it\/wp-json\/wp\/v2\/posts\/18716\/revisions"}],"wp:attachment":[{"href":"https:\/\/www.monaco-tribune.com\/it\/wp-json\/wp\/v2\/media?parent=18716"}],"wp:term":[{"taxonomy":"category","embeddable":true,"href":"https:\/\/www.monaco-tribune.com\/it\/wp-json\/wp\/v2\/categories?post=18716"},{"taxonomy":"post_tag","embeddable":true,"href":"https:\/\/www.monaco-tribune.com\/it\/wp-json\/wp\/v2\/tags?post=18716"},{"taxonomy":"sectag","embeddable":true,"href":"https:\/\/www.monaco-tribune.com\/it\/wp-json\/wp\/v2\/post_sectags?post=18716"},{"taxonomy":"format","embeddable":true,"href":"https:\/\/www.monaco-tribune.com\/it\/wp-json\/wp\/v2\/post_format?post=18716"}],"curies":[{"name":"wp","href":"https:\/\/api.w.org\/{rel}","templated":true}]}}