{"id":189027,"date":"2023-08-21T16:01:08","date_gmt":"2023-08-21T14:01:08","guid":{"rendered":"https:\/\/www.monaco-tribune.com\/2023\/08\/attenzione-alle-meduse-sulle-spiagge-della-costa-azzurra\/"},"modified":"2023-08-21T16:01:14","modified_gmt":"2023-08-21T14:01:14","slug":"attenzione-alle-meduse-sulle-spiagge-della-costa-azzurra","status":"publish","type":"post","link":"https:\/\/www.monaco-tribune.com\/it\/2023\/08\/attenzione-alle-meduse-sulle-spiagge-della-costa-azzurra\/","title":{"rendered":"Attenzione alle meduse sulle spiagge della Costa Azzurra"},"content":{"rendered":"\n<p><strong>Nel bel mezzo delle vacanze estive, le spiagge del sud della Francia sono affollate di bagnanti. Anche se un tuffo in acqua \u00e8 sempre piacevole, bisogna fare attenzione alle meduse.<\/strong><\/p>\n\n<p>In questo periodo dell&#8217;anno non \u00e8 raro vedere le meduse sulle spiagge della Costa Azzurra, in particolare la medusa pelagica, molto diffusa nel Mediterraneo. Entrare a contatto con i suoi filamenti provoca prurito e una sensazione di bruciore. <\/p>\n\n<h2 class=\"wp-block-heading\" id=\"h-ou-sont-les-meduses-sur-la-cote-d-azur\">Dove si trovano le meduse in Costa Azzurra?<\/h2>\n\n<p>Nei mesi estivi, le meduse arrivano sulle rive di alcune delle pi\u00f9 grandi spiagge della costa. Cannes, Nizza, Antibes&#8230; Sono ancora l\u00ec? Un&#8217;applicazione pu\u00f2 aiutarvi a scoprirlo. Ogni anno, il laboratorio ACRI di Sophia-Antipolis elabora <a href=\"https:\/\/meduse.acri.fr\/carte\/carte.php\">una mappa in tempo reale<\/a> per segnalare la presenza di meduse nei pressi di una spiaggia. La mappa \u00e8 disponibile come applicazione per smartphone e tocca ai bagnanti stessi contribuire ad aggiornarla regolarmente. Se volete consultare una seconda fonte, il sito web <a href=\"https:\/\/meduseo.com\/fr\/ville\/La-Turbie-21\">M\u00e9dus\u00e9o<\/a> offre lo stesso servizio.<\/p>\n\n<p>Su queste due piattaforme, sembrerebbe che <strong>il Principato<\/strong> sia stato risparmiato dall&#8217;animale marino urticante.<\/p>\n\n<p class=\"related\"><a href=\"https:\/\/www.monaco-tribune.com\/it\/2023\/05\/tutto-quello-che-ce-da-sapere-sulla-spiaggia-del-larvotto-per-lestate-2023\/\">Tutto quello che c\u2019\u00e8 da sapere sulla spiaggia del Larvotto per l\u2019estate 2023<\/a><\/p>\n\n<h2 class=\"wp-block-heading\" id=\"h-comment-se-soigner-d-une-piqure-de-meduse\">Come comportarsi in caso di puntura di medusa?<\/h2>\n\n<p>Anche facendo attenzione, pu\u00f2 capitare di essere punti da una medusa. In questo caso, ci sono tre cose importanti da fare, come indicato dai vigili del fuoco delle Alpi Marittime: <\/p>\n\n<ul class=\"wp-block-list\">\n<li>Rimuovere i filamenti rimasti sulla pelle con una pinzetta o raschiando della sabbia bagnata.<\/li>\n\n\n\n<li>Sciacquare la ferita con acqua di mare, non con l&#8217;acqua della doccia, che riaccende il dolore. <\/li>\n\n\n\n<li>Disinfettare con un antisettico<\/li>\n<\/ul>\n\n<p>Ecco anche alcune cose da non fare in caso di puntura:<\/p>\n\n<ul class=\"wp-block-list\">\n<li>Non applicare alcool<\/li>\n\n\n\n<li>Non succhiare il veleno<\/li>\n\n\n\n<li>Non urinare sull&#8217;ustione per evitare una sovrainfezione<\/li>\n<\/ul>\n\n<h2 class=\"wp-block-heading\" id=\"h-quels-sont-les-effets-d-une-piqure-de-meduse\">Quali sono gli effetti di una puntura di medusa?<\/h2>\n\n<p>Dopo essere stati punti da una medusa pelagica, la pi\u00f9 urticante del suo genere presente sulle coste francesi, si ha una sensazione di bruciore e prurito. Sul momento potreste avvertire una leggera scossa elettrica. Poi il dolore aumenter\u00e0 per circa trenta minuti, per questo \u00e8 importante agire tempestivamente.<\/p>\n\n<p>Il rischio maggiore \u00e8 quello di reazioni allergiche. Se avvertite difficolt\u00e0 respiratorie, vertigini, vomito o se la persona punta si sente male, chiamate immediatamente i soccorsi al numero 15 (SAMU) o 18 (vigili del fuoco).<\/p>\n\n<p class=\"related\"><a href=\"https:\/\/www.monaco-tribune.com\/it\/2023\/07\/docce-in-spiaggia-in-costa-azzurra-aperte-o-chiuse\/\">Docce in spiaggia in Costa Azzurra: aperte o chiuse?<\/a><\/p>\n\n<p>In estate, sulle spiagge vengono installate delle reti di protezione per creare delle <strong>aree sicure<\/strong>. Tra queste ricordiamo la spiaggia del Larvotto, le spiagge di Beaulieu-sur-mer, la spiaggia di Marquet a Cap d&#8217;Ail e molte altre.<\/p>\n","protected":false},"excerpt":{"rendered":"<p>Nel bel mezzo delle vacanze estive, le spiagge del sud della Francia sono affollate di bagnanti. Anche se un tuffo [&hellip;]<\/p>\n","protected":false},"author":65,"featured_media":188028,"comment_status":"closed","ping_status":"closed","sticky":false,"template":"","format":"standard","meta":{"_acf_changed":false,"footnotes":""},"categories":[1738,1752],"tags":[3158],"post_sectags":[4288],"post_format":[2477],"class_list":["post-189027","post","type-post","status-publish","format-standard","has-post-thumbnail","hentry","category-notizie","category-societa","tag-salute","sectag-meduse","format-info-pratiche"],"acf":[],"yoast_head":"<!-- This site is optimized with the Yoast SEO Premium plugin v26.8 (Yoast SEO v27.5) - https:\/\/yoast.com\/product\/yoast-seo-premium-wordpress\/ -->\n<title>Attenzione alle meduse sulle spiagge della Costa Azzurra<\/title>\n<meta name=\"description\" content=\"Nel bel mezzo delle vacanze estive, le spiagge del sud della Francia sono affollate di bagnanti. Anche se un tuffo in acqua \u00e8 sempre piacevole, bisogna\" \/>\n<meta name=\"robots\" content=\"index, follow, max-snippet:-1, max-image-preview:large, max-video-preview:-1\" \/>\n<link rel=\"canonical\" href=\"https:\/\/www.monaco-tribune.com\/it\/2023\/08\/attenzione-alle-meduse-sulle-spiagge-della-costa-azzurra\/\" \/>\n<meta property=\"og:locale\" content=\"it_IT\" \/>\n<meta property=\"og:type\" content=\"article\" \/>\n<meta property=\"og:title\" content=\"Attenzione alle meduse sulle spiagge della Costa Azzurra - Monaco Tribune\" \/>\n<meta property=\"og:description\" content=\"Nel bel mezzo delle vacanze estive, le spiagge del sud della Francia sono affollate di bagnanti. Anche se un tuffo in acqua \u00e8 sempre piacevole, bisogna\" \/>\n<meta property=\"og:url\" content=\"https:\/\/www.monaco-tribune.com\/it\/2023\/08\/attenzione-alle-meduse-sulle-spiagge-della-costa-azzurra\/\" \/>\n<meta property=\"og:site_name\" content=\"Monaco Tribune\" \/>\n<meta property=\"article:publisher\" content=\"https:\/\/www.facebook.com\/MonacoTribune\" \/>\n<meta property=\"article:published_time\" content=\"2023-08-21T14:01:08+00:00\" \/>\n<meta property=\"article:modified_time\" content=\"2023-08-21T14:01:14+00:00\" \/>\n<meta property=\"og:image\" content=\"https:\/\/www.monaco-tribune.com\/wp-content\/uploads\/2023\/08\/meduse-pelagique-e1691142286213.jpg\" \/>\n\t<meta property=\"og:image:width\" content=\"1440\" \/>\n\t<meta property=\"og:image:height\" content=\"1081\" \/>\n\t<meta property=\"og:image:type\" content=\"image\/jpeg\" \/>\n<meta name=\"author\" content=\"Paul Charoy\" \/>\n<meta name=\"twitter:card\" content=\"summary_large_image\" \/>\n<meta name=\"twitter:creator\" content=\"@MonacoTribune\" \/>\n<meta name=\"twitter:site\" content=\"@MonacoTribune\" \/>\n<script type=\"application\/ld+json\" class=\"yoast-schema-graph\">{\"@context\":\"https:\\\/\\\/schema.org\",\"@graph\":[{\"@type\":\"NewsArticle\",\"@id\":\"https:\\\/\\\/www.monaco-tribune.com\\\/it\\\/2023\\\/08\\\/attenzione-alle-meduse-sulle-spiagge-della-costa-azzurra\\\/#article\",\"isPartOf\":{\"@id\":\"https:\\\/\\\/www.monaco-tribune.com\\\/it\\\/2023\\\/08\\\/attenzione-alle-meduse-sulle-spiagge-della-costa-azzurra\\\/\"},\"author\":{\"name\":\"Paul Charoy\",\"@id\":\"https:\\\/\\\/www.monaco-tribune.com\\\/it\\\/#\\\/schema\\\/person\\\/c33a9f1bc99ef5a2e07d37c576060b57\"},\"headline\":\"Attenzione alle meduse sulle spiagge della Costa Azzurra\",\"datePublished\":\"2023-08-21T14:01:08+00:00\",\"dateModified\":\"2023-08-21T14:01:14+00:00\",\"mainEntityOfPage\":{\"@id\":\"https:\\\/\\\/www.monaco-tribune.com\\\/it\\\/2023\\\/08\\\/attenzione-alle-meduse-sulle-spiagge-della-costa-azzurra\\\/\"},\"wordCount\":428,\"publisher\":{\"@id\":\"https:\\\/\\\/www.monaco-tribune.com\\\/it\\\/#organization\"},\"image\":{\"@id\":\"https:\\\/\\\/www.monaco-tribune.com\\\/it\\\/2023\\\/08\\\/attenzione-alle-meduse-sulle-spiagge-della-costa-azzurra\\\/#primaryimage\"},\"thumbnailUrl\":\"https:\\\/\\\/www.monaco-tribune.com\\\/wp-content\\\/uploads\\\/2023\\\/08\\\/meduse-pelagique-e1691142286213.jpg\",\"keywords\":[\"Salute\"],\"articleSection\":[\"Notizie\",\"Societ\u00e0\"],\"inLanguage\":\"it-IT\",\"copyrightYear\":\"2023\",\"copyrightHolder\":{\"@id\":\"https:\\\/\\\/www.monaco-tribune.com\\\/#organization\"}},{\"@type\":\"WebPage\",\"@id\":\"https:\\\/\\\/www.monaco-tribune.com\\\/it\\\/2023\\\/08\\\/attenzione-alle-meduse-sulle-spiagge-della-costa-azzurra\\\/\",\"url\":\"https:\\\/\\\/www.monaco-tribune.com\\\/it\\\/2023\\\/08\\\/attenzione-alle-meduse-sulle-spiagge-della-costa-azzurra\\\/\",\"name\":\"Attenzione alle meduse sulle spiagge della Costa Azzurra\",\"isPartOf\":{\"@id\":\"https:\\\/\\\/www.monaco-tribune.com\\\/it\\\/#website\"},\"primaryImageOfPage\":{\"@id\":\"https:\\\/\\\/www.monaco-tribune.com\\\/it\\\/2023\\\/08\\\/attenzione-alle-meduse-sulle-spiagge-della-costa-azzurra\\\/#primaryimage\"},\"image\":{\"@id\":\"https:\\\/\\\/www.monaco-tribune.com\\\/it\\\/2023\\\/08\\\/attenzione-alle-meduse-sulle-spiagge-della-costa-azzurra\\\/#primaryimage\"},\"thumbnailUrl\":\"https:\\\/\\\/www.monaco-tribune.com\\\/wp-content\\\/uploads\\\/2023\\\/08\\\/meduse-pelagique-e1691142286213.jpg\",\"datePublished\":\"2023-08-21T14:01:08+00:00\",\"dateModified\":\"2023-08-21T14:01:14+00:00\",\"description\":\"Nel bel mezzo delle vacanze estive, le spiagge del sud della Francia sono affollate di bagnanti. Anche se un tuffo in acqua \u00e8 sempre piacevole, bisogna\",\"breadcrumb\":{\"@id\":\"https:\\\/\\\/www.monaco-tribune.com\\\/it\\\/2023\\\/08\\\/attenzione-alle-meduse-sulle-spiagge-della-costa-azzurra\\\/#breadcrumb\"},\"inLanguage\":\"it-IT\",\"potentialAction\":[{\"@type\":\"ReadAction\",\"target\":[\"https:\\\/\\\/www.monaco-tribune.com\\\/it\\\/2023\\\/08\\\/attenzione-alle-meduse-sulle-spiagge-della-costa-azzurra\\\/\"]}]},{\"@type\":\"ImageObject\",\"inLanguage\":\"it-IT\",\"@id\":\"https:\\\/\\\/www.monaco-tribune.com\\\/it\\\/2023\\\/08\\\/attenzione-alle-meduse-sulle-spiagge-della-costa-azzurra\\\/#primaryimage\",\"url\":\"https:\\\/\\\/www.monaco-tribune.com\\\/wp-content\\\/uploads\\\/2023\\\/08\\\/meduse-pelagique-e1691142286213.jpg\",\"contentUrl\":\"https:\\\/\\\/www.monaco-tribune.com\\\/wp-content\\\/uploads\\\/2023\\\/08\\\/meduse-pelagique-e1691142286213.jpg\",\"width\":1440,\"height\":1081,\"caption\":\"La Pelagia noctiluca \u00e8 una medusa urticante molto comune nel Mar Mediterraneo e sulle spiagge della Costa Azzurra. \u00a9 Facebook \\\/ Carole Chenu\"},{\"@type\":\"BreadcrumbList\",\"@id\":\"https:\\\/\\\/www.monaco-tribune.com\\\/it\\\/2023\\\/08\\\/attenzione-alle-meduse-sulle-spiagge-della-costa-azzurra\\\/#breadcrumb\",\"itemListElement\":[{\"@type\":\"ListItem\",\"position\":1,\"name\":\"Accueil\",\"item\":\"https:\\\/\\\/www.monaco-tribune.com\\\/it\\\/\"},{\"@type\":\"ListItem\",\"position\":2,\"name\":\"Attenzione alle meduse sulle spiagge della Costa Azzurra\"}]},{\"@type\":\"WebSite\",\"@id\":\"https:\\\/\\\/www.monaco-tribune.com\\\/it\\\/#website\",\"url\":\"https:\\\/\\\/www.monaco-tribune.com\\\/it\\\/\",\"name\":\"Monaco Tribune\",\"description\":\"Monaco : actualit\u00e9s \u00e9conomiques, politiques, culturelles et sportives de Monaco et de la French Riviera.\",\"publisher\":{\"@id\":\"https:\\\/\\\/www.monaco-tribune.com\\\/it\\\/#organization\"},\"potentialAction\":[{\"@type\":\"SearchAction\",\"target\":{\"@type\":\"EntryPoint\",\"urlTemplate\":\"https:\\\/\\\/www.monaco-tribune.com\\\/it\\\/?s={search_term_string}\"},\"query-input\":{\"@type\":\"PropertyValueSpecification\",\"valueRequired\":true,\"valueName\":\"search_term_string\"}}],\"inLanguage\":\"it-IT\"},{\"@type\":\"Organization\",\"@id\":\"https:\\\/\\\/www.monaco-tribune.com\\\/it\\\/#organization\",\"name\":\"Monaco Tribune\",\"url\":\"https:\\\/\\\/www.monaco-tribune.com\\\/it\\\/\",\"logo\":{\"@type\":\"ImageObject\",\"inLanguage\":\"it-IT\",\"@id\":\"https:\\\/\\\/www.monaco-tribune.com\\\/it\\\/#\\\/schema\\\/logo\\\/image\\\/\",\"url\":\"https:\\\/\\\/www.monaco-tribune.com\\\/wp-content\\\/uploads\\\/2022\\\/11\\\/logo-monaco-tribune.png\",\"contentUrl\":\"https:\\\/\\\/www.monaco-tribune.com\\\/wp-content\\\/uploads\\\/2022\\\/11\\\/logo-monaco-tribune.png\",\"width\":1548,\"height\":600,\"caption\":\"Monaco Tribune\"},\"image\":{\"@id\":\"https:\\\/\\\/www.monaco-tribune.com\\\/it\\\/#\\\/schema\\\/logo\\\/image\\\/\"},\"sameAs\":[\"https:\\\/\\\/www.facebook.com\\\/MonacoTribune\",\"https:\\\/\\\/x.com\\\/MonacoTribune\",\"https:\\\/\\\/www.instagram.com\\\/monacotribune\\\/\",\"https:\\\/\\\/www.linkedin.com\\\/company\\\/monaco-tribune\",\"https:\\\/\\\/www.youtube.com\\\/channel\\\/UCHle1MnG6hw1y4lWKijVbMA\"]},{\"@type\":\"Person\",\"@id\":\"https:\\\/\\\/www.monaco-tribune.com\\\/it\\\/#\\\/schema\\\/person\\\/c33a9f1bc99ef5a2e07d37c576060b57\",\"name\":\"Paul Charoy\",\"image\":{\"@type\":\"ImageObject\",\"inLanguage\":\"it-IT\",\"@id\":\"https:\\\/\\\/secure.gravatar.com\\\/avatar\\\/c3a39fd900275d54a628738568f1949e90ce9945d105d000228335a7bad64b38?s=96&d=mm&r=g\",\"url\":\"https:\\\/\\\/secure.gravatar.com\\\/avatar\\\/c3a39fd900275d54a628738568f1949e90ce9945d105d000228335a7bad64b38?s=96&d=mm&r=g\",\"contentUrl\":\"https:\\\/\\\/secure.gravatar.com\\\/avatar\\\/c3a39fd900275d54a628738568f1949e90ce9945d105d000228335a7bad64b38?s=96&d=mm&r=g\",\"caption\":\"Paul Charoy\"},\"url\":\"https:\\\/\\\/www.monaco-tribune.com\\\/it\\\/author\\\/paulcharoy\\\/\"}]}<\/script>\n<!-- \/ Yoast SEO Premium plugin. -->","yoast_head_json":{"title":"Attenzione alle meduse sulle spiagge della Costa Azzurra","description":"Nel bel mezzo delle vacanze estive, le spiagge del sud della Francia sono affollate di bagnanti. Anche se un tuffo in acqua \u00e8 sempre piacevole, bisogna","robots":{"index":"index","follow":"follow","max-snippet":"max-snippet:-1","max-image-preview":"max-image-preview:large","max-video-preview":"max-video-preview:-1"},"canonical":"https:\/\/www.monaco-tribune.com\/it\/2023\/08\/attenzione-alle-meduse-sulle-spiagge-della-costa-azzurra\/","og_locale":"it_IT","og_type":"article","og_title":"Attenzione alle meduse sulle spiagge della Costa Azzurra - Monaco Tribune","og_description":"Nel bel mezzo delle vacanze estive, le spiagge del sud della Francia sono affollate di bagnanti. Anche se un tuffo in acqua \u00e8 sempre piacevole, bisogna","og_url":"https:\/\/www.monaco-tribune.com\/it\/2023\/08\/attenzione-alle-meduse-sulle-spiagge-della-costa-azzurra\/","og_site_name":"Monaco Tribune","article_publisher":"https:\/\/www.facebook.com\/MonacoTribune","article_published_time":"2023-08-21T14:01:08+00:00","article_modified_time":"2023-08-21T14:01:14+00:00","og_image":[{"width":1440,"height":1081,"url":"https:\/\/www.monaco-tribune.com\/wp-content\/uploads\/2023\/08\/meduse-pelagique-e1691142286213.jpg","type":"image\/jpeg"}],"author":"Paul Charoy","twitter_card":"summary_large_image","twitter_creator":"@MonacoTribune","twitter_site":"@MonacoTribune","schema":{"@context":"https:\/\/schema.org","@graph":[{"@type":"NewsArticle","@id":"https:\/\/www.monaco-tribune.com\/it\/2023\/08\/attenzione-alle-meduse-sulle-spiagge-della-costa-azzurra\/#article","isPartOf":{"@id":"https:\/\/www.monaco-tribune.com\/it\/2023\/08\/attenzione-alle-meduse-sulle-spiagge-della-costa-azzurra\/"},"author":{"name":"Paul Charoy","@id":"https:\/\/www.monaco-tribune.com\/it\/#\/schema\/person\/c33a9f1bc99ef5a2e07d37c576060b57"},"headline":"Attenzione alle meduse sulle spiagge della Costa Azzurra","datePublished":"2023-08-21T14:01:08+00:00","dateModified":"2023-08-21T14:01:14+00:00","mainEntityOfPage":{"@id":"https:\/\/www.monaco-tribune.com\/it\/2023\/08\/attenzione-alle-meduse-sulle-spiagge-della-costa-azzurra\/"},"wordCount":428,"publisher":{"@id":"https:\/\/www.monaco-tribune.com\/it\/#organization"},"image":{"@id":"https:\/\/www.monaco-tribune.com\/it\/2023\/08\/attenzione-alle-meduse-sulle-spiagge-della-costa-azzurra\/#primaryimage"},"thumbnailUrl":"https:\/\/www.monaco-tribune.com\/wp-content\/uploads\/2023\/08\/meduse-pelagique-e1691142286213.jpg","keywords":["Salute"],"articleSection":["Notizie","Societ\u00e0"],"inLanguage":"it-IT","copyrightYear":"2023","copyrightHolder":{"@id":"https:\/\/www.monaco-tribune.com\/#organization"}},{"@type":"WebPage","@id":"https:\/\/www.monaco-tribune.com\/it\/2023\/08\/attenzione-alle-meduse-sulle-spiagge-della-costa-azzurra\/","url":"https:\/\/www.monaco-tribune.com\/it\/2023\/08\/attenzione-alle-meduse-sulle-spiagge-della-costa-azzurra\/","name":"Attenzione alle meduse sulle spiagge della Costa Azzurra","isPartOf":{"@id":"https:\/\/www.monaco-tribune.com\/it\/#website"},"primaryImageOfPage":{"@id":"https:\/\/www.monaco-tribune.com\/it\/2023\/08\/attenzione-alle-meduse-sulle-spiagge-della-costa-azzurra\/#primaryimage"},"image":{"@id":"https:\/\/www.monaco-tribune.com\/it\/2023\/08\/attenzione-alle-meduse-sulle-spiagge-della-costa-azzurra\/#primaryimage"},"thumbnailUrl":"https:\/\/www.monaco-tribune.com\/wp-content\/uploads\/2023\/08\/meduse-pelagique-e1691142286213.jpg","datePublished":"2023-08-21T14:01:08+00:00","dateModified":"2023-08-21T14:01:14+00:00","description":"Nel bel mezzo delle vacanze estive, le spiagge del sud della Francia sono affollate di bagnanti. Anche se un tuffo in acqua \u00e8 sempre piacevole, bisogna","breadcrumb":{"@id":"https:\/\/www.monaco-tribune.com\/it\/2023\/08\/attenzione-alle-meduse-sulle-spiagge-della-costa-azzurra\/#breadcrumb"},"inLanguage":"it-IT","potentialAction":[{"@type":"ReadAction","target":["https:\/\/www.monaco-tribune.com\/it\/2023\/08\/attenzione-alle-meduse-sulle-spiagge-della-costa-azzurra\/"]}]},{"@type":"ImageObject","inLanguage":"it-IT","@id":"https:\/\/www.monaco-tribune.com\/it\/2023\/08\/attenzione-alle-meduse-sulle-spiagge-della-costa-azzurra\/#primaryimage","url":"https:\/\/www.monaco-tribune.com\/wp-content\/uploads\/2023\/08\/meduse-pelagique-e1691142286213.jpg","contentUrl":"https:\/\/www.monaco-tribune.com\/wp-content\/uploads\/2023\/08\/meduse-pelagique-e1691142286213.jpg","width":1440,"height":1081,"caption":"La Pelagia noctiluca \u00e8 una medusa urticante molto comune nel Mar Mediterraneo e sulle spiagge della Costa Azzurra. \u00a9 Facebook \/ Carole Chenu"},{"@type":"BreadcrumbList","@id":"https:\/\/www.monaco-tribune.com\/it\/2023\/08\/attenzione-alle-meduse-sulle-spiagge-della-costa-azzurra\/#breadcrumb","itemListElement":[{"@type":"ListItem","position":1,"name":"Accueil","item":"https:\/\/www.monaco-tribune.com\/it\/"},{"@type":"ListItem","position":2,"name":"Attenzione alle meduse sulle spiagge della Costa Azzurra"}]},{"@type":"WebSite","@id":"https:\/\/www.monaco-tribune.com\/it\/#website","url":"https:\/\/www.monaco-tribune.com\/it\/","name":"Monaco Tribune","description":"Monaco : actualit\u00e9s \u00e9conomiques, politiques, culturelles et sportives de Monaco et de la French Riviera.","publisher":{"@id":"https:\/\/www.monaco-tribune.com\/it\/#organization"},"potentialAction":[{"@type":"SearchAction","target":{"@type":"EntryPoint","urlTemplate":"https:\/\/www.monaco-tribune.com\/it\/?s={search_term_string}"},"query-input":{"@type":"PropertyValueSpecification","valueRequired":true,"valueName":"search_term_string"}}],"inLanguage":"it-IT"},{"@type":"Organization","@id":"https:\/\/www.monaco-tribune.com\/it\/#organization","name":"Monaco Tribune","url":"https:\/\/www.monaco-tribune.com\/it\/","logo":{"@type":"ImageObject","inLanguage":"it-IT","@id":"https:\/\/www.monaco-tribune.com\/it\/#\/schema\/logo\/image\/","url":"https:\/\/www.monaco-tribune.com\/wp-content\/uploads\/2022\/11\/logo-monaco-tribune.png","contentUrl":"https:\/\/www.monaco-tribune.com\/wp-content\/uploads\/2022\/11\/logo-monaco-tribune.png","width":1548,"height":600,"caption":"Monaco Tribune"},"image":{"@id":"https:\/\/www.monaco-tribune.com\/it\/#\/schema\/logo\/image\/"},"sameAs":["https:\/\/www.facebook.com\/MonacoTribune","https:\/\/x.com\/MonacoTribune","https:\/\/www.instagram.com\/monacotribune\/","https:\/\/www.linkedin.com\/company\/monaco-tribune","https:\/\/www.youtube.com\/channel\/UCHle1MnG6hw1y4lWKijVbMA"]},{"@type":"Person","@id":"https:\/\/www.monaco-tribune.com\/it\/#\/schema\/person\/c33a9f1bc99ef5a2e07d37c576060b57","name":"Paul Charoy","image":{"@type":"ImageObject","inLanguage":"it-IT","@id":"https:\/\/secure.gravatar.com\/avatar\/c3a39fd900275d54a628738568f1949e90ce9945d105d000228335a7bad64b38?s=96&d=mm&r=g","url":"https:\/\/secure.gravatar.com\/avatar\/c3a39fd900275d54a628738568f1949e90ce9945d105d000228335a7bad64b38?s=96&d=mm&r=g","contentUrl":"https:\/\/secure.gravatar.com\/avatar\/c3a39fd900275d54a628738568f1949e90ce9945d105d000228335a7bad64b38?s=96&d=mm&r=g","caption":"Paul Charoy"},"url":"https:\/\/www.monaco-tribune.com\/it\/author\/paulcharoy\/"}]}},"_links":{"self":[{"href":"https:\/\/www.monaco-tribune.com\/it\/wp-json\/wp\/v2\/posts\/189027","targetHints":{"allow":["GET"]}}],"collection":[{"href":"https:\/\/www.monaco-tribune.com\/it\/wp-json\/wp\/v2\/posts"}],"about":[{"href":"https:\/\/www.monaco-tribune.com\/it\/wp-json\/wp\/v2\/types\/post"}],"author":[{"embeddable":true,"href":"https:\/\/www.monaco-tribune.com\/it\/wp-json\/wp\/v2\/users\/65"}],"replies":[{"embeddable":true,"href":"https:\/\/www.monaco-tribune.com\/it\/wp-json\/wp\/v2\/comments?post=189027"}],"version-history":[{"count":2,"href":"https:\/\/www.monaco-tribune.com\/it\/wp-json\/wp\/v2\/posts\/189027\/revisions"}],"predecessor-version":[{"id":189030,"href":"https:\/\/www.monaco-tribune.com\/it\/wp-json\/wp\/v2\/posts\/189027\/revisions\/189030"}],"wp:featuredmedia":[{"embeddable":true,"href":"https:\/\/www.monaco-tribune.com\/it\/wp-json\/wp\/v2\/media\/188028"}],"wp:attachment":[{"href":"https:\/\/www.monaco-tribune.com\/it\/wp-json\/wp\/v2\/media?parent=189027"}],"wp:term":[{"taxonomy":"category","embeddable":true,"href":"https:\/\/www.monaco-tribune.com\/it\/wp-json\/wp\/v2\/categories?post=189027"},{"taxonomy":"post_tag","embeddable":true,"href":"https:\/\/www.monaco-tribune.com\/it\/wp-json\/wp\/v2\/tags?post=189027"},{"taxonomy":"sectag","embeddable":true,"href":"https:\/\/www.monaco-tribune.com\/it\/wp-json\/wp\/v2\/post_sectags?post=189027"},{"taxonomy":"format","embeddable":true,"href":"https:\/\/www.monaco-tribune.com\/it\/wp-json\/wp\/v2\/post_format?post=189027"}],"curies":[{"name":"wp","href":"https:\/\/api.w.org\/{rel}","templated":true}]}}