{"id":189465,"date":"2023-08-25T11:57:23","date_gmt":"2023-08-25T09:57:23","guid":{"rendered":"https:\/\/www.monaco-tribune.com\/2023\/08\/il-principato-e-una-delle-destinazioni-balneari-piu-care-al-mondo\/"},"modified":"2023-08-25T11:57:27","modified_gmt":"2023-08-25T09:57:27","slug":"il-principato-e-una-delle-destinazioni-balneari-piu-care-al-mondo","status":"publish","type":"post","link":"https:\/\/www.monaco-tribune.com\/it\/2023\/08\/il-principato-e-una-delle-destinazioni-balneari-piu-care-al-mondo\/","title":{"rendered":"Il Principato \u00e8 una delle destinazioni balneari pi\u00f9 care al mondo"},"content":{"rendered":"\n<p><strong>Ma non \u00e8 al primo posto!<\/strong><\/p>\n\n<p>Cosa hanno in comune Monaco, Capri e Saint-Tropez? Secondo una classifica stilata dal sito TravelMag.com, e pubblicata il 1\u00b0 agosto, queste tre destinazioni balneari sono tra le venti pi\u00f9 care al mondo.<\/p>\n\n<p>Per condurre questo studio, il sito ha calcolato il prezzo medio pi\u00f9 basso per una camera doppia ad agosto 2023 (esclusi Airbnb e appartamenti in affitto). Ha inoltre preso in considerazione solo gli hotel con almeno tre stelle e situati nei pressi della citt\u00e0 o della spiaggia.<\/p>\n\n<p class=\"related\"><a href=\"https:\/\/www.monaco-tribune.com\/it\/2023\/07\/come-funziona-airbnb-a-monaco\/\">Come funziona Airbnb a Monaco?<\/a><\/p>\n\n<p>Con un prezzo medio di 381 dollari a notte (circa 350 euro), Monaco si piazza al nono posto. Saint-Tropez \u00e8 quarta, con un prezzo medio di 440 dollari. L&#8217;isola di Capri invece \u00e8 settima, con un prezzo medio di 399 dollari. Ma il primo posto se lo aggiudica Nantucket Town, a Cape Cod, con 694 dollari a notte.<\/p>\n\n<p>La maggior parte delle destinazioni pi\u00f9 costose si trova negli Stati Uniti. L&#8217;Italia, tuttavia, \u00e8 una presenza costante, con Positano al secondo posto e una media di 481 dollari a notte, e al 18\u00b0 e 20\u00b0 posto con Amalfi (295 dollari) e Santa Margherita Ligure (292 dollari).<\/p>\n\n<p class=\"related\"><a href=\"https:\/\/www.monaco-tribune.com\/it\/2023\/08\/nuovo-volo-diretto-per-una-citta-statunitense-dallaeroporto-di-nizza-nel-2024\/\">Nuovo volo diretto per una citt\u00e0 statunitense dall\u2019aeroporto di Nizza nel 2024<\/a><\/p>\n\n<p>Ecco la classifica completa:<\/p>\n\n<p><strong>1. Nantucket Town (Stati Uniti) :<\/strong> 694 dollari&#13;\n<strong>2. Positano (Italia) :<\/strong> 481 dollari&#13;\n<strong>3. Montauk (Stati Uniti) :<\/strong> 478 dollari&#13;\n<strong>4. Saint-Tropez (Francia):<\/strong> 440 dollari&#13;\n<strong>5. Kennebunkport (Stati Uniti) :<\/strong> 406 dollari&#13;\n<strong>6. Provincetown (Stati Uniti) :<\/strong> 404 dollari&#13;\n<strong>7. Capri (Italia) :<\/strong> 399 dollari&#13;\n<strong>8. Bar Harbor (Stati Uniti) :<\/strong> 384 dollari&#13;\n<strong>9. Monaco:<\/strong> 381 dollari&#13;\n<strong>10. Santa Monica (Stati Uniti) :<\/strong> 360 dollari&#13;\n<strong>11. Rehoboth Beach (Stati Uniti) :<\/strong> 359 dollari&#13;\n<strong>12. Cape May (Stati Uniti) :<\/strong> 346 dollari&#13;\n<strong>13. Portland (Stati Uniti) :<\/strong> 317 dollari&#13;\n<strong>14. Ocean City (Stati Uniti) :<\/strong> 310 dollari&#13;\n<strong>15. Ibiza (Spagna) :<\/strong> 310 dollari&#13;\n<strong>16. Santa Eul\u00e0ria des Riu (Spagna) :<\/strong> 307 dollari&#13;\n<strong>17. Platis Gialos (Grecia) :<\/strong> 299 dollari&#13;\n<strong>18. Amalfi (Italia) :<\/strong> 295 dollari&#13;\n<strong>19. Pismo Beach (Stati Uniti) :<\/strong> 293 dollari&#13;\n<strong>20. Santa Margherita Ligure (Italia) :<\/strong> 292 dollari<\/p>\n","protected":false},"excerpt":{"rendered":"<p>Ma non \u00e8 al primo posto! Cosa hanno in comune Monaco, Capri e Saint-Tropez? Secondo una classifica stilata dal sito [&hellip;]<\/p>\n","protected":false},"author":60,"featured_media":189371,"comment_status":"closed","ping_status":"closed","sticky":false,"template":"","format":"standard","meta":{"_acf_changed":false,"footnotes":""},"categories":[1738,1752],"tags":[2954],"post_sectags":[4320,4321],"post_format":[2478],"class_list":["post-189465","post","type-post","status-publish","format-standard","has-post-thumbnail","hentry","category-notizie","category-societa","tag-turismo","sectag-capri-it","sectag-saint-tropez-it","format-notizia"],"acf":[],"yoast_head":"<!-- This site is optimized with the Yoast SEO Premium plugin v26.8 (Yoast SEO v27.4) - https:\/\/yoast.com\/product\/yoast-seo-premium-wordpress\/ -->\n<title>Il Principato \u00e8 una delle destinazioni balneari pi\u00f9 care al mondo<\/title>\n<meta name=\"description\" content=\"Ma non \u00e8 al primo posto! Cosa hanno in comune Monaco, Capri e Saint-Tropez? Secondo una classifica stilata dal sito TravelMag.com, e pubblicata il 1\u00b0\" \/>\n<meta name=\"robots\" content=\"index, follow, max-snippet:-1, max-image-preview:large, max-video-preview:-1\" \/>\n<link rel=\"canonical\" href=\"https:\/\/www.monaco-tribune.com\/it\/2023\/08\/il-principato-e-una-delle-destinazioni-balneari-piu-care-al-mondo\/\" \/>\n<meta property=\"og:locale\" content=\"it_IT\" \/>\n<meta property=\"og:type\" content=\"article\" \/>\n<meta property=\"og:title\" content=\"Il Principato \u00e8 una delle destinazioni balneari pi\u00f9 care al mondo - Monaco Tribune\" \/>\n<meta property=\"og:description\" content=\"Ma non \u00e8 al primo posto! Cosa hanno in comune Monaco, Capri e Saint-Tropez? Secondo una classifica stilata dal sito TravelMag.com, e pubblicata il 1\u00b0\" \/>\n<meta property=\"og:url\" content=\"https:\/\/www.monaco-tribune.com\/it\/2023\/08\/il-principato-e-una-delle-destinazioni-balneari-piu-care-al-mondo\/\" \/>\n<meta property=\"og:site_name\" content=\"Monaco Tribune\" \/>\n<meta property=\"article:publisher\" content=\"https:\/\/www.facebook.com\/MonacoTribune\" \/>\n<meta property=\"article:published_time\" content=\"2023-08-25T09:57:23+00:00\" \/>\n<meta property=\"article:modified_time\" content=\"2023-08-25T09:57:27+00:00\" \/>\n<meta property=\"og:image\" content=\"https:\/\/www.monaco-tribune.com\/wp-content\/uploads\/2023\/08\/monaco-destination-bord-mer-cher.jpeg\" \/>\n\t<meta property=\"og:image:width\" content=\"1200\" \/>\n\t<meta property=\"og:image:height\" content=\"800\" \/>\n\t<meta property=\"og:image:type\" content=\"image\/jpeg\" \/>\n<meta name=\"author\" content=\"Camille Esteve\" \/>\n<meta name=\"twitter:card\" content=\"summary_large_image\" \/>\n<meta name=\"twitter:creator\" content=\"@MonacoTribune\" \/>\n<meta name=\"twitter:site\" content=\"@MonacoTribune\" \/>\n<script type=\"application\/ld+json\" class=\"yoast-schema-graph\">{\"@context\":\"https:\\\/\\\/schema.org\",\"@graph\":[{\"@type\":\"NewsArticle\",\"@id\":\"https:\\\/\\\/www.monaco-tribune.com\\\/it\\\/2023\\\/08\\\/il-principato-e-una-delle-destinazioni-balneari-piu-care-al-mondo\\\/#article\",\"isPartOf\":{\"@id\":\"https:\\\/\\\/www.monaco-tribune.com\\\/it\\\/2023\\\/08\\\/il-principato-e-una-delle-destinazioni-balneari-piu-care-al-mondo\\\/\"},\"author\":{\"name\":\"Camille Esteve\",\"@id\":\"https:\\\/\\\/www.monaco-tribune.com\\\/it\\\/#\\\/schema\\\/person\\\/a855d420fff4d03637641d60b93ac62e\"},\"headline\":\"Il Principato \u00e8 una delle destinazioni balneari pi\u00f9 care al mondo\",\"datePublished\":\"2023-08-25T09:57:23+00:00\",\"dateModified\":\"2023-08-25T09:57:27+00:00\",\"mainEntityOfPage\":{\"@id\":\"https:\\\/\\\/www.monaco-tribune.com\\\/it\\\/2023\\\/08\\\/il-principato-e-una-delle-destinazioni-balneari-piu-care-al-mondo\\\/\"},\"wordCount\":292,\"publisher\":{\"@id\":\"https:\\\/\\\/www.monaco-tribune.com\\\/it\\\/#organization\"},\"image\":{\"@id\":\"https:\\\/\\\/www.monaco-tribune.com\\\/it\\\/2023\\\/08\\\/il-principato-e-una-delle-destinazioni-balneari-piu-care-al-mondo\\\/#primaryimage\"},\"thumbnailUrl\":\"https:\\\/\\\/www.monaco-tribune.com\\\/wp-content\\\/uploads\\\/2023\\\/08\\\/monaco-destination-bord-mer-cher.jpeg\",\"keywords\":[\"Turismo\"],\"articleSection\":[\"Notizie\",\"Societ\u00e0\"],\"inLanguage\":\"it-IT\",\"copyrightYear\":\"2023\",\"copyrightHolder\":{\"@id\":\"https:\\\/\\\/www.monaco-tribune.com\\\/#organization\"}},{\"@type\":\"WebPage\",\"@id\":\"https:\\\/\\\/www.monaco-tribune.com\\\/it\\\/2023\\\/08\\\/il-principato-e-una-delle-destinazioni-balneari-piu-care-al-mondo\\\/\",\"url\":\"https:\\\/\\\/www.monaco-tribune.com\\\/it\\\/2023\\\/08\\\/il-principato-e-una-delle-destinazioni-balneari-piu-care-al-mondo\\\/\",\"name\":\"Il Principato \u00e8 una delle destinazioni balneari pi\u00f9 care al mondo\",\"isPartOf\":{\"@id\":\"https:\\\/\\\/www.monaco-tribune.com\\\/it\\\/#website\"},\"primaryImageOfPage\":{\"@id\":\"https:\\\/\\\/www.monaco-tribune.com\\\/it\\\/2023\\\/08\\\/il-principato-e-una-delle-destinazioni-balneari-piu-care-al-mondo\\\/#primaryimage\"},\"image\":{\"@id\":\"https:\\\/\\\/www.monaco-tribune.com\\\/it\\\/2023\\\/08\\\/il-principato-e-una-delle-destinazioni-balneari-piu-care-al-mondo\\\/#primaryimage\"},\"thumbnailUrl\":\"https:\\\/\\\/www.monaco-tribune.com\\\/wp-content\\\/uploads\\\/2023\\\/08\\\/monaco-destination-bord-mer-cher.jpeg\",\"datePublished\":\"2023-08-25T09:57:23+00:00\",\"dateModified\":\"2023-08-25T09:57:27+00:00\",\"description\":\"Ma non \u00e8 al primo posto! Cosa hanno in comune Monaco, Capri e Saint-Tropez? Secondo una classifica stilata dal sito TravelMag.com, e pubblicata il 1\u00b0\",\"breadcrumb\":{\"@id\":\"https:\\\/\\\/www.monaco-tribune.com\\\/it\\\/2023\\\/08\\\/il-principato-e-una-delle-destinazioni-balneari-piu-care-al-mondo\\\/#breadcrumb\"},\"inLanguage\":\"it-IT\",\"potentialAction\":[{\"@type\":\"ReadAction\",\"target\":[\"https:\\\/\\\/www.monaco-tribune.com\\\/it\\\/2023\\\/08\\\/il-principato-e-una-delle-destinazioni-balneari-piu-care-al-mondo\\\/\"]}]},{\"@type\":\"ImageObject\",\"inLanguage\":\"it-IT\",\"@id\":\"https:\\\/\\\/www.monaco-tribune.com\\\/it\\\/2023\\\/08\\\/il-principato-e-una-delle-destinazioni-balneari-piu-care-al-mondo\\\/#primaryimage\",\"url\":\"https:\\\/\\\/www.monaco-tribune.com\\\/wp-content\\\/uploads\\\/2023\\\/08\\\/monaco-destination-bord-mer-cher.jpeg\",\"contentUrl\":\"https:\\\/\\\/www.monaco-tribune.com\\\/wp-content\\\/uploads\\\/2023\\\/08\\\/monaco-destination-bord-mer-cher.jpeg\",\"width\":1200,\"height\":800,\"caption\":\"La spiaggia del Larvotto ospita ogni anno numerosi turisti - \u00a9 Direzione della comunicazione\"},{\"@type\":\"BreadcrumbList\",\"@id\":\"https:\\\/\\\/www.monaco-tribune.com\\\/it\\\/2023\\\/08\\\/il-principato-e-una-delle-destinazioni-balneari-piu-care-al-mondo\\\/#breadcrumb\",\"itemListElement\":[{\"@type\":\"ListItem\",\"position\":1,\"name\":\"Accueil\",\"item\":\"https:\\\/\\\/www.monaco-tribune.com\\\/it\\\/\"},{\"@type\":\"ListItem\",\"position\":2,\"name\":\"Il Principato \u00e8 una delle destinazioni balneari pi\u00f9 care al mondo\"}]},{\"@type\":\"WebSite\",\"@id\":\"https:\\\/\\\/www.monaco-tribune.com\\\/it\\\/#website\",\"url\":\"https:\\\/\\\/www.monaco-tribune.com\\\/it\\\/\",\"name\":\"Monaco Tribune\",\"description\":\"Monaco : actualit\u00e9s \u00e9conomiques, politiques, culturelles et sportives de Monaco et de la French Riviera.\",\"publisher\":{\"@id\":\"https:\\\/\\\/www.monaco-tribune.com\\\/it\\\/#organization\"},\"potentialAction\":[{\"@type\":\"SearchAction\",\"target\":{\"@type\":\"EntryPoint\",\"urlTemplate\":\"https:\\\/\\\/www.monaco-tribune.com\\\/it\\\/?s={search_term_string}\"},\"query-input\":{\"@type\":\"PropertyValueSpecification\",\"valueRequired\":true,\"valueName\":\"search_term_string\"}}],\"inLanguage\":\"it-IT\"},{\"@type\":\"Organization\",\"@id\":\"https:\\\/\\\/www.monaco-tribune.com\\\/it\\\/#organization\",\"name\":\"Monaco Tribune\",\"url\":\"https:\\\/\\\/www.monaco-tribune.com\\\/it\\\/\",\"logo\":{\"@type\":\"ImageObject\",\"inLanguage\":\"it-IT\",\"@id\":\"https:\\\/\\\/www.monaco-tribune.com\\\/it\\\/#\\\/schema\\\/logo\\\/image\\\/\",\"url\":\"https:\\\/\\\/www.monaco-tribune.com\\\/wp-content\\\/uploads\\\/2022\\\/11\\\/logo-monaco-tribune.png\",\"contentUrl\":\"https:\\\/\\\/www.monaco-tribune.com\\\/wp-content\\\/uploads\\\/2022\\\/11\\\/logo-monaco-tribune.png\",\"width\":1548,\"height\":600,\"caption\":\"Monaco Tribune\"},\"image\":{\"@id\":\"https:\\\/\\\/www.monaco-tribune.com\\\/it\\\/#\\\/schema\\\/logo\\\/image\\\/\"},\"sameAs\":[\"https:\\\/\\\/www.facebook.com\\\/MonacoTribune\",\"https:\\\/\\\/x.com\\\/MonacoTribune\",\"https:\\\/\\\/www.instagram.com\\\/monacotribune\\\/\",\"https:\\\/\\\/www.linkedin.com\\\/company\\\/monaco-tribune\",\"https:\\\/\\\/www.youtube.com\\\/channel\\\/UCHle1MnG6hw1y4lWKijVbMA\"]},{\"@type\":\"Person\",\"@id\":\"https:\\\/\\\/www.monaco-tribune.com\\\/it\\\/#\\\/schema\\\/person\\\/a855d420fff4d03637641d60b93ac62e\",\"name\":\"Camille Esteve\",\"image\":{\"@type\":\"ImageObject\",\"inLanguage\":\"it-IT\",\"@id\":\"https:\\\/\\\/secure.gravatar.com\\\/avatar\\\/eaaa2355a7bb56c0018a391c20a55bf9b4690e3f493231dd850e612bfa6ce161?s=96&d=mm&r=g\",\"url\":\"https:\\\/\\\/secure.gravatar.com\\\/avatar\\\/eaaa2355a7bb56c0018a391c20a55bf9b4690e3f493231dd850e612bfa6ce161?s=96&d=mm&r=g\",\"contentUrl\":\"https:\\\/\\\/secure.gravatar.com\\\/avatar\\\/eaaa2355a7bb56c0018a391c20a55bf9b4690e3f493231dd850e612bfa6ce161?s=96&d=mm&r=g\",\"caption\":\"Camille Esteve\"},\"url\":\"https:\\\/\\\/www.monaco-tribune.com\\\/it\\\/author\\\/camilleesteve\\\/\"}]}<\/script>\n<!-- \/ Yoast SEO Premium plugin. -->","yoast_head_json":{"title":"Il Principato \u00e8 una delle destinazioni balneari pi\u00f9 care al mondo","description":"Ma non \u00e8 al primo posto! Cosa hanno in comune Monaco, Capri e Saint-Tropez? Secondo una classifica stilata dal sito TravelMag.com, e pubblicata il 1\u00b0","robots":{"index":"index","follow":"follow","max-snippet":"max-snippet:-1","max-image-preview":"max-image-preview:large","max-video-preview":"max-video-preview:-1"},"canonical":"https:\/\/www.monaco-tribune.com\/it\/2023\/08\/il-principato-e-una-delle-destinazioni-balneari-piu-care-al-mondo\/","og_locale":"it_IT","og_type":"article","og_title":"Il Principato \u00e8 una delle destinazioni balneari pi\u00f9 care al mondo - Monaco Tribune","og_description":"Ma non \u00e8 al primo posto! Cosa hanno in comune Monaco, Capri e Saint-Tropez? Secondo una classifica stilata dal sito TravelMag.com, e pubblicata il 1\u00b0","og_url":"https:\/\/www.monaco-tribune.com\/it\/2023\/08\/il-principato-e-una-delle-destinazioni-balneari-piu-care-al-mondo\/","og_site_name":"Monaco Tribune","article_publisher":"https:\/\/www.facebook.com\/MonacoTribune","article_published_time":"2023-08-25T09:57:23+00:00","article_modified_time":"2023-08-25T09:57:27+00:00","og_image":[{"width":1200,"height":800,"url":"https:\/\/www.monaco-tribune.com\/wp-content\/uploads\/2023\/08\/monaco-destination-bord-mer-cher.jpeg","type":"image\/jpeg"}],"author":"Camille Esteve","twitter_card":"summary_large_image","twitter_creator":"@MonacoTribune","twitter_site":"@MonacoTribune","schema":{"@context":"https:\/\/schema.org","@graph":[{"@type":"NewsArticle","@id":"https:\/\/www.monaco-tribune.com\/it\/2023\/08\/il-principato-e-una-delle-destinazioni-balneari-piu-care-al-mondo\/#article","isPartOf":{"@id":"https:\/\/www.monaco-tribune.com\/it\/2023\/08\/il-principato-e-una-delle-destinazioni-balneari-piu-care-al-mondo\/"},"author":{"name":"Camille Esteve","@id":"https:\/\/www.monaco-tribune.com\/it\/#\/schema\/person\/a855d420fff4d03637641d60b93ac62e"},"headline":"Il Principato \u00e8 una delle destinazioni balneari pi\u00f9 care al mondo","datePublished":"2023-08-25T09:57:23+00:00","dateModified":"2023-08-25T09:57:27+00:00","mainEntityOfPage":{"@id":"https:\/\/www.monaco-tribune.com\/it\/2023\/08\/il-principato-e-una-delle-destinazioni-balneari-piu-care-al-mondo\/"},"wordCount":292,"publisher":{"@id":"https:\/\/www.monaco-tribune.com\/it\/#organization"},"image":{"@id":"https:\/\/www.monaco-tribune.com\/it\/2023\/08\/il-principato-e-una-delle-destinazioni-balneari-piu-care-al-mondo\/#primaryimage"},"thumbnailUrl":"https:\/\/www.monaco-tribune.com\/wp-content\/uploads\/2023\/08\/monaco-destination-bord-mer-cher.jpeg","keywords":["Turismo"],"articleSection":["Notizie","Societ\u00e0"],"inLanguage":"it-IT","copyrightYear":"2023","copyrightHolder":{"@id":"https:\/\/www.monaco-tribune.com\/#organization"}},{"@type":"WebPage","@id":"https:\/\/www.monaco-tribune.com\/it\/2023\/08\/il-principato-e-una-delle-destinazioni-balneari-piu-care-al-mondo\/","url":"https:\/\/www.monaco-tribune.com\/it\/2023\/08\/il-principato-e-una-delle-destinazioni-balneari-piu-care-al-mondo\/","name":"Il Principato \u00e8 una delle destinazioni balneari pi\u00f9 care al mondo","isPartOf":{"@id":"https:\/\/www.monaco-tribune.com\/it\/#website"},"primaryImageOfPage":{"@id":"https:\/\/www.monaco-tribune.com\/it\/2023\/08\/il-principato-e-una-delle-destinazioni-balneari-piu-care-al-mondo\/#primaryimage"},"image":{"@id":"https:\/\/www.monaco-tribune.com\/it\/2023\/08\/il-principato-e-una-delle-destinazioni-balneari-piu-care-al-mondo\/#primaryimage"},"thumbnailUrl":"https:\/\/www.monaco-tribune.com\/wp-content\/uploads\/2023\/08\/monaco-destination-bord-mer-cher.jpeg","datePublished":"2023-08-25T09:57:23+00:00","dateModified":"2023-08-25T09:57:27+00:00","description":"Ma non \u00e8 al primo posto! Cosa hanno in comune Monaco, Capri e Saint-Tropez? Secondo una classifica stilata dal sito TravelMag.com, e pubblicata il 1\u00b0","breadcrumb":{"@id":"https:\/\/www.monaco-tribune.com\/it\/2023\/08\/il-principato-e-una-delle-destinazioni-balneari-piu-care-al-mondo\/#breadcrumb"},"inLanguage":"it-IT","potentialAction":[{"@type":"ReadAction","target":["https:\/\/www.monaco-tribune.com\/it\/2023\/08\/il-principato-e-una-delle-destinazioni-balneari-piu-care-al-mondo\/"]}]},{"@type":"ImageObject","inLanguage":"it-IT","@id":"https:\/\/www.monaco-tribune.com\/it\/2023\/08\/il-principato-e-una-delle-destinazioni-balneari-piu-care-al-mondo\/#primaryimage","url":"https:\/\/www.monaco-tribune.com\/wp-content\/uploads\/2023\/08\/monaco-destination-bord-mer-cher.jpeg","contentUrl":"https:\/\/www.monaco-tribune.com\/wp-content\/uploads\/2023\/08\/monaco-destination-bord-mer-cher.jpeg","width":1200,"height":800,"caption":"La spiaggia del Larvotto ospita ogni anno numerosi turisti - \u00a9 Direzione della comunicazione"},{"@type":"BreadcrumbList","@id":"https:\/\/www.monaco-tribune.com\/it\/2023\/08\/il-principato-e-una-delle-destinazioni-balneari-piu-care-al-mondo\/#breadcrumb","itemListElement":[{"@type":"ListItem","position":1,"name":"Accueil","item":"https:\/\/www.monaco-tribune.com\/it\/"},{"@type":"ListItem","position":2,"name":"Il Principato \u00e8 una delle destinazioni balneari pi\u00f9 care al mondo"}]},{"@type":"WebSite","@id":"https:\/\/www.monaco-tribune.com\/it\/#website","url":"https:\/\/www.monaco-tribune.com\/it\/","name":"Monaco Tribune","description":"Monaco : actualit\u00e9s \u00e9conomiques, politiques, culturelles et sportives de Monaco et de la French Riviera.","publisher":{"@id":"https:\/\/www.monaco-tribune.com\/it\/#organization"},"potentialAction":[{"@type":"SearchAction","target":{"@type":"EntryPoint","urlTemplate":"https:\/\/www.monaco-tribune.com\/it\/?s={search_term_string}"},"query-input":{"@type":"PropertyValueSpecification","valueRequired":true,"valueName":"search_term_string"}}],"inLanguage":"it-IT"},{"@type":"Organization","@id":"https:\/\/www.monaco-tribune.com\/it\/#organization","name":"Monaco Tribune","url":"https:\/\/www.monaco-tribune.com\/it\/","logo":{"@type":"ImageObject","inLanguage":"it-IT","@id":"https:\/\/www.monaco-tribune.com\/it\/#\/schema\/logo\/image\/","url":"https:\/\/www.monaco-tribune.com\/wp-content\/uploads\/2022\/11\/logo-monaco-tribune.png","contentUrl":"https:\/\/www.monaco-tribune.com\/wp-content\/uploads\/2022\/11\/logo-monaco-tribune.png","width":1548,"height":600,"caption":"Monaco Tribune"},"image":{"@id":"https:\/\/www.monaco-tribune.com\/it\/#\/schema\/logo\/image\/"},"sameAs":["https:\/\/www.facebook.com\/MonacoTribune","https:\/\/x.com\/MonacoTribune","https:\/\/www.instagram.com\/monacotribune\/","https:\/\/www.linkedin.com\/company\/monaco-tribune","https:\/\/www.youtube.com\/channel\/UCHle1MnG6hw1y4lWKijVbMA"]},{"@type":"Person","@id":"https:\/\/www.monaco-tribune.com\/it\/#\/schema\/person\/a855d420fff4d03637641d60b93ac62e","name":"Camille Esteve","image":{"@type":"ImageObject","inLanguage":"it-IT","@id":"https:\/\/secure.gravatar.com\/avatar\/eaaa2355a7bb56c0018a391c20a55bf9b4690e3f493231dd850e612bfa6ce161?s=96&d=mm&r=g","url":"https:\/\/secure.gravatar.com\/avatar\/eaaa2355a7bb56c0018a391c20a55bf9b4690e3f493231dd850e612bfa6ce161?s=96&d=mm&r=g","contentUrl":"https:\/\/secure.gravatar.com\/avatar\/eaaa2355a7bb56c0018a391c20a55bf9b4690e3f493231dd850e612bfa6ce161?s=96&d=mm&r=g","caption":"Camille Esteve"},"url":"https:\/\/www.monaco-tribune.com\/it\/author\/camilleesteve\/"}]}},"_links":{"self":[{"href":"https:\/\/www.monaco-tribune.com\/it\/wp-json\/wp\/v2\/posts\/189465","targetHints":{"allow":["GET"]}}],"collection":[{"href":"https:\/\/www.monaco-tribune.com\/it\/wp-json\/wp\/v2\/posts"}],"about":[{"href":"https:\/\/www.monaco-tribune.com\/it\/wp-json\/wp\/v2\/types\/post"}],"author":[{"embeddable":true,"href":"https:\/\/www.monaco-tribune.com\/it\/wp-json\/wp\/v2\/users\/60"}],"replies":[{"embeddable":true,"href":"https:\/\/www.monaco-tribune.com\/it\/wp-json\/wp\/v2\/comments?post=189465"}],"version-history":[{"count":2,"href":"https:\/\/www.monaco-tribune.com\/it\/wp-json\/wp\/v2\/posts\/189465\/revisions"}],"predecessor-version":[{"id":189468,"href":"https:\/\/www.monaco-tribune.com\/it\/wp-json\/wp\/v2\/posts\/189465\/revisions\/189468"}],"wp:featuredmedia":[{"embeddable":true,"href":"https:\/\/www.monaco-tribune.com\/it\/wp-json\/wp\/v2\/media\/189371"}],"wp:attachment":[{"href":"https:\/\/www.monaco-tribune.com\/it\/wp-json\/wp\/v2\/media?parent=189465"}],"wp:term":[{"taxonomy":"category","embeddable":true,"href":"https:\/\/www.monaco-tribune.com\/it\/wp-json\/wp\/v2\/categories?post=189465"},{"taxonomy":"post_tag","embeddable":true,"href":"https:\/\/www.monaco-tribune.com\/it\/wp-json\/wp\/v2\/tags?post=189465"},{"taxonomy":"sectag","embeddable":true,"href":"https:\/\/www.monaco-tribune.com\/it\/wp-json\/wp\/v2\/post_sectags?post=189465"},{"taxonomy":"format","embeddable":true,"href":"https:\/\/www.monaco-tribune.com\/it\/wp-json\/wp\/v2\/post_format?post=189465"}],"curies":[{"name":"wp","href":"https:\/\/api.w.org\/{rel}","templated":true}]}}