{"id":190734,"date":"2023-09-05T09:52:41","date_gmt":"2023-09-05T07:52:41","guid":{"rendered":"https:\/\/www.monaco-tribune.com\/2023\/09\/chi-e-davvero-aleksej-fedoricsev-il-presidente-dellas-monaco-basket\/"},"modified":"2023-09-06T14:09:42","modified_gmt":"2023-09-06T12:09:42","slug":"chi-e-davvero-aleksej-fedoricsev-il-presidente-dellas-monaco-basket","status":"publish","type":"post","link":"https:\/\/www.monaco-tribune.com\/it\/2023\/09\/chi-e-davvero-aleksej-fedoricsev-il-presidente-dellas-monaco-basket\/","title":{"rendered":"Chi \u00e8 davvero Aleksej Fedoricsev, il presidente dell&#8217;AS Monaco Basket?"},"content":{"rendered":"\n<p><strong><span lang=\"IT\" style=\"color: black;\">Dal suo arrivo alla guida dell&#8217;AS Monaco Basket, Aleksej Fedoricsev (67 anni) \u00e8 diventato essenziale per il successo del club. Cos\u00ec tanto da essere ormai considerato un personaggio di spicco nel Principato<\/span><\/strong><span lang=\"IT\" style=\"color: black;\">.<\/span><\/p>\n\n<p>\u00c8 difficile, se non impossibile, non vederlo la sera delle partite, in piedi davanti la sua poltrona il pi\u00f9 vicino possibile al campo. Aleksej Fedoricsev non si limita a guardare le partite. Le vive.<\/p>\n\n<p><span lang=\"IT\" style=\"color: black;\">Oleksiy Yefimov, direttore esecutivo dell&#8217;AS Monaco Basket, ne \u00e8 testimone. \u201c<em>Il presidente mi d\u00e0 colpi sulla gamba durante le partite, perch\u00e9 \u00e8 un gran tifoso della squadra e si lascia coinvolgere parecchio<\/em><i>&#8220;, <\/i>sorride<i>. <\/i>\u201c<em>Per fortuna cambio lato durante le partite in trasferta, altrimenti avrei gi\u00e0 un livido sulla gamba!\u201d.<\/em><\/span><\/p>\n\n<h2 class=\"wp-block-heading\" id=\"h-ancien-joueur-de-football-professionnel-devenu-fan-de-basket-ball\">Ex calciatore professionista appassionato di basket<\/h2>\n\n<p>Bisogna dire che da quando \u00e8 entrato nel mondo della pallacanestro, il fondatore di Fedcom, societ\u00e0 specializzata nel commercio di fertilizzanti e materie prime, ha maturato una passione viscerale per il pallone arancione, dopo aver giocato a calcio da professionista per il club Dinamo Mosca negli anni Settanta.<\/p>\n\n<blockquote class=\"wp-block-quote is-layout-flow wp-block-quote-is-layout-flow\">\n<p><em>Fedoricsev \u00e8 senza dubbio una delle personalit\u00e0 pi\u00f9 incisive che abbia mai incontrato. Quello che la gente comune considera un sogno, lui lo vede come un dovere. \u00c8 un vero leader<\/em><\/p>\n<cite>Oleksiy Yefimov, direttore esecutivo dell&#8217;AS Monaco Basket<\/cite><\/blockquote>\n\n<p><em><span lang=\"IT\" style=\"color: black;\">\u201cSi \u00e8 subito innamorato di questo sport, fina dalla prima partita di basket a cui ha assistito\u201d, <\/span><\/em><span lang=\"IT\" style=\"color: black;\">racconta Oleg Petrov, attuale CEO di Fedcom Media, che ha stretto amicizia con il presidente dell&#8217;AS Monaco Basket durante il periodo in cui era vicepresidente dell&#8217;AS Monaco Football. \u201c<em>Da quel giorno ha capito che avrebbe investito molto in questo sport&#8221;.<\/em><i><\/i><\/span><\/p>\n\n<p class=\"related\"><a href=\"https:\/\/www.monaco-tribune.com\/it\/2021\/05\/oleksiy-yefimov-il-giovane-architetto-del-roca-team\/\">Oleksiy Yefimov, il giovane architetto del Roca Team<\/a><\/p>\n\n<p><span lang=\"IT\" style=\"color: black;\">Oleksiy Yefimov ricorda bene quella prima partita. Era in EuroCup, contro la Virtus Bologna. <i>&#8220;<em>All&#8217;intervallo Fedoricsev mi disse: &#8220;Non ho ancora esperienza di basket, ma c\u2019\u00e8 un giocatore che \u00e8 un artista in campo&#8221;. Era Milos Teodosic. &#8220;Se un giorno mi dedicher\u00f2 al basket, voglio creare un vero capolavoro&#8221;.<\/em><\/i><\/span><\/p>\n\n<p>Qualche anno dopo, il capolavoro sta per vedere la luce. Con il <a href=\"https:\/\/www.monaco-tribune.com\/it\/2023\/06\/unaltra-impresa-memorabile-per-las-monaco-basket-si-aggiudica-il-titolo-di-campione-di-francia\/\">primo titolo di<\/a> campioni di Francia, la <a href=\"https:\/\/www.monaco-tribune.com\/it\/2023\/04\/las-monaco-basket-vince-la-coppa-di-francia-per-la-prima-volta-nella-storia\/\">prima Coppa di Francia<\/a> e uno <a href=\"https:\/\/www.monaco-tribune.com\/it\/2023\/05\/eurolega-las-monaco-basket-scrive-un-altro-pezzetto-di-storia\/\">storico terzo posto in Eurolega<\/a>, l&#8217;AS Monaco Basket ha gi\u00e0 raggiunto tutti gli obiettivi prefissati sotto la presidenza di Aleksej Fedoricsev, <a href=\"https:\/\/www.monaco-tribune.com\/it\/2022\/01\/nuova-presidenza-per-il-roca-team\/\">iniziata nel gennaio 2022<\/a>.<\/p>\n\n<h2 class=\"wp-block-heading\" id=\"h-faire-grandir-le-basket-ball-grace-a-fedcom-media-et-skweek\">Far crescere il basket grazie a Fedcom Media e Skweek<\/h2>\n\n<p><span lang=\"IT\" style=\"color: black;\">Chi avrebbe potuto immaginare una simile ascesa in cos\u00ec poco tempo? Non molti. Ma lui s\u00ec. \u201c<em>Due anni fa diceva che avremmo puntato alle Final Four di Eurolega<\/em>&#8220;, racconta il direttore esecutivo dell&#8217;AS Monaco Basket.<\/span><\/p>\n\n<p><em>\u201cNel modo pi\u00f9 onesto e gentile possibile, gli dissi che era un obiettivo improbabile. Un anno dopo mi disse: &#8220;Ricordo che non lo credevi possibile&#8230;&#8221;.<\/em> <em>Fedoricsev \u00e8 senza dubbio una delle personalit\u00e0 pi\u00f9 incisive che abbia mai incontrato. Quello che la gente comune considera un sogno, lui lo vede come un dovere. \u00c8 un vero leader\u201d.<\/em><\/p>\n<div class=\"wp-block-image\">\n<figure class=\"aligncenter size-large\"><img loading=\"lazy\" decoding=\"async\" width=\"1024\" height=\"683\" src=\"https:\/\/www.monaco-tribune.com\/wp-content\/uploads\/2023\/07\/aleksej-fedorychev-prince-albert-ii-min-1024x683.jpg\" alt=\"\" class=\"wp-image-187193\" srcset=\"https:\/\/www.monaco-tribune.com\/wp-content\/uploads\/2023\/07\/aleksej-fedorychev-prince-albert-ii-min-1024x683.jpg 1024w, https:\/\/www.monaco-tribune.com\/wp-content\/uploads\/2023\/07\/aleksej-fedorychev-prince-albert-ii-min-450x300.jpg 450w, https:\/\/www.monaco-tribune.com\/wp-content\/uploads\/2023\/07\/aleksej-fedorychev-prince-albert-ii-min.jpg 2048w\" sizes=\"auto, (max-width: 1024px) 100vw, 1024px\" \/><figcaption class=\"wp-element-caption\">Aleksej Fedoricsev con il Principe Alberto II e Oleksiy Yefimov (Foto \u00a9 Direzione della Comunicazione)<\/figcaption><\/figure>\n<\/div>\n<p>Un leader che negli ultimi mesi si \u00e8 posto un altro obiettivo folle: quello di fare della pallacanestro uno sport di livello internazionale, proprio come il calcio, che attualmente si trova solo in vetta.<\/p>\n\n<p><em><span lang=\"IT\" style=\"color: black;\">\u201cQuando ho lasciato l&#8217;AS Monaco, Fedoricsev mi ha proposto di diventare direttore generale di Fedcom Media<\/span><\/em><span lang=\"IT\" style=\"color: black;\">&#8220;, ricorda Oleg Petrov.<i> <em>\u201cNon ho esitato neanche un secondo. \u00c8 una persona eccezionale, con la sua visione e la sua ambizione immensa&#8221;.<\/em><\/i><\/span><\/p>\n\n<h2 class=\"wp-block-heading\" id=\"h-fedcom-et-monaco-une-histoire-qui-dure\">Fedcom e Monaco, un rapporto di lunga durata<\/h2>\n\n<p><span lang=\"IT\" style=\"color: black;\">Con Fedcom Media, filiale del gruppo Fedcom nata per innovare il mondo dei media sportivi, l\u2019imprenditore nato a Krasnogorsk ha fatto del mercato dei diritti televisivi del basket il suo nuovo cavallo di battaglia. <i>&#8220;<em>Nel mondo dello sport, o sei all&#8217;interno e sei coinvolto, o rimani all&#8217;esterno e spendi soldi per niente<\/em>&#8220;,<\/i> ha dichiarato a <\/span><span lang=\"IT\"><a href=\"https:\/\/www.lequipe.fr\/Basket\/Article\/Alexei-fedorychev-le-president-de-l-as-monaco-basket-mise-desormais-sur-la-balle-orange\/1356351\" target=\"_blank\" rel=\"noopener\">L&#8217;\u00c9quipe<\/a><span style=\"color: black;\">.<\/span><\/span><\/p>\n\n<p><span lang=\"IT\" style=\"color: black;\">Con il lancio della piattaforma di streaming Skweek, l&#8217;imprenditore si \u00e8 aggiudicato <\/span><span lang=\"IT\"><a href=\"https:\/\/www.monaco-tribune.com\/2022\/09\/basket-cest-quoi-skweek-la-nouvelle-plateforme-pour-regarder-leuroleague\/\" target=\"_blank\" rel=\"noopener\">i <\/a><a href=\"https:\/\/www.monaco-tribune.com\/2022\/09\/basket-cest-quoi-skweek-la-nouvelle-plateforme-pour-regarder-leuroleague\/\" target=\"_blank\" rel=\"noopener\">diritti dell<\/a><a href=\"https:\/\/www.monaco-tribune.com\/2022\/09\/basket-cest-quoi-skweek-la-nouvelle-plateforme-pour-regarder-leuroleague\/\" target=\"_blank\" rel=\"noopener\">&#8216;Eurolega e dell&#8217;Eurocup<\/a><span style=\"color: black;\">, e ora del <\/span><a href=\"https:\/\/www.monaco-tribune.com\/2023\/06\/skweek-nouveau-diffuseur-du-championnat-de-france-de-basket-ball\/\" target=\"_blank\" rel=\"noopener\">campionato francese<\/a><span style=\"color: black;\">. Il suo obiettivo \u00e8 quello di contribuire alla crescita del basket in Francia.<\/span><\/span><\/p>\n\n<p><em><span lang=\"IT\" style=\"color: black;\">\u201c\u00c8 stato il numero uno in tutti i mercati e in tutti i settori in cui ha investito come imprenditore<\/span><\/em><span lang=\"IT\" style=\"color: black;\">&#8220;, racconta Oleksiy Yefimov. \u201c<em>Credo davvero che abbia grandi progetti con Skweek&#8221;.<\/em><\/span><\/p>\n\n<blockquote class=\"wp-block-quote is-layout-flow wp-block-quote-is-layout-flow\">\n<p><p style=\"margin-bottom: 11.25pt;\"><em><span lang=\"IT\" style=\"color: black;\">\u00c8 una persona positiva, sempre di buon umore e disponibile. La sua porta \u00e8 sempre aperta<\/span><\/em><i><\/i><\/p><\/p>\n<cite>Oleg Petrov, amministratore delegato di Skweek<\/cite><\/blockquote>\n\n<p>Aleksej Fedoricsev, che nel 2006 \u00e8 stato inserito tra gli imprenditori pi\u00f9 ricchi della Russia da Forbes, si \u00e8 sempre dedicato allo sport oltre che agli affari.<\/p>\n\n<p>Nel dicembre 1994 ha registrato la sua societ\u00e0 Fedcom a Monaco. L\u2019uomo d\u2019affari era riuscito a vendere lo zolfo di Astrakhangazprom sui mercati internazionali e Fedcom ha puntato allo sport sponsorizzando le squadre di calcio del sud della Francia, tra cui l&#8217;AS Monaco. Uno sponsor che ha fatto la storia, impresso sulla diagonale della maglia del Monaco per quasi venticinque anni.<\/p>\n\n<p>Nel 2002, Aleksej Fedoricsev ha offerto 100 milioni di euro per ottenere una quota di maggioranza nell\u2019AS Monaco. L\u2019uomo d\u2019affari, per\u00f2, subisce una battuta d\u2019arresto, perch\u00e9 il Principe Ranieri III non accoglie di buon grado la sua richiesta<\/p>\n<div class=\"wp-block-image\">\n<figure class=\"aligncenter size-large\"><img loading=\"lazy\" decoding=\"async\" width=\"1024\" height=\"683\" src=\"https:\/\/www.monaco-tribune.com\/wp-content\/uploads\/2023\/07\/as-monaco-basket-1024x683.jpeg\" alt=\"as-monaco-basket\" class=\"wp-image-187420\" srcset=\"https:\/\/www.monaco-tribune.com\/wp-content\/uploads\/2023\/07\/as-monaco-basket-1024x683.jpeg 1024w, https:\/\/www.monaco-tribune.com\/wp-content\/uploads\/2023\/07\/as-monaco-basket-450x300.jpeg 450w, https:\/\/www.monaco-tribune.com\/wp-content\/uploads\/2023\/07\/as-monaco-basket.jpeg 1440w\" sizes=\"auto, (max-width: 1024px) 100vw, 1024px\" \/><figcaption class=\"wp-element-caption\">Sergey Dyadechko ha passato il testimone ad Aleksej Fedoricsev nel gennaio 2022 (Foto \u00a9 Direzione della Comunicazione\/Michael Alesi)<\/figcaption><\/figure>\n<\/div>\n<p>Dopo questa acquisizione fallita, e con la voglia sempre crescente di rafforzare la sua presenza nel mondo del calcio, da cui proviene, tra il 2004 e il 2007 le sue aziende hanno detenuto una quota di maggioranza dell&#8217;FK Dinamo Mosca, un club della serie A russa.<\/p>\n\n<p>Durante la stagione 2005, la squadra ha potuto contare su alcuni grandi nomi, soprattutto brasiliani e portoghesi. Da Thiago Silva a Maniche e Costinha, la Dinamo Mosca ha fatto faville sul mercato.<\/p>\n\n<p>Due anni dopo, per\u00f2, il cittadino ungherese ha lasciato il club. Fedcom \u00e8 ancora lo sponsor principale dell&#8217;AS Monaco, che attraverser\u00e0 alcuni anni difficili prima dell&#8217;arrivo di Dmitri Rybolovlev, con cui il club torner\u00e0 alla ribalta (campioni di Francia nel 2017).<\/p>\n\n<h2 class=\"wp-block-heading\" id=\"h-sportif-passionne-ambitieux-et-bienveillant\">Sportivo, appassionato, ambizioso e premuroso<\/h2>\n\n<p>\u00c8 in questi anni che Aleksej Fedoricsev incontra Oleg Petrov, vicepresidente dell&#8217;AS Monaco tra il 2019 e il 2023.<\/p>\n\n<p><span lang=\"IT\" style=\"color: black;\">Un caro amico che non nasconde la sua ammirazione quando parla del fondatore di Fedcom. <em>&#8220;\u00c8 una persona positiva, sempre di buon umore e disponibile. La sua porta \u00e8 sempre aperta.\u201d Cos\u00ec tanto da accogliere persino<\/em> Mike James di persona nella sua propriet\u00e0 quando il playmaker americano \u00e8 stato sospeso per aver &#8220;violato le regole interne del club&#8221; lo scorso marzo.<\/span><\/p>\n\n<p><span lang=\"IT\" style=\"color: black;\">Padre di due figli, Fedoricsev ha sempre mantenuto un rapporto paterno con i suoi giocatori. \u201c\u00c8 <em>davvero unico, tratta i giocatori come se fossero suoi figli&#8221;, <\/em>rivela Oleksiy Yefimov. \u201c<em>Li aiuta e gli d\u00e0 consigli quando ne hanno bisogno. Nei momenti difficili, li motiva con decisione. E, se necessario, li richiama subito per gli errori commessi&#8221;.<\/em><i><\/i><\/span><\/p>\n\n<p class=\"related\"><a href=\"https:\/\/www.monaco-tribune.com\/it\/2022\/03\/due-chiacchiere-con-eric-elena-simbolo-del-basket-femminile-a-monaco\/\">Due chiacchiere con \u00c9ric Elena, simbolo del basket femminile a Monaco<\/a><\/p>\n\n<p><span lang=\"IT\" style=\"color: black;\">Presenza fissa negli spogliatoi del Roca Team per trasmettere la sua energia, l&#8217;imprenditore \u00e8 apprezzato dai suoi giocatori. <em>&#8220;Conosce bene il suo ruolo e non d\u00e0 indicazioni. Fedoricsev si fida degli altri e delega ai pi\u00f9 competenti nel loro settore\u201d.<\/em><\/span><\/p>\n\n<p><span lang=\"IT\" style=\"color: black;\">Sportivo anche lui, <em>&#8220;corre e nuota praticamente ogni giorno&#8221;, <\/em>inizia la giornata al mattino presto, prima di fare una pausa pranzo con altri imprenditori o con gli amici.<\/span><\/p>\n\n<p><span lang=\"IT\" style=\"color: black;\">Il basket \u00e8 sempre presente. \u201c<em>Segue tutte le partite, non solo quelle giocate dal Roca Team<\/em>&#8220;, afferma Oleg Petrov.<i> <\/i>\u201c<em>Se vi dico che \u00e8 un appassionato&#8230;&#8221;.<\/em> Una passione contagiosa che ha decisamente conquistato tutto il Principato.<\/span><\/p>\n\n<p><em>L&#8217;articolo \u00e8 stato aggiornato il 6 settembre 2023.<\/em><\/p>\n","protected":false},"excerpt":{"rendered":"<p>Dal suo arrivo alla guida dell&#8217;AS Monaco Basket, Aleksej Fedoricsev (67 anni) \u00e8 diventato essenziale per il successo del club. [&hellip;]<\/p>\n","protected":false},"author":24,"featured_media":187190,"comment_status":"closed","ping_status":"closed","sticky":false,"template":"","format":"standard","meta":{"_acf_changed":false,"footnotes":""},"categories":[1738,1743],"tags":[3001],"post_sectags":[3787],"post_format":[2480],"class_list":["post-190734","post","type-post","status-publish","format-standard","has-post-thumbnail","hentry","category-notizie","category-sport-it","tag-roca-team-it","sectag-basket-it","format-profilo"],"acf":[],"yoast_head":"<!-- This site is optimized with the Yoast SEO Premium plugin v26.8 (Yoast SEO v27.5) - https:\/\/yoast.com\/product\/yoast-seo-premium-wordpress\/ -->\n<title>Chi \u00e8 davvero Aleksej Fedoricsev, il presidente dell&#039;AS Monaco Basket?<\/title>\n<meta name=\"description\" content=\"Dal suo arrivo alla guida dell&#039;AS Monaco Basket, Aleksej Fedoricsev (67 anni) \u00e8 diventato essenziale per il successo del club. Cos\u00ec tanto da essere ormai\" \/>\n<meta name=\"robots\" content=\"index, follow, max-snippet:-1, max-image-preview:large, max-video-preview:-1\" \/>\n<link rel=\"canonical\" href=\"https:\/\/www.monaco-tribune.com\/it\/2023\/09\/chi-e-davvero-aleksej-fedoricsev-il-presidente-dellas-monaco-basket\/\" \/>\n<meta property=\"og:locale\" content=\"it_IT\" \/>\n<meta property=\"og:type\" content=\"article\" \/>\n<meta property=\"og:title\" content=\"Chi \u00e8 davvero Aleksej Fedoricsev, il presidente dell&#039;AS Monaco Basket? - Monaco Tribune\" \/>\n<meta property=\"og:description\" content=\"Dal suo arrivo alla guida dell&#039;AS Monaco Basket, Aleksej Fedoricsev (67 anni) \u00e8 diventato essenziale per il successo del club. Cos\u00ec tanto da essere ormai\" \/>\n<meta property=\"og:url\" content=\"https:\/\/www.monaco-tribune.com\/it\/2023\/09\/chi-e-davvero-aleksej-fedoricsev-il-presidente-dellas-monaco-basket\/\" \/>\n<meta property=\"og:site_name\" content=\"Monaco Tribune\" \/>\n<meta property=\"article:publisher\" content=\"https:\/\/www.facebook.com\/MonacoTribune\" \/>\n<meta property=\"article:published_time\" content=\"2023-09-05T07:52:41+00:00\" \/>\n<meta property=\"article:modified_time\" content=\"2023-09-06T12:09:42+00:00\" \/>\n<meta property=\"og:image\" content=\"https:\/\/www.monaco-tribune.com\/wp-content\/uploads\/2023\/07\/aleksej-fedorychev-min.jpg\" \/>\n\t<meta property=\"og:image:width\" content=\"2048\" \/>\n\t<meta property=\"og:image:height\" content=\"1365\" \/>\n\t<meta property=\"og:image:type\" content=\"image\/jpeg\" \/>\n<meta name=\"author\" content=\"Romain Boisaubert\" \/>\n<meta name=\"twitter:card\" content=\"summary_large_image\" \/>\n<meta name=\"twitter:creator\" content=\"@MonacoTribune\" \/>\n<meta name=\"twitter:site\" content=\"@MonacoTribune\" \/>\n<script type=\"application\/ld+json\" class=\"yoast-schema-graph\">{\"@context\":\"https:\\\/\\\/schema.org\",\"@graph\":[{\"@type\":\"NewsArticle\",\"@id\":\"https:\\\/\\\/www.monaco-tribune.com\\\/it\\\/2023\\\/09\\\/chi-e-davvero-aleksej-fedoricsev-il-presidente-dellas-monaco-basket\\\/#article\",\"isPartOf\":{\"@id\":\"https:\\\/\\\/www.monaco-tribune.com\\\/it\\\/2023\\\/09\\\/chi-e-davvero-aleksej-fedoricsev-il-presidente-dellas-monaco-basket\\\/\"},\"author\":{\"name\":\"Romain Boisaubert\",\"@id\":\"https:\\\/\\\/www.monaco-tribune.com\\\/it\\\/#\\\/schema\\\/person\\\/330a3732947cf8cb41b2533a0eadd62e\"},\"headline\":\"Chi \u00e8 davvero Aleksej Fedoricsev, il presidente dell&#8217;AS Monaco Basket?\",\"datePublished\":\"2023-09-05T07:52:41+00:00\",\"dateModified\":\"2023-09-06T12:09:42+00:00\",\"mainEntityOfPage\":{\"@id\":\"https:\\\/\\\/www.monaco-tribune.com\\\/it\\\/2023\\\/09\\\/chi-e-davvero-aleksej-fedoricsev-il-presidente-dellas-monaco-basket\\\/\"},\"wordCount\":1231,\"publisher\":{\"@id\":\"https:\\\/\\\/www.monaco-tribune.com\\\/it\\\/#organization\"},\"image\":{\"@id\":\"https:\\\/\\\/www.monaco-tribune.com\\\/it\\\/2023\\\/09\\\/chi-e-davvero-aleksej-fedoricsev-il-presidente-dellas-monaco-basket\\\/#primaryimage\"},\"thumbnailUrl\":\"https:\\\/\\\/www.monaco-tribune.com\\\/wp-content\\\/uploads\\\/2023\\\/07\\\/aleksej-fedorychev-min.jpg\",\"keywords\":[\"Roca Team\"],\"articleSection\":[\"Notizie\",\"Sport\"],\"inLanguage\":\"it-IT\",\"copyrightYear\":\"2023\",\"copyrightHolder\":{\"@id\":\"https:\\\/\\\/www.monaco-tribune.com\\\/#organization\"}},{\"@type\":\"WebPage\",\"@id\":\"https:\\\/\\\/www.monaco-tribune.com\\\/it\\\/2023\\\/09\\\/chi-e-davvero-aleksej-fedoricsev-il-presidente-dellas-monaco-basket\\\/\",\"url\":\"https:\\\/\\\/www.monaco-tribune.com\\\/it\\\/2023\\\/09\\\/chi-e-davvero-aleksej-fedoricsev-il-presidente-dellas-monaco-basket\\\/\",\"name\":\"Chi \u00e8 davvero Aleksej Fedoricsev, il presidente dell'AS Monaco Basket?\",\"isPartOf\":{\"@id\":\"https:\\\/\\\/www.monaco-tribune.com\\\/it\\\/#website\"},\"primaryImageOfPage\":{\"@id\":\"https:\\\/\\\/www.monaco-tribune.com\\\/it\\\/2023\\\/09\\\/chi-e-davvero-aleksej-fedoricsev-il-presidente-dellas-monaco-basket\\\/#primaryimage\"},\"image\":{\"@id\":\"https:\\\/\\\/www.monaco-tribune.com\\\/it\\\/2023\\\/09\\\/chi-e-davvero-aleksej-fedoricsev-il-presidente-dellas-monaco-basket\\\/#primaryimage\"},\"thumbnailUrl\":\"https:\\\/\\\/www.monaco-tribune.com\\\/wp-content\\\/uploads\\\/2023\\\/07\\\/aleksej-fedorychev-min.jpg\",\"datePublished\":\"2023-09-05T07:52:41+00:00\",\"dateModified\":\"2023-09-06T12:09:42+00:00\",\"description\":\"Dal suo arrivo alla guida dell'AS Monaco Basket, Aleksej Fedoricsev (67 anni) \u00e8 diventato essenziale per il successo del club. Cos\u00ec tanto da essere ormai\",\"breadcrumb\":{\"@id\":\"https:\\\/\\\/www.monaco-tribune.com\\\/it\\\/2023\\\/09\\\/chi-e-davvero-aleksej-fedoricsev-il-presidente-dellas-monaco-basket\\\/#breadcrumb\"},\"inLanguage\":\"it-IT\",\"potentialAction\":[{\"@type\":\"ReadAction\",\"target\":[\"https:\\\/\\\/www.monaco-tribune.com\\\/it\\\/2023\\\/09\\\/chi-e-davvero-aleksej-fedoricsev-il-presidente-dellas-monaco-basket\\\/\"]}]},{\"@type\":\"ImageObject\",\"inLanguage\":\"it-IT\",\"@id\":\"https:\\\/\\\/www.monaco-tribune.com\\\/it\\\/2023\\\/09\\\/chi-e-davvero-aleksej-fedoricsev-il-presidente-dellas-monaco-basket\\\/#primaryimage\",\"url\":\"https:\\\/\\\/www.monaco-tribune.com\\\/wp-content\\\/uploads\\\/2023\\\/07\\\/aleksej-fedorychev-min.jpg\",\"contentUrl\":\"https:\\\/\\\/www.monaco-tribune.com\\\/wp-content\\\/uploads\\\/2023\\\/07\\\/aleksej-fedorychev-min.jpg\",\"width\":2048,\"height\":1365,\"caption\":\"Aleksej Fedoricsev, sempre in prima fila nelle partite del Roca Team (Foto \u00a9 Direzione della Comunicazione)\"},{\"@type\":\"BreadcrumbList\",\"@id\":\"https:\\\/\\\/www.monaco-tribune.com\\\/it\\\/2023\\\/09\\\/chi-e-davvero-aleksej-fedoricsev-il-presidente-dellas-monaco-basket\\\/#breadcrumb\",\"itemListElement\":[{\"@type\":\"ListItem\",\"position\":1,\"name\":\"Accueil\",\"item\":\"https:\\\/\\\/www.monaco-tribune.com\\\/it\\\/\"},{\"@type\":\"ListItem\",\"position\":2,\"name\":\"Chi \u00e8 davvero Aleksej Fedoricsev, il presidente dell&#8217;AS Monaco Basket?\"}]},{\"@type\":\"WebSite\",\"@id\":\"https:\\\/\\\/www.monaco-tribune.com\\\/it\\\/#website\",\"url\":\"https:\\\/\\\/www.monaco-tribune.com\\\/it\\\/\",\"name\":\"Monaco Tribune\",\"description\":\"Monaco : actualit\u00e9s \u00e9conomiques, politiques, culturelles et sportives de Monaco et de la French Riviera.\",\"publisher\":{\"@id\":\"https:\\\/\\\/www.monaco-tribune.com\\\/it\\\/#organization\"},\"potentialAction\":[{\"@type\":\"SearchAction\",\"target\":{\"@type\":\"EntryPoint\",\"urlTemplate\":\"https:\\\/\\\/www.monaco-tribune.com\\\/it\\\/?s={search_term_string}\"},\"query-input\":{\"@type\":\"PropertyValueSpecification\",\"valueRequired\":true,\"valueName\":\"search_term_string\"}}],\"inLanguage\":\"it-IT\"},{\"@type\":\"Organization\",\"@id\":\"https:\\\/\\\/www.monaco-tribune.com\\\/it\\\/#organization\",\"name\":\"Monaco Tribune\",\"url\":\"https:\\\/\\\/www.monaco-tribune.com\\\/it\\\/\",\"logo\":{\"@type\":\"ImageObject\",\"inLanguage\":\"it-IT\",\"@id\":\"https:\\\/\\\/www.monaco-tribune.com\\\/it\\\/#\\\/schema\\\/logo\\\/image\\\/\",\"url\":\"https:\\\/\\\/www.monaco-tribune.com\\\/wp-content\\\/uploads\\\/2022\\\/11\\\/logo-monaco-tribune.png\",\"contentUrl\":\"https:\\\/\\\/www.monaco-tribune.com\\\/wp-content\\\/uploads\\\/2022\\\/11\\\/logo-monaco-tribune.png\",\"width\":1548,\"height\":600,\"caption\":\"Monaco Tribune\"},\"image\":{\"@id\":\"https:\\\/\\\/www.monaco-tribune.com\\\/it\\\/#\\\/schema\\\/logo\\\/image\\\/\"},\"sameAs\":[\"https:\\\/\\\/www.facebook.com\\\/MonacoTribune\",\"https:\\\/\\\/x.com\\\/MonacoTribune\",\"https:\\\/\\\/www.instagram.com\\\/monacotribune\\\/\",\"https:\\\/\\\/www.linkedin.com\\\/company\\\/monaco-tribune\",\"https:\\\/\\\/www.youtube.com\\\/channel\\\/UCHle1MnG6hw1y4lWKijVbMA\"]},{\"@type\":\"Person\",\"@id\":\"https:\\\/\\\/www.monaco-tribune.com\\\/it\\\/#\\\/schema\\\/person\\\/330a3732947cf8cb41b2533a0eadd62e\",\"name\":\"Romain Boisaubert\",\"image\":{\"@type\":\"ImageObject\",\"inLanguage\":\"it-IT\",\"@id\":\"https:\\\/\\\/secure.gravatar.com\\\/avatar\\\/f8b90d41f1eabd1cbe4cf59e09d8db41a697d51919bf2dfe727589a24a4a4d54?s=96&d=mm&r=g\",\"url\":\"https:\\\/\\\/secure.gravatar.com\\\/avatar\\\/f8b90d41f1eabd1cbe4cf59e09d8db41a697d51919bf2dfe727589a24a4a4d54?s=96&d=mm&r=g\",\"contentUrl\":\"https:\\\/\\\/secure.gravatar.com\\\/avatar\\\/f8b90d41f1eabd1cbe4cf59e09d8db41a697d51919bf2dfe727589a24a4a4d54?s=96&d=mm&r=g\",\"caption\":\"Romain Boisaubert\"},\"description\":\"Test bio\",\"url\":\"https:\\\/\\\/www.monaco-tribune.com\\\/it\\\/author\\\/romain-boisaubert\\\/\"}]}<\/script>\n<!-- \/ Yoast SEO Premium plugin. -->","yoast_head_json":{"title":"Chi \u00e8 davvero Aleksej Fedoricsev, il presidente dell'AS Monaco Basket?","description":"Dal suo arrivo alla guida dell'AS Monaco Basket, Aleksej Fedoricsev (67 anni) \u00e8 diventato essenziale per il successo del club. Cos\u00ec tanto da essere ormai","robots":{"index":"index","follow":"follow","max-snippet":"max-snippet:-1","max-image-preview":"max-image-preview:large","max-video-preview":"max-video-preview:-1"},"canonical":"https:\/\/www.monaco-tribune.com\/it\/2023\/09\/chi-e-davvero-aleksej-fedoricsev-il-presidente-dellas-monaco-basket\/","og_locale":"it_IT","og_type":"article","og_title":"Chi \u00e8 davvero Aleksej Fedoricsev, il presidente dell'AS Monaco Basket? - Monaco Tribune","og_description":"Dal suo arrivo alla guida dell'AS Monaco Basket, Aleksej Fedoricsev (67 anni) \u00e8 diventato essenziale per il successo del club. Cos\u00ec tanto da essere ormai","og_url":"https:\/\/www.monaco-tribune.com\/it\/2023\/09\/chi-e-davvero-aleksej-fedoricsev-il-presidente-dellas-monaco-basket\/","og_site_name":"Monaco Tribune","article_publisher":"https:\/\/www.facebook.com\/MonacoTribune","article_published_time":"2023-09-05T07:52:41+00:00","article_modified_time":"2023-09-06T12:09:42+00:00","og_image":[{"width":2048,"height":1365,"url":"https:\/\/www.monaco-tribune.com\/wp-content\/uploads\/2023\/07\/aleksej-fedorychev-min.jpg","type":"image\/jpeg"}],"author":"Romain Boisaubert","twitter_card":"summary_large_image","twitter_creator":"@MonacoTribune","twitter_site":"@MonacoTribune","schema":{"@context":"https:\/\/schema.org","@graph":[{"@type":"NewsArticle","@id":"https:\/\/www.monaco-tribune.com\/it\/2023\/09\/chi-e-davvero-aleksej-fedoricsev-il-presidente-dellas-monaco-basket\/#article","isPartOf":{"@id":"https:\/\/www.monaco-tribune.com\/it\/2023\/09\/chi-e-davvero-aleksej-fedoricsev-il-presidente-dellas-monaco-basket\/"},"author":{"name":"Romain Boisaubert","@id":"https:\/\/www.monaco-tribune.com\/it\/#\/schema\/person\/330a3732947cf8cb41b2533a0eadd62e"},"headline":"Chi \u00e8 davvero Aleksej Fedoricsev, il presidente dell&#8217;AS Monaco Basket?","datePublished":"2023-09-05T07:52:41+00:00","dateModified":"2023-09-06T12:09:42+00:00","mainEntityOfPage":{"@id":"https:\/\/www.monaco-tribune.com\/it\/2023\/09\/chi-e-davvero-aleksej-fedoricsev-il-presidente-dellas-monaco-basket\/"},"wordCount":1231,"publisher":{"@id":"https:\/\/www.monaco-tribune.com\/it\/#organization"},"image":{"@id":"https:\/\/www.monaco-tribune.com\/it\/2023\/09\/chi-e-davvero-aleksej-fedoricsev-il-presidente-dellas-monaco-basket\/#primaryimage"},"thumbnailUrl":"https:\/\/www.monaco-tribune.com\/wp-content\/uploads\/2023\/07\/aleksej-fedorychev-min.jpg","keywords":["Roca Team"],"articleSection":["Notizie","Sport"],"inLanguage":"it-IT","copyrightYear":"2023","copyrightHolder":{"@id":"https:\/\/www.monaco-tribune.com\/#organization"}},{"@type":"WebPage","@id":"https:\/\/www.monaco-tribune.com\/it\/2023\/09\/chi-e-davvero-aleksej-fedoricsev-il-presidente-dellas-monaco-basket\/","url":"https:\/\/www.monaco-tribune.com\/it\/2023\/09\/chi-e-davvero-aleksej-fedoricsev-il-presidente-dellas-monaco-basket\/","name":"Chi \u00e8 davvero Aleksej Fedoricsev, il presidente dell'AS Monaco Basket?","isPartOf":{"@id":"https:\/\/www.monaco-tribune.com\/it\/#website"},"primaryImageOfPage":{"@id":"https:\/\/www.monaco-tribune.com\/it\/2023\/09\/chi-e-davvero-aleksej-fedoricsev-il-presidente-dellas-monaco-basket\/#primaryimage"},"image":{"@id":"https:\/\/www.monaco-tribune.com\/it\/2023\/09\/chi-e-davvero-aleksej-fedoricsev-il-presidente-dellas-monaco-basket\/#primaryimage"},"thumbnailUrl":"https:\/\/www.monaco-tribune.com\/wp-content\/uploads\/2023\/07\/aleksej-fedorychev-min.jpg","datePublished":"2023-09-05T07:52:41+00:00","dateModified":"2023-09-06T12:09:42+00:00","description":"Dal suo arrivo alla guida dell'AS Monaco Basket, Aleksej Fedoricsev (67 anni) \u00e8 diventato essenziale per il successo del club. Cos\u00ec tanto da essere ormai","breadcrumb":{"@id":"https:\/\/www.monaco-tribune.com\/it\/2023\/09\/chi-e-davvero-aleksej-fedoricsev-il-presidente-dellas-monaco-basket\/#breadcrumb"},"inLanguage":"it-IT","potentialAction":[{"@type":"ReadAction","target":["https:\/\/www.monaco-tribune.com\/it\/2023\/09\/chi-e-davvero-aleksej-fedoricsev-il-presidente-dellas-monaco-basket\/"]}]},{"@type":"ImageObject","inLanguage":"it-IT","@id":"https:\/\/www.monaco-tribune.com\/it\/2023\/09\/chi-e-davvero-aleksej-fedoricsev-il-presidente-dellas-monaco-basket\/#primaryimage","url":"https:\/\/www.monaco-tribune.com\/wp-content\/uploads\/2023\/07\/aleksej-fedorychev-min.jpg","contentUrl":"https:\/\/www.monaco-tribune.com\/wp-content\/uploads\/2023\/07\/aleksej-fedorychev-min.jpg","width":2048,"height":1365,"caption":"Aleksej Fedoricsev, sempre in prima fila nelle partite del Roca Team (Foto \u00a9 Direzione della Comunicazione)"},{"@type":"BreadcrumbList","@id":"https:\/\/www.monaco-tribune.com\/it\/2023\/09\/chi-e-davvero-aleksej-fedoricsev-il-presidente-dellas-monaco-basket\/#breadcrumb","itemListElement":[{"@type":"ListItem","position":1,"name":"Accueil","item":"https:\/\/www.monaco-tribune.com\/it\/"},{"@type":"ListItem","position":2,"name":"Chi \u00e8 davvero Aleksej Fedoricsev, il presidente dell&#8217;AS Monaco Basket?"}]},{"@type":"WebSite","@id":"https:\/\/www.monaco-tribune.com\/it\/#website","url":"https:\/\/www.monaco-tribune.com\/it\/","name":"Monaco Tribune","description":"Monaco : actualit\u00e9s \u00e9conomiques, politiques, culturelles et sportives de Monaco et de la French Riviera.","publisher":{"@id":"https:\/\/www.monaco-tribune.com\/it\/#organization"},"potentialAction":[{"@type":"SearchAction","target":{"@type":"EntryPoint","urlTemplate":"https:\/\/www.monaco-tribune.com\/it\/?s={search_term_string}"},"query-input":{"@type":"PropertyValueSpecification","valueRequired":true,"valueName":"search_term_string"}}],"inLanguage":"it-IT"},{"@type":"Organization","@id":"https:\/\/www.monaco-tribune.com\/it\/#organization","name":"Monaco Tribune","url":"https:\/\/www.monaco-tribune.com\/it\/","logo":{"@type":"ImageObject","inLanguage":"it-IT","@id":"https:\/\/www.monaco-tribune.com\/it\/#\/schema\/logo\/image\/","url":"https:\/\/www.monaco-tribune.com\/wp-content\/uploads\/2022\/11\/logo-monaco-tribune.png","contentUrl":"https:\/\/www.monaco-tribune.com\/wp-content\/uploads\/2022\/11\/logo-monaco-tribune.png","width":1548,"height":600,"caption":"Monaco Tribune"},"image":{"@id":"https:\/\/www.monaco-tribune.com\/it\/#\/schema\/logo\/image\/"},"sameAs":["https:\/\/www.facebook.com\/MonacoTribune","https:\/\/x.com\/MonacoTribune","https:\/\/www.instagram.com\/monacotribune\/","https:\/\/www.linkedin.com\/company\/monaco-tribune","https:\/\/www.youtube.com\/channel\/UCHle1MnG6hw1y4lWKijVbMA"]},{"@type":"Person","@id":"https:\/\/www.monaco-tribune.com\/it\/#\/schema\/person\/330a3732947cf8cb41b2533a0eadd62e","name":"Romain Boisaubert","image":{"@type":"ImageObject","inLanguage":"it-IT","@id":"https:\/\/secure.gravatar.com\/avatar\/f8b90d41f1eabd1cbe4cf59e09d8db41a697d51919bf2dfe727589a24a4a4d54?s=96&d=mm&r=g","url":"https:\/\/secure.gravatar.com\/avatar\/f8b90d41f1eabd1cbe4cf59e09d8db41a697d51919bf2dfe727589a24a4a4d54?s=96&d=mm&r=g","contentUrl":"https:\/\/secure.gravatar.com\/avatar\/f8b90d41f1eabd1cbe4cf59e09d8db41a697d51919bf2dfe727589a24a4a4d54?s=96&d=mm&r=g","caption":"Romain Boisaubert"},"description":"Test bio","url":"https:\/\/www.monaco-tribune.com\/it\/author\/romain-boisaubert\/"}]}},"_links":{"self":[{"href":"https:\/\/www.monaco-tribune.com\/it\/wp-json\/wp\/v2\/posts\/190734","targetHints":{"allow":["GET"]}}],"collection":[{"href":"https:\/\/www.monaco-tribune.com\/it\/wp-json\/wp\/v2\/posts"}],"about":[{"href":"https:\/\/www.monaco-tribune.com\/it\/wp-json\/wp\/v2\/types\/post"}],"author":[{"embeddable":true,"href":"https:\/\/www.monaco-tribune.com\/it\/wp-json\/wp\/v2\/users\/24"}],"replies":[{"embeddable":true,"href":"https:\/\/www.monaco-tribune.com\/it\/wp-json\/wp\/v2\/comments?post=190734"}],"version-history":[{"count":2,"href":"https:\/\/www.monaco-tribune.com\/it\/wp-json\/wp\/v2\/posts\/190734\/revisions"}],"predecessor-version":[{"id":191347,"href":"https:\/\/www.monaco-tribune.com\/it\/wp-json\/wp\/v2\/posts\/190734\/revisions\/191347"}],"wp:featuredmedia":[{"embeddable":true,"href":"https:\/\/www.monaco-tribune.com\/it\/wp-json\/wp\/v2\/media\/187190"}],"wp:attachment":[{"href":"https:\/\/www.monaco-tribune.com\/it\/wp-json\/wp\/v2\/media?parent=190734"}],"wp:term":[{"taxonomy":"category","embeddable":true,"href":"https:\/\/www.monaco-tribune.com\/it\/wp-json\/wp\/v2\/categories?post=190734"},{"taxonomy":"post_tag","embeddable":true,"href":"https:\/\/www.monaco-tribune.com\/it\/wp-json\/wp\/v2\/tags?post=190734"},{"taxonomy":"sectag","embeddable":true,"href":"https:\/\/www.monaco-tribune.com\/it\/wp-json\/wp\/v2\/post_sectags?post=190734"},{"taxonomy":"format","embeddable":true,"href":"https:\/\/www.monaco-tribune.com\/it\/wp-json\/wp\/v2\/post_format?post=190734"}],"curies":[{"name":"wp","href":"https:\/\/api.w.org\/{rel}","templated":true}]}}