{"id":191328,"date":"2023-09-06T12:25:34","date_gmt":"2023-09-06T10:25:34","guid":{"rendered":"https:\/\/www.monaco-tribune.com\/2023\/09\/cosa-fare-a-monaco-a-settembre-2023\/"},"modified":"2023-09-06T17:32:16","modified_gmt":"2023-09-06T15:32:16","slug":"cosa-fare-a-monaco-a-settembre-2023","status":"publish","type":"post","link":"https:\/\/www.monaco-tribune.com\/it\/2023\/09\/cosa-fare-a-monaco-a-settembre-2023\/","title":{"rendered":"Cosa fare a Monaco a settembre 2023?"},"content":{"rendered":"\n<p><strong>Mostre, manifestazioni, eventi&#8230; Monaco Tribune ha raccolto qualche idea su cosa fare questo mese. <\/strong><\/p>\n\n<h2 class=\"wp-block-heading\" id=\"h-monaco-classic-week-la-belle-classe\">Monaco Classic Week &#8211; La Belle Classe <\/h2>\n\n<p>Dal 13 al 16 settembre, lo Yacht Club de Monaco celebrer\u00e0 il suo patrimonio nautico. Quest&#8217;anno, le tradizionali prove nautiche e le feste riuniranno 110 yacht tradizionali, a vela e a motore, oltre a una ventina di derive da 12\u2032. Saranno presenti anche una decina di yacht a motore d&#8217;epoca, 50 motoscafi storici, tra cui una trentina di Riva e tre imbarcazioni dell&#8217;inizio del XX secolo, oltre a una cinquantina di barche a vela tradizionali. Venite a fare un giro tra le banchine e nel villaggio degli espositori, \u00e8 gratis!<\/p>\n\n<p><em>Maggiori informazioni<\/em><\/p>\n\n<ul class=\"wp-block-list\">\n<li>Dal 13 al 16 settembre 2023<\/li>\n\n\n\n<li>Yacht Club de Monaco &#8211; Quai Louis II, 98000, Monaco<\/li>\n<\/ul>\n\n<h2 class=\"wp-block-heading\" id=\"h-32eme-monaco-yacht-show\">32\u00b0 Monaco Yacht Show <\/h2>\n\n<p>L&#8217;evento internazionale di yachting torna sulle banchine di Port Hercule dal 27 al 30 settembre. Per l&#8217;occasione, Monaco ospiter\u00e0 oltre 80 yacht di varie dimensioni, dai 97 metri del pi\u00f9 grande, il Carinthia VII, ai circa venti del pi\u00f9 piccolo. Il MYS di quest&#8217;anno ospiter\u00e0 anche tre esposizioni a tema: il Sustainability Hub, lo Yacht Design &amp; Innovation Hub e l&#8217;Adventure Area. Preparatevi a rimanere a bocca aperta!<\/p>\n\n<p><em>Maggiori informazioni<\/em><\/p>\n\n<ul class=\"wp-block-list\">\n<li>Mercoled\u00ec 27 settembre: dalle 10:00 alle 18:30 (ingresso solo su invito)\n<ul class=\"wp-block-list\">\n<li>Gioved\u00ec 28 e venerd\u00ec 29 settembre: dalle ore 10:00 alle 18:30 (ingresso libero)<\/li>\n\n\n\n<li>Sabato 30 settembre: dalle ore 10:00 alle 18:00 (ingresso libero)<\/li>\n<\/ul>\n<\/li>\n\n\n\n<li>Port Hercule &#8211; 98 000, Monaco<\/li>\n<\/ul>\n\n<h2 class=\"wp-block-heading\" id=\"h-expositions-du-centenaire\">Mostre del centenario<\/h2>\n\n<p>Nell&#8217;anno del centenario della nascita del Principe Ranieri III, il Principato continua ad allestire una serie di mostre. &#8220;Le Prince Rainier III, un marin avant tout&#8221; (Il Principe Ranieri III, un marinaio prima di tutto), &#8220;Le Prince et ses animaux&#8221; (Il Principe e i suoi animali) e &#8220;Le Prince Rainier III, une roseraie en hommage \u00e0 son \u00e9pouse&#8221; (Il Principe Ranieri III, un roseto in omaggio alla moglie) si trovano rispettivamente allo Yacht Club di Monaco, al Giardino zoologico Rainier III e al Roseto Princesse Grace. Nella sala espositiva di Quai Antoine I, si pu\u00f2 anche ammirare una mostra alquanto suggestiva sulle <a href=\"https:\/\/www.monaco-tribune.com\/it\/2023\/07\/inaugurata-la-mostra-piu-completa-dedicata-alle-opere-del-principe-ranieri-iii\/\">opere del Principe costruttore<\/a>!<\/p>\n\n<p><em>Maggiori informazioni<\/em><\/p>\n\n<ul class=\"wp-block-list\">\n<li><strong>&#8220;Le Prince et ses animaux&#8221;:<\/strong>\u00a0ingresso 6\u20ac &#8211; Fino al 31 dicembre 2023<\/li>\n\n\n\n<li><strong>&#8220;Le Prince Rainier III, un marin avant tout&#8221;<\/strong>: ingresso libero e gratuito &#8211; Fino al 31 dicembre 2023<\/li>\n\n\n\n<li><strong>&#8220;Le Prince Rainier III, une roseraie en hommage \u00e0 son \u00e9pouse&#8221;<\/strong> : ingresso libero e gratuito &#8211; Fino a gennaio 2024<\/li>\n\n\n\n<li><strong>&#8220;Le Prince b\u00e2tisseur. Une ambition pour Monaco&#8221;<\/strong>: ingresso gratuito &#8211; Fino al 31 dicembre 2023<\/li>\n<\/ul>\n\n<h2 class=\"wp-block-heading\" id=\"h-nos-idees-sorties-en-vrac\">I nostri suggerimenti<\/h2>\n\n<ul class=\"wp-block-list\">\n<li><strong>Dal 1\u00b0 al 31 settembre<\/strong>: mostra fotografica &#8220;La Fondation Princesse Charl\u00e8ne de Monaco : 10 ans d\u2019action &amp; de pr\u00e9vention&#8221; (La Fondazione Principessa Charl\u00e8ne di Monaco: 10 anni di azione e prevenzione) &#8211; Galerie des p\u00eacheurs, 4, avenue Saint-Martin.<\/li>\n\n\n\n<li>Fino al 12 settembre: mostra &#8220;<a href=\"https:\/\/www.monaco-tribune.com\/2023\/08\/decouvrez-lunivers-envoutant-de-la-feminite-avec-la-donna-a-lespace-22\/\">La Donna<\/a>&#8221; presso Espace 22 &#8211; 24 Boulevard d&#8217;Italie.<\/li>\n\n\n\n<li><strong>Mercoled\u00ec 13 settembre<\/strong>: <a href=\"https:\/\/www.monaco-tribune.com\/2023\/08\/ne-ratez-pas-les-trois-prochaines-seances-de-cinema-a-la-mediatheque-de-monaco\/\">Cine Popcorn<\/a> &#8211; &#8220;Nightmare &#8211; Dal profondo della notte&#8221; alle 19:00 presso la Vid\u00e9oth\u00e8que-Sonoth\u00e8que Jos\u00e9 Notari &#8211; 2 Rue Princesse Antoinette.<\/li>\n\n\n\n<li><strong>Venerd\u00ec 15 settembre<\/strong>: &#8220;<a href=\"https:\/\/www.monaco-tribune.com\/it\/2023\/09\/il-mediterraneo-presto-ospite-donore-al-marche-de-la-condamine\/\">Soir\u00e9e M\u00e9diterran\u00e9enne<\/a>&#8221; (serata mediterranea) al March\u00e9 de la Condamine &#8211; Ingresso libero dalle 20:00.<\/li>\n\n\n\n<li><strong>Sabato 16 settembre<\/strong>: Trott&#8217;N&#8217;Roll &#8211; <a href=\"https:\/\/www.monaco-tribune.com\/2023\/08\/monaco-trottnroll-revient-pour-une-9e-edition\/\">Evento di beneficenza<\/a> dalle 9:00 alle 18:00 nei Jardins d&#8217;Apolline &#8211; 1 Prom. Honor\u00e9 II.<\/li>\n\n\n\n<li><strong>Venerd\u00ec 22 settembre<\/strong>: l&#8217;AS Monaco gioca contro l&#8217;OGC Nice allo Stadio Louis-II alle 21:00.<\/li>\n\n\n\n<li><strong>Sabato 23 settembre<\/strong>: Hugo Micalleff <a href=\"https:\/\/www.monaco-tribune.com\/2023\/09\/hugo-micallef-sapprete-a-combattre-pour-la-premiere-fois-a-monaco\/\">combatte al Chapiteau de Fontvieille<\/a> &#8211; Ingresso a partire dalle 17:00 (apertura della biglietteria prossimamente).<\/li>\n\n\n\n<li><strong>Marted\u00ec 26 settembre<\/strong>: il Roca Team affronta il Saint-Quentin nella Salle Gaston M\u00e9decin alle 18:30.\n<ul class=\"wp-block-list\">\n<li>&#8220;Le Misanthrope &#8211; Moli\u00e8re&#8221; alle 20:00 al Th\u00e9\u00e2tre Princesse Grace.<\/li>\n<\/ul>\n<\/li>\n<\/ul>\n","protected":false},"excerpt":{"rendered":"<p>Mostre, manifestazioni, eventi&#8230; Monaco Tribune ha raccolto qualche idea su cosa fare questo mese. Monaco Classic Week &#8211; La Belle [&hellip;]<\/p>\n","protected":false},"author":65,"featured_media":190719,"comment_status":"closed","ping_status":"closed","sticky":false,"template":"","format":"standard","meta":{"_acf_changed":false,"footnotes":""},"categories":[1740,1738],"tags":[3261],"post_sectags":[3965],"post_format":[2471],"class_list":["post-191328","post","type-post","status-publish","format-standard","has-post-thumbnail","hentry","category-cosa-fare","category-notizie","tag-vita-locale","sectag-eventi-it","format-evento"],"acf":[],"yoast_head":"<!-- This site is optimized with the Yoast SEO Premium plugin v26.8 (Yoast SEO v27.4) - https:\/\/yoast.com\/product\/yoast-seo-premium-wordpress\/ -->\n<title>Cosa fare a Monaco a settembre 2023?<\/title>\n<meta name=\"description\" content=\"Mostre, manifestazioni, eventi... Monaco Tribune ha raccolto qualche idea su cosa fare questo mese. Monaco Classic Week - La Belle Classe Dal 13 al 16\" \/>\n<meta name=\"robots\" content=\"index, follow, max-snippet:-1, max-image-preview:large, max-video-preview:-1\" \/>\n<link rel=\"canonical\" href=\"https:\/\/www.monaco-tribune.com\/it\/2023\/09\/cosa-fare-a-monaco-a-settembre-2023\/\" \/>\n<meta property=\"og:locale\" content=\"it_IT\" \/>\n<meta property=\"og:type\" content=\"article\" \/>\n<meta property=\"og:title\" content=\"Cosa fare a Monaco a settembre 2023? - Monaco Tribune\" \/>\n<meta property=\"og:description\" content=\"Mostre, manifestazioni, eventi... Monaco Tribune ha raccolto qualche idea su cosa fare questo mese. Monaco Classic Week - La Belle Classe Dal 13 al 16\" \/>\n<meta property=\"og:url\" content=\"https:\/\/www.monaco-tribune.com\/it\/2023\/09\/cosa-fare-a-monaco-a-settembre-2023\/\" \/>\n<meta property=\"og:site_name\" content=\"Monaco Tribune\" \/>\n<meta property=\"article:publisher\" content=\"https:\/\/www.facebook.com\/MonacoTribune\" \/>\n<meta property=\"article:published_time\" content=\"2023-09-06T10:25:34+00:00\" \/>\n<meta property=\"article:modified_time\" content=\"2023-09-06T15:32:16+00:00\" \/>\n<meta property=\"og:image\" content=\"https:\/\/www.monaco-tribune.com\/wp-content\/uploads\/2023\/09\/monaco-yacht-show-monaco-compressed.jpg\" \/>\n\t<meta property=\"og:image:width\" content=\"1200\" \/>\n\t<meta property=\"og:image:height\" content=\"705\" \/>\n\t<meta property=\"og:image:type\" content=\"image\/jpeg\" \/>\n<meta name=\"author\" content=\"Paul Charoy\" \/>\n<meta name=\"twitter:card\" content=\"summary_large_image\" \/>\n<meta name=\"twitter:creator\" content=\"@MonacoTribune\" \/>\n<meta name=\"twitter:site\" content=\"@MonacoTribune\" \/>\n<script type=\"application\/ld+json\" class=\"yoast-schema-graph\">{\"@context\":\"https:\\\/\\\/schema.org\",\"@graph\":[{\"@type\":\"NewsArticle\",\"@id\":\"https:\\\/\\\/www.monaco-tribune.com\\\/it\\\/2023\\\/09\\\/cosa-fare-a-monaco-a-settembre-2023\\\/#article\",\"isPartOf\":{\"@id\":\"https:\\\/\\\/www.monaco-tribune.com\\\/it\\\/2023\\\/09\\\/cosa-fare-a-monaco-a-settembre-2023\\\/\"},\"author\":{\"name\":\"Paul Charoy\",\"@id\":\"https:\\\/\\\/www.monaco-tribune.com\\\/it\\\/#\\\/schema\\\/person\\\/c33a9f1bc99ef5a2e07d37c576060b57\"},\"headline\":\"Cosa fare a Monaco a settembre 2023?\",\"datePublished\":\"2023-09-06T10:25:34+00:00\",\"dateModified\":\"2023-09-06T15:32:16+00:00\",\"mainEntityOfPage\":{\"@id\":\"https:\\\/\\\/www.monaco-tribune.com\\\/it\\\/2023\\\/09\\\/cosa-fare-a-monaco-a-settembre-2023\\\/\"},\"wordCount\":569,\"publisher\":{\"@id\":\"https:\\\/\\\/www.monaco-tribune.com\\\/it\\\/#organization\"},\"image\":{\"@id\":\"https:\\\/\\\/www.monaco-tribune.com\\\/it\\\/2023\\\/09\\\/cosa-fare-a-monaco-a-settembre-2023\\\/#primaryimage\"},\"thumbnailUrl\":\"https:\\\/\\\/www.monaco-tribune.com\\\/wp-content\\\/uploads\\\/2023\\\/09\\\/monaco-yacht-show-monaco-compressed.jpg\",\"keywords\":[\"Vita locale\"],\"articleSection\":[\"Cosa fare\",\"Notizie\"],\"inLanguage\":\"it-IT\",\"copyrightYear\":\"2023\",\"copyrightHolder\":{\"@id\":\"https:\\\/\\\/www.monaco-tribune.com\\\/#organization\"}},{\"@type\":\"WebPage\",\"@id\":\"https:\\\/\\\/www.monaco-tribune.com\\\/it\\\/2023\\\/09\\\/cosa-fare-a-monaco-a-settembre-2023\\\/\",\"url\":\"https:\\\/\\\/www.monaco-tribune.com\\\/it\\\/2023\\\/09\\\/cosa-fare-a-monaco-a-settembre-2023\\\/\",\"name\":\"Cosa fare a Monaco a settembre 2023?\",\"isPartOf\":{\"@id\":\"https:\\\/\\\/www.monaco-tribune.com\\\/it\\\/#website\"},\"primaryImageOfPage\":{\"@id\":\"https:\\\/\\\/www.monaco-tribune.com\\\/it\\\/2023\\\/09\\\/cosa-fare-a-monaco-a-settembre-2023\\\/#primaryimage\"},\"image\":{\"@id\":\"https:\\\/\\\/www.monaco-tribune.com\\\/it\\\/2023\\\/09\\\/cosa-fare-a-monaco-a-settembre-2023\\\/#primaryimage\"},\"thumbnailUrl\":\"https:\\\/\\\/www.monaco-tribune.com\\\/wp-content\\\/uploads\\\/2023\\\/09\\\/monaco-yacht-show-monaco-compressed.jpg\",\"datePublished\":\"2023-09-06T10:25:34+00:00\",\"dateModified\":\"2023-09-06T15:32:16+00:00\",\"description\":\"Mostre, manifestazioni, eventi... Monaco Tribune ha raccolto qualche idea su cosa fare questo mese. Monaco Classic Week - La Belle Classe Dal 13 al 16\",\"breadcrumb\":{\"@id\":\"https:\\\/\\\/www.monaco-tribune.com\\\/it\\\/2023\\\/09\\\/cosa-fare-a-monaco-a-settembre-2023\\\/#breadcrumb\"},\"inLanguage\":\"it-IT\",\"potentialAction\":[{\"@type\":\"ReadAction\",\"target\":[\"https:\\\/\\\/www.monaco-tribune.com\\\/it\\\/2023\\\/09\\\/cosa-fare-a-monaco-a-settembre-2023\\\/\"]}]},{\"@type\":\"ImageObject\",\"inLanguage\":\"it-IT\",\"@id\":\"https:\\\/\\\/www.monaco-tribune.com\\\/it\\\/2023\\\/09\\\/cosa-fare-a-monaco-a-settembre-2023\\\/#primaryimage\",\"url\":\"https:\\\/\\\/www.monaco-tribune.com\\\/wp-content\\\/uploads\\\/2023\\\/09\\\/monaco-yacht-show-monaco-compressed.jpg\",\"contentUrl\":\"https:\\\/\\\/www.monaco-tribune.com\\\/wp-content\\\/uploads\\\/2023\\\/09\\\/monaco-yacht-show-monaco-compressed.jpg\",\"width\":1200,\"height\":705,\"caption\":\"L'economia marittima riunisce molti attori legati al mare - \u00a9MYS\"},{\"@type\":\"BreadcrumbList\",\"@id\":\"https:\\\/\\\/www.monaco-tribune.com\\\/it\\\/2023\\\/09\\\/cosa-fare-a-monaco-a-settembre-2023\\\/#breadcrumb\",\"itemListElement\":[{\"@type\":\"ListItem\",\"position\":1,\"name\":\"Accueil\",\"item\":\"https:\\\/\\\/www.monaco-tribune.com\\\/it\\\/\"},{\"@type\":\"ListItem\",\"position\":2,\"name\":\"Cosa fare a Monaco a settembre 2023?\"}]},{\"@type\":\"WebSite\",\"@id\":\"https:\\\/\\\/www.monaco-tribune.com\\\/it\\\/#website\",\"url\":\"https:\\\/\\\/www.monaco-tribune.com\\\/it\\\/\",\"name\":\"Monaco Tribune\",\"description\":\"Monaco : actualit\u00e9s \u00e9conomiques, politiques, culturelles et sportives de Monaco et de la French Riviera.\",\"publisher\":{\"@id\":\"https:\\\/\\\/www.monaco-tribune.com\\\/it\\\/#organization\"},\"potentialAction\":[{\"@type\":\"SearchAction\",\"target\":{\"@type\":\"EntryPoint\",\"urlTemplate\":\"https:\\\/\\\/www.monaco-tribune.com\\\/it\\\/?s={search_term_string}\"},\"query-input\":{\"@type\":\"PropertyValueSpecification\",\"valueRequired\":true,\"valueName\":\"search_term_string\"}}],\"inLanguage\":\"it-IT\"},{\"@type\":\"Organization\",\"@id\":\"https:\\\/\\\/www.monaco-tribune.com\\\/it\\\/#organization\",\"name\":\"Monaco Tribune\",\"url\":\"https:\\\/\\\/www.monaco-tribune.com\\\/it\\\/\",\"logo\":{\"@type\":\"ImageObject\",\"inLanguage\":\"it-IT\",\"@id\":\"https:\\\/\\\/www.monaco-tribune.com\\\/it\\\/#\\\/schema\\\/logo\\\/image\\\/\",\"url\":\"https:\\\/\\\/www.monaco-tribune.com\\\/wp-content\\\/uploads\\\/2022\\\/11\\\/logo-monaco-tribune.png\",\"contentUrl\":\"https:\\\/\\\/www.monaco-tribune.com\\\/wp-content\\\/uploads\\\/2022\\\/11\\\/logo-monaco-tribune.png\",\"width\":1548,\"height\":600,\"caption\":\"Monaco Tribune\"},\"image\":{\"@id\":\"https:\\\/\\\/www.monaco-tribune.com\\\/it\\\/#\\\/schema\\\/logo\\\/image\\\/\"},\"sameAs\":[\"https:\\\/\\\/www.facebook.com\\\/MonacoTribune\",\"https:\\\/\\\/x.com\\\/MonacoTribune\",\"https:\\\/\\\/www.instagram.com\\\/monacotribune\\\/\",\"https:\\\/\\\/www.linkedin.com\\\/company\\\/monaco-tribune\",\"https:\\\/\\\/www.youtube.com\\\/channel\\\/UCHle1MnG6hw1y4lWKijVbMA\"]},{\"@type\":\"Person\",\"@id\":\"https:\\\/\\\/www.monaco-tribune.com\\\/it\\\/#\\\/schema\\\/person\\\/c33a9f1bc99ef5a2e07d37c576060b57\",\"name\":\"Paul Charoy\",\"image\":{\"@type\":\"ImageObject\",\"inLanguage\":\"it-IT\",\"@id\":\"https:\\\/\\\/secure.gravatar.com\\\/avatar\\\/c3a39fd900275d54a628738568f1949e90ce9945d105d000228335a7bad64b38?s=96&d=mm&r=g\",\"url\":\"https:\\\/\\\/secure.gravatar.com\\\/avatar\\\/c3a39fd900275d54a628738568f1949e90ce9945d105d000228335a7bad64b38?s=96&d=mm&r=g\",\"contentUrl\":\"https:\\\/\\\/secure.gravatar.com\\\/avatar\\\/c3a39fd900275d54a628738568f1949e90ce9945d105d000228335a7bad64b38?s=96&d=mm&r=g\",\"caption\":\"Paul Charoy\"},\"url\":\"https:\\\/\\\/www.monaco-tribune.com\\\/it\\\/author\\\/paulcharoy\\\/\"}]}<\/script>\n<!-- \/ Yoast SEO Premium plugin. -->","yoast_head_json":{"title":"Cosa fare a Monaco a settembre 2023?","description":"Mostre, manifestazioni, eventi... Monaco Tribune ha raccolto qualche idea su cosa fare questo mese. Monaco Classic Week - La Belle Classe Dal 13 al 16","robots":{"index":"index","follow":"follow","max-snippet":"max-snippet:-1","max-image-preview":"max-image-preview:large","max-video-preview":"max-video-preview:-1"},"canonical":"https:\/\/www.monaco-tribune.com\/it\/2023\/09\/cosa-fare-a-monaco-a-settembre-2023\/","og_locale":"it_IT","og_type":"article","og_title":"Cosa fare a Monaco a settembre 2023? - Monaco Tribune","og_description":"Mostre, manifestazioni, eventi... Monaco Tribune ha raccolto qualche idea su cosa fare questo mese. Monaco Classic Week - La Belle Classe Dal 13 al 16","og_url":"https:\/\/www.monaco-tribune.com\/it\/2023\/09\/cosa-fare-a-monaco-a-settembre-2023\/","og_site_name":"Monaco Tribune","article_publisher":"https:\/\/www.facebook.com\/MonacoTribune","article_published_time":"2023-09-06T10:25:34+00:00","article_modified_time":"2023-09-06T15:32:16+00:00","og_image":[{"width":1200,"height":705,"url":"https:\/\/www.monaco-tribune.com\/wp-content\/uploads\/2023\/09\/monaco-yacht-show-monaco-compressed.jpg","type":"image\/jpeg"}],"author":"Paul Charoy","twitter_card":"summary_large_image","twitter_creator":"@MonacoTribune","twitter_site":"@MonacoTribune","schema":{"@context":"https:\/\/schema.org","@graph":[{"@type":"NewsArticle","@id":"https:\/\/www.monaco-tribune.com\/it\/2023\/09\/cosa-fare-a-monaco-a-settembre-2023\/#article","isPartOf":{"@id":"https:\/\/www.monaco-tribune.com\/it\/2023\/09\/cosa-fare-a-monaco-a-settembre-2023\/"},"author":{"name":"Paul Charoy","@id":"https:\/\/www.monaco-tribune.com\/it\/#\/schema\/person\/c33a9f1bc99ef5a2e07d37c576060b57"},"headline":"Cosa fare a Monaco a settembre 2023?","datePublished":"2023-09-06T10:25:34+00:00","dateModified":"2023-09-06T15:32:16+00:00","mainEntityOfPage":{"@id":"https:\/\/www.monaco-tribune.com\/it\/2023\/09\/cosa-fare-a-monaco-a-settembre-2023\/"},"wordCount":569,"publisher":{"@id":"https:\/\/www.monaco-tribune.com\/it\/#organization"},"image":{"@id":"https:\/\/www.monaco-tribune.com\/it\/2023\/09\/cosa-fare-a-monaco-a-settembre-2023\/#primaryimage"},"thumbnailUrl":"https:\/\/www.monaco-tribune.com\/wp-content\/uploads\/2023\/09\/monaco-yacht-show-monaco-compressed.jpg","keywords":["Vita locale"],"articleSection":["Cosa fare","Notizie"],"inLanguage":"it-IT","copyrightYear":"2023","copyrightHolder":{"@id":"https:\/\/www.monaco-tribune.com\/#organization"}},{"@type":"WebPage","@id":"https:\/\/www.monaco-tribune.com\/it\/2023\/09\/cosa-fare-a-monaco-a-settembre-2023\/","url":"https:\/\/www.monaco-tribune.com\/it\/2023\/09\/cosa-fare-a-monaco-a-settembre-2023\/","name":"Cosa fare a Monaco a settembre 2023?","isPartOf":{"@id":"https:\/\/www.monaco-tribune.com\/it\/#website"},"primaryImageOfPage":{"@id":"https:\/\/www.monaco-tribune.com\/it\/2023\/09\/cosa-fare-a-monaco-a-settembre-2023\/#primaryimage"},"image":{"@id":"https:\/\/www.monaco-tribune.com\/it\/2023\/09\/cosa-fare-a-monaco-a-settembre-2023\/#primaryimage"},"thumbnailUrl":"https:\/\/www.monaco-tribune.com\/wp-content\/uploads\/2023\/09\/monaco-yacht-show-monaco-compressed.jpg","datePublished":"2023-09-06T10:25:34+00:00","dateModified":"2023-09-06T15:32:16+00:00","description":"Mostre, manifestazioni, eventi... Monaco Tribune ha raccolto qualche idea su cosa fare questo mese. Monaco Classic Week - La Belle Classe Dal 13 al 16","breadcrumb":{"@id":"https:\/\/www.monaco-tribune.com\/it\/2023\/09\/cosa-fare-a-monaco-a-settembre-2023\/#breadcrumb"},"inLanguage":"it-IT","potentialAction":[{"@type":"ReadAction","target":["https:\/\/www.monaco-tribune.com\/it\/2023\/09\/cosa-fare-a-monaco-a-settembre-2023\/"]}]},{"@type":"ImageObject","inLanguage":"it-IT","@id":"https:\/\/www.monaco-tribune.com\/it\/2023\/09\/cosa-fare-a-monaco-a-settembre-2023\/#primaryimage","url":"https:\/\/www.monaco-tribune.com\/wp-content\/uploads\/2023\/09\/monaco-yacht-show-monaco-compressed.jpg","contentUrl":"https:\/\/www.monaco-tribune.com\/wp-content\/uploads\/2023\/09\/monaco-yacht-show-monaco-compressed.jpg","width":1200,"height":705,"caption":"L'economia marittima riunisce molti attori legati al mare - \u00a9MYS"},{"@type":"BreadcrumbList","@id":"https:\/\/www.monaco-tribune.com\/it\/2023\/09\/cosa-fare-a-monaco-a-settembre-2023\/#breadcrumb","itemListElement":[{"@type":"ListItem","position":1,"name":"Accueil","item":"https:\/\/www.monaco-tribune.com\/it\/"},{"@type":"ListItem","position":2,"name":"Cosa fare a Monaco a settembre 2023?"}]},{"@type":"WebSite","@id":"https:\/\/www.monaco-tribune.com\/it\/#website","url":"https:\/\/www.monaco-tribune.com\/it\/","name":"Monaco Tribune","description":"Monaco : actualit\u00e9s \u00e9conomiques, politiques, culturelles et sportives de Monaco et de la French Riviera.","publisher":{"@id":"https:\/\/www.monaco-tribune.com\/it\/#organization"},"potentialAction":[{"@type":"SearchAction","target":{"@type":"EntryPoint","urlTemplate":"https:\/\/www.monaco-tribune.com\/it\/?s={search_term_string}"},"query-input":{"@type":"PropertyValueSpecification","valueRequired":true,"valueName":"search_term_string"}}],"inLanguage":"it-IT"},{"@type":"Organization","@id":"https:\/\/www.monaco-tribune.com\/it\/#organization","name":"Monaco Tribune","url":"https:\/\/www.monaco-tribune.com\/it\/","logo":{"@type":"ImageObject","inLanguage":"it-IT","@id":"https:\/\/www.monaco-tribune.com\/it\/#\/schema\/logo\/image\/","url":"https:\/\/www.monaco-tribune.com\/wp-content\/uploads\/2022\/11\/logo-monaco-tribune.png","contentUrl":"https:\/\/www.monaco-tribune.com\/wp-content\/uploads\/2022\/11\/logo-monaco-tribune.png","width":1548,"height":600,"caption":"Monaco Tribune"},"image":{"@id":"https:\/\/www.monaco-tribune.com\/it\/#\/schema\/logo\/image\/"},"sameAs":["https:\/\/www.facebook.com\/MonacoTribune","https:\/\/x.com\/MonacoTribune","https:\/\/www.instagram.com\/monacotribune\/","https:\/\/www.linkedin.com\/company\/monaco-tribune","https:\/\/www.youtube.com\/channel\/UCHle1MnG6hw1y4lWKijVbMA"]},{"@type":"Person","@id":"https:\/\/www.monaco-tribune.com\/it\/#\/schema\/person\/c33a9f1bc99ef5a2e07d37c576060b57","name":"Paul Charoy","image":{"@type":"ImageObject","inLanguage":"it-IT","@id":"https:\/\/secure.gravatar.com\/avatar\/c3a39fd900275d54a628738568f1949e90ce9945d105d000228335a7bad64b38?s=96&d=mm&r=g","url":"https:\/\/secure.gravatar.com\/avatar\/c3a39fd900275d54a628738568f1949e90ce9945d105d000228335a7bad64b38?s=96&d=mm&r=g","contentUrl":"https:\/\/secure.gravatar.com\/avatar\/c3a39fd900275d54a628738568f1949e90ce9945d105d000228335a7bad64b38?s=96&d=mm&r=g","caption":"Paul Charoy"},"url":"https:\/\/www.monaco-tribune.com\/it\/author\/paulcharoy\/"}]}},"_links":{"self":[{"href":"https:\/\/www.monaco-tribune.com\/it\/wp-json\/wp\/v2\/posts\/191328","targetHints":{"allow":["GET"]}}],"collection":[{"href":"https:\/\/www.monaco-tribune.com\/it\/wp-json\/wp\/v2\/posts"}],"about":[{"href":"https:\/\/www.monaco-tribune.com\/it\/wp-json\/wp\/v2\/types\/post"}],"author":[{"embeddable":true,"href":"https:\/\/www.monaco-tribune.com\/it\/wp-json\/wp\/v2\/users\/65"}],"replies":[{"embeddable":true,"href":"https:\/\/www.monaco-tribune.com\/it\/wp-json\/wp\/v2\/comments?post=191328"}],"version-history":[{"count":2,"href":"https:\/\/www.monaco-tribune.com\/it\/wp-json\/wp\/v2\/posts\/191328\/revisions"}],"predecessor-version":[{"id":191424,"href":"https:\/\/www.monaco-tribune.com\/it\/wp-json\/wp\/v2\/posts\/191328\/revisions\/191424"}],"wp:featuredmedia":[{"embeddable":true,"href":"https:\/\/www.monaco-tribune.com\/it\/wp-json\/wp\/v2\/media\/190719"}],"wp:attachment":[{"href":"https:\/\/www.monaco-tribune.com\/it\/wp-json\/wp\/v2\/media?parent=191328"}],"wp:term":[{"taxonomy":"category","embeddable":true,"href":"https:\/\/www.monaco-tribune.com\/it\/wp-json\/wp\/v2\/categories?post=191328"},{"taxonomy":"post_tag","embeddable":true,"href":"https:\/\/www.monaco-tribune.com\/it\/wp-json\/wp\/v2\/tags?post=191328"},{"taxonomy":"sectag","embeddable":true,"href":"https:\/\/www.monaco-tribune.com\/it\/wp-json\/wp\/v2\/post_sectags?post=191328"},{"taxonomy":"format","embeddable":true,"href":"https:\/\/www.monaco-tribune.com\/it\/wp-json\/wp\/v2\/post_format?post=191328"}],"curies":[{"name":"wp","href":"https:\/\/api.w.org\/{rel}","templated":true}]}}