{"id":191418,"date":"2023-09-06T17:26:04","date_gmt":"2023-09-06T15:26:04","guid":{"rendered":"https:\/\/www.monaco-tribune.com\/2023\/09\/il-mediterraneo-presto-ospite-donore-al-marche-de-la-condamine\/"},"modified":"2023-09-06T17:28:29","modified_gmt":"2023-09-06T15:28:29","slug":"il-mediterraneo-presto-ospite-donore-al-marche-de-la-condamine","status":"publish","type":"post","link":"https:\/\/www.monaco-tribune.com\/it\/2023\/09\/il-mediterraneo-presto-ospite-donore-al-marche-de-la-condamine\/","title":{"rendered":"Il Mediterraneo presto ospite d&#8217;onore al March\u00e9 de la Condamine"},"content":{"rendered":"\n<p><strong>I piatti tradizionali del Libano, del Marocco, dell&#8217;Italia, della Grecia, della Francia e di Monaco saranno i protagonisti.<\/strong><\/p>\n\n<p>Nell&#8217;ambito della fiera &#8220;Monaco M\u00e9diterran\u00e9e&#8221;, che si terr\u00e0 <a href=\"https:\/\/www.monaco-tribune.com\/2023\/08\/venez-decouvrir-lart-de-vivre-mediterraneen-au-salon-monaco-mediterranee\/\">dal 15 al 17 settembre<\/a> all&#8217;Espace Fontvieille, il Comune di Monaco ha organizzato una serata a tema mediterraneo presso il March\u00e9 de la Condamine. Appuntamento venerd\u00ec 15 settembre a partire dalle ore 20:00.<\/p>\n\n<p>Per l&#8217;occasione, i commercianti fissi del mercato proporranno una vasta selezione di piatti dei seguenti paesi del Mediterraneo: Monaco, Libano, Italia, Marocco, Grecia e Francia.<\/p>\n\n<p class=\"related\"><a href=\"https:\/\/www.monaco-tribune.com\/it\/2023\/09\/cosa-fare-a-monaco-a-settembre-2023\/\">Cosa fare a Monaco a settembre 2023?<\/a><\/p>\n\n<p>Ma la serata non sar\u00e0 solo all&#8217;insegna del cibo. Sono previsti allestimenti con i colori dei diversi Paesi, balli folkloristici e DJ set, oltre alla degustazione dei piatti tradizionali.<\/p>\n\n<p>L&#8217;atmosfera calorosa tipica mediterranea \u00e8 garantita al March\u00e9 de la Condamine!<\/p>\n\n<hr class=\"wp-block-separator has-alpha-channel-opacity\"\/>\n\n<p><em>Maggiori informazioni<\/em><\/p>\n\n<ul class=\"wp-block-list\">\n<li>&#8220;Soir\u00e9e M\u00e9diterran\u00e9enne&#8221; &#8211; venerd\u00ec 15 settembre 2023 ore 20:00<\/li>\n\n\n\n<li>March\u00e9 de la Condamine<\/li>\n\n\n\n<li>Ingresso libero &#8211; Senza prenotazione<\/li>\n\n\n\n<li>Dettagli su <a href=\"https:\/\/www.mairie.mc\">www.mairie.mc<\/a><\/li>\n<\/ul>\n","protected":false},"excerpt":{"rendered":"<p>I piatti tradizionali del Libano, del Marocco, dell&#8217;Italia, della Grecia, della Francia e di Monaco saranno i protagonisti. Nell&#8217;ambito della [&hellip;]<\/p>\n","protected":false},"author":65,"featured_media":191263,"comment_status":"closed","ping_status":"closed","sticky":false,"template":"","format":"standard","meta":{"_acf_changed":false,"footnotes":""},"categories":[1740,1738],"tags":[2890],"post_sectags":[4374],"post_format":[2471],"class_list":["post-191418","post","type-post","status-publish","format-standard","has-post-thumbnail","hentry","category-cosa-fare","category-notizie","tag-eventi","sectag-marche-de-la-condamine-it","format-evento"],"acf":[],"yoast_head":"<!-- This site is optimized with the Yoast SEO Premium plugin v26.8 (Yoast SEO v27.5) - https:\/\/yoast.com\/product\/yoast-seo-premium-wordpress\/ -->\n<title>Il Mediterraneo presto ospite d&#039;onore al March\u00e9 de la Condamine<\/title>\n<meta name=\"description\" content=\"I piatti tradizionali del Libano, del Marocco, dell&#039;Italia, della Grecia, della Francia e di Monaco saranno i protagonisti. Nell&#039;ambito della fiera\" \/>\n<meta name=\"robots\" content=\"index, follow, max-snippet:-1, max-image-preview:large, max-video-preview:-1\" \/>\n<link rel=\"canonical\" href=\"https:\/\/www.monaco-tribune.com\/it\/2023\/09\/il-mediterraneo-presto-ospite-donore-al-marche-de-la-condamine\/\" \/>\n<meta property=\"og:locale\" content=\"it_IT\" \/>\n<meta property=\"og:type\" content=\"article\" \/>\n<meta property=\"og:title\" content=\"Il Mediterraneo presto ospite d&#039;onore al March\u00e9 de la Condamine - Monaco Tribune\" \/>\n<meta property=\"og:description\" content=\"I piatti tradizionali del Libano, del Marocco, dell&#039;Italia, della Grecia, della Francia e di Monaco saranno i protagonisti. Nell&#039;ambito della fiera\" \/>\n<meta property=\"og:url\" content=\"https:\/\/www.monaco-tribune.com\/it\/2023\/09\/il-mediterraneo-presto-ospite-donore-al-marche-de-la-condamine\/\" \/>\n<meta property=\"og:site_name\" content=\"Monaco Tribune\" \/>\n<meta property=\"article:publisher\" content=\"https:\/\/www.facebook.com\/MonacoTribune\" \/>\n<meta property=\"article:published_time\" content=\"2023-09-06T15:26:04+00:00\" \/>\n<meta property=\"article:modified_time\" content=\"2023-09-06T15:28:29+00:00\" \/>\n<meta property=\"og:image\" content=\"https:\/\/www.monaco-tribune.com\/wp-content\/uploads\/2023\/09\/soiree-mediterraneenne-marche-de-la-condamine-monaco-compressed.jpg\" \/>\n\t<meta property=\"og:image:width\" content=\"1200\" \/>\n\t<meta property=\"og:image:height\" content=\"769\" \/>\n\t<meta property=\"og:image:type\" content=\"image\/jpeg\" \/>\n<meta name=\"author\" content=\"Paul Charoy\" \/>\n<meta name=\"twitter:card\" content=\"summary_large_image\" \/>\n<meta name=\"twitter:creator\" content=\"@MonacoTribune\" \/>\n<meta name=\"twitter:site\" content=\"@MonacoTribune\" \/>\n<script type=\"application\/ld+json\" class=\"yoast-schema-graph\">{\"@context\":\"https:\\\/\\\/schema.org\",\"@graph\":[{\"@type\":\"NewsArticle\",\"@id\":\"https:\\\/\\\/www.monaco-tribune.com\\\/it\\\/2023\\\/09\\\/il-mediterraneo-presto-ospite-donore-al-marche-de-la-condamine\\\/#article\",\"isPartOf\":{\"@id\":\"https:\\\/\\\/www.monaco-tribune.com\\\/it\\\/2023\\\/09\\\/il-mediterraneo-presto-ospite-donore-al-marche-de-la-condamine\\\/\"},\"author\":{\"name\":\"Paul Charoy\",\"@id\":\"https:\\\/\\\/www.monaco-tribune.com\\\/it\\\/#\\\/schema\\\/person\\\/c33a9f1bc99ef5a2e07d37c576060b57\"},\"headline\":\"Il Mediterraneo presto ospite d&#8217;onore al March\u00e9 de la Condamine\",\"datePublished\":\"2023-09-06T15:26:04+00:00\",\"dateModified\":\"2023-09-06T15:28:29+00:00\",\"mainEntityOfPage\":{\"@id\":\"https:\\\/\\\/www.monaco-tribune.com\\\/it\\\/2023\\\/09\\\/il-mediterraneo-presto-ospite-donore-al-marche-de-la-condamine\\\/\"},\"wordCount\":169,\"publisher\":{\"@id\":\"https:\\\/\\\/www.monaco-tribune.com\\\/it\\\/#organization\"},\"image\":{\"@id\":\"https:\\\/\\\/www.monaco-tribune.com\\\/it\\\/2023\\\/09\\\/il-mediterraneo-presto-ospite-donore-al-marche-de-la-condamine\\\/#primaryimage\"},\"thumbnailUrl\":\"https:\\\/\\\/www.monaco-tribune.com\\\/wp-content\\\/uploads\\\/2023\\\/09\\\/soiree-mediterraneenne-marche-de-la-condamine-monaco-compressed.jpg\",\"keywords\":[\"Eventi\"],\"articleSection\":[\"Cosa fare\",\"Notizie\"],\"inLanguage\":\"it-IT\",\"copyrightYear\":\"2023\",\"copyrightHolder\":{\"@id\":\"https:\\\/\\\/www.monaco-tribune.com\\\/#organization\"}},{\"@type\":\"WebPage\",\"@id\":\"https:\\\/\\\/www.monaco-tribune.com\\\/it\\\/2023\\\/09\\\/il-mediterraneo-presto-ospite-donore-al-marche-de-la-condamine\\\/\",\"url\":\"https:\\\/\\\/www.monaco-tribune.com\\\/it\\\/2023\\\/09\\\/il-mediterraneo-presto-ospite-donore-al-marche-de-la-condamine\\\/\",\"name\":\"Il Mediterraneo presto ospite d'onore al March\u00e9 de la Condamine\",\"isPartOf\":{\"@id\":\"https:\\\/\\\/www.monaco-tribune.com\\\/it\\\/#website\"},\"primaryImageOfPage\":{\"@id\":\"https:\\\/\\\/www.monaco-tribune.com\\\/it\\\/2023\\\/09\\\/il-mediterraneo-presto-ospite-donore-al-marche-de-la-condamine\\\/#primaryimage\"},\"image\":{\"@id\":\"https:\\\/\\\/www.monaco-tribune.com\\\/it\\\/2023\\\/09\\\/il-mediterraneo-presto-ospite-donore-al-marche-de-la-condamine\\\/#primaryimage\"},\"thumbnailUrl\":\"https:\\\/\\\/www.monaco-tribune.com\\\/wp-content\\\/uploads\\\/2023\\\/09\\\/soiree-mediterraneenne-marche-de-la-condamine-monaco-compressed.jpg\",\"datePublished\":\"2023-09-06T15:26:04+00:00\",\"dateModified\":\"2023-09-06T15:28:29+00:00\",\"description\":\"I piatti tradizionali del Libano, del Marocco, dell'Italia, della Grecia, della Francia e di Monaco saranno i protagonisti. Nell'ambito della fiera\",\"breadcrumb\":{\"@id\":\"https:\\\/\\\/www.monaco-tribune.com\\\/it\\\/2023\\\/09\\\/il-mediterraneo-presto-ospite-donore-al-marche-de-la-condamine\\\/#breadcrumb\"},\"inLanguage\":\"it-IT\",\"potentialAction\":[{\"@type\":\"ReadAction\",\"target\":[\"https:\\\/\\\/www.monaco-tribune.com\\\/it\\\/2023\\\/09\\\/il-mediterraneo-presto-ospite-donore-al-marche-de-la-condamine\\\/\"]}]},{\"@type\":\"ImageObject\",\"inLanguage\":\"it-IT\",\"@id\":\"https:\\\/\\\/www.monaco-tribune.com\\\/it\\\/2023\\\/09\\\/il-mediterraneo-presto-ospite-donore-al-marche-de-la-condamine\\\/#primaryimage\",\"url\":\"https:\\\/\\\/www.monaco-tribune.com\\\/wp-content\\\/uploads\\\/2023\\\/09\\\/soiree-mediterraneenne-marche-de-la-condamine-monaco-compressed.jpg\",\"contentUrl\":\"https:\\\/\\\/www.monaco-tribune.com\\\/wp-content\\\/uploads\\\/2023\\\/09\\\/soiree-mediterraneenne-marche-de-la-condamine-monaco-compressed.jpg\",\"width\":1200,\"height\":769,\"caption\":\"Appuntamento venerd\u00ec 15 settembre alle 20:00 al March\u00e9 de la Condamine \u00a9 Comune di Monaco\"},{\"@type\":\"BreadcrumbList\",\"@id\":\"https:\\\/\\\/www.monaco-tribune.com\\\/it\\\/2023\\\/09\\\/il-mediterraneo-presto-ospite-donore-al-marche-de-la-condamine\\\/#breadcrumb\",\"itemListElement\":[{\"@type\":\"ListItem\",\"position\":1,\"name\":\"Accueil\",\"item\":\"https:\\\/\\\/www.monaco-tribune.com\\\/it\\\/\"},{\"@type\":\"ListItem\",\"position\":2,\"name\":\"Il Mediterraneo presto ospite d&#8217;onore al March\u00e9 de la Condamine\"}]},{\"@type\":\"WebSite\",\"@id\":\"https:\\\/\\\/www.monaco-tribune.com\\\/it\\\/#website\",\"url\":\"https:\\\/\\\/www.monaco-tribune.com\\\/it\\\/\",\"name\":\"Monaco Tribune\",\"description\":\"Monaco : actualit\u00e9s \u00e9conomiques, politiques, culturelles et sportives de Monaco et de la French Riviera.\",\"publisher\":{\"@id\":\"https:\\\/\\\/www.monaco-tribune.com\\\/it\\\/#organization\"},\"potentialAction\":[{\"@type\":\"SearchAction\",\"target\":{\"@type\":\"EntryPoint\",\"urlTemplate\":\"https:\\\/\\\/www.monaco-tribune.com\\\/it\\\/?s={search_term_string}\"},\"query-input\":{\"@type\":\"PropertyValueSpecification\",\"valueRequired\":true,\"valueName\":\"search_term_string\"}}],\"inLanguage\":\"it-IT\"},{\"@type\":\"Organization\",\"@id\":\"https:\\\/\\\/www.monaco-tribune.com\\\/it\\\/#organization\",\"name\":\"Monaco Tribune\",\"url\":\"https:\\\/\\\/www.monaco-tribune.com\\\/it\\\/\",\"logo\":{\"@type\":\"ImageObject\",\"inLanguage\":\"it-IT\",\"@id\":\"https:\\\/\\\/www.monaco-tribune.com\\\/it\\\/#\\\/schema\\\/logo\\\/image\\\/\",\"url\":\"https:\\\/\\\/www.monaco-tribune.com\\\/wp-content\\\/uploads\\\/2022\\\/11\\\/logo-monaco-tribune.png\",\"contentUrl\":\"https:\\\/\\\/www.monaco-tribune.com\\\/wp-content\\\/uploads\\\/2022\\\/11\\\/logo-monaco-tribune.png\",\"width\":1548,\"height\":600,\"caption\":\"Monaco Tribune\"},\"image\":{\"@id\":\"https:\\\/\\\/www.monaco-tribune.com\\\/it\\\/#\\\/schema\\\/logo\\\/image\\\/\"},\"sameAs\":[\"https:\\\/\\\/www.facebook.com\\\/MonacoTribune\",\"https:\\\/\\\/x.com\\\/MonacoTribune\",\"https:\\\/\\\/www.instagram.com\\\/monacotribune\\\/\",\"https:\\\/\\\/www.linkedin.com\\\/company\\\/monaco-tribune\",\"https:\\\/\\\/www.youtube.com\\\/channel\\\/UCHle1MnG6hw1y4lWKijVbMA\"]},{\"@type\":\"Person\",\"@id\":\"https:\\\/\\\/www.monaco-tribune.com\\\/it\\\/#\\\/schema\\\/person\\\/c33a9f1bc99ef5a2e07d37c576060b57\",\"name\":\"Paul Charoy\",\"image\":{\"@type\":\"ImageObject\",\"inLanguage\":\"it-IT\",\"@id\":\"https:\\\/\\\/secure.gravatar.com\\\/avatar\\\/c3a39fd900275d54a628738568f1949e90ce9945d105d000228335a7bad64b38?s=96&d=mm&r=g\",\"url\":\"https:\\\/\\\/secure.gravatar.com\\\/avatar\\\/c3a39fd900275d54a628738568f1949e90ce9945d105d000228335a7bad64b38?s=96&d=mm&r=g\",\"contentUrl\":\"https:\\\/\\\/secure.gravatar.com\\\/avatar\\\/c3a39fd900275d54a628738568f1949e90ce9945d105d000228335a7bad64b38?s=96&d=mm&r=g\",\"caption\":\"Paul Charoy\"},\"url\":\"https:\\\/\\\/www.monaco-tribune.com\\\/it\\\/author\\\/paulcharoy\\\/\"}]}<\/script>\n<!-- \/ Yoast SEO Premium plugin. -->","yoast_head_json":{"title":"Il Mediterraneo presto ospite d'onore al March\u00e9 de la Condamine","description":"I piatti tradizionali del Libano, del Marocco, dell'Italia, della Grecia, della Francia e di Monaco saranno i protagonisti. Nell'ambito della fiera","robots":{"index":"index","follow":"follow","max-snippet":"max-snippet:-1","max-image-preview":"max-image-preview:large","max-video-preview":"max-video-preview:-1"},"canonical":"https:\/\/www.monaco-tribune.com\/it\/2023\/09\/il-mediterraneo-presto-ospite-donore-al-marche-de-la-condamine\/","og_locale":"it_IT","og_type":"article","og_title":"Il Mediterraneo presto ospite d'onore al March\u00e9 de la Condamine - Monaco Tribune","og_description":"I piatti tradizionali del Libano, del Marocco, dell'Italia, della Grecia, della Francia e di Monaco saranno i protagonisti. Nell'ambito della fiera","og_url":"https:\/\/www.monaco-tribune.com\/it\/2023\/09\/il-mediterraneo-presto-ospite-donore-al-marche-de-la-condamine\/","og_site_name":"Monaco Tribune","article_publisher":"https:\/\/www.facebook.com\/MonacoTribune","article_published_time":"2023-09-06T15:26:04+00:00","article_modified_time":"2023-09-06T15:28:29+00:00","og_image":[{"width":1200,"height":769,"url":"https:\/\/www.monaco-tribune.com\/wp-content\/uploads\/2023\/09\/soiree-mediterraneenne-marche-de-la-condamine-monaco-compressed.jpg","type":"image\/jpeg"}],"author":"Paul Charoy","twitter_card":"summary_large_image","twitter_creator":"@MonacoTribune","twitter_site":"@MonacoTribune","schema":{"@context":"https:\/\/schema.org","@graph":[{"@type":"NewsArticle","@id":"https:\/\/www.monaco-tribune.com\/it\/2023\/09\/il-mediterraneo-presto-ospite-donore-al-marche-de-la-condamine\/#article","isPartOf":{"@id":"https:\/\/www.monaco-tribune.com\/it\/2023\/09\/il-mediterraneo-presto-ospite-donore-al-marche-de-la-condamine\/"},"author":{"name":"Paul Charoy","@id":"https:\/\/www.monaco-tribune.com\/it\/#\/schema\/person\/c33a9f1bc99ef5a2e07d37c576060b57"},"headline":"Il Mediterraneo presto ospite d&#8217;onore al March\u00e9 de la Condamine","datePublished":"2023-09-06T15:26:04+00:00","dateModified":"2023-09-06T15:28:29+00:00","mainEntityOfPage":{"@id":"https:\/\/www.monaco-tribune.com\/it\/2023\/09\/il-mediterraneo-presto-ospite-donore-al-marche-de-la-condamine\/"},"wordCount":169,"publisher":{"@id":"https:\/\/www.monaco-tribune.com\/it\/#organization"},"image":{"@id":"https:\/\/www.monaco-tribune.com\/it\/2023\/09\/il-mediterraneo-presto-ospite-donore-al-marche-de-la-condamine\/#primaryimage"},"thumbnailUrl":"https:\/\/www.monaco-tribune.com\/wp-content\/uploads\/2023\/09\/soiree-mediterraneenne-marche-de-la-condamine-monaco-compressed.jpg","keywords":["Eventi"],"articleSection":["Cosa fare","Notizie"],"inLanguage":"it-IT","copyrightYear":"2023","copyrightHolder":{"@id":"https:\/\/www.monaco-tribune.com\/#organization"}},{"@type":"WebPage","@id":"https:\/\/www.monaco-tribune.com\/it\/2023\/09\/il-mediterraneo-presto-ospite-donore-al-marche-de-la-condamine\/","url":"https:\/\/www.monaco-tribune.com\/it\/2023\/09\/il-mediterraneo-presto-ospite-donore-al-marche-de-la-condamine\/","name":"Il Mediterraneo presto ospite d'onore al March\u00e9 de la Condamine","isPartOf":{"@id":"https:\/\/www.monaco-tribune.com\/it\/#website"},"primaryImageOfPage":{"@id":"https:\/\/www.monaco-tribune.com\/it\/2023\/09\/il-mediterraneo-presto-ospite-donore-al-marche-de-la-condamine\/#primaryimage"},"image":{"@id":"https:\/\/www.monaco-tribune.com\/it\/2023\/09\/il-mediterraneo-presto-ospite-donore-al-marche-de-la-condamine\/#primaryimage"},"thumbnailUrl":"https:\/\/www.monaco-tribune.com\/wp-content\/uploads\/2023\/09\/soiree-mediterraneenne-marche-de-la-condamine-monaco-compressed.jpg","datePublished":"2023-09-06T15:26:04+00:00","dateModified":"2023-09-06T15:28:29+00:00","description":"I piatti tradizionali del Libano, del Marocco, dell'Italia, della Grecia, della Francia e di Monaco saranno i protagonisti. Nell'ambito della fiera","breadcrumb":{"@id":"https:\/\/www.monaco-tribune.com\/it\/2023\/09\/il-mediterraneo-presto-ospite-donore-al-marche-de-la-condamine\/#breadcrumb"},"inLanguage":"it-IT","potentialAction":[{"@type":"ReadAction","target":["https:\/\/www.monaco-tribune.com\/it\/2023\/09\/il-mediterraneo-presto-ospite-donore-al-marche-de-la-condamine\/"]}]},{"@type":"ImageObject","inLanguage":"it-IT","@id":"https:\/\/www.monaco-tribune.com\/it\/2023\/09\/il-mediterraneo-presto-ospite-donore-al-marche-de-la-condamine\/#primaryimage","url":"https:\/\/www.monaco-tribune.com\/wp-content\/uploads\/2023\/09\/soiree-mediterraneenne-marche-de-la-condamine-monaco-compressed.jpg","contentUrl":"https:\/\/www.monaco-tribune.com\/wp-content\/uploads\/2023\/09\/soiree-mediterraneenne-marche-de-la-condamine-monaco-compressed.jpg","width":1200,"height":769,"caption":"Appuntamento venerd\u00ec 15 settembre alle 20:00 al March\u00e9 de la Condamine \u00a9 Comune di Monaco"},{"@type":"BreadcrumbList","@id":"https:\/\/www.monaco-tribune.com\/it\/2023\/09\/il-mediterraneo-presto-ospite-donore-al-marche-de-la-condamine\/#breadcrumb","itemListElement":[{"@type":"ListItem","position":1,"name":"Accueil","item":"https:\/\/www.monaco-tribune.com\/it\/"},{"@type":"ListItem","position":2,"name":"Il Mediterraneo presto ospite d&#8217;onore al March\u00e9 de la Condamine"}]},{"@type":"WebSite","@id":"https:\/\/www.monaco-tribune.com\/it\/#website","url":"https:\/\/www.monaco-tribune.com\/it\/","name":"Monaco Tribune","description":"Monaco : actualit\u00e9s \u00e9conomiques, politiques, culturelles et sportives de Monaco et de la French Riviera.","publisher":{"@id":"https:\/\/www.monaco-tribune.com\/it\/#organization"},"potentialAction":[{"@type":"SearchAction","target":{"@type":"EntryPoint","urlTemplate":"https:\/\/www.monaco-tribune.com\/it\/?s={search_term_string}"},"query-input":{"@type":"PropertyValueSpecification","valueRequired":true,"valueName":"search_term_string"}}],"inLanguage":"it-IT"},{"@type":"Organization","@id":"https:\/\/www.monaco-tribune.com\/it\/#organization","name":"Monaco Tribune","url":"https:\/\/www.monaco-tribune.com\/it\/","logo":{"@type":"ImageObject","inLanguage":"it-IT","@id":"https:\/\/www.monaco-tribune.com\/it\/#\/schema\/logo\/image\/","url":"https:\/\/www.monaco-tribune.com\/wp-content\/uploads\/2022\/11\/logo-monaco-tribune.png","contentUrl":"https:\/\/www.monaco-tribune.com\/wp-content\/uploads\/2022\/11\/logo-monaco-tribune.png","width":1548,"height":600,"caption":"Monaco Tribune"},"image":{"@id":"https:\/\/www.monaco-tribune.com\/it\/#\/schema\/logo\/image\/"},"sameAs":["https:\/\/www.facebook.com\/MonacoTribune","https:\/\/x.com\/MonacoTribune","https:\/\/www.instagram.com\/monacotribune\/","https:\/\/www.linkedin.com\/company\/monaco-tribune","https:\/\/www.youtube.com\/channel\/UCHle1MnG6hw1y4lWKijVbMA"]},{"@type":"Person","@id":"https:\/\/www.monaco-tribune.com\/it\/#\/schema\/person\/c33a9f1bc99ef5a2e07d37c576060b57","name":"Paul Charoy","image":{"@type":"ImageObject","inLanguage":"it-IT","@id":"https:\/\/secure.gravatar.com\/avatar\/c3a39fd900275d54a628738568f1949e90ce9945d105d000228335a7bad64b38?s=96&d=mm&r=g","url":"https:\/\/secure.gravatar.com\/avatar\/c3a39fd900275d54a628738568f1949e90ce9945d105d000228335a7bad64b38?s=96&d=mm&r=g","contentUrl":"https:\/\/secure.gravatar.com\/avatar\/c3a39fd900275d54a628738568f1949e90ce9945d105d000228335a7bad64b38?s=96&d=mm&r=g","caption":"Paul Charoy"},"url":"https:\/\/www.monaco-tribune.com\/it\/author\/paulcharoy\/"}]}},"_links":{"self":[{"href":"https:\/\/www.monaco-tribune.com\/it\/wp-json\/wp\/v2\/posts\/191418","targetHints":{"allow":["GET"]}}],"collection":[{"href":"https:\/\/www.monaco-tribune.com\/it\/wp-json\/wp\/v2\/posts"}],"about":[{"href":"https:\/\/www.monaco-tribune.com\/it\/wp-json\/wp\/v2\/types\/post"}],"author":[{"embeddable":true,"href":"https:\/\/www.monaco-tribune.com\/it\/wp-json\/wp\/v2\/users\/65"}],"replies":[{"embeddable":true,"href":"https:\/\/www.monaco-tribune.com\/it\/wp-json\/wp\/v2\/comments?post=191418"}],"version-history":[{"count":2,"href":"https:\/\/www.monaco-tribune.com\/it\/wp-json\/wp\/v2\/posts\/191418\/revisions"}],"predecessor-version":[{"id":191421,"href":"https:\/\/www.monaco-tribune.com\/it\/wp-json\/wp\/v2\/posts\/191418\/revisions\/191421"}],"wp:featuredmedia":[{"embeddable":true,"href":"https:\/\/www.monaco-tribune.com\/it\/wp-json\/wp\/v2\/media\/191263"}],"wp:attachment":[{"href":"https:\/\/www.monaco-tribune.com\/it\/wp-json\/wp\/v2\/media?parent=191418"}],"wp:term":[{"taxonomy":"category","embeddable":true,"href":"https:\/\/www.monaco-tribune.com\/it\/wp-json\/wp\/v2\/categories?post=191418"},{"taxonomy":"post_tag","embeddable":true,"href":"https:\/\/www.monaco-tribune.com\/it\/wp-json\/wp\/v2\/tags?post=191418"},{"taxonomy":"sectag","embeddable":true,"href":"https:\/\/www.monaco-tribune.com\/it\/wp-json\/wp\/v2\/post_sectags?post=191418"},{"taxonomy":"format","embeddable":true,"href":"https:\/\/www.monaco-tribune.com\/it\/wp-json\/wp\/v2\/post_format?post=191418"}],"curies":[{"name":"wp","href":"https:\/\/api.w.org\/{rel}","templated":true}]}}