{"id":193525,"date":"2023-09-25T10:27:30","date_gmt":"2023-09-25T08:27:30","guid":{"rendered":"https:\/\/www.monaco-tribune.com\/2023\/09\/11-parole-in-monegasco-per-il-rientro-a-scuola\/"},"modified":"2023-09-25T10:27:54","modified_gmt":"2023-09-25T08:27:54","slug":"11-parole-in-monegasco-per-il-rientro-a-scuola","status":"publish","type":"post","link":"https:\/\/www.monaco-tribune.com\/it\/2023\/09\/11-parole-in-monegasco-per-il-rientro-a-scuola\/","title":{"rendered":"11 parole in monegasco per il rientro a scuola"},"content":{"rendered":"\n<p><strong>Quanto conoscete la lingua monegasca? Monaco Tribune, in collaborazione con l\u2019Acad\u00e9mie des Langues Dialectales, vi propone un elenco di parole ed espressioni per arricchire il vostro vocabolario.<\/strong><\/p>\n\n<p>Qualche giorno fa, pi\u00f9 di 5.600 studenti, tra cui il Principe ereditario Jacques e la Principessa Gabriella, hanno iniziato il nuovo anno scolastico nel Principato. Dalla scuola elementare al liceo, tutti condividono questo momento e si ritroveranno sicuramente nelle parole scelte da Claude Passet, presidente dell&#8217;Acad\u00e9mie des Langues Dialectales.<\/p>\n\n<p>&#8220;L&#8217;estate \u00e8 finita e con lei anche le vacanze. Ora \u00e8 tempo di tornare a scuola. Buon anno scolastico a tutti!&#8221;, scrive Passet, l&#8217;uomo per il quale il patrimonio monegasco <a href=\"https:\/\/www.monaco-tribune.com\/2023\/06\/claude-passet-met-en-lumiere-le-patrimoine-militaire-de-monaco\/\">non ha segreti<\/a>.<\/p>\n\n<p><a href=\"https:\/\/www.monaco-tribune.com\/it\/2023\/05\/15-parole-in-monegasco-sul-gran-premio-di-monaco\/\">15 parole in monegasco sul Gran Premio di Monaco<\/a><\/p>\n\n<ul class=\"wp-block-list\">\n<li>Scuola:\u00a0schoera (si pronuncia &#8220;skeura&#8221;)\u00a0<\/li>\n\n\n\n<li>Scuola media:\u00a0culege\u00a0<\/li>\n\n\n\n<li>Liceo:\u00a0li\u00e7\u00e8, li\u00e7eu\u00a0<\/li>\n\n\n\n<li>Professore:\u00a0maistru, prufess\u00f9\u00a0<\/li>\n\n\n\n<li>Allievo: alievu\u00a0<\/li>\n\n\n\n<li>Libro:\u00a0libru\u00a0<\/li>\n\n\n\n<li>Quaderno:\u00a0qinternu\u00a0<\/li>\n\n\n\n<li>Matita:\u00a0creiyun, creyun\u00a0<\/li>\n\n\n\n<li>Penna:\u00a0ci\u00fcmin\u00a0\u00a0<\/li>\n\n\n\n<li>Zainetto:\u00a0cartela\u00a0<\/li>\n\n\n\n<li>Compagno:\u00a0cumpagnu\u00a0<\/li>\n<\/ul>\n\n<p>Fate attenzione! La lettera \u201cu\u201d si pronuncia come in italiano e la \u201c\u00fc\u201d si pronuncia [iu].<\/p>\n","protected":false},"excerpt":{"rendered":"<p>Quanto conoscete la lingua monegasca? Monaco Tribune, in collaborazione con l\u2019Acad\u00e9mie des Langues Dialectales, vi propone un elenco di parole [&hellip;]<\/p>\n","protected":false},"author":65,"featured_media":192296,"comment_status":"closed","ping_status":"closed","sticky":false,"template":"","format":"standard","meta":{"_acf_changed":false,"footnotes":""},"categories":[1740,1738],"tags":[2915],"post_sectags":[],"post_format":[2477],"class_list":["post-193525","post","type-post","status-publish","format-standard","has-post-thumbnail","hentry","category-cosa-fare","category-notizie","tag-lingua-monegasca","format-info-pratiche"],"acf":[],"yoast_head":"<!-- This site is optimized with the Yoast SEO Premium plugin v26.8 (Yoast SEO v27.5) - https:\/\/yoast.com\/product\/yoast-seo-premium-wordpress\/ -->\n<title>11 parole in monegasco per il rientro a scuola<\/title>\n<meta name=\"description\" content=\"Quanto conoscete la lingua monegasca? Monaco Tribune, in collaborazione con l\u2019Acad\u00e9mie des Langues Dialectales, vi propone un elenco di parole ed\" \/>\n<meta name=\"robots\" content=\"index, follow, max-snippet:-1, max-image-preview:large, max-video-preview:-1\" \/>\n<link rel=\"canonical\" href=\"https:\/\/www.monaco-tribune.com\/it\/2023\/09\/11-parole-in-monegasco-per-il-rientro-a-scuola\/\" \/>\n<meta property=\"og:locale\" content=\"it_IT\" \/>\n<meta property=\"og:type\" content=\"article\" \/>\n<meta property=\"og:title\" content=\"11 parole in monegasco per il rientro a scuola - Monaco Tribune\" \/>\n<meta property=\"og:description\" content=\"Quanto conoscete la lingua monegasca? Monaco Tribune, in collaborazione con l\u2019Acad\u00e9mie des Langues Dialectales, vi propone un elenco di parole ed\" \/>\n<meta property=\"og:url\" content=\"https:\/\/www.monaco-tribune.com\/it\/2023\/09\/11-parole-in-monegasco-per-il-rientro-a-scuola\/\" \/>\n<meta property=\"og:site_name\" content=\"Monaco Tribune\" \/>\n<meta property=\"article:publisher\" content=\"https:\/\/www.facebook.com\/MonacoTribune\" \/>\n<meta property=\"article:published_time\" content=\"2023-09-25T08:27:30+00:00\" \/>\n<meta property=\"article:modified_time\" content=\"2023-09-25T08:27:54+00:00\" \/>\n<meta property=\"og:image\" content=\"https:\/\/www.monaco-tribune.com\/wp-content\/uploads\/2023\/09\/rentree-des-classes-monaco.jpg\" \/>\n\t<meta property=\"og:image:width\" content=\"1200\" \/>\n\t<meta property=\"og:image:height\" content=\"695\" \/>\n\t<meta property=\"og:image:type\" content=\"image\/jpeg\" \/>\n<meta name=\"author\" content=\"Paul Charoy\" \/>\n<meta name=\"twitter:card\" content=\"summary_large_image\" \/>\n<meta name=\"twitter:creator\" content=\"@MonacoTribune\" \/>\n<meta name=\"twitter:site\" content=\"@MonacoTribune\" \/>\n<script type=\"application\/ld+json\" class=\"yoast-schema-graph\">{\"@context\":\"https:\\\/\\\/schema.org\",\"@graph\":[{\"@type\":\"NewsArticle\",\"@id\":\"https:\\\/\\\/www.monaco-tribune.com\\\/it\\\/2023\\\/09\\\/11-parole-in-monegasco-per-il-rientro-a-scuola\\\/#article\",\"isPartOf\":{\"@id\":\"https:\\\/\\\/www.monaco-tribune.com\\\/it\\\/2023\\\/09\\\/11-parole-in-monegasco-per-il-rientro-a-scuola\\\/\"},\"author\":{\"name\":\"Paul Charoy\",\"@id\":\"https:\\\/\\\/www.monaco-tribune.com\\\/it\\\/#\\\/schema\\\/person\\\/c33a9f1bc99ef5a2e07d37c576060b57\"},\"headline\":\"11 parole in monegasco per il rientro a scuola\",\"datePublished\":\"2023-09-25T08:27:30+00:00\",\"dateModified\":\"2023-09-25T08:27:54+00:00\",\"mainEntityOfPage\":{\"@id\":\"https:\\\/\\\/www.monaco-tribune.com\\\/it\\\/2023\\\/09\\\/11-parole-in-monegasco-per-il-rientro-a-scuola\\\/\"},\"wordCount\":174,\"publisher\":{\"@id\":\"https:\\\/\\\/www.monaco-tribune.com\\\/it\\\/#organization\"},\"image\":{\"@id\":\"https:\\\/\\\/www.monaco-tribune.com\\\/it\\\/2023\\\/09\\\/11-parole-in-monegasco-per-il-rientro-a-scuola\\\/#primaryimage\"},\"thumbnailUrl\":\"https:\\\/\\\/www.monaco-tribune.com\\\/wp-content\\\/uploads\\\/2023\\\/09\\\/rentree-des-classes-monaco.jpg\",\"keywords\":[\"Lingua Monegasca\"],\"articleSection\":[\"Cosa fare\",\"Notizie\"],\"inLanguage\":\"it-IT\",\"copyrightYear\":\"2023\",\"copyrightHolder\":{\"@id\":\"https:\\\/\\\/www.monaco-tribune.com\\\/#organization\"}},{\"@type\":\"WebPage\",\"@id\":\"https:\\\/\\\/www.monaco-tribune.com\\\/it\\\/2023\\\/09\\\/11-parole-in-monegasco-per-il-rientro-a-scuola\\\/\",\"url\":\"https:\\\/\\\/www.monaco-tribune.com\\\/it\\\/2023\\\/09\\\/11-parole-in-monegasco-per-il-rientro-a-scuola\\\/\",\"name\":\"11 parole in monegasco per il rientro a scuola\",\"isPartOf\":{\"@id\":\"https:\\\/\\\/www.monaco-tribune.com\\\/it\\\/#website\"},\"primaryImageOfPage\":{\"@id\":\"https:\\\/\\\/www.monaco-tribune.com\\\/it\\\/2023\\\/09\\\/11-parole-in-monegasco-per-il-rientro-a-scuola\\\/#primaryimage\"},\"image\":{\"@id\":\"https:\\\/\\\/www.monaco-tribune.com\\\/it\\\/2023\\\/09\\\/11-parole-in-monegasco-per-il-rientro-a-scuola\\\/#primaryimage\"},\"thumbnailUrl\":\"https:\\\/\\\/www.monaco-tribune.com\\\/wp-content\\\/uploads\\\/2023\\\/09\\\/rentree-des-classes-monaco.jpg\",\"datePublished\":\"2023-09-25T08:27:30+00:00\",\"dateModified\":\"2023-09-25T08:27:54+00:00\",\"description\":\"Quanto conoscete la lingua monegasca? Monaco Tribune, in collaborazione con l\u2019Acad\u00e9mie des Langues Dialectales, vi propone un elenco di parole ed\",\"breadcrumb\":{\"@id\":\"https:\\\/\\\/www.monaco-tribune.com\\\/it\\\/2023\\\/09\\\/11-parole-in-monegasco-per-il-rientro-a-scuola\\\/#breadcrumb\"},\"inLanguage\":\"it-IT\",\"potentialAction\":[{\"@type\":\"ReadAction\",\"target\":[\"https:\\\/\\\/www.monaco-tribune.com\\\/it\\\/2023\\\/09\\\/11-parole-in-monegasco-per-il-rientro-a-scuola\\\/\"]}]},{\"@type\":\"ImageObject\",\"inLanguage\":\"it-IT\",\"@id\":\"https:\\\/\\\/www.monaco-tribune.com\\\/it\\\/2023\\\/09\\\/11-parole-in-monegasco-per-il-rientro-a-scuola\\\/#primaryimage\",\"url\":\"https:\\\/\\\/www.monaco-tribune.com\\\/wp-content\\\/uploads\\\/2023\\\/09\\\/rentree-des-classes-monaco.jpg\",\"contentUrl\":\"https:\\\/\\\/www.monaco-tribune.com\\\/wp-content\\\/uploads\\\/2023\\\/09\\\/rentree-des-classes-monaco.jpg\",\"width\":1200,\"height\":695,\"caption\":\"Luned\u00ec scorso, pi\u00f9 di 5.600 studenti hanno iniziato il nuovo anno scolastico a Monaco. \u00a9 Direzione della Comunicazione \\\/ St\u00e9phane Danna\"},{\"@type\":\"BreadcrumbList\",\"@id\":\"https:\\\/\\\/www.monaco-tribune.com\\\/it\\\/2023\\\/09\\\/11-parole-in-monegasco-per-il-rientro-a-scuola\\\/#breadcrumb\",\"itemListElement\":[{\"@type\":\"ListItem\",\"position\":1,\"name\":\"Accueil\",\"item\":\"https:\\\/\\\/www.monaco-tribune.com\\\/it\\\/\"},{\"@type\":\"ListItem\",\"position\":2,\"name\":\"11 parole in monegasco per il rientro a scuola\"}]},{\"@type\":\"WebSite\",\"@id\":\"https:\\\/\\\/www.monaco-tribune.com\\\/it\\\/#website\",\"url\":\"https:\\\/\\\/www.monaco-tribune.com\\\/it\\\/\",\"name\":\"Monaco Tribune\",\"description\":\"Monaco : actualit\u00e9s \u00e9conomiques, politiques, culturelles et sportives de Monaco et de la French Riviera.\",\"publisher\":{\"@id\":\"https:\\\/\\\/www.monaco-tribune.com\\\/it\\\/#organization\"},\"potentialAction\":[{\"@type\":\"SearchAction\",\"target\":{\"@type\":\"EntryPoint\",\"urlTemplate\":\"https:\\\/\\\/www.monaco-tribune.com\\\/it\\\/?s={search_term_string}\"},\"query-input\":{\"@type\":\"PropertyValueSpecification\",\"valueRequired\":true,\"valueName\":\"search_term_string\"}}],\"inLanguage\":\"it-IT\"},{\"@type\":\"Organization\",\"@id\":\"https:\\\/\\\/www.monaco-tribune.com\\\/it\\\/#organization\",\"name\":\"Monaco Tribune\",\"url\":\"https:\\\/\\\/www.monaco-tribune.com\\\/it\\\/\",\"logo\":{\"@type\":\"ImageObject\",\"inLanguage\":\"it-IT\",\"@id\":\"https:\\\/\\\/www.monaco-tribune.com\\\/it\\\/#\\\/schema\\\/logo\\\/image\\\/\",\"url\":\"https:\\\/\\\/www.monaco-tribune.com\\\/wp-content\\\/uploads\\\/2022\\\/11\\\/logo-monaco-tribune.png\",\"contentUrl\":\"https:\\\/\\\/www.monaco-tribune.com\\\/wp-content\\\/uploads\\\/2022\\\/11\\\/logo-monaco-tribune.png\",\"width\":1548,\"height\":600,\"caption\":\"Monaco Tribune\"},\"image\":{\"@id\":\"https:\\\/\\\/www.monaco-tribune.com\\\/it\\\/#\\\/schema\\\/logo\\\/image\\\/\"},\"sameAs\":[\"https:\\\/\\\/www.facebook.com\\\/MonacoTribune\",\"https:\\\/\\\/x.com\\\/MonacoTribune\",\"https:\\\/\\\/www.instagram.com\\\/monacotribune\\\/\",\"https:\\\/\\\/www.linkedin.com\\\/company\\\/monaco-tribune\",\"https:\\\/\\\/www.youtube.com\\\/channel\\\/UCHle1MnG6hw1y4lWKijVbMA\"]},{\"@type\":\"Person\",\"@id\":\"https:\\\/\\\/www.monaco-tribune.com\\\/it\\\/#\\\/schema\\\/person\\\/c33a9f1bc99ef5a2e07d37c576060b57\",\"name\":\"Paul Charoy\",\"image\":{\"@type\":\"ImageObject\",\"inLanguage\":\"it-IT\",\"@id\":\"https:\\\/\\\/secure.gravatar.com\\\/avatar\\\/c3a39fd900275d54a628738568f1949e90ce9945d105d000228335a7bad64b38?s=96&d=mm&r=g\",\"url\":\"https:\\\/\\\/secure.gravatar.com\\\/avatar\\\/c3a39fd900275d54a628738568f1949e90ce9945d105d000228335a7bad64b38?s=96&d=mm&r=g\",\"contentUrl\":\"https:\\\/\\\/secure.gravatar.com\\\/avatar\\\/c3a39fd900275d54a628738568f1949e90ce9945d105d000228335a7bad64b38?s=96&d=mm&r=g\",\"caption\":\"Paul Charoy\"},\"url\":\"https:\\\/\\\/www.monaco-tribune.com\\\/it\\\/author\\\/paulcharoy\\\/\"}]}<\/script>\n<!-- \/ Yoast SEO Premium plugin. -->","yoast_head_json":{"title":"11 parole in monegasco per il rientro a scuola","description":"Quanto conoscete la lingua monegasca? Monaco Tribune, in collaborazione con l\u2019Acad\u00e9mie des Langues Dialectales, vi propone un elenco di parole ed","robots":{"index":"index","follow":"follow","max-snippet":"max-snippet:-1","max-image-preview":"max-image-preview:large","max-video-preview":"max-video-preview:-1"},"canonical":"https:\/\/www.monaco-tribune.com\/it\/2023\/09\/11-parole-in-monegasco-per-il-rientro-a-scuola\/","og_locale":"it_IT","og_type":"article","og_title":"11 parole in monegasco per il rientro a scuola - Monaco Tribune","og_description":"Quanto conoscete la lingua monegasca? Monaco Tribune, in collaborazione con l\u2019Acad\u00e9mie des Langues Dialectales, vi propone un elenco di parole ed","og_url":"https:\/\/www.monaco-tribune.com\/it\/2023\/09\/11-parole-in-monegasco-per-il-rientro-a-scuola\/","og_site_name":"Monaco Tribune","article_publisher":"https:\/\/www.facebook.com\/MonacoTribune","article_published_time":"2023-09-25T08:27:30+00:00","article_modified_time":"2023-09-25T08:27:54+00:00","og_image":[{"width":1200,"height":695,"url":"https:\/\/www.monaco-tribune.com\/wp-content\/uploads\/2023\/09\/rentree-des-classes-monaco.jpg","type":"image\/jpeg"}],"author":"Paul Charoy","twitter_card":"summary_large_image","twitter_creator":"@MonacoTribune","twitter_site":"@MonacoTribune","schema":{"@context":"https:\/\/schema.org","@graph":[{"@type":"NewsArticle","@id":"https:\/\/www.monaco-tribune.com\/it\/2023\/09\/11-parole-in-monegasco-per-il-rientro-a-scuola\/#article","isPartOf":{"@id":"https:\/\/www.monaco-tribune.com\/it\/2023\/09\/11-parole-in-monegasco-per-il-rientro-a-scuola\/"},"author":{"name":"Paul Charoy","@id":"https:\/\/www.monaco-tribune.com\/it\/#\/schema\/person\/c33a9f1bc99ef5a2e07d37c576060b57"},"headline":"11 parole in monegasco per il rientro a scuola","datePublished":"2023-09-25T08:27:30+00:00","dateModified":"2023-09-25T08:27:54+00:00","mainEntityOfPage":{"@id":"https:\/\/www.monaco-tribune.com\/it\/2023\/09\/11-parole-in-monegasco-per-il-rientro-a-scuola\/"},"wordCount":174,"publisher":{"@id":"https:\/\/www.monaco-tribune.com\/it\/#organization"},"image":{"@id":"https:\/\/www.monaco-tribune.com\/it\/2023\/09\/11-parole-in-monegasco-per-il-rientro-a-scuola\/#primaryimage"},"thumbnailUrl":"https:\/\/www.monaco-tribune.com\/wp-content\/uploads\/2023\/09\/rentree-des-classes-monaco.jpg","keywords":["Lingua Monegasca"],"articleSection":["Cosa fare","Notizie"],"inLanguage":"it-IT","copyrightYear":"2023","copyrightHolder":{"@id":"https:\/\/www.monaco-tribune.com\/#organization"}},{"@type":"WebPage","@id":"https:\/\/www.monaco-tribune.com\/it\/2023\/09\/11-parole-in-monegasco-per-il-rientro-a-scuola\/","url":"https:\/\/www.monaco-tribune.com\/it\/2023\/09\/11-parole-in-monegasco-per-il-rientro-a-scuola\/","name":"11 parole in monegasco per il rientro a scuola","isPartOf":{"@id":"https:\/\/www.monaco-tribune.com\/it\/#website"},"primaryImageOfPage":{"@id":"https:\/\/www.monaco-tribune.com\/it\/2023\/09\/11-parole-in-monegasco-per-il-rientro-a-scuola\/#primaryimage"},"image":{"@id":"https:\/\/www.monaco-tribune.com\/it\/2023\/09\/11-parole-in-monegasco-per-il-rientro-a-scuola\/#primaryimage"},"thumbnailUrl":"https:\/\/www.monaco-tribune.com\/wp-content\/uploads\/2023\/09\/rentree-des-classes-monaco.jpg","datePublished":"2023-09-25T08:27:30+00:00","dateModified":"2023-09-25T08:27:54+00:00","description":"Quanto conoscete la lingua monegasca? Monaco Tribune, in collaborazione con l\u2019Acad\u00e9mie des Langues Dialectales, vi propone un elenco di parole ed","breadcrumb":{"@id":"https:\/\/www.monaco-tribune.com\/it\/2023\/09\/11-parole-in-monegasco-per-il-rientro-a-scuola\/#breadcrumb"},"inLanguage":"it-IT","potentialAction":[{"@type":"ReadAction","target":["https:\/\/www.monaco-tribune.com\/it\/2023\/09\/11-parole-in-monegasco-per-il-rientro-a-scuola\/"]}]},{"@type":"ImageObject","inLanguage":"it-IT","@id":"https:\/\/www.monaco-tribune.com\/it\/2023\/09\/11-parole-in-monegasco-per-il-rientro-a-scuola\/#primaryimage","url":"https:\/\/www.monaco-tribune.com\/wp-content\/uploads\/2023\/09\/rentree-des-classes-monaco.jpg","contentUrl":"https:\/\/www.monaco-tribune.com\/wp-content\/uploads\/2023\/09\/rentree-des-classes-monaco.jpg","width":1200,"height":695,"caption":"Luned\u00ec scorso, pi\u00f9 di 5.600 studenti hanno iniziato il nuovo anno scolastico a Monaco. \u00a9 Direzione della Comunicazione \/ St\u00e9phane Danna"},{"@type":"BreadcrumbList","@id":"https:\/\/www.monaco-tribune.com\/it\/2023\/09\/11-parole-in-monegasco-per-il-rientro-a-scuola\/#breadcrumb","itemListElement":[{"@type":"ListItem","position":1,"name":"Accueil","item":"https:\/\/www.monaco-tribune.com\/it\/"},{"@type":"ListItem","position":2,"name":"11 parole in monegasco per il rientro a scuola"}]},{"@type":"WebSite","@id":"https:\/\/www.monaco-tribune.com\/it\/#website","url":"https:\/\/www.monaco-tribune.com\/it\/","name":"Monaco Tribune","description":"Monaco : actualit\u00e9s \u00e9conomiques, politiques, culturelles et sportives de Monaco et de la French Riviera.","publisher":{"@id":"https:\/\/www.monaco-tribune.com\/it\/#organization"},"potentialAction":[{"@type":"SearchAction","target":{"@type":"EntryPoint","urlTemplate":"https:\/\/www.monaco-tribune.com\/it\/?s={search_term_string}"},"query-input":{"@type":"PropertyValueSpecification","valueRequired":true,"valueName":"search_term_string"}}],"inLanguage":"it-IT"},{"@type":"Organization","@id":"https:\/\/www.monaco-tribune.com\/it\/#organization","name":"Monaco Tribune","url":"https:\/\/www.monaco-tribune.com\/it\/","logo":{"@type":"ImageObject","inLanguage":"it-IT","@id":"https:\/\/www.monaco-tribune.com\/it\/#\/schema\/logo\/image\/","url":"https:\/\/www.monaco-tribune.com\/wp-content\/uploads\/2022\/11\/logo-monaco-tribune.png","contentUrl":"https:\/\/www.monaco-tribune.com\/wp-content\/uploads\/2022\/11\/logo-monaco-tribune.png","width":1548,"height":600,"caption":"Monaco Tribune"},"image":{"@id":"https:\/\/www.monaco-tribune.com\/it\/#\/schema\/logo\/image\/"},"sameAs":["https:\/\/www.facebook.com\/MonacoTribune","https:\/\/x.com\/MonacoTribune","https:\/\/www.instagram.com\/monacotribune\/","https:\/\/www.linkedin.com\/company\/monaco-tribune","https:\/\/www.youtube.com\/channel\/UCHle1MnG6hw1y4lWKijVbMA"]},{"@type":"Person","@id":"https:\/\/www.monaco-tribune.com\/it\/#\/schema\/person\/c33a9f1bc99ef5a2e07d37c576060b57","name":"Paul Charoy","image":{"@type":"ImageObject","inLanguage":"it-IT","@id":"https:\/\/secure.gravatar.com\/avatar\/c3a39fd900275d54a628738568f1949e90ce9945d105d000228335a7bad64b38?s=96&d=mm&r=g","url":"https:\/\/secure.gravatar.com\/avatar\/c3a39fd900275d54a628738568f1949e90ce9945d105d000228335a7bad64b38?s=96&d=mm&r=g","contentUrl":"https:\/\/secure.gravatar.com\/avatar\/c3a39fd900275d54a628738568f1949e90ce9945d105d000228335a7bad64b38?s=96&d=mm&r=g","caption":"Paul Charoy"},"url":"https:\/\/www.monaco-tribune.com\/it\/author\/paulcharoy\/"}]}},"_links":{"self":[{"href":"https:\/\/www.monaco-tribune.com\/it\/wp-json\/wp\/v2\/posts\/193525","targetHints":{"allow":["GET"]}}],"collection":[{"href":"https:\/\/www.monaco-tribune.com\/it\/wp-json\/wp\/v2\/posts"}],"about":[{"href":"https:\/\/www.monaco-tribune.com\/it\/wp-json\/wp\/v2\/types\/post"}],"author":[{"embeddable":true,"href":"https:\/\/www.monaco-tribune.com\/it\/wp-json\/wp\/v2\/users\/65"}],"replies":[{"embeddable":true,"href":"https:\/\/www.monaco-tribune.com\/it\/wp-json\/wp\/v2\/comments?post=193525"}],"version-history":[{"count":2,"href":"https:\/\/www.monaco-tribune.com\/it\/wp-json\/wp\/v2\/posts\/193525\/revisions"}],"predecessor-version":[{"id":193530,"href":"https:\/\/www.monaco-tribune.com\/it\/wp-json\/wp\/v2\/posts\/193525\/revisions\/193530"}],"wp:featuredmedia":[{"embeddable":true,"href":"https:\/\/www.monaco-tribune.com\/it\/wp-json\/wp\/v2\/media\/192296"}],"wp:attachment":[{"href":"https:\/\/www.monaco-tribune.com\/it\/wp-json\/wp\/v2\/media?parent=193525"}],"wp:term":[{"taxonomy":"category","embeddable":true,"href":"https:\/\/www.monaco-tribune.com\/it\/wp-json\/wp\/v2\/categories?post=193525"},{"taxonomy":"post_tag","embeddable":true,"href":"https:\/\/www.monaco-tribune.com\/it\/wp-json\/wp\/v2\/tags?post=193525"},{"taxonomy":"sectag","embeddable":true,"href":"https:\/\/www.monaco-tribune.com\/it\/wp-json\/wp\/v2\/post_sectags?post=193525"},{"taxonomy":"format","embeddable":true,"href":"https:\/\/www.monaco-tribune.com\/it\/wp-json\/wp\/v2\/post_format?post=193525"}],"curies":[{"name":"wp","href":"https:\/\/api.w.org\/{rel}","templated":true}]}}