{"id":194982,"date":"2023-10-04T11:51:55","date_gmt":"2023-10-04T09:51:55","guid":{"rendered":"https:\/\/www.monaco-tribune.com\/2023\/10\/da-quasi-25-anni-children-future-aiuta-i-bambini-di-tutto-il-mondo\/"},"modified":"2023-10-04T11:52:07","modified_gmt":"2023-10-04T09:52:07","slug":"da-quasi-25-anni-children-future-aiuta-i-bambini-di-tutto-il-mondo","status":"publish","type":"post","link":"https:\/\/www.monaco-tribune.com\/it\/2023\/10\/da-quasi-25-anni-children-future-aiuta-i-bambini-di-tutto-il-mondo\/","title":{"rendered":"Da quasi 25 anni, Children &#038; Future aiuta i bambini di tutto il mondo"},"content":{"rendered":"\n<p><strong>L&#8217;associazione organizza la famosa No Finish Line.<\/strong><\/p>\n\n<p>Mettere lo sport al servizio dei bambini malati e bisognosi. \u00c8 questo l&#8217;obiettivo della No Finish Line, una corsa che si svolge a Monaco ogni novembre.<\/p>\n\n<p>Il progetto \u00e8 nato nel 1999 su iniziativa della Camera di Commercio Giovani di Monaco e di Philippe Verdier, che desiderava promuovere la Giornata Internazionale dei Diritti dell&#8217;Infanzia, che si celebra il 20 novembre. Dal 2001, invece, l&#8217;evento \u00e8 interamente organizzato dall&#8217;associazione Children &amp; Future.<\/p>\n\n<p>&#8220;Inizialmente abbiamo creato l&#8217;associazione per occuparci della gara e del suo futuro&#8221;, spiega Ariane Favaloro, presidentessa di\u00a0Children &amp; Future<\/p>\n\n<figure class=\"wp-block-gallery has-nested-images columns-1 is-cropped wp-block-gallery-1 is-layout-flex wp-block-gallery-is-layout-flex\">\n<figure class=\"wp-block-image size-large\"><img loading=\"lazy\" decoding=\"async\" width=\"1024\" height=\"662\" data-id=\"194891\" src=\"https:\/\/www.monaco-tribune.com\/wp-content\/uploads\/2023\/10\/no-finish-line-monaco-2002-1024x662.jpeg\" alt=\"no-finish-line-monaco-2002\" class=\"wp-image-194891\" srcset=\"https:\/\/www.monaco-tribune.com\/wp-content\/uploads\/2023\/10\/no-finish-line-monaco-2002-1024x662.jpeg 1024w, https:\/\/www.monaco-tribune.com\/wp-content\/uploads\/2023\/10\/no-finish-line-monaco-2002-464x300.jpeg 464w, https:\/\/www.monaco-tribune.com\/wp-content\/uploads\/2023\/10\/no-finish-line-monaco-2002.jpeg 1200w\" sizes=\"auto, (max-width: 1024px) 100vw, 1024px\" \/><\/figure>\n\n\n\n<figure class=\"wp-block-image size-large\"><img loading=\"lazy\" decoding=\"async\" width=\"1024\" height=\"768\" data-id=\"194887\" src=\"https:\/\/www.monaco-tribune.com\/wp-content\/uploads\/2023\/10\/2002-no-finish-line-monaco-1024x768.jpg\" alt=\"2002-no-finish-line-monaco\" class=\"wp-image-194887\" srcset=\"https:\/\/www.monaco-tribune.com\/wp-content\/uploads\/2023\/10\/2002-no-finish-line-monaco-1024x768.jpg 1024w, https:\/\/www.monaco-tribune.com\/wp-content\/uploads\/2023\/10\/2002-no-finish-line-monaco-400x300.jpg 400w, https:\/\/www.monaco-tribune.com\/wp-content\/uploads\/2023\/10\/2002-no-finish-line-monaco.jpg 1200w\" sizes=\"auto, (max-width: 1024px) 100vw, 1024px\" \/><\/figure>\n<figcaption class=\"blocks-gallery-caption wp-element-caption\"><em>Queste immagini sono state scattate durante la No Finish Line del 2002 &#8211; DR<\/em><\/figcaption><\/figure>\n\n<p class=\"related\"><a href=\"https:\/\/www.monaco-tribune.com\/it\/2023\/10\/thiago-scuro-nominato-direttore-generale-qual-e-il-nuovo-assetto-dellas-monaco\/\">Thiago Scuro nominato Direttore generale: qual \u00e8 il nuovo assetto dell\u2019AS Monaco?<\/a><\/p>\n\n<h2 class=\"wp-block-heading\" id=\"h-des-projets-aux-quatre-coins-du-monde\">Progetti in tutto il mondo<\/h2>\n\n<p>Dopo quasi 25 anni, la partecipazione di grandi sportivi e semplici camminatori permette a Children &amp; Future di finanziare numerosi progetti, locali e internazionali, a favore di bambini malati e in difficolt\u00e0.<\/p>\n<div class=\"wp-block-image\">\n<figure class=\"aligncenter size-large\"><img loading=\"lazy\" decoding=\"async\" width=\"1024\" height=\"683\" src=\"https:\/\/www.monaco-tribune.com\/wp-content\/uploads\/2023\/10\/ariane-favaloro-monaco-1024x683.jpg\" alt=\"ariane-favaloro-monaco\" class=\"wp-image-194895\" srcset=\"https:\/\/www.monaco-tribune.com\/wp-content\/uploads\/2023\/10\/ariane-favaloro-monaco-1024x683.jpg 1024w, https:\/\/www.monaco-tribune.com\/wp-content\/uploads\/2023\/10\/ariane-favaloro-monaco-450x300.jpg 450w, https:\/\/www.monaco-tribune.com\/wp-content\/uploads\/2023\/10\/ariane-favaloro-monaco.jpg 1200w\" sizes=\"auto, (max-width: 1024px) 100vw, 1024px\" \/><figcaption class=\"wp-element-caption\"><em>Ariane Favaloro \u00e8 la presidentessa di Children &amp; Future &#8211; \u00a9 Philippe Hortail NFL<\/em><\/figcaption><\/figure>\n<\/div>\n<p>&#8220;Inizialmente, abbiamo iniziato a collaborare con il Centro Cardio-Toracico per consentire ai bambini meno fortunati di essere operati a Monaco. Abbiamo poi realizzato una serie di progetti con la Croce Rossa monegasca e il Dipartimento di Cooperazione Internazionale del Governo del Principe, in particolare in Mali, Burkina Faso e Mauritania. L&#8217;obiettivo era quello di formare chirurghi in loco, in modo che potessero operare i bambini sul posto&#8221;, spiega Ariane Favaloro.<\/p>\n\n<p>La sfera d&#8217;azione di Children &amp; Future si \u00e8 ampliata nel corso degli anni. Costruzione di scuole in Nepal, di campi sportivi in Marocco, ricostruzione di asili a Tenda dopo la tempesta Alex, finanziamento di attrezzature per l&#8217;ippoterapia per bambini disabili a Cagnes-sur-Mer&#8230; Tutti i progetti hanno un filo conduttore: sostenere i bambini in difficolt\u00e0.<\/p>\n\n<figure class=\"wp-block-gallery has-nested-images columns-1 is-cropped wp-block-gallery-2 is-layout-flex wp-block-gallery-is-layout-flex\">\n<figure class=\"wp-block-image size-large\"><img loading=\"lazy\" decoding=\"async\" width=\"767\" height=\"1024\" data-id=\"194901\" src=\"https:\/\/www.monaco-tribune.com\/wp-content\/uploads\/2023\/10\/achat-vehicules-equipes-enfants-handicapes-fondation-savchuk-ukraine-children-future-767x1024.jpg\" alt=\"achat-vehicules-equipes-enfants handicapes-fondation-savchuk-ukraine-children-future\" class=\"wp-image-194901\" srcset=\"https:\/\/www.monaco-tribune.com\/wp-content\/uploads\/2023\/10\/achat-vehicules-equipes-enfants-handicapes-fondation-savchuk-ukraine-children-future-767x1024.jpg 767w, https:\/\/www.monaco-tribune.com\/wp-content\/uploads\/2023\/10\/achat-vehicules-equipes-enfants-handicapes-fondation-savchuk-ukraine-children-future-225x300.jpg 225w, https:\/\/www.monaco-tribune.com\/wp-content\/uploads\/2023\/10\/achat-vehicules-equipes-enfants-handicapes-fondation-savchuk-ukraine-children-future.jpg 1200w\" sizes=\"auto, (max-width: 767px) 100vw, 767px\" \/><figcaption class=\"wp-element-caption\"><em>Acquisto di mezzi attrezzati per bambini disabili (Fondazione Savchuk &#8211; Ucraina)<\/em><\/figcaption><\/figure>\n\n\n\n<figure class=\"wp-block-image size-large\"><img loading=\"lazy\" decoding=\"async\" width=\"1024\" height=\"682\" data-id=\"194905\" src=\"https:\/\/www.monaco-tribune.com\/wp-content\/uploads\/2023\/10\/achat-velos-lettres-desert-maroc-children-future-1024x682.jpeg\" alt=\"achat-velos-lettres-desert-maroc-children-future\" class=\"wp-image-194905\" srcset=\"https:\/\/www.monaco-tribune.com\/wp-content\/uploads\/2023\/10\/achat-velos-lettres-desert-maroc-children-future-1024x682.jpeg 1024w, https:\/\/www.monaco-tribune.com\/wp-content\/uploads\/2023\/10\/achat-velos-lettres-desert-maroc-children-future-451x300.jpeg 451w, https:\/\/www.monaco-tribune.com\/wp-content\/uploads\/2023\/10\/achat-velos-lettres-desert-maroc-children-future.jpeg 1200w\" sizes=\"auto, (max-width: 1024px) 100vw, 1024px\" \/><figcaption class=\"wp-element-caption\"><em>Acquisto di biciclette per i bambini marocchini che non possono andare a scuola (Lettres du D\u00e9sert &#8211; Marocco)<\/em><\/figcaption><\/figure>\n\n\n\n<figure class=\"wp-block-image size-large\"><img loading=\"lazy\" decoding=\"async\" width=\"1024\" height=\"680\" data-id=\"194909\" src=\"https:\/\/www.monaco-tribune.com\/wp-content\/uploads\/2023\/10\/constructions-ecole-victor-hugo-nepal-children-future-1024x680.jpeg\" alt=\"constructions-ecole-victor-hugo-nepal-children-future\" class=\"wp-image-194909\" srcset=\"https:\/\/www.monaco-tribune.com\/wp-content\/uploads\/2023\/10\/constructions-ecole-victor-hugo-nepal-children-future-1024x680.jpeg 1024w, https:\/\/www.monaco-tribune.com\/wp-content\/uploads\/2023\/10\/constructions-ecole-victor-hugo-nepal-children-future-452x300.jpeg 452w, https:\/\/www.monaco-tribune.com\/wp-content\/uploads\/2023\/10\/constructions-ecole-victor-hugo-nepal-children-future.jpeg 1200w\" sizes=\"auto, (max-width: 1024px) 100vw, 1024px\" \/><figcaption class=\"wp-element-caption\"><em>Costruzione della scuola Victor Hugo in Nepal<\/em><\/figcaption><\/figure>\n\n\n\n<figure class=\"wp-block-image size-large\"><img loading=\"lazy\" decoding=\"async\" width=\"1024\" height=\"576\" data-id=\"194913\" src=\"https:\/\/www.monaco-tribune.com\/wp-content\/uploads\/2023\/10\/equipement-ecole-don-nourriture-sos-exclus-mauritanie-children-future-1024x576.jpg\" alt=\"equipement-ecole-don-nourriture-sos-exclus-mauritanie-children-future\" class=\"wp-image-194913\" srcset=\"https:\/\/www.monaco-tribune.com\/wp-content\/uploads\/2023\/10\/equipement-ecole-don-nourriture-sos-exclus-mauritanie-children-future-1024x576.jpg 1024w, https:\/\/www.monaco-tribune.com\/wp-content\/uploads\/2023\/10\/equipement-ecole-don-nourriture-sos-exclus-mauritanie-children-future-533x300.jpg 533w, https:\/\/www.monaco-tribune.com\/wp-content\/uploads\/2023\/10\/equipement-ecole-don-nourriture-sos-exclus-mauritanie-children-future.jpg 1200w\" sizes=\"auto, (max-width: 1024px) 100vw, 1024px\" \/><figcaption class=\"wp-element-caption\"><em>Allestimento di una scuola e donazione di cibo (SOS Exclus &#8211; Mauritania)<\/em><\/figcaption><\/figure>\n\n\n\n<figure class=\"wp-block-image size-large\"><img loading=\"lazy\" decoding=\"async\" width=\"1024\" height=\"684\" data-id=\"194917\" src=\"https:\/\/www.monaco-tribune.com\/wp-content\/uploads\/2023\/10\/equipement-terrain-foot-libre-vue-mali-bamako-children-future-1024x684.jpg\" alt=\"equipement-terrain-foot-libre-vue-mali-bamako-children-future\" class=\"wp-image-194917\" srcset=\"https:\/\/www.monaco-tribune.com\/wp-content\/uploads\/2023\/10\/equipement-terrain-foot-libre-vue-mali-bamako-children-future-1024x684.jpg 1024w, https:\/\/www.monaco-tribune.com\/wp-content\/uploads\/2023\/10\/equipement-terrain-foot-libre-vue-mali-bamako-children-future-449x300.jpg 449w, https:\/\/www.monaco-tribune.com\/wp-content\/uploads\/2023\/10\/equipement-terrain-foot-libre-vue-mali-bamako-children-future.jpg 1200w\" sizes=\"auto, (max-width: 1024px) 100vw, 1024px\" \/><figcaption class=\"wp-element-caption\"><em>Allestimento di un campo da calcio per giocatori non vedenti (Libre Vue &#8211; Mali)<\/em><\/figcaption><\/figure>\n<figcaption class=\"blocks-gallery-caption wp-element-caption\"><em>Children &amp; Future sostiene molti progetti di varia natura &#8211; \u00a9 NFL<\/em><\/figcaption><\/figure>\n\n<p>&#8220;L&#8217;idea \u00e8 di poter finanziare progetti in tutto il mondo grazie a No Finish Line. Siamo infatti il primo donatore del Monaco Collectif Humanitaire&#8221;, afferma la presidentessa.<\/p>\n\n<p class=\"related\"><a href=\"https:\/\/www.monaco-tribune.com\/it\/2023\/06\/il-centre-scientifique-de-monaco-ha-ricevuto-una-generosa-donazione-di-11-000-euro-per-la-lotta-contro-il-cancro-pediatrico\/\">Il Centre Scientifique de Monaco ha ricevuto una generosa donazione di 11.000 euro per la lotta contro il cancro pediatrico<\/a><\/p>\n\n<h2 class=\"wp-block-heading\" id=\"h-plus-de-trois-millions-d-euros-deja-collectes\">Raccolti gi\u00e0 oltre tre milioni di euro<\/h2>\n\n<p>Sul suo sito web, l&#8217;associazione mette a disposizione un modulo per i responsabili dei progetti in cerca di finanziamenti. Questi progetti vengono poi esaminati regolarmente e minuziosamente. &#8220;L&#8217;obiettivo \u00e8 quello di riuscire a portare a termine le iniziative, non solo di finanziarle e poi non fare nulla&#8221;, spiega Ariane Favaloro. &#8220;Dipende anche dalla somma che raccogliamo con ogni No Finish Line&#8221;.<\/p>\n\n<p>Fortunatamente, l&#8217;evento sta diventando sempre pi\u00f9 popolare nel Principato. Ariane Favaloro ammette che lei e il suo team di trenta volontari a volte si sentono un po&#8217; sopraffatti. &#8220;La No Finish Line \u00e8 diventata un evento annuale che tutti attendono con ansia. A Monaco, il passaparola funziona bene e i partner e gli sponsor, che vorrei ringraziare, sono pi\u00f9 facili da trovare rispetto alla Francia, per esempio. Siamo fortunati perch\u00e9 la gente ci conosce da 25 anni. Si fida di noi&#8221;.<\/p>\n<div class=\"wp-block-image\">\n<figure class=\"aligncenter size-large\"><img loading=\"lazy\" decoding=\"async\" width=\"1024\" height=\"576\" src=\"https:\/\/www.monaco-tribune.com\/wp-content\/uploads\/2023\/10\/benevoles-no-finish-line-monaco-1024x576.jpg\" alt=\"benevoles-no-finish-line-monaco\" class=\"wp-image-194927\" srcset=\"https:\/\/www.monaco-tribune.com\/wp-content\/uploads\/2023\/10\/benevoles-no-finish-line-monaco-1024x576.jpg 1024w, https:\/\/www.monaco-tribune.com\/wp-content\/uploads\/2023\/10\/benevoles-no-finish-line-monaco-533x300.jpg 533w, https:\/\/www.monaco-tribune.com\/wp-content\/uploads\/2023\/10\/benevoles-no-finish-line-monaco.jpg 1200w\" sizes=\"auto, (max-width: 1024px) 100vw, 1024px\" \/><figcaption class=\"wp-element-caption\"><em>Tutti i membri di Children &amp; Future sono volontari &#8211; \u00a9 NFL<\/em><\/figcaption><\/figure>\n<\/div>\n<p>L&#8217;anno scorso sulla linea di partenza c&#8217;erano ben 10.000 corridori che hanno raccolto pi\u00f9 di 250.000 euro. Dalla nascita della corsa, si contano 164.000 partecipanti, pi\u00f9 di 4 milioni di chilometri percorsi e 4,8 milioni di euro raccolti per finanziare progetti per i bambini.<\/p>\n<div class=\"wp-block-image\">\n<figure class=\"aligncenter size-large\"><img loading=\"lazy\" decoding=\"async\" width=\"1024\" height=\"683\" src=\"https:\/\/www.monaco-tribune.com\/wp-content\/uploads\/2023\/10\/no-finish-line-monaco-1024x683.jpg\" alt=\"no-finish-line-monaco\" class=\"wp-image-194922\" srcset=\"https:\/\/www.monaco-tribune.com\/wp-content\/uploads\/2023\/10\/no-finish-line-monaco-1024x683.jpg 1024w, https:\/\/www.monaco-tribune.com\/wp-content\/uploads\/2023\/10\/no-finish-line-monaco-450x300.jpg 450w, https:\/\/www.monaco-tribune.com\/wp-content\/uploads\/2023\/10\/no-finish-line-monaco.jpg 1200w\" sizes=\"auto, (max-width: 1024px) 100vw, 1024px\" \/><figcaption class=\"wp-element-caption\"><em>Con la No Finish Line, Children &amp; Future raccoglie fondi per sostenere progetti a favore dei bambini &#8211; \u00a9 Palomba NFL<\/em><\/figcaption><\/figure>\n<\/div>\n<p>Anche se per Ariane Favaloro ogni progetto \u00e8 importante, si \u00e8 particolarmente commossa per i bambini che sono arrivati nel Principato per sottoporsi a un intervento chirurgico. &#8220;Credo che sia la cosa che mi ha colpita di pi\u00f9&#8221;, afferma con un sorriso. &#8220;Vedere questi bimbi, che abbiamo conosciuto quando erano malati, al Centro Cardio-Toracico tutti eleganti e pronti per tornare a casa&#8230; Ogni volta mi fa un certo effetto. Questo lavoro richiede molto tempo ed energia, ma sappiamo perch\u00e9 lo facciamo&#8221;.<\/p>\n\n<p class=\"related\"><a href=\"https:\/\/www.monaco-tribune.com\/it\/2023\/06\/donazioni-del-sangue-monaco-ha-bisogno-di-voi\/\">Donazioni del sangue: Monaco ha bisogno di voi<\/a><\/p>\n\n<h2 class=\"wp-block-heading\" id=\"h-comment-aider\">Come possiamo aiutare?<\/h2>\n\n<p>Per il momento, il prossimo progetto che sar\u00e0 finanziato con i fondi raccolti con la corsa non \u00e8 ancora stato stabilito. Ma Ariane Favaloro rassicura: le idee non mancano.<\/p>\n\n<p>L&#8217;associazione spera nella partecipazione di corridori e camminatori anche quest&#8217;anno. Potete inoltre sostenere Children &amp; Future facendo una donazione sul sito web o<a href=\"https:\/\/childrenandfuture.com\/accueil-children\/devenir-benevole\/\"> unendovi alla sua squadra di volontari<\/a>.<\/p>\n\n<hr class=\"wp-block-separator has-alpha-channel-opacity\"\/>\n\n<p><em>Informazioni pratiche No Finish Line:<\/em><\/p>\n\n<ul class=\"wp-block-list\">\n<li><strong>Date<\/strong>: dall&#8217;11 al 19 novembre<\/li>\n\n\n\n<li><strong>Tariffa adulti:<\/strong> 23 euro<\/li>\n\n\n\n<li><strong>Tariffa bambini:<\/strong> 16 euro<\/li>\n\n\n\n<li><strong>Cauzione per il chip:<\/strong> 10 euro<\/li>\n\n\n\n<li><strong>Trofeo 24 ore (dal 18 al 19 novembre)<\/strong>: 50 euro (chip compreso)<\/li>\n\n\n\n<li>Iscrizioni individuali, di squadra e al Trofeo tramite <a href=\"https:\/\/childrenandfuture.com\/no-finish-line\/inscriptions\/\">il sito web di Children &amp; Future<\/a><\/li>\n<\/ul>\n","protected":false},"excerpt":{"rendered":"<p>L&#8217;associazione organizza la famosa No Finish Line. Mettere lo sport al servizio dei bambini malati e bisognosi. \u00c8 questo l&#8217;obiettivo [&hellip;]<\/p>\n","protected":false},"author":60,"featured_media":194933,"comment_status":"closed","ping_status":"closed","sticky":false,"template":"","format":"standard","meta":{"_acf_changed":false,"footnotes":""},"categories":[1826,1738,1752],"tags":[2951],"post_sectags":[4437],"post_format":[2476],"class_list":["post-194982","post","type-post","status-publish","format-standard","has-post-thumbnail","hentry","category-la-nostra-scelta","category-notizie","category-societa","tag-associazioni","sectag-no-finish-line-it","format-intervista"],"acf":[],"yoast_head":"<!-- This site is optimized with the Yoast SEO Premium plugin v26.8 (Yoast SEO v27.4) - https:\/\/yoast.com\/product\/yoast-seo-premium-wordpress\/ -->\n<title>Da quasi 25 anni, Children &amp; Future aiuta i bambini di tutto il mondo<\/title>\n<meta name=\"description\" content=\"L&#039;associazione organizza la famosa No Finish Line. Mettere lo sport al servizio dei bambini malati e bisognosi. \u00c8 questo l&#039;obiettivo della No Finish Line,\" \/>\n<meta name=\"robots\" content=\"index, follow, max-snippet:-1, max-image-preview:large, max-video-preview:-1\" \/>\n<link rel=\"canonical\" href=\"https:\/\/www.monaco-tribune.com\/it\/2023\/10\/da-quasi-25-anni-children-future-aiuta-i-bambini-di-tutto-il-mondo\/\" \/>\n<meta property=\"og:locale\" content=\"it_IT\" \/>\n<meta property=\"og:type\" content=\"article\" \/>\n<meta property=\"og:title\" content=\"Da quasi 25 anni, Children &amp; Future aiuta i bambini di tutto il mondo - Monaco Tribune\" \/>\n<meta property=\"og:description\" content=\"L&#039;associazione organizza la famosa No Finish Line. Mettere lo sport al servizio dei bambini malati e bisognosi. \u00c8 questo l&#039;obiettivo della No Finish Line,\" \/>\n<meta property=\"og:url\" content=\"https:\/\/www.monaco-tribune.com\/it\/2023\/10\/da-quasi-25-anni-children-future-aiuta-i-bambini-di-tutto-il-mondo\/\" \/>\n<meta property=\"og:site_name\" content=\"Monaco Tribune\" \/>\n<meta property=\"article:publisher\" content=\"https:\/\/www.facebook.com\/MonacoTribune\" \/>\n<meta property=\"article:published_time\" content=\"2023-10-04T09:51:55+00:00\" \/>\n<meta property=\"article:modified_time\" content=\"2023-10-04T09:52:07+00:00\" \/>\n<meta property=\"og:image\" content=\"https:\/\/www.monaco-tribune.com\/wp-content\/uploads\/2023\/10\/2022-dernier-tour-no-finish-line-yakuba-ouattara-mickael-zeze.jpg\" \/>\n\t<meta property=\"og:image:width\" content=\"1200\" \/>\n\t<meta property=\"og:image:height\" content=\"800\" \/>\n\t<meta property=\"og:image:type\" content=\"image\/jpeg\" \/>\n<meta name=\"author\" content=\"Camille Esteve\" \/>\n<meta name=\"twitter:card\" content=\"summary_large_image\" \/>\n<meta name=\"twitter:creator\" content=\"@MonacoTribune\" \/>\n<meta name=\"twitter:site\" content=\"@MonacoTribune\" \/>\n<script type=\"application\/ld+json\" class=\"yoast-schema-graph\">{\"@context\":\"https:\\\/\\\/schema.org\",\"@graph\":[{\"@type\":\"NewsArticle\",\"@id\":\"https:\\\/\\\/www.monaco-tribune.com\\\/it\\\/2023\\\/10\\\/da-quasi-25-anni-children-future-aiuta-i-bambini-di-tutto-il-mondo\\\/#article\",\"isPartOf\":{\"@id\":\"https:\\\/\\\/www.monaco-tribune.com\\\/it\\\/2023\\\/10\\\/da-quasi-25-anni-children-future-aiuta-i-bambini-di-tutto-il-mondo\\\/\"},\"author\":{\"name\":\"Camille Esteve\",\"@id\":\"https:\\\/\\\/www.monaco-tribune.com\\\/it\\\/#\\\/schema\\\/person\\\/a855d420fff4d03637641d60b93ac62e\"},\"headline\":\"Da quasi 25 anni, Children &#038; Future aiuta i bambini di tutto il mondo\",\"datePublished\":\"2023-10-04T09:51:55+00:00\",\"dateModified\":\"2023-10-04T09:52:07+00:00\",\"mainEntityOfPage\":{\"@id\":\"https:\\\/\\\/www.monaco-tribune.com\\\/it\\\/2023\\\/10\\\/da-quasi-25-anni-children-future-aiuta-i-bambini-di-tutto-il-mondo\\\/\"},\"wordCount\":843,\"publisher\":{\"@id\":\"https:\\\/\\\/www.monaco-tribune.com\\\/it\\\/#organization\"},\"image\":{\"@id\":\"https:\\\/\\\/www.monaco-tribune.com\\\/it\\\/2023\\\/10\\\/da-quasi-25-anni-children-future-aiuta-i-bambini-di-tutto-il-mondo\\\/#primaryimage\"},\"thumbnailUrl\":\"https:\\\/\\\/www.monaco-tribune.com\\\/wp-content\\\/uploads\\\/2023\\\/10\\\/2022-dernier-tour-no-finish-line-yakuba-ouattara-mickael-zeze.jpg\",\"keywords\":[\"Associazioni\"],\"articleSection\":[\"La nostra scelta\",\"Notizie\",\"Societ\u00e0\"],\"inLanguage\":\"it-IT\",\"copyrightYear\":\"2023\",\"copyrightHolder\":{\"@id\":\"https:\\\/\\\/www.monaco-tribune.com\\\/#organization\"}},{\"@type\":\"WebPage\",\"@id\":\"https:\\\/\\\/www.monaco-tribune.com\\\/it\\\/2023\\\/10\\\/da-quasi-25-anni-children-future-aiuta-i-bambini-di-tutto-il-mondo\\\/\",\"url\":\"https:\\\/\\\/www.monaco-tribune.com\\\/it\\\/2023\\\/10\\\/da-quasi-25-anni-children-future-aiuta-i-bambini-di-tutto-il-mondo\\\/\",\"name\":\"Da quasi 25 anni, Children & Future aiuta i bambini di tutto il mondo\",\"isPartOf\":{\"@id\":\"https:\\\/\\\/www.monaco-tribune.com\\\/it\\\/#website\"},\"primaryImageOfPage\":{\"@id\":\"https:\\\/\\\/www.monaco-tribune.com\\\/it\\\/2023\\\/10\\\/da-quasi-25-anni-children-future-aiuta-i-bambini-di-tutto-il-mondo\\\/#primaryimage\"},\"image\":{\"@id\":\"https:\\\/\\\/www.monaco-tribune.com\\\/it\\\/2023\\\/10\\\/da-quasi-25-anni-children-future-aiuta-i-bambini-di-tutto-il-mondo\\\/#primaryimage\"},\"thumbnailUrl\":\"https:\\\/\\\/www.monaco-tribune.com\\\/wp-content\\\/uploads\\\/2023\\\/10\\\/2022-dernier-tour-no-finish-line-yakuba-ouattara-mickael-zeze.jpg\",\"datePublished\":\"2023-10-04T09:51:55+00:00\",\"dateModified\":\"2023-10-04T09:52:07+00:00\",\"description\":\"L'associazione organizza la famosa No Finish Line. Mettere lo sport al servizio dei bambini malati e bisognosi. \u00c8 questo l'obiettivo della No Finish Line,\",\"breadcrumb\":{\"@id\":\"https:\\\/\\\/www.monaco-tribune.com\\\/it\\\/2023\\\/10\\\/da-quasi-25-anni-children-future-aiuta-i-bambini-di-tutto-il-mondo\\\/#breadcrumb\"},\"inLanguage\":\"it-IT\",\"potentialAction\":[{\"@type\":\"ReadAction\",\"target\":[\"https:\\\/\\\/www.monaco-tribune.com\\\/it\\\/2023\\\/10\\\/da-quasi-25-anni-children-future-aiuta-i-bambini-di-tutto-il-mondo\\\/\"]}]},{\"@type\":\"ImageObject\",\"inLanguage\":\"it-IT\",\"@id\":\"https:\\\/\\\/www.monaco-tribune.com\\\/it\\\/2023\\\/10\\\/da-quasi-25-anni-children-future-aiuta-i-bambini-di-tutto-il-mondo\\\/#primaryimage\",\"url\":\"https:\\\/\\\/www.monaco-tribune.com\\\/wp-content\\\/uploads\\\/2023\\\/10\\\/2022-dernier-tour-no-finish-line-yakuba-ouattara-mickael-zeze.jpg\",\"contentUrl\":\"https:\\\/\\\/www.monaco-tribune.com\\\/wp-content\\\/uploads\\\/2023\\\/10\\\/2022-dernier-tour-no-finish-line-yakuba-ouattara-mickael-zeze.jpg\",\"width\":1200,\"height\":800,\"caption\":\"Alcune celebrit\u00e0, come il cestista Yakuba Ouattara e l'atleta Micka\u00ebl Z\u00e9z\u00e9, partecipano alla No Finish Line a sostegno di Children & Future - \u00a9 Andr\u00e9 Faure\"},{\"@type\":\"BreadcrumbList\",\"@id\":\"https:\\\/\\\/www.monaco-tribune.com\\\/it\\\/2023\\\/10\\\/da-quasi-25-anni-children-future-aiuta-i-bambini-di-tutto-il-mondo\\\/#breadcrumb\",\"itemListElement\":[{\"@type\":\"ListItem\",\"position\":1,\"name\":\"Accueil\",\"item\":\"https:\\\/\\\/www.monaco-tribune.com\\\/it\\\/\"},{\"@type\":\"ListItem\",\"position\":2,\"name\":\"Da quasi 25 anni, Children &#038; Future aiuta i bambini di tutto il mondo\"}]},{\"@type\":\"WebSite\",\"@id\":\"https:\\\/\\\/www.monaco-tribune.com\\\/it\\\/#website\",\"url\":\"https:\\\/\\\/www.monaco-tribune.com\\\/it\\\/\",\"name\":\"Monaco Tribune\",\"description\":\"Monaco : actualit\u00e9s \u00e9conomiques, politiques, culturelles et sportives de Monaco et de la French Riviera.\",\"publisher\":{\"@id\":\"https:\\\/\\\/www.monaco-tribune.com\\\/it\\\/#organization\"},\"potentialAction\":[{\"@type\":\"SearchAction\",\"target\":{\"@type\":\"EntryPoint\",\"urlTemplate\":\"https:\\\/\\\/www.monaco-tribune.com\\\/it\\\/?s={search_term_string}\"},\"query-input\":{\"@type\":\"PropertyValueSpecification\",\"valueRequired\":true,\"valueName\":\"search_term_string\"}}],\"inLanguage\":\"it-IT\"},{\"@type\":\"Organization\",\"@id\":\"https:\\\/\\\/www.monaco-tribune.com\\\/it\\\/#organization\",\"name\":\"Monaco Tribune\",\"url\":\"https:\\\/\\\/www.monaco-tribune.com\\\/it\\\/\",\"logo\":{\"@type\":\"ImageObject\",\"inLanguage\":\"it-IT\",\"@id\":\"https:\\\/\\\/www.monaco-tribune.com\\\/it\\\/#\\\/schema\\\/logo\\\/image\\\/\",\"url\":\"https:\\\/\\\/www.monaco-tribune.com\\\/wp-content\\\/uploads\\\/2022\\\/11\\\/logo-monaco-tribune.png\",\"contentUrl\":\"https:\\\/\\\/www.monaco-tribune.com\\\/wp-content\\\/uploads\\\/2022\\\/11\\\/logo-monaco-tribune.png\",\"width\":1548,\"height\":600,\"caption\":\"Monaco Tribune\"},\"image\":{\"@id\":\"https:\\\/\\\/www.monaco-tribune.com\\\/it\\\/#\\\/schema\\\/logo\\\/image\\\/\"},\"sameAs\":[\"https:\\\/\\\/www.facebook.com\\\/MonacoTribune\",\"https:\\\/\\\/x.com\\\/MonacoTribune\",\"https:\\\/\\\/www.instagram.com\\\/monacotribune\\\/\",\"https:\\\/\\\/www.linkedin.com\\\/company\\\/monaco-tribune\",\"https:\\\/\\\/www.youtube.com\\\/channel\\\/UCHle1MnG6hw1y4lWKijVbMA\"]},{\"@type\":\"Person\",\"@id\":\"https:\\\/\\\/www.monaco-tribune.com\\\/it\\\/#\\\/schema\\\/person\\\/a855d420fff4d03637641d60b93ac62e\",\"name\":\"Camille Esteve\",\"image\":{\"@type\":\"ImageObject\",\"inLanguage\":\"it-IT\",\"@id\":\"https:\\\/\\\/secure.gravatar.com\\\/avatar\\\/eaaa2355a7bb56c0018a391c20a55bf9b4690e3f493231dd850e612bfa6ce161?s=96&d=mm&r=g\",\"url\":\"https:\\\/\\\/secure.gravatar.com\\\/avatar\\\/eaaa2355a7bb56c0018a391c20a55bf9b4690e3f493231dd850e612bfa6ce161?s=96&d=mm&r=g\",\"contentUrl\":\"https:\\\/\\\/secure.gravatar.com\\\/avatar\\\/eaaa2355a7bb56c0018a391c20a55bf9b4690e3f493231dd850e612bfa6ce161?s=96&d=mm&r=g\",\"caption\":\"Camille Esteve\"},\"url\":\"https:\\\/\\\/www.monaco-tribune.com\\\/it\\\/author\\\/camilleesteve\\\/\"}]}<\/script>\n<!-- \/ Yoast SEO Premium plugin. -->","yoast_head_json":{"title":"Da quasi 25 anni, Children & Future aiuta i bambini di tutto il mondo","description":"L'associazione organizza la famosa No Finish Line. Mettere lo sport al servizio dei bambini malati e bisognosi. \u00c8 questo l'obiettivo della No Finish Line,","robots":{"index":"index","follow":"follow","max-snippet":"max-snippet:-1","max-image-preview":"max-image-preview:large","max-video-preview":"max-video-preview:-1"},"canonical":"https:\/\/www.monaco-tribune.com\/it\/2023\/10\/da-quasi-25-anni-children-future-aiuta-i-bambini-di-tutto-il-mondo\/","og_locale":"it_IT","og_type":"article","og_title":"Da quasi 25 anni, Children & Future aiuta i bambini di tutto il mondo - Monaco Tribune","og_description":"L'associazione organizza la famosa No Finish Line. Mettere lo sport al servizio dei bambini malati e bisognosi. \u00c8 questo l'obiettivo della No Finish Line,","og_url":"https:\/\/www.monaco-tribune.com\/it\/2023\/10\/da-quasi-25-anni-children-future-aiuta-i-bambini-di-tutto-il-mondo\/","og_site_name":"Monaco Tribune","article_publisher":"https:\/\/www.facebook.com\/MonacoTribune","article_published_time":"2023-10-04T09:51:55+00:00","article_modified_time":"2023-10-04T09:52:07+00:00","og_image":[{"width":1200,"height":800,"url":"https:\/\/www.monaco-tribune.com\/wp-content\/uploads\/2023\/10\/2022-dernier-tour-no-finish-line-yakuba-ouattara-mickael-zeze.jpg","type":"image\/jpeg"}],"author":"Camille Esteve","twitter_card":"summary_large_image","twitter_creator":"@MonacoTribune","twitter_site":"@MonacoTribune","schema":{"@context":"https:\/\/schema.org","@graph":[{"@type":"NewsArticle","@id":"https:\/\/www.monaco-tribune.com\/it\/2023\/10\/da-quasi-25-anni-children-future-aiuta-i-bambini-di-tutto-il-mondo\/#article","isPartOf":{"@id":"https:\/\/www.monaco-tribune.com\/it\/2023\/10\/da-quasi-25-anni-children-future-aiuta-i-bambini-di-tutto-il-mondo\/"},"author":{"name":"Camille Esteve","@id":"https:\/\/www.monaco-tribune.com\/it\/#\/schema\/person\/a855d420fff4d03637641d60b93ac62e"},"headline":"Da quasi 25 anni, Children &#038; Future aiuta i bambini di tutto il mondo","datePublished":"2023-10-04T09:51:55+00:00","dateModified":"2023-10-04T09:52:07+00:00","mainEntityOfPage":{"@id":"https:\/\/www.monaco-tribune.com\/it\/2023\/10\/da-quasi-25-anni-children-future-aiuta-i-bambini-di-tutto-il-mondo\/"},"wordCount":843,"publisher":{"@id":"https:\/\/www.monaco-tribune.com\/it\/#organization"},"image":{"@id":"https:\/\/www.monaco-tribune.com\/it\/2023\/10\/da-quasi-25-anni-children-future-aiuta-i-bambini-di-tutto-il-mondo\/#primaryimage"},"thumbnailUrl":"https:\/\/www.monaco-tribune.com\/wp-content\/uploads\/2023\/10\/2022-dernier-tour-no-finish-line-yakuba-ouattara-mickael-zeze.jpg","keywords":["Associazioni"],"articleSection":["La nostra scelta","Notizie","Societ\u00e0"],"inLanguage":"it-IT","copyrightYear":"2023","copyrightHolder":{"@id":"https:\/\/www.monaco-tribune.com\/#organization"}},{"@type":"WebPage","@id":"https:\/\/www.monaco-tribune.com\/it\/2023\/10\/da-quasi-25-anni-children-future-aiuta-i-bambini-di-tutto-il-mondo\/","url":"https:\/\/www.monaco-tribune.com\/it\/2023\/10\/da-quasi-25-anni-children-future-aiuta-i-bambini-di-tutto-il-mondo\/","name":"Da quasi 25 anni, Children & Future aiuta i bambini di tutto il mondo","isPartOf":{"@id":"https:\/\/www.monaco-tribune.com\/it\/#website"},"primaryImageOfPage":{"@id":"https:\/\/www.monaco-tribune.com\/it\/2023\/10\/da-quasi-25-anni-children-future-aiuta-i-bambini-di-tutto-il-mondo\/#primaryimage"},"image":{"@id":"https:\/\/www.monaco-tribune.com\/it\/2023\/10\/da-quasi-25-anni-children-future-aiuta-i-bambini-di-tutto-il-mondo\/#primaryimage"},"thumbnailUrl":"https:\/\/www.monaco-tribune.com\/wp-content\/uploads\/2023\/10\/2022-dernier-tour-no-finish-line-yakuba-ouattara-mickael-zeze.jpg","datePublished":"2023-10-04T09:51:55+00:00","dateModified":"2023-10-04T09:52:07+00:00","description":"L'associazione organizza la famosa No Finish Line. Mettere lo sport al servizio dei bambini malati e bisognosi. \u00c8 questo l'obiettivo della No Finish Line,","breadcrumb":{"@id":"https:\/\/www.monaco-tribune.com\/it\/2023\/10\/da-quasi-25-anni-children-future-aiuta-i-bambini-di-tutto-il-mondo\/#breadcrumb"},"inLanguage":"it-IT","potentialAction":[{"@type":"ReadAction","target":["https:\/\/www.monaco-tribune.com\/it\/2023\/10\/da-quasi-25-anni-children-future-aiuta-i-bambini-di-tutto-il-mondo\/"]}]},{"@type":"ImageObject","inLanguage":"it-IT","@id":"https:\/\/www.monaco-tribune.com\/it\/2023\/10\/da-quasi-25-anni-children-future-aiuta-i-bambini-di-tutto-il-mondo\/#primaryimage","url":"https:\/\/www.monaco-tribune.com\/wp-content\/uploads\/2023\/10\/2022-dernier-tour-no-finish-line-yakuba-ouattara-mickael-zeze.jpg","contentUrl":"https:\/\/www.monaco-tribune.com\/wp-content\/uploads\/2023\/10\/2022-dernier-tour-no-finish-line-yakuba-ouattara-mickael-zeze.jpg","width":1200,"height":800,"caption":"Alcune celebrit\u00e0, come il cestista Yakuba Ouattara e l'atleta Micka\u00ebl Z\u00e9z\u00e9, partecipano alla No Finish Line a sostegno di Children & Future - \u00a9 Andr\u00e9 Faure"},{"@type":"BreadcrumbList","@id":"https:\/\/www.monaco-tribune.com\/it\/2023\/10\/da-quasi-25-anni-children-future-aiuta-i-bambini-di-tutto-il-mondo\/#breadcrumb","itemListElement":[{"@type":"ListItem","position":1,"name":"Accueil","item":"https:\/\/www.monaco-tribune.com\/it\/"},{"@type":"ListItem","position":2,"name":"Da quasi 25 anni, Children &#038; Future aiuta i bambini di tutto il mondo"}]},{"@type":"WebSite","@id":"https:\/\/www.monaco-tribune.com\/it\/#website","url":"https:\/\/www.monaco-tribune.com\/it\/","name":"Monaco Tribune","description":"Monaco : actualit\u00e9s \u00e9conomiques, politiques, culturelles et sportives de Monaco et de la French Riviera.","publisher":{"@id":"https:\/\/www.monaco-tribune.com\/it\/#organization"},"potentialAction":[{"@type":"SearchAction","target":{"@type":"EntryPoint","urlTemplate":"https:\/\/www.monaco-tribune.com\/it\/?s={search_term_string}"},"query-input":{"@type":"PropertyValueSpecification","valueRequired":true,"valueName":"search_term_string"}}],"inLanguage":"it-IT"},{"@type":"Organization","@id":"https:\/\/www.monaco-tribune.com\/it\/#organization","name":"Monaco Tribune","url":"https:\/\/www.monaco-tribune.com\/it\/","logo":{"@type":"ImageObject","inLanguage":"it-IT","@id":"https:\/\/www.monaco-tribune.com\/it\/#\/schema\/logo\/image\/","url":"https:\/\/www.monaco-tribune.com\/wp-content\/uploads\/2022\/11\/logo-monaco-tribune.png","contentUrl":"https:\/\/www.monaco-tribune.com\/wp-content\/uploads\/2022\/11\/logo-monaco-tribune.png","width":1548,"height":600,"caption":"Monaco Tribune"},"image":{"@id":"https:\/\/www.monaco-tribune.com\/it\/#\/schema\/logo\/image\/"},"sameAs":["https:\/\/www.facebook.com\/MonacoTribune","https:\/\/x.com\/MonacoTribune","https:\/\/www.instagram.com\/monacotribune\/","https:\/\/www.linkedin.com\/company\/monaco-tribune","https:\/\/www.youtube.com\/channel\/UCHle1MnG6hw1y4lWKijVbMA"]},{"@type":"Person","@id":"https:\/\/www.monaco-tribune.com\/it\/#\/schema\/person\/a855d420fff4d03637641d60b93ac62e","name":"Camille Esteve","image":{"@type":"ImageObject","inLanguage":"it-IT","@id":"https:\/\/secure.gravatar.com\/avatar\/eaaa2355a7bb56c0018a391c20a55bf9b4690e3f493231dd850e612bfa6ce161?s=96&d=mm&r=g","url":"https:\/\/secure.gravatar.com\/avatar\/eaaa2355a7bb56c0018a391c20a55bf9b4690e3f493231dd850e612bfa6ce161?s=96&d=mm&r=g","contentUrl":"https:\/\/secure.gravatar.com\/avatar\/eaaa2355a7bb56c0018a391c20a55bf9b4690e3f493231dd850e612bfa6ce161?s=96&d=mm&r=g","caption":"Camille Esteve"},"url":"https:\/\/www.monaco-tribune.com\/it\/author\/camilleesteve\/"}]}},"_links":{"self":[{"href":"https:\/\/www.monaco-tribune.com\/it\/wp-json\/wp\/v2\/posts\/194982","targetHints":{"allow":["GET"]}}],"collection":[{"href":"https:\/\/www.monaco-tribune.com\/it\/wp-json\/wp\/v2\/posts"}],"about":[{"href":"https:\/\/www.monaco-tribune.com\/it\/wp-json\/wp\/v2\/types\/post"}],"author":[{"embeddable":true,"href":"https:\/\/www.monaco-tribune.com\/it\/wp-json\/wp\/v2\/users\/60"}],"replies":[{"embeddable":true,"href":"https:\/\/www.monaco-tribune.com\/it\/wp-json\/wp\/v2\/comments?post=194982"}],"version-history":[{"count":2,"href":"https:\/\/www.monaco-tribune.com\/it\/wp-json\/wp\/v2\/posts\/194982\/revisions"}],"predecessor-version":[{"id":194985,"href":"https:\/\/www.monaco-tribune.com\/it\/wp-json\/wp\/v2\/posts\/194982\/revisions\/194985"}],"wp:featuredmedia":[{"embeddable":true,"href":"https:\/\/www.monaco-tribune.com\/it\/wp-json\/wp\/v2\/media\/194933"}],"wp:attachment":[{"href":"https:\/\/www.monaco-tribune.com\/it\/wp-json\/wp\/v2\/media?parent=194982"}],"wp:term":[{"taxonomy":"category","embeddable":true,"href":"https:\/\/www.monaco-tribune.com\/it\/wp-json\/wp\/v2\/categories?post=194982"},{"taxonomy":"post_tag","embeddable":true,"href":"https:\/\/www.monaco-tribune.com\/it\/wp-json\/wp\/v2\/tags?post=194982"},{"taxonomy":"sectag","embeddable":true,"href":"https:\/\/www.monaco-tribune.com\/it\/wp-json\/wp\/v2\/post_sectags?post=194982"},{"taxonomy":"format","embeddable":true,"href":"https:\/\/www.monaco-tribune.com\/it\/wp-json\/wp\/v2\/post_format?post=194982"}],"curies":[{"name":"wp","href":"https:\/\/api.w.org\/{rel}","templated":true}]}}