{"id":197586,"date":"2023-10-20T11:46:50","date_gmt":"2023-10-20T09:46:50","guid":{"rendered":"https:\/\/www.monaco-tribune.com\/2023\/10\/la-vendita-di-sigarette-a-monaco-presto-vietata-ai-minori-di-18-anni\/"},"modified":"2023-10-20T11:47:32","modified_gmt":"2023-10-20T09:47:32","slug":"la-vendita-di-sigarette-a-monaco-presto-vietata-ai-minori-di-18-anni","status":"publish","type":"post","link":"https:\/\/www.monaco-tribune.com\/it\/2023\/10\/la-vendita-di-sigarette-a-monaco-presto-vietata-ai-minori-di-18-anni\/","title":{"rendered":"La vendita di sigarette a Monaco presto vietata ai minori di 18 anni?"},"content":{"rendered":"\n<p><strong>Ad oggi, nel Principato la vendita \u00e8 vietata ai minori di 16 anni.<\/strong><\/p>\n\n\n\n<p>Dopo aver discusso di recente del <a href=\"https:\/\/www.monaco-tribune.com\/2023\/09\/vers-une-interdiction-de-la-puff-a-monaco\/\">possibile divieto delle sigarette elettroniche nel Principato<\/a> nel prossimo futuro, il Consigliere di Governo-Ministro degli Affari Sociali e della Salute Christophe Robino ha anche fornito un aggiornamento sulla vendita delle sigarette tradizionali.<\/p>\n\n\n\n<p>La questione \u00e8 stata sollevata gioved\u00ec scorso durante la sessione di bilancio pubblico del Consiglio nazionale. &#8220;Sono rimasto sconcertato nel vedere che il divieto di vendita delle sigarette a Monaco si limita ai 16 anni, anzich\u00e9 ai 18, come nella maggior parte dei Paesi&#8221;, ha dichiarato Christophe Robino, riferendosi alla legge n. 1.346 del 9 maggio 2008 sulla tutela contro il fumo. &#8220;Presentando questo testo [sulla sigaretta elettronica] potremo aggiornare alcune disposizioni di questa legge&#8221;, ha aggiunto.<\/p>\n\n\n\n<p class=\"related\"><a href=\"https:\/\/www.monaco-tribune.com\/it\/2023\/10\/monaco-si-illumina-di-rosa-per-sostenere-la-lotta-contro-il-cancro-al-seno\/\">Monaco si illumina di rosa per sostenere la lotta contro il cancro al seno<\/a><\/p>\n\n\n\n<p>Christophe Robino spera inoltre che la proposta venga presentata entro la fine dell&#8217;anno. Per il momento, il disegno di legge riguarder\u00e0 solo la vendita di questi dispositivi, non il loro consumo. &#8220;Sarei pi\u00f9 favorevole a bandire completamente questi dispositivi monouso dal Paese. (&#8230;) Ma in un territorio come quello monegasco \u00e8 ancora difficile, a mio avviso, vietare il consumo da parte di adulti che si presentano con un &#8216;puff&#8217; comprato a casa loro. (&#8230;) Se si va verso un divieto totale, ci si potrebbe anche chiedere: perch\u00e9 non vietare i sistemi ricaricabili? Bisogna trovare un equilibrio&#8221;.<\/p>\n\n\n\n<p>La consigliera nazionale Mathilde Le Clerc ha sottolineato, tuttavia, che un divieto di vendita assoluto potrebbe non essere sufficiente per combattere la dipendenza tra i giovani: &#8220;Ci sono distributori di questi prodotti molto vicini al nostro territorio, basta fare qualche metro per entrarne in possesso&#8221;.<\/p>\n\n\n\n<p>Oltre a queste problematiche, il Consigliere nazionale Thomas Brezzo ha chiesto di chiarire le norme sul CBD, un derivato della cannabis che non contiene sostanze psicotrope e che \u00e8 attualmente in vendita senza alcun genere di prescrizione in Francia e in Italia: &#8220;C&#8217;\u00e8 una mancanza di regolamentazione nel Principato che pu\u00f2 essere soggetta a interpretazione. Penso che le cose vadano chiarite (&#8230;) Chi va a comprarlo liberamente a Beausoleil e poi attraversa il marciapiede e finisce a Monaco corre il rischio di fare una cosa illegale. Sarebbe auspicabile una comunicazione chiara&#8221;.<\/p>\n","protected":false},"excerpt":{"rendered":"<p>Ad oggi, nel Principato la vendita \u00e8 vietata ai minori di 16 anni. Dopo aver discusso di recente del possibile [&hellip;]<\/p>\n","protected":false},"author":60,"featured_media":197160,"comment_status":"closed","ping_status":"closed","sticky":false,"template":"","format":"standard","meta":{"_acf_changed":false,"footnotes":""},"categories":[1738,1752],"tags":[3158],"post_sectags":[4410],"post_format":[2478],"class_list":["post-197586","post","type-post","status-publish","format-standard","has-post-thumbnail","hentry","category-notizie","category-societa","tag-salute","sectag-consiglio-nazionale","format-notizia"],"acf":[],"yoast_head":"<!-- This site is optimized with the Yoast SEO Premium plugin v26.8 (Yoast SEO v27.5) - https:\/\/yoast.com\/product\/yoast-seo-premium-wordpress\/ -->\n<title>La vendita di sigarette a Monaco presto vietata ai minori di 18 anni?<\/title>\n<meta name=\"description\" content=\"Ad oggi, nel Principato la vendita \u00e8 vietata ai minori di 16 anni. Dopo aver discusso di recente del possibile divieto delle sigarette elettroniche nel\" \/>\n<meta name=\"robots\" content=\"index, follow, max-snippet:-1, max-image-preview:large, max-video-preview:-1\" \/>\n<link rel=\"canonical\" href=\"https:\/\/www.monaco-tribune.com\/it\/2023\/10\/la-vendita-di-sigarette-a-monaco-presto-vietata-ai-minori-di-18-anni\/\" \/>\n<meta property=\"og:locale\" content=\"it_IT\" \/>\n<meta property=\"og:type\" content=\"article\" \/>\n<meta property=\"og:title\" content=\"La vendita di sigarette a Monaco presto vietata ai minori di 18 anni? - Monaco Tribune\" \/>\n<meta property=\"og:description\" content=\"Ad oggi, nel Principato la vendita \u00e8 vietata ai minori di 16 anni. Dopo aver discusso di recente del possibile divieto delle sigarette elettroniche nel\" \/>\n<meta property=\"og:url\" content=\"https:\/\/www.monaco-tribune.com\/it\/2023\/10\/la-vendita-di-sigarette-a-monaco-presto-vietata-ai-minori-di-18-anni\/\" \/>\n<meta property=\"og:site_name\" content=\"Monaco Tribune\" \/>\n<meta property=\"article:publisher\" content=\"https:\/\/www.facebook.com\/MonacoTribune\" \/>\n<meta property=\"article:published_time\" content=\"2023-10-20T09:46:50+00:00\" \/>\n<meta property=\"article:modified_time\" content=\"2023-10-20T09:47:32+00:00\" \/>\n<meta property=\"og:image\" content=\"https:\/\/www.monaco-tribune.com\/wp-content\/uploads\/2023\/10\/monaco-vente-cigarette-mineurs.jpg\" \/>\n\t<meta property=\"og:image:width\" content=\"1200\" \/>\n\t<meta property=\"og:image:height\" content=\"800\" \/>\n\t<meta property=\"og:image:type\" content=\"image\/jpeg\" \/>\n<meta name=\"author\" content=\"Camille Esteve\" \/>\n<meta name=\"twitter:card\" content=\"summary_large_image\" \/>\n<meta name=\"twitter:creator\" content=\"@MonacoTribune\" \/>\n<meta name=\"twitter:site\" content=\"@MonacoTribune\" \/>\n<script type=\"application\/ld+json\" class=\"yoast-schema-graph\">{\"@context\":\"https:\\\/\\\/schema.org\",\"@graph\":[{\"@type\":\"NewsArticle\",\"@id\":\"https:\\\/\\\/www.monaco-tribune.com\\\/it\\\/2023\\\/10\\\/la-vendita-di-sigarette-a-monaco-presto-vietata-ai-minori-di-18-anni\\\/#article\",\"isPartOf\":{\"@id\":\"https:\\\/\\\/www.monaco-tribune.com\\\/it\\\/2023\\\/10\\\/la-vendita-di-sigarette-a-monaco-presto-vietata-ai-minori-di-18-anni\\\/\"},\"author\":{\"name\":\"Camille Esteve\",\"@id\":\"https:\\\/\\\/www.monaco-tribune.com\\\/it\\\/#\\\/schema\\\/person\\\/a855d420fff4d03637641d60b93ac62e\"},\"headline\":\"La vendita di sigarette a Monaco presto vietata ai minori di 18 anni?\",\"datePublished\":\"2023-10-20T09:46:50+00:00\",\"dateModified\":\"2023-10-20T09:47:32+00:00\",\"mainEntityOfPage\":{\"@id\":\"https:\\\/\\\/www.monaco-tribune.com\\\/it\\\/2023\\\/10\\\/la-vendita-di-sigarette-a-monaco-presto-vietata-ai-minori-di-18-anni\\\/\"},\"wordCount\":374,\"publisher\":{\"@id\":\"https:\\\/\\\/www.monaco-tribune.com\\\/it\\\/#organization\"},\"image\":{\"@id\":\"https:\\\/\\\/www.monaco-tribune.com\\\/it\\\/2023\\\/10\\\/la-vendita-di-sigarette-a-monaco-presto-vietata-ai-minori-di-18-anni\\\/#primaryimage\"},\"thumbnailUrl\":\"https:\\\/\\\/www.monaco-tribune.com\\\/wp-content\\\/uploads\\\/2023\\\/10\\\/monaco-vente-cigarette-mineurs.jpg\",\"keywords\":[\"Salute\"],\"articleSection\":[\"Notizie\",\"Societ\u00e0\"],\"inLanguage\":\"it-IT\",\"copyrightYear\":\"2023\",\"copyrightHolder\":{\"@id\":\"https:\\\/\\\/www.monaco-tribune.com\\\/#organization\"}},{\"@type\":\"WebPage\",\"@id\":\"https:\\\/\\\/www.monaco-tribune.com\\\/it\\\/2023\\\/10\\\/la-vendita-di-sigarette-a-monaco-presto-vietata-ai-minori-di-18-anni\\\/\",\"url\":\"https:\\\/\\\/www.monaco-tribune.com\\\/it\\\/2023\\\/10\\\/la-vendita-di-sigarette-a-monaco-presto-vietata-ai-minori-di-18-anni\\\/\",\"name\":\"La vendita di sigarette a Monaco presto vietata ai minori di 18 anni?\",\"isPartOf\":{\"@id\":\"https:\\\/\\\/www.monaco-tribune.com\\\/it\\\/#website\"},\"primaryImageOfPage\":{\"@id\":\"https:\\\/\\\/www.monaco-tribune.com\\\/it\\\/2023\\\/10\\\/la-vendita-di-sigarette-a-monaco-presto-vietata-ai-minori-di-18-anni\\\/#primaryimage\"},\"image\":{\"@id\":\"https:\\\/\\\/www.monaco-tribune.com\\\/it\\\/2023\\\/10\\\/la-vendita-di-sigarette-a-monaco-presto-vietata-ai-minori-di-18-anni\\\/#primaryimage\"},\"thumbnailUrl\":\"https:\\\/\\\/www.monaco-tribune.com\\\/wp-content\\\/uploads\\\/2023\\\/10\\\/monaco-vente-cigarette-mineurs.jpg\",\"datePublished\":\"2023-10-20T09:46:50+00:00\",\"dateModified\":\"2023-10-20T09:47:32+00:00\",\"description\":\"Ad oggi, nel Principato la vendita \u00e8 vietata ai minori di 16 anni. Dopo aver discusso di recente del possibile divieto delle sigarette elettroniche nel\",\"breadcrumb\":{\"@id\":\"https:\\\/\\\/www.monaco-tribune.com\\\/it\\\/2023\\\/10\\\/la-vendita-di-sigarette-a-monaco-presto-vietata-ai-minori-di-18-anni\\\/#breadcrumb\"},\"inLanguage\":\"it-IT\",\"potentialAction\":[{\"@type\":\"ReadAction\",\"target\":[\"https:\\\/\\\/www.monaco-tribune.com\\\/it\\\/2023\\\/10\\\/la-vendita-di-sigarette-a-monaco-presto-vietata-ai-minori-di-18-anni\\\/\"]}]},{\"@type\":\"ImageObject\",\"inLanguage\":\"it-IT\",\"@id\":\"https:\\\/\\\/www.monaco-tribune.com\\\/it\\\/2023\\\/10\\\/la-vendita-di-sigarette-a-monaco-presto-vietata-ai-minori-di-18-anni\\\/#primaryimage\",\"url\":\"https:\\\/\\\/www.monaco-tribune.com\\\/wp-content\\\/uploads\\\/2023\\\/10\\\/monaco-vente-cigarette-mineurs.jpg\",\"contentUrl\":\"https:\\\/\\\/www.monaco-tribune.com\\\/wp-content\\\/uploads\\\/2023\\\/10\\\/monaco-vente-cigarette-mineurs.jpg\",\"width\":1200,\"height\":800,\"caption\":\"A differenza di molti paesi, la legge monegasca vieta la vendita di sigarette ai minori di 16 anni, non ai minori di 18 - \u00a9 Unsplash\"},{\"@type\":\"BreadcrumbList\",\"@id\":\"https:\\\/\\\/www.monaco-tribune.com\\\/it\\\/2023\\\/10\\\/la-vendita-di-sigarette-a-monaco-presto-vietata-ai-minori-di-18-anni\\\/#breadcrumb\",\"itemListElement\":[{\"@type\":\"ListItem\",\"position\":1,\"name\":\"Accueil\",\"item\":\"https:\\\/\\\/www.monaco-tribune.com\\\/it\\\/\"},{\"@type\":\"ListItem\",\"position\":2,\"name\":\"La vendita di sigarette a Monaco presto vietata ai minori di 18 anni?\"}]},{\"@type\":\"WebSite\",\"@id\":\"https:\\\/\\\/www.monaco-tribune.com\\\/it\\\/#website\",\"url\":\"https:\\\/\\\/www.monaco-tribune.com\\\/it\\\/\",\"name\":\"Monaco Tribune\",\"description\":\"Monaco : actualit\u00e9s \u00e9conomiques, politiques, culturelles et sportives de Monaco et de la French Riviera.\",\"publisher\":{\"@id\":\"https:\\\/\\\/www.monaco-tribune.com\\\/it\\\/#organization\"},\"potentialAction\":[{\"@type\":\"SearchAction\",\"target\":{\"@type\":\"EntryPoint\",\"urlTemplate\":\"https:\\\/\\\/www.monaco-tribune.com\\\/it\\\/?s={search_term_string}\"},\"query-input\":{\"@type\":\"PropertyValueSpecification\",\"valueRequired\":true,\"valueName\":\"search_term_string\"}}],\"inLanguage\":\"it-IT\"},{\"@type\":\"Organization\",\"@id\":\"https:\\\/\\\/www.monaco-tribune.com\\\/it\\\/#organization\",\"name\":\"Monaco Tribune\",\"url\":\"https:\\\/\\\/www.monaco-tribune.com\\\/it\\\/\",\"logo\":{\"@type\":\"ImageObject\",\"inLanguage\":\"it-IT\",\"@id\":\"https:\\\/\\\/www.monaco-tribune.com\\\/it\\\/#\\\/schema\\\/logo\\\/image\\\/\",\"url\":\"https:\\\/\\\/www.monaco-tribune.com\\\/wp-content\\\/uploads\\\/2022\\\/11\\\/logo-monaco-tribune.png\",\"contentUrl\":\"https:\\\/\\\/www.monaco-tribune.com\\\/wp-content\\\/uploads\\\/2022\\\/11\\\/logo-monaco-tribune.png\",\"width\":1548,\"height\":600,\"caption\":\"Monaco Tribune\"},\"image\":{\"@id\":\"https:\\\/\\\/www.monaco-tribune.com\\\/it\\\/#\\\/schema\\\/logo\\\/image\\\/\"},\"sameAs\":[\"https:\\\/\\\/www.facebook.com\\\/MonacoTribune\",\"https:\\\/\\\/x.com\\\/MonacoTribune\",\"https:\\\/\\\/www.instagram.com\\\/monacotribune\\\/\",\"https:\\\/\\\/www.linkedin.com\\\/company\\\/monaco-tribune\",\"https:\\\/\\\/www.youtube.com\\\/channel\\\/UCHle1MnG6hw1y4lWKijVbMA\"]},{\"@type\":\"Person\",\"@id\":\"https:\\\/\\\/www.monaco-tribune.com\\\/it\\\/#\\\/schema\\\/person\\\/a855d420fff4d03637641d60b93ac62e\",\"name\":\"Camille Esteve\",\"image\":{\"@type\":\"ImageObject\",\"inLanguage\":\"it-IT\",\"@id\":\"https:\\\/\\\/secure.gravatar.com\\\/avatar\\\/eaaa2355a7bb56c0018a391c20a55bf9b4690e3f493231dd850e612bfa6ce161?s=96&d=mm&r=g\",\"url\":\"https:\\\/\\\/secure.gravatar.com\\\/avatar\\\/eaaa2355a7bb56c0018a391c20a55bf9b4690e3f493231dd850e612bfa6ce161?s=96&d=mm&r=g\",\"contentUrl\":\"https:\\\/\\\/secure.gravatar.com\\\/avatar\\\/eaaa2355a7bb56c0018a391c20a55bf9b4690e3f493231dd850e612bfa6ce161?s=96&d=mm&r=g\",\"caption\":\"Camille Esteve\"},\"url\":\"https:\\\/\\\/www.monaco-tribune.com\\\/it\\\/author\\\/camilleesteve\\\/\"}]}<\/script>\n<!-- \/ Yoast SEO Premium plugin. -->","yoast_head_json":{"title":"La vendita di sigarette a Monaco presto vietata ai minori di 18 anni?","description":"Ad oggi, nel Principato la vendita \u00e8 vietata ai minori di 16 anni. Dopo aver discusso di recente del possibile divieto delle sigarette elettroniche nel","robots":{"index":"index","follow":"follow","max-snippet":"max-snippet:-1","max-image-preview":"max-image-preview:large","max-video-preview":"max-video-preview:-1"},"canonical":"https:\/\/www.monaco-tribune.com\/it\/2023\/10\/la-vendita-di-sigarette-a-monaco-presto-vietata-ai-minori-di-18-anni\/","og_locale":"it_IT","og_type":"article","og_title":"La vendita di sigarette a Monaco presto vietata ai minori di 18 anni? - Monaco Tribune","og_description":"Ad oggi, nel Principato la vendita \u00e8 vietata ai minori di 16 anni. Dopo aver discusso di recente del possibile divieto delle sigarette elettroniche nel","og_url":"https:\/\/www.monaco-tribune.com\/it\/2023\/10\/la-vendita-di-sigarette-a-monaco-presto-vietata-ai-minori-di-18-anni\/","og_site_name":"Monaco Tribune","article_publisher":"https:\/\/www.facebook.com\/MonacoTribune","article_published_time":"2023-10-20T09:46:50+00:00","article_modified_time":"2023-10-20T09:47:32+00:00","og_image":[{"width":1200,"height":800,"url":"https:\/\/www.monaco-tribune.com\/wp-content\/uploads\/2023\/10\/monaco-vente-cigarette-mineurs.jpg","type":"image\/jpeg"}],"author":"Camille Esteve","twitter_card":"summary_large_image","twitter_creator":"@MonacoTribune","twitter_site":"@MonacoTribune","schema":{"@context":"https:\/\/schema.org","@graph":[{"@type":"NewsArticle","@id":"https:\/\/www.monaco-tribune.com\/it\/2023\/10\/la-vendita-di-sigarette-a-monaco-presto-vietata-ai-minori-di-18-anni\/#article","isPartOf":{"@id":"https:\/\/www.monaco-tribune.com\/it\/2023\/10\/la-vendita-di-sigarette-a-monaco-presto-vietata-ai-minori-di-18-anni\/"},"author":{"name":"Camille Esteve","@id":"https:\/\/www.monaco-tribune.com\/it\/#\/schema\/person\/a855d420fff4d03637641d60b93ac62e"},"headline":"La vendita di sigarette a Monaco presto vietata ai minori di 18 anni?","datePublished":"2023-10-20T09:46:50+00:00","dateModified":"2023-10-20T09:47:32+00:00","mainEntityOfPage":{"@id":"https:\/\/www.monaco-tribune.com\/it\/2023\/10\/la-vendita-di-sigarette-a-monaco-presto-vietata-ai-minori-di-18-anni\/"},"wordCount":374,"publisher":{"@id":"https:\/\/www.monaco-tribune.com\/it\/#organization"},"image":{"@id":"https:\/\/www.monaco-tribune.com\/it\/2023\/10\/la-vendita-di-sigarette-a-monaco-presto-vietata-ai-minori-di-18-anni\/#primaryimage"},"thumbnailUrl":"https:\/\/www.monaco-tribune.com\/wp-content\/uploads\/2023\/10\/monaco-vente-cigarette-mineurs.jpg","keywords":["Salute"],"articleSection":["Notizie","Societ\u00e0"],"inLanguage":"it-IT","copyrightYear":"2023","copyrightHolder":{"@id":"https:\/\/www.monaco-tribune.com\/#organization"}},{"@type":"WebPage","@id":"https:\/\/www.monaco-tribune.com\/it\/2023\/10\/la-vendita-di-sigarette-a-monaco-presto-vietata-ai-minori-di-18-anni\/","url":"https:\/\/www.monaco-tribune.com\/it\/2023\/10\/la-vendita-di-sigarette-a-monaco-presto-vietata-ai-minori-di-18-anni\/","name":"La vendita di sigarette a Monaco presto vietata ai minori di 18 anni?","isPartOf":{"@id":"https:\/\/www.monaco-tribune.com\/it\/#website"},"primaryImageOfPage":{"@id":"https:\/\/www.monaco-tribune.com\/it\/2023\/10\/la-vendita-di-sigarette-a-monaco-presto-vietata-ai-minori-di-18-anni\/#primaryimage"},"image":{"@id":"https:\/\/www.monaco-tribune.com\/it\/2023\/10\/la-vendita-di-sigarette-a-monaco-presto-vietata-ai-minori-di-18-anni\/#primaryimage"},"thumbnailUrl":"https:\/\/www.monaco-tribune.com\/wp-content\/uploads\/2023\/10\/monaco-vente-cigarette-mineurs.jpg","datePublished":"2023-10-20T09:46:50+00:00","dateModified":"2023-10-20T09:47:32+00:00","description":"Ad oggi, nel Principato la vendita \u00e8 vietata ai minori di 16 anni. Dopo aver discusso di recente del possibile divieto delle sigarette elettroniche nel","breadcrumb":{"@id":"https:\/\/www.monaco-tribune.com\/it\/2023\/10\/la-vendita-di-sigarette-a-monaco-presto-vietata-ai-minori-di-18-anni\/#breadcrumb"},"inLanguage":"it-IT","potentialAction":[{"@type":"ReadAction","target":["https:\/\/www.monaco-tribune.com\/it\/2023\/10\/la-vendita-di-sigarette-a-monaco-presto-vietata-ai-minori-di-18-anni\/"]}]},{"@type":"ImageObject","inLanguage":"it-IT","@id":"https:\/\/www.monaco-tribune.com\/it\/2023\/10\/la-vendita-di-sigarette-a-monaco-presto-vietata-ai-minori-di-18-anni\/#primaryimage","url":"https:\/\/www.monaco-tribune.com\/wp-content\/uploads\/2023\/10\/monaco-vente-cigarette-mineurs.jpg","contentUrl":"https:\/\/www.monaco-tribune.com\/wp-content\/uploads\/2023\/10\/monaco-vente-cigarette-mineurs.jpg","width":1200,"height":800,"caption":"A differenza di molti paesi, la legge monegasca vieta la vendita di sigarette ai minori di 16 anni, non ai minori di 18 - \u00a9 Unsplash"},{"@type":"BreadcrumbList","@id":"https:\/\/www.monaco-tribune.com\/it\/2023\/10\/la-vendita-di-sigarette-a-monaco-presto-vietata-ai-minori-di-18-anni\/#breadcrumb","itemListElement":[{"@type":"ListItem","position":1,"name":"Accueil","item":"https:\/\/www.monaco-tribune.com\/it\/"},{"@type":"ListItem","position":2,"name":"La vendita di sigarette a Monaco presto vietata ai minori di 18 anni?"}]},{"@type":"WebSite","@id":"https:\/\/www.monaco-tribune.com\/it\/#website","url":"https:\/\/www.monaco-tribune.com\/it\/","name":"Monaco Tribune","description":"Monaco : actualit\u00e9s \u00e9conomiques, politiques, culturelles et sportives de Monaco et de la French Riviera.","publisher":{"@id":"https:\/\/www.monaco-tribune.com\/it\/#organization"},"potentialAction":[{"@type":"SearchAction","target":{"@type":"EntryPoint","urlTemplate":"https:\/\/www.monaco-tribune.com\/it\/?s={search_term_string}"},"query-input":{"@type":"PropertyValueSpecification","valueRequired":true,"valueName":"search_term_string"}}],"inLanguage":"it-IT"},{"@type":"Organization","@id":"https:\/\/www.monaco-tribune.com\/it\/#organization","name":"Monaco Tribune","url":"https:\/\/www.monaco-tribune.com\/it\/","logo":{"@type":"ImageObject","inLanguage":"it-IT","@id":"https:\/\/www.monaco-tribune.com\/it\/#\/schema\/logo\/image\/","url":"https:\/\/www.monaco-tribune.com\/wp-content\/uploads\/2022\/11\/logo-monaco-tribune.png","contentUrl":"https:\/\/www.monaco-tribune.com\/wp-content\/uploads\/2022\/11\/logo-monaco-tribune.png","width":1548,"height":600,"caption":"Monaco Tribune"},"image":{"@id":"https:\/\/www.monaco-tribune.com\/it\/#\/schema\/logo\/image\/"},"sameAs":["https:\/\/www.facebook.com\/MonacoTribune","https:\/\/x.com\/MonacoTribune","https:\/\/www.instagram.com\/monacotribune\/","https:\/\/www.linkedin.com\/company\/monaco-tribune","https:\/\/www.youtube.com\/channel\/UCHle1MnG6hw1y4lWKijVbMA"]},{"@type":"Person","@id":"https:\/\/www.monaco-tribune.com\/it\/#\/schema\/person\/a855d420fff4d03637641d60b93ac62e","name":"Camille Esteve","image":{"@type":"ImageObject","inLanguage":"it-IT","@id":"https:\/\/secure.gravatar.com\/avatar\/eaaa2355a7bb56c0018a391c20a55bf9b4690e3f493231dd850e612bfa6ce161?s=96&d=mm&r=g","url":"https:\/\/secure.gravatar.com\/avatar\/eaaa2355a7bb56c0018a391c20a55bf9b4690e3f493231dd850e612bfa6ce161?s=96&d=mm&r=g","contentUrl":"https:\/\/secure.gravatar.com\/avatar\/eaaa2355a7bb56c0018a391c20a55bf9b4690e3f493231dd850e612bfa6ce161?s=96&d=mm&r=g","caption":"Camille Esteve"},"url":"https:\/\/www.monaco-tribune.com\/it\/author\/camilleesteve\/"}]}},"_links":{"self":[{"href":"https:\/\/www.monaco-tribune.com\/it\/wp-json\/wp\/v2\/posts\/197586","targetHints":{"allow":["GET"]}}],"collection":[{"href":"https:\/\/www.monaco-tribune.com\/it\/wp-json\/wp\/v2\/posts"}],"about":[{"href":"https:\/\/www.monaco-tribune.com\/it\/wp-json\/wp\/v2\/types\/post"}],"author":[{"embeddable":true,"href":"https:\/\/www.monaco-tribune.com\/it\/wp-json\/wp\/v2\/users\/60"}],"replies":[{"embeddable":true,"href":"https:\/\/www.monaco-tribune.com\/it\/wp-json\/wp\/v2\/comments?post=197586"}],"version-history":[{"count":2,"href":"https:\/\/www.monaco-tribune.com\/it\/wp-json\/wp\/v2\/posts\/197586\/revisions"}],"predecessor-version":[{"id":197590,"href":"https:\/\/www.monaco-tribune.com\/it\/wp-json\/wp\/v2\/posts\/197586\/revisions\/197590"}],"wp:featuredmedia":[{"embeddable":true,"href":"https:\/\/www.monaco-tribune.com\/it\/wp-json\/wp\/v2\/media\/197160"}],"wp:attachment":[{"href":"https:\/\/www.monaco-tribune.com\/it\/wp-json\/wp\/v2\/media?parent=197586"}],"wp:term":[{"taxonomy":"category","embeddable":true,"href":"https:\/\/www.monaco-tribune.com\/it\/wp-json\/wp\/v2\/categories?post=197586"},{"taxonomy":"post_tag","embeddable":true,"href":"https:\/\/www.monaco-tribune.com\/it\/wp-json\/wp\/v2\/tags?post=197586"},{"taxonomy":"sectag","embeddable":true,"href":"https:\/\/www.monaco-tribune.com\/it\/wp-json\/wp\/v2\/post_sectags?post=197586"},{"taxonomy":"format","embeddable":true,"href":"https:\/\/www.monaco-tribune.com\/it\/wp-json\/wp\/v2\/post_format?post=197586"}],"curies":[{"name":"wp","href":"https:\/\/api.w.org\/{rel}","templated":true}]}}