{"id":198905,"date":"2023-10-31T13:44:33","date_gmt":"2023-10-31T11:44:33","guid":{"rendered":"https:\/\/www.monaco-tribune.com\/2023\/10\/coprifuoco-dopo-le-2200-per-i-minorenni-a-monaco\/"},"modified":"2023-10-31T13:44:38","modified_gmt":"2023-10-31T11:44:38","slug":"coprifuoco-dopo-le-2200-per-i-minorenni-a-monaco","status":"publish","type":"post","link":"https:\/\/www.monaco-tribune.com\/it\/2023\/10\/coprifuoco-dopo-le-2200-per-i-minorenni-a-monaco\/","title":{"rendered":"Coprifuoco dopo le 22:00 per i minorenni a Monaco?"},"content":{"rendered":"\n<p><strong>Cari lettori, se vi siete posti anche voi questa domanda, abbiamo la risposta.<\/strong><\/p>\n\n<p>Il dibattito \u00e8 stato lanciato di recente sui social network dal gruppo Facebook &#8220;Aide et solidarit\u00e9 entre les r\u00e9sidents de Monaco&#8221; (&#8220;Aiuto e solidariet\u00e0 tra i residenti di Monaco&#8221;). Una madre ha raccontato che sua figlia e i suoi amici, tutti di 16 anni e mezzo, sono stati fermati una sera intorno alle 22:30 nel quartiere di Fontvieille da una pattuglia della polizia. I poliziotti hanno spiegato che &#8220;non avrebbero dovuto essere per strada e che erano fortunati perch\u00e9 loro potevano portarli in centrale e chiamare i loro genitori&#8221;.<\/p>\n\n<p>Mentre alcuni dei numerosi commenti ammettono di non aver mai sentito parlare di questa normativa, altri hanno riportato testimonianze simili. Abbiamo quindi contattato il governo monegasco per saperne di pi\u00f9. &#8220;Nel Principato di Monaco non esistono norme specifiche che impongano ai minori di osservare un qualsiasi tipo di coprifuoco. Tuttavia, esistono leggi e regolamenti volti a proteggere i minori&#8221;.<\/p>\n\n<h2 class=\"wp-block-heading\" id=\"h-pas-de-couvre-feu-mais\">Nessun coprifuoco ma&#8230;<\/h2>\n\n<p>Ai sensi dell&#8217;articolo 317 del Codice Civile francese, gli agenti di pubblica sicurezza sono responsabili della sicurezza di tutti, in particolare dei minori la cui salute, sicurezza, morale o istruzione potrebbe essere compromessa. Come afferma il Consiglio esecutivo, &#8220;se un minore venisse trovato non accompagnato sulla pubblica via a tarda ora, il Dipartimento di Pubblica Sicurezza contatter\u00e0 i suoi tutori legali. Al di l\u00e0 del rispetto della legislazione, questo approccio si basa sul buon senso, sul concetto di servizio pubblico e sulla prevenzione, al fine di garantire la sicurezza delle persone secondo le priorit\u00e0 del Principato in questo ambito&#8221;.<\/p>\n\n<p class=\"related\"><a href=\"https:\/\/www.monaco-tribune.com\/it\/2023\/03\/a-monaco-tolleranza-zero-per-oltraggio-a-pubblico-ufficiale\/\">A Monaco, tolleranza zero per oltraggio a pubblico ufficiale<\/a><\/p>\n\n<p>Inoltre, il Decreto Ministeriale n. 68-125 del 12 marzo 1968, che regola l&#8217;accesso dei minori ai locali pubblici, stabilisce che &#8220;\u00e8 vietato ai rivenditori di bevande, e in particolare ai gestori dei locali notturni del Principato, di ammettere nei loro esercizi minori non accompagnati dopo le ore 22:00&#8221;. Niente Rascasse o Twiga, quindi, se non avete ancora 18 anni. Vi toccher\u00e0 aspettare ancora un po&#8217;&#8230;<\/p>\n","protected":false},"excerpt":{"rendered":"<p>Cari lettori, se vi siete posti anche voi questa domanda, abbiamo la risposta. Il dibattito \u00e8 stato lanciato di recente [&hellip;]<\/p>\n","protected":false},"author":69,"featured_media":198710,"comment_status":"closed","ping_status":"closed","sticky":false,"template":"","format":"standard","meta":{"_acf_changed":false,"footnotes":""},"categories":[1826,1738,1752],"tags":[3125],"post_sectags":[],"post_format":[2475],"class_list":["post-198905","post","type-post","status-publish","format-standard","has-post-thumbnail","hentry","category-la-nostra-scelta","category-notizie","category-societa","tag-sicurezza","format-inchiesta"],"acf":[],"yoast_head":"<!-- This site is optimized with the Yoast SEO Premium plugin v26.8 (Yoast SEO v27.4) - https:\/\/yoast.com\/product\/yoast-seo-premium-wordpress\/ -->\n<title>Coprifuoco dopo le 22:00 per i minorenni a Monaco?<\/title>\n<meta name=\"description\" content=\"Cari lettori, se vi siete posti anche voi questa domanda, abbiamo la risposta. Il dibattito \u00e8 stato lanciato di recente sui social network dal gruppo\" \/>\n<meta name=\"robots\" content=\"index, follow, max-snippet:-1, max-image-preview:large, max-video-preview:-1\" \/>\n<link rel=\"canonical\" href=\"https:\/\/www.monaco-tribune.com\/it\/2023\/10\/coprifuoco-dopo-le-2200-per-i-minorenni-a-monaco\/\" \/>\n<meta property=\"og:locale\" content=\"it_IT\" \/>\n<meta property=\"og:type\" content=\"article\" \/>\n<meta property=\"og:title\" content=\"Coprifuoco dopo le 22:00 per i minorenni a Monaco? - Monaco Tribune\" \/>\n<meta property=\"og:description\" content=\"Cari lettori, se vi siete posti anche voi questa domanda, abbiamo la risposta. Il dibattito \u00e8 stato lanciato di recente sui social network dal gruppo\" \/>\n<meta property=\"og:url\" content=\"https:\/\/www.monaco-tribune.com\/it\/2023\/10\/coprifuoco-dopo-le-2200-per-i-minorenni-a-monaco\/\" \/>\n<meta property=\"og:site_name\" content=\"Monaco Tribune\" \/>\n<meta property=\"article:publisher\" content=\"https:\/\/www.facebook.com\/MonacoTribune\" \/>\n<meta property=\"article:published_time\" content=\"2023-10-31T11:44:33+00:00\" \/>\n<meta property=\"article:modified_time\" content=\"2023-10-31T11:44:38+00:00\" \/>\n<meta property=\"og:image\" content=\"https:\/\/www.monaco-tribune.com\/wp-content\/uploads\/2023\/10\/monaco-nuit.jpg\" \/>\n\t<meta property=\"og:image:width\" content=\"1144\" \/>\n\t<meta property=\"og:image:height\" content=\"675\" \/>\n\t<meta property=\"og:image:type\" content=\"image\/jpeg\" \/>\n<meta name=\"author\" content=\"Sarah Incari\" \/>\n<meta name=\"twitter:card\" content=\"summary_large_image\" \/>\n<meta name=\"twitter:creator\" content=\"@MonacoTribune\" \/>\n<meta name=\"twitter:site\" content=\"@MonacoTribune\" \/>\n<script type=\"application\/ld+json\" class=\"yoast-schema-graph\">{\"@context\":\"https:\\\/\\\/schema.org\",\"@graph\":[{\"@type\":\"NewsArticle\",\"@id\":\"https:\\\/\\\/www.monaco-tribune.com\\\/it\\\/2023\\\/10\\\/coprifuoco-dopo-le-2200-per-i-minorenni-a-monaco\\\/#article\",\"isPartOf\":{\"@id\":\"https:\\\/\\\/www.monaco-tribune.com\\\/it\\\/2023\\\/10\\\/coprifuoco-dopo-le-2200-per-i-minorenni-a-monaco\\\/\"},\"author\":{\"name\":\"Sarah Incari\",\"@id\":\"https:\\\/\\\/www.monaco-tribune.com\\\/it\\\/#\\\/schema\\\/person\\\/dd3b5770833f791d3f4d808f1aa84499\"},\"headline\":\"Coprifuoco dopo le 22:00 per i minorenni a Monaco?\",\"datePublished\":\"2023-10-31T11:44:33+00:00\",\"dateModified\":\"2023-10-31T11:44:38+00:00\",\"mainEntityOfPage\":{\"@id\":\"https:\\\/\\\/www.monaco-tribune.com\\\/it\\\/2023\\\/10\\\/coprifuoco-dopo-le-2200-per-i-minorenni-a-monaco\\\/\"},\"wordCount\":339,\"publisher\":{\"@id\":\"https:\\\/\\\/www.monaco-tribune.com\\\/it\\\/#organization\"},\"image\":{\"@id\":\"https:\\\/\\\/www.monaco-tribune.com\\\/it\\\/2023\\\/10\\\/coprifuoco-dopo-le-2200-per-i-minorenni-a-monaco\\\/#primaryimage\"},\"thumbnailUrl\":\"https:\\\/\\\/www.monaco-tribune.com\\\/wp-content\\\/uploads\\\/2023\\\/10\\\/monaco-nuit.jpg\",\"keywords\":[\"Sicurezza\"],\"articleSection\":[\"La nostra scelta\",\"Notizie\",\"Societ\u00e0\"],\"inLanguage\":\"it-IT\",\"copyrightYear\":\"2023\",\"copyrightHolder\":{\"@id\":\"https:\\\/\\\/www.monaco-tribune.com\\\/#organization\"}},{\"@type\":\"WebPage\",\"@id\":\"https:\\\/\\\/www.monaco-tribune.com\\\/it\\\/2023\\\/10\\\/coprifuoco-dopo-le-2200-per-i-minorenni-a-monaco\\\/\",\"url\":\"https:\\\/\\\/www.monaco-tribune.com\\\/it\\\/2023\\\/10\\\/coprifuoco-dopo-le-2200-per-i-minorenni-a-monaco\\\/\",\"name\":\"Coprifuoco dopo le 22:00 per i minorenni a Monaco?\",\"isPartOf\":{\"@id\":\"https:\\\/\\\/www.monaco-tribune.com\\\/it\\\/#website\"},\"primaryImageOfPage\":{\"@id\":\"https:\\\/\\\/www.monaco-tribune.com\\\/it\\\/2023\\\/10\\\/coprifuoco-dopo-le-2200-per-i-minorenni-a-monaco\\\/#primaryimage\"},\"image\":{\"@id\":\"https:\\\/\\\/www.monaco-tribune.com\\\/it\\\/2023\\\/10\\\/coprifuoco-dopo-le-2200-per-i-minorenni-a-monaco\\\/#primaryimage\"},\"thumbnailUrl\":\"https:\\\/\\\/www.monaco-tribune.com\\\/wp-content\\\/uploads\\\/2023\\\/10\\\/monaco-nuit.jpg\",\"datePublished\":\"2023-10-31T11:44:33+00:00\",\"dateModified\":\"2023-10-31T11:44:38+00:00\",\"description\":\"Cari lettori, se vi siete posti anche voi questa domanda, abbiamo la risposta. Il dibattito \u00e8 stato lanciato di recente sui social network dal gruppo\",\"breadcrumb\":{\"@id\":\"https:\\\/\\\/www.monaco-tribune.com\\\/it\\\/2023\\\/10\\\/coprifuoco-dopo-le-2200-per-i-minorenni-a-monaco\\\/#breadcrumb\"},\"inLanguage\":\"it-IT\",\"potentialAction\":[{\"@type\":\"ReadAction\",\"target\":[\"https:\\\/\\\/www.monaco-tribune.com\\\/it\\\/2023\\\/10\\\/coprifuoco-dopo-le-2200-per-i-minorenni-a-monaco\\\/\"]}]},{\"@type\":\"ImageObject\",\"inLanguage\":\"it-IT\",\"@id\":\"https:\\\/\\\/www.monaco-tribune.com\\\/it\\\/2023\\\/10\\\/coprifuoco-dopo-le-2200-per-i-minorenni-a-monaco\\\/#primaryimage\",\"url\":\"https:\\\/\\\/www.monaco-tribune.com\\\/wp-content\\\/uploads\\\/2023\\\/10\\\/monaco-nuit.jpg\",\"contentUrl\":\"https:\\\/\\\/www.monaco-tribune.com\\\/wp-content\\\/uploads\\\/2023\\\/10\\\/monaco-nuit.jpg\",\"width\":1144,\"height\":675,\"caption\":\"Nel Principato, non \u00e8 raro che la polizia contatti i genitori di un minore non accompagnato che si trova per strada a tarda ora - \u00a9 Pixabay\"},{\"@type\":\"BreadcrumbList\",\"@id\":\"https:\\\/\\\/www.monaco-tribune.com\\\/it\\\/2023\\\/10\\\/coprifuoco-dopo-le-2200-per-i-minorenni-a-monaco\\\/#breadcrumb\",\"itemListElement\":[{\"@type\":\"ListItem\",\"position\":1,\"name\":\"Accueil\",\"item\":\"https:\\\/\\\/www.monaco-tribune.com\\\/it\\\/\"},{\"@type\":\"ListItem\",\"position\":2,\"name\":\"Coprifuoco dopo le 22:00 per i minorenni a Monaco?\"}]},{\"@type\":\"WebSite\",\"@id\":\"https:\\\/\\\/www.monaco-tribune.com\\\/it\\\/#website\",\"url\":\"https:\\\/\\\/www.monaco-tribune.com\\\/it\\\/\",\"name\":\"Monaco Tribune\",\"description\":\"Monaco : actualit\u00e9s \u00e9conomiques, politiques, culturelles et sportives de Monaco et de la French Riviera.\",\"publisher\":{\"@id\":\"https:\\\/\\\/www.monaco-tribune.com\\\/it\\\/#organization\"},\"potentialAction\":[{\"@type\":\"SearchAction\",\"target\":{\"@type\":\"EntryPoint\",\"urlTemplate\":\"https:\\\/\\\/www.monaco-tribune.com\\\/it\\\/?s={search_term_string}\"},\"query-input\":{\"@type\":\"PropertyValueSpecification\",\"valueRequired\":true,\"valueName\":\"search_term_string\"}}],\"inLanguage\":\"it-IT\"},{\"@type\":\"Organization\",\"@id\":\"https:\\\/\\\/www.monaco-tribune.com\\\/it\\\/#organization\",\"name\":\"Monaco Tribune\",\"url\":\"https:\\\/\\\/www.monaco-tribune.com\\\/it\\\/\",\"logo\":{\"@type\":\"ImageObject\",\"inLanguage\":\"it-IT\",\"@id\":\"https:\\\/\\\/www.monaco-tribune.com\\\/it\\\/#\\\/schema\\\/logo\\\/image\\\/\",\"url\":\"https:\\\/\\\/www.monaco-tribune.com\\\/wp-content\\\/uploads\\\/2022\\\/11\\\/logo-monaco-tribune.png\",\"contentUrl\":\"https:\\\/\\\/www.monaco-tribune.com\\\/wp-content\\\/uploads\\\/2022\\\/11\\\/logo-monaco-tribune.png\",\"width\":1548,\"height\":600,\"caption\":\"Monaco Tribune\"},\"image\":{\"@id\":\"https:\\\/\\\/www.monaco-tribune.com\\\/it\\\/#\\\/schema\\\/logo\\\/image\\\/\"},\"sameAs\":[\"https:\\\/\\\/www.facebook.com\\\/MonacoTribune\",\"https:\\\/\\\/x.com\\\/MonacoTribune\",\"https:\\\/\\\/www.instagram.com\\\/monacotribune\\\/\",\"https:\\\/\\\/www.linkedin.com\\\/company\\\/monaco-tribune\",\"https:\\\/\\\/www.youtube.com\\\/channel\\\/UCHle1MnG6hw1y4lWKijVbMA\"]},{\"@type\":\"Person\",\"@id\":\"https:\\\/\\\/www.monaco-tribune.com\\\/it\\\/#\\\/schema\\\/person\\\/dd3b5770833f791d3f4d808f1aa84499\",\"name\":\"Sarah Incari\",\"image\":{\"@type\":\"ImageObject\",\"inLanguage\":\"it-IT\",\"@id\":\"https:\\\/\\\/secure.gravatar.com\\\/avatar\\\/4ac0b37be892d57107ccdd804e3f2a03bf1e3fca097512136d3603859293cb0e?s=96&d=mm&r=g\",\"url\":\"https:\\\/\\\/secure.gravatar.com\\\/avatar\\\/4ac0b37be892d57107ccdd804e3f2a03bf1e3fca097512136d3603859293cb0e?s=96&d=mm&r=g\",\"contentUrl\":\"https:\\\/\\\/secure.gravatar.com\\\/avatar\\\/4ac0b37be892d57107ccdd804e3f2a03bf1e3fca097512136d3603859293cb0e?s=96&d=mm&r=g\",\"caption\":\"Sarah Incari\"},\"url\":\"https:\\\/\\\/www.monaco-tribune.com\\\/it\\\/author\\\/sarahincari\\\/\"}]}<\/script>\n<!-- \/ Yoast SEO Premium plugin. -->","yoast_head_json":{"title":"Coprifuoco dopo le 22:00 per i minorenni a Monaco?","description":"Cari lettori, se vi siete posti anche voi questa domanda, abbiamo la risposta. Il dibattito \u00e8 stato lanciato di recente sui social network dal gruppo","robots":{"index":"index","follow":"follow","max-snippet":"max-snippet:-1","max-image-preview":"max-image-preview:large","max-video-preview":"max-video-preview:-1"},"canonical":"https:\/\/www.monaco-tribune.com\/it\/2023\/10\/coprifuoco-dopo-le-2200-per-i-minorenni-a-monaco\/","og_locale":"it_IT","og_type":"article","og_title":"Coprifuoco dopo le 22:00 per i minorenni a Monaco? - Monaco Tribune","og_description":"Cari lettori, se vi siete posti anche voi questa domanda, abbiamo la risposta. Il dibattito \u00e8 stato lanciato di recente sui social network dal gruppo","og_url":"https:\/\/www.monaco-tribune.com\/it\/2023\/10\/coprifuoco-dopo-le-2200-per-i-minorenni-a-monaco\/","og_site_name":"Monaco Tribune","article_publisher":"https:\/\/www.facebook.com\/MonacoTribune","article_published_time":"2023-10-31T11:44:33+00:00","article_modified_time":"2023-10-31T11:44:38+00:00","og_image":[{"width":1144,"height":675,"url":"https:\/\/www.monaco-tribune.com\/wp-content\/uploads\/2023\/10\/monaco-nuit.jpg","type":"image\/jpeg"}],"author":"Sarah Incari","twitter_card":"summary_large_image","twitter_creator":"@MonacoTribune","twitter_site":"@MonacoTribune","schema":{"@context":"https:\/\/schema.org","@graph":[{"@type":"NewsArticle","@id":"https:\/\/www.monaco-tribune.com\/it\/2023\/10\/coprifuoco-dopo-le-2200-per-i-minorenni-a-monaco\/#article","isPartOf":{"@id":"https:\/\/www.monaco-tribune.com\/it\/2023\/10\/coprifuoco-dopo-le-2200-per-i-minorenni-a-monaco\/"},"author":{"name":"Sarah Incari","@id":"https:\/\/www.monaco-tribune.com\/it\/#\/schema\/person\/dd3b5770833f791d3f4d808f1aa84499"},"headline":"Coprifuoco dopo le 22:00 per i minorenni a Monaco?","datePublished":"2023-10-31T11:44:33+00:00","dateModified":"2023-10-31T11:44:38+00:00","mainEntityOfPage":{"@id":"https:\/\/www.monaco-tribune.com\/it\/2023\/10\/coprifuoco-dopo-le-2200-per-i-minorenni-a-monaco\/"},"wordCount":339,"publisher":{"@id":"https:\/\/www.monaco-tribune.com\/it\/#organization"},"image":{"@id":"https:\/\/www.monaco-tribune.com\/it\/2023\/10\/coprifuoco-dopo-le-2200-per-i-minorenni-a-monaco\/#primaryimage"},"thumbnailUrl":"https:\/\/www.monaco-tribune.com\/wp-content\/uploads\/2023\/10\/monaco-nuit.jpg","keywords":["Sicurezza"],"articleSection":["La nostra scelta","Notizie","Societ\u00e0"],"inLanguage":"it-IT","copyrightYear":"2023","copyrightHolder":{"@id":"https:\/\/www.monaco-tribune.com\/#organization"}},{"@type":"WebPage","@id":"https:\/\/www.monaco-tribune.com\/it\/2023\/10\/coprifuoco-dopo-le-2200-per-i-minorenni-a-monaco\/","url":"https:\/\/www.monaco-tribune.com\/it\/2023\/10\/coprifuoco-dopo-le-2200-per-i-minorenni-a-monaco\/","name":"Coprifuoco dopo le 22:00 per i minorenni a Monaco?","isPartOf":{"@id":"https:\/\/www.monaco-tribune.com\/it\/#website"},"primaryImageOfPage":{"@id":"https:\/\/www.monaco-tribune.com\/it\/2023\/10\/coprifuoco-dopo-le-2200-per-i-minorenni-a-monaco\/#primaryimage"},"image":{"@id":"https:\/\/www.monaco-tribune.com\/it\/2023\/10\/coprifuoco-dopo-le-2200-per-i-minorenni-a-monaco\/#primaryimage"},"thumbnailUrl":"https:\/\/www.monaco-tribune.com\/wp-content\/uploads\/2023\/10\/monaco-nuit.jpg","datePublished":"2023-10-31T11:44:33+00:00","dateModified":"2023-10-31T11:44:38+00:00","description":"Cari lettori, se vi siete posti anche voi questa domanda, abbiamo la risposta. Il dibattito \u00e8 stato lanciato di recente sui social network dal gruppo","breadcrumb":{"@id":"https:\/\/www.monaco-tribune.com\/it\/2023\/10\/coprifuoco-dopo-le-2200-per-i-minorenni-a-monaco\/#breadcrumb"},"inLanguage":"it-IT","potentialAction":[{"@type":"ReadAction","target":["https:\/\/www.monaco-tribune.com\/it\/2023\/10\/coprifuoco-dopo-le-2200-per-i-minorenni-a-monaco\/"]}]},{"@type":"ImageObject","inLanguage":"it-IT","@id":"https:\/\/www.monaco-tribune.com\/it\/2023\/10\/coprifuoco-dopo-le-2200-per-i-minorenni-a-monaco\/#primaryimage","url":"https:\/\/www.monaco-tribune.com\/wp-content\/uploads\/2023\/10\/monaco-nuit.jpg","contentUrl":"https:\/\/www.monaco-tribune.com\/wp-content\/uploads\/2023\/10\/monaco-nuit.jpg","width":1144,"height":675,"caption":"Nel Principato, non \u00e8 raro che la polizia contatti i genitori di un minore non accompagnato che si trova per strada a tarda ora - \u00a9 Pixabay"},{"@type":"BreadcrumbList","@id":"https:\/\/www.monaco-tribune.com\/it\/2023\/10\/coprifuoco-dopo-le-2200-per-i-minorenni-a-monaco\/#breadcrumb","itemListElement":[{"@type":"ListItem","position":1,"name":"Accueil","item":"https:\/\/www.monaco-tribune.com\/it\/"},{"@type":"ListItem","position":2,"name":"Coprifuoco dopo le 22:00 per i minorenni a Monaco?"}]},{"@type":"WebSite","@id":"https:\/\/www.monaco-tribune.com\/it\/#website","url":"https:\/\/www.monaco-tribune.com\/it\/","name":"Monaco Tribune","description":"Monaco : actualit\u00e9s \u00e9conomiques, politiques, culturelles et sportives de Monaco et de la French Riviera.","publisher":{"@id":"https:\/\/www.monaco-tribune.com\/it\/#organization"},"potentialAction":[{"@type":"SearchAction","target":{"@type":"EntryPoint","urlTemplate":"https:\/\/www.monaco-tribune.com\/it\/?s={search_term_string}"},"query-input":{"@type":"PropertyValueSpecification","valueRequired":true,"valueName":"search_term_string"}}],"inLanguage":"it-IT"},{"@type":"Organization","@id":"https:\/\/www.monaco-tribune.com\/it\/#organization","name":"Monaco Tribune","url":"https:\/\/www.monaco-tribune.com\/it\/","logo":{"@type":"ImageObject","inLanguage":"it-IT","@id":"https:\/\/www.monaco-tribune.com\/it\/#\/schema\/logo\/image\/","url":"https:\/\/www.monaco-tribune.com\/wp-content\/uploads\/2022\/11\/logo-monaco-tribune.png","contentUrl":"https:\/\/www.monaco-tribune.com\/wp-content\/uploads\/2022\/11\/logo-monaco-tribune.png","width":1548,"height":600,"caption":"Monaco Tribune"},"image":{"@id":"https:\/\/www.monaco-tribune.com\/it\/#\/schema\/logo\/image\/"},"sameAs":["https:\/\/www.facebook.com\/MonacoTribune","https:\/\/x.com\/MonacoTribune","https:\/\/www.instagram.com\/monacotribune\/","https:\/\/www.linkedin.com\/company\/monaco-tribune","https:\/\/www.youtube.com\/channel\/UCHle1MnG6hw1y4lWKijVbMA"]},{"@type":"Person","@id":"https:\/\/www.monaco-tribune.com\/it\/#\/schema\/person\/dd3b5770833f791d3f4d808f1aa84499","name":"Sarah Incari","image":{"@type":"ImageObject","inLanguage":"it-IT","@id":"https:\/\/secure.gravatar.com\/avatar\/4ac0b37be892d57107ccdd804e3f2a03bf1e3fca097512136d3603859293cb0e?s=96&d=mm&r=g","url":"https:\/\/secure.gravatar.com\/avatar\/4ac0b37be892d57107ccdd804e3f2a03bf1e3fca097512136d3603859293cb0e?s=96&d=mm&r=g","contentUrl":"https:\/\/secure.gravatar.com\/avatar\/4ac0b37be892d57107ccdd804e3f2a03bf1e3fca097512136d3603859293cb0e?s=96&d=mm&r=g","caption":"Sarah Incari"},"url":"https:\/\/www.monaco-tribune.com\/it\/author\/sarahincari\/"}]}},"_links":{"self":[{"href":"https:\/\/www.monaco-tribune.com\/it\/wp-json\/wp\/v2\/posts\/198905","targetHints":{"allow":["GET"]}}],"collection":[{"href":"https:\/\/www.monaco-tribune.com\/it\/wp-json\/wp\/v2\/posts"}],"about":[{"href":"https:\/\/www.monaco-tribune.com\/it\/wp-json\/wp\/v2\/types\/post"}],"author":[{"embeddable":true,"href":"https:\/\/www.monaco-tribune.com\/it\/wp-json\/wp\/v2\/users\/69"}],"replies":[{"embeddable":true,"href":"https:\/\/www.monaco-tribune.com\/it\/wp-json\/wp\/v2\/comments?post=198905"}],"version-history":[{"count":2,"href":"https:\/\/www.monaco-tribune.com\/it\/wp-json\/wp\/v2\/posts\/198905\/revisions"}],"predecessor-version":[{"id":198908,"href":"https:\/\/www.monaco-tribune.com\/it\/wp-json\/wp\/v2\/posts\/198905\/revisions\/198908"}],"wp:featuredmedia":[{"embeddable":true,"href":"https:\/\/www.monaco-tribune.com\/it\/wp-json\/wp\/v2\/media\/198710"}],"wp:attachment":[{"href":"https:\/\/www.monaco-tribune.com\/it\/wp-json\/wp\/v2\/media?parent=198905"}],"wp:term":[{"taxonomy":"category","embeddable":true,"href":"https:\/\/www.monaco-tribune.com\/it\/wp-json\/wp\/v2\/categories?post=198905"},{"taxonomy":"post_tag","embeddable":true,"href":"https:\/\/www.monaco-tribune.com\/it\/wp-json\/wp\/v2\/tags?post=198905"},{"taxonomy":"sectag","embeddable":true,"href":"https:\/\/www.monaco-tribune.com\/it\/wp-json\/wp\/v2\/post_sectags?post=198905"},{"taxonomy":"format","embeddable":true,"href":"https:\/\/www.monaco-tribune.com\/it\/wp-json\/wp\/v2\/post_format?post=198905"}],"curies":[{"name":"wp","href":"https:\/\/api.w.org\/{rel}","templated":true}]}}