{"id":199079,"date":"2023-11-02T12:37:14","date_gmt":"2023-11-02T10:37:14","guid":{"rendered":"https:\/\/www.monaco-tribune.com\/2023\/11\/sir-stelios-haji-ioannou-la-sua-fondazione-e-la-comunita-ellenica-di-monaco-hanno-raccolto-una-bella-somma-a-sostegno-della-grecia\/"},"modified":"2023-11-02T12:37:40","modified_gmt":"2023-11-02T10:37:40","slug":"sir-stelios-haji-ioannou-la-sua-fondazione-e-la-comunita-ellenica-di-monaco-hanno-raccolto-una-bella-somma-a-sostegno-della-grecia","status":"publish","type":"post","link":"https:\/\/www.monaco-tribune.com\/it\/2023\/11\/sir-stelios-haji-ioannou-la-sua-fondazione-e-la-comunita-ellenica-di-monaco-hanno-raccolto-una-bella-somma-a-sostegno-della-grecia\/","title":{"rendered":"Sir Stelios Haji-Ioannou, la sua Fondazione e la Comunit\u00e0 ellenica di Monaco hanno raccolto una bella somma a sostegno della Grecia"},"content":{"rendered":"\n<p><strong>La Hellenic Initiative \u00e8 una ONG che aiuta la Grecia a crescere.<\/strong><\/p>\n\n<p>Il 12 ottobre, la Stelios Philanthropic Foundation e la Comunit\u00e0 ellenica di Monaco hanno organizzato un ricevimento a Monaco. L&#8217;obiettivo era quello di presentare agli ospiti il lavoro svolto dalla Hellenic Initiative, una ONG creata nel 2009 per fornire aiuti economici e umanitari alla Grecia.<\/p>\n\n<p>L&#8217;ONG ha recentemente reso omaggio a Sir Stelios e alla sua Fondazione in occasione del suo gala annuale a Londra. Il miliardario, residente a Monaco, ha ricevuto un premio per il lavoro svolto dalla Fondazione in Grecia, ovvero aiutare il Paese a combattere la povert\u00e0 attraverso il programma &#8220;Cibo dal cuore&#8221; e fornire sostegno finanziario alle famiglie in lutto dopo gli incendi e l&#8217;incidente ferroviario che hanno causato la morte di oltre 100 persone. Il premio di 25.000 dollari finanzier\u00e0 anche la terza edizione degli Stelios Awards for Young Entrepreneurs, che si terranno in Grecia nel 2024.<\/p>\n\n<p class=\"related\"><a href=\"https:\/\/www.monaco-tribune.com\/it\/2023\/01\/le-origini-la-famiglia-la-fondazione-sir-stelios-si-racconta-in-uninteressante-intervista\/\">L\u2019esordio, la famiglia, la Fondazione\u2026 Sir Stelios si racconta in un\u2019interessante intervista<\/a><\/p>\n\n<p>Durante la serata nel Principato, Sir Stelios e George Stamas, cofondatore e presidente del consiglio di amministrazione della ONG, hanno preso la parola per spiegare le missioni della Hellenic Initiative, che sostiene lo sviluppo economico del Paese e promuove la creazione di posti di lavoro. Dalla fondazione della ONG sono stati raccolti oltre 20,5 milioni di euro, distribuiti a 100 organizzazioni diverse.<\/p>\n\n<p>La presentazione ha chiaramente raggiunto il suo obiettivo, visto che gli ospiti hanno donato 30.000 euro durante la serata. La Sir Stelios Fondation ha voluto raddoppiato la somma e la Hellenic Initiative ha ricevuto ufficialmente 60.000 euro in donazioni.<\/p>\n","protected":false},"excerpt":{"rendered":"<p>La Hellenic Initiative \u00e8 una ONG che aiuta la Grecia a crescere. Il 12 ottobre, la Stelios Philanthropic Foundation e [&hellip;]<\/p>\n","protected":false},"author":60,"featured_media":197020,"comment_status":"closed","ping_status":"closed","sticky":false,"template":"","format":"standard","meta":{"_acf_changed":false,"footnotes":""},"categories":[1739,1738],"tags":[2962],"post_sectags":[4533],"post_format":[2478],"class_list":["post-199079","post","type-post","status-publish","format-standard","has-post-thumbnail","hentry","category-business-it","category-notizie","tag-sir-stelios-it","sectag-grecia","format-notizia"],"acf":[],"yoast_head":"<!-- This site is optimized with the Yoast SEO Premium plugin v26.8 (Yoast SEO v27.4) - https:\/\/yoast.com\/product\/yoast-seo-premium-wordpress\/ -->\n<title>Sir Stelios Haji-Ioannou, la sua Fondazione e la Comunit\u00e0 ellenica di Monaco hanno raccolto una bella somma a sostegno della Grecia<\/title>\n<meta name=\"description\" content=\"La Hellenic Initiative \u00e8 una ONG che aiuta la Grecia a crescere. Il 12 ottobre, la Stelios Philanthropic Foundation e la Comunit\u00e0 ellenica di Monaco hanno\" \/>\n<meta name=\"robots\" content=\"index, follow, max-snippet:-1, max-image-preview:large, max-video-preview:-1\" \/>\n<link rel=\"canonical\" href=\"https:\/\/www.monaco-tribune.com\/it\/2023\/11\/sir-stelios-haji-ioannou-la-sua-fondazione-e-la-comunita-ellenica-di-monaco-hanno-raccolto-una-bella-somma-a-sostegno-della-grecia\/\" \/>\n<meta property=\"og:locale\" content=\"it_IT\" \/>\n<meta property=\"og:type\" content=\"article\" \/>\n<meta property=\"og:title\" content=\"Sir Stelios Haji-Ioannou, la sua Fondazione e la Comunit\u00e0 ellenica di Monaco hanno raccolto una bella somma a sostegno della Grecia - Monaco Tribune\" \/>\n<meta property=\"og:description\" content=\"La Hellenic Initiative \u00e8 una ONG che aiuta la Grecia a crescere. Il 12 ottobre, la Stelios Philanthropic Foundation e la Comunit\u00e0 ellenica di Monaco hanno\" \/>\n<meta property=\"og:url\" content=\"https:\/\/www.monaco-tribune.com\/it\/2023\/11\/sir-stelios-haji-ioannou-la-sua-fondazione-e-la-comunita-ellenica-di-monaco-hanno-raccolto-una-bella-somma-a-sostegno-della-grecia\/\" \/>\n<meta property=\"og:site_name\" content=\"Monaco Tribune\" \/>\n<meta property=\"article:publisher\" content=\"https:\/\/www.facebook.com\/MonacoTribune\" \/>\n<meta property=\"article:published_time\" content=\"2023-11-02T10:37:14+00:00\" \/>\n<meta property=\"article:modified_time\" content=\"2023-11-02T10:37:40+00:00\" \/>\n<meta property=\"og:image\" content=\"https:\/\/www.monaco-tribune.com\/wp-content\/uploads\/2023\/10\/sir-stelios-grece-monaco.jpeg\" \/>\n\t<meta property=\"og:image:width\" content=\"1200\" \/>\n\t<meta property=\"og:image:height\" content=\"800\" \/>\n\t<meta property=\"og:image:type\" content=\"image\/jpeg\" \/>\n<meta name=\"author\" content=\"Camille Esteve\" \/>\n<meta name=\"twitter:card\" content=\"summary_large_image\" \/>\n<meta name=\"twitter:creator\" content=\"@MonacoTribune\" \/>\n<meta name=\"twitter:site\" content=\"@MonacoTribune\" \/>\n<script type=\"application\/ld+json\" class=\"yoast-schema-graph\">{\"@context\":\"https:\\\/\\\/schema.org\",\"@graph\":[{\"@type\":\"NewsArticle\",\"@id\":\"https:\\\/\\\/www.monaco-tribune.com\\\/it\\\/2023\\\/11\\\/sir-stelios-haji-ioannou-la-sua-fondazione-e-la-comunita-ellenica-di-monaco-hanno-raccolto-una-bella-somma-a-sostegno-della-grecia\\\/#article\",\"isPartOf\":{\"@id\":\"https:\\\/\\\/www.monaco-tribune.com\\\/it\\\/2023\\\/11\\\/sir-stelios-haji-ioannou-la-sua-fondazione-e-la-comunita-ellenica-di-monaco-hanno-raccolto-una-bella-somma-a-sostegno-della-grecia\\\/\"},\"author\":{\"name\":\"Camille Esteve\",\"@id\":\"https:\\\/\\\/www.monaco-tribune.com\\\/it\\\/#\\\/schema\\\/person\\\/a855d420fff4d03637641d60b93ac62e\"},\"headline\":\"Sir Stelios Haji-Ioannou, la sua Fondazione e la Comunit\u00e0 ellenica di Monaco hanno raccolto una bella somma a sostegno della Grecia\",\"datePublished\":\"2023-11-02T10:37:14+00:00\",\"dateModified\":\"2023-11-02T10:37:40+00:00\",\"mainEntityOfPage\":{\"@id\":\"https:\\\/\\\/www.monaco-tribune.com\\\/it\\\/2023\\\/11\\\/sir-stelios-haji-ioannou-la-sua-fondazione-e-la-comunita-ellenica-di-monaco-hanno-raccolto-una-bella-somma-a-sostegno-della-grecia\\\/\"},\"wordCount\":283,\"publisher\":{\"@id\":\"https:\\\/\\\/www.monaco-tribune.com\\\/it\\\/#organization\"},\"image\":{\"@id\":\"https:\\\/\\\/www.monaco-tribune.com\\\/it\\\/2023\\\/11\\\/sir-stelios-haji-ioannou-la-sua-fondazione-e-la-comunita-ellenica-di-monaco-hanno-raccolto-una-bella-somma-a-sostegno-della-grecia\\\/#primaryimage\"},\"thumbnailUrl\":\"https:\\\/\\\/www.monaco-tribune.com\\\/wp-content\\\/uploads\\\/2023\\\/10\\\/sir-stelios-grece-monaco.jpeg\",\"keywords\":[\"Sir Stelios\"],\"articleSection\":[\"Business\",\"Notizie\"],\"inLanguage\":\"it-IT\",\"copyrightYear\":\"2023\",\"copyrightHolder\":{\"@id\":\"https:\\\/\\\/www.monaco-tribune.com\\\/#organization\"}},{\"@type\":\"WebPage\",\"@id\":\"https:\\\/\\\/www.monaco-tribune.com\\\/it\\\/2023\\\/11\\\/sir-stelios-haji-ioannou-la-sua-fondazione-e-la-comunita-ellenica-di-monaco-hanno-raccolto-una-bella-somma-a-sostegno-della-grecia\\\/\",\"url\":\"https:\\\/\\\/www.monaco-tribune.com\\\/it\\\/2023\\\/11\\\/sir-stelios-haji-ioannou-la-sua-fondazione-e-la-comunita-ellenica-di-monaco-hanno-raccolto-una-bella-somma-a-sostegno-della-grecia\\\/\",\"name\":\"Sir Stelios Haji-Ioannou, la sua Fondazione e la Comunit\u00e0 ellenica di Monaco hanno raccolto una bella somma a sostegno della Grecia\",\"isPartOf\":{\"@id\":\"https:\\\/\\\/www.monaco-tribune.com\\\/it\\\/#website\"},\"primaryImageOfPage\":{\"@id\":\"https:\\\/\\\/www.monaco-tribune.com\\\/it\\\/2023\\\/11\\\/sir-stelios-haji-ioannou-la-sua-fondazione-e-la-comunita-ellenica-di-monaco-hanno-raccolto-una-bella-somma-a-sostegno-della-grecia\\\/#primaryimage\"},\"image\":{\"@id\":\"https:\\\/\\\/www.monaco-tribune.com\\\/it\\\/2023\\\/11\\\/sir-stelios-haji-ioannou-la-sua-fondazione-e-la-comunita-ellenica-di-monaco-hanno-raccolto-una-bella-somma-a-sostegno-della-grecia\\\/#primaryimage\"},\"thumbnailUrl\":\"https:\\\/\\\/www.monaco-tribune.com\\\/wp-content\\\/uploads\\\/2023\\\/10\\\/sir-stelios-grece-monaco.jpeg\",\"datePublished\":\"2023-11-02T10:37:14+00:00\",\"dateModified\":\"2023-11-02T10:37:40+00:00\",\"description\":\"La Hellenic Initiative \u00e8 una ONG che aiuta la Grecia a crescere. Il 12 ottobre, la Stelios Philanthropic Foundation e la Comunit\u00e0 ellenica di Monaco hanno\",\"breadcrumb\":{\"@id\":\"https:\\\/\\\/www.monaco-tribune.com\\\/it\\\/2023\\\/11\\\/sir-stelios-haji-ioannou-la-sua-fondazione-e-la-comunita-ellenica-di-monaco-hanno-raccolto-una-bella-somma-a-sostegno-della-grecia\\\/#breadcrumb\"},\"inLanguage\":\"it-IT\",\"potentialAction\":[{\"@type\":\"ReadAction\",\"target\":[\"https:\\\/\\\/www.monaco-tribune.com\\\/it\\\/2023\\\/11\\\/sir-stelios-haji-ioannou-la-sua-fondazione-e-la-comunita-ellenica-di-monaco-hanno-raccolto-una-bella-somma-a-sostegno-della-grecia\\\/\"]}]},{\"@type\":\"ImageObject\",\"inLanguage\":\"it-IT\",\"@id\":\"https:\\\/\\\/www.monaco-tribune.com\\\/it\\\/2023\\\/11\\\/sir-stelios-haji-ioannou-la-sua-fondazione-e-la-comunita-ellenica-di-monaco-hanno-raccolto-una-bella-somma-a-sostegno-della-grecia\\\/#primaryimage\",\"url\":\"https:\\\/\\\/www.monaco-tribune.com\\\/wp-content\\\/uploads\\\/2023\\\/10\\\/sir-stelios-grece-monaco.jpeg\",\"contentUrl\":\"https:\\\/\\\/www.monaco-tribune.com\\\/wp-content\\\/uploads\\\/2023\\\/10\\\/sir-stelios-grece-monaco.jpeg\",\"width\":1200,\"height\":800,\"caption\":\"Sir Stelios Haji-Ioannou, la sua Fondazione e la Comunit\u00e0 ellenica di Monaco hanno sostenuto la ONG Hellenic Initiative durante un ricevimento - \u00a9 Stelios Philanthropic Foundation\"},{\"@type\":\"BreadcrumbList\",\"@id\":\"https:\\\/\\\/www.monaco-tribune.com\\\/it\\\/2023\\\/11\\\/sir-stelios-haji-ioannou-la-sua-fondazione-e-la-comunita-ellenica-di-monaco-hanno-raccolto-una-bella-somma-a-sostegno-della-grecia\\\/#breadcrumb\",\"itemListElement\":[{\"@type\":\"ListItem\",\"position\":1,\"name\":\"Accueil\",\"item\":\"https:\\\/\\\/www.monaco-tribune.com\\\/it\\\/\"},{\"@type\":\"ListItem\",\"position\":2,\"name\":\"Sir Stelios Haji-Ioannou, la sua Fondazione e la Comunit\u00e0 ellenica di Monaco hanno raccolto una bella somma a sostegno della Grecia\"}]},{\"@type\":\"WebSite\",\"@id\":\"https:\\\/\\\/www.monaco-tribune.com\\\/it\\\/#website\",\"url\":\"https:\\\/\\\/www.monaco-tribune.com\\\/it\\\/\",\"name\":\"Monaco Tribune\",\"description\":\"Monaco : actualit\u00e9s \u00e9conomiques, politiques, culturelles et sportives de Monaco et de la French Riviera.\",\"publisher\":{\"@id\":\"https:\\\/\\\/www.monaco-tribune.com\\\/it\\\/#organization\"},\"potentialAction\":[{\"@type\":\"SearchAction\",\"target\":{\"@type\":\"EntryPoint\",\"urlTemplate\":\"https:\\\/\\\/www.monaco-tribune.com\\\/it\\\/?s={search_term_string}\"},\"query-input\":{\"@type\":\"PropertyValueSpecification\",\"valueRequired\":true,\"valueName\":\"search_term_string\"}}],\"inLanguage\":\"it-IT\"},{\"@type\":\"Organization\",\"@id\":\"https:\\\/\\\/www.monaco-tribune.com\\\/it\\\/#organization\",\"name\":\"Monaco Tribune\",\"url\":\"https:\\\/\\\/www.monaco-tribune.com\\\/it\\\/\",\"logo\":{\"@type\":\"ImageObject\",\"inLanguage\":\"it-IT\",\"@id\":\"https:\\\/\\\/www.monaco-tribune.com\\\/it\\\/#\\\/schema\\\/logo\\\/image\\\/\",\"url\":\"https:\\\/\\\/www.monaco-tribune.com\\\/wp-content\\\/uploads\\\/2022\\\/11\\\/logo-monaco-tribune.png\",\"contentUrl\":\"https:\\\/\\\/www.monaco-tribune.com\\\/wp-content\\\/uploads\\\/2022\\\/11\\\/logo-monaco-tribune.png\",\"width\":1548,\"height\":600,\"caption\":\"Monaco Tribune\"},\"image\":{\"@id\":\"https:\\\/\\\/www.monaco-tribune.com\\\/it\\\/#\\\/schema\\\/logo\\\/image\\\/\"},\"sameAs\":[\"https:\\\/\\\/www.facebook.com\\\/MonacoTribune\",\"https:\\\/\\\/x.com\\\/MonacoTribune\",\"https:\\\/\\\/www.instagram.com\\\/monacotribune\\\/\",\"https:\\\/\\\/www.linkedin.com\\\/company\\\/monaco-tribune\",\"https:\\\/\\\/www.youtube.com\\\/channel\\\/UCHle1MnG6hw1y4lWKijVbMA\"]},{\"@type\":\"Person\",\"@id\":\"https:\\\/\\\/www.monaco-tribune.com\\\/it\\\/#\\\/schema\\\/person\\\/a855d420fff4d03637641d60b93ac62e\",\"name\":\"Camille Esteve\",\"image\":{\"@type\":\"ImageObject\",\"inLanguage\":\"it-IT\",\"@id\":\"https:\\\/\\\/secure.gravatar.com\\\/avatar\\\/eaaa2355a7bb56c0018a391c20a55bf9b4690e3f493231dd850e612bfa6ce161?s=96&d=mm&r=g\",\"url\":\"https:\\\/\\\/secure.gravatar.com\\\/avatar\\\/eaaa2355a7bb56c0018a391c20a55bf9b4690e3f493231dd850e612bfa6ce161?s=96&d=mm&r=g\",\"contentUrl\":\"https:\\\/\\\/secure.gravatar.com\\\/avatar\\\/eaaa2355a7bb56c0018a391c20a55bf9b4690e3f493231dd850e612bfa6ce161?s=96&d=mm&r=g\",\"caption\":\"Camille Esteve\"},\"url\":\"https:\\\/\\\/www.monaco-tribune.com\\\/it\\\/author\\\/camilleesteve\\\/\"}]}<\/script>\n<!-- \/ Yoast SEO Premium plugin. -->","yoast_head_json":{"title":"Sir Stelios Haji-Ioannou, la sua Fondazione e la Comunit\u00e0 ellenica di Monaco hanno raccolto una bella somma a sostegno della Grecia","description":"La Hellenic Initiative \u00e8 una ONG che aiuta la Grecia a crescere. Il 12 ottobre, la Stelios Philanthropic Foundation e la Comunit\u00e0 ellenica di Monaco hanno","robots":{"index":"index","follow":"follow","max-snippet":"max-snippet:-1","max-image-preview":"max-image-preview:large","max-video-preview":"max-video-preview:-1"},"canonical":"https:\/\/www.monaco-tribune.com\/it\/2023\/11\/sir-stelios-haji-ioannou-la-sua-fondazione-e-la-comunita-ellenica-di-monaco-hanno-raccolto-una-bella-somma-a-sostegno-della-grecia\/","og_locale":"it_IT","og_type":"article","og_title":"Sir Stelios Haji-Ioannou, la sua Fondazione e la Comunit\u00e0 ellenica di Monaco hanno raccolto una bella somma a sostegno della Grecia - Monaco Tribune","og_description":"La Hellenic Initiative \u00e8 una ONG che aiuta la Grecia a crescere. Il 12 ottobre, la Stelios Philanthropic Foundation e la Comunit\u00e0 ellenica di Monaco hanno","og_url":"https:\/\/www.monaco-tribune.com\/it\/2023\/11\/sir-stelios-haji-ioannou-la-sua-fondazione-e-la-comunita-ellenica-di-monaco-hanno-raccolto-una-bella-somma-a-sostegno-della-grecia\/","og_site_name":"Monaco Tribune","article_publisher":"https:\/\/www.facebook.com\/MonacoTribune","article_published_time":"2023-11-02T10:37:14+00:00","article_modified_time":"2023-11-02T10:37:40+00:00","og_image":[{"width":1200,"height":800,"url":"https:\/\/www.monaco-tribune.com\/wp-content\/uploads\/2023\/10\/sir-stelios-grece-monaco.jpeg","type":"image\/jpeg"}],"author":"Camille Esteve","twitter_card":"summary_large_image","twitter_creator":"@MonacoTribune","twitter_site":"@MonacoTribune","schema":{"@context":"https:\/\/schema.org","@graph":[{"@type":"NewsArticle","@id":"https:\/\/www.monaco-tribune.com\/it\/2023\/11\/sir-stelios-haji-ioannou-la-sua-fondazione-e-la-comunita-ellenica-di-monaco-hanno-raccolto-una-bella-somma-a-sostegno-della-grecia\/#article","isPartOf":{"@id":"https:\/\/www.monaco-tribune.com\/it\/2023\/11\/sir-stelios-haji-ioannou-la-sua-fondazione-e-la-comunita-ellenica-di-monaco-hanno-raccolto-una-bella-somma-a-sostegno-della-grecia\/"},"author":{"name":"Camille Esteve","@id":"https:\/\/www.monaco-tribune.com\/it\/#\/schema\/person\/a855d420fff4d03637641d60b93ac62e"},"headline":"Sir Stelios Haji-Ioannou, la sua Fondazione e la Comunit\u00e0 ellenica di Monaco hanno raccolto una bella somma a sostegno della Grecia","datePublished":"2023-11-02T10:37:14+00:00","dateModified":"2023-11-02T10:37:40+00:00","mainEntityOfPage":{"@id":"https:\/\/www.monaco-tribune.com\/it\/2023\/11\/sir-stelios-haji-ioannou-la-sua-fondazione-e-la-comunita-ellenica-di-monaco-hanno-raccolto-una-bella-somma-a-sostegno-della-grecia\/"},"wordCount":283,"publisher":{"@id":"https:\/\/www.monaco-tribune.com\/it\/#organization"},"image":{"@id":"https:\/\/www.monaco-tribune.com\/it\/2023\/11\/sir-stelios-haji-ioannou-la-sua-fondazione-e-la-comunita-ellenica-di-monaco-hanno-raccolto-una-bella-somma-a-sostegno-della-grecia\/#primaryimage"},"thumbnailUrl":"https:\/\/www.monaco-tribune.com\/wp-content\/uploads\/2023\/10\/sir-stelios-grece-monaco.jpeg","keywords":["Sir Stelios"],"articleSection":["Business","Notizie"],"inLanguage":"it-IT","copyrightYear":"2023","copyrightHolder":{"@id":"https:\/\/www.monaco-tribune.com\/#organization"}},{"@type":"WebPage","@id":"https:\/\/www.monaco-tribune.com\/it\/2023\/11\/sir-stelios-haji-ioannou-la-sua-fondazione-e-la-comunita-ellenica-di-monaco-hanno-raccolto-una-bella-somma-a-sostegno-della-grecia\/","url":"https:\/\/www.monaco-tribune.com\/it\/2023\/11\/sir-stelios-haji-ioannou-la-sua-fondazione-e-la-comunita-ellenica-di-monaco-hanno-raccolto-una-bella-somma-a-sostegno-della-grecia\/","name":"Sir Stelios Haji-Ioannou, la sua Fondazione e la Comunit\u00e0 ellenica di Monaco hanno raccolto una bella somma a sostegno della Grecia","isPartOf":{"@id":"https:\/\/www.monaco-tribune.com\/it\/#website"},"primaryImageOfPage":{"@id":"https:\/\/www.monaco-tribune.com\/it\/2023\/11\/sir-stelios-haji-ioannou-la-sua-fondazione-e-la-comunita-ellenica-di-monaco-hanno-raccolto-una-bella-somma-a-sostegno-della-grecia\/#primaryimage"},"image":{"@id":"https:\/\/www.monaco-tribune.com\/it\/2023\/11\/sir-stelios-haji-ioannou-la-sua-fondazione-e-la-comunita-ellenica-di-monaco-hanno-raccolto-una-bella-somma-a-sostegno-della-grecia\/#primaryimage"},"thumbnailUrl":"https:\/\/www.monaco-tribune.com\/wp-content\/uploads\/2023\/10\/sir-stelios-grece-monaco.jpeg","datePublished":"2023-11-02T10:37:14+00:00","dateModified":"2023-11-02T10:37:40+00:00","description":"La Hellenic Initiative \u00e8 una ONG che aiuta la Grecia a crescere. Il 12 ottobre, la Stelios Philanthropic Foundation e la Comunit\u00e0 ellenica di Monaco hanno","breadcrumb":{"@id":"https:\/\/www.monaco-tribune.com\/it\/2023\/11\/sir-stelios-haji-ioannou-la-sua-fondazione-e-la-comunita-ellenica-di-monaco-hanno-raccolto-una-bella-somma-a-sostegno-della-grecia\/#breadcrumb"},"inLanguage":"it-IT","potentialAction":[{"@type":"ReadAction","target":["https:\/\/www.monaco-tribune.com\/it\/2023\/11\/sir-stelios-haji-ioannou-la-sua-fondazione-e-la-comunita-ellenica-di-monaco-hanno-raccolto-una-bella-somma-a-sostegno-della-grecia\/"]}]},{"@type":"ImageObject","inLanguage":"it-IT","@id":"https:\/\/www.monaco-tribune.com\/it\/2023\/11\/sir-stelios-haji-ioannou-la-sua-fondazione-e-la-comunita-ellenica-di-monaco-hanno-raccolto-una-bella-somma-a-sostegno-della-grecia\/#primaryimage","url":"https:\/\/www.monaco-tribune.com\/wp-content\/uploads\/2023\/10\/sir-stelios-grece-monaco.jpeg","contentUrl":"https:\/\/www.monaco-tribune.com\/wp-content\/uploads\/2023\/10\/sir-stelios-grece-monaco.jpeg","width":1200,"height":800,"caption":"Sir Stelios Haji-Ioannou, la sua Fondazione e la Comunit\u00e0 ellenica di Monaco hanno sostenuto la ONG Hellenic Initiative durante un ricevimento - \u00a9 Stelios Philanthropic Foundation"},{"@type":"BreadcrumbList","@id":"https:\/\/www.monaco-tribune.com\/it\/2023\/11\/sir-stelios-haji-ioannou-la-sua-fondazione-e-la-comunita-ellenica-di-monaco-hanno-raccolto-una-bella-somma-a-sostegno-della-grecia\/#breadcrumb","itemListElement":[{"@type":"ListItem","position":1,"name":"Accueil","item":"https:\/\/www.monaco-tribune.com\/it\/"},{"@type":"ListItem","position":2,"name":"Sir Stelios Haji-Ioannou, la sua Fondazione e la Comunit\u00e0 ellenica di Monaco hanno raccolto una bella somma a sostegno della Grecia"}]},{"@type":"WebSite","@id":"https:\/\/www.monaco-tribune.com\/it\/#website","url":"https:\/\/www.monaco-tribune.com\/it\/","name":"Monaco Tribune","description":"Monaco : actualit\u00e9s \u00e9conomiques, politiques, culturelles et sportives de Monaco et de la French Riviera.","publisher":{"@id":"https:\/\/www.monaco-tribune.com\/it\/#organization"},"potentialAction":[{"@type":"SearchAction","target":{"@type":"EntryPoint","urlTemplate":"https:\/\/www.monaco-tribune.com\/it\/?s={search_term_string}"},"query-input":{"@type":"PropertyValueSpecification","valueRequired":true,"valueName":"search_term_string"}}],"inLanguage":"it-IT"},{"@type":"Organization","@id":"https:\/\/www.monaco-tribune.com\/it\/#organization","name":"Monaco Tribune","url":"https:\/\/www.monaco-tribune.com\/it\/","logo":{"@type":"ImageObject","inLanguage":"it-IT","@id":"https:\/\/www.monaco-tribune.com\/it\/#\/schema\/logo\/image\/","url":"https:\/\/www.monaco-tribune.com\/wp-content\/uploads\/2022\/11\/logo-monaco-tribune.png","contentUrl":"https:\/\/www.monaco-tribune.com\/wp-content\/uploads\/2022\/11\/logo-monaco-tribune.png","width":1548,"height":600,"caption":"Monaco Tribune"},"image":{"@id":"https:\/\/www.monaco-tribune.com\/it\/#\/schema\/logo\/image\/"},"sameAs":["https:\/\/www.facebook.com\/MonacoTribune","https:\/\/x.com\/MonacoTribune","https:\/\/www.instagram.com\/monacotribune\/","https:\/\/www.linkedin.com\/company\/monaco-tribune","https:\/\/www.youtube.com\/channel\/UCHle1MnG6hw1y4lWKijVbMA"]},{"@type":"Person","@id":"https:\/\/www.monaco-tribune.com\/it\/#\/schema\/person\/a855d420fff4d03637641d60b93ac62e","name":"Camille Esteve","image":{"@type":"ImageObject","inLanguage":"it-IT","@id":"https:\/\/secure.gravatar.com\/avatar\/eaaa2355a7bb56c0018a391c20a55bf9b4690e3f493231dd850e612bfa6ce161?s=96&d=mm&r=g","url":"https:\/\/secure.gravatar.com\/avatar\/eaaa2355a7bb56c0018a391c20a55bf9b4690e3f493231dd850e612bfa6ce161?s=96&d=mm&r=g","contentUrl":"https:\/\/secure.gravatar.com\/avatar\/eaaa2355a7bb56c0018a391c20a55bf9b4690e3f493231dd850e612bfa6ce161?s=96&d=mm&r=g","caption":"Camille Esteve"},"url":"https:\/\/www.monaco-tribune.com\/it\/author\/camilleesteve\/"}]}},"_links":{"self":[{"href":"https:\/\/www.monaco-tribune.com\/it\/wp-json\/wp\/v2\/posts\/199079","targetHints":{"allow":["GET"]}}],"collection":[{"href":"https:\/\/www.monaco-tribune.com\/it\/wp-json\/wp\/v2\/posts"}],"about":[{"href":"https:\/\/www.monaco-tribune.com\/it\/wp-json\/wp\/v2\/types\/post"}],"author":[{"embeddable":true,"href":"https:\/\/www.monaco-tribune.com\/it\/wp-json\/wp\/v2\/users\/60"}],"replies":[{"embeddable":true,"href":"https:\/\/www.monaco-tribune.com\/it\/wp-json\/wp\/v2\/comments?post=199079"}],"version-history":[{"count":2,"href":"https:\/\/www.monaco-tribune.com\/it\/wp-json\/wp\/v2\/posts\/199079\/revisions"}],"predecessor-version":[{"id":199084,"href":"https:\/\/www.monaco-tribune.com\/it\/wp-json\/wp\/v2\/posts\/199079\/revisions\/199084"}],"wp:featuredmedia":[{"embeddable":true,"href":"https:\/\/www.monaco-tribune.com\/it\/wp-json\/wp\/v2\/media\/197020"}],"wp:attachment":[{"href":"https:\/\/www.monaco-tribune.com\/it\/wp-json\/wp\/v2\/media?parent=199079"}],"wp:term":[{"taxonomy":"category","embeddable":true,"href":"https:\/\/www.monaco-tribune.com\/it\/wp-json\/wp\/v2\/categories?post=199079"},{"taxonomy":"post_tag","embeddable":true,"href":"https:\/\/www.monaco-tribune.com\/it\/wp-json\/wp\/v2\/tags?post=199079"},{"taxonomy":"sectag","embeddable":true,"href":"https:\/\/www.monaco-tribune.com\/it\/wp-json\/wp\/v2\/post_sectags?post=199079"},{"taxonomy":"format","embeddable":true,"href":"https:\/\/www.monaco-tribune.com\/it\/wp-json\/wp\/v2\/post_format?post=199079"}],"curies":[{"name":"wp","href":"https:\/\/api.w.org\/{rel}","templated":true}]}}