{"id":199805,"date":"2023-11-07T17:40:33","date_gmt":"2023-11-07T15:40:33","guid":{"rendered":"https:\/\/www.monaco-tribune.com\/2023\/11\/johanna-houdrouge-si-puo-gestire-tutto-vita-privata-e-vita-professionale-e-una-questione-di-organizzazione\/"},"modified":"2023-11-07T18:14:27","modified_gmt":"2023-11-07T16:14:27","slug":"johanna-houdrouge-si-puo-gestire-tutto-vita-privata-e-vita-professionale-e-una-questione-di-organizzazione","status":"publish","type":"post","link":"https:\/\/www.monaco-tribune.com\/it\/2023\/11\/johanna-houdrouge-si-puo-gestire-tutto-vita-privata-e-vita-professionale-e-una-questione-di-organizzazione\/","title":{"rendered":"Johanna Houdrouge: &#8220;Si pu\u00f2 gestire tutto, vita privata e vita professionale, \u00e8 una questione di organizzazione&#8221;."},"content":{"rendered":"\n<p><strong>Vicepresidentessa di Mercure International, presidentessa dell&#8217;Association Mon\u00e9gasque des Femmes Chefs d&#8217;Entreprises e madre di tre figli, Johanna Houdrouge desidera incoraggiare tutte le donne a diventare imprenditrici<\/strong>.<\/p>\n\n\n\n<p>&#8220;Con il terzo figlio maschio in arrivo e un padre e un fratello alla guida dell&#8217;azienda al mio fianco, vivo ogni giorno la natura complementare di uomini e donne!&#8221;. Cos\u00ec Johanna Houdrouge, vicepresidentessa di Mercure International, si descrive con ironia. Con sede a Monaco dal 1986, Mercure International \u00e8 specializzata nella realizzazione e gestione di centri commerciali in Africa occidentale e centrale.<\/p>\n\n\n\n<p>Avvocato di formazione, Johanna Houdrouge non aveva inizialmente previsto di entrare nell&#8217;azienda di famiglia: &#8220;Ho studiato legge a Parigi e ho esercitato la professione di avvocato per circa dieci anni. (&#8230;) Ho sempre sognato di fare l&#8217;avvocato e di indossare la toga. Ho realizzato il mio sogno: ho difeso in un processo. Ed \u00e8 proprio quello che mi piace fare, difendere. Poi, per forza di cose, visto che avevamo l&#8217;azienda di famiglia, era importante che me ne occupassi. Non potevo fare entrambe le cose contemporaneamente, cos\u00ec ho deciso di abbandonare la toga, non senza rimpianti, per dedicarmi alla gestione legale dell&#8217;azienda&#8221;.<\/p>\n\n\n<div class=\"wp-block-image\">\n<figure class=\"aligncenter size-large\"><img loading=\"lazy\" decoding=\"async\" width=\"594\" height=\"1024\" src=\"https:\/\/www.monaco-tribune.com\/wp-content\/uploads\/2023\/10\/johanna-houdrouge-avocate-594x1024.jpg\" alt=\"johanna-houdrouge-avocate\" class=\"wp-image-199597\" srcset=\"https:\/\/www.monaco-tribune.com\/wp-content\/uploads\/2023\/10\/johanna-houdrouge-avocate-594x1024.jpg 594w, https:\/\/www.monaco-tribune.com\/wp-content\/uploads\/2023\/10\/johanna-houdrouge-avocate-174x300.jpg 174w, https:\/\/www.monaco-tribune.com\/wp-content\/uploads\/2023\/10\/johanna-houdrouge-avocate.jpg 1200w\" sizes=\"auto, (max-width: 594px) 100vw, 594px\" \/><figcaption class=\"wp-element-caption\"><em>Avvocato di formazione, Johanna Houdrouge ha prestato giuramento come avvocato nel 2008 &#8211; DR<\/em><\/figcaption><\/figure>\n<\/div>\n\n\n<p class=\"related\"><a href=\"https:\/\/www.monaco-tribune.com\/it\/2022\/01\/winny-monaco-ideatrice-della-winnynaise-e-star-del-piccolo-schermo\/\">Winny Monaco, ideatrice della Winnynaise e star del piccolo schermo<\/a><\/p>\n\n\n\n<h2 class=\"wp-block-heading\" id=\"h-una-donna-impegnata-sul-campo\">Una donna impegnata sul campo<\/h2>\n\n\n\n<p>Specializzata in diritto commerciale africano e originaria del Senegal, si occupa di tutti gli aspetti legali dell&#8217;azienda, lavorando a fianco di importanti marchi come Super U, Casino, L&#8217;Occitane en Provence, Hugo Boss, Nespresso e FNAC. &#8220;L&#8217;obiettivo \u00e8 fornire al continente africano centri commerciali con rivenditori internazionali a misura d&#8217;uomo. Siamo particolarmente orgogliosi di aver ottenuto il franchising di FNAC, perch\u00e9 ora \u00e8 il primo negozio di elettronica di standard europeo in Africa&#8221;, spiega.<\/p>\n\n\n\n<p>\u00c8 un lavoro impegnativo, che a volte richiede viaggi nei 17 Paesi in cui Mercure International opera, tra cui Senegal, Camerun, Costa d&#8217;Avorio, Gabon, Marocco, Tunisia, Algeria e Congo Brazzaville.<\/p>\n\n\n\n<figure class=\"wp-block-gallery has-nested-images columns-1 is-cropped wp-block-gallery-1 is-layout-flex wp-block-gallery-is-layout-flex\">\n<figure class=\"wp-block-image size-large\"><img loading=\"lazy\" decoding=\"async\" width=\"1024\" height=\"763\" data-id=\"199593\" src=\"https:\/\/www.monaco-tribune.com\/wp-content\/uploads\/2023\/10\/centre-commercial-sahm-senegal-1024x763.jpg\" alt=\"centre-commercial-sahm-senegal\" class=\"wp-image-199593\" srcset=\"https:\/\/www.monaco-tribune.com\/wp-content\/uploads\/2023\/10\/centre-commercial-sahm-senegal-1024x763.jpg 1024w, https:\/\/www.monaco-tribune.com\/wp-content\/uploads\/2023\/10\/centre-commercial-sahm-senegal-403x300.jpg 403w, https:\/\/www.monaco-tribune.com\/wp-content\/uploads\/2023\/10\/centre-commercial-sahm-senegal.jpg 1200w\" sizes=\"auto, (max-width: 1024px) 100vw, 1024px\" \/><figcaption class=\"wp-element-caption\"><em>Il centro commerciale Sahm di Dakar, in Senegal, con il nuovo negozio Super U, inaugurato il mese scorso &#8211; DR<\/em><\/figcaption><\/figure>\n\n\n\n<figure class=\"wp-block-image size-large\"><img loading=\"lazy\" decoding=\"async\" width=\"768\" height=\"1024\" data-id=\"199589\" src=\"https:\/\/www.monaco-tribune.com\/wp-content\/uploads\/2023\/10\/centre-commercial-grand-fleuve-congo-brazzaville-768x1024.jpg\" alt=\"centre-commercial-grand-fleuve-congo-brazzaville\" class=\"wp-image-199589\" srcset=\"https:\/\/www.monaco-tribune.com\/wp-content\/uploads\/2023\/10\/centre-commercial-grand-fleuve-congo-brazzaville-768x1024.jpg 768w, https:\/\/www.monaco-tribune.com\/wp-content\/uploads\/2023\/10\/centre-commercial-grand-fleuve-congo-brazzaville-225x300.jpg 225w, https:\/\/www.monaco-tribune.com\/wp-content\/uploads\/2023\/10\/centre-commercial-grand-fleuve-congo-brazzaville.jpg 1200w\" sizes=\"auto, (max-width: 768px) 100vw, 768px\" \/><figcaption class=\"wp-element-caption\"><em>Centro commerciale Grand Fleuve nel Congo Brazzaville &#8211; DR<\/em><\/figcaption><\/figure>\n\n\n\n<figure class=\"wp-block-image size-large\"><img loading=\"lazy\" decoding=\"async\" width=\"1024\" height=\"768\" data-id=\"199601\" src=\"https:\/\/www.monaco-tribune.com\/wp-content\/uploads\/2023\/10\/ouverture-super-u-cameroun-1024x768.jpg\" alt=\"ouverture-super-u-cameroun\" class=\"wp-image-199601\" srcset=\"https:\/\/www.monaco-tribune.com\/wp-content\/uploads\/2023\/10\/ouverture-super-u-cameroun-1024x768.jpg 1024w, https:\/\/www.monaco-tribune.com\/wp-content\/uploads\/2023\/10\/ouverture-super-u-cameroun-400x300.jpg 400w, https:\/\/www.monaco-tribune.com\/wp-content\/uploads\/2023\/10\/ouverture-super-u-cameroun.jpg 1200w\" sizes=\"auto, (max-width: 1024px) 100vw, 1024px\" \/><figcaption class=\"wp-element-caption\"><em>Johanna Houdrouge al cantiere di Super U a Yaound\u00e9, in Camerun, lo scorso febbraio &#8211; DR<\/em><\/figcaption><\/figure>\n\n\n\n<figure class=\"wp-block-image size-large\"><img loading=\"lazy\" decoding=\"async\" width=\"1024\" height=\"722\" data-id=\"199605\" src=\"https:\/\/www.monaco-tribune.com\/wp-content\/uploads\/2023\/10\/super-u-cameroun-1024x722.jpg\" alt=\"super-u-cameroun\" class=\"wp-image-199605\" srcset=\"https:\/\/www.monaco-tribune.com\/wp-content\/uploads\/2023\/10\/super-u-cameroun-1024x722.jpg 1024w, https:\/\/www.monaco-tribune.com\/wp-content\/uploads\/2023\/10\/super-u-cameroun-426x300.jpg 426w, https:\/\/www.monaco-tribune.com\/wp-content\/uploads\/2023\/10\/super-u-cameroun.jpg 1200w\" sizes=\"auto, (max-width: 1024px) 100vw, 1024px\" \/><figcaption class=\"wp-element-caption\"><em>La Super U di Yaound\u00e9 \u00e8 stata inaugurata a maggio 2023 &#8211; DR<\/em><\/figcaption><\/figure>\n<figcaption class=\"blocks-gallery-caption wp-element-caption\"><em>Mercure International lavora in 17 paesi africani &#8211; DR<\/em><\/figcaption><\/figure>\n\n\n\n<p>Johanna Houdrouge ricorda un viaggio in Congo, dove Mercure International ha installato la prima scala mobile del Paese, in un centro commerciale di due piani. &#8220;I clienti avevano molta paura di prendere la scala mobile, quindi \u00e8 diventata un&#8217;esperienza a s\u00e9 stante. Mi ha fatto una grande impressione vedere che ci\u00f2 che diamo per scontato in Europa non lo \u00e8 necessariamente nei loro paesi&#8221;, sorride.<\/p>\n\n\n\n<p>Ma uno dei risultati di cui va pi\u00f9 fiera \u00e8 stata la realizzazione di N&#8217;Kids. Un&#8217;area giochi al coperto dove i genitori possono lasciare i figli mentre fanno la spesa, chiamata cos\u00ec in onore dei suoi due figli, Nael e Nolan: &#8220;Dovete sapere che nel Congo Brazzaville non c&#8217;era uno scivolo all&#8217;aperto. La loro curiosit\u00e0 e la loro gioia mi hanno davvero commosso&#8221;.<\/p>\n\n\n\n<figure class=\"wp-block-gallery has-nested-images columns-1 is-cropped wp-block-gallery-2 is-layout-flex wp-block-gallery-is-layout-flex\">\n<figure class=\"wp-block-image size-large\"><img loading=\"lazy\" decoding=\"async\" width=\"768\" height=\"1024\" data-id=\"197947\" src=\"https:\/\/www.monaco-tribune.com\/wp-content\/uploads\/2023\/10\/johanna-houdrouge-nkids-768x1024.jpg\" alt=\"johanna-houdrouge-nkids\" class=\"wp-image-197947\" srcset=\"https:\/\/www.monaco-tribune.com\/wp-content\/uploads\/2023\/10\/johanna-houdrouge-nkids-768x1024.jpg 768w, https:\/\/www.monaco-tribune.com\/wp-content\/uploads\/2023\/10\/johanna-houdrouge-nkids-225x300.jpg 225w, https:\/\/www.monaco-tribune.com\/wp-content\/uploads\/2023\/10\/johanna-houdrouge-nkids.jpg 1200w\" sizes=\"auto, (max-width: 768px) 100vw, 768px\" \/><\/figure>\n\n\n\n<figure class=\"wp-block-image size-large\"><img loading=\"lazy\" decoding=\"async\" width=\"1024\" height=\"703\" data-id=\"197943\" src=\"https:\/\/www.monaco-tribune.com\/wp-content\/uploads\/2023\/10\/johanna-houdrouge-congo-nkids-1024x703.jpg\" alt=\"johanna-houdrouge-congo-nkids\" class=\"wp-image-197943\" srcset=\"https:\/\/www.monaco-tribune.com\/wp-content\/uploads\/2023\/10\/johanna-houdrouge-congo-nkids-1024x703.jpg 1024w, https:\/\/www.monaco-tribune.com\/wp-content\/uploads\/2023\/10\/johanna-houdrouge-congo-nkids-437x300.jpg 437w, https:\/\/www.monaco-tribune.com\/wp-content\/uploads\/2023\/10\/johanna-houdrouge-congo-nkids.jpg 1200w\" sizes=\"auto, (max-width: 1024px) 100vw, 1024px\" \/><\/figure>\n<figcaption class=\"blocks-gallery-caption wp-element-caption\"><em>Johanna Houdrouge ha creato N&#8217;Kids per permettere ai bambini di giocare in sicurezza mentre i genitori fanno la spesa, come qui nel Congo Brazaville- DR<\/em><\/figcaption><\/figure>\n\n\n\n<p class=\"related\"><a href=\"https:\/\/www.monaco-tribune.com\/it\/2023\/11\/charlotte-casiraghi-nominata-persona-dellanno-di-vanity-fair-per-il-2023\/\">Charlotte Casiraghi nominata Persona dell\u2019anno di Vanity Fair per il 2023<\/a><\/p>\n\n\n\n<h2 class=\"wp-block-heading\" id=\"h-diversi-ruoli-nel-principato\">Diversi ruoli nel Principato<\/h2>\n\n\n\n<p>Tutto questo lavoro sul campo &#8220;\u00e8 una sfida, lo riconosco. Ma \u00e8 anche un&#8217;esperienza molto interessante. E anche se a volte mi manca difendere i clienti in tribunale, mi piace essere un&#8217;imprenditrice.&#8221;<\/p>\n\n\n\n<p>Pi\u00f9 che realizzata, Johanna Houdrouge \u00e8 molto impegnata, non solo con imprenditrice, ma pi\u00f9 in generale nel tessuto economico e sociale monegasco. Nel 2019, ha ricevuto il premio di &#8220;Donna imprenditrice dell&#8217;anno&#8221; al Congresso mondiale delle donne imprenditrici di Lima.<\/p>\n\n\n\n<blockquote class=\"wp-block-quote is-layout-flow wp-block-quote-is-layout-flow\">\n<p><em>Anche se a volte mi manca difendere i clienti in tribunale, mi piace essere un&#8217;imprenditrice<\/em><\/p>\n<\/blockquote>\n\n\n\n<p>Membro del Comitato direttivo del Monaco Economic Board (MEB), Presidentessa del Syndicat Mon\u00e9gasque des \u00c9tablissements de N\u00e9goce International (SNEMI), Vicepresidentessa dell&#8217;associazione Children of Africa e membro fondatore e Vicepresidentessa del CEMA, dal 2020 Johanna Houdrouge \u00e8 anche Presidentessa dell&#8217;Association des Femmes Chefs d&#8217;Entreprises de Monaco (AFCEM).<\/p>\n\n\n\n<p>Eletta per un primo mandato triennale e poi rieletta per un secondo e ultimo mandato nel 2023, Johanna Houdrouge \u00e8, all&#8217;et\u00e0 di 40 anni, la pi\u00f9 giovane Presidentessa nella storia dell&#8217;AFCEM. &#8220;Quando sono entrata a far parte dell&#8217;associazione, all&#8217;et\u00e0 di 25 anni, ero il membro pi\u00f9 giovane. Quando mi sono iscritta, ho incontrato donne che avevano creato le loro imprese e avevano corso dei rischi. Come abbiamo visto con il Covid, i rischi dell&#8217;imprenditoria non sono indifferenti. Questo mi ha fatto venire voglia di impegnarmi ancora di pi\u00f9&#8221;, racconta.<\/p>\n\n\n<div class=\"wp-block-image\">\n<figure class=\"aligncenter size-large is-resized\"><img loading=\"lazy\" decoding=\"async\" width=\"683\" height=\"1024\" src=\"https:\/\/www.monaco-tribune.com\/wp-content\/uploads\/2023\/10\/princesse-charlene-johanna-houdrouge-afcem-683x1024.jpeg\" alt=\"princesse-charlene-johanna-houdrouge-afcem\" class=\"wp-image-198793\" style=\"aspect-ratio:0.6669921875;width:235px;height:auto\" srcset=\"https:\/\/www.monaco-tribune.com\/wp-content\/uploads\/2023\/10\/princesse-charlene-johanna-houdrouge-afcem-683x1024.jpeg 683w, https:\/\/www.monaco-tribune.com\/wp-content\/uploads\/2023\/10\/princesse-charlene-johanna-houdrouge-afcem-200x300.jpeg 200w, https:\/\/www.monaco-tribune.com\/wp-content\/uploads\/2023\/10\/princesse-charlene-johanna-houdrouge-afcem.jpeg 1200w\" sizes=\"auto, (max-width: 683px) 100vw, 683px\" \/><figcaption class=\"wp-element-caption\"><em>La Principessa Charl\u00e8ne ha assistito alla rielezione di Johanna Houdrouge come Presidentessa dell&#8217;AFCEM il 27 giugno &#8211; \u00a9 Alain Duprat<\/em><\/figcaption><\/figure>\n<\/div>\n\n\n<p class=\"related\"><a href=\"https:\/\/www.monaco-tribune.com\/it\/2022\/03\/marie-blanc-la-donna-dietro-alcuni-degli-edifici-piu-belli-di-monaco\/\">Marie Blanc: la donna dietro alcuni degli edifici pi\u00f9 belli di Monaco<\/a><\/p>\n\n\n\n<h2 class=\"wp-block-heading\" id=\"h-promuovere-il-management-femminile-senza-sminuire-quello-maschile\">Promuovere il management femminile senza sminuire quello maschile<\/h2>\n\n\n\n<p>Il suo cavallo di battaglia? Promuovere il management femminile, senza sminuire quello maschile. &#8220;Uomini e donne sono biologicamente diversi&#8221;, afferma. &#8220;Dobbiamo sfruttare queste differenze per trasformarle in un vantaggio sul lavoro. Lo sperimento quotidianamente: lavoro con gli uomini. Riconosco le differenze tra questi due stili di gestione, che sono complementari. Credo che questa complementariet\u00e0 vada a vantaggio di un&#8217;azienda, e anche dell&#8217;economia nel suo complesso. Per questo motivo sostengo anche la parit\u00e0 salariale e le pari opportunit\u00e0 tra uomini e donne sul posto di lavoro.<\/p>\n\n\n\n<p>Con l&#8217;AFCEM, Johanna Houdrouge spera di contribuire all&#8217;ulteriore sviluppo dell&#8217;imprenditoria femminile nel Principato, dove il numero di donne imprenditrici \u00e8 &#8220;in continua crescita&#8221;. Monaco conta, infatti, 60 donne dirigenti d&#8217;azienda, &#8220;il che non \u00e8 poco viste le dimensioni del nostro Paese&#8221;.<\/p>\n\n\n\n<blockquote class=\"wp-block-quote is-layout-flow wp-block-quote-is-layout-flow\">\n<p><em>A Monaco esiste un vero e proprio movimento di imprenditoria femminile e per me \u00e8 molto importante rappresentare tutte queste donne che operano nei campi pi\u00f9 disparati<\/em><\/p>\n<\/blockquote>\n\n\n\n<p>A Monaco esiste un vero e proprio movimento di imprenditoria femminile e per me \u00e8 molto importante rappresentare tutte queste donne che operano nei campi pi\u00f9 disparati: assicurazioni, edilizia, trasporti, alta moda&#8230; Credo sia essenziale riconoscere il lavoro di queste donne che contribuiscono all&#8217;economia monegasca&#8221;, aggiunge.<\/p>\n\n\n\n<p>\u00c8 quindi naturale che da due anni l&#8217;AFCEM promuova l&#8217;imprenditoria femminile tra le giovani generazioni, organizzando per l&#8217;8 marzo Girl Boss, un evento di speed mentoring dedicato alle ragazze del Principato, in collaborazione con SheCanHeCan: &#8220;Per me \u00e8 importante trasmettere questi valori alle ragazze pi\u00f9 giovani. L&#8217;imprenditorialit\u00e0 infonde fiducia in se stessi: bisogna imparare a gestire la propria attivit\u00e0, i propri dipendenti, correre dei rischi&#8230;&#8221;.<\/p>\n\n\n\n<p class=\"related\"><a href=\"https:\/\/www.monaco-tribune.com\/it\/2023\/10\/chi-e-tatiana-casiraghi-moglie-da-10-anni-del-figlio-della-principessa-carolina\/\">Chi \u00e8 Tatiana Casiraghi, moglie da 10 anni del figlio della Principessa Carolina?<\/a><\/p>\n\n\n\n<h2 class=\"wp-block-heading\" id=\"h-le-madri-sono-le-donne-piu-organizzate-sul-lavoro\">Le madri sono le donne pi\u00f9 organizzate sul lavoro<\/h2>\n\n\n\n<p>Un altro progetto di cui Johanna Houdrouge \u00e8 particolarmente orgogliosa \u00e8 la recente collaborazione con Monaco Boost. L&#8217;AFCEM ha accettato di ospitare gratuitamente per un anno alcune imprenditrici presso l&#8217;incubatore di Monaco, per incoraggiare l&#8217;imprenditoria monegasca e promuovere i giovani.<\/p>\n\n\n\n<p>&#8220;Il numero di donne imprenditrici \u00e8 in continuo aumento&#8221;, afferma entusiasta. &#8220;L&#8217;imprenditoria offre una flessibilit\u00e0 che rende pi\u00f9 facille conciliare il lavoro con la vita familiare, anche se questo comporta lavorare di pi\u00f9. (&#8230;) Io sono convinta che si possano avere una carriera e dei figli. Non \u00e8 sempre facile e spesso si ha la sensazione di fare male entrambe le cose, ma \u00e8 solo un&#8217;impressione. Mi batter\u00f2 fino all&#8217;ultimo respiro: si pu\u00f2 essere madri e lavorare sodo. Si pu\u00f2 gestire tutto, vita privata e vita professionale, \u00e8 una questione di organizzazione&#8221;.<\/p>\n\n\n<div class=\"wp-block-image\">\n<figure class=\"aligncenter size-large\"><img loading=\"lazy\" decoding=\"async\" width=\"683\" height=\"1024\" src=\"https:\/\/www.monaco-tribune.com\/wp-content\/uploads\/2023\/10\/johanna-houdrouge-monaco-afcem-683x1024.jpg\" alt=\"johanna-houdrouge-monaco-afcem\" class=\"wp-image-198797\" srcset=\"https:\/\/www.monaco-tribune.com\/wp-content\/uploads\/2023\/10\/johanna-houdrouge-monaco-afcem-683x1024.jpg 683w, https:\/\/www.monaco-tribune.com\/wp-content\/uploads\/2023\/10\/johanna-houdrouge-monaco-afcem-200x300.jpg 200w, https:\/\/www.monaco-tribune.com\/wp-content\/uploads\/2023\/10\/johanna-houdrouge-monaco-afcem.jpg 1200w\" sizes=\"auto, (max-width: 683px) 100vw, 683px\" \/><figcaption class=\"wp-element-caption\"><em>Johanna Houdrouge &#8211; \u00a9 Alain Duprat<\/em><\/figcaption><\/figure>\n<\/div>\n\n\n<blockquote class=\"wp-block-quote is-layout-flow wp-block-quote-is-layout-flow\">\n<p><em>Io sono convinta che si possano avere una carriera e dei figli.<\/em><\/p>\n<\/blockquote>\n\n\n\n<p>E al di l\u00e0 della possibilit\u00e0 di conciliare vita familiare e professionale, Johanna Houdrouge \u00e8 convinta che le donne pi\u00f9 organizzate sul lavoro siano proprio le madri: &#8220;hanno una resistenza allo stress impressionante, una capacit\u00e0 di gestire gli orari, una flessibilit\u00e0&#8230; Sono molto operative. Mi piace passare il tempo con i miei figli, mostrando loro che una donna pu\u00f2 lavorare ed essere madre, e instillando in loro i valori dell&#8217;uguaglianza tra uomini e donne. Ho una battaglia da combattere visto che non ho una figlia, e sono convinta che la visione delle donne debba essere espressa anche dagli uomini&#8221;.<\/p>\n\n\n\n<p class=\"related\"><a href=\"https:\/\/www.monaco-tribune.com\/it\/2023\/07\/da-christina-stuart-paine-a-lady-tina-green-la-storia-di-un-impero\/\">Da Christina Stuart Paine a Lady Tina Green. La storia di un impero<\/a><\/p>\n\n\n\n<p>Tra la carriera nell&#8217;azienda di famiglia, l&#8217;impegno nell&#8217;AFCEM, le varie attivit\u00e0 sociali e, naturalmente, l&#8217;educazione dei figli, Johanna Houdrouge trova anche il tempo per fare sport. Appassionata di corsa e di sport invernali, due anni fa ha persino partecipato a una mezza maratona: &#8220;Lo sport d\u00e0 fiducia in se stessi tanto quanto il lavoro. La crescita personale che deriva dallo sport aiuta a sviluppare una certa resilienza nel mondo del lavoro. Nella vita si pu\u00f2 ottenere tutto, se si ha la volont\u00e0. Bisogna perseverare, non arrendersi mai, e questi sono i valori che si ritrovano nello sport&#8221;.<\/p>\n\n\n\n<p>Circondata da un nuovo team molto coinvolto nei progetti futuri dell&#8217;AFCEM, che l&#8217;anno prossimo festegger\u00e0 il suo ventesimo anniversario e che a novembre parteciper\u00e0 al congresso annuale della rete mondiale delle donne imprenditrici a Parigi, Johanna Houdrouge non pensa per il momento di tornare a vestire i panni dell&#8217;avvocato. &#8220;Non si pu\u00f2 fare tutto&#8221;, conclude. &#8220;Ho dei progetti, di cui ho bisogno, ma riguardano l&#8217;azienda e non pi\u00f9 un&#8217;aula di tribunale. Non si sa mai cosa ci riserva il domani per\u00f2!&#8221;.<\/p>\n","protected":false},"excerpt":{"rendered":"<p>Vicepresidentessa di Mercure International, presidentessa dell&#8217;Association Mon\u00e9gasque des Femmes Chefs d&#8217;Entreprises e madre di tre figli, Johanna Houdrouge desidera incoraggiare [&hellip;]<\/p>\n","protected":false},"author":60,"featured_media":198791,"comment_status":"closed","ping_status":"closed","sticky":false,"template":"","format":"standard","meta":{"_acf_changed":false,"footnotes":""},"categories":[1739,1826,1738],"tags":[4219],"post_sectags":[],"post_format":[2480],"class_list":["post-199805","post","type-post","status-publish","format-standard","has-post-thumbnail","hentry","category-business-it","category-la-nostra-scelta","category-notizie","tag-iniziative","format-profilo"],"acf":[],"yoast_head":"<!-- This site is optimized with the Yoast SEO Premium plugin v26.8 (Yoast SEO v27.4) - https:\/\/yoast.com\/product\/yoast-seo-premium-wordpress\/ -->\n<title>Johanna Houdrouge: &quot;Si pu\u00f2 gestire tutto, vita privata e vita professionale, \u00e8 una questione di organizzazione&quot;.<\/title>\n<meta name=\"description\" content=\"Vicepresidentessa di Mercure International, presidentessa dell&#039;Association Mon\u00e9gasque des Femmes Chefs d&#039;Entreprises e madre di tre figli, Johanna\" \/>\n<meta name=\"robots\" content=\"index, follow, max-snippet:-1, max-image-preview:large, max-video-preview:-1\" \/>\n<link rel=\"canonical\" href=\"https:\/\/www.monaco-tribune.com\/it\/2023\/11\/johanna-houdrouge-si-puo-gestire-tutto-vita-privata-e-vita-professionale-e-una-questione-di-organizzazione\/\" \/>\n<meta property=\"og:locale\" content=\"it_IT\" \/>\n<meta property=\"og:type\" content=\"article\" \/>\n<meta property=\"og:title\" content=\"Johanna Houdrouge: &quot;Si pu\u00f2 gestire tutto, vita privata e vita professionale, \u00e8 una questione di organizzazione&quot;. - Monaco Tribune\" \/>\n<meta property=\"og:description\" content=\"Vicepresidentessa di Mercure International, presidentessa dell&#039;Association Mon\u00e9gasque des Femmes Chefs d&#039;Entreprises e madre di tre figli, Johanna\" \/>\n<meta property=\"og:url\" content=\"https:\/\/www.monaco-tribune.com\/it\/2023\/11\/johanna-houdrouge-si-puo-gestire-tutto-vita-privata-e-vita-professionale-e-una-questione-di-organizzazione\/\" \/>\n<meta property=\"og:site_name\" content=\"Monaco Tribune\" \/>\n<meta property=\"article:publisher\" content=\"https:\/\/www.facebook.com\/MonacoTribune\" \/>\n<meta property=\"article:published_time\" content=\"2023-11-07T15:40:33+00:00\" \/>\n<meta property=\"article:modified_time\" content=\"2023-11-07T16:14:27+00:00\" \/>\n<meta property=\"og:image\" content=\"https:\/\/www.monaco-tribune.com\/wp-content\/uploads\/2023\/10\/johanna-houdrouge-monaco.jpg\" \/>\n\t<meta property=\"og:image:width\" content=\"1200\" \/>\n\t<meta property=\"og:image:height\" content=\"800\" \/>\n\t<meta property=\"og:image:type\" content=\"image\/jpeg\" \/>\n<meta name=\"author\" content=\"Camille Esteve\" \/>\n<meta name=\"twitter:card\" content=\"summary_large_image\" \/>\n<meta name=\"twitter:creator\" content=\"@MonacoTribune\" \/>\n<meta name=\"twitter:site\" content=\"@MonacoTribune\" \/>\n<script type=\"application\/ld+json\" class=\"yoast-schema-graph\">{\"@context\":\"https:\\\/\\\/schema.org\",\"@graph\":[{\"@type\":\"NewsArticle\",\"@id\":\"https:\\\/\\\/www.monaco-tribune.com\\\/it\\\/2023\\\/11\\\/johanna-houdrouge-si-puo-gestire-tutto-vita-privata-e-vita-professionale-e-una-questione-di-organizzazione\\\/#article\",\"isPartOf\":{\"@id\":\"https:\\\/\\\/www.monaco-tribune.com\\\/it\\\/2023\\\/11\\\/johanna-houdrouge-si-puo-gestire-tutto-vita-privata-e-vita-professionale-e-una-questione-di-organizzazione\\\/\"},\"author\":{\"name\":\"Camille Esteve\",\"@id\":\"https:\\\/\\\/www.monaco-tribune.com\\\/it\\\/#\\\/schema\\\/person\\\/a855d420fff4d03637641d60b93ac62e\"},\"headline\":\"Johanna Houdrouge: &#8220;Si pu\u00f2 gestire tutto, vita privata e vita professionale, \u00e8 una questione di organizzazione&#8221;.\",\"datePublished\":\"2023-11-07T15:40:33+00:00\",\"dateModified\":\"2023-11-07T16:14:27+00:00\",\"mainEntityOfPage\":{\"@id\":\"https:\\\/\\\/www.monaco-tribune.com\\\/it\\\/2023\\\/11\\\/johanna-houdrouge-si-puo-gestire-tutto-vita-privata-e-vita-professionale-e-una-questione-di-organizzazione\\\/\"},\"wordCount\":1575,\"publisher\":{\"@id\":\"https:\\\/\\\/www.monaco-tribune.com\\\/it\\\/#organization\"},\"image\":{\"@id\":\"https:\\\/\\\/www.monaco-tribune.com\\\/it\\\/2023\\\/11\\\/johanna-houdrouge-si-puo-gestire-tutto-vita-privata-e-vita-professionale-e-una-questione-di-organizzazione\\\/#primaryimage\"},\"thumbnailUrl\":\"https:\\\/\\\/www.monaco-tribune.com\\\/wp-content\\\/uploads\\\/2023\\\/10\\\/johanna-houdrouge-monaco.jpg\",\"keywords\":[\"Iniziative\"],\"articleSection\":[\"Business\",\"La nostra scelta\",\"Notizie\"],\"inLanguage\":\"it-IT\",\"copyrightYear\":\"2023\",\"copyrightHolder\":{\"@id\":\"https:\\\/\\\/www.monaco-tribune.com\\\/#organization\"}},{\"@type\":\"WebPage\",\"@id\":\"https:\\\/\\\/www.monaco-tribune.com\\\/it\\\/2023\\\/11\\\/johanna-houdrouge-si-puo-gestire-tutto-vita-privata-e-vita-professionale-e-una-questione-di-organizzazione\\\/\",\"url\":\"https:\\\/\\\/www.monaco-tribune.com\\\/it\\\/2023\\\/11\\\/johanna-houdrouge-si-puo-gestire-tutto-vita-privata-e-vita-professionale-e-una-questione-di-organizzazione\\\/\",\"name\":\"Johanna Houdrouge: \\\"Si pu\u00f2 gestire tutto, vita privata e vita professionale, \u00e8 una questione di organizzazione\\\".\",\"isPartOf\":{\"@id\":\"https:\\\/\\\/www.monaco-tribune.com\\\/it\\\/#website\"},\"primaryImageOfPage\":{\"@id\":\"https:\\\/\\\/www.monaco-tribune.com\\\/it\\\/2023\\\/11\\\/johanna-houdrouge-si-puo-gestire-tutto-vita-privata-e-vita-professionale-e-una-questione-di-organizzazione\\\/#primaryimage\"},\"image\":{\"@id\":\"https:\\\/\\\/www.monaco-tribune.com\\\/it\\\/2023\\\/11\\\/johanna-houdrouge-si-puo-gestire-tutto-vita-privata-e-vita-professionale-e-una-questione-di-organizzazione\\\/#primaryimage\"},\"thumbnailUrl\":\"https:\\\/\\\/www.monaco-tribune.com\\\/wp-content\\\/uploads\\\/2023\\\/10\\\/johanna-houdrouge-monaco.jpg\",\"datePublished\":\"2023-11-07T15:40:33+00:00\",\"dateModified\":\"2023-11-07T16:14:27+00:00\",\"description\":\"Vicepresidentessa di Mercure International, presidentessa dell'Association Mon\u00e9gasque des Femmes Chefs d'Entreprises e madre di tre figli, Johanna\",\"breadcrumb\":{\"@id\":\"https:\\\/\\\/www.monaco-tribune.com\\\/it\\\/2023\\\/11\\\/johanna-houdrouge-si-puo-gestire-tutto-vita-privata-e-vita-professionale-e-una-questione-di-organizzazione\\\/#breadcrumb\"},\"inLanguage\":\"it-IT\",\"potentialAction\":[{\"@type\":\"ReadAction\",\"target\":[\"https:\\\/\\\/www.monaco-tribune.com\\\/it\\\/2023\\\/11\\\/johanna-houdrouge-si-puo-gestire-tutto-vita-privata-e-vita-professionale-e-una-questione-di-organizzazione\\\/\"]}]},{\"@type\":\"ImageObject\",\"inLanguage\":\"it-IT\",\"@id\":\"https:\\\/\\\/www.monaco-tribune.com\\\/it\\\/2023\\\/11\\\/johanna-houdrouge-si-puo-gestire-tutto-vita-privata-e-vita-professionale-e-una-questione-di-organizzazione\\\/#primaryimage\",\"url\":\"https:\\\/\\\/www.monaco-tribune.com\\\/wp-content\\\/uploads\\\/2023\\\/10\\\/johanna-houdrouge-monaco.jpg\",\"contentUrl\":\"https:\\\/\\\/www.monaco-tribune.com\\\/wp-content\\\/uploads\\\/2023\\\/10\\\/johanna-houdrouge-monaco.jpg\",\"width\":1200,\"height\":800,\"caption\":\"Johanna Houdrouge - \u00a9 Alain Duprat\"},{\"@type\":\"BreadcrumbList\",\"@id\":\"https:\\\/\\\/www.monaco-tribune.com\\\/it\\\/2023\\\/11\\\/johanna-houdrouge-si-puo-gestire-tutto-vita-privata-e-vita-professionale-e-una-questione-di-organizzazione\\\/#breadcrumb\",\"itemListElement\":[{\"@type\":\"ListItem\",\"position\":1,\"name\":\"Accueil\",\"item\":\"https:\\\/\\\/www.monaco-tribune.com\\\/it\\\/\"},{\"@type\":\"ListItem\",\"position\":2,\"name\":\"Johanna Houdrouge: \u00ab\u00a0Si pu\u00f2 gestire tutto, vita privata e vita professionale, \u00e8 una questione di organizzazione\u00a0\u00bb.\"}]},{\"@type\":\"WebSite\",\"@id\":\"https:\\\/\\\/www.monaco-tribune.com\\\/it\\\/#website\",\"url\":\"https:\\\/\\\/www.monaco-tribune.com\\\/it\\\/\",\"name\":\"Monaco Tribune\",\"description\":\"Monaco : actualit\u00e9s \u00e9conomiques, politiques, culturelles et sportives de Monaco et de la French Riviera.\",\"publisher\":{\"@id\":\"https:\\\/\\\/www.monaco-tribune.com\\\/it\\\/#organization\"},\"potentialAction\":[{\"@type\":\"SearchAction\",\"target\":{\"@type\":\"EntryPoint\",\"urlTemplate\":\"https:\\\/\\\/www.monaco-tribune.com\\\/it\\\/?s={search_term_string}\"},\"query-input\":{\"@type\":\"PropertyValueSpecification\",\"valueRequired\":true,\"valueName\":\"search_term_string\"}}],\"inLanguage\":\"it-IT\"},{\"@type\":\"Organization\",\"@id\":\"https:\\\/\\\/www.monaco-tribune.com\\\/it\\\/#organization\",\"name\":\"Monaco Tribune\",\"url\":\"https:\\\/\\\/www.monaco-tribune.com\\\/it\\\/\",\"logo\":{\"@type\":\"ImageObject\",\"inLanguage\":\"it-IT\",\"@id\":\"https:\\\/\\\/www.monaco-tribune.com\\\/it\\\/#\\\/schema\\\/logo\\\/image\\\/\",\"url\":\"https:\\\/\\\/www.monaco-tribune.com\\\/wp-content\\\/uploads\\\/2022\\\/11\\\/logo-monaco-tribune.png\",\"contentUrl\":\"https:\\\/\\\/www.monaco-tribune.com\\\/wp-content\\\/uploads\\\/2022\\\/11\\\/logo-monaco-tribune.png\",\"width\":1548,\"height\":600,\"caption\":\"Monaco Tribune\"},\"image\":{\"@id\":\"https:\\\/\\\/www.monaco-tribune.com\\\/it\\\/#\\\/schema\\\/logo\\\/image\\\/\"},\"sameAs\":[\"https:\\\/\\\/www.facebook.com\\\/MonacoTribune\",\"https:\\\/\\\/x.com\\\/MonacoTribune\",\"https:\\\/\\\/www.instagram.com\\\/monacotribune\\\/\",\"https:\\\/\\\/www.linkedin.com\\\/company\\\/monaco-tribune\",\"https:\\\/\\\/www.youtube.com\\\/channel\\\/UCHle1MnG6hw1y4lWKijVbMA\"]},{\"@type\":\"Person\",\"@id\":\"https:\\\/\\\/www.monaco-tribune.com\\\/it\\\/#\\\/schema\\\/person\\\/a855d420fff4d03637641d60b93ac62e\",\"name\":\"Camille Esteve\",\"image\":{\"@type\":\"ImageObject\",\"inLanguage\":\"it-IT\",\"@id\":\"https:\\\/\\\/secure.gravatar.com\\\/avatar\\\/eaaa2355a7bb56c0018a391c20a55bf9b4690e3f493231dd850e612bfa6ce161?s=96&d=mm&r=g\",\"url\":\"https:\\\/\\\/secure.gravatar.com\\\/avatar\\\/eaaa2355a7bb56c0018a391c20a55bf9b4690e3f493231dd850e612bfa6ce161?s=96&d=mm&r=g\",\"contentUrl\":\"https:\\\/\\\/secure.gravatar.com\\\/avatar\\\/eaaa2355a7bb56c0018a391c20a55bf9b4690e3f493231dd850e612bfa6ce161?s=96&d=mm&r=g\",\"caption\":\"Camille Esteve\"},\"url\":\"https:\\\/\\\/www.monaco-tribune.com\\\/it\\\/author\\\/camilleesteve\\\/\"}]}<\/script>\n<!-- \/ Yoast SEO Premium plugin. -->","yoast_head_json":{"title":"Johanna Houdrouge: \"Si pu\u00f2 gestire tutto, vita privata e vita professionale, \u00e8 una questione di organizzazione\".","description":"Vicepresidentessa di Mercure International, presidentessa dell'Association Mon\u00e9gasque des Femmes Chefs d'Entreprises e madre di tre figli, Johanna","robots":{"index":"index","follow":"follow","max-snippet":"max-snippet:-1","max-image-preview":"max-image-preview:large","max-video-preview":"max-video-preview:-1"},"canonical":"https:\/\/www.monaco-tribune.com\/it\/2023\/11\/johanna-houdrouge-si-puo-gestire-tutto-vita-privata-e-vita-professionale-e-una-questione-di-organizzazione\/","og_locale":"it_IT","og_type":"article","og_title":"Johanna Houdrouge: \"Si pu\u00f2 gestire tutto, vita privata e vita professionale, \u00e8 una questione di organizzazione\". - Monaco Tribune","og_description":"Vicepresidentessa di Mercure International, presidentessa dell'Association Mon\u00e9gasque des Femmes Chefs d'Entreprises e madre di tre figli, Johanna","og_url":"https:\/\/www.monaco-tribune.com\/it\/2023\/11\/johanna-houdrouge-si-puo-gestire-tutto-vita-privata-e-vita-professionale-e-una-questione-di-organizzazione\/","og_site_name":"Monaco Tribune","article_publisher":"https:\/\/www.facebook.com\/MonacoTribune","article_published_time":"2023-11-07T15:40:33+00:00","article_modified_time":"2023-11-07T16:14:27+00:00","og_image":[{"width":1200,"height":800,"url":"https:\/\/www.monaco-tribune.com\/wp-content\/uploads\/2023\/10\/johanna-houdrouge-monaco.jpg","type":"image\/jpeg"}],"author":"Camille Esteve","twitter_card":"summary_large_image","twitter_creator":"@MonacoTribune","twitter_site":"@MonacoTribune","schema":{"@context":"https:\/\/schema.org","@graph":[{"@type":"NewsArticle","@id":"https:\/\/www.monaco-tribune.com\/it\/2023\/11\/johanna-houdrouge-si-puo-gestire-tutto-vita-privata-e-vita-professionale-e-una-questione-di-organizzazione\/#article","isPartOf":{"@id":"https:\/\/www.monaco-tribune.com\/it\/2023\/11\/johanna-houdrouge-si-puo-gestire-tutto-vita-privata-e-vita-professionale-e-una-questione-di-organizzazione\/"},"author":{"name":"Camille Esteve","@id":"https:\/\/www.monaco-tribune.com\/it\/#\/schema\/person\/a855d420fff4d03637641d60b93ac62e"},"headline":"Johanna Houdrouge: &#8220;Si pu\u00f2 gestire tutto, vita privata e vita professionale, \u00e8 una questione di organizzazione&#8221;.","datePublished":"2023-11-07T15:40:33+00:00","dateModified":"2023-11-07T16:14:27+00:00","mainEntityOfPage":{"@id":"https:\/\/www.monaco-tribune.com\/it\/2023\/11\/johanna-houdrouge-si-puo-gestire-tutto-vita-privata-e-vita-professionale-e-una-questione-di-organizzazione\/"},"wordCount":1575,"publisher":{"@id":"https:\/\/www.monaco-tribune.com\/it\/#organization"},"image":{"@id":"https:\/\/www.monaco-tribune.com\/it\/2023\/11\/johanna-houdrouge-si-puo-gestire-tutto-vita-privata-e-vita-professionale-e-una-questione-di-organizzazione\/#primaryimage"},"thumbnailUrl":"https:\/\/www.monaco-tribune.com\/wp-content\/uploads\/2023\/10\/johanna-houdrouge-monaco.jpg","keywords":["Iniziative"],"articleSection":["Business","La nostra scelta","Notizie"],"inLanguage":"it-IT","copyrightYear":"2023","copyrightHolder":{"@id":"https:\/\/www.monaco-tribune.com\/#organization"}},{"@type":"WebPage","@id":"https:\/\/www.monaco-tribune.com\/it\/2023\/11\/johanna-houdrouge-si-puo-gestire-tutto-vita-privata-e-vita-professionale-e-una-questione-di-organizzazione\/","url":"https:\/\/www.monaco-tribune.com\/it\/2023\/11\/johanna-houdrouge-si-puo-gestire-tutto-vita-privata-e-vita-professionale-e-una-questione-di-organizzazione\/","name":"Johanna Houdrouge: \"Si pu\u00f2 gestire tutto, vita privata e vita professionale, \u00e8 una questione di organizzazione\".","isPartOf":{"@id":"https:\/\/www.monaco-tribune.com\/it\/#website"},"primaryImageOfPage":{"@id":"https:\/\/www.monaco-tribune.com\/it\/2023\/11\/johanna-houdrouge-si-puo-gestire-tutto-vita-privata-e-vita-professionale-e-una-questione-di-organizzazione\/#primaryimage"},"image":{"@id":"https:\/\/www.monaco-tribune.com\/it\/2023\/11\/johanna-houdrouge-si-puo-gestire-tutto-vita-privata-e-vita-professionale-e-una-questione-di-organizzazione\/#primaryimage"},"thumbnailUrl":"https:\/\/www.monaco-tribune.com\/wp-content\/uploads\/2023\/10\/johanna-houdrouge-monaco.jpg","datePublished":"2023-11-07T15:40:33+00:00","dateModified":"2023-11-07T16:14:27+00:00","description":"Vicepresidentessa di Mercure International, presidentessa dell'Association Mon\u00e9gasque des Femmes Chefs d'Entreprises e madre di tre figli, Johanna","breadcrumb":{"@id":"https:\/\/www.monaco-tribune.com\/it\/2023\/11\/johanna-houdrouge-si-puo-gestire-tutto-vita-privata-e-vita-professionale-e-una-questione-di-organizzazione\/#breadcrumb"},"inLanguage":"it-IT","potentialAction":[{"@type":"ReadAction","target":["https:\/\/www.monaco-tribune.com\/it\/2023\/11\/johanna-houdrouge-si-puo-gestire-tutto-vita-privata-e-vita-professionale-e-una-questione-di-organizzazione\/"]}]},{"@type":"ImageObject","inLanguage":"it-IT","@id":"https:\/\/www.monaco-tribune.com\/it\/2023\/11\/johanna-houdrouge-si-puo-gestire-tutto-vita-privata-e-vita-professionale-e-una-questione-di-organizzazione\/#primaryimage","url":"https:\/\/www.monaco-tribune.com\/wp-content\/uploads\/2023\/10\/johanna-houdrouge-monaco.jpg","contentUrl":"https:\/\/www.monaco-tribune.com\/wp-content\/uploads\/2023\/10\/johanna-houdrouge-monaco.jpg","width":1200,"height":800,"caption":"Johanna Houdrouge - \u00a9 Alain Duprat"},{"@type":"BreadcrumbList","@id":"https:\/\/www.monaco-tribune.com\/it\/2023\/11\/johanna-houdrouge-si-puo-gestire-tutto-vita-privata-e-vita-professionale-e-una-questione-di-organizzazione\/#breadcrumb","itemListElement":[{"@type":"ListItem","position":1,"name":"Accueil","item":"https:\/\/www.monaco-tribune.com\/it\/"},{"@type":"ListItem","position":2,"name":"Johanna Houdrouge: \u00ab\u00a0Si pu\u00f2 gestire tutto, vita privata e vita professionale, \u00e8 una questione di organizzazione\u00a0\u00bb."}]},{"@type":"WebSite","@id":"https:\/\/www.monaco-tribune.com\/it\/#website","url":"https:\/\/www.monaco-tribune.com\/it\/","name":"Monaco Tribune","description":"Monaco : actualit\u00e9s \u00e9conomiques, politiques, culturelles et sportives de Monaco et de la French Riviera.","publisher":{"@id":"https:\/\/www.monaco-tribune.com\/it\/#organization"},"potentialAction":[{"@type":"SearchAction","target":{"@type":"EntryPoint","urlTemplate":"https:\/\/www.monaco-tribune.com\/it\/?s={search_term_string}"},"query-input":{"@type":"PropertyValueSpecification","valueRequired":true,"valueName":"search_term_string"}}],"inLanguage":"it-IT"},{"@type":"Organization","@id":"https:\/\/www.monaco-tribune.com\/it\/#organization","name":"Monaco Tribune","url":"https:\/\/www.monaco-tribune.com\/it\/","logo":{"@type":"ImageObject","inLanguage":"it-IT","@id":"https:\/\/www.monaco-tribune.com\/it\/#\/schema\/logo\/image\/","url":"https:\/\/www.monaco-tribune.com\/wp-content\/uploads\/2022\/11\/logo-monaco-tribune.png","contentUrl":"https:\/\/www.monaco-tribune.com\/wp-content\/uploads\/2022\/11\/logo-monaco-tribune.png","width":1548,"height":600,"caption":"Monaco Tribune"},"image":{"@id":"https:\/\/www.monaco-tribune.com\/it\/#\/schema\/logo\/image\/"},"sameAs":["https:\/\/www.facebook.com\/MonacoTribune","https:\/\/x.com\/MonacoTribune","https:\/\/www.instagram.com\/monacotribune\/","https:\/\/www.linkedin.com\/company\/monaco-tribune","https:\/\/www.youtube.com\/channel\/UCHle1MnG6hw1y4lWKijVbMA"]},{"@type":"Person","@id":"https:\/\/www.monaco-tribune.com\/it\/#\/schema\/person\/a855d420fff4d03637641d60b93ac62e","name":"Camille Esteve","image":{"@type":"ImageObject","inLanguage":"it-IT","@id":"https:\/\/secure.gravatar.com\/avatar\/eaaa2355a7bb56c0018a391c20a55bf9b4690e3f493231dd850e612bfa6ce161?s=96&d=mm&r=g","url":"https:\/\/secure.gravatar.com\/avatar\/eaaa2355a7bb56c0018a391c20a55bf9b4690e3f493231dd850e612bfa6ce161?s=96&d=mm&r=g","contentUrl":"https:\/\/secure.gravatar.com\/avatar\/eaaa2355a7bb56c0018a391c20a55bf9b4690e3f493231dd850e612bfa6ce161?s=96&d=mm&r=g","caption":"Camille Esteve"},"url":"https:\/\/www.monaco-tribune.com\/it\/author\/camilleesteve\/"}]}},"_links":{"self":[{"href":"https:\/\/www.monaco-tribune.com\/it\/wp-json\/wp\/v2\/posts\/199805","targetHints":{"allow":["GET"]}}],"collection":[{"href":"https:\/\/www.monaco-tribune.com\/it\/wp-json\/wp\/v2\/posts"}],"about":[{"href":"https:\/\/www.monaco-tribune.com\/it\/wp-json\/wp\/v2\/types\/post"}],"author":[{"embeddable":true,"href":"https:\/\/www.monaco-tribune.com\/it\/wp-json\/wp\/v2\/users\/60"}],"replies":[{"embeddable":true,"href":"https:\/\/www.monaco-tribune.com\/it\/wp-json\/wp\/v2\/comments?post=199805"}],"version-history":[{"count":2,"href":"https:\/\/www.monaco-tribune.com\/it\/wp-json\/wp\/v2\/posts\/199805\/revisions"}],"predecessor-version":[{"id":199832,"href":"https:\/\/www.monaco-tribune.com\/it\/wp-json\/wp\/v2\/posts\/199805\/revisions\/199832"}],"wp:featuredmedia":[{"embeddable":true,"href":"https:\/\/www.monaco-tribune.com\/it\/wp-json\/wp\/v2\/media\/198791"}],"wp:attachment":[{"href":"https:\/\/www.monaco-tribune.com\/it\/wp-json\/wp\/v2\/media?parent=199805"}],"wp:term":[{"taxonomy":"category","embeddable":true,"href":"https:\/\/www.monaco-tribune.com\/it\/wp-json\/wp\/v2\/categories?post=199805"},{"taxonomy":"post_tag","embeddable":true,"href":"https:\/\/www.monaco-tribune.com\/it\/wp-json\/wp\/v2\/tags?post=199805"},{"taxonomy":"sectag","embeddable":true,"href":"https:\/\/www.monaco-tribune.com\/it\/wp-json\/wp\/v2\/post_sectags?post=199805"},{"taxonomy":"format","embeddable":true,"href":"https:\/\/www.monaco-tribune.com\/it\/wp-json\/wp\/v2\/post_format?post=199805"}],"curies":[{"name":"wp","href":"https:\/\/api.w.org\/{rel}","templated":true}]}}