{"id":199991,"date":"2023-11-08T19:37:14","date_gmt":"2023-11-08T17:37:14","guid":{"rendered":"https:\/\/www.monaco-tribune.com\/2023\/11\/il-principe-alberto-ii-continua-le-sue-visite-ai-feudi-dei-grimaldi-in-italia\/"},"modified":"2023-11-08T19:37:25","modified_gmt":"2023-11-08T17:37:25","slug":"il-principe-alberto-ii-continua-le-sue-visite-ai-feudi-dei-grimaldi-in-italia","status":"publish","type":"post","link":"https:\/\/www.monaco-tribune.com\/it\/2023\/11\/il-principe-alberto-ii-continua-le-sue-visite-ai-feudi-dei-grimaldi-in-italia\/","title":{"rendered":"Il Principe Alberto II continua le sue visite ai feudi dei Grimaldi in Italia"},"content":{"rendered":"\n<p><strong>Dopo aver partecipato alla cerimonia di gemellaggio tra Monaco e Dolceacqua, il Sovrano ha visitato altre tre citt\u00e0 italiane dichiarate Siti Storici Grimaldi.<\/strong><\/p>\n\n<p>Tre nuovi siti sono entrati a far parte della vasta rete dei Siti Storici Grimaldi. Sabato, il giorno dopo l&#8217;ufficializzazione del <a href=\"https:\/\/www.monaco-tribune.com\/it\/2023\/11\/il-gemellaggio-tra-monaco-e-il-comune-di-dolceacqua-e-ormai-ufficiale\/\">gemellaggio tra Monaco e Dolceacqua<\/a>, il Principe Alberto II ha inaugurato come di consueto una targa commemorativa e un cartello segnaletico nei comuni di Isolabona, Apricale e Perinaldo.<\/p>\n<div class=\"wp-block-image\">\n<figure class=\"aligncenter size-large\"><img loading=\"lazy\" decoding=\"async\" width=\"683\" height=\"1024\" src=\"https:\/\/www.monaco-tribune.com\/wp-content\/uploads\/2023\/11\/visite-prince-albert-ii-en-italie-7-compressed-683x1024.jpg\" alt=\"\" class=\"wp-image-199720\" srcset=\"https:\/\/www.monaco-tribune.com\/wp-content\/uploads\/2023\/11\/visite-prince-albert-ii-en-italie-7-compressed-683x1024.jpg 683w, https:\/\/www.monaco-tribune.com\/wp-content\/uploads\/2023\/11\/visite-prince-albert-ii-en-italie-7-compressed-200x300.jpg 200w, https:\/\/www.monaco-tribune.com\/wp-content\/uploads\/2023\/11\/visite-prince-albert-ii-en-italie-7-compressed.jpg 1200w\" sizes=\"auto, (max-width: 683px) 100vw, 683px\" \/><figcaption class=\"wp-element-caption\"><em>Come qui a Isabona, il Principe Alberto II ha inaugurato il cartello &#8220;Sito storico Grimaldi&#8221; in ogni comune.<\/em> \u00a9 Axel Bastello \/ Palazzo del Principe<\/figcaption><\/figure>\n<\/div>\n<p>500 anni e qualche giorno fa, questi paesi della Liguria hanno giurato fedelt\u00e0 ad Augustin Grimaldi. &#8220;I sindaci (di Dolceacqua, Isolabona, Apricale e Perinaldo, ndr) hanno prestato lo stesso giuramento di fedelt\u00e0 ai Grimaldi poich\u00e9, in quanto feudi dei Doria, erano sotto la protezione dei signori di Monaco&#8221;, spiega a Monaco Info Thomas Fouilleron, direttore degli archivi del Palazzo del Principe.<\/p>\n\n<figure class=\"wp-block-gallery has-nested-images columns-1 is-cropped wp-block-gallery-1 is-layout-flex wp-block-gallery-is-layout-flex\">\n<figure class=\"wp-block-image size-large\"><img loading=\"lazy\" decoding=\"async\" width=\"1024\" height=\"683\" data-id=\"199724\" src=\"https:\/\/www.monaco-tribune.com\/wp-content\/uploads\/2023\/11\/visite-prince-albert-ii-en-italie-5-1024x683.jpg\" alt=\"\" class=\"wp-image-199724\" srcset=\"https:\/\/www.monaco-tribune.com\/wp-content\/uploads\/2023\/11\/visite-prince-albert-ii-en-italie-5-1024x683.jpg 1024w, https:\/\/www.monaco-tribune.com\/wp-content\/uploads\/2023\/11\/visite-prince-albert-ii-en-italie-5-450x300.jpg 450w, https:\/\/www.monaco-tribune.com\/wp-content\/uploads\/2023\/11\/visite-prince-albert-ii-en-italie-5.jpg 1200w\" sizes=\"auto, (max-width: 1024px) 100vw, 1024px\" \/><\/figure>\n\n\n\n<figure class=\"wp-block-image size-large\"><img loading=\"lazy\" decoding=\"async\" width=\"1024\" height=\"683\" data-id=\"199727\" src=\"https:\/\/www.monaco-tribune.com\/wp-content\/uploads\/2023\/11\/visite-prince-albert-ii-en-italie-2-1024x683.jpg\" alt=\"\" class=\"wp-image-199727\" srcset=\"https:\/\/www.monaco-tribune.com\/wp-content\/uploads\/2023\/11\/visite-prince-albert-ii-en-italie-2-1024x683.jpg 1024w, https:\/\/www.monaco-tribune.com\/wp-content\/uploads\/2023\/11\/visite-prince-albert-ii-en-italie-2-450x300.jpg 450w, https:\/\/www.monaco-tribune.com\/wp-content\/uploads\/2023\/11\/visite-prince-albert-ii-en-italie-2.jpg 1200w\" sizes=\"auto, (max-width: 1024px) 100vw, 1024px\" \/><\/figure>\n<figcaption class=\"blocks-gallery-caption wp-element-caption\"><em>A Isolabona, il Sovrano ha visitato il Santuario Madonna delle Grazie, che la Principessa Grace era solita frequentare.<\/em> \u00a9 Axel Bastello \/ Palazzo del Principe<\/figcaption><\/figure>\n\n<p>\u00c8 l&#8217;occasione per il Sovrano di scoprire gli archivi relativi alla sua famiglia, nonch\u00e9 il Santuario Madonna delle Grazie di Isolabona, che sua madre, la Principessa Grace, era solita frequentare &#8220;quando il Principe e la Principessa venivano, quasi in incognito, a gustare la cucina locale&#8221;. Thomas Fouilleron cita anche Perinaldo, dove il Principe Alberto II ha visitato un osservatorio astronomico comunale. Luogo di nascita dell&#8217;astronomo Jean-Dominique Cassini, il luogo \u00e8 legato alla famiglia Grimaldi e i Principi di Monaco, che &#8220;si interessano di astronomia fin dal XVII secolo&#8221;.<\/p>\n\n<figure class=\"wp-block-gallery has-nested-images columns-1 is-cropped wp-block-gallery-2 is-layout-flex wp-block-gallery-is-layout-flex\">\n<figure class=\"wp-block-image size-large\"><img loading=\"lazy\" decoding=\"async\" width=\"1024\" height=\"683\" data-id=\"199732\" src=\"https:\/\/www.monaco-tribune.com\/wp-content\/uploads\/2023\/11\/visite-prince-albert-ii-en-italie-3-1024x683.jpg\" alt=\"\" class=\"wp-image-199732\" srcset=\"https:\/\/www.monaco-tribune.com\/wp-content\/uploads\/2023\/11\/visite-prince-albert-ii-en-italie-3-1024x683.jpg 1024w, https:\/\/www.monaco-tribune.com\/wp-content\/uploads\/2023\/11\/visite-prince-albert-ii-en-italie-3-450x300.jpg 450w, https:\/\/www.monaco-tribune.com\/wp-content\/uploads\/2023\/11\/visite-prince-albert-ii-en-italie-3.jpg 1200w\" sizes=\"auto, (max-width: 1024px) 100vw, 1024px\" \/><\/figure>\n\n\n\n<figure class=\"wp-block-image size-large\"><img loading=\"lazy\" decoding=\"async\" width=\"1024\" height=\"683\" data-id=\"199748\" src=\"https:\/\/www.monaco-tribune.com\/wp-content\/uploads\/2023\/11\/visite-prince-albert-ii-en-italie-1-1024x683.jpg\" alt=\"\" class=\"wp-image-199748\" srcset=\"https:\/\/www.monaco-tribune.com\/wp-content\/uploads\/2023\/11\/visite-prince-albert-ii-en-italie-1-1024x683.jpg 1024w, https:\/\/www.monaco-tribune.com\/wp-content\/uploads\/2023\/11\/visite-prince-albert-ii-en-italie-1-450x300.jpg 450w, https:\/\/www.monaco-tribune.com\/wp-content\/uploads\/2023\/11\/visite-prince-albert-ii-en-italie-1.jpg 1200w\" sizes=\"auto, (max-width: 1024px) 100vw, 1024px\" \/><\/figure>\n\n\n\n<figure class=\"wp-block-image size-large\"><img loading=\"lazy\" decoding=\"async\" width=\"1024\" height=\"683\" data-id=\"199741\" src=\"https:\/\/www.monaco-tribune.com\/wp-content\/uploads\/2023\/11\/visite-prince-albert-ii-en-italie-1024x683.jpg\" alt=\"\" class=\"wp-image-199741\" srcset=\"https:\/\/www.monaco-tribune.com\/wp-content\/uploads\/2023\/11\/visite-prince-albert-ii-en-italie-1024x683.jpg 1024w, https:\/\/www.monaco-tribune.com\/wp-content\/uploads\/2023\/11\/visite-prince-albert-ii-en-italie-450x300.jpg 450w, https:\/\/www.monaco-tribune.com\/wp-content\/uploads\/2023\/11\/visite-prince-albert-ii-en-italie.jpg 2048w\" sizes=\"auto, (max-width: 1024px) 100vw, 1024px\" \/><\/figure>\n\n\n\n<figure class=\"wp-block-image size-large\"><img loading=\"lazy\" decoding=\"async\" width=\"1024\" height=\"683\" data-id=\"199740\" src=\"https:\/\/www.monaco-tribune.com\/wp-content\/uploads\/2023\/11\/visite-prince-albert-ii-en-italie-8-1024x683.jpg\" alt=\"\" class=\"wp-image-199740\" srcset=\"https:\/\/www.monaco-tribune.com\/wp-content\/uploads\/2023\/11\/visite-prince-albert-ii-en-italie-8-1024x683.jpg 1024w, https:\/\/www.monaco-tribune.com\/wp-content\/uploads\/2023\/11\/visite-prince-albert-ii-en-italie-8-450x300.jpg 450w, https:\/\/www.monaco-tribune.com\/wp-content\/uploads\/2023\/11\/visite-prince-albert-ii-en-italie-8.jpg 1200w\" sizes=\"auto, (max-width: 1024px) 100vw, 1024px\" \/><\/figure>\n<figcaption class=\"blocks-gallery-caption wp-element-caption\"><em>Il Sovrano ha poi attraversato il villaggio di Apicale e Perinaldo, dove ha visitato un osservatorio astronomico prima della cerimonia nella chiesa locale.<\/em> \u00a9 Axel Bastello \/ Palazzo del Principe<\/figcaption><\/figure>\n\n<p>La visita \u00e8 terminata con una cerimonia ufficiale alla chiesa di San Nicol\u00f2, dove una piccola folla si \u00e8 riunita per dare il benvenuto al Principe Alberto II. Anche qui il Sovrano ha ricevuto un&#8217;accoglienza calorosa, come quella di un mese prima durante la sua <a href=\"https:\/\/www.monaco-tribune.com\/it\/2023\/10\/il-principe-alberto-ii-accolto-con-un-caloroso-benvenuto-in-calabria-terra-dei-suoi-antenati\/\">visita in Calabria<\/a>.<\/p>\n","protected":false},"excerpt":{"rendered":"<p>Dopo aver partecipato alla cerimonia di gemellaggio tra Monaco e Dolceacqua, il Sovrano ha visitato altre tre citt\u00e0 italiane dichiarate [&hellip;]<\/p>\n","protected":false},"author":65,"featured_media":199738,"comment_status":"closed","ping_status":"closed","sticky":false,"template":"","format":"standard","meta":{"_acf_changed":false,"footnotes":""},"categories":[1742,1826,1738],"tags":[2986],"post_sectags":[4552],"post_format":[2474],"class_list":["post-199991","post","type-post","status-publish","format-standard","has-post-thumbnail","hentry","category-famiglia-principesca","category-la-nostra-scelta","category-notizie","tag-principe-alberto-ii","sectag-siti-grimaldi","format-foto"],"acf":[],"yoast_head":"<!-- This site is optimized with the Yoast SEO Premium plugin v27.5 (Yoast SEO v27.5) - https:\/\/yoast.com\/product\/yoast-seo-premium-wordpress\/ -->\n<title>Il Principe Alberto II continua le sue visite ai feudi dei Grimaldi in Italia<\/title>\n<meta name=\"description\" content=\"Dopo aver partecipato alla cerimonia di gemellaggio tra Monaco e Dolceacqua, il Sovrano ha visitato altre tre citt\u00e0 italiane dichiarate Siti Storici\" \/>\n<meta name=\"robots\" content=\"index, follow, max-snippet:-1, max-image-preview:large, max-video-preview:-1\" \/>\n<link rel=\"canonical\" href=\"https:\/\/www.monaco-tribune.com\/it\/2023\/11\/il-principe-alberto-ii-continua-le-sue-visite-ai-feudi-dei-grimaldi-in-italia\/\" \/>\n<meta property=\"og:locale\" content=\"it_IT\" \/>\n<meta property=\"og:type\" content=\"article\" \/>\n<meta property=\"og:title\" content=\"Il Principe Alberto II continua le sue visite ai feudi dei Grimaldi in Italia - Monaco Tribune\" \/>\n<meta property=\"og:description\" content=\"Dopo aver partecipato alla cerimonia di gemellaggio tra Monaco e Dolceacqua, il Sovrano ha visitato altre tre citt\u00e0 italiane dichiarate Siti Storici\" \/>\n<meta property=\"og:url\" content=\"https:\/\/www.monaco-tribune.com\/it\/2023\/11\/il-principe-alberto-ii-continua-le-sue-visite-ai-feudi-dei-grimaldi-in-italia\/\" \/>\n<meta property=\"og:site_name\" content=\"Monaco Tribune\" \/>\n<meta property=\"article:publisher\" content=\"https:\/\/www.facebook.com\/MonacoTribune\" \/>\n<meta property=\"article:published_time\" content=\"2023-11-08T17:37:14+00:00\" \/>\n<meta property=\"article:modified_time\" content=\"2023-11-08T17:37:25+00:00\" \/>\n<meta property=\"og:image\" content=\"https:\/\/www.monaco-tribune.com\/wp-content\/uploads\/2023\/11\/visite-prince-albert-ii-en-italie-4.jpg\" \/>\n\t<meta property=\"og:image:width\" content=\"1200\" \/>\n\t<meta property=\"og:image:height\" content=\"800\" \/>\n\t<meta property=\"og:image:type\" content=\"image\/jpeg\" \/>\n<meta name=\"author\" content=\"Paul Charoy\" \/>\n<meta name=\"twitter:card\" content=\"summary_large_image\" \/>\n<meta name=\"twitter:creator\" content=\"@MonacoTribune\" \/>\n<meta name=\"twitter:site\" content=\"@MonacoTribune\" \/>\n<script type=\"application\/ld+json\" class=\"yoast-schema-graph\">{\"@context\":\"https:\\\/\\\/schema.org\",\"@graph\":[{\"@type\":\"NewsArticle\",\"@id\":\"https:\\\/\\\/www.monaco-tribune.com\\\/it\\\/2023\\\/11\\\/il-principe-alberto-ii-continua-le-sue-visite-ai-feudi-dei-grimaldi-in-italia\\\/#article\",\"isPartOf\":{\"@id\":\"https:\\\/\\\/www.monaco-tribune.com\\\/it\\\/2023\\\/11\\\/il-principe-alberto-ii-continua-le-sue-visite-ai-feudi-dei-grimaldi-in-italia\\\/\"},\"author\":{\"name\":\"Paul Charoy\",\"@id\":\"https:\\\/\\\/www.monaco-tribune.com\\\/it\\\/#\\\/schema\\\/person\\\/c33a9f1bc99ef5a2e07d37c576060b57\"},\"headline\":\"Il Principe Alberto II continua le sue visite ai feudi dei Grimaldi in Italia\",\"datePublished\":\"2023-11-08T17:37:14+00:00\",\"dateModified\":\"2023-11-08T17:37:25+00:00\",\"mainEntityOfPage\":{\"@id\":\"https:\\\/\\\/www.monaco-tribune.com\\\/it\\\/2023\\\/11\\\/il-principe-alberto-ii-continua-le-sue-visite-ai-feudi-dei-grimaldi-in-italia\\\/\"},\"wordCount\":356,\"publisher\":{\"@id\":\"https:\\\/\\\/www.monaco-tribune.com\\\/it\\\/#organization\"},\"image\":{\"@id\":\"https:\\\/\\\/www.monaco-tribune.com\\\/it\\\/2023\\\/11\\\/il-principe-alberto-ii-continua-le-sue-visite-ai-feudi-dei-grimaldi-in-italia\\\/#primaryimage\"},\"thumbnailUrl\":\"https:\\\/\\\/www.monaco-tribune.com\\\/wp-content\\\/uploads\\\/2023\\\/11\\\/visite-prince-albert-ii-en-italie-4.jpg\",\"keywords\":[\"Principe Alberto II\"],\"articleSection\":[\"Famiglia Principesca\",\"La nostra scelta\",\"Notizie\"],\"inLanguage\":\"it-IT\",\"copyrightYear\":\"2023\",\"copyrightHolder\":{\"@id\":\"https:\\\/\\\/www.monaco-tribune.com\\\/#organization\"}},{\"@type\":\"WebPage\",\"@id\":\"https:\\\/\\\/www.monaco-tribune.com\\\/it\\\/2023\\\/11\\\/il-principe-alberto-ii-continua-le-sue-visite-ai-feudi-dei-grimaldi-in-italia\\\/\",\"url\":\"https:\\\/\\\/www.monaco-tribune.com\\\/it\\\/2023\\\/11\\\/il-principe-alberto-ii-continua-le-sue-visite-ai-feudi-dei-grimaldi-in-italia\\\/\",\"name\":\"Il Principe Alberto II continua le sue visite ai feudi dei Grimaldi in Italia\",\"isPartOf\":{\"@id\":\"https:\\\/\\\/www.monaco-tribune.com\\\/it\\\/#website\"},\"primaryImageOfPage\":{\"@id\":\"https:\\\/\\\/www.monaco-tribune.com\\\/it\\\/2023\\\/11\\\/il-principe-alberto-ii-continua-le-sue-visite-ai-feudi-dei-grimaldi-in-italia\\\/#primaryimage\"},\"image\":{\"@id\":\"https:\\\/\\\/www.monaco-tribune.com\\\/it\\\/2023\\\/11\\\/il-principe-alberto-ii-continua-le-sue-visite-ai-feudi-dei-grimaldi-in-italia\\\/#primaryimage\"},\"thumbnailUrl\":\"https:\\\/\\\/www.monaco-tribune.com\\\/wp-content\\\/uploads\\\/2023\\\/11\\\/visite-prince-albert-ii-en-italie-4.jpg\",\"datePublished\":\"2023-11-08T17:37:14+00:00\",\"dateModified\":\"2023-11-08T17:37:25+00:00\",\"description\":\"Dopo aver partecipato alla cerimonia di gemellaggio tra Monaco e Dolceacqua, il Sovrano ha visitato altre tre citt\u00e0 italiane dichiarate Siti Storici\",\"breadcrumb\":{\"@id\":\"https:\\\/\\\/www.monaco-tribune.com\\\/it\\\/2023\\\/11\\\/il-principe-alberto-ii-continua-le-sue-visite-ai-feudi-dei-grimaldi-in-italia\\\/#breadcrumb\"},\"inLanguage\":\"it-IT\",\"potentialAction\":[{\"@type\":\"ReadAction\",\"target\":[\"https:\\\/\\\/www.monaco-tribune.com\\\/it\\\/2023\\\/11\\\/il-principe-alberto-ii-continua-le-sue-visite-ai-feudi-dei-grimaldi-in-italia\\\/\"]}]},{\"@type\":\"ImageObject\",\"inLanguage\":\"it-IT\",\"@id\":\"https:\\\/\\\/www.monaco-tribune.com\\\/it\\\/2023\\\/11\\\/il-principe-alberto-ii-continua-le-sue-visite-ai-feudi-dei-grimaldi-in-italia\\\/#primaryimage\",\"url\":\"https:\\\/\\\/www.monaco-tribune.com\\\/wp-content\\\/uploads\\\/2023\\\/11\\\/visite-prince-albert-ii-en-italie-4.jpg\",\"contentUrl\":\"https:\\\/\\\/www.monaco-tribune.com\\\/wp-content\\\/uploads\\\/2023\\\/11\\\/visite-prince-albert-ii-en-italie-4.jpg\",\"width\":1200,\"height\":800,\"caption\":\"Sabato il Principe Alberto II ha visitato tre citt\u00e0 italiane legate alla storia dei Grimaldi. \u00a9 Axel Bastello \\\/ Palazzo del Principe\"},{\"@type\":\"BreadcrumbList\",\"@id\":\"https:\\\/\\\/www.monaco-tribune.com\\\/it\\\/2023\\\/11\\\/il-principe-alberto-ii-continua-le-sue-visite-ai-feudi-dei-grimaldi-in-italia\\\/#breadcrumb\",\"itemListElement\":[{\"@type\":\"ListItem\",\"position\":1,\"name\":\"Accueil\",\"item\":\"https:\\\/\\\/www.monaco-tribune.com\\\/it\\\/\"},{\"@type\":\"ListItem\",\"position\":2,\"name\":\"Il Principe Alberto II continua le sue visite ai feudi dei Grimaldi in Italia\"}]},{\"@type\":\"WebSite\",\"@id\":\"https:\\\/\\\/www.monaco-tribune.com\\\/it\\\/#website\",\"url\":\"https:\\\/\\\/www.monaco-tribune.com\\\/it\\\/\",\"name\":\"Monaco Tribune\",\"description\":\"Monaco : actualit\u00e9s \u00e9conomiques, politiques, culturelles et sportives de Monaco et de la French Riviera.\",\"publisher\":{\"@id\":\"https:\\\/\\\/www.monaco-tribune.com\\\/it\\\/#organization\"},\"potentialAction\":[{\"@type\":\"SearchAction\",\"target\":{\"@type\":\"EntryPoint\",\"urlTemplate\":\"https:\\\/\\\/www.monaco-tribune.com\\\/it\\\/?s={search_term_string}\"},\"query-input\":{\"@type\":\"PropertyValueSpecification\",\"valueRequired\":true,\"valueName\":\"search_term_string\"}}],\"inLanguage\":\"it-IT\"},{\"@type\":\"Organization\",\"@id\":\"https:\\\/\\\/www.monaco-tribune.com\\\/it\\\/#organization\",\"name\":\"Monaco Tribune\",\"url\":\"https:\\\/\\\/www.monaco-tribune.com\\\/it\\\/\",\"logo\":{\"@type\":\"ImageObject\",\"inLanguage\":\"it-IT\",\"@id\":\"https:\\\/\\\/www.monaco-tribune.com\\\/it\\\/#\\\/schema\\\/logo\\\/image\\\/\",\"url\":\"https:\\\/\\\/www.monaco-tribune.com\\\/wp-content\\\/uploads\\\/2022\\\/11\\\/logo-monaco-tribune.png\",\"contentUrl\":\"https:\\\/\\\/www.monaco-tribune.com\\\/wp-content\\\/uploads\\\/2022\\\/11\\\/logo-monaco-tribune.png\",\"width\":1548,\"height\":600,\"caption\":\"Monaco Tribune\"},\"image\":{\"@id\":\"https:\\\/\\\/www.monaco-tribune.com\\\/it\\\/#\\\/schema\\\/logo\\\/image\\\/\"},\"sameAs\":[\"https:\\\/\\\/www.facebook.com\\\/MonacoTribune\",\"https:\\\/\\\/x.com\\\/MonacoTribune\",\"https:\\\/\\\/www.instagram.com\\\/monacotribune\\\/\",\"https:\\\/\\\/www.linkedin.com\\\/company\\\/monaco-tribune\",\"https:\\\/\\\/www.youtube.com\\\/channel\\\/UCHle1MnG6hw1y4lWKijVbMA\"]},{\"@type\":\"Person\",\"@id\":\"https:\\\/\\\/www.monaco-tribune.com\\\/it\\\/#\\\/schema\\\/person\\\/c33a9f1bc99ef5a2e07d37c576060b57\",\"name\":\"Paul Charoy\",\"image\":{\"@type\":\"ImageObject\",\"inLanguage\":\"it-IT\",\"@id\":\"https:\\\/\\\/secure.gravatar.com\\\/avatar\\\/c3a39fd900275d54a628738568f1949e90ce9945d105d000228335a7bad64b38?s=96&d=mm&r=g\",\"url\":\"https:\\\/\\\/secure.gravatar.com\\\/avatar\\\/c3a39fd900275d54a628738568f1949e90ce9945d105d000228335a7bad64b38?s=96&d=mm&r=g\",\"contentUrl\":\"https:\\\/\\\/secure.gravatar.com\\\/avatar\\\/c3a39fd900275d54a628738568f1949e90ce9945d105d000228335a7bad64b38?s=96&d=mm&r=g\",\"caption\":\"Paul Charoy\"},\"url\":\"https:\\\/\\\/www.monaco-tribune.com\\\/it\\\/author\\\/paulcharoy\\\/\"}]}<\/script>\n<!-- \/ Yoast SEO Premium plugin. -->","yoast_head_json":{"title":"Il Principe Alberto II continua le sue visite ai feudi dei Grimaldi in Italia","description":"Dopo aver partecipato alla cerimonia di gemellaggio tra Monaco e Dolceacqua, il Sovrano ha visitato altre tre citt\u00e0 italiane dichiarate Siti Storici","robots":{"index":"index","follow":"follow","max-snippet":"max-snippet:-1","max-image-preview":"max-image-preview:large","max-video-preview":"max-video-preview:-1"},"canonical":"https:\/\/www.monaco-tribune.com\/it\/2023\/11\/il-principe-alberto-ii-continua-le-sue-visite-ai-feudi-dei-grimaldi-in-italia\/","og_locale":"it_IT","og_type":"article","og_title":"Il Principe Alberto II continua le sue visite ai feudi dei Grimaldi in Italia - Monaco Tribune","og_description":"Dopo aver partecipato alla cerimonia di gemellaggio tra Monaco e Dolceacqua, il Sovrano ha visitato altre tre citt\u00e0 italiane dichiarate Siti Storici","og_url":"https:\/\/www.monaco-tribune.com\/it\/2023\/11\/il-principe-alberto-ii-continua-le-sue-visite-ai-feudi-dei-grimaldi-in-italia\/","og_site_name":"Monaco Tribune","article_publisher":"https:\/\/www.facebook.com\/MonacoTribune","article_published_time":"2023-11-08T17:37:14+00:00","article_modified_time":"2023-11-08T17:37:25+00:00","og_image":[{"width":1200,"height":800,"url":"https:\/\/www.monaco-tribune.com\/wp-content\/uploads\/2023\/11\/visite-prince-albert-ii-en-italie-4.jpg","type":"image\/jpeg"}],"author":"Paul Charoy","twitter_card":"summary_large_image","twitter_creator":"@MonacoTribune","twitter_site":"@MonacoTribune","schema":{"@context":"https:\/\/schema.org","@graph":[{"@type":"NewsArticle","@id":"https:\/\/www.monaco-tribune.com\/it\/2023\/11\/il-principe-alberto-ii-continua-le-sue-visite-ai-feudi-dei-grimaldi-in-italia\/#article","isPartOf":{"@id":"https:\/\/www.monaco-tribune.com\/it\/2023\/11\/il-principe-alberto-ii-continua-le-sue-visite-ai-feudi-dei-grimaldi-in-italia\/"},"author":{"name":"Paul Charoy","@id":"https:\/\/www.monaco-tribune.com\/it\/#\/schema\/person\/c33a9f1bc99ef5a2e07d37c576060b57"},"headline":"Il Principe Alberto II continua le sue visite ai feudi dei Grimaldi in Italia","datePublished":"2023-11-08T17:37:14+00:00","dateModified":"2023-11-08T17:37:25+00:00","mainEntityOfPage":{"@id":"https:\/\/www.monaco-tribune.com\/it\/2023\/11\/il-principe-alberto-ii-continua-le-sue-visite-ai-feudi-dei-grimaldi-in-italia\/"},"wordCount":356,"publisher":{"@id":"https:\/\/www.monaco-tribune.com\/it\/#organization"},"image":{"@id":"https:\/\/www.monaco-tribune.com\/it\/2023\/11\/il-principe-alberto-ii-continua-le-sue-visite-ai-feudi-dei-grimaldi-in-italia\/#primaryimage"},"thumbnailUrl":"https:\/\/www.monaco-tribune.com\/wp-content\/uploads\/2023\/11\/visite-prince-albert-ii-en-italie-4.jpg","keywords":["Principe Alberto II"],"articleSection":["Famiglia Principesca","La nostra scelta","Notizie"],"inLanguage":"it-IT","copyrightYear":"2023","copyrightHolder":{"@id":"https:\/\/www.monaco-tribune.com\/#organization"}},{"@type":"WebPage","@id":"https:\/\/www.monaco-tribune.com\/it\/2023\/11\/il-principe-alberto-ii-continua-le-sue-visite-ai-feudi-dei-grimaldi-in-italia\/","url":"https:\/\/www.monaco-tribune.com\/it\/2023\/11\/il-principe-alberto-ii-continua-le-sue-visite-ai-feudi-dei-grimaldi-in-italia\/","name":"Il Principe Alberto II continua le sue visite ai feudi dei Grimaldi in Italia","isPartOf":{"@id":"https:\/\/www.monaco-tribune.com\/it\/#website"},"primaryImageOfPage":{"@id":"https:\/\/www.monaco-tribune.com\/it\/2023\/11\/il-principe-alberto-ii-continua-le-sue-visite-ai-feudi-dei-grimaldi-in-italia\/#primaryimage"},"image":{"@id":"https:\/\/www.monaco-tribune.com\/it\/2023\/11\/il-principe-alberto-ii-continua-le-sue-visite-ai-feudi-dei-grimaldi-in-italia\/#primaryimage"},"thumbnailUrl":"https:\/\/www.monaco-tribune.com\/wp-content\/uploads\/2023\/11\/visite-prince-albert-ii-en-italie-4.jpg","datePublished":"2023-11-08T17:37:14+00:00","dateModified":"2023-11-08T17:37:25+00:00","description":"Dopo aver partecipato alla cerimonia di gemellaggio tra Monaco e Dolceacqua, il Sovrano ha visitato altre tre citt\u00e0 italiane dichiarate Siti Storici","breadcrumb":{"@id":"https:\/\/www.monaco-tribune.com\/it\/2023\/11\/il-principe-alberto-ii-continua-le-sue-visite-ai-feudi-dei-grimaldi-in-italia\/#breadcrumb"},"inLanguage":"it-IT","potentialAction":[{"@type":"ReadAction","target":["https:\/\/www.monaco-tribune.com\/it\/2023\/11\/il-principe-alberto-ii-continua-le-sue-visite-ai-feudi-dei-grimaldi-in-italia\/"]}]},{"@type":"ImageObject","inLanguage":"it-IT","@id":"https:\/\/www.monaco-tribune.com\/it\/2023\/11\/il-principe-alberto-ii-continua-le-sue-visite-ai-feudi-dei-grimaldi-in-italia\/#primaryimage","url":"https:\/\/www.monaco-tribune.com\/wp-content\/uploads\/2023\/11\/visite-prince-albert-ii-en-italie-4.jpg","contentUrl":"https:\/\/www.monaco-tribune.com\/wp-content\/uploads\/2023\/11\/visite-prince-albert-ii-en-italie-4.jpg","width":1200,"height":800,"caption":"Sabato il Principe Alberto II ha visitato tre citt\u00e0 italiane legate alla storia dei Grimaldi. \u00a9 Axel Bastello \/ Palazzo del Principe"},{"@type":"BreadcrumbList","@id":"https:\/\/www.monaco-tribune.com\/it\/2023\/11\/il-principe-alberto-ii-continua-le-sue-visite-ai-feudi-dei-grimaldi-in-italia\/#breadcrumb","itemListElement":[{"@type":"ListItem","position":1,"name":"Accueil","item":"https:\/\/www.monaco-tribune.com\/it\/"},{"@type":"ListItem","position":2,"name":"Il Principe Alberto II continua le sue visite ai feudi dei Grimaldi in Italia"}]},{"@type":"WebSite","@id":"https:\/\/www.monaco-tribune.com\/it\/#website","url":"https:\/\/www.monaco-tribune.com\/it\/","name":"Monaco Tribune","description":"Monaco : actualit\u00e9s \u00e9conomiques, politiques, culturelles et sportives de Monaco et de la French Riviera.","publisher":{"@id":"https:\/\/www.monaco-tribune.com\/it\/#organization"},"potentialAction":[{"@type":"SearchAction","target":{"@type":"EntryPoint","urlTemplate":"https:\/\/www.monaco-tribune.com\/it\/?s={search_term_string}"},"query-input":{"@type":"PropertyValueSpecification","valueRequired":true,"valueName":"search_term_string"}}],"inLanguage":"it-IT"},{"@type":"Organization","@id":"https:\/\/www.monaco-tribune.com\/it\/#organization","name":"Monaco Tribune","url":"https:\/\/www.monaco-tribune.com\/it\/","logo":{"@type":"ImageObject","inLanguage":"it-IT","@id":"https:\/\/www.monaco-tribune.com\/it\/#\/schema\/logo\/image\/","url":"https:\/\/www.monaco-tribune.com\/wp-content\/uploads\/2022\/11\/logo-monaco-tribune.png","contentUrl":"https:\/\/www.monaco-tribune.com\/wp-content\/uploads\/2022\/11\/logo-monaco-tribune.png","width":1548,"height":600,"caption":"Monaco Tribune"},"image":{"@id":"https:\/\/www.monaco-tribune.com\/it\/#\/schema\/logo\/image\/"},"sameAs":["https:\/\/www.facebook.com\/MonacoTribune","https:\/\/x.com\/MonacoTribune","https:\/\/www.instagram.com\/monacotribune\/","https:\/\/www.linkedin.com\/company\/monaco-tribune","https:\/\/www.youtube.com\/channel\/UCHle1MnG6hw1y4lWKijVbMA"]},{"@type":"Person","@id":"https:\/\/www.monaco-tribune.com\/it\/#\/schema\/person\/c33a9f1bc99ef5a2e07d37c576060b57","name":"Paul Charoy","image":{"@type":"ImageObject","inLanguage":"it-IT","@id":"https:\/\/secure.gravatar.com\/avatar\/c3a39fd900275d54a628738568f1949e90ce9945d105d000228335a7bad64b38?s=96&d=mm&r=g","url":"https:\/\/secure.gravatar.com\/avatar\/c3a39fd900275d54a628738568f1949e90ce9945d105d000228335a7bad64b38?s=96&d=mm&r=g","contentUrl":"https:\/\/secure.gravatar.com\/avatar\/c3a39fd900275d54a628738568f1949e90ce9945d105d000228335a7bad64b38?s=96&d=mm&r=g","caption":"Paul Charoy"},"url":"https:\/\/www.monaco-tribune.com\/it\/author\/paulcharoy\/"}]}},"_links":{"self":[{"href":"https:\/\/www.monaco-tribune.com\/it\/wp-json\/wp\/v2\/posts\/199991","targetHints":{"allow":["GET"]}}],"collection":[{"href":"https:\/\/www.monaco-tribune.com\/it\/wp-json\/wp\/v2\/posts"}],"about":[{"href":"https:\/\/www.monaco-tribune.com\/it\/wp-json\/wp\/v2\/types\/post"}],"author":[{"embeddable":true,"href":"https:\/\/www.monaco-tribune.com\/it\/wp-json\/wp\/v2\/users\/65"}],"replies":[{"embeddable":true,"href":"https:\/\/www.monaco-tribune.com\/it\/wp-json\/wp\/v2\/comments?post=199991"}],"version-history":[{"count":2,"href":"https:\/\/www.monaco-tribune.com\/it\/wp-json\/wp\/v2\/posts\/199991\/revisions"}],"predecessor-version":[{"id":199994,"href":"https:\/\/www.monaco-tribune.com\/it\/wp-json\/wp\/v2\/posts\/199991\/revisions\/199994"}],"wp:featuredmedia":[{"embeddable":true,"href":"https:\/\/www.monaco-tribune.com\/it\/wp-json\/wp\/v2\/media\/199738"}],"wp:attachment":[{"href":"https:\/\/www.monaco-tribune.com\/it\/wp-json\/wp\/v2\/media?parent=199991"}],"wp:term":[{"taxonomy":"category","embeddable":true,"href":"https:\/\/www.monaco-tribune.com\/it\/wp-json\/wp\/v2\/categories?post=199991"},{"taxonomy":"post_tag","embeddable":true,"href":"https:\/\/www.monaco-tribune.com\/it\/wp-json\/wp\/v2\/tags?post=199991"},{"taxonomy":"sectag","embeddable":true,"href":"https:\/\/www.monaco-tribune.com\/it\/wp-json\/wp\/v2\/post_sectags?post=199991"},{"taxonomy":"format","embeddable":true,"href":"https:\/\/www.monaco-tribune.com\/it\/wp-json\/wp\/v2\/post_format?post=199991"}],"curies":[{"name":"wp","href":"https:\/\/api.w.org\/{rel}","templated":true}]}}