{"id":200989,"date":"2023-11-15T19:13:16","date_gmt":"2023-11-15T17:13:16","guid":{"rendered":"https:\/\/www.monaco-tribune.com\/2023\/11\/parma-prosciutto-parmigiano-e-tanto-altro\/"},"modified":"2023-11-15T19:13:28","modified_gmt":"2023-11-15T17:13:28","slug":"parma-prosciutto-parmigiano-e-tanto-altro","status":"publish","type":"post","link":"https:\/\/www.monaco-tribune.com\/it\/2023\/11\/parma-prosciutto-parmigiano-e-tanto-altro\/","title":{"rendered":"Parma: prosciutto, parmigiano e tanto altro&#8230;"},"content":{"rendered":"\n<p><strong>A poche ore di auto o treno da Monaco e dalla Costa Azzurra, l&#8217;Emilia-Romagna, e la citt\u00e0 di Parma, sono famose per essere uno dei centri della gastronomia italiana. Tuttavia, vista la ricchezza della storia e del patrimonio culturale, sarebbe un peccato ridurre questa regione e la sua citt\u00e0 a soli prosciutto e parmigiano.<\/strong><\/p>\n\n<p>Lungi dall&#8217;essere una delle destinazioni turistiche pi\u00f9 popolari d&#8217;Italia, Parma \u00e8 la citt\u00e0 del turismo lento, dove godersi la buona cucina e la dolce vita italiana, lontano dal turismo di massa di Firenze, Venezia o Cinque Terre.<\/p>\n<div class=\"wp-block-image\">\n<figure class=\"aligncenter size-large\"><img loading=\"lazy\" decoding=\"async\" width=\"1024\" height=\"684\" src=\"https:\/\/www.monaco-tribune.com\/wp-content\/uploads\/2023\/11\/cena-dei-mille-in-piazza-garibaldi-1024x684.jpg\" alt=\"Cena dei Mille in Piazza Garibaldi\" class=\"wp-image-200581\" srcset=\"https:\/\/www.monaco-tribune.com\/wp-content\/uploads\/2023\/11\/cena-dei-mille-in-piazza-garibaldi-1024x684.jpg 1024w, https:\/\/www.monaco-tribune.com\/wp-content\/uploads\/2023\/11\/cena-dei-mille-in-piazza-garibaldi-449x300.jpg 449w, https:\/\/www.monaco-tribune.com\/wp-content\/uploads\/2023\/11\/cena-dei-mille-in-piazza-garibaldi.jpg 1200w\" sizes=\"auto, (max-width: 1024px) 100vw, 1024px\" \/><figcaption class=\"wp-element-caption\">Vera e propria tradizione, nel mese di settembre la Cena dei Mille riunisce un migliaio di persone nella via principale di Parma per rendere omaggio alla gastronomia locale \u00a9 DR<\/figcaption><\/figure>\n<\/div>\n<p>Con una storia millenaria, Parma fa parte di quelle citt\u00e0 fondate dai Romani, tra cui Bologna, Modena e Reggio Emilia, tutte raggiungibili in giornata. Esse si estendono lungo la Via Emilia, che va da Rimini a Piacenza, e hanno tutte tratto vantaggio dalla fertilit\u00e0 della pianura padana e dall&#8217;importanza strategica di questa via, ancora oggi uno dei principali assi stradali dell&#8217;Italia.<\/p>\n\n<p>Sede dell&#8217;illustre famiglia italiana dei Farnese e poi della famiglia reale dei Borbone di Parma, a due riprese la citt\u00e0 ebbe anche un breve periodo francese: la prima volta nel XVI secolo e la seconda sotto Napoleone I. La citt\u00e0 sarebbe stata governata anche dalla seconda moglie dell&#8217;imperatore francese, Maria Luigia d&#8217;Austria. Questa venne soprannominata dai parmigiani &#8220;la buona duchessa&#8221;, per via dell&#8217;incredibile prosperit\u00e0 economica che la citt\u00e0 conobbe sotto il suo regno.<\/p>\n\n<h2 class=\"wp-block-heading\" id=\"h-d-abord-ville-d-art-et-de-culture\">Prima di tutto, una citt\u00e0 d&#8217;arte e di cultura<\/h2>\n\n<p>I Farnese hanno lasciato un segno nella citt\u00e0, a cominciare dal monumentale Palazzo della Pilotta. Nato come un semplice corridoio di servizio lungo un chilometro e mezzo per collegare due palazzi, \u00e8 oggi un gigantesco complesso che ospita la Biblioteca Palatina, la Galleria Nazionale, il Museo Archeologico, il Museo Bodoni e, al piano superiore, il Teatro Farnese.<\/p>\n<div class=\"wp-block-image\">\n<figure class=\"aligncenter size-large\"><img loading=\"lazy\" decoding=\"async\" width=\"1024\" height=\"819\" src=\"https:\/\/www.monaco-tribune.com\/wp-content\/uploads\/2023\/11\/galleria-nazionlae-allinterno-del-complesso-monumentale-della-pilotta-1024x819.jpg\" alt=\"\" class=\"wp-image-200585\" srcset=\"https:\/\/www.monaco-tribune.com\/wp-content\/uploads\/2023\/11\/galleria-nazionlae-allinterno-del-complesso-monumentale-della-pilotta-1024x819.jpg 1024w, https:\/\/www.monaco-tribune.com\/wp-content\/uploads\/2023\/11\/galleria-nazionlae-allinterno-del-complesso-monumentale-della-pilotta-375x300.jpg 375w, https:\/\/www.monaco-tribune.com\/wp-content\/uploads\/2023\/11\/galleria-nazionlae-allinterno-del-complesso-monumentale-della-pilotta.jpg 1200w\" sizes=\"auto, (max-width: 1024px) 100vw, 1024px\" \/><figcaption class=\"wp-element-caption\">Galleria Nazionale \u00a9 DR<\/figcaption><\/figure>\n<\/div>\n<p>Nel 1628, anno in cui fu costruito, quest&#8217;ultimo era il pi\u00f9 grande teatro del mondo. Doveva infatti servire a stupire, oltre che a far imporre la famiglia Farnese come una delle pi\u00f9 importanti d&#8217;Italia. Ancora oggi, nonostante sia stato privato di tutte le statue, i dipinti e le decorazioni in stucco, gli spettatori rimangono sbalorditi dalle dimensioni gigantesche del teatro. Situato al primo piano, \u00e8 lungo oltre 127 metri, largo 32 e alto 22. Ma la vera sorpresa \u00e8 scoprire che, per la sua inaugurazione nel XVII secolo, il centro del teatro fu allagato per inscenare una battaglia navale, proprio come facevano i romani nei loro anfiteatri.<\/p>\n<div class=\"wp-block-image\">\n<figure class=\"aligncenter size-large\"><img loading=\"lazy\" decoding=\"async\" width=\"1024\" height=\"683\" src=\"https:\/\/www.monaco-tribune.com\/wp-content\/uploads\/2023\/11\/teatro-farnese-allinterno-del-complesso-monumentale-della-pilotta-1024x683.jpg\" alt=\"\" class=\"wp-image-200602\" srcset=\"https:\/\/www.monaco-tribune.com\/wp-content\/uploads\/2023\/11\/teatro-farnese-allinterno-del-complesso-monumentale-della-pilotta-1024x683.jpg 1024w, https:\/\/www.monaco-tribune.com\/wp-content\/uploads\/2023\/11\/teatro-farnese-allinterno-del-complesso-monumentale-della-pilotta-450x300.jpg 450w, https:\/\/www.monaco-tribune.com\/wp-content\/uploads\/2023\/11\/teatro-farnese-allinterno-del-complesso-monumentale-della-pilotta.jpg 1200w\" sizes=\"auto, (max-width: 1024px) 100vw, 1024px\" \/><figcaption class=\"wp-element-caption\">Il Teatro Farnese e la sua antica architettura \u00a9 DR<\/figcaption><\/figure>\n<\/div>\n<p>Ma se i Farnese sono parte integrante di Parma, lo era anche Maria Luigia d&#8217;Austria, responsabile dello sviluppo della citt\u00e0 nel XIX secolo: la prosperit\u00e0 economica, infatti, port\u00f2 a una metamorfosi. L&#8217;ex imperatrice ridisegn\u00f2 Parma, l&#8217;architettura divenne pi\u00f9 elegante e comparvero sontuosi palazzi che ancora oggi sfoggiano il loro fascino ai turisti in visita.<\/p>\n\n<p>La duchessa era appassionata di arte e cultura, e voleva fare di Parma una piccola capitale dove i parmigiani non avessero nulla da invidiare alle grandi citt\u00e0 europee. Per questo fece costruire il Teatro Regio, dove invit\u00f2 i pi\u00f9 grandi artisti dell&#8217;epoca, tra cui Niccol\u00f2 Paganini. Contemporaneo di Maria Luigia d&#8217;Austria, Giuseppe Verdi, nato non lontano da Parma, sarebbe diventato l&#8217;artista pi\u00f9 illustre della regione. Ogni anno, alla fine di settembre, la citt\u00e0 celebra il suo compositore con il Festival Verdi.<\/p>\n\n<p>Basta fare una passeggiata in citt\u00e0 per immergersi nell&#8217;atmosfera unica che emana. Con le sue strade vivaci, la maestosa Piazza Garibaldi e il centro storico, la citt\u00e0 risplende a ogni angolo, merito forse anche del giallo Parma che riveste le pareti dei palazzi. Tra la Basilica, intima ma ricca di decorazioni e dettagli barocchi, la Cattedrale, con la cupola dipinta dal Correggio, e il Battistero in marmo rosso e bianco di Verona, la citt\u00e0 sa come stupirvi quando meno ve lo aspettate.<\/p>\n<div class=\"wp-block-image\">\n<figure class=\"aligncenter size-large\"><img loading=\"lazy\" decoding=\"async\" width=\"1024\" height=\"768\" src=\"https:\/\/www.monaco-tribune.com\/wp-content\/uploads\/2023\/11\/dome-cathedrale-parme-1024x768.jpg\" alt=\"dome-cathedrale-parme\" class=\"wp-image-200610\" srcset=\"https:\/\/www.monaco-tribune.com\/wp-content\/uploads\/2023\/11\/dome-cathedrale-parme-1024x768.jpg 1024w, https:\/\/www.monaco-tribune.com\/wp-content\/uploads\/2023\/11\/dome-cathedrale-parme-400x300.jpg 400w, https:\/\/www.monaco-tribune.com\/wp-content\/uploads\/2023\/11\/dome-cathedrale-parme.jpg 1200w\" sizes=\"auto, (max-width: 1024px) 100vw, 1024px\" \/><figcaption class=\"wp-element-caption\">Cattedrale di Parma \u00a9 Monaco Tribune &#8211; Th\u00e9o Briand<\/figcaption><\/figure>\n<\/div>\n<h2 class=\"wp-block-heading\" id=\"h-une-gastronomie-renommee\">Una cucina rinomata<\/h2>\n\n<p>Parma \u00e8 uno dei cuori pulsanti della gastronomia italiana. Sede della Barilla, in particolare, deve molto ai suoi prodotti tipici e alle sue ricette tradizionali. \u00c8 famosa per il suo prosciutto crudo, per l&#8217;aceto balsamico e, soprattutto, per il formaggio amato in tutto il mondo: il Parmigiano Reggiano.<\/p>\n<div class=\"wp-block-image\">\n<figure class=\"aligncenter size-large\"><img loading=\"lazy\" decoding=\"async\" width=\"768\" height=\"1024\" src=\"https:\/\/www.monaco-tribune.com\/wp-content\/uploads\/2023\/11\/parmigiano-reggiano-768x1024.jpg\" alt=\"Parmigiano Reggiano\" class=\"wp-image-200614\" srcset=\"https:\/\/www.monaco-tribune.com\/wp-content\/uploads\/2023\/11\/parmigiano-reggiano-768x1024.jpg 768w, https:\/\/www.monaco-tribune.com\/wp-content\/uploads\/2023\/11\/parmigiano-reggiano-225x300.jpg 225w, https:\/\/www.monaco-tribune.com\/wp-content\/uploads\/2023\/11\/parmigiano-reggiano.jpg 1200w\" sizes=\"auto, (max-width: 768px) 100vw, 768px\" \/><figcaption class=\"wp-element-caption\">Parmigiano Reggiano \u00a9 Monaco Tribune &#8211; Th\u00e9o Briand<\/figcaption><\/figure>\n<\/div>\n<p>Non c&#8217;\u00e8 niente di meglio di una fuga nelle campagne vicine per scoprire e degustare questi prodotti, ammirando anche le bellezze naturali offerte da Torrechiara, ad esempio, un magnifico borgo con un castello fortificato arroccato su una collina.<\/p>\n<div class=\"wp-block-image\">\n<figure class=\"aligncenter size-large\"><img loading=\"lazy\" decoding=\"async\" width=\"1024\" height=\"768\" src=\"https:\/\/www.monaco-tribune.com\/wp-content\/uploads\/2023\/11\/torrechiara-1024x768.jpg\" alt=\"Torrechiara\" class=\"wp-image-200618\" srcset=\"https:\/\/www.monaco-tribune.com\/wp-content\/uploads\/2023\/11\/torrechiara-1024x768.jpg 1024w, https:\/\/www.monaco-tribune.com\/wp-content\/uploads\/2023\/11\/torrechiara-400x300.jpg 400w, https:\/\/www.monaco-tribune.com\/wp-content\/uploads\/2023\/11\/torrechiara.jpg 1200w\" sizes=\"auto, (max-width: 1024px) 100vw, 1024px\" \/><figcaption class=\"wp-element-caption\">Torrechiara \u00a9 Monaco Tribune &#8211; Th\u00e9o Briand<\/figcaption><\/figure>\n<\/div>\n<p>Parma, con il suo ricco patrimonio gastronomico, dal 2002 \u00e8 sede dell&#8217;Autorit\u00e0 europea per la sicurezza alimentare (EFSA), che controlla la qualit\u00e0 e la sicurezza degli alimenti nell&#8217;Unione europea.<\/p>\n\n<h2 class=\"wp-block-heading\" id=\"h-une-ville-tournee-vers-l-avenir\">Una citt\u00e0 rivolta al futuro<\/h2>\n\n<p>Tuttavia, Parma non vive solo del suo passato, ma \u00e8 una citt\u00e0 che guarda anche al futuro sfruttando il suo meraviglioso patrimonio. Dinamica e innovativa, punta sulla cultura e sulla tecnologia per evolversi.<\/p>\n\n<p>Un esempio perfetto di questo approccio \u00e8 La Casa del Suono. Ponte tra il lirismo del passato verdiano e la modernit\u00e0 dei progressi tecnologici odierni, la Casa del Suono ripercorre la storia della riproduzione del suono e offre ai visitatori un&#8217;esperienza unica e immersiva attraverso un&#8217;installazione sonora che li accompagna in un viaggio fatto di suoni.<\/p>\n\n<p>Da vera appassionata della citt\u00e0, Francesca Celato, guida turistica che parla anche francese, vi dar\u00e0 tutti i consigli e le informazioni di cui avrete bisogno: <a href=\"https:\/\/www.francescacelato.com\/\">Francesca Celato<\/a><\/p>\n\n<p><em>Per maggiori informazioni sulla citt\u00e0 e sulle attivit\u00e0:<\/em> <em><a href=\"https:\/\/www.parmawelcome.it\/it\/\">ParmaWelcome<\/a><\/em><\/p>\n\n<p>A cura di <a href=\"https:\/\/www.monaco-tribune.com\/author\/theobriand\/\">Th\u00e9o Briand<\/a><\/p>\n","protected":false},"excerpt":{"rendered":"<p>A poche ore di auto o treno da Monaco e dalla Costa Azzurra, l&#8217;Emilia-Romagna, e la citt\u00e0 di Parma, sono [&hellip;]<\/p>\n","protected":false},"author":21,"featured_media":200574,"comment_status":"closed","ping_status":"closed","sticky":false,"template":"","format":"standard","meta":{"_acf_changed":false,"footnotes":""},"categories":[1740,1826,1738],"tags":[2999],"post_sectags":[4260],"post_format":[2486],"class_list":["post-200989","post","type-post","status-publish","format-standard","has-post-thumbnail","hentry","category-cosa-fare","category-la-nostra-scelta","category-notizie","tag-patrimonio","sectag-turismo","format-servizio"],"acf":[],"yoast_head":"<!-- This site is optimized with the Yoast SEO Premium plugin v27.5 (Yoast SEO v27.5) - https:\/\/yoast.com\/product\/yoast-seo-premium-wordpress\/ -->\n<title>Parma: prosciutto, parmigiano e tanto altro...<\/title>\n<meta name=\"description\" content=\"A poche ore di auto o treno da Monaco e dalla Costa Azzurra, l&#039;Emilia-Romagna, e la citt\u00e0 di Parma, sono famose per essere uno dei centri della\" \/>\n<meta name=\"robots\" content=\"index, follow, max-snippet:-1, max-image-preview:large, max-video-preview:-1\" \/>\n<link rel=\"canonical\" href=\"https:\/\/www.monaco-tribune.com\/it\/2023\/11\/parma-prosciutto-parmigiano-e-tanto-altro\/\" \/>\n<meta property=\"og:locale\" content=\"it_IT\" \/>\n<meta property=\"og:type\" content=\"article\" \/>\n<meta property=\"og:title\" content=\"Parma: prosciutto, parmigiano e tanto altro... - Monaco Tribune\" \/>\n<meta property=\"og:description\" content=\"A poche ore di auto o treno da Monaco e dalla Costa Azzurra, l&#039;Emilia-Romagna, e la citt\u00e0 di Parma, sono famose per essere uno dei centri della\" \/>\n<meta property=\"og:url\" content=\"https:\/\/www.monaco-tribune.com\/it\/2023\/11\/parma-prosciutto-parmigiano-e-tanto-altro\/\" \/>\n<meta property=\"og:site_name\" content=\"Monaco Tribune\" \/>\n<meta property=\"article:publisher\" content=\"https:\/\/www.facebook.com\/MonacoTribune\" \/>\n<meta property=\"article:published_time\" content=\"2023-11-15T17:13:16+00:00\" \/>\n<meta property=\"article:modified_time\" content=\"2023-11-15T17:13:28+00:00\" \/>\n<meta property=\"og:image\" content=\"https:\/\/www.monaco-tribune.com\/wp-content\/uploads\/2023\/11\/statua-di-giuseppe-verdi-in-piazzale-san-francesco-con-veduta-alle-spalle-di-san-francesco-del-prato.jpg\" \/>\n\t<meta property=\"og:image:width\" content=\"1200\" \/>\n\t<meta property=\"og:image:height\" content=\"802\" \/>\n\t<meta property=\"og:image:type\" content=\"image\/jpeg\" \/>\n<meta name=\"author\" content=\"Monaco Tribune\" \/>\n<meta name=\"twitter:card\" content=\"summary_large_image\" \/>\n<meta name=\"twitter:creator\" content=\"@MonacoTribune\" \/>\n<meta name=\"twitter:site\" content=\"@MonacoTribune\" \/>\n<script type=\"application\/ld+json\" class=\"yoast-schema-graph\">{\"@context\":\"https:\\\/\\\/schema.org\",\"@graph\":[{\"@type\":\"NewsArticle\",\"@id\":\"https:\\\/\\\/www.monaco-tribune.com\\\/it\\\/2023\\\/11\\\/parma-prosciutto-parmigiano-e-tanto-altro\\\/#article\",\"isPartOf\":{\"@id\":\"https:\\\/\\\/www.monaco-tribune.com\\\/it\\\/2023\\\/11\\\/parma-prosciutto-parmigiano-e-tanto-altro\\\/\"},\"author\":{\"name\":\"Monaco Tribune\",\"@id\":\"https:\\\/\\\/www.monaco-tribune.com\\\/it\\\/#\\\/schema\\\/person\\\/8f6ed8c063276e2397589eda5b7a2f2d\"},\"headline\":\"Parma: prosciutto, parmigiano e tanto altro&#8230;\",\"datePublished\":\"2023-11-15T17:13:16+00:00\",\"dateModified\":\"2023-11-15T17:13:28+00:00\",\"mainEntityOfPage\":{\"@id\":\"https:\\\/\\\/www.monaco-tribune.com\\\/it\\\/2023\\\/11\\\/parma-prosciutto-parmigiano-e-tanto-altro\\\/\"},\"wordCount\":950,\"publisher\":{\"@id\":\"https:\\\/\\\/www.monaco-tribune.com\\\/it\\\/#organization\"},\"image\":{\"@id\":\"https:\\\/\\\/www.monaco-tribune.com\\\/it\\\/2023\\\/11\\\/parma-prosciutto-parmigiano-e-tanto-altro\\\/#primaryimage\"},\"thumbnailUrl\":\"https:\\\/\\\/www.monaco-tribune.com\\\/wp-content\\\/uploads\\\/2023\\\/11\\\/statua-di-giuseppe-verdi-in-piazzale-san-francesco-con-veduta-alle-spalle-di-san-francesco-del-prato.jpg\",\"keywords\":[\"Patrimonio\"],\"articleSection\":[\"Cosa fare\",\"La nostra scelta\",\"Notizie\"],\"inLanguage\":\"it-IT\",\"copyrightYear\":\"2023\",\"copyrightHolder\":{\"@id\":\"https:\\\/\\\/www.monaco-tribune.com\\\/#organization\"}},{\"@type\":\"WebPage\",\"@id\":\"https:\\\/\\\/www.monaco-tribune.com\\\/it\\\/2023\\\/11\\\/parma-prosciutto-parmigiano-e-tanto-altro\\\/\",\"url\":\"https:\\\/\\\/www.monaco-tribune.com\\\/it\\\/2023\\\/11\\\/parma-prosciutto-parmigiano-e-tanto-altro\\\/\",\"name\":\"Parma: prosciutto, parmigiano e tanto altro...\",\"isPartOf\":{\"@id\":\"https:\\\/\\\/www.monaco-tribune.com\\\/it\\\/#website\"},\"primaryImageOfPage\":{\"@id\":\"https:\\\/\\\/www.monaco-tribune.com\\\/it\\\/2023\\\/11\\\/parma-prosciutto-parmigiano-e-tanto-altro\\\/#primaryimage\"},\"image\":{\"@id\":\"https:\\\/\\\/www.monaco-tribune.com\\\/it\\\/2023\\\/11\\\/parma-prosciutto-parmigiano-e-tanto-altro\\\/#primaryimage\"},\"thumbnailUrl\":\"https:\\\/\\\/www.monaco-tribune.com\\\/wp-content\\\/uploads\\\/2023\\\/11\\\/statua-di-giuseppe-verdi-in-piazzale-san-francesco-con-veduta-alle-spalle-di-san-francesco-del-prato.jpg\",\"datePublished\":\"2023-11-15T17:13:16+00:00\",\"dateModified\":\"2023-11-15T17:13:28+00:00\",\"description\":\"A poche ore di auto o treno da Monaco e dalla Costa Azzurra, l'Emilia-Romagna, e la citt\u00e0 di Parma, sono famose per essere uno dei centri della\",\"breadcrumb\":{\"@id\":\"https:\\\/\\\/www.monaco-tribune.com\\\/it\\\/2023\\\/11\\\/parma-prosciutto-parmigiano-e-tanto-altro\\\/#breadcrumb\"},\"inLanguage\":\"it-IT\",\"potentialAction\":[{\"@type\":\"ReadAction\",\"target\":[\"https:\\\/\\\/www.monaco-tribune.com\\\/it\\\/2023\\\/11\\\/parma-prosciutto-parmigiano-e-tanto-altro\\\/\"]}]},{\"@type\":\"ImageObject\",\"inLanguage\":\"it-IT\",\"@id\":\"https:\\\/\\\/www.monaco-tribune.com\\\/it\\\/2023\\\/11\\\/parma-prosciutto-parmigiano-e-tanto-altro\\\/#primaryimage\",\"url\":\"https:\\\/\\\/www.monaco-tribune.com\\\/wp-content\\\/uploads\\\/2023\\\/11\\\/statua-di-giuseppe-verdi-in-piazzale-san-francesco-con-veduta-alle-spalle-di-san-francesco-del-prato.jpg\",\"contentUrl\":\"https:\\\/\\\/www.monaco-tribune.com\\\/wp-content\\\/uploads\\\/2023\\\/11\\\/statua-di-giuseppe-verdi-in-piazzale-san-francesco-con-veduta-alle-spalle-di-san-francesco-del-prato.jpg\",\"width\":1200,\"height\":802,\"caption\":\"Il monumento a Giuseppe Verdi a Parma \u00a9 DR\"},{\"@type\":\"BreadcrumbList\",\"@id\":\"https:\\\/\\\/www.monaco-tribune.com\\\/it\\\/2023\\\/11\\\/parma-prosciutto-parmigiano-e-tanto-altro\\\/#breadcrumb\",\"itemListElement\":[{\"@type\":\"ListItem\",\"position\":1,\"name\":\"Accueil\",\"item\":\"https:\\\/\\\/www.monaco-tribune.com\\\/it\\\/\"},{\"@type\":\"ListItem\",\"position\":2,\"name\":\"Parma: prosciutto, parmigiano e tanto altro&#8230;\"}]},{\"@type\":\"WebSite\",\"@id\":\"https:\\\/\\\/www.monaco-tribune.com\\\/it\\\/#website\",\"url\":\"https:\\\/\\\/www.monaco-tribune.com\\\/it\\\/\",\"name\":\"Monaco Tribune\",\"description\":\"Monaco : actualit\u00e9s \u00e9conomiques, politiques, culturelles et sportives de Monaco et de la French Riviera.\",\"publisher\":{\"@id\":\"https:\\\/\\\/www.monaco-tribune.com\\\/it\\\/#organization\"},\"potentialAction\":[{\"@type\":\"SearchAction\",\"target\":{\"@type\":\"EntryPoint\",\"urlTemplate\":\"https:\\\/\\\/www.monaco-tribune.com\\\/it\\\/?s={search_term_string}\"},\"query-input\":{\"@type\":\"PropertyValueSpecification\",\"valueRequired\":true,\"valueName\":\"search_term_string\"}}],\"inLanguage\":\"it-IT\"},{\"@type\":\"Organization\",\"@id\":\"https:\\\/\\\/www.monaco-tribune.com\\\/it\\\/#organization\",\"name\":\"Monaco Tribune\",\"url\":\"https:\\\/\\\/www.monaco-tribune.com\\\/it\\\/\",\"logo\":{\"@type\":\"ImageObject\",\"inLanguage\":\"it-IT\",\"@id\":\"https:\\\/\\\/www.monaco-tribune.com\\\/it\\\/#\\\/schema\\\/logo\\\/image\\\/\",\"url\":\"https:\\\/\\\/www.monaco-tribune.com\\\/wp-content\\\/uploads\\\/2022\\\/11\\\/logo-monaco-tribune.png\",\"contentUrl\":\"https:\\\/\\\/www.monaco-tribune.com\\\/wp-content\\\/uploads\\\/2022\\\/11\\\/logo-monaco-tribune.png\",\"width\":1548,\"height\":600,\"caption\":\"Monaco Tribune\"},\"image\":{\"@id\":\"https:\\\/\\\/www.monaco-tribune.com\\\/it\\\/#\\\/schema\\\/logo\\\/image\\\/\"},\"sameAs\":[\"https:\\\/\\\/www.facebook.com\\\/MonacoTribune\",\"https:\\\/\\\/x.com\\\/MonacoTribune\",\"https:\\\/\\\/www.instagram.com\\\/monacotribune\\\/\",\"https:\\\/\\\/www.linkedin.com\\\/company\\\/monaco-tribune\",\"https:\\\/\\\/www.youtube.com\\\/channel\\\/UCHle1MnG6hw1y4lWKijVbMA\"]},{\"@type\":\"Person\",\"@id\":\"https:\\\/\\\/www.monaco-tribune.com\\\/it\\\/#\\\/schema\\\/person\\\/8f6ed8c063276e2397589eda5b7a2f2d\",\"name\":\"Monaco Tribune\",\"image\":{\"@type\":\"ImageObject\",\"inLanguage\":\"it-IT\",\"@id\":\"https:\\\/\\\/secure.gravatar.com\\\/avatar\\\/3010e6c5d6c8056ec1c25228fe68ea089879e5ae0de884e0247744ee988aaf6a?s=96&d=mm&r=g\",\"url\":\"https:\\\/\\\/secure.gravatar.com\\\/avatar\\\/3010e6c5d6c8056ec1c25228fe68ea089879e5ae0de884e0247744ee988aaf6a?s=96&d=mm&r=g\",\"contentUrl\":\"https:\\\/\\\/secure.gravatar.com\\\/avatar\\\/3010e6c5d6c8056ec1c25228fe68ea089879e5ae0de884e0247744ee988aaf6a?s=96&d=mm&r=g\",\"caption\":\"Monaco Tribune\"},\"url\":\"https:\\\/\\\/www.monaco-tribune.com\\\/it\\\/author\\\/monaco-tribune\\\/\"}]}<\/script>\n<!-- \/ Yoast SEO Premium plugin. -->","yoast_head_json":{"title":"Parma: prosciutto, parmigiano e tanto altro...","description":"A poche ore di auto o treno da Monaco e dalla Costa Azzurra, l'Emilia-Romagna, e la citt\u00e0 di Parma, sono famose per essere uno dei centri della","robots":{"index":"index","follow":"follow","max-snippet":"max-snippet:-1","max-image-preview":"max-image-preview:large","max-video-preview":"max-video-preview:-1"},"canonical":"https:\/\/www.monaco-tribune.com\/it\/2023\/11\/parma-prosciutto-parmigiano-e-tanto-altro\/","og_locale":"it_IT","og_type":"article","og_title":"Parma: prosciutto, parmigiano e tanto altro... - Monaco Tribune","og_description":"A poche ore di auto o treno da Monaco e dalla Costa Azzurra, l'Emilia-Romagna, e la citt\u00e0 di Parma, sono famose per essere uno dei centri della","og_url":"https:\/\/www.monaco-tribune.com\/it\/2023\/11\/parma-prosciutto-parmigiano-e-tanto-altro\/","og_site_name":"Monaco Tribune","article_publisher":"https:\/\/www.facebook.com\/MonacoTribune","article_published_time":"2023-11-15T17:13:16+00:00","article_modified_time":"2023-11-15T17:13:28+00:00","og_image":[{"width":1200,"height":802,"url":"https:\/\/www.monaco-tribune.com\/wp-content\/uploads\/2023\/11\/statua-di-giuseppe-verdi-in-piazzale-san-francesco-con-veduta-alle-spalle-di-san-francesco-del-prato.jpg","type":"image\/jpeg"}],"author":"Monaco Tribune","twitter_card":"summary_large_image","twitter_creator":"@MonacoTribune","twitter_site":"@MonacoTribune","schema":{"@context":"https:\/\/schema.org","@graph":[{"@type":"NewsArticle","@id":"https:\/\/www.monaco-tribune.com\/it\/2023\/11\/parma-prosciutto-parmigiano-e-tanto-altro\/#article","isPartOf":{"@id":"https:\/\/www.monaco-tribune.com\/it\/2023\/11\/parma-prosciutto-parmigiano-e-tanto-altro\/"},"author":{"name":"Monaco Tribune","@id":"https:\/\/www.monaco-tribune.com\/it\/#\/schema\/person\/8f6ed8c063276e2397589eda5b7a2f2d"},"headline":"Parma: prosciutto, parmigiano e tanto altro&#8230;","datePublished":"2023-11-15T17:13:16+00:00","dateModified":"2023-11-15T17:13:28+00:00","mainEntityOfPage":{"@id":"https:\/\/www.monaco-tribune.com\/it\/2023\/11\/parma-prosciutto-parmigiano-e-tanto-altro\/"},"wordCount":950,"publisher":{"@id":"https:\/\/www.monaco-tribune.com\/it\/#organization"},"image":{"@id":"https:\/\/www.monaco-tribune.com\/it\/2023\/11\/parma-prosciutto-parmigiano-e-tanto-altro\/#primaryimage"},"thumbnailUrl":"https:\/\/www.monaco-tribune.com\/wp-content\/uploads\/2023\/11\/statua-di-giuseppe-verdi-in-piazzale-san-francesco-con-veduta-alle-spalle-di-san-francesco-del-prato.jpg","keywords":["Patrimonio"],"articleSection":["Cosa fare","La nostra scelta","Notizie"],"inLanguage":"it-IT","copyrightYear":"2023","copyrightHolder":{"@id":"https:\/\/www.monaco-tribune.com\/#organization"}},{"@type":"WebPage","@id":"https:\/\/www.monaco-tribune.com\/it\/2023\/11\/parma-prosciutto-parmigiano-e-tanto-altro\/","url":"https:\/\/www.monaco-tribune.com\/it\/2023\/11\/parma-prosciutto-parmigiano-e-tanto-altro\/","name":"Parma: prosciutto, parmigiano e tanto altro...","isPartOf":{"@id":"https:\/\/www.monaco-tribune.com\/it\/#website"},"primaryImageOfPage":{"@id":"https:\/\/www.monaco-tribune.com\/it\/2023\/11\/parma-prosciutto-parmigiano-e-tanto-altro\/#primaryimage"},"image":{"@id":"https:\/\/www.monaco-tribune.com\/it\/2023\/11\/parma-prosciutto-parmigiano-e-tanto-altro\/#primaryimage"},"thumbnailUrl":"https:\/\/www.monaco-tribune.com\/wp-content\/uploads\/2023\/11\/statua-di-giuseppe-verdi-in-piazzale-san-francesco-con-veduta-alle-spalle-di-san-francesco-del-prato.jpg","datePublished":"2023-11-15T17:13:16+00:00","dateModified":"2023-11-15T17:13:28+00:00","description":"A poche ore di auto o treno da Monaco e dalla Costa Azzurra, l'Emilia-Romagna, e la citt\u00e0 di Parma, sono famose per essere uno dei centri della","breadcrumb":{"@id":"https:\/\/www.monaco-tribune.com\/it\/2023\/11\/parma-prosciutto-parmigiano-e-tanto-altro\/#breadcrumb"},"inLanguage":"it-IT","potentialAction":[{"@type":"ReadAction","target":["https:\/\/www.monaco-tribune.com\/it\/2023\/11\/parma-prosciutto-parmigiano-e-tanto-altro\/"]}]},{"@type":"ImageObject","inLanguage":"it-IT","@id":"https:\/\/www.monaco-tribune.com\/it\/2023\/11\/parma-prosciutto-parmigiano-e-tanto-altro\/#primaryimage","url":"https:\/\/www.monaco-tribune.com\/wp-content\/uploads\/2023\/11\/statua-di-giuseppe-verdi-in-piazzale-san-francesco-con-veduta-alle-spalle-di-san-francesco-del-prato.jpg","contentUrl":"https:\/\/www.monaco-tribune.com\/wp-content\/uploads\/2023\/11\/statua-di-giuseppe-verdi-in-piazzale-san-francesco-con-veduta-alle-spalle-di-san-francesco-del-prato.jpg","width":1200,"height":802,"caption":"Il monumento a Giuseppe Verdi a Parma \u00a9 DR"},{"@type":"BreadcrumbList","@id":"https:\/\/www.monaco-tribune.com\/it\/2023\/11\/parma-prosciutto-parmigiano-e-tanto-altro\/#breadcrumb","itemListElement":[{"@type":"ListItem","position":1,"name":"Accueil","item":"https:\/\/www.monaco-tribune.com\/it\/"},{"@type":"ListItem","position":2,"name":"Parma: prosciutto, parmigiano e tanto altro&#8230;"}]},{"@type":"WebSite","@id":"https:\/\/www.monaco-tribune.com\/it\/#website","url":"https:\/\/www.monaco-tribune.com\/it\/","name":"Monaco Tribune","description":"Monaco : actualit\u00e9s \u00e9conomiques, politiques, culturelles et sportives de Monaco et de la French Riviera.","publisher":{"@id":"https:\/\/www.monaco-tribune.com\/it\/#organization"},"potentialAction":[{"@type":"SearchAction","target":{"@type":"EntryPoint","urlTemplate":"https:\/\/www.monaco-tribune.com\/it\/?s={search_term_string}"},"query-input":{"@type":"PropertyValueSpecification","valueRequired":true,"valueName":"search_term_string"}}],"inLanguage":"it-IT"},{"@type":"Organization","@id":"https:\/\/www.monaco-tribune.com\/it\/#organization","name":"Monaco Tribune","url":"https:\/\/www.monaco-tribune.com\/it\/","logo":{"@type":"ImageObject","inLanguage":"it-IT","@id":"https:\/\/www.monaco-tribune.com\/it\/#\/schema\/logo\/image\/","url":"https:\/\/www.monaco-tribune.com\/wp-content\/uploads\/2022\/11\/logo-monaco-tribune.png","contentUrl":"https:\/\/www.monaco-tribune.com\/wp-content\/uploads\/2022\/11\/logo-monaco-tribune.png","width":1548,"height":600,"caption":"Monaco Tribune"},"image":{"@id":"https:\/\/www.monaco-tribune.com\/it\/#\/schema\/logo\/image\/"},"sameAs":["https:\/\/www.facebook.com\/MonacoTribune","https:\/\/x.com\/MonacoTribune","https:\/\/www.instagram.com\/monacotribune\/","https:\/\/www.linkedin.com\/company\/monaco-tribune","https:\/\/www.youtube.com\/channel\/UCHle1MnG6hw1y4lWKijVbMA"]},{"@type":"Person","@id":"https:\/\/www.monaco-tribune.com\/it\/#\/schema\/person\/8f6ed8c063276e2397589eda5b7a2f2d","name":"Monaco Tribune","image":{"@type":"ImageObject","inLanguage":"it-IT","@id":"https:\/\/secure.gravatar.com\/avatar\/3010e6c5d6c8056ec1c25228fe68ea089879e5ae0de884e0247744ee988aaf6a?s=96&d=mm&r=g","url":"https:\/\/secure.gravatar.com\/avatar\/3010e6c5d6c8056ec1c25228fe68ea089879e5ae0de884e0247744ee988aaf6a?s=96&d=mm&r=g","contentUrl":"https:\/\/secure.gravatar.com\/avatar\/3010e6c5d6c8056ec1c25228fe68ea089879e5ae0de884e0247744ee988aaf6a?s=96&d=mm&r=g","caption":"Monaco Tribune"},"url":"https:\/\/www.monaco-tribune.com\/it\/author\/monaco-tribune\/"}]}},"_links":{"self":[{"href":"https:\/\/www.monaco-tribune.com\/it\/wp-json\/wp\/v2\/posts\/200989","targetHints":{"allow":["GET"]}}],"collection":[{"href":"https:\/\/www.monaco-tribune.com\/it\/wp-json\/wp\/v2\/posts"}],"about":[{"href":"https:\/\/www.monaco-tribune.com\/it\/wp-json\/wp\/v2\/types\/post"}],"author":[{"embeddable":true,"href":"https:\/\/www.monaco-tribune.com\/it\/wp-json\/wp\/v2\/users\/21"}],"replies":[{"embeddable":true,"href":"https:\/\/www.monaco-tribune.com\/it\/wp-json\/wp\/v2\/comments?post=200989"}],"version-history":[{"count":2,"href":"https:\/\/www.monaco-tribune.com\/it\/wp-json\/wp\/v2\/posts\/200989\/revisions"}],"predecessor-version":[{"id":200992,"href":"https:\/\/www.monaco-tribune.com\/it\/wp-json\/wp\/v2\/posts\/200989\/revisions\/200992"}],"wp:featuredmedia":[{"embeddable":true,"href":"https:\/\/www.monaco-tribune.com\/it\/wp-json\/wp\/v2\/media\/200574"}],"wp:attachment":[{"href":"https:\/\/www.monaco-tribune.com\/it\/wp-json\/wp\/v2\/media?parent=200989"}],"wp:term":[{"taxonomy":"category","embeddable":true,"href":"https:\/\/www.monaco-tribune.com\/it\/wp-json\/wp\/v2\/categories?post=200989"},{"taxonomy":"post_tag","embeddable":true,"href":"https:\/\/www.monaco-tribune.com\/it\/wp-json\/wp\/v2\/tags?post=200989"},{"taxonomy":"sectag","embeddable":true,"href":"https:\/\/www.monaco-tribune.com\/it\/wp-json\/wp\/v2\/post_sectags?post=200989"},{"taxonomy":"format","embeddable":true,"href":"https:\/\/www.monaco-tribune.com\/it\/wp-json\/wp\/v2\/post_format?post=200989"}],"curies":[{"name":"wp","href":"https:\/\/api.w.org\/{rel}","templated":true}]}}