{"id":201376,"date":"2023-11-17T18:48:12","date_gmt":"2023-11-17T16:48:12","guid":{"rendered":"https:\/\/www.monaco-tribune.com\/2023\/11\/la-british-school-of-monaco-ha-festeggiato-il-suo-primo-anniversario-alla-presenza-del-principe-alberto-ii\/"},"modified":"2023-11-17T18:48:20","modified_gmt":"2023-11-17T16:48:20","slug":"la-british-school-of-monaco-ha-festeggiato-il-suo-primo-anniversario-alla-presenza-del-principe-alberto-ii","status":"publish","type":"post","link":"https:\/\/www.monaco-tribune.com\/it\/2023\/11\/la-british-school-of-monaco-ha-festeggiato-il-suo-primo-anniversario-alla-presenza-del-principe-alberto-ii\/","title":{"rendered":"La British School of Monaco ha festeggiato il suo primo anniversario alla presenza del Principe Alberto II"},"content":{"rendered":"\n<p><strong>\u00c8 stato il Sovrano a inaugurare questa nuova scuola, che offre una formazione britannica ai bambini dai 5 agli 11 anni.<\/strong><\/p>\n\n<p>&#8220;Piccole dimensioni, ma grandi ambizioni&#8221;. Luned\u00ec 13 novembre, <a href=\"https:\/\/www.monaco-tribune.com\/it\/2022\/10\/a-monaco-aprira-a-breve-una-scuola-britannica-al-100\/\">la British School of Monaco<\/a> ha festeggiato il suo primo anniversario alla presenza del Principe Alberto II, che ha inaugurato la scuola e ha svelato la targa commemorativa della sua visita a questo istituto 100% britannico.<\/p>\n<div class=\"wp-block-image\">\n<figure class=\"aligncenter size-large\"><img loading=\"lazy\" decoding=\"async\" width=\"1024\" height=\"940\" src=\"https:\/\/www.monaco-tribune.com\/wp-content\/uploads\/2023\/11\/british-school-monaco-prince-albert-ii-inauguration-1024x940.jpg\" alt=\"british-school-monaco-prince-albert-ii-inauguration\" class=\"wp-image-200761\" srcset=\"https:\/\/www.monaco-tribune.com\/wp-content\/uploads\/2023\/11\/british-school-monaco-prince-albert-ii-inauguration-1024x940.jpg 1024w, https:\/\/www.monaco-tribune.com\/wp-content\/uploads\/2023\/11\/british-school-monaco-prince-albert-ii-inauguration-327x300.jpg 327w, https:\/\/www.monaco-tribune.com\/wp-content\/uploads\/2023\/11\/british-school-monaco-prince-albert-ii-inauguration.jpg 1200w\" sizes=\"auto, (max-width: 1024px) 100vw, 1024px\" \/><figcaption class=\"wp-element-caption\"><em>Il Sovrano ha svelato la targa commemorativa dell&#8217;inaugurazione della scuola insieme ai suoi due fondatori: Olena Prykhodko e Luke Sullivan &#8211; \u00a9 V. Maselli \/ The British School of Monaco<\/em><\/figcaption><\/figure>\n<\/div>\n<p>Erano presenti anche Isabelle Bonnal, Commissario Generale responsabile del Dipartimento dell&#8217;Istruzione Nazionale, della Giovent\u00f9 e dello Sport (DENJS), Patrice Cellario, Consigliere di Governo del Ministro dell&#8217;Interno, e R\u00e9gis Bergonsi, Consigliere Nazionale, in rappresentanza della Presidentessa della Camera, Brigitte Boccone-Pag\u00e8s.<\/p>\n<div class=\"wp-block-image\">\n<figure class=\"aligncenter size-large\"><img loading=\"lazy\" decoding=\"async\" width=\"1024\" height=\"683\" src=\"https:\/\/www.monaco-tribune.com\/wp-content\/uploads\/2023\/11\/prince-albert-ii-british-school-monaco-1024x683.jpg\" alt=\"prince-albert-ii-british-school-monaco\" class=\"wp-image-200773\" srcset=\"https:\/\/www.monaco-tribune.com\/wp-content\/uploads\/2023\/11\/prince-albert-ii-british-school-monaco-1024x683.jpg 1024w, https:\/\/www.monaco-tribune.com\/wp-content\/uploads\/2023\/11\/prince-albert-ii-british-school-monaco-450x300.jpg 450w, https:\/\/www.monaco-tribune.com\/wp-content\/uploads\/2023\/11\/prince-albert-ii-british-school-monaco.jpg 1200w\" sizes=\"auto, (max-width: 1024px) 100vw, 1024px\" \/><figcaption class=\"wp-element-caption\"><em>Gli alunni della scuola hanno offerto dei doni ai funzionari venuti per l&#8217;inaugurazione. Il Sovrano ha ricevuto dei cappellini da dare al Principe e alla Principessa &#8211; \u00a9 V. Maselli \/ The British School of Monaco<\/em><\/figcaption><\/figure>\n<\/div>\n<p>\u00c8 stata l&#8217;occasione per celebrare non solo l&#8217;anniversario, ma anche la crescita della scuola, che in un solo anno \u00e8 passata da 7 a 35 alunni, con una capacit\u00e0 massima di 96 bambini. Questi hanno un&#8217;et\u00e0 compresa tra i 5 e gli 11 anni (in linea con gli standard britannici) e sono divisi in sei classi.<\/p>\n\n<p class=\"related\"><a href=\"https:\/\/www.monaco-tribune.com\/it\/2023\/02\/international-university-of-monaco-i-5-segreti-del-suo-successo\/\">International University of Monaco: i 5 segreti del suo successo<\/a><\/p>\n\n<h2 class=\"wp-block-heading\" id=\"h-de-tout-petits-effectifs\">Numeri molto piccoli<\/h2>\n\n<p>&#8220;Ogni classe \u00e8 composta da 5 o 6 alunni. Quando la scuola sar\u00e0 al completo, il massimo sar\u00e0 di 16 alunni per classe&#8221;, spiega Olena Prykhodko, cofondatrice della scuola insieme a Luke Sullivan.<\/p>\n\n<p>Sebbene le lezioni siano tenute in inglese, gli alunni non sono necessariamente anglofoni, anzi! Attualmente la scuola conta 17 nazionalit\u00e0 diverse. &#8220;A volte ci sono bambini che non parlano affatto l&#8217;inglese, ma recuperano molto rapidamente&#8221;, continua Olena.<\/p>\n<div class=\"wp-block-image\">\n<figure class=\"aligncenter size-large\"><img loading=\"lazy\" decoding=\"async\" width=\"1024\" height=\"683\" src=\"https:\/\/www.monaco-tribune.com\/wp-content\/uploads\/2023\/11\/british-school-monaco-eleves-1024x683.jpg\" alt=\"british-school-monaco-eleves\" class=\"wp-image-200757\" srcset=\"https:\/\/www.monaco-tribune.com\/wp-content\/uploads\/2023\/11\/british-school-monaco-eleves-1024x683.jpg 1024w, https:\/\/www.monaco-tribune.com\/wp-content\/uploads\/2023\/11\/british-school-monaco-eleves-450x300.jpg 450w, https:\/\/www.monaco-tribune.com\/wp-content\/uploads\/2023\/11\/british-school-monaco-eleves.jpg 1200w\" sizes=\"auto, (max-width: 1024px) 100vw, 1024px\" \/><figcaption class=\"wp-element-caption\"><em>In questa scuola \u00e8 obbligatorio indossare l&#8217;uniforme e le scarpe nere &#8211; \u00a9 V. Maselli \/ The British School of Monaco<\/em><\/figcaption><\/figure>\n<\/div>\n<p>Il programma di studi, invece, \u00e8 del tutto in linea con quello insegnato nelle scuole britanniche. &#8220;L&#8217;approccio all&#8217;apprendimento \u00e8 un po&#8217; diverso dal sistema francese e monegasco&#8221;, spiega Olena. &#8220;Nella nostra scuola, e nel sistema inglese, ci concentriamo molto sulla lettura: i bambini leggono un libro per un trimestre e molte materie si evolvono intorno a esso. Matematica, scienze&#8230; Tutto \u00e8 collegato&#8221;.<\/p>\n\n<h2 class=\"wp-block-heading\" id=\"h-bientot-un-elargissement-au-secondaire\">Presto anche scuola secondaria?<\/h2>\n\n<p>Gli insegnanti, invece, sono stati accuratamente selezionati prima di essere &#8220;importati dal Regno Unito&#8221;. Tutti hanno almeno cinque anni di esperienza nel campo dell&#8217;istruzione primaria, oltre a un master in educazione o allo status di insegnante qualificato.<\/p>\n\n<p>Un&#8217;eccellenza che ha un costo: essendo una scuola interamente privata, senza altri finanziamenti se non quelli delle famiglie, queste ultime devono sostenere una retta di 35.000\u20ac all&#8217;anno per far frequentare il proprio figlio.<\/p>\n<div class=\"wp-block-image\">\n<figure class=\"aligncenter size-large\"><img loading=\"lazy\" decoding=\"async\" width=\"1024\" height=\"683\" src=\"https:\/\/www.monaco-tribune.com\/wp-content\/uploads\/2023\/11\/british-school-monaco-prince-albert-ii-1024x683.jpg\" alt=\"british-school-monaco-prince-albert-ii\" class=\"wp-image-200765\" srcset=\"https:\/\/www.monaco-tribune.com\/wp-content\/uploads\/2023\/11\/british-school-monaco-prince-albert-ii-1024x683.jpg 1024w, https:\/\/www.monaco-tribune.com\/wp-content\/uploads\/2023\/11\/british-school-monaco-prince-albert-ii-450x300.jpg 450w, https:\/\/www.monaco-tribune.com\/wp-content\/uploads\/2023\/11\/british-school-monaco-prince-albert-ii.jpg 1200w\" sizes=\"auto, (max-width: 1024px) 100vw, 1024px\" \/><figcaption class=\"wp-element-caption\"><em>Le classi sono composte da un massimo di 16 alunni, il che favorisce l&#8217;apprendimento &#8211; \u00a9 V. Maselli \/ The British School of Monaco<\/em><\/figcaption><\/figure>\n<\/div>\n<p>Sebbene la British School of Monaco fornisca attualmente solo l&#8217;istruzione primaria, sta pensando di espandersi all&#8217;istruzione secondaria (dagli 11 ai 18 anni). &#8220;Faremo domanda al Governo, ma il nostro obiettivo \u00e8 quello di rimanere una scuola piccola. La scuola secondaria non avr\u00e0 quindi pi\u00f9 di una classe per anno, ovvero un centinaio di alunni in tutto&#8221;, conclude Olena Prykhodko.<\/p>\n","protected":false},"excerpt":{"rendered":"<p>\u00c8 stato il Sovrano a inaugurare questa nuova scuola, che offre una formazione britannica ai bambini dai 5 agli 11 [&hellip;]<\/p>\n","protected":false},"author":60,"featured_media":200771,"comment_status":"closed","ping_status":"closed","sticky":false,"template":"","format":"standard","meta":{"_acf_changed":false,"footnotes":""},"categories":[1826,1738,1752],"tags":[3286],"post_sectags":[3757],"post_format":[2481],"class_list":["post-201376","post","type-post","status-publish","format-standard","has-post-thumbnail","hentry","category-la-nostra-scelta","category-notizie","category-societa","tag-istruzione","sectag-principe-alberto-ii","format-reportage-it"],"acf":[],"yoast_head":"<!-- This site is optimized with the Yoast SEO Premium plugin v26.8 (Yoast SEO v27.4) - https:\/\/yoast.com\/product\/yoast-seo-premium-wordpress\/ -->\n<title>La British School of Monaco ha festeggiato il suo primo anniversario alla presenza del Principe Alberto II<\/title>\n<meta name=\"description\" content=\"\u00c8 stato il Sovrano a inaugurare questa nuova scuola, che offre una formazione britannica ai bambini dai 5 agli 11 anni. &quot;Piccole dimensioni, ma grandi\" \/>\n<meta name=\"robots\" content=\"index, follow, max-snippet:-1, max-image-preview:large, max-video-preview:-1\" \/>\n<link rel=\"canonical\" href=\"https:\/\/www.monaco-tribune.com\/it\/2023\/11\/la-british-school-of-monaco-ha-festeggiato-il-suo-primo-anniversario-alla-presenza-del-principe-alberto-ii\/\" \/>\n<meta property=\"og:locale\" content=\"it_IT\" \/>\n<meta property=\"og:type\" content=\"article\" \/>\n<meta property=\"og:title\" content=\"La British School of Monaco ha festeggiato il suo primo anniversario alla presenza del Principe Alberto II - Monaco Tribune\" \/>\n<meta property=\"og:description\" content=\"\u00c8 stato il Sovrano a inaugurare questa nuova scuola, che offre una formazione britannica ai bambini dai 5 agli 11 anni. &quot;Piccole dimensioni, ma grandi\" \/>\n<meta property=\"og:url\" content=\"https:\/\/www.monaco-tribune.com\/it\/2023\/11\/la-british-school-of-monaco-ha-festeggiato-il-suo-primo-anniversario-alla-presenza-del-principe-alberto-ii\/\" \/>\n<meta property=\"og:site_name\" content=\"Monaco Tribune\" \/>\n<meta property=\"article:publisher\" content=\"https:\/\/www.facebook.com\/MonacoTribune\" \/>\n<meta property=\"article:published_time\" content=\"2023-11-17T16:48:12+00:00\" \/>\n<meta property=\"article:modified_time\" content=\"2023-11-17T16:48:20+00:00\" \/>\n<meta property=\"og:image\" content=\"https:\/\/www.monaco-tribune.com\/wp-content\/uploads\/2023\/11\/british-school-monaco.jpg\" \/>\n\t<meta property=\"og:image:width\" content=\"1200\" \/>\n\t<meta property=\"og:image:height\" content=\"800\" \/>\n\t<meta property=\"og:image:type\" content=\"image\/jpeg\" \/>\n<meta name=\"author\" content=\"Camille Esteve\" \/>\n<meta name=\"twitter:card\" content=\"summary_large_image\" \/>\n<meta name=\"twitter:creator\" content=\"@MonacoTribune\" \/>\n<meta name=\"twitter:site\" content=\"@MonacoTribune\" \/>\n<script type=\"application\/ld+json\" class=\"yoast-schema-graph\">{\"@context\":\"https:\\\/\\\/schema.org\",\"@graph\":[{\"@type\":\"NewsArticle\",\"@id\":\"https:\\\/\\\/www.monaco-tribune.com\\\/it\\\/2023\\\/11\\\/la-british-school-of-monaco-ha-festeggiato-il-suo-primo-anniversario-alla-presenza-del-principe-alberto-ii\\\/#article\",\"isPartOf\":{\"@id\":\"https:\\\/\\\/www.monaco-tribune.com\\\/it\\\/2023\\\/11\\\/la-british-school-of-monaco-ha-festeggiato-il-suo-primo-anniversario-alla-presenza-del-principe-alberto-ii\\\/\"},\"author\":{\"name\":\"Camille Esteve\",\"@id\":\"https:\\\/\\\/www.monaco-tribune.com\\\/it\\\/#\\\/schema\\\/person\\\/a855d420fff4d03637641d60b93ac62e\"},\"headline\":\"La British School of Monaco ha festeggiato il suo primo anniversario alla presenza del Principe Alberto II\",\"datePublished\":\"2023-11-17T16:48:12+00:00\",\"dateModified\":\"2023-11-17T16:48:20+00:00\",\"mainEntityOfPage\":{\"@id\":\"https:\\\/\\\/www.monaco-tribune.com\\\/it\\\/2023\\\/11\\\/la-british-school-of-monaco-ha-festeggiato-il-suo-primo-anniversario-alla-presenza-del-principe-alberto-ii\\\/\"},\"wordCount\":550,\"publisher\":{\"@id\":\"https:\\\/\\\/www.monaco-tribune.com\\\/it\\\/#organization\"},\"image\":{\"@id\":\"https:\\\/\\\/www.monaco-tribune.com\\\/it\\\/2023\\\/11\\\/la-british-school-of-monaco-ha-festeggiato-il-suo-primo-anniversario-alla-presenza-del-principe-alberto-ii\\\/#primaryimage\"},\"thumbnailUrl\":\"https:\\\/\\\/www.monaco-tribune.com\\\/wp-content\\\/uploads\\\/2023\\\/11\\\/british-school-monaco.jpg\",\"keywords\":[\"Istruzione\"],\"articleSection\":[\"La nostra scelta\",\"Notizie\",\"Societ\u00e0\"],\"inLanguage\":\"it-IT\",\"copyrightYear\":\"2023\",\"copyrightHolder\":{\"@id\":\"https:\\\/\\\/www.monaco-tribune.com\\\/#organization\"}},{\"@type\":\"WebPage\",\"@id\":\"https:\\\/\\\/www.monaco-tribune.com\\\/it\\\/2023\\\/11\\\/la-british-school-of-monaco-ha-festeggiato-il-suo-primo-anniversario-alla-presenza-del-principe-alberto-ii\\\/\",\"url\":\"https:\\\/\\\/www.monaco-tribune.com\\\/it\\\/2023\\\/11\\\/la-british-school-of-monaco-ha-festeggiato-il-suo-primo-anniversario-alla-presenza-del-principe-alberto-ii\\\/\",\"name\":\"La British School of Monaco ha festeggiato il suo primo anniversario alla presenza del Principe Alberto II\",\"isPartOf\":{\"@id\":\"https:\\\/\\\/www.monaco-tribune.com\\\/it\\\/#website\"},\"primaryImageOfPage\":{\"@id\":\"https:\\\/\\\/www.monaco-tribune.com\\\/it\\\/2023\\\/11\\\/la-british-school-of-monaco-ha-festeggiato-il-suo-primo-anniversario-alla-presenza-del-principe-alberto-ii\\\/#primaryimage\"},\"image\":{\"@id\":\"https:\\\/\\\/www.monaco-tribune.com\\\/it\\\/2023\\\/11\\\/la-british-school-of-monaco-ha-festeggiato-il-suo-primo-anniversario-alla-presenza-del-principe-alberto-ii\\\/#primaryimage\"},\"thumbnailUrl\":\"https:\\\/\\\/www.monaco-tribune.com\\\/wp-content\\\/uploads\\\/2023\\\/11\\\/british-school-monaco.jpg\",\"datePublished\":\"2023-11-17T16:48:12+00:00\",\"dateModified\":\"2023-11-17T16:48:20+00:00\",\"description\":\"\u00c8 stato il Sovrano a inaugurare questa nuova scuola, che offre una formazione britannica ai bambini dai 5 agli 11 anni. \\\"Piccole dimensioni, ma grandi\",\"breadcrumb\":{\"@id\":\"https:\\\/\\\/www.monaco-tribune.com\\\/it\\\/2023\\\/11\\\/la-british-school-of-monaco-ha-festeggiato-il-suo-primo-anniversario-alla-presenza-del-principe-alberto-ii\\\/#breadcrumb\"},\"inLanguage\":\"it-IT\",\"potentialAction\":[{\"@type\":\"ReadAction\",\"target\":[\"https:\\\/\\\/www.monaco-tribune.com\\\/it\\\/2023\\\/11\\\/la-british-school-of-monaco-ha-festeggiato-il-suo-primo-anniversario-alla-presenza-del-principe-alberto-ii\\\/\"]}]},{\"@type\":\"ImageObject\",\"inLanguage\":\"it-IT\",\"@id\":\"https:\\\/\\\/www.monaco-tribune.com\\\/it\\\/2023\\\/11\\\/la-british-school-of-monaco-ha-festeggiato-il-suo-primo-anniversario-alla-presenza-del-principe-alberto-ii\\\/#primaryimage\",\"url\":\"https:\\\/\\\/www.monaco-tribune.com\\\/wp-content\\\/uploads\\\/2023\\\/11\\\/british-school-monaco.jpg\",\"contentUrl\":\"https:\\\/\\\/www.monaco-tribune.com\\\/wp-content\\\/uploads\\\/2023\\\/11\\\/british-school-monaco.jpg\",\"width\":1200,\"height\":800,\"caption\":\"Il Sovrano ha visitato la scuola e incontrato gli studenti - \u00a9 V. Maselli \\\/ The British School of Monaco\"},{\"@type\":\"BreadcrumbList\",\"@id\":\"https:\\\/\\\/www.monaco-tribune.com\\\/it\\\/2023\\\/11\\\/la-british-school-of-monaco-ha-festeggiato-il-suo-primo-anniversario-alla-presenza-del-principe-alberto-ii\\\/#breadcrumb\",\"itemListElement\":[{\"@type\":\"ListItem\",\"position\":1,\"name\":\"Accueil\",\"item\":\"https:\\\/\\\/www.monaco-tribune.com\\\/it\\\/\"},{\"@type\":\"ListItem\",\"position\":2,\"name\":\"La British School of Monaco ha festeggiato il suo primo anniversario alla presenza del Principe Alberto II\"}]},{\"@type\":\"WebSite\",\"@id\":\"https:\\\/\\\/www.monaco-tribune.com\\\/it\\\/#website\",\"url\":\"https:\\\/\\\/www.monaco-tribune.com\\\/it\\\/\",\"name\":\"Monaco Tribune\",\"description\":\"Monaco : actualit\u00e9s \u00e9conomiques, politiques, culturelles et sportives de Monaco et de la French Riviera.\",\"publisher\":{\"@id\":\"https:\\\/\\\/www.monaco-tribune.com\\\/it\\\/#organization\"},\"potentialAction\":[{\"@type\":\"SearchAction\",\"target\":{\"@type\":\"EntryPoint\",\"urlTemplate\":\"https:\\\/\\\/www.monaco-tribune.com\\\/it\\\/?s={search_term_string}\"},\"query-input\":{\"@type\":\"PropertyValueSpecification\",\"valueRequired\":true,\"valueName\":\"search_term_string\"}}],\"inLanguage\":\"it-IT\"},{\"@type\":\"Organization\",\"@id\":\"https:\\\/\\\/www.monaco-tribune.com\\\/it\\\/#organization\",\"name\":\"Monaco Tribune\",\"url\":\"https:\\\/\\\/www.monaco-tribune.com\\\/it\\\/\",\"logo\":{\"@type\":\"ImageObject\",\"inLanguage\":\"it-IT\",\"@id\":\"https:\\\/\\\/www.monaco-tribune.com\\\/it\\\/#\\\/schema\\\/logo\\\/image\\\/\",\"url\":\"https:\\\/\\\/www.monaco-tribune.com\\\/wp-content\\\/uploads\\\/2022\\\/11\\\/logo-monaco-tribune.png\",\"contentUrl\":\"https:\\\/\\\/www.monaco-tribune.com\\\/wp-content\\\/uploads\\\/2022\\\/11\\\/logo-monaco-tribune.png\",\"width\":1548,\"height\":600,\"caption\":\"Monaco Tribune\"},\"image\":{\"@id\":\"https:\\\/\\\/www.monaco-tribune.com\\\/it\\\/#\\\/schema\\\/logo\\\/image\\\/\"},\"sameAs\":[\"https:\\\/\\\/www.facebook.com\\\/MonacoTribune\",\"https:\\\/\\\/x.com\\\/MonacoTribune\",\"https:\\\/\\\/www.instagram.com\\\/monacotribune\\\/\",\"https:\\\/\\\/www.linkedin.com\\\/company\\\/monaco-tribune\",\"https:\\\/\\\/www.youtube.com\\\/channel\\\/UCHle1MnG6hw1y4lWKijVbMA\"]},{\"@type\":\"Person\",\"@id\":\"https:\\\/\\\/www.monaco-tribune.com\\\/it\\\/#\\\/schema\\\/person\\\/a855d420fff4d03637641d60b93ac62e\",\"name\":\"Camille Esteve\",\"image\":{\"@type\":\"ImageObject\",\"inLanguage\":\"it-IT\",\"@id\":\"https:\\\/\\\/secure.gravatar.com\\\/avatar\\\/eaaa2355a7bb56c0018a391c20a55bf9b4690e3f493231dd850e612bfa6ce161?s=96&d=mm&r=g\",\"url\":\"https:\\\/\\\/secure.gravatar.com\\\/avatar\\\/eaaa2355a7bb56c0018a391c20a55bf9b4690e3f493231dd850e612bfa6ce161?s=96&d=mm&r=g\",\"contentUrl\":\"https:\\\/\\\/secure.gravatar.com\\\/avatar\\\/eaaa2355a7bb56c0018a391c20a55bf9b4690e3f493231dd850e612bfa6ce161?s=96&d=mm&r=g\",\"caption\":\"Camille Esteve\"},\"url\":\"https:\\\/\\\/www.monaco-tribune.com\\\/it\\\/author\\\/camilleesteve\\\/\"}]}<\/script>\n<!-- \/ Yoast SEO Premium plugin. -->","yoast_head_json":{"title":"La British School of Monaco ha festeggiato il suo primo anniversario alla presenza del Principe Alberto II","description":"\u00c8 stato il Sovrano a inaugurare questa nuova scuola, che offre una formazione britannica ai bambini dai 5 agli 11 anni. \"Piccole dimensioni, ma grandi","robots":{"index":"index","follow":"follow","max-snippet":"max-snippet:-1","max-image-preview":"max-image-preview:large","max-video-preview":"max-video-preview:-1"},"canonical":"https:\/\/www.monaco-tribune.com\/it\/2023\/11\/la-british-school-of-monaco-ha-festeggiato-il-suo-primo-anniversario-alla-presenza-del-principe-alberto-ii\/","og_locale":"it_IT","og_type":"article","og_title":"La British School of Monaco ha festeggiato il suo primo anniversario alla presenza del Principe Alberto II - Monaco Tribune","og_description":"\u00c8 stato il Sovrano a inaugurare questa nuova scuola, che offre una formazione britannica ai bambini dai 5 agli 11 anni. \"Piccole dimensioni, ma grandi","og_url":"https:\/\/www.monaco-tribune.com\/it\/2023\/11\/la-british-school-of-monaco-ha-festeggiato-il-suo-primo-anniversario-alla-presenza-del-principe-alberto-ii\/","og_site_name":"Monaco Tribune","article_publisher":"https:\/\/www.facebook.com\/MonacoTribune","article_published_time":"2023-11-17T16:48:12+00:00","article_modified_time":"2023-11-17T16:48:20+00:00","og_image":[{"width":1200,"height":800,"url":"https:\/\/www.monaco-tribune.com\/wp-content\/uploads\/2023\/11\/british-school-monaco.jpg","type":"image\/jpeg"}],"author":"Camille Esteve","twitter_card":"summary_large_image","twitter_creator":"@MonacoTribune","twitter_site":"@MonacoTribune","schema":{"@context":"https:\/\/schema.org","@graph":[{"@type":"NewsArticle","@id":"https:\/\/www.monaco-tribune.com\/it\/2023\/11\/la-british-school-of-monaco-ha-festeggiato-il-suo-primo-anniversario-alla-presenza-del-principe-alberto-ii\/#article","isPartOf":{"@id":"https:\/\/www.monaco-tribune.com\/it\/2023\/11\/la-british-school-of-monaco-ha-festeggiato-il-suo-primo-anniversario-alla-presenza-del-principe-alberto-ii\/"},"author":{"name":"Camille Esteve","@id":"https:\/\/www.monaco-tribune.com\/it\/#\/schema\/person\/a855d420fff4d03637641d60b93ac62e"},"headline":"La British School of Monaco ha festeggiato il suo primo anniversario alla presenza del Principe Alberto II","datePublished":"2023-11-17T16:48:12+00:00","dateModified":"2023-11-17T16:48:20+00:00","mainEntityOfPage":{"@id":"https:\/\/www.monaco-tribune.com\/it\/2023\/11\/la-british-school-of-monaco-ha-festeggiato-il-suo-primo-anniversario-alla-presenza-del-principe-alberto-ii\/"},"wordCount":550,"publisher":{"@id":"https:\/\/www.monaco-tribune.com\/it\/#organization"},"image":{"@id":"https:\/\/www.monaco-tribune.com\/it\/2023\/11\/la-british-school-of-monaco-ha-festeggiato-il-suo-primo-anniversario-alla-presenza-del-principe-alberto-ii\/#primaryimage"},"thumbnailUrl":"https:\/\/www.monaco-tribune.com\/wp-content\/uploads\/2023\/11\/british-school-monaco.jpg","keywords":["Istruzione"],"articleSection":["La nostra scelta","Notizie","Societ\u00e0"],"inLanguage":"it-IT","copyrightYear":"2023","copyrightHolder":{"@id":"https:\/\/www.monaco-tribune.com\/#organization"}},{"@type":"WebPage","@id":"https:\/\/www.monaco-tribune.com\/it\/2023\/11\/la-british-school-of-monaco-ha-festeggiato-il-suo-primo-anniversario-alla-presenza-del-principe-alberto-ii\/","url":"https:\/\/www.monaco-tribune.com\/it\/2023\/11\/la-british-school-of-monaco-ha-festeggiato-il-suo-primo-anniversario-alla-presenza-del-principe-alberto-ii\/","name":"La British School of Monaco ha festeggiato il suo primo anniversario alla presenza del Principe Alberto II","isPartOf":{"@id":"https:\/\/www.monaco-tribune.com\/it\/#website"},"primaryImageOfPage":{"@id":"https:\/\/www.monaco-tribune.com\/it\/2023\/11\/la-british-school-of-monaco-ha-festeggiato-il-suo-primo-anniversario-alla-presenza-del-principe-alberto-ii\/#primaryimage"},"image":{"@id":"https:\/\/www.monaco-tribune.com\/it\/2023\/11\/la-british-school-of-monaco-ha-festeggiato-il-suo-primo-anniversario-alla-presenza-del-principe-alberto-ii\/#primaryimage"},"thumbnailUrl":"https:\/\/www.monaco-tribune.com\/wp-content\/uploads\/2023\/11\/british-school-monaco.jpg","datePublished":"2023-11-17T16:48:12+00:00","dateModified":"2023-11-17T16:48:20+00:00","description":"\u00c8 stato il Sovrano a inaugurare questa nuova scuola, che offre una formazione britannica ai bambini dai 5 agli 11 anni. \"Piccole dimensioni, ma grandi","breadcrumb":{"@id":"https:\/\/www.monaco-tribune.com\/it\/2023\/11\/la-british-school-of-monaco-ha-festeggiato-il-suo-primo-anniversario-alla-presenza-del-principe-alberto-ii\/#breadcrumb"},"inLanguage":"it-IT","potentialAction":[{"@type":"ReadAction","target":["https:\/\/www.monaco-tribune.com\/it\/2023\/11\/la-british-school-of-monaco-ha-festeggiato-il-suo-primo-anniversario-alla-presenza-del-principe-alberto-ii\/"]}]},{"@type":"ImageObject","inLanguage":"it-IT","@id":"https:\/\/www.monaco-tribune.com\/it\/2023\/11\/la-british-school-of-monaco-ha-festeggiato-il-suo-primo-anniversario-alla-presenza-del-principe-alberto-ii\/#primaryimage","url":"https:\/\/www.monaco-tribune.com\/wp-content\/uploads\/2023\/11\/british-school-monaco.jpg","contentUrl":"https:\/\/www.monaco-tribune.com\/wp-content\/uploads\/2023\/11\/british-school-monaco.jpg","width":1200,"height":800,"caption":"Il Sovrano ha visitato la scuola e incontrato gli studenti - \u00a9 V. Maselli \/ The British School of Monaco"},{"@type":"BreadcrumbList","@id":"https:\/\/www.monaco-tribune.com\/it\/2023\/11\/la-british-school-of-monaco-ha-festeggiato-il-suo-primo-anniversario-alla-presenza-del-principe-alberto-ii\/#breadcrumb","itemListElement":[{"@type":"ListItem","position":1,"name":"Accueil","item":"https:\/\/www.monaco-tribune.com\/it\/"},{"@type":"ListItem","position":2,"name":"La British School of Monaco ha festeggiato il suo primo anniversario alla presenza del Principe Alberto II"}]},{"@type":"WebSite","@id":"https:\/\/www.monaco-tribune.com\/it\/#website","url":"https:\/\/www.monaco-tribune.com\/it\/","name":"Monaco Tribune","description":"Monaco : actualit\u00e9s \u00e9conomiques, politiques, culturelles et sportives de Monaco et de la French Riviera.","publisher":{"@id":"https:\/\/www.monaco-tribune.com\/it\/#organization"},"potentialAction":[{"@type":"SearchAction","target":{"@type":"EntryPoint","urlTemplate":"https:\/\/www.monaco-tribune.com\/it\/?s={search_term_string}"},"query-input":{"@type":"PropertyValueSpecification","valueRequired":true,"valueName":"search_term_string"}}],"inLanguage":"it-IT"},{"@type":"Organization","@id":"https:\/\/www.monaco-tribune.com\/it\/#organization","name":"Monaco Tribune","url":"https:\/\/www.monaco-tribune.com\/it\/","logo":{"@type":"ImageObject","inLanguage":"it-IT","@id":"https:\/\/www.monaco-tribune.com\/it\/#\/schema\/logo\/image\/","url":"https:\/\/www.monaco-tribune.com\/wp-content\/uploads\/2022\/11\/logo-monaco-tribune.png","contentUrl":"https:\/\/www.monaco-tribune.com\/wp-content\/uploads\/2022\/11\/logo-monaco-tribune.png","width":1548,"height":600,"caption":"Monaco Tribune"},"image":{"@id":"https:\/\/www.monaco-tribune.com\/it\/#\/schema\/logo\/image\/"},"sameAs":["https:\/\/www.facebook.com\/MonacoTribune","https:\/\/x.com\/MonacoTribune","https:\/\/www.instagram.com\/monacotribune\/","https:\/\/www.linkedin.com\/company\/monaco-tribune","https:\/\/www.youtube.com\/channel\/UCHle1MnG6hw1y4lWKijVbMA"]},{"@type":"Person","@id":"https:\/\/www.monaco-tribune.com\/it\/#\/schema\/person\/a855d420fff4d03637641d60b93ac62e","name":"Camille Esteve","image":{"@type":"ImageObject","inLanguage":"it-IT","@id":"https:\/\/secure.gravatar.com\/avatar\/eaaa2355a7bb56c0018a391c20a55bf9b4690e3f493231dd850e612bfa6ce161?s=96&d=mm&r=g","url":"https:\/\/secure.gravatar.com\/avatar\/eaaa2355a7bb56c0018a391c20a55bf9b4690e3f493231dd850e612bfa6ce161?s=96&d=mm&r=g","contentUrl":"https:\/\/secure.gravatar.com\/avatar\/eaaa2355a7bb56c0018a391c20a55bf9b4690e3f493231dd850e612bfa6ce161?s=96&d=mm&r=g","caption":"Camille Esteve"},"url":"https:\/\/www.monaco-tribune.com\/it\/author\/camilleesteve\/"}]}},"_links":{"self":[{"href":"https:\/\/www.monaco-tribune.com\/it\/wp-json\/wp\/v2\/posts\/201376","targetHints":{"allow":["GET"]}}],"collection":[{"href":"https:\/\/www.monaco-tribune.com\/it\/wp-json\/wp\/v2\/posts"}],"about":[{"href":"https:\/\/www.monaco-tribune.com\/it\/wp-json\/wp\/v2\/types\/post"}],"author":[{"embeddable":true,"href":"https:\/\/www.monaco-tribune.com\/it\/wp-json\/wp\/v2\/users\/60"}],"replies":[{"embeddable":true,"href":"https:\/\/www.monaco-tribune.com\/it\/wp-json\/wp\/v2\/comments?post=201376"}],"version-history":[{"count":2,"href":"https:\/\/www.monaco-tribune.com\/it\/wp-json\/wp\/v2\/posts\/201376\/revisions"}],"predecessor-version":[{"id":201379,"href":"https:\/\/www.monaco-tribune.com\/it\/wp-json\/wp\/v2\/posts\/201376\/revisions\/201379"}],"wp:featuredmedia":[{"embeddable":true,"href":"https:\/\/www.monaco-tribune.com\/it\/wp-json\/wp\/v2\/media\/200771"}],"wp:attachment":[{"href":"https:\/\/www.monaco-tribune.com\/it\/wp-json\/wp\/v2\/media?parent=201376"}],"wp:term":[{"taxonomy":"category","embeddable":true,"href":"https:\/\/www.monaco-tribune.com\/it\/wp-json\/wp\/v2\/categories?post=201376"},{"taxonomy":"post_tag","embeddable":true,"href":"https:\/\/www.monaco-tribune.com\/it\/wp-json\/wp\/v2\/tags?post=201376"},{"taxonomy":"sectag","embeddable":true,"href":"https:\/\/www.monaco-tribune.com\/it\/wp-json\/wp\/v2\/post_sectags?post=201376"},{"taxonomy":"format","embeddable":true,"href":"https:\/\/www.monaco-tribune.com\/it\/wp-json\/wp\/v2\/post_format?post=201376"}],"curies":[{"name":"wp","href":"https:\/\/api.w.org\/{rel}","templated":true}]}}