{"id":201761,"date":"2023-11-21T16:58:03","date_gmt":"2023-11-21T14:58:03","guid":{"rendered":"https:\/\/www.monaco-tribune.com\/2023\/11\/i-momenti-salienti-della-festa-nazionale-monegasca-in-foto\/"},"modified":"2023-11-21T16:58:26","modified_gmt":"2023-11-21T14:58:26","slug":"i-momenti-salienti-della-festa-nazionale-monegasca-in-foto","status":"publish","type":"post","link":"https:\/\/www.monaco-tribune.com\/it\/2023\/11\/i-momenti-salienti-della-festa-nazionale-monegasca-in-foto\/","title":{"rendered":"I momenti salienti della Festa Nazionale monegasca in foto"},"content":{"rendered":"\n<p><strong>La Coppia Principesca si \u00e8 mostrata ben affiatata nel grande giorno e ha rilasciato per la prima volta insieme un&#8217;intervista a Monaco-Matin.<\/strong><\/p>\n\n<p>La F\u00eate du Prince \u00e8 stata un grande successo. Oltre il bel tempo, per i cittadini \u00e8 stato entusiasmante vedere il Principe e la Principessa insieme, visibilmente felici con i loro gemelli. Pochi giorni prima dei festeggiamenti del 19 novembre, il Principe Alberto II e la Principessa Charl\u00e8ne hanno rilasciato un&#8217;intervista al giornale locale Monaco-Matin sull&#8217;educazione dei loro figli. Pur essendo anche loro protagonisti di questa festa, il Principe e la Principessa intendono &#8220;non esporli troppo spesso cos\u00ec giovani&#8221;. I figli del Principe festeggeranno il loro nono compleanno a dicembre.<\/p>\n\n<iframe title=\"Le celebrazioni della Festa Nazionale monegasca\" width=\"500\" height=\"281\" src=\"https:\/\/www.youtube.com\/embed\/2v92rAp1h9c?feature=oembed\" frameborder=\"0\" allow=\"accelerometer; autoplay; clipboard-write; encrypted-media; gyroscope; picture-in-picture; web-share\" referrerpolicy=\"strict-origin-when-cross-origin\" allowfullscreen><\/iframe>\n\n<p>Come ogni madre, la Principessa \u00e8 preoccupata per la sicurezza e il futuro dei suoi figli di fronte a una situazione internazionale particolarmente tesa. &#8220;I nostri figli occupano una posizione speciale. Rappresentano il futuro del Principato. E dobbiamo far capire loro il motivo della nostra costante protezione&#8221;.<\/p>\n\n<p>Per quanto riguarda la loro identit\u00e0, &#8220;sono innanzitutto monegaschi&#8221;, assicura la Principessa Charl\u00e8ne, le cui origini sono sudafricane. La Coppia si \u00e8 mostrata felice di aver potuto portare il Principe e la Principessa Gabriella in Sudafrica e di avergli dato l&#8217;opportunit\u00e0, alla loro giovane et\u00e0, di visitare cos\u00ec tanti tesori del mondo. La prossima meta del Principe Ereditario Jacques e della Principessa Gabriella? L&#8217;Antartide.<\/p>\n\n<figure class=\"wp-block-gallery has-nested-images columns-1 is-cropped wp-block-gallery-1 is-layout-flex wp-block-gallery-is-layout-flex\">\n<figure class=\"wp-block-image size-large\"><img loading=\"lazy\" decoding=\"async\" width=\"1024\" height=\"683\" data-id=\"201510\" src=\"https:\/\/www.monaco-tribune.com\/wp-content\/uploads\/2023\/11\/fete-nationale-monaco-2023-couple-princier-1024x683.jpg\" alt=\"fete-nationale-monaco-2023-couple-princier\" class=\"wp-image-201510\" srcset=\"https:\/\/www.monaco-tribune.com\/wp-content\/uploads\/2023\/11\/fete-nationale-monaco-2023-couple-princier-1024x683.jpg 1024w, https:\/\/www.monaco-tribune.com\/wp-content\/uploads\/2023\/11\/fete-nationale-monaco-2023-couple-princier-450x300.jpg 450w, https:\/\/www.monaco-tribune.com\/wp-content\/uploads\/2023\/11\/fete-nationale-monaco-2023-couple-princier.jpg 1200w\" sizes=\"auto, (max-width: 1024px) 100vw, 1024px\" \/><\/figure>\n\n\n\n<figure class=\"wp-block-image size-large\"><img loading=\"lazy\" decoding=\"async\" width=\"1024\" height=\"683\" data-id=\"201494\" src=\"https:\/\/www.monaco-tribune.com\/wp-content\/uploads\/2023\/11\/fete-nationale-monaco-2023-famille-1024x683.jpg\" alt=\"fete-nationale-monaco-2023-famille\" class=\"wp-image-201494\" srcset=\"https:\/\/www.monaco-tribune.com\/wp-content\/uploads\/2023\/11\/fete-nationale-monaco-2023-famille-1024x683.jpg 1024w, https:\/\/www.monaco-tribune.com\/wp-content\/uploads\/2023\/11\/fete-nationale-monaco-2023-famille-450x300.jpg 450w, https:\/\/www.monaco-tribune.com\/wp-content\/uploads\/2023\/11\/fete-nationale-monaco-2023-famille.jpg 1200w\" sizes=\"auto, (max-width: 1024px) 100vw, 1024px\" \/><\/figure>\n\n\n\n<figure class=\"wp-block-image size-large\"><img loading=\"lazy\" decoding=\"async\" width=\"1024\" height=\"683\" data-id=\"201498\" src=\"https:\/\/www.monaco-tribune.com\/wp-content\/uploads\/2023\/11\/fete-nationale-monaco-2023-medaille-1024x683.jpg\" alt=\"fete-nationale-monaco-2023-medaille\" class=\"wp-image-201498\" srcset=\"https:\/\/www.monaco-tribune.com\/wp-content\/uploads\/2023\/11\/fete-nationale-monaco-2023-medaille-1024x683.jpg 1024w, https:\/\/www.monaco-tribune.com\/wp-content\/uploads\/2023\/11\/fete-nationale-monaco-2023-medaille-450x300.jpg 450w, https:\/\/www.monaco-tribune.com\/wp-content\/uploads\/2023\/11\/fete-nationale-monaco-2023-medaille.jpg 1200w\" sizes=\"auto, (max-width: 1024px) 100vw, 1024px\" \/><\/figure>\n\n\n\n<figure class=\"wp-block-image size-large\"><img loading=\"lazy\" decoding=\"async\" width=\"1024\" height=\"683\" data-id=\"201502\" src=\"https:\/\/www.monaco-tribune.com\/wp-content\/uploads\/2023\/11\/fete-nationale-monaco-2023-palais-1024x683.jpg\" alt=\"fete-nationale-monaco-2023-palais\" class=\"wp-image-201502\" srcset=\"https:\/\/www.monaco-tribune.com\/wp-content\/uploads\/2023\/11\/fete-nationale-monaco-2023-palais-1024x683.jpg 1024w, https:\/\/www.monaco-tribune.com\/wp-content\/uploads\/2023\/11\/fete-nationale-monaco-2023-palais-450x300.jpg 450w, https:\/\/www.monaco-tribune.com\/wp-content\/uploads\/2023\/11\/fete-nationale-monaco-2023-palais.jpg 1200w\" sizes=\"auto, (max-width: 1024px) 100vw, 1024px\" \/><\/figure>\n\n\n\n<figure class=\"wp-block-image size-large\"><img loading=\"lazy\" decoding=\"async\" width=\"1024\" height=\"683\" data-id=\"201506\" src=\"https:\/\/www.monaco-tribune.com\/wp-content\/uploads\/2023\/11\/fete-nationale-monaco-2023-couple-princier-palais-1024x683.jpg\" alt=\"fete-nationale-monaco-2023-couple-princier-palais\" class=\"wp-image-201506\" srcset=\"https:\/\/www.monaco-tribune.com\/wp-content\/uploads\/2023\/11\/fete-nationale-monaco-2023-couple-princier-palais-1024x683.jpg 1024w, https:\/\/www.monaco-tribune.com\/wp-content\/uploads\/2023\/11\/fete-nationale-monaco-2023-couple-princier-palais-450x300.jpg 450w, https:\/\/www.monaco-tribune.com\/wp-content\/uploads\/2023\/11\/fete-nationale-monaco-2023-couple-princier-palais.jpg 1440w\" sizes=\"auto, (max-width: 1024px) 100vw, 1024px\" \/><\/figure>\n\n\n\n<figure class=\"wp-block-image size-large\"><img loading=\"lazy\" decoding=\"async\" width=\"1024\" height=\"683\" data-id=\"201514\" src=\"https:\/\/www.monaco-tribune.com\/wp-content\/uploads\/2023\/11\/fete-nationale-monaco-2023-famille-prinesses-1024x683.jpg\" alt=\"fete-nationale-monaco-2023-famille-prinesses\" class=\"wp-image-201514\" srcset=\"https:\/\/www.monaco-tribune.com\/wp-content\/uploads\/2023\/11\/fete-nationale-monaco-2023-famille-prinesses-1024x683.jpg 1024w, https:\/\/www.monaco-tribune.com\/wp-content\/uploads\/2023\/11\/fete-nationale-monaco-2023-famille-prinesses-450x300.jpg 450w, https:\/\/www.monaco-tribune.com\/wp-content\/uploads\/2023\/11\/fete-nationale-monaco-2023-famille-prinesses.jpg 1440w\" sizes=\"auto, (max-width: 1024px) 100vw, 1024px\" \/><\/figure>\n\n\n\n<figure class=\"wp-block-image size-large\"><img loading=\"lazy\" decoding=\"async\" width=\"1024\" height=\"683\" data-id=\"201522\" src=\"https:\/\/www.monaco-tribune.com\/wp-content\/uploads\/2023\/11\/fete-nationale-monaco-2023-1024x683.jpg\" alt=\"fete-nationale-monaco-2023\" class=\"wp-image-201522\" srcset=\"https:\/\/www.monaco-tribune.com\/wp-content\/uploads\/2023\/11\/fete-nationale-monaco-2023-1024x683.jpg 1024w, https:\/\/www.monaco-tribune.com\/wp-content\/uploads\/2023\/11\/fete-nationale-monaco-2023-450x300.jpg 450w, https:\/\/www.monaco-tribune.com\/wp-content\/uploads\/2023\/11\/fete-nationale-monaco-2023.jpg 1200w\" sizes=\"auto, (max-width: 1024px) 100vw, 1024px\" \/><\/figure>\n\n\n\n<figure class=\"wp-block-image size-large\"><img loading=\"lazy\" decoding=\"async\" width=\"1024\" height=\"683\" data-id=\"201518\" src=\"https:\/\/www.monaco-tribune.com\/wp-content\/uploads\/2023\/11\/fete-nationale-monaco-2023-balcon-palais-1024x683.jpg\" alt=\"fete-nationale-monaco-2023-balcon-palais\" class=\"wp-image-201518\" srcset=\"https:\/\/www.monaco-tribune.com\/wp-content\/uploads\/2023\/11\/fete-nationale-monaco-2023-balcon-palais-1024x683.jpg 1024w, https:\/\/www.monaco-tribune.com\/wp-content\/uploads\/2023\/11\/fete-nationale-monaco-2023-balcon-palais-450x300.jpg 450w, https:\/\/www.monaco-tribune.com\/wp-content\/uploads\/2023\/11\/fete-nationale-monaco-2023-balcon-palais.jpg 1200w\" sizes=\"auto, (max-width: 1024px) 100vw, 1024px\" \/><\/figure>\n<\/figure>\n\n<p class=\"has-text-align-center\">\u00c8 stato nel 2010 che Charl\u00e8ne Wittstock, allora fidanzata del Sovrano, si affacci\u00f2 per la prima volta alla finestra del Palazzo del Principe in occasione della Festa Nazionale &#8211; \u00a9 \u00c9ric Mathon, Fr\u00e9d\u00e9ric Nebinger, Michael Alesi, Axel Bastello \/ Palazzo del Principe<\/p>\n\n<p class=\"related\"><a href=\"https:\/\/www.monaco-tribune.com\/it\/2023\/11\/siamo-molto-legati-alla-famiglia-principesca-monaco-celebra-la-festa-nazionale-2023\/\">\u201cSiamo molto legati alla Famiglia Principesca\u201d: Monaco celebra la Festa Nazionale 2023<\/a><\/p>\n\n<p>Dopo questo momento tanto atteso alla finestra del Palazzo del Principe, la Famiglia Grimaldi e i suoi ospiti si sono riuniti nella Sala del Trono dove \u00e8 stato servito il pranzo. Un momento di svago dopo gli intensi preparativi. &#8220;Ci alziamo molto presto per preparare i bambini e vestirli. Abbiamo bisogno di un caff\u00e8 forte. [ride] Devo dire che ogni anno sono molto emozionati di assistere alla sfilata&#8221;, afferma la Principessa Charl\u00e8ne. &#8220;Tutta la settimana della Festa Nazionale \u00e8 una maratona&#8221;, aggiunge la moglie del Sovrano, riferendosi alle numerose cerimonie di consegna delle medaglie, alla cena con gli ambasciatori allo Yacht Club di Monaco e poi all&#8217;opera che conclude la giornata del 19 novembre.<\/p>\n","protected":false},"excerpt":{"rendered":"<p>La Coppia Principesca si \u00e8 mostrata ben affiatata nel grande giorno e ha rilasciato per la prima volta insieme un&#8217;intervista [&hellip;]<\/p>\n","protected":false},"author":69,"featured_media":201528,"comment_status":"closed","ping_status":"closed","sticky":false,"template":"","format":"standard","meta":{"_acf_changed":false,"footnotes":""},"categories":[1742,1826,1738],"tags":[4570],"post_sectags":[],"post_format":[2474],"class_list":["post-201761","post","type-post","status-publish","format-standard","has-post-thumbnail","hentry","category-famiglia-principesca","category-la-nostra-scelta","category-notizie","tag-festa-del-principe","format-foto"],"acf":[],"yoast_head":"<!-- This site is optimized with the Yoast SEO Premium plugin v26.8 (Yoast SEO v27.5) - https:\/\/yoast.com\/product\/yoast-seo-premium-wordpress\/ -->\n<title>I momenti salienti della Festa Nazionale monegasca in foto<\/title>\n<meta name=\"description\" content=\"La Coppia Principesca si \u00e8 mostrata ben affiatata nel grande giorno e ha rilasciato per la prima volta insieme un&#039;intervista a Monaco-Matin. La F\u00eate du\" \/>\n<meta name=\"robots\" content=\"index, follow, max-snippet:-1, max-image-preview:large, max-video-preview:-1\" \/>\n<link rel=\"canonical\" href=\"https:\/\/www.monaco-tribune.com\/it\/2023\/11\/i-momenti-salienti-della-festa-nazionale-monegasca-in-foto\/\" \/>\n<meta property=\"og:locale\" content=\"it_IT\" \/>\n<meta property=\"og:type\" content=\"article\" \/>\n<meta property=\"og:title\" content=\"I momenti salienti della Festa Nazionale monegasca in foto - Monaco Tribune\" \/>\n<meta property=\"og:description\" content=\"La Coppia Principesca si \u00e8 mostrata ben affiatata nel grande giorno e ha rilasciato per la prima volta insieme un&#039;intervista a Monaco-Matin. La F\u00eate du\" \/>\n<meta property=\"og:url\" content=\"https:\/\/www.monaco-tribune.com\/it\/2023\/11\/i-momenti-salienti-della-festa-nazionale-monegasca-in-foto\/\" \/>\n<meta property=\"og:site_name\" content=\"Monaco Tribune\" \/>\n<meta property=\"article:publisher\" content=\"https:\/\/www.facebook.com\/MonacoTribune\" \/>\n<meta property=\"article:published_time\" content=\"2023-11-21T14:58:03+00:00\" \/>\n<meta property=\"article:modified_time\" content=\"2023-11-21T14:58:26+00:00\" \/>\n<meta property=\"og:image\" content=\"https:\/\/www.monaco-tribune.com\/wp-content\/uploads\/2023\/11\/fete-nationale-monaco-2023-balcon.jpg\" \/>\n\t<meta property=\"og:image:width\" content=\"1200\" \/>\n\t<meta property=\"og:image:height\" content=\"800\" \/>\n\t<meta property=\"og:image:type\" content=\"image\/jpeg\" \/>\n<meta name=\"author\" content=\"Sarah Incari\" \/>\n<meta name=\"twitter:card\" content=\"summary_large_image\" \/>\n<meta name=\"twitter:creator\" content=\"@MonacoTribune\" \/>\n<meta name=\"twitter:site\" content=\"@MonacoTribune\" \/>\n<script type=\"application\/ld+json\" class=\"yoast-schema-graph\">{\"@context\":\"https:\\\/\\\/schema.org\",\"@graph\":[{\"@type\":\"NewsArticle\",\"@id\":\"https:\\\/\\\/www.monaco-tribune.com\\\/it\\\/2023\\\/11\\\/i-momenti-salienti-della-festa-nazionale-monegasca-in-foto\\\/#article\",\"isPartOf\":{\"@id\":\"https:\\\/\\\/www.monaco-tribune.com\\\/it\\\/2023\\\/11\\\/i-momenti-salienti-della-festa-nazionale-monegasca-in-foto\\\/\"},\"author\":{\"name\":\"Sarah Incari\",\"@id\":\"https:\\\/\\\/www.monaco-tribune.com\\\/it\\\/#\\\/schema\\\/person\\\/dd3b5770833f791d3f4d808f1aa84499\"},\"headline\":\"I momenti salienti della Festa Nazionale monegasca in foto\",\"datePublished\":\"2023-11-21T14:58:03+00:00\",\"dateModified\":\"2023-11-21T14:58:26+00:00\",\"mainEntityOfPage\":{\"@id\":\"https:\\\/\\\/www.monaco-tribune.com\\\/it\\\/2023\\\/11\\\/i-momenti-salienti-della-festa-nazionale-monegasca-in-foto\\\/\"},\"wordCount\":406,\"publisher\":{\"@id\":\"https:\\\/\\\/www.monaco-tribune.com\\\/it\\\/#organization\"},\"image\":{\"@id\":\"https:\\\/\\\/www.monaco-tribune.com\\\/it\\\/2023\\\/11\\\/i-momenti-salienti-della-festa-nazionale-monegasca-in-foto\\\/#primaryimage\"},\"thumbnailUrl\":\"https:\\\/\\\/www.monaco-tribune.com\\\/wp-content\\\/uploads\\\/2023\\\/11\\\/fete-nationale-monaco-2023-balcon.jpg\",\"keywords\":[\"Festa del Principe\"],\"articleSection\":[\"Famiglia Principesca\",\"La nostra scelta\",\"Notizie\"],\"inLanguage\":\"it-IT\",\"copyrightYear\":\"2023\",\"copyrightHolder\":{\"@id\":\"https:\\\/\\\/www.monaco-tribune.com\\\/#organization\"}},{\"@type\":\"WebPage\",\"@id\":\"https:\\\/\\\/www.monaco-tribune.com\\\/it\\\/2023\\\/11\\\/i-momenti-salienti-della-festa-nazionale-monegasca-in-foto\\\/\",\"url\":\"https:\\\/\\\/www.monaco-tribune.com\\\/it\\\/2023\\\/11\\\/i-momenti-salienti-della-festa-nazionale-monegasca-in-foto\\\/\",\"name\":\"I momenti salienti della Festa Nazionale monegasca in foto\",\"isPartOf\":{\"@id\":\"https:\\\/\\\/www.monaco-tribune.com\\\/it\\\/#website\"},\"primaryImageOfPage\":{\"@id\":\"https:\\\/\\\/www.monaco-tribune.com\\\/it\\\/2023\\\/11\\\/i-momenti-salienti-della-festa-nazionale-monegasca-in-foto\\\/#primaryimage\"},\"image\":{\"@id\":\"https:\\\/\\\/www.monaco-tribune.com\\\/it\\\/2023\\\/11\\\/i-momenti-salienti-della-festa-nazionale-monegasca-in-foto\\\/#primaryimage\"},\"thumbnailUrl\":\"https:\\\/\\\/www.monaco-tribune.com\\\/wp-content\\\/uploads\\\/2023\\\/11\\\/fete-nationale-monaco-2023-balcon.jpg\",\"datePublished\":\"2023-11-21T14:58:03+00:00\",\"dateModified\":\"2023-11-21T14:58:26+00:00\",\"description\":\"La Coppia Principesca si \u00e8 mostrata ben affiatata nel grande giorno e ha rilasciato per la prima volta insieme un'intervista a Monaco-Matin. La F\u00eate du\",\"breadcrumb\":{\"@id\":\"https:\\\/\\\/www.monaco-tribune.com\\\/it\\\/2023\\\/11\\\/i-momenti-salienti-della-festa-nazionale-monegasca-in-foto\\\/#breadcrumb\"},\"inLanguage\":\"it-IT\",\"potentialAction\":[{\"@type\":\"ReadAction\",\"target\":[\"https:\\\/\\\/www.monaco-tribune.com\\\/it\\\/2023\\\/11\\\/i-momenti-salienti-della-festa-nazionale-monegasca-in-foto\\\/\"]}]},{\"@type\":\"ImageObject\",\"inLanguage\":\"it-IT\",\"@id\":\"https:\\\/\\\/www.monaco-tribune.com\\\/it\\\/2023\\\/11\\\/i-momenti-salienti-della-festa-nazionale-monegasca-in-foto\\\/#primaryimage\",\"url\":\"https:\\\/\\\/www.monaco-tribune.com\\\/wp-content\\\/uploads\\\/2023\\\/11\\\/fete-nationale-monaco-2023-balcon.jpg\",\"contentUrl\":\"https:\\\/\\\/www.monaco-tribune.com\\\/wp-content\\\/uploads\\\/2023\\\/11\\\/fete-nationale-monaco-2023-balcon.jpg\",\"width\":1200,\"height\":800,\"caption\":\"La principessa Charl\u00e8ne, vestita di rosso, ha suscitato un certo entusiasmo insieme alla figlia, la Principessa Gabriella, in un abito blu simile a quello della madre. Il Principe Ereditario Jacques ha indossato la divisa da carabiniere uguale a quella del padre, il Principe Alberto II - \u00a9 \u00c9ric Mathon, Fr\u00e9d\u00e9ric Nebinger, Michael Alesi, Axel Bastello \\\/ Palazzo del Principe\"},{\"@type\":\"BreadcrumbList\",\"@id\":\"https:\\\/\\\/www.monaco-tribune.com\\\/it\\\/2023\\\/11\\\/i-momenti-salienti-della-festa-nazionale-monegasca-in-foto\\\/#breadcrumb\",\"itemListElement\":[{\"@type\":\"ListItem\",\"position\":1,\"name\":\"Accueil\",\"item\":\"https:\\\/\\\/www.monaco-tribune.com\\\/it\\\/\"},{\"@type\":\"ListItem\",\"position\":2,\"name\":\"I momenti salienti della Festa Nazionale monegasca in foto\"}]},{\"@type\":\"WebSite\",\"@id\":\"https:\\\/\\\/www.monaco-tribune.com\\\/it\\\/#website\",\"url\":\"https:\\\/\\\/www.monaco-tribune.com\\\/it\\\/\",\"name\":\"Monaco Tribune\",\"description\":\"Monaco : actualit\u00e9s \u00e9conomiques, politiques, culturelles et sportives de Monaco et de la French Riviera.\",\"publisher\":{\"@id\":\"https:\\\/\\\/www.monaco-tribune.com\\\/it\\\/#organization\"},\"potentialAction\":[{\"@type\":\"SearchAction\",\"target\":{\"@type\":\"EntryPoint\",\"urlTemplate\":\"https:\\\/\\\/www.monaco-tribune.com\\\/it\\\/?s={search_term_string}\"},\"query-input\":{\"@type\":\"PropertyValueSpecification\",\"valueRequired\":true,\"valueName\":\"search_term_string\"}}],\"inLanguage\":\"it-IT\"},{\"@type\":\"Organization\",\"@id\":\"https:\\\/\\\/www.monaco-tribune.com\\\/it\\\/#organization\",\"name\":\"Monaco Tribune\",\"url\":\"https:\\\/\\\/www.monaco-tribune.com\\\/it\\\/\",\"logo\":{\"@type\":\"ImageObject\",\"inLanguage\":\"it-IT\",\"@id\":\"https:\\\/\\\/www.monaco-tribune.com\\\/it\\\/#\\\/schema\\\/logo\\\/image\\\/\",\"url\":\"https:\\\/\\\/www.monaco-tribune.com\\\/wp-content\\\/uploads\\\/2022\\\/11\\\/logo-monaco-tribune.png\",\"contentUrl\":\"https:\\\/\\\/www.monaco-tribune.com\\\/wp-content\\\/uploads\\\/2022\\\/11\\\/logo-monaco-tribune.png\",\"width\":1548,\"height\":600,\"caption\":\"Monaco Tribune\"},\"image\":{\"@id\":\"https:\\\/\\\/www.monaco-tribune.com\\\/it\\\/#\\\/schema\\\/logo\\\/image\\\/\"},\"sameAs\":[\"https:\\\/\\\/www.facebook.com\\\/MonacoTribune\",\"https:\\\/\\\/x.com\\\/MonacoTribune\",\"https:\\\/\\\/www.instagram.com\\\/monacotribune\\\/\",\"https:\\\/\\\/www.linkedin.com\\\/company\\\/monaco-tribune\",\"https:\\\/\\\/www.youtube.com\\\/channel\\\/UCHle1MnG6hw1y4lWKijVbMA\"]},{\"@type\":\"Person\",\"@id\":\"https:\\\/\\\/www.monaco-tribune.com\\\/it\\\/#\\\/schema\\\/person\\\/dd3b5770833f791d3f4d808f1aa84499\",\"name\":\"Sarah Incari\",\"image\":{\"@type\":\"ImageObject\",\"inLanguage\":\"it-IT\",\"@id\":\"https:\\\/\\\/secure.gravatar.com\\\/avatar\\\/4ac0b37be892d57107ccdd804e3f2a03bf1e3fca097512136d3603859293cb0e?s=96&d=mm&r=g\",\"url\":\"https:\\\/\\\/secure.gravatar.com\\\/avatar\\\/4ac0b37be892d57107ccdd804e3f2a03bf1e3fca097512136d3603859293cb0e?s=96&d=mm&r=g\",\"contentUrl\":\"https:\\\/\\\/secure.gravatar.com\\\/avatar\\\/4ac0b37be892d57107ccdd804e3f2a03bf1e3fca097512136d3603859293cb0e?s=96&d=mm&r=g\",\"caption\":\"Sarah Incari\"},\"url\":\"https:\\\/\\\/www.monaco-tribune.com\\\/it\\\/author\\\/sarahincari\\\/\"}]}<\/script>\n<!-- \/ Yoast SEO Premium plugin. -->","yoast_head_json":{"title":"I momenti salienti della Festa Nazionale monegasca in foto","description":"La Coppia Principesca si \u00e8 mostrata ben affiatata nel grande giorno e ha rilasciato per la prima volta insieme un'intervista a Monaco-Matin. La F\u00eate du","robots":{"index":"index","follow":"follow","max-snippet":"max-snippet:-1","max-image-preview":"max-image-preview:large","max-video-preview":"max-video-preview:-1"},"canonical":"https:\/\/www.monaco-tribune.com\/it\/2023\/11\/i-momenti-salienti-della-festa-nazionale-monegasca-in-foto\/","og_locale":"it_IT","og_type":"article","og_title":"I momenti salienti della Festa Nazionale monegasca in foto - Monaco Tribune","og_description":"La Coppia Principesca si \u00e8 mostrata ben affiatata nel grande giorno e ha rilasciato per la prima volta insieme un'intervista a Monaco-Matin. La F\u00eate du","og_url":"https:\/\/www.monaco-tribune.com\/it\/2023\/11\/i-momenti-salienti-della-festa-nazionale-monegasca-in-foto\/","og_site_name":"Monaco Tribune","article_publisher":"https:\/\/www.facebook.com\/MonacoTribune","article_published_time":"2023-11-21T14:58:03+00:00","article_modified_time":"2023-11-21T14:58:26+00:00","og_image":[{"width":1200,"height":800,"url":"https:\/\/www.monaco-tribune.com\/wp-content\/uploads\/2023\/11\/fete-nationale-monaco-2023-balcon.jpg","type":"image\/jpeg"}],"author":"Sarah Incari","twitter_card":"summary_large_image","twitter_creator":"@MonacoTribune","twitter_site":"@MonacoTribune","schema":{"@context":"https:\/\/schema.org","@graph":[{"@type":"NewsArticle","@id":"https:\/\/www.monaco-tribune.com\/it\/2023\/11\/i-momenti-salienti-della-festa-nazionale-monegasca-in-foto\/#article","isPartOf":{"@id":"https:\/\/www.monaco-tribune.com\/it\/2023\/11\/i-momenti-salienti-della-festa-nazionale-monegasca-in-foto\/"},"author":{"name":"Sarah Incari","@id":"https:\/\/www.monaco-tribune.com\/it\/#\/schema\/person\/dd3b5770833f791d3f4d808f1aa84499"},"headline":"I momenti salienti della Festa Nazionale monegasca in foto","datePublished":"2023-11-21T14:58:03+00:00","dateModified":"2023-11-21T14:58:26+00:00","mainEntityOfPage":{"@id":"https:\/\/www.monaco-tribune.com\/it\/2023\/11\/i-momenti-salienti-della-festa-nazionale-monegasca-in-foto\/"},"wordCount":406,"publisher":{"@id":"https:\/\/www.monaco-tribune.com\/it\/#organization"},"image":{"@id":"https:\/\/www.monaco-tribune.com\/it\/2023\/11\/i-momenti-salienti-della-festa-nazionale-monegasca-in-foto\/#primaryimage"},"thumbnailUrl":"https:\/\/www.monaco-tribune.com\/wp-content\/uploads\/2023\/11\/fete-nationale-monaco-2023-balcon.jpg","keywords":["Festa del Principe"],"articleSection":["Famiglia Principesca","La nostra scelta","Notizie"],"inLanguage":"it-IT","copyrightYear":"2023","copyrightHolder":{"@id":"https:\/\/www.monaco-tribune.com\/#organization"}},{"@type":"WebPage","@id":"https:\/\/www.monaco-tribune.com\/it\/2023\/11\/i-momenti-salienti-della-festa-nazionale-monegasca-in-foto\/","url":"https:\/\/www.monaco-tribune.com\/it\/2023\/11\/i-momenti-salienti-della-festa-nazionale-monegasca-in-foto\/","name":"I momenti salienti della Festa Nazionale monegasca in foto","isPartOf":{"@id":"https:\/\/www.monaco-tribune.com\/it\/#website"},"primaryImageOfPage":{"@id":"https:\/\/www.monaco-tribune.com\/it\/2023\/11\/i-momenti-salienti-della-festa-nazionale-monegasca-in-foto\/#primaryimage"},"image":{"@id":"https:\/\/www.monaco-tribune.com\/it\/2023\/11\/i-momenti-salienti-della-festa-nazionale-monegasca-in-foto\/#primaryimage"},"thumbnailUrl":"https:\/\/www.monaco-tribune.com\/wp-content\/uploads\/2023\/11\/fete-nationale-monaco-2023-balcon.jpg","datePublished":"2023-11-21T14:58:03+00:00","dateModified":"2023-11-21T14:58:26+00:00","description":"La Coppia Principesca si \u00e8 mostrata ben affiatata nel grande giorno e ha rilasciato per la prima volta insieme un'intervista a Monaco-Matin. La F\u00eate du","breadcrumb":{"@id":"https:\/\/www.monaco-tribune.com\/it\/2023\/11\/i-momenti-salienti-della-festa-nazionale-monegasca-in-foto\/#breadcrumb"},"inLanguage":"it-IT","potentialAction":[{"@type":"ReadAction","target":["https:\/\/www.monaco-tribune.com\/it\/2023\/11\/i-momenti-salienti-della-festa-nazionale-monegasca-in-foto\/"]}]},{"@type":"ImageObject","inLanguage":"it-IT","@id":"https:\/\/www.monaco-tribune.com\/it\/2023\/11\/i-momenti-salienti-della-festa-nazionale-monegasca-in-foto\/#primaryimage","url":"https:\/\/www.monaco-tribune.com\/wp-content\/uploads\/2023\/11\/fete-nationale-monaco-2023-balcon.jpg","contentUrl":"https:\/\/www.monaco-tribune.com\/wp-content\/uploads\/2023\/11\/fete-nationale-monaco-2023-balcon.jpg","width":1200,"height":800,"caption":"La principessa Charl\u00e8ne, vestita di rosso, ha suscitato un certo entusiasmo insieme alla figlia, la Principessa Gabriella, in un abito blu simile a quello della madre. Il Principe Ereditario Jacques ha indossato la divisa da carabiniere uguale a quella del padre, il Principe Alberto II - \u00a9 \u00c9ric Mathon, Fr\u00e9d\u00e9ric Nebinger, Michael Alesi, Axel Bastello \/ Palazzo del Principe"},{"@type":"BreadcrumbList","@id":"https:\/\/www.monaco-tribune.com\/it\/2023\/11\/i-momenti-salienti-della-festa-nazionale-monegasca-in-foto\/#breadcrumb","itemListElement":[{"@type":"ListItem","position":1,"name":"Accueil","item":"https:\/\/www.monaco-tribune.com\/it\/"},{"@type":"ListItem","position":2,"name":"I momenti salienti della Festa Nazionale monegasca in foto"}]},{"@type":"WebSite","@id":"https:\/\/www.monaco-tribune.com\/it\/#website","url":"https:\/\/www.monaco-tribune.com\/it\/","name":"Monaco Tribune","description":"Monaco : actualit\u00e9s \u00e9conomiques, politiques, culturelles et sportives de Monaco et de la French Riviera.","publisher":{"@id":"https:\/\/www.monaco-tribune.com\/it\/#organization"},"potentialAction":[{"@type":"SearchAction","target":{"@type":"EntryPoint","urlTemplate":"https:\/\/www.monaco-tribune.com\/it\/?s={search_term_string}"},"query-input":{"@type":"PropertyValueSpecification","valueRequired":true,"valueName":"search_term_string"}}],"inLanguage":"it-IT"},{"@type":"Organization","@id":"https:\/\/www.monaco-tribune.com\/it\/#organization","name":"Monaco Tribune","url":"https:\/\/www.monaco-tribune.com\/it\/","logo":{"@type":"ImageObject","inLanguage":"it-IT","@id":"https:\/\/www.monaco-tribune.com\/it\/#\/schema\/logo\/image\/","url":"https:\/\/www.monaco-tribune.com\/wp-content\/uploads\/2022\/11\/logo-monaco-tribune.png","contentUrl":"https:\/\/www.monaco-tribune.com\/wp-content\/uploads\/2022\/11\/logo-monaco-tribune.png","width":1548,"height":600,"caption":"Monaco Tribune"},"image":{"@id":"https:\/\/www.monaco-tribune.com\/it\/#\/schema\/logo\/image\/"},"sameAs":["https:\/\/www.facebook.com\/MonacoTribune","https:\/\/x.com\/MonacoTribune","https:\/\/www.instagram.com\/monacotribune\/","https:\/\/www.linkedin.com\/company\/monaco-tribune","https:\/\/www.youtube.com\/channel\/UCHle1MnG6hw1y4lWKijVbMA"]},{"@type":"Person","@id":"https:\/\/www.monaco-tribune.com\/it\/#\/schema\/person\/dd3b5770833f791d3f4d808f1aa84499","name":"Sarah Incari","image":{"@type":"ImageObject","inLanguage":"it-IT","@id":"https:\/\/secure.gravatar.com\/avatar\/4ac0b37be892d57107ccdd804e3f2a03bf1e3fca097512136d3603859293cb0e?s=96&d=mm&r=g","url":"https:\/\/secure.gravatar.com\/avatar\/4ac0b37be892d57107ccdd804e3f2a03bf1e3fca097512136d3603859293cb0e?s=96&d=mm&r=g","contentUrl":"https:\/\/secure.gravatar.com\/avatar\/4ac0b37be892d57107ccdd804e3f2a03bf1e3fca097512136d3603859293cb0e?s=96&d=mm&r=g","caption":"Sarah Incari"},"url":"https:\/\/www.monaco-tribune.com\/it\/author\/sarahincari\/"}]}},"_links":{"self":[{"href":"https:\/\/www.monaco-tribune.com\/it\/wp-json\/wp\/v2\/posts\/201761","targetHints":{"allow":["GET"]}}],"collection":[{"href":"https:\/\/www.monaco-tribune.com\/it\/wp-json\/wp\/v2\/posts"}],"about":[{"href":"https:\/\/www.monaco-tribune.com\/it\/wp-json\/wp\/v2\/types\/post"}],"author":[{"embeddable":true,"href":"https:\/\/www.monaco-tribune.com\/it\/wp-json\/wp\/v2\/users\/69"}],"replies":[{"embeddable":true,"href":"https:\/\/www.monaco-tribune.com\/it\/wp-json\/wp\/v2\/comments?post=201761"}],"version-history":[{"count":2,"href":"https:\/\/www.monaco-tribune.com\/it\/wp-json\/wp\/v2\/posts\/201761\/revisions"}],"predecessor-version":[{"id":201766,"href":"https:\/\/www.monaco-tribune.com\/it\/wp-json\/wp\/v2\/posts\/201761\/revisions\/201766"}],"wp:featuredmedia":[{"embeddable":true,"href":"https:\/\/www.monaco-tribune.com\/it\/wp-json\/wp\/v2\/media\/201528"}],"wp:attachment":[{"href":"https:\/\/www.monaco-tribune.com\/it\/wp-json\/wp\/v2\/media?parent=201761"}],"wp:term":[{"taxonomy":"category","embeddable":true,"href":"https:\/\/www.monaco-tribune.com\/it\/wp-json\/wp\/v2\/categories?post=201761"},{"taxonomy":"post_tag","embeddable":true,"href":"https:\/\/www.monaco-tribune.com\/it\/wp-json\/wp\/v2\/tags?post=201761"},{"taxonomy":"sectag","embeddable":true,"href":"https:\/\/www.monaco-tribune.com\/it\/wp-json\/wp\/v2\/post_sectags?post=201761"},{"taxonomy":"format","embeddable":true,"href":"https:\/\/www.monaco-tribune.com\/it\/wp-json\/wp\/v2\/post_format?post=201761"}],"curies":[{"name":"wp","href":"https:\/\/api.w.org\/{rel}","templated":true}]}}