{"id":201867,"date":"2023-11-22T13:09:59","date_gmt":"2023-11-22T11:09:59","guid":{"rendered":"https:\/\/www.monaco-tribune.com\/2023\/11\/5-cose-che-non-sapevate-su-monaco\/"},"modified":"2023-11-22T13:16:52","modified_gmt":"2023-11-22T11:16:52","slug":"5-cose-che-non-sapevate-su-monaco","status":"publish","type":"post","link":"https:\/\/www.monaco-tribune.com\/it\/2023\/11\/5-cose-che-non-sapevate-su-monaco\/","title":{"rendered":"5 cose che non sapevate su Monaco"},"content":{"rendered":"\n<p><strong>Il Principato ha qualche segreto ben custodito!<\/strong><\/p>\n\n<p>Il Principato \u00e8 sicuramente noto per i suoi favolosi eventi, i lussuosi yacht ormeggiati al porto, i palazzi e i ristoranti di alto livello. Ma dovete sapere che questo territorio di soli due chilometri quadrati ha una ricca storia, con alcuni piccoli segreti e aneddoti che oggi vi sveleremo!<\/p>\n\n<h2 class=\"wp-block-heading has-text-align-center\" id=\"h-1-dans-l-ordre-de-succession-les-princes-sont-prioritaires-sur-les-princesses\">1. Nell&#8217;ordine di successione, i Principi hanno la precedenza sulle Principesse<\/h2>\n\n<p>Come in molti regni e principati, Monaco segue la regola della primogenitura maschile allo stesso grado di parentela, come sancito dalla Costituzione monegasca.<\/p>\n\n<p>\u00c8 per questo che il Principe Alberto II, pur essendo nato dopo la Principessa Carolina, \u00e8 salito al trono alla morte del Principe Ranieri III, e che suo figlio, il Principe Ereditario Jacques, \u00e8 il primo nell&#8217;ordine di successione, anche se \u00e8 nato pochi minuti dopo la sorella gemella, la Principessa Gabriella. Lo stesso vale per il Principe Ranieri III, figlio minore della Principessa Antonietta.<\/p>\n<div class=\"wp-block-image\">\n<figure class=\"aligncenter size-large\"><img loading=\"lazy\" decoding=\"async\" width=\"1024\" height=\"683\" src=\"https:\/\/www.monaco-tribune.com\/wp-content\/uploads\/2023\/11\/fete-nationale-monaco-2023-balcon-palais-1024x683.jpg\" alt=\"fete-nationale-monaco-2023-balcon-palais\" class=\"wp-image-201518\" srcset=\"https:\/\/www.monaco-tribune.com\/wp-content\/uploads\/2023\/11\/fete-nationale-monaco-2023-balcon-palais-1024x683.jpg 1024w, https:\/\/www.monaco-tribune.com\/wp-content\/uploads\/2023\/11\/fete-nationale-monaco-2023-balcon-palais-450x300.jpg 450w, https:\/\/www.monaco-tribune.com\/wp-content\/uploads\/2023\/11\/fete-nationale-monaco-2023-balcon-palais.jpg 1200w\" sizes=\"auto, (max-width: 1024px) 100vw, 1024px\" \/><figcaption class=\"wp-element-caption\"><em>Il Principe ereditario Jacques \u00e8 nato dopo la sorella, la Principessa Gabriella, ma \u00e8 il primo nell&#8217;ordine di successione &#8211; \u00a9 Direction de la Communication \/ Frederic Nebinger \/ Manuel Vitali \/ St\u00e9phane Danna<\/em><\/figcaption><\/figure>\n<\/div>\n<p>Lo sapevate? La Festa Nazionale, o Festa del Principe, cambia solitamente data a seconda del Principe regnante. Oggi ricorre il 19 novembre, data scelta dal Principe Ranieri III perch\u00e9 corrispondeva al giorno della sua intronizzazione. Il Principe Alberto II ha deciso di mantenere questa data come omaggio al padre.<\/p>\n\n<p class=\"related\"><a href=\"https:\/\/www.monaco-tribune.com\/it\/2023\/11\/siamo-molto-legati-alla-famiglia-principesca-monaco-celebra-la-festa-nazionale-2023\/\">\u201cSiamo molto legati alla Famiglia Principesca\u201d: Monaco celebra la Festa Nazionale 2023<\/a><\/p>\n\n<h2 class=\"wp-block-heading has-text-align-center\" id=\"h-2-on-doit-le-quartier-de-monte-carlo-a-une-femme\">2. Il quartiere di Monte-Carlo lo dobbiamo a una donna<\/h2>\n\n<p>Conoscete Fran\u00e7ois e Marie Blanc? Arrivarono a Monaco da Amburgo nel 1863, dove incontrarono il Principe Carlo III e si innamorarono del Principato. Monaco era in difficolt\u00e0 dopo la perdita di Mentone e dei suoi agrumi. Fran\u00e7ois e Marie Blanc decisero cos\u00ec di trasformarla in una destinazione turistica senza precedenti.<\/p>\n<div class=\"wp-block-image\">\n<figure class=\"aligncenter size-full\"><img loading=\"lazy\" decoding=\"async\" width=\"1020\" height=\"669\" src=\"https:\/\/www.monaco-tribune.com\/wp-content\/uploads\/2023\/07\/casino-monte-carlo.jpeg\" alt=\"casino-monte-carlo\" class=\"wp-image-185795\" srcset=\"https:\/\/www.monaco-tribune.com\/wp-content\/uploads\/2023\/07\/casino-monte-carlo.jpeg 1020w, https:\/\/www.monaco-tribune.com\/wp-content\/uploads\/2023\/07\/casino-monte-carlo-457x300.jpeg 457w\" sizes=\"auto, (max-width: 1020px) 100vw, 1020px\" \/><figcaption class=\"wp-element-caption\"><em>Il Casin\u00f2 fu costruito nel 1863 sotto il regno del Principe Carlo III e ha poi subito importanti modifiche nel 1879 &#8211; \u00a9 Archives Monte-Carlo SBM<\/em><\/figcaption><\/figure>\n<\/div>\n<p>E mentre Fran\u00e7ois Blanc si occupava principalmente dell&#8217;aspetto finanziario, Marie dava libero sfogo alla sua creativit\u00e0 e a tutte le sue idee pi\u00f9 folli! H\u00f4tel de Paris, Caf\u00e9 Divan (poi Caf\u00e9 de Paris), Op\u00e9ra, inaugurata dalla grande Sarah Bernhardt&#8230; Sebbene la scelta dei materiali pi\u00f9 pregiati fosse inizialmente sorprendente, si rivel\u00f2 presto azzeccata. Il quartiere di Monte-Carlo, che prende il nome dal Principe Carlo III, \u00e8 tuttora famoso in tutto il mondo per il suo carattere e prestigio.<\/p>\n\n<p class=\"related\"><a href=\"https:\/\/www.monaco-tribune.com\/it\/2022\/03\/marie-blanc-la-donna-dietro-alcuni-degli-edifici-piu-belli-di-monaco\/\">Marie Blanc: la donna dietro alcuni degli edifici pi\u00f9 belli di Monaco<\/a><\/p>\n\n<h2 class=\"wp-block-heading has-text-align-center\" id=\"h-3-monaco-n-est-pas-seulement-pour-les-riches\">3. Monaco non \u00e8 solo &#8220;per i ricchi&#8221;<\/h2>\n\n<p>Sebbene Monte-Carlo spicchi sulla scena internazionale grazie al suo casin\u00f2, ai suoi hotel di lusso e alla sua cucina raffinata, il Principato ne suo complesso non si rivolge solo ai turisti pi\u00f9 facoltosi, anzi!<\/p>\n\n<p>Ad esempio, molte strutture possono essere visitate gratuitamente e le dimensioni ridotte del paese consentono di spostarsi a piedi o in autobus a prezzi molto convenienti.<\/p>\n<div class=\"wp-block-image\">\n<figure class=\"aligncenter size-full\"><img loading=\"lazy\" decoding=\"async\" width=\"1020\" height=\"680\" src=\"https:\/\/www.monaco-tribune.com\/wp-content\/uploads\/2023\/07\/marche-condamine-monaco-1.jpg\" alt=\"mercato-condamine-monaco\" class=\"wp-image-186755\" srcset=\"https:\/\/www.monaco-tribune.com\/wp-content\/uploads\/2023\/07\/marche-condamine-monaco-1.jpg 1020w, https:\/\/www.monaco-tribune.com\/wp-content\/uploads\/2023\/07\/marche-condamine-monaco-1-450x300.jpg 450w\" sizes=\"auto, (max-width: 1020px) 100vw, 1020px\" \/><figcaption class=\"wp-element-caption\"><em>Il mercato della Condamine \u00e8 un ottimo posto per mangiare a prezzi bassi &#8211; \u00a9 Mairie de Monaco<\/em><\/figcaption><\/figure>\n<\/div>\n<p>Grazie alla sua posizione geografica, \u00e8 possibile alloggiare anche nelle citt\u00e0 vicine, dove si trovano hotel e appartamenti in affitto per tutte le tasche.<\/p>\n\n<p>E poi, sapevate che Monaco ha una politica molto protettiva nei confronti dei suoi cittadini? Grazie alla priorit\u00e0 nazionale, i monegaschi hanno accesso agli alloggi di propriet\u00e0 dello Stato, con affitti molto vantaggiosi, e godono di un accesso prioritario ai posti di lavoro nel Paese. Allo stesso modo, i bambini monegaschi hanno un posto assicurato alla scuola materna, mentre le altre nazionalit\u00e0 vengono ammesse solo se ci sono posti disponibili. Va inoltre ricordato che i residenti e i cittadini hanno diritto all&#8217;assistenza sanitaria gratuita. Per i cittadini stranieri che non vivono o lavorano a Monaco, solo le cure mediche di emergenza sono gratis.<\/p>\n\n<p class=\"related\"><a href=\"https:\/\/www.monaco-tribune.com\/it\/2023\/07\/come-visitare-monaco-senza-spendere-molto\/\">Come visitare Monaco senza spendere molto<\/a><\/p>\n\n<h2 class=\"wp-block-heading has-text-align-center\" id=\"h-4-monaco-possede-la-plus-forte-densite-de-personnes-fortunees-au-monde\">4. Monaco \u00e8 il paese con la pi\u00f9 alta densit\u00e0 di ricchi al mondo<\/h2>\n\n<p>37.000 abitanti, 12.000 milionari, molti miliardari&#8230; Nel Principato, una persona su 39 \u00e8 ricca!<\/p>\n\n<p>E non c&#8217;\u00e8 da stupirsi: un lifestyle da sogno, un alto livello di sicurezza, una politica fiscale vantaggiosa&#8230; il Principato \u00e8 una calamita per gli &#8220;ultra-high-net-worth individuals&#8221;, o UHNWI, ovvero coloro che possiedono un patrimonio investibile di almeno 30 milioni di dollari, esclusi gli immobili (poco pi\u00f9 di 25 milioni di euro).<\/p>\n\n<p>Tra i suoi residenti, per esempio, Monaco conta Sir Stelios Haji-Ioannou, fondatore di easyJet, Flavio Briatore, fondatore del Billionaire Group ed ex direttore del team Benetton di F1, Jim Ratcliffe, presidente di Ineos e proprietario dell&#8217;OGC Nice, Christina Green, cofondatrice di Green and Mingarelli Design, e Lady Monika Bacardi, cofondatrice del Gruppo AMBI.<\/p>\n\n<h2 class=\"wp-block-heading has-text-align-center\" id=\"h-5-monaco-pays-le-plus-securitaire-et-avec-la-plus-longue-esperance-de-vie\">5. Monaco, il Paese pi\u00f9 sicuro e con l&#8217;aspettativa di vita pi\u00f9 lunga<\/h2>\n\n<p>Uno dei maggiori punti di forza del Principato \u00e8 senza dubbio la sua sicurezza: Monaco \u00e8 uno dei luoghi pi\u00f9 sicuri al mondo, come si evince ogni anno dai dati della Pubblica sicurezza.<\/p>\n<div class=\"wp-block-image\">\n<figure class=\"aligncenter size-full\"><img loading=\"lazy\" decoding=\"async\" width=\"1020\" height=\"680\" src=\"https:\/\/www.monaco-tribune.com\/wp-content\/uploads\/2023\/11\/police-surete-publique-.jpg\" alt=\"police-surete-publique-\" class=\"wp-image-199124\" srcset=\"https:\/\/www.monaco-tribune.com\/wp-content\/uploads\/2023\/11\/police-surete-publique-.jpg 1020w, https:\/\/www.monaco-tribune.com\/wp-content\/uploads\/2023\/11\/police-surete-publique--450x300.jpg 450w\" sizes=\"auto, (max-width: 1020px) 100vw, 1020px\" \/><figcaption class=\"wp-element-caption\"><em>Ogni giorno la Pubblica sicurezza rende pi\u00f9 sicuro il territorio monegasco &#8211; \u00a9 Direction de la Communication \/ Michael Alesi<\/em><\/figcaption><\/figure>\n<\/div>\n<p>Solo tra il 2019 e il 2022, la polizia ha registrato <a href=\"https:\/\/www.monaco-tribune.com\/it\/2023\/01\/delinquenza-in-calo-nel-principato\/\">un calo del 9% nei crimini generali<\/a> e del 34% nei crimini stradali.<\/p>\n\n<p>Un altro grande punto a favore di Monaco \u00e8 il suo eccellente sistema sanitario, con il Centro Ospedaliero Principessa Grace, il <a href=\"https:\/\/www.monaco-tribune.com\/2023\/11\/deux-ans-apres-sa-mise-en-service-le-scanner-revolutionnaire-du-centre-cardio-thoracique-ouvre-le-champ-des-possibles\/\">Centro Cardio-Toracico<\/a>, l&#8217;IM2S e le sue cliniche. Il Principato \u00e8 anche al primo posto nella classifica mondiale dei Paesi con l&#8217;aspettativa di vita pi\u00f9 lunga. Secondo &#8220;The World Factbook&#8221;, un&#8217;organizzazione statistica indipendente, i suoi abitanti vivono in media 89 anni, contro gli 82 della Francia.<\/p>\n","protected":false},"excerpt":{"rendered":"<p>Il Principato ha qualche segreto ben custodito! Il Principato \u00e8 sicuramente noto per i suoi favolosi eventi, i lussuosi yacht [&hellip;]<\/p>\n","protected":false},"author":60,"featured_media":201524,"comment_status":"closed","ping_status":"closed","sticky":false,"template":"","format":"standard","meta":{"_acf_changed":false,"footnotes":""},"categories":[1740,1826,1738],"tags":[],"post_sectags":[],"post_format":[2486],"class_list":["post-201867","post","type-post","status-publish","format-standard","has-post-thumbnail","hentry","category-cosa-fare","category-la-nostra-scelta","category-notizie","format-servizio"],"acf":[],"yoast_head":"<!-- This site is optimized with the Yoast SEO Premium plugin v26.8 (Yoast SEO v27.5) - https:\/\/yoast.com\/product\/yoast-seo-premium-wordpress\/ -->\n<title>5 cose che non sapevate su Monaco<\/title>\n<meta name=\"description\" content=\"Il Principato ha qualche segreto ben custodito! Il Principato \u00e8 sicuramente noto per i suoi favolosi eventi, i lussuosi yacht ormeggiati al porto, i\" \/>\n<meta name=\"robots\" content=\"index, follow, max-snippet:-1, max-image-preview:large, max-video-preview:-1\" \/>\n<link rel=\"canonical\" href=\"https:\/\/www.monaco-tribune.com\/it\/2023\/11\/5-cose-che-non-sapevate-su-monaco\/\" \/>\n<meta property=\"og:locale\" content=\"it_IT\" \/>\n<meta property=\"og:type\" content=\"article\" \/>\n<meta property=\"og:title\" content=\"5 cose che non sapevate su Monaco - Monaco Tribune\" \/>\n<meta property=\"og:description\" content=\"Il Principato ha qualche segreto ben custodito! Il Principato \u00e8 sicuramente noto per i suoi favolosi eventi, i lussuosi yacht ormeggiati al porto, i\" \/>\n<meta property=\"og:url\" content=\"https:\/\/www.monaco-tribune.com\/it\/2023\/11\/5-cose-che-non-sapevate-su-monaco\/\" \/>\n<meta property=\"og:site_name\" content=\"Monaco Tribune\" \/>\n<meta property=\"article:publisher\" content=\"https:\/\/www.facebook.com\/MonacoTribune\" \/>\n<meta property=\"article:published_time\" content=\"2023-11-22T11:09:59+00:00\" \/>\n<meta property=\"article:modified_time\" content=\"2023-11-22T11:16:52+00:00\" \/>\n<meta property=\"og:image\" content=\"https:\/\/www.monaco-tribune.com\/wp-content\/uploads\/2023\/11\/fete-nationale-monaco-2023.jpg\" \/>\n\t<meta property=\"og:image:width\" content=\"1200\" \/>\n\t<meta property=\"og:image:height\" content=\"800\" \/>\n\t<meta property=\"og:image:type\" content=\"image\/jpeg\" \/>\n<meta name=\"author\" content=\"Camille Esteve\" \/>\n<meta name=\"twitter:card\" content=\"summary_large_image\" \/>\n<meta name=\"twitter:creator\" content=\"@MonacoTribune\" \/>\n<meta name=\"twitter:site\" content=\"@MonacoTribune\" \/>\n<script type=\"application\/ld+json\" class=\"yoast-schema-graph\">{\"@context\":\"https:\\\/\\\/schema.org\",\"@graph\":[{\"@type\":\"NewsArticle\",\"@id\":\"https:\\\/\\\/www.monaco-tribune.com\\\/it\\\/2023\\\/11\\\/5-cose-che-non-sapevate-su-monaco\\\/#article\",\"isPartOf\":{\"@id\":\"https:\\\/\\\/www.monaco-tribune.com\\\/it\\\/2023\\\/11\\\/5-cose-che-non-sapevate-su-monaco\\\/\"},\"author\":{\"name\":\"Camille Esteve\",\"@id\":\"https:\\\/\\\/www.monaco-tribune.com\\\/it\\\/#\\\/schema\\\/person\\\/a855d420fff4d03637641d60b93ac62e\"},\"headline\":\"5 cose che non sapevate su Monaco\",\"datePublished\":\"2023-11-22T11:09:59+00:00\",\"dateModified\":\"2023-11-22T11:16:52+00:00\",\"mainEntityOfPage\":{\"@id\":\"https:\\\/\\\/www.monaco-tribune.com\\\/it\\\/2023\\\/11\\\/5-cose-che-non-sapevate-su-monaco\\\/\"},\"wordCount\":910,\"publisher\":{\"@id\":\"https:\\\/\\\/www.monaco-tribune.com\\\/it\\\/#organization\"},\"image\":{\"@id\":\"https:\\\/\\\/www.monaco-tribune.com\\\/it\\\/2023\\\/11\\\/5-cose-che-non-sapevate-su-monaco\\\/#primaryimage\"},\"thumbnailUrl\":\"https:\\\/\\\/www.monaco-tribune.com\\\/wp-content\\\/uploads\\\/2023\\\/11\\\/fete-nationale-monaco-2023.jpg\",\"articleSection\":[\"Cosa fare\",\"La nostra scelta\",\"Notizie\"],\"inLanguage\":\"it-IT\",\"copyrightYear\":\"2023\",\"copyrightHolder\":{\"@id\":\"https:\\\/\\\/www.monaco-tribune.com\\\/#organization\"}},{\"@type\":\"WebPage\",\"@id\":\"https:\\\/\\\/www.monaco-tribune.com\\\/it\\\/2023\\\/11\\\/5-cose-che-non-sapevate-su-monaco\\\/\",\"url\":\"https:\\\/\\\/www.monaco-tribune.com\\\/it\\\/2023\\\/11\\\/5-cose-che-non-sapevate-su-monaco\\\/\",\"name\":\"5 cose che non sapevate su Monaco\",\"isPartOf\":{\"@id\":\"https:\\\/\\\/www.monaco-tribune.com\\\/it\\\/#website\"},\"primaryImageOfPage\":{\"@id\":\"https:\\\/\\\/www.monaco-tribune.com\\\/it\\\/2023\\\/11\\\/5-cose-che-non-sapevate-su-monaco\\\/#primaryimage\"},\"image\":{\"@id\":\"https:\\\/\\\/www.monaco-tribune.com\\\/it\\\/2023\\\/11\\\/5-cose-che-non-sapevate-su-monaco\\\/#primaryimage\"},\"thumbnailUrl\":\"https:\\\/\\\/www.monaco-tribune.com\\\/wp-content\\\/uploads\\\/2023\\\/11\\\/fete-nationale-monaco-2023.jpg\",\"datePublished\":\"2023-11-22T11:09:59+00:00\",\"dateModified\":\"2023-11-22T11:16:52+00:00\",\"description\":\"Il Principato ha qualche segreto ben custodito! Il Principato \u00e8 sicuramente noto per i suoi favolosi eventi, i lussuosi yacht ormeggiati al porto, i\",\"breadcrumb\":{\"@id\":\"https:\\\/\\\/www.monaco-tribune.com\\\/it\\\/2023\\\/11\\\/5-cose-che-non-sapevate-su-monaco\\\/#breadcrumb\"},\"inLanguage\":\"it-IT\",\"potentialAction\":[{\"@type\":\"ReadAction\",\"target\":[\"https:\\\/\\\/www.monaco-tribune.com\\\/it\\\/2023\\\/11\\\/5-cose-che-non-sapevate-su-monaco\\\/\"]}]},{\"@type\":\"ImageObject\",\"inLanguage\":\"it-IT\",\"@id\":\"https:\\\/\\\/www.monaco-tribune.com\\\/it\\\/2023\\\/11\\\/5-cose-che-non-sapevate-su-monaco\\\/#primaryimage\",\"url\":\"https:\\\/\\\/www.monaco-tribune.com\\\/wp-content\\\/uploads\\\/2023\\\/11\\\/fete-nationale-monaco-2023.jpg\",\"contentUrl\":\"https:\\\/\\\/www.monaco-tribune.com\\\/wp-content\\\/uploads\\\/2023\\\/11\\\/fete-nationale-monaco-2023.jpg\",\"width\":1200,\"height\":800,\"caption\":\"La Festa Nazionale 2023 \\\/ \u00a9 Palazzo del Principe\"},{\"@type\":\"BreadcrumbList\",\"@id\":\"https:\\\/\\\/www.monaco-tribune.com\\\/it\\\/2023\\\/11\\\/5-cose-che-non-sapevate-su-monaco\\\/#breadcrumb\",\"itemListElement\":[{\"@type\":\"ListItem\",\"position\":1,\"name\":\"Accueil\",\"item\":\"https:\\\/\\\/www.monaco-tribune.com\\\/it\\\/\"},{\"@type\":\"ListItem\",\"position\":2,\"name\":\"5 cose che non sapevate su Monaco\"}]},{\"@type\":\"WebSite\",\"@id\":\"https:\\\/\\\/www.monaco-tribune.com\\\/it\\\/#website\",\"url\":\"https:\\\/\\\/www.monaco-tribune.com\\\/it\\\/\",\"name\":\"Monaco Tribune\",\"description\":\"Monaco : actualit\u00e9s \u00e9conomiques, politiques, culturelles et sportives de Monaco et de la French Riviera.\",\"publisher\":{\"@id\":\"https:\\\/\\\/www.monaco-tribune.com\\\/it\\\/#organization\"},\"potentialAction\":[{\"@type\":\"SearchAction\",\"target\":{\"@type\":\"EntryPoint\",\"urlTemplate\":\"https:\\\/\\\/www.monaco-tribune.com\\\/it\\\/?s={search_term_string}\"},\"query-input\":{\"@type\":\"PropertyValueSpecification\",\"valueRequired\":true,\"valueName\":\"search_term_string\"}}],\"inLanguage\":\"it-IT\"},{\"@type\":\"Organization\",\"@id\":\"https:\\\/\\\/www.monaco-tribune.com\\\/it\\\/#organization\",\"name\":\"Monaco Tribune\",\"url\":\"https:\\\/\\\/www.monaco-tribune.com\\\/it\\\/\",\"logo\":{\"@type\":\"ImageObject\",\"inLanguage\":\"it-IT\",\"@id\":\"https:\\\/\\\/www.monaco-tribune.com\\\/it\\\/#\\\/schema\\\/logo\\\/image\\\/\",\"url\":\"https:\\\/\\\/www.monaco-tribune.com\\\/wp-content\\\/uploads\\\/2022\\\/11\\\/logo-monaco-tribune.png\",\"contentUrl\":\"https:\\\/\\\/www.monaco-tribune.com\\\/wp-content\\\/uploads\\\/2022\\\/11\\\/logo-monaco-tribune.png\",\"width\":1548,\"height\":600,\"caption\":\"Monaco Tribune\"},\"image\":{\"@id\":\"https:\\\/\\\/www.monaco-tribune.com\\\/it\\\/#\\\/schema\\\/logo\\\/image\\\/\"},\"sameAs\":[\"https:\\\/\\\/www.facebook.com\\\/MonacoTribune\",\"https:\\\/\\\/x.com\\\/MonacoTribune\",\"https:\\\/\\\/www.instagram.com\\\/monacotribune\\\/\",\"https:\\\/\\\/www.linkedin.com\\\/company\\\/monaco-tribune\",\"https:\\\/\\\/www.youtube.com\\\/channel\\\/UCHle1MnG6hw1y4lWKijVbMA\"]},{\"@type\":\"Person\",\"@id\":\"https:\\\/\\\/www.monaco-tribune.com\\\/it\\\/#\\\/schema\\\/person\\\/a855d420fff4d03637641d60b93ac62e\",\"name\":\"Camille Esteve\",\"image\":{\"@type\":\"ImageObject\",\"inLanguage\":\"it-IT\",\"@id\":\"https:\\\/\\\/secure.gravatar.com\\\/avatar\\\/eaaa2355a7bb56c0018a391c20a55bf9b4690e3f493231dd850e612bfa6ce161?s=96&d=mm&r=g\",\"url\":\"https:\\\/\\\/secure.gravatar.com\\\/avatar\\\/eaaa2355a7bb56c0018a391c20a55bf9b4690e3f493231dd850e612bfa6ce161?s=96&d=mm&r=g\",\"contentUrl\":\"https:\\\/\\\/secure.gravatar.com\\\/avatar\\\/eaaa2355a7bb56c0018a391c20a55bf9b4690e3f493231dd850e612bfa6ce161?s=96&d=mm&r=g\",\"caption\":\"Camille Esteve\"},\"url\":\"https:\\\/\\\/www.monaco-tribune.com\\\/it\\\/author\\\/camilleesteve\\\/\"}]}<\/script>\n<!-- \/ Yoast SEO Premium plugin. -->","yoast_head_json":{"title":"5 cose che non sapevate su Monaco","description":"Il Principato ha qualche segreto ben custodito! Il Principato \u00e8 sicuramente noto per i suoi favolosi eventi, i lussuosi yacht ormeggiati al porto, i","robots":{"index":"index","follow":"follow","max-snippet":"max-snippet:-1","max-image-preview":"max-image-preview:large","max-video-preview":"max-video-preview:-1"},"canonical":"https:\/\/www.monaco-tribune.com\/it\/2023\/11\/5-cose-che-non-sapevate-su-monaco\/","og_locale":"it_IT","og_type":"article","og_title":"5 cose che non sapevate su Monaco - Monaco Tribune","og_description":"Il Principato ha qualche segreto ben custodito! Il Principato \u00e8 sicuramente noto per i suoi favolosi eventi, i lussuosi yacht ormeggiati al porto, i","og_url":"https:\/\/www.monaco-tribune.com\/it\/2023\/11\/5-cose-che-non-sapevate-su-monaco\/","og_site_name":"Monaco Tribune","article_publisher":"https:\/\/www.facebook.com\/MonacoTribune","article_published_time":"2023-11-22T11:09:59+00:00","article_modified_time":"2023-11-22T11:16:52+00:00","og_image":[{"width":1200,"height":800,"url":"https:\/\/www.monaco-tribune.com\/wp-content\/uploads\/2023\/11\/fete-nationale-monaco-2023.jpg","type":"image\/jpeg"}],"author":"Camille Esteve","twitter_card":"summary_large_image","twitter_creator":"@MonacoTribune","twitter_site":"@MonacoTribune","schema":{"@context":"https:\/\/schema.org","@graph":[{"@type":"NewsArticle","@id":"https:\/\/www.monaco-tribune.com\/it\/2023\/11\/5-cose-che-non-sapevate-su-monaco\/#article","isPartOf":{"@id":"https:\/\/www.monaco-tribune.com\/it\/2023\/11\/5-cose-che-non-sapevate-su-monaco\/"},"author":{"name":"Camille Esteve","@id":"https:\/\/www.monaco-tribune.com\/it\/#\/schema\/person\/a855d420fff4d03637641d60b93ac62e"},"headline":"5 cose che non sapevate su Monaco","datePublished":"2023-11-22T11:09:59+00:00","dateModified":"2023-11-22T11:16:52+00:00","mainEntityOfPage":{"@id":"https:\/\/www.monaco-tribune.com\/it\/2023\/11\/5-cose-che-non-sapevate-su-monaco\/"},"wordCount":910,"publisher":{"@id":"https:\/\/www.monaco-tribune.com\/it\/#organization"},"image":{"@id":"https:\/\/www.monaco-tribune.com\/it\/2023\/11\/5-cose-che-non-sapevate-su-monaco\/#primaryimage"},"thumbnailUrl":"https:\/\/www.monaco-tribune.com\/wp-content\/uploads\/2023\/11\/fete-nationale-monaco-2023.jpg","articleSection":["Cosa fare","La nostra scelta","Notizie"],"inLanguage":"it-IT","copyrightYear":"2023","copyrightHolder":{"@id":"https:\/\/www.monaco-tribune.com\/#organization"}},{"@type":"WebPage","@id":"https:\/\/www.monaco-tribune.com\/it\/2023\/11\/5-cose-che-non-sapevate-su-monaco\/","url":"https:\/\/www.monaco-tribune.com\/it\/2023\/11\/5-cose-che-non-sapevate-su-monaco\/","name":"5 cose che non sapevate su Monaco","isPartOf":{"@id":"https:\/\/www.monaco-tribune.com\/it\/#website"},"primaryImageOfPage":{"@id":"https:\/\/www.monaco-tribune.com\/it\/2023\/11\/5-cose-che-non-sapevate-su-monaco\/#primaryimage"},"image":{"@id":"https:\/\/www.monaco-tribune.com\/it\/2023\/11\/5-cose-che-non-sapevate-su-monaco\/#primaryimage"},"thumbnailUrl":"https:\/\/www.monaco-tribune.com\/wp-content\/uploads\/2023\/11\/fete-nationale-monaco-2023.jpg","datePublished":"2023-11-22T11:09:59+00:00","dateModified":"2023-11-22T11:16:52+00:00","description":"Il Principato ha qualche segreto ben custodito! Il Principato \u00e8 sicuramente noto per i suoi favolosi eventi, i lussuosi yacht ormeggiati al porto, i","breadcrumb":{"@id":"https:\/\/www.monaco-tribune.com\/it\/2023\/11\/5-cose-che-non-sapevate-su-monaco\/#breadcrumb"},"inLanguage":"it-IT","potentialAction":[{"@type":"ReadAction","target":["https:\/\/www.monaco-tribune.com\/it\/2023\/11\/5-cose-che-non-sapevate-su-monaco\/"]}]},{"@type":"ImageObject","inLanguage":"it-IT","@id":"https:\/\/www.monaco-tribune.com\/it\/2023\/11\/5-cose-che-non-sapevate-su-monaco\/#primaryimage","url":"https:\/\/www.monaco-tribune.com\/wp-content\/uploads\/2023\/11\/fete-nationale-monaco-2023.jpg","contentUrl":"https:\/\/www.monaco-tribune.com\/wp-content\/uploads\/2023\/11\/fete-nationale-monaco-2023.jpg","width":1200,"height":800,"caption":"La Festa Nazionale 2023 \/ \u00a9 Palazzo del Principe"},{"@type":"BreadcrumbList","@id":"https:\/\/www.monaco-tribune.com\/it\/2023\/11\/5-cose-che-non-sapevate-su-monaco\/#breadcrumb","itemListElement":[{"@type":"ListItem","position":1,"name":"Accueil","item":"https:\/\/www.monaco-tribune.com\/it\/"},{"@type":"ListItem","position":2,"name":"5 cose che non sapevate su Monaco"}]},{"@type":"WebSite","@id":"https:\/\/www.monaco-tribune.com\/it\/#website","url":"https:\/\/www.monaco-tribune.com\/it\/","name":"Monaco Tribune","description":"Monaco : actualit\u00e9s \u00e9conomiques, politiques, culturelles et sportives de Monaco et de la French Riviera.","publisher":{"@id":"https:\/\/www.monaco-tribune.com\/it\/#organization"},"potentialAction":[{"@type":"SearchAction","target":{"@type":"EntryPoint","urlTemplate":"https:\/\/www.monaco-tribune.com\/it\/?s={search_term_string}"},"query-input":{"@type":"PropertyValueSpecification","valueRequired":true,"valueName":"search_term_string"}}],"inLanguage":"it-IT"},{"@type":"Organization","@id":"https:\/\/www.monaco-tribune.com\/it\/#organization","name":"Monaco Tribune","url":"https:\/\/www.monaco-tribune.com\/it\/","logo":{"@type":"ImageObject","inLanguage":"it-IT","@id":"https:\/\/www.monaco-tribune.com\/it\/#\/schema\/logo\/image\/","url":"https:\/\/www.monaco-tribune.com\/wp-content\/uploads\/2022\/11\/logo-monaco-tribune.png","contentUrl":"https:\/\/www.monaco-tribune.com\/wp-content\/uploads\/2022\/11\/logo-monaco-tribune.png","width":1548,"height":600,"caption":"Monaco Tribune"},"image":{"@id":"https:\/\/www.monaco-tribune.com\/it\/#\/schema\/logo\/image\/"},"sameAs":["https:\/\/www.facebook.com\/MonacoTribune","https:\/\/x.com\/MonacoTribune","https:\/\/www.instagram.com\/monacotribune\/","https:\/\/www.linkedin.com\/company\/monaco-tribune","https:\/\/www.youtube.com\/channel\/UCHle1MnG6hw1y4lWKijVbMA"]},{"@type":"Person","@id":"https:\/\/www.monaco-tribune.com\/it\/#\/schema\/person\/a855d420fff4d03637641d60b93ac62e","name":"Camille Esteve","image":{"@type":"ImageObject","inLanguage":"it-IT","@id":"https:\/\/secure.gravatar.com\/avatar\/eaaa2355a7bb56c0018a391c20a55bf9b4690e3f493231dd850e612bfa6ce161?s=96&d=mm&r=g","url":"https:\/\/secure.gravatar.com\/avatar\/eaaa2355a7bb56c0018a391c20a55bf9b4690e3f493231dd850e612bfa6ce161?s=96&d=mm&r=g","contentUrl":"https:\/\/secure.gravatar.com\/avatar\/eaaa2355a7bb56c0018a391c20a55bf9b4690e3f493231dd850e612bfa6ce161?s=96&d=mm&r=g","caption":"Camille Esteve"},"url":"https:\/\/www.monaco-tribune.com\/it\/author\/camilleesteve\/"}]}},"_links":{"self":[{"href":"https:\/\/www.monaco-tribune.com\/it\/wp-json\/wp\/v2\/posts\/201867","targetHints":{"allow":["GET"]}}],"collection":[{"href":"https:\/\/www.monaco-tribune.com\/it\/wp-json\/wp\/v2\/posts"}],"about":[{"href":"https:\/\/www.monaco-tribune.com\/it\/wp-json\/wp\/v2\/types\/post"}],"author":[{"embeddable":true,"href":"https:\/\/www.monaco-tribune.com\/it\/wp-json\/wp\/v2\/users\/60"}],"replies":[{"embeddable":true,"href":"https:\/\/www.monaco-tribune.com\/it\/wp-json\/wp\/v2\/comments?post=201867"}],"version-history":[{"count":2,"href":"https:\/\/www.monaco-tribune.com\/it\/wp-json\/wp\/v2\/posts\/201867\/revisions"}],"predecessor-version":[{"id":201881,"href":"https:\/\/www.monaco-tribune.com\/it\/wp-json\/wp\/v2\/posts\/201867\/revisions\/201881"}],"wp:featuredmedia":[{"embeddable":true,"href":"https:\/\/www.monaco-tribune.com\/it\/wp-json\/wp\/v2\/media\/201524"}],"wp:attachment":[{"href":"https:\/\/www.monaco-tribune.com\/it\/wp-json\/wp\/v2\/media?parent=201867"}],"wp:term":[{"taxonomy":"category","embeddable":true,"href":"https:\/\/www.monaco-tribune.com\/it\/wp-json\/wp\/v2\/categories?post=201867"},{"taxonomy":"post_tag","embeddable":true,"href":"https:\/\/www.monaco-tribune.com\/it\/wp-json\/wp\/v2\/tags?post=201867"},{"taxonomy":"sectag","embeddable":true,"href":"https:\/\/www.monaco-tribune.com\/it\/wp-json\/wp\/v2\/post_sectags?post=201867"},{"taxonomy":"format","embeddable":true,"href":"https:\/\/www.monaco-tribune.com\/it\/wp-json\/wp\/v2\/post_format?post=201867"}],"curies":[{"name":"wp","href":"https:\/\/api.w.org\/{rel}","templated":true}]}}