{"id":201918,"date":"2023-11-22T14:06:36","date_gmt":"2023-11-22T12:06:36","guid":{"rendered":"https:\/\/www.monaco-tribune.com\/2023\/11\/turisti-a-ventimiglia-22-a-luglio-e-agosto\/"},"modified":"2023-11-22T14:06:43","modified_gmt":"2023-11-22T12:06:43","slug":"turisti-a-ventimiglia-22-a-luglio-e-agosto","status":"publish","type":"post","link":"https:\/\/www.monaco-tribune.com\/it\/2023\/11\/turisti-a-ventimiglia-22-a-luglio-e-agosto\/","title":{"rendered":"Turisti a Ventimiglia: +22% a luglio e agosto"},"content":{"rendered":"\n<p><strong>Questo incremento \u00e8 stato rilevato dall&#8217;Osservatorio turistico regionale della Liguria.<\/strong><\/p>\n\n<p>Ventimiglia \u00e8 in piena trasformazione&#8230;  Il paesaggio sta cambiando e gli eventi si moltiplicano. La scorsa estate, ad esempio, su iniziativa della Marina Development Corporation (MDC), la societ\u00e0 del residente monegasco Robert Thielenartisti, artisti come Fiorella Mannoia e Mario Biondi si sono esibiti in concerti in citt\u00e0, e Antonio Ornano ha tenuto uno spettacolo di cabaret.<\/p>\n\n<p>Grazie soprattutto a questo tipo di eventi, Ventimiglia ha registrato un aumento del 22% dei turisti, e un incremento del 28,35% dei visitatori internazionali tra luglio e agosto. Questi dati confermano che il turismo estero a Ventimiglia non solo \u00e8 possibile, ma \u00e8 gi\u00e0 una realt\u00e0. E mentre, nei primi giorni di novembre, l&#8217;amministrazione del sindaco Flavio Di Muro avrebbe dovuto presentare al consiglio comunale un&#8217;alternativa al progetto di sviluppo del waterfront della Marina Development Corporation, le associazioni di categoria e i rappresentanti delle attivit\u00e0 produttive sembrano sostenere all&#8217;unanimit\u00e0 il progetto di riqualificazione.<\/p>\n\n<p>Paolo Della Pietra, presidente di Confundustria Imperia, afferma: &#8220;Riteniamo che questo importante progetto di rigenerazione urbana valorizzi non solo il Comune di Ventimiglia ma tutto il territorio imperiese, in termini di opportunit\u00e0 di lavoro e ritorno d\u2019immagine. Si parla di un investimento di 250 milioni di euro, con ricadute sull\u2019indotto di almeno 4 volte tanto&#8221;.<\/p>\n\n<h2 class=\"wp-block-heading\" id=\"h-un-tournant-pour-vintimille\">Un punto di svolta per Ventimiglia<\/h2>\n\n<p>Il CEO di Cala del Forte, Giambattista Borea D&#8217;Olmo, \u00e8 sulla stessa lunghezza d&#8217;onda: &#8220;Si tratta di un progetto molto bello, strategico per il porto, ma anche e soprattutto per il rilancio turistico di Ventimiglia. Occorre proseguire e occorre farlo nel pi\u00f9 breve tempo possibile<\/p>\n\n<p>Anche Dario Trucchi di Confcommercio \u00e8 intervenuto:&#8221;Il porto ha segnato una svolta fondamentale per Ventimiglia, ma da solo non basta. Per rilanciare il turismo sono fondamentali anche le strutture ricettive. Non entro nel merito delle scelte politiche ma ritengo sia un\u2019opportunit\u00e0 che Ventimiglia non possa perdere&#8221;.<\/p>\n\n<p>&#8220;Una sfida imprenditoriale che pu\u00f2 cambiare in positivo il mood della nostra citt\u00e0 da troppi anni con una cattiva immagine. Dopo l\u2019apertura del porto turistico, si andr\u00e0 a completare un\u2019area di grande interesse come Marina San Giuseppe&#8221;, ha concluso Sergio Scibilia di Confesercenti, che lo ritiene &#8220;un esempio positivo da sostenere senza esitazioni, che potrebbe richiamare altri imprenditori e altri investitori&#8221;.<\/p>\n\n<p class=\"related\"><a href=\"https:\/\/www.monaco-tribune.com\/it\/2023\/02\/ventimiglia-in-arrivo-un-hotel-5-stelle-e-60-residenze-di-lusso\/\">Ventimiglia: in arrivo un hotel 5 stelle e 60 residenze di lusso<\/a><\/p>\n\n<p>Ricordiamo che il progetto di rigenerazione urbana Marina di Ventimiglia comprende: <strong>il complesso<\/strong> &#8220;<a href=\"https:\/\/www.monaco-tribune.com\/it\/2023\/02\/ventimiglia-in-arrivo-un-hotel-5-stelle-e-60-residenze-di-lusso\/\">Borgo del Forte<\/a>&#8220;, con un hotel 5 stelle con spa e residenze di lusso, <strong>il ristorante<\/strong> &#8220;<a href=\"https:\/\/www.monaco-tribune.com\/it\/2022\/12\/la-rocca-il-futuro-ristorante-chic-di-ventimiglia\/\">La Rocca<\/a>&#8221; con vista panoramica dalla sua grande terrazza, e il <a href=\"https:\/\/www.monaco-tribune.com\/it\/2022\/10\/i-migliori-architetti-italiani-per-la-realizzazione-della-futura-scuola-internazionale-di-ventimiglia\/\"><strong>Borgo del Forte Campus<\/strong><\/a>, una scuola internazionale che pu\u00f2 accogliere 700 studenti e offre servizi d&#8217;eccezione come una piscina coperta, una palestra e un centro congressi.<\/p>\n","protected":false},"excerpt":{"rendered":"<p>Questo incremento \u00e8 stato rilevato dall&#8217;Osservatorio turistico regionale della Liguria. Ventimiglia \u00e8 in piena trasformazione&#8230; Il paesaggio sta cambiando e [&hellip;]<\/p>\n","protected":false},"author":69,"featured_media":201688,"comment_status":"closed","ping_status":"closed","sticky":false,"template":"","format":"standard","meta":{"_acf_changed":false,"footnotes":""},"categories":[1739,1826,1738],"tags":[2950],"post_sectags":[],"post_format":[2478],"class_list":["post-201918","post","type-post","status-publish","format-standard","has-post-thumbnail","hentry","category-business-it","category-la-nostra-scelta","category-notizie","tag-ventimiglia-it","format-notizia"],"acf":[],"yoast_head":"<!-- This site is optimized with the Yoast SEO Premium plugin v26.8 (Yoast SEO v27.5) - https:\/\/yoast.com\/product\/yoast-seo-premium-wordpress\/ -->\n<title>Turisti a Ventimiglia: +22% a luglio e agosto<\/title>\n<meta name=\"description\" content=\"Questo incremento \u00e8 stato rilevato dall&#039;Osservatorio turistico regionale della Liguria. Ventimiglia \u00e8 in piena trasformazione... Il paesaggio sta\" \/>\n<meta name=\"robots\" content=\"index, follow, max-snippet:-1, max-image-preview:large, max-video-preview:-1\" \/>\n<link rel=\"canonical\" href=\"https:\/\/www.monaco-tribune.com\/it\/2023\/11\/turisti-a-ventimiglia-22-a-luglio-e-agosto\/\" \/>\n<meta property=\"og:locale\" content=\"it_IT\" \/>\n<meta property=\"og:type\" content=\"article\" \/>\n<meta property=\"og:title\" content=\"Turisti a Ventimiglia: +22% a luglio e agosto - Monaco Tribune\" \/>\n<meta property=\"og:description\" content=\"Questo incremento \u00e8 stato rilevato dall&#039;Osservatorio turistico regionale della Liguria. Ventimiglia \u00e8 in piena trasformazione... Il paesaggio sta\" \/>\n<meta property=\"og:url\" content=\"https:\/\/www.monaco-tribune.com\/it\/2023\/11\/turisti-a-ventimiglia-22-a-luglio-e-agosto\/\" \/>\n<meta property=\"og:site_name\" content=\"Monaco Tribune\" \/>\n<meta property=\"article:publisher\" content=\"https:\/\/www.facebook.com\/MonacoTribune\" \/>\n<meta property=\"article:published_time\" content=\"2023-11-22T12:06:36+00:00\" \/>\n<meta property=\"article:modified_time\" content=\"2023-11-22T12:06:43+00:00\" \/>\n<meta property=\"og:image\" content=\"https:\/\/www.monaco-tribune.com\/wp-content\/uploads\/2023\/11\/vintimille-transformation-1.jpg\" \/>\n\t<meta property=\"og:image:width\" content=\"1200\" \/>\n\t<meta property=\"og:image:height\" content=\"709\" \/>\n\t<meta property=\"og:image:type\" content=\"image\/jpeg\" \/>\n<meta name=\"author\" content=\"Sarah Incari\" \/>\n<meta name=\"twitter:card\" content=\"summary_large_image\" \/>\n<meta name=\"twitter:creator\" content=\"@MonacoTribune\" \/>\n<meta name=\"twitter:site\" content=\"@MonacoTribune\" \/>\n<script type=\"application\/ld+json\" class=\"yoast-schema-graph\">{\"@context\":\"https:\\\/\\\/schema.org\",\"@graph\":[{\"@type\":\"NewsArticle\",\"@id\":\"https:\\\/\\\/www.monaco-tribune.com\\\/it\\\/2023\\\/11\\\/turisti-a-ventimiglia-22-a-luglio-e-agosto\\\/#article\",\"isPartOf\":{\"@id\":\"https:\\\/\\\/www.monaco-tribune.com\\\/it\\\/2023\\\/11\\\/turisti-a-ventimiglia-22-a-luglio-e-agosto\\\/\"},\"author\":{\"name\":\"Sarah Incari\",\"@id\":\"https:\\\/\\\/www.monaco-tribune.com\\\/it\\\/#\\\/schema\\\/person\\\/dd3b5770833f791d3f4d808f1aa84499\"},\"headline\":\"Turisti a Ventimiglia: +22% a luglio e agosto\",\"datePublished\":\"2023-11-22T12:06:36+00:00\",\"dateModified\":\"2023-11-22T12:06:43+00:00\",\"mainEntityOfPage\":{\"@id\":\"https:\\\/\\\/www.monaco-tribune.com\\\/it\\\/2023\\\/11\\\/turisti-a-ventimiglia-22-a-luglio-e-agosto\\\/\"},\"wordCount\":456,\"publisher\":{\"@id\":\"https:\\\/\\\/www.monaco-tribune.com\\\/it\\\/#organization\"},\"image\":{\"@id\":\"https:\\\/\\\/www.monaco-tribune.com\\\/it\\\/2023\\\/11\\\/turisti-a-ventimiglia-22-a-luglio-e-agosto\\\/#primaryimage\"},\"thumbnailUrl\":\"https:\\\/\\\/www.monaco-tribune.com\\\/wp-content\\\/uploads\\\/2023\\\/11\\\/vintimille-transformation-1.jpg\",\"keywords\":[\"Ventimiglia\"],\"articleSection\":[\"Business\",\"La nostra scelta\",\"Notizie\"],\"inLanguage\":\"it-IT\",\"copyrightYear\":\"2023\",\"copyrightHolder\":{\"@id\":\"https:\\\/\\\/www.monaco-tribune.com\\\/#organization\"}},{\"@type\":\"WebPage\",\"@id\":\"https:\\\/\\\/www.monaco-tribune.com\\\/it\\\/2023\\\/11\\\/turisti-a-ventimiglia-22-a-luglio-e-agosto\\\/\",\"url\":\"https:\\\/\\\/www.monaco-tribune.com\\\/it\\\/2023\\\/11\\\/turisti-a-ventimiglia-22-a-luglio-e-agosto\\\/\",\"name\":\"Turisti a Ventimiglia: +22% a luglio e agosto\",\"isPartOf\":{\"@id\":\"https:\\\/\\\/www.monaco-tribune.com\\\/it\\\/#website\"},\"primaryImageOfPage\":{\"@id\":\"https:\\\/\\\/www.monaco-tribune.com\\\/it\\\/2023\\\/11\\\/turisti-a-ventimiglia-22-a-luglio-e-agosto\\\/#primaryimage\"},\"image\":{\"@id\":\"https:\\\/\\\/www.monaco-tribune.com\\\/it\\\/2023\\\/11\\\/turisti-a-ventimiglia-22-a-luglio-e-agosto\\\/#primaryimage\"},\"thumbnailUrl\":\"https:\\\/\\\/www.monaco-tribune.com\\\/wp-content\\\/uploads\\\/2023\\\/11\\\/vintimille-transformation-1.jpg\",\"datePublished\":\"2023-11-22T12:06:36+00:00\",\"dateModified\":\"2023-11-22T12:06:43+00:00\",\"description\":\"Questo incremento \u00e8 stato rilevato dall'Osservatorio turistico regionale della Liguria. Ventimiglia \u00e8 in piena trasformazione... Il paesaggio sta\",\"breadcrumb\":{\"@id\":\"https:\\\/\\\/www.monaco-tribune.com\\\/it\\\/2023\\\/11\\\/turisti-a-ventimiglia-22-a-luglio-e-agosto\\\/#breadcrumb\"},\"inLanguage\":\"it-IT\",\"potentialAction\":[{\"@type\":\"ReadAction\",\"target\":[\"https:\\\/\\\/www.monaco-tribune.com\\\/it\\\/2023\\\/11\\\/turisti-a-ventimiglia-22-a-luglio-e-agosto\\\/\"]}]},{\"@type\":\"ImageObject\",\"inLanguage\":\"it-IT\",\"@id\":\"https:\\\/\\\/www.monaco-tribune.com\\\/it\\\/2023\\\/11\\\/turisti-a-ventimiglia-22-a-luglio-e-agosto\\\/#primaryimage\",\"url\":\"https:\\\/\\\/www.monaco-tribune.com\\\/wp-content\\\/uploads\\\/2023\\\/11\\\/vintimille-transformation-1.jpg\",\"contentUrl\":\"https:\\\/\\\/www.monaco-tribune.com\\\/wp-content\\\/uploads\\\/2023\\\/11\\\/vintimille-transformation-1.jpg\",\"width\":1200,\"height\":709,\"caption\":\"Secondo il team di MDC, il progetto creer\u00e0 150 posti di lavoro a tempo pieno - \u00a9 Marina Development Corporation\"},{\"@type\":\"BreadcrumbList\",\"@id\":\"https:\\\/\\\/www.monaco-tribune.com\\\/it\\\/2023\\\/11\\\/turisti-a-ventimiglia-22-a-luglio-e-agosto\\\/#breadcrumb\",\"itemListElement\":[{\"@type\":\"ListItem\",\"position\":1,\"name\":\"Accueil\",\"item\":\"https:\\\/\\\/www.monaco-tribune.com\\\/it\\\/\"},{\"@type\":\"ListItem\",\"position\":2,\"name\":\"Turisti a Ventimiglia: +22% a luglio e agosto\"}]},{\"@type\":\"WebSite\",\"@id\":\"https:\\\/\\\/www.monaco-tribune.com\\\/it\\\/#website\",\"url\":\"https:\\\/\\\/www.monaco-tribune.com\\\/it\\\/\",\"name\":\"Monaco Tribune\",\"description\":\"Monaco : actualit\u00e9s \u00e9conomiques, politiques, culturelles et sportives de Monaco et de la French Riviera.\",\"publisher\":{\"@id\":\"https:\\\/\\\/www.monaco-tribune.com\\\/it\\\/#organization\"},\"potentialAction\":[{\"@type\":\"SearchAction\",\"target\":{\"@type\":\"EntryPoint\",\"urlTemplate\":\"https:\\\/\\\/www.monaco-tribune.com\\\/it\\\/?s={search_term_string}\"},\"query-input\":{\"@type\":\"PropertyValueSpecification\",\"valueRequired\":true,\"valueName\":\"search_term_string\"}}],\"inLanguage\":\"it-IT\"},{\"@type\":\"Organization\",\"@id\":\"https:\\\/\\\/www.monaco-tribune.com\\\/it\\\/#organization\",\"name\":\"Monaco Tribune\",\"url\":\"https:\\\/\\\/www.monaco-tribune.com\\\/it\\\/\",\"logo\":{\"@type\":\"ImageObject\",\"inLanguage\":\"it-IT\",\"@id\":\"https:\\\/\\\/www.monaco-tribune.com\\\/it\\\/#\\\/schema\\\/logo\\\/image\\\/\",\"url\":\"https:\\\/\\\/www.monaco-tribune.com\\\/wp-content\\\/uploads\\\/2022\\\/11\\\/logo-monaco-tribune.png\",\"contentUrl\":\"https:\\\/\\\/www.monaco-tribune.com\\\/wp-content\\\/uploads\\\/2022\\\/11\\\/logo-monaco-tribune.png\",\"width\":1548,\"height\":600,\"caption\":\"Monaco Tribune\"},\"image\":{\"@id\":\"https:\\\/\\\/www.monaco-tribune.com\\\/it\\\/#\\\/schema\\\/logo\\\/image\\\/\"},\"sameAs\":[\"https:\\\/\\\/www.facebook.com\\\/MonacoTribune\",\"https:\\\/\\\/x.com\\\/MonacoTribune\",\"https:\\\/\\\/www.instagram.com\\\/monacotribune\\\/\",\"https:\\\/\\\/www.linkedin.com\\\/company\\\/monaco-tribune\",\"https:\\\/\\\/www.youtube.com\\\/channel\\\/UCHle1MnG6hw1y4lWKijVbMA\"]},{\"@type\":\"Person\",\"@id\":\"https:\\\/\\\/www.monaco-tribune.com\\\/it\\\/#\\\/schema\\\/person\\\/dd3b5770833f791d3f4d808f1aa84499\",\"name\":\"Sarah Incari\",\"image\":{\"@type\":\"ImageObject\",\"inLanguage\":\"it-IT\",\"@id\":\"https:\\\/\\\/secure.gravatar.com\\\/avatar\\\/4ac0b37be892d57107ccdd804e3f2a03bf1e3fca097512136d3603859293cb0e?s=96&d=mm&r=g\",\"url\":\"https:\\\/\\\/secure.gravatar.com\\\/avatar\\\/4ac0b37be892d57107ccdd804e3f2a03bf1e3fca097512136d3603859293cb0e?s=96&d=mm&r=g\",\"contentUrl\":\"https:\\\/\\\/secure.gravatar.com\\\/avatar\\\/4ac0b37be892d57107ccdd804e3f2a03bf1e3fca097512136d3603859293cb0e?s=96&d=mm&r=g\",\"caption\":\"Sarah Incari\"},\"url\":\"https:\\\/\\\/www.monaco-tribune.com\\\/it\\\/author\\\/sarahincari\\\/\"}]}<\/script>\n<!-- \/ Yoast SEO Premium plugin. -->","yoast_head_json":{"title":"Turisti a Ventimiglia: +22% a luglio e agosto","description":"Questo incremento \u00e8 stato rilevato dall'Osservatorio turistico regionale della Liguria. Ventimiglia \u00e8 in piena trasformazione... Il paesaggio sta","robots":{"index":"index","follow":"follow","max-snippet":"max-snippet:-1","max-image-preview":"max-image-preview:large","max-video-preview":"max-video-preview:-1"},"canonical":"https:\/\/www.monaco-tribune.com\/it\/2023\/11\/turisti-a-ventimiglia-22-a-luglio-e-agosto\/","og_locale":"it_IT","og_type":"article","og_title":"Turisti a Ventimiglia: +22% a luglio e agosto - Monaco Tribune","og_description":"Questo incremento \u00e8 stato rilevato dall'Osservatorio turistico regionale della Liguria. Ventimiglia \u00e8 in piena trasformazione... Il paesaggio sta","og_url":"https:\/\/www.monaco-tribune.com\/it\/2023\/11\/turisti-a-ventimiglia-22-a-luglio-e-agosto\/","og_site_name":"Monaco Tribune","article_publisher":"https:\/\/www.facebook.com\/MonacoTribune","article_published_time":"2023-11-22T12:06:36+00:00","article_modified_time":"2023-11-22T12:06:43+00:00","og_image":[{"width":1200,"height":709,"url":"https:\/\/www.monaco-tribune.com\/wp-content\/uploads\/2023\/11\/vintimille-transformation-1.jpg","type":"image\/jpeg"}],"author":"Sarah Incari","twitter_card":"summary_large_image","twitter_creator":"@MonacoTribune","twitter_site":"@MonacoTribune","schema":{"@context":"https:\/\/schema.org","@graph":[{"@type":"NewsArticle","@id":"https:\/\/www.monaco-tribune.com\/it\/2023\/11\/turisti-a-ventimiglia-22-a-luglio-e-agosto\/#article","isPartOf":{"@id":"https:\/\/www.monaco-tribune.com\/it\/2023\/11\/turisti-a-ventimiglia-22-a-luglio-e-agosto\/"},"author":{"name":"Sarah Incari","@id":"https:\/\/www.monaco-tribune.com\/it\/#\/schema\/person\/dd3b5770833f791d3f4d808f1aa84499"},"headline":"Turisti a Ventimiglia: +22% a luglio e agosto","datePublished":"2023-11-22T12:06:36+00:00","dateModified":"2023-11-22T12:06:43+00:00","mainEntityOfPage":{"@id":"https:\/\/www.monaco-tribune.com\/it\/2023\/11\/turisti-a-ventimiglia-22-a-luglio-e-agosto\/"},"wordCount":456,"publisher":{"@id":"https:\/\/www.monaco-tribune.com\/it\/#organization"},"image":{"@id":"https:\/\/www.monaco-tribune.com\/it\/2023\/11\/turisti-a-ventimiglia-22-a-luglio-e-agosto\/#primaryimage"},"thumbnailUrl":"https:\/\/www.monaco-tribune.com\/wp-content\/uploads\/2023\/11\/vintimille-transformation-1.jpg","keywords":["Ventimiglia"],"articleSection":["Business","La nostra scelta","Notizie"],"inLanguage":"it-IT","copyrightYear":"2023","copyrightHolder":{"@id":"https:\/\/www.monaco-tribune.com\/#organization"}},{"@type":"WebPage","@id":"https:\/\/www.monaco-tribune.com\/it\/2023\/11\/turisti-a-ventimiglia-22-a-luglio-e-agosto\/","url":"https:\/\/www.monaco-tribune.com\/it\/2023\/11\/turisti-a-ventimiglia-22-a-luglio-e-agosto\/","name":"Turisti a Ventimiglia: +22% a luglio e agosto","isPartOf":{"@id":"https:\/\/www.monaco-tribune.com\/it\/#website"},"primaryImageOfPage":{"@id":"https:\/\/www.monaco-tribune.com\/it\/2023\/11\/turisti-a-ventimiglia-22-a-luglio-e-agosto\/#primaryimage"},"image":{"@id":"https:\/\/www.monaco-tribune.com\/it\/2023\/11\/turisti-a-ventimiglia-22-a-luglio-e-agosto\/#primaryimage"},"thumbnailUrl":"https:\/\/www.monaco-tribune.com\/wp-content\/uploads\/2023\/11\/vintimille-transformation-1.jpg","datePublished":"2023-11-22T12:06:36+00:00","dateModified":"2023-11-22T12:06:43+00:00","description":"Questo incremento \u00e8 stato rilevato dall'Osservatorio turistico regionale della Liguria. Ventimiglia \u00e8 in piena trasformazione... Il paesaggio sta","breadcrumb":{"@id":"https:\/\/www.monaco-tribune.com\/it\/2023\/11\/turisti-a-ventimiglia-22-a-luglio-e-agosto\/#breadcrumb"},"inLanguage":"it-IT","potentialAction":[{"@type":"ReadAction","target":["https:\/\/www.monaco-tribune.com\/it\/2023\/11\/turisti-a-ventimiglia-22-a-luglio-e-agosto\/"]}]},{"@type":"ImageObject","inLanguage":"it-IT","@id":"https:\/\/www.monaco-tribune.com\/it\/2023\/11\/turisti-a-ventimiglia-22-a-luglio-e-agosto\/#primaryimage","url":"https:\/\/www.monaco-tribune.com\/wp-content\/uploads\/2023\/11\/vintimille-transformation-1.jpg","contentUrl":"https:\/\/www.monaco-tribune.com\/wp-content\/uploads\/2023\/11\/vintimille-transformation-1.jpg","width":1200,"height":709,"caption":"Secondo il team di MDC, il progetto creer\u00e0 150 posti di lavoro a tempo pieno - \u00a9 Marina Development Corporation"},{"@type":"BreadcrumbList","@id":"https:\/\/www.monaco-tribune.com\/it\/2023\/11\/turisti-a-ventimiglia-22-a-luglio-e-agosto\/#breadcrumb","itemListElement":[{"@type":"ListItem","position":1,"name":"Accueil","item":"https:\/\/www.monaco-tribune.com\/it\/"},{"@type":"ListItem","position":2,"name":"Turisti a Ventimiglia: +22% a luglio e agosto"}]},{"@type":"WebSite","@id":"https:\/\/www.monaco-tribune.com\/it\/#website","url":"https:\/\/www.monaco-tribune.com\/it\/","name":"Monaco Tribune","description":"Monaco : actualit\u00e9s \u00e9conomiques, politiques, culturelles et sportives de Monaco et de la French Riviera.","publisher":{"@id":"https:\/\/www.monaco-tribune.com\/it\/#organization"},"potentialAction":[{"@type":"SearchAction","target":{"@type":"EntryPoint","urlTemplate":"https:\/\/www.monaco-tribune.com\/it\/?s={search_term_string}"},"query-input":{"@type":"PropertyValueSpecification","valueRequired":true,"valueName":"search_term_string"}}],"inLanguage":"it-IT"},{"@type":"Organization","@id":"https:\/\/www.monaco-tribune.com\/it\/#organization","name":"Monaco Tribune","url":"https:\/\/www.monaco-tribune.com\/it\/","logo":{"@type":"ImageObject","inLanguage":"it-IT","@id":"https:\/\/www.monaco-tribune.com\/it\/#\/schema\/logo\/image\/","url":"https:\/\/www.monaco-tribune.com\/wp-content\/uploads\/2022\/11\/logo-monaco-tribune.png","contentUrl":"https:\/\/www.monaco-tribune.com\/wp-content\/uploads\/2022\/11\/logo-monaco-tribune.png","width":1548,"height":600,"caption":"Monaco Tribune"},"image":{"@id":"https:\/\/www.monaco-tribune.com\/it\/#\/schema\/logo\/image\/"},"sameAs":["https:\/\/www.facebook.com\/MonacoTribune","https:\/\/x.com\/MonacoTribune","https:\/\/www.instagram.com\/monacotribune\/","https:\/\/www.linkedin.com\/company\/monaco-tribune","https:\/\/www.youtube.com\/channel\/UCHle1MnG6hw1y4lWKijVbMA"]},{"@type":"Person","@id":"https:\/\/www.monaco-tribune.com\/it\/#\/schema\/person\/dd3b5770833f791d3f4d808f1aa84499","name":"Sarah Incari","image":{"@type":"ImageObject","inLanguage":"it-IT","@id":"https:\/\/secure.gravatar.com\/avatar\/4ac0b37be892d57107ccdd804e3f2a03bf1e3fca097512136d3603859293cb0e?s=96&d=mm&r=g","url":"https:\/\/secure.gravatar.com\/avatar\/4ac0b37be892d57107ccdd804e3f2a03bf1e3fca097512136d3603859293cb0e?s=96&d=mm&r=g","contentUrl":"https:\/\/secure.gravatar.com\/avatar\/4ac0b37be892d57107ccdd804e3f2a03bf1e3fca097512136d3603859293cb0e?s=96&d=mm&r=g","caption":"Sarah Incari"},"url":"https:\/\/www.monaco-tribune.com\/it\/author\/sarahincari\/"}]}},"_links":{"self":[{"href":"https:\/\/www.monaco-tribune.com\/it\/wp-json\/wp\/v2\/posts\/201918","targetHints":{"allow":["GET"]}}],"collection":[{"href":"https:\/\/www.monaco-tribune.com\/it\/wp-json\/wp\/v2\/posts"}],"about":[{"href":"https:\/\/www.monaco-tribune.com\/it\/wp-json\/wp\/v2\/types\/post"}],"author":[{"embeddable":true,"href":"https:\/\/www.monaco-tribune.com\/it\/wp-json\/wp\/v2\/users\/69"}],"replies":[{"embeddable":true,"href":"https:\/\/www.monaco-tribune.com\/it\/wp-json\/wp\/v2\/comments?post=201918"}],"version-history":[{"count":2,"href":"https:\/\/www.monaco-tribune.com\/it\/wp-json\/wp\/v2\/posts\/201918\/revisions"}],"predecessor-version":[{"id":201921,"href":"https:\/\/www.monaco-tribune.com\/it\/wp-json\/wp\/v2\/posts\/201918\/revisions\/201921"}],"wp:featuredmedia":[{"embeddable":true,"href":"https:\/\/www.monaco-tribune.com\/it\/wp-json\/wp\/v2\/media\/201688"}],"wp:attachment":[{"href":"https:\/\/www.monaco-tribune.com\/it\/wp-json\/wp\/v2\/media?parent=201918"}],"wp:term":[{"taxonomy":"category","embeddable":true,"href":"https:\/\/www.monaco-tribune.com\/it\/wp-json\/wp\/v2\/categories?post=201918"},{"taxonomy":"post_tag","embeddable":true,"href":"https:\/\/www.monaco-tribune.com\/it\/wp-json\/wp\/v2\/tags?post=201918"},{"taxonomy":"sectag","embeddable":true,"href":"https:\/\/www.monaco-tribune.com\/it\/wp-json\/wp\/v2\/post_sectags?post=201918"},{"taxonomy":"format","embeddable":true,"href":"https:\/\/www.monaco-tribune.com\/it\/wp-json\/wp\/v2\/post_format?post=201918"}],"curies":[{"name":"wp","href":"https:\/\/api.w.org\/{rel}","templated":true}]}}