{"id":20219,"date":"2020-01-24T23:08:36","date_gmt":"2020-01-24T22:08:36","guid":{"rendered":"https:\/\/www.monaco-tribune.com\/2020\/01\/monte-carlo-rinnova-la-sua-sacra-piazza-del-casino\/"},"modified":"2020-01-27T23:19:11","modified_gmt":"2020-01-27T22:19:11","slug":"monte-carlo-rinnova-la-sua-sacra-piazza-del-casino","status":"publish","type":"post","link":"https:\/\/www.monaco-tribune.com\/it\/2020\/01\/monte-carlo-rinnova-la-sua-sacra-piazza-del-casino\/","title":{"rendered":"Monte-Carlo rinnova la sua sacra Piazza del Casin\u00f2"},"content":{"rendered":"<h3 class=\"p1\">La piazza pi\u00f9 famosa di Monaco avr\u00e0 un nuovo look con pi\u00f9 spazio per i pedoni e una nuova spianata di palme. I lavori di rinnovamento della Piazza del Casin\u00f2 sono iniziati la settimana scorsa e dovrebbero essere completati entro il fine settimana di Pasqua a met\u00e0 aprile, in vista del Festival della Danza e del concerto di Celine Dion a luglio. Come sar\u00e0 l&#8217;iconica piazza dopo i lavori di ristrutturazione?<\/h3>\n<p>&nbsp;<\/p>\n<p class=\"p1\">Jean-Luc Biamonti, Presidente delegato della Soci\u00e9t\u00e9 des Bains de Mer (SBM), ha rivelato che il cambiamento principale riguarder\u00e0 il centro della piazza: l&#8217;area sar\u00e0 ora appiattita e le palme saranno utilizzate per separare le aree pedonali dalle auto.<\/p>\n<p>&nbsp;<\/p>\n<p class=\"p1\">Il paesaggista Michel Desvigne, che ha gi\u00e0 ridisegnato i giardini Boulingrins l&#8217;anno scorso, ha previsto di rivestire la piazza con pietre da pavimentazione beige. Una fontana d&#8217;acqua al centro della piazza sar\u00e0 integrata con l&#8217;opera d&#8217;arte di Anish Kapoor.<\/p>\n<p>&nbsp;<\/p>\n<div id=\"attachment_20211\" style=\"width: 810px\" class=\"wp-caption aligncenter\"><img loading=\"lazy\" decoding=\"async\" aria-describedby=\"caption-attachment-20211\" class=\"wp-image-20211\" src=\"https:\/\/www.monaco-tribune.com\/wp-content\/uploads\/2020\/01\/monaco_place-du-casino-renovee.jpg\" alt=\"Esquisse Michel Desvigne Paysagiste\" width=\"800\" height=\"536\" \/><p id=\"caption-attachment-20211\" class=\"wp-caption-text\">Esquisse Michel Desvigne Paysagiste<\/p><\/div>\n<p>&nbsp;<\/p>\n<p class=\"p1\">La ristrutturazione amplier\u00e0 la zona pedonale impedendo il passaggio delle auto davanti al Casin\u00f2 di Monte-Carlo o al Caf\u00e9 de Paris. L&#8217;idea \u00e8 quella di dare pi\u00f9 spazio ai turisti e ai visitatori del casin\u00f2, nonch\u00e9 di utilizzare la piazza per gli eventi. Alcune palme saranno piantate in vasi mobili e potranno essere spostate ogni volta che sar\u00e0 necessario.<\/p>\n<p>&nbsp;<\/p>\n<p class=\"p1\">&#8220;L&#8217;idea \u00e8 quella di poter ospitare, una volta ogni tanto, grandi eventi. E di utilizzare questo luogo per dimostrazioni, lanci di auto, cocktail. D&#8217;ora in poi, potremo vendere questo spazio molto prestigioso ai nostri clienti&#8230;&#8221;, ha detto Jean-Luc Biamonti.<\/p>\n<p>&nbsp;<\/p>\n<div id=\"attachment_20207\" style=\"width: 810px\" class=\"wp-caption aligncenter\"><img loading=\"lazy\" decoding=\"async\" aria-describedby=\"caption-attachment-20207\" class=\"wp-image-20207\" src=\"https:\/\/www.monaco-tribune.com\/wp-content\/uploads\/2020\/01\/Esquisse-Michel-Desvigne-Paysagiste-1024x576.jpg\" alt=\"Esquisse Michel Desvigne Paysagiste\" width=\"800\" height=\"450\" \/><p id=\"caption-attachment-20207\" class=\"wp-caption-text\">Esquisse Michel Desvigne Paysagiste<\/p><\/div>\n","protected":false},"excerpt":{"rendered":"<p>La piazza pi\u00f9 famosa di Monaco avr\u00e0 un nuovo look con pi\u00f9 spazio per i pedoni e una nuova spianata [&hellip;]<\/p>\n","protected":false},"author":21,"featured_media":20201,"comment_status":"closed","ping_status":"open","sticky":false,"template":"","format":"standard","meta":{"_acf_changed":false,"footnotes":""},"categories":[1739],"tags":[],"post_sectags":[],"post_format":[],"class_list":["post-20219","post","type-post","status-publish","format-standard","has-post-thumbnail","hentry","category-business-it"],"acf":[],"yoast_head":"<!-- This site is optimized with the Yoast SEO Premium plugin v26.8 (Yoast SEO v27.4) - https:\/\/yoast.com\/product\/yoast-seo-premium-wordpress\/ -->\n<title>Monte-Carlo rinnova la sua sacra Piazza del Casin\u00f2<\/title>\n<meta name=\"description\" content=\"La piazza pi\u00f9 famosa di Monaco avr\u00e0 un nuovo look con pi\u00f9 spazio per i pedoni e una nuova spianata di palme. I lavori di rinnovamento della Piazza del\" \/>\n<meta name=\"robots\" content=\"index, follow, max-snippet:-1, max-image-preview:large, max-video-preview:-1\" \/>\n<link rel=\"canonical\" href=\"https:\/\/www.monaco-tribune.com\/it\/2020\/01\/monte-carlo-rinnova-la-sua-sacra-piazza-del-casino\/\" \/>\n<meta property=\"og:locale\" content=\"it_IT\" \/>\n<meta property=\"og:type\" content=\"article\" \/>\n<meta property=\"og:title\" content=\"Monte-Carlo rinnova la sua sacra Piazza del Casin\u00f2 - Monaco Tribune\" \/>\n<meta property=\"og:description\" content=\"La piazza pi\u00f9 famosa di Monaco avr\u00e0 un nuovo look con pi\u00f9 spazio per i pedoni e una nuova spianata di palme. I lavori di rinnovamento della Piazza del\" \/>\n<meta property=\"og:url\" content=\"https:\/\/www.monaco-tribune.com\/it\/2020\/01\/monte-carlo-rinnova-la-sua-sacra-piazza-del-casino\/\" \/>\n<meta property=\"og:site_name\" content=\"Monaco Tribune\" \/>\n<meta property=\"article:publisher\" content=\"https:\/\/www.facebook.com\/MonacoTribune\" \/>\n<meta property=\"article:published_time\" content=\"2020-01-24T22:08:36+00:00\" \/>\n<meta property=\"article:modified_time\" content=\"2020-01-27T22:19:11+00:00\" \/>\n<meta property=\"og:image\" content=\"https:\/\/www.monaco-tribune.com\/wp-content\/uploads\/2020\/01\/\u00a9-Direction-de-la-Communication-Manuel-Vitali.jpg\" \/>\n\t<meta property=\"og:image:width\" content=\"1903\" \/>\n\t<meta property=\"og:image:height\" content=\"1036\" \/>\n\t<meta property=\"og:image:type\" content=\"image\/jpeg\" \/>\n<meta name=\"author\" content=\"Monaco Tribune\" \/>\n<meta name=\"twitter:card\" content=\"summary_large_image\" \/>\n<meta name=\"twitter:creator\" content=\"@MonacoTribune\" \/>\n<meta name=\"twitter:site\" content=\"@MonacoTribune\" \/>\n<script type=\"application\/ld+json\" class=\"yoast-schema-graph\">{\"@context\":\"https:\\\/\\\/schema.org\",\"@graph\":[{\"@type\":\"NewsArticle\",\"@id\":\"https:\\\/\\\/www.monaco-tribune.com\\\/it\\\/2020\\\/01\\\/monte-carlo-rinnova-la-sua-sacra-piazza-del-casino\\\/#article\",\"isPartOf\":{\"@id\":\"https:\\\/\\\/www.monaco-tribune.com\\\/it\\\/2020\\\/01\\\/monte-carlo-rinnova-la-sua-sacra-piazza-del-casino\\\/\"},\"author\":{\"name\":\"Monaco Tribune\",\"@id\":\"https:\\\/\\\/www.monaco-tribune.com\\\/it\\\/#\\\/schema\\\/person\\\/8f6ed8c063276e2397589eda5b7a2f2d\"},\"headline\":\"Monte-Carlo rinnova la sua sacra Piazza del Casin\u00f2\",\"datePublished\":\"2020-01-24T22:08:36+00:00\",\"dateModified\":\"2020-01-27T22:19:11+00:00\",\"mainEntityOfPage\":{\"@id\":\"https:\\\/\\\/www.monaco-tribune.com\\\/it\\\/2020\\\/01\\\/monte-carlo-rinnova-la-sua-sacra-piazza-del-casino\\\/\"},\"wordCount\":290,\"publisher\":{\"@id\":\"https:\\\/\\\/www.monaco-tribune.com\\\/it\\\/#organization\"},\"image\":{\"@id\":\"https:\\\/\\\/www.monaco-tribune.com\\\/it\\\/2020\\\/01\\\/monte-carlo-rinnova-la-sua-sacra-piazza-del-casino\\\/#primaryimage\"},\"thumbnailUrl\":\"https:\\\/\\\/www.monaco-tribune.com\\\/wp-content\\\/uploads\\\/2020\\\/01\\\/\u00a9-Direction-de-la-Communication-Manuel-Vitali.jpg\",\"articleSection\":[\"Business\"],\"inLanguage\":\"it-IT\",\"copyrightYear\":\"2020\",\"copyrightHolder\":{\"@id\":\"https:\\\/\\\/www.monaco-tribune.com\\\/#organization\"}},{\"@type\":\"WebPage\",\"@id\":\"https:\\\/\\\/www.monaco-tribune.com\\\/it\\\/2020\\\/01\\\/monte-carlo-rinnova-la-sua-sacra-piazza-del-casino\\\/\",\"url\":\"https:\\\/\\\/www.monaco-tribune.com\\\/it\\\/2020\\\/01\\\/monte-carlo-rinnova-la-sua-sacra-piazza-del-casino\\\/\",\"name\":\"Monte-Carlo rinnova la sua sacra Piazza del Casin\u00f2\",\"isPartOf\":{\"@id\":\"https:\\\/\\\/www.monaco-tribune.com\\\/it\\\/#website\"},\"primaryImageOfPage\":{\"@id\":\"https:\\\/\\\/www.monaco-tribune.com\\\/it\\\/2020\\\/01\\\/monte-carlo-rinnova-la-sua-sacra-piazza-del-casino\\\/#primaryimage\"},\"image\":{\"@id\":\"https:\\\/\\\/www.monaco-tribune.com\\\/it\\\/2020\\\/01\\\/monte-carlo-rinnova-la-sua-sacra-piazza-del-casino\\\/#primaryimage\"},\"thumbnailUrl\":\"https:\\\/\\\/www.monaco-tribune.com\\\/wp-content\\\/uploads\\\/2020\\\/01\\\/\u00a9-Direction-de-la-Communication-Manuel-Vitali.jpg\",\"datePublished\":\"2020-01-24T22:08:36+00:00\",\"dateModified\":\"2020-01-27T22:19:11+00:00\",\"description\":\"La piazza pi\u00f9 famosa di Monaco avr\u00e0 un nuovo look con pi\u00f9 spazio per i pedoni e una nuova spianata di palme. I lavori di rinnovamento della Piazza del\",\"breadcrumb\":{\"@id\":\"https:\\\/\\\/www.monaco-tribune.com\\\/it\\\/2020\\\/01\\\/monte-carlo-rinnova-la-sua-sacra-piazza-del-casino\\\/#breadcrumb\"},\"inLanguage\":\"it-IT\",\"potentialAction\":[{\"@type\":\"ReadAction\",\"target\":[\"https:\\\/\\\/www.monaco-tribune.com\\\/it\\\/2020\\\/01\\\/monte-carlo-rinnova-la-sua-sacra-piazza-del-casino\\\/\"]}]},{\"@type\":\"ImageObject\",\"inLanguage\":\"it-IT\",\"@id\":\"https:\\\/\\\/www.monaco-tribune.com\\\/it\\\/2020\\\/01\\\/monte-carlo-rinnova-la-sua-sacra-piazza-del-casino\\\/#primaryimage\",\"url\":\"https:\\\/\\\/www.monaco-tribune.com\\\/wp-content\\\/uploads\\\/2020\\\/01\\\/\u00a9-Direction-de-la-Communication-Manuel-Vitali.jpg\",\"contentUrl\":\"https:\\\/\\\/www.monaco-tribune.com\\\/wp-content\\\/uploads\\\/2020\\\/01\\\/\u00a9-Direction-de-la-Communication-Manuel-Vitali.jpg\",\"width\":1903,\"height\":1036,\"caption\":\"\u00a9 Direction de la Communication : Manuel Vitali\"},{\"@type\":\"BreadcrumbList\",\"@id\":\"https:\\\/\\\/www.monaco-tribune.com\\\/it\\\/2020\\\/01\\\/monte-carlo-rinnova-la-sua-sacra-piazza-del-casino\\\/#breadcrumb\",\"itemListElement\":[{\"@type\":\"ListItem\",\"position\":1,\"name\":\"Accueil\",\"item\":\"https:\\\/\\\/www.monaco-tribune.com\\\/it\\\/\"},{\"@type\":\"ListItem\",\"position\":2,\"name\":\"Monte-Carlo rinnova la sua sacra Piazza del Casin\u00f2\"}]},{\"@type\":\"WebSite\",\"@id\":\"https:\\\/\\\/www.monaco-tribune.com\\\/it\\\/#website\",\"url\":\"https:\\\/\\\/www.monaco-tribune.com\\\/it\\\/\",\"name\":\"Monaco Tribune\",\"description\":\"Monaco : actualit\u00e9s \u00e9conomiques, politiques, culturelles et sportives de Monaco et de la French Riviera.\",\"publisher\":{\"@id\":\"https:\\\/\\\/www.monaco-tribune.com\\\/it\\\/#organization\"},\"potentialAction\":[{\"@type\":\"SearchAction\",\"target\":{\"@type\":\"EntryPoint\",\"urlTemplate\":\"https:\\\/\\\/www.monaco-tribune.com\\\/it\\\/?s={search_term_string}\"},\"query-input\":{\"@type\":\"PropertyValueSpecification\",\"valueRequired\":true,\"valueName\":\"search_term_string\"}}],\"inLanguage\":\"it-IT\"},{\"@type\":\"Organization\",\"@id\":\"https:\\\/\\\/www.monaco-tribune.com\\\/it\\\/#organization\",\"name\":\"Monaco Tribune\",\"url\":\"https:\\\/\\\/www.monaco-tribune.com\\\/it\\\/\",\"logo\":{\"@type\":\"ImageObject\",\"inLanguage\":\"it-IT\",\"@id\":\"https:\\\/\\\/www.monaco-tribune.com\\\/it\\\/#\\\/schema\\\/logo\\\/image\\\/\",\"url\":\"https:\\\/\\\/www.monaco-tribune.com\\\/wp-content\\\/uploads\\\/2022\\\/11\\\/logo-monaco-tribune.png\",\"contentUrl\":\"https:\\\/\\\/www.monaco-tribune.com\\\/wp-content\\\/uploads\\\/2022\\\/11\\\/logo-monaco-tribune.png\",\"width\":1548,\"height\":600,\"caption\":\"Monaco Tribune\"},\"image\":{\"@id\":\"https:\\\/\\\/www.monaco-tribune.com\\\/it\\\/#\\\/schema\\\/logo\\\/image\\\/\"},\"sameAs\":[\"https:\\\/\\\/www.facebook.com\\\/MonacoTribune\",\"https:\\\/\\\/x.com\\\/MonacoTribune\",\"https:\\\/\\\/www.instagram.com\\\/monacotribune\\\/\",\"https:\\\/\\\/www.linkedin.com\\\/company\\\/monaco-tribune\",\"https:\\\/\\\/www.youtube.com\\\/channel\\\/UCHle1MnG6hw1y4lWKijVbMA\"]},{\"@type\":\"Person\",\"@id\":\"https:\\\/\\\/www.monaco-tribune.com\\\/it\\\/#\\\/schema\\\/person\\\/8f6ed8c063276e2397589eda5b7a2f2d\",\"name\":\"Monaco Tribune\",\"image\":{\"@type\":\"ImageObject\",\"inLanguage\":\"it-IT\",\"@id\":\"https:\\\/\\\/secure.gravatar.com\\\/avatar\\\/3010e6c5d6c8056ec1c25228fe68ea089879e5ae0de884e0247744ee988aaf6a?s=96&d=mm&r=g\",\"url\":\"https:\\\/\\\/secure.gravatar.com\\\/avatar\\\/3010e6c5d6c8056ec1c25228fe68ea089879e5ae0de884e0247744ee988aaf6a?s=96&d=mm&r=g\",\"contentUrl\":\"https:\\\/\\\/secure.gravatar.com\\\/avatar\\\/3010e6c5d6c8056ec1c25228fe68ea089879e5ae0de884e0247744ee988aaf6a?s=96&d=mm&r=g\",\"caption\":\"Monaco Tribune\"},\"url\":\"https:\\\/\\\/www.monaco-tribune.com\\\/it\\\/author\\\/monaco-tribune\\\/\"}]}<\/script>\n<!-- \/ Yoast SEO Premium plugin. -->","yoast_head_json":{"title":"Monte-Carlo rinnova la sua sacra Piazza del Casin\u00f2","description":"La piazza pi\u00f9 famosa di Monaco avr\u00e0 un nuovo look con pi\u00f9 spazio per i pedoni e una nuova spianata di palme. I lavori di rinnovamento della Piazza del","robots":{"index":"index","follow":"follow","max-snippet":"max-snippet:-1","max-image-preview":"max-image-preview:large","max-video-preview":"max-video-preview:-1"},"canonical":"https:\/\/www.monaco-tribune.com\/it\/2020\/01\/monte-carlo-rinnova-la-sua-sacra-piazza-del-casino\/","og_locale":"it_IT","og_type":"article","og_title":"Monte-Carlo rinnova la sua sacra Piazza del Casin\u00f2 - Monaco Tribune","og_description":"La piazza pi\u00f9 famosa di Monaco avr\u00e0 un nuovo look con pi\u00f9 spazio per i pedoni e una nuova spianata di palme. I lavori di rinnovamento della Piazza del","og_url":"https:\/\/www.monaco-tribune.com\/it\/2020\/01\/monte-carlo-rinnova-la-sua-sacra-piazza-del-casino\/","og_site_name":"Monaco Tribune","article_publisher":"https:\/\/www.facebook.com\/MonacoTribune","article_published_time":"2020-01-24T22:08:36+00:00","article_modified_time":"2020-01-27T22:19:11+00:00","og_image":[{"width":1903,"height":1036,"url":"https:\/\/www.monaco-tribune.com\/wp-content\/uploads\/2020\/01\/\u00a9-Direction-de-la-Communication-Manuel-Vitali.jpg","type":"image\/jpeg"}],"author":"Monaco Tribune","twitter_card":"summary_large_image","twitter_creator":"@MonacoTribune","twitter_site":"@MonacoTribune","schema":{"@context":"https:\/\/schema.org","@graph":[{"@type":"NewsArticle","@id":"https:\/\/www.monaco-tribune.com\/it\/2020\/01\/monte-carlo-rinnova-la-sua-sacra-piazza-del-casino\/#article","isPartOf":{"@id":"https:\/\/www.monaco-tribune.com\/it\/2020\/01\/monte-carlo-rinnova-la-sua-sacra-piazza-del-casino\/"},"author":{"name":"Monaco Tribune","@id":"https:\/\/www.monaco-tribune.com\/it\/#\/schema\/person\/8f6ed8c063276e2397589eda5b7a2f2d"},"headline":"Monte-Carlo rinnova la sua sacra Piazza del Casin\u00f2","datePublished":"2020-01-24T22:08:36+00:00","dateModified":"2020-01-27T22:19:11+00:00","mainEntityOfPage":{"@id":"https:\/\/www.monaco-tribune.com\/it\/2020\/01\/monte-carlo-rinnova-la-sua-sacra-piazza-del-casino\/"},"wordCount":290,"publisher":{"@id":"https:\/\/www.monaco-tribune.com\/it\/#organization"},"image":{"@id":"https:\/\/www.monaco-tribune.com\/it\/2020\/01\/monte-carlo-rinnova-la-sua-sacra-piazza-del-casino\/#primaryimage"},"thumbnailUrl":"https:\/\/www.monaco-tribune.com\/wp-content\/uploads\/2020\/01\/\u00a9-Direction-de-la-Communication-Manuel-Vitali.jpg","articleSection":["Business"],"inLanguage":"it-IT","copyrightYear":"2020","copyrightHolder":{"@id":"https:\/\/www.monaco-tribune.com\/#organization"}},{"@type":"WebPage","@id":"https:\/\/www.monaco-tribune.com\/it\/2020\/01\/monte-carlo-rinnova-la-sua-sacra-piazza-del-casino\/","url":"https:\/\/www.monaco-tribune.com\/it\/2020\/01\/monte-carlo-rinnova-la-sua-sacra-piazza-del-casino\/","name":"Monte-Carlo rinnova la sua sacra Piazza del Casin\u00f2","isPartOf":{"@id":"https:\/\/www.monaco-tribune.com\/it\/#website"},"primaryImageOfPage":{"@id":"https:\/\/www.monaco-tribune.com\/it\/2020\/01\/monte-carlo-rinnova-la-sua-sacra-piazza-del-casino\/#primaryimage"},"image":{"@id":"https:\/\/www.monaco-tribune.com\/it\/2020\/01\/monte-carlo-rinnova-la-sua-sacra-piazza-del-casino\/#primaryimage"},"thumbnailUrl":"https:\/\/www.monaco-tribune.com\/wp-content\/uploads\/2020\/01\/\u00a9-Direction-de-la-Communication-Manuel-Vitali.jpg","datePublished":"2020-01-24T22:08:36+00:00","dateModified":"2020-01-27T22:19:11+00:00","description":"La piazza pi\u00f9 famosa di Monaco avr\u00e0 un nuovo look con pi\u00f9 spazio per i pedoni e una nuova spianata di palme. I lavori di rinnovamento della Piazza del","breadcrumb":{"@id":"https:\/\/www.monaco-tribune.com\/it\/2020\/01\/monte-carlo-rinnova-la-sua-sacra-piazza-del-casino\/#breadcrumb"},"inLanguage":"it-IT","potentialAction":[{"@type":"ReadAction","target":["https:\/\/www.monaco-tribune.com\/it\/2020\/01\/monte-carlo-rinnova-la-sua-sacra-piazza-del-casino\/"]}]},{"@type":"ImageObject","inLanguage":"it-IT","@id":"https:\/\/www.monaco-tribune.com\/it\/2020\/01\/monte-carlo-rinnova-la-sua-sacra-piazza-del-casino\/#primaryimage","url":"https:\/\/www.monaco-tribune.com\/wp-content\/uploads\/2020\/01\/\u00a9-Direction-de-la-Communication-Manuel-Vitali.jpg","contentUrl":"https:\/\/www.monaco-tribune.com\/wp-content\/uploads\/2020\/01\/\u00a9-Direction-de-la-Communication-Manuel-Vitali.jpg","width":1903,"height":1036,"caption":"\u00a9 Direction de la Communication : Manuel Vitali"},{"@type":"BreadcrumbList","@id":"https:\/\/www.monaco-tribune.com\/it\/2020\/01\/monte-carlo-rinnova-la-sua-sacra-piazza-del-casino\/#breadcrumb","itemListElement":[{"@type":"ListItem","position":1,"name":"Accueil","item":"https:\/\/www.monaco-tribune.com\/it\/"},{"@type":"ListItem","position":2,"name":"Monte-Carlo rinnova la sua sacra Piazza del Casin\u00f2"}]},{"@type":"WebSite","@id":"https:\/\/www.monaco-tribune.com\/it\/#website","url":"https:\/\/www.monaco-tribune.com\/it\/","name":"Monaco Tribune","description":"Monaco : actualit\u00e9s \u00e9conomiques, politiques, culturelles et sportives de Monaco et de la French Riviera.","publisher":{"@id":"https:\/\/www.monaco-tribune.com\/it\/#organization"},"potentialAction":[{"@type":"SearchAction","target":{"@type":"EntryPoint","urlTemplate":"https:\/\/www.monaco-tribune.com\/it\/?s={search_term_string}"},"query-input":{"@type":"PropertyValueSpecification","valueRequired":true,"valueName":"search_term_string"}}],"inLanguage":"it-IT"},{"@type":"Organization","@id":"https:\/\/www.monaco-tribune.com\/it\/#organization","name":"Monaco Tribune","url":"https:\/\/www.monaco-tribune.com\/it\/","logo":{"@type":"ImageObject","inLanguage":"it-IT","@id":"https:\/\/www.monaco-tribune.com\/it\/#\/schema\/logo\/image\/","url":"https:\/\/www.monaco-tribune.com\/wp-content\/uploads\/2022\/11\/logo-monaco-tribune.png","contentUrl":"https:\/\/www.monaco-tribune.com\/wp-content\/uploads\/2022\/11\/logo-monaco-tribune.png","width":1548,"height":600,"caption":"Monaco Tribune"},"image":{"@id":"https:\/\/www.monaco-tribune.com\/it\/#\/schema\/logo\/image\/"},"sameAs":["https:\/\/www.facebook.com\/MonacoTribune","https:\/\/x.com\/MonacoTribune","https:\/\/www.instagram.com\/monacotribune\/","https:\/\/www.linkedin.com\/company\/monaco-tribune","https:\/\/www.youtube.com\/channel\/UCHle1MnG6hw1y4lWKijVbMA"]},{"@type":"Person","@id":"https:\/\/www.monaco-tribune.com\/it\/#\/schema\/person\/8f6ed8c063276e2397589eda5b7a2f2d","name":"Monaco Tribune","image":{"@type":"ImageObject","inLanguage":"it-IT","@id":"https:\/\/secure.gravatar.com\/avatar\/3010e6c5d6c8056ec1c25228fe68ea089879e5ae0de884e0247744ee988aaf6a?s=96&d=mm&r=g","url":"https:\/\/secure.gravatar.com\/avatar\/3010e6c5d6c8056ec1c25228fe68ea089879e5ae0de884e0247744ee988aaf6a?s=96&d=mm&r=g","contentUrl":"https:\/\/secure.gravatar.com\/avatar\/3010e6c5d6c8056ec1c25228fe68ea089879e5ae0de884e0247744ee988aaf6a?s=96&d=mm&r=g","caption":"Monaco Tribune"},"url":"https:\/\/www.monaco-tribune.com\/it\/author\/monaco-tribune\/"}]}},"_links":{"self":[{"href":"https:\/\/www.monaco-tribune.com\/it\/wp-json\/wp\/v2\/posts\/20219","targetHints":{"allow":["GET"]}}],"collection":[{"href":"https:\/\/www.monaco-tribune.com\/it\/wp-json\/wp\/v2\/posts"}],"about":[{"href":"https:\/\/www.monaco-tribune.com\/it\/wp-json\/wp\/v2\/types\/post"}],"author":[{"embeddable":true,"href":"https:\/\/www.monaco-tribune.com\/it\/wp-json\/wp\/v2\/users\/21"}],"replies":[{"embeddable":true,"href":"https:\/\/www.monaco-tribune.com\/it\/wp-json\/wp\/v2\/comments?post=20219"}],"version-history":[{"count":0,"href":"https:\/\/www.monaco-tribune.com\/it\/wp-json\/wp\/v2\/posts\/20219\/revisions"}],"wp:featuredmedia":[{"embeddable":true,"href":"https:\/\/www.monaco-tribune.com\/it\/wp-json\/wp\/v2\/media\/20201"}],"wp:attachment":[{"href":"https:\/\/www.monaco-tribune.com\/it\/wp-json\/wp\/v2\/media?parent=20219"}],"wp:term":[{"taxonomy":"category","embeddable":true,"href":"https:\/\/www.monaco-tribune.com\/it\/wp-json\/wp\/v2\/categories?post=20219"},{"taxonomy":"post_tag","embeddable":true,"href":"https:\/\/www.monaco-tribune.com\/it\/wp-json\/wp\/v2\/tags?post=20219"},{"taxonomy":"sectag","embeddable":true,"href":"https:\/\/www.monaco-tribune.com\/it\/wp-json\/wp\/v2\/post_sectags?post=20219"},{"taxonomy":"format","embeddable":true,"href":"https:\/\/www.monaco-tribune.com\/it\/wp-json\/wp\/v2\/post_format?post=20219"}],"curies":[{"name":"wp","href":"https:\/\/api.w.org\/{rel}","templated":true}]}}