{"id":203426,"date":"2023-11-29T12:44:06","date_gmt":"2023-11-29T10:44:06","guid":{"rendered":"https:\/\/www.monaco-tribune.com\/2023\/11\/corsica-il-principe-alberto-ii-e-la-principessa-stephanie-sulle-orme-del-principe-ranieri-iii-e-di-santa-devota\/"},"modified":"2023-11-29T12:44:45","modified_gmt":"2023-11-29T10:44:45","slug":"corsica-il-principe-alberto-ii-e-la-principessa-stephanie-sulle-orme-del-principe-ranieri-iii-e-di-santa-devota","status":"publish","type":"post","link":"https:\/\/www.monaco-tribune.com\/it\/2023\/11\/corsica-il-principe-alberto-ii-e-la-principessa-stephanie-sulle-orme-del-principe-ranieri-iii-e-di-santa-devota\/","title":{"rendered":"Corsica: il Principe Alberto II e la Principessa St\u00e9phanie sulle orme del Principe Ranieri III e di Santa Devota"},"content":{"rendered":"\n<p><strong>Il Sovrano e la Principessa hanno inaugurato una mostra dedicata al Principe Costruttore e alla Santa Patrona di Monaco.<\/strong><\/p>\n\n<p>Il 23 novembre, il Principe Alberto II e sua sorella, la Principessa St\u00e9phanie, si sono recati a Lucciana, in Corsica, per inaugurare una nuova mostra al Museo Archeologico Mariana-Rainier III di Monaco.<\/p>\n\n<p>La mostra si intitola &#8220;Rainier III de Monaco sur les pas de sainte D\u00e9vote. 9 juin 2003, une journ\u00e9e particuli\u00e8re \u00e0 Lucciana&#8221; (Ranieri III di Monaco sulle orme di Santa Devota. 9 giugno 2003, un giorno speciale a Lucciana) e rientra nelle celebrazioni del centenario della nascita del Principe Costruttore, che all&#8217;epoca stava affrontando il suo ultimo viaggio, proprio in Corsica. Il Principe e la Principessa sono stati accolti da Michel Prosic, Prefetto dell&#8217;Alta Corsica, e da Jos\u00e9 Galletti, Sindaco di Lucciana.<\/p>\n\n<p>Vent&#8217;anni fa, durante la Pentecoste, il Principe Ranieri III si rec\u00f2 in pellegrinaggio nel luogo di nascita della Santa Patrona di Monaco, alla vigilia del 17\u00b0 centenario del suo martirio. \u00c8 quindi in omaggio a questa visita, ma anche al Principe Ranieri stesso, che il Museo Archeologico di Mariana ha deciso di organizzare questa mostra. L&#8217;esposizione mette in luce la particolare devozione del Principe costruttore, in linea con quella dei Sovrani monegaschi dal XVII secolo in poi.<\/p>\n\n<figure class=\"wp-block-gallery has-nested-images columns-1 is-cropped wp-block-gallery-1 is-layout-flex wp-block-gallery-is-layout-flex\">\n<figure class=\"wp-block-image size-large\"><img loading=\"lazy\" decoding=\"async\" width=\"1024\" height=\"683\" data-id=\"202904\" src=\"https:\/\/www.monaco-tribune.com\/wp-content\/uploads\/2023\/11\/delegation-monaco-corse-1024x683.jpeg\" alt=\"delegation-monaco-corse\" class=\"wp-image-202904\" srcset=\"https:\/\/www.monaco-tribune.com\/wp-content\/uploads\/2023\/11\/delegation-monaco-corse-1024x683.jpeg 1024w, https:\/\/www.monaco-tribune.com\/wp-content\/uploads\/2023\/11\/delegation-monaco-corse-450x300.jpeg 450w, https:\/\/www.monaco-tribune.com\/wp-content\/uploads\/2023\/11\/delegation-monaco-corse.jpeg 1440w\" sizes=\"auto, (max-width: 1024px) 100vw, 1024px\" \/><\/figure>\n\n\n\n<figure class=\"wp-block-image size-large\"><img loading=\"lazy\" decoding=\"async\" width=\"1024\" height=\"683\" data-id=\"202912\" src=\"https:\/\/www.monaco-tribune.com\/wp-content\/uploads\/2023\/11\/prince-albert-ii-princess-stephanie-corse-visite-1024x683.jpeg\" alt=\"prince-albert-ii-princess-stephanie-corse-visite\" class=\"wp-image-202912\" srcset=\"https:\/\/www.monaco-tribune.com\/wp-content\/uploads\/2023\/11\/prince-albert-ii-princess-stephanie-corse-visite-1024x683.jpeg 1024w, https:\/\/www.monaco-tribune.com\/wp-content\/uploads\/2023\/11\/prince-albert-ii-princess-stephanie-corse-visite-450x300.jpeg 450w, https:\/\/www.monaco-tribune.com\/wp-content\/uploads\/2023\/11\/prince-albert-ii-princess-stephanie-corse-visite.jpeg 1440w\" sizes=\"auto, (max-width: 1024px) 100vw, 1024px\" \/><\/figure>\n<figcaption class=\"blocks-gallery-caption wp-element-caption\"><em>Il Principe Alberto II e la Principessa St\u00e9phanie hanno inaugurato la mostra &#8211; \u00a9 Fr\u00e9d\u00e9ric Nebinger \/ Palazzo del Principe<\/em><\/figcaption><\/figure>\n\n<p class=\"related\"><a href=\"https:\/\/www.monaco-tribune.com\/it\/2023\/11\/mio-padre-mi-ha-trasmesso-lamore-per-il-circo-la-principessa-stephanie-rende-omaggio-al-principe-ranieri-iii-con-una-mostra\/\">\u201cMio padre mi ha trasmesso l\u2019amore per il circo\u201d: la Principessa St\u00e9phanie rende omaggio al Principe Ranieri III con una mostra<\/a><\/p>\n\n<p>Documenti d&#8217;archivio, monete, francobolli e altri cimeli della giornata del 9 giugno 2003, provenienti principalmente dalle collezioni del Palazzo, sono esposti attorno a un busto in bronzo del Principe Ranieri III e insieme a una serie di fotografie che ritraggono i momenti salienti del pellegrinaggio. La scelta scenografica trae ispirazione dal viaggio in barca affrontato dalla Santa dalla Corsica ha al Principato di Monaco.<\/p>\n\n<figure class=\"wp-block-gallery has-nested-images columns-1 is-cropped wp-block-gallery-2 is-layout-flex wp-block-gallery-is-layout-flex\">\n<figure class=\"wp-block-image size-large\"><img loading=\"lazy\" decoding=\"async\" width=\"1024\" height=\"683\" data-id=\"202916\" src=\"https:\/\/www.monaco-tribune.com\/wp-content\/uploads\/2023\/11\/prince-albert-ii-princess-stephanie-sainte-devote-corse-1024x683.jpeg\" alt=\"prince-albert-ii-princess-stephanie-sainte-devote-corse\" class=\"wp-image-202916\" srcset=\"https:\/\/www.monaco-tribune.com\/wp-content\/uploads\/2023\/11\/prince-albert-ii-princess-stephanie-sainte-devote-corse-1024x683.jpeg 1024w, https:\/\/www.monaco-tribune.com\/wp-content\/uploads\/2023\/11\/prince-albert-ii-princess-stephanie-sainte-devote-corse-450x300.jpeg 450w, https:\/\/www.monaco-tribune.com\/wp-content\/uploads\/2023\/11\/prince-albert-ii-princess-stephanie-sainte-devote-corse.jpeg 1440w\" sizes=\"auto, (max-width: 1024px) 100vw, 1024px\" \/><\/figure>\n\n\n\n<figure class=\"wp-block-image size-large\"><img loading=\"lazy\" decoding=\"async\" width=\"1024\" height=\"683\" data-id=\"202924\" src=\"https:\/\/www.monaco-tribune.com\/wp-content\/uploads\/2023\/11\/prince-rainier-iii-corse-1024x683.jpeg\" alt=\"prince-rainier-iii-corse\" class=\"wp-image-202924\" srcset=\"https:\/\/www.monaco-tribune.com\/wp-content\/uploads\/2023\/11\/prince-rainier-iii-corse-1024x683.jpeg 1024w, https:\/\/www.monaco-tribune.com\/wp-content\/uploads\/2023\/11\/prince-rainier-iii-corse-450x300.jpeg 450w, https:\/\/www.monaco-tribune.com\/wp-content\/uploads\/2023\/11\/prince-rainier-iii-corse.jpeg 1440w\" sizes=\"auto, (max-width: 1024px) 100vw, 1024px\" \/><\/figure>\n\n\n\n<figure class=\"wp-block-image size-large\"><img loading=\"lazy\" decoding=\"async\" width=\"1024\" height=\"683\" data-id=\"202932\" src=\"https:\/\/www.monaco-tribune.com\/wp-content\/uploads\/2023\/11\/sainte-devote-corse-1024x683.jpeg\" alt=\"sainte-devote-corse\" class=\"wp-image-202932\" srcset=\"https:\/\/www.monaco-tribune.com\/wp-content\/uploads\/2023\/11\/sainte-devote-corse-1024x683.jpeg 1024w, https:\/\/www.monaco-tribune.com\/wp-content\/uploads\/2023\/11\/sainte-devote-corse-450x300.jpeg 450w, https:\/\/www.monaco-tribune.com\/wp-content\/uploads\/2023\/11\/sainte-devote-corse.jpeg 1440w\" sizes=\"auto, (max-width: 1024px) 100vw, 1024px\" \/><\/figure>\n<figcaption class=\"blocks-gallery-caption wp-element-caption\"><em>Per questa mostra sono stati riuniti numerosi documenti &#8211; \u00a9 Fr\u00e9d\u00e9ric Nebinger \/ Palazzo del Principe<\/em><\/figcaption><\/figure>\n\n<p>Il Museo si trova proprio accanto alla Cattedrale di Lucciana, dove si pu\u00f2 ammirare una Santa Devota donata dal Principe Ranieri III nel 2003.<\/p>\n<div class=\"wp-block-image\">\n<figure class=\"aligncenter size-large\"><img loading=\"lazy\" decoding=\"async\" width=\"1024\" height=\"683\" src=\"https:\/\/www.monaco-tribune.com\/wp-content\/uploads\/2023\/11\/sainte-devote-corse-prince-albert-ii-princess-stephanie-1024x683.jpeg\" alt=\"sainte-devote-corse-prince-albert-ii-princess-stephanie\" class=\"wp-image-202928\" srcset=\"https:\/\/www.monaco-tribune.com\/wp-content\/uploads\/2023\/11\/sainte-devote-corse-prince-albert-ii-princess-stephanie-1024x683.jpeg 1024w, https:\/\/www.monaco-tribune.com\/wp-content\/uploads\/2023\/11\/sainte-devote-corse-prince-albert-ii-princess-stephanie-450x300.jpeg 450w, https:\/\/www.monaco-tribune.com\/wp-content\/uploads\/2023\/11\/sainte-devote-corse-prince-albert-ii-princess-stephanie.jpeg 1440w\" sizes=\"auto, (max-width: 1024px) 100vw, 1024px\" \/><figcaption class=\"wp-element-caption\"><em>Anche la Cattedrale di Lucciana rende omaggio a Santa Devota &#8211; \u00a9 Fr\u00e9d\u00e9ric Nebinger \/ Palazzo del Principe<\/em><\/figcaption><\/figure>\n<\/div>\n<p>&#8220;Quello che conta \u00e8 che [mio padre] abbia potuto fare questo pellegrinaggio e che abbia potuto dimostrare il suo legame non solo, ovviamente, a Santa Devota, ma anche a questa amicizia con la Corsica e con questa regione&#8221;, ha dichiarato il Principe Alberto II a Monaco Info. &#8220;Tutte le commemorazioni del Principe Ranieri III sono importanti, ed \u00e8 stato altrettanto importante venire qui, perch\u00e9 lui stesso avrebbe voluto questo museo e avrebbe voluto essere qui. Si \u00e8 sempre prodigato per coltivare l&#8217;amicizia tra la Corsica e il Principato di Monaco, quindi \u00e8 stato del tutto naturale esserci e ne sono felice&#8221;, ha aggiunto la Principessa St\u00e9phanie.<\/p>\n\n<p>L&#8217;esposizione sar\u00e0 visibitabile fino al 22 settembre.<\/p>\n","protected":false},"excerpt":{"rendered":"<p>Il Sovrano e la Principessa hanno inaugurato una mostra dedicata al Principe Costruttore e alla Santa Patrona di Monaco. Il [&hellip;]<\/p>\n","protected":false},"author":60,"featured_media":202922,"comment_status":"closed","ping_status":"closed","sticky":false,"template":"","format":"standard","meta":{"_acf_changed":false,"footnotes":""},"categories":[1742,1826,1738],"tags":[3755],"post_sectags":[3757,3671],"post_format":[2474],"class_list":["post-203426","post","type-post","status-publish","format-standard","has-post-thumbnail","hentry","category-famiglia-principesca","category-la-nostra-scelta","category-notizie","tag-principe-ranieri-iii","sectag-principe-alberto-ii","sectag-principessa-stephanie","format-foto"],"acf":[],"yoast_head":"<!-- This site is optimized with the Yoast SEO Premium plugin v26.8 (Yoast SEO v27.4) - https:\/\/yoast.com\/product\/yoast-seo-premium-wordpress\/ -->\n<title>Corsica: il Principe Alberto II e la Principessa St\u00e9phanie sulle orme del Principe Ranieri III e di Santa Devota<\/title>\n<meta name=\"description\" content=\"Il Sovrano e la Principessa hanno inaugurato una mostra dedicata al Principe Costruttore e alla Santa Patrona di Monaco. Il 23 novembre, il Principe\" \/>\n<meta name=\"robots\" content=\"index, follow, max-snippet:-1, max-image-preview:large, max-video-preview:-1\" \/>\n<link rel=\"canonical\" href=\"https:\/\/www.monaco-tribune.com\/it\/2023\/11\/corsica-il-principe-alberto-ii-e-la-principessa-stephanie-sulle-orme-del-principe-ranieri-iii-e-di-santa-devota\/\" \/>\n<meta property=\"og:locale\" content=\"it_IT\" \/>\n<meta property=\"og:type\" content=\"article\" \/>\n<meta property=\"og:title\" content=\"Corsica: il Principe Alberto II e la Principessa St\u00e9phanie sulle orme del Principe Ranieri III e di Santa Devota - Monaco Tribune\" \/>\n<meta property=\"og:description\" content=\"Il Sovrano e la Principessa hanno inaugurato una mostra dedicata al Principe Costruttore e alla Santa Patrona di Monaco. Il 23 novembre, il Principe\" \/>\n<meta property=\"og:url\" content=\"https:\/\/www.monaco-tribune.com\/it\/2023\/11\/corsica-il-principe-alberto-ii-e-la-principessa-stephanie-sulle-orme-del-principe-ranieri-iii-e-di-santa-devota\/\" \/>\n<meta property=\"og:site_name\" content=\"Monaco Tribune\" \/>\n<meta property=\"article:publisher\" content=\"https:\/\/www.facebook.com\/MonacoTribune\" \/>\n<meta property=\"article:published_time\" content=\"2023-11-29T10:44:06+00:00\" \/>\n<meta property=\"article:modified_time\" content=\"2023-11-29T10:44:45+00:00\" \/>\n<meta property=\"og:image\" content=\"https:\/\/www.monaco-tribune.com\/wp-content\/uploads\/2023\/11\/prince-albert-ii-princesse-stephanie-corse.jpeg\" \/>\n\t<meta property=\"og:image:width\" content=\"1440\" \/>\n\t<meta property=\"og:image:height\" content=\"960\" \/>\n\t<meta property=\"og:image:type\" content=\"image\/jpeg\" \/>\n<meta name=\"author\" content=\"Camille Esteve\" \/>\n<meta name=\"twitter:card\" content=\"summary_large_image\" \/>\n<meta name=\"twitter:creator\" content=\"@MonacoTribune\" \/>\n<meta name=\"twitter:site\" content=\"@MonacoTribune\" \/>\n<script type=\"application\/ld+json\" class=\"yoast-schema-graph\">{\"@context\":\"https:\\\/\\\/schema.org\",\"@graph\":[{\"@type\":\"NewsArticle\",\"@id\":\"https:\\\/\\\/www.monaco-tribune.com\\\/it\\\/2023\\\/11\\\/corsica-il-principe-alberto-ii-e-la-principessa-stephanie-sulle-orme-del-principe-ranieri-iii-e-di-santa-devota\\\/#article\",\"isPartOf\":{\"@id\":\"https:\\\/\\\/www.monaco-tribune.com\\\/it\\\/2023\\\/11\\\/corsica-il-principe-alberto-ii-e-la-principessa-stephanie-sulle-orme-del-principe-ranieri-iii-e-di-santa-devota\\\/\"},\"author\":{\"name\":\"Camille Esteve\",\"@id\":\"https:\\\/\\\/www.monaco-tribune.com\\\/it\\\/#\\\/schema\\\/person\\\/a855d420fff4d03637641d60b93ac62e\"},\"headline\":\"Corsica: il Principe Alberto II e la Principessa St\u00e9phanie sulle orme del Principe Ranieri III e di Santa Devota\",\"datePublished\":\"2023-11-29T10:44:06+00:00\",\"dateModified\":\"2023-11-29T10:44:45+00:00\",\"mainEntityOfPage\":{\"@id\":\"https:\\\/\\\/www.monaco-tribune.com\\\/it\\\/2023\\\/11\\\/corsica-il-principe-alberto-ii-e-la-principessa-stephanie-sulle-orme-del-principe-ranieri-iii-e-di-santa-devota\\\/\"},\"wordCount\":505,\"publisher\":{\"@id\":\"https:\\\/\\\/www.monaco-tribune.com\\\/it\\\/#organization\"},\"image\":{\"@id\":\"https:\\\/\\\/www.monaco-tribune.com\\\/it\\\/2023\\\/11\\\/corsica-il-principe-alberto-ii-e-la-principessa-stephanie-sulle-orme-del-principe-ranieri-iii-e-di-santa-devota\\\/#primaryimage\"},\"thumbnailUrl\":\"https:\\\/\\\/www.monaco-tribune.com\\\/wp-content\\\/uploads\\\/2023\\\/11\\\/prince-albert-ii-princesse-stephanie-corse.jpeg\",\"keywords\":[\"Principe Ranieri III\"],\"articleSection\":[\"Famiglia Principesca\",\"La nostra scelta\",\"Notizie\"],\"inLanguage\":\"it-IT\",\"copyrightYear\":\"2023\",\"copyrightHolder\":{\"@id\":\"https:\\\/\\\/www.monaco-tribune.com\\\/#organization\"}},{\"@type\":\"WebPage\",\"@id\":\"https:\\\/\\\/www.monaco-tribune.com\\\/it\\\/2023\\\/11\\\/corsica-il-principe-alberto-ii-e-la-principessa-stephanie-sulle-orme-del-principe-ranieri-iii-e-di-santa-devota\\\/\",\"url\":\"https:\\\/\\\/www.monaco-tribune.com\\\/it\\\/2023\\\/11\\\/corsica-il-principe-alberto-ii-e-la-principessa-stephanie-sulle-orme-del-principe-ranieri-iii-e-di-santa-devota\\\/\",\"name\":\"Corsica: il Principe Alberto II e la Principessa St\u00e9phanie sulle orme del Principe Ranieri III e di Santa Devota\",\"isPartOf\":{\"@id\":\"https:\\\/\\\/www.monaco-tribune.com\\\/it\\\/#website\"},\"primaryImageOfPage\":{\"@id\":\"https:\\\/\\\/www.monaco-tribune.com\\\/it\\\/2023\\\/11\\\/corsica-il-principe-alberto-ii-e-la-principessa-stephanie-sulle-orme-del-principe-ranieri-iii-e-di-santa-devota\\\/#primaryimage\"},\"image\":{\"@id\":\"https:\\\/\\\/www.monaco-tribune.com\\\/it\\\/2023\\\/11\\\/corsica-il-principe-alberto-ii-e-la-principessa-stephanie-sulle-orme-del-principe-ranieri-iii-e-di-santa-devota\\\/#primaryimage\"},\"thumbnailUrl\":\"https:\\\/\\\/www.monaco-tribune.com\\\/wp-content\\\/uploads\\\/2023\\\/11\\\/prince-albert-ii-princesse-stephanie-corse.jpeg\",\"datePublished\":\"2023-11-29T10:44:06+00:00\",\"dateModified\":\"2023-11-29T10:44:45+00:00\",\"description\":\"Il Sovrano e la Principessa hanno inaugurato una mostra dedicata al Principe Costruttore e alla Santa Patrona di Monaco. Il 23 novembre, il Principe\",\"breadcrumb\":{\"@id\":\"https:\\\/\\\/www.monaco-tribune.com\\\/it\\\/2023\\\/11\\\/corsica-il-principe-alberto-ii-e-la-principessa-stephanie-sulle-orme-del-principe-ranieri-iii-e-di-santa-devota\\\/#breadcrumb\"},\"inLanguage\":\"it-IT\",\"potentialAction\":[{\"@type\":\"ReadAction\",\"target\":[\"https:\\\/\\\/www.monaco-tribune.com\\\/it\\\/2023\\\/11\\\/corsica-il-principe-alberto-ii-e-la-principessa-stephanie-sulle-orme-del-principe-ranieri-iii-e-di-santa-devota\\\/\"]}]},{\"@type\":\"ImageObject\",\"inLanguage\":\"it-IT\",\"@id\":\"https:\\\/\\\/www.monaco-tribune.com\\\/it\\\/2023\\\/11\\\/corsica-il-principe-alberto-ii-e-la-principessa-stephanie-sulle-orme-del-principe-ranieri-iii-e-di-santa-devota\\\/#primaryimage\",\"url\":\"https:\\\/\\\/www.monaco-tribune.com\\\/wp-content\\\/uploads\\\/2023\\\/11\\\/prince-albert-ii-princesse-stephanie-corse.jpeg\",\"contentUrl\":\"https:\\\/\\\/www.monaco-tribune.com\\\/wp-content\\\/uploads\\\/2023\\\/11\\\/prince-albert-ii-princesse-stephanie-corse.jpeg\",\"width\":1440,\"height\":960,\"caption\":\"Il Sovrano e la Principessa hanno reso omaggio al padre durante il viaggio a Lucciana - \u00a9 Fr\u00e9d\u00e9ric Nebinger \\\/ Palazzo del Principe\"},{\"@type\":\"BreadcrumbList\",\"@id\":\"https:\\\/\\\/www.monaco-tribune.com\\\/it\\\/2023\\\/11\\\/corsica-il-principe-alberto-ii-e-la-principessa-stephanie-sulle-orme-del-principe-ranieri-iii-e-di-santa-devota\\\/#breadcrumb\",\"itemListElement\":[{\"@type\":\"ListItem\",\"position\":1,\"name\":\"Accueil\",\"item\":\"https:\\\/\\\/www.monaco-tribune.com\\\/it\\\/\"},{\"@type\":\"ListItem\",\"position\":2,\"name\":\"Corsica: il Principe Alberto II e la Principessa St\u00e9phanie sulle orme del Principe Ranieri III e di Santa Devota\"}]},{\"@type\":\"WebSite\",\"@id\":\"https:\\\/\\\/www.monaco-tribune.com\\\/it\\\/#website\",\"url\":\"https:\\\/\\\/www.monaco-tribune.com\\\/it\\\/\",\"name\":\"Monaco Tribune\",\"description\":\"Monaco : actualit\u00e9s \u00e9conomiques, politiques, culturelles et sportives de Monaco et de la French Riviera.\",\"publisher\":{\"@id\":\"https:\\\/\\\/www.monaco-tribune.com\\\/it\\\/#organization\"},\"potentialAction\":[{\"@type\":\"SearchAction\",\"target\":{\"@type\":\"EntryPoint\",\"urlTemplate\":\"https:\\\/\\\/www.monaco-tribune.com\\\/it\\\/?s={search_term_string}\"},\"query-input\":{\"@type\":\"PropertyValueSpecification\",\"valueRequired\":true,\"valueName\":\"search_term_string\"}}],\"inLanguage\":\"it-IT\"},{\"@type\":\"Organization\",\"@id\":\"https:\\\/\\\/www.monaco-tribune.com\\\/it\\\/#organization\",\"name\":\"Monaco Tribune\",\"url\":\"https:\\\/\\\/www.monaco-tribune.com\\\/it\\\/\",\"logo\":{\"@type\":\"ImageObject\",\"inLanguage\":\"it-IT\",\"@id\":\"https:\\\/\\\/www.monaco-tribune.com\\\/it\\\/#\\\/schema\\\/logo\\\/image\\\/\",\"url\":\"https:\\\/\\\/www.monaco-tribune.com\\\/wp-content\\\/uploads\\\/2022\\\/11\\\/logo-monaco-tribune.png\",\"contentUrl\":\"https:\\\/\\\/www.monaco-tribune.com\\\/wp-content\\\/uploads\\\/2022\\\/11\\\/logo-monaco-tribune.png\",\"width\":1548,\"height\":600,\"caption\":\"Monaco Tribune\"},\"image\":{\"@id\":\"https:\\\/\\\/www.monaco-tribune.com\\\/it\\\/#\\\/schema\\\/logo\\\/image\\\/\"},\"sameAs\":[\"https:\\\/\\\/www.facebook.com\\\/MonacoTribune\",\"https:\\\/\\\/x.com\\\/MonacoTribune\",\"https:\\\/\\\/www.instagram.com\\\/monacotribune\\\/\",\"https:\\\/\\\/www.linkedin.com\\\/company\\\/monaco-tribune\",\"https:\\\/\\\/www.youtube.com\\\/channel\\\/UCHle1MnG6hw1y4lWKijVbMA\"]},{\"@type\":\"Person\",\"@id\":\"https:\\\/\\\/www.monaco-tribune.com\\\/it\\\/#\\\/schema\\\/person\\\/a855d420fff4d03637641d60b93ac62e\",\"name\":\"Camille Esteve\",\"image\":{\"@type\":\"ImageObject\",\"inLanguage\":\"it-IT\",\"@id\":\"https:\\\/\\\/secure.gravatar.com\\\/avatar\\\/eaaa2355a7bb56c0018a391c20a55bf9b4690e3f493231dd850e612bfa6ce161?s=96&d=mm&r=g\",\"url\":\"https:\\\/\\\/secure.gravatar.com\\\/avatar\\\/eaaa2355a7bb56c0018a391c20a55bf9b4690e3f493231dd850e612bfa6ce161?s=96&d=mm&r=g\",\"contentUrl\":\"https:\\\/\\\/secure.gravatar.com\\\/avatar\\\/eaaa2355a7bb56c0018a391c20a55bf9b4690e3f493231dd850e612bfa6ce161?s=96&d=mm&r=g\",\"caption\":\"Camille Esteve\"},\"url\":\"https:\\\/\\\/www.monaco-tribune.com\\\/it\\\/author\\\/camilleesteve\\\/\"}]}<\/script>\n<!-- \/ Yoast SEO Premium plugin. -->","yoast_head_json":{"title":"Corsica: il Principe Alberto II e la Principessa St\u00e9phanie sulle orme del Principe Ranieri III e di Santa Devota","description":"Il Sovrano e la Principessa hanno inaugurato una mostra dedicata al Principe Costruttore e alla Santa Patrona di Monaco. Il 23 novembre, il Principe","robots":{"index":"index","follow":"follow","max-snippet":"max-snippet:-1","max-image-preview":"max-image-preview:large","max-video-preview":"max-video-preview:-1"},"canonical":"https:\/\/www.monaco-tribune.com\/it\/2023\/11\/corsica-il-principe-alberto-ii-e-la-principessa-stephanie-sulle-orme-del-principe-ranieri-iii-e-di-santa-devota\/","og_locale":"it_IT","og_type":"article","og_title":"Corsica: il Principe Alberto II e la Principessa St\u00e9phanie sulle orme del Principe Ranieri III e di Santa Devota - Monaco Tribune","og_description":"Il Sovrano e la Principessa hanno inaugurato una mostra dedicata al Principe Costruttore e alla Santa Patrona di Monaco. Il 23 novembre, il Principe","og_url":"https:\/\/www.monaco-tribune.com\/it\/2023\/11\/corsica-il-principe-alberto-ii-e-la-principessa-stephanie-sulle-orme-del-principe-ranieri-iii-e-di-santa-devota\/","og_site_name":"Monaco Tribune","article_publisher":"https:\/\/www.facebook.com\/MonacoTribune","article_published_time":"2023-11-29T10:44:06+00:00","article_modified_time":"2023-11-29T10:44:45+00:00","og_image":[{"width":1440,"height":960,"url":"https:\/\/www.monaco-tribune.com\/wp-content\/uploads\/2023\/11\/prince-albert-ii-princesse-stephanie-corse.jpeg","type":"image\/jpeg"}],"author":"Camille Esteve","twitter_card":"summary_large_image","twitter_creator":"@MonacoTribune","twitter_site":"@MonacoTribune","schema":{"@context":"https:\/\/schema.org","@graph":[{"@type":"NewsArticle","@id":"https:\/\/www.monaco-tribune.com\/it\/2023\/11\/corsica-il-principe-alberto-ii-e-la-principessa-stephanie-sulle-orme-del-principe-ranieri-iii-e-di-santa-devota\/#article","isPartOf":{"@id":"https:\/\/www.monaco-tribune.com\/it\/2023\/11\/corsica-il-principe-alberto-ii-e-la-principessa-stephanie-sulle-orme-del-principe-ranieri-iii-e-di-santa-devota\/"},"author":{"name":"Camille Esteve","@id":"https:\/\/www.monaco-tribune.com\/it\/#\/schema\/person\/a855d420fff4d03637641d60b93ac62e"},"headline":"Corsica: il Principe Alberto II e la Principessa St\u00e9phanie sulle orme del Principe Ranieri III e di Santa Devota","datePublished":"2023-11-29T10:44:06+00:00","dateModified":"2023-11-29T10:44:45+00:00","mainEntityOfPage":{"@id":"https:\/\/www.monaco-tribune.com\/it\/2023\/11\/corsica-il-principe-alberto-ii-e-la-principessa-stephanie-sulle-orme-del-principe-ranieri-iii-e-di-santa-devota\/"},"wordCount":505,"publisher":{"@id":"https:\/\/www.monaco-tribune.com\/it\/#organization"},"image":{"@id":"https:\/\/www.monaco-tribune.com\/it\/2023\/11\/corsica-il-principe-alberto-ii-e-la-principessa-stephanie-sulle-orme-del-principe-ranieri-iii-e-di-santa-devota\/#primaryimage"},"thumbnailUrl":"https:\/\/www.monaco-tribune.com\/wp-content\/uploads\/2023\/11\/prince-albert-ii-princesse-stephanie-corse.jpeg","keywords":["Principe Ranieri III"],"articleSection":["Famiglia Principesca","La nostra scelta","Notizie"],"inLanguage":"it-IT","copyrightYear":"2023","copyrightHolder":{"@id":"https:\/\/www.monaco-tribune.com\/#organization"}},{"@type":"WebPage","@id":"https:\/\/www.monaco-tribune.com\/it\/2023\/11\/corsica-il-principe-alberto-ii-e-la-principessa-stephanie-sulle-orme-del-principe-ranieri-iii-e-di-santa-devota\/","url":"https:\/\/www.monaco-tribune.com\/it\/2023\/11\/corsica-il-principe-alberto-ii-e-la-principessa-stephanie-sulle-orme-del-principe-ranieri-iii-e-di-santa-devota\/","name":"Corsica: il Principe Alberto II e la Principessa St\u00e9phanie sulle orme del Principe Ranieri III e di Santa Devota","isPartOf":{"@id":"https:\/\/www.monaco-tribune.com\/it\/#website"},"primaryImageOfPage":{"@id":"https:\/\/www.monaco-tribune.com\/it\/2023\/11\/corsica-il-principe-alberto-ii-e-la-principessa-stephanie-sulle-orme-del-principe-ranieri-iii-e-di-santa-devota\/#primaryimage"},"image":{"@id":"https:\/\/www.monaco-tribune.com\/it\/2023\/11\/corsica-il-principe-alberto-ii-e-la-principessa-stephanie-sulle-orme-del-principe-ranieri-iii-e-di-santa-devota\/#primaryimage"},"thumbnailUrl":"https:\/\/www.monaco-tribune.com\/wp-content\/uploads\/2023\/11\/prince-albert-ii-princesse-stephanie-corse.jpeg","datePublished":"2023-11-29T10:44:06+00:00","dateModified":"2023-11-29T10:44:45+00:00","description":"Il Sovrano e la Principessa hanno inaugurato una mostra dedicata al Principe Costruttore e alla Santa Patrona di Monaco. Il 23 novembre, il Principe","breadcrumb":{"@id":"https:\/\/www.monaco-tribune.com\/it\/2023\/11\/corsica-il-principe-alberto-ii-e-la-principessa-stephanie-sulle-orme-del-principe-ranieri-iii-e-di-santa-devota\/#breadcrumb"},"inLanguage":"it-IT","potentialAction":[{"@type":"ReadAction","target":["https:\/\/www.monaco-tribune.com\/it\/2023\/11\/corsica-il-principe-alberto-ii-e-la-principessa-stephanie-sulle-orme-del-principe-ranieri-iii-e-di-santa-devota\/"]}]},{"@type":"ImageObject","inLanguage":"it-IT","@id":"https:\/\/www.monaco-tribune.com\/it\/2023\/11\/corsica-il-principe-alberto-ii-e-la-principessa-stephanie-sulle-orme-del-principe-ranieri-iii-e-di-santa-devota\/#primaryimage","url":"https:\/\/www.monaco-tribune.com\/wp-content\/uploads\/2023\/11\/prince-albert-ii-princesse-stephanie-corse.jpeg","contentUrl":"https:\/\/www.monaco-tribune.com\/wp-content\/uploads\/2023\/11\/prince-albert-ii-princesse-stephanie-corse.jpeg","width":1440,"height":960,"caption":"Il Sovrano e la Principessa hanno reso omaggio al padre durante il viaggio a Lucciana - \u00a9 Fr\u00e9d\u00e9ric Nebinger \/ Palazzo del Principe"},{"@type":"BreadcrumbList","@id":"https:\/\/www.monaco-tribune.com\/it\/2023\/11\/corsica-il-principe-alberto-ii-e-la-principessa-stephanie-sulle-orme-del-principe-ranieri-iii-e-di-santa-devota\/#breadcrumb","itemListElement":[{"@type":"ListItem","position":1,"name":"Accueil","item":"https:\/\/www.monaco-tribune.com\/it\/"},{"@type":"ListItem","position":2,"name":"Corsica: il Principe Alberto II e la Principessa St\u00e9phanie sulle orme del Principe Ranieri III e di Santa Devota"}]},{"@type":"WebSite","@id":"https:\/\/www.monaco-tribune.com\/it\/#website","url":"https:\/\/www.monaco-tribune.com\/it\/","name":"Monaco Tribune","description":"Monaco : actualit\u00e9s \u00e9conomiques, politiques, culturelles et sportives de Monaco et de la French Riviera.","publisher":{"@id":"https:\/\/www.monaco-tribune.com\/it\/#organization"},"potentialAction":[{"@type":"SearchAction","target":{"@type":"EntryPoint","urlTemplate":"https:\/\/www.monaco-tribune.com\/it\/?s={search_term_string}"},"query-input":{"@type":"PropertyValueSpecification","valueRequired":true,"valueName":"search_term_string"}}],"inLanguage":"it-IT"},{"@type":"Organization","@id":"https:\/\/www.monaco-tribune.com\/it\/#organization","name":"Monaco Tribune","url":"https:\/\/www.monaco-tribune.com\/it\/","logo":{"@type":"ImageObject","inLanguage":"it-IT","@id":"https:\/\/www.monaco-tribune.com\/it\/#\/schema\/logo\/image\/","url":"https:\/\/www.monaco-tribune.com\/wp-content\/uploads\/2022\/11\/logo-monaco-tribune.png","contentUrl":"https:\/\/www.monaco-tribune.com\/wp-content\/uploads\/2022\/11\/logo-monaco-tribune.png","width":1548,"height":600,"caption":"Monaco Tribune"},"image":{"@id":"https:\/\/www.monaco-tribune.com\/it\/#\/schema\/logo\/image\/"},"sameAs":["https:\/\/www.facebook.com\/MonacoTribune","https:\/\/x.com\/MonacoTribune","https:\/\/www.instagram.com\/monacotribune\/","https:\/\/www.linkedin.com\/company\/monaco-tribune","https:\/\/www.youtube.com\/channel\/UCHle1MnG6hw1y4lWKijVbMA"]},{"@type":"Person","@id":"https:\/\/www.monaco-tribune.com\/it\/#\/schema\/person\/a855d420fff4d03637641d60b93ac62e","name":"Camille Esteve","image":{"@type":"ImageObject","inLanguage":"it-IT","@id":"https:\/\/secure.gravatar.com\/avatar\/eaaa2355a7bb56c0018a391c20a55bf9b4690e3f493231dd850e612bfa6ce161?s=96&d=mm&r=g","url":"https:\/\/secure.gravatar.com\/avatar\/eaaa2355a7bb56c0018a391c20a55bf9b4690e3f493231dd850e612bfa6ce161?s=96&d=mm&r=g","contentUrl":"https:\/\/secure.gravatar.com\/avatar\/eaaa2355a7bb56c0018a391c20a55bf9b4690e3f493231dd850e612bfa6ce161?s=96&d=mm&r=g","caption":"Camille Esteve"},"url":"https:\/\/www.monaco-tribune.com\/it\/author\/camilleesteve\/"}]}},"_links":{"self":[{"href":"https:\/\/www.monaco-tribune.com\/it\/wp-json\/wp\/v2\/posts\/203426","targetHints":{"allow":["GET"]}}],"collection":[{"href":"https:\/\/www.monaco-tribune.com\/it\/wp-json\/wp\/v2\/posts"}],"about":[{"href":"https:\/\/www.monaco-tribune.com\/it\/wp-json\/wp\/v2\/types\/post"}],"author":[{"embeddable":true,"href":"https:\/\/www.monaco-tribune.com\/it\/wp-json\/wp\/v2\/users\/60"}],"replies":[{"embeddable":true,"href":"https:\/\/www.monaco-tribune.com\/it\/wp-json\/wp\/v2\/comments?post=203426"}],"version-history":[{"count":2,"href":"https:\/\/www.monaco-tribune.com\/it\/wp-json\/wp\/v2\/posts\/203426\/revisions"}],"predecessor-version":[{"id":203431,"href":"https:\/\/www.monaco-tribune.com\/it\/wp-json\/wp\/v2\/posts\/203426\/revisions\/203431"}],"wp:featuredmedia":[{"embeddable":true,"href":"https:\/\/www.monaco-tribune.com\/it\/wp-json\/wp\/v2\/media\/202922"}],"wp:attachment":[{"href":"https:\/\/www.monaco-tribune.com\/it\/wp-json\/wp\/v2\/media?parent=203426"}],"wp:term":[{"taxonomy":"category","embeddable":true,"href":"https:\/\/www.monaco-tribune.com\/it\/wp-json\/wp\/v2\/categories?post=203426"},{"taxonomy":"post_tag","embeddable":true,"href":"https:\/\/www.monaco-tribune.com\/it\/wp-json\/wp\/v2\/tags?post=203426"},{"taxonomy":"sectag","embeddable":true,"href":"https:\/\/www.monaco-tribune.com\/it\/wp-json\/wp\/v2\/post_sectags?post=203426"},{"taxonomy":"format","embeddable":true,"href":"https:\/\/www.monaco-tribune.com\/it\/wp-json\/wp\/v2\/post_format?post=203426"}],"curies":[{"name":"wp","href":"https:\/\/api.w.org\/{rel}","templated":true}]}}