{"id":203637,"date":"2023-11-30T22:30:47","date_gmt":"2023-11-30T20:30:47","guid":{"rendered":"https:\/\/www.monaco-tribune.com\/2023\/11\/caso-bouvier-rybolovlev-jean-pierre-dreno-e-dmitri-rybolovlev-scagionati-dal-sospetto-di-complicita-nella-violazione-della-privacy\/"},"modified":"2023-11-30T22:30:50","modified_gmt":"2023-11-30T20:30:50","slug":"caso-bouvier-rybolovlev-jean-pierre-dreno-e-dmitri-rybolovlev-scagionati-dal-sospetto-di-complicita-nella-violazione-della-privacy","status":"publish","type":"post","link":"https:\/\/www.monaco-tribune.com\/it\/2023\/11\/caso-bouvier-rybolovlev-jean-pierre-dreno-e-dmitri-rybolovlev-scagionati-dal-sospetto-di-complicita-nella-violazione-della-privacy\/","title":{"rendered":"Caso Bouvier-Rybolovlev: Jean-Pierre Dreno e Dmitri Rybolovlev scagionati dal sospetto di complicit\u00e0 nella violazione della privacy"},"content":{"rendered":"\n<p><strong>Il caso che coinvolgeva il presidente dell&#8217;AS Monaco e l&#8217;ex procuratore generale di Monaco \u00e8 stato archiviato.<\/strong><\/p>\n\n<p>La notizia \u00e8 stata pubblicata marted\u00ec 28 novembre da Monaco-Matin. A quasi nove anni dai fatti, il caso Bouvier-Rybolovlev, conosciuto anche come Monacogate, sembra aver trovato un nuovo esito a favore del miliardario russo, proprietario dell&#8217;AS Monaco, e dell&#8217;ex procuratore del Principato.<\/p>\n\n<p>Inizialmente il caso vedeva contrapposti Yves Bouvier, un mercante d&#8217;arte svizzero, e Dmitri Rybolovlev. Quest\u2019ultimo aveva accusato Bouvier di averlo truffato nel corso delle vendite di alcune opere d&#8217;arte. Nel mezzo c&#8217;era Tania Rappo, una residente del Principato amica di entrambi che li ha persino presentati.<\/p>\n\n<p>Un&#8217;amicizia che \u00e8 durata fino al 2015, quando, secondo quanto riportato da Monaco-Matin, Dmitri Rybolovlev ha presentato una denuncia contro Yves Bouvier, ma anche contro Tania Rappo, accusandoli di aver approfittato della situazione &#8220;per arricchirsi a dismisura\u201d. Le accuse sono state per\u00f2 smentite dalla diretta interessata.<\/p>\n\n<p>Due anni dopo, il giudice istruttore Edouard Levrault ha richiesto una perizia sul telefono dell&#8217;avvocato di Dmitri Rybolovlev, Tetiana Bersheda. Questa avrebbe presentato alla polizia una registrazione che prova la presunta complicit\u00e0 tra Tania Rappo e Yves Bouvier. Secondo Monaco-Matin, il file audio in questione consisteva in dieci minuti di registrazioni durante una cena privata tenutasi a casa di Dmitri Rybolovlev a Monaco il 23 febbraio 2015.<\/p>\n\n<p>Cos\u00ec Tania Rappo ha presentato una denuncia non solo contro Tetiana Bersheda, ma anche contro Dmitri Rybolovlev e persino contro l&#8217;ex procuratore di Monaco, Jean-Pierre Dreno. La prima \u00e8 stata accusata di aver violato il diritto al rispetto della privacy e gli altri due di essere complici.<\/p>\n\n<p>Il 15 novembre 2023 questa parte del Monacogate si \u00e8 conclusa: i giudici istruttori, infatti, hanno archiviato il caso a favore di Dmitri Rybolovlev e Jean-Pierre Dreno.<\/p>\n\n<p>Tetiana Bersheda, invece, dovr\u00e0 presentarsi davanti al tribunale penale. &#8220;La signora Bersheda ha sempre negato di aver commesso qualsiasi illecito in questo procedimento, e il pubblico ministero monegasco lo ha confermato chiedendo l&#8217;archiviazione totale del caso&#8230; Aspettiamo serenamente che il tribunale confermi l&#8217;innocenza della signora Bersheda&#8221;, hanno dichiarato gli avvocati di Tetiana Bersheda a Monaco-Matin.<\/p>\n\n<p>R\u00e9gis Bergonzi, avvocato di Jean-Pierre Dreno, ha commentato: &#8220;Questa decisione permetter\u00e0 di porre fine alle sofferenze del mio cliente e di ristabilire completamente la sua reputazione. \u00c8 un&#8217;importante testimonianza della capacit\u00e0 della giustizia di prevalere, della verit\u00e0 di emergere e dell&#8217;innocenza di essere riconosciuta, anche di fronte ai notevoli limiti di questa indagine&#8221;.<\/p>\n\n<p>Anche Thomas Giaccardi e Martin Reynaud hanno commentato al quotidiano monegasco l&#8217;archiviazione del caso contro il loro cliente, Dmitri Rybolovlev: &#8220;Non c&#8217;erano accuse che permettessero di perseguirlo. I giudici istruttori ne hanno preso atto e hanno adottato l&#8217;unica decisione necessaria. Non ci sar\u00e0 alcun processo contro Dmitri Rybolovlev, che \u00e8 stato definitivamente scagionato&#8221;.\u00a0 Secondo Monaco Matin, ci\u00f2 significa che il presidente dell&#8217;AS Monaco, che ha avuto alcuni problemi di salute negli ultimi mesi, ora avr\u00e0 una questione giuridica in meno di cui preoccuparsi.<\/p>\n","protected":false},"excerpt":{"rendered":"<p>Il caso che coinvolgeva il presidente dell&#8217;AS Monaco e l&#8217;ex procuratore generale di Monaco \u00e8 stato archiviato. La notizia \u00e8 [&hellip;]<\/p>\n","protected":false},"author":60,"featured_media":194988,"comment_status":"closed","ping_status":"closed","sticky":false,"template":"","format":"standard","meta":{"_acf_changed":false,"footnotes":""},"categories":[1826,1738,1752],"tags":[3415],"post_sectags":[],"post_format":[2478],"class_list":["post-203637","post","type-post","status-publish","format-standard","has-post-thumbnail","hentry","category-la-nostra-scelta","category-notizie","category-societa","tag-giustizia","format-notizia"],"acf":[],"yoast_head":"<!-- This site is optimized with the Yoast SEO Premium plugin v26.8 (Yoast SEO v27.5) - https:\/\/yoast.com\/product\/yoast-seo-premium-wordpress\/ -->\n<title>Caso Bouvier-Rybolovlev: Jean-Pierre Dreno e Dmitri Rybolovlev scagionati dal sospetto di complicit\u00e0 nella violazione della privacy<\/title>\n<meta name=\"description\" content=\"Il caso che coinvolgeva il presidente dell&#039;AS Monaco e l&#039;ex procuratore generale di Monaco \u00e8 stato archiviato. La notizia \u00e8 stata pubblicata marted\u00ec 28\" \/>\n<meta name=\"robots\" content=\"index, follow, max-snippet:-1, max-image-preview:large, max-video-preview:-1\" \/>\n<link rel=\"canonical\" href=\"https:\/\/www.monaco-tribune.com\/it\/2023\/11\/caso-bouvier-rybolovlev-jean-pierre-dreno-e-dmitri-rybolovlev-scagionati-dal-sospetto-di-complicita-nella-violazione-della-privacy\/\" \/>\n<meta property=\"og:locale\" content=\"it_IT\" \/>\n<meta property=\"og:type\" content=\"article\" \/>\n<meta property=\"og:title\" content=\"Caso Bouvier-Rybolovlev: Jean-Pierre Dreno e Dmitri Rybolovlev scagionati dal sospetto di complicit\u00e0 nella violazione della privacy - Monaco Tribune\" \/>\n<meta property=\"og:description\" content=\"Il caso che coinvolgeva il presidente dell&#039;AS Monaco e l&#039;ex procuratore generale di Monaco \u00e8 stato archiviato. La notizia \u00e8 stata pubblicata marted\u00ec 28\" \/>\n<meta property=\"og:url\" content=\"https:\/\/www.monaco-tribune.com\/it\/2023\/11\/caso-bouvier-rybolovlev-jean-pierre-dreno-e-dmitri-rybolovlev-scagionati-dal-sospetto-di-complicita-nella-violazione-della-privacy\/\" \/>\n<meta property=\"og:site_name\" content=\"Monaco Tribune\" \/>\n<meta property=\"article:publisher\" content=\"https:\/\/www.facebook.com\/MonacoTribune\" \/>\n<meta property=\"article:published_time\" content=\"2023-11-30T20:30:47+00:00\" \/>\n<meta property=\"article:modified_time\" content=\"2023-11-30T20:30:50+00:00\" \/>\n<meta property=\"og:image\" content=\"https:\/\/www.monaco-tribune.com\/wp-content\/uploads\/2023\/10\/tribunal-de-monaco.jpg\" \/>\n\t<meta property=\"og:image:width\" content=\"1200\" \/>\n\t<meta property=\"og:image:height\" content=\"848\" \/>\n\t<meta property=\"og:image:type\" content=\"image\/jpeg\" \/>\n<meta name=\"author\" content=\"Camille Esteve\" \/>\n<meta name=\"twitter:card\" content=\"summary_large_image\" \/>\n<meta name=\"twitter:creator\" content=\"@MonacoTribune\" \/>\n<meta name=\"twitter:site\" content=\"@MonacoTribune\" \/>\n<script type=\"application\/ld+json\" class=\"yoast-schema-graph\">{\"@context\":\"https:\\\/\\\/schema.org\",\"@graph\":[{\"@type\":\"NewsArticle\",\"@id\":\"https:\\\/\\\/www.monaco-tribune.com\\\/it\\\/2023\\\/11\\\/caso-bouvier-rybolovlev-jean-pierre-dreno-e-dmitri-rybolovlev-scagionati-dal-sospetto-di-complicita-nella-violazione-della-privacy\\\/#article\",\"isPartOf\":{\"@id\":\"https:\\\/\\\/www.monaco-tribune.com\\\/it\\\/2023\\\/11\\\/caso-bouvier-rybolovlev-jean-pierre-dreno-e-dmitri-rybolovlev-scagionati-dal-sospetto-di-complicita-nella-violazione-della-privacy\\\/\"},\"author\":{\"name\":\"Camille Esteve\",\"@id\":\"https:\\\/\\\/www.monaco-tribune.com\\\/it\\\/#\\\/schema\\\/person\\\/a855d420fff4d03637641d60b93ac62e\"},\"headline\":\"Caso Bouvier-Rybolovlev: Jean-Pierre Dreno e Dmitri Rybolovlev scagionati dal sospetto di complicit\u00e0 nella violazione della privacy\",\"datePublished\":\"2023-11-30T20:30:47+00:00\",\"dateModified\":\"2023-11-30T20:30:50+00:00\",\"mainEntityOfPage\":{\"@id\":\"https:\\\/\\\/www.monaco-tribune.com\\\/it\\\/2023\\\/11\\\/caso-bouvier-rybolovlev-jean-pierre-dreno-e-dmitri-rybolovlev-scagionati-dal-sospetto-di-complicita-nella-violazione-della-privacy\\\/\"},\"wordCount\":506,\"publisher\":{\"@id\":\"https:\\\/\\\/www.monaco-tribune.com\\\/it\\\/#organization\"},\"image\":{\"@id\":\"https:\\\/\\\/www.monaco-tribune.com\\\/it\\\/2023\\\/11\\\/caso-bouvier-rybolovlev-jean-pierre-dreno-e-dmitri-rybolovlev-scagionati-dal-sospetto-di-complicita-nella-violazione-della-privacy\\\/#primaryimage\"},\"thumbnailUrl\":\"https:\\\/\\\/www.monaco-tribune.com\\\/wp-content\\\/uploads\\\/2023\\\/10\\\/tribunal-de-monaco.jpg\",\"keywords\":[\"Giustizia\"],\"articleSection\":[\"La nostra scelta\",\"Notizie\",\"Societ\u00e0\"],\"inLanguage\":\"it-IT\",\"copyrightYear\":\"2023\",\"copyrightHolder\":{\"@id\":\"https:\\\/\\\/www.monaco-tribune.com\\\/#organization\"}},{\"@type\":\"WebPage\",\"@id\":\"https:\\\/\\\/www.monaco-tribune.com\\\/it\\\/2023\\\/11\\\/caso-bouvier-rybolovlev-jean-pierre-dreno-e-dmitri-rybolovlev-scagionati-dal-sospetto-di-complicita-nella-violazione-della-privacy\\\/\",\"url\":\"https:\\\/\\\/www.monaco-tribune.com\\\/it\\\/2023\\\/11\\\/caso-bouvier-rybolovlev-jean-pierre-dreno-e-dmitri-rybolovlev-scagionati-dal-sospetto-di-complicita-nella-violazione-della-privacy\\\/\",\"name\":\"Caso Bouvier-Rybolovlev: Jean-Pierre Dreno e Dmitri Rybolovlev scagionati dal sospetto di complicit\u00e0 nella violazione della privacy\",\"isPartOf\":{\"@id\":\"https:\\\/\\\/www.monaco-tribune.com\\\/it\\\/#website\"},\"primaryImageOfPage\":{\"@id\":\"https:\\\/\\\/www.monaco-tribune.com\\\/it\\\/2023\\\/11\\\/caso-bouvier-rybolovlev-jean-pierre-dreno-e-dmitri-rybolovlev-scagionati-dal-sospetto-di-complicita-nella-violazione-della-privacy\\\/#primaryimage\"},\"image\":{\"@id\":\"https:\\\/\\\/www.monaco-tribune.com\\\/it\\\/2023\\\/11\\\/caso-bouvier-rybolovlev-jean-pierre-dreno-e-dmitri-rybolovlev-scagionati-dal-sospetto-di-complicita-nella-violazione-della-privacy\\\/#primaryimage\"},\"thumbnailUrl\":\"https:\\\/\\\/www.monaco-tribune.com\\\/wp-content\\\/uploads\\\/2023\\\/10\\\/tribunal-de-monaco.jpg\",\"datePublished\":\"2023-11-30T20:30:47+00:00\",\"dateModified\":\"2023-11-30T20:30:50+00:00\",\"description\":\"Il caso che coinvolgeva il presidente dell'AS Monaco e l'ex procuratore generale di Monaco \u00e8 stato archiviato. La notizia \u00e8 stata pubblicata marted\u00ec 28\",\"breadcrumb\":{\"@id\":\"https:\\\/\\\/www.monaco-tribune.com\\\/it\\\/2023\\\/11\\\/caso-bouvier-rybolovlev-jean-pierre-dreno-e-dmitri-rybolovlev-scagionati-dal-sospetto-di-complicita-nella-violazione-della-privacy\\\/#breadcrumb\"},\"inLanguage\":\"it-IT\",\"potentialAction\":[{\"@type\":\"ReadAction\",\"target\":[\"https:\\\/\\\/www.monaco-tribune.com\\\/it\\\/2023\\\/11\\\/caso-bouvier-rybolovlev-jean-pierre-dreno-e-dmitri-rybolovlev-scagionati-dal-sospetto-di-complicita-nella-violazione-della-privacy\\\/\"]}]},{\"@type\":\"ImageObject\",\"inLanguage\":\"it-IT\",\"@id\":\"https:\\\/\\\/www.monaco-tribune.com\\\/it\\\/2023\\\/11\\\/caso-bouvier-rybolovlev-jean-pierre-dreno-e-dmitri-rybolovlev-scagionati-dal-sospetto-di-complicita-nella-violazione-della-privacy\\\/#primaryimage\",\"url\":\"https:\\\/\\\/www.monaco-tribune.com\\\/wp-content\\\/uploads\\\/2023\\\/10\\\/tribunal-de-monaco.jpg\",\"contentUrl\":\"https:\\\/\\\/www.monaco-tribune.com\\\/wp-content\\\/uploads\\\/2023\\\/10\\\/tribunal-de-monaco.jpg\",\"width\":1200,\"height\":848,\"caption\":\"\u00a9 Monaco Tribune \\\/ Paul Charoy\"},{\"@type\":\"BreadcrumbList\",\"@id\":\"https:\\\/\\\/www.monaco-tribune.com\\\/it\\\/2023\\\/11\\\/caso-bouvier-rybolovlev-jean-pierre-dreno-e-dmitri-rybolovlev-scagionati-dal-sospetto-di-complicita-nella-violazione-della-privacy\\\/#breadcrumb\",\"itemListElement\":[{\"@type\":\"ListItem\",\"position\":1,\"name\":\"Accueil\",\"item\":\"https:\\\/\\\/www.monaco-tribune.com\\\/it\\\/\"},{\"@type\":\"ListItem\",\"position\":2,\"name\":\"Caso Bouvier-Rybolovlev: Jean-Pierre Dreno e Dmitri Rybolovlev scagionati dal sospetto di complicit\u00e0 nella violazione della privacy\"}]},{\"@type\":\"WebSite\",\"@id\":\"https:\\\/\\\/www.monaco-tribune.com\\\/it\\\/#website\",\"url\":\"https:\\\/\\\/www.monaco-tribune.com\\\/it\\\/\",\"name\":\"Monaco Tribune\",\"description\":\"Monaco : actualit\u00e9s \u00e9conomiques, politiques, culturelles et sportives de Monaco et de la French Riviera.\",\"publisher\":{\"@id\":\"https:\\\/\\\/www.monaco-tribune.com\\\/it\\\/#organization\"},\"potentialAction\":[{\"@type\":\"SearchAction\",\"target\":{\"@type\":\"EntryPoint\",\"urlTemplate\":\"https:\\\/\\\/www.monaco-tribune.com\\\/it\\\/?s={search_term_string}\"},\"query-input\":{\"@type\":\"PropertyValueSpecification\",\"valueRequired\":true,\"valueName\":\"search_term_string\"}}],\"inLanguage\":\"it-IT\"},{\"@type\":\"Organization\",\"@id\":\"https:\\\/\\\/www.monaco-tribune.com\\\/it\\\/#organization\",\"name\":\"Monaco Tribune\",\"url\":\"https:\\\/\\\/www.monaco-tribune.com\\\/it\\\/\",\"logo\":{\"@type\":\"ImageObject\",\"inLanguage\":\"it-IT\",\"@id\":\"https:\\\/\\\/www.monaco-tribune.com\\\/it\\\/#\\\/schema\\\/logo\\\/image\\\/\",\"url\":\"https:\\\/\\\/www.monaco-tribune.com\\\/wp-content\\\/uploads\\\/2022\\\/11\\\/logo-monaco-tribune.png\",\"contentUrl\":\"https:\\\/\\\/www.monaco-tribune.com\\\/wp-content\\\/uploads\\\/2022\\\/11\\\/logo-monaco-tribune.png\",\"width\":1548,\"height\":600,\"caption\":\"Monaco Tribune\"},\"image\":{\"@id\":\"https:\\\/\\\/www.monaco-tribune.com\\\/it\\\/#\\\/schema\\\/logo\\\/image\\\/\"},\"sameAs\":[\"https:\\\/\\\/www.facebook.com\\\/MonacoTribune\",\"https:\\\/\\\/x.com\\\/MonacoTribune\",\"https:\\\/\\\/www.instagram.com\\\/monacotribune\\\/\",\"https:\\\/\\\/www.linkedin.com\\\/company\\\/monaco-tribune\",\"https:\\\/\\\/www.youtube.com\\\/channel\\\/UCHle1MnG6hw1y4lWKijVbMA\"]},{\"@type\":\"Person\",\"@id\":\"https:\\\/\\\/www.monaco-tribune.com\\\/it\\\/#\\\/schema\\\/person\\\/a855d420fff4d03637641d60b93ac62e\",\"name\":\"Camille Esteve\",\"image\":{\"@type\":\"ImageObject\",\"inLanguage\":\"it-IT\",\"@id\":\"https:\\\/\\\/secure.gravatar.com\\\/avatar\\\/eaaa2355a7bb56c0018a391c20a55bf9b4690e3f493231dd850e612bfa6ce161?s=96&d=mm&r=g\",\"url\":\"https:\\\/\\\/secure.gravatar.com\\\/avatar\\\/eaaa2355a7bb56c0018a391c20a55bf9b4690e3f493231dd850e612bfa6ce161?s=96&d=mm&r=g\",\"contentUrl\":\"https:\\\/\\\/secure.gravatar.com\\\/avatar\\\/eaaa2355a7bb56c0018a391c20a55bf9b4690e3f493231dd850e612bfa6ce161?s=96&d=mm&r=g\",\"caption\":\"Camille Esteve\"},\"url\":\"https:\\\/\\\/www.monaco-tribune.com\\\/it\\\/author\\\/camilleesteve\\\/\"}]}<\/script>\n<!-- \/ Yoast SEO Premium plugin. -->","yoast_head_json":{"title":"Caso Bouvier-Rybolovlev: Jean-Pierre Dreno e Dmitri Rybolovlev scagionati dal sospetto di complicit\u00e0 nella violazione della privacy","description":"Il caso che coinvolgeva il presidente dell'AS Monaco e l'ex procuratore generale di Monaco \u00e8 stato archiviato. La notizia \u00e8 stata pubblicata marted\u00ec 28","robots":{"index":"index","follow":"follow","max-snippet":"max-snippet:-1","max-image-preview":"max-image-preview:large","max-video-preview":"max-video-preview:-1"},"canonical":"https:\/\/www.monaco-tribune.com\/it\/2023\/11\/caso-bouvier-rybolovlev-jean-pierre-dreno-e-dmitri-rybolovlev-scagionati-dal-sospetto-di-complicita-nella-violazione-della-privacy\/","og_locale":"it_IT","og_type":"article","og_title":"Caso Bouvier-Rybolovlev: Jean-Pierre Dreno e Dmitri Rybolovlev scagionati dal sospetto di complicit\u00e0 nella violazione della privacy - Monaco Tribune","og_description":"Il caso che coinvolgeva il presidente dell'AS Monaco e l'ex procuratore generale di Monaco \u00e8 stato archiviato. La notizia \u00e8 stata pubblicata marted\u00ec 28","og_url":"https:\/\/www.monaco-tribune.com\/it\/2023\/11\/caso-bouvier-rybolovlev-jean-pierre-dreno-e-dmitri-rybolovlev-scagionati-dal-sospetto-di-complicita-nella-violazione-della-privacy\/","og_site_name":"Monaco Tribune","article_publisher":"https:\/\/www.facebook.com\/MonacoTribune","article_published_time":"2023-11-30T20:30:47+00:00","article_modified_time":"2023-11-30T20:30:50+00:00","og_image":[{"width":1200,"height":848,"url":"https:\/\/www.monaco-tribune.com\/wp-content\/uploads\/2023\/10\/tribunal-de-monaco.jpg","type":"image\/jpeg"}],"author":"Camille Esteve","twitter_card":"summary_large_image","twitter_creator":"@MonacoTribune","twitter_site":"@MonacoTribune","schema":{"@context":"https:\/\/schema.org","@graph":[{"@type":"NewsArticle","@id":"https:\/\/www.monaco-tribune.com\/it\/2023\/11\/caso-bouvier-rybolovlev-jean-pierre-dreno-e-dmitri-rybolovlev-scagionati-dal-sospetto-di-complicita-nella-violazione-della-privacy\/#article","isPartOf":{"@id":"https:\/\/www.monaco-tribune.com\/it\/2023\/11\/caso-bouvier-rybolovlev-jean-pierre-dreno-e-dmitri-rybolovlev-scagionati-dal-sospetto-di-complicita-nella-violazione-della-privacy\/"},"author":{"name":"Camille Esteve","@id":"https:\/\/www.monaco-tribune.com\/it\/#\/schema\/person\/a855d420fff4d03637641d60b93ac62e"},"headline":"Caso Bouvier-Rybolovlev: Jean-Pierre Dreno e Dmitri Rybolovlev scagionati dal sospetto di complicit\u00e0 nella violazione della privacy","datePublished":"2023-11-30T20:30:47+00:00","dateModified":"2023-11-30T20:30:50+00:00","mainEntityOfPage":{"@id":"https:\/\/www.monaco-tribune.com\/it\/2023\/11\/caso-bouvier-rybolovlev-jean-pierre-dreno-e-dmitri-rybolovlev-scagionati-dal-sospetto-di-complicita-nella-violazione-della-privacy\/"},"wordCount":506,"publisher":{"@id":"https:\/\/www.monaco-tribune.com\/it\/#organization"},"image":{"@id":"https:\/\/www.monaco-tribune.com\/it\/2023\/11\/caso-bouvier-rybolovlev-jean-pierre-dreno-e-dmitri-rybolovlev-scagionati-dal-sospetto-di-complicita-nella-violazione-della-privacy\/#primaryimage"},"thumbnailUrl":"https:\/\/www.monaco-tribune.com\/wp-content\/uploads\/2023\/10\/tribunal-de-monaco.jpg","keywords":["Giustizia"],"articleSection":["La nostra scelta","Notizie","Societ\u00e0"],"inLanguage":"it-IT","copyrightYear":"2023","copyrightHolder":{"@id":"https:\/\/www.monaco-tribune.com\/#organization"}},{"@type":"WebPage","@id":"https:\/\/www.monaco-tribune.com\/it\/2023\/11\/caso-bouvier-rybolovlev-jean-pierre-dreno-e-dmitri-rybolovlev-scagionati-dal-sospetto-di-complicita-nella-violazione-della-privacy\/","url":"https:\/\/www.monaco-tribune.com\/it\/2023\/11\/caso-bouvier-rybolovlev-jean-pierre-dreno-e-dmitri-rybolovlev-scagionati-dal-sospetto-di-complicita-nella-violazione-della-privacy\/","name":"Caso Bouvier-Rybolovlev: Jean-Pierre Dreno e Dmitri Rybolovlev scagionati dal sospetto di complicit\u00e0 nella violazione della privacy","isPartOf":{"@id":"https:\/\/www.monaco-tribune.com\/it\/#website"},"primaryImageOfPage":{"@id":"https:\/\/www.monaco-tribune.com\/it\/2023\/11\/caso-bouvier-rybolovlev-jean-pierre-dreno-e-dmitri-rybolovlev-scagionati-dal-sospetto-di-complicita-nella-violazione-della-privacy\/#primaryimage"},"image":{"@id":"https:\/\/www.monaco-tribune.com\/it\/2023\/11\/caso-bouvier-rybolovlev-jean-pierre-dreno-e-dmitri-rybolovlev-scagionati-dal-sospetto-di-complicita-nella-violazione-della-privacy\/#primaryimage"},"thumbnailUrl":"https:\/\/www.monaco-tribune.com\/wp-content\/uploads\/2023\/10\/tribunal-de-monaco.jpg","datePublished":"2023-11-30T20:30:47+00:00","dateModified":"2023-11-30T20:30:50+00:00","description":"Il caso che coinvolgeva il presidente dell'AS Monaco e l'ex procuratore generale di Monaco \u00e8 stato archiviato. La notizia \u00e8 stata pubblicata marted\u00ec 28","breadcrumb":{"@id":"https:\/\/www.monaco-tribune.com\/it\/2023\/11\/caso-bouvier-rybolovlev-jean-pierre-dreno-e-dmitri-rybolovlev-scagionati-dal-sospetto-di-complicita-nella-violazione-della-privacy\/#breadcrumb"},"inLanguage":"it-IT","potentialAction":[{"@type":"ReadAction","target":["https:\/\/www.monaco-tribune.com\/it\/2023\/11\/caso-bouvier-rybolovlev-jean-pierre-dreno-e-dmitri-rybolovlev-scagionati-dal-sospetto-di-complicita-nella-violazione-della-privacy\/"]}]},{"@type":"ImageObject","inLanguage":"it-IT","@id":"https:\/\/www.monaco-tribune.com\/it\/2023\/11\/caso-bouvier-rybolovlev-jean-pierre-dreno-e-dmitri-rybolovlev-scagionati-dal-sospetto-di-complicita-nella-violazione-della-privacy\/#primaryimage","url":"https:\/\/www.monaco-tribune.com\/wp-content\/uploads\/2023\/10\/tribunal-de-monaco.jpg","contentUrl":"https:\/\/www.monaco-tribune.com\/wp-content\/uploads\/2023\/10\/tribunal-de-monaco.jpg","width":1200,"height":848,"caption":"\u00a9 Monaco Tribune \/ Paul Charoy"},{"@type":"BreadcrumbList","@id":"https:\/\/www.monaco-tribune.com\/it\/2023\/11\/caso-bouvier-rybolovlev-jean-pierre-dreno-e-dmitri-rybolovlev-scagionati-dal-sospetto-di-complicita-nella-violazione-della-privacy\/#breadcrumb","itemListElement":[{"@type":"ListItem","position":1,"name":"Accueil","item":"https:\/\/www.monaco-tribune.com\/it\/"},{"@type":"ListItem","position":2,"name":"Caso Bouvier-Rybolovlev: Jean-Pierre Dreno e Dmitri Rybolovlev scagionati dal sospetto di complicit\u00e0 nella violazione della privacy"}]},{"@type":"WebSite","@id":"https:\/\/www.monaco-tribune.com\/it\/#website","url":"https:\/\/www.monaco-tribune.com\/it\/","name":"Monaco Tribune","description":"Monaco : actualit\u00e9s \u00e9conomiques, politiques, culturelles et sportives de Monaco et de la French Riviera.","publisher":{"@id":"https:\/\/www.monaco-tribune.com\/it\/#organization"},"potentialAction":[{"@type":"SearchAction","target":{"@type":"EntryPoint","urlTemplate":"https:\/\/www.monaco-tribune.com\/it\/?s={search_term_string}"},"query-input":{"@type":"PropertyValueSpecification","valueRequired":true,"valueName":"search_term_string"}}],"inLanguage":"it-IT"},{"@type":"Organization","@id":"https:\/\/www.monaco-tribune.com\/it\/#organization","name":"Monaco Tribune","url":"https:\/\/www.monaco-tribune.com\/it\/","logo":{"@type":"ImageObject","inLanguage":"it-IT","@id":"https:\/\/www.monaco-tribune.com\/it\/#\/schema\/logo\/image\/","url":"https:\/\/www.monaco-tribune.com\/wp-content\/uploads\/2022\/11\/logo-monaco-tribune.png","contentUrl":"https:\/\/www.monaco-tribune.com\/wp-content\/uploads\/2022\/11\/logo-monaco-tribune.png","width":1548,"height":600,"caption":"Monaco Tribune"},"image":{"@id":"https:\/\/www.monaco-tribune.com\/it\/#\/schema\/logo\/image\/"},"sameAs":["https:\/\/www.facebook.com\/MonacoTribune","https:\/\/x.com\/MonacoTribune","https:\/\/www.instagram.com\/monacotribune\/","https:\/\/www.linkedin.com\/company\/monaco-tribune","https:\/\/www.youtube.com\/channel\/UCHle1MnG6hw1y4lWKijVbMA"]},{"@type":"Person","@id":"https:\/\/www.monaco-tribune.com\/it\/#\/schema\/person\/a855d420fff4d03637641d60b93ac62e","name":"Camille Esteve","image":{"@type":"ImageObject","inLanguage":"it-IT","@id":"https:\/\/secure.gravatar.com\/avatar\/eaaa2355a7bb56c0018a391c20a55bf9b4690e3f493231dd850e612bfa6ce161?s=96&d=mm&r=g","url":"https:\/\/secure.gravatar.com\/avatar\/eaaa2355a7bb56c0018a391c20a55bf9b4690e3f493231dd850e612bfa6ce161?s=96&d=mm&r=g","contentUrl":"https:\/\/secure.gravatar.com\/avatar\/eaaa2355a7bb56c0018a391c20a55bf9b4690e3f493231dd850e612bfa6ce161?s=96&d=mm&r=g","caption":"Camille Esteve"},"url":"https:\/\/www.monaco-tribune.com\/it\/author\/camilleesteve\/"}]}},"_links":{"self":[{"href":"https:\/\/www.monaco-tribune.com\/it\/wp-json\/wp\/v2\/posts\/203637","targetHints":{"allow":["GET"]}}],"collection":[{"href":"https:\/\/www.monaco-tribune.com\/it\/wp-json\/wp\/v2\/posts"}],"about":[{"href":"https:\/\/www.monaco-tribune.com\/it\/wp-json\/wp\/v2\/types\/post"}],"author":[{"embeddable":true,"href":"https:\/\/www.monaco-tribune.com\/it\/wp-json\/wp\/v2\/users\/60"}],"replies":[{"embeddable":true,"href":"https:\/\/www.monaco-tribune.com\/it\/wp-json\/wp\/v2\/comments?post=203637"}],"version-history":[{"count":2,"href":"https:\/\/www.monaco-tribune.com\/it\/wp-json\/wp\/v2\/posts\/203637\/revisions"}],"predecessor-version":[{"id":203640,"href":"https:\/\/www.monaco-tribune.com\/it\/wp-json\/wp\/v2\/posts\/203637\/revisions\/203640"}],"wp:featuredmedia":[{"embeddable":true,"href":"https:\/\/www.monaco-tribune.com\/it\/wp-json\/wp\/v2\/media\/194988"}],"wp:attachment":[{"href":"https:\/\/www.monaco-tribune.com\/it\/wp-json\/wp\/v2\/media?parent=203637"}],"wp:term":[{"taxonomy":"category","embeddable":true,"href":"https:\/\/www.monaco-tribune.com\/it\/wp-json\/wp\/v2\/categories?post=203637"},{"taxonomy":"post_tag","embeddable":true,"href":"https:\/\/www.monaco-tribune.com\/it\/wp-json\/wp\/v2\/tags?post=203637"},{"taxonomy":"sectag","embeddable":true,"href":"https:\/\/www.monaco-tribune.com\/it\/wp-json\/wp\/v2\/post_sectags?post=203637"},{"taxonomy":"format","embeddable":true,"href":"https:\/\/www.monaco-tribune.com\/it\/wp-json\/wp\/v2\/post_format?post=203637"}],"curies":[{"name":"wp","href":"https:\/\/api.w.org\/{rel}","templated":true}]}}