{"id":203777,"date":"2023-12-01T13:48:08","date_gmt":"2023-12-01T11:48:08","guid":{"rendered":"https:\/\/www.monaco-tribune.com\/2023\/12\/cosa-fare-a-monaco-a-dicembre-2023\/"},"modified":"2023-12-01T13:48:13","modified_gmt":"2023-12-01T11:48:13","slug":"cosa-fare-a-monaco-a-dicembre-2023","status":"publish","type":"post","link":"https:\/\/www.monaco-tribune.com\/it\/2023\/12\/cosa-fare-a-monaco-a-dicembre-2023\/","title":{"rendered":"Cosa fare a Monaco a dicembre 2023?"},"content":{"rendered":"\n<p><strong>Monaco Tribune vi consiglia i principali eventi da non perdere nel Principato e qualche idea su cosa fare.<\/strong><\/p>\n\n<h2 class=\"wp-block-heading\" id=\"h-le-village-de-noel\">Il Villaggio di Natale<\/h2>\n\n<p>Un enorme villaggio natalizio sorger\u00e0 sul Quai Albert Ier in vista delle festivit\u00e0. Ci saranno 24 chalet e 19 stand gastronomici, oltre a 800 alberi di Natale veri e 7 giostre, tra cui la ruota panoramica, la pista per slittini, la giostra degli alberi di Natale e tre nuove attrazioni (sedie volanti, montagne russe per bambini e slitta di Babbo Natale). Il tema di questo villaggio di Natale \u00e8 dedicato al Principe Ranieri III, come si evince dalle numerose decorazioni che rendono omaggio al Principe costruttore e in particolare alle sue diverse passioni: l&#8217;arte, gli sport motoristici, gli animali e il mare.<\/p>\n\n<ul class=\"wp-block-list\">\n<li>Dal 7 dicembre 2023 al 7 gennaio 2024<\/li>\n\n\n\n<li>Ingresso libero e gratuito<\/li>\n<\/ul>\n\n<h2 class=\"wp-block-heading\" id=\"h-les-ateliers-de-la-salle-a-fabrica\">I laboratori della sala A Fabric\u00e0<\/h2>\n\n<p>Per il mese di dicembre, la sala sopra il Parco Princesse Antoinette ospiter\u00e0 eventi a tema Natale e festivit\u00e0.<\/p>\n\n<p><strong>Sabato 2 dicembre<\/strong> (dai 6 ai 12 anni): lettura della storia di Natale &#8220;Pinpin le lutin de No\u00ebl&#8221; dalla Plume Anim\u00e9e. Sono previsti due turni: dalle 10:30 alle 11:30 e dalle 14:00 alle 15:00.<\/p>\n\n<p><strong>Mercoled\u00ec 6 dicembre<\/strong> (da 2 a 5 anni): il laboratorio di lettura sar\u00e0 a tema Natale. Questo genere di laboratori prevede un momento di lettura ad alta voce e un momento di manipolazione dei libri e del tappeto. Le sessioni sono organizzate per fasce d&#8217;et\u00e0: dalle 15:00 alle 15:40 per i bambini di 2\/3 anni e dalle 15:45 alle 16:25 per i bambini di 4\/5 anni.<\/p>\n\n<p><strong>Mercoled\u00ec 13 dicembre alle 15:00<\/strong> (dai 6 ai 10 anni): realizzazione di una ghirlanda natalizia con le piante del Parco Princesse Antoinette, in collaborazione con Les Petits \u00c9coliers de Monaco.&#13;\n&#13;\nLaboratorio di decorazione di biscotti natalizi (a partire dai 4 anni)<\/p>\n\n<p><strong>Sabato 16 dicembre<\/strong>: appuntamento alla &#8220;Bule de G\u00e2teau&#8221; per decorare dei biscotti natalizi. Il laboratorio per bambini \u00e8 diviso in due turni: dalle 10:00 alle 10:45 e dalle 11:00 alle 11:45.<\/p>\n\n<ul class=\"wp-block-list\">\n<li>I laboratori sono gratuiti, ma occorre prenotare chiamando il numero +377 93 15 29 33.<\/li>\n<\/ul>\n\n<h2 class=\"wp-block-heading\" id=\"h-expositions-du-centenaire\">Mostre del centenario<\/h2>\n\n<p>Ultimo mese per visitarle! Nell&#8217;anno del centenario della nascita del Principe Ranieri III, il Principato continua ad allestire numerose mostre. &#8220;Le Prince Rainier III, un marin avant tout&#8221; (Il Principe Ranieri III, un marinaio prima di tutto), &#8220;Le Prince et ses animaux&#8221; (Il Principe e i suoi animali) e &#8220;Le Prince Rainier III, une roseraie en hommage \u00e0 son \u00e9pouse&#8221; (Il Principe Ranieri III, un roseto in omaggio a sua moglie) sono esposte rispettivamente allo Yacht Club di Monaco, al Jardin Animal Rainier III e al Roseto della Principessa Grace. Nella sala delle esposizioni di Quai Antoine I, potete inoltre visitare la suggestiva mostra <a href=\"https:\/\/www.monaco-tribune.com\/it\/2023\/07\/inaugurata-la-mostra-piu-completa-dedicata-alle-opere-del-principe-ranieri-iii\/\">sulle opere del Principe costruttore<\/a>! Non dimenticate anche &#8220;Le Prince au coeur du cirque&#8221; (Il Principe al centro del circo), <a href=\"https:\/\/www.monaco-tribune.com\/it\/2023\/11\/mio-padre-mi-ha-trasmesso-lamore-per-il-circo-la-principessa-stephanie-rende-omaggio-al-principe-ranieri-iii-con-una-mostra\/\">inaugurata a novembre<\/a> sulle Terrasses de Fontvieille, che raccoglie documenti inediti e un&#8217;ampia collezione di oggetti legati al circo.<\/p>\n\n<p><em>Maggiori informazioni<\/em><\/p>\n\n<ul class=\"wp-block-list\">\n<li>&#8220;<strong>Le Prince et ses animaux<\/strong>&#8220;: ingresso 6 \u20ac &#8211; Fino al 31 dicembre 2023<\/li>\n\n\n\n<li><strong>&#8220;Le Prince Rainier III, un marin avant tout&#8221;<\/strong>: ingresso libero e gratuito &#8211; fino al 31 dicembre 2023<\/li>\n\n\n\n<li><strong>&#8220;Le Prince Rainier III, une roseraie en hommage \u00e0 son \u00e9pouse&#8221;<\/strong>: ingresso libero e gratuito &#8211; fino a gennaio 2024<\/li>\n\n\n\n<li><strong>&#8220;Le Prince b\u00e2tisseur. Une ambition pour Monaco&#8221;:<\/strong> ingresso gratuito &#8211; fino al 31 dicembre 2023<\/li>\n\n\n\n<li><strong>&#8220;Le Prince au coeur du cirque&#8221;<\/strong>: dal 22 novembre 2023 al 28 gennaio 2024 &#8211; ingresso libero e gratuito<\/li>\n<\/ul>\n\n<h3 class=\"wp-block-heading\" id=\"h-idees-sorties-en-vrac\"><strong>Qualche idea su cosa fare<\/strong><\/h3>\n\n<ul class=\"wp-block-list\">\n<li><strong>2 dicembre<\/strong>: concerto di Natale gratuito al Grimaldi Forum di Monaco &#8211; ore 18:30<\/li>\n\n\n\n<li><strong>3 dicembre<\/strong>: Ligue 1 &#8211; AS Monaco \/ Montpellier &#8211; Stadio Louis-II ore 15:00<\/li>\n\n\n\n<li><strong>3 dicembre<\/strong>: Betclic Elite &#8211; AS Monaco Basket \/ Parigi &#8211; Salle Gaston M\u00e9decin ore 19:00<\/li>\n\n\n\n<li><strong>14 dicembre<\/strong>: Les Ballets de Monte-Carlo &#8211; &#8220;C&#8217;est beau!&#8221; \/ Grimaldi Forum ore 19:30<\/li>\n\n\n\n<li><strong>15 dicembre<\/strong>: Ligue 1 &#8211; AS Monaco \/ Olympique Lyonnais &#8211; Stadio Louis-II ore 21:00<\/li>\n\n\n\n<li><strong>15 e 16 dicembre<\/strong>: Les Ballets de Monte-Carlo &#8211; &#8220;Sol Invictus&#8221; \/ Grimaldi Forum ore 19:30<\/li>\n\n\n\n<li><strong>17 dicembre<\/strong>: &#8220;Tout l\u2019art du cin\u00e9ma&#8221; &#8211; &#8220;Carmen Jones&#8221; al Grimaldi Forum ore 11:00<\/li>\n\n\n\n<li><strong>17 dicembre<\/strong>: Betclic Elite &#8211; AS Monaco Basket \/ Roanne &#8211; Salle Gaston M\u00e9decin ore 14:30<\/li>\n\n\n\n<li><strong>19 dicembre<\/strong>: Mardis du cin\u00e9ma\u00a0 &#8211; &#8220;In the mood for love&#8221; al Th\u00e9\u00e2tre des Vari\u00e9t\u00e9s ore 20:00<\/li>\n\n\n\n<li><strong>20 dicembre<\/strong>: Eurolega &#8211; AS Monaco Basket \/ Panathinaikos Aktor Atene &#8211; Salle Gaston M\u00e9decin ore 19:00<\/li>\n\n\n\n<li><strong>Dal 20 al 23 dicembre<\/strong>: <a href=\"https:\/\/www.monaco-tribune.com\/2023\/10\/ballets-de-monte-carlo-louverture-de-la-billetterie-approche-decouvrez-le-programme\/\">Les Ballets de Monte-Carlo<\/a> &#8211; &#8220;L&#8217;enfant et les sortil\u00e8ges&#8221; \/ Grimaldi Forum ore 19:30<\/li>\n\n\n\n<li><strong>21 dicembre<\/strong>: Teatro &#8211; &#8220;Au scalpel &#8211; Antoine Raoult&#8221; al Th\u00e9\u00e2tre Princesse Grace ore 20:00<\/li>\n\n\n\n<li><strong>29 dicembre<\/strong>: Eurolega &#8211; AS Monaco Basket \/ FC Barcelona &#8211; Salle Gaston M\u00e9decin ore 21:00<\/li>\n<\/ul>\n","protected":false},"excerpt":{"rendered":"<p>Monaco Tribune vi consiglia i principali eventi da non perdere nel Principato e qualche idea su cosa fare. Il Villaggio [&hellip;]<\/p>\n","protected":false},"author":65,"featured_media":203471,"comment_status":"closed","ping_status":"closed","sticky":false,"template":"","format":"standard","meta":{"_acf_changed":false,"footnotes":""},"categories":[1740,1738],"tags":[2890],"post_sectags":[4606],"post_format":[2471],"class_list":["post-203777","post","type-post","status-publish","format-standard","has-post-thumbnail","hentry","category-cosa-fare","category-notizie","tag-eventi","sectag-cosa-fare","format-evento"],"acf":[],"yoast_head":"<!-- This site is optimized with the Yoast SEO Premium plugin v26.8 (Yoast SEO v27.5) - https:\/\/yoast.com\/product\/yoast-seo-premium-wordpress\/ -->\n<title>Cosa fare a Monaco a dicembre 2023?<\/title>\n<meta name=\"description\" content=\"Monaco Tribune vi consiglia i principali eventi da non perdere nel Principato e qualche idea su cosa fare. Il Villaggio di Natale Un enorme villaggio\" \/>\n<meta name=\"robots\" content=\"index, follow, max-snippet:-1, max-image-preview:large, max-video-preview:-1\" \/>\n<link rel=\"canonical\" href=\"https:\/\/www.monaco-tribune.com\/it\/2023\/12\/cosa-fare-a-monaco-a-dicembre-2023\/\" \/>\n<meta property=\"og:locale\" content=\"it_IT\" \/>\n<meta property=\"og:type\" content=\"article\" \/>\n<meta property=\"og:title\" content=\"Cosa fare a Monaco a dicembre 2023? - Monaco Tribune\" \/>\n<meta property=\"og:description\" content=\"Monaco Tribune vi consiglia i principali eventi da non perdere nel Principato e qualche idea su cosa fare. Il Villaggio di Natale Un enorme villaggio\" \/>\n<meta property=\"og:url\" content=\"https:\/\/www.monaco-tribune.com\/it\/2023\/12\/cosa-fare-a-monaco-a-dicembre-2023\/\" \/>\n<meta property=\"og:site_name\" content=\"Monaco Tribune\" \/>\n<meta property=\"article:publisher\" content=\"https:\/\/www.facebook.com\/MonacoTribune\" \/>\n<meta property=\"article:published_time\" content=\"2023-12-01T11:48:08+00:00\" \/>\n<meta property=\"article:modified_time\" content=\"2023-12-01T11:48:13+00:00\" \/>\n<meta property=\"og:image\" content=\"https:\/\/www.monaco-tribune.com\/wp-content\/uploads\/2023\/11\/noel-village-monaco-3.jpg\" \/>\n\t<meta property=\"og:image:width\" content=\"1200\" \/>\n\t<meta property=\"og:image:height\" content=\"702\" \/>\n\t<meta property=\"og:image:type\" content=\"image\/jpeg\" \/>\n<meta name=\"author\" content=\"Paul Charoy\" \/>\n<meta name=\"twitter:card\" content=\"summary_large_image\" \/>\n<meta name=\"twitter:creator\" content=\"@MonacoTribune\" \/>\n<meta name=\"twitter:site\" content=\"@MonacoTribune\" \/>\n<script type=\"application\/ld+json\" class=\"yoast-schema-graph\">{\"@context\":\"https:\\\/\\\/schema.org\",\"@graph\":[{\"@type\":\"NewsArticle\",\"@id\":\"https:\\\/\\\/www.monaco-tribune.com\\\/it\\\/2023\\\/12\\\/cosa-fare-a-monaco-a-dicembre-2023\\\/#article\",\"isPartOf\":{\"@id\":\"https:\\\/\\\/www.monaco-tribune.com\\\/it\\\/2023\\\/12\\\/cosa-fare-a-monaco-a-dicembre-2023\\\/\"},\"author\":{\"name\":\"Paul Charoy\",\"@id\":\"https:\\\/\\\/www.monaco-tribune.com\\\/it\\\/#\\\/schema\\\/person\\\/c33a9f1bc99ef5a2e07d37c576060b57\"},\"headline\":\"Cosa fare a Monaco a dicembre 2023?\",\"datePublished\":\"2023-12-01T11:48:08+00:00\",\"dateModified\":\"2023-12-01T11:48:13+00:00\",\"mainEntityOfPage\":{\"@id\":\"https:\\\/\\\/www.monaco-tribune.com\\\/it\\\/2023\\\/12\\\/cosa-fare-a-monaco-a-dicembre-2023\\\/\"},\"wordCount\":723,\"publisher\":{\"@id\":\"https:\\\/\\\/www.monaco-tribune.com\\\/it\\\/#organization\"},\"image\":{\"@id\":\"https:\\\/\\\/www.monaco-tribune.com\\\/it\\\/2023\\\/12\\\/cosa-fare-a-monaco-a-dicembre-2023\\\/#primaryimage\"},\"thumbnailUrl\":\"https:\\\/\\\/www.monaco-tribune.com\\\/wp-content\\\/uploads\\\/2023\\\/11\\\/noel-village-monaco-3.jpg\",\"keywords\":[\"Eventi\"],\"articleSection\":[\"Cosa fare\",\"Notizie\"],\"inLanguage\":\"it-IT\",\"copyrightYear\":\"2023\",\"copyrightHolder\":{\"@id\":\"https:\\\/\\\/www.monaco-tribune.com\\\/#organization\"}},{\"@type\":\"WebPage\",\"@id\":\"https:\\\/\\\/www.monaco-tribune.com\\\/it\\\/2023\\\/12\\\/cosa-fare-a-monaco-a-dicembre-2023\\\/\",\"url\":\"https:\\\/\\\/www.monaco-tribune.com\\\/it\\\/2023\\\/12\\\/cosa-fare-a-monaco-a-dicembre-2023\\\/\",\"name\":\"Cosa fare a Monaco a dicembre 2023?\",\"isPartOf\":{\"@id\":\"https:\\\/\\\/www.monaco-tribune.com\\\/it\\\/#website\"},\"primaryImageOfPage\":{\"@id\":\"https:\\\/\\\/www.monaco-tribune.com\\\/it\\\/2023\\\/12\\\/cosa-fare-a-monaco-a-dicembre-2023\\\/#primaryimage\"},\"image\":{\"@id\":\"https:\\\/\\\/www.monaco-tribune.com\\\/it\\\/2023\\\/12\\\/cosa-fare-a-monaco-a-dicembre-2023\\\/#primaryimage\"},\"thumbnailUrl\":\"https:\\\/\\\/www.monaco-tribune.com\\\/wp-content\\\/uploads\\\/2023\\\/11\\\/noel-village-monaco-3.jpg\",\"datePublished\":\"2023-12-01T11:48:08+00:00\",\"dateModified\":\"2023-12-01T11:48:13+00:00\",\"description\":\"Monaco Tribune vi consiglia i principali eventi da non perdere nel Principato e qualche idea su cosa fare. Il Villaggio di Natale Un enorme villaggio\",\"breadcrumb\":{\"@id\":\"https:\\\/\\\/www.monaco-tribune.com\\\/it\\\/2023\\\/12\\\/cosa-fare-a-monaco-a-dicembre-2023\\\/#breadcrumb\"},\"inLanguage\":\"it-IT\",\"potentialAction\":[{\"@type\":\"ReadAction\",\"target\":[\"https:\\\/\\\/www.monaco-tribune.com\\\/it\\\/2023\\\/12\\\/cosa-fare-a-monaco-a-dicembre-2023\\\/\"]}]},{\"@type\":\"ImageObject\",\"inLanguage\":\"it-IT\",\"@id\":\"https:\\\/\\\/www.monaco-tribune.com\\\/it\\\/2023\\\/12\\\/cosa-fare-a-monaco-a-dicembre-2023\\\/#primaryimage\",\"url\":\"https:\\\/\\\/www.monaco-tribune.com\\\/wp-content\\\/uploads\\\/2023\\\/11\\\/noel-village-monaco-3.jpg\",\"contentUrl\":\"https:\\\/\\\/www.monaco-tribune.com\\\/wp-content\\\/uploads\\\/2023\\\/11\\\/noel-village-monaco-3.jpg\",\"width\":1200,\"height\":702,\"caption\":\"Dal 7 dicembre, il Principato ospiter\u00e0 un villaggio di Natale. \u00a9Ed Wright \\\/ Municipio di Monaco\"},{\"@type\":\"BreadcrumbList\",\"@id\":\"https:\\\/\\\/www.monaco-tribune.com\\\/it\\\/2023\\\/12\\\/cosa-fare-a-monaco-a-dicembre-2023\\\/#breadcrumb\",\"itemListElement\":[{\"@type\":\"ListItem\",\"position\":1,\"name\":\"Accueil\",\"item\":\"https:\\\/\\\/www.monaco-tribune.com\\\/it\\\/\"},{\"@type\":\"ListItem\",\"position\":2,\"name\":\"Cosa fare a Monaco a dicembre 2023?\"}]},{\"@type\":\"WebSite\",\"@id\":\"https:\\\/\\\/www.monaco-tribune.com\\\/it\\\/#website\",\"url\":\"https:\\\/\\\/www.monaco-tribune.com\\\/it\\\/\",\"name\":\"Monaco Tribune\",\"description\":\"Monaco : actualit\u00e9s \u00e9conomiques, politiques, culturelles et sportives de Monaco et de la French Riviera.\",\"publisher\":{\"@id\":\"https:\\\/\\\/www.monaco-tribune.com\\\/it\\\/#organization\"},\"potentialAction\":[{\"@type\":\"SearchAction\",\"target\":{\"@type\":\"EntryPoint\",\"urlTemplate\":\"https:\\\/\\\/www.monaco-tribune.com\\\/it\\\/?s={search_term_string}\"},\"query-input\":{\"@type\":\"PropertyValueSpecification\",\"valueRequired\":true,\"valueName\":\"search_term_string\"}}],\"inLanguage\":\"it-IT\"},{\"@type\":\"Organization\",\"@id\":\"https:\\\/\\\/www.monaco-tribune.com\\\/it\\\/#organization\",\"name\":\"Monaco Tribune\",\"url\":\"https:\\\/\\\/www.monaco-tribune.com\\\/it\\\/\",\"logo\":{\"@type\":\"ImageObject\",\"inLanguage\":\"it-IT\",\"@id\":\"https:\\\/\\\/www.monaco-tribune.com\\\/it\\\/#\\\/schema\\\/logo\\\/image\\\/\",\"url\":\"https:\\\/\\\/www.monaco-tribune.com\\\/wp-content\\\/uploads\\\/2022\\\/11\\\/logo-monaco-tribune.png\",\"contentUrl\":\"https:\\\/\\\/www.monaco-tribune.com\\\/wp-content\\\/uploads\\\/2022\\\/11\\\/logo-monaco-tribune.png\",\"width\":1548,\"height\":600,\"caption\":\"Monaco Tribune\"},\"image\":{\"@id\":\"https:\\\/\\\/www.monaco-tribune.com\\\/it\\\/#\\\/schema\\\/logo\\\/image\\\/\"},\"sameAs\":[\"https:\\\/\\\/www.facebook.com\\\/MonacoTribune\",\"https:\\\/\\\/x.com\\\/MonacoTribune\",\"https:\\\/\\\/www.instagram.com\\\/monacotribune\\\/\",\"https:\\\/\\\/www.linkedin.com\\\/company\\\/monaco-tribune\",\"https:\\\/\\\/www.youtube.com\\\/channel\\\/UCHle1MnG6hw1y4lWKijVbMA\"]},{\"@type\":\"Person\",\"@id\":\"https:\\\/\\\/www.monaco-tribune.com\\\/it\\\/#\\\/schema\\\/person\\\/c33a9f1bc99ef5a2e07d37c576060b57\",\"name\":\"Paul Charoy\",\"image\":{\"@type\":\"ImageObject\",\"inLanguage\":\"it-IT\",\"@id\":\"https:\\\/\\\/secure.gravatar.com\\\/avatar\\\/c3a39fd900275d54a628738568f1949e90ce9945d105d000228335a7bad64b38?s=96&d=mm&r=g\",\"url\":\"https:\\\/\\\/secure.gravatar.com\\\/avatar\\\/c3a39fd900275d54a628738568f1949e90ce9945d105d000228335a7bad64b38?s=96&d=mm&r=g\",\"contentUrl\":\"https:\\\/\\\/secure.gravatar.com\\\/avatar\\\/c3a39fd900275d54a628738568f1949e90ce9945d105d000228335a7bad64b38?s=96&d=mm&r=g\",\"caption\":\"Paul Charoy\"},\"url\":\"https:\\\/\\\/www.monaco-tribune.com\\\/it\\\/author\\\/paulcharoy\\\/\"}]}<\/script>\n<!-- \/ Yoast SEO Premium plugin. -->","yoast_head_json":{"title":"Cosa fare a Monaco a dicembre 2023?","description":"Monaco Tribune vi consiglia i principali eventi da non perdere nel Principato e qualche idea su cosa fare. Il Villaggio di Natale Un enorme villaggio","robots":{"index":"index","follow":"follow","max-snippet":"max-snippet:-1","max-image-preview":"max-image-preview:large","max-video-preview":"max-video-preview:-1"},"canonical":"https:\/\/www.monaco-tribune.com\/it\/2023\/12\/cosa-fare-a-monaco-a-dicembre-2023\/","og_locale":"it_IT","og_type":"article","og_title":"Cosa fare a Monaco a dicembre 2023? - Monaco Tribune","og_description":"Monaco Tribune vi consiglia i principali eventi da non perdere nel Principato e qualche idea su cosa fare. Il Villaggio di Natale Un enorme villaggio","og_url":"https:\/\/www.monaco-tribune.com\/it\/2023\/12\/cosa-fare-a-monaco-a-dicembre-2023\/","og_site_name":"Monaco Tribune","article_publisher":"https:\/\/www.facebook.com\/MonacoTribune","article_published_time":"2023-12-01T11:48:08+00:00","article_modified_time":"2023-12-01T11:48:13+00:00","og_image":[{"width":1200,"height":702,"url":"https:\/\/www.monaco-tribune.com\/wp-content\/uploads\/2023\/11\/noel-village-monaco-3.jpg","type":"image\/jpeg"}],"author":"Paul Charoy","twitter_card":"summary_large_image","twitter_creator":"@MonacoTribune","twitter_site":"@MonacoTribune","schema":{"@context":"https:\/\/schema.org","@graph":[{"@type":"NewsArticle","@id":"https:\/\/www.monaco-tribune.com\/it\/2023\/12\/cosa-fare-a-monaco-a-dicembre-2023\/#article","isPartOf":{"@id":"https:\/\/www.monaco-tribune.com\/it\/2023\/12\/cosa-fare-a-monaco-a-dicembre-2023\/"},"author":{"name":"Paul Charoy","@id":"https:\/\/www.monaco-tribune.com\/it\/#\/schema\/person\/c33a9f1bc99ef5a2e07d37c576060b57"},"headline":"Cosa fare a Monaco a dicembre 2023?","datePublished":"2023-12-01T11:48:08+00:00","dateModified":"2023-12-01T11:48:13+00:00","mainEntityOfPage":{"@id":"https:\/\/www.monaco-tribune.com\/it\/2023\/12\/cosa-fare-a-monaco-a-dicembre-2023\/"},"wordCount":723,"publisher":{"@id":"https:\/\/www.monaco-tribune.com\/it\/#organization"},"image":{"@id":"https:\/\/www.monaco-tribune.com\/it\/2023\/12\/cosa-fare-a-monaco-a-dicembre-2023\/#primaryimage"},"thumbnailUrl":"https:\/\/www.monaco-tribune.com\/wp-content\/uploads\/2023\/11\/noel-village-monaco-3.jpg","keywords":["Eventi"],"articleSection":["Cosa fare","Notizie"],"inLanguage":"it-IT","copyrightYear":"2023","copyrightHolder":{"@id":"https:\/\/www.monaco-tribune.com\/#organization"}},{"@type":"WebPage","@id":"https:\/\/www.monaco-tribune.com\/it\/2023\/12\/cosa-fare-a-monaco-a-dicembre-2023\/","url":"https:\/\/www.monaco-tribune.com\/it\/2023\/12\/cosa-fare-a-monaco-a-dicembre-2023\/","name":"Cosa fare a Monaco a dicembre 2023?","isPartOf":{"@id":"https:\/\/www.monaco-tribune.com\/it\/#website"},"primaryImageOfPage":{"@id":"https:\/\/www.monaco-tribune.com\/it\/2023\/12\/cosa-fare-a-monaco-a-dicembre-2023\/#primaryimage"},"image":{"@id":"https:\/\/www.monaco-tribune.com\/it\/2023\/12\/cosa-fare-a-monaco-a-dicembre-2023\/#primaryimage"},"thumbnailUrl":"https:\/\/www.monaco-tribune.com\/wp-content\/uploads\/2023\/11\/noel-village-monaco-3.jpg","datePublished":"2023-12-01T11:48:08+00:00","dateModified":"2023-12-01T11:48:13+00:00","description":"Monaco Tribune vi consiglia i principali eventi da non perdere nel Principato e qualche idea su cosa fare. Il Villaggio di Natale Un enorme villaggio","breadcrumb":{"@id":"https:\/\/www.monaco-tribune.com\/it\/2023\/12\/cosa-fare-a-monaco-a-dicembre-2023\/#breadcrumb"},"inLanguage":"it-IT","potentialAction":[{"@type":"ReadAction","target":["https:\/\/www.monaco-tribune.com\/it\/2023\/12\/cosa-fare-a-monaco-a-dicembre-2023\/"]}]},{"@type":"ImageObject","inLanguage":"it-IT","@id":"https:\/\/www.monaco-tribune.com\/it\/2023\/12\/cosa-fare-a-monaco-a-dicembre-2023\/#primaryimage","url":"https:\/\/www.monaco-tribune.com\/wp-content\/uploads\/2023\/11\/noel-village-monaco-3.jpg","contentUrl":"https:\/\/www.monaco-tribune.com\/wp-content\/uploads\/2023\/11\/noel-village-monaco-3.jpg","width":1200,"height":702,"caption":"Dal 7 dicembre, il Principato ospiter\u00e0 un villaggio di Natale. \u00a9Ed Wright \/ Municipio di Monaco"},{"@type":"BreadcrumbList","@id":"https:\/\/www.monaco-tribune.com\/it\/2023\/12\/cosa-fare-a-monaco-a-dicembre-2023\/#breadcrumb","itemListElement":[{"@type":"ListItem","position":1,"name":"Accueil","item":"https:\/\/www.monaco-tribune.com\/it\/"},{"@type":"ListItem","position":2,"name":"Cosa fare a Monaco a dicembre 2023?"}]},{"@type":"WebSite","@id":"https:\/\/www.monaco-tribune.com\/it\/#website","url":"https:\/\/www.monaco-tribune.com\/it\/","name":"Monaco Tribune","description":"Monaco : actualit\u00e9s \u00e9conomiques, politiques, culturelles et sportives de Monaco et de la French Riviera.","publisher":{"@id":"https:\/\/www.monaco-tribune.com\/it\/#organization"},"potentialAction":[{"@type":"SearchAction","target":{"@type":"EntryPoint","urlTemplate":"https:\/\/www.monaco-tribune.com\/it\/?s={search_term_string}"},"query-input":{"@type":"PropertyValueSpecification","valueRequired":true,"valueName":"search_term_string"}}],"inLanguage":"it-IT"},{"@type":"Organization","@id":"https:\/\/www.monaco-tribune.com\/it\/#organization","name":"Monaco Tribune","url":"https:\/\/www.monaco-tribune.com\/it\/","logo":{"@type":"ImageObject","inLanguage":"it-IT","@id":"https:\/\/www.monaco-tribune.com\/it\/#\/schema\/logo\/image\/","url":"https:\/\/www.monaco-tribune.com\/wp-content\/uploads\/2022\/11\/logo-monaco-tribune.png","contentUrl":"https:\/\/www.monaco-tribune.com\/wp-content\/uploads\/2022\/11\/logo-monaco-tribune.png","width":1548,"height":600,"caption":"Monaco Tribune"},"image":{"@id":"https:\/\/www.monaco-tribune.com\/it\/#\/schema\/logo\/image\/"},"sameAs":["https:\/\/www.facebook.com\/MonacoTribune","https:\/\/x.com\/MonacoTribune","https:\/\/www.instagram.com\/monacotribune\/","https:\/\/www.linkedin.com\/company\/monaco-tribune","https:\/\/www.youtube.com\/channel\/UCHle1MnG6hw1y4lWKijVbMA"]},{"@type":"Person","@id":"https:\/\/www.monaco-tribune.com\/it\/#\/schema\/person\/c33a9f1bc99ef5a2e07d37c576060b57","name":"Paul Charoy","image":{"@type":"ImageObject","inLanguage":"it-IT","@id":"https:\/\/secure.gravatar.com\/avatar\/c3a39fd900275d54a628738568f1949e90ce9945d105d000228335a7bad64b38?s=96&d=mm&r=g","url":"https:\/\/secure.gravatar.com\/avatar\/c3a39fd900275d54a628738568f1949e90ce9945d105d000228335a7bad64b38?s=96&d=mm&r=g","contentUrl":"https:\/\/secure.gravatar.com\/avatar\/c3a39fd900275d54a628738568f1949e90ce9945d105d000228335a7bad64b38?s=96&d=mm&r=g","caption":"Paul Charoy"},"url":"https:\/\/www.monaco-tribune.com\/it\/author\/paulcharoy\/"}]}},"_links":{"self":[{"href":"https:\/\/www.monaco-tribune.com\/it\/wp-json\/wp\/v2\/posts\/203777","targetHints":{"allow":["GET"]}}],"collection":[{"href":"https:\/\/www.monaco-tribune.com\/it\/wp-json\/wp\/v2\/posts"}],"about":[{"href":"https:\/\/www.monaco-tribune.com\/it\/wp-json\/wp\/v2\/types\/post"}],"author":[{"embeddable":true,"href":"https:\/\/www.monaco-tribune.com\/it\/wp-json\/wp\/v2\/users\/65"}],"replies":[{"embeddable":true,"href":"https:\/\/www.monaco-tribune.com\/it\/wp-json\/wp\/v2\/comments?post=203777"}],"version-history":[{"count":2,"href":"https:\/\/www.monaco-tribune.com\/it\/wp-json\/wp\/v2\/posts\/203777\/revisions"}],"predecessor-version":[{"id":203780,"href":"https:\/\/www.monaco-tribune.com\/it\/wp-json\/wp\/v2\/posts\/203777\/revisions\/203780"}],"wp:featuredmedia":[{"embeddable":true,"href":"https:\/\/www.monaco-tribune.com\/it\/wp-json\/wp\/v2\/media\/203471"}],"wp:attachment":[{"href":"https:\/\/www.monaco-tribune.com\/it\/wp-json\/wp\/v2\/media?parent=203777"}],"wp:term":[{"taxonomy":"category","embeddable":true,"href":"https:\/\/www.monaco-tribune.com\/it\/wp-json\/wp\/v2\/categories?post=203777"},{"taxonomy":"post_tag","embeddable":true,"href":"https:\/\/www.monaco-tribune.com\/it\/wp-json\/wp\/v2\/tags?post=203777"},{"taxonomy":"sectag","embeddable":true,"href":"https:\/\/www.monaco-tribune.com\/it\/wp-json\/wp\/v2\/post_sectags?post=203777"},{"taxonomy":"format","embeddable":true,"href":"https:\/\/www.monaco-tribune.com\/it\/wp-json\/wp\/v2\/post_format?post=203777"}],"curies":[{"name":"wp","href":"https:\/\/api.w.org\/{rel}","templated":true}]}}