{"id":205161,"date":"2023-12-11T19:22:54","date_gmt":"2023-12-11T17:22:54","guid":{"rendered":"https:\/\/www.monaco-tribune.com\/2023\/12\/tutto-quello-che-ce-da-sapere-sugli-asili-nido-di-monaco\/"},"modified":"2023-12-11T19:27:56","modified_gmt":"2023-12-11T17:27:56","slug":"tutto-quello-che-ce-da-sapere-sugli-asili-nido-di-monaco","status":"publish","type":"post","link":"https:\/\/www.monaco-tribune.com\/it\/2023\/12\/tutto-quello-che-ce-da-sapere-sugli-asili-nido-di-monaco\/","title":{"rendered":"Tutto quello che c&#8217;\u00e8 da sapere sugli asili nido di Monaco"},"content":{"rendered":"\n<p><strong>Quanti sono? Come funzionano le iscrizioni? Quanto costano? Monaco Tribune fa il punto della situazione.<\/strong><\/p>\n\n\n\n<p>All&#8217;inizio dell&#8217;anno ha aperto i battenti il tredicesimo nido d&#8217;infanzia del Principato, <a href=\"https:\/\/www.monaco-tribune.com\/2023\/03\/le-prince-albert-ii-et-la-princesse-charlene-inaugurent-officiellement-la-creche-du-testimonio\/\">inaugurato<\/a> dal Principe Alberto II e dalla Principessa Charl\u00e8ne. Situato nell&#8217;edificio Testimonio, si aggiunge alle altre 12 strutture riservate ai pi\u00f9 piccoli: 8 asili nido, un nido famiglia, 3 micronidi e una sezione primavera. In totale, il Comune monegasco pu\u00f2 accogliere fino a 420 bimbi nelle strutture per la prima infanzia e 50 nel Mini-Club. L&#8217;apertura di un altro nuovo nido, il Grand Ida, \u00e8 prevista per il 2024.<\/p>\n\n\n\n<h2 class=\"wp-block-heading\" id=\"h-asili-nido-classici\">Asili nido classici<\/h2>\n\n\n\n<p>Il Principato conta 8 strutture che accolgono i bambini dai 2 mesi ai 3 anni in un contesto appositamente studiato per le loro necessit\u00e0:<\/p>\n\n\n\n<ul class=\"wp-block-list\">\n<li>L&#8217;<a href=\"https:\/\/www.monaco-tribune.com\/2023\/09\/un-nouvel-etablissement\/\">Honoria<\/a><\/li>\n\n\n\n<li>Les Eucalyptus<\/li>\n\n\n\n<li>L&#8217;\u00cele aux bambins<\/li>\n\n\n\n<li>Monaco-Ville<\/li>\n\n\n\n<li>L&#8217;Olivier <\/li>\n\n\n\n<li>La Roseraie<\/li>\n\n\n\n<li>Monte-Carlo<\/li>\n\n\n\n<li>Le Testimonio<\/li>\n<\/ul>\n\n\n<div class=\"wp-block-image\">\n<figure class=\"aligncenter size-large\"><img loading=\"lazy\" decoding=\"async\" width=\"1024\" height=\"631\" src=\"https:\/\/www.monaco-tribune.com\/wp-content\/uploads\/2023\/12\/creches-monaco-compressed-1024x631.jpg\" alt=\"\" class=\"wp-image-204808\" srcset=\"https:\/\/www.monaco-tribune.com\/wp-content\/uploads\/2023\/12\/creches-monaco-compressed-1024x631.jpg 1024w, https:\/\/www.monaco-tribune.com\/wp-content\/uploads\/2023\/12\/creches-monaco-compressed-487x300.jpg 487w\" sizes=\"auto, (max-width: 1024px) 100vw, 1024px\" \/><figcaption class=\"wp-element-caption\"><em>La mappa di tutte le strutture per l&#8217;infanzia del Principato.<\/em> \u00a9Comune di Monaco<\/figcaption><\/figure>\n<\/div>\n\n\n<p>Questi asili nido accolgono i bambini dalle 7:30 alle 18:30. Una giornata tipo al nido prevede: accoglienza con i genitori, merenda, pranzo e merenda pomeridiana, il momento della nanna e una serie di attivit\u00e0 che si svolgono nell&#8217;arco della giornata. &#8220;Esplorazioni, scoperte e libera scelta vengono proposte seguendo i ritmi di ogni bambino&#8221;, spiega il Service Petite Enfance et Familles (Dipartimento per la prima infanzia e le famiglie) del Comune, che \u00e8 responsabile di tutte le questioni relative agli asili nido ed \u00e8 anche il punto di riferimento per tutte le richieste di informazioni in materia.<\/p>\n\n\n\n<figure class=\"wp-block-gallery has-nested-images columns-1 is-cropped wp-block-gallery-1 is-layout-flex wp-block-gallery-is-layout-flex\">\n<figure class=\"wp-block-image size-large\"><img loading=\"lazy\" decoding=\"async\" width=\"1020\" height=\"709\" data-id=\"158870\" src=\"https:\/\/www.monaco-tribune.com\/wp-content\/uploads\/2023\/01\/creche-du-testimonio.jpeg\" alt=\"creche du testimonio\" class=\"wp-image-158870\" srcset=\"https:\/\/www.monaco-tribune.com\/wp-content\/uploads\/2023\/01\/creche-du-testimonio.jpeg 1020w, https:\/\/www.monaco-tribune.com\/wp-content\/uploads\/2023\/01\/creche-du-testimonio-432x300.jpeg 432w\" sizes=\"auto, (max-width: 1020px) 100vw, 1020px\" \/><\/figure>\n\n\n\n<figure class=\"wp-block-image size-large\"><img loading=\"lazy\" decoding=\"async\" width=\"1024\" height=\"572\" data-id=\"165451\" src=\"https:\/\/www.monaco-tribune.com\/wp-content\/uploads\/2023\/03\/inaugruation-creche-testimonio-monaco-1024x572.jpg\" alt=\"\" class=\"wp-image-165451\" srcset=\"https:\/\/www.monaco-tribune.com\/wp-content\/uploads\/2023\/03\/inaugruation-creche-testimonio-monaco-1024x572.jpg 1024w, https:\/\/www.monaco-tribune.com\/wp-content\/uploads\/2023\/03\/inaugruation-creche-testimonio-monaco-537x300.jpg 537w, https:\/\/www.monaco-tribune.com\/wp-content\/uploads\/2023\/03\/inaugruation-creche-testimonio-monaco.jpg 2048w\" sizes=\"auto, (max-width: 1024px) 100vw, 1024px\" \/><\/figure>\n<figcaption class=\"blocks-gallery-caption wp-element-caption\"><em>L&#8217;asilo nido del Testimonio dove la Coppia Principesca si \u00e8 recata a marzo 2023.<\/em> \u00a9Comune di Monaco<\/figcaption><\/figure>\n\n\n\n<h2 class=\"wp-block-heading\" id=\"h-nido-famiglia\">Nido famiglia<\/h2>\n\n\n\n<p>Quello che il Comune chiama &#8220;multi-accueil familial&#8221;, prevede la presenza di 8 puericultrici autorizzate, convenzionate con il Municipio, che possono accogliere a casa loro da 1 a 3 bambini di et\u00e0 compresa tra i 2 mesi e i 3 anni, dalle 7:00 alle 19:30 e per non pi\u00f9 di 50 ore alla settimana. Nel caso del <em>cr\u00e8che familiale<\/em>, nome con cui \u00e8 pi\u00f9 conosciuto, viene data priorit\u00e0 ai bambini in condizioni di salute precarie e alle famiglie i cui orari di lavoro dei genitori non coincidono con quelli di un nido classico.<\/p>\n\n\n\n<h2 class=\"wp-block-heading\" id=\"h-i-micronido\">I micronido<\/h2>\n\n\n\n<p>Nel Principato ce ne sono tre: A Riturnela, A Ribambela e A Farandola. Si trovano nel quartiere Moneghetti (vedi mappa sopra) e ospitano un massimo di 11 bambini, di et\u00e0 compresa tra i 2 mesi e i 3 anni, in appartamenti appositamente predisposti. Sono aperti dalle 8:00 alle 19:00. A differenza dei nidi classici, il numero di bambini \u00e8 ridotto, il che pu\u00f2 essere utile per un bimbo che non \u00e8 abituato o ha paura di stare in gruppo. Qui i neonati condividono gli spazi con i bambini pi\u00f9 &#8220;grandi&#8221;.<\/p>\n\n\n<div class=\"wp-block-image\">\n<figure class=\"aligncenter size-large\"><img loading=\"lazy\" decoding=\"async\" width=\"1024\" height=\"681\" src=\"https:\/\/www.monaco-tribune.com\/wp-content\/uploads\/2023\/12\/micro-creche-a-farandola-1024x681.jpg\" alt=\"\" class=\"wp-image-204812\" srcset=\"https:\/\/www.monaco-tribune.com\/wp-content\/uploads\/2023\/12\/micro-creche-a-farandola-1024x681.jpg 1024w, https:\/\/www.monaco-tribune.com\/wp-content\/uploads\/2023\/12\/micro-creche-a-farandola-451x300.jpg 451w, https:\/\/www.monaco-tribune.com\/wp-content\/uploads\/2023\/12\/micro-creche-a-farandola.jpg 1200w\" sizes=\"auto, (max-width: 1024px) 100vw, 1024px\" \/><figcaption class=\"wp-element-caption\"><em>Il micronido A Farandola.<\/em> \u00a9Comune di Monaco<\/figcaption><\/figure>\n<\/div>\n\n\n<p>Infine, il <strong>Jardin d&#8217;\u00e9veil<\/strong> (sezione primavera) \u00e8 l&#8217;ultima struttura per bambini di 2 e 3 anni. Si trova al Larvotto ed \u00e8 aperta dalle 8:00 alle 18:30. In estate, si trasforma in un <strong>Mini-Club<\/strong> per i bambini dai 3 ai 12 anni. Durante la giornata, i bimbi sono seguiti da educatori che li aiutano a sviluppare la loro indipendenza, a imparare a stare in gruppo e, soprattutto, a divertirsi con tantissime attivit\u00e0.<\/p>\n\n\n\n<h2 class=\"wp-block-heading\" id=\"h-come-iscriversi-e-quali-sono-i-costi\">Come iscriversi e quali sono i costi?<\/h2>\n\n\n\n<p>Il Service Petite Enfance et Familles si occupa delle iscrizioni e dell&#8217;assegnazione dei bambini alle varie strutture. Alle famiglie interessate, il Comune di Monaco consiglia il Portail Familles, accessibile dal <a href=\"https:\/\/www.mairie.mc\/\">sito web del Comune<\/a>. Questa interfaccia digitale permette di gestire le pre-iscrizioni, offre informazioni sulla realt\u00e0 degli asili nido e del Mini-Club e consente di tenersi in contatto con l&#8217;amministrazione.<\/p>\n\n\n\n<p>Ci sono diverse fasce di prezzo che vengono calcolate in base al reddito familiare e alle spese di locazione. I costi variano anche a seconda del numero di giorni di asilo nido (2, 3, 4 o 5 giorni a settimana).<\/p>\n\n\n\n<hr class=\"wp-block-separator has-alpha-channel-opacity\"\/>\n\n\n\n<p><em>Per qualsiasi informazione<\/em><\/p>\n\n\n\n<ul class=\"wp-block-list\">\n<li>Service Petite Enfance et Familles, Mairie de Monaco<\/li>\n\n\n\n<li>3 rue Philibert Florence &#8211; 98000 MONACO<\/li>\n\n\n\n<li>Tel: +377 93 15 61 80<\/li>\n\n\n\n<li>spef@mairie.mc<\/li>\n<\/ul>\n","protected":false},"excerpt":{"rendered":"<p>Quanti sono? Come funzionano le iscrizioni? Quanto costano? Monaco Tribune fa il punto della situazione. All&#8217;inizio dell&#8217;anno ha aperto i [&hellip;]<\/p>\n","protected":false},"author":65,"featured_media":204820,"comment_status":"closed","ping_status":"closed","sticky":false,"template":"","format":"standard","meta":{"_acf_changed":false,"footnotes":""},"categories":[1738,1752],"tags":[3261],"post_sectags":[4653],"post_format":[2477],"class_list":["post-205161","post","type-post","status-publish","format-standard","has-post-thumbnail","hentry","category-notizie","category-societa","tag-vita-locale","sectag-comune-di-monaco","format-info-pratiche"],"acf":[],"yoast_head":"<!-- This site is optimized with the Yoast SEO Premium plugin v27.5 (Yoast SEO v27.5) - https:\/\/yoast.com\/product\/yoast-seo-premium-wordpress\/ -->\n<title>Tutto quello che c&#039;\u00e8 da sapere sugli asili nido di Monaco<\/title>\n<meta name=\"description\" content=\"Quanti sono? Come funzionano le iscrizioni? Quanto costano? Monaco Tribune fa il punto della situazione. All&#039;inizio dell&#039;anno ha aperto i battenti il\" \/>\n<meta name=\"robots\" content=\"index, follow, max-snippet:-1, max-image-preview:large, max-video-preview:-1\" \/>\n<link rel=\"canonical\" href=\"https:\/\/www.monaco-tribune.com\/it\/2023\/12\/tutto-quello-che-ce-da-sapere-sugli-asili-nido-di-monaco\/\" \/>\n<meta property=\"og:locale\" content=\"it_IT\" \/>\n<meta property=\"og:type\" content=\"article\" \/>\n<meta property=\"og:title\" content=\"Tutto quello che c&#039;\u00e8 da sapere sugli asili nido di Monaco - Monaco Tribune\" \/>\n<meta property=\"og:description\" content=\"Quanti sono? Come funzionano le iscrizioni? Quanto costano? Monaco Tribune fa il punto della situazione. All&#039;inizio dell&#039;anno ha aperto i battenti il\" \/>\n<meta property=\"og:url\" content=\"https:\/\/www.monaco-tribune.com\/it\/2023\/12\/tutto-quello-che-ce-da-sapere-sugli-asili-nido-di-monaco\/\" \/>\n<meta property=\"og:site_name\" content=\"Monaco Tribune\" \/>\n<meta property=\"article:publisher\" content=\"https:\/\/www.facebook.com\/MonacoTribune\" \/>\n<meta property=\"article:published_time\" content=\"2023-12-11T17:22:54+00:00\" \/>\n<meta property=\"article:modified_time\" content=\"2023-12-11T17:27:56+00:00\" \/>\n<meta property=\"og:image\" content=\"https:\/\/www.monaco-tribune.com\/wp-content\/uploads\/2023\/12\/inauguration-creche-testimonio-e1702041729876.jpg\" \/>\n\t<meta property=\"og:image:width\" content=\"1200\" \/>\n\t<meta property=\"og:image:height\" content=\"684\" \/>\n\t<meta property=\"og:image:type\" content=\"image\/jpeg\" \/>\n<meta name=\"author\" content=\"Paul Charoy\" \/>\n<meta name=\"twitter:card\" content=\"summary_large_image\" \/>\n<meta name=\"twitter:creator\" content=\"@MonacoTribune\" \/>\n<meta name=\"twitter:site\" content=\"@MonacoTribune\" \/>\n<script type=\"application\/ld+json\" class=\"yoast-schema-graph\">{\"@context\":\"https:\\\/\\\/schema.org\",\"@graph\":[{\"@type\":\"NewsArticle\",\"@id\":\"https:\\\/\\\/www.monaco-tribune.com\\\/it\\\/2023\\\/12\\\/tutto-quello-che-ce-da-sapere-sugli-asili-nido-di-monaco\\\/#article\",\"isPartOf\":{\"@id\":\"https:\\\/\\\/www.monaco-tribune.com\\\/it\\\/2023\\\/12\\\/tutto-quello-che-ce-da-sapere-sugli-asili-nido-di-monaco\\\/\"},\"author\":{\"name\":\"Paul Charoy\",\"@id\":\"https:\\\/\\\/www.monaco-tribune.com\\\/it\\\/#\\\/schema\\\/person\\\/c33a9f1bc99ef5a2e07d37c576060b57\"},\"headline\":\"Tutto quello che c&#8217;\u00e8 da sapere sugli asili nido di Monaco\",\"datePublished\":\"2023-12-11T17:22:54+00:00\",\"dateModified\":\"2023-12-11T17:27:56+00:00\",\"mainEntityOfPage\":{\"@id\":\"https:\\\/\\\/www.monaco-tribune.com\\\/it\\\/2023\\\/12\\\/tutto-quello-che-ce-da-sapere-sugli-asili-nido-di-monaco\\\/\"},\"wordCount\":638,\"publisher\":{\"@id\":\"https:\\\/\\\/www.monaco-tribune.com\\\/it\\\/#organization\"},\"image\":{\"@id\":\"https:\\\/\\\/www.monaco-tribune.com\\\/it\\\/2023\\\/12\\\/tutto-quello-che-ce-da-sapere-sugli-asili-nido-di-monaco\\\/#primaryimage\"},\"thumbnailUrl\":\"https:\\\/\\\/www.monaco-tribune.com\\\/wp-content\\\/uploads\\\/2023\\\/12\\\/inauguration-creche-testimonio-e1702041729876.jpg\",\"keywords\":[\"Vita locale\"],\"articleSection\":[\"Notizie\",\"Societ\u00e0\"],\"inLanguage\":\"it-IT\",\"copyrightYear\":\"2023\",\"copyrightHolder\":{\"@id\":\"https:\\\/\\\/www.monaco-tribune.com\\\/#organization\"}},{\"@type\":\"WebPage\",\"@id\":\"https:\\\/\\\/www.monaco-tribune.com\\\/it\\\/2023\\\/12\\\/tutto-quello-che-ce-da-sapere-sugli-asili-nido-di-monaco\\\/\",\"url\":\"https:\\\/\\\/www.monaco-tribune.com\\\/it\\\/2023\\\/12\\\/tutto-quello-che-ce-da-sapere-sugli-asili-nido-di-monaco\\\/\",\"name\":\"Tutto quello che c'\u00e8 da sapere sugli asili nido di Monaco\",\"isPartOf\":{\"@id\":\"https:\\\/\\\/www.monaco-tribune.com\\\/it\\\/#website\"},\"primaryImageOfPage\":{\"@id\":\"https:\\\/\\\/www.monaco-tribune.com\\\/it\\\/2023\\\/12\\\/tutto-quello-che-ce-da-sapere-sugli-asili-nido-di-monaco\\\/#primaryimage\"},\"image\":{\"@id\":\"https:\\\/\\\/www.monaco-tribune.com\\\/it\\\/2023\\\/12\\\/tutto-quello-che-ce-da-sapere-sugli-asili-nido-di-monaco\\\/#primaryimage\"},\"thumbnailUrl\":\"https:\\\/\\\/www.monaco-tribune.com\\\/wp-content\\\/uploads\\\/2023\\\/12\\\/inauguration-creche-testimonio-e1702041729876.jpg\",\"datePublished\":\"2023-12-11T17:22:54+00:00\",\"dateModified\":\"2023-12-11T17:27:56+00:00\",\"description\":\"Quanti sono? Come funzionano le iscrizioni? Quanto costano? Monaco Tribune fa il punto della situazione. All'inizio dell'anno ha aperto i battenti il\",\"breadcrumb\":{\"@id\":\"https:\\\/\\\/www.monaco-tribune.com\\\/it\\\/2023\\\/12\\\/tutto-quello-che-ce-da-sapere-sugli-asili-nido-di-monaco\\\/#breadcrumb\"},\"inLanguage\":\"it-IT\",\"potentialAction\":[{\"@type\":\"ReadAction\",\"target\":[\"https:\\\/\\\/www.monaco-tribune.com\\\/it\\\/2023\\\/12\\\/tutto-quello-che-ce-da-sapere-sugli-asili-nido-di-monaco\\\/\"]}]},{\"@type\":\"ImageObject\",\"inLanguage\":\"it-IT\",\"@id\":\"https:\\\/\\\/www.monaco-tribune.com\\\/it\\\/2023\\\/12\\\/tutto-quello-che-ce-da-sapere-sugli-asili-nido-di-monaco\\\/#primaryimage\",\"url\":\"https:\\\/\\\/www.monaco-tribune.com\\\/wp-content\\\/uploads\\\/2023\\\/12\\\/inauguration-creche-testimonio-e1702041729876.jpg\",\"contentUrl\":\"https:\\\/\\\/www.monaco-tribune.com\\\/wp-content\\\/uploads\\\/2023\\\/12\\\/inauguration-creche-testimonio-e1702041729876.jpg\",\"width\":1200,\"height\":684,\"caption\":\"L'asilo nido del Testimonio, aperto a gennaio 2023. \u00a9Palazzo del Principe\"},{\"@type\":\"BreadcrumbList\",\"@id\":\"https:\\\/\\\/www.monaco-tribune.com\\\/it\\\/2023\\\/12\\\/tutto-quello-che-ce-da-sapere-sugli-asili-nido-di-monaco\\\/#breadcrumb\",\"itemListElement\":[{\"@type\":\"ListItem\",\"position\":1,\"name\":\"Accueil\",\"item\":\"https:\\\/\\\/www.monaco-tribune.com\\\/it\\\/\"},{\"@type\":\"ListItem\",\"position\":2,\"name\":\"Tutto quello che c&rsquo;\u00e8 da sapere sugli asili nido di Monaco\"}]},{\"@type\":\"WebSite\",\"@id\":\"https:\\\/\\\/www.monaco-tribune.com\\\/it\\\/#website\",\"url\":\"https:\\\/\\\/www.monaco-tribune.com\\\/it\\\/\",\"name\":\"Monaco Tribune\",\"description\":\"Monaco : actualit\u00e9s \u00e9conomiques, politiques, culturelles et sportives de Monaco et de la French Riviera.\",\"publisher\":{\"@id\":\"https:\\\/\\\/www.monaco-tribune.com\\\/it\\\/#organization\"},\"potentialAction\":[{\"@type\":\"SearchAction\",\"target\":{\"@type\":\"EntryPoint\",\"urlTemplate\":\"https:\\\/\\\/www.monaco-tribune.com\\\/it\\\/?s={search_term_string}\"},\"query-input\":{\"@type\":\"PropertyValueSpecification\",\"valueRequired\":true,\"valueName\":\"search_term_string\"}}],\"inLanguage\":\"it-IT\"},{\"@type\":\"Organization\",\"@id\":\"https:\\\/\\\/www.monaco-tribune.com\\\/it\\\/#organization\",\"name\":\"Monaco Tribune\",\"url\":\"https:\\\/\\\/www.monaco-tribune.com\\\/it\\\/\",\"logo\":{\"@type\":\"ImageObject\",\"inLanguage\":\"it-IT\",\"@id\":\"https:\\\/\\\/www.monaco-tribune.com\\\/it\\\/#\\\/schema\\\/logo\\\/image\\\/\",\"url\":\"https:\\\/\\\/www.monaco-tribune.com\\\/wp-content\\\/uploads\\\/2022\\\/11\\\/logo-monaco-tribune.png\",\"contentUrl\":\"https:\\\/\\\/www.monaco-tribune.com\\\/wp-content\\\/uploads\\\/2022\\\/11\\\/logo-monaco-tribune.png\",\"width\":1548,\"height\":600,\"caption\":\"Monaco Tribune\"},\"image\":{\"@id\":\"https:\\\/\\\/www.monaco-tribune.com\\\/it\\\/#\\\/schema\\\/logo\\\/image\\\/\"},\"sameAs\":[\"https:\\\/\\\/www.facebook.com\\\/MonacoTribune\",\"https:\\\/\\\/x.com\\\/MonacoTribune\",\"https:\\\/\\\/www.instagram.com\\\/monacotribune\\\/\",\"https:\\\/\\\/www.linkedin.com\\\/company\\\/monaco-tribune\",\"https:\\\/\\\/www.youtube.com\\\/channel\\\/UCHle1MnG6hw1y4lWKijVbMA\"]},{\"@type\":\"Person\",\"@id\":\"https:\\\/\\\/www.monaco-tribune.com\\\/it\\\/#\\\/schema\\\/person\\\/c33a9f1bc99ef5a2e07d37c576060b57\",\"name\":\"Paul Charoy\",\"image\":{\"@type\":\"ImageObject\",\"inLanguage\":\"it-IT\",\"@id\":\"https:\\\/\\\/secure.gravatar.com\\\/avatar\\\/c3a39fd900275d54a628738568f1949e90ce9945d105d000228335a7bad64b38?s=96&d=mm&r=g\",\"url\":\"https:\\\/\\\/secure.gravatar.com\\\/avatar\\\/c3a39fd900275d54a628738568f1949e90ce9945d105d000228335a7bad64b38?s=96&d=mm&r=g\",\"contentUrl\":\"https:\\\/\\\/secure.gravatar.com\\\/avatar\\\/c3a39fd900275d54a628738568f1949e90ce9945d105d000228335a7bad64b38?s=96&d=mm&r=g\",\"caption\":\"Paul Charoy\"},\"url\":\"https:\\\/\\\/www.monaco-tribune.com\\\/it\\\/author\\\/paulcharoy\\\/\"}]}<\/script>\n<!-- \/ Yoast SEO Premium plugin. -->","yoast_head_json":{"title":"Tutto quello che c'\u00e8 da sapere sugli asili nido di Monaco","description":"Quanti sono? Come funzionano le iscrizioni? Quanto costano? Monaco Tribune fa il punto della situazione. All'inizio dell'anno ha aperto i battenti il","robots":{"index":"index","follow":"follow","max-snippet":"max-snippet:-1","max-image-preview":"max-image-preview:large","max-video-preview":"max-video-preview:-1"},"canonical":"https:\/\/www.monaco-tribune.com\/it\/2023\/12\/tutto-quello-che-ce-da-sapere-sugli-asili-nido-di-monaco\/","og_locale":"it_IT","og_type":"article","og_title":"Tutto quello che c'\u00e8 da sapere sugli asili nido di Monaco - Monaco Tribune","og_description":"Quanti sono? Come funzionano le iscrizioni? Quanto costano? Monaco Tribune fa il punto della situazione. All'inizio dell'anno ha aperto i battenti il","og_url":"https:\/\/www.monaco-tribune.com\/it\/2023\/12\/tutto-quello-che-ce-da-sapere-sugli-asili-nido-di-monaco\/","og_site_name":"Monaco Tribune","article_publisher":"https:\/\/www.facebook.com\/MonacoTribune","article_published_time":"2023-12-11T17:22:54+00:00","article_modified_time":"2023-12-11T17:27:56+00:00","og_image":[{"width":1200,"height":684,"url":"https:\/\/www.monaco-tribune.com\/wp-content\/uploads\/2023\/12\/inauguration-creche-testimonio-e1702041729876.jpg","type":"image\/jpeg"}],"author":"Paul Charoy","twitter_card":"summary_large_image","twitter_creator":"@MonacoTribune","twitter_site":"@MonacoTribune","schema":{"@context":"https:\/\/schema.org","@graph":[{"@type":"NewsArticle","@id":"https:\/\/www.monaco-tribune.com\/it\/2023\/12\/tutto-quello-che-ce-da-sapere-sugli-asili-nido-di-monaco\/#article","isPartOf":{"@id":"https:\/\/www.monaco-tribune.com\/it\/2023\/12\/tutto-quello-che-ce-da-sapere-sugli-asili-nido-di-monaco\/"},"author":{"name":"Paul Charoy","@id":"https:\/\/www.monaco-tribune.com\/it\/#\/schema\/person\/c33a9f1bc99ef5a2e07d37c576060b57"},"headline":"Tutto quello che c&#8217;\u00e8 da sapere sugli asili nido di Monaco","datePublished":"2023-12-11T17:22:54+00:00","dateModified":"2023-12-11T17:27:56+00:00","mainEntityOfPage":{"@id":"https:\/\/www.monaco-tribune.com\/it\/2023\/12\/tutto-quello-che-ce-da-sapere-sugli-asili-nido-di-monaco\/"},"wordCount":638,"publisher":{"@id":"https:\/\/www.monaco-tribune.com\/it\/#organization"},"image":{"@id":"https:\/\/www.monaco-tribune.com\/it\/2023\/12\/tutto-quello-che-ce-da-sapere-sugli-asili-nido-di-monaco\/#primaryimage"},"thumbnailUrl":"https:\/\/www.monaco-tribune.com\/wp-content\/uploads\/2023\/12\/inauguration-creche-testimonio-e1702041729876.jpg","keywords":["Vita locale"],"articleSection":["Notizie","Societ\u00e0"],"inLanguage":"it-IT","copyrightYear":"2023","copyrightHolder":{"@id":"https:\/\/www.monaco-tribune.com\/#organization"}},{"@type":"WebPage","@id":"https:\/\/www.monaco-tribune.com\/it\/2023\/12\/tutto-quello-che-ce-da-sapere-sugli-asili-nido-di-monaco\/","url":"https:\/\/www.monaco-tribune.com\/it\/2023\/12\/tutto-quello-che-ce-da-sapere-sugli-asili-nido-di-monaco\/","name":"Tutto quello che c'\u00e8 da sapere sugli asili nido di Monaco","isPartOf":{"@id":"https:\/\/www.monaco-tribune.com\/it\/#website"},"primaryImageOfPage":{"@id":"https:\/\/www.monaco-tribune.com\/it\/2023\/12\/tutto-quello-che-ce-da-sapere-sugli-asili-nido-di-monaco\/#primaryimage"},"image":{"@id":"https:\/\/www.monaco-tribune.com\/it\/2023\/12\/tutto-quello-che-ce-da-sapere-sugli-asili-nido-di-monaco\/#primaryimage"},"thumbnailUrl":"https:\/\/www.monaco-tribune.com\/wp-content\/uploads\/2023\/12\/inauguration-creche-testimonio-e1702041729876.jpg","datePublished":"2023-12-11T17:22:54+00:00","dateModified":"2023-12-11T17:27:56+00:00","description":"Quanti sono? Come funzionano le iscrizioni? Quanto costano? Monaco Tribune fa il punto della situazione. All'inizio dell'anno ha aperto i battenti il","breadcrumb":{"@id":"https:\/\/www.monaco-tribune.com\/it\/2023\/12\/tutto-quello-che-ce-da-sapere-sugli-asili-nido-di-monaco\/#breadcrumb"},"inLanguage":"it-IT","potentialAction":[{"@type":"ReadAction","target":["https:\/\/www.monaco-tribune.com\/it\/2023\/12\/tutto-quello-che-ce-da-sapere-sugli-asili-nido-di-monaco\/"]}]},{"@type":"ImageObject","inLanguage":"it-IT","@id":"https:\/\/www.monaco-tribune.com\/it\/2023\/12\/tutto-quello-che-ce-da-sapere-sugli-asili-nido-di-monaco\/#primaryimage","url":"https:\/\/www.monaco-tribune.com\/wp-content\/uploads\/2023\/12\/inauguration-creche-testimonio-e1702041729876.jpg","contentUrl":"https:\/\/www.monaco-tribune.com\/wp-content\/uploads\/2023\/12\/inauguration-creche-testimonio-e1702041729876.jpg","width":1200,"height":684,"caption":"L'asilo nido del Testimonio, aperto a gennaio 2023. \u00a9Palazzo del Principe"},{"@type":"BreadcrumbList","@id":"https:\/\/www.monaco-tribune.com\/it\/2023\/12\/tutto-quello-che-ce-da-sapere-sugli-asili-nido-di-monaco\/#breadcrumb","itemListElement":[{"@type":"ListItem","position":1,"name":"Accueil","item":"https:\/\/www.monaco-tribune.com\/it\/"},{"@type":"ListItem","position":2,"name":"Tutto quello che c&rsquo;\u00e8 da sapere sugli asili nido di Monaco"}]},{"@type":"WebSite","@id":"https:\/\/www.monaco-tribune.com\/it\/#website","url":"https:\/\/www.monaco-tribune.com\/it\/","name":"Monaco Tribune","description":"Monaco : actualit\u00e9s \u00e9conomiques, politiques, culturelles et sportives de Monaco et de la French Riviera.","publisher":{"@id":"https:\/\/www.monaco-tribune.com\/it\/#organization"},"potentialAction":[{"@type":"SearchAction","target":{"@type":"EntryPoint","urlTemplate":"https:\/\/www.monaco-tribune.com\/it\/?s={search_term_string}"},"query-input":{"@type":"PropertyValueSpecification","valueRequired":true,"valueName":"search_term_string"}}],"inLanguage":"it-IT"},{"@type":"Organization","@id":"https:\/\/www.monaco-tribune.com\/it\/#organization","name":"Monaco Tribune","url":"https:\/\/www.monaco-tribune.com\/it\/","logo":{"@type":"ImageObject","inLanguage":"it-IT","@id":"https:\/\/www.monaco-tribune.com\/it\/#\/schema\/logo\/image\/","url":"https:\/\/www.monaco-tribune.com\/wp-content\/uploads\/2022\/11\/logo-monaco-tribune.png","contentUrl":"https:\/\/www.monaco-tribune.com\/wp-content\/uploads\/2022\/11\/logo-monaco-tribune.png","width":1548,"height":600,"caption":"Monaco Tribune"},"image":{"@id":"https:\/\/www.monaco-tribune.com\/it\/#\/schema\/logo\/image\/"},"sameAs":["https:\/\/www.facebook.com\/MonacoTribune","https:\/\/x.com\/MonacoTribune","https:\/\/www.instagram.com\/monacotribune\/","https:\/\/www.linkedin.com\/company\/monaco-tribune","https:\/\/www.youtube.com\/channel\/UCHle1MnG6hw1y4lWKijVbMA"]},{"@type":"Person","@id":"https:\/\/www.monaco-tribune.com\/it\/#\/schema\/person\/c33a9f1bc99ef5a2e07d37c576060b57","name":"Paul Charoy","image":{"@type":"ImageObject","inLanguage":"it-IT","@id":"https:\/\/secure.gravatar.com\/avatar\/c3a39fd900275d54a628738568f1949e90ce9945d105d000228335a7bad64b38?s=96&d=mm&r=g","url":"https:\/\/secure.gravatar.com\/avatar\/c3a39fd900275d54a628738568f1949e90ce9945d105d000228335a7bad64b38?s=96&d=mm&r=g","contentUrl":"https:\/\/secure.gravatar.com\/avatar\/c3a39fd900275d54a628738568f1949e90ce9945d105d000228335a7bad64b38?s=96&d=mm&r=g","caption":"Paul Charoy"},"url":"https:\/\/www.monaco-tribune.com\/it\/author\/paulcharoy\/"}]}},"_links":{"self":[{"href":"https:\/\/www.monaco-tribune.com\/it\/wp-json\/wp\/v2\/posts\/205161","targetHints":{"allow":["GET"]}}],"collection":[{"href":"https:\/\/www.monaco-tribune.com\/it\/wp-json\/wp\/v2\/posts"}],"about":[{"href":"https:\/\/www.monaco-tribune.com\/it\/wp-json\/wp\/v2\/types\/post"}],"author":[{"embeddable":true,"href":"https:\/\/www.monaco-tribune.com\/it\/wp-json\/wp\/v2\/users\/65"}],"replies":[{"embeddable":true,"href":"https:\/\/www.monaco-tribune.com\/it\/wp-json\/wp\/v2\/comments?post=205161"}],"version-history":[{"count":2,"href":"https:\/\/www.monaco-tribune.com\/it\/wp-json\/wp\/v2\/posts\/205161\/revisions"}],"predecessor-version":[{"id":205168,"href":"https:\/\/www.monaco-tribune.com\/it\/wp-json\/wp\/v2\/posts\/205161\/revisions\/205168"}],"wp:featuredmedia":[{"embeddable":true,"href":"https:\/\/www.monaco-tribune.com\/it\/wp-json\/wp\/v2\/media\/204820"}],"wp:attachment":[{"href":"https:\/\/www.monaco-tribune.com\/it\/wp-json\/wp\/v2\/media?parent=205161"}],"wp:term":[{"taxonomy":"category","embeddable":true,"href":"https:\/\/www.monaco-tribune.com\/it\/wp-json\/wp\/v2\/categories?post=205161"},{"taxonomy":"post_tag","embeddable":true,"href":"https:\/\/www.monaco-tribune.com\/it\/wp-json\/wp\/v2\/tags?post=205161"},{"taxonomy":"sectag","embeddable":true,"href":"https:\/\/www.monaco-tribune.com\/it\/wp-json\/wp\/v2\/post_sectags?post=205161"},{"taxonomy":"format","embeddable":true,"href":"https:\/\/www.monaco-tribune.com\/it\/wp-json\/wp\/v2\/post_format?post=205161"}],"curies":[{"name":"wp","href":"https:\/\/api.w.org\/{rel}","templated":true}]}}