{"id":207341,"date":"2023-12-21T19:21:36","date_gmt":"2023-12-21T17:21:36","guid":{"rendered":"https:\/\/www.monaco-tribune.com\/2023\/12\/sir-stelios-haji-ioannou-e-la-battaglia-contro-i-marchi-che-utilizzano-la-parola-easy\/"},"modified":"2023-12-21T19:21:43","modified_gmt":"2023-12-21T17:21:43","slug":"sir-stelios-haji-ioannou-e-la-battaglia-contro-i-marchi-che-utilizzano-la-parola-easy","status":"publish","type":"post","link":"https:\/\/www.monaco-tribune.com\/it\/2023\/12\/sir-stelios-haji-ioannou-e-la-battaglia-contro-i-marchi-che-utilizzano-la-parola-easy\/","title":{"rendered":"Sir Stelios Haji-Ioannou e la battaglia contro i marchi che utilizzano la parola &#8220;easy&#8221;"},"content":{"rendered":"\n<p><strong>Il residente monegasco e fondatore di easyJet avrebbe presentato una dozzina di querele all&#8217;Alta Corte del Regno Unito.<\/strong><\/p>\n\n<p>La notizia \u00e8 stata pubblicata dal <em><a href=\"https:\/\/www.thetimes.co.uk\/article\/easyjet-founder-tries-to-ground-brand-parodies-p5t36hrbh\">Times<\/a><\/em>. Sir Stelios Haji-Ioannou, fondatore di easyJet, e in generale di easyGroup, \u00e8 determinato a proteggere il suo marchio &#8220;easy&#8221;.<\/p>\n\n<p>Lo scorso ottobre easyGroup <a href=\"https:\/\/www.monaco-tribune.com\/2023\/10\/easygroup-poursuit-un-groupe-de-musique-en-justice\/\">aveva gi\u00e0 intrapreso un&#8217;azione legale contro il gruppo musicale britannico Easy Life<\/a>, per aver utilizzato il nome &#8220;easy&#8221; senza autorizzazione e per essersi ispirato a easyJet per il marketing dei suoi prodotti.<\/p>\n\n<p>Mentre Easy Life si \u00e8 mostrata in qualche modo divertita sui social network, sostenendo come il gruppo non abbia mai avuto un impatto negativo sull&#8217;azienda, easyGroup ha reagito cos\u00ec in un comunicato: &#8220;Non solo \u00e8 ingiusto nei confronti degli altri marchi di easyGroup, ma pu\u00f2 anche essere dannoso. Ad esempio, l&#8217;immagine negativa di Matravers [il fondatore di Easy Life, n.d.r.] (che \u00e8 stato fatto scendere dal palco perch\u00e9 troppo ubriaco per esibirsi) pu\u00f2 avere un impatto negativo su easyGroup&#8221;.<\/p>\n\n<p>Ma la battaglia non finisce qui. Secondo il <em>Times<\/em>, Sir Stelios Haji-Ioannou ha presentato una dozzina di querele per episodi simili. Una delle ultime riguarda Finn Keane, un cantautore e produttore discografico noto come &#8220;easyfun&#8221;. &#8220;easyGroup ritiene che il signor Keane abbia deliberatamente scelto di copiare la famosa immagine del marchio easyGroup al fine di creare un riconoscimento immediato del marchio per la sua attivit\u00e0 di &#8216;DJ'&#8221;, ha dichiarato l&#8217;azienda <a href=\"https:\/\/easy.com\/easygroup-claim-keane-easyfun\/\">sul suo sito web<\/a>.<\/p>\n\n<h2 class=\"wp-block-heading\" id=\"h-une-parodie-humoristique\">Una divertente parodia?<\/h2>\n\n<p>La questione riguarda la copertina dell&#8217;album <em>Deep Trouble<\/em>, pubblicato nel 2015, che raffigurava un aereo appena ammarato. L&#8217;aeromobile, arancione e bianco, riportava lo stesso carattere del gruppo easy. &#8220;Uno scherzo&#8221;, avrebbe risposto l&#8217;artista agli avvocati di Sir Stelios Haji-Ioannou. A sua difesa, Finn Keane sostiene che l&#8217;immagine raffigura s\u00ec un incidente, ma in chiave umoristica. &#8220;Non solo l&#8217;opera d&#8217;arte \u00e8 di cattivo gusto, ma associarla a un evento cos\u00ec tragico rischia di danneggiare seriamente la reputazione dei marchi di easyGroup, in particolare di easyJet&#8221;, ha risposto Sir Stelios, che ha chiesto un risarcimento danni.<\/p>\n<div class=\"wp-block-image\">\n<figure class=\"aligncenter size-large\"><img loading=\"lazy\" decoding=\"async\" width=\"1024\" height=\"579\" src=\"https:\/\/www.monaco-tribune.com\/wp-content\/uploads\/2023\/12\/easy-fun-1024x579.jpeg\" alt=\"easy-fun\" class=\"wp-image-206082\" srcset=\"https:\/\/www.monaco-tribune.com\/wp-content\/uploads\/2023\/12\/easy-fun-1024x579.jpeg 1024w, https:\/\/www.monaco-tribune.com\/wp-content\/uploads\/2023\/12\/easy-fun-530x300.jpeg 530w, https:\/\/www.monaco-tribune.com\/wp-content\/uploads\/2023\/12\/easy-fun.jpeg 1200w\" sizes=\"auto, (max-width: 1024px) 100vw, 1024px\" \/><figcaption class=\"wp-element-caption\"><em>Il marketing di Easy Fun &#8211; DR<\/em><\/figcaption><\/figure>\n<\/div>\n<p>Oltre all&#8217;appropriazione indebita del marchio, easyGroup denuncia anche le parodie che potrebbero trarre in inganno i consumatori. Secondo il <em>Times<\/em>, per\u00f2, la legge britannica non sanziona questo genere di pratica, a differenza di altri Paesi come gli Stati Uniti, il Canada e l&#8217;Australia.<\/p>\n\n<p>&#8220;Il consenso generale sembra essere che un certo genere di parodia di un marchio, in particolare quando questa \u00e8 una forma di libert\u00e0 di espressione artistica o politica, \u00e8 improbabile che causi un danno al titolare del marchio stesso&#8221;, ha dichiarato al Times David Hansel, direttore associato dello studio legale londinese Hansel Henson. Lo studio aveva assistito diverse societ\u00e0 nel mirino di easyGroup, tra cui Easyart, Easynet, Easy Pizza e Easy Live Auction.<\/p>\n\n<p>Tuttavia, secondo il quotidiano britannico, Sir Stelios Haji-Ioannou ha finalmente vinto la causa contro il gruppo Easy Life, che \u00e8 stato costretto a cambiare nome. easyGroup ha inoltre condiviso sul proprio sito web altre sentenze a suo favore emesse dall&#8217;Alta Corte del Regno Unito contro i &#8220;ladri di marchi&#8221;. Un esempio \u00e8 quello di Easy Car Credit Limited, una societ\u00e0 specializzata in veicoli di seconda mano, che aveva anche utilizzato gli elementi distintivi di easyGroup nelle sue campagne di marketing.<\/p>\n<div class=\"wp-block-image\">\n<figure class=\"aligncenter size-large is-resized\"><img loading=\"lazy\" decoding=\"async\" width=\"1024\" height=\"569\" src=\"https:\/\/www.monaco-tribune.com\/wp-content\/uploads\/2023\/12\/easy-car-credit-limited-1024x569.jpeg\" alt=\"easy-car-credit-limited\" class=\"wp-image-206078\" style=\"width:968px;height:auto\" srcset=\"https:\/\/www.monaco-tribune.com\/wp-content\/uploads\/2023\/12\/easy-car-credit-limited-1024x569.jpeg 1024w, https:\/\/www.monaco-tribune.com\/wp-content\/uploads\/2023\/12\/easy-car-credit-limited-540x300.jpeg 540w, https:\/\/www.monaco-tribune.com\/wp-content\/uploads\/2023\/12\/easy-car-credit-limited.jpeg 1200w\" sizes=\"auto, (max-width: 1024px) 100vw, 1024px\" \/><figcaption class=\"wp-element-caption\"><em>L&#8217;esterno dei locali di Easy Car Credit Limited &#8211; DR<\/em><\/figcaption><\/figure>\n<\/div>","protected":false},"excerpt":{"rendered":"<p>Il residente monegasco e fondatore di easyJet avrebbe presentato una dozzina di querele all&#8217;Alta Corte del Regno Unito. La notizia [&hellip;]<\/p>\n","protected":false},"author":60,"featured_media":206343,"comment_status":"closed","ping_status":"closed","sticky":false,"template":"","format":"standard","meta":{"_acf_changed":false,"footnotes":""},"categories":[1739,1738],"tags":[2962],"post_sectags":[],"post_format":[2478],"class_list":["post-207341","post","type-post","status-publish","format-standard","has-post-thumbnail","hentry","category-business-it","category-notizie","tag-sir-stelios-it","format-notizia"],"acf":[],"yoast_head":"<!-- This site is optimized with the Yoast SEO Premium plugin v26.8 (Yoast SEO v27.4) - https:\/\/yoast.com\/product\/yoast-seo-premium-wordpress\/ -->\n<title>Sir Stelios Haji-Ioannou e la battaglia contro i marchi che utilizzano la parola &quot;easy&quot;<\/title>\n<meta name=\"description\" content=\"Il residente monegasco e fondatore di easyJet avrebbe presentato una dozzina di querele all&#039;Alta Corte del Regno Unito. La notizia \u00e8 stata pubblicata dal\" \/>\n<meta name=\"robots\" content=\"index, follow, max-snippet:-1, max-image-preview:large, max-video-preview:-1\" \/>\n<link rel=\"canonical\" href=\"https:\/\/www.monaco-tribune.com\/it\/2023\/12\/sir-stelios-haji-ioannou-e-la-battaglia-contro-i-marchi-che-utilizzano-la-parola-easy\/\" \/>\n<meta property=\"og:locale\" content=\"it_IT\" \/>\n<meta property=\"og:type\" content=\"article\" \/>\n<meta property=\"og:title\" content=\"Sir Stelios Haji-Ioannou e la battaglia contro i marchi che utilizzano la parola &quot;easy&quot; - Monaco Tribune\" \/>\n<meta property=\"og:description\" content=\"Il residente monegasco e fondatore di easyJet avrebbe presentato una dozzina di querele all&#039;Alta Corte del Regno Unito. La notizia \u00e8 stata pubblicata dal\" \/>\n<meta property=\"og:url\" content=\"https:\/\/www.monaco-tribune.com\/it\/2023\/12\/sir-stelios-haji-ioannou-e-la-battaglia-contro-i-marchi-che-utilizzano-la-parola-easy\/\" \/>\n<meta property=\"og:site_name\" content=\"Monaco Tribune\" \/>\n<meta property=\"article:publisher\" content=\"https:\/\/www.facebook.com\/MonacoTribune\" \/>\n<meta property=\"article:published_time\" content=\"2023-12-21T17:21:36+00:00\" \/>\n<meta property=\"article:modified_time\" content=\"2023-12-21T17:21:43+00:00\" \/>\n<meta property=\"og:image\" content=\"https:\/\/www.monaco-tribune.com\/wp-content\/uploads\/2023\/12\/stelios-haji-ioannou-min.jpg\" \/>\n\t<meta property=\"og:image:width\" content=\"1200\" \/>\n\t<meta property=\"og:image:height\" content=\"721\" \/>\n\t<meta property=\"og:image:type\" content=\"image\/jpeg\" \/>\n<meta name=\"author\" content=\"Camille Esteve\" \/>\n<meta name=\"twitter:card\" content=\"summary_large_image\" \/>\n<meta name=\"twitter:creator\" content=\"@MonacoTribune\" \/>\n<meta name=\"twitter:site\" content=\"@MonacoTribune\" \/>\n<script type=\"application\/ld+json\" class=\"yoast-schema-graph\">{\"@context\":\"https:\\\/\\\/schema.org\",\"@graph\":[{\"@type\":\"NewsArticle\",\"@id\":\"https:\\\/\\\/www.monaco-tribune.com\\\/it\\\/2023\\\/12\\\/sir-stelios-haji-ioannou-e-la-battaglia-contro-i-marchi-che-utilizzano-la-parola-easy\\\/#article\",\"isPartOf\":{\"@id\":\"https:\\\/\\\/www.monaco-tribune.com\\\/it\\\/2023\\\/12\\\/sir-stelios-haji-ioannou-e-la-battaglia-contro-i-marchi-che-utilizzano-la-parola-easy\\\/\"},\"author\":{\"name\":\"Camille Esteve\",\"@id\":\"https:\\\/\\\/www.monaco-tribune.com\\\/it\\\/#\\\/schema\\\/person\\\/a855d420fff4d03637641d60b93ac62e\"},\"headline\":\"Sir Stelios Haji-Ioannou e la battaglia contro i marchi che utilizzano la parola &#8220;easy&#8221;\",\"datePublished\":\"2023-12-21T17:21:36+00:00\",\"dateModified\":\"2023-12-21T17:21:43+00:00\",\"mainEntityOfPage\":{\"@id\":\"https:\\\/\\\/www.monaco-tribune.com\\\/it\\\/2023\\\/12\\\/sir-stelios-haji-ioannou-e-la-battaglia-contro-i-marchi-che-utilizzano-la-parola-easy\\\/\"},\"wordCount\":563,\"publisher\":{\"@id\":\"https:\\\/\\\/www.monaco-tribune.com\\\/it\\\/#organization\"},\"image\":{\"@id\":\"https:\\\/\\\/www.monaco-tribune.com\\\/it\\\/2023\\\/12\\\/sir-stelios-haji-ioannou-e-la-battaglia-contro-i-marchi-che-utilizzano-la-parola-easy\\\/#primaryimage\"},\"thumbnailUrl\":\"https:\\\/\\\/www.monaco-tribune.com\\\/wp-content\\\/uploads\\\/2023\\\/12\\\/stelios-haji-ioannou-min.jpg\",\"keywords\":[\"Sir Stelios\"],\"articleSection\":[\"Business\",\"Notizie\"],\"inLanguage\":\"it-IT\",\"copyrightYear\":\"2023\",\"copyrightHolder\":{\"@id\":\"https:\\\/\\\/www.monaco-tribune.com\\\/#organization\"}},{\"@type\":\"WebPage\",\"@id\":\"https:\\\/\\\/www.monaco-tribune.com\\\/it\\\/2023\\\/12\\\/sir-stelios-haji-ioannou-e-la-battaglia-contro-i-marchi-che-utilizzano-la-parola-easy\\\/\",\"url\":\"https:\\\/\\\/www.monaco-tribune.com\\\/it\\\/2023\\\/12\\\/sir-stelios-haji-ioannou-e-la-battaglia-contro-i-marchi-che-utilizzano-la-parola-easy\\\/\",\"name\":\"Sir Stelios Haji-Ioannou e la battaglia contro i marchi che utilizzano la parola \\\"easy\\\"\",\"isPartOf\":{\"@id\":\"https:\\\/\\\/www.monaco-tribune.com\\\/it\\\/#website\"},\"primaryImageOfPage\":{\"@id\":\"https:\\\/\\\/www.monaco-tribune.com\\\/it\\\/2023\\\/12\\\/sir-stelios-haji-ioannou-e-la-battaglia-contro-i-marchi-che-utilizzano-la-parola-easy\\\/#primaryimage\"},\"image\":{\"@id\":\"https:\\\/\\\/www.monaco-tribune.com\\\/it\\\/2023\\\/12\\\/sir-stelios-haji-ioannou-e-la-battaglia-contro-i-marchi-che-utilizzano-la-parola-easy\\\/#primaryimage\"},\"thumbnailUrl\":\"https:\\\/\\\/www.monaco-tribune.com\\\/wp-content\\\/uploads\\\/2023\\\/12\\\/stelios-haji-ioannou-min.jpg\",\"datePublished\":\"2023-12-21T17:21:36+00:00\",\"dateModified\":\"2023-12-21T17:21:43+00:00\",\"description\":\"Il residente monegasco e fondatore di easyJet avrebbe presentato una dozzina di querele all'Alta Corte del Regno Unito. La notizia \u00e8 stata pubblicata dal\",\"breadcrumb\":{\"@id\":\"https:\\\/\\\/www.monaco-tribune.com\\\/it\\\/2023\\\/12\\\/sir-stelios-haji-ioannou-e-la-battaglia-contro-i-marchi-che-utilizzano-la-parola-easy\\\/#breadcrumb\"},\"inLanguage\":\"it-IT\",\"potentialAction\":[{\"@type\":\"ReadAction\",\"target\":[\"https:\\\/\\\/www.monaco-tribune.com\\\/it\\\/2023\\\/12\\\/sir-stelios-haji-ioannou-e-la-battaglia-contro-i-marchi-che-utilizzano-la-parola-easy\\\/\"]}]},{\"@type\":\"ImageObject\",\"inLanguage\":\"it-IT\",\"@id\":\"https:\\\/\\\/www.monaco-tribune.com\\\/it\\\/2023\\\/12\\\/sir-stelios-haji-ioannou-e-la-battaglia-contro-i-marchi-che-utilizzano-la-parola-easy\\\/#primaryimage\",\"url\":\"https:\\\/\\\/www.monaco-tribune.com\\\/wp-content\\\/uploads\\\/2023\\\/12\\\/stelios-haji-ioannou-min.jpg\",\"contentUrl\":\"https:\\\/\\\/www.monaco-tribune.com\\\/wp-content\\\/uploads\\\/2023\\\/12\\\/stelios-haji-ioannou-min.jpg\",\"width\":1200,\"height\":721,\"caption\":\"Sir Stelio Haji-Ioannou - DR\"},{\"@type\":\"BreadcrumbList\",\"@id\":\"https:\\\/\\\/www.monaco-tribune.com\\\/it\\\/2023\\\/12\\\/sir-stelios-haji-ioannou-e-la-battaglia-contro-i-marchi-che-utilizzano-la-parola-easy\\\/#breadcrumb\",\"itemListElement\":[{\"@type\":\"ListItem\",\"position\":1,\"name\":\"Accueil\",\"item\":\"https:\\\/\\\/www.monaco-tribune.com\\\/it\\\/\"},{\"@type\":\"ListItem\",\"position\":2,\"name\":\"Sir Stelios Haji-Ioannou e la battaglia contro i marchi che utilizzano la parola &#8220;easy&#8221;\"}]},{\"@type\":\"WebSite\",\"@id\":\"https:\\\/\\\/www.monaco-tribune.com\\\/it\\\/#website\",\"url\":\"https:\\\/\\\/www.monaco-tribune.com\\\/it\\\/\",\"name\":\"Monaco Tribune\",\"description\":\"Monaco : actualit\u00e9s \u00e9conomiques, politiques, culturelles et sportives de Monaco et de la French Riviera.\",\"publisher\":{\"@id\":\"https:\\\/\\\/www.monaco-tribune.com\\\/it\\\/#organization\"},\"potentialAction\":[{\"@type\":\"SearchAction\",\"target\":{\"@type\":\"EntryPoint\",\"urlTemplate\":\"https:\\\/\\\/www.monaco-tribune.com\\\/it\\\/?s={search_term_string}\"},\"query-input\":{\"@type\":\"PropertyValueSpecification\",\"valueRequired\":true,\"valueName\":\"search_term_string\"}}],\"inLanguage\":\"it-IT\"},{\"@type\":\"Organization\",\"@id\":\"https:\\\/\\\/www.monaco-tribune.com\\\/it\\\/#organization\",\"name\":\"Monaco Tribune\",\"url\":\"https:\\\/\\\/www.monaco-tribune.com\\\/it\\\/\",\"logo\":{\"@type\":\"ImageObject\",\"inLanguage\":\"it-IT\",\"@id\":\"https:\\\/\\\/www.monaco-tribune.com\\\/it\\\/#\\\/schema\\\/logo\\\/image\\\/\",\"url\":\"https:\\\/\\\/www.monaco-tribune.com\\\/wp-content\\\/uploads\\\/2022\\\/11\\\/logo-monaco-tribune.png\",\"contentUrl\":\"https:\\\/\\\/www.monaco-tribune.com\\\/wp-content\\\/uploads\\\/2022\\\/11\\\/logo-monaco-tribune.png\",\"width\":1548,\"height\":600,\"caption\":\"Monaco Tribune\"},\"image\":{\"@id\":\"https:\\\/\\\/www.monaco-tribune.com\\\/it\\\/#\\\/schema\\\/logo\\\/image\\\/\"},\"sameAs\":[\"https:\\\/\\\/www.facebook.com\\\/MonacoTribune\",\"https:\\\/\\\/x.com\\\/MonacoTribune\",\"https:\\\/\\\/www.instagram.com\\\/monacotribune\\\/\",\"https:\\\/\\\/www.linkedin.com\\\/company\\\/monaco-tribune\",\"https:\\\/\\\/www.youtube.com\\\/channel\\\/UCHle1MnG6hw1y4lWKijVbMA\"]},{\"@type\":\"Person\",\"@id\":\"https:\\\/\\\/www.monaco-tribune.com\\\/it\\\/#\\\/schema\\\/person\\\/a855d420fff4d03637641d60b93ac62e\",\"name\":\"Camille Esteve\",\"image\":{\"@type\":\"ImageObject\",\"inLanguage\":\"it-IT\",\"@id\":\"https:\\\/\\\/secure.gravatar.com\\\/avatar\\\/eaaa2355a7bb56c0018a391c20a55bf9b4690e3f493231dd850e612bfa6ce161?s=96&d=mm&r=g\",\"url\":\"https:\\\/\\\/secure.gravatar.com\\\/avatar\\\/eaaa2355a7bb56c0018a391c20a55bf9b4690e3f493231dd850e612bfa6ce161?s=96&d=mm&r=g\",\"contentUrl\":\"https:\\\/\\\/secure.gravatar.com\\\/avatar\\\/eaaa2355a7bb56c0018a391c20a55bf9b4690e3f493231dd850e612bfa6ce161?s=96&d=mm&r=g\",\"caption\":\"Camille Esteve\"},\"url\":\"https:\\\/\\\/www.monaco-tribune.com\\\/it\\\/author\\\/camilleesteve\\\/\"}]}<\/script>\n<!-- \/ Yoast SEO Premium plugin. -->","yoast_head_json":{"title":"Sir Stelios Haji-Ioannou e la battaglia contro i marchi che utilizzano la parola \"easy\"","description":"Il residente monegasco e fondatore di easyJet avrebbe presentato una dozzina di querele all'Alta Corte del Regno Unito. La notizia \u00e8 stata pubblicata dal","robots":{"index":"index","follow":"follow","max-snippet":"max-snippet:-1","max-image-preview":"max-image-preview:large","max-video-preview":"max-video-preview:-1"},"canonical":"https:\/\/www.monaco-tribune.com\/it\/2023\/12\/sir-stelios-haji-ioannou-e-la-battaglia-contro-i-marchi-che-utilizzano-la-parola-easy\/","og_locale":"it_IT","og_type":"article","og_title":"Sir Stelios Haji-Ioannou e la battaglia contro i marchi che utilizzano la parola \"easy\" - Monaco Tribune","og_description":"Il residente monegasco e fondatore di easyJet avrebbe presentato una dozzina di querele all'Alta Corte del Regno Unito. La notizia \u00e8 stata pubblicata dal","og_url":"https:\/\/www.monaco-tribune.com\/it\/2023\/12\/sir-stelios-haji-ioannou-e-la-battaglia-contro-i-marchi-che-utilizzano-la-parola-easy\/","og_site_name":"Monaco Tribune","article_publisher":"https:\/\/www.facebook.com\/MonacoTribune","article_published_time":"2023-12-21T17:21:36+00:00","article_modified_time":"2023-12-21T17:21:43+00:00","og_image":[{"width":1200,"height":721,"url":"https:\/\/www.monaco-tribune.com\/wp-content\/uploads\/2023\/12\/stelios-haji-ioannou-min.jpg","type":"image\/jpeg"}],"author":"Camille Esteve","twitter_card":"summary_large_image","twitter_creator":"@MonacoTribune","twitter_site":"@MonacoTribune","schema":{"@context":"https:\/\/schema.org","@graph":[{"@type":"NewsArticle","@id":"https:\/\/www.monaco-tribune.com\/it\/2023\/12\/sir-stelios-haji-ioannou-e-la-battaglia-contro-i-marchi-che-utilizzano-la-parola-easy\/#article","isPartOf":{"@id":"https:\/\/www.monaco-tribune.com\/it\/2023\/12\/sir-stelios-haji-ioannou-e-la-battaglia-contro-i-marchi-che-utilizzano-la-parola-easy\/"},"author":{"name":"Camille Esteve","@id":"https:\/\/www.monaco-tribune.com\/it\/#\/schema\/person\/a855d420fff4d03637641d60b93ac62e"},"headline":"Sir Stelios Haji-Ioannou e la battaglia contro i marchi che utilizzano la parola &#8220;easy&#8221;","datePublished":"2023-12-21T17:21:36+00:00","dateModified":"2023-12-21T17:21:43+00:00","mainEntityOfPage":{"@id":"https:\/\/www.monaco-tribune.com\/it\/2023\/12\/sir-stelios-haji-ioannou-e-la-battaglia-contro-i-marchi-che-utilizzano-la-parola-easy\/"},"wordCount":563,"publisher":{"@id":"https:\/\/www.monaco-tribune.com\/it\/#organization"},"image":{"@id":"https:\/\/www.monaco-tribune.com\/it\/2023\/12\/sir-stelios-haji-ioannou-e-la-battaglia-contro-i-marchi-che-utilizzano-la-parola-easy\/#primaryimage"},"thumbnailUrl":"https:\/\/www.monaco-tribune.com\/wp-content\/uploads\/2023\/12\/stelios-haji-ioannou-min.jpg","keywords":["Sir Stelios"],"articleSection":["Business","Notizie"],"inLanguage":"it-IT","copyrightYear":"2023","copyrightHolder":{"@id":"https:\/\/www.monaco-tribune.com\/#organization"}},{"@type":"WebPage","@id":"https:\/\/www.monaco-tribune.com\/it\/2023\/12\/sir-stelios-haji-ioannou-e-la-battaglia-contro-i-marchi-che-utilizzano-la-parola-easy\/","url":"https:\/\/www.monaco-tribune.com\/it\/2023\/12\/sir-stelios-haji-ioannou-e-la-battaglia-contro-i-marchi-che-utilizzano-la-parola-easy\/","name":"Sir Stelios Haji-Ioannou e la battaglia contro i marchi che utilizzano la parola \"easy\"","isPartOf":{"@id":"https:\/\/www.monaco-tribune.com\/it\/#website"},"primaryImageOfPage":{"@id":"https:\/\/www.monaco-tribune.com\/it\/2023\/12\/sir-stelios-haji-ioannou-e-la-battaglia-contro-i-marchi-che-utilizzano-la-parola-easy\/#primaryimage"},"image":{"@id":"https:\/\/www.monaco-tribune.com\/it\/2023\/12\/sir-stelios-haji-ioannou-e-la-battaglia-contro-i-marchi-che-utilizzano-la-parola-easy\/#primaryimage"},"thumbnailUrl":"https:\/\/www.monaco-tribune.com\/wp-content\/uploads\/2023\/12\/stelios-haji-ioannou-min.jpg","datePublished":"2023-12-21T17:21:36+00:00","dateModified":"2023-12-21T17:21:43+00:00","description":"Il residente monegasco e fondatore di easyJet avrebbe presentato una dozzina di querele all'Alta Corte del Regno Unito. La notizia \u00e8 stata pubblicata dal","breadcrumb":{"@id":"https:\/\/www.monaco-tribune.com\/it\/2023\/12\/sir-stelios-haji-ioannou-e-la-battaglia-contro-i-marchi-che-utilizzano-la-parola-easy\/#breadcrumb"},"inLanguage":"it-IT","potentialAction":[{"@type":"ReadAction","target":["https:\/\/www.monaco-tribune.com\/it\/2023\/12\/sir-stelios-haji-ioannou-e-la-battaglia-contro-i-marchi-che-utilizzano-la-parola-easy\/"]}]},{"@type":"ImageObject","inLanguage":"it-IT","@id":"https:\/\/www.monaco-tribune.com\/it\/2023\/12\/sir-stelios-haji-ioannou-e-la-battaglia-contro-i-marchi-che-utilizzano-la-parola-easy\/#primaryimage","url":"https:\/\/www.monaco-tribune.com\/wp-content\/uploads\/2023\/12\/stelios-haji-ioannou-min.jpg","contentUrl":"https:\/\/www.monaco-tribune.com\/wp-content\/uploads\/2023\/12\/stelios-haji-ioannou-min.jpg","width":1200,"height":721,"caption":"Sir Stelio Haji-Ioannou - DR"},{"@type":"BreadcrumbList","@id":"https:\/\/www.monaco-tribune.com\/it\/2023\/12\/sir-stelios-haji-ioannou-e-la-battaglia-contro-i-marchi-che-utilizzano-la-parola-easy\/#breadcrumb","itemListElement":[{"@type":"ListItem","position":1,"name":"Accueil","item":"https:\/\/www.monaco-tribune.com\/it\/"},{"@type":"ListItem","position":2,"name":"Sir Stelios Haji-Ioannou e la battaglia contro i marchi che utilizzano la parola &#8220;easy&#8221;"}]},{"@type":"WebSite","@id":"https:\/\/www.monaco-tribune.com\/it\/#website","url":"https:\/\/www.monaco-tribune.com\/it\/","name":"Monaco Tribune","description":"Monaco : actualit\u00e9s \u00e9conomiques, politiques, culturelles et sportives de Monaco et de la French Riviera.","publisher":{"@id":"https:\/\/www.monaco-tribune.com\/it\/#organization"},"potentialAction":[{"@type":"SearchAction","target":{"@type":"EntryPoint","urlTemplate":"https:\/\/www.monaco-tribune.com\/it\/?s={search_term_string}"},"query-input":{"@type":"PropertyValueSpecification","valueRequired":true,"valueName":"search_term_string"}}],"inLanguage":"it-IT"},{"@type":"Organization","@id":"https:\/\/www.monaco-tribune.com\/it\/#organization","name":"Monaco Tribune","url":"https:\/\/www.monaco-tribune.com\/it\/","logo":{"@type":"ImageObject","inLanguage":"it-IT","@id":"https:\/\/www.monaco-tribune.com\/it\/#\/schema\/logo\/image\/","url":"https:\/\/www.monaco-tribune.com\/wp-content\/uploads\/2022\/11\/logo-monaco-tribune.png","contentUrl":"https:\/\/www.monaco-tribune.com\/wp-content\/uploads\/2022\/11\/logo-monaco-tribune.png","width":1548,"height":600,"caption":"Monaco Tribune"},"image":{"@id":"https:\/\/www.monaco-tribune.com\/it\/#\/schema\/logo\/image\/"},"sameAs":["https:\/\/www.facebook.com\/MonacoTribune","https:\/\/x.com\/MonacoTribune","https:\/\/www.instagram.com\/monacotribune\/","https:\/\/www.linkedin.com\/company\/monaco-tribune","https:\/\/www.youtube.com\/channel\/UCHle1MnG6hw1y4lWKijVbMA"]},{"@type":"Person","@id":"https:\/\/www.monaco-tribune.com\/it\/#\/schema\/person\/a855d420fff4d03637641d60b93ac62e","name":"Camille Esteve","image":{"@type":"ImageObject","inLanguage":"it-IT","@id":"https:\/\/secure.gravatar.com\/avatar\/eaaa2355a7bb56c0018a391c20a55bf9b4690e3f493231dd850e612bfa6ce161?s=96&d=mm&r=g","url":"https:\/\/secure.gravatar.com\/avatar\/eaaa2355a7bb56c0018a391c20a55bf9b4690e3f493231dd850e612bfa6ce161?s=96&d=mm&r=g","contentUrl":"https:\/\/secure.gravatar.com\/avatar\/eaaa2355a7bb56c0018a391c20a55bf9b4690e3f493231dd850e612bfa6ce161?s=96&d=mm&r=g","caption":"Camille Esteve"},"url":"https:\/\/www.monaco-tribune.com\/it\/author\/camilleesteve\/"}]}},"_links":{"self":[{"href":"https:\/\/www.monaco-tribune.com\/it\/wp-json\/wp\/v2\/posts\/207341","targetHints":{"allow":["GET"]}}],"collection":[{"href":"https:\/\/www.monaco-tribune.com\/it\/wp-json\/wp\/v2\/posts"}],"about":[{"href":"https:\/\/www.monaco-tribune.com\/it\/wp-json\/wp\/v2\/types\/post"}],"author":[{"embeddable":true,"href":"https:\/\/www.monaco-tribune.com\/it\/wp-json\/wp\/v2\/users\/60"}],"replies":[{"embeddable":true,"href":"https:\/\/www.monaco-tribune.com\/it\/wp-json\/wp\/v2\/comments?post=207341"}],"version-history":[{"count":2,"href":"https:\/\/www.monaco-tribune.com\/it\/wp-json\/wp\/v2\/posts\/207341\/revisions"}],"predecessor-version":[{"id":207344,"href":"https:\/\/www.monaco-tribune.com\/it\/wp-json\/wp\/v2\/posts\/207341\/revisions\/207344"}],"wp:featuredmedia":[{"embeddable":true,"href":"https:\/\/www.monaco-tribune.com\/it\/wp-json\/wp\/v2\/media\/206343"}],"wp:attachment":[{"href":"https:\/\/www.monaco-tribune.com\/it\/wp-json\/wp\/v2\/media?parent=207341"}],"wp:term":[{"taxonomy":"category","embeddable":true,"href":"https:\/\/www.monaco-tribune.com\/it\/wp-json\/wp\/v2\/categories?post=207341"},{"taxonomy":"post_tag","embeddable":true,"href":"https:\/\/www.monaco-tribune.com\/it\/wp-json\/wp\/v2\/tags?post=207341"},{"taxonomy":"sectag","embeddable":true,"href":"https:\/\/www.monaco-tribune.com\/it\/wp-json\/wp\/v2\/post_sectags?post=207341"},{"taxonomy":"format","embeddable":true,"href":"https:\/\/www.monaco-tribune.com\/it\/wp-json\/wp\/v2\/post_format?post=207341"}],"curies":[{"name":"wp","href":"https:\/\/api.w.org\/{rel}","templated":true}]}}