{"id":208847,"date":"2023-12-29T13:28:07","date_gmt":"2023-12-29T11:28:07","guid":{"rendered":"https:\/\/www.monaco-tribune.com\/2023\/12\/cosa-fare-a-monaco-a-gennaio-2024\/"},"modified":"2023-12-29T13:28:11","modified_gmt":"2023-12-29T11:28:11","slug":"cosa-fare-a-monaco-a-gennaio-2024","status":"publish","type":"post","link":"https:\/\/www.monaco-tribune.com\/it\/2023\/12\/cosa-fare-a-monaco-a-gennaio-2024\/","title":{"rendered":"Cosa fare a Monaco a gennaio 2024?"},"content":{"rendered":"\n<p><strong>Monaco Tribune ha raccolto i principali eventi da non perdere nel Principato e vi d\u00e0 qualche idee su cosa fare. <\/strong><\/p>\n\n<h2 class=\"wp-block-heading\" id=\"h-village-et-pop-up-de-noel\">Villaggi e pop-up di Natale<\/h2>\n\n<p>A gennaio il Principato vivr\u00e0 ancora per qualche giorno lo spirito del Natale, festa a cui il Comune ha dedicato il tradizionale Villaggio di Natale. Fino al 7 gennaio, potrete aggirarvi tra i <strong>24 chalet e i 19 stand gastronomici<\/strong> su Quai Albert I. Troverete anche 800 abeti veri e 7 giostre, tra cui la ruota panoramica, la pista per slittini e la giostra degli alberi di Natale. Quest&#8217;anno, in occasione del centenario, il Villaggio rende omaggio al Principe Ranieri III.<\/p>\n\n<p>Fino al 6 gennaio, l&#8217;Avenue de Monte-Carlo ospita anche un pop-up natalizio. Regali, prelibatezze&#8230; Troverete diversi chalet a pochi metri dal Casin\u00f2 di Monte-Carlo.<\/p>\n\n<hr class=\"wp-block-separator has-alpha-channel-opacity\"\/>\n\n<ul class=\"wp-block-list\">\n<li><strong>Villaggio di Natale:<\/strong> fino al 7 gennaio \/ Port Hercule<\/li>\n\n\n\n<li><strong>Pop-up di Natale:<\/strong> fino al 6 gennaio \/ Avenue de Monte-Carlo<\/li>\n<\/ul>\n\n<h2 class=\"wp-block-heading\" id=\"h-village-des-sports\">Villaggio dello sport<\/h2>\n\n<p>\u00c8 una novit\u00e0 inaugurata a dicembre a Port Hercule. Sulla Darse Sud troverete <strong>percorsi a ostacoli<\/strong> ispirati al programma televisivo Ninja Warrior, tre per diversi livelli ed et\u00e0, un percorso acrobatico, due pareti di arrampicata e <strong>una zip-line<\/strong>. Quest&#8217;ultima \u00e8 una novit\u00e0 assoluta per Monaco e consentir\u00e0 ai pi\u00f9 coraggiosi di sorvolare il Porto. Il divertimento vi aspetta, dai tre anni in su, fino al 7 gennaio.<\/p>\n\n<hr class=\"wp-block-separator has-alpha-channel-opacity\"\/>\n\n<ul class=\"wp-block-list\">\n<li><strong>Village dello sport:<\/strong> fino al 7 gennaio \/ Port Hercule<\/li>\n\n\n\n<li><strong>Prezzi:<\/strong> da 7 a 10\u20ac per 30 minuti a seconda dell&#8217;attivit\u00e0 \u2013 8\u20ac la zip-line<\/li>\n<\/ul>\n\n<h2 class=\"wp-block-heading\" id=\"h-le-chemin-des-creches\">Le Chemin des Cr\u00e8ches <\/h2>\n\n<p>Siete in giro nel Principato? Fino all&#8217;8 gennaio, scoprite <strong>le decine di presepi allestiti lungo il Chemin des Cr\u00e8ches<\/strong> (il sentiero dei presepi), dalla Rampe Major a tutta la Rocca. Alcuni da collezione, altri realizzati a mano e altri ancora creati dagli alunni delle scuole del Principato. \u00c8 un&#8217;occasione per scoprire, o riscoprire, il patrimonio della Rocca di Monaco, con le sue tipiche stradine, i bellissimi edifici e lo splendido Palazzo.<\/p>\n\n<hr class=\"wp-block-separator has-alpha-channel-opacity\"\/>\n\n<ul class=\"wp-block-list\">\n<li>Fino all&#8217;8 gennaio<\/li>\n<\/ul>\n\n<h2 class=\"wp-block-heading\" id=\"h-46eme-festival-du-cirque-de-monte-carlo\">46\u00b0 Festival del Circo di Monte-Carlo<\/h2>\n\n<p>La prossima edizione dell&#8217;evento avr\u00e0 un sapore speciale. Da <strong>venerd\u00ec 19 a domenica 28 gennaio 2024<\/strong>, la 46\u00aa edizione del Festival sar\u00e0 un vero incanto, con numeri di grande effetto <strong>tra acrobazia, comicit\u00e0 e animali<\/strong>. E proprio questi sono &#8220;i tre pilastri dell&#8217;arte circense, come ha sempre ribadito il Principe Ranieri III&#8221;, scrive il Governo del Principe, ricordando il centenario della sua nascita commemorata nel 2023.<\/p>\n\n<p>Il circo ha deciso di festeggiare in anticipo con una mostra, &#8220;Le Prince au c\u0153ur du cirque&#8221; (Il Principe al centro del circo), allestita presso l&#8217;ex Museo dell&#8217;Automobile sulle Terrasses de Fontvieille fino al 28 gennaio 2024. L&#8217;ingresso \u00e8 gratuito.<\/p>\n\n<hr class=\"wp-block-separator has-alpha-channel-opacity\"\/>\n\n<ul class=\"wp-block-list\">\n<li>La biglietteria \u00e8 aperta dal luned\u00ec al venerd\u00ec, dalle 10:00 alle 13:00 e dalle 14:00 alle 18:00, presso il tendone dell&#8217;Espace Fontvieille.<\/li>\n\n\n\n<li><strong>Telefono<\/strong>: +377.92.05.23.45<\/li>\n<\/ul>\n\n<h2 class=\"wp-block-heading\" id=\"h-celebration-de-la-sainte-devote\">Festeggiamenti per Santa Devota<\/h2>\n\n<p>Nella settimana del 27 gennaio, il Principato celebra Santa Devota. &#8220;<strong>La leggenda di Santa Devota<\/strong>&#8221; \u00e8 il fulcro della storia monegasca e racconta la vita di Devota, giovane martire cristiana il cui corpo arriv\u00f2 a Monaco (che all&#8217;epoca non si chiamava ancora Monaco) su una barca. Dal 1874, la tradizione si rinnova ogni anno: una barca, sulla sua pira, viene bruciata alla presenza del Sovrano e della Famiglia Principesca. Appuntamento al Quai Albert I il <strong>26 gennaio 2024<\/strong> per assistere a questo momento solenne, cullati dal calore del fuoco e dai canti corsi, e il <strong>27 gennaio<\/strong> alla Cattedrale per la messa, seguita dalla processione. L&#8217;anno scorso, uno spettacolo di droni ha accompagnato la celebrazione.<\/p>\n\n<h2 class=\"wp-block-heading\" id=\"h-idees-sorties\">Idee su cosa fare<\/h2>\n\n<ul class=\"wp-block-list\">\n<li><strong>9 gennaio<\/strong>: Eurolega &#8211; AS Monaco Basket \/ Baskiona Vitoria-Gasteiz &#8211; Salle Gaston M\u00e9decin alle 19:00<\/li>\n\n\n\n<li><strong>9 gennaio<\/strong>: Mardis du cin\u00e9ma &#8211; <em>Lettera da una sconosciuta<\/em>, Max Ophuls (1948) \/ Th\u00e9\u00e2tre des Vari\u00e9t\u00e9s alle 20:00<\/li>\n\n\n\n<li><strong>13 gennaio<\/strong>: AS Monaco \/ Stade de Reims &#8211; Ligue 1, Stadio Louis-II alle 17:00<\/li>\n\n\n\n<li><strong>16 gennaio<\/strong>: Tout l&#8217;Art du Cin\u00e9ma &#8211; <em>Alibi e sospetti<\/em>, Pascal Bonitzer (2008) \/ Th\u00e9\u00e2tre des Vari\u00e9t\u00e9s ore 20:00<\/li>\n\n\n\n<li><strong>19 gennaio<\/strong>: Eurolega &#8211; AS Monaco Basket \/ Real Madrid &#8211; Salle Gaston M\u00e9decin alle 20:00<\/li>\n\n\n\n<li><strong>21 gennaio<\/strong>: Betclic Elite &#8211; AS Monaco Basket \/ Le Mans &#8211; Salles Gaston M\u00e9decin alle 19:00<\/li>\n\n\n\n<li><strong>23 gennaio<\/strong>: Mardis du cin\u00e9ma &#8211; <em>La maman et la putain<\/em>, Jean Eustache (1972) \/ Th\u00e9\u00e2tre des Vari\u00e9t\u00e9s alle 20:00<\/li>\n\n\n\n<li><strong>31 gennaio<\/strong>: Eurolega &#8211; AS Monaco Basket \/ Partizan Mozzart Bet Belgrado &#8211; Salle Gaston M\u00e9decin alle 19:00<\/li>\n<\/ul>\n","protected":false},"excerpt":{"rendered":"<p>Monaco Tribune ha raccolto i principali eventi da non perdere nel Principato e vi d\u00e0 qualche idee su cosa fare. [&hellip;]<\/p>\n","protected":false},"author":65,"featured_media":208618,"comment_status":"closed","ping_status":"closed","sticky":false,"template":"","format":"standard","meta":{"_acf_changed":false,"footnotes":""},"categories":[1740,1826,1738],"tags":[2890],"post_sectags":[4705],"post_format":[2471],"class_list":["post-208847","post","type-post","status-publish","format-standard","has-post-thumbnail","hentry","category-cosa-fare","category-la-nostra-scelta","category-notizie","tag-eventi","sectag-gennaio","format-evento"],"acf":[],"yoast_head":"<!-- This site is optimized with the Yoast SEO Premium plugin v26.8 (Yoast SEO v27.5) - https:\/\/yoast.com\/product\/yoast-seo-premium-wordpress\/ -->\n<title>Cosa fare a Monaco a gennaio 2024?<\/title>\n<meta name=\"description\" content=\"Monaco Tribune ha raccolto i principali eventi da non perdere nel Principato e vi d\u00e0 qualche idee su cosa fare. Villaggi e pop-up di Natale A gennaio il\" \/>\n<meta name=\"robots\" content=\"index, follow, max-snippet:-1, max-image-preview:large, max-video-preview:-1\" \/>\n<link rel=\"canonical\" href=\"https:\/\/www.monaco-tribune.com\/it\/2023\/12\/cosa-fare-a-monaco-a-gennaio-2024\/\" \/>\n<meta property=\"og:locale\" content=\"it_IT\" \/>\n<meta property=\"og:type\" content=\"article\" \/>\n<meta property=\"og:title\" content=\"Cosa fare a Monaco a gennaio 2024? - Monaco Tribune\" \/>\n<meta property=\"og:description\" content=\"Monaco Tribune ha raccolto i principali eventi da non perdere nel Principato e vi d\u00e0 qualche idee su cosa fare. Villaggi e pop-up di Natale A gennaio il\" \/>\n<meta property=\"og:url\" content=\"https:\/\/www.monaco-tribune.com\/it\/2023\/12\/cosa-fare-a-monaco-a-gennaio-2024\/\" \/>\n<meta property=\"og:site_name\" content=\"Monaco Tribune\" \/>\n<meta property=\"article:publisher\" content=\"https:\/\/www.facebook.com\/MonacoTribune\" \/>\n<meta property=\"article:published_time\" content=\"2023-12-29T11:28:07+00:00\" \/>\n<meta property=\"article:modified_time\" content=\"2023-12-29T11:28:11+00:00\" \/>\n<meta property=\"og:image\" content=\"https:\/\/www.monaco-tribune.com\/wp-content\/uploads\/2023\/12\/festival-du-cirque-de-monte-carlo.jpg\" \/>\n\t<meta property=\"og:image:width\" content=\"1200\" \/>\n\t<meta property=\"og:image:height\" content=\"684\" \/>\n\t<meta property=\"og:image:type\" content=\"image\/jpeg\" \/>\n<meta name=\"author\" content=\"Paul Charoy\" \/>\n<meta name=\"twitter:card\" content=\"summary_large_image\" \/>\n<meta name=\"twitter:creator\" content=\"@MonacoTribune\" \/>\n<meta name=\"twitter:site\" content=\"@MonacoTribune\" \/>\n<script type=\"application\/ld+json\" class=\"yoast-schema-graph\">{\"@context\":\"https:\\\/\\\/schema.org\",\"@graph\":[{\"@type\":\"NewsArticle\",\"@id\":\"https:\\\/\\\/www.monaco-tribune.com\\\/it\\\/2023\\\/12\\\/cosa-fare-a-monaco-a-gennaio-2024\\\/#article\",\"isPartOf\":{\"@id\":\"https:\\\/\\\/www.monaco-tribune.com\\\/it\\\/2023\\\/12\\\/cosa-fare-a-monaco-a-gennaio-2024\\\/\"},\"author\":{\"name\":\"Paul Charoy\",\"@id\":\"https:\\\/\\\/www.monaco-tribune.com\\\/it\\\/#\\\/schema\\\/person\\\/c33a9f1bc99ef5a2e07d37c576060b57\"},\"headline\":\"Cosa fare a Monaco a gennaio 2024?\",\"datePublished\":\"2023-12-29T11:28:07+00:00\",\"dateModified\":\"2023-12-29T11:28:11+00:00\",\"mainEntityOfPage\":{\"@id\":\"https:\\\/\\\/www.monaco-tribune.com\\\/it\\\/2023\\\/12\\\/cosa-fare-a-monaco-a-gennaio-2024\\\/\"},\"wordCount\":692,\"publisher\":{\"@id\":\"https:\\\/\\\/www.monaco-tribune.com\\\/it\\\/#organization\"},\"image\":{\"@id\":\"https:\\\/\\\/www.monaco-tribune.com\\\/it\\\/2023\\\/12\\\/cosa-fare-a-monaco-a-gennaio-2024\\\/#primaryimage\"},\"thumbnailUrl\":\"https:\\\/\\\/www.monaco-tribune.com\\\/wp-content\\\/uploads\\\/2023\\\/12\\\/festival-du-cirque-de-monte-carlo.jpg\",\"keywords\":[\"Eventi\"],\"articleSection\":[\"Cosa fare\",\"La nostra scelta\",\"Notizie\"],\"inLanguage\":\"it-IT\",\"copyrightYear\":\"2023\",\"copyrightHolder\":{\"@id\":\"https:\\\/\\\/www.monaco-tribune.com\\\/#organization\"}},{\"@type\":\"WebPage\",\"@id\":\"https:\\\/\\\/www.monaco-tribune.com\\\/it\\\/2023\\\/12\\\/cosa-fare-a-monaco-a-gennaio-2024\\\/\",\"url\":\"https:\\\/\\\/www.monaco-tribune.com\\\/it\\\/2023\\\/12\\\/cosa-fare-a-monaco-a-gennaio-2024\\\/\",\"name\":\"Cosa fare a Monaco a gennaio 2024?\",\"isPartOf\":{\"@id\":\"https:\\\/\\\/www.monaco-tribune.com\\\/it\\\/#website\"},\"primaryImageOfPage\":{\"@id\":\"https:\\\/\\\/www.monaco-tribune.com\\\/it\\\/2023\\\/12\\\/cosa-fare-a-monaco-a-gennaio-2024\\\/#primaryimage\"},\"image\":{\"@id\":\"https:\\\/\\\/www.monaco-tribune.com\\\/it\\\/2023\\\/12\\\/cosa-fare-a-monaco-a-gennaio-2024\\\/#primaryimage\"},\"thumbnailUrl\":\"https:\\\/\\\/www.monaco-tribune.com\\\/wp-content\\\/uploads\\\/2023\\\/12\\\/festival-du-cirque-de-monte-carlo.jpg\",\"datePublished\":\"2023-12-29T11:28:07+00:00\",\"dateModified\":\"2023-12-29T11:28:11+00:00\",\"description\":\"Monaco Tribune ha raccolto i principali eventi da non perdere nel Principato e vi d\u00e0 qualche idee su cosa fare. Villaggi e pop-up di Natale A gennaio il\",\"breadcrumb\":{\"@id\":\"https:\\\/\\\/www.monaco-tribune.com\\\/it\\\/2023\\\/12\\\/cosa-fare-a-monaco-a-gennaio-2024\\\/#breadcrumb\"},\"inLanguage\":\"it-IT\",\"potentialAction\":[{\"@type\":\"ReadAction\",\"target\":[\"https:\\\/\\\/www.monaco-tribune.com\\\/it\\\/2023\\\/12\\\/cosa-fare-a-monaco-a-gennaio-2024\\\/\"]}]},{\"@type\":\"ImageObject\",\"inLanguage\":\"it-IT\",\"@id\":\"https:\\\/\\\/www.monaco-tribune.com\\\/it\\\/2023\\\/12\\\/cosa-fare-a-monaco-a-gennaio-2024\\\/#primaryimage\",\"url\":\"https:\\\/\\\/www.monaco-tribune.com\\\/wp-content\\\/uploads\\\/2023\\\/12\\\/festival-du-cirque-de-monte-carlo.jpg\",\"contentUrl\":\"https:\\\/\\\/www.monaco-tribune.com\\\/wp-content\\\/uploads\\\/2023\\\/12\\\/festival-du-cirque-de-monte-carlo.jpg\",\"width\":1200,\"height\":684,\"caption\":\"A gennaio si svolger\u00e0 il 46\u00b0 Festival Internazionale del Circo di Monte-Carlo. \u00a9Festival Internazionale del Circo di Monte-Carlo\"},{\"@type\":\"BreadcrumbList\",\"@id\":\"https:\\\/\\\/www.monaco-tribune.com\\\/it\\\/2023\\\/12\\\/cosa-fare-a-monaco-a-gennaio-2024\\\/#breadcrumb\",\"itemListElement\":[{\"@type\":\"ListItem\",\"position\":1,\"name\":\"Accueil\",\"item\":\"https:\\\/\\\/www.monaco-tribune.com\\\/it\\\/\"},{\"@type\":\"ListItem\",\"position\":2,\"name\":\"Cosa fare a Monaco a gennaio 2024?\"}]},{\"@type\":\"WebSite\",\"@id\":\"https:\\\/\\\/www.monaco-tribune.com\\\/it\\\/#website\",\"url\":\"https:\\\/\\\/www.monaco-tribune.com\\\/it\\\/\",\"name\":\"Monaco Tribune\",\"description\":\"Monaco : actualit\u00e9s \u00e9conomiques, politiques, culturelles et sportives de Monaco et de la French Riviera.\",\"publisher\":{\"@id\":\"https:\\\/\\\/www.monaco-tribune.com\\\/it\\\/#organization\"},\"potentialAction\":[{\"@type\":\"SearchAction\",\"target\":{\"@type\":\"EntryPoint\",\"urlTemplate\":\"https:\\\/\\\/www.monaco-tribune.com\\\/it\\\/?s={search_term_string}\"},\"query-input\":{\"@type\":\"PropertyValueSpecification\",\"valueRequired\":true,\"valueName\":\"search_term_string\"}}],\"inLanguage\":\"it-IT\"},{\"@type\":\"Organization\",\"@id\":\"https:\\\/\\\/www.monaco-tribune.com\\\/it\\\/#organization\",\"name\":\"Monaco Tribune\",\"url\":\"https:\\\/\\\/www.monaco-tribune.com\\\/it\\\/\",\"logo\":{\"@type\":\"ImageObject\",\"inLanguage\":\"it-IT\",\"@id\":\"https:\\\/\\\/www.monaco-tribune.com\\\/it\\\/#\\\/schema\\\/logo\\\/image\\\/\",\"url\":\"https:\\\/\\\/www.monaco-tribune.com\\\/wp-content\\\/uploads\\\/2022\\\/11\\\/logo-monaco-tribune.png\",\"contentUrl\":\"https:\\\/\\\/www.monaco-tribune.com\\\/wp-content\\\/uploads\\\/2022\\\/11\\\/logo-monaco-tribune.png\",\"width\":1548,\"height\":600,\"caption\":\"Monaco Tribune\"},\"image\":{\"@id\":\"https:\\\/\\\/www.monaco-tribune.com\\\/it\\\/#\\\/schema\\\/logo\\\/image\\\/\"},\"sameAs\":[\"https:\\\/\\\/www.facebook.com\\\/MonacoTribune\",\"https:\\\/\\\/x.com\\\/MonacoTribune\",\"https:\\\/\\\/www.instagram.com\\\/monacotribune\\\/\",\"https:\\\/\\\/www.linkedin.com\\\/company\\\/monaco-tribune\",\"https:\\\/\\\/www.youtube.com\\\/channel\\\/UCHle1MnG6hw1y4lWKijVbMA\"]},{\"@type\":\"Person\",\"@id\":\"https:\\\/\\\/www.monaco-tribune.com\\\/it\\\/#\\\/schema\\\/person\\\/c33a9f1bc99ef5a2e07d37c576060b57\",\"name\":\"Paul Charoy\",\"image\":{\"@type\":\"ImageObject\",\"inLanguage\":\"it-IT\",\"@id\":\"https:\\\/\\\/secure.gravatar.com\\\/avatar\\\/c3a39fd900275d54a628738568f1949e90ce9945d105d000228335a7bad64b38?s=96&d=mm&r=g\",\"url\":\"https:\\\/\\\/secure.gravatar.com\\\/avatar\\\/c3a39fd900275d54a628738568f1949e90ce9945d105d000228335a7bad64b38?s=96&d=mm&r=g\",\"contentUrl\":\"https:\\\/\\\/secure.gravatar.com\\\/avatar\\\/c3a39fd900275d54a628738568f1949e90ce9945d105d000228335a7bad64b38?s=96&d=mm&r=g\",\"caption\":\"Paul Charoy\"},\"url\":\"https:\\\/\\\/www.monaco-tribune.com\\\/it\\\/author\\\/paulcharoy\\\/\"}]}<\/script>\n<!-- \/ Yoast SEO Premium plugin. -->","yoast_head_json":{"title":"Cosa fare a Monaco a gennaio 2024?","description":"Monaco Tribune ha raccolto i principali eventi da non perdere nel Principato e vi d\u00e0 qualche idee su cosa fare. Villaggi e pop-up di Natale A gennaio il","robots":{"index":"index","follow":"follow","max-snippet":"max-snippet:-1","max-image-preview":"max-image-preview:large","max-video-preview":"max-video-preview:-1"},"canonical":"https:\/\/www.monaco-tribune.com\/it\/2023\/12\/cosa-fare-a-monaco-a-gennaio-2024\/","og_locale":"it_IT","og_type":"article","og_title":"Cosa fare a Monaco a gennaio 2024? - Monaco Tribune","og_description":"Monaco Tribune ha raccolto i principali eventi da non perdere nel Principato e vi d\u00e0 qualche idee su cosa fare. Villaggi e pop-up di Natale A gennaio il","og_url":"https:\/\/www.monaco-tribune.com\/it\/2023\/12\/cosa-fare-a-monaco-a-gennaio-2024\/","og_site_name":"Monaco Tribune","article_publisher":"https:\/\/www.facebook.com\/MonacoTribune","article_published_time":"2023-12-29T11:28:07+00:00","article_modified_time":"2023-12-29T11:28:11+00:00","og_image":[{"width":1200,"height":684,"url":"https:\/\/www.monaco-tribune.com\/wp-content\/uploads\/2023\/12\/festival-du-cirque-de-monte-carlo.jpg","type":"image\/jpeg"}],"author":"Paul Charoy","twitter_card":"summary_large_image","twitter_creator":"@MonacoTribune","twitter_site":"@MonacoTribune","schema":{"@context":"https:\/\/schema.org","@graph":[{"@type":"NewsArticle","@id":"https:\/\/www.monaco-tribune.com\/it\/2023\/12\/cosa-fare-a-monaco-a-gennaio-2024\/#article","isPartOf":{"@id":"https:\/\/www.monaco-tribune.com\/it\/2023\/12\/cosa-fare-a-monaco-a-gennaio-2024\/"},"author":{"name":"Paul Charoy","@id":"https:\/\/www.monaco-tribune.com\/it\/#\/schema\/person\/c33a9f1bc99ef5a2e07d37c576060b57"},"headline":"Cosa fare a Monaco a gennaio 2024?","datePublished":"2023-12-29T11:28:07+00:00","dateModified":"2023-12-29T11:28:11+00:00","mainEntityOfPage":{"@id":"https:\/\/www.monaco-tribune.com\/it\/2023\/12\/cosa-fare-a-monaco-a-gennaio-2024\/"},"wordCount":692,"publisher":{"@id":"https:\/\/www.monaco-tribune.com\/it\/#organization"},"image":{"@id":"https:\/\/www.monaco-tribune.com\/it\/2023\/12\/cosa-fare-a-monaco-a-gennaio-2024\/#primaryimage"},"thumbnailUrl":"https:\/\/www.monaco-tribune.com\/wp-content\/uploads\/2023\/12\/festival-du-cirque-de-monte-carlo.jpg","keywords":["Eventi"],"articleSection":["Cosa fare","La nostra scelta","Notizie"],"inLanguage":"it-IT","copyrightYear":"2023","copyrightHolder":{"@id":"https:\/\/www.monaco-tribune.com\/#organization"}},{"@type":"WebPage","@id":"https:\/\/www.monaco-tribune.com\/it\/2023\/12\/cosa-fare-a-monaco-a-gennaio-2024\/","url":"https:\/\/www.monaco-tribune.com\/it\/2023\/12\/cosa-fare-a-monaco-a-gennaio-2024\/","name":"Cosa fare a Monaco a gennaio 2024?","isPartOf":{"@id":"https:\/\/www.monaco-tribune.com\/it\/#website"},"primaryImageOfPage":{"@id":"https:\/\/www.monaco-tribune.com\/it\/2023\/12\/cosa-fare-a-monaco-a-gennaio-2024\/#primaryimage"},"image":{"@id":"https:\/\/www.monaco-tribune.com\/it\/2023\/12\/cosa-fare-a-monaco-a-gennaio-2024\/#primaryimage"},"thumbnailUrl":"https:\/\/www.monaco-tribune.com\/wp-content\/uploads\/2023\/12\/festival-du-cirque-de-monte-carlo.jpg","datePublished":"2023-12-29T11:28:07+00:00","dateModified":"2023-12-29T11:28:11+00:00","description":"Monaco Tribune ha raccolto i principali eventi da non perdere nel Principato e vi d\u00e0 qualche idee su cosa fare. Villaggi e pop-up di Natale A gennaio il","breadcrumb":{"@id":"https:\/\/www.monaco-tribune.com\/it\/2023\/12\/cosa-fare-a-monaco-a-gennaio-2024\/#breadcrumb"},"inLanguage":"it-IT","potentialAction":[{"@type":"ReadAction","target":["https:\/\/www.monaco-tribune.com\/it\/2023\/12\/cosa-fare-a-monaco-a-gennaio-2024\/"]}]},{"@type":"ImageObject","inLanguage":"it-IT","@id":"https:\/\/www.monaco-tribune.com\/it\/2023\/12\/cosa-fare-a-monaco-a-gennaio-2024\/#primaryimage","url":"https:\/\/www.monaco-tribune.com\/wp-content\/uploads\/2023\/12\/festival-du-cirque-de-monte-carlo.jpg","contentUrl":"https:\/\/www.monaco-tribune.com\/wp-content\/uploads\/2023\/12\/festival-du-cirque-de-monte-carlo.jpg","width":1200,"height":684,"caption":"A gennaio si svolger\u00e0 il 46\u00b0 Festival Internazionale del Circo di Monte-Carlo. \u00a9Festival Internazionale del Circo di Monte-Carlo"},{"@type":"BreadcrumbList","@id":"https:\/\/www.monaco-tribune.com\/it\/2023\/12\/cosa-fare-a-monaco-a-gennaio-2024\/#breadcrumb","itemListElement":[{"@type":"ListItem","position":1,"name":"Accueil","item":"https:\/\/www.monaco-tribune.com\/it\/"},{"@type":"ListItem","position":2,"name":"Cosa fare a Monaco a gennaio 2024?"}]},{"@type":"WebSite","@id":"https:\/\/www.monaco-tribune.com\/it\/#website","url":"https:\/\/www.monaco-tribune.com\/it\/","name":"Monaco Tribune","description":"Monaco : actualit\u00e9s \u00e9conomiques, politiques, culturelles et sportives de Monaco et de la French Riviera.","publisher":{"@id":"https:\/\/www.monaco-tribune.com\/it\/#organization"},"potentialAction":[{"@type":"SearchAction","target":{"@type":"EntryPoint","urlTemplate":"https:\/\/www.monaco-tribune.com\/it\/?s={search_term_string}"},"query-input":{"@type":"PropertyValueSpecification","valueRequired":true,"valueName":"search_term_string"}}],"inLanguage":"it-IT"},{"@type":"Organization","@id":"https:\/\/www.monaco-tribune.com\/it\/#organization","name":"Monaco Tribune","url":"https:\/\/www.monaco-tribune.com\/it\/","logo":{"@type":"ImageObject","inLanguage":"it-IT","@id":"https:\/\/www.monaco-tribune.com\/it\/#\/schema\/logo\/image\/","url":"https:\/\/www.monaco-tribune.com\/wp-content\/uploads\/2022\/11\/logo-monaco-tribune.png","contentUrl":"https:\/\/www.monaco-tribune.com\/wp-content\/uploads\/2022\/11\/logo-monaco-tribune.png","width":1548,"height":600,"caption":"Monaco Tribune"},"image":{"@id":"https:\/\/www.monaco-tribune.com\/it\/#\/schema\/logo\/image\/"},"sameAs":["https:\/\/www.facebook.com\/MonacoTribune","https:\/\/x.com\/MonacoTribune","https:\/\/www.instagram.com\/monacotribune\/","https:\/\/www.linkedin.com\/company\/monaco-tribune","https:\/\/www.youtube.com\/channel\/UCHle1MnG6hw1y4lWKijVbMA"]},{"@type":"Person","@id":"https:\/\/www.monaco-tribune.com\/it\/#\/schema\/person\/c33a9f1bc99ef5a2e07d37c576060b57","name":"Paul Charoy","image":{"@type":"ImageObject","inLanguage":"it-IT","@id":"https:\/\/secure.gravatar.com\/avatar\/c3a39fd900275d54a628738568f1949e90ce9945d105d000228335a7bad64b38?s=96&d=mm&r=g","url":"https:\/\/secure.gravatar.com\/avatar\/c3a39fd900275d54a628738568f1949e90ce9945d105d000228335a7bad64b38?s=96&d=mm&r=g","contentUrl":"https:\/\/secure.gravatar.com\/avatar\/c3a39fd900275d54a628738568f1949e90ce9945d105d000228335a7bad64b38?s=96&d=mm&r=g","caption":"Paul Charoy"},"url":"https:\/\/www.monaco-tribune.com\/it\/author\/paulcharoy\/"}]}},"_links":{"self":[{"href":"https:\/\/www.monaco-tribune.com\/it\/wp-json\/wp\/v2\/posts\/208847","targetHints":{"allow":["GET"]}}],"collection":[{"href":"https:\/\/www.monaco-tribune.com\/it\/wp-json\/wp\/v2\/posts"}],"about":[{"href":"https:\/\/www.monaco-tribune.com\/it\/wp-json\/wp\/v2\/types\/post"}],"author":[{"embeddable":true,"href":"https:\/\/www.monaco-tribune.com\/it\/wp-json\/wp\/v2\/users\/65"}],"replies":[{"embeddable":true,"href":"https:\/\/www.monaco-tribune.com\/it\/wp-json\/wp\/v2\/comments?post=208847"}],"version-history":[{"count":2,"href":"https:\/\/www.monaco-tribune.com\/it\/wp-json\/wp\/v2\/posts\/208847\/revisions"}],"predecessor-version":[{"id":208850,"href":"https:\/\/www.monaco-tribune.com\/it\/wp-json\/wp\/v2\/posts\/208847\/revisions\/208850"}],"wp:featuredmedia":[{"embeddable":true,"href":"https:\/\/www.monaco-tribune.com\/it\/wp-json\/wp\/v2\/media\/208618"}],"wp:attachment":[{"href":"https:\/\/www.monaco-tribune.com\/it\/wp-json\/wp\/v2\/media?parent=208847"}],"wp:term":[{"taxonomy":"category","embeddable":true,"href":"https:\/\/www.monaco-tribune.com\/it\/wp-json\/wp\/v2\/categories?post=208847"},{"taxonomy":"post_tag","embeddable":true,"href":"https:\/\/www.monaco-tribune.com\/it\/wp-json\/wp\/v2\/tags?post=208847"},{"taxonomy":"sectag","embeddable":true,"href":"https:\/\/www.monaco-tribune.com\/it\/wp-json\/wp\/v2\/post_sectags?post=208847"},{"taxonomy":"format","embeddable":true,"href":"https:\/\/www.monaco-tribune.com\/it\/wp-json\/wp\/v2\/post_format?post=208847"}],"curies":[{"name":"wp","href":"https:\/\/api.w.org\/{rel}","templated":true}]}}