{"id":208987,"date":"2024-01-02T14:11:42","date_gmt":"2024-01-02T12:11:42","guid":{"rendered":"https:\/\/www.monaco-tribune.com\/2024\/01\/shopping-a-monaco-secondo-voi-ce-abbastanza-scelta\/"},"modified":"2024-01-02T14:11:47","modified_gmt":"2024-01-02T12:11:47","slug":"shopping-a-monaco-secondo-voi-ce-abbastanza-scelta","status":"publish","type":"post","link":"https:\/\/www.monaco-tribune.com\/it\/2024\/01\/shopping-a-monaco-secondo-voi-ce-abbastanza-scelta\/","title":{"rendered":"Shopping a Monaco: secondo voi c&#8217;\u00e8 abbastanza scelta?"},"content":{"rendered":"\n<p><strong>Abbiamo raccolto le opinioni dei nostri lettori.<\/strong><\/p>\n\n<p>Mentre alcuni paragonano la Condamine a rue Alphonse Karr nel 19\u00b0 arrondissement di Parigi e Monte-Carlo a avenue Montaigne, altri lamentano la mancanza di negozi di scarpe, di arredamento e di abbigliamento per bambini. Ma ci\u00f2 che \u00e8 emerso in modo particolare dal nostro sondaggio \u00e8 il desiderio comune di prezzi pi\u00f9 accessibili.<\/p>\n\n<p>Louis Vuitton, Chanel, Dior&#8230; Monaco \u00e8 senz&#8217;altro famosa per le sue boutique di lusso. Se non avete problemi di budget, sono <a href=\"https:\/\/www.monaco-tribune.com\/it\/2023\/08\/shopping-a-monaco-una-guida-ai-negozi-di-lusso\/\">due i luoghi principali dove fare shopping a Monaco<\/a>: la Promenade Monte-Carlo Shopping, che inizia dal complesso One Monte-Carlo e prosegue oltre l&#8217;H\u00f4tel Hermitage e lungo la prestigiosa Avenue de Monte-Carlo e l&#8217;All\u00e9e Fran\u00e7ois Blanc, e il Metropole Shopping Monte-Carlo, di fronte ai Jardins du Casino. A questi due indirizzi di eccellenza si aggiungeranno presto le boutique del nuovissimo spazio commerciale del <a href=\"https:\/\/www.monaco-tribune.com\/it\/2023\/05\/nuovi-locali-serate-di-cabaret-cafe-de-paris-i-principali-annunci-della-societe-des-bains-de-mer\/\">Caf\u00e9 de Paris<\/a>.<\/p>\n\n<h2 class=\"wp-block-heading\" id=\"h-plus-de-boutiques-accessibles\">Pi\u00f9 negozi con prezzi accessibili<\/h2>\n\n<p>Ma quando il budget non \u00e8 illimitato, le cose si complicano, almeno \u00e8 quello di cui si lamentano molte nostre lettrici, come Isabelle: &#8220;Non c&#8217;\u00e8 solo il lusso, bisogna pensare anche a chi viene a passare la giornata a Monaco, e oltre a Zara e Naf Naf, non c&#8217;\u00e8 molto altro&#8221;. Jennifer \u00e8 d&#8217;accordo: &#8220;Per le donne ci sono solo marchi di lusso. Gli unici accessibili restano quindi Naf Naf, Zara e Benetton. \u00c8 un peccato per la gente del posto, che non ha le finanze dei miliardari del Principato&#8221;.<\/p>\n\n<p>Dal canto suo, Sara vorrebbe che ci fossero pi\u00f9 negozi di arredamento, sempre a prezzi accessibili: &#8220;Abbiamo assolutamente bisogno di negozi come Maison du Monde, dove si possano trovare oggetti carini per la casa, utili per noi ma anche per fare regali senza spendere una fortuna ogni volta, e senza dover andare sempre a Nizza o in Italia. Ci vorrebbe anche un buon negozio che venda cibo e accessori economici per i nostri amici animali&#8221;. Anche Annie deve attraversare il confine per trovare ci\u00f2 che cerca: &#8220;C&#8217;\u00e8 una terribile mancanza di negozi di abbigliamento a prezzi accessibili. Per me \u00e8 una fatica, devo andare ad acquistare vestiti e profumi a Nizza&#8221;.<\/p>\n\n<p>Jo\u00eblle, per esempio, ha notato molte &#8220;auto targate Monaco il sabato mattina nei negozi francesi&#8221;, cosa che non trova sorprendente. &#8221; Sinceramente, a parte Naf Naf, ci sono solo negozi di lusso, non ci sono nemmeno negozi di scarpe a prezzi ragionevoli, e per i bambini \u00e8 lo stesso. Dovrebbe esserci un &#8216;Du Pareil Au M\u00eame&#8217; come c&#8217;era qualche anno fa in rue de la Turbie, un Tape \u00e0 l&#8217;oeil e un&#8217;Orchestra. Cos\u00ec non dovremmo uscire da Monaco per comprare i vestiti ai bambini&#8221;.<\/p>\n\n<h2 class=\"wp-block-heading\" id=\"h-des-boutiques-pour-enfants\">Negozi per bambini<\/h2>\n\n<p>Jo\u00eblle non \u00e8 l&#8217;unica a reclamare negozi per i pi\u00f9 piccoli. Secondo Ana, ad esempio, &#8220;mancano negozi di scarpe per bambini&#8221; e si lamenta della chiusura di &#8220;Capucine enfants&#8221; in rue Caroline. Anche in questo caso, molti sono costretti a spostarsi nelle citt\u00e0 vicine, come Alice: &#8220;\u00c8 davvero complicato vestire i bambini a Monaco! Dobbiamo comprare su internet o andare a Nizza. \u00c8 un peccato&#8221;.<\/p>\n\n<p class=\"related\"><a href=\"https:\/\/www.monaco-tribune.com\/it\/2023\/12\/i-vostri-migliori-suggerimenti-per-intrattenere-i-bambini-a-monaco\/\">I vostri migliori suggerimenti per intrattenere i bambini a Monaco<\/a><\/p>\n\n<p>Sara invece suggerisce l&#8217;apertura di uno Zara, un H&amp;M o un Benetton per i bambini, oltre a un negozio Claire. &#8220;Sarebbe fantastico se si riuscisse a trovare un piccolo spazio al Carrefour, per esempio&#8221;, aggiunge. &#8220;Du Pareil Au M\u00eame ha chiuso diversi anni fa, anche IKKS junior chiuder\u00e0 presto, e ci sono ancora Jacadi e Kids016, ma francamente non \u00e8 molto&#8221;, dice Jennifer.<\/p>\n","protected":false},"excerpt":{"rendered":"<p>Abbiamo raccolto le opinioni dei nostri lettori. Mentre alcuni paragonano la Condamine a rue Alphonse Karr nel 19\u00b0 arrondissement di [&hellip;]<\/p>\n","protected":false},"author":69,"featured_media":207018,"comment_status":"closed","ping_status":"closed","sticky":false,"template":"","format":"standard","meta":{"_acf_changed":false,"footnotes":""},"categories":[1826,2433,1738],"tags":[4571],"post_sectags":[],"post_format":[2482],"class_list":["post-208987","post","type-post","status-publish","format-standard","has-post-thumbnail","hentry","category-la-nostra-scelta","category-le-vostre-opinioni","category-notizie","tag-shopping-it","format-sondaggio"],"acf":[],"yoast_head":"<!-- This site is optimized with the Yoast SEO Premium plugin v26.8 (Yoast SEO v27.5) - https:\/\/yoast.com\/product\/yoast-seo-premium-wordpress\/ -->\n<title>Shopping a Monaco: secondo voi c&#039;\u00e8 abbastanza scelta?<\/title>\n<meta name=\"description\" content=\"Abbiamo raccolto le opinioni dei nostri lettori. Mentre alcuni paragonano la Condamine a rue Alphonse Karr nel 19\u00b0 arrondissement di Parigi e Monte-Carlo\" \/>\n<meta name=\"robots\" content=\"index, follow, max-snippet:-1, max-image-preview:large, max-video-preview:-1\" \/>\n<link rel=\"canonical\" href=\"https:\/\/www.monaco-tribune.com\/it\/2024\/01\/shopping-a-monaco-secondo-voi-ce-abbastanza-scelta\/\" \/>\n<meta property=\"og:locale\" content=\"it_IT\" \/>\n<meta property=\"og:type\" content=\"article\" \/>\n<meta property=\"og:title\" content=\"Shopping a Monaco: secondo voi c&#039;\u00e8 abbastanza scelta? - Monaco Tribune\" \/>\n<meta property=\"og:description\" content=\"Abbiamo raccolto le opinioni dei nostri lettori. Mentre alcuni paragonano la Condamine a rue Alphonse Karr nel 19\u00b0 arrondissement di Parigi e Monte-Carlo\" \/>\n<meta property=\"og:url\" content=\"https:\/\/www.monaco-tribune.com\/it\/2024\/01\/shopping-a-monaco-secondo-voi-ce-abbastanza-scelta\/\" \/>\n<meta property=\"og:site_name\" content=\"Monaco Tribune\" \/>\n<meta property=\"article:publisher\" content=\"https:\/\/www.facebook.com\/MonacoTribune\" \/>\n<meta property=\"article:published_time\" content=\"2024-01-02T12:11:42+00:00\" \/>\n<meta property=\"article:modified_time\" content=\"2024-01-02T12:11:47+00:00\" \/>\n<meta property=\"og:image\" content=\"https:\/\/www.monaco-tribune.com\/wp-content\/uploads\/2023\/12\/quartier-de-la-condamine.jpg\" \/>\n\t<meta property=\"og:image:width\" content=\"1157\" \/>\n\t<meta property=\"og:image:height\" content=\"670\" \/>\n\t<meta property=\"og:image:type\" content=\"image\/jpeg\" \/>\n<meta name=\"author\" content=\"Sarah Incari\" \/>\n<meta name=\"twitter:card\" content=\"summary_large_image\" \/>\n<meta name=\"twitter:creator\" content=\"@MonacoTribune\" \/>\n<meta name=\"twitter:site\" content=\"@MonacoTribune\" \/>\n<script type=\"application\/ld+json\" class=\"yoast-schema-graph\">{\"@context\":\"https:\\\/\\\/schema.org\",\"@graph\":[{\"@type\":\"NewsArticle\",\"@id\":\"https:\\\/\\\/www.monaco-tribune.com\\\/it\\\/2024\\\/01\\\/shopping-a-monaco-secondo-voi-ce-abbastanza-scelta\\\/#article\",\"isPartOf\":{\"@id\":\"https:\\\/\\\/www.monaco-tribune.com\\\/it\\\/2024\\\/01\\\/shopping-a-monaco-secondo-voi-ce-abbastanza-scelta\\\/\"},\"author\":{\"name\":\"Sarah Incari\",\"@id\":\"https:\\\/\\\/www.monaco-tribune.com\\\/it\\\/#\\\/schema\\\/person\\\/dd3b5770833f791d3f4d808f1aa84499\"},\"headline\":\"Shopping a Monaco: secondo voi c&#8217;\u00e8 abbastanza scelta?\",\"datePublished\":\"2024-01-02T12:11:42+00:00\",\"dateModified\":\"2024-01-02T12:11:47+00:00\",\"mainEntityOfPage\":{\"@id\":\"https:\\\/\\\/www.monaco-tribune.com\\\/it\\\/2024\\\/01\\\/shopping-a-monaco-secondo-voi-ce-abbastanza-scelta\\\/\"},\"wordCount\":587,\"publisher\":{\"@id\":\"https:\\\/\\\/www.monaco-tribune.com\\\/it\\\/#organization\"},\"image\":{\"@id\":\"https:\\\/\\\/www.monaco-tribune.com\\\/it\\\/2024\\\/01\\\/shopping-a-monaco-secondo-voi-ce-abbastanza-scelta\\\/#primaryimage\"},\"thumbnailUrl\":\"https:\\\/\\\/www.monaco-tribune.com\\\/wp-content\\\/uploads\\\/2023\\\/12\\\/quartier-de-la-condamine.jpg\",\"keywords\":[\"Shopping\"],\"articleSection\":[\"La nostra scelta\",\"Le vostre opinioni\",\"Notizie\"],\"inLanguage\":\"it-IT\",\"copyrightYear\":\"2024\",\"copyrightHolder\":{\"@id\":\"https:\\\/\\\/www.monaco-tribune.com\\\/#organization\"}},{\"@type\":\"WebPage\",\"@id\":\"https:\\\/\\\/www.monaco-tribune.com\\\/it\\\/2024\\\/01\\\/shopping-a-monaco-secondo-voi-ce-abbastanza-scelta\\\/\",\"url\":\"https:\\\/\\\/www.monaco-tribune.com\\\/it\\\/2024\\\/01\\\/shopping-a-monaco-secondo-voi-ce-abbastanza-scelta\\\/\",\"name\":\"Shopping a Monaco: secondo voi c'\u00e8 abbastanza scelta?\",\"isPartOf\":{\"@id\":\"https:\\\/\\\/www.monaco-tribune.com\\\/it\\\/#website\"},\"primaryImageOfPage\":{\"@id\":\"https:\\\/\\\/www.monaco-tribune.com\\\/it\\\/2024\\\/01\\\/shopping-a-monaco-secondo-voi-ce-abbastanza-scelta\\\/#primaryimage\"},\"image\":{\"@id\":\"https:\\\/\\\/www.monaco-tribune.com\\\/it\\\/2024\\\/01\\\/shopping-a-monaco-secondo-voi-ce-abbastanza-scelta\\\/#primaryimage\"},\"thumbnailUrl\":\"https:\\\/\\\/www.monaco-tribune.com\\\/wp-content\\\/uploads\\\/2023\\\/12\\\/quartier-de-la-condamine.jpg\",\"datePublished\":\"2024-01-02T12:11:42+00:00\",\"dateModified\":\"2024-01-02T12:11:47+00:00\",\"description\":\"Abbiamo raccolto le opinioni dei nostri lettori. Mentre alcuni paragonano la Condamine a rue Alphonse Karr nel 19\u00b0 arrondissement di Parigi e Monte-Carlo\",\"breadcrumb\":{\"@id\":\"https:\\\/\\\/www.monaco-tribune.com\\\/it\\\/2024\\\/01\\\/shopping-a-monaco-secondo-voi-ce-abbastanza-scelta\\\/#breadcrumb\"},\"inLanguage\":\"it-IT\",\"potentialAction\":[{\"@type\":\"ReadAction\",\"target\":[\"https:\\\/\\\/www.monaco-tribune.com\\\/it\\\/2024\\\/01\\\/shopping-a-monaco-secondo-voi-ce-abbastanza-scelta\\\/\"]}]},{\"@type\":\"ImageObject\",\"inLanguage\":\"it-IT\",\"@id\":\"https:\\\/\\\/www.monaco-tribune.com\\\/it\\\/2024\\\/01\\\/shopping-a-monaco-secondo-voi-ce-abbastanza-scelta\\\/#primaryimage\",\"url\":\"https:\\\/\\\/www.monaco-tribune.com\\\/wp-content\\\/uploads\\\/2023\\\/12\\\/quartier-de-la-condamine.jpg\",\"contentUrl\":\"https:\\\/\\\/www.monaco-tribune.com\\\/wp-content\\\/uploads\\\/2023\\\/12\\\/quartier-de-la-condamine.jpg\",\"width\":1157,\"height\":670,\"caption\":\"A due passi dalla stazione, il quartiere della Condamine \u00e8 una delle principali zone commerciali del Principato - \u00a9 Monaco Shop Rendez-vous\"},{\"@type\":\"BreadcrumbList\",\"@id\":\"https:\\\/\\\/www.monaco-tribune.com\\\/it\\\/2024\\\/01\\\/shopping-a-monaco-secondo-voi-ce-abbastanza-scelta\\\/#breadcrumb\",\"itemListElement\":[{\"@type\":\"ListItem\",\"position\":1,\"name\":\"Accueil\",\"item\":\"https:\\\/\\\/www.monaco-tribune.com\\\/it\\\/\"},{\"@type\":\"ListItem\",\"position\":2,\"name\":\"Shopping a Monaco: secondo voi c&#8217;\u00e8 abbastanza scelta?\"}]},{\"@type\":\"WebSite\",\"@id\":\"https:\\\/\\\/www.monaco-tribune.com\\\/it\\\/#website\",\"url\":\"https:\\\/\\\/www.monaco-tribune.com\\\/it\\\/\",\"name\":\"Monaco Tribune\",\"description\":\"Monaco : actualit\u00e9s \u00e9conomiques, politiques, culturelles et sportives de Monaco et de la French Riviera.\",\"publisher\":{\"@id\":\"https:\\\/\\\/www.monaco-tribune.com\\\/it\\\/#organization\"},\"potentialAction\":[{\"@type\":\"SearchAction\",\"target\":{\"@type\":\"EntryPoint\",\"urlTemplate\":\"https:\\\/\\\/www.monaco-tribune.com\\\/it\\\/?s={search_term_string}\"},\"query-input\":{\"@type\":\"PropertyValueSpecification\",\"valueRequired\":true,\"valueName\":\"search_term_string\"}}],\"inLanguage\":\"it-IT\"},{\"@type\":\"Organization\",\"@id\":\"https:\\\/\\\/www.monaco-tribune.com\\\/it\\\/#organization\",\"name\":\"Monaco Tribune\",\"url\":\"https:\\\/\\\/www.monaco-tribune.com\\\/it\\\/\",\"logo\":{\"@type\":\"ImageObject\",\"inLanguage\":\"it-IT\",\"@id\":\"https:\\\/\\\/www.monaco-tribune.com\\\/it\\\/#\\\/schema\\\/logo\\\/image\\\/\",\"url\":\"https:\\\/\\\/www.monaco-tribune.com\\\/wp-content\\\/uploads\\\/2022\\\/11\\\/logo-monaco-tribune.png\",\"contentUrl\":\"https:\\\/\\\/www.monaco-tribune.com\\\/wp-content\\\/uploads\\\/2022\\\/11\\\/logo-monaco-tribune.png\",\"width\":1548,\"height\":600,\"caption\":\"Monaco Tribune\"},\"image\":{\"@id\":\"https:\\\/\\\/www.monaco-tribune.com\\\/it\\\/#\\\/schema\\\/logo\\\/image\\\/\"},\"sameAs\":[\"https:\\\/\\\/www.facebook.com\\\/MonacoTribune\",\"https:\\\/\\\/x.com\\\/MonacoTribune\",\"https:\\\/\\\/www.instagram.com\\\/monacotribune\\\/\",\"https:\\\/\\\/www.linkedin.com\\\/company\\\/monaco-tribune\",\"https:\\\/\\\/www.youtube.com\\\/channel\\\/UCHle1MnG6hw1y4lWKijVbMA\"]},{\"@type\":\"Person\",\"@id\":\"https:\\\/\\\/www.monaco-tribune.com\\\/it\\\/#\\\/schema\\\/person\\\/dd3b5770833f791d3f4d808f1aa84499\",\"name\":\"Sarah Incari\",\"image\":{\"@type\":\"ImageObject\",\"inLanguage\":\"it-IT\",\"@id\":\"https:\\\/\\\/secure.gravatar.com\\\/avatar\\\/4ac0b37be892d57107ccdd804e3f2a03bf1e3fca097512136d3603859293cb0e?s=96&d=mm&r=g\",\"url\":\"https:\\\/\\\/secure.gravatar.com\\\/avatar\\\/4ac0b37be892d57107ccdd804e3f2a03bf1e3fca097512136d3603859293cb0e?s=96&d=mm&r=g\",\"contentUrl\":\"https:\\\/\\\/secure.gravatar.com\\\/avatar\\\/4ac0b37be892d57107ccdd804e3f2a03bf1e3fca097512136d3603859293cb0e?s=96&d=mm&r=g\",\"caption\":\"Sarah Incari\"},\"url\":\"https:\\\/\\\/www.monaco-tribune.com\\\/it\\\/author\\\/sarahincari\\\/\"}]}<\/script>\n<!-- \/ Yoast SEO Premium plugin. -->","yoast_head_json":{"title":"Shopping a Monaco: secondo voi c'\u00e8 abbastanza scelta?","description":"Abbiamo raccolto le opinioni dei nostri lettori. Mentre alcuni paragonano la Condamine a rue Alphonse Karr nel 19\u00b0 arrondissement di Parigi e Monte-Carlo","robots":{"index":"index","follow":"follow","max-snippet":"max-snippet:-1","max-image-preview":"max-image-preview:large","max-video-preview":"max-video-preview:-1"},"canonical":"https:\/\/www.monaco-tribune.com\/it\/2024\/01\/shopping-a-monaco-secondo-voi-ce-abbastanza-scelta\/","og_locale":"it_IT","og_type":"article","og_title":"Shopping a Monaco: secondo voi c'\u00e8 abbastanza scelta? - Monaco Tribune","og_description":"Abbiamo raccolto le opinioni dei nostri lettori. Mentre alcuni paragonano la Condamine a rue Alphonse Karr nel 19\u00b0 arrondissement di Parigi e Monte-Carlo","og_url":"https:\/\/www.monaco-tribune.com\/it\/2024\/01\/shopping-a-monaco-secondo-voi-ce-abbastanza-scelta\/","og_site_name":"Monaco Tribune","article_publisher":"https:\/\/www.facebook.com\/MonacoTribune","article_published_time":"2024-01-02T12:11:42+00:00","article_modified_time":"2024-01-02T12:11:47+00:00","og_image":[{"width":1157,"height":670,"url":"https:\/\/www.monaco-tribune.com\/wp-content\/uploads\/2023\/12\/quartier-de-la-condamine.jpg","type":"image\/jpeg"}],"author":"Sarah Incari","twitter_card":"summary_large_image","twitter_creator":"@MonacoTribune","twitter_site":"@MonacoTribune","schema":{"@context":"https:\/\/schema.org","@graph":[{"@type":"NewsArticle","@id":"https:\/\/www.monaco-tribune.com\/it\/2024\/01\/shopping-a-monaco-secondo-voi-ce-abbastanza-scelta\/#article","isPartOf":{"@id":"https:\/\/www.monaco-tribune.com\/it\/2024\/01\/shopping-a-monaco-secondo-voi-ce-abbastanza-scelta\/"},"author":{"name":"Sarah Incari","@id":"https:\/\/www.monaco-tribune.com\/it\/#\/schema\/person\/dd3b5770833f791d3f4d808f1aa84499"},"headline":"Shopping a Monaco: secondo voi c&#8217;\u00e8 abbastanza scelta?","datePublished":"2024-01-02T12:11:42+00:00","dateModified":"2024-01-02T12:11:47+00:00","mainEntityOfPage":{"@id":"https:\/\/www.monaco-tribune.com\/it\/2024\/01\/shopping-a-monaco-secondo-voi-ce-abbastanza-scelta\/"},"wordCount":587,"publisher":{"@id":"https:\/\/www.monaco-tribune.com\/it\/#organization"},"image":{"@id":"https:\/\/www.monaco-tribune.com\/it\/2024\/01\/shopping-a-monaco-secondo-voi-ce-abbastanza-scelta\/#primaryimage"},"thumbnailUrl":"https:\/\/www.monaco-tribune.com\/wp-content\/uploads\/2023\/12\/quartier-de-la-condamine.jpg","keywords":["Shopping"],"articleSection":["La nostra scelta","Le vostre opinioni","Notizie"],"inLanguage":"it-IT","copyrightYear":"2024","copyrightHolder":{"@id":"https:\/\/www.monaco-tribune.com\/#organization"}},{"@type":"WebPage","@id":"https:\/\/www.monaco-tribune.com\/it\/2024\/01\/shopping-a-monaco-secondo-voi-ce-abbastanza-scelta\/","url":"https:\/\/www.monaco-tribune.com\/it\/2024\/01\/shopping-a-monaco-secondo-voi-ce-abbastanza-scelta\/","name":"Shopping a Monaco: secondo voi c'\u00e8 abbastanza scelta?","isPartOf":{"@id":"https:\/\/www.monaco-tribune.com\/it\/#website"},"primaryImageOfPage":{"@id":"https:\/\/www.monaco-tribune.com\/it\/2024\/01\/shopping-a-monaco-secondo-voi-ce-abbastanza-scelta\/#primaryimage"},"image":{"@id":"https:\/\/www.monaco-tribune.com\/it\/2024\/01\/shopping-a-monaco-secondo-voi-ce-abbastanza-scelta\/#primaryimage"},"thumbnailUrl":"https:\/\/www.monaco-tribune.com\/wp-content\/uploads\/2023\/12\/quartier-de-la-condamine.jpg","datePublished":"2024-01-02T12:11:42+00:00","dateModified":"2024-01-02T12:11:47+00:00","description":"Abbiamo raccolto le opinioni dei nostri lettori. Mentre alcuni paragonano la Condamine a rue Alphonse Karr nel 19\u00b0 arrondissement di Parigi e Monte-Carlo","breadcrumb":{"@id":"https:\/\/www.monaco-tribune.com\/it\/2024\/01\/shopping-a-monaco-secondo-voi-ce-abbastanza-scelta\/#breadcrumb"},"inLanguage":"it-IT","potentialAction":[{"@type":"ReadAction","target":["https:\/\/www.monaco-tribune.com\/it\/2024\/01\/shopping-a-monaco-secondo-voi-ce-abbastanza-scelta\/"]}]},{"@type":"ImageObject","inLanguage":"it-IT","@id":"https:\/\/www.monaco-tribune.com\/it\/2024\/01\/shopping-a-monaco-secondo-voi-ce-abbastanza-scelta\/#primaryimage","url":"https:\/\/www.monaco-tribune.com\/wp-content\/uploads\/2023\/12\/quartier-de-la-condamine.jpg","contentUrl":"https:\/\/www.monaco-tribune.com\/wp-content\/uploads\/2023\/12\/quartier-de-la-condamine.jpg","width":1157,"height":670,"caption":"A due passi dalla stazione, il quartiere della Condamine \u00e8 una delle principali zone commerciali del Principato - \u00a9 Monaco Shop Rendez-vous"},{"@type":"BreadcrumbList","@id":"https:\/\/www.monaco-tribune.com\/it\/2024\/01\/shopping-a-monaco-secondo-voi-ce-abbastanza-scelta\/#breadcrumb","itemListElement":[{"@type":"ListItem","position":1,"name":"Accueil","item":"https:\/\/www.monaco-tribune.com\/it\/"},{"@type":"ListItem","position":2,"name":"Shopping a Monaco: secondo voi c&#8217;\u00e8 abbastanza scelta?"}]},{"@type":"WebSite","@id":"https:\/\/www.monaco-tribune.com\/it\/#website","url":"https:\/\/www.monaco-tribune.com\/it\/","name":"Monaco Tribune","description":"Monaco : actualit\u00e9s \u00e9conomiques, politiques, culturelles et sportives de Monaco et de la French Riviera.","publisher":{"@id":"https:\/\/www.monaco-tribune.com\/it\/#organization"},"potentialAction":[{"@type":"SearchAction","target":{"@type":"EntryPoint","urlTemplate":"https:\/\/www.monaco-tribune.com\/it\/?s={search_term_string}"},"query-input":{"@type":"PropertyValueSpecification","valueRequired":true,"valueName":"search_term_string"}}],"inLanguage":"it-IT"},{"@type":"Organization","@id":"https:\/\/www.monaco-tribune.com\/it\/#organization","name":"Monaco Tribune","url":"https:\/\/www.monaco-tribune.com\/it\/","logo":{"@type":"ImageObject","inLanguage":"it-IT","@id":"https:\/\/www.monaco-tribune.com\/it\/#\/schema\/logo\/image\/","url":"https:\/\/www.monaco-tribune.com\/wp-content\/uploads\/2022\/11\/logo-monaco-tribune.png","contentUrl":"https:\/\/www.monaco-tribune.com\/wp-content\/uploads\/2022\/11\/logo-monaco-tribune.png","width":1548,"height":600,"caption":"Monaco Tribune"},"image":{"@id":"https:\/\/www.monaco-tribune.com\/it\/#\/schema\/logo\/image\/"},"sameAs":["https:\/\/www.facebook.com\/MonacoTribune","https:\/\/x.com\/MonacoTribune","https:\/\/www.instagram.com\/monacotribune\/","https:\/\/www.linkedin.com\/company\/monaco-tribune","https:\/\/www.youtube.com\/channel\/UCHle1MnG6hw1y4lWKijVbMA"]},{"@type":"Person","@id":"https:\/\/www.monaco-tribune.com\/it\/#\/schema\/person\/dd3b5770833f791d3f4d808f1aa84499","name":"Sarah Incari","image":{"@type":"ImageObject","inLanguage":"it-IT","@id":"https:\/\/secure.gravatar.com\/avatar\/4ac0b37be892d57107ccdd804e3f2a03bf1e3fca097512136d3603859293cb0e?s=96&d=mm&r=g","url":"https:\/\/secure.gravatar.com\/avatar\/4ac0b37be892d57107ccdd804e3f2a03bf1e3fca097512136d3603859293cb0e?s=96&d=mm&r=g","contentUrl":"https:\/\/secure.gravatar.com\/avatar\/4ac0b37be892d57107ccdd804e3f2a03bf1e3fca097512136d3603859293cb0e?s=96&d=mm&r=g","caption":"Sarah Incari"},"url":"https:\/\/www.monaco-tribune.com\/it\/author\/sarahincari\/"}]}},"_links":{"self":[{"href":"https:\/\/www.monaco-tribune.com\/it\/wp-json\/wp\/v2\/posts\/208987","targetHints":{"allow":["GET"]}}],"collection":[{"href":"https:\/\/www.monaco-tribune.com\/it\/wp-json\/wp\/v2\/posts"}],"about":[{"href":"https:\/\/www.monaco-tribune.com\/it\/wp-json\/wp\/v2\/types\/post"}],"author":[{"embeddable":true,"href":"https:\/\/www.monaco-tribune.com\/it\/wp-json\/wp\/v2\/users\/69"}],"replies":[{"embeddable":true,"href":"https:\/\/www.monaco-tribune.com\/it\/wp-json\/wp\/v2\/comments?post=208987"}],"version-history":[{"count":2,"href":"https:\/\/www.monaco-tribune.com\/it\/wp-json\/wp\/v2\/posts\/208987\/revisions"}],"predecessor-version":[{"id":208990,"href":"https:\/\/www.monaco-tribune.com\/it\/wp-json\/wp\/v2\/posts\/208987\/revisions\/208990"}],"wp:featuredmedia":[{"embeddable":true,"href":"https:\/\/www.monaco-tribune.com\/it\/wp-json\/wp\/v2\/media\/207018"}],"wp:attachment":[{"href":"https:\/\/www.monaco-tribune.com\/it\/wp-json\/wp\/v2\/media?parent=208987"}],"wp:term":[{"taxonomy":"category","embeddable":true,"href":"https:\/\/www.monaco-tribune.com\/it\/wp-json\/wp\/v2\/categories?post=208987"},{"taxonomy":"post_tag","embeddable":true,"href":"https:\/\/www.monaco-tribune.com\/it\/wp-json\/wp\/v2\/tags?post=208987"},{"taxonomy":"sectag","embeddable":true,"href":"https:\/\/www.monaco-tribune.com\/it\/wp-json\/wp\/v2\/post_sectags?post=208987"},{"taxonomy":"format","embeddable":true,"href":"https:\/\/www.monaco-tribune.com\/it\/wp-json\/wp\/v2\/post_format?post=208987"}],"curies":[{"name":"wp","href":"https:\/\/api.w.org\/{rel}","templated":true}]}}