{"id":209085,"date":"2024-01-02T19:17:29","date_gmt":"2024-01-02T17:17:29","guid":{"rendered":"https:\/\/www.monaco-tribune.com\/2024\/01\/gli-auguri-del-principe-e-della-principessa-abbiamo-il-dovere-comune-di-riconoscere-quanto-siamo-fortunati\/"},"modified":"2024-01-02T19:17:35","modified_gmt":"2024-01-02T17:17:35","slug":"gli-auguri-del-principe-e-della-principessa-abbiamo-il-dovere-comune-di-riconoscere-quanto-siamo-fortunati","status":"publish","type":"post","link":"https:\/\/www.monaco-tribune.com\/it\/2024\/01\/gli-auguri-del-principe-e-della-principessa-abbiamo-il-dovere-comune-di-riconoscere-quanto-siamo-fortunati\/","title":{"rendered":"Gli auguri del Principe e della Principessa: &#8220;Abbiamo il dovere comune di riconoscere quanto siamo fortunati&#8221;"},"content":{"rendered":"\n<p><strong>In un video di 3&#8217;29&#8221; pubblicato dal Palazzo del Principe, il Principe Alberto II ha parlato insieme alla Principessa Charl\u00e8ne.<\/strong><\/p>\n\n<p>In un clima internazionale particolarmente agitato, Monaco \u00e8 un&#8217;oasi di pace e il Sovrano \u00e8 determinato a proteggere la tranquillit\u00e0 e la prosperit\u00e0 del Principato il pi\u00f9 a lungo possibile. Il Principe ha voluto innanzitutto esprimere il suo sostegno, la sua compassione e il suo affetto a &#8220;tutti coloro che sono stati colpiti da un lutto, da un dolore, dal peso della malattia e dalla solitudine&#8221;.<\/p>\n\n<p>In questi tempi difficili, il Principe ci ricorda che Monaco \u00e8 stata risparmiata da molti dei tragici eventi di questo mondo e come tale &#8220;abbiamo un dovere comune&#8221;, dichiara, &#8220;quello di riconoscere la nostra fortuna, e un&#8217;ambizione, quella di preservare la nostra unit\u00e0 assicurando la protezione del nostro modello istituzionale e delle nostre conquiste socio-economiche. Dobbiamo anche riconoscerne le ricchezze, lavorando insieme per trasmettere alle generazioni future ci\u00f2 che ci \u00e8 stato tramandato&#8221;.<\/p>\n\n<p>Poco pi\u00f9 avanti nel suo discorso, il Principe ribadisce: &#8220;Sono la nostra unit\u00e0 e la nostra singolarit\u00e0 che oggi ci proteggono dai pericoli in cui sono precipitate molte delle nostre societ\u00e0 occidentali, e considero un obbligo imprescindibile non solo preservare, ma anche far fiorire la coesione della nostra comunit\u00e0&#8221;.<\/p>\n\n<h2 class=\"wp-block-heading\" id=\"h-2023-marquee-par-le-centenaire-du-prince-rainier-iii\">2023: un anno segnato dal centenario del Principe Ranieri III<\/h2>\n\n<p>Il Principe ha anche parlato delle celebrazioni per il centenario del Principe Ranieri III che hanno segnato il 2023. &#8220;Io e la mia famiglia siamo felici di aver condiviso con voi questi momenti. Ci hanno permesso di ricordare quanto il suo regno abbia portato alla modernizzazione del nostro Paese, rendendo Monaco uno Stato prospero e dinamico, aperto al mondo e attivo nel dialogo tra le nazioni&#8221;. Nel suo discorso, il Sovrano ha anche ricordato che il 2023 \u00e8 stato anche l&#8217;anno del 30\u00b0 anniversario dell&#8217;ammissione del Principato all&#8217;Organizzazione delle Nazioni Unite (ONU).<\/p>\n\n<p class=\"related\"><a href=\"https:\/\/www.monaco-tribune.com\/it\/2024\/01\/non-sapete-cosa-fare-del-vostro-albero-di-natale-vero-optate-per-il-servizio-di-rimozione-dellalbero\/\">Non sapete cosa fare del vostro albero di Natale vero? Optate per il servizio di \u201crimozione dell\u2019albero\u201d<\/a><\/p>\n\n<p>Concentriamoci ora sul 2024 e sulle sfide e le ambizioni che ci attendono. &#8220;Il futuro non si pu\u00f2 prevedere, bisogna pianificarlo. Non va predetto, ma inventato. Sta a noi mobilitarci e mettere tutte le nostre energie al servizio della pace, dell&#8217;accettazione degli altri e della solidariet\u00e0&#8221;, ha proseguito il Principe.<\/p>\n\n<p>Ha infine concluso con queste parole: &#8220;Cari compatrioti, cari residenti, cari amici, a ciascuno di voi la Principessa e io esprimiamo i nostri migliori auguri per l&#8217;anno 2024. Che sia felice e che la pace, la gioia e la salute diventino tutte le vostre ricchezze&#8221;, ha concluso il Principe, prima di pronunciare all&#8217;unisono con la Principessa il tradizionale &#8220;bonne ann\u00e9e&#8221; in francese, &#8220;happy new year&#8221; in inglese e &#8220;bon anu noevu&#8221; in monegasco.<\/p>\n\n<figure class=\"wp-block-embed aligncenter is-type-video is-provider-youtube wp-block-embed-youtube wp-embed-aspect-16-9 wp-has-aspect-ratio\"><div class=\"wp-block-embed__wrapper\">\r\n<iframe title=\"V\u0153ux 2024 de S.A.S. le Prince Albert II et S.A.S. la Princesse Charl\u00e8ne\" width=\"500\" height=\"281\" src=\"https:\/\/www.youtube.com\/embed\/NW97pFn43QQ?feature=oembed\" frameborder=\"0\" allow=\"accelerometer; autoplay; clipboard-write; encrypted-media; gyroscope; picture-in-picture; web-share\" referrerpolicy=\"strict-origin-when-cross-origin\" allowfullscreen><\/iframe>\r\n<\/div><\/figure>\r\n","protected":false},"excerpt":{"rendered":"<p>In un video di 3&#8217;29&#8221; pubblicato dal Palazzo del Principe, il Principe Alberto II ha parlato insieme alla Principessa Charl\u00e8ne. [&hellip;]<\/p>\n","protected":false},"author":69,"featured_media":208943,"comment_status":"closed","ping_status":"closed","sticky":false,"template":"","format":"standard","meta":{"_acf_changed":false,"footnotes":""},"categories":[1742,1826,1738],"tags":[2986],"post_sectags":[3304],"post_format":[2478],"class_list":["post-209085","post","type-post","status-publish","format-standard","has-post-thumbnail","hentry","category-famiglia-principesca","category-la-nostra-scelta","category-notizie","tag-principe-alberto-ii","sectag-principessa-charlene","format-notizia"],"acf":[],"yoast_head":"<!-- This site is optimized with the Yoast SEO Premium plugin v26.8 (Yoast SEO v27.5) - https:\/\/yoast.com\/product\/yoast-seo-premium-wordpress\/ -->\n<title>Gli auguri del Principe e della Principessa: &quot;Abbiamo il dovere comune di riconoscere quanto siamo fortunati&quot;<\/title>\n<meta name=\"description\" content=\"In un video di 3&#039;29&quot; pubblicato dal Palazzo del Principe, il Principe Alberto II ha parlato insieme alla Principessa Charl\u00e8ne. In un clima internazionale\" \/>\n<meta name=\"robots\" content=\"index, follow, max-snippet:-1, max-image-preview:large, max-video-preview:-1\" \/>\n<link rel=\"canonical\" href=\"https:\/\/www.monaco-tribune.com\/it\/2024\/01\/gli-auguri-del-principe-e-della-principessa-abbiamo-il-dovere-comune-di-riconoscere-quanto-siamo-fortunati\/\" \/>\n<meta property=\"og:locale\" content=\"it_IT\" \/>\n<meta property=\"og:type\" content=\"article\" \/>\n<meta property=\"og:title\" content=\"Gli auguri del Principe e della Principessa: &quot;Abbiamo il dovere comune di riconoscere quanto siamo fortunati&quot; - Monaco Tribune\" \/>\n<meta property=\"og:description\" content=\"In un video di 3&#039;29&quot; pubblicato dal Palazzo del Principe, il Principe Alberto II ha parlato insieme alla Principessa Charl\u00e8ne. In un clima internazionale\" \/>\n<meta property=\"og:url\" content=\"https:\/\/www.monaco-tribune.com\/it\/2024\/01\/gli-auguri-del-principe-e-della-principessa-abbiamo-il-dovere-comune-di-riconoscere-quanto-siamo-fortunati\/\" \/>\n<meta property=\"og:site_name\" content=\"Monaco Tribune\" \/>\n<meta property=\"article:publisher\" content=\"https:\/\/www.facebook.com\/MonacoTribune\" \/>\n<meta property=\"article:published_time\" content=\"2024-01-02T17:17:29+00:00\" \/>\n<meta property=\"article:modified_time\" content=\"2024-01-02T17:17:35+00:00\" \/>\n<meta property=\"og:image\" content=\"https:\/\/www.monaco-tribune.com\/wp-content\/uploads\/2024\/01\/voeux2024.jpg\" \/>\n\t<meta property=\"og:image:width\" content=\"1200\" \/>\n\t<meta property=\"og:image:height\" content=\"699\" \/>\n\t<meta property=\"og:image:type\" content=\"image\/jpeg\" \/>\n<meta name=\"author\" content=\"Sarah Incari\" \/>\n<meta name=\"twitter:card\" content=\"summary_large_image\" \/>\n<meta name=\"twitter:creator\" content=\"@MonacoTribune\" \/>\n<meta name=\"twitter:site\" content=\"@MonacoTribune\" \/>\n<script type=\"application\/ld+json\" class=\"yoast-schema-graph\">{\"@context\":\"https:\\\/\\\/schema.org\",\"@graph\":[{\"@type\":\"NewsArticle\",\"@id\":\"https:\\\/\\\/www.monaco-tribune.com\\\/it\\\/2024\\\/01\\\/gli-auguri-del-principe-e-della-principessa-abbiamo-il-dovere-comune-di-riconoscere-quanto-siamo-fortunati\\\/#article\",\"isPartOf\":{\"@id\":\"https:\\\/\\\/www.monaco-tribune.com\\\/it\\\/2024\\\/01\\\/gli-auguri-del-principe-e-della-principessa-abbiamo-il-dovere-comune-di-riconoscere-quanto-siamo-fortunati\\\/\"},\"author\":{\"name\":\"Sarah Incari\",\"@id\":\"https:\\\/\\\/www.monaco-tribune.com\\\/it\\\/#\\\/schema\\\/person\\\/dd3b5770833f791d3f4d808f1aa84499\"},\"headline\":\"Gli auguri del Principe e della Principessa: &#8220;Abbiamo il dovere comune di riconoscere quanto siamo fortunati&#8221;\",\"datePublished\":\"2024-01-02T17:17:29+00:00\",\"dateModified\":\"2024-01-02T17:17:35+00:00\",\"mainEntityOfPage\":{\"@id\":\"https:\\\/\\\/www.monaco-tribune.com\\\/it\\\/2024\\\/01\\\/gli-auguri-del-principe-e-della-principessa-abbiamo-il-dovere-comune-di-riconoscere-quanto-siamo-fortunati\\\/\"},\"wordCount\":476,\"publisher\":{\"@id\":\"https:\\\/\\\/www.monaco-tribune.com\\\/it\\\/#organization\"},\"image\":{\"@id\":\"https:\\\/\\\/www.monaco-tribune.com\\\/it\\\/2024\\\/01\\\/gli-auguri-del-principe-e-della-principessa-abbiamo-il-dovere-comune-di-riconoscere-quanto-siamo-fortunati\\\/#primaryimage\"},\"thumbnailUrl\":\"https:\\\/\\\/www.monaco-tribune.com\\\/wp-content\\\/uploads\\\/2024\\\/01\\\/voeux2024.jpg\",\"keywords\":[\"Principe Alberto II\"],\"articleSection\":[\"Famiglia Principesca\",\"La nostra scelta\",\"Notizie\"],\"inLanguage\":\"it-IT\",\"copyrightYear\":\"2024\",\"copyrightHolder\":{\"@id\":\"https:\\\/\\\/www.monaco-tribune.com\\\/#organization\"}},{\"@type\":\"WebPage\",\"@id\":\"https:\\\/\\\/www.monaco-tribune.com\\\/it\\\/2024\\\/01\\\/gli-auguri-del-principe-e-della-principessa-abbiamo-il-dovere-comune-di-riconoscere-quanto-siamo-fortunati\\\/\",\"url\":\"https:\\\/\\\/www.monaco-tribune.com\\\/it\\\/2024\\\/01\\\/gli-auguri-del-principe-e-della-principessa-abbiamo-il-dovere-comune-di-riconoscere-quanto-siamo-fortunati\\\/\",\"name\":\"Gli auguri del Principe e della Principessa: \\\"Abbiamo il dovere comune di riconoscere quanto siamo fortunati\\\"\",\"isPartOf\":{\"@id\":\"https:\\\/\\\/www.monaco-tribune.com\\\/it\\\/#website\"},\"primaryImageOfPage\":{\"@id\":\"https:\\\/\\\/www.monaco-tribune.com\\\/it\\\/2024\\\/01\\\/gli-auguri-del-principe-e-della-principessa-abbiamo-il-dovere-comune-di-riconoscere-quanto-siamo-fortunati\\\/#primaryimage\"},\"image\":{\"@id\":\"https:\\\/\\\/www.monaco-tribune.com\\\/it\\\/2024\\\/01\\\/gli-auguri-del-principe-e-della-principessa-abbiamo-il-dovere-comune-di-riconoscere-quanto-siamo-fortunati\\\/#primaryimage\"},\"thumbnailUrl\":\"https:\\\/\\\/www.monaco-tribune.com\\\/wp-content\\\/uploads\\\/2024\\\/01\\\/voeux2024.jpg\",\"datePublished\":\"2024-01-02T17:17:29+00:00\",\"dateModified\":\"2024-01-02T17:17:35+00:00\",\"description\":\"In un video di 3'29\\\" pubblicato dal Palazzo del Principe, il Principe Alberto II ha parlato insieme alla Principessa Charl\u00e8ne. In un clima internazionale\",\"breadcrumb\":{\"@id\":\"https:\\\/\\\/www.monaco-tribune.com\\\/it\\\/2024\\\/01\\\/gli-auguri-del-principe-e-della-principessa-abbiamo-il-dovere-comune-di-riconoscere-quanto-siamo-fortunati\\\/#breadcrumb\"},\"inLanguage\":\"it-IT\",\"potentialAction\":[{\"@type\":\"ReadAction\",\"target\":[\"https:\\\/\\\/www.monaco-tribune.com\\\/it\\\/2024\\\/01\\\/gli-auguri-del-principe-e-della-principessa-abbiamo-il-dovere-comune-di-riconoscere-quanto-siamo-fortunati\\\/\"]}]},{\"@type\":\"ImageObject\",\"inLanguage\":\"it-IT\",\"@id\":\"https:\\\/\\\/www.monaco-tribune.com\\\/it\\\/2024\\\/01\\\/gli-auguri-del-principe-e-della-principessa-abbiamo-il-dovere-comune-di-riconoscere-quanto-siamo-fortunati\\\/#primaryimage\",\"url\":\"https:\\\/\\\/www.monaco-tribune.com\\\/wp-content\\\/uploads\\\/2024\\\/01\\\/voeux2024.jpg\",\"contentUrl\":\"https:\\\/\\\/www.monaco-tribune.com\\\/wp-content\\\/uploads\\\/2024\\\/01\\\/voeux2024.jpg\",\"width\":1200,\"height\":699,\"caption\":\"Come da tradizione, a Capodanno il telegiornale di Monaco Info ha aperto con gli auguri della Famiglia Principesca - \u00a9 Eric Mathon \\\/ Palazzo del Principe\"},{\"@type\":\"BreadcrumbList\",\"@id\":\"https:\\\/\\\/www.monaco-tribune.com\\\/it\\\/2024\\\/01\\\/gli-auguri-del-principe-e-della-principessa-abbiamo-il-dovere-comune-di-riconoscere-quanto-siamo-fortunati\\\/#breadcrumb\",\"itemListElement\":[{\"@type\":\"ListItem\",\"position\":1,\"name\":\"Accueil\",\"item\":\"https:\\\/\\\/www.monaco-tribune.com\\\/it\\\/\"},{\"@type\":\"ListItem\",\"position\":2,\"name\":\"Gli auguri del Principe e della Principessa: &#8220;Abbiamo il dovere comune di riconoscere quanto siamo fortunati&#8221;\"}]},{\"@type\":\"WebSite\",\"@id\":\"https:\\\/\\\/www.monaco-tribune.com\\\/it\\\/#website\",\"url\":\"https:\\\/\\\/www.monaco-tribune.com\\\/it\\\/\",\"name\":\"Monaco Tribune\",\"description\":\"Monaco : actualit\u00e9s \u00e9conomiques, politiques, culturelles et sportives de Monaco et de la French Riviera.\",\"publisher\":{\"@id\":\"https:\\\/\\\/www.monaco-tribune.com\\\/it\\\/#organization\"},\"potentialAction\":[{\"@type\":\"SearchAction\",\"target\":{\"@type\":\"EntryPoint\",\"urlTemplate\":\"https:\\\/\\\/www.monaco-tribune.com\\\/it\\\/?s={search_term_string}\"},\"query-input\":{\"@type\":\"PropertyValueSpecification\",\"valueRequired\":true,\"valueName\":\"search_term_string\"}}],\"inLanguage\":\"it-IT\"},{\"@type\":\"Organization\",\"@id\":\"https:\\\/\\\/www.monaco-tribune.com\\\/it\\\/#organization\",\"name\":\"Monaco Tribune\",\"url\":\"https:\\\/\\\/www.monaco-tribune.com\\\/it\\\/\",\"logo\":{\"@type\":\"ImageObject\",\"inLanguage\":\"it-IT\",\"@id\":\"https:\\\/\\\/www.monaco-tribune.com\\\/it\\\/#\\\/schema\\\/logo\\\/image\\\/\",\"url\":\"https:\\\/\\\/www.monaco-tribune.com\\\/wp-content\\\/uploads\\\/2022\\\/11\\\/logo-monaco-tribune.png\",\"contentUrl\":\"https:\\\/\\\/www.monaco-tribune.com\\\/wp-content\\\/uploads\\\/2022\\\/11\\\/logo-monaco-tribune.png\",\"width\":1548,\"height\":600,\"caption\":\"Monaco Tribune\"},\"image\":{\"@id\":\"https:\\\/\\\/www.monaco-tribune.com\\\/it\\\/#\\\/schema\\\/logo\\\/image\\\/\"},\"sameAs\":[\"https:\\\/\\\/www.facebook.com\\\/MonacoTribune\",\"https:\\\/\\\/x.com\\\/MonacoTribune\",\"https:\\\/\\\/www.instagram.com\\\/monacotribune\\\/\",\"https:\\\/\\\/www.linkedin.com\\\/company\\\/monaco-tribune\",\"https:\\\/\\\/www.youtube.com\\\/channel\\\/UCHle1MnG6hw1y4lWKijVbMA\"]},{\"@type\":\"Person\",\"@id\":\"https:\\\/\\\/www.monaco-tribune.com\\\/it\\\/#\\\/schema\\\/person\\\/dd3b5770833f791d3f4d808f1aa84499\",\"name\":\"Sarah Incari\",\"image\":{\"@type\":\"ImageObject\",\"inLanguage\":\"it-IT\",\"@id\":\"https:\\\/\\\/secure.gravatar.com\\\/avatar\\\/4ac0b37be892d57107ccdd804e3f2a03bf1e3fca097512136d3603859293cb0e?s=96&d=mm&r=g\",\"url\":\"https:\\\/\\\/secure.gravatar.com\\\/avatar\\\/4ac0b37be892d57107ccdd804e3f2a03bf1e3fca097512136d3603859293cb0e?s=96&d=mm&r=g\",\"contentUrl\":\"https:\\\/\\\/secure.gravatar.com\\\/avatar\\\/4ac0b37be892d57107ccdd804e3f2a03bf1e3fca097512136d3603859293cb0e?s=96&d=mm&r=g\",\"caption\":\"Sarah Incari\"},\"url\":\"https:\\\/\\\/www.monaco-tribune.com\\\/it\\\/author\\\/sarahincari\\\/\"}]}<\/script>\n<!-- \/ Yoast SEO Premium plugin. -->","yoast_head_json":{"title":"Gli auguri del Principe e della Principessa: \"Abbiamo il dovere comune di riconoscere quanto siamo fortunati\"","description":"In un video di 3'29\" pubblicato dal Palazzo del Principe, il Principe Alberto II ha parlato insieme alla Principessa Charl\u00e8ne. In un clima internazionale","robots":{"index":"index","follow":"follow","max-snippet":"max-snippet:-1","max-image-preview":"max-image-preview:large","max-video-preview":"max-video-preview:-1"},"canonical":"https:\/\/www.monaco-tribune.com\/it\/2024\/01\/gli-auguri-del-principe-e-della-principessa-abbiamo-il-dovere-comune-di-riconoscere-quanto-siamo-fortunati\/","og_locale":"it_IT","og_type":"article","og_title":"Gli auguri del Principe e della Principessa: \"Abbiamo il dovere comune di riconoscere quanto siamo fortunati\" - Monaco Tribune","og_description":"In un video di 3'29\" pubblicato dal Palazzo del Principe, il Principe Alberto II ha parlato insieme alla Principessa Charl\u00e8ne. In un clima internazionale","og_url":"https:\/\/www.monaco-tribune.com\/it\/2024\/01\/gli-auguri-del-principe-e-della-principessa-abbiamo-il-dovere-comune-di-riconoscere-quanto-siamo-fortunati\/","og_site_name":"Monaco Tribune","article_publisher":"https:\/\/www.facebook.com\/MonacoTribune","article_published_time":"2024-01-02T17:17:29+00:00","article_modified_time":"2024-01-02T17:17:35+00:00","og_image":[{"width":1200,"height":699,"url":"https:\/\/www.monaco-tribune.com\/wp-content\/uploads\/2024\/01\/voeux2024.jpg","type":"image\/jpeg"}],"author":"Sarah Incari","twitter_card":"summary_large_image","twitter_creator":"@MonacoTribune","twitter_site":"@MonacoTribune","schema":{"@context":"https:\/\/schema.org","@graph":[{"@type":"NewsArticle","@id":"https:\/\/www.monaco-tribune.com\/it\/2024\/01\/gli-auguri-del-principe-e-della-principessa-abbiamo-il-dovere-comune-di-riconoscere-quanto-siamo-fortunati\/#article","isPartOf":{"@id":"https:\/\/www.monaco-tribune.com\/it\/2024\/01\/gli-auguri-del-principe-e-della-principessa-abbiamo-il-dovere-comune-di-riconoscere-quanto-siamo-fortunati\/"},"author":{"name":"Sarah Incari","@id":"https:\/\/www.monaco-tribune.com\/it\/#\/schema\/person\/dd3b5770833f791d3f4d808f1aa84499"},"headline":"Gli auguri del Principe e della Principessa: &#8220;Abbiamo il dovere comune di riconoscere quanto siamo fortunati&#8221;","datePublished":"2024-01-02T17:17:29+00:00","dateModified":"2024-01-02T17:17:35+00:00","mainEntityOfPage":{"@id":"https:\/\/www.monaco-tribune.com\/it\/2024\/01\/gli-auguri-del-principe-e-della-principessa-abbiamo-il-dovere-comune-di-riconoscere-quanto-siamo-fortunati\/"},"wordCount":476,"publisher":{"@id":"https:\/\/www.monaco-tribune.com\/it\/#organization"},"image":{"@id":"https:\/\/www.monaco-tribune.com\/it\/2024\/01\/gli-auguri-del-principe-e-della-principessa-abbiamo-il-dovere-comune-di-riconoscere-quanto-siamo-fortunati\/#primaryimage"},"thumbnailUrl":"https:\/\/www.monaco-tribune.com\/wp-content\/uploads\/2024\/01\/voeux2024.jpg","keywords":["Principe Alberto II"],"articleSection":["Famiglia Principesca","La nostra scelta","Notizie"],"inLanguage":"it-IT","copyrightYear":"2024","copyrightHolder":{"@id":"https:\/\/www.monaco-tribune.com\/#organization"}},{"@type":"WebPage","@id":"https:\/\/www.monaco-tribune.com\/it\/2024\/01\/gli-auguri-del-principe-e-della-principessa-abbiamo-il-dovere-comune-di-riconoscere-quanto-siamo-fortunati\/","url":"https:\/\/www.monaco-tribune.com\/it\/2024\/01\/gli-auguri-del-principe-e-della-principessa-abbiamo-il-dovere-comune-di-riconoscere-quanto-siamo-fortunati\/","name":"Gli auguri del Principe e della Principessa: \"Abbiamo il dovere comune di riconoscere quanto siamo fortunati\"","isPartOf":{"@id":"https:\/\/www.monaco-tribune.com\/it\/#website"},"primaryImageOfPage":{"@id":"https:\/\/www.monaco-tribune.com\/it\/2024\/01\/gli-auguri-del-principe-e-della-principessa-abbiamo-il-dovere-comune-di-riconoscere-quanto-siamo-fortunati\/#primaryimage"},"image":{"@id":"https:\/\/www.monaco-tribune.com\/it\/2024\/01\/gli-auguri-del-principe-e-della-principessa-abbiamo-il-dovere-comune-di-riconoscere-quanto-siamo-fortunati\/#primaryimage"},"thumbnailUrl":"https:\/\/www.monaco-tribune.com\/wp-content\/uploads\/2024\/01\/voeux2024.jpg","datePublished":"2024-01-02T17:17:29+00:00","dateModified":"2024-01-02T17:17:35+00:00","description":"In un video di 3'29\" pubblicato dal Palazzo del Principe, il Principe Alberto II ha parlato insieme alla Principessa Charl\u00e8ne. In un clima internazionale","breadcrumb":{"@id":"https:\/\/www.monaco-tribune.com\/it\/2024\/01\/gli-auguri-del-principe-e-della-principessa-abbiamo-il-dovere-comune-di-riconoscere-quanto-siamo-fortunati\/#breadcrumb"},"inLanguage":"it-IT","potentialAction":[{"@type":"ReadAction","target":["https:\/\/www.monaco-tribune.com\/it\/2024\/01\/gli-auguri-del-principe-e-della-principessa-abbiamo-il-dovere-comune-di-riconoscere-quanto-siamo-fortunati\/"]}]},{"@type":"ImageObject","inLanguage":"it-IT","@id":"https:\/\/www.monaco-tribune.com\/it\/2024\/01\/gli-auguri-del-principe-e-della-principessa-abbiamo-il-dovere-comune-di-riconoscere-quanto-siamo-fortunati\/#primaryimage","url":"https:\/\/www.monaco-tribune.com\/wp-content\/uploads\/2024\/01\/voeux2024.jpg","contentUrl":"https:\/\/www.monaco-tribune.com\/wp-content\/uploads\/2024\/01\/voeux2024.jpg","width":1200,"height":699,"caption":"Come da tradizione, a Capodanno il telegiornale di Monaco Info ha aperto con gli auguri della Famiglia Principesca - \u00a9 Eric Mathon \/ Palazzo del Principe"},{"@type":"BreadcrumbList","@id":"https:\/\/www.monaco-tribune.com\/it\/2024\/01\/gli-auguri-del-principe-e-della-principessa-abbiamo-il-dovere-comune-di-riconoscere-quanto-siamo-fortunati\/#breadcrumb","itemListElement":[{"@type":"ListItem","position":1,"name":"Accueil","item":"https:\/\/www.monaco-tribune.com\/it\/"},{"@type":"ListItem","position":2,"name":"Gli auguri del Principe e della Principessa: &#8220;Abbiamo il dovere comune di riconoscere quanto siamo fortunati&#8221;"}]},{"@type":"WebSite","@id":"https:\/\/www.monaco-tribune.com\/it\/#website","url":"https:\/\/www.monaco-tribune.com\/it\/","name":"Monaco Tribune","description":"Monaco : actualit\u00e9s \u00e9conomiques, politiques, culturelles et sportives de Monaco et de la French Riviera.","publisher":{"@id":"https:\/\/www.monaco-tribune.com\/it\/#organization"},"potentialAction":[{"@type":"SearchAction","target":{"@type":"EntryPoint","urlTemplate":"https:\/\/www.monaco-tribune.com\/it\/?s={search_term_string}"},"query-input":{"@type":"PropertyValueSpecification","valueRequired":true,"valueName":"search_term_string"}}],"inLanguage":"it-IT"},{"@type":"Organization","@id":"https:\/\/www.monaco-tribune.com\/it\/#organization","name":"Monaco Tribune","url":"https:\/\/www.monaco-tribune.com\/it\/","logo":{"@type":"ImageObject","inLanguage":"it-IT","@id":"https:\/\/www.monaco-tribune.com\/it\/#\/schema\/logo\/image\/","url":"https:\/\/www.monaco-tribune.com\/wp-content\/uploads\/2022\/11\/logo-monaco-tribune.png","contentUrl":"https:\/\/www.monaco-tribune.com\/wp-content\/uploads\/2022\/11\/logo-monaco-tribune.png","width":1548,"height":600,"caption":"Monaco Tribune"},"image":{"@id":"https:\/\/www.monaco-tribune.com\/it\/#\/schema\/logo\/image\/"},"sameAs":["https:\/\/www.facebook.com\/MonacoTribune","https:\/\/x.com\/MonacoTribune","https:\/\/www.instagram.com\/monacotribune\/","https:\/\/www.linkedin.com\/company\/monaco-tribune","https:\/\/www.youtube.com\/channel\/UCHle1MnG6hw1y4lWKijVbMA"]},{"@type":"Person","@id":"https:\/\/www.monaco-tribune.com\/it\/#\/schema\/person\/dd3b5770833f791d3f4d808f1aa84499","name":"Sarah Incari","image":{"@type":"ImageObject","inLanguage":"it-IT","@id":"https:\/\/secure.gravatar.com\/avatar\/4ac0b37be892d57107ccdd804e3f2a03bf1e3fca097512136d3603859293cb0e?s=96&d=mm&r=g","url":"https:\/\/secure.gravatar.com\/avatar\/4ac0b37be892d57107ccdd804e3f2a03bf1e3fca097512136d3603859293cb0e?s=96&d=mm&r=g","contentUrl":"https:\/\/secure.gravatar.com\/avatar\/4ac0b37be892d57107ccdd804e3f2a03bf1e3fca097512136d3603859293cb0e?s=96&d=mm&r=g","caption":"Sarah Incari"},"url":"https:\/\/www.monaco-tribune.com\/it\/author\/sarahincari\/"}]}},"_links":{"self":[{"href":"https:\/\/www.monaco-tribune.com\/it\/wp-json\/wp\/v2\/posts\/209085","targetHints":{"allow":["GET"]}}],"collection":[{"href":"https:\/\/www.monaco-tribune.com\/it\/wp-json\/wp\/v2\/posts"}],"about":[{"href":"https:\/\/www.monaco-tribune.com\/it\/wp-json\/wp\/v2\/types\/post"}],"author":[{"embeddable":true,"href":"https:\/\/www.monaco-tribune.com\/it\/wp-json\/wp\/v2\/users\/69"}],"replies":[{"embeddable":true,"href":"https:\/\/www.monaco-tribune.com\/it\/wp-json\/wp\/v2\/comments?post=209085"}],"version-history":[{"count":2,"href":"https:\/\/www.monaco-tribune.com\/it\/wp-json\/wp\/v2\/posts\/209085\/revisions"}],"predecessor-version":[{"id":209088,"href":"https:\/\/www.monaco-tribune.com\/it\/wp-json\/wp\/v2\/posts\/209085\/revisions\/209088"}],"wp:featuredmedia":[{"embeddable":true,"href":"https:\/\/www.monaco-tribune.com\/it\/wp-json\/wp\/v2\/media\/208943"}],"wp:attachment":[{"href":"https:\/\/www.monaco-tribune.com\/it\/wp-json\/wp\/v2\/media?parent=209085"}],"wp:term":[{"taxonomy":"category","embeddable":true,"href":"https:\/\/www.monaco-tribune.com\/it\/wp-json\/wp\/v2\/categories?post=209085"},{"taxonomy":"post_tag","embeddable":true,"href":"https:\/\/www.monaco-tribune.com\/it\/wp-json\/wp\/v2\/tags?post=209085"},{"taxonomy":"sectag","embeddable":true,"href":"https:\/\/www.monaco-tribune.com\/it\/wp-json\/wp\/v2\/post_sectags?post=209085"},{"taxonomy":"format","embeddable":true,"href":"https:\/\/www.monaco-tribune.com\/it\/wp-json\/wp\/v2\/post_format?post=209085"}],"curies":[{"name":"wp","href":"https:\/\/api.w.org\/{rel}","templated":true}]}}