{"id":211084,"date":"2024-01-12T11:41:31","date_gmt":"2024-01-12T09:41:31","guid":{"rendered":"https:\/\/www.monaco-tribune.com\/2024\/01\/monaco-e-a-rischio-sismico\/"},"modified":"2024-01-12T11:41:54","modified_gmt":"2024-01-12T09:41:54","slug":"monaco-e-a-rischio-sismico","status":"publish","type":"post","link":"https:\/\/www.monaco-tribune.com\/it\/2024\/01\/monaco-e-a-rischio-sismico\/","title":{"rendered":"Monaco \u00e8 a rischio sismico?"},"content":{"rendered":"\n<p><strong>Qual \u00e8 la probabilit\u00e0 che si verifichi una forte scossa? Gli edifici sono abbastanza solidi? Cosa fare in caso di terremoto? Scopriamolo insieme a un&#8217;esperta.<\/strong><\/p>\n\n<p>Il 7 gennaio \u00e8 stato registrato un terremoto di magnitudo 2,4 a 25 chilometri dalla costa di Monaco. Il sisma \u00e8 stato rilevato dall&#8217;osservatorio sismologico G\u00e9o Azur, che registra tutte le scosse nella regione. Si tratta di un fenomeno comune in Costa Azzurra, dove si verificano quotidianamente terremoti impercettibili per l&#8217;uomo. Fran\u00e7oise Courboulex, sismologa del CNRS e di G\u00e9o Azur, ha risposto alle nostre domande.<\/p>\n\n<p><strong>La Costa Azzurra \u00e8 una zona a rischio?<\/strong><\/p>\n\n<p>&#8220;\u00c8 la regione con il rischio sismico pi\u00f9 elevato della Francia. E pi\u00f9 ci avviciniamo all&#8217;Italia, pi\u00f9 i terremoti sono forti e frequenti&#8221;, spiega Fran\u00e7oise.<\/p>\n\n<p>La faglia Ligure \u00e8 la principale responsabile di questa intensa attivit\u00e0 sismica: si trova proprio di fronte la costa e si estende da Nizza a Savona. &#8220;C&#8217;\u00e8 un&#8217;attivit\u00e0 importante, ma non \u00e8 neanche lontanamente paragonabile al rischio della Turchia, della Grecia o del Giappone&#8221; rassicura la sismologa.<\/p>\n<div class=\"wp-block-image\">\n<figure class=\"aligncenter size-full\"><img decoding=\"async\" src=\"https:\/\/www.monaco-tribune.com\/wp-content\/uploads\/2024\/01\/seisme-15-derniers-jours-&#xA9;-sismo-azur-.png\" alt=\"\" class=\"wp-image-210890\"\/><figcaption class=\"wp-element-caption\"><em>Le Alpi e la faglia ligure rendono la zona di confine con l&#8217;Italia molto sismica\u00a0&#8211; \u00a9 SismoAzur<\/em><\/figcaption><\/figure>\n<\/div>\n<p><strong>A quando risale l&#8217;ultimo terremoto grave?<\/strong><\/p>\n\n<p>Il terremoto pi\u00f9 forte registrato risale al 23 febbraio 1887. Con epicentro sulla costa italiana, fece pi\u00f9 di 600 vittime. Tra edifici distrutti e maremoti, i danni si estesero fino a Cannes. &#8220;Temiamo il ripresentarsi di questi terremoti di magnitudo 5 o 6. Il problema \u00e8 che, al contrario delle eruzioni vulcaniche, non possiamo prevederli&#8221;.<\/p>\n\n<p><strong>Gli edifici attuali sono abbastanza resistenti?<\/strong><\/p>\n\n<p>Dal 1993, tutti i nuovi edifici devono rispettare le norme antisismiche. Queste variano a seconda della zona sismica (livello 4 nelle Alpi Marittime). Le norme servono a garantire la resistenza degli edifici in caso di terremoti di magnitudo 5 o 6. Ma c&#8217;\u00e8 un problema. &#8220;La maggior parte dei centri storici \u00e8 stata costruita molto prima e quindi non \u00e8 a norma. Potrebbe essere pericoloso in caso di forti scosse&#8221;.<\/p>\n\n<p><strong>Cosa fare in caso di terremoto?<\/strong><\/p>\n\n<p>La cosa pi\u00f9 importare per la sismologa \u00e8 che le persone siano informate e abbiano i riflessi pronti. &#8220;Non \u00e8 il terremoto in se, ma i palazzi che feriscono e uccidono&#8221;.<\/p>\n\n<hr class=\"wp-block-separator has-alpha-channel-opacity\"\/>\n\n<p><em>I consigli dell&#8217;esperta:<\/em><\/p>\n\n<p>In casa, la cosa pericolosa sono gli oggetti e i mobili. &#8220;Non bisogna mettere oggetti pesanti in alto. Se avvertiamo una scossa forte, il primo istinto \u00e8 quello di mettersi sotto un tavolo resistente per proteggere la testa. E se possiamo, \u00e8 meglio uscire e allontanarsi il pi\u00f9 possibile dai palazzi&#8221;.<\/p>\n\n<p>Per chi \u00e8 sulla costa, il mare pu\u00f2 essere pericoloso. &#8220;Se c&#8217;\u00e8 un terremoto bisogna allontanarsi dal mare e soprattutto evitare di tirare fuori il telefono per fare un video, anche se la tentazione \u00e8 forte&#8221;.<\/p>\n\n<p>\u00a0<\/p>\n","protected":false},"excerpt":{"rendered":"<p>Qual \u00e8 la probabilit\u00e0 che si verifichi una forte scossa? Gli edifici sono abbastanza solidi? Cosa fare in caso di [&hellip;]<\/p>\n","protected":false},"author":73,"featured_media":210888,"comment_status":"closed","ping_status":"closed","sticky":false,"template":"","format":"standard","meta":{"_acf_changed":false,"footnotes":""},"categories":[1839,1826,1738],"tags":[2869],"post_sectags":[],"post_format":[2476],"class_list":["post-211084","post","type-post","status-publish","format-standard","has-post-thumbnail","hentry","category-green","category-la-nostra-scelta","category-notizie","tag-cronaca","format-intervista"],"acf":[],"yoast_head":"<!-- This site is optimized with the Yoast SEO Premium plugin v27.5 (Yoast SEO v27.5) - https:\/\/yoast.com\/product\/yoast-seo-premium-wordpress\/ -->\n<title>Monaco \u00e8 a rischio sismico?<\/title>\n<meta name=\"description\" content=\"Qual \u00e8 la probabilit\u00e0 che si verifichi una forte scossa? Gli edifici sono abbastanza solidi? Cosa fare in caso di terremoto? Scopriamolo insieme a\" \/>\n<meta name=\"robots\" content=\"index, follow, max-snippet:-1, max-image-preview:large, max-video-preview:-1\" \/>\n<link rel=\"canonical\" href=\"https:\/\/www.monaco-tribune.com\/it\/2024\/01\/monaco-e-a-rischio-sismico\/\" \/>\n<meta property=\"og:locale\" content=\"it_IT\" \/>\n<meta property=\"og:type\" content=\"article\" \/>\n<meta property=\"og:title\" content=\"Monaco \u00e8 a rischio sismico? - Monaco Tribune\" \/>\n<meta property=\"og:description\" content=\"Qual \u00e8 la probabilit\u00e0 che si verifichi una forte scossa? Gli edifici sono abbastanza solidi? Cosa fare in caso di terremoto? Scopriamolo insieme a\" \/>\n<meta property=\"og:url\" content=\"https:\/\/www.monaco-tribune.com\/it\/2024\/01\/monaco-e-a-rischio-sismico\/\" \/>\n<meta property=\"og:site_name\" content=\"Monaco Tribune\" \/>\n<meta property=\"article:publisher\" content=\"https:\/\/www.facebook.com\/MonacoTribune\" \/>\n<meta property=\"article:published_time\" content=\"2024-01-12T09:41:31+00:00\" \/>\n<meta property=\"article:modified_time\" content=\"2024-01-12T09:41:54+00:00\" \/>\n<meta property=\"og:image\" content=\"https:\/\/www.monaco-tribune.com\/wp-content\/uploads\/2024\/01\/illustration-unsplash-2.jpg\" \/>\n\t<meta property=\"og:image:width\" content=\"1200\" \/>\n\t<meta property=\"og:image:height\" content=\"787\" \/>\n\t<meta property=\"og:image:type\" content=\"image\/jpeg\" \/>\n<meta name=\"author\" content=\"Pierluca Leandri\" \/>\n<meta name=\"twitter:card\" content=\"summary_large_image\" \/>\n<meta name=\"twitter:creator\" content=\"@MonacoTribune\" \/>\n<meta name=\"twitter:site\" content=\"@MonacoTribune\" \/>\n<script type=\"application\/ld+json\" class=\"yoast-schema-graph\">{\"@context\":\"https:\\\/\\\/schema.org\",\"@graph\":[{\"@type\":\"NewsArticle\",\"@id\":\"https:\\\/\\\/www.monaco-tribune.com\\\/it\\\/2024\\\/01\\\/monaco-e-a-rischio-sismico\\\/#article\",\"isPartOf\":{\"@id\":\"https:\\\/\\\/www.monaco-tribune.com\\\/it\\\/2024\\\/01\\\/monaco-e-a-rischio-sismico\\\/\"},\"author\":{\"name\":\"Pierluca Leandri\",\"@id\":\"https:\\\/\\\/www.monaco-tribune.com\\\/it\\\/#\\\/schema\\\/person\\\/a4a4dafb1efd7ca66e6700cca696a7f4\"},\"headline\":\"Monaco \u00e8 a rischio sismico?\",\"datePublished\":\"2024-01-12T09:41:31+00:00\",\"dateModified\":\"2024-01-12T09:41:54+00:00\",\"mainEntityOfPage\":{\"@id\":\"https:\\\/\\\/www.monaco-tribune.com\\\/it\\\/2024\\\/01\\\/monaco-e-a-rischio-sismico\\\/\"},\"wordCount\":439,\"publisher\":{\"@id\":\"https:\\\/\\\/www.monaco-tribune.com\\\/it\\\/#organization\"},\"image\":{\"@id\":\"https:\\\/\\\/www.monaco-tribune.com\\\/it\\\/2024\\\/01\\\/monaco-e-a-rischio-sismico\\\/#primaryimage\"},\"thumbnailUrl\":\"https:\\\/\\\/www.monaco-tribune.com\\\/wp-content\\\/uploads\\\/2024\\\/01\\\/illustration-unsplash-2.jpg\",\"keywords\":[\"Cronaca\"],\"articleSection\":[\"Green\",\"La nostra scelta\",\"Notizie\"],\"inLanguage\":\"it-IT\",\"copyrightYear\":\"2024\",\"copyrightHolder\":{\"@id\":\"https:\\\/\\\/www.monaco-tribune.com\\\/#organization\"}},{\"@type\":\"WebPage\",\"@id\":\"https:\\\/\\\/www.monaco-tribune.com\\\/it\\\/2024\\\/01\\\/monaco-e-a-rischio-sismico\\\/\",\"url\":\"https:\\\/\\\/www.monaco-tribune.com\\\/it\\\/2024\\\/01\\\/monaco-e-a-rischio-sismico\\\/\",\"name\":\"Monaco \u00e8 a rischio sismico?\",\"isPartOf\":{\"@id\":\"https:\\\/\\\/www.monaco-tribune.com\\\/it\\\/#website\"},\"primaryImageOfPage\":{\"@id\":\"https:\\\/\\\/www.monaco-tribune.com\\\/it\\\/2024\\\/01\\\/monaco-e-a-rischio-sismico\\\/#primaryimage\"},\"image\":{\"@id\":\"https:\\\/\\\/www.monaco-tribune.com\\\/it\\\/2024\\\/01\\\/monaco-e-a-rischio-sismico\\\/#primaryimage\"},\"thumbnailUrl\":\"https:\\\/\\\/www.monaco-tribune.com\\\/wp-content\\\/uploads\\\/2024\\\/01\\\/illustration-unsplash-2.jpg\",\"datePublished\":\"2024-01-12T09:41:31+00:00\",\"dateModified\":\"2024-01-12T09:41:54+00:00\",\"description\":\"Qual \u00e8 la probabilit\u00e0 che si verifichi una forte scossa? Gli edifici sono abbastanza solidi? Cosa fare in caso di terremoto? Scopriamolo insieme a\",\"breadcrumb\":{\"@id\":\"https:\\\/\\\/www.monaco-tribune.com\\\/it\\\/2024\\\/01\\\/monaco-e-a-rischio-sismico\\\/#breadcrumb\"},\"inLanguage\":\"it-IT\",\"potentialAction\":[{\"@type\":\"ReadAction\",\"target\":[\"https:\\\/\\\/www.monaco-tribune.com\\\/it\\\/2024\\\/01\\\/monaco-e-a-rischio-sismico\\\/\"]}]},{\"@type\":\"ImageObject\",\"inLanguage\":\"it-IT\",\"@id\":\"https:\\\/\\\/www.monaco-tribune.com\\\/it\\\/2024\\\/01\\\/monaco-e-a-rischio-sismico\\\/#primaryimage\",\"url\":\"https:\\\/\\\/www.monaco-tribune.com\\\/wp-content\\\/uploads\\\/2024\\\/01\\\/illustration-unsplash-2.jpg\",\"contentUrl\":\"https:\\\/\\\/www.monaco-tribune.com\\\/wp-content\\\/uploads\\\/2024\\\/01\\\/illustration-unsplash-2.jpg\",\"width\":1200,\"height\":787,\"caption\":\"Nella Francia continentale, le Alpi Marittime sono il dipartimento con la pi\u00f9 alta attivit\u00e0 sismica del paese - \u00a9 Unsplash\"},{\"@type\":\"BreadcrumbList\",\"@id\":\"https:\\\/\\\/www.monaco-tribune.com\\\/it\\\/2024\\\/01\\\/monaco-e-a-rischio-sismico\\\/#breadcrumb\",\"itemListElement\":[{\"@type\":\"ListItem\",\"position\":1,\"name\":\"Accueil\",\"item\":\"https:\\\/\\\/www.monaco-tribune.com\\\/it\\\/\"},{\"@type\":\"ListItem\",\"position\":2,\"name\":\"Monaco \u00e8 a rischio sismico?\"}]},{\"@type\":\"WebSite\",\"@id\":\"https:\\\/\\\/www.monaco-tribune.com\\\/it\\\/#website\",\"url\":\"https:\\\/\\\/www.monaco-tribune.com\\\/it\\\/\",\"name\":\"Monaco Tribune\",\"description\":\"Monaco : actualit\u00e9s \u00e9conomiques, politiques, culturelles et sportives de Monaco et de la French Riviera.\",\"publisher\":{\"@id\":\"https:\\\/\\\/www.monaco-tribune.com\\\/it\\\/#organization\"},\"potentialAction\":[{\"@type\":\"SearchAction\",\"target\":{\"@type\":\"EntryPoint\",\"urlTemplate\":\"https:\\\/\\\/www.monaco-tribune.com\\\/it\\\/?s={search_term_string}\"},\"query-input\":{\"@type\":\"PropertyValueSpecification\",\"valueRequired\":true,\"valueName\":\"search_term_string\"}}],\"inLanguage\":\"it-IT\"},{\"@type\":\"Organization\",\"@id\":\"https:\\\/\\\/www.monaco-tribune.com\\\/it\\\/#organization\",\"name\":\"Monaco Tribune\",\"url\":\"https:\\\/\\\/www.monaco-tribune.com\\\/it\\\/\",\"logo\":{\"@type\":\"ImageObject\",\"inLanguage\":\"it-IT\",\"@id\":\"https:\\\/\\\/www.monaco-tribune.com\\\/it\\\/#\\\/schema\\\/logo\\\/image\\\/\",\"url\":\"https:\\\/\\\/www.monaco-tribune.com\\\/wp-content\\\/uploads\\\/2022\\\/11\\\/logo-monaco-tribune.png\",\"contentUrl\":\"https:\\\/\\\/www.monaco-tribune.com\\\/wp-content\\\/uploads\\\/2022\\\/11\\\/logo-monaco-tribune.png\",\"width\":1548,\"height\":600,\"caption\":\"Monaco Tribune\"},\"image\":{\"@id\":\"https:\\\/\\\/www.monaco-tribune.com\\\/it\\\/#\\\/schema\\\/logo\\\/image\\\/\"},\"sameAs\":[\"https:\\\/\\\/www.facebook.com\\\/MonacoTribune\",\"https:\\\/\\\/x.com\\\/MonacoTribune\",\"https:\\\/\\\/www.instagram.com\\\/monacotribune\\\/\",\"https:\\\/\\\/www.linkedin.com\\\/company\\\/monaco-tribune\",\"https:\\\/\\\/www.youtube.com\\\/channel\\\/UCHle1MnG6hw1y4lWKijVbMA\"]},{\"@type\":\"Person\",\"@id\":\"https:\\\/\\\/www.monaco-tribune.com\\\/it\\\/#\\\/schema\\\/person\\\/a4a4dafb1efd7ca66e6700cca696a7f4\",\"name\":\"Pierluca Leandri\",\"image\":{\"@type\":\"ImageObject\",\"inLanguage\":\"it-IT\",\"@id\":\"https:\\\/\\\/secure.gravatar.com\\\/avatar\\\/acb6310cfb897c8c80c387ca4f0b0b461761b1044953e4e0bf37e0c3eda8e1ce?s=96&d=mm&r=g\",\"url\":\"https:\\\/\\\/secure.gravatar.com\\\/avatar\\\/acb6310cfb897c8c80c387ca4f0b0b461761b1044953e4e0bf37e0c3eda8e1ce?s=96&d=mm&r=g\",\"contentUrl\":\"https:\\\/\\\/secure.gravatar.com\\\/avatar\\\/acb6310cfb897c8c80c387ca4f0b0b461761b1044953e4e0bf37e0c3eda8e1ce?s=96&d=mm&r=g\",\"caption\":\"Pierluca Leandri\"},\"url\":\"https:\\\/\\\/www.monaco-tribune.com\\\/it\\\/author\\\/pierlucaleandri\\\/\"}]}<\/script>\n<!-- \/ Yoast SEO Premium plugin. -->","yoast_head_json":{"title":"Monaco \u00e8 a rischio sismico?","description":"Qual \u00e8 la probabilit\u00e0 che si verifichi una forte scossa? Gli edifici sono abbastanza solidi? Cosa fare in caso di terremoto? Scopriamolo insieme a","robots":{"index":"index","follow":"follow","max-snippet":"max-snippet:-1","max-image-preview":"max-image-preview:large","max-video-preview":"max-video-preview:-1"},"canonical":"https:\/\/www.monaco-tribune.com\/it\/2024\/01\/monaco-e-a-rischio-sismico\/","og_locale":"it_IT","og_type":"article","og_title":"Monaco \u00e8 a rischio sismico? - Monaco Tribune","og_description":"Qual \u00e8 la probabilit\u00e0 che si verifichi una forte scossa? Gli edifici sono abbastanza solidi? Cosa fare in caso di terremoto? Scopriamolo insieme a","og_url":"https:\/\/www.monaco-tribune.com\/it\/2024\/01\/monaco-e-a-rischio-sismico\/","og_site_name":"Monaco Tribune","article_publisher":"https:\/\/www.facebook.com\/MonacoTribune","article_published_time":"2024-01-12T09:41:31+00:00","article_modified_time":"2024-01-12T09:41:54+00:00","og_image":[{"width":1200,"height":787,"url":"https:\/\/www.monaco-tribune.com\/wp-content\/uploads\/2024\/01\/illustration-unsplash-2.jpg","type":"image\/jpeg"}],"author":"Pierluca Leandri","twitter_card":"summary_large_image","twitter_creator":"@MonacoTribune","twitter_site":"@MonacoTribune","schema":{"@context":"https:\/\/schema.org","@graph":[{"@type":"NewsArticle","@id":"https:\/\/www.monaco-tribune.com\/it\/2024\/01\/monaco-e-a-rischio-sismico\/#article","isPartOf":{"@id":"https:\/\/www.monaco-tribune.com\/it\/2024\/01\/monaco-e-a-rischio-sismico\/"},"author":{"name":"Pierluca Leandri","@id":"https:\/\/www.monaco-tribune.com\/it\/#\/schema\/person\/a4a4dafb1efd7ca66e6700cca696a7f4"},"headline":"Monaco \u00e8 a rischio sismico?","datePublished":"2024-01-12T09:41:31+00:00","dateModified":"2024-01-12T09:41:54+00:00","mainEntityOfPage":{"@id":"https:\/\/www.monaco-tribune.com\/it\/2024\/01\/monaco-e-a-rischio-sismico\/"},"wordCount":439,"publisher":{"@id":"https:\/\/www.monaco-tribune.com\/it\/#organization"},"image":{"@id":"https:\/\/www.monaco-tribune.com\/it\/2024\/01\/monaco-e-a-rischio-sismico\/#primaryimage"},"thumbnailUrl":"https:\/\/www.monaco-tribune.com\/wp-content\/uploads\/2024\/01\/illustration-unsplash-2.jpg","keywords":["Cronaca"],"articleSection":["Green","La nostra scelta","Notizie"],"inLanguage":"it-IT","copyrightYear":"2024","copyrightHolder":{"@id":"https:\/\/www.monaco-tribune.com\/#organization"}},{"@type":"WebPage","@id":"https:\/\/www.monaco-tribune.com\/it\/2024\/01\/monaco-e-a-rischio-sismico\/","url":"https:\/\/www.monaco-tribune.com\/it\/2024\/01\/monaco-e-a-rischio-sismico\/","name":"Monaco \u00e8 a rischio sismico?","isPartOf":{"@id":"https:\/\/www.monaco-tribune.com\/it\/#website"},"primaryImageOfPage":{"@id":"https:\/\/www.monaco-tribune.com\/it\/2024\/01\/monaco-e-a-rischio-sismico\/#primaryimage"},"image":{"@id":"https:\/\/www.monaco-tribune.com\/it\/2024\/01\/monaco-e-a-rischio-sismico\/#primaryimage"},"thumbnailUrl":"https:\/\/www.monaco-tribune.com\/wp-content\/uploads\/2024\/01\/illustration-unsplash-2.jpg","datePublished":"2024-01-12T09:41:31+00:00","dateModified":"2024-01-12T09:41:54+00:00","description":"Qual \u00e8 la probabilit\u00e0 che si verifichi una forte scossa? Gli edifici sono abbastanza solidi? Cosa fare in caso di terremoto? Scopriamolo insieme a","breadcrumb":{"@id":"https:\/\/www.monaco-tribune.com\/it\/2024\/01\/monaco-e-a-rischio-sismico\/#breadcrumb"},"inLanguage":"it-IT","potentialAction":[{"@type":"ReadAction","target":["https:\/\/www.monaco-tribune.com\/it\/2024\/01\/monaco-e-a-rischio-sismico\/"]}]},{"@type":"ImageObject","inLanguage":"it-IT","@id":"https:\/\/www.monaco-tribune.com\/it\/2024\/01\/monaco-e-a-rischio-sismico\/#primaryimage","url":"https:\/\/www.monaco-tribune.com\/wp-content\/uploads\/2024\/01\/illustration-unsplash-2.jpg","contentUrl":"https:\/\/www.monaco-tribune.com\/wp-content\/uploads\/2024\/01\/illustration-unsplash-2.jpg","width":1200,"height":787,"caption":"Nella Francia continentale, le Alpi Marittime sono il dipartimento con la pi\u00f9 alta attivit\u00e0 sismica del paese - \u00a9 Unsplash"},{"@type":"BreadcrumbList","@id":"https:\/\/www.monaco-tribune.com\/it\/2024\/01\/monaco-e-a-rischio-sismico\/#breadcrumb","itemListElement":[{"@type":"ListItem","position":1,"name":"Accueil","item":"https:\/\/www.monaco-tribune.com\/it\/"},{"@type":"ListItem","position":2,"name":"Monaco \u00e8 a rischio sismico?"}]},{"@type":"WebSite","@id":"https:\/\/www.monaco-tribune.com\/it\/#website","url":"https:\/\/www.monaco-tribune.com\/it\/","name":"Monaco Tribune","description":"Monaco : actualit\u00e9s \u00e9conomiques, politiques, culturelles et sportives de Monaco et de la French Riviera.","publisher":{"@id":"https:\/\/www.monaco-tribune.com\/it\/#organization"},"potentialAction":[{"@type":"SearchAction","target":{"@type":"EntryPoint","urlTemplate":"https:\/\/www.monaco-tribune.com\/it\/?s={search_term_string}"},"query-input":{"@type":"PropertyValueSpecification","valueRequired":true,"valueName":"search_term_string"}}],"inLanguage":"it-IT"},{"@type":"Organization","@id":"https:\/\/www.monaco-tribune.com\/it\/#organization","name":"Monaco Tribune","url":"https:\/\/www.monaco-tribune.com\/it\/","logo":{"@type":"ImageObject","inLanguage":"it-IT","@id":"https:\/\/www.monaco-tribune.com\/it\/#\/schema\/logo\/image\/","url":"https:\/\/www.monaco-tribune.com\/wp-content\/uploads\/2022\/11\/logo-monaco-tribune.png","contentUrl":"https:\/\/www.monaco-tribune.com\/wp-content\/uploads\/2022\/11\/logo-monaco-tribune.png","width":1548,"height":600,"caption":"Monaco Tribune"},"image":{"@id":"https:\/\/www.monaco-tribune.com\/it\/#\/schema\/logo\/image\/"},"sameAs":["https:\/\/www.facebook.com\/MonacoTribune","https:\/\/x.com\/MonacoTribune","https:\/\/www.instagram.com\/monacotribune\/","https:\/\/www.linkedin.com\/company\/monaco-tribune","https:\/\/www.youtube.com\/channel\/UCHle1MnG6hw1y4lWKijVbMA"]},{"@type":"Person","@id":"https:\/\/www.monaco-tribune.com\/it\/#\/schema\/person\/a4a4dafb1efd7ca66e6700cca696a7f4","name":"Pierluca Leandri","image":{"@type":"ImageObject","inLanguage":"it-IT","@id":"https:\/\/secure.gravatar.com\/avatar\/acb6310cfb897c8c80c387ca4f0b0b461761b1044953e4e0bf37e0c3eda8e1ce?s=96&d=mm&r=g","url":"https:\/\/secure.gravatar.com\/avatar\/acb6310cfb897c8c80c387ca4f0b0b461761b1044953e4e0bf37e0c3eda8e1ce?s=96&d=mm&r=g","contentUrl":"https:\/\/secure.gravatar.com\/avatar\/acb6310cfb897c8c80c387ca4f0b0b461761b1044953e4e0bf37e0c3eda8e1ce?s=96&d=mm&r=g","caption":"Pierluca Leandri"},"url":"https:\/\/www.monaco-tribune.com\/it\/author\/pierlucaleandri\/"}]}},"_links":{"self":[{"href":"https:\/\/www.monaco-tribune.com\/it\/wp-json\/wp\/v2\/posts\/211084","targetHints":{"allow":["GET"]}}],"collection":[{"href":"https:\/\/www.monaco-tribune.com\/it\/wp-json\/wp\/v2\/posts"}],"about":[{"href":"https:\/\/www.monaco-tribune.com\/it\/wp-json\/wp\/v2\/types\/post"}],"author":[{"embeddable":true,"href":"https:\/\/www.monaco-tribune.com\/it\/wp-json\/wp\/v2\/users\/73"}],"replies":[{"embeddable":true,"href":"https:\/\/www.monaco-tribune.com\/it\/wp-json\/wp\/v2\/comments?post=211084"}],"version-history":[{"count":2,"href":"https:\/\/www.monaco-tribune.com\/it\/wp-json\/wp\/v2\/posts\/211084\/revisions"}],"predecessor-version":[{"id":211090,"href":"https:\/\/www.monaco-tribune.com\/it\/wp-json\/wp\/v2\/posts\/211084\/revisions\/211090"}],"wp:featuredmedia":[{"embeddable":true,"href":"https:\/\/www.monaco-tribune.com\/it\/wp-json\/wp\/v2\/media\/210888"}],"wp:attachment":[{"href":"https:\/\/www.monaco-tribune.com\/it\/wp-json\/wp\/v2\/media?parent=211084"}],"wp:term":[{"taxonomy":"category","embeddable":true,"href":"https:\/\/www.monaco-tribune.com\/it\/wp-json\/wp\/v2\/categories?post=211084"},{"taxonomy":"post_tag","embeddable":true,"href":"https:\/\/www.monaco-tribune.com\/it\/wp-json\/wp\/v2\/tags?post=211084"},{"taxonomy":"sectag","embeddable":true,"href":"https:\/\/www.monaco-tribune.com\/it\/wp-json\/wp\/v2\/post_sectags?post=211084"},{"taxonomy":"format","embeddable":true,"href":"https:\/\/www.monaco-tribune.com\/it\/wp-json\/wp\/v2\/post_format?post=211084"}],"curies":[{"name":"wp","href":"https:\/\/api.w.org\/{rel}","templated":true}]}}