{"id":211222,"date":"2024-01-12T16:57:34","date_gmt":"2024-01-12T14:57:34","guid":{"rendered":"https:\/\/www.monaco-tribune.com\/2024\/01\/camille-svara-vicesindaco-sono-lieta-di-poter-rendere-questo-servizio-al-principato\/"},"modified":"2024-01-12T16:57:40","modified_gmt":"2024-01-12T14:57:40","slug":"camille-svara-vicesindaco-sono-lieta-di-poter-rendere-questo-servizio-al-principato","status":"publish","type":"post","link":"https:\/\/www.monaco-tribune.com\/it\/2024\/01\/camille-svara-vicesindaco-sono-lieta-di-poter-rendere-questo-servizio-al-principato\/","title":{"rendered":"Camille Svara, vicesindaco: &#8220;Sono lieta di poter rendere questo servizio al Principato&#8221;"},"content":{"rendered":"\n<p><strong>Il primo vice di Georges Marsan ha parlato pubblicamente per la prima volta dopo le accuse al sindaco.<\/strong><\/p>\n\n<p>All&#8217;inizio di gennaio abbiamo appreso che la vicesindaco Camille Svara sostituir\u00e0 il sindaco Geroges Marsan a tempo indeterminato. Questo, infatti, \u00e8 stato accusato di \u201ccorruzione attiva di un funzionario pubblico nazionale\u201d, \u201ccorruzione passiva di un funzionario pubblico nazionale\u201d, \u201ctraffico d\u2019influenza attivo e passivo\u201d, \u201cconflitto di interessi\u201d e \u201cassociazione a delinquere\u201d.<\/p>\n\n<p>Dopo una prima intervista ai colleghi di <em>Monaco-Matin<\/em>, in cui ha parlato per la prima volta a margine del primo Consiglio comunale dell&#8217;anno, Camille Svara ha risposto anche alle domande di <em>Monaco Info<\/em>.<\/p>\n\n<p>&#8220;Non sono il vero sindaco, Marsan resta il sindaco&#8221;, ha affermato. &#8220;Lo sostituisco durante le sua assenza, durante questo ostacolo. La mia vita \u00e8 sicuramente cambiata, visto che sono molto pi\u00f9 presente in Comune. La casa dei monegaschi \u00e8 ormai diventata casa mia. \u00c8 normale, sono lieta di poter rendere questo servizio al Principato&#8221;.<\/p>\n<div class=\"wp-block-image\">\n<figure class=\"aligncenter size-large\"><img loading=\"lazy\" decoding=\"async\" width=\"683\" height=\"1024\" src=\"https:\/\/www.monaco-tribune.com\/wp-content\/uploads\/2024\/01\/camille-svara-monaco-georges-marsan-683x1024.jpg\" alt=\"camille-svara-monaco-georges-marsan\" class=\"wp-image-211140\" srcset=\"https:\/\/www.monaco-tribune.com\/wp-content\/uploads\/2024\/01\/camille-svara-monaco-georges-marsan-683x1024.jpg 683w, https:\/\/www.monaco-tribune.com\/wp-content\/uploads\/2024\/01\/camille-svara-monaco-georges-marsan-200x300.jpg 200w, https:\/\/www.monaco-tribune.com\/wp-content\/uploads\/2024\/01\/camille-svara-monaco-georges-marsan.jpg 1200w\" sizes=\"auto, (max-width: 683px) 100vw, 683px\" \/><figcaption class=\"wp-element-caption\"><em>Camille Svara sostituisce Georges Marsan a tempo indeterminato &#8211; \u00a9 Ameller<\/em><\/figcaption><\/figure>\n<\/div>\n<p>Se finora si \u00e8 occupata perlopi\u00f9 delle questioni sociali e della M\u00e9diath\u00e8que, ora Camille Svara deve &#8220;tenere d&#8217;occhio tutto&#8221;. &#8220;Devo consultarmi con chi si occupa delle diverse delegazioni&#8221;, prosegue. &#8220;Non \u00e8 una cosa particolarmente complessa, perch\u00e9 abbiamo la fortuna di poter contare su persone formidabili, che sono state sicuramente scosse e sconvolte, ma che continuano a lavorare&#8221;.<\/p>\n\n<p>La vicesindaco ha confermato che, nonostante le circostanze, tutti i servizi del Comune funzionano perfettamente. Svara ha inoltre affermato a Monaco-Matin che non si tratta di eleggere lei al posto di Marsan: &#8220;Non ce n&#8217;\u00e8 ragione. (&#8230;) \u00c8 solo nel caso in cui il sindaco si dimetta o il ministro di Stato venga sollevato dall&#8217;incarico. (&#8230;) Per il momento non sono previste elezioni, a meno che il consiglio smetta di sostenermi e tutti chiedano le dimissioni&#8221;.<\/p>\n","protected":false},"excerpt":{"rendered":"<p>Il primo vice di Georges Marsan ha parlato pubblicamente per la prima volta dopo le accuse al sindaco. All&#8217;inizio di [&hellip;]<\/p>\n","protected":false},"author":60,"featured_media":211146,"comment_status":"closed","ping_status":"closed","sticky":false,"template":"","format":"standard","meta":{"_acf_changed":false,"footnotes":""},"categories":[1826,1738,1752],"tags":[3415],"post_sectags":[],"post_format":[2478],"class_list":["post-211222","post","type-post","status-publish","format-standard","has-post-thumbnail","hentry","category-la-nostra-scelta","category-notizie","category-societa","tag-giustizia","format-notizia"],"acf":[],"yoast_head":"<!-- This site is optimized with the Yoast SEO Premium plugin v27.5 (Yoast SEO v27.5) - https:\/\/yoast.com\/product\/yoast-seo-premium-wordpress\/ -->\n<title>Camille Svara, vicesindaco: &quot;Sono lieta di poter rendere questo servizio al Principato&quot;<\/title>\n<meta name=\"description\" content=\"Il primo vice di Georges Marsan ha parlato pubblicamente per la prima volta dopo le accuse al sindaco. All&#039;inizio di gennaio abbiamo appreso che la\" \/>\n<meta name=\"robots\" content=\"index, follow, max-snippet:-1, max-image-preview:large, max-video-preview:-1\" \/>\n<link rel=\"canonical\" href=\"https:\/\/www.monaco-tribune.com\/it\/2024\/01\/camille-svara-vicesindaco-sono-lieta-di-poter-rendere-questo-servizio-al-principato\/\" \/>\n<meta property=\"og:locale\" content=\"it_IT\" \/>\n<meta property=\"og:type\" content=\"article\" \/>\n<meta property=\"og:title\" content=\"Camille Svara, vicesindaco: &quot;Sono lieta di poter rendere questo servizio al Principato&quot; - Monaco Tribune\" \/>\n<meta property=\"og:description\" content=\"Il primo vice di Georges Marsan ha parlato pubblicamente per la prima volta dopo le accuse al sindaco. All&#039;inizio di gennaio abbiamo appreso che la\" \/>\n<meta property=\"og:url\" content=\"https:\/\/www.monaco-tribune.com\/it\/2024\/01\/camille-svara-vicesindaco-sono-lieta-di-poter-rendere-questo-servizio-al-principato\/\" \/>\n<meta property=\"og:site_name\" content=\"Monaco Tribune\" \/>\n<meta property=\"article:publisher\" content=\"https:\/\/www.facebook.com\/MonacoTribune\" \/>\n<meta property=\"article:published_time\" content=\"2024-01-12T14:57:34+00:00\" \/>\n<meta property=\"article:modified_time\" content=\"2024-01-12T14:57:40+00:00\" \/>\n<meta property=\"og:image\" content=\"https:\/\/www.monaco-tribune.com\/wp-content\/uploads\/2024\/01\/camille-svara-monaco.jpg\" \/>\n\t<meta property=\"og:image:width\" content=\"1200\" \/>\n\t<meta property=\"og:image:height\" content=\"801\" \/>\n\t<meta property=\"og:image:type\" content=\"image\/jpeg\" \/>\n<meta name=\"author\" content=\"Camille Esteve\" \/>\n<meta name=\"twitter:card\" content=\"summary_large_image\" \/>\n<meta name=\"twitter:creator\" content=\"@MonacoTribune\" \/>\n<meta name=\"twitter:site\" content=\"@MonacoTribune\" \/>\n<script type=\"application\/ld+json\" class=\"yoast-schema-graph\">{\"@context\":\"https:\\\/\\\/schema.org\",\"@graph\":[{\"@type\":\"NewsArticle\",\"@id\":\"https:\\\/\\\/www.monaco-tribune.com\\\/it\\\/2024\\\/01\\\/camille-svara-vicesindaco-sono-lieta-di-poter-rendere-questo-servizio-al-principato\\\/#article\",\"isPartOf\":{\"@id\":\"https:\\\/\\\/www.monaco-tribune.com\\\/it\\\/2024\\\/01\\\/camille-svara-vicesindaco-sono-lieta-di-poter-rendere-questo-servizio-al-principato\\\/\"},\"author\":{\"name\":\"Camille Esteve\",\"@id\":\"https:\\\/\\\/www.monaco-tribune.com\\\/it\\\/#\\\/schema\\\/person\\\/a855d420fff4d03637641d60b93ac62e\"},\"headline\":\"Camille Svara, vicesindaco: &#8220;Sono lieta di poter rendere questo servizio al Principato&#8221;\",\"datePublished\":\"2024-01-12T14:57:34+00:00\",\"dateModified\":\"2024-01-12T14:57:40+00:00\",\"mainEntityOfPage\":{\"@id\":\"https:\\\/\\\/www.monaco-tribune.com\\\/it\\\/2024\\\/01\\\/camille-svara-vicesindaco-sono-lieta-di-poter-rendere-questo-servizio-al-principato\\\/\"},\"wordCount\":308,\"publisher\":{\"@id\":\"https:\\\/\\\/www.monaco-tribune.com\\\/it\\\/#organization\"},\"image\":{\"@id\":\"https:\\\/\\\/www.monaco-tribune.com\\\/it\\\/2024\\\/01\\\/camille-svara-vicesindaco-sono-lieta-di-poter-rendere-questo-servizio-al-principato\\\/#primaryimage\"},\"thumbnailUrl\":\"https:\\\/\\\/www.monaco-tribune.com\\\/wp-content\\\/uploads\\\/2024\\\/01\\\/camille-svara-monaco.jpg\",\"keywords\":[\"Giustizia\"],\"articleSection\":[\"La nostra scelta\",\"Notizie\",\"Societ\u00e0\"],\"inLanguage\":\"it-IT\",\"copyrightYear\":\"2024\",\"copyrightHolder\":{\"@id\":\"https:\\\/\\\/www.monaco-tribune.com\\\/#organization\"}},{\"@type\":\"WebPage\",\"@id\":\"https:\\\/\\\/www.monaco-tribune.com\\\/it\\\/2024\\\/01\\\/camille-svara-vicesindaco-sono-lieta-di-poter-rendere-questo-servizio-al-principato\\\/\",\"url\":\"https:\\\/\\\/www.monaco-tribune.com\\\/it\\\/2024\\\/01\\\/camille-svara-vicesindaco-sono-lieta-di-poter-rendere-questo-servizio-al-principato\\\/\",\"name\":\"Camille Svara, vicesindaco: \\\"Sono lieta di poter rendere questo servizio al Principato\\\"\",\"isPartOf\":{\"@id\":\"https:\\\/\\\/www.monaco-tribune.com\\\/it\\\/#website\"},\"primaryImageOfPage\":{\"@id\":\"https:\\\/\\\/www.monaco-tribune.com\\\/it\\\/2024\\\/01\\\/camille-svara-vicesindaco-sono-lieta-di-poter-rendere-questo-servizio-al-principato\\\/#primaryimage\"},\"image\":{\"@id\":\"https:\\\/\\\/www.monaco-tribune.com\\\/it\\\/2024\\\/01\\\/camille-svara-vicesindaco-sono-lieta-di-poter-rendere-questo-servizio-al-principato\\\/#primaryimage\"},\"thumbnailUrl\":\"https:\\\/\\\/www.monaco-tribune.com\\\/wp-content\\\/uploads\\\/2024\\\/01\\\/camille-svara-monaco.jpg\",\"datePublished\":\"2024-01-12T14:57:34+00:00\",\"dateModified\":\"2024-01-12T14:57:40+00:00\",\"description\":\"Il primo vice di Georges Marsan ha parlato pubblicamente per la prima volta dopo le accuse al sindaco. All'inizio di gennaio abbiamo appreso che la\",\"breadcrumb\":{\"@id\":\"https:\\\/\\\/www.monaco-tribune.com\\\/it\\\/2024\\\/01\\\/camille-svara-vicesindaco-sono-lieta-di-poter-rendere-questo-servizio-al-principato\\\/#breadcrumb\"},\"inLanguage\":\"it-IT\",\"potentialAction\":[{\"@type\":\"ReadAction\",\"target\":[\"https:\\\/\\\/www.monaco-tribune.com\\\/it\\\/2024\\\/01\\\/camille-svara-vicesindaco-sono-lieta-di-poter-rendere-questo-servizio-al-principato\\\/\"]}]},{\"@type\":\"ImageObject\",\"inLanguage\":\"it-IT\",\"@id\":\"https:\\\/\\\/www.monaco-tribune.com\\\/it\\\/2024\\\/01\\\/camille-svara-vicesindaco-sono-lieta-di-poter-rendere-questo-servizio-al-principato\\\/#primaryimage\",\"url\":\"https:\\\/\\\/www.monaco-tribune.com\\\/wp-content\\\/uploads\\\/2024\\\/01\\\/camille-svara-monaco.jpg\",\"contentUrl\":\"https:\\\/\\\/www.monaco-tribune.com\\\/wp-content\\\/uploads\\\/2024\\\/01\\\/camille-svara-monaco.jpg\",\"width\":1200,\"height\":801,\"caption\":\"Camille Svara - \u00a9 Ameller\"},{\"@type\":\"BreadcrumbList\",\"@id\":\"https:\\\/\\\/www.monaco-tribune.com\\\/it\\\/2024\\\/01\\\/camille-svara-vicesindaco-sono-lieta-di-poter-rendere-questo-servizio-al-principato\\\/#breadcrumb\",\"itemListElement\":[{\"@type\":\"ListItem\",\"position\":1,\"name\":\"Accueil\",\"item\":\"https:\\\/\\\/www.monaco-tribune.com\\\/it\\\/\"},{\"@type\":\"ListItem\",\"position\":2,\"name\":\"Camille Svara, vicesindaco: &#8220;Sono lieta di poter rendere questo servizio al Principato&#8221;\"}]},{\"@type\":\"WebSite\",\"@id\":\"https:\\\/\\\/www.monaco-tribune.com\\\/it\\\/#website\",\"url\":\"https:\\\/\\\/www.monaco-tribune.com\\\/it\\\/\",\"name\":\"Monaco Tribune\",\"description\":\"Monaco : actualit\u00e9s \u00e9conomiques, politiques, culturelles et sportives de Monaco et de la French Riviera.\",\"publisher\":{\"@id\":\"https:\\\/\\\/www.monaco-tribune.com\\\/it\\\/#organization\"},\"potentialAction\":[{\"@type\":\"SearchAction\",\"target\":{\"@type\":\"EntryPoint\",\"urlTemplate\":\"https:\\\/\\\/www.monaco-tribune.com\\\/it\\\/?s={search_term_string}\"},\"query-input\":{\"@type\":\"PropertyValueSpecification\",\"valueRequired\":true,\"valueName\":\"search_term_string\"}}],\"inLanguage\":\"it-IT\"},{\"@type\":\"Organization\",\"@id\":\"https:\\\/\\\/www.monaco-tribune.com\\\/it\\\/#organization\",\"name\":\"Monaco Tribune\",\"url\":\"https:\\\/\\\/www.monaco-tribune.com\\\/it\\\/\",\"logo\":{\"@type\":\"ImageObject\",\"inLanguage\":\"it-IT\",\"@id\":\"https:\\\/\\\/www.monaco-tribune.com\\\/it\\\/#\\\/schema\\\/logo\\\/image\\\/\",\"url\":\"https:\\\/\\\/www.monaco-tribune.com\\\/wp-content\\\/uploads\\\/2022\\\/11\\\/logo-monaco-tribune.png\",\"contentUrl\":\"https:\\\/\\\/www.monaco-tribune.com\\\/wp-content\\\/uploads\\\/2022\\\/11\\\/logo-monaco-tribune.png\",\"width\":1548,\"height\":600,\"caption\":\"Monaco Tribune\"},\"image\":{\"@id\":\"https:\\\/\\\/www.monaco-tribune.com\\\/it\\\/#\\\/schema\\\/logo\\\/image\\\/\"},\"sameAs\":[\"https:\\\/\\\/www.facebook.com\\\/MonacoTribune\",\"https:\\\/\\\/x.com\\\/MonacoTribune\",\"https:\\\/\\\/www.instagram.com\\\/monacotribune\\\/\",\"https:\\\/\\\/www.linkedin.com\\\/company\\\/monaco-tribune\",\"https:\\\/\\\/www.youtube.com\\\/channel\\\/UCHle1MnG6hw1y4lWKijVbMA\"]},{\"@type\":\"Person\",\"@id\":\"https:\\\/\\\/www.monaco-tribune.com\\\/it\\\/#\\\/schema\\\/person\\\/a855d420fff4d03637641d60b93ac62e\",\"name\":\"Camille Esteve\",\"image\":{\"@type\":\"ImageObject\",\"inLanguage\":\"it-IT\",\"@id\":\"https:\\\/\\\/secure.gravatar.com\\\/avatar\\\/eaaa2355a7bb56c0018a391c20a55bf9b4690e3f493231dd850e612bfa6ce161?s=96&d=mm&r=g\",\"url\":\"https:\\\/\\\/secure.gravatar.com\\\/avatar\\\/eaaa2355a7bb56c0018a391c20a55bf9b4690e3f493231dd850e612bfa6ce161?s=96&d=mm&r=g\",\"contentUrl\":\"https:\\\/\\\/secure.gravatar.com\\\/avatar\\\/eaaa2355a7bb56c0018a391c20a55bf9b4690e3f493231dd850e612bfa6ce161?s=96&d=mm&r=g\",\"caption\":\"Camille Esteve\"},\"url\":\"https:\\\/\\\/www.monaco-tribune.com\\\/it\\\/author\\\/camilleesteve\\\/\"}]}<\/script>\n<!-- \/ Yoast SEO Premium plugin. -->","yoast_head_json":{"title":"Camille Svara, vicesindaco: \"Sono lieta di poter rendere questo servizio al Principato\"","description":"Il primo vice di Georges Marsan ha parlato pubblicamente per la prima volta dopo le accuse al sindaco. All'inizio di gennaio abbiamo appreso che la","robots":{"index":"index","follow":"follow","max-snippet":"max-snippet:-1","max-image-preview":"max-image-preview:large","max-video-preview":"max-video-preview:-1"},"canonical":"https:\/\/www.monaco-tribune.com\/it\/2024\/01\/camille-svara-vicesindaco-sono-lieta-di-poter-rendere-questo-servizio-al-principato\/","og_locale":"it_IT","og_type":"article","og_title":"Camille Svara, vicesindaco: \"Sono lieta di poter rendere questo servizio al Principato\" - Monaco Tribune","og_description":"Il primo vice di Georges Marsan ha parlato pubblicamente per la prima volta dopo le accuse al sindaco. All'inizio di gennaio abbiamo appreso che la","og_url":"https:\/\/www.monaco-tribune.com\/it\/2024\/01\/camille-svara-vicesindaco-sono-lieta-di-poter-rendere-questo-servizio-al-principato\/","og_site_name":"Monaco Tribune","article_publisher":"https:\/\/www.facebook.com\/MonacoTribune","article_published_time":"2024-01-12T14:57:34+00:00","article_modified_time":"2024-01-12T14:57:40+00:00","og_image":[{"width":1200,"height":801,"url":"https:\/\/www.monaco-tribune.com\/wp-content\/uploads\/2024\/01\/camille-svara-monaco.jpg","type":"image\/jpeg"}],"author":"Camille Esteve","twitter_card":"summary_large_image","twitter_creator":"@MonacoTribune","twitter_site":"@MonacoTribune","schema":{"@context":"https:\/\/schema.org","@graph":[{"@type":"NewsArticle","@id":"https:\/\/www.monaco-tribune.com\/it\/2024\/01\/camille-svara-vicesindaco-sono-lieta-di-poter-rendere-questo-servizio-al-principato\/#article","isPartOf":{"@id":"https:\/\/www.monaco-tribune.com\/it\/2024\/01\/camille-svara-vicesindaco-sono-lieta-di-poter-rendere-questo-servizio-al-principato\/"},"author":{"name":"Camille Esteve","@id":"https:\/\/www.monaco-tribune.com\/it\/#\/schema\/person\/a855d420fff4d03637641d60b93ac62e"},"headline":"Camille Svara, vicesindaco: &#8220;Sono lieta di poter rendere questo servizio al Principato&#8221;","datePublished":"2024-01-12T14:57:34+00:00","dateModified":"2024-01-12T14:57:40+00:00","mainEntityOfPage":{"@id":"https:\/\/www.monaco-tribune.com\/it\/2024\/01\/camille-svara-vicesindaco-sono-lieta-di-poter-rendere-questo-servizio-al-principato\/"},"wordCount":308,"publisher":{"@id":"https:\/\/www.monaco-tribune.com\/it\/#organization"},"image":{"@id":"https:\/\/www.monaco-tribune.com\/it\/2024\/01\/camille-svara-vicesindaco-sono-lieta-di-poter-rendere-questo-servizio-al-principato\/#primaryimage"},"thumbnailUrl":"https:\/\/www.monaco-tribune.com\/wp-content\/uploads\/2024\/01\/camille-svara-monaco.jpg","keywords":["Giustizia"],"articleSection":["La nostra scelta","Notizie","Societ\u00e0"],"inLanguage":"it-IT","copyrightYear":"2024","copyrightHolder":{"@id":"https:\/\/www.monaco-tribune.com\/#organization"}},{"@type":"WebPage","@id":"https:\/\/www.monaco-tribune.com\/it\/2024\/01\/camille-svara-vicesindaco-sono-lieta-di-poter-rendere-questo-servizio-al-principato\/","url":"https:\/\/www.monaco-tribune.com\/it\/2024\/01\/camille-svara-vicesindaco-sono-lieta-di-poter-rendere-questo-servizio-al-principato\/","name":"Camille Svara, vicesindaco: \"Sono lieta di poter rendere questo servizio al Principato\"","isPartOf":{"@id":"https:\/\/www.monaco-tribune.com\/it\/#website"},"primaryImageOfPage":{"@id":"https:\/\/www.monaco-tribune.com\/it\/2024\/01\/camille-svara-vicesindaco-sono-lieta-di-poter-rendere-questo-servizio-al-principato\/#primaryimage"},"image":{"@id":"https:\/\/www.monaco-tribune.com\/it\/2024\/01\/camille-svara-vicesindaco-sono-lieta-di-poter-rendere-questo-servizio-al-principato\/#primaryimage"},"thumbnailUrl":"https:\/\/www.monaco-tribune.com\/wp-content\/uploads\/2024\/01\/camille-svara-monaco.jpg","datePublished":"2024-01-12T14:57:34+00:00","dateModified":"2024-01-12T14:57:40+00:00","description":"Il primo vice di Georges Marsan ha parlato pubblicamente per la prima volta dopo le accuse al sindaco. All'inizio di gennaio abbiamo appreso che la","breadcrumb":{"@id":"https:\/\/www.monaco-tribune.com\/it\/2024\/01\/camille-svara-vicesindaco-sono-lieta-di-poter-rendere-questo-servizio-al-principato\/#breadcrumb"},"inLanguage":"it-IT","potentialAction":[{"@type":"ReadAction","target":["https:\/\/www.monaco-tribune.com\/it\/2024\/01\/camille-svara-vicesindaco-sono-lieta-di-poter-rendere-questo-servizio-al-principato\/"]}]},{"@type":"ImageObject","inLanguage":"it-IT","@id":"https:\/\/www.monaco-tribune.com\/it\/2024\/01\/camille-svara-vicesindaco-sono-lieta-di-poter-rendere-questo-servizio-al-principato\/#primaryimage","url":"https:\/\/www.monaco-tribune.com\/wp-content\/uploads\/2024\/01\/camille-svara-monaco.jpg","contentUrl":"https:\/\/www.monaco-tribune.com\/wp-content\/uploads\/2024\/01\/camille-svara-monaco.jpg","width":1200,"height":801,"caption":"Camille Svara - \u00a9 Ameller"},{"@type":"BreadcrumbList","@id":"https:\/\/www.monaco-tribune.com\/it\/2024\/01\/camille-svara-vicesindaco-sono-lieta-di-poter-rendere-questo-servizio-al-principato\/#breadcrumb","itemListElement":[{"@type":"ListItem","position":1,"name":"Accueil","item":"https:\/\/www.monaco-tribune.com\/it\/"},{"@type":"ListItem","position":2,"name":"Camille Svara, vicesindaco: &#8220;Sono lieta di poter rendere questo servizio al Principato&#8221;"}]},{"@type":"WebSite","@id":"https:\/\/www.monaco-tribune.com\/it\/#website","url":"https:\/\/www.monaco-tribune.com\/it\/","name":"Monaco Tribune","description":"Monaco : actualit\u00e9s \u00e9conomiques, politiques, culturelles et sportives de Monaco et de la French Riviera.","publisher":{"@id":"https:\/\/www.monaco-tribune.com\/it\/#organization"},"potentialAction":[{"@type":"SearchAction","target":{"@type":"EntryPoint","urlTemplate":"https:\/\/www.monaco-tribune.com\/it\/?s={search_term_string}"},"query-input":{"@type":"PropertyValueSpecification","valueRequired":true,"valueName":"search_term_string"}}],"inLanguage":"it-IT"},{"@type":"Organization","@id":"https:\/\/www.monaco-tribune.com\/it\/#organization","name":"Monaco Tribune","url":"https:\/\/www.monaco-tribune.com\/it\/","logo":{"@type":"ImageObject","inLanguage":"it-IT","@id":"https:\/\/www.monaco-tribune.com\/it\/#\/schema\/logo\/image\/","url":"https:\/\/www.monaco-tribune.com\/wp-content\/uploads\/2022\/11\/logo-monaco-tribune.png","contentUrl":"https:\/\/www.monaco-tribune.com\/wp-content\/uploads\/2022\/11\/logo-monaco-tribune.png","width":1548,"height":600,"caption":"Monaco Tribune"},"image":{"@id":"https:\/\/www.monaco-tribune.com\/it\/#\/schema\/logo\/image\/"},"sameAs":["https:\/\/www.facebook.com\/MonacoTribune","https:\/\/x.com\/MonacoTribune","https:\/\/www.instagram.com\/monacotribune\/","https:\/\/www.linkedin.com\/company\/monaco-tribune","https:\/\/www.youtube.com\/channel\/UCHle1MnG6hw1y4lWKijVbMA"]},{"@type":"Person","@id":"https:\/\/www.monaco-tribune.com\/it\/#\/schema\/person\/a855d420fff4d03637641d60b93ac62e","name":"Camille Esteve","image":{"@type":"ImageObject","inLanguage":"it-IT","@id":"https:\/\/secure.gravatar.com\/avatar\/eaaa2355a7bb56c0018a391c20a55bf9b4690e3f493231dd850e612bfa6ce161?s=96&d=mm&r=g","url":"https:\/\/secure.gravatar.com\/avatar\/eaaa2355a7bb56c0018a391c20a55bf9b4690e3f493231dd850e612bfa6ce161?s=96&d=mm&r=g","contentUrl":"https:\/\/secure.gravatar.com\/avatar\/eaaa2355a7bb56c0018a391c20a55bf9b4690e3f493231dd850e612bfa6ce161?s=96&d=mm&r=g","caption":"Camille Esteve"},"url":"https:\/\/www.monaco-tribune.com\/it\/author\/camilleesteve\/"}]}},"_links":{"self":[{"href":"https:\/\/www.monaco-tribune.com\/it\/wp-json\/wp\/v2\/posts\/211222","targetHints":{"allow":["GET"]}}],"collection":[{"href":"https:\/\/www.monaco-tribune.com\/it\/wp-json\/wp\/v2\/posts"}],"about":[{"href":"https:\/\/www.monaco-tribune.com\/it\/wp-json\/wp\/v2\/types\/post"}],"author":[{"embeddable":true,"href":"https:\/\/www.monaco-tribune.com\/it\/wp-json\/wp\/v2\/users\/60"}],"replies":[{"embeddable":true,"href":"https:\/\/www.monaco-tribune.com\/it\/wp-json\/wp\/v2\/comments?post=211222"}],"version-history":[{"count":2,"href":"https:\/\/www.monaco-tribune.com\/it\/wp-json\/wp\/v2\/posts\/211222\/revisions"}],"predecessor-version":[{"id":211225,"href":"https:\/\/www.monaco-tribune.com\/it\/wp-json\/wp\/v2\/posts\/211222\/revisions\/211225"}],"wp:featuredmedia":[{"embeddable":true,"href":"https:\/\/www.monaco-tribune.com\/it\/wp-json\/wp\/v2\/media\/211146"}],"wp:attachment":[{"href":"https:\/\/www.monaco-tribune.com\/it\/wp-json\/wp\/v2\/media?parent=211222"}],"wp:term":[{"taxonomy":"category","embeddable":true,"href":"https:\/\/www.monaco-tribune.com\/it\/wp-json\/wp\/v2\/categories?post=211222"},{"taxonomy":"post_tag","embeddable":true,"href":"https:\/\/www.monaco-tribune.com\/it\/wp-json\/wp\/v2\/tags?post=211222"},{"taxonomy":"sectag","embeddable":true,"href":"https:\/\/www.monaco-tribune.com\/it\/wp-json\/wp\/v2\/post_sectags?post=211222"},{"taxonomy":"format","embeddable":true,"href":"https:\/\/www.monaco-tribune.com\/it\/wp-json\/wp\/v2\/post_format?post=211222"}],"curies":[{"name":"wp","href":"https:\/\/api.w.org\/{rel}","templated":true}]}}