{"id":211405,"date":"2024-01-15T13:43:48","date_gmt":"2024-01-15T11:43:48","guid":{"rendered":"https:\/\/www.monaco-tribune.com\/2024\/01\/associazione-chien-de-coeur-vogliamo-regalare-un-po-di-felicita-alle-persone\/"},"modified":"2024-01-15T19:02:25","modified_gmt":"2024-01-15T17:02:25","slug":"associazione-chien-de-coeur-vogliamo-regalare-un-po-di-felicita-alle-persone","status":"publish","type":"post","link":"https:\/\/www.monaco-tribune.com\/it\/2024\/01\/associazione-chien-de-coeur-vogliamo-regalare-un-po-di-felicita-alle-persone\/","title":{"rendered":"Associazione Chien de coeur: &#8220;vogliamo regalare un po&#8217; di felicit\u00e0 alle persone&#8221;"},"content":{"rendered":"\n<p><strong>Dietro questa associazione fondata nel 2013, ci sono Patrick e Sabine Thienpont, due residenti del Principato.<\/strong><\/p>\n\n\n\n<p>I due hanno fatto visita alle strutture sanitarie del Principato pi\u00f9 di 500 volte. Da 10 anni, Patrick e Sabine non si perdono neanche uno degli appuntamenti settimanali con Chien de coeur. Una volta a settimana, infatti, riuniscono i volontari dell&#8217;associazione in gruppi da 5 a 15 persone. Ogni partecipante, o quasi, \u00e8 accompagnato dal suo fedele amico a quattro zampe. E sono proprio loro i protagonisti di questa storia.<\/p>\n\n\n<div class=\"wp-block-image\">\n<figure class=\"aligncenter size-large\"><img loading=\"lazy\" decoding=\"async\" width=\"1024\" height=\"768\" src=\"https:\/\/www.monaco-tribune.com\/wp-content\/uploads\/2024\/01\/association-chiens-de-coeur-6-1024x768.jpg\" alt=\"\" class=\"wp-image-209774\" srcset=\"https:\/\/www.monaco-tribune.com\/wp-content\/uploads\/2024\/01\/association-chiens-de-coeur-6-1024x768.jpg 1024w, https:\/\/www.monaco-tribune.com\/wp-content\/uploads\/2024\/01\/association-chiens-de-coeur-6-400x300.jpg 400w, https:\/\/www.monaco-tribune.com\/wp-content\/uploads\/2024\/01\/association-chiens-de-coeur-6.jpg 1200w\" sizes=\"auto, (max-width: 1024px) 100vw, 1024px\" \/><figcaption class=\"wp-element-caption\"><em>Sabine e Patrick Thienpont (a sinistra nella foto) con alcuni dei tanti volontari dell&#8217;associazione.<\/em> \u00a9Chien de coeur<\/figcaption><\/figure>\n<\/div>\n\n\n<p>&#8220;Chien de coeur nasce da un veterinario [&#8230;] che aveva capito che serviva un&#8217;associazione che facesse visita alle case di riposo e agli ospedali. I cani per\u00f2 dovevano essere tranquilli e lasciarsi accarezzare&#8221;, spiega Patrick Thienpont. Ai tempi, la coppia belga e gli altri co-fondatori dell&#8217;associazione non erano autorizzati a recarsi nelle strutture in questione con i loro animali domestici. Patrick e Sabine hanno fatto una prima prova con Tonka, il loro cane da assistenza per disabili, nella casa di riposo A Quiet\u00fcdine. &#8220;\u00c8 stato perfetto, \u00e8 andato talmente bene che hanno accettare di farci fare una prima visita con gli anziani&#8221;, ricorda Sabine Thienpont.<\/p>\n\n\n\n<p>Un anno dopo, Chien de coeur diventa partner ufficiale del Centro Ospedaliero Principessa Grace (CHPG). Le visite settimanali si sono diffuse un po&#8217; per tutta Monaco sempre con lo stesso motto: &#8220;i nostri cani regalano attimi di felicit\u00e0 ai pi\u00f9 anziani&#8221;.<\/p>\n\n\n\n<h2 class=\"wp-block-heading\" id=\"h-5-strutture-monegasche\">5 strutture monegasche<\/h2>\n\n\n\n<p>Da gennaio a febbraio, l&#8217;associazione fa visita alla residenza Cap Fleuri, alle due residenze della Fondazione Hector Otto, al Centro Rainier III e alla casa di riposo A Quiet\u00fcdine. &#8220;Gi\u00e0 dalle prime visite, i direttori degli ospedali e delle case di riposo hanno avuto un riscontro positivo sui pazienti. Cos\u00ec abbiamo chiesto di poter portare altri cani&#8221;. Pu\u00f2 quindi capitare di vedere una decina di cagnolini, con foulard dei colori dell&#8217;associazione, entrare in una di queste strutture. L&#8217;associazione accetta tutte le razze e taglie di cani, &#8220;basta che siano calmi e che non abbaino&#8221;.<\/p>\n\n\n\n<figure class=\"wp-block-gallery aligncenter has-nested-images columns-1 is-cropped wp-block-gallery-1 is-layout-flex wp-block-gallery-is-layout-flex\">\n<figure class=\"wp-block-image size-large\"><img loading=\"lazy\" decoding=\"async\" width=\"1020\" height=\"616\" data-id=\"209778\" src=\"https:\/\/www.monaco-tribune.com\/wp-content\/uploads\/2024\/01\/association-chiens-de-coeur-1.jpg\" alt=\"\" class=\"wp-image-209778\" srcset=\"https:\/\/www.monaco-tribune.com\/wp-content\/uploads\/2024\/01\/association-chiens-de-coeur-1.jpg 1020w, https:\/\/www.monaco-tribune.com\/wp-content\/uploads\/2024\/01\/association-chiens-de-coeur-1-497x300.jpg 497w\" sizes=\"auto, (max-width: 1020px) 100vw, 1020px\" \/><\/figure>\n\n\n\n<figure class=\"wp-block-image size-large\"><img loading=\"lazy\" decoding=\"async\" width=\"1024\" height=\"685\" data-id=\"209782\" src=\"https:\/\/www.monaco-tribune.com\/wp-content\/uploads\/2024\/01\/association-chiens-de-coeur-2-1024x685.jpg\" alt=\"\" class=\"wp-image-209782\" srcset=\"https:\/\/www.monaco-tribune.com\/wp-content\/uploads\/2024\/01\/association-chiens-de-coeur-2-1024x685.jpg 1024w, https:\/\/www.monaco-tribune.com\/wp-content\/uploads\/2024\/01\/association-chiens-de-coeur-2-448x300.jpg 448w, https:\/\/www.monaco-tribune.com\/wp-content\/uploads\/2024\/01\/association-chiens-de-coeur-2.jpg 1200w\" sizes=\"auto, (max-width: 1024px) 100vw, 1024px\" \/><\/figure>\n<figcaption class=\"blocks-gallery-caption wp-element-caption\"><em>Nelle strutture sanitarie del Principato \u00e8 consentito l&#8217;ingresso a 10 cani per fare visita a pazienti e residenti.<\/em> \u00a9Chien de coeur<\/figcaption><\/figure>\n\n\n\n<blockquote class=\"wp-block-quote is-layout-flow wp-block-quote-is-layout-flow\">\n<p>&#8220;Sorridono a 32 denti&#8221;<\/p>\n<\/blockquote>\n\n\n\n<p>Patrick Thienpont ci ha raccontato questi momenti di condivisione affermando che &#8220;succede tutto senza neanche parlare&#8221;. &#8220;Alcuni pazienti sono tristi di doversi separare dal loro cane quando tornano in ospedale o alla casa di riposo. Queste visite gli fanno davvero bene, gli riportano alla mente dei ricordi. Altri invece piangono quando entrano in contatto con un animale&#8221;, spiega il residente monegasco che non nasconde la gioia del suo lavoro. &#8220;Sorridono a 32 denti&#8221;, aggiunge Sabine Thienpont, mimando questo gesto cos\u00ec significativo.<\/p>\n\n\n\n<h2 class=\"wp-block-heading\" id=\"h-la-visita-della-principessa-charlene\">La visita della Principessa Charl\u00e8ne<\/h2>\n\n\n\n<p>L&#8217;anno scorso, Chien de coeur ha festeggiato i suoi 10 anni. &#8220;A novembre abbiamo inviato una richiesta al Palazzo del Principe chiedendo se il Principe Alberto II o la Principessa Charl\u00e8ne avrebbero voluto farci visita&#8221;. La coppia di pensionati non aveva nessuna particolare aspettativa ed \u00e8 quindi stata una bella sorpresa ricevere, qualche giorno dopo, l&#8217;annuncio della visita della Principessa.<\/p>\n\n\n\n<figure class=\"wp-block-gallery aligncenter has-nested-images columns-1 is-cropped wp-block-gallery-2 is-layout-flex wp-block-gallery-is-layout-flex\">\n<figure class=\"wp-block-image size-large\"><img loading=\"lazy\" decoding=\"async\" width=\"1024\" height=\"683\" data-id=\"209786\" src=\"https:\/\/www.monaco-tribune.com\/wp-content\/uploads\/2024\/01\/association-chiens-de-coeur-compressed-1024x683.jpg\" alt=\"association-chiens-de-coeur-compressed\" class=\"wp-image-209786\" srcset=\"https:\/\/www.monaco-tribune.com\/wp-content\/uploads\/2024\/01\/association-chiens-de-coeur-compressed-1024x683.jpg 1024w, https:\/\/www.monaco-tribune.com\/wp-content\/uploads\/2024\/01\/association-chiens-de-coeur-compressed-450x300.jpg 450w, https:\/\/www.monaco-tribune.com\/wp-content\/uploads\/2024\/01\/association-chiens-de-coeur-compressed.jpg 1200w\" sizes=\"auto, (max-width: 1024px) 100vw, 1024px\" \/><\/figure>\n\n\n\n<figure class=\"wp-block-image size-large\"><img loading=\"lazy\" decoding=\"async\" width=\"1024\" height=\"682\" data-id=\"209795\" src=\"https:\/\/www.monaco-tribune.com\/wp-content\/uploads\/2024\/01\/chien-de-coeur-princesse-charlene-1-1024x682.jpg\" alt=\"\" class=\"wp-image-209795\" srcset=\"https:\/\/www.monaco-tribune.com\/wp-content\/uploads\/2024\/01\/chien-de-coeur-princesse-charlene-1-1024x682.jpg 1024w, https:\/\/www.monaco-tribune.com\/wp-content\/uploads\/2024\/01\/chien-de-coeur-princesse-charlene-1-451x300.jpg 451w, https:\/\/www.monaco-tribune.com\/wp-content\/uploads\/2024\/01\/chien-de-coeur-princesse-charlene-1.jpg 1200w\" sizes=\"auto, (max-width: 1024px) 100vw, 1024px\" \/><\/figure>\n\n\n\n<figure class=\"wp-block-image size-large\"><img loading=\"lazy\" decoding=\"async\" width=\"1024\" height=\"682\" data-id=\"209791\" src=\"https:\/\/www.monaco-tribune.com\/wp-content\/uploads\/2024\/01\/chien-de-coeur-princesse-charlene-2-1024x682.jpg\" alt=\"\" class=\"wp-image-209791\" srcset=\"https:\/\/www.monaco-tribune.com\/wp-content\/uploads\/2024\/01\/chien-de-coeur-princesse-charlene-2-1024x682.jpg 1024w, https:\/\/www.monaco-tribune.com\/wp-content\/uploads\/2024\/01\/chien-de-coeur-princesse-charlene-2-450x300.jpg 450w, https:\/\/www.monaco-tribune.com\/wp-content\/uploads\/2024\/01\/chien-de-coeur-princesse-charlene-2.jpg 1440w\" sizes=\"auto, (max-width: 1024px) 100vw, 1024px\" \/><\/figure>\n\n\n\n<figure class=\"wp-block-image size-large\"><img loading=\"lazy\" decoding=\"async\" width=\"1024\" height=\"682\" data-id=\"209797\" src=\"https:\/\/www.monaco-tribune.com\/wp-content\/uploads\/2024\/01\/chien-de-coeur-princesse-charlene-1024x682.jpg\" alt=\"\" class=\"wp-image-209797\" srcset=\"https:\/\/www.monaco-tribune.com\/wp-content\/uploads\/2024\/01\/chien-de-coeur-princesse-charlene-1024x682.jpg 1024w, https:\/\/www.monaco-tribune.com\/wp-content\/uploads\/2024\/01\/chien-de-coeur-princesse-charlene-450x300.jpg 450w, https:\/\/www.monaco-tribune.com\/wp-content\/uploads\/2024\/01\/chien-de-coeur-princesse-charlene.jpg 1440w\" sizes=\"auto, (max-width: 1024px) 100vw, 1024px\" \/><\/figure>\n<figcaption class=\"blocks-gallery-caption wp-element-caption\"><em>La Principessa Charl\u00e8ne ha accompagnato l&#8217;associazione durante la visita alla residenza di Cap Fleuri.<\/em> \u00a9Palazzo del Principe<\/figcaption><\/figure>\n\n\n\n<p>&#8220;\u00c8 stato davvero fantastico, la Principessa Charl\u00e8ne ci accompagnato per tutta la durata della visita nella residenza di Cap Fleuri&#8221;, afferma Sabine Thienpont piena di gioia, confessando che &#8220;significa molto&#8221;. La coppia, che vive nel Principato da 16 anni, \u00e8 &#8220;felice&#8221; di questo riconoscimento. &#8220;Cerchiamo di fare cose semplici alla nostra portata, per regalare un po&#8217; di felicit\u00e0 alle persone&#8221;.<\/p>\n\n\n\n<p>Chien de coeur \u00e8 sempre alla ricerca di nuovi volontari. Se siete interessati, visitate il <a href=\"https:\/\/www.chiendecoeur.mc\/rejoindre-nous\">sito web<\/a> dell&#8217;associazione!<\/p>\n\n\n\n<p class=\"related\"><a href=\"https:\/\/www.monaco-tribune.com\/it\/2023\/12\/aiutate-la-spa-di-monaco-a-trovare-una-casa-per-questi-animali\/\">Aiutate la Spa di Monaco a trovare una casa per questi animali<\/a><\/p>\n","protected":false},"excerpt":{"rendered":"<p>Dietro questa associazione fondata nel 2013, ci sono Patrick e Sabine Thienpont, due residenti del Principato. I due hanno fatto [&hellip;]<\/p>\n","protected":false},"author":65,"featured_media":209788,"comment_status":"closed","ping_status":"closed","sticky":false,"template":"","format":"standard","meta":{"_acf_changed":false,"footnotes":""},"categories":[1826,1738,1752],"tags":[2951],"post_sectags":[4735],"post_format":[2476],"class_list":["post-211405","post","type-post","status-publish","format-standard","has-post-thumbnail","hentry","category-la-nostra-scelta","category-notizie","category-societa","tag-associazioni","sectag-chien-de-coeur-it","format-intervista"],"acf":[],"yoast_head":"<!-- This site is optimized with the Yoast SEO Premium plugin v26.8 (Yoast SEO v27.4) - https:\/\/yoast.com\/product\/yoast-seo-premium-wordpress\/ -->\n<title>Associazione Chien de coeur: &quot;vogliamo regalare un po&#039; di felicit\u00e0 alle persone&quot;<\/title>\n<meta name=\"description\" content=\"Dietro questa associazione fondata nel 2013, ci sono Patrick e Sabine Thienpont, due residenti del Principato. I due hanno fatto visita alle strutture\" \/>\n<meta name=\"robots\" content=\"index, follow, max-snippet:-1, max-image-preview:large, max-video-preview:-1\" \/>\n<link rel=\"canonical\" href=\"https:\/\/www.monaco-tribune.com\/it\/2024\/01\/associazione-chien-de-coeur-vogliamo-regalare-un-po-di-felicita-alle-persone\/\" \/>\n<meta property=\"og:locale\" content=\"it_IT\" \/>\n<meta property=\"og:type\" content=\"article\" \/>\n<meta property=\"og:title\" content=\"Associazione Chien de coeur: &quot;vogliamo regalare un po&#039; di felicit\u00e0 alle persone&quot; - Monaco Tribune\" \/>\n<meta property=\"og:description\" content=\"Dietro questa associazione fondata nel 2013, ci sono Patrick e Sabine Thienpont, due residenti del Principato. I due hanno fatto visita alle strutture\" \/>\n<meta property=\"og:url\" content=\"https:\/\/www.monaco-tribune.com\/it\/2024\/01\/associazione-chien-de-coeur-vogliamo-regalare-un-po-di-felicita-alle-persone\/\" \/>\n<meta property=\"og:site_name\" content=\"Monaco Tribune\" \/>\n<meta property=\"article:publisher\" content=\"https:\/\/www.facebook.com\/MonacoTribune\" \/>\n<meta property=\"article:published_time\" content=\"2024-01-15T11:43:48+00:00\" \/>\n<meta property=\"article:modified_time\" content=\"2024-01-15T17:02:25+00:00\" \/>\n<meta property=\"og:image\" content=\"https:\/\/www.monaco-tribune.com\/wp-content\/uploads\/2024\/01\/association-chiens-de-coeur-compressed.jpg\" \/>\n\t<meta property=\"og:image:width\" content=\"1200\" \/>\n\t<meta property=\"og:image:height\" content=\"800\" \/>\n\t<meta property=\"og:image:type\" content=\"image\/jpeg\" \/>\n<meta name=\"author\" content=\"Paul Charoy\" \/>\n<meta name=\"twitter:card\" content=\"summary_large_image\" \/>\n<meta name=\"twitter:creator\" content=\"@MonacoTribune\" \/>\n<meta name=\"twitter:site\" content=\"@MonacoTribune\" \/>\n<script type=\"application\/ld+json\" class=\"yoast-schema-graph\">{\"@context\":\"https:\\\/\\\/schema.org\",\"@graph\":[{\"@type\":\"NewsArticle\",\"@id\":\"https:\\\/\\\/www.monaco-tribune.com\\\/it\\\/2024\\\/01\\\/associazione-chien-de-coeur-vogliamo-regalare-un-po-di-felicita-alle-persone\\\/#article\",\"isPartOf\":{\"@id\":\"https:\\\/\\\/www.monaco-tribune.com\\\/it\\\/2024\\\/01\\\/associazione-chien-de-coeur-vogliamo-regalare-un-po-di-felicita-alle-persone\\\/\"},\"author\":{\"name\":\"Paul Charoy\",\"@id\":\"https:\\\/\\\/www.monaco-tribune.com\\\/it\\\/#\\\/schema\\\/person\\\/c33a9f1bc99ef5a2e07d37c576060b57\"},\"headline\":\"Associazione Chien de coeur: &#8220;vogliamo regalare un po&#8217; di felicit\u00e0 alle persone&#8221;\",\"datePublished\":\"2024-01-15T11:43:48+00:00\",\"dateModified\":\"2024-01-15T17:02:25+00:00\",\"mainEntityOfPage\":{\"@id\":\"https:\\\/\\\/www.monaco-tribune.com\\\/it\\\/2024\\\/01\\\/associazione-chien-de-coeur-vogliamo-regalare-un-po-di-felicita-alle-persone\\\/\"},\"wordCount\":634,\"publisher\":{\"@id\":\"https:\\\/\\\/www.monaco-tribune.com\\\/it\\\/#organization\"},\"image\":{\"@id\":\"https:\\\/\\\/www.monaco-tribune.com\\\/it\\\/2024\\\/01\\\/associazione-chien-de-coeur-vogliamo-regalare-un-po-di-felicita-alle-persone\\\/#primaryimage\"},\"thumbnailUrl\":\"https:\\\/\\\/www.monaco-tribune.com\\\/wp-content\\\/uploads\\\/2024\\\/01\\\/association-chiens-de-coeur-compressed.jpg\",\"keywords\":[\"Associazioni\"],\"articleSection\":[\"La nostra scelta\",\"Notizie\",\"Societ\u00e0\"],\"inLanguage\":\"it-IT\",\"copyrightYear\":\"2024\",\"copyrightHolder\":{\"@id\":\"https:\\\/\\\/www.monaco-tribune.com\\\/#organization\"}},{\"@type\":\"WebPage\",\"@id\":\"https:\\\/\\\/www.monaco-tribune.com\\\/it\\\/2024\\\/01\\\/associazione-chien-de-coeur-vogliamo-regalare-un-po-di-felicita-alle-persone\\\/\",\"url\":\"https:\\\/\\\/www.monaco-tribune.com\\\/it\\\/2024\\\/01\\\/associazione-chien-de-coeur-vogliamo-regalare-un-po-di-felicita-alle-persone\\\/\",\"name\":\"Associazione Chien de coeur: \\\"vogliamo regalare un po' di felicit\u00e0 alle persone\\\"\",\"isPartOf\":{\"@id\":\"https:\\\/\\\/www.monaco-tribune.com\\\/it\\\/#website\"},\"primaryImageOfPage\":{\"@id\":\"https:\\\/\\\/www.monaco-tribune.com\\\/it\\\/2024\\\/01\\\/associazione-chien-de-coeur-vogliamo-regalare-un-po-di-felicita-alle-persone\\\/#primaryimage\"},\"image\":{\"@id\":\"https:\\\/\\\/www.monaco-tribune.com\\\/it\\\/2024\\\/01\\\/associazione-chien-de-coeur-vogliamo-regalare-un-po-di-felicita-alle-persone\\\/#primaryimage\"},\"thumbnailUrl\":\"https:\\\/\\\/www.monaco-tribune.com\\\/wp-content\\\/uploads\\\/2024\\\/01\\\/association-chiens-de-coeur-compressed.jpg\",\"datePublished\":\"2024-01-15T11:43:48+00:00\",\"dateModified\":\"2024-01-15T17:02:25+00:00\",\"description\":\"Dietro questa associazione fondata nel 2013, ci sono Patrick e Sabine Thienpont, due residenti del Principato. I due hanno fatto visita alle strutture\",\"breadcrumb\":{\"@id\":\"https:\\\/\\\/www.monaco-tribune.com\\\/it\\\/2024\\\/01\\\/associazione-chien-de-coeur-vogliamo-regalare-un-po-di-felicita-alle-persone\\\/#breadcrumb\"},\"inLanguage\":\"it-IT\",\"potentialAction\":[{\"@type\":\"ReadAction\",\"target\":[\"https:\\\/\\\/www.monaco-tribune.com\\\/it\\\/2024\\\/01\\\/associazione-chien-de-coeur-vogliamo-regalare-un-po-di-felicita-alle-persone\\\/\"]}]},{\"@type\":\"ImageObject\",\"inLanguage\":\"it-IT\",\"@id\":\"https:\\\/\\\/www.monaco-tribune.com\\\/it\\\/2024\\\/01\\\/associazione-chien-de-coeur-vogliamo-regalare-un-po-di-felicita-alle-persone\\\/#primaryimage\",\"url\":\"https:\\\/\\\/www.monaco-tribune.com\\\/wp-content\\\/uploads\\\/2024\\\/01\\\/association-chiens-de-coeur-compressed.jpg\",\"contentUrl\":\"https:\\\/\\\/www.monaco-tribune.com\\\/wp-content\\\/uploads\\\/2024\\\/01\\\/association-chiens-de-coeur-compressed.jpg\",\"width\":1200,\"height\":800,\"caption\":\"L'associazione ha ricevuto la visita della Principessa Charl\u00e8ne il 23 novembre 2023. \u00a9Palazzo del Principe\"},{\"@type\":\"BreadcrumbList\",\"@id\":\"https:\\\/\\\/www.monaco-tribune.com\\\/it\\\/2024\\\/01\\\/associazione-chien-de-coeur-vogliamo-regalare-un-po-di-felicita-alle-persone\\\/#breadcrumb\",\"itemListElement\":[{\"@type\":\"ListItem\",\"position\":1,\"name\":\"Accueil\",\"item\":\"https:\\\/\\\/www.monaco-tribune.com\\\/it\\\/\"},{\"@type\":\"ListItem\",\"position\":2,\"name\":\"Associazione Chien de coeur: &#8220;vogliamo regalare un po&#8217; di felicit\u00e0 alle persone&#8221;\"}]},{\"@type\":\"WebSite\",\"@id\":\"https:\\\/\\\/www.monaco-tribune.com\\\/it\\\/#website\",\"url\":\"https:\\\/\\\/www.monaco-tribune.com\\\/it\\\/\",\"name\":\"Monaco Tribune\",\"description\":\"Monaco : actualit\u00e9s \u00e9conomiques, politiques, culturelles et sportives de Monaco et de la French Riviera.\",\"publisher\":{\"@id\":\"https:\\\/\\\/www.monaco-tribune.com\\\/it\\\/#organization\"},\"potentialAction\":[{\"@type\":\"SearchAction\",\"target\":{\"@type\":\"EntryPoint\",\"urlTemplate\":\"https:\\\/\\\/www.monaco-tribune.com\\\/it\\\/?s={search_term_string}\"},\"query-input\":{\"@type\":\"PropertyValueSpecification\",\"valueRequired\":true,\"valueName\":\"search_term_string\"}}],\"inLanguage\":\"it-IT\"},{\"@type\":\"Organization\",\"@id\":\"https:\\\/\\\/www.monaco-tribune.com\\\/it\\\/#organization\",\"name\":\"Monaco Tribune\",\"url\":\"https:\\\/\\\/www.monaco-tribune.com\\\/it\\\/\",\"logo\":{\"@type\":\"ImageObject\",\"inLanguage\":\"it-IT\",\"@id\":\"https:\\\/\\\/www.monaco-tribune.com\\\/it\\\/#\\\/schema\\\/logo\\\/image\\\/\",\"url\":\"https:\\\/\\\/www.monaco-tribune.com\\\/wp-content\\\/uploads\\\/2022\\\/11\\\/logo-monaco-tribune.png\",\"contentUrl\":\"https:\\\/\\\/www.monaco-tribune.com\\\/wp-content\\\/uploads\\\/2022\\\/11\\\/logo-monaco-tribune.png\",\"width\":1548,\"height\":600,\"caption\":\"Monaco Tribune\"},\"image\":{\"@id\":\"https:\\\/\\\/www.monaco-tribune.com\\\/it\\\/#\\\/schema\\\/logo\\\/image\\\/\"},\"sameAs\":[\"https:\\\/\\\/www.facebook.com\\\/MonacoTribune\",\"https:\\\/\\\/x.com\\\/MonacoTribune\",\"https:\\\/\\\/www.instagram.com\\\/monacotribune\\\/\",\"https:\\\/\\\/www.linkedin.com\\\/company\\\/monaco-tribune\",\"https:\\\/\\\/www.youtube.com\\\/channel\\\/UCHle1MnG6hw1y4lWKijVbMA\"]},{\"@type\":\"Person\",\"@id\":\"https:\\\/\\\/www.monaco-tribune.com\\\/it\\\/#\\\/schema\\\/person\\\/c33a9f1bc99ef5a2e07d37c576060b57\",\"name\":\"Paul Charoy\",\"image\":{\"@type\":\"ImageObject\",\"inLanguage\":\"it-IT\",\"@id\":\"https:\\\/\\\/secure.gravatar.com\\\/avatar\\\/c3a39fd900275d54a628738568f1949e90ce9945d105d000228335a7bad64b38?s=96&d=mm&r=g\",\"url\":\"https:\\\/\\\/secure.gravatar.com\\\/avatar\\\/c3a39fd900275d54a628738568f1949e90ce9945d105d000228335a7bad64b38?s=96&d=mm&r=g\",\"contentUrl\":\"https:\\\/\\\/secure.gravatar.com\\\/avatar\\\/c3a39fd900275d54a628738568f1949e90ce9945d105d000228335a7bad64b38?s=96&d=mm&r=g\",\"caption\":\"Paul Charoy\"},\"url\":\"https:\\\/\\\/www.monaco-tribune.com\\\/it\\\/author\\\/paulcharoy\\\/\"}]}<\/script>\n<!-- \/ Yoast SEO Premium plugin. -->","yoast_head_json":{"title":"Associazione Chien de coeur: \"vogliamo regalare un po' di felicit\u00e0 alle persone\"","description":"Dietro questa associazione fondata nel 2013, ci sono Patrick e Sabine Thienpont, due residenti del Principato. I due hanno fatto visita alle strutture","robots":{"index":"index","follow":"follow","max-snippet":"max-snippet:-1","max-image-preview":"max-image-preview:large","max-video-preview":"max-video-preview:-1"},"canonical":"https:\/\/www.monaco-tribune.com\/it\/2024\/01\/associazione-chien-de-coeur-vogliamo-regalare-un-po-di-felicita-alle-persone\/","og_locale":"it_IT","og_type":"article","og_title":"Associazione Chien de coeur: \"vogliamo regalare un po' di felicit\u00e0 alle persone\" - Monaco Tribune","og_description":"Dietro questa associazione fondata nel 2013, ci sono Patrick e Sabine Thienpont, due residenti del Principato. I due hanno fatto visita alle strutture","og_url":"https:\/\/www.monaco-tribune.com\/it\/2024\/01\/associazione-chien-de-coeur-vogliamo-regalare-un-po-di-felicita-alle-persone\/","og_site_name":"Monaco Tribune","article_publisher":"https:\/\/www.facebook.com\/MonacoTribune","article_published_time":"2024-01-15T11:43:48+00:00","article_modified_time":"2024-01-15T17:02:25+00:00","og_image":[{"width":1200,"height":800,"url":"https:\/\/www.monaco-tribune.com\/wp-content\/uploads\/2024\/01\/association-chiens-de-coeur-compressed.jpg","type":"image\/jpeg"}],"author":"Paul Charoy","twitter_card":"summary_large_image","twitter_creator":"@MonacoTribune","twitter_site":"@MonacoTribune","schema":{"@context":"https:\/\/schema.org","@graph":[{"@type":"NewsArticle","@id":"https:\/\/www.monaco-tribune.com\/it\/2024\/01\/associazione-chien-de-coeur-vogliamo-regalare-un-po-di-felicita-alle-persone\/#article","isPartOf":{"@id":"https:\/\/www.monaco-tribune.com\/it\/2024\/01\/associazione-chien-de-coeur-vogliamo-regalare-un-po-di-felicita-alle-persone\/"},"author":{"name":"Paul Charoy","@id":"https:\/\/www.monaco-tribune.com\/it\/#\/schema\/person\/c33a9f1bc99ef5a2e07d37c576060b57"},"headline":"Associazione Chien de coeur: &#8220;vogliamo regalare un po&#8217; di felicit\u00e0 alle persone&#8221;","datePublished":"2024-01-15T11:43:48+00:00","dateModified":"2024-01-15T17:02:25+00:00","mainEntityOfPage":{"@id":"https:\/\/www.monaco-tribune.com\/it\/2024\/01\/associazione-chien-de-coeur-vogliamo-regalare-un-po-di-felicita-alle-persone\/"},"wordCount":634,"publisher":{"@id":"https:\/\/www.monaco-tribune.com\/it\/#organization"},"image":{"@id":"https:\/\/www.monaco-tribune.com\/it\/2024\/01\/associazione-chien-de-coeur-vogliamo-regalare-un-po-di-felicita-alle-persone\/#primaryimage"},"thumbnailUrl":"https:\/\/www.monaco-tribune.com\/wp-content\/uploads\/2024\/01\/association-chiens-de-coeur-compressed.jpg","keywords":["Associazioni"],"articleSection":["La nostra scelta","Notizie","Societ\u00e0"],"inLanguage":"it-IT","copyrightYear":"2024","copyrightHolder":{"@id":"https:\/\/www.monaco-tribune.com\/#organization"}},{"@type":"WebPage","@id":"https:\/\/www.monaco-tribune.com\/it\/2024\/01\/associazione-chien-de-coeur-vogliamo-regalare-un-po-di-felicita-alle-persone\/","url":"https:\/\/www.monaco-tribune.com\/it\/2024\/01\/associazione-chien-de-coeur-vogliamo-regalare-un-po-di-felicita-alle-persone\/","name":"Associazione Chien de coeur: \"vogliamo regalare un po' di felicit\u00e0 alle persone\"","isPartOf":{"@id":"https:\/\/www.monaco-tribune.com\/it\/#website"},"primaryImageOfPage":{"@id":"https:\/\/www.monaco-tribune.com\/it\/2024\/01\/associazione-chien-de-coeur-vogliamo-regalare-un-po-di-felicita-alle-persone\/#primaryimage"},"image":{"@id":"https:\/\/www.monaco-tribune.com\/it\/2024\/01\/associazione-chien-de-coeur-vogliamo-regalare-un-po-di-felicita-alle-persone\/#primaryimage"},"thumbnailUrl":"https:\/\/www.monaco-tribune.com\/wp-content\/uploads\/2024\/01\/association-chiens-de-coeur-compressed.jpg","datePublished":"2024-01-15T11:43:48+00:00","dateModified":"2024-01-15T17:02:25+00:00","description":"Dietro questa associazione fondata nel 2013, ci sono Patrick e Sabine Thienpont, due residenti del Principato. I due hanno fatto visita alle strutture","breadcrumb":{"@id":"https:\/\/www.monaco-tribune.com\/it\/2024\/01\/associazione-chien-de-coeur-vogliamo-regalare-un-po-di-felicita-alle-persone\/#breadcrumb"},"inLanguage":"it-IT","potentialAction":[{"@type":"ReadAction","target":["https:\/\/www.monaco-tribune.com\/it\/2024\/01\/associazione-chien-de-coeur-vogliamo-regalare-un-po-di-felicita-alle-persone\/"]}]},{"@type":"ImageObject","inLanguage":"it-IT","@id":"https:\/\/www.monaco-tribune.com\/it\/2024\/01\/associazione-chien-de-coeur-vogliamo-regalare-un-po-di-felicita-alle-persone\/#primaryimage","url":"https:\/\/www.monaco-tribune.com\/wp-content\/uploads\/2024\/01\/association-chiens-de-coeur-compressed.jpg","contentUrl":"https:\/\/www.monaco-tribune.com\/wp-content\/uploads\/2024\/01\/association-chiens-de-coeur-compressed.jpg","width":1200,"height":800,"caption":"L'associazione ha ricevuto la visita della Principessa Charl\u00e8ne il 23 novembre 2023. \u00a9Palazzo del Principe"},{"@type":"BreadcrumbList","@id":"https:\/\/www.monaco-tribune.com\/it\/2024\/01\/associazione-chien-de-coeur-vogliamo-regalare-un-po-di-felicita-alle-persone\/#breadcrumb","itemListElement":[{"@type":"ListItem","position":1,"name":"Accueil","item":"https:\/\/www.monaco-tribune.com\/it\/"},{"@type":"ListItem","position":2,"name":"Associazione Chien de coeur: &#8220;vogliamo regalare un po&#8217; di felicit\u00e0 alle persone&#8221;"}]},{"@type":"WebSite","@id":"https:\/\/www.monaco-tribune.com\/it\/#website","url":"https:\/\/www.monaco-tribune.com\/it\/","name":"Monaco Tribune","description":"Monaco : actualit\u00e9s \u00e9conomiques, politiques, culturelles et sportives de Monaco et de la French Riviera.","publisher":{"@id":"https:\/\/www.monaco-tribune.com\/it\/#organization"},"potentialAction":[{"@type":"SearchAction","target":{"@type":"EntryPoint","urlTemplate":"https:\/\/www.monaco-tribune.com\/it\/?s={search_term_string}"},"query-input":{"@type":"PropertyValueSpecification","valueRequired":true,"valueName":"search_term_string"}}],"inLanguage":"it-IT"},{"@type":"Organization","@id":"https:\/\/www.monaco-tribune.com\/it\/#organization","name":"Monaco Tribune","url":"https:\/\/www.monaco-tribune.com\/it\/","logo":{"@type":"ImageObject","inLanguage":"it-IT","@id":"https:\/\/www.monaco-tribune.com\/it\/#\/schema\/logo\/image\/","url":"https:\/\/www.monaco-tribune.com\/wp-content\/uploads\/2022\/11\/logo-monaco-tribune.png","contentUrl":"https:\/\/www.monaco-tribune.com\/wp-content\/uploads\/2022\/11\/logo-monaco-tribune.png","width":1548,"height":600,"caption":"Monaco Tribune"},"image":{"@id":"https:\/\/www.monaco-tribune.com\/it\/#\/schema\/logo\/image\/"},"sameAs":["https:\/\/www.facebook.com\/MonacoTribune","https:\/\/x.com\/MonacoTribune","https:\/\/www.instagram.com\/monacotribune\/","https:\/\/www.linkedin.com\/company\/monaco-tribune","https:\/\/www.youtube.com\/channel\/UCHle1MnG6hw1y4lWKijVbMA"]},{"@type":"Person","@id":"https:\/\/www.monaco-tribune.com\/it\/#\/schema\/person\/c33a9f1bc99ef5a2e07d37c576060b57","name":"Paul Charoy","image":{"@type":"ImageObject","inLanguage":"it-IT","@id":"https:\/\/secure.gravatar.com\/avatar\/c3a39fd900275d54a628738568f1949e90ce9945d105d000228335a7bad64b38?s=96&d=mm&r=g","url":"https:\/\/secure.gravatar.com\/avatar\/c3a39fd900275d54a628738568f1949e90ce9945d105d000228335a7bad64b38?s=96&d=mm&r=g","contentUrl":"https:\/\/secure.gravatar.com\/avatar\/c3a39fd900275d54a628738568f1949e90ce9945d105d000228335a7bad64b38?s=96&d=mm&r=g","caption":"Paul Charoy"},"url":"https:\/\/www.monaco-tribune.com\/it\/author\/paulcharoy\/"}]}},"_links":{"self":[{"href":"https:\/\/www.monaco-tribune.com\/it\/wp-json\/wp\/v2\/posts\/211405","targetHints":{"allow":["GET"]}}],"collection":[{"href":"https:\/\/www.monaco-tribune.com\/it\/wp-json\/wp\/v2\/posts"}],"about":[{"href":"https:\/\/www.monaco-tribune.com\/it\/wp-json\/wp\/v2\/types\/post"}],"author":[{"embeddable":true,"href":"https:\/\/www.monaco-tribune.com\/it\/wp-json\/wp\/v2\/users\/65"}],"replies":[{"embeddable":true,"href":"https:\/\/www.monaco-tribune.com\/it\/wp-json\/wp\/v2\/comments?post=211405"}],"version-history":[{"count":2,"href":"https:\/\/www.monaco-tribune.com\/it\/wp-json\/wp\/v2\/posts\/211405\/revisions"}],"predecessor-version":[{"id":211601,"href":"https:\/\/www.monaco-tribune.com\/it\/wp-json\/wp\/v2\/posts\/211405\/revisions\/211601"}],"wp:featuredmedia":[{"embeddable":true,"href":"https:\/\/www.monaco-tribune.com\/it\/wp-json\/wp\/v2\/media\/209788"}],"wp:attachment":[{"href":"https:\/\/www.monaco-tribune.com\/it\/wp-json\/wp\/v2\/media?parent=211405"}],"wp:term":[{"taxonomy":"category","embeddable":true,"href":"https:\/\/www.monaco-tribune.com\/it\/wp-json\/wp\/v2\/categories?post=211405"},{"taxonomy":"post_tag","embeddable":true,"href":"https:\/\/www.monaco-tribune.com\/it\/wp-json\/wp\/v2\/tags?post=211405"},{"taxonomy":"sectag","embeddable":true,"href":"https:\/\/www.monaco-tribune.com\/it\/wp-json\/wp\/v2\/post_sectags?post=211405"},{"taxonomy":"format","embeddable":true,"href":"https:\/\/www.monaco-tribune.com\/it\/wp-json\/wp\/v2\/post_format?post=211405"}],"curies":[{"name":"wp","href":"https:\/\/api.w.org\/{rel}","templated":true}]}}