{"id":211978,"date":"2024-01-17T18:46:57","date_gmt":"2024-01-17T16:46:57","guid":{"rendered":"https:\/\/www.monaco-tribune.com\/2024\/01\/nuova-esercitazione-allerta-tsunami-nelle-alpi-marittime\/"},"modified":"2024-01-17T18:47:01","modified_gmt":"2024-01-17T16:47:01","slug":"nuova-esercitazione-allerta-tsunami-nelle-alpi-marittime","status":"publish","type":"post","link":"https:\/\/www.monaco-tribune.com\/it\/2024\/01\/nuova-esercitazione-allerta-tsunami-nelle-alpi-marittime\/","title":{"rendered":"Nuova esercitazione allerta tsunami nelle Alpi Marittime"},"content":{"rendered":"\n<p><strong>L&#8217;esercitazione \u00e8 prevista venerd\u00ec 19 gennaio dalle 10:00 alle 12:00.<\/strong><\/p>\n\n<p>Nel fine settimana, la Prefettura delle Alpi Marittime organizzer\u00e0 un&#8217;esercitazione rischio tsunami. I cittadini verranno allertati con il nuovo sistema per l&#8217;informazione &#8220;FR-Alert&#8221;, che consente l&#8217;invio di un messaggio di allerta sul cellulare accompagnato da un suono ben riconoscibile. Il sistema \u00e8 stato utilizzato di recente durante la tempesta Aline sulle Alpi Marittime.<\/p>\n\n<p>Dato che il messaggio viene trasmesso sul litorale francese attraverso le antenne degli operatori telefonici, \u00e8 possibile che venga ricevuto anche dai residenti del Principato. Si tratta di una semplice esercitazione, non sar\u00e0 necessario n\u00e9 rispondere, n\u00e9 mettersi al riparo. Sar\u00e0 quindi inutile intasare i numeri di emergenza 18 e 112 per avere maggiori informazioni.<\/p>\n\n<p class=\"related\"><a href=\"https:\/\/www.monaco-tribune.com\/it\/2024\/01\/un-numero-di-telefono-per-lottare-contro-il-bullismo-nelle-scuole-di-monaco\/\">Un numero di telefono per lottare contro il bullismo nelle scuole di Monaco<\/a><\/p>\n","protected":false},"excerpt":{"rendered":"<p>L&#8217;esercitazione \u00e8 prevista venerd\u00ec 19 gennaio dalle 10:00 alle 12:00. Nel fine settimana, la Prefettura delle Alpi Marittime organizzer\u00e0 un&#8217;esercitazione [&hellip;]<\/p>\n","protected":false},"author":65,"featured_media":211828,"comment_status":"closed","ping_status":"closed","sticky":false,"template":"","format":"standard","meta":{"_acf_changed":false,"footnotes":""},"categories":[1738,1752],"tags":[3125],"post_sectags":[],"post_format":[2478],"class_list":["post-211978","post","type-post","status-publish","format-standard","has-post-thumbnail","hentry","category-notizie","category-societa","tag-sicurezza","format-notizia"],"acf":[],"yoast_head":"<!-- This site is optimized with the Yoast SEO Premium plugin v26.8 (Yoast SEO v27.4) - https:\/\/yoast.com\/product\/yoast-seo-premium-wordpress\/ -->\n<title>Nuova esercitazione allerta tsunami nelle Alpi Marittime<\/title>\n<meta name=\"description\" content=\"L&#039;esercitazione \u00e8 prevista venerd\u00ec 19 gennaio dalle 10:00 alle 12:00. Nel fine settimana, la Prefettura delle Alpi Marittime organizzer\u00e0 un&#039;esercitazione\" \/>\n<meta name=\"robots\" content=\"index, follow, max-snippet:-1, max-image-preview:large, max-video-preview:-1\" \/>\n<link rel=\"canonical\" href=\"https:\/\/www.monaco-tribune.com\/it\/2024\/01\/nuova-esercitazione-allerta-tsunami-nelle-alpi-marittime\/\" \/>\n<meta property=\"og:locale\" content=\"it_IT\" \/>\n<meta property=\"og:type\" content=\"article\" \/>\n<meta property=\"og:title\" content=\"Nuova esercitazione allerta tsunami nelle Alpi Marittime - Monaco Tribune\" \/>\n<meta property=\"og:description\" content=\"L&#039;esercitazione \u00e8 prevista venerd\u00ec 19 gennaio dalle 10:00 alle 12:00. Nel fine settimana, la Prefettura delle Alpi Marittime organizzer\u00e0 un&#039;esercitazione\" \/>\n<meta property=\"og:url\" content=\"https:\/\/www.monaco-tribune.com\/it\/2024\/01\/nuova-esercitazione-allerta-tsunami-nelle-alpi-marittime\/\" \/>\n<meta property=\"og:site_name\" content=\"Monaco Tribune\" \/>\n<meta property=\"article:publisher\" content=\"https:\/\/www.facebook.com\/MonacoTribune\" \/>\n<meta property=\"article:published_time\" content=\"2024-01-17T16:46:57+00:00\" \/>\n<meta property=\"article:modified_time\" content=\"2024-01-17T16:47:01+00:00\" \/>\n<meta property=\"og:image\" content=\"https:\/\/www.monaco-tribune.com\/wp-content\/uploads\/2024\/01\/telephone-2.jpg\" \/>\n\t<meta property=\"og:image:width\" content=\"1200\" \/>\n\t<meta property=\"og:image:height\" content=\"800\" \/>\n\t<meta property=\"og:image:type\" content=\"image\/jpeg\" \/>\n<meta name=\"author\" content=\"Paul Charoy\" \/>\n<meta name=\"twitter:card\" content=\"summary_large_image\" \/>\n<meta name=\"twitter:creator\" content=\"@MonacoTribune\" \/>\n<meta name=\"twitter:site\" content=\"@MonacoTribune\" \/>\n<script type=\"application\/ld+json\" class=\"yoast-schema-graph\">{\"@context\":\"https:\\\/\\\/schema.org\",\"@graph\":[{\"@type\":\"NewsArticle\",\"@id\":\"https:\\\/\\\/www.monaco-tribune.com\\\/it\\\/2024\\\/01\\\/nuova-esercitazione-allerta-tsunami-nelle-alpi-marittime\\\/#article\",\"isPartOf\":{\"@id\":\"https:\\\/\\\/www.monaco-tribune.com\\\/it\\\/2024\\\/01\\\/nuova-esercitazione-allerta-tsunami-nelle-alpi-marittime\\\/\"},\"author\":{\"name\":\"Paul Charoy\",\"@id\":\"https:\\\/\\\/www.monaco-tribune.com\\\/it\\\/#\\\/schema\\\/person\\\/c33a9f1bc99ef5a2e07d37c576060b57\"},\"headline\":\"Nuova esercitazione allerta tsunami nelle Alpi Marittime\",\"datePublished\":\"2024-01-17T16:46:57+00:00\",\"dateModified\":\"2024-01-17T16:47:01+00:00\",\"mainEntityOfPage\":{\"@id\":\"https:\\\/\\\/www.monaco-tribune.com\\\/it\\\/2024\\\/01\\\/nuova-esercitazione-allerta-tsunami-nelle-alpi-marittime\\\/\"},\"wordCount\":134,\"publisher\":{\"@id\":\"https:\\\/\\\/www.monaco-tribune.com\\\/it\\\/#organization\"},\"image\":{\"@id\":\"https:\\\/\\\/www.monaco-tribune.com\\\/it\\\/2024\\\/01\\\/nuova-esercitazione-allerta-tsunami-nelle-alpi-marittime\\\/#primaryimage\"},\"thumbnailUrl\":\"https:\\\/\\\/www.monaco-tribune.com\\\/wp-content\\\/uploads\\\/2024\\\/01\\\/telephone-2.jpg\",\"keywords\":[\"Sicurezza\"],\"articleSection\":[\"Notizie\",\"Societ\u00e0\"],\"inLanguage\":\"it-IT\",\"copyrightYear\":\"2024\",\"copyrightHolder\":{\"@id\":\"https:\\\/\\\/www.monaco-tribune.com\\\/#organization\"}},{\"@type\":\"WebPage\",\"@id\":\"https:\\\/\\\/www.monaco-tribune.com\\\/it\\\/2024\\\/01\\\/nuova-esercitazione-allerta-tsunami-nelle-alpi-marittime\\\/\",\"url\":\"https:\\\/\\\/www.monaco-tribune.com\\\/it\\\/2024\\\/01\\\/nuova-esercitazione-allerta-tsunami-nelle-alpi-marittime\\\/\",\"name\":\"Nuova esercitazione allerta tsunami nelle Alpi Marittime\",\"isPartOf\":{\"@id\":\"https:\\\/\\\/www.monaco-tribune.com\\\/it\\\/#website\"},\"primaryImageOfPage\":{\"@id\":\"https:\\\/\\\/www.monaco-tribune.com\\\/it\\\/2024\\\/01\\\/nuova-esercitazione-allerta-tsunami-nelle-alpi-marittime\\\/#primaryimage\"},\"image\":{\"@id\":\"https:\\\/\\\/www.monaco-tribune.com\\\/it\\\/2024\\\/01\\\/nuova-esercitazione-allerta-tsunami-nelle-alpi-marittime\\\/#primaryimage\"},\"thumbnailUrl\":\"https:\\\/\\\/www.monaco-tribune.com\\\/wp-content\\\/uploads\\\/2024\\\/01\\\/telephone-2.jpg\",\"datePublished\":\"2024-01-17T16:46:57+00:00\",\"dateModified\":\"2024-01-17T16:47:01+00:00\",\"description\":\"L'esercitazione \u00e8 prevista venerd\u00ec 19 gennaio dalle 10:00 alle 12:00. Nel fine settimana, la Prefettura delle Alpi Marittime organizzer\u00e0 un'esercitazione\",\"breadcrumb\":{\"@id\":\"https:\\\/\\\/www.monaco-tribune.com\\\/it\\\/2024\\\/01\\\/nuova-esercitazione-allerta-tsunami-nelle-alpi-marittime\\\/#breadcrumb\"},\"inLanguage\":\"it-IT\",\"potentialAction\":[{\"@type\":\"ReadAction\",\"target\":[\"https:\\\/\\\/www.monaco-tribune.com\\\/it\\\/2024\\\/01\\\/nuova-esercitazione-allerta-tsunami-nelle-alpi-marittime\\\/\"]}]},{\"@type\":\"ImageObject\",\"inLanguage\":\"it-IT\",\"@id\":\"https:\\\/\\\/www.monaco-tribune.com\\\/it\\\/2024\\\/01\\\/nuova-esercitazione-allerta-tsunami-nelle-alpi-marittime\\\/#primaryimage\",\"url\":\"https:\\\/\\\/www.monaco-tribune.com\\\/wp-content\\\/uploads\\\/2024\\\/01\\\/telephone-2.jpg\",\"contentUrl\":\"https:\\\/\\\/www.monaco-tribune.com\\\/wp-content\\\/uploads\\\/2024\\\/01\\\/telephone-2.jpg\",\"width\":1200,\"height\":800,\"caption\":\"Riceverete un messaggio di allarme sul cellulare. \u00a9Pixabay\"},{\"@type\":\"BreadcrumbList\",\"@id\":\"https:\\\/\\\/www.monaco-tribune.com\\\/it\\\/2024\\\/01\\\/nuova-esercitazione-allerta-tsunami-nelle-alpi-marittime\\\/#breadcrumb\",\"itemListElement\":[{\"@type\":\"ListItem\",\"position\":1,\"name\":\"Accueil\",\"item\":\"https:\\\/\\\/www.monaco-tribune.com\\\/it\\\/\"},{\"@type\":\"ListItem\",\"position\":2,\"name\":\"Nuova esercitazione allerta tsunami nelle Alpi Marittime\"}]},{\"@type\":\"WebSite\",\"@id\":\"https:\\\/\\\/www.monaco-tribune.com\\\/it\\\/#website\",\"url\":\"https:\\\/\\\/www.monaco-tribune.com\\\/it\\\/\",\"name\":\"Monaco Tribune\",\"description\":\"Monaco : actualit\u00e9s \u00e9conomiques, politiques, culturelles et sportives de Monaco et de la French Riviera.\",\"publisher\":{\"@id\":\"https:\\\/\\\/www.monaco-tribune.com\\\/it\\\/#organization\"},\"potentialAction\":[{\"@type\":\"SearchAction\",\"target\":{\"@type\":\"EntryPoint\",\"urlTemplate\":\"https:\\\/\\\/www.monaco-tribune.com\\\/it\\\/?s={search_term_string}\"},\"query-input\":{\"@type\":\"PropertyValueSpecification\",\"valueRequired\":true,\"valueName\":\"search_term_string\"}}],\"inLanguage\":\"it-IT\"},{\"@type\":\"Organization\",\"@id\":\"https:\\\/\\\/www.monaco-tribune.com\\\/it\\\/#organization\",\"name\":\"Monaco Tribune\",\"url\":\"https:\\\/\\\/www.monaco-tribune.com\\\/it\\\/\",\"logo\":{\"@type\":\"ImageObject\",\"inLanguage\":\"it-IT\",\"@id\":\"https:\\\/\\\/www.monaco-tribune.com\\\/it\\\/#\\\/schema\\\/logo\\\/image\\\/\",\"url\":\"https:\\\/\\\/www.monaco-tribune.com\\\/wp-content\\\/uploads\\\/2022\\\/11\\\/logo-monaco-tribune.png\",\"contentUrl\":\"https:\\\/\\\/www.monaco-tribune.com\\\/wp-content\\\/uploads\\\/2022\\\/11\\\/logo-monaco-tribune.png\",\"width\":1548,\"height\":600,\"caption\":\"Monaco Tribune\"},\"image\":{\"@id\":\"https:\\\/\\\/www.monaco-tribune.com\\\/it\\\/#\\\/schema\\\/logo\\\/image\\\/\"},\"sameAs\":[\"https:\\\/\\\/www.facebook.com\\\/MonacoTribune\",\"https:\\\/\\\/x.com\\\/MonacoTribune\",\"https:\\\/\\\/www.instagram.com\\\/monacotribune\\\/\",\"https:\\\/\\\/www.linkedin.com\\\/company\\\/monaco-tribune\",\"https:\\\/\\\/www.youtube.com\\\/channel\\\/UCHle1MnG6hw1y4lWKijVbMA\"]},{\"@type\":\"Person\",\"@id\":\"https:\\\/\\\/www.monaco-tribune.com\\\/it\\\/#\\\/schema\\\/person\\\/c33a9f1bc99ef5a2e07d37c576060b57\",\"name\":\"Paul Charoy\",\"image\":{\"@type\":\"ImageObject\",\"inLanguage\":\"it-IT\",\"@id\":\"https:\\\/\\\/secure.gravatar.com\\\/avatar\\\/c3a39fd900275d54a628738568f1949e90ce9945d105d000228335a7bad64b38?s=96&d=mm&r=g\",\"url\":\"https:\\\/\\\/secure.gravatar.com\\\/avatar\\\/c3a39fd900275d54a628738568f1949e90ce9945d105d000228335a7bad64b38?s=96&d=mm&r=g\",\"contentUrl\":\"https:\\\/\\\/secure.gravatar.com\\\/avatar\\\/c3a39fd900275d54a628738568f1949e90ce9945d105d000228335a7bad64b38?s=96&d=mm&r=g\",\"caption\":\"Paul Charoy\"},\"url\":\"https:\\\/\\\/www.monaco-tribune.com\\\/it\\\/author\\\/paulcharoy\\\/\"}]}<\/script>\n<!-- \/ Yoast SEO Premium plugin. -->","yoast_head_json":{"title":"Nuova esercitazione allerta tsunami nelle Alpi Marittime","description":"L'esercitazione \u00e8 prevista venerd\u00ec 19 gennaio dalle 10:00 alle 12:00. Nel fine settimana, la Prefettura delle Alpi Marittime organizzer\u00e0 un'esercitazione","robots":{"index":"index","follow":"follow","max-snippet":"max-snippet:-1","max-image-preview":"max-image-preview:large","max-video-preview":"max-video-preview:-1"},"canonical":"https:\/\/www.monaco-tribune.com\/it\/2024\/01\/nuova-esercitazione-allerta-tsunami-nelle-alpi-marittime\/","og_locale":"it_IT","og_type":"article","og_title":"Nuova esercitazione allerta tsunami nelle Alpi Marittime - Monaco Tribune","og_description":"L'esercitazione \u00e8 prevista venerd\u00ec 19 gennaio dalle 10:00 alle 12:00. Nel fine settimana, la Prefettura delle Alpi Marittime organizzer\u00e0 un'esercitazione","og_url":"https:\/\/www.monaco-tribune.com\/it\/2024\/01\/nuova-esercitazione-allerta-tsunami-nelle-alpi-marittime\/","og_site_name":"Monaco Tribune","article_publisher":"https:\/\/www.facebook.com\/MonacoTribune","article_published_time":"2024-01-17T16:46:57+00:00","article_modified_time":"2024-01-17T16:47:01+00:00","og_image":[{"width":1200,"height":800,"url":"https:\/\/www.monaco-tribune.com\/wp-content\/uploads\/2024\/01\/telephone-2.jpg","type":"image\/jpeg"}],"author":"Paul Charoy","twitter_card":"summary_large_image","twitter_creator":"@MonacoTribune","twitter_site":"@MonacoTribune","schema":{"@context":"https:\/\/schema.org","@graph":[{"@type":"NewsArticle","@id":"https:\/\/www.monaco-tribune.com\/it\/2024\/01\/nuova-esercitazione-allerta-tsunami-nelle-alpi-marittime\/#article","isPartOf":{"@id":"https:\/\/www.monaco-tribune.com\/it\/2024\/01\/nuova-esercitazione-allerta-tsunami-nelle-alpi-marittime\/"},"author":{"name":"Paul Charoy","@id":"https:\/\/www.monaco-tribune.com\/it\/#\/schema\/person\/c33a9f1bc99ef5a2e07d37c576060b57"},"headline":"Nuova esercitazione allerta tsunami nelle Alpi Marittime","datePublished":"2024-01-17T16:46:57+00:00","dateModified":"2024-01-17T16:47:01+00:00","mainEntityOfPage":{"@id":"https:\/\/www.monaco-tribune.com\/it\/2024\/01\/nuova-esercitazione-allerta-tsunami-nelle-alpi-marittime\/"},"wordCount":134,"publisher":{"@id":"https:\/\/www.monaco-tribune.com\/it\/#organization"},"image":{"@id":"https:\/\/www.monaco-tribune.com\/it\/2024\/01\/nuova-esercitazione-allerta-tsunami-nelle-alpi-marittime\/#primaryimage"},"thumbnailUrl":"https:\/\/www.monaco-tribune.com\/wp-content\/uploads\/2024\/01\/telephone-2.jpg","keywords":["Sicurezza"],"articleSection":["Notizie","Societ\u00e0"],"inLanguage":"it-IT","copyrightYear":"2024","copyrightHolder":{"@id":"https:\/\/www.monaco-tribune.com\/#organization"}},{"@type":"WebPage","@id":"https:\/\/www.monaco-tribune.com\/it\/2024\/01\/nuova-esercitazione-allerta-tsunami-nelle-alpi-marittime\/","url":"https:\/\/www.monaco-tribune.com\/it\/2024\/01\/nuova-esercitazione-allerta-tsunami-nelle-alpi-marittime\/","name":"Nuova esercitazione allerta tsunami nelle Alpi Marittime","isPartOf":{"@id":"https:\/\/www.monaco-tribune.com\/it\/#website"},"primaryImageOfPage":{"@id":"https:\/\/www.monaco-tribune.com\/it\/2024\/01\/nuova-esercitazione-allerta-tsunami-nelle-alpi-marittime\/#primaryimage"},"image":{"@id":"https:\/\/www.monaco-tribune.com\/it\/2024\/01\/nuova-esercitazione-allerta-tsunami-nelle-alpi-marittime\/#primaryimage"},"thumbnailUrl":"https:\/\/www.monaco-tribune.com\/wp-content\/uploads\/2024\/01\/telephone-2.jpg","datePublished":"2024-01-17T16:46:57+00:00","dateModified":"2024-01-17T16:47:01+00:00","description":"L'esercitazione \u00e8 prevista venerd\u00ec 19 gennaio dalle 10:00 alle 12:00. Nel fine settimana, la Prefettura delle Alpi Marittime organizzer\u00e0 un'esercitazione","breadcrumb":{"@id":"https:\/\/www.monaco-tribune.com\/it\/2024\/01\/nuova-esercitazione-allerta-tsunami-nelle-alpi-marittime\/#breadcrumb"},"inLanguage":"it-IT","potentialAction":[{"@type":"ReadAction","target":["https:\/\/www.monaco-tribune.com\/it\/2024\/01\/nuova-esercitazione-allerta-tsunami-nelle-alpi-marittime\/"]}]},{"@type":"ImageObject","inLanguage":"it-IT","@id":"https:\/\/www.monaco-tribune.com\/it\/2024\/01\/nuova-esercitazione-allerta-tsunami-nelle-alpi-marittime\/#primaryimage","url":"https:\/\/www.monaco-tribune.com\/wp-content\/uploads\/2024\/01\/telephone-2.jpg","contentUrl":"https:\/\/www.monaco-tribune.com\/wp-content\/uploads\/2024\/01\/telephone-2.jpg","width":1200,"height":800,"caption":"Riceverete un messaggio di allarme sul cellulare. \u00a9Pixabay"},{"@type":"BreadcrumbList","@id":"https:\/\/www.monaco-tribune.com\/it\/2024\/01\/nuova-esercitazione-allerta-tsunami-nelle-alpi-marittime\/#breadcrumb","itemListElement":[{"@type":"ListItem","position":1,"name":"Accueil","item":"https:\/\/www.monaco-tribune.com\/it\/"},{"@type":"ListItem","position":2,"name":"Nuova esercitazione allerta tsunami nelle Alpi Marittime"}]},{"@type":"WebSite","@id":"https:\/\/www.monaco-tribune.com\/it\/#website","url":"https:\/\/www.monaco-tribune.com\/it\/","name":"Monaco Tribune","description":"Monaco : actualit\u00e9s \u00e9conomiques, politiques, culturelles et sportives de Monaco et de la French Riviera.","publisher":{"@id":"https:\/\/www.monaco-tribune.com\/it\/#organization"},"potentialAction":[{"@type":"SearchAction","target":{"@type":"EntryPoint","urlTemplate":"https:\/\/www.monaco-tribune.com\/it\/?s={search_term_string}"},"query-input":{"@type":"PropertyValueSpecification","valueRequired":true,"valueName":"search_term_string"}}],"inLanguage":"it-IT"},{"@type":"Organization","@id":"https:\/\/www.monaco-tribune.com\/it\/#organization","name":"Monaco Tribune","url":"https:\/\/www.monaco-tribune.com\/it\/","logo":{"@type":"ImageObject","inLanguage":"it-IT","@id":"https:\/\/www.monaco-tribune.com\/it\/#\/schema\/logo\/image\/","url":"https:\/\/www.monaco-tribune.com\/wp-content\/uploads\/2022\/11\/logo-monaco-tribune.png","contentUrl":"https:\/\/www.monaco-tribune.com\/wp-content\/uploads\/2022\/11\/logo-monaco-tribune.png","width":1548,"height":600,"caption":"Monaco Tribune"},"image":{"@id":"https:\/\/www.monaco-tribune.com\/it\/#\/schema\/logo\/image\/"},"sameAs":["https:\/\/www.facebook.com\/MonacoTribune","https:\/\/x.com\/MonacoTribune","https:\/\/www.instagram.com\/monacotribune\/","https:\/\/www.linkedin.com\/company\/monaco-tribune","https:\/\/www.youtube.com\/channel\/UCHle1MnG6hw1y4lWKijVbMA"]},{"@type":"Person","@id":"https:\/\/www.monaco-tribune.com\/it\/#\/schema\/person\/c33a9f1bc99ef5a2e07d37c576060b57","name":"Paul Charoy","image":{"@type":"ImageObject","inLanguage":"it-IT","@id":"https:\/\/secure.gravatar.com\/avatar\/c3a39fd900275d54a628738568f1949e90ce9945d105d000228335a7bad64b38?s=96&d=mm&r=g","url":"https:\/\/secure.gravatar.com\/avatar\/c3a39fd900275d54a628738568f1949e90ce9945d105d000228335a7bad64b38?s=96&d=mm&r=g","contentUrl":"https:\/\/secure.gravatar.com\/avatar\/c3a39fd900275d54a628738568f1949e90ce9945d105d000228335a7bad64b38?s=96&d=mm&r=g","caption":"Paul Charoy"},"url":"https:\/\/www.monaco-tribune.com\/it\/author\/paulcharoy\/"}]}},"_links":{"self":[{"href":"https:\/\/www.monaco-tribune.com\/it\/wp-json\/wp\/v2\/posts\/211978","targetHints":{"allow":["GET"]}}],"collection":[{"href":"https:\/\/www.monaco-tribune.com\/it\/wp-json\/wp\/v2\/posts"}],"about":[{"href":"https:\/\/www.monaco-tribune.com\/it\/wp-json\/wp\/v2\/types\/post"}],"author":[{"embeddable":true,"href":"https:\/\/www.monaco-tribune.com\/it\/wp-json\/wp\/v2\/users\/65"}],"replies":[{"embeddable":true,"href":"https:\/\/www.monaco-tribune.com\/it\/wp-json\/wp\/v2\/comments?post=211978"}],"version-history":[{"count":2,"href":"https:\/\/www.monaco-tribune.com\/it\/wp-json\/wp\/v2\/posts\/211978\/revisions"}],"predecessor-version":[{"id":211981,"href":"https:\/\/www.monaco-tribune.com\/it\/wp-json\/wp\/v2\/posts\/211978\/revisions\/211981"}],"wp:featuredmedia":[{"embeddable":true,"href":"https:\/\/www.monaco-tribune.com\/it\/wp-json\/wp\/v2\/media\/211828"}],"wp:attachment":[{"href":"https:\/\/www.monaco-tribune.com\/it\/wp-json\/wp\/v2\/media?parent=211978"}],"wp:term":[{"taxonomy":"category","embeddable":true,"href":"https:\/\/www.monaco-tribune.com\/it\/wp-json\/wp\/v2\/categories?post=211978"},{"taxonomy":"post_tag","embeddable":true,"href":"https:\/\/www.monaco-tribune.com\/it\/wp-json\/wp\/v2\/tags?post=211978"},{"taxonomy":"sectag","embeddable":true,"href":"https:\/\/www.monaco-tribune.com\/it\/wp-json\/wp\/v2\/post_sectags?post=211978"},{"taxonomy":"format","embeddable":true,"href":"https:\/\/www.monaco-tribune.com\/it\/wp-json\/wp\/v2\/post_format?post=211978"}],"curies":[{"name":"wp","href":"https:\/\/api.w.org\/{rel}","templated":true}]}}