{"id":215475,"date":"2024-02-05T18:29:13","date_gmt":"2024-02-05T16:29:13","guid":{"rendered":"https:\/\/www.monaco-tribune.com\/2024\/02\/quali-sono-i-migliori-parrucchieri-di-monaco\/"},"modified":"2024-02-28T12:04:22","modified_gmt":"2024-02-28T10:04:22","slug":"quali-sono-i-migliori-parrucchieri-di-monaco","status":"publish","type":"post","link":"https:\/\/www.monaco-tribune.com\/it\/2024\/02\/quali-sono-i-migliori-parrucchieri-di-monaco\/","title":{"rendered":"Quali sono i migliori parrucchieri di Monaco?"},"content":{"rendered":"\n<p><strong>Abbiamo raccolto le opinioni degli utenti Google e quelle dei nostri lettori.<\/strong><\/p>\n\n\n\n<p>Non lasciatevi scoraggiare dalle dimensioni del Principato quando si tratta della cura dei vostri capelli. Su un territorio di 2 km2, infatti, ci sono decine di parrucchieri e barbieri per donne, uomini e bambini. Difficile scegliere il migliore. Non li abbiamo provati per voi, ma abbiamo dato un&#8217;occhiata a quelli meglio classificati su Google. Per completare la lista, non esaustiva, abbiamo chiesto ai nostri lettori di condividere i loro parrucchieri di fiducia.<\/p>\n\n\n\n<h2 class=\"wp-block-heading\" id=\"h-laura-monaco\">Laura Monaco <\/h2>\n\n\n\n<p>Il primo tra tutti \u00e8 Laura Monaco, nel quartiere della Condamine. Con <strong>5\/5 stelle<\/strong> e 44 recensioni al momento della redazione di questo articolo, possiamo affermare che Laura Monaco sia pi\u00f9 che approvato. Il salone offre servizi in linea coi tempi, come il French Glossing, per ottenere una colorazione graduale con base perfetta e lunghezze luminose e leggere. Oltre alla qualit\u00e0 dei servizi, le clienti apprezzano l&#8217;accoglienza calorosa, la pulizia e l&#8217;arredamento.<\/p>\n\n\n\n<figure class=\"wp-block-image size-large\"><img loading=\"lazy\" decoding=\"async\" width=\"1024\" height=\"757\" src=\"https:\/\/www.monaco-tribune.com\/wp-content\/uploads\/2024\/02\/carlo-salon-laura-beaute-et-soin-commercant-4-1024x757.jpg\" alt=\"\" class=\"wp-image-214787\" srcset=\"https:\/\/www.monaco-tribune.com\/wp-content\/uploads\/2024\/02\/carlo-salon-laura-beaute-et-soin-commercant-4-1024x757.jpg 1024w, https:\/\/www.monaco-tribune.com\/wp-content\/uploads\/2024\/02\/carlo-salon-laura-beaute-et-soin-commercant-4-406x300.jpg 406w, https:\/\/www.monaco-tribune.com\/wp-content\/uploads\/2024\/02\/carlo-salon-laura-beaute-et-soin-commercant-4.jpg 1200w\" sizes=\"auto, (max-width: 1024px) 100vw, 1024px\" \/><\/figure>\n\n\n\n<p class=\"has-text-align-center\"><em>\u00a9 Laura Monaco<\/em><\/p>\n\n\n\n<ul class=\"wp-block-list\">\n<li>2 Rue Imberty, 98000 Monaco<\/li>\n\n\n\n<li>Uomo, donna e bambino<\/li>\n\n\n\n<li>Preferibilmente su appuntamento<\/li>\n\n\n\n<li>Compatibile con l&#8217;app Carlo<\/li>\n<\/ul>\n\n\n\n<h2 class=\"wp-block-heading\" id=\"h-salon-odyssee\">Salon Odyss\u00e9e <\/h2>\n\n\n\n<p>Al secondo posto c&#8217;\u00e8 il Salon Odyss\u00e9e, sempre nel quartiere della Condamine. Con un voto di <strong>4,6\/5<\/strong> stelle e 112 recensioni, questo parrucchiere ha aperto a Monaco 30 anni fa ed \u00e8 tra i migliori del Principato. Oltre ai classici trattamenti, come il balayage e il brushing, offre anche l&#8217;applicazione di extension e tutta una serie di servizi legati alla bellezza di mani, piedi e sopracciglia. Le clienti sottolineano la qualit\u00e0 dei prodotti utilizzati e la cordialit\u00e0 dello staff. &#8220;Il personale del salone \u00e8 molto attento e si prende cura dei clienti&#8221;, ha commentato Veronica.<\/p>\n\n\n<div class=\"wp-block-image\">\n<figure class=\"aligncenter size-full is-resized\"><img loading=\"lazy\" decoding=\"async\" width=\"828\" height=\"517\" src=\"https:\/\/www.monaco-tribune.com\/wp-content\/uploads\/2024\/02\/odyssee-coiffure.jpg\" alt=\"\" class=\"wp-image-214795\" style=\"width:1015px;height:auto\" srcset=\"https:\/\/www.monaco-tribune.com\/wp-content\/uploads\/2024\/02\/odyssee-coiffure.jpg 828w, https:\/\/www.monaco-tribune.com\/wp-content\/uploads\/2024\/02\/odyssee-coiffure-480x300.jpg 480w\" sizes=\"auto, (max-width: 828px) 100vw, 828px\" \/><\/figure>\n<\/div>\n\n\n<ul class=\"wp-block-list\">\n<li>15 Rue Princesse Caroline<\/li>\n\n\n\n<li>Uomo, donna e bambino<\/li>\n\n\n\n<li>Preferibilmente su appuntamento<\/li>\n\n\n\n<li>Compatibile con l&#8217;app Carlo<\/li>\n<\/ul>\n\n\n\n<h2 class=\"wp-block-heading\" id=\"h-le-salon\">Le Salon <\/h2>\n\n\n\n<p>Restiamo sempre nel quartiere della Condamine, con il salone di St\u00e9phane Madinier. Dopo l&#8217;apertura nel 2008, questo hair stylist ha saputo subito farsi spazio a Monaco. Nel 2011, ha anche avuto l&#8217;onore di mettere la sua esperienza al servizio della Principessa Charl\u00e8ne, in occasione del matrimonio con il Principe Alberto II. In generale, la clientela del salone apprezza i consigli dei professionisti in base alla forma del viso e alla personalit\u00e0. Per quanto riguarda il budget, &#8220;il rapporto qualit\u00e0\/prezzo \u00e8 giusto&#8221;, ha dichiarato un utente. Su Google, il salone ha un punteggio di <strong>4,8\/5<\/strong> con 36 recensioni.<\/p>\n\n\n<div class=\"wp-block-image\">\n<figure class=\"aligncenter size-full\"><img loading=\"lazy\" decoding=\"async\" width=\"1024\" height=\"683\" src=\"https:\/\/www.monaco-tribune.com\/wp-content\/uploads\/2024\/02\/le-salon-photo.jpg\" alt=\"\" class=\"wp-image-214783\" srcset=\"https:\/\/www.monaco-tribune.com\/wp-content\/uploads\/2024\/02\/le-salon-photo.jpg 1024w, https:\/\/www.monaco-tribune.com\/wp-content\/uploads\/2024\/02\/le-salon-photo-450x300.jpg 450w\" sizes=\"auto, (max-width: 1024px) 100vw, 1024px\" \/><\/figure>\n<\/div>\n\n\n<p class=\"has-text-align-center\"><em>\u00a9 Le Salon<\/em><\/p>\n\n\n\n<ul class=\"wp-block-list\">\n<li>31 Rue Grimaldi <\/li>\n\n\n\n<li>Uomo, donna e bambino<\/li>\n\n\n\n<li>Preferibilmente su appuntamento<\/li>\n\n\n\n<li>Compatibile con l&#8217;app Carlo<\/li>\n<\/ul>\n\n\n\n<h2 class=\"wp-block-heading\" id=\"h-larry-king\">Larry king <\/h2>\n\n\n\n<p>Con <strong>5\/5<\/strong> e una ventina di recensioni, l&#8217;elegante salone attaccato all&#8217;Hotel de Paris si trova nel Carr\u00e9 d&#8217;Or, proprio accanto al negozio Balenciaga. &#8220;Il trattamento tokio inkarami \u00e8 fantastico&#8221;, consiglia Giulia. Tra tagli, brushing e colore, la clientela definisce i servizi offerti impeccabili. &#8220;\u00c8 incredibile&#8221;, ha commentato uno di loro. Anche l&#8217;accoglienza e il contesto sono particolarmente apprezzati. Per la cronaca, l&#8217;anno scorso Larry King ha acconciato l&#8217;attore Tom Holland a Monaco, oltre che, come dimostra il suo account Instagram, una serie di altre celebrit\u00e0.<\/p>\n\n\n<blockquote class=\"instagram-media\" data-instgrm-captioned data-instgrm-permalink=\"https:\/\/www.instagram.com\/p\/Cs0sSB7Nm1y\/?utm_source=ig_embed&amp;utm_campaign=loading\" data-instgrm-version=\"14\" style=\" background:#FFF; border:0; border-radius:3px; box-shadow:0 0 1px 0 rgba(0,0,0,0.5),0 1px 10px 0 rgba(0,0,0,0.15); margin: 1px; max-width:540px; min-width:326px; padding:0; width:99.375%; width:-webkit-calc(100% - 2px); width:calc(100% - 2px);\">\n<div style=\"padding:16px;\"> <a href=\"https:\/\/www.instagram.com\/p\/Cs0sSB7Nm1y\/?utm_source=ig_embed&amp;utm_campaign=loading\" style=\" background:#FFFFFF; line-height:0; padding:0 0; text-align:center; text-decoration:none; width:100%;\" target=\"_blank\" rel=\"noopener\"> <\/p>\n<div style=\" display: flex; flex-direction: row; align-items: center;\">\n<div style=\"background-color: #F4F4F4; border-radius: 50%; flex-grow: 0; height: 40px; margin-right: 14px; width: 40px;\"><\/div>\n<div style=\"display: flex; flex-direction: column; flex-grow: 1; justify-content: center;\">\n<div style=\" background-color: #F4F4F4; border-radius: 4px; flex-grow: 0; height: 14px; margin-bottom: 6px; width: 100px;\"><\/div>\n<div style=\" background-color: #F4F4F4; border-radius: 4px; flex-grow: 0; height: 14px; width: 60px;\"><\/div>\n<\/div>\n<\/div>\n<div style=\"padding: 19% 0;\"><\/div>\n<div style=\"display:block; height:50px; margin:0 auto 12px; width:50px;\"><svg width=\"50px\" height=\"50px\" viewBox=\"0 0 60 60\" version=\"1.1\" xmlns=\"https:\/\/www.w3.org\/2000\/svg\" xmlns:xlink=\"https:\/\/www.w3.org\/1999\/xlink\"><g stroke=\"none\" stroke-width=\"1\" fill=\"none\" fill-rule=\"evenodd\"><g transform=\"translate(-511.000000, -20.000000)\" fill=\"#000000\"><g><path d=\"M556.869,30.41 C554.814,30.41 553.148,32.076 553.148,34.131 C553.148,36.186 554.814,37.852 556.869,37.852 C558.924,37.852 560.59,36.186 560.59,34.131 C560.59,32.076 558.924,30.41 556.869,30.41 M541,60.657 C535.114,60.657 530.342,55.887 530.342,50 C530.342,44.114 535.114,39.342 541,39.342 C546.887,39.342 551.658,44.114 551.658,50 C551.658,55.887 546.887,60.657 541,60.657 M541,33.886 C532.1,33.886 524.886,41.1 524.886,50 C524.886,58.899 532.1,66.113 541,66.113 C549.9,66.113 557.115,58.899 557.115,50 C557.115,41.1 549.9,33.886 541,33.886 M565.378,62.101 C565.244,65.022 564.756,66.606 564.346,67.663 C563.803,69.06 563.154,70.057 562.106,71.106 C561.058,72.155 560.06,72.803 558.662,73.347 C557.607,73.757 556.021,74.244 553.102,74.378 C549.944,74.521 548.997,74.552 541,74.552 C533.003,74.552 532.056,74.521 528.898,74.378 C525.979,74.244 524.393,73.757 523.338,73.347 C521.94,72.803 520.942,72.155 519.894,71.106 C518.846,70.057 518.197,69.06 517.654,67.663 C517.244,66.606 516.755,65.022 516.623,62.101 C516.479,58.943 516.448,57.996 516.448,50 C516.448,42.003 516.479,41.056 516.623,37.899 C516.755,34.978 517.244,33.391 517.654,32.338 C518.197,30.938 518.846,29.942 519.894,28.894 C520.942,27.846 521.94,27.196 523.338,26.654 C524.393,26.244 525.979,25.756 528.898,25.623 C532.057,25.479 533.004,25.448 541,25.448 C548.997,25.448 549.943,25.479 553.102,25.623 C556.021,25.756 557.607,26.244 558.662,26.654 C560.06,27.196 561.058,27.846 562.106,28.894 C563.154,29.942 563.803,30.938 564.346,32.338 C564.756,33.391 565.244,34.978 565.378,37.899 C565.522,41.056 565.552,42.003 565.552,50 C565.552,57.996 565.522,58.943 565.378,62.101 M570.82,37.631 C570.674,34.438 570.167,32.258 569.425,30.349 C568.659,28.377 567.633,26.702 565.965,25.035 C564.297,23.368 562.623,22.342 560.652,21.575 C558.743,20.834 556.562,20.326 553.369,20.18 C550.169,20.033 549.148,20 541,20 C532.853,20 531.831,20.033 528.631,20.18 C525.438,20.326 523.257,20.834 521.349,21.575 C519.376,22.342 517.703,23.368 516.035,25.035 C514.368,26.702 513.342,28.377 512.574,30.349 C511.834,32.258 511.326,34.438 511.181,37.631 C511.035,40.831 511,41.851 511,50 C511,58.147 511.035,59.17 511.181,62.369 C511.326,65.562 511.834,67.743 512.574,69.651 C513.342,71.625 514.368,73.296 516.035,74.965 C517.703,76.634 519.376,77.658 521.349,78.425 C523.257,79.167 525.438,79.673 528.631,79.82 C531.831,79.965 532.853,80.001 541,80.001 C549.148,80.001 550.169,79.965 553.369,79.82 C556.562,79.673 558.743,79.167 560.652,78.425 C562.623,77.658 564.297,76.634 565.965,74.965 C567.633,73.296 568.659,71.625 569.425,69.651 C570.167,67.743 570.674,65.562 570.82,62.369 C570.966,59.17 571,58.147 571,50 C571,41.851 570.966,40.831 570.82,37.631\"><\/path><\/g><\/g><\/g><\/svg><\/div>\n<div style=\"padding-top: 8px;\">\n<div style=\" color:#3897f0; font-family:Arial,sans-serif; font-size:14px; font-style:normal; font-weight:550; line-height:18px;\">Voir cette publication sur Instagram<\/div>\n<\/div>\n<div style=\"padding: 12.5% 0;\"><\/div>\n<div style=\"display: flex; flex-direction: row; margin-bottom: 14px; align-items: center;\">\n<div>\n<div style=\"background-color: #F4F4F4; border-radius: 50%; height: 12.5px; width: 12.5px; transform: translateX(0px) translateY(7px);\"><\/div>\n<div style=\"background-color: #F4F4F4; height: 12.5px; transform: rotate(-45deg) translateX(3px) translateY(1px); width: 12.5px; flex-grow: 0; margin-right: 14px; margin-left: 2px;\"><\/div>\n<div style=\"background-color: #F4F4F4; border-radius: 50%; height: 12.5px; width: 12.5px; transform: translateX(9px) translateY(-18px);\"><\/div>\n<\/div>\n<div style=\"margin-left: 8px;\">\n<div style=\" background-color: #F4F4F4; border-radius: 50%; flex-grow: 0; height: 20px; width: 20px;\"><\/div>\n<div style=\" width: 0; height: 0; border-top: 2px solid transparent; border-left: 6px solid #f4f4f4; border-bottom: 2px solid transparent; transform: translateX(16px) translateY(-4px) rotate(30deg)\"><\/div>\n<\/div>\n<div style=\"margin-left: auto;\">\n<div style=\" width: 0px; border-top: 8px solid #F4F4F4; border-right: 8px solid transparent; transform: translateY(16px);\"><\/div>\n<div style=\" background-color: #F4F4F4; flex-grow: 0; height: 12px; width: 16px; transform: translateY(-4px);\"><\/div>\n<div style=\" width: 0; height: 0; border-top: 8px solid #F4F4F4; border-left: 8px solid transparent; transform: translateY(-4px) translateX(8px);\"><\/div>\n<\/div>\n<\/div>\n<div style=\"display: flex; flex-direction: column; flex-grow: 1; justify-content: center; margin-bottom: 24px;\">\n<div style=\" background-color: #F4F4F4; border-radius: 4px; flex-grow: 0; height: 14px; margin-bottom: 6px; width: 224px;\"><\/div>\n<div style=\" background-color: #F4F4F4; border-radius: 4px; flex-grow: 0; height: 14px; width: 144px;\"><\/div>\n<\/div>\n<p><\/a><\/p>\n<p style=\" color:#c9c8cd; font-family:Arial,sans-serif; font-size:14px; line-height:17px; margin-bottom:0; margin-top:8px; overflow:hidden; padding:8px 0 7px; text-align:center; text-overflow:ellipsis; white-space:nowrap;\"><a href=\"https:\/\/www.instagram.com\/p\/Cs0sSB7Nm1y\/?utm_source=ig_embed&amp;utm_campaign=loading\" style=\" color:#c9c8cd; font-family:Arial,sans-serif; font-size:14px; font-style:normal; font-weight:normal; line-height:17px; text-decoration:none;\" target=\"_blank\" rel=\"noopener\">Une publication partag\u00e9e par Larry King (@larrykinghair)<\/a><\/p>\n<\/div>\n<\/blockquote>\n<p> <script async src=\"\/\/www.instagram.com\/embed.js\"><\/script><\/p>\n\n\n\n<ul class=\"wp-block-list\">\n<li>9 avenue Princesse Alice<\/li>\n\n\n\n<li>Uomo, donna e bambino<\/li>\n\n\n\n<li>Preferibilmente su appuntamento<\/li>\n\n\n\n<li>Compatibile con l&#8217;app Carlo<\/li>\n<\/ul>\n\n\n\n<h2 class=\"wp-block-heading\" id=\"h-aldo-coppola-monte-carlo\">Aldo Coppola Monte-Carlo<\/h2>\n\n\n\n<p>Con un punteggio di <strong>4,6\/5<\/strong> e 49 recensioni, la clientela \u00e8 unanime. &#8220;Impeccabile sotto tutti i punti di vista&#8230; Servizio davvero professionale con un ottimo approccio, non invadente e molto piacevole&#8221;, ha detto Alina, entusiasta del metodo e delle capacit\u00e0 di questi professionisti formati all&#8217;Accademia di Milano. &#8220;Per lavare i capelli ti fanno sedere su una poltrona massaggiante e, insieme al massaggio alla testa, \u00e8 tutto molto rilassante&#8221;, ha detto Martina. Il salone offre diversi servizi legati alla bellezza, come manicure, pedicure, make up e barber shop.<\/p>\n\n\n<div class=\"wp-block-image\">\n<figure class=\"aligncenter size-full is-resized\"><img loading=\"lazy\" decoding=\"async\" width=\"1200\" height=\"800\" src=\"https:\/\/www.monaco-tribune.com\/wp-content\/uploads\/2024\/02\/aldo-coppola.jpg\" alt=\"\" class=\"wp-image-214779\" style=\"width:969px;height:auto\" srcset=\"https:\/\/www.monaco-tribune.com\/wp-content\/uploads\/2024\/02\/aldo-coppola.jpg 1200w, https:\/\/www.monaco-tribune.com\/wp-content\/uploads\/2024\/02\/aldo-coppola-450x300.jpg 450w, https:\/\/www.monaco-tribune.com\/wp-content\/uploads\/2024\/02\/aldo-coppola-1024x683.jpg 1024w\" sizes=\"auto, (max-width: 1200px) 100vw, 1200px\" \/><\/figure>\n<\/div>\n\n\n<p class=\"has-text-align-center\"><em>\u00a9 Aldo Coppola<\/em><\/p>\n\n\n\n<ul class=\"wp-block-list\">\n<li>3 Avenue Saint-Michel<\/li>\n\n\n\n<li>Uomo, donna e bambino<\/li>\n\n\n\n<li>Preferibilmente su appuntamento<\/li>\n<\/ul>\n\n\n\n<h2 class=\"wp-block-heading\" id=\"h-glam-monte-carlo\">Glam Monte Carlo<\/h2>\n\n\n\n<p>Su Google, i giudizi sono quasi unanimi. Con un punteggio di 5\/5, Glam Monte-Carlo, il salone di Fairmont, eccelle sia nei trattamenti di parrucchieria che in quelli di bellezza. Ferielle sottolinea il &#8220;buon rapporto qualit\u00e0-prezzo&#8221; e afferma che &#8220;le estetiste sono molto professionali e gentili&#8221;. Oltre ai servizi standard da parrucchiere, il salone offre servizi di lusso come l&#8217;airtouch e i trattamenti alla cheratina. \u00c8 possibile anche farsi belle a domicilio, in hotel e persino sullo yacht.<\/p>\n\n\n\n<blockquote class=\"instagram-media\" data-instgrm-permalink=\"https:\/\/www.instagram.com\/reel\/C2iEe01IHhM\/?utm_source=ig_embed&#038;utm_campaign=loading\" data-instgrm-version=\"14\" style=\" background:#FFF; border:0; border-radius:3px; box-shadow:0 0 1px 0 rgba(0,0,0,0.5),0 1px 10px 0 rgba(0,0,0,0.15); margin: 1px; max-width:540px; min-width:326px; padding:0; width:99.375%; width:-webkit-calc(100% - 2px); width:calc(100% - 2px);\"><div style=\"padding:16px;\"> <a href=\"https:\/\/www.instagram.com\/reel\/C2iEe01IHhM\/?utm_source=ig_embed&#038;utm_campaign=loading\" style=\" background:#FFFFFF; line-height:0; padding:0 0; text-align:center; text-decoration:none; width:100%;\" target=\"_blank\" rel=\"noopener\"> <div style=\" display: flex; flex-direction: row; align-items: center;\"> <div style=\"background-color: #F4F4F4; border-radius: 50%; flex-grow: 0; height: 40px; margin-right: 14px; width: 40px;\"><\/div> <div style=\"display: flex; flex-direction: column; flex-grow: 1; justify-content: center;\"> <div style=\" background-color: #F4F4F4; border-radius: 4px; flex-grow: 0; height: 14px; margin-bottom: 6px; width: 100px;\"><\/div> <div style=\" background-color: #F4F4F4; border-radius: 4px; flex-grow: 0; height: 14px; width: 60px;\"><\/div><\/div><\/div><div style=\"padding: 19% 0;\"><\/div> <div style=\"display:block; height:50px; margin:0 auto 12px; width:50px;\"><svg width=\"50px\" height=\"50px\" viewbox=\"0 0 60 60\" version=\"1.1\" xmlns=\"https:\/\/www.w3.org\/2000\/svg\" xmlns:xlink=\"https:\/\/www.w3.org\/1999\/xlink\"><g stroke=\"none\" stroke-width=\"1\" fill=\"none\" fill-rule=\"evenodd\"><g transform=\"translate(-511.000000, -20.000000)\" fill=\"#000000\"><g><path d=\"M556.869,30.41 C554.814,30.41 553.148,32.076 553.148,34.131 C553.148,36.186 554.814,37.852 556.869,37.852 C558.924,37.852 560.59,36.186 560.59,34.131 C560.59,32.076 558.924,30.41 556.869,30.41 M541,60.657 C535.114,60.657 530.342,55.887 530.342,50 C530.342,44.114 535.114,39.342 541,39.342 C546.887,39.342 551.658,44.114 551.658,50 C551.658,55.887 546.887,60.657 541,60.657 M541,33.886 C532.1,33.886 524.886,41.1 524.886,50 C524.886,58.899 532.1,66.113 541,66.113 C549.9,66.113 557.115,58.899 557.115,50 C557.115,41.1 549.9,33.886 541,33.886 M565.378,62.101 C565.244,65.022 564.756,66.606 564.346,67.663 C563.803,69.06 563.154,70.057 562.106,71.106 C561.058,72.155 560.06,72.803 558.662,73.347 C557.607,73.757 556.021,74.244 553.102,74.378 C549.944,74.521 548.997,74.552 541,74.552 C533.003,74.552 532.056,74.521 528.898,74.378 C525.979,74.244 524.393,73.757 523.338,73.347 C521.94,72.803 520.942,72.155 519.894,71.106 C518.846,70.057 518.197,69.06 517.654,67.663 C517.244,66.606 516.755,65.022 516.623,62.101 C516.479,58.943 516.448,57.996 516.448,50 C516.448,42.003 516.479,41.056 516.623,37.899 C516.755,34.978 517.244,33.391 517.654,32.338 C518.197,30.938 518.846,29.942 519.894,28.894 C520.942,27.846 521.94,27.196 523.338,26.654 C524.393,26.244 525.979,25.756 528.898,25.623 C532.057,25.479 533.004,25.448 541,25.448 C548.997,25.448 549.943,25.479 553.102,25.623 C556.021,25.756 557.607,26.244 558.662,26.654 C560.06,27.196 561.058,27.846 562.106,28.894 C563.154,29.942 563.803,30.938 564.346,32.338 C564.756,33.391 565.244,34.978 565.378,37.899 C565.522,41.056 565.552,42.003 565.552,50 C565.552,57.996 565.522,58.943 565.378,62.101 M570.82,37.631 C570.674,34.438 570.167,32.258 569.425,30.349 C568.659,28.377 567.633,26.702 565.965,25.035 C564.297,23.368 562.623,22.342 560.652,21.575 C558.743,20.834 556.562,20.326 553.369,20.18 C550.169,20.033 549.148,20 541,20 C532.853,20 531.831,20.033 528.631,20.18 C525.438,20.326 523.257,20.834 521.349,21.575 C519.376,22.342 517.703,23.368 516.035,25.035 C514.368,26.702 513.342,28.377 512.574,30.349 C511.834,32.258 511.326,34.438 511.181,37.631 C511.035,40.831 511,41.851 511,50 C511,58.147 511.035,59.17 511.181,62.369 C511.326,65.562 511.834,67.743 512.574,69.651 C513.342,71.625 514.368,73.296 516.035,74.965 C517.703,76.634 519.376,77.658 521.349,78.425 C523.257,79.167 525.438,79.673 528.631,79.82 C531.831,79.965 532.853,80.001 541,80.001 C549.148,80.001 550.169,79.965 553.369,79.82 C556.562,79.673 558.743,79.167 560.652,78.425 C562.623,77.658 564.297,76.634 565.965,74.965 C567.633,73.296 568.659,71.625 569.425,69.651 C570.167,67.743 570.674,65.562 570.82,62.369 C570.966,59.17 571,58.147 571,50 C571,41.851 570.966,40.831 570.82,37.631\"><\/path><\/g><\/g><\/g><\/svg><\/div><div style=\"padding-top: 8px;\"> <div style=\" color:#3897f0; font-family:Arial,sans-serif; font-size:14px; font-style:normal; font-weight:550; line-height:18px;\">Voir cette publication sur Instagram<\/div><\/div><div style=\"padding: 12.5% 0;\"><\/div> <div style=\"display: flex; flex-direction: row; margin-bottom: 14px; align-items: center;\"><div> <div style=\"background-color: #F4F4F4; border-radius: 50%; height: 12.5px; width: 12.5px; transform: translateX(0px) translateY(7px);\"><\/div> <div style=\"background-color: #F4F4F4; height: 12.5px; transform: rotate(-45deg) translateX(3px) translateY(1px); width: 12.5px; flex-grow: 0; margin-right: 14px; margin-left: 2px;\"><\/div> <div style=\"background-color: #F4F4F4; border-radius: 50%; height: 12.5px; width: 12.5px; transform: translateX(9px) translateY(-18px);\"><\/div><\/div><div style=\"margin-left: 8px;\"> <div style=\" background-color: #F4F4F4; border-radius: 50%; flex-grow: 0; height: 20px; width: 20px;\"><\/div> <div style=\" width: 0; height: 0; border-top: 2px solid transparent; border-left: 6px solid #f4f4f4; border-bottom: 2px solid transparent; transform: translateX(16px) translateY(-4px) rotate(30deg)\"><\/div><\/div><div style=\"margin-left: auto;\"> <div style=\" width: 0px; border-top: 8px solid #F4F4F4; border-right: 8px solid transparent; transform: translateY(16px);\"><\/div> <div style=\" background-color: #F4F4F4; flex-grow: 0; height: 12px; width: 16px; transform: translateY(-4px);\"><\/div> <div style=\" width: 0; height: 0; border-top: 8px solid #F4F4F4; border-left: 8px solid transparent; transform: translateY(-4px) translateX(8px);\"><\/div><\/div><\/div> <div style=\"display: flex; flex-direction: column; flex-grow: 1; justify-content: center; margin-bottom: 24px;\"> <div style=\" background-color: #F4F4F4; border-radius: 4px; flex-grow: 0; height: 14px; margin-bottom: 6px; width: 224px;\"><\/div> <div style=\" background-color: #F4F4F4; border-radius: 4px; flex-grow: 0; height: 14px; width: 144px;\"><\/div><\/div><\/a><p style=\" color:#c9c8cd; font-family:Arial,sans-serif; font-size:14px; line-height:17px; margin-bottom:0; margin-top:8px; overflow:hidden; padding:8px 0 7px; text-align:center; text-overflow:ellipsis; white-space:nowrap;\"><a href=\"https:\/\/www.instagram.com\/reel\/C2iEe01IHhM\/?utm_source=ig_embed&#038;utm_campaign=loading\" style=\" color:#c9c8cd; font-family:Arial,sans-serif; font-size:14px; font-style:normal; font-weight:normal; line-height:17px; text-decoration:none;\" target=\"_blank\" rel=\"noopener\">Une publication partag\u00e9e par MONACO BEAUTY SALON \u2022 HAIR \u2022 NAILS \u2022 LASHES \u2022 MAKEUP (@glam_monte_carlo_)<\/a><\/p><\/div><\/blockquote> <script async=\"\" src=\"\/\/www.instagram.com\/embed.js\"><\/script>\n\n\n\n<ul class=\"wp-block-list\">\n<li>12 Avenue des Sp\u00e9lugues, 98000 Monaco al Fairmont H\u00f4tel e al 15 Boulevard de la R\u00e9publique, 06240 Beausoleil<\/li>\n\n\n\n<li>Donna, uomo e bambino<\/li>\n<\/ul>\n\n\n\n<p>In un sondaggio lanciato sui social, i nostri lettori ci hanno anche consigliato: <strong>Alan Teffler&nbsp;<\/strong>nel Centro commerciale di Fontvieille, <strong>VOG<\/strong> sul boulevard Princesse Charlotte, <strong>Dry bar Monaco<\/strong> nel quartiere del Larvovtto, <strong>Art coiffure <\/strong>in avenue Saint-Laurent, <strong>Estoril Coiffure<\/strong> in avenue Princesse Grace, <strong>Harmony coiffure<\/strong> sul boulevard du Jardin Exotique, <strong>Salon Faudra Tif Hair<\/strong> nel quartiere della Condamine, <strong>Valycris<\/strong> nel quartiere della Condamine, <strong>Barbara coiffure<\/strong> su quai Antoine-1er, <strong>Tita Coiffure<\/strong> a Monaco-Ville, <strong>Eric Zemmour<\/strong> su boulevard des Moulins, <strong>No Comment<\/strong> in rue Grimaldi, <strong>Calypso Coiffure<\/strong> su boulevard d&#8217;Italie, <strong>New Look<\/strong> in avenue Prince Pierre, <strong>Faudra Tif Hair<\/strong> in rue Baron de Sainte-Suzanne, <strong>Stori&#8217;s<\/strong> al Metropole Shopping Center, <strong>Real Coiffure<\/strong> in avenue de la Costa, <strong>One Love caf\u00e9<\/strong> di fronte al Lyc\u00e9e Rainier III e <strong>Le quai 28<\/strong> nel quartiere di Fontvieille.<\/p>\n","protected":false},"excerpt":{"rendered":"<p>Abbiamo raccolto le opinioni degli utenti Google e quelle dei nostri lettori. Non lasciatevi scoraggiare dalle dimensioni del Principato quando [&hellip;]<\/p>\n","protected":false},"author":69,"featured_media":214793,"comment_status":"closed","ping_status":"closed","sticky":false,"template":"","format":"standard","meta":{"_acf_changed":false,"footnotes":""},"categories":[1826,2433,1738],"tags":[3929],"post_sectags":[],"post_format":[2477],"class_list":["post-215475","post","type-post","status-publish","format-standard","has-post-thumbnail","hentry","category-la-nostra-scelta","category-le-vostre-opinioni","category-notizie","tag-moda","format-info-pratiche"],"acf":[],"yoast_head":"<!-- This site is optimized with the Yoast SEO Premium plugin v26.8 (Yoast SEO v27.4) - https:\/\/yoast.com\/product\/yoast-seo-premium-wordpress\/ -->\n<title>Quali sono i migliori parrucchieri di Monaco?<\/title>\n<meta name=\"description\" content=\"Abbiamo raccolto le opinioni degli utenti Google e quelle dei nostri lettori. Non lasciatevi scoraggiare dalle dimensioni del Principato quando si tratta\" \/>\n<meta name=\"robots\" content=\"index, follow, max-snippet:-1, max-image-preview:large, max-video-preview:-1\" \/>\n<link rel=\"canonical\" href=\"https:\/\/www.monaco-tribune.com\/it\/2024\/02\/quali-sono-i-migliori-parrucchieri-di-monaco\/\" \/>\n<meta property=\"og:locale\" content=\"it_IT\" \/>\n<meta property=\"og:type\" content=\"article\" \/>\n<meta property=\"og:title\" content=\"Quali sono i migliori parrucchieri di Monaco? - Monaco Tribune\" \/>\n<meta property=\"og:description\" content=\"Abbiamo raccolto le opinioni degli utenti Google e quelle dei nostri lettori. Non lasciatevi scoraggiare dalle dimensioni del Principato quando si tratta\" \/>\n<meta property=\"og:url\" content=\"https:\/\/www.monaco-tribune.com\/it\/2024\/02\/quali-sono-i-migliori-parrucchieri-di-monaco\/\" \/>\n<meta property=\"og:site_name\" content=\"Monaco Tribune\" \/>\n<meta property=\"article:publisher\" content=\"https:\/\/www.facebook.com\/MonacoTribune\" \/>\n<meta property=\"article:published_time\" content=\"2024-02-05T16:29:13+00:00\" \/>\n<meta property=\"article:modified_time\" content=\"2024-02-28T10:04:22+00:00\" \/>\n<meta property=\"og:image\" content=\"https:\/\/www.monaco-tribune.com\/wp-content\/uploads\/2024\/02\/storis_montecarlo.jpg\" \/>\n\t<meta property=\"og:image:width\" content=\"1200\" \/>\n\t<meta property=\"og:image:height\" content=\"800\" \/>\n\t<meta property=\"og:image:type\" content=\"image\/jpeg\" \/>\n<meta name=\"author\" content=\"Sarah Incari\" \/>\n<meta name=\"twitter:card\" content=\"summary_large_image\" \/>\n<meta name=\"twitter:creator\" content=\"@MonacoTribune\" \/>\n<meta name=\"twitter:site\" content=\"@MonacoTribune\" \/>\n<script type=\"application\/ld+json\" class=\"yoast-schema-graph\">{\"@context\":\"https:\\\/\\\/schema.org\",\"@graph\":[{\"@type\":\"NewsArticle\",\"@id\":\"https:\\\/\\\/www.monaco-tribune.com\\\/it\\\/2024\\\/02\\\/quali-sono-i-migliori-parrucchieri-di-monaco\\\/#article\",\"isPartOf\":{\"@id\":\"https:\\\/\\\/www.monaco-tribune.com\\\/it\\\/2024\\\/02\\\/quali-sono-i-migliori-parrucchieri-di-monaco\\\/\"},\"author\":{\"name\":\"Sarah Incari\",\"@id\":\"https:\\\/\\\/www.monaco-tribune.com\\\/it\\\/#\\\/schema\\\/person\\\/dd3b5770833f791d3f4d808f1aa84499\"},\"headline\":\"Quali sono i migliori parrucchieri di Monaco?\",\"datePublished\":\"2024-02-05T16:29:13+00:00\",\"dateModified\":\"2024-02-28T10:04:22+00:00\",\"mainEntityOfPage\":{\"@id\":\"https:\\\/\\\/www.monaco-tribune.com\\\/it\\\/2024\\\/02\\\/quali-sono-i-migliori-parrucchieri-di-monaco\\\/\"},\"wordCount\":878,\"publisher\":{\"@id\":\"https:\\\/\\\/www.monaco-tribune.com\\\/it\\\/#organization\"},\"image\":{\"@id\":\"https:\\\/\\\/www.monaco-tribune.com\\\/it\\\/2024\\\/02\\\/quali-sono-i-migliori-parrucchieri-di-monaco\\\/#primaryimage\"},\"thumbnailUrl\":\"https:\\\/\\\/www.monaco-tribune.com\\\/wp-content\\\/uploads\\\/2024\\\/02\\\/storis_montecarlo.jpg\",\"keywords\":[\"Moda\"],\"articleSection\":[\"La nostra scelta\",\"Le vostre opinioni\",\"Notizie\"],\"inLanguage\":\"it-IT\",\"copyrightYear\":\"2024\",\"copyrightHolder\":{\"@id\":\"https:\\\/\\\/www.monaco-tribune.com\\\/#organization\"}},{\"@type\":\"WebPage\",\"@id\":\"https:\\\/\\\/www.monaco-tribune.com\\\/it\\\/2024\\\/02\\\/quali-sono-i-migliori-parrucchieri-di-monaco\\\/\",\"url\":\"https:\\\/\\\/www.monaco-tribune.com\\\/it\\\/2024\\\/02\\\/quali-sono-i-migliori-parrucchieri-di-monaco\\\/\",\"name\":\"Quali sono i migliori parrucchieri di Monaco?\",\"isPartOf\":{\"@id\":\"https:\\\/\\\/www.monaco-tribune.com\\\/it\\\/#website\"},\"primaryImageOfPage\":{\"@id\":\"https:\\\/\\\/www.monaco-tribune.com\\\/it\\\/2024\\\/02\\\/quali-sono-i-migliori-parrucchieri-di-monaco\\\/#primaryimage\"},\"image\":{\"@id\":\"https:\\\/\\\/www.monaco-tribune.com\\\/it\\\/2024\\\/02\\\/quali-sono-i-migliori-parrucchieri-di-monaco\\\/#primaryimage\"},\"thumbnailUrl\":\"https:\\\/\\\/www.monaco-tribune.com\\\/wp-content\\\/uploads\\\/2024\\\/02\\\/storis_montecarlo.jpg\",\"datePublished\":\"2024-02-05T16:29:13+00:00\",\"dateModified\":\"2024-02-28T10:04:22+00:00\",\"description\":\"Abbiamo raccolto le opinioni degli utenti Google e quelle dei nostri lettori. Non lasciatevi scoraggiare dalle dimensioni del Principato quando si tratta\",\"breadcrumb\":{\"@id\":\"https:\\\/\\\/www.monaco-tribune.com\\\/it\\\/2024\\\/02\\\/quali-sono-i-migliori-parrucchieri-di-monaco\\\/#breadcrumb\"},\"inLanguage\":\"it-IT\",\"potentialAction\":[{\"@type\":\"ReadAction\",\"target\":[\"https:\\\/\\\/www.monaco-tribune.com\\\/it\\\/2024\\\/02\\\/quali-sono-i-migliori-parrucchieri-di-monaco\\\/\"]}]},{\"@type\":\"ImageObject\",\"inLanguage\":\"it-IT\",\"@id\":\"https:\\\/\\\/www.monaco-tribune.com\\\/it\\\/2024\\\/02\\\/quali-sono-i-migliori-parrucchieri-di-monaco\\\/#primaryimage\",\"url\":\"https:\\\/\\\/www.monaco-tribune.com\\\/wp-content\\\/uploads\\\/2024\\\/02\\\/storis_montecarlo.jpg\",\"contentUrl\":\"https:\\\/\\\/www.monaco-tribune.com\\\/wp-content\\\/uploads\\\/2024\\\/02\\\/storis_montecarlo.jpg\",\"width\":1200,\"height\":800,\"caption\":\"\u00a9 Stori's\"},{\"@type\":\"BreadcrumbList\",\"@id\":\"https:\\\/\\\/www.monaco-tribune.com\\\/it\\\/2024\\\/02\\\/quali-sono-i-migliori-parrucchieri-di-monaco\\\/#breadcrumb\",\"itemListElement\":[{\"@type\":\"ListItem\",\"position\":1,\"name\":\"Accueil\",\"item\":\"https:\\\/\\\/www.monaco-tribune.com\\\/it\\\/\"},{\"@type\":\"ListItem\",\"position\":2,\"name\":\"Quali sono i migliori parrucchieri di Monaco?\"}]},{\"@type\":\"WebSite\",\"@id\":\"https:\\\/\\\/www.monaco-tribune.com\\\/it\\\/#website\",\"url\":\"https:\\\/\\\/www.monaco-tribune.com\\\/it\\\/\",\"name\":\"Monaco Tribune\",\"description\":\"Monaco : actualit\u00e9s \u00e9conomiques, politiques, culturelles et sportives de Monaco et de la French Riviera.\",\"publisher\":{\"@id\":\"https:\\\/\\\/www.monaco-tribune.com\\\/it\\\/#organization\"},\"potentialAction\":[{\"@type\":\"SearchAction\",\"target\":{\"@type\":\"EntryPoint\",\"urlTemplate\":\"https:\\\/\\\/www.monaco-tribune.com\\\/it\\\/?s={search_term_string}\"},\"query-input\":{\"@type\":\"PropertyValueSpecification\",\"valueRequired\":true,\"valueName\":\"search_term_string\"}}],\"inLanguage\":\"it-IT\"},{\"@type\":\"Organization\",\"@id\":\"https:\\\/\\\/www.monaco-tribune.com\\\/it\\\/#organization\",\"name\":\"Monaco Tribune\",\"url\":\"https:\\\/\\\/www.monaco-tribune.com\\\/it\\\/\",\"logo\":{\"@type\":\"ImageObject\",\"inLanguage\":\"it-IT\",\"@id\":\"https:\\\/\\\/www.monaco-tribune.com\\\/it\\\/#\\\/schema\\\/logo\\\/image\\\/\",\"url\":\"https:\\\/\\\/www.monaco-tribune.com\\\/wp-content\\\/uploads\\\/2022\\\/11\\\/logo-monaco-tribune.png\",\"contentUrl\":\"https:\\\/\\\/www.monaco-tribune.com\\\/wp-content\\\/uploads\\\/2022\\\/11\\\/logo-monaco-tribune.png\",\"width\":1548,\"height\":600,\"caption\":\"Monaco Tribune\"},\"image\":{\"@id\":\"https:\\\/\\\/www.monaco-tribune.com\\\/it\\\/#\\\/schema\\\/logo\\\/image\\\/\"},\"sameAs\":[\"https:\\\/\\\/www.facebook.com\\\/MonacoTribune\",\"https:\\\/\\\/x.com\\\/MonacoTribune\",\"https:\\\/\\\/www.instagram.com\\\/monacotribune\\\/\",\"https:\\\/\\\/www.linkedin.com\\\/company\\\/monaco-tribune\",\"https:\\\/\\\/www.youtube.com\\\/channel\\\/UCHle1MnG6hw1y4lWKijVbMA\"]},{\"@type\":\"Person\",\"@id\":\"https:\\\/\\\/www.monaco-tribune.com\\\/it\\\/#\\\/schema\\\/person\\\/dd3b5770833f791d3f4d808f1aa84499\",\"name\":\"Sarah Incari\",\"image\":{\"@type\":\"ImageObject\",\"inLanguage\":\"it-IT\",\"@id\":\"https:\\\/\\\/secure.gravatar.com\\\/avatar\\\/4ac0b37be892d57107ccdd804e3f2a03bf1e3fca097512136d3603859293cb0e?s=96&d=mm&r=g\",\"url\":\"https:\\\/\\\/secure.gravatar.com\\\/avatar\\\/4ac0b37be892d57107ccdd804e3f2a03bf1e3fca097512136d3603859293cb0e?s=96&d=mm&r=g\",\"contentUrl\":\"https:\\\/\\\/secure.gravatar.com\\\/avatar\\\/4ac0b37be892d57107ccdd804e3f2a03bf1e3fca097512136d3603859293cb0e?s=96&d=mm&r=g\",\"caption\":\"Sarah Incari\"},\"url\":\"https:\\\/\\\/www.monaco-tribune.com\\\/it\\\/author\\\/sarahincari\\\/\"}]}<\/script>\n<!-- \/ Yoast SEO Premium plugin. -->","yoast_head_json":{"title":"Quali sono i migliori parrucchieri di Monaco?","description":"Abbiamo raccolto le opinioni degli utenti Google e quelle dei nostri lettori. Non lasciatevi scoraggiare dalle dimensioni del Principato quando si tratta","robots":{"index":"index","follow":"follow","max-snippet":"max-snippet:-1","max-image-preview":"max-image-preview:large","max-video-preview":"max-video-preview:-1"},"canonical":"https:\/\/www.monaco-tribune.com\/it\/2024\/02\/quali-sono-i-migliori-parrucchieri-di-monaco\/","og_locale":"it_IT","og_type":"article","og_title":"Quali sono i migliori parrucchieri di Monaco? - Monaco Tribune","og_description":"Abbiamo raccolto le opinioni degli utenti Google e quelle dei nostri lettori. Non lasciatevi scoraggiare dalle dimensioni del Principato quando si tratta","og_url":"https:\/\/www.monaco-tribune.com\/it\/2024\/02\/quali-sono-i-migliori-parrucchieri-di-monaco\/","og_site_name":"Monaco Tribune","article_publisher":"https:\/\/www.facebook.com\/MonacoTribune","article_published_time":"2024-02-05T16:29:13+00:00","article_modified_time":"2024-02-28T10:04:22+00:00","og_image":[{"width":1200,"height":800,"url":"https:\/\/www.monaco-tribune.com\/wp-content\/uploads\/2024\/02\/storis_montecarlo.jpg","type":"image\/jpeg"}],"author":"Sarah Incari","twitter_card":"summary_large_image","twitter_creator":"@MonacoTribune","twitter_site":"@MonacoTribune","schema":{"@context":"https:\/\/schema.org","@graph":[{"@type":"NewsArticle","@id":"https:\/\/www.monaco-tribune.com\/it\/2024\/02\/quali-sono-i-migliori-parrucchieri-di-monaco\/#article","isPartOf":{"@id":"https:\/\/www.monaco-tribune.com\/it\/2024\/02\/quali-sono-i-migliori-parrucchieri-di-monaco\/"},"author":{"name":"Sarah Incari","@id":"https:\/\/www.monaco-tribune.com\/it\/#\/schema\/person\/dd3b5770833f791d3f4d808f1aa84499"},"headline":"Quali sono i migliori parrucchieri di Monaco?","datePublished":"2024-02-05T16:29:13+00:00","dateModified":"2024-02-28T10:04:22+00:00","mainEntityOfPage":{"@id":"https:\/\/www.monaco-tribune.com\/it\/2024\/02\/quali-sono-i-migliori-parrucchieri-di-monaco\/"},"wordCount":878,"publisher":{"@id":"https:\/\/www.monaco-tribune.com\/it\/#organization"},"image":{"@id":"https:\/\/www.monaco-tribune.com\/it\/2024\/02\/quali-sono-i-migliori-parrucchieri-di-monaco\/#primaryimage"},"thumbnailUrl":"https:\/\/www.monaco-tribune.com\/wp-content\/uploads\/2024\/02\/storis_montecarlo.jpg","keywords":["Moda"],"articleSection":["La nostra scelta","Le vostre opinioni","Notizie"],"inLanguage":"it-IT","copyrightYear":"2024","copyrightHolder":{"@id":"https:\/\/www.monaco-tribune.com\/#organization"}},{"@type":"WebPage","@id":"https:\/\/www.monaco-tribune.com\/it\/2024\/02\/quali-sono-i-migliori-parrucchieri-di-monaco\/","url":"https:\/\/www.monaco-tribune.com\/it\/2024\/02\/quali-sono-i-migliori-parrucchieri-di-monaco\/","name":"Quali sono i migliori parrucchieri di Monaco?","isPartOf":{"@id":"https:\/\/www.monaco-tribune.com\/it\/#website"},"primaryImageOfPage":{"@id":"https:\/\/www.monaco-tribune.com\/it\/2024\/02\/quali-sono-i-migliori-parrucchieri-di-monaco\/#primaryimage"},"image":{"@id":"https:\/\/www.monaco-tribune.com\/it\/2024\/02\/quali-sono-i-migliori-parrucchieri-di-monaco\/#primaryimage"},"thumbnailUrl":"https:\/\/www.monaco-tribune.com\/wp-content\/uploads\/2024\/02\/storis_montecarlo.jpg","datePublished":"2024-02-05T16:29:13+00:00","dateModified":"2024-02-28T10:04:22+00:00","description":"Abbiamo raccolto le opinioni degli utenti Google e quelle dei nostri lettori. Non lasciatevi scoraggiare dalle dimensioni del Principato quando si tratta","breadcrumb":{"@id":"https:\/\/www.monaco-tribune.com\/it\/2024\/02\/quali-sono-i-migliori-parrucchieri-di-monaco\/#breadcrumb"},"inLanguage":"it-IT","potentialAction":[{"@type":"ReadAction","target":["https:\/\/www.monaco-tribune.com\/it\/2024\/02\/quali-sono-i-migliori-parrucchieri-di-monaco\/"]}]},{"@type":"ImageObject","inLanguage":"it-IT","@id":"https:\/\/www.monaco-tribune.com\/it\/2024\/02\/quali-sono-i-migliori-parrucchieri-di-monaco\/#primaryimage","url":"https:\/\/www.monaco-tribune.com\/wp-content\/uploads\/2024\/02\/storis_montecarlo.jpg","contentUrl":"https:\/\/www.monaco-tribune.com\/wp-content\/uploads\/2024\/02\/storis_montecarlo.jpg","width":1200,"height":800,"caption":"\u00a9 Stori's"},{"@type":"BreadcrumbList","@id":"https:\/\/www.monaco-tribune.com\/it\/2024\/02\/quali-sono-i-migliori-parrucchieri-di-monaco\/#breadcrumb","itemListElement":[{"@type":"ListItem","position":1,"name":"Accueil","item":"https:\/\/www.monaco-tribune.com\/it\/"},{"@type":"ListItem","position":2,"name":"Quali sono i migliori parrucchieri di Monaco?"}]},{"@type":"WebSite","@id":"https:\/\/www.monaco-tribune.com\/it\/#website","url":"https:\/\/www.monaco-tribune.com\/it\/","name":"Monaco Tribune","description":"Monaco : actualit\u00e9s \u00e9conomiques, politiques, culturelles et sportives de Monaco et de la French Riviera.","publisher":{"@id":"https:\/\/www.monaco-tribune.com\/it\/#organization"},"potentialAction":[{"@type":"SearchAction","target":{"@type":"EntryPoint","urlTemplate":"https:\/\/www.monaco-tribune.com\/it\/?s={search_term_string}"},"query-input":{"@type":"PropertyValueSpecification","valueRequired":true,"valueName":"search_term_string"}}],"inLanguage":"it-IT"},{"@type":"Organization","@id":"https:\/\/www.monaco-tribune.com\/it\/#organization","name":"Monaco Tribune","url":"https:\/\/www.monaco-tribune.com\/it\/","logo":{"@type":"ImageObject","inLanguage":"it-IT","@id":"https:\/\/www.monaco-tribune.com\/it\/#\/schema\/logo\/image\/","url":"https:\/\/www.monaco-tribune.com\/wp-content\/uploads\/2022\/11\/logo-monaco-tribune.png","contentUrl":"https:\/\/www.monaco-tribune.com\/wp-content\/uploads\/2022\/11\/logo-monaco-tribune.png","width":1548,"height":600,"caption":"Monaco Tribune"},"image":{"@id":"https:\/\/www.monaco-tribune.com\/it\/#\/schema\/logo\/image\/"},"sameAs":["https:\/\/www.facebook.com\/MonacoTribune","https:\/\/x.com\/MonacoTribune","https:\/\/www.instagram.com\/monacotribune\/","https:\/\/www.linkedin.com\/company\/monaco-tribune","https:\/\/www.youtube.com\/channel\/UCHle1MnG6hw1y4lWKijVbMA"]},{"@type":"Person","@id":"https:\/\/www.monaco-tribune.com\/it\/#\/schema\/person\/dd3b5770833f791d3f4d808f1aa84499","name":"Sarah Incari","image":{"@type":"ImageObject","inLanguage":"it-IT","@id":"https:\/\/secure.gravatar.com\/avatar\/4ac0b37be892d57107ccdd804e3f2a03bf1e3fca097512136d3603859293cb0e?s=96&d=mm&r=g","url":"https:\/\/secure.gravatar.com\/avatar\/4ac0b37be892d57107ccdd804e3f2a03bf1e3fca097512136d3603859293cb0e?s=96&d=mm&r=g","contentUrl":"https:\/\/secure.gravatar.com\/avatar\/4ac0b37be892d57107ccdd804e3f2a03bf1e3fca097512136d3603859293cb0e?s=96&d=mm&r=g","caption":"Sarah Incari"},"url":"https:\/\/www.monaco-tribune.com\/it\/author\/sarahincari\/"}]}},"_links":{"self":[{"href":"https:\/\/www.monaco-tribune.com\/it\/wp-json\/wp\/v2\/posts\/215475","targetHints":{"allow":["GET"]}}],"collection":[{"href":"https:\/\/www.monaco-tribune.com\/it\/wp-json\/wp\/v2\/posts"}],"about":[{"href":"https:\/\/www.monaco-tribune.com\/it\/wp-json\/wp\/v2\/types\/post"}],"author":[{"embeddable":true,"href":"https:\/\/www.monaco-tribune.com\/it\/wp-json\/wp\/v2\/users\/69"}],"replies":[{"embeddable":true,"href":"https:\/\/www.monaco-tribune.com\/it\/wp-json\/wp\/v2\/comments?post=215475"}],"version-history":[{"count":2,"href":"https:\/\/www.monaco-tribune.com\/it\/wp-json\/wp\/v2\/posts\/215475\/revisions"}],"predecessor-version":[{"id":219334,"href":"https:\/\/www.monaco-tribune.com\/it\/wp-json\/wp\/v2\/posts\/215475\/revisions\/219334"}],"wp:featuredmedia":[{"embeddable":true,"href":"https:\/\/www.monaco-tribune.com\/it\/wp-json\/wp\/v2\/media\/214793"}],"wp:attachment":[{"href":"https:\/\/www.monaco-tribune.com\/it\/wp-json\/wp\/v2\/media?parent=215475"}],"wp:term":[{"taxonomy":"category","embeddable":true,"href":"https:\/\/www.monaco-tribune.com\/it\/wp-json\/wp\/v2\/categories?post=215475"},{"taxonomy":"post_tag","embeddable":true,"href":"https:\/\/www.monaco-tribune.com\/it\/wp-json\/wp\/v2\/tags?post=215475"},{"taxonomy":"sectag","embeddable":true,"href":"https:\/\/www.monaco-tribune.com\/it\/wp-json\/wp\/v2\/post_sectags?post=215475"},{"taxonomy":"format","embeddable":true,"href":"https:\/\/www.monaco-tribune.com\/it\/wp-json\/wp\/v2\/post_format?post=215475"}],"curies":[{"name":"wp","href":"https:\/\/api.w.org\/{rel}","templated":true}]}}