{"id":21947,"date":"2020-02-18T17:39:28","date_gmt":"2020-02-18T16:39:28","guid":{"rendered":"https:\/\/www.monaco-tribune.com\/?p=21947"},"modified":"2020-02-18T17:39:28","modified_gmt":"2020-02-18T16:39:28","slug":"il-principe-alberto-ii-di-monaco-ha-raggiunto-labisso-calipso","status":"publish","type":"post","link":"https:\/\/www.monaco-tribune.com\/it\/2020\/02\/il-principe-alberto-ii-di-monaco-ha-raggiunto-labisso-calipso\/","title":{"rendered":"Il Principe Alberto II di Monaco ha raggiunto l&#8217;abisso Calipso"},"content":{"rendered":"<h3>S.A.S. il Principe Alberto II di Monaco si \u00e8 <a href=\"https:\/\/www.fpa2.org\/actualite-7928.html\">recato<\/a> in Grecia, sotto l&#8217;egida delle Esplorazioni di Monaco, il 9 febbraio per unirsi alla squadra della spedizione dell&#8217;Oceano Caladano, guidata dall&#8217;esploratore texano di origini italiane Victor Vescovo. L&#8217;anno scorso \u00e8 stato al timone della spedizione Five Deeps, la prima spedizione al mondo ad immergersi nel punto pi\u00f9 profondo di ciascuno dei cinque oceani.<\/h3>\n<p>&nbsp;<\/p>\n<h3>Il punto pi\u00f9 profondo del Mediterraneo<\/h3>\n<p>A Kalamata, il Sovrano \u00e8 salito a bordo della nave da ricerca DSSV Pressure Drop per scendere nell&#8217;<a title=\"abisso Calipso (Wikipedia)\" href=\"https:\/\/it.wikipedia.org\/wiki\/Abisso_Calipso\">abisso Calipso<\/a>, il punto pi\u00f9 profondo del Mediterraneo, situato a sud-ovest della penisola del Peloponneso. L&#8217;immersione \u00e8 stata effettuata a bordo di un sommergibile progettato e costruito dai sommergibili Triton Submarines chiamato Triton 36000\/2 o DSV Limiting Factor, dotato di un sistema sonar e di altri strumenti che gli permettono di raggiungere il fondo assoluto degli oceani.<\/p>\n<p>Grazie a questo sottomarino, appositamente progettato e certificato per operare a tutte le profondit\u00e0, Victor Vescovo ha realizzato l&#8217;impresa di essere il primo uomo a raggiungere, nel dicembre 2018, il punto pi\u00f9 profondo dell&#8217;Oceano Atlantico: la Fossa di Porto Rico, a -8.376m. Nel 2019 si \u00e8 poi immerso con successo nelle altre grandi trincee oceaniche: la Fossa delle Isole Sandwich del Sud nell&#8217;Oceano Australe (-7.434m), la Fossa di Giava nell&#8217;Oceano Indiano (-7.192m), la Fossa delle Marianne (-10.924m) e la Fossa di Tonga nell&#8217;Oceano Pacifico prima di terminare con un&#8217;immersione nella Fossa di Molloy (-5.550m) nell&#8217;Oceano Artico.<\/p>\n<p>&nbsp;<\/p>\n<p>&nbsp;<\/p>\n\n\t\t<style type=\"text\/css\">\n\t\t\t#gallery-1 {\n\t\t\t\tmargin: auto;\n\t\t\t}\n\t\t\t#gallery-1 .gallery-item {\n\t\t\t\tfloat: left;\n\t\t\t\tmargin-top: 10px;\n\t\t\t\ttext-align: center;\n\t\t\t\twidth: 50%;\n\t\t\t}\n\t\t\t#gallery-1 img {\n\t\t\t\tborder: 2px solid #cfcfcf;\n\t\t\t}\n\t\t\t#gallery-1 .gallery-caption {\n\t\t\t\tmargin-left: 0;\n\t\t\t}\n\t\t\t\/* see gallery_shortcode() in wp-includes\/media.php *\/\n\t\t<\/style>\n\t\t<div id='gallery-1' class='gallery galleryid-21947 gallery-columns-2 gallery-size-thumbnail'><dl class='gallery-item'>\n\t\t\t<dt class='gallery-icon portrait'>\n\t\t\t\t<a href='https:\/\/www.monaco-tribune.com\/it\/2020\/02\/il-principe-alberto-ii-di-monaco-ha-raggiunto-labisso-calipso\/palais-princier-2\/'><img loading=\"lazy\" decoding=\"async\" width=\"72\" height=\"96\" src=\"https:\/\/www.monaco-tribune.com\/wp-content\/uploads\/2020\/02\/palais-princier-2.jpg\" class=\"attachment-thumbnail size-thumbnail\" alt=\"palais princier\" aria-describedby=\"gallery-1-21952\" srcset=\"https:\/\/www.monaco-tribune.com\/wp-content\/uploads\/2020\/02\/palais-princier-2.jpg 600w, https:\/\/www.monaco-tribune.com\/wp-content\/uploads\/2020\/02\/palais-princier-2-225x300.jpg 225w\" sizes=\"auto, (max-width: 72px) 100vw, 72px\" \/><\/a>\n\t\t\t<\/dt>\n\t\t\t\t<dd class='wp-caption-text gallery-caption' id='gallery-1-21952'>\n\t\t\t\tPalais Princier \n\t\t\t\t<\/dd><\/dl><dl class='gallery-item'>\n\t\t\t<dt class='gallery-icon portrait'>\n\t\t\t\t<a href='https:\/\/www.monaco-tribune.com\/it\/2020\/02\/il-principe-alberto-ii-di-monaco-ha-raggiunto-labisso-calipso\/palais-princier\/'><img loading=\"lazy\" decoding=\"async\" width=\"54\" height=\"96\" src=\"https:\/\/www.monaco-tribune.com\/wp-content\/uploads\/2020\/02\/palais-princier.jpg\" class=\"attachment-thumbnail size-thumbnail\" alt=\"palais princier\" aria-describedby=\"gallery-1-21956\" srcset=\"https:\/\/www.monaco-tribune.com\/wp-content\/uploads\/2020\/02\/palais-princier.jpg 600w, https:\/\/www.monaco-tribune.com\/wp-content\/uploads\/2020\/02\/palais-princier-169x300.jpg 169w, https:\/\/www.monaco-tribune.com\/wp-content\/uploads\/2020\/02\/palais-princier-576x1024.jpg 576w\" sizes=\"auto, (max-width: 54px) 100vw, 54px\" \/><\/a>\n\t\t\t<\/dt>\n\t\t\t\t<dd class='wp-caption-text gallery-caption' id='gallery-1-21956'>\n\t\t\t\tPalais Princier \n\t\t\t\t<\/dd><\/dl><br style=\"clear: both\" \/>\n\t\t<\/div>\n\n<p>&nbsp;<\/p>\n<h3>L&#8217;inquinamento da plastica nel Mar Mediterraneo<\/h3>\n<p>In dieci mesi, la spedizione ha percorso circa 87.000 km e ha scoperto quasi 40 specie acquatiche che vivono in queste grandi profondit\u00e0. Dalla sua immersione nella Fossa delle Marianas, Victor Vescovo ha prelevato un campione di Hirondellea gigas che ha consegnato al Principe Sovrano lo scorso settembre, in memoria del ritrovamento di questo amphipod da parte del suo trisavolo il Principe Alberto II, a bordo della sua nave da ricerca Hirondelle.<\/p>\n<p>Altre immersioni sono state effettuate in aree di interesse scientifico o di importanza storica, come qui in Grecia nelle profondit\u00e0 della fossa Calipso, o presto nel Mar Rosso.<\/p>\n<p>Durante questa immersione \u00e8 stata osservata una grande quantit\u00e0 di detriti di plastica (sacchetti, bottiglie, ecc.), a conferma della situazione molto preoccupante dell&#8217;inquinamento da plastica nel Mar Mediterraneo.<\/p>\n","protected":false},"excerpt":{"rendered":"<p>S.A.S. il Principe Alberto II di Monaco si \u00e8 recato in Grecia, sotto l&#8217;egida delle Esplorazioni di Monaco, il 9 [&hellip;]<\/p>\n","protected":false},"author":21,"featured_media":21948,"comment_status":"closed","ping_status":"open","sticky":false,"template":"","format":"standard","meta":{"_acf_changed":false,"footnotes":""},"categories":[1742],"tags":[],"post_sectags":[],"post_format":[],"class_list":["post-21947","post","type-post","status-publish","format-standard","has-post-thumbnail","hentry","category-famiglia-principesca"],"acf":[],"yoast_head":"<!-- This site is optimized with the Yoast SEO Premium plugin v26.8 (Yoast SEO v27.5) - https:\/\/yoast.com\/product\/yoast-seo-premium-wordpress\/ -->\n<title>Il Principe Alberto II di Monaco ha raggiunto l&#039;abisso Calipso<\/title>\n<meta name=\"description\" content=\"Il Principe Alberto II si \u00e8 recato in Grecia per unirsi alla squadra della spedizione dell&#039;Oceano Caladano, guidata dall&#039;esploratore Victor Vescovo\" \/>\n<meta name=\"robots\" content=\"index, follow, max-snippet:-1, max-image-preview:large, max-video-preview:-1\" \/>\n<link rel=\"canonical\" href=\"https:\/\/www.monaco-tribune.com\/it\/2020\/02\/il-principe-alberto-ii-di-monaco-ha-raggiunto-labisso-calipso\/\" \/>\n<meta property=\"og:locale\" content=\"it_IT\" \/>\n<meta property=\"og:type\" content=\"article\" \/>\n<meta property=\"og:title\" content=\"Il Principe Alberto II di Monaco ha raggiunto l&#039;abisso Calipso - Monaco Tribune\" \/>\n<meta property=\"og:description\" content=\"S.A.S. il Principe Alberto II di Monaco si \u00e8 recato in Grecia, sotto l&#039;egida delle Esplorazioni di Monaco, il 9 febbraio per unirsi alla squadra della\" \/>\n<meta property=\"og:url\" content=\"https:\/\/www.monaco-tribune.com\/it\/2020\/02\/il-principe-alberto-ii-di-monaco-ha-raggiunto-labisso-calipso\/\" \/>\n<meta property=\"og:site_name\" content=\"Monaco Tribune\" \/>\n<meta property=\"article:publisher\" content=\"https:\/\/www.facebook.com\/MonacoTribune\" \/>\n<meta property=\"article:published_time\" content=\"2020-02-18T16:39:28+00:00\" \/>\n<meta property=\"og:image\" content=\"https:\/\/www.monaco-tribune.com\/wp-content\/uploads\/2020\/02\/Prince-Albert-II-Monaco-1.jpg\" \/>\n\t<meta property=\"og:image:width\" content=\"1387\" \/>\n\t<meta property=\"og:image:height\" content=\"1041\" \/>\n\t<meta property=\"og:image:type\" content=\"image\/jpeg\" \/>\n<meta name=\"author\" content=\"Monaco Tribune\" \/>\n<meta name=\"twitter:card\" content=\"summary_large_image\" \/>\n<meta name=\"twitter:creator\" content=\"@MonacoTribune\" \/>\n<meta name=\"twitter:site\" content=\"@MonacoTribune\" \/>\n<script type=\"application\/ld+json\" class=\"yoast-schema-graph\">{\"@context\":\"https:\\\/\\\/schema.org\",\"@graph\":[{\"@type\":\"NewsArticle\",\"@id\":\"https:\\\/\\\/www.monaco-tribune.com\\\/it\\\/2020\\\/02\\\/il-principe-alberto-ii-di-monaco-ha-raggiunto-labisso-calipso\\\/#article\",\"isPartOf\":{\"@id\":\"https:\\\/\\\/www.monaco-tribune.com\\\/it\\\/2020\\\/02\\\/il-principe-alberto-ii-di-monaco-ha-raggiunto-labisso-calipso\\\/\"},\"author\":{\"name\":\"Monaco Tribune\",\"@id\":\"https:\\\/\\\/www.monaco-tribune.com\\\/it\\\/#\\\/schema\\\/person\\\/8f6ed8c063276e2397589eda5b7a2f2d\"},\"headline\":\"Il Principe Alberto II di Monaco ha raggiunto l&#8217;abisso Calipso\",\"datePublished\":\"2020-02-18T16:39:28+00:00\",\"mainEntityOfPage\":{\"@id\":\"https:\\\/\\\/www.monaco-tribune.com\\\/it\\\/2020\\\/02\\\/il-principe-alberto-ii-di-monaco-ha-raggiunto-labisso-calipso\\\/\"},\"wordCount\":403,\"publisher\":{\"@id\":\"https:\\\/\\\/www.monaco-tribune.com\\\/it\\\/#organization\"},\"image\":{\"@id\":\"https:\\\/\\\/www.monaco-tribune.com\\\/it\\\/2020\\\/02\\\/il-principe-alberto-ii-di-monaco-ha-raggiunto-labisso-calipso\\\/#primaryimage\"},\"thumbnailUrl\":\"https:\\\/\\\/www.monaco-tribune.com\\\/wp-content\\\/uploads\\\/2020\\\/02\\\/Prince-Albert-II-Monaco-1.jpg\",\"articleSection\":[\"Famiglia Principesca\"],\"inLanguage\":\"it-IT\",\"copyrightYear\":\"2020\",\"copyrightHolder\":{\"@id\":\"https:\\\/\\\/www.monaco-tribune.com\\\/#organization\"}},{\"@type\":\"WebPage\",\"@id\":\"https:\\\/\\\/www.monaco-tribune.com\\\/it\\\/2020\\\/02\\\/il-principe-alberto-ii-di-monaco-ha-raggiunto-labisso-calipso\\\/\",\"url\":\"https:\\\/\\\/www.monaco-tribune.com\\\/it\\\/2020\\\/02\\\/il-principe-alberto-ii-di-monaco-ha-raggiunto-labisso-calipso\\\/\",\"name\":\"Il Principe Alberto II di Monaco ha raggiunto l'abisso Calipso\",\"isPartOf\":{\"@id\":\"https:\\\/\\\/www.monaco-tribune.com\\\/it\\\/#website\"},\"primaryImageOfPage\":{\"@id\":\"https:\\\/\\\/www.monaco-tribune.com\\\/it\\\/2020\\\/02\\\/il-principe-alberto-ii-di-monaco-ha-raggiunto-labisso-calipso\\\/#primaryimage\"},\"image\":{\"@id\":\"https:\\\/\\\/www.monaco-tribune.com\\\/it\\\/2020\\\/02\\\/il-principe-alberto-ii-di-monaco-ha-raggiunto-labisso-calipso\\\/#primaryimage\"},\"thumbnailUrl\":\"https:\\\/\\\/www.monaco-tribune.com\\\/wp-content\\\/uploads\\\/2020\\\/02\\\/Prince-Albert-II-Monaco-1.jpg\",\"datePublished\":\"2020-02-18T16:39:28+00:00\",\"description\":\"Il Principe Alberto II si \u00e8 recato in Grecia per unirsi alla squadra della spedizione dell'Oceano Caladano, guidata dall'esploratore Victor Vescovo\",\"breadcrumb\":{\"@id\":\"https:\\\/\\\/www.monaco-tribune.com\\\/it\\\/2020\\\/02\\\/il-principe-alberto-ii-di-monaco-ha-raggiunto-labisso-calipso\\\/#breadcrumb\"},\"inLanguage\":\"it-IT\",\"potentialAction\":[{\"@type\":\"ReadAction\",\"target\":[\"https:\\\/\\\/www.monaco-tribune.com\\\/it\\\/2020\\\/02\\\/il-principe-alberto-ii-di-monaco-ha-raggiunto-labisso-calipso\\\/\"]}]},{\"@type\":\"ImageObject\",\"inLanguage\":\"it-IT\",\"@id\":\"https:\\\/\\\/www.monaco-tribune.com\\\/it\\\/2020\\\/02\\\/il-principe-alberto-ii-di-monaco-ha-raggiunto-labisso-calipso\\\/#primaryimage\",\"url\":\"https:\\\/\\\/www.monaco-tribune.com\\\/wp-content\\\/uploads\\\/2020\\\/02\\\/Prince-Albert-II-Monaco-1.jpg\",\"contentUrl\":\"https:\\\/\\\/www.monaco-tribune.com\\\/wp-content\\\/uploads\\\/2020\\\/02\\\/Prince-Albert-II-Monaco-1.jpg\",\"width\":1387,\"height\":1041,\"caption\":\"Pierre Frolla\"},{\"@type\":\"BreadcrumbList\",\"@id\":\"https:\\\/\\\/www.monaco-tribune.com\\\/it\\\/2020\\\/02\\\/il-principe-alberto-ii-di-monaco-ha-raggiunto-labisso-calipso\\\/#breadcrumb\",\"itemListElement\":[{\"@type\":\"ListItem\",\"position\":1,\"name\":\"Accueil\",\"item\":\"https:\\\/\\\/www.monaco-tribune.com\\\/it\\\/\"},{\"@type\":\"ListItem\",\"position\":2,\"name\":\"Il Principe Alberto II di Monaco ha raggiunto l&rsquo;abisso Calipso\"}]},{\"@type\":\"WebSite\",\"@id\":\"https:\\\/\\\/www.monaco-tribune.com\\\/it\\\/#website\",\"url\":\"https:\\\/\\\/www.monaco-tribune.com\\\/it\\\/\",\"name\":\"Monaco Tribune\",\"description\":\"Monaco : actualit\u00e9s \u00e9conomiques, politiques, culturelles et sportives de Monaco et de la French Riviera.\",\"publisher\":{\"@id\":\"https:\\\/\\\/www.monaco-tribune.com\\\/it\\\/#organization\"},\"potentialAction\":[{\"@type\":\"SearchAction\",\"target\":{\"@type\":\"EntryPoint\",\"urlTemplate\":\"https:\\\/\\\/www.monaco-tribune.com\\\/it\\\/?s={search_term_string}\"},\"query-input\":{\"@type\":\"PropertyValueSpecification\",\"valueRequired\":true,\"valueName\":\"search_term_string\"}}],\"inLanguage\":\"it-IT\"},{\"@type\":\"Organization\",\"@id\":\"https:\\\/\\\/www.monaco-tribune.com\\\/it\\\/#organization\",\"name\":\"Monaco Tribune\",\"url\":\"https:\\\/\\\/www.monaco-tribune.com\\\/it\\\/\",\"logo\":{\"@type\":\"ImageObject\",\"inLanguage\":\"it-IT\",\"@id\":\"https:\\\/\\\/www.monaco-tribune.com\\\/it\\\/#\\\/schema\\\/logo\\\/image\\\/\",\"url\":\"https:\\\/\\\/www.monaco-tribune.com\\\/wp-content\\\/uploads\\\/2022\\\/11\\\/logo-monaco-tribune.png\",\"contentUrl\":\"https:\\\/\\\/www.monaco-tribune.com\\\/wp-content\\\/uploads\\\/2022\\\/11\\\/logo-monaco-tribune.png\",\"width\":1548,\"height\":600,\"caption\":\"Monaco Tribune\"},\"image\":{\"@id\":\"https:\\\/\\\/www.monaco-tribune.com\\\/it\\\/#\\\/schema\\\/logo\\\/image\\\/\"},\"sameAs\":[\"https:\\\/\\\/www.facebook.com\\\/MonacoTribune\",\"https:\\\/\\\/x.com\\\/MonacoTribune\",\"https:\\\/\\\/www.instagram.com\\\/monacotribune\\\/\",\"https:\\\/\\\/www.linkedin.com\\\/company\\\/monaco-tribune\",\"https:\\\/\\\/www.youtube.com\\\/channel\\\/UCHle1MnG6hw1y4lWKijVbMA\"]},{\"@type\":\"Person\",\"@id\":\"https:\\\/\\\/www.monaco-tribune.com\\\/it\\\/#\\\/schema\\\/person\\\/8f6ed8c063276e2397589eda5b7a2f2d\",\"name\":\"Monaco Tribune\",\"image\":{\"@type\":\"ImageObject\",\"inLanguage\":\"it-IT\",\"@id\":\"https:\\\/\\\/secure.gravatar.com\\\/avatar\\\/3010e6c5d6c8056ec1c25228fe68ea089879e5ae0de884e0247744ee988aaf6a?s=96&d=mm&r=g\",\"url\":\"https:\\\/\\\/secure.gravatar.com\\\/avatar\\\/3010e6c5d6c8056ec1c25228fe68ea089879e5ae0de884e0247744ee988aaf6a?s=96&d=mm&r=g\",\"contentUrl\":\"https:\\\/\\\/secure.gravatar.com\\\/avatar\\\/3010e6c5d6c8056ec1c25228fe68ea089879e5ae0de884e0247744ee988aaf6a?s=96&d=mm&r=g\",\"caption\":\"Monaco Tribune\"},\"url\":\"https:\\\/\\\/www.monaco-tribune.com\\\/it\\\/author\\\/monaco-tribune\\\/\"}]}<\/script>\n<!-- \/ Yoast SEO Premium plugin. -->","yoast_head_json":{"title":"Il Principe Alberto II di Monaco ha raggiunto l'abisso Calipso","description":"Il Principe Alberto II si \u00e8 recato in Grecia per unirsi alla squadra della spedizione dell'Oceano Caladano, guidata dall'esploratore Victor Vescovo","robots":{"index":"index","follow":"follow","max-snippet":"max-snippet:-1","max-image-preview":"max-image-preview:large","max-video-preview":"max-video-preview:-1"},"canonical":"https:\/\/www.monaco-tribune.com\/it\/2020\/02\/il-principe-alberto-ii-di-monaco-ha-raggiunto-labisso-calipso\/","og_locale":"it_IT","og_type":"article","og_title":"Il Principe Alberto II di Monaco ha raggiunto l'abisso Calipso - Monaco Tribune","og_description":"S.A.S. il Principe Alberto II di Monaco si \u00e8 recato in Grecia, sotto l'egida delle Esplorazioni di Monaco, il 9 febbraio per unirsi alla squadra della","og_url":"https:\/\/www.monaco-tribune.com\/it\/2020\/02\/il-principe-alberto-ii-di-monaco-ha-raggiunto-labisso-calipso\/","og_site_name":"Monaco Tribune","article_publisher":"https:\/\/www.facebook.com\/MonacoTribune","article_published_time":"2020-02-18T16:39:28+00:00","og_image":[{"width":1387,"height":1041,"url":"https:\/\/www.monaco-tribune.com\/wp-content\/uploads\/2020\/02\/Prince-Albert-II-Monaco-1.jpg","type":"image\/jpeg"}],"author":"Monaco Tribune","twitter_card":"summary_large_image","twitter_creator":"@MonacoTribune","twitter_site":"@MonacoTribune","schema":{"@context":"https:\/\/schema.org","@graph":[{"@type":"NewsArticle","@id":"https:\/\/www.monaco-tribune.com\/it\/2020\/02\/il-principe-alberto-ii-di-monaco-ha-raggiunto-labisso-calipso\/#article","isPartOf":{"@id":"https:\/\/www.monaco-tribune.com\/it\/2020\/02\/il-principe-alberto-ii-di-monaco-ha-raggiunto-labisso-calipso\/"},"author":{"name":"Monaco Tribune","@id":"https:\/\/www.monaco-tribune.com\/it\/#\/schema\/person\/8f6ed8c063276e2397589eda5b7a2f2d"},"headline":"Il Principe Alberto II di Monaco ha raggiunto l&#8217;abisso Calipso","datePublished":"2020-02-18T16:39:28+00:00","mainEntityOfPage":{"@id":"https:\/\/www.monaco-tribune.com\/it\/2020\/02\/il-principe-alberto-ii-di-monaco-ha-raggiunto-labisso-calipso\/"},"wordCount":403,"publisher":{"@id":"https:\/\/www.monaco-tribune.com\/it\/#organization"},"image":{"@id":"https:\/\/www.monaco-tribune.com\/it\/2020\/02\/il-principe-alberto-ii-di-monaco-ha-raggiunto-labisso-calipso\/#primaryimage"},"thumbnailUrl":"https:\/\/www.monaco-tribune.com\/wp-content\/uploads\/2020\/02\/Prince-Albert-II-Monaco-1.jpg","articleSection":["Famiglia Principesca"],"inLanguage":"it-IT","copyrightYear":"2020","copyrightHolder":{"@id":"https:\/\/www.monaco-tribune.com\/#organization"}},{"@type":"WebPage","@id":"https:\/\/www.monaco-tribune.com\/it\/2020\/02\/il-principe-alberto-ii-di-monaco-ha-raggiunto-labisso-calipso\/","url":"https:\/\/www.monaco-tribune.com\/it\/2020\/02\/il-principe-alberto-ii-di-monaco-ha-raggiunto-labisso-calipso\/","name":"Il Principe Alberto II di Monaco ha raggiunto l'abisso Calipso","isPartOf":{"@id":"https:\/\/www.monaco-tribune.com\/it\/#website"},"primaryImageOfPage":{"@id":"https:\/\/www.monaco-tribune.com\/it\/2020\/02\/il-principe-alberto-ii-di-monaco-ha-raggiunto-labisso-calipso\/#primaryimage"},"image":{"@id":"https:\/\/www.monaco-tribune.com\/it\/2020\/02\/il-principe-alberto-ii-di-monaco-ha-raggiunto-labisso-calipso\/#primaryimage"},"thumbnailUrl":"https:\/\/www.monaco-tribune.com\/wp-content\/uploads\/2020\/02\/Prince-Albert-II-Monaco-1.jpg","datePublished":"2020-02-18T16:39:28+00:00","description":"Il Principe Alberto II si \u00e8 recato in Grecia per unirsi alla squadra della spedizione dell'Oceano Caladano, guidata dall'esploratore Victor Vescovo","breadcrumb":{"@id":"https:\/\/www.monaco-tribune.com\/it\/2020\/02\/il-principe-alberto-ii-di-monaco-ha-raggiunto-labisso-calipso\/#breadcrumb"},"inLanguage":"it-IT","potentialAction":[{"@type":"ReadAction","target":["https:\/\/www.monaco-tribune.com\/it\/2020\/02\/il-principe-alberto-ii-di-monaco-ha-raggiunto-labisso-calipso\/"]}]},{"@type":"ImageObject","inLanguage":"it-IT","@id":"https:\/\/www.monaco-tribune.com\/it\/2020\/02\/il-principe-alberto-ii-di-monaco-ha-raggiunto-labisso-calipso\/#primaryimage","url":"https:\/\/www.monaco-tribune.com\/wp-content\/uploads\/2020\/02\/Prince-Albert-II-Monaco-1.jpg","contentUrl":"https:\/\/www.monaco-tribune.com\/wp-content\/uploads\/2020\/02\/Prince-Albert-II-Monaco-1.jpg","width":1387,"height":1041,"caption":"Pierre Frolla"},{"@type":"BreadcrumbList","@id":"https:\/\/www.monaco-tribune.com\/it\/2020\/02\/il-principe-alberto-ii-di-monaco-ha-raggiunto-labisso-calipso\/#breadcrumb","itemListElement":[{"@type":"ListItem","position":1,"name":"Accueil","item":"https:\/\/www.monaco-tribune.com\/it\/"},{"@type":"ListItem","position":2,"name":"Il Principe Alberto II di Monaco ha raggiunto l&rsquo;abisso Calipso"}]},{"@type":"WebSite","@id":"https:\/\/www.monaco-tribune.com\/it\/#website","url":"https:\/\/www.monaco-tribune.com\/it\/","name":"Monaco Tribune","description":"Monaco : actualit\u00e9s \u00e9conomiques, politiques, culturelles et sportives de Monaco et de la French Riviera.","publisher":{"@id":"https:\/\/www.monaco-tribune.com\/it\/#organization"},"potentialAction":[{"@type":"SearchAction","target":{"@type":"EntryPoint","urlTemplate":"https:\/\/www.monaco-tribune.com\/it\/?s={search_term_string}"},"query-input":{"@type":"PropertyValueSpecification","valueRequired":true,"valueName":"search_term_string"}}],"inLanguage":"it-IT"},{"@type":"Organization","@id":"https:\/\/www.monaco-tribune.com\/it\/#organization","name":"Monaco Tribune","url":"https:\/\/www.monaco-tribune.com\/it\/","logo":{"@type":"ImageObject","inLanguage":"it-IT","@id":"https:\/\/www.monaco-tribune.com\/it\/#\/schema\/logo\/image\/","url":"https:\/\/www.monaco-tribune.com\/wp-content\/uploads\/2022\/11\/logo-monaco-tribune.png","contentUrl":"https:\/\/www.monaco-tribune.com\/wp-content\/uploads\/2022\/11\/logo-monaco-tribune.png","width":1548,"height":600,"caption":"Monaco Tribune"},"image":{"@id":"https:\/\/www.monaco-tribune.com\/it\/#\/schema\/logo\/image\/"},"sameAs":["https:\/\/www.facebook.com\/MonacoTribune","https:\/\/x.com\/MonacoTribune","https:\/\/www.instagram.com\/monacotribune\/","https:\/\/www.linkedin.com\/company\/monaco-tribune","https:\/\/www.youtube.com\/channel\/UCHle1MnG6hw1y4lWKijVbMA"]},{"@type":"Person","@id":"https:\/\/www.monaco-tribune.com\/it\/#\/schema\/person\/8f6ed8c063276e2397589eda5b7a2f2d","name":"Monaco Tribune","image":{"@type":"ImageObject","inLanguage":"it-IT","@id":"https:\/\/secure.gravatar.com\/avatar\/3010e6c5d6c8056ec1c25228fe68ea089879e5ae0de884e0247744ee988aaf6a?s=96&d=mm&r=g","url":"https:\/\/secure.gravatar.com\/avatar\/3010e6c5d6c8056ec1c25228fe68ea089879e5ae0de884e0247744ee988aaf6a?s=96&d=mm&r=g","contentUrl":"https:\/\/secure.gravatar.com\/avatar\/3010e6c5d6c8056ec1c25228fe68ea089879e5ae0de884e0247744ee988aaf6a?s=96&d=mm&r=g","caption":"Monaco Tribune"},"url":"https:\/\/www.monaco-tribune.com\/it\/author\/monaco-tribune\/"}]}},"_links":{"self":[{"href":"https:\/\/www.monaco-tribune.com\/it\/wp-json\/wp\/v2\/posts\/21947","targetHints":{"allow":["GET"]}}],"collection":[{"href":"https:\/\/www.monaco-tribune.com\/it\/wp-json\/wp\/v2\/posts"}],"about":[{"href":"https:\/\/www.monaco-tribune.com\/it\/wp-json\/wp\/v2\/types\/post"}],"author":[{"embeddable":true,"href":"https:\/\/www.monaco-tribune.com\/it\/wp-json\/wp\/v2\/users\/21"}],"replies":[{"embeddable":true,"href":"https:\/\/www.monaco-tribune.com\/it\/wp-json\/wp\/v2\/comments?post=21947"}],"version-history":[{"count":0,"href":"https:\/\/www.monaco-tribune.com\/it\/wp-json\/wp\/v2\/posts\/21947\/revisions"}],"wp:featuredmedia":[{"embeddable":true,"href":"https:\/\/www.monaco-tribune.com\/it\/wp-json\/wp\/v2\/media\/21948"}],"wp:attachment":[{"href":"https:\/\/www.monaco-tribune.com\/it\/wp-json\/wp\/v2\/media?parent=21947"}],"wp:term":[{"taxonomy":"category","embeddable":true,"href":"https:\/\/www.monaco-tribune.com\/it\/wp-json\/wp\/v2\/categories?post=21947"},{"taxonomy":"post_tag","embeddable":true,"href":"https:\/\/www.monaco-tribune.com\/it\/wp-json\/wp\/v2\/tags?post=21947"},{"taxonomy":"sectag","embeddable":true,"href":"https:\/\/www.monaco-tribune.com\/it\/wp-json\/wp\/v2\/post_sectags?post=21947"},{"taxonomy":"format","embeddable":true,"href":"https:\/\/www.monaco-tribune.com\/it\/wp-json\/wp\/v2\/post_format?post=21947"}],"curies":[{"name":"wp","href":"https:\/\/api.w.org\/{rel}","templated":true}]}}