{"id":219491,"date":"2024-02-29T13:08:57","date_gmt":"2024-02-29T11:08:57","guid":{"rendered":"https:\/\/www.monaco-tribune.com\/2024\/02\/gran-premio-di-monaco-i-piu-fortunati-potranno-assistere-alla-gara-dalla-nuova-tribuna-galleggiante\/"},"modified":"2024-02-29T13:09:02","modified_gmt":"2024-02-29T11:09:02","slug":"gran-premio-di-monaco-i-piu-fortunati-potranno-assistere-alla-gara-dalla-nuova-tribuna-galleggiante","status":"publish","type":"post","link":"https:\/\/www.monaco-tribune.com\/it\/2024\/02\/gran-premio-di-monaco-i-piu-fortunati-potranno-assistere-alla-gara-dalla-nuova-tribuna-galleggiante\/","title":{"rendered":"Gran Premio di Monaco: i pi\u00f9 fortunati potranno assistere alla gara dalla nuova tribuna galleggiante"},"content":{"rendered":"\n<p><strong>Un&#8217;esperienza unica offerta ai proprietari delle barche ormeggiate a Port Hercule, a Monaco o nel porto Cala del Forte a Ventimiglia.<\/strong><\/p>\n\n<p>Siete fan della Formula 1 e avete una barca al porto di Monaco o di Ventimiglia? Questo \u00e8 per voi.<\/p>\n\n<p>Da venerd\u00ec a domenica, dalle 9:00 alle 18:00, potrete assistere alle prove del Gran Premio di F1 del Principato direttamente dall&#8217;acqua su una nuova piattaforma galleggiante realizzata appositamente per l&#8217;evento. Annunciato dalla Soci\u00e9t\u00e9 d\u2019exploitation des Ports de Monaco (SEPM), in collaborazione con l&#8217;Automobile Club de Monaco e Fomula One Management, questo spazio VIP potr\u00e0 accogliere 400 persone su una superficie di 600 m\u00b2 suddivisa su tre piani.<\/p>\n\n<h2 class=\"wp-block-heading\" id=\"h-entre-4-800-et-5-400-euros-le-pass-de-trois-jours\"><strong>Il pass di tre giorni va dai 4.800 ai 5.400 euro<\/strong><\/h2>\n\n<p>Solitamente progettata per gli yacht e affittata per circa 20.000 euro a settimana, la location \u00e8 decisamente strategica dato che promette una vista senza ostacoli sulla chicane del circuito e sull&#8217;uscita del tunnel. &#8220;\u00c8 qui, con la frenata all&#8217;uscita del tunnel, che si vedono i sorpassi e le monoposto passare al rallentatore&#8221;, ha dichiarato a Monaco-Matin Olivier Lavagna, amministratore delegato della SEPM. Con un costo stimato di oltre un milione di euro, il progetto non \u00e8 certo di poco conto, ma, secondo Lavagna, \u00e8 &#8220;un servizio aggiuntivo di qualit\u00e0&#8221;.<\/p>\n\n<p>Il pacchetto comprende infatti diversi comfort, come bevande e snack, l&#8217;accesso al ristorante della Soci\u00e9t\u00e9 Nautique, la trasmissione televisiva, il Wi-Fi e i servizi igienici, durante tutti e tre i giorni di gara.<\/p>\n\n<p class=\"related\"><a href=\"https:\/\/www.monaco-tribune.com\/it\/2024\/02\/formula-1-calendario-2024-ecco-gli-appuntamenti-da-non-perdere\/\">Formula 1. Calendario 2024: ecco gli appuntamenti da non perdere<\/a><\/p>\n","protected":false},"excerpt":{"rendered":"<p>Un&#8217;esperienza unica offerta ai proprietari delle barche ormeggiate a Port Hercule, a Monaco o nel porto Cala del Forte a [&hellip;]<\/p>\n","protected":false},"author":75,"featured_media":219342,"comment_status":"closed","ping_status":"closed","sticky":false,"template":"","format":"standard","meta":{"_acf_changed":false,"footnotes":""},"categories":[1740,1738],"tags":[3949],"post_sectags":[4826],"post_format":[2478],"class_list":["post-219491","post","type-post","status-publish","format-standard","has-post-thumbnail","hentry","category-cosa-fare","category-notizie","tag-gran-premio-di-monaco","sectag-ventimiglia-it","format-notizia"],"acf":[],"yoast_head":"<!-- This site is optimized with the Yoast SEO Premium plugin v26.8 (Yoast SEO v27.5) - https:\/\/yoast.com\/product\/yoast-seo-premium-wordpress\/ -->\n<title>Gran Premio di Monaco: i pi\u00f9 fortunati potranno assistere alla gara dalla nuova tribuna galleggiante<\/title>\n<meta name=\"description\" content=\"Un&#039;esperienza unica offerta ai proprietari delle barche ormeggiate a Port Hercule, a Monaco o nel porto Cala del Forte a Ventimiglia. Siete fan della\" \/>\n<meta name=\"robots\" content=\"index, follow, max-snippet:-1, max-image-preview:large, max-video-preview:-1\" \/>\n<link rel=\"canonical\" href=\"https:\/\/www.monaco-tribune.com\/it\/2024\/02\/gran-premio-di-monaco-i-piu-fortunati-potranno-assistere-alla-gara-dalla-nuova-tribuna-galleggiante\/\" \/>\n<meta property=\"og:locale\" content=\"it_IT\" \/>\n<meta property=\"og:type\" content=\"article\" \/>\n<meta property=\"og:title\" content=\"Gran Premio di Monaco: i pi\u00f9 fortunati potranno assistere alla gara dalla nuova tribuna galleggiante - Monaco Tribune\" \/>\n<meta property=\"og:description\" content=\"Un&#039;esperienza unica offerta ai proprietari delle barche ormeggiate a Port Hercule, a Monaco o nel porto Cala del Forte a Ventimiglia. Siete fan della\" \/>\n<meta property=\"og:url\" content=\"https:\/\/www.monaco-tribune.com\/it\/2024\/02\/gran-premio-di-monaco-i-piu-fortunati-potranno-assistere-alla-gara-dalla-nuova-tribuna-galleggiante\/\" \/>\n<meta property=\"og:site_name\" content=\"Monaco Tribune\" \/>\n<meta property=\"article:publisher\" content=\"https:\/\/www.facebook.com\/MonacoTribune\" \/>\n<meta property=\"article:published_time\" content=\"2024-02-29T11:08:57+00:00\" \/>\n<meta property=\"article:modified_time\" content=\"2024-02-29T11:09:02+00:00\" \/>\n<meta property=\"og:image\" content=\"https:\/\/www.monaco-tribune.com\/wp-content\/uploads\/2024\/02\/grand-prix-monaco-formule-1-tribune-flottante.jpeg\" \/>\n\t<meta property=\"og:image:width\" content=\"1200\" \/>\n\t<meta property=\"og:image:height\" content=\"690\" \/>\n\t<meta property=\"og:image:type\" content=\"image\/jpeg\" \/>\n<meta name=\"author\" content=\"Milla Lanciego\" \/>\n<meta name=\"twitter:card\" content=\"summary_large_image\" \/>\n<meta name=\"twitter:creator\" content=\"@MonacoTribune\" \/>\n<meta name=\"twitter:site\" content=\"@MonacoTribune\" \/>\n<script type=\"application\/ld+json\" class=\"yoast-schema-graph\">{\"@context\":\"https:\\\/\\\/schema.org\",\"@graph\":[{\"@type\":\"NewsArticle\",\"@id\":\"https:\\\/\\\/www.monaco-tribune.com\\\/it\\\/2024\\\/02\\\/gran-premio-di-monaco-i-piu-fortunati-potranno-assistere-alla-gara-dalla-nuova-tribuna-galleggiante\\\/#article\",\"isPartOf\":{\"@id\":\"https:\\\/\\\/www.monaco-tribune.com\\\/it\\\/2024\\\/02\\\/gran-premio-di-monaco-i-piu-fortunati-potranno-assistere-alla-gara-dalla-nuova-tribuna-galleggiante\\\/\"},\"author\":{\"name\":\"Milla Lanciego\",\"@id\":\"https:\\\/\\\/www.monaco-tribune.com\\\/it\\\/#\\\/schema\\\/person\\\/2b0ab2e81c025d96ee31961e17c0435a\"},\"headline\":\"Gran Premio di Monaco: i pi\u00f9 fortunati potranno assistere alla gara dalla nuova tribuna galleggiante\",\"datePublished\":\"2024-02-29T11:08:57+00:00\",\"dateModified\":\"2024-02-29T11:09:02+00:00\",\"mainEntityOfPage\":{\"@id\":\"https:\\\/\\\/www.monaco-tribune.com\\\/it\\\/2024\\\/02\\\/gran-premio-di-monaco-i-piu-fortunati-potranno-assistere-alla-gara-dalla-nuova-tribuna-galleggiante\\\/\"},\"wordCount\":261,\"publisher\":{\"@id\":\"https:\\\/\\\/www.monaco-tribune.com\\\/it\\\/#organization\"},\"image\":{\"@id\":\"https:\\\/\\\/www.monaco-tribune.com\\\/it\\\/2024\\\/02\\\/gran-premio-di-monaco-i-piu-fortunati-potranno-assistere-alla-gara-dalla-nuova-tribuna-galleggiante\\\/#primaryimage\"},\"thumbnailUrl\":\"https:\\\/\\\/www.monaco-tribune.com\\\/wp-content\\\/uploads\\\/2024\\\/02\\\/grand-prix-monaco-formule-1-tribune-flottante.jpeg\",\"keywords\":[\"Gran Premio di Monaco\"],\"articleSection\":[\"Cosa fare\",\"Notizie\"],\"inLanguage\":\"it-IT\",\"copyrightYear\":\"2024\",\"copyrightHolder\":{\"@id\":\"https:\\\/\\\/www.monaco-tribune.com\\\/#organization\"}},{\"@type\":\"WebPage\",\"@id\":\"https:\\\/\\\/www.monaco-tribune.com\\\/it\\\/2024\\\/02\\\/gran-premio-di-monaco-i-piu-fortunati-potranno-assistere-alla-gara-dalla-nuova-tribuna-galleggiante\\\/\",\"url\":\"https:\\\/\\\/www.monaco-tribune.com\\\/it\\\/2024\\\/02\\\/gran-premio-di-monaco-i-piu-fortunati-potranno-assistere-alla-gara-dalla-nuova-tribuna-galleggiante\\\/\",\"name\":\"Gran Premio di Monaco: i pi\u00f9 fortunati potranno assistere alla gara dalla nuova tribuna galleggiante\",\"isPartOf\":{\"@id\":\"https:\\\/\\\/www.monaco-tribune.com\\\/it\\\/#website\"},\"primaryImageOfPage\":{\"@id\":\"https:\\\/\\\/www.monaco-tribune.com\\\/it\\\/2024\\\/02\\\/gran-premio-di-monaco-i-piu-fortunati-potranno-assistere-alla-gara-dalla-nuova-tribuna-galleggiante\\\/#primaryimage\"},\"image\":{\"@id\":\"https:\\\/\\\/www.monaco-tribune.com\\\/it\\\/2024\\\/02\\\/gran-premio-di-monaco-i-piu-fortunati-potranno-assistere-alla-gara-dalla-nuova-tribuna-galleggiante\\\/#primaryimage\"},\"thumbnailUrl\":\"https:\\\/\\\/www.monaco-tribune.com\\\/wp-content\\\/uploads\\\/2024\\\/02\\\/grand-prix-monaco-formule-1-tribune-flottante.jpeg\",\"datePublished\":\"2024-02-29T11:08:57+00:00\",\"dateModified\":\"2024-02-29T11:09:02+00:00\",\"description\":\"Un'esperienza unica offerta ai proprietari delle barche ormeggiate a Port Hercule, a Monaco o nel porto Cala del Forte a Ventimiglia. Siete fan della\",\"breadcrumb\":{\"@id\":\"https:\\\/\\\/www.monaco-tribune.com\\\/it\\\/2024\\\/02\\\/gran-premio-di-monaco-i-piu-fortunati-potranno-assistere-alla-gara-dalla-nuova-tribuna-galleggiante\\\/#breadcrumb\"},\"inLanguage\":\"it-IT\",\"potentialAction\":[{\"@type\":\"ReadAction\",\"target\":[\"https:\\\/\\\/www.monaco-tribune.com\\\/it\\\/2024\\\/02\\\/gran-premio-di-monaco-i-piu-fortunati-potranno-assistere-alla-gara-dalla-nuova-tribuna-galleggiante\\\/\"]}]},{\"@type\":\"ImageObject\",\"inLanguage\":\"it-IT\",\"@id\":\"https:\\\/\\\/www.monaco-tribune.com\\\/it\\\/2024\\\/02\\\/gran-premio-di-monaco-i-piu-fortunati-potranno-assistere-alla-gara-dalla-nuova-tribuna-galleggiante\\\/#primaryimage\",\"url\":\"https:\\\/\\\/www.monaco-tribune.com\\\/wp-content\\\/uploads\\\/2024\\\/02\\\/grand-prix-monaco-formule-1-tribune-flottante.jpeg\",\"contentUrl\":\"https:\\\/\\\/www.monaco-tribune.com\\\/wp-content\\\/uploads\\\/2024\\\/02\\\/grand-prix-monaco-formule-1-tribune-flottante.jpeg\",\"width\":1200,\"height\":690,\"caption\":\"La nuova tribuna galleggiante 5 stelle del Gran Premio di Monaco \u00a9 Monaco Ports Lounge\"},{\"@type\":\"BreadcrumbList\",\"@id\":\"https:\\\/\\\/www.monaco-tribune.com\\\/it\\\/2024\\\/02\\\/gran-premio-di-monaco-i-piu-fortunati-potranno-assistere-alla-gara-dalla-nuova-tribuna-galleggiante\\\/#breadcrumb\",\"itemListElement\":[{\"@type\":\"ListItem\",\"position\":1,\"name\":\"Accueil\",\"item\":\"https:\\\/\\\/www.monaco-tribune.com\\\/it\\\/\"},{\"@type\":\"ListItem\",\"position\":2,\"name\":\"Gran Premio di Monaco: i pi\u00f9 fortunati potranno assistere alla gara dalla nuova tribuna galleggiante\"}]},{\"@type\":\"WebSite\",\"@id\":\"https:\\\/\\\/www.monaco-tribune.com\\\/it\\\/#website\",\"url\":\"https:\\\/\\\/www.monaco-tribune.com\\\/it\\\/\",\"name\":\"Monaco Tribune\",\"description\":\"Monaco : actualit\u00e9s \u00e9conomiques, politiques, culturelles et sportives de Monaco et de la French Riviera.\",\"publisher\":{\"@id\":\"https:\\\/\\\/www.monaco-tribune.com\\\/it\\\/#organization\"},\"potentialAction\":[{\"@type\":\"SearchAction\",\"target\":{\"@type\":\"EntryPoint\",\"urlTemplate\":\"https:\\\/\\\/www.monaco-tribune.com\\\/it\\\/?s={search_term_string}\"},\"query-input\":{\"@type\":\"PropertyValueSpecification\",\"valueRequired\":true,\"valueName\":\"search_term_string\"}}],\"inLanguage\":\"it-IT\"},{\"@type\":\"Organization\",\"@id\":\"https:\\\/\\\/www.monaco-tribune.com\\\/it\\\/#organization\",\"name\":\"Monaco Tribune\",\"url\":\"https:\\\/\\\/www.monaco-tribune.com\\\/it\\\/\",\"logo\":{\"@type\":\"ImageObject\",\"inLanguage\":\"it-IT\",\"@id\":\"https:\\\/\\\/www.monaco-tribune.com\\\/it\\\/#\\\/schema\\\/logo\\\/image\\\/\",\"url\":\"https:\\\/\\\/www.monaco-tribune.com\\\/wp-content\\\/uploads\\\/2022\\\/11\\\/logo-monaco-tribune.png\",\"contentUrl\":\"https:\\\/\\\/www.monaco-tribune.com\\\/wp-content\\\/uploads\\\/2022\\\/11\\\/logo-monaco-tribune.png\",\"width\":1548,\"height\":600,\"caption\":\"Monaco Tribune\"},\"image\":{\"@id\":\"https:\\\/\\\/www.monaco-tribune.com\\\/it\\\/#\\\/schema\\\/logo\\\/image\\\/\"},\"sameAs\":[\"https:\\\/\\\/www.facebook.com\\\/MonacoTribune\",\"https:\\\/\\\/x.com\\\/MonacoTribune\",\"https:\\\/\\\/www.instagram.com\\\/monacotribune\\\/\",\"https:\\\/\\\/www.linkedin.com\\\/company\\\/monaco-tribune\",\"https:\\\/\\\/www.youtube.com\\\/channel\\\/UCHle1MnG6hw1y4lWKijVbMA\"]},{\"@type\":\"Person\",\"@id\":\"https:\\\/\\\/www.monaco-tribune.com\\\/it\\\/#\\\/schema\\\/person\\\/2b0ab2e81c025d96ee31961e17c0435a\",\"name\":\"Milla Lanciego\",\"image\":{\"@type\":\"ImageObject\",\"inLanguage\":\"it-IT\",\"@id\":\"https:\\\/\\\/secure.gravatar.com\\\/avatar\\\/2a3b2862105fb3bdd4096e70c93cfaebbf445eb52cb814efd94664708edfc6aa?s=96&d=mm&r=g\",\"url\":\"https:\\\/\\\/secure.gravatar.com\\\/avatar\\\/2a3b2862105fb3bdd4096e70c93cfaebbf445eb52cb814efd94664708edfc6aa?s=96&d=mm&r=g\",\"contentUrl\":\"https:\\\/\\\/secure.gravatar.com\\\/avatar\\\/2a3b2862105fb3bdd4096e70c93cfaebbf445eb52cb814efd94664708edfc6aa?s=96&d=mm&r=g\",\"caption\":\"Milla Lanciego\"},\"url\":\"https:\\\/\\\/www.monaco-tribune.com\\\/it\\\/author\\\/millalanciego\\\/\"}]}<\/script>\n<!-- \/ Yoast SEO Premium plugin. -->","yoast_head_json":{"title":"Gran Premio di Monaco: i pi\u00f9 fortunati potranno assistere alla gara dalla nuova tribuna galleggiante","description":"Un'esperienza unica offerta ai proprietari delle barche ormeggiate a Port Hercule, a Monaco o nel porto Cala del Forte a Ventimiglia. Siete fan della","robots":{"index":"index","follow":"follow","max-snippet":"max-snippet:-1","max-image-preview":"max-image-preview:large","max-video-preview":"max-video-preview:-1"},"canonical":"https:\/\/www.monaco-tribune.com\/it\/2024\/02\/gran-premio-di-monaco-i-piu-fortunati-potranno-assistere-alla-gara-dalla-nuova-tribuna-galleggiante\/","og_locale":"it_IT","og_type":"article","og_title":"Gran Premio di Monaco: i pi\u00f9 fortunati potranno assistere alla gara dalla nuova tribuna galleggiante - Monaco Tribune","og_description":"Un'esperienza unica offerta ai proprietari delle barche ormeggiate a Port Hercule, a Monaco o nel porto Cala del Forte a Ventimiglia. Siete fan della","og_url":"https:\/\/www.monaco-tribune.com\/it\/2024\/02\/gran-premio-di-monaco-i-piu-fortunati-potranno-assistere-alla-gara-dalla-nuova-tribuna-galleggiante\/","og_site_name":"Monaco Tribune","article_publisher":"https:\/\/www.facebook.com\/MonacoTribune","article_published_time":"2024-02-29T11:08:57+00:00","article_modified_time":"2024-02-29T11:09:02+00:00","og_image":[{"width":1200,"height":690,"url":"https:\/\/www.monaco-tribune.com\/wp-content\/uploads\/2024\/02\/grand-prix-monaco-formule-1-tribune-flottante.jpeg","type":"image\/jpeg"}],"author":"Milla Lanciego","twitter_card":"summary_large_image","twitter_creator":"@MonacoTribune","twitter_site":"@MonacoTribune","schema":{"@context":"https:\/\/schema.org","@graph":[{"@type":"NewsArticle","@id":"https:\/\/www.monaco-tribune.com\/it\/2024\/02\/gran-premio-di-monaco-i-piu-fortunati-potranno-assistere-alla-gara-dalla-nuova-tribuna-galleggiante\/#article","isPartOf":{"@id":"https:\/\/www.monaco-tribune.com\/it\/2024\/02\/gran-premio-di-monaco-i-piu-fortunati-potranno-assistere-alla-gara-dalla-nuova-tribuna-galleggiante\/"},"author":{"name":"Milla Lanciego","@id":"https:\/\/www.monaco-tribune.com\/it\/#\/schema\/person\/2b0ab2e81c025d96ee31961e17c0435a"},"headline":"Gran Premio di Monaco: i pi\u00f9 fortunati potranno assistere alla gara dalla nuova tribuna galleggiante","datePublished":"2024-02-29T11:08:57+00:00","dateModified":"2024-02-29T11:09:02+00:00","mainEntityOfPage":{"@id":"https:\/\/www.monaco-tribune.com\/it\/2024\/02\/gran-premio-di-monaco-i-piu-fortunati-potranno-assistere-alla-gara-dalla-nuova-tribuna-galleggiante\/"},"wordCount":261,"publisher":{"@id":"https:\/\/www.monaco-tribune.com\/it\/#organization"},"image":{"@id":"https:\/\/www.monaco-tribune.com\/it\/2024\/02\/gran-premio-di-monaco-i-piu-fortunati-potranno-assistere-alla-gara-dalla-nuova-tribuna-galleggiante\/#primaryimage"},"thumbnailUrl":"https:\/\/www.monaco-tribune.com\/wp-content\/uploads\/2024\/02\/grand-prix-monaco-formule-1-tribune-flottante.jpeg","keywords":["Gran Premio di Monaco"],"articleSection":["Cosa fare","Notizie"],"inLanguage":"it-IT","copyrightYear":"2024","copyrightHolder":{"@id":"https:\/\/www.monaco-tribune.com\/#organization"}},{"@type":"WebPage","@id":"https:\/\/www.monaco-tribune.com\/it\/2024\/02\/gran-premio-di-monaco-i-piu-fortunati-potranno-assistere-alla-gara-dalla-nuova-tribuna-galleggiante\/","url":"https:\/\/www.monaco-tribune.com\/it\/2024\/02\/gran-premio-di-monaco-i-piu-fortunati-potranno-assistere-alla-gara-dalla-nuova-tribuna-galleggiante\/","name":"Gran Premio di Monaco: i pi\u00f9 fortunati potranno assistere alla gara dalla nuova tribuna galleggiante","isPartOf":{"@id":"https:\/\/www.monaco-tribune.com\/it\/#website"},"primaryImageOfPage":{"@id":"https:\/\/www.monaco-tribune.com\/it\/2024\/02\/gran-premio-di-monaco-i-piu-fortunati-potranno-assistere-alla-gara-dalla-nuova-tribuna-galleggiante\/#primaryimage"},"image":{"@id":"https:\/\/www.monaco-tribune.com\/it\/2024\/02\/gran-premio-di-monaco-i-piu-fortunati-potranno-assistere-alla-gara-dalla-nuova-tribuna-galleggiante\/#primaryimage"},"thumbnailUrl":"https:\/\/www.monaco-tribune.com\/wp-content\/uploads\/2024\/02\/grand-prix-monaco-formule-1-tribune-flottante.jpeg","datePublished":"2024-02-29T11:08:57+00:00","dateModified":"2024-02-29T11:09:02+00:00","description":"Un'esperienza unica offerta ai proprietari delle barche ormeggiate a Port Hercule, a Monaco o nel porto Cala del Forte a Ventimiglia. Siete fan della","breadcrumb":{"@id":"https:\/\/www.monaco-tribune.com\/it\/2024\/02\/gran-premio-di-monaco-i-piu-fortunati-potranno-assistere-alla-gara-dalla-nuova-tribuna-galleggiante\/#breadcrumb"},"inLanguage":"it-IT","potentialAction":[{"@type":"ReadAction","target":["https:\/\/www.monaco-tribune.com\/it\/2024\/02\/gran-premio-di-monaco-i-piu-fortunati-potranno-assistere-alla-gara-dalla-nuova-tribuna-galleggiante\/"]}]},{"@type":"ImageObject","inLanguage":"it-IT","@id":"https:\/\/www.monaco-tribune.com\/it\/2024\/02\/gran-premio-di-monaco-i-piu-fortunati-potranno-assistere-alla-gara-dalla-nuova-tribuna-galleggiante\/#primaryimage","url":"https:\/\/www.monaco-tribune.com\/wp-content\/uploads\/2024\/02\/grand-prix-monaco-formule-1-tribune-flottante.jpeg","contentUrl":"https:\/\/www.monaco-tribune.com\/wp-content\/uploads\/2024\/02\/grand-prix-monaco-formule-1-tribune-flottante.jpeg","width":1200,"height":690,"caption":"La nuova tribuna galleggiante 5 stelle del Gran Premio di Monaco \u00a9 Monaco Ports Lounge"},{"@type":"BreadcrumbList","@id":"https:\/\/www.monaco-tribune.com\/it\/2024\/02\/gran-premio-di-monaco-i-piu-fortunati-potranno-assistere-alla-gara-dalla-nuova-tribuna-galleggiante\/#breadcrumb","itemListElement":[{"@type":"ListItem","position":1,"name":"Accueil","item":"https:\/\/www.monaco-tribune.com\/it\/"},{"@type":"ListItem","position":2,"name":"Gran Premio di Monaco: i pi\u00f9 fortunati potranno assistere alla gara dalla nuova tribuna galleggiante"}]},{"@type":"WebSite","@id":"https:\/\/www.monaco-tribune.com\/it\/#website","url":"https:\/\/www.monaco-tribune.com\/it\/","name":"Monaco Tribune","description":"Monaco : actualit\u00e9s \u00e9conomiques, politiques, culturelles et sportives de Monaco et de la French Riviera.","publisher":{"@id":"https:\/\/www.monaco-tribune.com\/it\/#organization"},"potentialAction":[{"@type":"SearchAction","target":{"@type":"EntryPoint","urlTemplate":"https:\/\/www.monaco-tribune.com\/it\/?s={search_term_string}"},"query-input":{"@type":"PropertyValueSpecification","valueRequired":true,"valueName":"search_term_string"}}],"inLanguage":"it-IT"},{"@type":"Organization","@id":"https:\/\/www.monaco-tribune.com\/it\/#organization","name":"Monaco Tribune","url":"https:\/\/www.monaco-tribune.com\/it\/","logo":{"@type":"ImageObject","inLanguage":"it-IT","@id":"https:\/\/www.monaco-tribune.com\/it\/#\/schema\/logo\/image\/","url":"https:\/\/www.monaco-tribune.com\/wp-content\/uploads\/2022\/11\/logo-monaco-tribune.png","contentUrl":"https:\/\/www.monaco-tribune.com\/wp-content\/uploads\/2022\/11\/logo-monaco-tribune.png","width":1548,"height":600,"caption":"Monaco Tribune"},"image":{"@id":"https:\/\/www.monaco-tribune.com\/it\/#\/schema\/logo\/image\/"},"sameAs":["https:\/\/www.facebook.com\/MonacoTribune","https:\/\/x.com\/MonacoTribune","https:\/\/www.instagram.com\/monacotribune\/","https:\/\/www.linkedin.com\/company\/monaco-tribune","https:\/\/www.youtube.com\/channel\/UCHle1MnG6hw1y4lWKijVbMA"]},{"@type":"Person","@id":"https:\/\/www.monaco-tribune.com\/it\/#\/schema\/person\/2b0ab2e81c025d96ee31961e17c0435a","name":"Milla Lanciego","image":{"@type":"ImageObject","inLanguage":"it-IT","@id":"https:\/\/secure.gravatar.com\/avatar\/2a3b2862105fb3bdd4096e70c93cfaebbf445eb52cb814efd94664708edfc6aa?s=96&d=mm&r=g","url":"https:\/\/secure.gravatar.com\/avatar\/2a3b2862105fb3bdd4096e70c93cfaebbf445eb52cb814efd94664708edfc6aa?s=96&d=mm&r=g","contentUrl":"https:\/\/secure.gravatar.com\/avatar\/2a3b2862105fb3bdd4096e70c93cfaebbf445eb52cb814efd94664708edfc6aa?s=96&d=mm&r=g","caption":"Milla Lanciego"},"url":"https:\/\/www.monaco-tribune.com\/it\/author\/millalanciego\/"}]}},"_links":{"self":[{"href":"https:\/\/www.monaco-tribune.com\/it\/wp-json\/wp\/v2\/posts\/219491","targetHints":{"allow":["GET"]}}],"collection":[{"href":"https:\/\/www.monaco-tribune.com\/it\/wp-json\/wp\/v2\/posts"}],"about":[{"href":"https:\/\/www.monaco-tribune.com\/it\/wp-json\/wp\/v2\/types\/post"}],"author":[{"embeddable":true,"href":"https:\/\/www.monaco-tribune.com\/it\/wp-json\/wp\/v2\/users\/75"}],"replies":[{"embeddable":true,"href":"https:\/\/www.monaco-tribune.com\/it\/wp-json\/wp\/v2\/comments?post=219491"}],"version-history":[{"count":2,"href":"https:\/\/www.monaco-tribune.com\/it\/wp-json\/wp\/v2\/posts\/219491\/revisions"}],"predecessor-version":[{"id":219494,"href":"https:\/\/www.monaco-tribune.com\/it\/wp-json\/wp\/v2\/posts\/219491\/revisions\/219494"}],"wp:featuredmedia":[{"embeddable":true,"href":"https:\/\/www.monaco-tribune.com\/it\/wp-json\/wp\/v2\/media\/219342"}],"wp:attachment":[{"href":"https:\/\/www.monaco-tribune.com\/it\/wp-json\/wp\/v2\/media?parent=219491"}],"wp:term":[{"taxonomy":"category","embeddable":true,"href":"https:\/\/www.monaco-tribune.com\/it\/wp-json\/wp\/v2\/categories?post=219491"},{"taxonomy":"post_tag","embeddable":true,"href":"https:\/\/www.monaco-tribune.com\/it\/wp-json\/wp\/v2\/tags?post=219491"},{"taxonomy":"sectag","embeddable":true,"href":"https:\/\/www.monaco-tribune.com\/it\/wp-json\/wp\/v2\/post_sectags?post=219491"},{"taxonomy":"format","embeddable":true,"href":"https:\/\/www.monaco-tribune.com\/it\/wp-json\/wp\/v2\/post_format?post=219491"}],"curies":[{"name":"wp","href":"https:\/\/api.w.org\/{rel}","templated":true}]}}