{"id":219786,"date":"2024-03-01T19:06:01","date_gmt":"2024-03-01T17:06:01","guid":{"rendered":"https:\/\/www.monaco-tribune.com\/2024\/03\/addio-ai-problemi-con-la-rete-mobile-a-monaco\/"},"modified":"2024-03-01T19:06:05","modified_gmt":"2024-03-01T17:06:05","slug":"addio-ai-problemi-con-la-rete-mobile-a-monaco","status":"publish","type":"post","link":"https:\/\/www.monaco-tribune.com\/it\/2024\/03\/addio-ai-problemi-con-la-rete-mobile-a-monaco\/","title":{"rendered":"Addio ai problemi con la rete mobile a Monaco"},"content":{"rendered":"\n<p><strong>A partire dal 5 marzo, chi possiede un abbonamento francese potr\u00e0 inviare SMS e connettersi a internet senza alcuna restrizione.<\/strong><\/p>\n\n<p>Difficile trovare campo a Monaco se non siete clienti Monaco Telecom o Orange, vero? Ora non pi\u00f9, abbiamo delle buone notizie! Dal 5 marzo, in collaborazione con gli operatori francesi e con l&#8217;operatore nazionale Monaco Telecom, il Governo del Principe attiver\u00e0 una rete mobile per tutti.<\/p>\n\n<p>SFR, Bouygues Telecom e persino Free&#8230; tutti gli abbonati ai servizi di telefonia mobile francesi potranno usufruire della nuova rete Monaco Telecom.<\/p>\n\n<p>L&#8217;obiettivo \u00e8 quello di sostituire il vostro operatore per tutta la durata del soggiorno a Monaco, cos\u00ec da unificare la qualit\u00e0 della rete mobile nel Principato, come succede con il servizio offerto nella zona euro. <\/p>\n\n<p>Un progetto sostenuto dal Governo del Principe che &#8220;si pone l&#8217;obiettivo di promuovere la qualit\u00e0 del servizio e la copertura uniforme per tutti gli abbonati ai servizi di telefonia mobile stranieri&#8221;, ha dichiarato Christophe Pierre, Direttore delle Piattaforme e Risorse Digitali presso la Delegazione Interministeriale per la Transizione Digitale.<\/p>\n\n<p><a href=\"https:\/\/www.monaco-tribune.com\/it\/2024\/03\/monaco-la-meta-ideale-per-gli-imprenditori\/\">Monaco: la meta ideale per gli imprenditori<\/a><\/p>\n\n<h2 class=\"wp-block-heading\" id=\"h-mais-alors-comment-ca-marche\"><strong>Quindi, come funziona?<\/strong><\/h2>\n\n<p>Potrete utilizzare la rete mobile giusto con qualche clic. Baster\u00e0 assicurarvi di aver attivato il roaming sul telefono, cos\u00ec da poter usufruire delle chiamate in entrata e in uscita e di una connessione a internet perfetta in tutto il Principato. Basta quindi verificare che siano attive le seguenti impostazioni:<\/p>\n\n<ul class=\"wp-block-list\">\n<li>Dati cellulare e roaming &#8220;Dati all&#8217;estero&#8221;. I servizi Internet mobile come MMS, WhatsApp e alcune applicazioni richiedono l&#8217;attivazione dei dati cellulare;<\/li>\n\n\n\n<li>L&#8217;impostazione della modalit\u00e0 &#8220;Selezione automatica della rete&#8221; o, se non viene visualizzata alcuna rete, selezionare manualmente &#8220;Monaco Telecom&#8221;.<\/li>\n<\/ul>\n\n<p>Il prefisso +33 deve essere digitato per tutte le chiamate verso la Francia. Se volete salvarlo, il numero dovr\u00e0 avere lo stesso formato anche nella rubrica.<\/p>\n\n<p>Nella maggior parte dei casi, questa nuova rete mobile dovrebbe essere disponibile per tutti senza costi aggiuntivi. Tuttavia, ogni operatore francese sar\u00e0 libero di applicare ai propri clienti le proprie tariffe.<\/p>\n\n<p>Per maggiori informazioni, \u00e8 disponibile una pagina FAQ sul sito\u00a0<a href=\"https:\/\/monservicepublic.gouv.mc\/thematiques\/logement\/domicile\/reseau-mobile-unifie-itinerance\/faq-reseau-mobile-unifie-itinerance\">Mon Service Public<\/a>.<\/p>\n","protected":false},"excerpt":{"rendered":"<p>A partire dal 5 marzo, chi possiede un abbonamento francese potr\u00e0 inviare SMS e connettersi a internet senza alcuna restrizione. [&hellip;]<\/p>\n","protected":false},"author":75,"featured_media":59502,"comment_status":"closed","ping_status":"closed","sticky":false,"template":"","format":"standard","meta":{"_acf_changed":false,"footnotes":""},"categories":[1738,1752],"tags":[4760],"post_sectags":[],"post_format":[2477],"class_list":["post-219786","post","type-post","status-publish","format-standard","has-post-thumbnail","hentry","category-notizie","category-societa","tag-tecnologia","format-info-pratiche"],"acf":[],"yoast_head":"<!-- This site is optimized with the Yoast SEO Premium plugin v26.8 (Yoast SEO v27.4) - https:\/\/yoast.com\/product\/yoast-seo-premium-wordpress\/ -->\n<title>Addio ai problemi con la rete mobile a Monaco<\/title>\n<meta name=\"description\" content=\"A partire dal 5 marzo, chi possiede un abbonamento francese potr\u00e0 inviare SMS e connettersi a internet senza alcuna restrizione. Difficile trovare campo a\" \/>\n<meta name=\"robots\" content=\"index, follow, max-snippet:-1, max-image-preview:large, max-video-preview:-1\" \/>\n<link rel=\"canonical\" href=\"https:\/\/www.monaco-tribune.com\/it\/2024\/03\/addio-ai-problemi-con-la-rete-mobile-a-monaco\/\" \/>\n<meta property=\"og:locale\" content=\"it_IT\" \/>\n<meta property=\"og:type\" content=\"article\" \/>\n<meta property=\"og:title\" content=\"Addio ai problemi con la rete mobile a Monaco - Monaco Tribune\" \/>\n<meta property=\"og:description\" content=\"A partire dal 5 marzo, chi possiede un abbonamento francese potr\u00e0 inviare SMS e connettersi a internet senza alcuna restrizione. Difficile trovare campo a\" \/>\n<meta property=\"og:url\" content=\"https:\/\/www.monaco-tribune.com\/it\/2024\/03\/addio-ai-problemi-con-la-rete-mobile-a-monaco\/\" \/>\n<meta property=\"og:site_name\" content=\"Monaco Tribune\" \/>\n<meta property=\"article:publisher\" content=\"https:\/\/www.facebook.com\/MonacoTribune\" \/>\n<meta property=\"article:published_time\" content=\"2024-03-01T17:06:01+00:00\" \/>\n<meta property=\"article:modified_time\" content=\"2024-03-01T17:06:05+00:00\" \/>\n<meta property=\"og:image\" content=\"https:\/\/www.monaco-tribune.com\/wp-content\/uploads\/2020\/12\/antenne-2g-5g-min-3.jpg\" \/>\n\t<meta property=\"og:image:width\" content=\"992\" \/>\n\t<meta property=\"og:image:height\" content=\"515\" \/>\n\t<meta property=\"og:image:type\" content=\"image\/jpeg\" \/>\n<meta name=\"author\" content=\"Milla Lanciego\" \/>\n<meta name=\"twitter:card\" content=\"summary_large_image\" \/>\n<meta name=\"twitter:creator\" content=\"@MonacoTribune\" \/>\n<meta name=\"twitter:site\" content=\"@MonacoTribune\" \/>\n<script type=\"application\/ld+json\" class=\"yoast-schema-graph\">{\"@context\":\"https:\\\/\\\/schema.org\",\"@graph\":[{\"@type\":\"NewsArticle\",\"@id\":\"https:\\\/\\\/www.monaco-tribune.com\\\/it\\\/2024\\\/03\\\/addio-ai-problemi-con-la-rete-mobile-a-monaco\\\/#article\",\"isPartOf\":{\"@id\":\"https:\\\/\\\/www.monaco-tribune.com\\\/it\\\/2024\\\/03\\\/addio-ai-problemi-con-la-rete-mobile-a-monaco\\\/\"},\"author\":{\"name\":\"Milla Lanciego\",\"@id\":\"https:\\\/\\\/www.monaco-tribune.com\\\/it\\\/#\\\/schema\\\/person\\\/2b0ab2e81c025d96ee31961e17c0435a\"},\"headline\":\"Addio ai problemi con la rete mobile a Monaco\",\"datePublished\":\"2024-03-01T17:06:01+00:00\",\"dateModified\":\"2024-03-01T17:06:05+00:00\",\"mainEntityOfPage\":{\"@id\":\"https:\\\/\\\/www.monaco-tribune.com\\\/it\\\/2024\\\/03\\\/addio-ai-problemi-con-la-rete-mobile-a-monaco\\\/\"},\"wordCount\":350,\"publisher\":{\"@id\":\"https:\\\/\\\/www.monaco-tribune.com\\\/it\\\/#organization\"},\"image\":{\"@id\":\"https:\\\/\\\/www.monaco-tribune.com\\\/it\\\/2024\\\/03\\\/addio-ai-problemi-con-la-rete-mobile-a-monaco\\\/#primaryimage\"},\"thumbnailUrl\":\"https:\\\/\\\/www.monaco-tribune.com\\\/wp-content\\\/uploads\\\/2020\\\/12\\\/antenne-2g-5g-min-3.jpg\",\"keywords\":[\"Tecnologia\"],\"articleSection\":[\"Notizie\",\"Societ\u00e0\"],\"inLanguage\":\"it-IT\",\"copyrightYear\":\"2024\",\"copyrightHolder\":{\"@id\":\"https:\\\/\\\/www.monaco-tribune.com\\\/#organization\"}},{\"@type\":\"WebPage\",\"@id\":\"https:\\\/\\\/www.monaco-tribune.com\\\/it\\\/2024\\\/03\\\/addio-ai-problemi-con-la-rete-mobile-a-monaco\\\/\",\"url\":\"https:\\\/\\\/www.monaco-tribune.com\\\/it\\\/2024\\\/03\\\/addio-ai-problemi-con-la-rete-mobile-a-monaco\\\/\",\"name\":\"Addio ai problemi con la rete mobile a Monaco\",\"isPartOf\":{\"@id\":\"https:\\\/\\\/www.monaco-tribune.com\\\/it\\\/#website\"},\"primaryImageOfPage\":{\"@id\":\"https:\\\/\\\/www.monaco-tribune.com\\\/it\\\/2024\\\/03\\\/addio-ai-problemi-con-la-rete-mobile-a-monaco\\\/#primaryimage\"},\"image\":{\"@id\":\"https:\\\/\\\/www.monaco-tribune.com\\\/it\\\/2024\\\/03\\\/addio-ai-problemi-con-la-rete-mobile-a-monaco\\\/#primaryimage\"},\"thumbnailUrl\":\"https:\\\/\\\/www.monaco-tribune.com\\\/wp-content\\\/uploads\\\/2020\\\/12\\\/antenne-2g-5g-min-3.jpg\",\"datePublished\":\"2024-03-01T17:06:01+00:00\",\"dateModified\":\"2024-03-01T17:06:05+00:00\",\"description\":\"A partire dal 5 marzo, chi possiede un abbonamento francese potr\u00e0 inviare SMS e connettersi a internet senza alcuna restrizione. Difficile trovare campo a\",\"breadcrumb\":{\"@id\":\"https:\\\/\\\/www.monaco-tribune.com\\\/it\\\/2024\\\/03\\\/addio-ai-problemi-con-la-rete-mobile-a-monaco\\\/#breadcrumb\"},\"inLanguage\":\"it-IT\",\"potentialAction\":[{\"@type\":\"ReadAction\",\"target\":[\"https:\\\/\\\/www.monaco-tribune.com\\\/it\\\/2024\\\/03\\\/addio-ai-problemi-con-la-rete-mobile-a-monaco\\\/\"]}]},{\"@type\":\"ImageObject\",\"inLanguage\":\"it-IT\",\"@id\":\"https:\\\/\\\/www.monaco-tribune.com\\\/it\\\/2024\\\/03\\\/addio-ai-problemi-con-la-rete-mobile-a-monaco\\\/#primaryimage\",\"url\":\"https:\\\/\\\/www.monaco-tribune.com\\\/wp-content\\\/uploads\\\/2020\\\/12\\\/antenne-2g-5g-min-3.jpg\",\"contentUrl\":\"https:\\\/\\\/www.monaco-tribune.com\\\/wp-content\\\/uploads\\\/2020\\\/12\\\/antenne-2g-5g-min-3.jpg\",\"width\":992,\"height\":515,\"caption\":\"DR\"},{\"@type\":\"BreadcrumbList\",\"@id\":\"https:\\\/\\\/www.monaco-tribune.com\\\/it\\\/2024\\\/03\\\/addio-ai-problemi-con-la-rete-mobile-a-monaco\\\/#breadcrumb\",\"itemListElement\":[{\"@type\":\"ListItem\",\"position\":1,\"name\":\"Accueil\",\"item\":\"https:\\\/\\\/www.monaco-tribune.com\\\/it\\\/\"},{\"@type\":\"ListItem\",\"position\":2,\"name\":\"Addio ai problemi con la rete mobile a Monaco\"}]},{\"@type\":\"WebSite\",\"@id\":\"https:\\\/\\\/www.monaco-tribune.com\\\/it\\\/#website\",\"url\":\"https:\\\/\\\/www.monaco-tribune.com\\\/it\\\/\",\"name\":\"Monaco Tribune\",\"description\":\"Monaco : actualit\u00e9s \u00e9conomiques, politiques, culturelles et sportives de Monaco et de la French Riviera.\",\"publisher\":{\"@id\":\"https:\\\/\\\/www.monaco-tribune.com\\\/it\\\/#organization\"},\"potentialAction\":[{\"@type\":\"SearchAction\",\"target\":{\"@type\":\"EntryPoint\",\"urlTemplate\":\"https:\\\/\\\/www.monaco-tribune.com\\\/it\\\/?s={search_term_string}\"},\"query-input\":{\"@type\":\"PropertyValueSpecification\",\"valueRequired\":true,\"valueName\":\"search_term_string\"}}],\"inLanguage\":\"it-IT\"},{\"@type\":\"Organization\",\"@id\":\"https:\\\/\\\/www.monaco-tribune.com\\\/it\\\/#organization\",\"name\":\"Monaco Tribune\",\"url\":\"https:\\\/\\\/www.monaco-tribune.com\\\/it\\\/\",\"logo\":{\"@type\":\"ImageObject\",\"inLanguage\":\"it-IT\",\"@id\":\"https:\\\/\\\/www.monaco-tribune.com\\\/it\\\/#\\\/schema\\\/logo\\\/image\\\/\",\"url\":\"https:\\\/\\\/www.monaco-tribune.com\\\/wp-content\\\/uploads\\\/2022\\\/11\\\/logo-monaco-tribune.png\",\"contentUrl\":\"https:\\\/\\\/www.monaco-tribune.com\\\/wp-content\\\/uploads\\\/2022\\\/11\\\/logo-monaco-tribune.png\",\"width\":1548,\"height\":600,\"caption\":\"Monaco Tribune\"},\"image\":{\"@id\":\"https:\\\/\\\/www.monaco-tribune.com\\\/it\\\/#\\\/schema\\\/logo\\\/image\\\/\"},\"sameAs\":[\"https:\\\/\\\/www.facebook.com\\\/MonacoTribune\",\"https:\\\/\\\/x.com\\\/MonacoTribune\",\"https:\\\/\\\/www.instagram.com\\\/monacotribune\\\/\",\"https:\\\/\\\/www.linkedin.com\\\/company\\\/monaco-tribune\",\"https:\\\/\\\/www.youtube.com\\\/channel\\\/UCHle1MnG6hw1y4lWKijVbMA\"]},{\"@type\":\"Person\",\"@id\":\"https:\\\/\\\/www.monaco-tribune.com\\\/it\\\/#\\\/schema\\\/person\\\/2b0ab2e81c025d96ee31961e17c0435a\",\"name\":\"Milla Lanciego\",\"image\":{\"@type\":\"ImageObject\",\"inLanguage\":\"it-IT\",\"@id\":\"https:\\\/\\\/secure.gravatar.com\\\/avatar\\\/2a3b2862105fb3bdd4096e70c93cfaebbf445eb52cb814efd94664708edfc6aa?s=96&d=mm&r=g\",\"url\":\"https:\\\/\\\/secure.gravatar.com\\\/avatar\\\/2a3b2862105fb3bdd4096e70c93cfaebbf445eb52cb814efd94664708edfc6aa?s=96&d=mm&r=g\",\"contentUrl\":\"https:\\\/\\\/secure.gravatar.com\\\/avatar\\\/2a3b2862105fb3bdd4096e70c93cfaebbf445eb52cb814efd94664708edfc6aa?s=96&d=mm&r=g\",\"caption\":\"Milla Lanciego\"},\"url\":\"https:\\\/\\\/www.monaco-tribune.com\\\/it\\\/author\\\/millalanciego\\\/\"}]}<\/script>\n<!-- \/ Yoast SEO Premium plugin. -->","yoast_head_json":{"title":"Addio ai problemi con la rete mobile a Monaco","description":"A partire dal 5 marzo, chi possiede un abbonamento francese potr\u00e0 inviare SMS e connettersi a internet senza alcuna restrizione. Difficile trovare campo a","robots":{"index":"index","follow":"follow","max-snippet":"max-snippet:-1","max-image-preview":"max-image-preview:large","max-video-preview":"max-video-preview:-1"},"canonical":"https:\/\/www.monaco-tribune.com\/it\/2024\/03\/addio-ai-problemi-con-la-rete-mobile-a-monaco\/","og_locale":"it_IT","og_type":"article","og_title":"Addio ai problemi con la rete mobile a Monaco - Monaco Tribune","og_description":"A partire dal 5 marzo, chi possiede un abbonamento francese potr\u00e0 inviare SMS e connettersi a internet senza alcuna restrizione. Difficile trovare campo a","og_url":"https:\/\/www.monaco-tribune.com\/it\/2024\/03\/addio-ai-problemi-con-la-rete-mobile-a-monaco\/","og_site_name":"Monaco Tribune","article_publisher":"https:\/\/www.facebook.com\/MonacoTribune","article_published_time":"2024-03-01T17:06:01+00:00","article_modified_time":"2024-03-01T17:06:05+00:00","og_image":[{"width":992,"height":515,"url":"https:\/\/www.monaco-tribune.com\/wp-content\/uploads\/2020\/12\/antenne-2g-5g-min-3.jpg","type":"image\/jpeg"}],"author":"Milla Lanciego","twitter_card":"summary_large_image","twitter_creator":"@MonacoTribune","twitter_site":"@MonacoTribune","schema":{"@context":"https:\/\/schema.org","@graph":[{"@type":"NewsArticle","@id":"https:\/\/www.monaco-tribune.com\/it\/2024\/03\/addio-ai-problemi-con-la-rete-mobile-a-monaco\/#article","isPartOf":{"@id":"https:\/\/www.monaco-tribune.com\/it\/2024\/03\/addio-ai-problemi-con-la-rete-mobile-a-monaco\/"},"author":{"name":"Milla Lanciego","@id":"https:\/\/www.monaco-tribune.com\/it\/#\/schema\/person\/2b0ab2e81c025d96ee31961e17c0435a"},"headline":"Addio ai problemi con la rete mobile a Monaco","datePublished":"2024-03-01T17:06:01+00:00","dateModified":"2024-03-01T17:06:05+00:00","mainEntityOfPage":{"@id":"https:\/\/www.monaco-tribune.com\/it\/2024\/03\/addio-ai-problemi-con-la-rete-mobile-a-monaco\/"},"wordCount":350,"publisher":{"@id":"https:\/\/www.monaco-tribune.com\/it\/#organization"},"image":{"@id":"https:\/\/www.monaco-tribune.com\/it\/2024\/03\/addio-ai-problemi-con-la-rete-mobile-a-monaco\/#primaryimage"},"thumbnailUrl":"https:\/\/www.monaco-tribune.com\/wp-content\/uploads\/2020\/12\/antenne-2g-5g-min-3.jpg","keywords":["Tecnologia"],"articleSection":["Notizie","Societ\u00e0"],"inLanguage":"it-IT","copyrightYear":"2024","copyrightHolder":{"@id":"https:\/\/www.monaco-tribune.com\/#organization"}},{"@type":"WebPage","@id":"https:\/\/www.monaco-tribune.com\/it\/2024\/03\/addio-ai-problemi-con-la-rete-mobile-a-monaco\/","url":"https:\/\/www.monaco-tribune.com\/it\/2024\/03\/addio-ai-problemi-con-la-rete-mobile-a-monaco\/","name":"Addio ai problemi con la rete mobile a Monaco","isPartOf":{"@id":"https:\/\/www.monaco-tribune.com\/it\/#website"},"primaryImageOfPage":{"@id":"https:\/\/www.monaco-tribune.com\/it\/2024\/03\/addio-ai-problemi-con-la-rete-mobile-a-monaco\/#primaryimage"},"image":{"@id":"https:\/\/www.monaco-tribune.com\/it\/2024\/03\/addio-ai-problemi-con-la-rete-mobile-a-monaco\/#primaryimage"},"thumbnailUrl":"https:\/\/www.monaco-tribune.com\/wp-content\/uploads\/2020\/12\/antenne-2g-5g-min-3.jpg","datePublished":"2024-03-01T17:06:01+00:00","dateModified":"2024-03-01T17:06:05+00:00","description":"A partire dal 5 marzo, chi possiede un abbonamento francese potr\u00e0 inviare SMS e connettersi a internet senza alcuna restrizione. Difficile trovare campo a","breadcrumb":{"@id":"https:\/\/www.monaco-tribune.com\/it\/2024\/03\/addio-ai-problemi-con-la-rete-mobile-a-monaco\/#breadcrumb"},"inLanguage":"it-IT","potentialAction":[{"@type":"ReadAction","target":["https:\/\/www.monaco-tribune.com\/it\/2024\/03\/addio-ai-problemi-con-la-rete-mobile-a-monaco\/"]}]},{"@type":"ImageObject","inLanguage":"it-IT","@id":"https:\/\/www.monaco-tribune.com\/it\/2024\/03\/addio-ai-problemi-con-la-rete-mobile-a-monaco\/#primaryimage","url":"https:\/\/www.monaco-tribune.com\/wp-content\/uploads\/2020\/12\/antenne-2g-5g-min-3.jpg","contentUrl":"https:\/\/www.monaco-tribune.com\/wp-content\/uploads\/2020\/12\/antenne-2g-5g-min-3.jpg","width":992,"height":515,"caption":"DR"},{"@type":"BreadcrumbList","@id":"https:\/\/www.monaco-tribune.com\/it\/2024\/03\/addio-ai-problemi-con-la-rete-mobile-a-monaco\/#breadcrumb","itemListElement":[{"@type":"ListItem","position":1,"name":"Accueil","item":"https:\/\/www.monaco-tribune.com\/it\/"},{"@type":"ListItem","position":2,"name":"Addio ai problemi con la rete mobile a Monaco"}]},{"@type":"WebSite","@id":"https:\/\/www.monaco-tribune.com\/it\/#website","url":"https:\/\/www.monaco-tribune.com\/it\/","name":"Monaco Tribune","description":"Monaco : actualit\u00e9s \u00e9conomiques, politiques, culturelles et sportives de Monaco et de la French Riviera.","publisher":{"@id":"https:\/\/www.monaco-tribune.com\/it\/#organization"},"potentialAction":[{"@type":"SearchAction","target":{"@type":"EntryPoint","urlTemplate":"https:\/\/www.monaco-tribune.com\/it\/?s={search_term_string}"},"query-input":{"@type":"PropertyValueSpecification","valueRequired":true,"valueName":"search_term_string"}}],"inLanguage":"it-IT"},{"@type":"Organization","@id":"https:\/\/www.monaco-tribune.com\/it\/#organization","name":"Monaco Tribune","url":"https:\/\/www.monaco-tribune.com\/it\/","logo":{"@type":"ImageObject","inLanguage":"it-IT","@id":"https:\/\/www.monaco-tribune.com\/it\/#\/schema\/logo\/image\/","url":"https:\/\/www.monaco-tribune.com\/wp-content\/uploads\/2022\/11\/logo-monaco-tribune.png","contentUrl":"https:\/\/www.monaco-tribune.com\/wp-content\/uploads\/2022\/11\/logo-monaco-tribune.png","width":1548,"height":600,"caption":"Monaco Tribune"},"image":{"@id":"https:\/\/www.monaco-tribune.com\/it\/#\/schema\/logo\/image\/"},"sameAs":["https:\/\/www.facebook.com\/MonacoTribune","https:\/\/x.com\/MonacoTribune","https:\/\/www.instagram.com\/monacotribune\/","https:\/\/www.linkedin.com\/company\/monaco-tribune","https:\/\/www.youtube.com\/channel\/UCHle1MnG6hw1y4lWKijVbMA"]},{"@type":"Person","@id":"https:\/\/www.monaco-tribune.com\/it\/#\/schema\/person\/2b0ab2e81c025d96ee31961e17c0435a","name":"Milla Lanciego","image":{"@type":"ImageObject","inLanguage":"it-IT","@id":"https:\/\/secure.gravatar.com\/avatar\/2a3b2862105fb3bdd4096e70c93cfaebbf445eb52cb814efd94664708edfc6aa?s=96&d=mm&r=g","url":"https:\/\/secure.gravatar.com\/avatar\/2a3b2862105fb3bdd4096e70c93cfaebbf445eb52cb814efd94664708edfc6aa?s=96&d=mm&r=g","contentUrl":"https:\/\/secure.gravatar.com\/avatar\/2a3b2862105fb3bdd4096e70c93cfaebbf445eb52cb814efd94664708edfc6aa?s=96&d=mm&r=g","caption":"Milla Lanciego"},"url":"https:\/\/www.monaco-tribune.com\/it\/author\/millalanciego\/"}]}},"_links":{"self":[{"href":"https:\/\/www.monaco-tribune.com\/it\/wp-json\/wp\/v2\/posts\/219786","targetHints":{"allow":["GET"]}}],"collection":[{"href":"https:\/\/www.monaco-tribune.com\/it\/wp-json\/wp\/v2\/posts"}],"about":[{"href":"https:\/\/www.monaco-tribune.com\/it\/wp-json\/wp\/v2\/types\/post"}],"author":[{"embeddable":true,"href":"https:\/\/www.monaco-tribune.com\/it\/wp-json\/wp\/v2\/users\/75"}],"replies":[{"embeddable":true,"href":"https:\/\/www.monaco-tribune.com\/it\/wp-json\/wp\/v2\/comments?post=219786"}],"version-history":[{"count":2,"href":"https:\/\/www.monaco-tribune.com\/it\/wp-json\/wp\/v2\/posts\/219786\/revisions"}],"predecessor-version":[{"id":219789,"href":"https:\/\/www.monaco-tribune.com\/it\/wp-json\/wp\/v2\/posts\/219786\/revisions\/219789"}],"wp:featuredmedia":[{"embeddable":true,"href":"https:\/\/www.monaco-tribune.com\/it\/wp-json\/wp\/v2\/media\/59502"}],"wp:attachment":[{"href":"https:\/\/www.monaco-tribune.com\/it\/wp-json\/wp\/v2\/media?parent=219786"}],"wp:term":[{"taxonomy":"category","embeddable":true,"href":"https:\/\/www.monaco-tribune.com\/it\/wp-json\/wp\/v2\/categories?post=219786"},{"taxonomy":"post_tag","embeddable":true,"href":"https:\/\/www.monaco-tribune.com\/it\/wp-json\/wp\/v2\/tags?post=219786"},{"taxonomy":"sectag","embeddable":true,"href":"https:\/\/www.monaco-tribune.com\/it\/wp-json\/wp\/v2\/post_sectags?post=219786"},{"taxonomy":"format","embeddable":true,"href":"https:\/\/www.monaco-tribune.com\/it\/wp-json\/wp\/v2\/post_format?post=219786"}],"curies":[{"name":"wp","href":"https:\/\/api.w.org\/{rel}","templated":true}]}}