{"id":22037,"date":"2020-02-20T12:35:45","date_gmt":"2020-02-20T11:35:45","guid":{"rendered":"https:\/\/www.monaco-tribune.com\/2020\/02\/la-storia-festa-del-limone-a-mentone\/"},"modified":"2020-02-20T12:43:05","modified_gmt":"2020-02-20T11:43:05","slug":"la-storia-festa-del-limone-a-mentone","status":"publish","type":"post","link":"https:\/\/www.monaco-tribune.com\/it\/2020\/02\/la-storia-festa-del-limone-a-mentone\/","title":{"rendered":"La storia della Festa del limone a Mentone"},"content":{"rendered":"<h3>La Festa del limone come la conosciamo oggi \u00e8 nata nel 1934 nella citt\u00e0 di Mentone (Francia &#8211; Costa Azzura). Ma dobbiamo tornare indietro di circa quarant&#8217;anni, al 1895, per vedere le premesse. Quest&#8217;anno gli albergatori cercano di organizzare attivit\u00e0 per animare la citt\u00e0 in inverno. Propongono al Comune di creare una sfilata, la cui prima edizione si terr\u00e0 l&#8217;anno successivo, nel 1896.<\/h3>\n<p>&nbsp;<\/p>\n<p>Fin dalla sua prima edizione, la sfilata ha sedotto i residenti della citt\u00e0 e i ricchi svernanti che venivano a trascorrere questo periodo alle latitudini pi\u00f9 calde. Principi, artisti e persino re si sono riversati nei palazzi di Mentone e in tutta la Costa Azzurra.<\/p>\n<p>&nbsp;<\/p>\n<h3>Il principale produttore europeo di limoni<\/h3>\n<p>I limoni e gli agrumi sono entrati in ballo nel 1929. Mentone era allora il primo produttore di limoni in Europa. L&#8217;Hotel Riviera ha avuto l&#8217;idea di organizzare una mostra di fiori e agrumi nei giardini del suo stabilimento. Fu un successo totale e l&#8217;anno successivo la festa si diffuse per le strade della citt\u00e0, con carri di arbusti decorati con arance e limoni.<\/p>\n<p>&nbsp;<\/p>\n<p>Ansioso di sviluppare il turismo, il comune di Mentone vede una grande opportunit\u00e0 formalizzando l&#8217;evento e dandogli un sapore locale. Siamo nel 1934 e la Festa del limone era appena nata. Nel 1936, nei giardini di Biov\u00e8s viene inaugurata la prima mostra di agrumi e fiori. Fran\u00e7ois Ferri\u00e9 si occupava allora di progettare e allestire i piani dei carri che avrebbero sfilato per la citt\u00e0. Anno dopo anno, gli spettatori accorrevano dai quattro angoli del mondo per vedere i carri decorati con arance e limoni. Il carnevale \u00e8 stato addirittura riconosciuto e inserito dal Ministero della Cultura nell&#8217;inventario del patrimonio culturale immateriale francese nel 2019.<\/p>\n<p>&nbsp;<\/p>\n<div id=\"attachment_22031\" style=\"width: 1034px\" class=\"wp-caption aligncenter\"><img loading=\"lazy\" decoding=\"async\" aria-describedby=\"caption-attachment-22031\" class=\"wp-image-22031 size-large\" src=\"https:\/\/www.monaco-tribune.com\/wp-content\/uploads\/2020\/02\/Fe\u0302te_du_Citron\u00ae_Menton.jpg\" alt=\"Fe\u0302te_du_Citron\u00ae_Menton\" width=\"1024\" height=\"683\" \/><p id=\"caption-attachment-22031\" class=\"wp-caption-text\">Fe\u0302te du Citron\u00ae Mentone. Wikipedia<\/p><\/div>\n<p>&nbsp;<\/p>\n<h3>Festa del limone 2020<\/h3>\n<p>L&#8217;87esima edizione, che si svolge dal 15 febbraio al 3 marzo, rende omaggio alle celebrazioni mondiali. \u00c8 un&#8217;occasione per scoprire tradizioni festive, a volte laiche, provenienti da altre parti del mondo. Cos\u00ec, si pu\u00f2 imparare qualcosa di pi\u00f9 sul Festival dei Morti in Messico, il carnevale di New Orleans, Hanami, la famosa usanza tradizionale giapponese di contemplare la bellezza dei fiori, o il famoso Oktoberfest che ogni anno celebra la birra dai nostri vicini tedeschi.<\/p>\n<p>&nbsp;<\/p>\n<p>Per questa 87esima edizione sono state necessarie ben 140 tonnellate di agrumi per partecipare alla decorazione delle vasche e ad altre decorazioni. Durante tutto l&#8217;evento vengono organizzati eventi puntuali come le passeggiate notturne di sabato 15, venerd\u00ec 21 e 28 febbraio. Le famose sfilate dei carri si svolgeranno tutte le domeniche: 16 e 23 febbraio e il 1\u00b0 marzo alle 14.30. Sar\u00e0 inoltre possibile vederli tutti i gioved\u00ec (20 e 27 febbraio) a partire dalle 21.00.<\/p>\n<p>&nbsp;<\/p>\n<p><iframe title=\"F\u00eate du Citron\u00ae 2020 - vid\u00e9o drone - Exposition des motifs d&#039;agrumes\" width=\"500\" height=\"281\" src=\"https:\/\/www.youtube.com\/embed\/LFAXeaAi36s?start=12&#038;feature=oembed\" frameborder=\"0\" allow=\"accelerometer; autoplay; clipboard-write; encrypted-media; gyroscope; picture-in-picture; web-share\" referrerpolicy=\"strict-origin-when-cross-origin\" allowfullscreen><\/iframe><\/p>\n<p>&nbsp;<\/p>\n<p>Il programma \u00e8 dettagliato sul sito web della <a href=\"https:\/\/www.fete-du-citron.com\/?lang=it\">Festa del limone<\/a>, dove \u00e8 possibile acquistare anche i biglietti per i diversi eventi.<\/p>\n","protected":false},"excerpt":{"rendered":"<p>La Festa del limone come la conosciamo oggi \u00e8 nata nel 1934 nella citt\u00e0 di Mentone (Francia &#8211; Costa Azzura). [&hellip;]<\/p>\n","protected":false},"author":21,"featured_media":22029,"comment_status":"closed","ping_status":"open","sticky":false,"template":"","format":"standard","meta":{"_acf_changed":false,"footnotes":""},"categories":[1740,1738],"tags":[2890],"post_sectags":[],"post_format":[2486],"class_list":["post-22037","post","type-post","status-publish","format-standard","has-post-thumbnail","hentry","category-cosa-fare","category-notizie","tag-eventi","format-servizio"],"acf":[],"yoast_head":"<!-- This site is optimized with the Yoast SEO Premium plugin v26.8 (Yoast SEO v27.5) - https:\/\/yoast.com\/product\/yoast-seo-premium-wordpress\/ -->\n<title>La storia della Festa del limone a Mentone<\/title>\n<meta name=\"description\" content=\"La Festa del limone come la conosciamo oggi \u00e8 nata nel 1934 nella citt\u00e0 di Mentone (Francia - Costa Azzura)\" \/>\n<meta name=\"robots\" content=\"index, follow, max-snippet:-1, max-image-preview:large, max-video-preview:-1\" \/>\n<link rel=\"canonical\" href=\"https:\/\/www.monaco-tribune.com\/it\/2020\/02\/la-storia-festa-del-limone-a-mentone\/\" \/>\n<meta property=\"og:locale\" content=\"it_IT\" \/>\n<meta property=\"og:type\" content=\"article\" \/>\n<meta property=\"og:title\" content=\"La storia della Festa del limone a Mentone - Monaco Tribune\" \/>\n<meta property=\"og:description\" content=\"La Festa del limone come la conosciamo oggi \u00e8 nata nel 1934 nella citt\u00e0 di Mentone (Francia - Costa Azzura). Ma dobbiamo tornare indietro di circa\" \/>\n<meta property=\"og:url\" content=\"https:\/\/www.monaco-tribune.com\/it\/2020\/02\/la-storia-festa-del-limone-a-mentone\/\" \/>\n<meta property=\"og:site_name\" content=\"Monaco Tribune\" \/>\n<meta property=\"article:publisher\" content=\"https:\/\/www.facebook.com\/MonacoTribune\" \/>\n<meta property=\"article:published_time\" content=\"2020-02-20T11:35:45+00:00\" \/>\n<meta property=\"article:modified_time\" content=\"2020-02-20T11:43:05+00:00\" \/>\n<meta property=\"og:image\" content=\"https:\/\/www.monaco-tribune.com\/wp-content\/uploads\/2020\/02\/Services-des-archives-de-la-ville-de-Menton.jpg\" \/>\n\t<meta property=\"og:image:width\" content=\"1200\" \/>\n\t<meta property=\"og:image:height\" content=\"675\" \/>\n\t<meta property=\"og:image:type\" content=\"image\/jpeg\" \/>\n<meta name=\"author\" content=\"Monaco Tribune\" \/>\n<meta name=\"twitter:card\" content=\"summary_large_image\" \/>\n<meta name=\"twitter:creator\" content=\"@MonacoTribune\" \/>\n<meta name=\"twitter:site\" content=\"@MonacoTribune\" \/>\n<script type=\"application\/ld+json\" class=\"yoast-schema-graph\">{\"@context\":\"https:\\\/\\\/schema.org\",\"@graph\":[{\"@type\":\"NewsArticle\",\"@id\":\"https:\\\/\\\/www.monaco-tribune.com\\\/it\\\/2020\\\/02\\\/la-storia-festa-del-limone-a-mentone\\\/#article\",\"isPartOf\":{\"@id\":\"https:\\\/\\\/www.monaco-tribune.com\\\/it\\\/2020\\\/02\\\/la-storia-festa-del-limone-a-mentone\\\/\"},\"author\":{\"name\":\"Monaco Tribune\",\"@id\":\"https:\\\/\\\/www.monaco-tribune.com\\\/it\\\/#\\\/schema\\\/person\\\/8f6ed8c063276e2397589eda5b7a2f2d\"},\"headline\":\"La storia della Festa del limone a Mentone\",\"datePublished\":\"2020-02-20T11:35:45+00:00\",\"dateModified\":\"2020-02-20T11:43:05+00:00\",\"mainEntityOfPage\":{\"@id\":\"https:\\\/\\\/www.monaco-tribune.com\\\/it\\\/2020\\\/02\\\/la-storia-festa-del-limone-a-mentone\\\/\"},\"wordCount\":491,\"publisher\":{\"@id\":\"https:\\\/\\\/www.monaco-tribune.com\\\/it\\\/#organization\"},\"image\":{\"@id\":\"https:\\\/\\\/www.monaco-tribune.com\\\/it\\\/2020\\\/02\\\/la-storia-festa-del-limone-a-mentone\\\/#primaryimage\"},\"thumbnailUrl\":\"https:\\\/\\\/www.monaco-tribune.com\\\/wp-content\\\/uploads\\\/2020\\\/02\\\/Services-des-archives-de-la-ville-de-Menton.jpg\",\"keywords\":[\"Eventi\"],\"articleSection\":[\"Cosa fare\",\"Notizie\"],\"inLanguage\":\"it-IT\",\"copyrightYear\":\"2020\",\"copyrightHolder\":{\"@id\":\"https:\\\/\\\/www.monaco-tribune.com\\\/#organization\"}},{\"@type\":\"WebPage\",\"@id\":\"https:\\\/\\\/www.monaco-tribune.com\\\/it\\\/2020\\\/02\\\/la-storia-festa-del-limone-a-mentone\\\/\",\"url\":\"https:\\\/\\\/www.monaco-tribune.com\\\/it\\\/2020\\\/02\\\/la-storia-festa-del-limone-a-mentone\\\/\",\"name\":\"La storia della Festa del limone a Mentone\",\"isPartOf\":{\"@id\":\"https:\\\/\\\/www.monaco-tribune.com\\\/it\\\/#website\"},\"primaryImageOfPage\":{\"@id\":\"https:\\\/\\\/www.monaco-tribune.com\\\/it\\\/2020\\\/02\\\/la-storia-festa-del-limone-a-mentone\\\/#primaryimage\"},\"image\":{\"@id\":\"https:\\\/\\\/www.monaco-tribune.com\\\/it\\\/2020\\\/02\\\/la-storia-festa-del-limone-a-mentone\\\/#primaryimage\"},\"thumbnailUrl\":\"https:\\\/\\\/www.monaco-tribune.com\\\/wp-content\\\/uploads\\\/2020\\\/02\\\/Services-des-archives-de-la-ville-de-Menton.jpg\",\"datePublished\":\"2020-02-20T11:35:45+00:00\",\"dateModified\":\"2020-02-20T11:43:05+00:00\",\"description\":\"La Festa del limone come la conosciamo oggi \u00e8 nata nel 1934 nella citt\u00e0 di Mentone (Francia - Costa Azzura)\",\"breadcrumb\":{\"@id\":\"https:\\\/\\\/www.monaco-tribune.com\\\/it\\\/2020\\\/02\\\/la-storia-festa-del-limone-a-mentone\\\/#breadcrumb\"},\"inLanguage\":\"it-IT\",\"potentialAction\":[{\"@type\":\"ReadAction\",\"target\":[\"https:\\\/\\\/www.monaco-tribune.com\\\/it\\\/2020\\\/02\\\/la-storia-festa-del-limone-a-mentone\\\/\"]}]},{\"@type\":\"ImageObject\",\"inLanguage\":\"it-IT\",\"@id\":\"https:\\\/\\\/www.monaco-tribune.com\\\/it\\\/2020\\\/02\\\/la-storia-festa-del-limone-a-mentone\\\/#primaryimage\",\"url\":\"https:\\\/\\\/www.monaco-tribune.com\\\/wp-content\\\/uploads\\\/2020\\\/02\\\/Services-des-archives-de-la-ville-de-Menton.jpg\",\"contentUrl\":\"https:\\\/\\\/www.monaco-tribune.com\\\/wp-content\\\/uploads\\\/2020\\\/02\\\/Services-des-archives-de-la-ville-de-Menton.jpg\",\"width\":1200,\"height\":675,\"caption\":\"Services des archives de la ville de Menton\"},{\"@type\":\"BreadcrumbList\",\"@id\":\"https:\\\/\\\/www.monaco-tribune.com\\\/it\\\/2020\\\/02\\\/la-storia-festa-del-limone-a-mentone\\\/#breadcrumb\",\"itemListElement\":[{\"@type\":\"ListItem\",\"position\":1,\"name\":\"Accueil\",\"item\":\"https:\\\/\\\/www.monaco-tribune.com\\\/it\\\/\"},{\"@type\":\"ListItem\",\"position\":2,\"name\":\"La storia della Festa del limone a Mentone\"}]},{\"@type\":\"WebSite\",\"@id\":\"https:\\\/\\\/www.monaco-tribune.com\\\/it\\\/#website\",\"url\":\"https:\\\/\\\/www.monaco-tribune.com\\\/it\\\/\",\"name\":\"Monaco Tribune\",\"description\":\"Monaco : actualit\u00e9s \u00e9conomiques, politiques, culturelles et sportives de Monaco et de la French Riviera.\",\"publisher\":{\"@id\":\"https:\\\/\\\/www.monaco-tribune.com\\\/it\\\/#organization\"},\"potentialAction\":[{\"@type\":\"SearchAction\",\"target\":{\"@type\":\"EntryPoint\",\"urlTemplate\":\"https:\\\/\\\/www.monaco-tribune.com\\\/it\\\/?s={search_term_string}\"},\"query-input\":{\"@type\":\"PropertyValueSpecification\",\"valueRequired\":true,\"valueName\":\"search_term_string\"}}],\"inLanguage\":\"it-IT\"},{\"@type\":\"Organization\",\"@id\":\"https:\\\/\\\/www.monaco-tribune.com\\\/it\\\/#organization\",\"name\":\"Monaco Tribune\",\"url\":\"https:\\\/\\\/www.monaco-tribune.com\\\/it\\\/\",\"logo\":{\"@type\":\"ImageObject\",\"inLanguage\":\"it-IT\",\"@id\":\"https:\\\/\\\/www.monaco-tribune.com\\\/it\\\/#\\\/schema\\\/logo\\\/image\\\/\",\"url\":\"https:\\\/\\\/www.monaco-tribune.com\\\/wp-content\\\/uploads\\\/2022\\\/11\\\/logo-monaco-tribune.png\",\"contentUrl\":\"https:\\\/\\\/www.monaco-tribune.com\\\/wp-content\\\/uploads\\\/2022\\\/11\\\/logo-monaco-tribune.png\",\"width\":1548,\"height\":600,\"caption\":\"Monaco Tribune\"},\"image\":{\"@id\":\"https:\\\/\\\/www.monaco-tribune.com\\\/it\\\/#\\\/schema\\\/logo\\\/image\\\/\"},\"sameAs\":[\"https:\\\/\\\/www.facebook.com\\\/MonacoTribune\",\"https:\\\/\\\/x.com\\\/MonacoTribune\",\"https:\\\/\\\/www.instagram.com\\\/monacotribune\\\/\",\"https:\\\/\\\/www.linkedin.com\\\/company\\\/monaco-tribune\",\"https:\\\/\\\/www.youtube.com\\\/channel\\\/UCHle1MnG6hw1y4lWKijVbMA\"]},{\"@type\":\"Person\",\"@id\":\"https:\\\/\\\/www.monaco-tribune.com\\\/it\\\/#\\\/schema\\\/person\\\/8f6ed8c063276e2397589eda5b7a2f2d\",\"name\":\"Monaco Tribune\",\"image\":{\"@type\":\"ImageObject\",\"inLanguage\":\"it-IT\",\"@id\":\"https:\\\/\\\/secure.gravatar.com\\\/avatar\\\/3010e6c5d6c8056ec1c25228fe68ea089879e5ae0de884e0247744ee988aaf6a?s=96&d=mm&r=g\",\"url\":\"https:\\\/\\\/secure.gravatar.com\\\/avatar\\\/3010e6c5d6c8056ec1c25228fe68ea089879e5ae0de884e0247744ee988aaf6a?s=96&d=mm&r=g\",\"contentUrl\":\"https:\\\/\\\/secure.gravatar.com\\\/avatar\\\/3010e6c5d6c8056ec1c25228fe68ea089879e5ae0de884e0247744ee988aaf6a?s=96&d=mm&r=g\",\"caption\":\"Monaco Tribune\"},\"url\":\"https:\\\/\\\/www.monaco-tribune.com\\\/it\\\/author\\\/monaco-tribune\\\/\"}]}<\/script>\n<!-- \/ Yoast SEO Premium plugin. -->","yoast_head_json":{"title":"La storia della Festa del limone a Mentone","description":"La Festa del limone come la conosciamo oggi \u00e8 nata nel 1934 nella citt\u00e0 di Mentone (Francia - Costa Azzura)","robots":{"index":"index","follow":"follow","max-snippet":"max-snippet:-1","max-image-preview":"max-image-preview:large","max-video-preview":"max-video-preview:-1"},"canonical":"https:\/\/www.monaco-tribune.com\/it\/2020\/02\/la-storia-festa-del-limone-a-mentone\/","og_locale":"it_IT","og_type":"article","og_title":"La storia della Festa del limone a Mentone - Monaco Tribune","og_description":"La Festa del limone come la conosciamo oggi \u00e8 nata nel 1934 nella citt\u00e0 di Mentone (Francia - Costa Azzura). Ma dobbiamo tornare indietro di circa","og_url":"https:\/\/www.monaco-tribune.com\/it\/2020\/02\/la-storia-festa-del-limone-a-mentone\/","og_site_name":"Monaco Tribune","article_publisher":"https:\/\/www.facebook.com\/MonacoTribune","article_published_time":"2020-02-20T11:35:45+00:00","article_modified_time":"2020-02-20T11:43:05+00:00","og_image":[{"width":1200,"height":675,"url":"https:\/\/www.monaco-tribune.com\/wp-content\/uploads\/2020\/02\/Services-des-archives-de-la-ville-de-Menton.jpg","type":"image\/jpeg"}],"author":"Monaco Tribune","twitter_card":"summary_large_image","twitter_creator":"@MonacoTribune","twitter_site":"@MonacoTribune","schema":{"@context":"https:\/\/schema.org","@graph":[{"@type":"NewsArticle","@id":"https:\/\/www.monaco-tribune.com\/it\/2020\/02\/la-storia-festa-del-limone-a-mentone\/#article","isPartOf":{"@id":"https:\/\/www.monaco-tribune.com\/it\/2020\/02\/la-storia-festa-del-limone-a-mentone\/"},"author":{"name":"Monaco Tribune","@id":"https:\/\/www.monaco-tribune.com\/it\/#\/schema\/person\/8f6ed8c063276e2397589eda5b7a2f2d"},"headline":"La storia della Festa del limone a Mentone","datePublished":"2020-02-20T11:35:45+00:00","dateModified":"2020-02-20T11:43:05+00:00","mainEntityOfPage":{"@id":"https:\/\/www.monaco-tribune.com\/it\/2020\/02\/la-storia-festa-del-limone-a-mentone\/"},"wordCount":491,"publisher":{"@id":"https:\/\/www.monaco-tribune.com\/it\/#organization"},"image":{"@id":"https:\/\/www.monaco-tribune.com\/it\/2020\/02\/la-storia-festa-del-limone-a-mentone\/#primaryimage"},"thumbnailUrl":"https:\/\/www.monaco-tribune.com\/wp-content\/uploads\/2020\/02\/Services-des-archives-de-la-ville-de-Menton.jpg","keywords":["Eventi"],"articleSection":["Cosa fare","Notizie"],"inLanguage":"it-IT","copyrightYear":"2020","copyrightHolder":{"@id":"https:\/\/www.monaco-tribune.com\/#organization"}},{"@type":"WebPage","@id":"https:\/\/www.monaco-tribune.com\/it\/2020\/02\/la-storia-festa-del-limone-a-mentone\/","url":"https:\/\/www.monaco-tribune.com\/it\/2020\/02\/la-storia-festa-del-limone-a-mentone\/","name":"La storia della Festa del limone a Mentone","isPartOf":{"@id":"https:\/\/www.monaco-tribune.com\/it\/#website"},"primaryImageOfPage":{"@id":"https:\/\/www.monaco-tribune.com\/it\/2020\/02\/la-storia-festa-del-limone-a-mentone\/#primaryimage"},"image":{"@id":"https:\/\/www.monaco-tribune.com\/it\/2020\/02\/la-storia-festa-del-limone-a-mentone\/#primaryimage"},"thumbnailUrl":"https:\/\/www.monaco-tribune.com\/wp-content\/uploads\/2020\/02\/Services-des-archives-de-la-ville-de-Menton.jpg","datePublished":"2020-02-20T11:35:45+00:00","dateModified":"2020-02-20T11:43:05+00:00","description":"La Festa del limone come la conosciamo oggi \u00e8 nata nel 1934 nella citt\u00e0 di Mentone (Francia - Costa Azzura)","breadcrumb":{"@id":"https:\/\/www.monaco-tribune.com\/it\/2020\/02\/la-storia-festa-del-limone-a-mentone\/#breadcrumb"},"inLanguage":"it-IT","potentialAction":[{"@type":"ReadAction","target":["https:\/\/www.monaco-tribune.com\/it\/2020\/02\/la-storia-festa-del-limone-a-mentone\/"]}]},{"@type":"ImageObject","inLanguage":"it-IT","@id":"https:\/\/www.monaco-tribune.com\/it\/2020\/02\/la-storia-festa-del-limone-a-mentone\/#primaryimage","url":"https:\/\/www.monaco-tribune.com\/wp-content\/uploads\/2020\/02\/Services-des-archives-de-la-ville-de-Menton.jpg","contentUrl":"https:\/\/www.monaco-tribune.com\/wp-content\/uploads\/2020\/02\/Services-des-archives-de-la-ville-de-Menton.jpg","width":1200,"height":675,"caption":"Services des archives de la ville de Menton"},{"@type":"BreadcrumbList","@id":"https:\/\/www.monaco-tribune.com\/it\/2020\/02\/la-storia-festa-del-limone-a-mentone\/#breadcrumb","itemListElement":[{"@type":"ListItem","position":1,"name":"Accueil","item":"https:\/\/www.monaco-tribune.com\/it\/"},{"@type":"ListItem","position":2,"name":"La storia della Festa del limone a Mentone"}]},{"@type":"WebSite","@id":"https:\/\/www.monaco-tribune.com\/it\/#website","url":"https:\/\/www.monaco-tribune.com\/it\/","name":"Monaco Tribune","description":"Monaco : actualit\u00e9s \u00e9conomiques, politiques, culturelles et sportives de Monaco et de la French Riviera.","publisher":{"@id":"https:\/\/www.monaco-tribune.com\/it\/#organization"},"potentialAction":[{"@type":"SearchAction","target":{"@type":"EntryPoint","urlTemplate":"https:\/\/www.monaco-tribune.com\/it\/?s={search_term_string}"},"query-input":{"@type":"PropertyValueSpecification","valueRequired":true,"valueName":"search_term_string"}}],"inLanguage":"it-IT"},{"@type":"Organization","@id":"https:\/\/www.monaco-tribune.com\/it\/#organization","name":"Monaco Tribune","url":"https:\/\/www.monaco-tribune.com\/it\/","logo":{"@type":"ImageObject","inLanguage":"it-IT","@id":"https:\/\/www.monaco-tribune.com\/it\/#\/schema\/logo\/image\/","url":"https:\/\/www.monaco-tribune.com\/wp-content\/uploads\/2022\/11\/logo-monaco-tribune.png","contentUrl":"https:\/\/www.monaco-tribune.com\/wp-content\/uploads\/2022\/11\/logo-monaco-tribune.png","width":1548,"height":600,"caption":"Monaco Tribune"},"image":{"@id":"https:\/\/www.monaco-tribune.com\/it\/#\/schema\/logo\/image\/"},"sameAs":["https:\/\/www.facebook.com\/MonacoTribune","https:\/\/x.com\/MonacoTribune","https:\/\/www.instagram.com\/monacotribune\/","https:\/\/www.linkedin.com\/company\/monaco-tribune","https:\/\/www.youtube.com\/channel\/UCHle1MnG6hw1y4lWKijVbMA"]},{"@type":"Person","@id":"https:\/\/www.monaco-tribune.com\/it\/#\/schema\/person\/8f6ed8c063276e2397589eda5b7a2f2d","name":"Monaco Tribune","image":{"@type":"ImageObject","inLanguage":"it-IT","@id":"https:\/\/secure.gravatar.com\/avatar\/3010e6c5d6c8056ec1c25228fe68ea089879e5ae0de884e0247744ee988aaf6a?s=96&d=mm&r=g","url":"https:\/\/secure.gravatar.com\/avatar\/3010e6c5d6c8056ec1c25228fe68ea089879e5ae0de884e0247744ee988aaf6a?s=96&d=mm&r=g","contentUrl":"https:\/\/secure.gravatar.com\/avatar\/3010e6c5d6c8056ec1c25228fe68ea089879e5ae0de884e0247744ee988aaf6a?s=96&d=mm&r=g","caption":"Monaco Tribune"},"url":"https:\/\/www.monaco-tribune.com\/it\/author\/monaco-tribune\/"}]}},"_links":{"self":[{"href":"https:\/\/www.monaco-tribune.com\/it\/wp-json\/wp\/v2\/posts\/22037","targetHints":{"allow":["GET"]}}],"collection":[{"href":"https:\/\/www.monaco-tribune.com\/it\/wp-json\/wp\/v2\/posts"}],"about":[{"href":"https:\/\/www.monaco-tribune.com\/it\/wp-json\/wp\/v2\/types\/post"}],"author":[{"embeddable":true,"href":"https:\/\/www.monaco-tribune.com\/it\/wp-json\/wp\/v2\/users\/21"}],"replies":[{"embeddable":true,"href":"https:\/\/www.monaco-tribune.com\/it\/wp-json\/wp\/v2\/comments?post=22037"}],"version-history":[{"count":0,"href":"https:\/\/www.monaco-tribune.com\/it\/wp-json\/wp\/v2\/posts\/22037\/revisions"}],"wp:featuredmedia":[{"embeddable":true,"href":"https:\/\/www.monaco-tribune.com\/it\/wp-json\/wp\/v2\/media\/22029"}],"wp:attachment":[{"href":"https:\/\/www.monaco-tribune.com\/it\/wp-json\/wp\/v2\/media?parent=22037"}],"wp:term":[{"taxonomy":"category","embeddable":true,"href":"https:\/\/www.monaco-tribune.com\/it\/wp-json\/wp\/v2\/categories?post=22037"},{"taxonomy":"post_tag","embeddable":true,"href":"https:\/\/www.monaco-tribune.com\/it\/wp-json\/wp\/v2\/tags?post=22037"},{"taxonomy":"sectag","embeddable":true,"href":"https:\/\/www.monaco-tribune.com\/it\/wp-json\/wp\/v2\/post_sectags?post=22037"},{"taxonomy":"format","embeddable":true,"href":"https:\/\/www.monaco-tribune.com\/it\/wp-json\/wp\/v2\/post_format?post=22037"}],"curies":[{"name":"wp","href":"https:\/\/api.w.org\/{rel}","templated":true}]}}