{"id":220399,"date":"2024-03-05T19:19:56","date_gmt":"2024-03-05T17:19:56","guid":{"rendered":"https:\/\/www.monaco-tribune.com\/2024\/03\/asm-psg-lomaggio-commovente-alla-fondazione-flavien-e-alla-sua-lotta-contro-il-cancro-infantile\/"},"modified":"2024-03-05T19:20:05","modified_gmt":"2024-03-05T17:20:05","slug":"asm-psg-lomaggio-commovente-alla-fondazione-flavien-e-alla-sua-lotta-contro-il-cancro-infantile","status":"publish","type":"post","link":"https:\/\/www.monaco-tribune.com\/it\/2024\/03\/asm-psg-lomaggio-commovente-alla-fondazione-flavien-e-alla-sua-lotta-contro-il-cancro-infantile\/","title":{"rendered":"ASM &#8211; PSG: l\u2019omaggio commovente alla Fondazione Flavien e alla sua lotta contro il cancro infantile"},"content":{"rendered":"\n<p><strong>Una partita che il club del Principato ha voluto dedicare all\u2019associazione monegasca fondata da Denis Maccario dieci anni fa.<\/strong><\/p>\n\n<p>\u00c8 con una certa emozione che venerd\u00ec 1\u00b0 marzo si \u00e8 tenuto il calcio d\u2019inizio dell\u2019incontro tra l\u2019AS Monaco e il Paris Saint-Germain. Dopo una presentazione tenuta da Denis Maccario ed Enzo, un giovane tifoso dei biancorossi affetto dalla malattia ormai da dieci anni e in remissione da qualche tempo, la partita ha preso il via tra gli applausi del pubblico. \u201cEra l\u2019incontro pi\u00f9 importante del fine settimana, con uno stadio pieno e trasmesso anche in televisione. Cos\u00ec le persone che hanno guardato la partita adesso sanno di noi e possono aiutarci\u201d, afferma Denis Maccario.<\/p>\n\n<p>Con un impegno nei confronti della Fondazione Flavien che dura da anni e a due settimane dalla Giornata internazionale contro il cancro infantile, il club di Monaco e il presidente Dmitri Rybolovlev hanno voluto lasciare il segno. \u201cCi sono gi\u00e0 state due persone che hanno fatto una donazione, ed \u00e8 una cosa incredibile\u201d, continua Denis Maccario. L\u2019obiettivo \u00e8 stato sicuramente raggiunto.<\/p>\n<div class=\"wp-block-image\">\n<figure class=\"aligncenter size-large\"><img loading=\"lazy\" decoding=\"async\" width=\"1024\" height=\"748\" src=\"https:\/\/www.monaco-tribune.com\/wp-content\/uploads\/2024\/03\/fondation-flavien-denis-maccario-asm-psg-1024x748.jpg\" alt=\"fondation-flavien-denis-maccario-asm-psg\" class=\"wp-image-220118\"\/><figcaption class=\"wp-element-caption\">Denis Maccario, presidente della Fondazione Flavien, in compagnia di Enzo, giovane tifoso dell\u2019AS Monaco in remissione \u00a9 Denis Maccario<\/figcaption><\/figure>\n<\/div>\n<h2 class=\"wp-block-heading\" id=\"h-une-dedicace-forte-en-ce-mois-si-special\">Una dedica importante, in un mese davvero speciale<\/h2>\n\n<p>Da ormai dieci anni, Denis Maccario lotta per trovare una cura al cancro infantile. \u00c8 nell\u2019agosto del 2014, infatti, che ha creato la <a href=\"https:\/\/www.fondationflavien.com\/\">Fondazione Flavien<\/a>, in omaggio al figlio, deceduto per un tumore cerebrale cinque mesi prima ad appena otto anni.<\/p>\n\n<p>Giorno dopo giorno, il padre di famiglia si batte per salvare altri bambini. \u201cA oggi, stiamo mettendo a punto uno studio clinico chiamato Mependax. Grazie a questo studio 36 bambini potranno ricevere la molecola della speranza di Pfizer, che ce l\u2019ha donata gratuitamente ed \u00e8 gi\u00e0 stata somministrata a pazienti adulti\u201d, spiega Maccario.<\/p>\n\n<p>Dopo tanto instancabile lavoro, Denis spera che si possa trovare una soluzione. \u201cAspetto dall\u2019anno scorso che la sperimentazione si realizzi, ma \u00e8 un processo veramente lungo\u2026 Siamo pronti dal punto di vista finanziario, ora ci manca solo la parte amministrativa, quindi siamo a buon punto&#8221;, afferma.<\/p>\n\n<p>Ed \u00e8 insieme ad Enzo, un ragazzo a cui \u00e8 stata diagnosticata la malattia quando \u00e8 venuto a mancare suo figlio e oggi in remissione, che Denis si gode questo momento di felicit\u00e0. I due hanno assistito alla partita a pochi passi dal campo, con indosso una maglietta autografata regalata dai giocatori poco prima del calcio d\u2019inizio. Anche Aaron, un giovane tifoso del club parigino, e Florian, un bambino ricoverato in ospedale che ha assistito alla partita a distanza grazie al robot Awabot, hanno potuto vivere questa serata magica.<\/p>\n<div class=\"wp-block-image\">\n<figure class=\"aligncenter size-large is-resized\"><img loading=\"lazy\" decoding=\"async\" width=\"768\" height=\"1024\" src=\"https:\/\/www.monaco-tribune.com\/wp-content\/uploads\/2024\/03\/fondation-flavien-denis-maccario-asm-psg-1-768x1024.jpg\" alt=\"\" class=\"wp-image-220122\" style=\"width:519px;height:auto\" srcset=\"https:\/\/www.monaco-tribune.com\/wp-content\/uploads\/2024\/03\/fondation-flavien-denis-maccario-asm-psg-1-768x1024.jpg 768w, https:\/\/www.monaco-tribune.com\/wp-content\/uploads\/2024\/03\/fondation-flavien-denis-maccario-asm-psg-1-225x300.jpg 225w, https:\/\/www.monaco-tribune.com\/wp-content\/uploads\/2024\/03\/fondation-flavien-denis-maccario-asm-psg-1.jpg 1200w\" sizes=\"auto, (max-width: 768px) 100vw, 768px\" \/><figcaption class=\"wp-element-caption\">Denis con la T-shirt della Fondazione Flavien ed Enzo con la maglia autografata dall\u2019AS Monaco <em>\u00a9 Denis Maccario<\/em><\/figcaption><\/figure>\n<\/div>\n<h2 class=\"wp-block-heading\" id=\"h-un-lien-fort-depuis-toujours-avec-l-as-monaco-et-le-president-rybolovlev\">Da sempre un forte legame con l\u2019AS Monaco e il presidente Rybolovlev<\/h2>\n\n<p>Non \u00e8 la prima volta che il club monegasco promuove le iniziative di Denis. Il sostegno comincia gi\u00e0 nel 2014, prima ancora della nascita della Fondazione. \u201cRicordo ancora quel giorno. Era la partita in casa dopo la sua morte. Il club aveva dimostrato il suo sostegno alla famiglia scrivendo la parola Jedi sul tabellone, in omaggio a mio figlio&#8221;.<\/p>\n\n<p>Nel 2018, il presidente Dmitri Rybolovlev aveva accolto Enzo a Bordeaux in occasione della finale di Coupe de la Ligue, insieme a due tifosi monegaschi che <a href=\"https:\/\/www.asmonaco.com\/1092-kilometres-pour-enzo\/\">avevano percorso pi\u00f9 di 1000 chilometri<\/a> a favore della Fondazione Flavien.<\/p>\n\n<p>Venerd\u00ec, anche il presidente Dmitri Rybolovlev ha deciso di fare una donazione a titolo personale all\u2019associazione, per rinnovare ancora una volta il suo sostegno alla lotta portata avanti dalla Fondazione Flavien. Un gesto che Denis non dimenticher\u00e0 facilmente. \u201cQuando l\u2019ho visto venerd\u00ec, ci ha incoraggiato e si \u00e8 congratulato con noi. Spero di vederlo presto per una visita al laboratorio di ricerca, in modo da potergli mostrare dove vanno davvero i fondi&#8221;, ha continuato.<\/p>\n\n<h2 class=\"wp-block-heading\" id=\"h-une-vente-aux-encheres-pour-recolter-des-fonds\">Una vendita all\u2019asta per raccogliere fondi<\/h2>\n\n<p>L\u2019AS Monaco continua ad appoggiare Denis nei suoi progetti. Luned\u00ec 4 marzo, si \u00e8 tenuta una vendita all\u2019asta organizzata dal club sulla piattaforma Catawiki con la possibilit\u00e0 di aggiudicarsi un lotto speciale. \u201cQuesto comprende maglie autografate di entrambe le squadre, una visita privata al nuovo Performance Centre e persino un incontro con un giocatore\u201d, spiega Denis. Il denaro raccolto \u00e8 stato devoluto all\u2019associazione, che <a href=\"https:\/\/www.monaco-tribune.com\/it\/2024\/01\/la-fondazione-flavien-ha-consegnato-un-assegno-di-100-000e-al-centre-scientifique-de-monaco\/\">finanzier\u00e0 il centro scientifico<\/a> e altre equipe di ricerca nella speranza di far avanzare il trial clinico.<\/p>\n\n<p>Qualche giorno dopo la partita del 1\u00b0 marzo, la Fondazione Flavien continua gi\u00e0 con le sue iniziative. \u201cA breve, aiuteremo le famiglie a pagare le spese funerarie per i loro figli. E poi continueremo a finanziare la ricerca fino alla fine\u201d, conclude. Potete sostenere la causa facendo <a href=\"https:\/\/www.fondationflavien.com\/faire-un-don\/\">una donazione qui<\/a>.<\/p>\n\n<p class=\"related\"><a href=\"https:\/\/www.monaco-tribune.com\/it\/2024\/01\/perche-las-monaco-ha-acquisito-valore-dopo-il-2011-e-con-larrivo-di-dmitri-rybolovlev\/\">Perch\u00e9 l\u2019AS Monaco ha acquisito valore dopo il 2011 e con l\u2019arrivo di Dmitri Rybolovlev<\/a><\/p>\n","protected":false},"excerpt":{"rendered":"<p>Una partita che il club del Principato ha voluto dedicare all\u2019associazione monegasca fondata da Denis Maccario dieci anni fa. \u00c8 [&hellip;]<\/p>\n","protected":false},"author":75,"featured_media":220130,"comment_status":"closed","ping_status":"closed","sticky":false,"template":"","format":"standard","meta":{"_acf_changed":false,"footnotes":""},"categories":[1826,1738,1752],"tags":[2951],"post_sectags":[4718],"post_format":[2476],"class_list":["post-220399","post","type-post","status-publish","format-standard","has-post-thumbnail","hentry","category-la-nostra-scelta","category-notizie","category-societa","tag-associazioni","sectag-as-monaco-it","format-intervista"],"acf":[],"yoast_head":"<!-- This site is optimized with the Yoast SEO Premium plugin v26.8 (Yoast SEO v27.5) - https:\/\/yoast.com\/product\/yoast-seo-premium-wordpress\/ -->\n<title>ASM - PSG: l\u2019omaggio commovente alla Fondazione Flavien e alla sua lotta contro il cancro infantile<\/title>\n<meta name=\"description\" content=\"Una partita che il club del Principato ha voluto dedicare all\u2019associazione monegasca fondata da Denis Maccario dieci anni fa. \u00c8 con una certa emozione che\" \/>\n<meta name=\"robots\" content=\"index, follow, max-snippet:-1, max-image-preview:large, max-video-preview:-1\" \/>\n<link rel=\"canonical\" href=\"https:\/\/www.monaco-tribune.com\/it\/2024\/03\/asm-psg-lomaggio-commovente-alla-fondazione-flavien-e-alla-sua-lotta-contro-il-cancro-infantile\/\" \/>\n<meta property=\"og:locale\" content=\"it_IT\" \/>\n<meta property=\"og:type\" content=\"article\" \/>\n<meta property=\"og:title\" content=\"ASM - PSG: l\u2019omaggio commovente alla Fondazione Flavien e alla sua lotta contro il cancro infantile - Monaco Tribune\" \/>\n<meta property=\"og:description\" content=\"Una partita che il club del Principato ha voluto dedicare all\u2019associazione monegasca fondata da Denis Maccario dieci anni fa. \u00c8 con una certa emozione che\" \/>\n<meta property=\"og:url\" content=\"https:\/\/www.monaco-tribune.com\/it\/2024\/03\/asm-psg-lomaggio-commovente-alla-fondazione-flavien-e-alla-sua-lotta-contro-il-cancro-infantile\/\" \/>\n<meta property=\"og:site_name\" content=\"Monaco Tribune\" \/>\n<meta property=\"article:publisher\" content=\"https:\/\/www.facebook.com\/MonacoTribune\" \/>\n<meta property=\"article:published_time\" content=\"2024-03-05T17:19:56+00:00\" \/>\n<meta property=\"article:modified_time\" content=\"2024-03-05T17:20:05+00:00\" \/>\n<meta property=\"og:image\" content=\"https:\/\/www.monaco-tribune.com\/wp-content\/uploads\/2024\/03\/dmitri-rybolovlev-fondation-flavien.jpeg\" \/>\n\t<meta property=\"og:image:width\" content=\"1160\" \/>\n\t<meta property=\"og:image:height\" content=\"650\" \/>\n\t<meta property=\"og:image:type\" content=\"image\/jpeg\" \/>\n<meta name=\"author\" content=\"Milla Lanciego\" \/>\n<meta name=\"twitter:card\" content=\"summary_large_image\" \/>\n<meta name=\"twitter:creator\" content=\"@MonacoTribune\" \/>\n<meta name=\"twitter:site\" content=\"@MonacoTribune\" \/>\n<script type=\"application\/ld+json\" class=\"yoast-schema-graph\">{\"@context\":\"https:\\\/\\\/schema.org\",\"@graph\":[{\"@type\":\"NewsArticle\",\"@id\":\"https:\\\/\\\/www.monaco-tribune.com\\\/it\\\/2024\\\/03\\\/asm-psg-lomaggio-commovente-alla-fondazione-flavien-e-alla-sua-lotta-contro-il-cancro-infantile\\\/#article\",\"isPartOf\":{\"@id\":\"https:\\\/\\\/www.monaco-tribune.com\\\/it\\\/2024\\\/03\\\/asm-psg-lomaggio-commovente-alla-fondazione-flavien-e-alla-sua-lotta-contro-il-cancro-infantile\\\/\"},\"author\":{\"name\":\"Milla Lanciego\",\"@id\":\"https:\\\/\\\/www.monaco-tribune.com\\\/it\\\/#\\\/schema\\\/person\\\/2b0ab2e81c025d96ee31961e17c0435a\"},\"headline\":\"ASM &#8211; PSG: l\u2019omaggio commovente alla Fondazione Flavien e alla sua lotta contro il cancro infantile\",\"datePublished\":\"2024-03-05T17:19:56+00:00\",\"dateModified\":\"2024-03-05T17:20:05+00:00\",\"mainEntityOfPage\":{\"@id\":\"https:\\\/\\\/www.monaco-tribune.com\\\/it\\\/2024\\\/03\\\/asm-psg-lomaggio-commovente-alla-fondazione-flavien-e-alla-sua-lotta-contro-il-cancro-infantile\\\/\"},\"wordCount\":796,\"publisher\":{\"@id\":\"https:\\\/\\\/www.monaco-tribune.com\\\/it\\\/#organization\"},\"image\":{\"@id\":\"https:\\\/\\\/www.monaco-tribune.com\\\/it\\\/2024\\\/03\\\/asm-psg-lomaggio-commovente-alla-fondazione-flavien-e-alla-sua-lotta-contro-il-cancro-infantile\\\/#primaryimage\"},\"thumbnailUrl\":\"https:\\\/\\\/www.monaco-tribune.com\\\/wp-content\\\/uploads\\\/2024\\\/03\\\/dmitri-rybolovlev-fondation-flavien.jpeg\",\"keywords\":[\"Associazioni\"],\"articleSection\":[\"La nostra scelta\",\"Notizie\",\"Societ\u00e0\"],\"inLanguage\":\"it-IT\",\"copyrightYear\":\"2024\",\"copyrightHolder\":{\"@id\":\"https:\\\/\\\/www.monaco-tribune.com\\\/#organization\"}},{\"@type\":\"WebPage\",\"@id\":\"https:\\\/\\\/www.monaco-tribune.com\\\/it\\\/2024\\\/03\\\/asm-psg-lomaggio-commovente-alla-fondazione-flavien-e-alla-sua-lotta-contro-il-cancro-infantile\\\/\",\"url\":\"https:\\\/\\\/www.monaco-tribune.com\\\/it\\\/2024\\\/03\\\/asm-psg-lomaggio-commovente-alla-fondazione-flavien-e-alla-sua-lotta-contro-il-cancro-infantile\\\/\",\"name\":\"ASM - PSG: l\u2019omaggio commovente alla Fondazione Flavien e alla sua lotta contro il cancro infantile\",\"isPartOf\":{\"@id\":\"https:\\\/\\\/www.monaco-tribune.com\\\/it\\\/#website\"},\"primaryImageOfPage\":{\"@id\":\"https:\\\/\\\/www.monaco-tribune.com\\\/it\\\/2024\\\/03\\\/asm-psg-lomaggio-commovente-alla-fondazione-flavien-e-alla-sua-lotta-contro-il-cancro-infantile\\\/#primaryimage\"},\"image\":{\"@id\":\"https:\\\/\\\/www.monaco-tribune.com\\\/it\\\/2024\\\/03\\\/asm-psg-lomaggio-commovente-alla-fondazione-flavien-e-alla-sua-lotta-contro-il-cancro-infantile\\\/#primaryimage\"},\"thumbnailUrl\":\"https:\\\/\\\/www.monaco-tribune.com\\\/wp-content\\\/uploads\\\/2024\\\/03\\\/dmitri-rybolovlev-fondation-flavien.jpeg\",\"datePublished\":\"2024-03-05T17:19:56+00:00\",\"dateModified\":\"2024-03-05T17:20:05+00:00\",\"description\":\"Una partita che il club del Principato ha voluto dedicare all\u2019associazione monegasca fondata da Denis Maccario dieci anni fa. \u00c8 con una certa emozione che\",\"breadcrumb\":{\"@id\":\"https:\\\/\\\/www.monaco-tribune.com\\\/it\\\/2024\\\/03\\\/asm-psg-lomaggio-commovente-alla-fondazione-flavien-e-alla-sua-lotta-contro-il-cancro-infantile\\\/#breadcrumb\"},\"inLanguage\":\"it-IT\",\"potentialAction\":[{\"@type\":\"ReadAction\",\"target\":[\"https:\\\/\\\/www.monaco-tribune.com\\\/it\\\/2024\\\/03\\\/asm-psg-lomaggio-commovente-alla-fondazione-flavien-e-alla-sua-lotta-contro-il-cancro-infantile\\\/\"]}]},{\"@type\":\"ImageObject\",\"inLanguage\":\"it-IT\",\"@id\":\"https:\\\/\\\/www.monaco-tribune.com\\\/it\\\/2024\\\/03\\\/asm-psg-lomaggio-commovente-alla-fondazione-flavien-e-alla-sua-lotta-contro-il-cancro-infantile\\\/#primaryimage\",\"url\":\"https:\\\/\\\/www.monaco-tribune.com\\\/wp-content\\\/uploads\\\/2024\\\/03\\\/dmitri-rybolovlev-fondation-flavien.jpeg\",\"contentUrl\":\"https:\\\/\\\/www.monaco-tribune.com\\\/wp-content\\\/uploads\\\/2024\\\/03\\\/dmitri-rybolovlev-fondation-flavien.jpeg\",\"width\":1160,\"height\":650,\"caption\":\"L'AS Monaco e il suo presidente Dmitri Rybolovlev hanno reso omaggio alla Fondazione Flavien durante la partita contro il Paris SG \u00a9 AS Monaco\"},{\"@type\":\"BreadcrumbList\",\"@id\":\"https:\\\/\\\/www.monaco-tribune.com\\\/it\\\/2024\\\/03\\\/asm-psg-lomaggio-commovente-alla-fondazione-flavien-e-alla-sua-lotta-contro-il-cancro-infantile\\\/#breadcrumb\",\"itemListElement\":[{\"@type\":\"ListItem\",\"position\":1,\"name\":\"Accueil\",\"item\":\"https:\\\/\\\/www.monaco-tribune.com\\\/it\\\/\"},{\"@type\":\"ListItem\",\"position\":2,\"name\":\"ASM &#8211; PSG: l\u2019omaggio commovente alla Fondazione Flavien e alla sua lotta contro il cancro infantile\"}]},{\"@type\":\"WebSite\",\"@id\":\"https:\\\/\\\/www.monaco-tribune.com\\\/it\\\/#website\",\"url\":\"https:\\\/\\\/www.monaco-tribune.com\\\/it\\\/\",\"name\":\"Monaco Tribune\",\"description\":\"Monaco : actualit\u00e9s \u00e9conomiques, politiques, culturelles et sportives de Monaco et de la French Riviera.\",\"publisher\":{\"@id\":\"https:\\\/\\\/www.monaco-tribune.com\\\/it\\\/#organization\"},\"potentialAction\":[{\"@type\":\"SearchAction\",\"target\":{\"@type\":\"EntryPoint\",\"urlTemplate\":\"https:\\\/\\\/www.monaco-tribune.com\\\/it\\\/?s={search_term_string}\"},\"query-input\":{\"@type\":\"PropertyValueSpecification\",\"valueRequired\":true,\"valueName\":\"search_term_string\"}}],\"inLanguage\":\"it-IT\"},{\"@type\":\"Organization\",\"@id\":\"https:\\\/\\\/www.monaco-tribune.com\\\/it\\\/#organization\",\"name\":\"Monaco Tribune\",\"url\":\"https:\\\/\\\/www.monaco-tribune.com\\\/it\\\/\",\"logo\":{\"@type\":\"ImageObject\",\"inLanguage\":\"it-IT\",\"@id\":\"https:\\\/\\\/www.monaco-tribune.com\\\/it\\\/#\\\/schema\\\/logo\\\/image\\\/\",\"url\":\"https:\\\/\\\/www.monaco-tribune.com\\\/wp-content\\\/uploads\\\/2022\\\/11\\\/logo-monaco-tribune.png\",\"contentUrl\":\"https:\\\/\\\/www.monaco-tribune.com\\\/wp-content\\\/uploads\\\/2022\\\/11\\\/logo-monaco-tribune.png\",\"width\":1548,\"height\":600,\"caption\":\"Monaco Tribune\"},\"image\":{\"@id\":\"https:\\\/\\\/www.monaco-tribune.com\\\/it\\\/#\\\/schema\\\/logo\\\/image\\\/\"},\"sameAs\":[\"https:\\\/\\\/www.facebook.com\\\/MonacoTribune\",\"https:\\\/\\\/x.com\\\/MonacoTribune\",\"https:\\\/\\\/www.instagram.com\\\/monacotribune\\\/\",\"https:\\\/\\\/www.linkedin.com\\\/company\\\/monaco-tribune\",\"https:\\\/\\\/www.youtube.com\\\/channel\\\/UCHle1MnG6hw1y4lWKijVbMA\"]},{\"@type\":\"Person\",\"@id\":\"https:\\\/\\\/www.monaco-tribune.com\\\/it\\\/#\\\/schema\\\/person\\\/2b0ab2e81c025d96ee31961e17c0435a\",\"name\":\"Milla Lanciego\",\"image\":{\"@type\":\"ImageObject\",\"inLanguage\":\"it-IT\",\"@id\":\"https:\\\/\\\/secure.gravatar.com\\\/avatar\\\/2a3b2862105fb3bdd4096e70c93cfaebbf445eb52cb814efd94664708edfc6aa?s=96&d=mm&r=g\",\"url\":\"https:\\\/\\\/secure.gravatar.com\\\/avatar\\\/2a3b2862105fb3bdd4096e70c93cfaebbf445eb52cb814efd94664708edfc6aa?s=96&d=mm&r=g\",\"contentUrl\":\"https:\\\/\\\/secure.gravatar.com\\\/avatar\\\/2a3b2862105fb3bdd4096e70c93cfaebbf445eb52cb814efd94664708edfc6aa?s=96&d=mm&r=g\",\"caption\":\"Milla Lanciego\"},\"url\":\"https:\\\/\\\/www.monaco-tribune.com\\\/it\\\/author\\\/millalanciego\\\/\"}]}<\/script>\n<!-- \/ Yoast SEO Premium plugin. -->","yoast_head_json":{"title":"ASM - PSG: l\u2019omaggio commovente alla Fondazione Flavien e alla sua lotta contro il cancro infantile","description":"Una partita che il club del Principato ha voluto dedicare all\u2019associazione monegasca fondata da Denis Maccario dieci anni fa. \u00c8 con una certa emozione che","robots":{"index":"index","follow":"follow","max-snippet":"max-snippet:-1","max-image-preview":"max-image-preview:large","max-video-preview":"max-video-preview:-1"},"canonical":"https:\/\/www.monaco-tribune.com\/it\/2024\/03\/asm-psg-lomaggio-commovente-alla-fondazione-flavien-e-alla-sua-lotta-contro-il-cancro-infantile\/","og_locale":"it_IT","og_type":"article","og_title":"ASM - PSG: l\u2019omaggio commovente alla Fondazione Flavien e alla sua lotta contro il cancro infantile - Monaco Tribune","og_description":"Una partita che il club del Principato ha voluto dedicare all\u2019associazione monegasca fondata da Denis Maccario dieci anni fa. \u00c8 con una certa emozione che","og_url":"https:\/\/www.monaco-tribune.com\/it\/2024\/03\/asm-psg-lomaggio-commovente-alla-fondazione-flavien-e-alla-sua-lotta-contro-il-cancro-infantile\/","og_site_name":"Monaco Tribune","article_publisher":"https:\/\/www.facebook.com\/MonacoTribune","article_published_time":"2024-03-05T17:19:56+00:00","article_modified_time":"2024-03-05T17:20:05+00:00","og_image":[{"width":1160,"height":650,"url":"https:\/\/www.monaco-tribune.com\/wp-content\/uploads\/2024\/03\/dmitri-rybolovlev-fondation-flavien.jpeg","type":"image\/jpeg"}],"author":"Milla Lanciego","twitter_card":"summary_large_image","twitter_creator":"@MonacoTribune","twitter_site":"@MonacoTribune","schema":{"@context":"https:\/\/schema.org","@graph":[{"@type":"NewsArticle","@id":"https:\/\/www.monaco-tribune.com\/it\/2024\/03\/asm-psg-lomaggio-commovente-alla-fondazione-flavien-e-alla-sua-lotta-contro-il-cancro-infantile\/#article","isPartOf":{"@id":"https:\/\/www.monaco-tribune.com\/it\/2024\/03\/asm-psg-lomaggio-commovente-alla-fondazione-flavien-e-alla-sua-lotta-contro-il-cancro-infantile\/"},"author":{"name":"Milla Lanciego","@id":"https:\/\/www.monaco-tribune.com\/it\/#\/schema\/person\/2b0ab2e81c025d96ee31961e17c0435a"},"headline":"ASM &#8211; PSG: l\u2019omaggio commovente alla Fondazione Flavien e alla sua lotta contro il cancro infantile","datePublished":"2024-03-05T17:19:56+00:00","dateModified":"2024-03-05T17:20:05+00:00","mainEntityOfPage":{"@id":"https:\/\/www.monaco-tribune.com\/it\/2024\/03\/asm-psg-lomaggio-commovente-alla-fondazione-flavien-e-alla-sua-lotta-contro-il-cancro-infantile\/"},"wordCount":796,"publisher":{"@id":"https:\/\/www.monaco-tribune.com\/it\/#organization"},"image":{"@id":"https:\/\/www.monaco-tribune.com\/it\/2024\/03\/asm-psg-lomaggio-commovente-alla-fondazione-flavien-e-alla-sua-lotta-contro-il-cancro-infantile\/#primaryimage"},"thumbnailUrl":"https:\/\/www.monaco-tribune.com\/wp-content\/uploads\/2024\/03\/dmitri-rybolovlev-fondation-flavien.jpeg","keywords":["Associazioni"],"articleSection":["La nostra scelta","Notizie","Societ\u00e0"],"inLanguage":"it-IT","copyrightYear":"2024","copyrightHolder":{"@id":"https:\/\/www.monaco-tribune.com\/#organization"}},{"@type":"WebPage","@id":"https:\/\/www.monaco-tribune.com\/it\/2024\/03\/asm-psg-lomaggio-commovente-alla-fondazione-flavien-e-alla-sua-lotta-contro-il-cancro-infantile\/","url":"https:\/\/www.monaco-tribune.com\/it\/2024\/03\/asm-psg-lomaggio-commovente-alla-fondazione-flavien-e-alla-sua-lotta-contro-il-cancro-infantile\/","name":"ASM - PSG: l\u2019omaggio commovente alla Fondazione Flavien e alla sua lotta contro il cancro infantile","isPartOf":{"@id":"https:\/\/www.monaco-tribune.com\/it\/#website"},"primaryImageOfPage":{"@id":"https:\/\/www.monaco-tribune.com\/it\/2024\/03\/asm-psg-lomaggio-commovente-alla-fondazione-flavien-e-alla-sua-lotta-contro-il-cancro-infantile\/#primaryimage"},"image":{"@id":"https:\/\/www.monaco-tribune.com\/it\/2024\/03\/asm-psg-lomaggio-commovente-alla-fondazione-flavien-e-alla-sua-lotta-contro-il-cancro-infantile\/#primaryimage"},"thumbnailUrl":"https:\/\/www.monaco-tribune.com\/wp-content\/uploads\/2024\/03\/dmitri-rybolovlev-fondation-flavien.jpeg","datePublished":"2024-03-05T17:19:56+00:00","dateModified":"2024-03-05T17:20:05+00:00","description":"Una partita che il club del Principato ha voluto dedicare all\u2019associazione monegasca fondata da Denis Maccario dieci anni fa. \u00c8 con una certa emozione che","breadcrumb":{"@id":"https:\/\/www.monaco-tribune.com\/it\/2024\/03\/asm-psg-lomaggio-commovente-alla-fondazione-flavien-e-alla-sua-lotta-contro-il-cancro-infantile\/#breadcrumb"},"inLanguage":"it-IT","potentialAction":[{"@type":"ReadAction","target":["https:\/\/www.monaco-tribune.com\/it\/2024\/03\/asm-psg-lomaggio-commovente-alla-fondazione-flavien-e-alla-sua-lotta-contro-il-cancro-infantile\/"]}]},{"@type":"ImageObject","inLanguage":"it-IT","@id":"https:\/\/www.monaco-tribune.com\/it\/2024\/03\/asm-psg-lomaggio-commovente-alla-fondazione-flavien-e-alla-sua-lotta-contro-il-cancro-infantile\/#primaryimage","url":"https:\/\/www.monaco-tribune.com\/wp-content\/uploads\/2024\/03\/dmitri-rybolovlev-fondation-flavien.jpeg","contentUrl":"https:\/\/www.monaco-tribune.com\/wp-content\/uploads\/2024\/03\/dmitri-rybolovlev-fondation-flavien.jpeg","width":1160,"height":650,"caption":"L'AS Monaco e il suo presidente Dmitri Rybolovlev hanno reso omaggio alla Fondazione Flavien durante la partita contro il Paris SG \u00a9 AS Monaco"},{"@type":"BreadcrumbList","@id":"https:\/\/www.monaco-tribune.com\/it\/2024\/03\/asm-psg-lomaggio-commovente-alla-fondazione-flavien-e-alla-sua-lotta-contro-il-cancro-infantile\/#breadcrumb","itemListElement":[{"@type":"ListItem","position":1,"name":"Accueil","item":"https:\/\/www.monaco-tribune.com\/it\/"},{"@type":"ListItem","position":2,"name":"ASM &#8211; PSG: l\u2019omaggio commovente alla Fondazione Flavien e alla sua lotta contro il cancro infantile"}]},{"@type":"WebSite","@id":"https:\/\/www.monaco-tribune.com\/it\/#website","url":"https:\/\/www.monaco-tribune.com\/it\/","name":"Monaco Tribune","description":"Monaco : actualit\u00e9s \u00e9conomiques, politiques, culturelles et sportives de Monaco et de la French Riviera.","publisher":{"@id":"https:\/\/www.monaco-tribune.com\/it\/#organization"},"potentialAction":[{"@type":"SearchAction","target":{"@type":"EntryPoint","urlTemplate":"https:\/\/www.monaco-tribune.com\/it\/?s={search_term_string}"},"query-input":{"@type":"PropertyValueSpecification","valueRequired":true,"valueName":"search_term_string"}}],"inLanguage":"it-IT"},{"@type":"Organization","@id":"https:\/\/www.monaco-tribune.com\/it\/#organization","name":"Monaco Tribune","url":"https:\/\/www.monaco-tribune.com\/it\/","logo":{"@type":"ImageObject","inLanguage":"it-IT","@id":"https:\/\/www.monaco-tribune.com\/it\/#\/schema\/logo\/image\/","url":"https:\/\/www.monaco-tribune.com\/wp-content\/uploads\/2022\/11\/logo-monaco-tribune.png","contentUrl":"https:\/\/www.monaco-tribune.com\/wp-content\/uploads\/2022\/11\/logo-monaco-tribune.png","width":1548,"height":600,"caption":"Monaco Tribune"},"image":{"@id":"https:\/\/www.monaco-tribune.com\/it\/#\/schema\/logo\/image\/"},"sameAs":["https:\/\/www.facebook.com\/MonacoTribune","https:\/\/x.com\/MonacoTribune","https:\/\/www.instagram.com\/monacotribune\/","https:\/\/www.linkedin.com\/company\/monaco-tribune","https:\/\/www.youtube.com\/channel\/UCHle1MnG6hw1y4lWKijVbMA"]},{"@type":"Person","@id":"https:\/\/www.monaco-tribune.com\/it\/#\/schema\/person\/2b0ab2e81c025d96ee31961e17c0435a","name":"Milla Lanciego","image":{"@type":"ImageObject","inLanguage":"it-IT","@id":"https:\/\/secure.gravatar.com\/avatar\/2a3b2862105fb3bdd4096e70c93cfaebbf445eb52cb814efd94664708edfc6aa?s=96&d=mm&r=g","url":"https:\/\/secure.gravatar.com\/avatar\/2a3b2862105fb3bdd4096e70c93cfaebbf445eb52cb814efd94664708edfc6aa?s=96&d=mm&r=g","contentUrl":"https:\/\/secure.gravatar.com\/avatar\/2a3b2862105fb3bdd4096e70c93cfaebbf445eb52cb814efd94664708edfc6aa?s=96&d=mm&r=g","caption":"Milla Lanciego"},"url":"https:\/\/www.monaco-tribune.com\/it\/author\/millalanciego\/"}]}},"_links":{"self":[{"href":"https:\/\/www.monaco-tribune.com\/it\/wp-json\/wp\/v2\/posts\/220399","targetHints":{"allow":["GET"]}}],"collection":[{"href":"https:\/\/www.monaco-tribune.com\/it\/wp-json\/wp\/v2\/posts"}],"about":[{"href":"https:\/\/www.monaco-tribune.com\/it\/wp-json\/wp\/v2\/types\/post"}],"author":[{"embeddable":true,"href":"https:\/\/www.monaco-tribune.com\/it\/wp-json\/wp\/v2\/users\/75"}],"replies":[{"embeddable":true,"href":"https:\/\/www.monaco-tribune.com\/it\/wp-json\/wp\/v2\/comments?post=220399"}],"version-history":[{"count":2,"href":"https:\/\/www.monaco-tribune.com\/it\/wp-json\/wp\/v2\/posts\/220399\/revisions"}],"predecessor-version":[{"id":220402,"href":"https:\/\/www.monaco-tribune.com\/it\/wp-json\/wp\/v2\/posts\/220399\/revisions\/220402"}],"wp:featuredmedia":[{"embeddable":true,"href":"https:\/\/www.monaco-tribune.com\/it\/wp-json\/wp\/v2\/media\/220130"}],"wp:attachment":[{"href":"https:\/\/www.monaco-tribune.com\/it\/wp-json\/wp\/v2\/media?parent=220399"}],"wp:term":[{"taxonomy":"category","embeddable":true,"href":"https:\/\/www.monaco-tribune.com\/it\/wp-json\/wp\/v2\/categories?post=220399"},{"taxonomy":"post_tag","embeddable":true,"href":"https:\/\/www.monaco-tribune.com\/it\/wp-json\/wp\/v2\/tags?post=220399"},{"taxonomy":"sectag","embeddable":true,"href":"https:\/\/www.monaco-tribune.com\/it\/wp-json\/wp\/v2\/post_sectags?post=220399"},{"taxonomy":"format","embeddable":true,"href":"https:\/\/www.monaco-tribune.com\/it\/wp-json\/wp\/v2\/post_format?post=220399"}],"curies":[{"name":"wp","href":"https:\/\/api.w.org\/{rel}","templated":true}]}}