{"id":224195,"date":"2024-03-23T14:08:33","date_gmt":"2024-03-23T12:08:33","guid":{"rendered":"https:\/\/www.monaco-tribune.com\/2024\/03\/intervista-inedita-del-principe-alberto-ii-a-paris-match\/"},"modified":"2024-03-23T14:08:40","modified_gmt":"2024-03-23T12:08:40","slug":"intervista-inedita-del-principe-alberto-ii-a-paris-match","status":"publish","type":"post","link":"https:\/\/www.monaco-tribune.com\/it\/2024\/03\/intervista-inedita-del-principe-alberto-ii-a-paris-match\/","title":{"rendered":"Intervista inedita del Principe Alberto II a Paris Match"},"content":{"rendered":"\n<p><strong>Il Sovrano si \u00e8 confidato con St\u00e9phane Bern\u00a0durante un\u2019intervista esclusiva pubblicata mercoled\u00ec 20 marzo.<\/strong><\/p>\n\n<p>Qualche giorno fa, il Principe Alberto II ha <a href=\"https:\/\/www.monaco-tribune.com\/it\/2024\/03\/migliaia-di-persone-riunite-sotto-il-palazzo-del-principe-per-il-compleanno-del-sovrano\/\">festeggiato il suo 66\u00b0 compleanno<\/a> sulla Place du Palais insieme a residenti, lavoratori e monegaschi. Un momento di intensa solidariet\u00e0 tra il Principe e il popolo del Principato, che Paris Match ha deciso di citare per discutere dei temi del momento, quelli che scandiscono la vita quotidiana del Capo di Stato.<\/p>\n\n<p>Il Principe Alberto II ha esordito parlando dei recenti sviluppi nella vicenda Claude Palmero. L\u2019ex amministratore del patrimonio del Principe, <a href=\"https:\/\/www.monaco-tribune.com\/2023\/06\/claude-palmero-administrateur-des-biens-du-prince-demis-de-ses-fonctions\/\">sollevato dal suo incarico a giugno del 2023<\/a>, ha mosso diverse accuse al Sovrano monegasco e si \u00e8 rivolto pi\u00f9 volte alla giustizia. In un\u2019inchiesta pubblicata dal giornale Le Monde a gennaio 2024, Claude Palmero ha fatto trapelare i registri in cui sono descritte nel dettaglio tutte le sue attivit\u00e0, anno dopo anno, mentre ricopriva ancora la sua posizione a Palazzo.<\/p>\n\n<p>\u201cNon \u00e8 mai piacevole essere traditi dalle persone di cui ci fidiamo (\u2026) Quando qualcuno non accetta di andare serenamente in pensione, e quel qualcuno, che \u00e8 rimasto deluso, viene nel tuo ufficio e ti minaccia, \u00e8 molto spiacevole sotto l\u2019aspetto umano, ed \u00e8 soprattutto inutile. Ora aspettiamo di arrivare alla fine del processo: la giustizia avr\u00e0 l\u2019ultima parola\u201d, spiega il Principe Alberto II. \u201cGrazie alle mie esperienze passate sono riuscito a farmi una corazza (\u2026) \u00c8 proprio vera l\u2019espressione \u2018i guai non vengono mai da soli\u2019. Questa vicenda si somma ad altri problemi qui a palazzo, al governo e anche personali. E questa serie di difficolt\u00e0 complica sicuramente le cose ma, allo stesso tempo, mi rende pi\u00f9 forte. Non si smette mai di imparare\u201d, aggiunge.<\/p>\n\n<h2 class=\"wp-block-heading\" id=\"h-soutenu-de-toute-part\">Un sostegno costante<\/h2>\n\n<p>Il Sovrano ha colto l\u2019occasione per ricordare il sostegno ricevuto in questa vicenda di particolare rilievo. Soprattutto da parte del Presidente della Repubblica francese, Emmanuel Macron, in una lettera inviata di recente e resa pubblica in occasione del 66\u00b0 compleanno del Principe. \u201cIl presidente della Repubblica mi ha manifestato il suo sostegno in diverse occasioni e sono felice di questa amicizia e di questa vicinanza con la Francia. Aspettiamo presto una visita ufficiale del Presidente Macron\u201d, afferma soddisfatto il Principe Alberto II.<\/p>\n\n<p>Ha citato anche la famiglia principesca, riunita al completo per il suo compleanno il 14 marzo. \u201cFortunatamente, tutta la mia famiglia mi \u00e8 vicina, e mi dimostra tutto il suo affetto, non solo i parenti stretti ma anche la grande famiglia dei monegaschi. Siamo tutti una sola grande famiglia, unita e solidale\u201d. Anche la Principessa Charl\u00e8ne \u00e8 stata naturalmente menzionata. \u201cAnche lei \u00e8 stata molto coinvolta e si \u00e8 rattristata per alcune notizie uscite sui giornali. Ci siamo sostenuti a vicenda. \u00c8 vero che ha ripreso molte attivit\u00e0 ed \u00e8 apparsa in pi\u00f9 eventi pubblici, tutti ne sono felici\u201d.<\/p>\n<div class=\"wp-block-image\">\n<figure class=\"aligncenter size-large\"><img loading=\"lazy\" decoding=\"async\" width=\"1024\" height=\"683\" src=\"https:\/\/www.monaco-tribune.com\/wp-content\/uploads\/2024\/03\/famille-princiere-monaco-anniversaire-du-prince-albert-ii-1024x683.jpeg\" alt=\"famille princiere monaco anniversaire du prince albert ii\" class=\"wp-image-222588\" srcset=\"https:\/\/www.monaco-tribune.com\/wp-content\/uploads\/2024\/03\/famille-princiere-monaco-anniversaire-du-prince-albert-ii-1024x683.jpeg 1024w, https:\/\/www.monaco-tribune.com\/wp-content\/uploads\/2024\/03\/famille-princiere-monaco-anniversaire-du-prince-albert-ii-450x300.jpeg 450w, https:\/\/www.monaco-tribune.com\/wp-content\/uploads\/2024\/03\/famille-princiere-monaco-anniversaire-du-prince-albert-ii.jpeg 1200w\" sizes=\"auto, (max-width: 1024px) 100vw, 1024px\" \/><figcaption class=\"wp-element-caption\">Il compleanno del Principe Alberto II \u00a9Palazzo del Principe di Monaco<\/figcaption><\/figure>\n<\/div>\n<p class=\"related\"><a href=\"https:\/\/www.monaco-tribune.com\/it\/2024\/01\/46-compleanno-della-principessa-charlene-una-principessa-impegnata-nel-sociale\/\">46\u00b0 compleanno della Principessa Charl\u00e8ne, una principessa impegnata nel sociale<\/a><\/p>\n\n<h2 class=\"wp-block-heading\" id=\"h-jacques-et-gabriella-avec-tendresse\">Intenerito da Jacques e Gabriella<\/h2>\n\n<p>Durante l\u2019intervista con il giornalista franco-lussemburghese, il Principe Alberto II ha parlato anche della crescita dei suoi figli, il Principe Ereditario Jacques e la Principessa Gabriella, che quest\u2019anno compiono 10 anni. \u201c\u00c8 una signorina con un carattere indipendente che si esprime con una certa libert\u00e0\u201d, dice il Sovrano parlando della figlia. \u201cPensavamo che Jacques fosse pi\u00f9 introverso, ma da qualche tempo sta acquisendo sicurezza. \u00c8 molto affettuoso con la sorella\u201d, continua. E a proposito della loro vita di tutti i giorni e degli obblighi derivanti dal loro titolo, aggiunge: \u201cSono molto vicini, molto uniti. Entrambi hanno compreso il ruolo un po\u2019 speciale che svolgeranno e quali sono i loro obblighi, anche se non insisto troppo sull\u2019argomento, per non traumatizzarli\u201d. Il Sovrano confessa che \u201ccerti obblighi non li divertono tanto\u201d, ma precisa che \u201cadorano partecipare\u201d alla <a href=\"https:\/\/www.monaco-tribune.com\/it\/2024\/01\/la-coppia-principesca-ha-celebrato-la-santa-patrona-di-monaco\/\">festa di Santa Devota<\/a>, santa patrona di Monaco, in cui si d\u00e0 fuoco a una barca.<\/p>\n<div class=\"wp-block-image\">\n<figure class=\"aligncenter size-full\"><img loading=\"lazy\" decoding=\"async\" width=\"1020\" height=\"680\" src=\"https:\/\/www.monaco-tribune.com\/wp-content\/uploads\/2023\/03\/prince-albert-ii-princesse-gabriella-prince-jacques.jpeg\" alt=\"prince albert ii princesse gabriella prince jacques\" class=\"wp-image-168302\" srcset=\"https:\/\/www.monaco-tribune.com\/wp-content\/uploads\/2023\/03\/prince-albert-ii-princesse-gabriella-prince-jacques.jpeg 1020w, https:\/\/www.monaco-tribune.com\/wp-content\/uploads\/2023\/03\/prince-albert-ii-princesse-gabriella-prince-jacques-450x300.jpeg 450w\" sizes=\"auto, (max-width: 1020px) 100vw, 1020px\" \/><figcaption class=\"wp-element-caption\">\u00a9 Eric Mathon e Mika Alesi \/ Palazzo del Principe<\/figcaption><\/figure>\n<\/div>\n<p class=\"related\"><a href=\"https:\/\/www.monaco-tribune.com\/it\/2023\/11\/la-principessa-charlene-sorridente-con-i-suoi-figli-al-parco-principessa-antonietta\/\">La Principessa Charl\u00e8ne sorridente con i suoi figli al Parco Principessa Antonietta<\/a><\/p>\n\n<blockquote class=\"wp-block-quote is-layout-flow wp-block-quote-is-layout-flow\">\n<p>Sono felice e orgoglioso di aver dato il mio piccolo contributo alla salvaguardia degli oceani e della biodiversit\u00e0<\/p>\n<\/blockquote>\n\n<p><p style=\"margin-bottom: 11.25pt;\"><span lang=\"IT\" style=\"font-family: 'EB Garamond'; color: black;\">Dopo essersi intenerito parlando dei suoi figli, il Principe Alberto II parla della sua missione, che \u00e8 il fulcro di un piccolo Stato come Monaco. \u201cSe vi dicessi che apprezzo il ruolo di sovrano 24 ore su 24 e 7 giorni su 7 non sarei onesto con me stesso. Ci sono momenti difficili e altri straordinari, momenti di gioia e di condivisione (\u2026) Condividere la propria visione con tutti \u00e8 la cosa pi\u00f9 difficile. Sono felice e orgoglioso di aver dato il mio piccolo contributo alla salvaguardia degli oceani e della biodiversit\u00e0, ma \u00e8 frustrante a volte constatare che non per tutti \u00e8 una priorit\u00e0. Non solo gli oceani, ma anche rendersi conto di tutte le emergenze, che siano climatiche, energetiche\u2026\u201d. \u00c8 un peccato \u201cche queste questioni, per esempio, non siano meglio comprese dai capi di Stato e di Governo\u201d, afferma il Principe.<\/span><\/p><\/p>\n\n<h2 class=\"wp-block-heading\" id=\"h-nbsp-la-principaute-rayonne-au-dela-de-ses-frontieres\">\u201cIl Principato risplende oltre le frontiere\u201d<\/h2>\n\n<p><em>\u201cNon dobbiamo dimenticare che Monaco \u00e8 un micro-Stato, ma il Principato risplende oltre le frontiere e fa parlare di s\u00e9 per le sue attivit\u00e0 caritatevoli, ambientali, sportive e culturali\u201d, spiega il Sovrano. \u201cDa un lato, cerchiamo di far conoscere il Principato a livello internazionale, dall\u2019altro mettiamo in pratica il micromanagement. (\u2026) Vorrei che tutti potessero lavorare e vivere a Monaco, e questa \u00e8 una vera sfida, viste le esigue dimensioni del nostro territorio\u201d, ha continuato il Sovrano.<\/em><\/p>\n\n<blockquote class=\"wp-block-quote is-layout-flow wp-block-quote-is-layout-flow\">\n<p><em>Credo che il Principato debba assumere il ruolo di promotore di pace<\/em><\/p>\n<\/blockquote>\n\n<p>L\u2019intervista si \u00e8 poi spostata sullo sviluppo economico del Principato, sul <a href=\"https:\/\/www.monaco-tribune.com\/2023\/11\/le-chantier-mareterra-sera-termine-en-2024\/\">programma Mareterra<\/a> che sar\u00e0 realizzato entro la fine dell\u2019anno, ma anche sull\u2019ampliamento del <a href=\"https:\/\/www.monaco-tribune.com\/it\/2024\/01\/comicita-dipinti-danza-e-canto-un-nuovo-anno-vi-aspetta-al-grimaldi-forum\/\">Grimaldi Forum<\/a>. &#8220;Possiamo essere orgogliosi di una crescita a due cifre, che dimostra come il Paese abbia notevolmente diversificato l&#8217;economia dai tempi del regno di mio padre. (\u2026) Monaco rimane un rifugio sicuro grazie alla sua stabilit\u00e0, sicurezza e alle opportunit\u00e0 economiche.&#8221;<\/p>\n\n<p class=\"related\"><a href=\"https:\/\/www.monaco-tribune.com\/it\/2024\/03\/22-posizioni-aperte-presso-il-museo-oceanografico-di-monaco\/\">22 posizioni aperte presso il Museo Oceanografico di Monaco<\/a><\/p>\n\n<p>A ottobre 2023, il Sovrano <a href=\"https:\/\/www.monaco-tribune.com\/it\/2023\/10\/il-principe-alberto-ii-ha-espresso-il-suo-sostegno-al-presidente-di-israele\/\">ha espresso il suo sostegno al presidente di Israele<\/a> a seguito di un attacco da parte del movimento islamista di Hamas. Sei mesi dopo, racconta: \u201cTra il conflitto in Ucraina e quello in Medio Oriente, la situazione internazionale attuale mi preoccupa\u201d. \u201cCredo che il Principato debba assumere il ruolo di promotore di pace\u201d, conclude il Principe Alberto II.<\/p>\n\n<p>Prima di volgere al termina, l\u2019intervista si concentra su un tema un po\u2019 pi\u00f9 leggero, quello delle Olimpiadi 2024 a Parigi. \u201cLa storia della mia famiglia e la mia relazione con la Principessa Charl\u00e8ne sono ovviamente legate ai Giochi Olimpici. Sar\u00f2 presente a quelli di Parigi e, insieme alla Principessa, faremo il tifo per gli atleti del Principato e seguiremo le gare di nuoto e atletica\u201d.<\/p>\n","protected":false},"excerpt":{"rendered":"<p>Il Sovrano si \u00e8 confidato con St\u00e9phane Bern\u00a0durante un\u2019intervista esclusiva pubblicata mercoled\u00ec 20 marzo. Qualche giorno fa, il Principe Alberto [&hellip;]<\/p>\n","protected":false},"author":65,"featured_media":223909,"comment_status":"closed","ping_status":"closed","sticky":false,"template":"","format":"standard","meta":{"_acf_changed":false,"footnotes":""},"categories":[1742,1826,1738],"tags":[2986],"post_sectags":[],"post_format":[2486],"class_list":["post-224195","post","type-post","status-publish","format-standard","has-post-thumbnail","hentry","category-famiglia-principesca","category-la-nostra-scelta","category-notizie","tag-principe-alberto-ii","format-servizio"],"acf":[],"yoast_head":"<!-- This site is optimized with the Yoast SEO Premium plugin v26.8 (Yoast SEO v27.5) - https:\/\/yoast.com\/product\/yoast-seo-premium-wordpress\/ -->\n<title>Intervista inedita del Principe Alberto II a Paris Match<\/title>\n<meta name=\"description\" content=\"Il Sovrano si \u00e8 confidato con St\u00e9phane Bern\u00a0durante un\u2019intervista esclusiva pubblicata mercoled\u00ec 20 marzo. Qualche giorno fa, il Principe Alberto II ha\" \/>\n<meta name=\"robots\" content=\"index, follow, max-snippet:-1, max-image-preview:large, max-video-preview:-1\" \/>\n<link rel=\"canonical\" href=\"https:\/\/www.monaco-tribune.com\/it\/2024\/03\/intervista-inedita-del-principe-alberto-ii-a-paris-match\/\" \/>\n<meta property=\"og:locale\" content=\"it_IT\" \/>\n<meta property=\"og:type\" content=\"article\" \/>\n<meta property=\"og:title\" content=\"Intervista inedita del Principe Alberto II a Paris Match - Monaco Tribune\" \/>\n<meta property=\"og:description\" content=\"Il Sovrano si \u00e8 confidato con St\u00e9phane Bern\u00a0durante un\u2019intervista esclusiva pubblicata mercoled\u00ec 20 marzo. Qualche giorno fa, il Principe Alberto II ha\" \/>\n<meta property=\"og:url\" content=\"https:\/\/www.monaco-tribune.com\/it\/2024\/03\/intervista-inedita-del-principe-alberto-ii-a-paris-match\/\" \/>\n<meta property=\"og:site_name\" content=\"Monaco Tribune\" \/>\n<meta property=\"article:publisher\" content=\"https:\/\/www.facebook.com\/MonacoTribune\" \/>\n<meta property=\"article:published_time\" content=\"2024-03-23T12:08:33+00:00\" \/>\n<meta property=\"article:modified_time\" content=\"2024-03-23T12:08:40+00:00\" \/>\n<meta property=\"og:image\" content=\"https:\/\/www.monaco-tribune.com\/wp-content\/uploads\/2024\/03\/famille-princiere-de-monaco-3.jpg\" \/>\n\t<meta property=\"og:image:width\" content=\"1200\" \/>\n\t<meta property=\"og:image:height\" content=\"800\" \/>\n\t<meta property=\"og:image:type\" content=\"image\/jpeg\" \/>\n<meta name=\"author\" content=\"Paul Charoy\" \/>\n<meta name=\"twitter:card\" content=\"summary_large_image\" \/>\n<meta name=\"twitter:creator\" content=\"@MonacoTribune\" \/>\n<meta name=\"twitter:site\" content=\"@MonacoTribune\" \/>\n<script type=\"application\/ld+json\" class=\"yoast-schema-graph\">{\"@context\":\"https:\\\/\\\/schema.org\",\"@graph\":[{\"@type\":\"NewsArticle\",\"@id\":\"https:\\\/\\\/www.monaco-tribune.com\\\/it\\\/2024\\\/03\\\/intervista-inedita-del-principe-alberto-ii-a-paris-match\\\/#article\",\"isPartOf\":{\"@id\":\"https:\\\/\\\/www.monaco-tribune.com\\\/it\\\/2024\\\/03\\\/intervista-inedita-del-principe-alberto-ii-a-paris-match\\\/\"},\"author\":{\"name\":\"Paul Charoy\",\"@id\":\"https:\\\/\\\/www.monaco-tribune.com\\\/it\\\/#\\\/schema\\\/person\\\/c33a9f1bc99ef5a2e07d37c576060b57\"},\"headline\":\"Intervista inedita del Principe Alberto II a Paris Match\",\"datePublished\":\"2024-03-23T12:08:33+00:00\",\"dateModified\":\"2024-03-23T12:08:40+00:00\",\"mainEntityOfPage\":{\"@id\":\"https:\\\/\\\/www.monaco-tribune.com\\\/it\\\/2024\\\/03\\\/intervista-inedita-del-principe-alberto-ii-a-paris-match\\\/\"},\"wordCount\":1109,\"publisher\":{\"@id\":\"https:\\\/\\\/www.monaco-tribune.com\\\/it\\\/#organization\"},\"image\":{\"@id\":\"https:\\\/\\\/www.monaco-tribune.com\\\/it\\\/2024\\\/03\\\/intervista-inedita-del-principe-alberto-ii-a-paris-match\\\/#primaryimage\"},\"thumbnailUrl\":\"https:\\\/\\\/www.monaco-tribune.com\\\/wp-content\\\/uploads\\\/2024\\\/03\\\/famille-princiere-de-monaco-3.jpg\",\"keywords\":[\"Principe Alberto II\"],\"articleSection\":[\"Famiglia Principesca\",\"La nostra scelta\",\"Notizie\"],\"inLanguage\":\"it-IT\",\"copyrightYear\":\"2024\",\"copyrightHolder\":{\"@id\":\"https:\\\/\\\/www.monaco-tribune.com\\\/#organization\"}},{\"@type\":\"WebPage\",\"@id\":\"https:\\\/\\\/www.monaco-tribune.com\\\/it\\\/2024\\\/03\\\/intervista-inedita-del-principe-alberto-ii-a-paris-match\\\/\",\"url\":\"https:\\\/\\\/www.monaco-tribune.com\\\/it\\\/2024\\\/03\\\/intervista-inedita-del-principe-alberto-ii-a-paris-match\\\/\",\"name\":\"Intervista inedita del Principe Alberto II a Paris Match\",\"isPartOf\":{\"@id\":\"https:\\\/\\\/www.monaco-tribune.com\\\/it\\\/#website\"},\"primaryImageOfPage\":{\"@id\":\"https:\\\/\\\/www.monaco-tribune.com\\\/it\\\/2024\\\/03\\\/intervista-inedita-del-principe-alberto-ii-a-paris-match\\\/#primaryimage\"},\"image\":{\"@id\":\"https:\\\/\\\/www.monaco-tribune.com\\\/it\\\/2024\\\/03\\\/intervista-inedita-del-principe-alberto-ii-a-paris-match\\\/#primaryimage\"},\"thumbnailUrl\":\"https:\\\/\\\/www.monaco-tribune.com\\\/wp-content\\\/uploads\\\/2024\\\/03\\\/famille-princiere-de-monaco-3.jpg\",\"datePublished\":\"2024-03-23T12:08:33+00:00\",\"dateModified\":\"2024-03-23T12:08:40+00:00\",\"description\":\"Il Sovrano si \u00e8 confidato con St\u00e9phane Bern\u00a0durante un\u2019intervista esclusiva pubblicata mercoled\u00ec 20 marzo. Qualche giorno fa, il Principe Alberto II ha\",\"breadcrumb\":{\"@id\":\"https:\\\/\\\/www.monaco-tribune.com\\\/it\\\/2024\\\/03\\\/intervista-inedita-del-principe-alberto-ii-a-paris-match\\\/#breadcrumb\"},\"inLanguage\":\"it-IT\",\"potentialAction\":[{\"@type\":\"ReadAction\",\"target\":[\"https:\\\/\\\/www.monaco-tribune.com\\\/it\\\/2024\\\/03\\\/intervista-inedita-del-principe-alberto-ii-a-paris-match\\\/\"]}]},{\"@type\":\"ImageObject\",\"inLanguage\":\"it-IT\",\"@id\":\"https:\\\/\\\/www.monaco-tribune.com\\\/it\\\/2024\\\/03\\\/intervista-inedita-del-principe-alberto-ii-a-paris-match\\\/#primaryimage\",\"url\":\"https:\\\/\\\/www.monaco-tribune.com\\\/wp-content\\\/uploads\\\/2024\\\/03\\\/famille-princiere-de-monaco-3.jpg\",\"contentUrl\":\"https:\\\/\\\/www.monaco-tribune.com\\\/wp-content\\\/uploads\\\/2024\\\/03\\\/famille-princiere-de-monaco-3.jpg\",\"width\":1200,\"height\":800,\"caption\":\"Qualche giorno prima del suo compleanno, dove \u00e8 apparso insieme alla sua famiglia, il Sovrano ha rilasciato un\u2019intervista alla rivista Paris Match. \u00a9Palazzo del Principe di Monaco \\\/ Facebook\"},{\"@type\":\"BreadcrumbList\",\"@id\":\"https:\\\/\\\/www.monaco-tribune.com\\\/it\\\/2024\\\/03\\\/intervista-inedita-del-principe-alberto-ii-a-paris-match\\\/#breadcrumb\",\"itemListElement\":[{\"@type\":\"ListItem\",\"position\":1,\"name\":\"Accueil\",\"item\":\"https:\\\/\\\/www.monaco-tribune.com\\\/it\\\/\"},{\"@type\":\"ListItem\",\"position\":2,\"name\":\"Intervista inedita del Principe Alberto II a Paris Match\"}]},{\"@type\":\"WebSite\",\"@id\":\"https:\\\/\\\/www.monaco-tribune.com\\\/it\\\/#website\",\"url\":\"https:\\\/\\\/www.monaco-tribune.com\\\/it\\\/\",\"name\":\"Monaco Tribune\",\"description\":\"Monaco : actualit\u00e9s \u00e9conomiques, politiques, culturelles et sportives de Monaco et de la French Riviera.\",\"publisher\":{\"@id\":\"https:\\\/\\\/www.monaco-tribune.com\\\/it\\\/#organization\"},\"potentialAction\":[{\"@type\":\"SearchAction\",\"target\":{\"@type\":\"EntryPoint\",\"urlTemplate\":\"https:\\\/\\\/www.monaco-tribune.com\\\/it\\\/?s={search_term_string}\"},\"query-input\":{\"@type\":\"PropertyValueSpecification\",\"valueRequired\":true,\"valueName\":\"search_term_string\"}}],\"inLanguage\":\"it-IT\"},{\"@type\":\"Organization\",\"@id\":\"https:\\\/\\\/www.monaco-tribune.com\\\/it\\\/#organization\",\"name\":\"Monaco Tribune\",\"url\":\"https:\\\/\\\/www.monaco-tribune.com\\\/it\\\/\",\"logo\":{\"@type\":\"ImageObject\",\"inLanguage\":\"it-IT\",\"@id\":\"https:\\\/\\\/www.monaco-tribune.com\\\/it\\\/#\\\/schema\\\/logo\\\/image\\\/\",\"url\":\"https:\\\/\\\/www.monaco-tribune.com\\\/wp-content\\\/uploads\\\/2022\\\/11\\\/logo-monaco-tribune.png\",\"contentUrl\":\"https:\\\/\\\/www.monaco-tribune.com\\\/wp-content\\\/uploads\\\/2022\\\/11\\\/logo-monaco-tribune.png\",\"width\":1548,\"height\":600,\"caption\":\"Monaco Tribune\"},\"image\":{\"@id\":\"https:\\\/\\\/www.monaco-tribune.com\\\/it\\\/#\\\/schema\\\/logo\\\/image\\\/\"},\"sameAs\":[\"https:\\\/\\\/www.facebook.com\\\/MonacoTribune\",\"https:\\\/\\\/x.com\\\/MonacoTribune\",\"https:\\\/\\\/www.instagram.com\\\/monacotribune\\\/\",\"https:\\\/\\\/www.linkedin.com\\\/company\\\/monaco-tribune\",\"https:\\\/\\\/www.youtube.com\\\/channel\\\/UCHle1MnG6hw1y4lWKijVbMA\"]},{\"@type\":\"Person\",\"@id\":\"https:\\\/\\\/www.monaco-tribune.com\\\/it\\\/#\\\/schema\\\/person\\\/c33a9f1bc99ef5a2e07d37c576060b57\",\"name\":\"Paul Charoy\",\"image\":{\"@type\":\"ImageObject\",\"inLanguage\":\"it-IT\",\"@id\":\"https:\\\/\\\/secure.gravatar.com\\\/avatar\\\/c3a39fd900275d54a628738568f1949e90ce9945d105d000228335a7bad64b38?s=96&d=mm&r=g\",\"url\":\"https:\\\/\\\/secure.gravatar.com\\\/avatar\\\/c3a39fd900275d54a628738568f1949e90ce9945d105d000228335a7bad64b38?s=96&d=mm&r=g\",\"contentUrl\":\"https:\\\/\\\/secure.gravatar.com\\\/avatar\\\/c3a39fd900275d54a628738568f1949e90ce9945d105d000228335a7bad64b38?s=96&d=mm&r=g\",\"caption\":\"Paul Charoy\"},\"url\":\"https:\\\/\\\/www.monaco-tribune.com\\\/it\\\/author\\\/paulcharoy\\\/\"}]}<\/script>\n<!-- \/ Yoast SEO Premium plugin. -->","yoast_head_json":{"title":"Intervista inedita del Principe Alberto II a Paris Match","description":"Il Sovrano si \u00e8 confidato con St\u00e9phane Bern\u00a0durante un\u2019intervista esclusiva pubblicata mercoled\u00ec 20 marzo. Qualche giorno fa, il Principe Alberto II ha","robots":{"index":"index","follow":"follow","max-snippet":"max-snippet:-1","max-image-preview":"max-image-preview:large","max-video-preview":"max-video-preview:-1"},"canonical":"https:\/\/www.monaco-tribune.com\/it\/2024\/03\/intervista-inedita-del-principe-alberto-ii-a-paris-match\/","og_locale":"it_IT","og_type":"article","og_title":"Intervista inedita del Principe Alberto II a Paris Match - Monaco Tribune","og_description":"Il Sovrano si \u00e8 confidato con St\u00e9phane Bern\u00a0durante un\u2019intervista esclusiva pubblicata mercoled\u00ec 20 marzo. Qualche giorno fa, il Principe Alberto II ha","og_url":"https:\/\/www.monaco-tribune.com\/it\/2024\/03\/intervista-inedita-del-principe-alberto-ii-a-paris-match\/","og_site_name":"Monaco Tribune","article_publisher":"https:\/\/www.facebook.com\/MonacoTribune","article_published_time":"2024-03-23T12:08:33+00:00","article_modified_time":"2024-03-23T12:08:40+00:00","og_image":[{"width":1200,"height":800,"url":"https:\/\/www.monaco-tribune.com\/wp-content\/uploads\/2024\/03\/famille-princiere-de-monaco-3.jpg","type":"image\/jpeg"}],"author":"Paul Charoy","twitter_card":"summary_large_image","twitter_creator":"@MonacoTribune","twitter_site":"@MonacoTribune","schema":{"@context":"https:\/\/schema.org","@graph":[{"@type":"NewsArticle","@id":"https:\/\/www.monaco-tribune.com\/it\/2024\/03\/intervista-inedita-del-principe-alberto-ii-a-paris-match\/#article","isPartOf":{"@id":"https:\/\/www.monaco-tribune.com\/it\/2024\/03\/intervista-inedita-del-principe-alberto-ii-a-paris-match\/"},"author":{"name":"Paul Charoy","@id":"https:\/\/www.monaco-tribune.com\/it\/#\/schema\/person\/c33a9f1bc99ef5a2e07d37c576060b57"},"headline":"Intervista inedita del Principe Alberto II a Paris Match","datePublished":"2024-03-23T12:08:33+00:00","dateModified":"2024-03-23T12:08:40+00:00","mainEntityOfPage":{"@id":"https:\/\/www.monaco-tribune.com\/it\/2024\/03\/intervista-inedita-del-principe-alberto-ii-a-paris-match\/"},"wordCount":1109,"publisher":{"@id":"https:\/\/www.monaco-tribune.com\/it\/#organization"},"image":{"@id":"https:\/\/www.monaco-tribune.com\/it\/2024\/03\/intervista-inedita-del-principe-alberto-ii-a-paris-match\/#primaryimage"},"thumbnailUrl":"https:\/\/www.monaco-tribune.com\/wp-content\/uploads\/2024\/03\/famille-princiere-de-monaco-3.jpg","keywords":["Principe Alberto II"],"articleSection":["Famiglia Principesca","La nostra scelta","Notizie"],"inLanguage":"it-IT","copyrightYear":"2024","copyrightHolder":{"@id":"https:\/\/www.monaco-tribune.com\/#organization"}},{"@type":"WebPage","@id":"https:\/\/www.monaco-tribune.com\/it\/2024\/03\/intervista-inedita-del-principe-alberto-ii-a-paris-match\/","url":"https:\/\/www.monaco-tribune.com\/it\/2024\/03\/intervista-inedita-del-principe-alberto-ii-a-paris-match\/","name":"Intervista inedita del Principe Alberto II a Paris Match","isPartOf":{"@id":"https:\/\/www.monaco-tribune.com\/it\/#website"},"primaryImageOfPage":{"@id":"https:\/\/www.monaco-tribune.com\/it\/2024\/03\/intervista-inedita-del-principe-alberto-ii-a-paris-match\/#primaryimage"},"image":{"@id":"https:\/\/www.monaco-tribune.com\/it\/2024\/03\/intervista-inedita-del-principe-alberto-ii-a-paris-match\/#primaryimage"},"thumbnailUrl":"https:\/\/www.monaco-tribune.com\/wp-content\/uploads\/2024\/03\/famille-princiere-de-monaco-3.jpg","datePublished":"2024-03-23T12:08:33+00:00","dateModified":"2024-03-23T12:08:40+00:00","description":"Il Sovrano si \u00e8 confidato con St\u00e9phane Bern\u00a0durante un\u2019intervista esclusiva pubblicata mercoled\u00ec 20 marzo. Qualche giorno fa, il Principe Alberto II ha","breadcrumb":{"@id":"https:\/\/www.monaco-tribune.com\/it\/2024\/03\/intervista-inedita-del-principe-alberto-ii-a-paris-match\/#breadcrumb"},"inLanguage":"it-IT","potentialAction":[{"@type":"ReadAction","target":["https:\/\/www.monaco-tribune.com\/it\/2024\/03\/intervista-inedita-del-principe-alberto-ii-a-paris-match\/"]}]},{"@type":"ImageObject","inLanguage":"it-IT","@id":"https:\/\/www.monaco-tribune.com\/it\/2024\/03\/intervista-inedita-del-principe-alberto-ii-a-paris-match\/#primaryimage","url":"https:\/\/www.monaco-tribune.com\/wp-content\/uploads\/2024\/03\/famille-princiere-de-monaco-3.jpg","contentUrl":"https:\/\/www.monaco-tribune.com\/wp-content\/uploads\/2024\/03\/famille-princiere-de-monaco-3.jpg","width":1200,"height":800,"caption":"Qualche giorno prima del suo compleanno, dove \u00e8 apparso insieme alla sua famiglia, il Sovrano ha rilasciato un\u2019intervista alla rivista Paris Match. \u00a9Palazzo del Principe di Monaco \/ Facebook"},{"@type":"BreadcrumbList","@id":"https:\/\/www.monaco-tribune.com\/it\/2024\/03\/intervista-inedita-del-principe-alberto-ii-a-paris-match\/#breadcrumb","itemListElement":[{"@type":"ListItem","position":1,"name":"Accueil","item":"https:\/\/www.monaco-tribune.com\/it\/"},{"@type":"ListItem","position":2,"name":"Intervista inedita del Principe Alberto II a Paris Match"}]},{"@type":"WebSite","@id":"https:\/\/www.monaco-tribune.com\/it\/#website","url":"https:\/\/www.monaco-tribune.com\/it\/","name":"Monaco Tribune","description":"Monaco : actualit\u00e9s \u00e9conomiques, politiques, culturelles et sportives de Monaco et de la French Riviera.","publisher":{"@id":"https:\/\/www.monaco-tribune.com\/it\/#organization"},"potentialAction":[{"@type":"SearchAction","target":{"@type":"EntryPoint","urlTemplate":"https:\/\/www.monaco-tribune.com\/it\/?s={search_term_string}"},"query-input":{"@type":"PropertyValueSpecification","valueRequired":true,"valueName":"search_term_string"}}],"inLanguage":"it-IT"},{"@type":"Organization","@id":"https:\/\/www.monaco-tribune.com\/it\/#organization","name":"Monaco Tribune","url":"https:\/\/www.monaco-tribune.com\/it\/","logo":{"@type":"ImageObject","inLanguage":"it-IT","@id":"https:\/\/www.monaco-tribune.com\/it\/#\/schema\/logo\/image\/","url":"https:\/\/www.monaco-tribune.com\/wp-content\/uploads\/2022\/11\/logo-monaco-tribune.png","contentUrl":"https:\/\/www.monaco-tribune.com\/wp-content\/uploads\/2022\/11\/logo-monaco-tribune.png","width":1548,"height":600,"caption":"Monaco Tribune"},"image":{"@id":"https:\/\/www.monaco-tribune.com\/it\/#\/schema\/logo\/image\/"},"sameAs":["https:\/\/www.facebook.com\/MonacoTribune","https:\/\/x.com\/MonacoTribune","https:\/\/www.instagram.com\/monacotribune\/","https:\/\/www.linkedin.com\/company\/monaco-tribune","https:\/\/www.youtube.com\/channel\/UCHle1MnG6hw1y4lWKijVbMA"]},{"@type":"Person","@id":"https:\/\/www.monaco-tribune.com\/it\/#\/schema\/person\/c33a9f1bc99ef5a2e07d37c576060b57","name":"Paul Charoy","image":{"@type":"ImageObject","inLanguage":"it-IT","@id":"https:\/\/secure.gravatar.com\/avatar\/c3a39fd900275d54a628738568f1949e90ce9945d105d000228335a7bad64b38?s=96&d=mm&r=g","url":"https:\/\/secure.gravatar.com\/avatar\/c3a39fd900275d54a628738568f1949e90ce9945d105d000228335a7bad64b38?s=96&d=mm&r=g","contentUrl":"https:\/\/secure.gravatar.com\/avatar\/c3a39fd900275d54a628738568f1949e90ce9945d105d000228335a7bad64b38?s=96&d=mm&r=g","caption":"Paul Charoy"},"url":"https:\/\/www.monaco-tribune.com\/it\/author\/paulcharoy\/"}]}},"_links":{"self":[{"href":"https:\/\/www.monaco-tribune.com\/it\/wp-json\/wp\/v2\/posts\/224195","targetHints":{"allow":["GET"]}}],"collection":[{"href":"https:\/\/www.monaco-tribune.com\/it\/wp-json\/wp\/v2\/posts"}],"about":[{"href":"https:\/\/www.monaco-tribune.com\/it\/wp-json\/wp\/v2\/types\/post"}],"author":[{"embeddable":true,"href":"https:\/\/www.monaco-tribune.com\/it\/wp-json\/wp\/v2\/users\/65"}],"replies":[{"embeddable":true,"href":"https:\/\/www.monaco-tribune.com\/it\/wp-json\/wp\/v2\/comments?post=224195"}],"version-history":[{"count":2,"href":"https:\/\/www.monaco-tribune.com\/it\/wp-json\/wp\/v2\/posts\/224195\/revisions"}],"predecessor-version":[{"id":224198,"href":"https:\/\/www.monaco-tribune.com\/it\/wp-json\/wp\/v2\/posts\/224195\/revisions\/224198"}],"wp:featuredmedia":[{"embeddable":true,"href":"https:\/\/www.monaco-tribune.com\/it\/wp-json\/wp\/v2\/media\/223909"}],"wp:attachment":[{"href":"https:\/\/www.monaco-tribune.com\/it\/wp-json\/wp\/v2\/media?parent=224195"}],"wp:term":[{"taxonomy":"category","embeddable":true,"href":"https:\/\/www.monaco-tribune.com\/it\/wp-json\/wp\/v2\/categories?post=224195"},{"taxonomy":"post_tag","embeddable":true,"href":"https:\/\/www.monaco-tribune.com\/it\/wp-json\/wp\/v2\/tags?post=224195"},{"taxonomy":"sectag","embeddable":true,"href":"https:\/\/www.monaco-tribune.com\/it\/wp-json\/wp\/v2\/post_sectags?post=224195"},{"taxonomy":"format","embeddable":true,"href":"https:\/\/www.monaco-tribune.com\/it\/wp-json\/wp\/v2\/post_format?post=224195"}],"curies":[{"name":"wp","href":"https:\/\/api.w.org\/{rel}","templated":true}]}}