{"id":224511,"date":"2024-03-25T20:18:15","date_gmt":"2024-03-25T18:18:15","guid":{"rendered":"https:\/\/www.monaco-tribune.com\/2024\/03\/ripercorrete-le-prime-edizioni-del-ballo-della-rosa-attraverso-le-foto-darchivio\/"},"modified":"2024-03-25T20:18:23","modified_gmt":"2024-03-25T18:18:23","slug":"ripercorrete-le-prime-edizioni-del-ballo-della-rosa-attraverso-le-foto-darchivio","status":"publish","type":"post","link":"https:\/\/www.monaco-tribune.com\/it\/2024\/03\/ripercorrete-le-prime-edizioni-del-ballo-della-rosa-attraverso-le-foto-darchivio\/","title":{"rendered":"Ripercorrete le prime edizioni del Ballo della Rosa attraverso le foto d&#8217;archivio"},"content":{"rendered":"\n<p><strong>Creato nel 1954, il Ballo della Rosa ha visto la sua 68esima edizione prendere vita sabato 23 marzo. Ripercorriamo la storia del famoso evento monegasco attraverso le immagini d&#8217;archivio.<\/strong><\/p>\n\n<p>\u00c8 uno degli eventi cardine del Principato, in cui le personalit\u00e0 di Monaco e non solo si riuniscono per una serata di festa. Ospitato nella prestigiosa Salle des \u00c9toiles dello Sporting Monte-Carlo, dal 1964, quando \u00e8 stata fondata la Fondazione Principessa Grace, il Ballo della Rosa \u00e8 diventato un evento benefico. Ogni anno, tutti i fondi raccolti dalla vendita dei biglietti e dalla tombola organizzata durante la serata vengono versati all&#8217;associazione.<\/p>\n<div class=\"wp-block-image\">\n<figure class=\"aligncenter size-large\"><img loading=\"lazy\" decoding=\"async\" width=\"600\" height=\"600\" src=\"https:\/\/www.monaco-tribune.com\/wp-content\/uploads\/2024\/03\/premier-bal-de-la-rose.jpg\" alt=\"\" class=\"wp-image-223779\" srcset=\"https:\/\/www.monaco-tribune.com\/wp-content\/uploads\/2024\/03\/premier-bal-de-la-rose.jpg 600w, https:\/\/www.monaco-tribune.com\/wp-content\/uploads\/2024\/03\/premier-bal-de-la-rose-300x300.jpg 300w\" sizes=\"auto, (max-width: 600px) 100vw, 600px\" \/><figcaption class=\"wp-element-caption\"><em>Le decorazioni del primo Ballo della Rosa nel 1954.<\/em> \u00a9Archivi Monte-Carlo SBM<\/figcaption><\/figure>\n<\/div><div class=\"wp-block-image\">\n<figure class=\"aligncenter size-large\"><img loading=\"lazy\" decoding=\"async\" width=\"600\" height=\"600\" src=\"https:\/\/www.monaco-tribune.com\/wp-content\/uploads\/2024\/03\/bal-de-la-rose-1954-marcel-pagnol.jpg\" alt=\"\" class=\"wp-image-223783\" srcset=\"https:\/\/www.monaco-tribune.com\/wp-content\/uploads\/2024\/03\/bal-de-la-rose-1954-marcel-pagnol.jpg 600w, https:\/\/www.monaco-tribune.com\/wp-content\/uploads\/2024\/03\/bal-de-la-rose-1954-marcel-pagnol-300x300.jpg 300w\" sizes=\"auto, (max-width: 600px) 100vw, 600px\" \/><figcaption class=\"wp-element-caption\"><em>Tra gli invitati della prima edizione, lo scrittore francese<\/em> <em>Marcel Pagnol. <\/em>\u00a9Archivi Monte-Carlo SBM<\/figcaption><\/figure>\n<\/div><div class=\"wp-block-image\">\n<figure class=\"aligncenter size-large\"><img loading=\"lazy\" decoding=\"async\" width=\"600\" height=\"600\" src=\"https:\/\/www.monaco-tribune.com\/wp-content\/uploads\/2024\/03\/bal-de-la-rose-1954-sacha-guitry.jpg\" alt=\"\" class=\"wp-image-223787\" srcset=\"https:\/\/www.monaco-tribune.com\/wp-content\/uploads\/2024\/03\/bal-de-la-rose-1954-sacha-guitry.jpg 600w, https:\/\/www.monaco-tribune.com\/wp-content\/uploads\/2024\/03\/bal-de-la-rose-1954-sacha-guitry-300x300.jpg 300w\" sizes=\"auto, (max-width: 600px) 100vw, 600px\" \/><figcaption class=\"wp-element-caption\"><em>Nel 1955, l&#8217;attore e regista Sacha Guitry partecip\u00f2 al secondo Ballo della Rosa, due anni prima della sua morte.<\/em> \u00a9Archivi Monte-Carlo SBM<\/figcaption><\/figure>\n<\/div><div class=\"wp-block-image\">\n<figure class=\"aligncenter size-large\"><img loading=\"lazy\" decoding=\"async\" width=\"600\" height=\"600\" src=\"https:\/\/www.monaco-tribune.com\/wp-content\/uploads\/2024\/03\/bal-de-la-rose-1956.jpg\" alt=\"\" class=\"wp-image-223791\" srcset=\"https:\/\/www.monaco-tribune.com\/wp-content\/uploads\/2024\/03\/bal-de-la-rose-1956.jpg 600w, https:\/\/www.monaco-tribune.com\/wp-content\/uploads\/2024\/03\/bal-de-la-rose-1956-300x300.jpg 300w\" sizes=\"auto, (max-width: 600px) 100vw, 600px\" \/><figcaption class=\"wp-element-caption\"><em>Nel 1956, l&#8217;ultimo re di Jugoslavia, Pietro II ha presenziato al Ballo.<\/em> \u00a9Archivi Monte-Carlo SBM<\/figcaption><\/figure>\n<\/div>\n<p>Fin dalla sua creazione, l&#8217;appuntamento mondano attira personalit\u00e0 di ogni provenienza. Vengono a festeggiare circondati da un&#8217;atmosfera glamour ed elegante tipica del Principato, al fianco della Famiglia Principesca di Monaco. Non ci sono ancora dei temi definiti ogni anno, ma questo aspetto cambier\u00e0 presto. Dal 1957, la serata \u00e8 organizzata con il nome di &#8220;Mimi la rose&#8221;.<\/p>\n<div class=\"wp-block-image\">\n<figure class=\"aligncenter size-large\"><img loading=\"lazy\" decoding=\"async\" width=\"600\" height=\"600\" src=\"https:\/\/www.monaco-tribune.com\/wp-content\/uploads\/2024\/03\/bal-de-la-rose-1957.jpg\" alt=\"\" class=\"wp-image-223798\" srcset=\"https:\/\/www.monaco-tribune.com\/wp-content\/uploads\/2024\/03\/bal-de-la-rose-1957.jpg 600w, https:\/\/www.monaco-tribune.com\/wp-content\/uploads\/2024\/03\/bal-de-la-rose-1957-300x300.jpg 300w\" sizes=\"auto, (max-width: 600px) 100vw, 600px\" \/><figcaption class=\"wp-element-caption\"><em>Il 1\u00b0 Ballo della Rosa a tema nel 1957. La star di questa edizione fu la ballerina e attrice francese Colette Marchand, che nel 1953 vinse il Golden Globe come miglior attrice dell&#8217;anno per il film Moulin Rouge.<\/em> \u00a9Archivi Monte-Carlo SBM<\/figcaption><\/figure>\n<\/div><div class=\"wp-block-image\">\n<figure class=\"aligncenter size-full\"><img loading=\"lazy\" decoding=\"async\" width=\"1200\" height=\"1200\" src=\"https:\/\/www.monaco-tribune.com\/wp-content\/uploads\/2024\/03\/1957_2795_3-compressed.jpg\" alt=\"\" class=\"wp-image-223991\" srcset=\"https:\/\/www.monaco-tribune.com\/wp-content\/uploads\/2024\/03\/1957_2795_3-compressed.jpg 1200w, https:\/\/www.monaco-tribune.com\/wp-content\/uploads\/2024\/03\/1957_2795_3-compressed-300x300.jpg 300w, https:\/\/www.monaco-tribune.com\/wp-content\/uploads\/2024\/03\/1957_2795_3-compressed-1024x1024.jpg 1024w\" sizes=\"auto, (max-width: 1200px) 100vw, 1200px\" \/><figcaption class=\"wp-element-caption\"><em>Nel 1957, Pierre Rey e Margaret Katherine Kelly, madre della Principessa Grace, fanno il loro ingresso al Ballo.<\/em> \u00a9Archivi Monte-Carlo SBM<\/figcaption><\/figure>\n<\/div><div class=\"wp-block-image\">\n<figure class=\"aligncenter size-large\"><img loading=\"lazy\" decoding=\"async\" width=\"1024\" height=\"1024\" src=\"https:\/\/www.monaco-tribune.com\/wp-content\/uploads\/2024\/03\/f5d2e63d7b19401ab16c8d9d174b348apaizla6z3iv6b7bw-0-compressed-1024x1024.jpg\" alt=\"\" class=\"wp-image-223995\" srcset=\"https:\/\/www.monaco-tribune.com\/wp-content\/uploads\/2024\/03\/f5d2e63d7b19401ab16c8d9d174b348apaizla6z3iv6b7bw-0-compressed-1024x1024.jpg 1024w, https:\/\/www.monaco-tribune.com\/wp-content\/uploads\/2024\/03\/f5d2e63d7b19401ab16c8d9d174b348apaizla6z3iv6b7bw-0-compressed-300x300.jpg 300w\" sizes=\"auto, (max-width: 1024px) 100vw, 1024px\" \/><figcaption class=\"wp-element-caption\"><em>7 febbraio 1958, quarto Ballo della Rosa. Il Principe Ranieri III e la Principessa Grace sono seduti uno di fronte all&#8217;altro. Alla sinistra della Principessa c&#8217;\u00e8 il Principe Pierre.<\/em> \u00a9Archivi Monte-Carlo SBM<\/figcaption><\/figure>\n<\/div>\n<figure class=\"wp-block-gallery aligncenter has-nested-images columns-1 is-cropped wp-block-gallery-1 is-layout-flex wp-block-gallery-is-layout-flex\">\n<figure class=\"wp-block-image size-large\"><img loading=\"lazy\" decoding=\"async\" width=\"831\" height=\"600\" data-id=\"223818\" src=\"https:\/\/www.monaco-tribune.com\/wp-content\/uploads\/2024\/03\/bal-de-la-rose-1960.jpg\" alt=\"\" class=\"wp-image-223818\" srcset=\"https:\/\/www.monaco-tribune.com\/wp-content\/uploads\/2024\/03\/bal-de-la-rose-1960.jpg 831w, https:\/\/www.monaco-tribune.com\/wp-content\/uploads\/2024\/03\/bal-de-la-rose-1960-416x300.jpg 416w\" sizes=\"auto, (max-width: 831px) 100vw, 831px\" \/><\/figure>\n\n\n\n<figure class=\"wp-block-image size-large\"><img loading=\"lazy\" decoding=\"async\" width=\"600\" height=\"600\" data-id=\"223820\" src=\"https:\/\/www.monaco-tribune.com\/wp-content\/uploads\/2024\/03\/1960_0892_1.jpg\" alt=\"\" class=\"wp-image-223820\" srcset=\"https:\/\/www.monaco-tribune.com\/wp-content\/uploads\/2024\/03\/1960_0892_1.jpg 600w, https:\/\/www.monaco-tribune.com\/wp-content\/uploads\/2024\/03\/1960_0892_1-300x300.jpg 300w\" sizes=\"auto, (max-width: 600px) 100vw, 600px\" \/><\/figure>\n<figcaption class=\"blocks-gallery-caption wp-element-caption\"><em>Il Ballo della Rosa nel 1960.<\/em> \u00a9Archivi Monte-Carlo SBM<\/figcaption><\/figure>\n<div class=\"wp-block-image\">\n<figure class=\"aligncenter size-large\"><img loading=\"lazy\" decoding=\"async\" width=\"600\" height=\"600\" src=\"https:\/\/www.monaco-tribune.com\/wp-content\/uploads\/2024\/03\/1965_3272_1.jpg\" alt=\"\" class=\"wp-image-223826\" srcset=\"https:\/\/www.monaco-tribune.com\/wp-content\/uploads\/2024\/03\/1965_3272_1.jpg 600w, https:\/\/www.monaco-tribune.com\/wp-content\/uploads\/2024\/03\/1965_3272_1-300x300.jpg 300w\" sizes=\"auto, (max-width: 600px) 100vw, 600px\" \/><figcaption class=\"wp-element-caption\"><em>L&#8217;edizione del 1965.<\/em> \u00a9Archivi Monte-Carlo SBM<\/figcaption><\/figure>\n<\/div><div class=\"wp-block-image\">\n<figure class=\"aligncenter size-large\"><img loading=\"lazy\" decoding=\"async\" width=\"800\" height=\"600\" src=\"https:\/\/www.monaco-tribune.com\/wp-content\/uploads\/2024\/03\/1967_0082.jpg\" alt=\"\" class=\"wp-image-223827\" srcset=\"https:\/\/www.monaco-tribune.com\/wp-content\/uploads\/2024\/03\/1967_0082.jpg 800w, https:\/\/www.monaco-tribune.com\/wp-content\/uploads\/2024\/03\/1967_0082-400x300.jpg 400w\" sizes=\"auto, (max-width: 800px) 100vw, 800px\" \/><figcaption class=\"wp-element-caption\"><em>L&#8217;edizione del 1967.<\/em> \u00a9Archivi Monte-Carlo SBM<\/figcaption><\/figure>\n<\/div><div class=\"wp-block-image\">\n<figure class=\"aligncenter size-full\"><img loading=\"lazy\" decoding=\"async\" width=\"890\" height=\"600\" src=\"https:\/\/www.monaco-tribune.com\/wp-content\/uploads\/2024\/03\/bal-de-la-rose-1976.jpg\" alt=\"\" class=\"wp-image-223774\" srcset=\"https:\/\/www.monaco-tribune.com\/wp-content\/uploads\/2024\/03\/bal-de-la-rose-1976.jpg 890w, https:\/\/www.monaco-tribune.com\/wp-content\/uploads\/2024\/03\/bal-de-la-rose-1976-445x300.jpg 445w\" sizes=\"auto, (max-width: 890px) 100vw, 890px\" \/><figcaption class=\"wp-element-caption\"><em>Il Ballo della Rosa del 1976 con il tema &#8220;Una notte nei giardini di Ispahan&#8221;, con ospite speciale il soprano francese Mady Mespl\u00e9. Nella foto, l&#8217;attore britannico David Niven e sua moglie sono accolti dal Principe Louis de Polignac.<\/em> \u00a9Archivi Monte-Carlo SBM<\/figcaption><\/figure>\n<\/div><div class=\"wp-block-image\">\n<figure class=\"aligncenter size-large\"><img loading=\"lazy\" decoding=\"async\" width=\"1024\" height=\"688\" src=\"https:\/\/www.monaco-tribune.com\/wp-content\/uploads\/2024\/03\/1976-bal-de-la-rose-monaco-1024x688.jpg\" alt=\"\" class=\"wp-image-224005\" srcset=\"https:\/\/www.monaco-tribune.com\/wp-content\/uploads\/2024\/03\/1976-bal-de-la-rose-monaco-1024x688.jpg 1024w, https:\/\/www.monaco-tribune.com\/wp-content\/uploads\/2024\/03\/1976-bal-de-la-rose-monaco-447x300.jpg 447w, https:\/\/www.monaco-tribune.com\/wp-content\/uploads\/2024\/03\/1976-bal-de-la-rose-monaco.jpg 1200w\" sizes=\"auto, (max-width: 1024px) 100vw, 1024px\" \/><figcaption class=\"wp-element-caption\"><em>La Coppia Principesca arriva al Ballo della Rosa nel 1976.<\/em> \u00a9Archivi Monte-Carlo SBM<\/figcaption><\/figure>\n<\/div>\n<p>La sala era stata interamente decorata con arredi bianco e oro e con oltre 10.000 rose. L&#8217;ideatore era Andr\u00e9 Levasseur e la serata era stata animata dal Maestro Louis Frosio e dalla sua orchestra di 100 violini (vedi foto sotto), ex Direttore d&#8217;orchestra della SBM e deceduto nel 2013.<\/p>\n<div class=\"wp-block-image\">\n<figure class=\"aligncenter size-full\"><img loading=\"lazy\" decoding=\"async\" width=\"889\" height=\"600\" src=\"https:\/\/www.monaco-tribune.com\/wp-content\/uploads\/2024\/03\/bal-de-la-rose-1957-1.jpg\" alt=\"\" class=\"wp-image-223808\" srcset=\"https:\/\/www.monaco-tribune.com\/wp-content\/uploads\/2024\/03\/bal-de-la-rose-1957-1.jpg 889w, https:\/\/www.monaco-tribune.com\/wp-content\/uploads\/2024\/03\/bal-de-la-rose-1957-1-445x300.jpg 445w\" sizes=\"auto, (max-width: 889px) 100vw, 889px\" \/><figcaption class=\"wp-element-caption\"><em>Durante l&#8217;edizione del 1976. Accanto al Principe Ranieri III c&#8217;erano la Principessa Antonietta e la sesta Miss Francia, Yvette Labrousse, moglie dell&#8217;Aga Khan III.<\/em> \u00a9Archivi Monte-Carlo SBM<\/figcaption><\/figure>\n<\/div><div class=\"wp-block-image\">\n<figure class=\"aligncenter size-full\"><img loading=\"lazy\" decoding=\"async\" width=\"892\" height=\"600\" src=\"https:\/\/www.monaco-tribune.com\/wp-content\/uploads\/2024\/03\/bal-de-la-rose-1976-2.jpg\" alt=\"\" class=\"wp-image-223813\" srcset=\"https:\/\/www.monaco-tribune.com\/wp-content\/uploads\/2024\/03\/bal-de-la-rose-1976-2.jpg 892w, https:\/\/www.monaco-tribune.com\/wp-content\/uploads\/2024\/03\/bal-de-la-rose-1976-2-446x300.jpg 446w\" sizes=\"auto, (max-width: 892px) 100vw, 892px\" \/><figcaption class=\"wp-element-caption\"><em>Louis Frosio e la sua orchestra di 100 violini.<\/em> \u00a9Archivi Monte-Carlo SBM<\/figcaption><\/figure>\n<\/div><div class=\"wp-block-image\">\n<figure class=\"aligncenter size-full is-resized\"><img loading=\"lazy\" decoding=\"async\" width=\"405\" height=\"600\" src=\"https:\/\/www.monaco-tribune.com\/wp-content\/uploads\/2024\/03\/1977_0011_54.jpg\" alt=\"\" class=\"wp-image-223834\" style=\"width:623px;height:auto\" srcset=\"https:\/\/www.monaco-tribune.com\/wp-content\/uploads\/2024\/03\/1977_0011_54.jpg 405w, https:\/\/www.monaco-tribune.com\/wp-content\/uploads\/2024\/03\/1977_0011_54-203x300.jpg 203w\" sizes=\"auto, (max-width: 405px) 100vw, 405px\" \/><figcaption class=\"wp-element-caption\"><em>Il Ballo della Rosa nel 1977. Il tema della serata era &#8220;Il valzer&#8221;. Jacques Chazot, il Ballet de Marika Besobrasova e Danielle Fuguer erano responsabili della direzione artistica. Il designer, Andr\u00e9 Levasseur, progett\u00f2 13 lampadari impero con sfere bianche decorate con motivi d&#8217;argento, da cui emergevano 7.000 rose rosse, gialle e rosa.<\/em> \u00a9Archivi Monte-Carlo SBM<\/figcaption><\/figure>\n<\/div><div class=\"wp-block-image\">\n<figure class=\"aligncenter size-large\"><img loading=\"lazy\" decoding=\"async\" width=\"683\" height=\"1024\" src=\"https:\/\/www.monaco-tribune.com\/wp-content\/uploads\/2024\/03\/2010-img_3037-compressed-683x1024.jpg\" alt=\"\" class=\"wp-image-224009\" srcset=\"https:\/\/www.monaco-tribune.com\/wp-content\/uploads\/2024\/03\/2010-img_3037-compressed-683x1024.jpg 683w, https:\/\/www.monaco-tribune.com\/wp-content\/uploads\/2024\/03\/2010-img_3037-compressed-200x300.jpg 200w, https:\/\/www.monaco-tribune.com\/wp-content\/uploads\/2024\/03\/2010-img_3037-compressed.jpg 1200w\" sizes=\"auto, (max-width: 683px) 100vw, 683px\" \/><figcaption class=\"wp-element-caption\"><em>La Principessa Carolina, il Principe Alberto II e la Principessa Charl\u00e8ne nel 2010 per il Ballo della Rosa &#8220;Marocco&#8221;. Le suggestive decorazioni, ispirate all&#8217;architettura orientale e alle zellige, trasformano la sala in un grand hotel marocchino degli anni &#8217;30. <\/em>\u00a9Philippe Fitte \/ Realis<\/figcaption><\/figure>\n<\/div><div class=\"wp-block-image\">\n<figure class=\"aligncenter size-large\"><img loading=\"lazy\" decoding=\"async\" width=\"1024\" height=\"682\" src=\"https:\/\/www.monaco-tribune.com\/wp-content\/uploads\/2024\/03\/2016-bal-de-la-rose-compressed-1024x682.jpg\" alt=\"\" class=\"wp-image-224013\" srcset=\"https:\/\/www.monaco-tribune.com\/wp-content\/uploads\/2024\/03\/2016-bal-de-la-rose-compressed-1024x682.jpg 1024w, https:\/\/www.monaco-tribune.com\/wp-content\/uploads\/2024\/03\/2016-bal-de-la-rose-compressed-451x300.jpg 451w, https:\/\/www.monaco-tribune.com\/wp-content\/uploads\/2024\/03\/2016-bal-de-la-rose-compressed.jpg 1200w\" sizes=\"auto, (max-width: 1024px) 100vw, 1024px\" \/><figcaption class=\"wp-element-caption\"><em>Il Principe Alberto II, la Principessa Carolina e Karl Lagerfeld al Ballo della Rosa &#8220;Cuba&#8221; nel 2016.<\/em> \u00a9Pierre Villard<\/figcaption><\/figure>\n<\/div>\n<p>Negli ultimi anni, lo stilista Christian Louboutin si \u00e8 occupato dell&#8217;allestimento dell&#8217;evento che segue sempre un tema specifico, come <a href=\"https:\/\/www.monaco-tribune.com\/it\/2022\/07\/foto-i-migliori-scatti-del-ballo-della-rosa-2022\/\">&#8220;I ruggenti anni Venti&#8221; nel 2022<\/a> o un ricevimento <a href=\"https:\/\/www.monaco-tribune.com\/it\/2023\/03\/le-foto-piu-belle-del-ballo-della-rosa-2023-un-evento-100-bollywood\/\">100% Bollywoodiano nel 2023<\/a>. Lo scorso sabato, per la sua 68esima edizione, il Ballo della Rosa \u00e8 stato a tema Disco. Sul palco, si sono esibite Shangela e Chad Michaels, due drag-queen &#8220;arrivate direttamente dagli anni &#8217;80&#8221;, che hanno interpretato i brani di due icone della disco: Donna Summer e Cher. Il coreografo Sadeck Berrabah e i suoi 48 ballerini si sono esibiti sulle pi\u00f9 grandi hit degli anni &#8217;80, per poi lasciare il posto a Gloria Gaynor! Autrice di titoli come <em>I Will Survive<\/em> o <em>Never Can Say Goodbye<\/em>, la cantate americana incarna alla perfezione il movimento disco ed \u00e8 stata lei a chiudere la serata.<\/p>\n\n<p class=\"related\"><a href=\"https:\/\/www.monaco-tribune.com\/it\/2024\/03\/intervista-inedita-del-principe-alberto-ii-a-paris-match\/\">Intervista inedita del Principe Alberto II a Paris Match<\/a><\/p>\n","protected":false},"excerpt":{"rendered":"<p>Creato nel 1954, il Ballo della Rosa ha visto la sua 68esima edizione prendere vita sabato 23 marzo. Ripercorriamo la [&hellip;]<\/p>\n","protected":false},"author":65,"featured_media":224020,"comment_status":"closed","ping_status":"closed","sticky":false,"template":"","format":"standard","meta":{"_acf_changed":false,"footnotes":""},"categories":[1740,1738],"tags":[2999],"post_sectags":[4114],"post_format":[2474],"class_list":["post-224511","post","type-post","status-publish","format-standard","has-post-thumbnail","hentry","category-cosa-fare","category-notizie","tag-patrimonio","sectag-monte-carlo-sbm-it","format-foto"],"acf":[],"yoast_head":"<!-- This site is optimized with the Yoast SEO Premium plugin v26.8 (Yoast SEO v27.4) - https:\/\/yoast.com\/product\/yoast-seo-premium-wordpress\/ -->\n<title>Ripercorrete le prime edizioni del Ballo della Rosa attraverso le foto d&#039;archivio<\/title>\n<meta name=\"description\" content=\"Creato nel 1954, il Ballo della Rosa ha visto la sua 68esima edizione prendere vita sabato 23 marzo. Ripercorriamo la storia del famoso evento monegasco\" \/>\n<meta name=\"robots\" content=\"index, follow, max-snippet:-1, max-image-preview:large, max-video-preview:-1\" \/>\n<link rel=\"canonical\" href=\"https:\/\/www.monaco-tribune.com\/it\/2024\/03\/ripercorrete-le-prime-edizioni-del-ballo-della-rosa-attraverso-le-foto-darchivio\/\" \/>\n<meta property=\"og:locale\" content=\"it_IT\" \/>\n<meta property=\"og:type\" content=\"article\" \/>\n<meta property=\"og:title\" content=\"Ripercorrete le prime edizioni del Ballo della Rosa attraverso le foto d&#039;archivio - Monaco Tribune\" \/>\n<meta property=\"og:description\" content=\"Creato nel 1954, il Ballo della Rosa ha visto la sua 68esima edizione prendere vita sabato 23 marzo. Ripercorriamo la storia del famoso evento monegasco\" \/>\n<meta property=\"og:url\" content=\"https:\/\/www.monaco-tribune.com\/it\/2024\/03\/ripercorrete-le-prime-edizioni-del-ballo-della-rosa-attraverso-le-foto-darchivio\/\" \/>\n<meta property=\"og:site_name\" content=\"Monaco Tribune\" \/>\n<meta property=\"article:publisher\" content=\"https:\/\/www.facebook.com\/MonacoTribune\" \/>\n<meta property=\"article:published_time\" content=\"2024-03-25T18:18:15+00:00\" \/>\n<meta property=\"article:modified_time\" content=\"2024-03-25T18:18:23+00:00\" \/>\n<meta property=\"og:image\" content=\"https:\/\/www.monaco-tribune.com\/wp-content\/uploads\/2024\/03\/1982-bdr-n\u00b03-compressed.jpg\" \/>\n\t<meta property=\"og:image:width\" content=\"1200\" \/>\n\t<meta property=\"og:image:height\" content=\"787\" \/>\n\t<meta property=\"og:image:type\" content=\"image\/jpeg\" \/>\n<meta name=\"author\" content=\"Paul Charoy\" \/>\n<meta name=\"twitter:card\" content=\"summary_large_image\" \/>\n<meta name=\"twitter:creator\" content=\"@MonacoTribune\" \/>\n<meta name=\"twitter:site\" content=\"@MonacoTribune\" \/>\n<script type=\"application\/ld+json\" class=\"yoast-schema-graph\">{\"@context\":\"https:\\\/\\\/schema.org\",\"@graph\":[{\"@type\":\"NewsArticle\",\"@id\":\"https:\\\/\\\/www.monaco-tribune.com\\\/it\\\/2024\\\/03\\\/ripercorrete-le-prime-edizioni-del-ballo-della-rosa-attraverso-le-foto-darchivio\\\/#article\",\"isPartOf\":{\"@id\":\"https:\\\/\\\/www.monaco-tribune.com\\\/it\\\/2024\\\/03\\\/ripercorrete-le-prime-edizioni-del-ballo-della-rosa-attraverso-le-foto-darchivio\\\/\"},\"author\":{\"name\":\"Paul Charoy\",\"@id\":\"https:\\\/\\\/www.monaco-tribune.com\\\/it\\\/#\\\/schema\\\/person\\\/c33a9f1bc99ef5a2e07d37c576060b57\"},\"headline\":\"Ripercorrete le prime edizioni del Ballo della Rosa attraverso le foto d&#8217;archivio\",\"datePublished\":\"2024-03-25T18:18:15+00:00\",\"dateModified\":\"2024-03-25T18:18:23+00:00\",\"mainEntityOfPage\":{\"@id\":\"https:\\\/\\\/www.monaco-tribune.com\\\/it\\\/2024\\\/03\\\/ripercorrete-le-prime-edizioni-del-ballo-della-rosa-attraverso-le-foto-darchivio\\\/\"},\"wordCount\":730,\"publisher\":{\"@id\":\"https:\\\/\\\/www.monaco-tribune.com\\\/it\\\/#organization\"},\"image\":{\"@id\":\"https:\\\/\\\/www.monaco-tribune.com\\\/it\\\/2024\\\/03\\\/ripercorrete-le-prime-edizioni-del-ballo-della-rosa-attraverso-le-foto-darchivio\\\/#primaryimage\"},\"thumbnailUrl\":\"https:\\\/\\\/www.monaco-tribune.com\\\/wp-content\\\/uploads\\\/2024\\\/03\\\/1982-bdr-n\u00b03-compressed.jpg\",\"keywords\":[\"Patrimonio\"],\"articleSection\":[\"Cosa fare\",\"Notizie\"],\"inLanguage\":\"it-IT\",\"copyrightYear\":\"2024\",\"copyrightHolder\":{\"@id\":\"https:\\\/\\\/www.monaco-tribune.com\\\/#organization\"}},{\"@type\":\"WebPage\",\"@id\":\"https:\\\/\\\/www.monaco-tribune.com\\\/it\\\/2024\\\/03\\\/ripercorrete-le-prime-edizioni-del-ballo-della-rosa-attraverso-le-foto-darchivio\\\/\",\"url\":\"https:\\\/\\\/www.monaco-tribune.com\\\/it\\\/2024\\\/03\\\/ripercorrete-le-prime-edizioni-del-ballo-della-rosa-attraverso-le-foto-darchivio\\\/\",\"name\":\"Ripercorrete le prime edizioni del Ballo della Rosa attraverso le foto d'archivio\",\"isPartOf\":{\"@id\":\"https:\\\/\\\/www.monaco-tribune.com\\\/it\\\/#website\"},\"primaryImageOfPage\":{\"@id\":\"https:\\\/\\\/www.monaco-tribune.com\\\/it\\\/2024\\\/03\\\/ripercorrete-le-prime-edizioni-del-ballo-della-rosa-attraverso-le-foto-darchivio\\\/#primaryimage\"},\"image\":{\"@id\":\"https:\\\/\\\/www.monaco-tribune.com\\\/it\\\/2024\\\/03\\\/ripercorrete-le-prime-edizioni-del-ballo-della-rosa-attraverso-le-foto-darchivio\\\/#primaryimage\"},\"thumbnailUrl\":\"https:\\\/\\\/www.monaco-tribune.com\\\/wp-content\\\/uploads\\\/2024\\\/03\\\/1982-bdr-n\u00b03-compressed.jpg\",\"datePublished\":\"2024-03-25T18:18:15+00:00\",\"dateModified\":\"2024-03-25T18:18:23+00:00\",\"description\":\"Creato nel 1954, il Ballo della Rosa ha visto la sua 68esima edizione prendere vita sabato 23 marzo. Ripercorriamo la storia del famoso evento monegasco\",\"breadcrumb\":{\"@id\":\"https:\\\/\\\/www.monaco-tribune.com\\\/it\\\/2024\\\/03\\\/ripercorrete-le-prime-edizioni-del-ballo-della-rosa-attraverso-le-foto-darchivio\\\/#breadcrumb\"},\"inLanguage\":\"it-IT\",\"potentialAction\":[{\"@type\":\"ReadAction\",\"target\":[\"https:\\\/\\\/www.monaco-tribune.com\\\/it\\\/2024\\\/03\\\/ripercorrete-le-prime-edizioni-del-ballo-della-rosa-attraverso-le-foto-darchivio\\\/\"]}]},{\"@type\":\"ImageObject\",\"inLanguage\":\"it-IT\",\"@id\":\"https:\\\/\\\/www.monaco-tribune.com\\\/it\\\/2024\\\/03\\\/ripercorrete-le-prime-edizioni-del-ballo-della-rosa-attraverso-le-foto-darchivio\\\/#primaryimage\",\"url\":\"https:\\\/\\\/www.monaco-tribune.com\\\/wp-content\\\/uploads\\\/2024\\\/03\\\/1982-bdr-n\u00b03-compressed.jpg\",\"contentUrl\":\"https:\\\/\\\/www.monaco-tribune.com\\\/wp-content\\\/uploads\\\/2024\\\/03\\\/1982-bdr-n\u00b03-compressed.jpg\",\"width\":1200,\"height\":787,\"caption\":\"Nel 1982, in occasione del Ballo della \\\"Rose des sables\\\", la Principessa Grace partecip\u00f2 all'evento per l'ultima volta, pochi mesi prima della sua morte. Alla sua destra Andr\u00e9 Levasseur, curatore di molte edizioni del Ballo \u00a9Robert Oggero \\\/ Archivi Monte-Carlo SBM\"},{\"@type\":\"BreadcrumbList\",\"@id\":\"https:\\\/\\\/www.monaco-tribune.com\\\/it\\\/2024\\\/03\\\/ripercorrete-le-prime-edizioni-del-ballo-della-rosa-attraverso-le-foto-darchivio\\\/#breadcrumb\",\"itemListElement\":[{\"@type\":\"ListItem\",\"position\":1,\"name\":\"Accueil\",\"item\":\"https:\\\/\\\/www.monaco-tribune.com\\\/it\\\/\"},{\"@type\":\"ListItem\",\"position\":2,\"name\":\"Ripercorrete le prime edizioni del Ballo della Rosa attraverso le foto d&#8217;archivio\"}]},{\"@type\":\"WebSite\",\"@id\":\"https:\\\/\\\/www.monaco-tribune.com\\\/it\\\/#website\",\"url\":\"https:\\\/\\\/www.monaco-tribune.com\\\/it\\\/\",\"name\":\"Monaco Tribune\",\"description\":\"Monaco : actualit\u00e9s \u00e9conomiques, politiques, culturelles et sportives de Monaco et de la French Riviera.\",\"publisher\":{\"@id\":\"https:\\\/\\\/www.monaco-tribune.com\\\/it\\\/#organization\"},\"potentialAction\":[{\"@type\":\"SearchAction\",\"target\":{\"@type\":\"EntryPoint\",\"urlTemplate\":\"https:\\\/\\\/www.monaco-tribune.com\\\/it\\\/?s={search_term_string}\"},\"query-input\":{\"@type\":\"PropertyValueSpecification\",\"valueRequired\":true,\"valueName\":\"search_term_string\"}}],\"inLanguage\":\"it-IT\"},{\"@type\":\"Organization\",\"@id\":\"https:\\\/\\\/www.monaco-tribune.com\\\/it\\\/#organization\",\"name\":\"Monaco Tribune\",\"url\":\"https:\\\/\\\/www.monaco-tribune.com\\\/it\\\/\",\"logo\":{\"@type\":\"ImageObject\",\"inLanguage\":\"it-IT\",\"@id\":\"https:\\\/\\\/www.monaco-tribune.com\\\/it\\\/#\\\/schema\\\/logo\\\/image\\\/\",\"url\":\"https:\\\/\\\/www.monaco-tribune.com\\\/wp-content\\\/uploads\\\/2022\\\/11\\\/logo-monaco-tribune.png\",\"contentUrl\":\"https:\\\/\\\/www.monaco-tribune.com\\\/wp-content\\\/uploads\\\/2022\\\/11\\\/logo-monaco-tribune.png\",\"width\":1548,\"height\":600,\"caption\":\"Monaco Tribune\"},\"image\":{\"@id\":\"https:\\\/\\\/www.monaco-tribune.com\\\/it\\\/#\\\/schema\\\/logo\\\/image\\\/\"},\"sameAs\":[\"https:\\\/\\\/www.facebook.com\\\/MonacoTribune\",\"https:\\\/\\\/x.com\\\/MonacoTribune\",\"https:\\\/\\\/www.instagram.com\\\/monacotribune\\\/\",\"https:\\\/\\\/www.linkedin.com\\\/company\\\/monaco-tribune\",\"https:\\\/\\\/www.youtube.com\\\/channel\\\/UCHle1MnG6hw1y4lWKijVbMA\"]},{\"@type\":\"Person\",\"@id\":\"https:\\\/\\\/www.monaco-tribune.com\\\/it\\\/#\\\/schema\\\/person\\\/c33a9f1bc99ef5a2e07d37c576060b57\",\"name\":\"Paul Charoy\",\"image\":{\"@type\":\"ImageObject\",\"inLanguage\":\"it-IT\",\"@id\":\"https:\\\/\\\/secure.gravatar.com\\\/avatar\\\/c3a39fd900275d54a628738568f1949e90ce9945d105d000228335a7bad64b38?s=96&d=mm&r=g\",\"url\":\"https:\\\/\\\/secure.gravatar.com\\\/avatar\\\/c3a39fd900275d54a628738568f1949e90ce9945d105d000228335a7bad64b38?s=96&d=mm&r=g\",\"contentUrl\":\"https:\\\/\\\/secure.gravatar.com\\\/avatar\\\/c3a39fd900275d54a628738568f1949e90ce9945d105d000228335a7bad64b38?s=96&d=mm&r=g\",\"caption\":\"Paul Charoy\"},\"url\":\"https:\\\/\\\/www.monaco-tribune.com\\\/it\\\/author\\\/paulcharoy\\\/\"}]}<\/script>\n<!-- \/ Yoast SEO Premium plugin. -->","yoast_head_json":{"title":"Ripercorrete le prime edizioni del Ballo della Rosa attraverso le foto d'archivio","description":"Creato nel 1954, il Ballo della Rosa ha visto la sua 68esima edizione prendere vita sabato 23 marzo. Ripercorriamo la storia del famoso evento monegasco","robots":{"index":"index","follow":"follow","max-snippet":"max-snippet:-1","max-image-preview":"max-image-preview:large","max-video-preview":"max-video-preview:-1"},"canonical":"https:\/\/www.monaco-tribune.com\/it\/2024\/03\/ripercorrete-le-prime-edizioni-del-ballo-della-rosa-attraverso-le-foto-darchivio\/","og_locale":"it_IT","og_type":"article","og_title":"Ripercorrete le prime edizioni del Ballo della Rosa attraverso le foto d'archivio - Monaco Tribune","og_description":"Creato nel 1954, il Ballo della Rosa ha visto la sua 68esima edizione prendere vita sabato 23 marzo. Ripercorriamo la storia del famoso evento monegasco","og_url":"https:\/\/www.monaco-tribune.com\/it\/2024\/03\/ripercorrete-le-prime-edizioni-del-ballo-della-rosa-attraverso-le-foto-darchivio\/","og_site_name":"Monaco Tribune","article_publisher":"https:\/\/www.facebook.com\/MonacoTribune","article_published_time":"2024-03-25T18:18:15+00:00","article_modified_time":"2024-03-25T18:18:23+00:00","og_image":[{"width":1200,"height":787,"url":"https:\/\/www.monaco-tribune.com\/wp-content\/uploads\/2024\/03\/1982-bdr-n\u00b03-compressed.jpg","type":"image\/jpeg"}],"author":"Paul Charoy","twitter_card":"summary_large_image","twitter_creator":"@MonacoTribune","twitter_site":"@MonacoTribune","schema":{"@context":"https:\/\/schema.org","@graph":[{"@type":"NewsArticle","@id":"https:\/\/www.monaco-tribune.com\/it\/2024\/03\/ripercorrete-le-prime-edizioni-del-ballo-della-rosa-attraverso-le-foto-darchivio\/#article","isPartOf":{"@id":"https:\/\/www.monaco-tribune.com\/it\/2024\/03\/ripercorrete-le-prime-edizioni-del-ballo-della-rosa-attraverso-le-foto-darchivio\/"},"author":{"name":"Paul Charoy","@id":"https:\/\/www.monaco-tribune.com\/it\/#\/schema\/person\/c33a9f1bc99ef5a2e07d37c576060b57"},"headline":"Ripercorrete le prime edizioni del Ballo della Rosa attraverso le foto d&#8217;archivio","datePublished":"2024-03-25T18:18:15+00:00","dateModified":"2024-03-25T18:18:23+00:00","mainEntityOfPage":{"@id":"https:\/\/www.monaco-tribune.com\/it\/2024\/03\/ripercorrete-le-prime-edizioni-del-ballo-della-rosa-attraverso-le-foto-darchivio\/"},"wordCount":730,"publisher":{"@id":"https:\/\/www.monaco-tribune.com\/it\/#organization"},"image":{"@id":"https:\/\/www.monaco-tribune.com\/it\/2024\/03\/ripercorrete-le-prime-edizioni-del-ballo-della-rosa-attraverso-le-foto-darchivio\/#primaryimage"},"thumbnailUrl":"https:\/\/www.monaco-tribune.com\/wp-content\/uploads\/2024\/03\/1982-bdr-n\u00b03-compressed.jpg","keywords":["Patrimonio"],"articleSection":["Cosa fare","Notizie"],"inLanguage":"it-IT","copyrightYear":"2024","copyrightHolder":{"@id":"https:\/\/www.monaco-tribune.com\/#organization"}},{"@type":"WebPage","@id":"https:\/\/www.monaco-tribune.com\/it\/2024\/03\/ripercorrete-le-prime-edizioni-del-ballo-della-rosa-attraverso-le-foto-darchivio\/","url":"https:\/\/www.monaco-tribune.com\/it\/2024\/03\/ripercorrete-le-prime-edizioni-del-ballo-della-rosa-attraverso-le-foto-darchivio\/","name":"Ripercorrete le prime edizioni del Ballo della Rosa attraverso le foto d'archivio","isPartOf":{"@id":"https:\/\/www.monaco-tribune.com\/it\/#website"},"primaryImageOfPage":{"@id":"https:\/\/www.monaco-tribune.com\/it\/2024\/03\/ripercorrete-le-prime-edizioni-del-ballo-della-rosa-attraverso-le-foto-darchivio\/#primaryimage"},"image":{"@id":"https:\/\/www.monaco-tribune.com\/it\/2024\/03\/ripercorrete-le-prime-edizioni-del-ballo-della-rosa-attraverso-le-foto-darchivio\/#primaryimage"},"thumbnailUrl":"https:\/\/www.monaco-tribune.com\/wp-content\/uploads\/2024\/03\/1982-bdr-n\u00b03-compressed.jpg","datePublished":"2024-03-25T18:18:15+00:00","dateModified":"2024-03-25T18:18:23+00:00","description":"Creato nel 1954, il Ballo della Rosa ha visto la sua 68esima edizione prendere vita sabato 23 marzo. Ripercorriamo la storia del famoso evento monegasco","breadcrumb":{"@id":"https:\/\/www.monaco-tribune.com\/it\/2024\/03\/ripercorrete-le-prime-edizioni-del-ballo-della-rosa-attraverso-le-foto-darchivio\/#breadcrumb"},"inLanguage":"it-IT","potentialAction":[{"@type":"ReadAction","target":["https:\/\/www.monaco-tribune.com\/it\/2024\/03\/ripercorrete-le-prime-edizioni-del-ballo-della-rosa-attraverso-le-foto-darchivio\/"]}]},{"@type":"ImageObject","inLanguage":"it-IT","@id":"https:\/\/www.monaco-tribune.com\/it\/2024\/03\/ripercorrete-le-prime-edizioni-del-ballo-della-rosa-attraverso-le-foto-darchivio\/#primaryimage","url":"https:\/\/www.monaco-tribune.com\/wp-content\/uploads\/2024\/03\/1982-bdr-n\u00b03-compressed.jpg","contentUrl":"https:\/\/www.monaco-tribune.com\/wp-content\/uploads\/2024\/03\/1982-bdr-n\u00b03-compressed.jpg","width":1200,"height":787,"caption":"Nel 1982, in occasione del Ballo della \"Rose des sables\", la Principessa Grace partecip\u00f2 all'evento per l'ultima volta, pochi mesi prima della sua morte. Alla sua destra Andr\u00e9 Levasseur, curatore di molte edizioni del Ballo \u00a9Robert Oggero \/ Archivi Monte-Carlo SBM"},{"@type":"BreadcrumbList","@id":"https:\/\/www.monaco-tribune.com\/it\/2024\/03\/ripercorrete-le-prime-edizioni-del-ballo-della-rosa-attraverso-le-foto-darchivio\/#breadcrumb","itemListElement":[{"@type":"ListItem","position":1,"name":"Accueil","item":"https:\/\/www.monaco-tribune.com\/it\/"},{"@type":"ListItem","position":2,"name":"Ripercorrete le prime edizioni del Ballo della Rosa attraverso le foto d&#8217;archivio"}]},{"@type":"WebSite","@id":"https:\/\/www.monaco-tribune.com\/it\/#website","url":"https:\/\/www.monaco-tribune.com\/it\/","name":"Monaco Tribune","description":"Monaco : actualit\u00e9s \u00e9conomiques, politiques, culturelles et sportives de Monaco et de la French Riviera.","publisher":{"@id":"https:\/\/www.monaco-tribune.com\/it\/#organization"},"potentialAction":[{"@type":"SearchAction","target":{"@type":"EntryPoint","urlTemplate":"https:\/\/www.monaco-tribune.com\/it\/?s={search_term_string}"},"query-input":{"@type":"PropertyValueSpecification","valueRequired":true,"valueName":"search_term_string"}}],"inLanguage":"it-IT"},{"@type":"Organization","@id":"https:\/\/www.monaco-tribune.com\/it\/#organization","name":"Monaco Tribune","url":"https:\/\/www.monaco-tribune.com\/it\/","logo":{"@type":"ImageObject","inLanguage":"it-IT","@id":"https:\/\/www.monaco-tribune.com\/it\/#\/schema\/logo\/image\/","url":"https:\/\/www.monaco-tribune.com\/wp-content\/uploads\/2022\/11\/logo-monaco-tribune.png","contentUrl":"https:\/\/www.monaco-tribune.com\/wp-content\/uploads\/2022\/11\/logo-monaco-tribune.png","width":1548,"height":600,"caption":"Monaco Tribune"},"image":{"@id":"https:\/\/www.monaco-tribune.com\/it\/#\/schema\/logo\/image\/"},"sameAs":["https:\/\/www.facebook.com\/MonacoTribune","https:\/\/x.com\/MonacoTribune","https:\/\/www.instagram.com\/monacotribune\/","https:\/\/www.linkedin.com\/company\/monaco-tribune","https:\/\/www.youtube.com\/channel\/UCHle1MnG6hw1y4lWKijVbMA"]},{"@type":"Person","@id":"https:\/\/www.monaco-tribune.com\/it\/#\/schema\/person\/c33a9f1bc99ef5a2e07d37c576060b57","name":"Paul Charoy","image":{"@type":"ImageObject","inLanguage":"it-IT","@id":"https:\/\/secure.gravatar.com\/avatar\/c3a39fd900275d54a628738568f1949e90ce9945d105d000228335a7bad64b38?s=96&d=mm&r=g","url":"https:\/\/secure.gravatar.com\/avatar\/c3a39fd900275d54a628738568f1949e90ce9945d105d000228335a7bad64b38?s=96&d=mm&r=g","contentUrl":"https:\/\/secure.gravatar.com\/avatar\/c3a39fd900275d54a628738568f1949e90ce9945d105d000228335a7bad64b38?s=96&d=mm&r=g","caption":"Paul Charoy"},"url":"https:\/\/www.monaco-tribune.com\/it\/author\/paulcharoy\/"}]}},"_links":{"self":[{"href":"https:\/\/www.monaco-tribune.com\/it\/wp-json\/wp\/v2\/posts\/224511","targetHints":{"allow":["GET"]}}],"collection":[{"href":"https:\/\/www.monaco-tribune.com\/it\/wp-json\/wp\/v2\/posts"}],"about":[{"href":"https:\/\/www.monaco-tribune.com\/it\/wp-json\/wp\/v2\/types\/post"}],"author":[{"embeddable":true,"href":"https:\/\/www.monaco-tribune.com\/it\/wp-json\/wp\/v2\/users\/65"}],"replies":[{"embeddable":true,"href":"https:\/\/www.monaco-tribune.com\/it\/wp-json\/wp\/v2\/comments?post=224511"}],"version-history":[{"count":2,"href":"https:\/\/www.monaco-tribune.com\/it\/wp-json\/wp\/v2\/posts\/224511\/revisions"}],"predecessor-version":[{"id":224514,"href":"https:\/\/www.monaco-tribune.com\/it\/wp-json\/wp\/v2\/posts\/224511\/revisions\/224514"}],"wp:featuredmedia":[{"embeddable":true,"href":"https:\/\/www.monaco-tribune.com\/it\/wp-json\/wp\/v2\/media\/224020"}],"wp:attachment":[{"href":"https:\/\/www.monaco-tribune.com\/it\/wp-json\/wp\/v2\/media?parent=224511"}],"wp:term":[{"taxonomy":"category","embeddable":true,"href":"https:\/\/www.monaco-tribune.com\/it\/wp-json\/wp\/v2\/categories?post=224511"},{"taxonomy":"post_tag","embeddable":true,"href":"https:\/\/www.monaco-tribune.com\/it\/wp-json\/wp\/v2\/tags?post=224511"},{"taxonomy":"sectag","embeddable":true,"href":"https:\/\/www.monaco-tribune.com\/it\/wp-json\/wp\/v2\/post_sectags?post=224511"},{"taxonomy":"format","embeddable":true,"href":"https:\/\/www.monaco-tribune.com\/it\/wp-json\/wp\/v2\/post_format?post=224511"}],"curies":[{"name":"wp","href":"https:\/\/api.w.org\/{rel}","templated":true}]}}