{"id":226725,"date":"2024-04-08T16:31:07","date_gmt":"2024-04-08T14:31:07","guid":{"rendered":"https:\/\/www.monaco-tribune.com\/2024\/04\/la-famiglia-principesca-al-completo-per-lapertura-di-amazonico\/"},"modified":"2024-04-08T16:31:11","modified_gmt":"2024-04-08T14:31:11","slug":"la-famiglia-principesca-al-completo-per-lapertura-di-amazonico","status":"publish","type":"post","link":"https:\/\/www.monaco-tribune.com\/it\/2024\/04\/la-famiglia-principesca-al-completo-per-lapertura-di-amazonico\/","title":{"rendered":"La Famiglia Principesca al completo per l&#8217;apertura di Amaz\u00f3nico"},"content":{"rendered":"\n<p><strong>Non ci sar\u00e0 pi\u00f9 bisogno di prendere l&#8217;aereo per godersi un&#8217;atmosfera esotica! Il nuovo ristorante e lounge bar della Monte-Carlo<\/strong> <strong>Soci\u00e9t\u00e9 des Bains de Mer (SBM) vi porter\u00e0 nel cuore dell&#8217;Amazzonia.<\/strong><\/p>\n\n<p>Il locale, che \u00e8 sia ristorante che club, \u00e8 stato inaugurato il 4 aprile sera alla presenza della Famiglia Principesca, del Ministro di Stato e di numerose personalit\u00e0 influenti del Principato. Creato da Sandro Silva e Marta Seco a Madrid nel 2016, e poi esportato a Londra e Dubai, il concept \u00e8 appena sbarcato a Monaco e ha accolto i suoi primi clienti venerd\u00ec.<\/p>\n\n<figure class=\"wp-block-gallery has-nested-images columns-1 is-cropped wp-block-gallery-1 is-layout-flex wp-block-gallery-is-layout-flex\">\n<figure class=\"wp-block-image size-full\"><img loading=\"lazy\" decoding=\"async\" width=\"1200\" height=\"800\" data-id=\"226422\" src=\"https:\/\/www.monaco-tribune.com\/wp-content\/uploads\/2024\/04\/amazonico-inauguration-sbm.jpg\" alt=\"amazonico-inauguration-sbm\" class=\"wp-image-226422\" srcset=\"https:\/\/www.monaco-tribune.com\/wp-content\/uploads\/2024\/04\/amazonico-inauguration-sbm.jpg 1200w, https:\/\/www.monaco-tribune.com\/wp-content\/uploads\/2024\/04\/amazonico-inauguration-sbm-450x300.jpg 450w, https:\/\/www.monaco-tribune.com\/wp-content\/uploads\/2024\/04\/amazonico-inauguration-sbm-1024x683.jpg 1024w\" sizes=\"auto, (max-width: 1200px) 100vw, 1200px\" \/><\/figure>\n\n\n\n<figure class=\"wp-block-image size-full\"><img loading=\"lazy\" decoding=\"async\" width=\"1200\" height=\"800\" data-id=\"226418\" src=\"https:\/\/www.monaco-tribune.com\/wp-content\/uploads\/2024\/04\/amazonico-inauguration-prince.jpg\" alt=\"amazonico-inauguration-prince\" class=\"wp-image-226418\" srcset=\"https:\/\/www.monaco-tribune.com\/wp-content\/uploads\/2024\/04\/amazonico-inauguration-prince.jpg 1200w, https:\/\/www.monaco-tribune.com\/wp-content\/uploads\/2024\/04\/amazonico-inauguration-prince-450x300.jpg 450w, https:\/\/www.monaco-tribune.com\/wp-content\/uploads\/2024\/04\/amazonico-inauguration-prince-1024x683.jpg 1024w\" sizes=\"auto, (max-width: 1200px) 100vw, 1200px\" \/><\/figure>\n\n\n\n<figure class=\"wp-block-image size-full\"><img loading=\"lazy\" decoding=\"async\" width=\"1200\" height=\"800\" data-id=\"226414\" src=\"https:\/\/www.monaco-tribune.com\/wp-content\/uploads\/2024\/04\/amazonico-inauguration-restaurant.jpg\" alt=\"amazonico-inauguration-restaurant\" class=\"wp-image-226414\" srcset=\"https:\/\/www.monaco-tribune.com\/wp-content\/uploads\/2024\/04\/amazonico-inauguration-restaurant.jpg 1200w, https:\/\/www.monaco-tribune.com\/wp-content\/uploads\/2024\/04\/amazonico-inauguration-restaurant-450x300.jpg 450w, https:\/\/www.monaco-tribune.com\/wp-content\/uploads\/2024\/04\/amazonico-inauguration-restaurant-1024x683.jpg 1024w\" sizes=\"auto, (max-width: 1200px) 100vw, 1200px\" \/><\/figure>\n\n\n\n<figure class=\"wp-block-image size-full\"><img loading=\"lazy\" decoding=\"async\" width=\"1200\" height=\"800\" data-id=\"226410\" src=\"https:\/\/www.monaco-tribune.com\/wp-content\/uploads\/2024\/04\/amazonico-inauguration.jpg\" alt=\"amazonico-inauguration\" class=\"wp-image-226410\" srcset=\"https:\/\/www.monaco-tribune.com\/wp-content\/uploads\/2024\/04\/amazonico-inauguration.jpg 1200w, https:\/\/www.monaco-tribune.com\/wp-content\/uploads\/2024\/04\/amazonico-inauguration-450x300.jpg 450w, https:\/\/www.monaco-tribune.com\/wp-content\/uploads\/2024\/04\/amazonico-inauguration-1024x683.jpg 1024w\" sizes=\"auto, (max-width: 1200px) 100vw, 1200px\" \/><\/figure>\n\n\n\n<figure class=\"wp-block-image size-full\"><img loading=\"lazy\" decoding=\"async\" width=\"1200\" height=\"800\" data-id=\"226406\" src=\"https:\/\/www.monaco-tribune.com\/wp-content\/uploads\/2024\/04\/amazonico.jpg\" alt=\"amazonico\" class=\"wp-image-226406\" srcset=\"https:\/\/www.monaco-tribune.com\/wp-content\/uploads\/2024\/04\/amazonico.jpg 1200w, https:\/\/www.monaco-tribune.com\/wp-content\/uploads\/2024\/04\/amazonico-450x300.jpg 450w, https:\/\/www.monaco-tribune.com\/wp-content\/uploads\/2024\/04\/amazonico-1024x683.jpg 1024w\" sizes=\"auto, (max-width: 1200px) 100vw, 1200px\" \/><\/figure>\n<\/figure>\n\n<p class=\"has-text-align-center\"><em>Il design, ispirato alla natura, \u00e8 stato ideato dall&#8217;artista e designer L\u00e1zaro Rosa-Violan -\u00a9 Direzione della Comunicazione \/ St\u00e9phane Danna<\/em><\/p>\n\n<p>\u201cValorizzare la nostra offerta gastronomica, aprendoci sempre di pi\u00f9 al mondo, \u00e8 ora pi\u00f9 che mai fulcro della nostra strategia per valorizzare il nostro patrimonio\u201d <a href=\"https:\/\/www.monaco-tribune.com\/it\/2024\/03\/amazonico-monte-carlo-il-nuovo-rooftop-aprira-il-5-aprile\/\">ha dichiarato St\u00e9phane Valeri, Amministratore delegato della SBM<\/a>. Il men\u00f9 dai sapori asiatici, latinoamericani, mediterranei e monegaschi promette infatti di scoprire le cucine di tutto il globo, con un piacevole accompagnamento musicale di esibizioni live di jazz, bossa nova e musica cubana.<\/p>\n","protected":false},"excerpt":{"rendered":"<p>Non ci sar\u00e0 pi\u00f9 bisogno di prendere l&#8217;aereo per godersi un&#8217;atmosfera esotica! Il nuovo ristorante e lounge bar della Monte-Carlo [&hellip;]<\/p>\n","protected":false},"author":69,"featured_media":226428,"comment_status":"closed","ping_status":"closed","sticky":false,"template":"","format":"standard","meta":{"_acf_changed":false,"footnotes":""},"categories":[1742,1826,1738],"tags":[2885],"post_sectags":[4169],"post_format":[2474],"class_list":["post-226725","post","type-post","status-publish","format-standard","has-post-thumbnail","hentry","category-famiglia-principesca","category-la-nostra-scelta","category-notizie","tag-monte-carlo-sbm-it","sectag-gastronomia","format-foto"],"acf":[],"yoast_head":"<!-- This site is optimized with the Yoast SEO Premium plugin v26.8 (Yoast SEO v27.5) - https:\/\/yoast.com\/product\/yoast-seo-premium-wordpress\/ -->\n<title>La Famiglia Principesca al completo per l&#039;apertura di Amaz\u00f3nico<\/title>\n<meta name=\"description\" content=\"Non ci sar\u00e0 pi\u00f9 bisogno di prendere l&#039;aereo per godersi un&#039;atmosfera esotica! Il nuovo ristorante e lounge bar della Monte-Carlo Soci\u00e9t\u00e9 des Bains de Mer\" \/>\n<meta name=\"robots\" content=\"index, follow, max-snippet:-1, max-image-preview:large, max-video-preview:-1\" \/>\n<link rel=\"canonical\" href=\"https:\/\/www.monaco-tribune.com\/it\/2024\/04\/la-famiglia-principesca-al-completo-per-lapertura-di-amazonico\/\" \/>\n<meta property=\"og:locale\" content=\"it_IT\" \/>\n<meta property=\"og:type\" content=\"article\" \/>\n<meta property=\"og:title\" content=\"La Famiglia Principesca al completo per l&#039;apertura di Amaz\u00f3nico - Monaco Tribune\" \/>\n<meta property=\"og:description\" content=\"Non ci sar\u00e0 pi\u00f9 bisogno di prendere l&#039;aereo per godersi un&#039;atmosfera esotica! Il nuovo ristorante e lounge bar della Monte-Carlo Soci\u00e9t\u00e9 des Bains de Mer\" \/>\n<meta property=\"og:url\" content=\"https:\/\/www.monaco-tribune.com\/it\/2024\/04\/la-famiglia-principesca-al-completo-per-lapertura-di-amazonico\/\" \/>\n<meta property=\"og:site_name\" content=\"Monaco Tribune\" \/>\n<meta property=\"article:publisher\" content=\"https:\/\/www.facebook.com\/MonacoTribune\" \/>\n<meta property=\"article:published_time\" content=\"2024-04-08T14:31:07+00:00\" \/>\n<meta property=\"article:modified_time\" content=\"2024-04-08T14:31:11+00:00\" \/>\n<meta property=\"og:image\" content=\"https:\/\/www.monaco-tribune.com\/wp-content\/uploads\/2024\/04\/amazonico-inauguration-famille-princiere.jpg\" \/>\n\t<meta property=\"og:image:width\" content=\"1200\" \/>\n\t<meta property=\"og:image:height\" content=\"800\" \/>\n\t<meta property=\"og:image:type\" content=\"image\/jpeg\" \/>\n<meta name=\"author\" content=\"Sarah Incari\" \/>\n<meta name=\"twitter:card\" content=\"summary_large_image\" \/>\n<meta name=\"twitter:creator\" content=\"@MonacoTribune\" \/>\n<meta name=\"twitter:site\" content=\"@MonacoTribune\" \/>\n<script type=\"application\/ld+json\" class=\"yoast-schema-graph\">{\"@context\":\"https:\\\/\\\/schema.org\",\"@graph\":[{\"@type\":\"NewsArticle\",\"@id\":\"https:\\\/\\\/www.monaco-tribune.com\\\/it\\\/2024\\\/04\\\/la-famiglia-principesca-al-completo-per-lapertura-di-amazonico\\\/#article\",\"isPartOf\":{\"@id\":\"https:\\\/\\\/www.monaco-tribune.com\\\/it\\\/2024\\\/04\\\/la-famiglia-principesca-al-completo-per-lapertura-di-amazonico\\\/\"},\"author\":{\"name\":\"Sarah Incari\",\"@id\":\"https:\\\/\\\/www.monaco-tribune.com\\\/it\\\/#\\\/schema\\\/person\\\/dd3b5770833f791d3f4d808f1aa84499\"},\"headline\":\"La Famiglia Principesca al completo per l&#8217;apertura di Amaz\u00f3nico\",\"datePublished\":\"2024-04-08T14:31:07+00:00\",\"dateModified\":\"2024-04-08T14:31:11+00:00\",\"mainEntityOfPage\":{\"@id\":\"https:\\\/\\\/www.monaco-tribune.com\\\/it\\\/2024\\\/04\\\/la-famiglia-principesca-al-completo-per-lapertura-di-amazonico\\\/\"},\"wordCount\":193,\"publisher\":{\"@id\":\"https:\\\/\\\/www.monaco-tribune.com\\\/it\\\/#organization\"},\"image\":{\"@id\":\"https:\\\/\\\/www.monaco-tribune.com\\\/it\\\/2024\\\/04\\\/la-famiglia-principesca-al-completo-per-lapertura-di-amazonico\\\/#primaryimage\"},\"thumbnailUrl\":\"https:\\\/\\\/www.monaco-tribune.com\\\/wp-content\\\/uploads\\\/2024\\\/04\\\/amazonico-inauguration-famille-princiere.jpg\",\"keywords\":[\"Monte-Carlo SBM\"],\"articleSection\":[\"Famiglia Principesca\",\"La nostra scelta\",\"Notizie\"],\"inLanguage\":\"it-IT\",\"copyrightYear\":\"2024\",\"copyrightHolder\":{\"@id\":\"https:\\\/\\\/www.monaco-tribune.com\\\/#organization\"}},{\"@type\":\"WebPage\",\"@id\":\"https:\\\/\\\/www.monaco-tribune.com\\\/it\\\/2024\\\/04\\\/la-famiglia-principesca-al-completo-per-lapertura-di-amazonico\\\/\",\"url\":\"https:\\\/\\\/www.monaco-tribune.com\\\/it\\\/2024\\\/04\\\/la-famiglia-principesca-al-completo-per-lapertura-di-amazonico\\\/\",\"name\":\"La Famiglia Principesca al completo per l'apertura di Amaz\u00f3nico\",\"isPartOf\":{\"@id\":\"https:\\\/\\\/www.monaco-tribune.com\\\/it\\\/#website\"},\"primaryImageOfPage\":{\"@id\":\"https:\\\/\\\/www.monaco-tribune.com\\\/it\\\/2024\\\/04\\\/la-famiglia-principesca-al-completo-per-lapertura-di-amazonico\\\/#primaryimage\"},\"image\":{\"@id\":\"https:\\\/\\\/www.monaco-tribune.com\\\/it\\\/2024\\\/04\\\/la-famiglia-principesca-al-completo-per-lapertura-di-amazonico\\\/#primaryimage\"},\"thumbnailUrl\":\"https:\\\/\\\/www.monaco-tribune.com\\\/wp-content\\\/uploads\\\/2024\\\/04\\\/amazonico-inauguration-famille-princiere.jpg\",\"datePublished\":\"2024-04-08T14:31:07+00:00\",\"dateModified\":\"2024-04-08T14:31:11+00:00\",\"description\":\"Non ci sar\u00e0 pi\u00f9 bisogno di prendere l'aereo per godersi un'atmosfera esotica! Il nuovo ristorante e lounge bar della Monte-Carlo Soci\u00e9t\u00e9 des Bains de Mer\",\"breadcrumb\":{\"@id\":\"https:\\\/\\\/www.monaco-tribune.com\\\/it\\\/2024\\\/04\\\/la-famiglia-principesca-al-completo-per-lapertura-di-amazonico\\\/#breadcrumb\"},\"inLanguage\":\"it-IT\",\"potentialAction\":[{\"@type\":\"ReadAction\",\"target\":[\"https:\\\/\\\/www.monaco-tribune.com\\\/it\\\/2024\\\/04\\\/la-famiglia-principesca-al-completo-per-lapertura-di-amazonico\\\/\"]}]},{\"@type\":\"ImageObject\",\"inLanguage\":\"it-IT\",\"@id\":\"https:\\\/\\\/www.monaco-tribune.com\\\/it\\\/2024\\\/04\\\/la-famiglia-principesca-al-completo-per-lapertura-di-amazonico\\\/#primaryimage\",\"url\":\"https:\\\/\\\/www.monaco-tribune.com\\\/wp-content\\\/uploads\\\/2024\\\/04\\\/amazonico-inauguration-famille-princiere.jpg\",\"contentUrl\":\"https:\\\/\\\/www.monaco-tribune.com\\\/wp-content\\\/uploads\\\/2024\\\/04\\\/amazonico-inauguration-famille-princiere.jpg\",\"width\":1200,\"height\":800,\"caption\":\"Dopo Madrid, Londra e Dubai, Amaz\u00f3nico sbarca nel Carr\u00e9 d'or del Principato, sopra il Caf\u00e9 de Paris \u00a9 Direzione della Comunicazione \\\/ St\u00e9phane Danna\"},{\"@type\":\"BreadcrumbList\",\"@id\":\"https:\\\/\\\/www.monaco-tribune.com\\\/it\\\/2024\\\/04\\\/la-famiglia-principesca-al-completo-per-lapertura-di-amazonico\\\/#breadcrumb\",\"itemListElement\":[{\"@type\":\"ListItem\",\"position\":1,\"name\":\"Accueil\",\"item\":\"https:\\\/\\\/www.monaco-tribune.com\\\/it\\\/\"},{\"@type\":\"ListItem\",\"position\":2,\"name\":\"La Famiglia Principesca al completo per l&#8217;apertura di Amaz\u00f3nico\"}]},{\"@type\":\"WebSite\",\"@id\":\"https:\\\/\\\/www.monaco-tribune.com\\\/it\\\/#website\",\"url\":\"https:\\\/\\\/www.monaco-tribune.com\\\/it\\\/\",\"name\":\"Monaco Tribune\",\"description\":\"Monaco : actualit\u00e9s \u00e9conomiques, politiques, culturelles et sportives de Monaco et de la French Riviera.\",\"publisher\":{\"@id\":\"https:\\\/\\\/www.monaco-tribune.com\\\/it\\\/#organization\"},\"potentialAction\":[{\"@type\":\"SearchAction\",\"target\":{\"@type\":\"EntryPoint\",\"urlTemplate\":\"https:\\\/\\\/www.monaco-tribune.com\\\/it\\\/?s={search_term_string}\"},\"query-input\":{\"@type\":\"PropertyValueSpecification\",\"valueRequired\":true,\"valueName\":\"search_term_string\"}}],\"inLanguage\":\"it-IT\"},{\"@type\":\"Organization\",\"@id\":\"https:\\\/\\\/www.monaco-tribune.com\\\/it\\\/#organization\",\"name\":\"Monaco Tribune\",\"url\":\"https:\\\/\\\/www.monaco-tribune.com\\\/it\\\/\",\"logo\":{\"@type\":\"ImageObject\",\"inLanguage\":\"it-IT\",\"@id\":\"https:\\\/\\\/www.monaco-tribune.com\\\/it\\\/#\\\/schema\\\/logo\\\/image\\\/\",\"url\":\"https:\\\/\\\/www.monaco-tribune.com\\\/wp-content\\\/uploads\\\/2022\\\/11\\\/logo-monaco-tribune.png\",\"contentUrl\":\"https:\\\/\\\/www.monaco-tribune.com\\\/wp-content\\\/uploads\\\/2022\\\/11\\\/logo-monaco-tribune.png\",\"width\":1548,\"height\":600,\"caption\":\"Monaco Tribune\"},\"image\":{\"@id\":\"https:\\\/\\\/www.monaco-tribune.com\\\/it\\\/#\\\/schema\\\/logo\\\/image\\\/\"},\"sameAs\":[\"https:\\\/\\\/www.facebook.com\\\/MonacoTribune\",\"https:\\\/\\\/x.com\\\/MonacoTribune\",\"https:\\\/\\\/www.instagram.com\\\/monacotribune\\\/\",\"https:\\\/\\\/www.linkedin.com\\\/company\\\/monaco-tribune\",\"https:\\\/\\\/www.youtube.com\\\/channel\\\/UCHle1MnG6hw1y4lWKijVbMA\"]},{\"@type\":\"Person\",\"@id\":\"https:\\\/\\\/www.monaco-tribune.com\\\/it\\\/#\\\/schema\\\/person\\\/dd3b5770833f791d3f4d808f1aa84499\",\"name\":\"Sarah Incari\",\"image\":{\"@type\":\"ImageObject\",\"inLanguage\":\"it-IT\",\"@id\":\"https:\\\/\\\/secure.gravatar.com\\\/avatar\\\/4ac0b37be892d57107ccdd804e3f2a03bf1e3fca097512136d3603859293cb0e?s=96&d=mm&r=g\",\"url\":\"https:\\\/\\\/secure.gravatar.com\\\/avatar\\\/4ac0b37be892d57107ccdd804e3f2a03bf1e3fca097512136d3603859293cb0e?s=96&d=mm&r=g\",\"contentUrl\":\"https:\\\/\\\/secure.gravatar.com\\\/avatar\\\/4ac0b37be892d57107ccdd804e3f2a03bf1e3fca097512136d3603859293cb0e?s=96&d=mm&r=g\",\"caption\":\"Sarah Incari\"},\"url\":\"https:\\\/\\\/www.monaco-tribune.com\\\/it\\\/author\\\/sarahincari\\\/\"}]}<\/script>\n<!-- \/ Yoast SEO Premium plugin. -->","yoast_head_json":{"title":"La Famiglia Principesca al completo per l'apertura di Amaz\u00f3nico","description":"Non ci sar\u00e0 pi\u00f9 bisogno di prendere l'aereo per godersi un'atmosfera esotica! Il nuovo ristorante e lounge bar della Monte-Carlo Soci\u00e9t\u00e9 des Bains de Mer","robots":{"index":"index","follow":"follow","max-snippet":"max-snippet:-1","max-image-preview":"max-image-preview:large","max-video-preview":"max-video-preview:-1"},"canonical":"https:\/\/www.monaco-tribune.com\/it\/2024\/04\/la-famiglia-principesca-al-completo-per-lapertura-di-amazonico\/","og_locale":"it_IT","og_type":"article","og_title":"La Famiglia Principesca al completo per l'apertura di Amaz\u00f3nico - Monaco Tribune","og_description":"Non ci sar\u00e0 pi\u00f9 bisogno di prendere l'aereo per godersi un'atmosfera esotica! Il nuovo ristorante e lounge bar della Monte-Carlo Soci\u00e9t\u00e9 des Bains de Mer","og_url":"https:\/\/www.monaco-tribune.com\/it\/2024\/04\/la-famiglia-principesca-al-completo-per-lapertura-di-amazonico\/","og_site_name":"Monaco Tribune","article_publisher":"https:\/\/www.facebook.com\/MonacoTribune","article_published_time":"2024-04-08T14:31:07+00:00","article_modified_time":"2024-04-08T14:31:11+00:00","og_image":[{"width":1200,"height":800,"url":"https:\/\/www.monaco-tribune.com\/wp-content\/uploads\/2024\/04\/amazonico-inauguration-famille-princiere.jpg","type":"image\/jpeg"}],"author":"Sarah Incari","twitter_card":"summary_large_image","twitter_creator":"@MonacoTribune","twitter_site":"@MonacoTribune","schema":{"@context":"https:\/\/schema.org","@graph":[{"@type":"NewsArticle","@id":"https:\/\/www.monaco-tribune.com\/it\/2024\/04\/la-famiglia-principesca-al-completo-per-lapertura-di-amazonico\/#article","isPartOf":{"@id":"https:\/\/www.monaco-tribune.com\/it\/2024\/04\/la-famiglia-principesca-al-completo-per-lapertura-di-amazonico\/"},"author":{"name":"Sarah Incari","@id":"https:\/\/www.monaco-tribune.com\/it\/#\/schema\/person\/dd3b5770833f791d3f4d808f1aa84499"},"headline":"La Famiglia Principesca al completo per l&#8217;apertura di Amaz\u00f3nico","datePublished":"2024-04-08T14:31:07+00:00","dateModified":"2024-04-08T14:31:11+00:00","mainEntityOfPage":{"@id":"https:\/\/www.monaco-tribune.com\/it\/2024\/04\/la-famiglia-principesca-al-completo-per-lapertura-di-amazonico\/"},"wordCount":193,"publisher":{"@id":"https:\/\/www.monaco-tribune.com\/it\/#organization"},"image":{"@id":"https:\/\/www.monaco-tribune.com\/it\/2024\/04\/la-famiglia-principesca-al-completo-per-lapertura-di-amazonico\/#primaryimage"},"thumbnailUrl":"https:\/\/www.monaco-tribune.com\/wp-content\/uploads\/2024\/04\/amazonico-inauguration-famille-princiere.jpg","keywords":["Monte-Carlo SBM"],"articleSection":["Famiglia Principesca","La nostra scelta","Notizie"],"inLanguage":"it-IT","copyrightYear":"2024","copyrightHolder":{"@id":"https:\/\/www.monaco-tribune.com\/#organization"}},{"@type":"WebPage","@id":"https:\/\/www.monaco-tribune.com\/it\/2024\/04\/la-famiglia-principesca-al-completo-per-lapertura-di-amazonico\/","url":"https:\/\/www.monaco-tribune.com\/it\/2024\/04\/la-famiglia-principesca-al-completo-per-lapertura-di-amazonico\/","name":"La Famiglia Principesca al completo per l'apertura di Amaz\u00f3nico","isPartOf":{"@id":"https:\/\/www.monaco-tribune.com\/it\/#website"},"primaryImageOfPage":{"@id":"https:\/\/www.monaco-tribune.com\/it\/2024\/04\/la-famiglia-principesca-al-completo-per-lapertura-di-amazonico\/#primaryimage"},"image":{"@id":"https:\/\/www.monaco-tribune.com\/it\/2024\/04\/la-famiglia-principesca-al-completo-per-lapertura-di-amazonico\/#primaryimage"},"thumbnailUrl":"https:\/\/www.monaco-tribune.com\/wp-content\/uploads\/2024\/04\/amazonico-inauguration-famille-princiere.jpg","datePublished":"2024-04-08T14:31:07+00:00","dateModified":"2024-04-08T14:31:11+00:00","description":"Non ci sar\u00e0 pi\u00f9 bisogno di prendere l'aereo per godersi un'atmosfera esotica! Il nuovo ristorante e lounge bar della Monte-Carlo Soci\u00e9t\u00e9 des Bains de Mer","breadcrumb":{"@id":"https:\/\/www.monaco-tribune.com\/it\/2024\/04\/la-famiglia-principesca-al-completo-per-lapertura-di-amazonico\/#breadcrumb"},"inLanguage":"it-IT","potentialAction":[{"@type":"ReadAction","target":["https:\/\/www.monaco-tribune.com\/it\/2024\/04\/la-famiglia-principesca-al-completo-per-lapertura-di-amazonico\/"]}]},{"@type":"ImageObject","inLanguage":"it-IT","@id":"https:\/\/www.monaco-tribune.com\/it\/2024\/04\/la-famiglia-principesca-al-completo-per-lapertura-di-amazonico\/#primaryimage","url":"https:\/\/www.monaco-tribune.com\/wp-content\/uploads\/2024\/04\/amazonico-inauguration-famille-princiere.jpg","contentUrl":"https:\/\/www.monaco-tribune.com\/wp-content\/uploads\/2024\/04\/amazonico-inauguration-famille-princiere.jpg","width":1200,"height":800,"caption":"Dopo Madrid, Londra e Dubai, Amaz\u00f3nico sbarca nel Carr\u00e9 d'or del Principato, sopra il Caf\u00e9 de Paris \u00a9 Direzione della Comunicazione \/ St\u00e9phane Danna"},{"@type":"BreadcrumbList","@id":"https:\/\/www.monaco-tribune.com\/it\/2024\/04\/la-famiglia-principesca-al-completo-per-lapertura-di-amazonico\/#breadcrumb","itemListElement":[{"@type":"ListItem","position":1,"name":"Accueil","item":"https:\/\/www.monaco-tribune.com\/it\/"},{"@type":"ListItem","position":2,"name":"La Famiglia Principesca al completo per l&#8217;apertura di Amaz\u00f3nico"}]},{"@type":"WebSite","@id":"https:\/\/www.monaco-tribune.com\/it\/#website","url":"https:\/\/www.monaco-tribune.com\/it\/","name":"Monaco Tribune","description":"Monaco : actualit\u00e9s \u00e9conomiques, politiques, culturelles et sportives de Monaco et de la French Riviera.","publisher":{"@id":"https:\/\/www.monaco-tribune.com\/it\/#organization"},"potentialAction":[{"@type":"SearchAction","target":{"@type":"EntryPoint","urlTemplate":"https:\/\/www.monaco-tribune.com\/it\/?s={search_term_string}"},"query-input":{"@type":"PropertyValueSpecification","valueRequired":true,"valueName":"search_term_string"}}],"inLanguage":"it-IT"},{"@type":"Organization","@id":"https:\/\/www.monaco-tribune.com\/it\/#organization","name":"Monaco Tribune","url":"https:\/\/www.monaco-tribune.com\/it\/","logo":{"@type":"ImageObject","inLanguage":"it-IT","@id":"https:\/\/www.monaco-tribune.com\/it\/#\/schema\/logo\/image\/","url":"https:\/\/www.monaco-tribune.com\/wp-content\/uploads\/2022\/11\/logo-monaco-tribune.png","contentUrl":"https:\/\/www.monaco-tribune.com\/wp-content\/uploads\/2022\/11\/logo-monaco-tribune.png","width":1548,"height":600,"caption":"Monaco Tribune"},"image":{"@id":"https:\/\/www.monaco-tribune.com\/it\/#\/schema\/logo\/image\/"},"sameAs":["https:\/\/www.facebook.com\/MonacoTribune","https:\/\/x.com\/MonacoTribune","https:\/\/www.instagram.com\/monacotribune\/","https:\/\/www.linkedin.com\/company\/monaco-tribune","https:\/\/www.youtube.com\/channel\/UCHle1MnG6hw1y4lWKijVbMA"]},{"@type":"Person","@id":"https:\/\/www.monaco-tribune.com\/it\/#\/schema\/person\/dd3b5770833f791d3f4d808f1aa84499","name":"Sarah Incari","image":{"@type":"ImageObject","inLanguage":"it-IT","@id":"https:\/\/secure.gravatar.com\/avatar\/4ac0b37be892d57107ccdd804e3f2a03bf1e3fca097512136d3603859293cb0e?s=96&d=mm&r=g","url":"https:\/\/secure.gravatar.com\/avatar\/4ac0b37be892d57107ccdd804e3f2a03bf1e3fca097512136d3603859293cb0e?s=96&d=mm&r=g","contentUrl":"https:\/\/secure.gravatar.com\/avatar\/4ac0b37be892d57107ccdd804e3f2a03bf1e3fca097512136d3603859293cb0e?s=96&d=mm&r=g","caption":"Sarah Incari"},"url":"https:\/\/www.monaco-tribune.com\/it\/author\/sarahincari\/"}]}},"_links":{"self":[{"href":"https:\/\/www.monaco-tribune.com\/it\/wp-json\/wp\/v2\/posts\/226725","targetHints":{"allow":["GET"]}}],"collection":[{"href":"https:\/\/www.monaco-tribune.com\/it\/wp-json\/wp\/v2\/posts"}],"about":[{"href":"https:\/\/www.monaco-tribune.com\/it\/wp-json\/wp\/v2\/types\/post"}],"author":[{"embeddable":true,"href":"https:\/\/www.monaco-tribune.com\/it\/wp-json\/wp\/v2\/users\/69"}],"replies":[{"embeddable":true,"href":"https:\/\/www.monaco-tribune.com\/it\/wp-json\/wp\/v2\/comments?post=226725"}],"version-history":[{"count":2,"href":"https:\/\/www.monaco-tribune.com\/it\/wp-json\/wp\/v2\/posts\/226725\/revisions"}],"predecessor-version":[{"id":226728,"href":"https:\/\/www.monaco-tribune.com\/it\/wp-json\/wp\/v2\/posts\/226725\/revisions\/226728"}],"wp:featuredmedia":[{"embeddable":true,"href":"https:\/\/www.monaco-tribune.com\/it\/wp-json\/wp\/v2\/media\/226428"}],"wp:attachment":[{"href":"https:\/\/www.monaco-tribune.com\/it\/wp-json\/wp\/v2\/media?parent=226725"}],"wp:term":[{"taxonomy":"category","embeddable":true,"href":"https:\/\/www.monaco-tribune.com\/it\/wp-json\/wp\/v2\/categories?post=226725"},{"taxonomy":"post_tag","embeddable":true,"href":"https:\/\/www.monaco-tribune.com\/it\/wp-json\/wp\/v2\/tags?post=226725"},{"taxonomy":"sectag","embeddable":true,"href":"https:\/\/www.monaco-tribune.com\/it\/wp-json\/wp\/v2\/post_sectags?post=226725"},{"taxonomy":"format","embeddable":true,"href":"https:\/\/www.monaco-tribune.com\/it\/wp-json\/wp\/v2\/post_format?post=226725"}],"curies":[{"name":"wp","href":"https:\/\/api.w.org\/{rel}","templated":true}]}}