{"id":227163,"date":"2024-04-10T18:28:59","date_gmt":"2024-04-10T16:28:59","guid":{"rendered":"https:\/\/www.monaco-tribune.com\/2024\/04\/monte-carlo-summer-festival-2024-ecco-la-lista-degli-artisti\/"},"modified":"2024-04-10T18:29:04","modified_gmt":"2024-04-10T16:29:04","slug":"monte-carlo-summer-festival-2024-ecco-la-lista-degli-artisti","status":"publish","type":"post","link":"https:\/\/www.monaco-tribune.com\/it\/2024\/04\/monte-carlo-summer-festival-2024-ecco-la-lista-degli-artisti\/","title":{"rendered":"Monte-Carlo Summer Festival 2024: ecco la lista degli artisti"},"content":{"rendered":"\n<p><strong>Artisti, date, location&#8230; Monaco Tribune svela tutto quello che c&#8217;\u00e8 da sapere sul festival.<\/strong><\/p>\n\n<p>L&#8217;estate \u00e8 gi\u00e0 iniziata nel Principato e si preannuncia entusiasmante. Dopo il grande successo dell&#8217;<a href=\"https:\/\/www.monaco-tribune.com\/it\/2023\/03\/sting-mika-le-monte-carlo-summer-festival-annuncia-i-suoi-primi-artisti\/\">edizione 2023<\/a>, l&#8217;evento 2024 sar\u00e0 pieno di colori. Il Monte-Carlo Sporting Summer Festival di quest&#8217;anno \u00e8 stato gi\u00e0 annunciato, anche se gli organizzatori ci riservano ancora qualche sorpresa.<\/p>\n\n<p>Alfonso Ciulla, nuovo direttore artistico del festival, ha rivelato il programma dei concerti che si terranno dal 6 luglio al 16 agosto. St\u00e9phane Valeri, direttore generale della Monte-Carlo SBM, ha condiviso il suo sostegno a Ciulla su LinkedIn: &#8220;Il nostro nuovo direttore artistico ha svelato una stagione dinamica, colorata ed elegante che conquister\u00e0 tutte le generazioni e tutto il pubblico&#8221;.<\/p>\n<div class=\"wp-block-image\">\n<figure class=\"aligncenter size-large\"><img loading=\"lazy\" decoding=\"async\" width=\"1024\" height=\"769\" src=\"https:\/\/www.monaco-tribune.com\/wp-content\/uploads\/2024\/04\/lancement-du-monte-carlo-summer-festival-2024-1024x769.jpg\" alt=\"\" class=\"wp-image-226246\" srcset=\"https:\/\/www.monaco-tribune.com\/wp-content\/uploads\/2024\/04\/lancement-du-monte-carlo-summer-festival-2024-1024x769.jpg 1024w, https:\/\/www.monaco-tribune.com\/wp-content\/uploads\/2024\/04\/lancement-du-monte-carlo-summer-festival-2024-400x300.jpg 400w, https:\/\/www.monaco-tribune.com\/wp-content\/uploads\/2024\/04\/lancement-du-monte-carlo-summer-festival-2024.jpg 1200w\" sizes=\"auto, (max-width: 1024px) 100vw, 1024px\" \/><figcaption class=\"wp-element-caption\"><em>St\u00e9phane Valeri insieme ad Alfonso Ciulla e Albert Manzone \u00a9 LinkedIn St\u00e9phane Valeri<\/em><\/figcaption><\/figure>\n<\/div>\n<p>Il Festival si terr\u00e0 in due luoghi simbolo di Monte-Carlo: la Salle des \u00c9toiles dello Sporting e l&#8217;Op\u00e9ra Garnier. Il prezzo dei biglietti varia da 120 a 400 \u20ac e la biglietteria \u00e8 gi\u00e0 aperta.<\/p>\n\n<hr class=\"wp-block-separator has-alpha-channel-opacity\"\/>\n\n<p>Ecco il programma annunciato:<\/p>\n\n<p>6 luglio &#8211; <strong>Stars 80<\/strong> a favore dell&#8217;associazione Fights Aids Monaco nella Salle des \u00c9toiles dello Sporting<\/p>\n\n<p>9 luglio &#8211; <strong>Sam Smith<\/strong> nella Salle des \u00c9toiles dello Sporting<\/p>\n\n<p>16 luglio &#8211; <strong>Diana Krall<\/strong> all&#8221;Op\u00e9ra Garnier<\/p>\n\n<p>19 luglio &#8211; <strong>Jamiroquai<\/strong> a favore della <em>Croce Rossa<\/em> nella Salle des \u00c9toiles dello Sporting<\/p>\n\n<p>25 luglio &#8211; <strong>Duran Duran<\/strong> nella Salle des \u00c9toiles dello Sporting<\/p>\n\n<p>29 luglio &#8211; <strong>Trevor Noah<\/strong> all&#8217;Op\u00e9ra Garnier<\/p>\n\n<p>2 agosto &#8211; <strong>Myriam Fares<\/strong> nella Salle des \u00c9toiles dello Sporting<\/p>\n\n<p>3 agosto &#8211; <strong>Il Volo<\/strong> nella Salle des \u00c9toiles dello Sporting<\/p>\n\n<p>14 agosto &#8211; <strong>Jorja Smith<\/strong> all&#8217;Op\u00e9ra Garnier<\/p>\n\n<p>15 e 16 agosto &#8211; <strong>Lenny Kravitz<\/strong> nella Salle des \u00c9toiles dello Sporting<\/p>\n\n<p>Per maggiori informazioni, visitate il <a href=\"https:\/\/www.montecarlosbm.com\/fr\/spectacles-monaco\">sito internet del festival<\/a>.<\/p>\n","protected":false},"excerpt":{"rendered":"<p>Artisti, date, location&#8230; Monaco Tribune svela tutto quello che c&#8217;\u00e8 da sapere sul festival. L&#8217;estate \u00e8 gi\u00e0 iniziata nel Principato [&hellip;]<\/p>\n","protected":false},"author":76,"featured_media":226202,"comment_status":"closed","ping_status":"closed","sticky":false,"template":"","format":"standard","meta":{"_acf_changed":false,"footnotes":""},"categories":[1740,1738],"tags":[2885],"post_sectags":[],"post_format":[2471],"class_list":["post-227163","post","type-post","status-publish","format-standard","has-post-thumbnail","hentry","category-cosa-fare","category-notizie","tag-monte-carlo-sbm-it","format-evento"],"acf":[],"yoast_head":"<!-- This site is optimized with the Yoast SEO Premium plugin v26.8 (Yoast SEO v27.5) - https:\/\/yoast.com\/product\/yoast-seo-premium-wordpress\/ -->\n<title>Monte-Carlo Summer Festival 2024: ecco la lista degli artisti<\/title>\n<meta name=\"description\" content=\"Artisti, date, location... Monaco Tribune svela tutto quello che c&#039;\u00e8 da sapere sul festival. L&#039;estate \u00e8 gi\u00e0 iniziata nel Principato e si preannuncia\" \/>\n<meta name=\"robots\" content=\"index, follow, max-snippet:-1, max-image-preview:large, max-video-preview:-1\" \/>\n<link rel=\"canonical\" href=\"https:\/\/www.monaco-tribune.com\/it\/2024\/04\/monte-carlo-summer-festival-2024-ecco-la-lista-degli-artisti\/\" \/>\n<meta property=\"og:locale\" content=\"it_IT\" \/>\n<meta property=\"og:type\" content=\"article\" \/>\n<meta property=\"og:title\" content=\"Monte-Carlo Summer Festival 2024: ecco la lista degli artisti - Monaco Tribune\" \/>\n<meta property=\"og:description\" content=\"Artisti, date, location... Monaco Tribune svela tutto quello che c&#039;\u00e8 da sapere sul festival. L&#039;estate \u00e8 gi\u00e0 iniziata nel Principato e si preannuncia\" \/>\n<meta property=\"og:url\" content=\"https:\/\/www.monaco-tribune.com\/it\/2024\/04\/monte-carlo-summer-festival-2024-ecco-la-lista-degli-artisti\/\" \/>\n<meta property=\"og:site_name\" content=\"Monaco Tribune\" \/>\n<meta property=\"article:publisher\" content=\"https:\/\/www.facebook.com\/MonacoTribune\" \/>\n<meta property=\"article:published_time\" content=\"2024-04-10T16:28:59+00:00\" \/>\n<meta property=\"article:modified_time\" content=\"2024-04-10T16:29:04+00:00\" \/>\n<meta property=\"og:image\" content=\"https:\/\/www.monaco-tribune.com\/wp-content\/uploads\/2024\/04\/lenny-kravitz-monaco-summer-festival-2024.jpg\" \/>\n\t<meta property=\"og:image:width\" content=\"1200\" \/>\n\t<meta property=\"og:image:height\" content=\"673\" \/>\n\t<meta property=\"og:image:type\" content=\"image\/jpeg\" \/>\n<meta name=\"author\" content=\"Killian Masurier\" \/>\n<meta name=\"twitter:card\" content=\"summary_large_image\" \/>\n<meta name=\"twitter:creator\" content=\"@MonacoTribune\" \/>\n<meta name=\"twitter:site\" content=\"@MonacoTribune\" \/>\n<script type=\"application\/ld+json\" class=\"yoast-schema-graph\">{\"@context\":\"https:\\\/\\\/schema.org\",\"@graph\":[{\"@type\":\"NewsArticle\",\"@id\":\"https:\\\/\\\/www.monaco-tribune.com\\\/it\\\/2024\\\/04\\\/monte-carlo-summer-festival-2024-ecco-la-lista-degli-artisti\\\/#article\",\"isPartOf\":{\"@id\":\"https:\\\/\\\/www.monaco-tribune.com\\\/it\\\/2024\\\/04\\\/monte-carlo-summer-festival-2024-ecco-la-lista-degli-artisti\\\/\"},\"author\":{\"name\":\"Killian Masurier\",\"@id\":\"https:\\\/\\\/www.monaco-tribune.com\\\/it\\\/#\\\/schema\\\/person\\\/430d20b322a92cf77ed693c80401a9f1\"},\"headline\":\"Monte-Carlo Summer Festival 2024: ecco la lista degli artisti\",\"datePublished\":\"2024-04-10T16:28:59+00:00\",\"dateModified\":\"2024-04-10T16:29:04+00:00\",\"mainEntityOfPage\":{\"@id\":\"https:\\\/\\\/www.monaco-tribune.com\\\/it\\\/2024\\\/04\\\/monte-carlo-summer-festival-2024-ecco-la-lista-degli-artisti\\\/\"},\"wordCount\":288,\"publisher\":{\"@id\":\"https:\\\/\\\/www.monaco-tribune.com\\\/it\\\/#organization\"},\"image\":{\"@id\":\"https:\\\/\\\/www.monaco-tribune.com\\\/it\\\/2024\\\/04\\\/monte-carlo-summer-festival-2024-ecco-la-lista-degli-artisti\\\/#primaryimage\"},\"thumbnailUrl\":\"https:\\\/\\\/www.monaco-tribune.com\\\/wp-content\\\/uploads\\\/2024\\\/04\\\/lenny-kravitz-monaco-summer-festival-2024.jpg\",\"keywords\":[\"Monte-Carlo SBM\"],\"articleSection\":[\"Cosa fare\",\"Notizie\"],\"inLanguage\":\"it-IT\",\"copyrightYear\":\"2024\",\"copyrightHolder\":{\"@id\":\"https:\\\/\\\/www.monaco-tribune.com\\\/#organization\"}},{\"@type\":\"WebPage\",\"@id\":\"https:\\\/\\\/www.monaco-tribune.com\\\/it\\\/2024\\\/04\\\/monte-carlo-summer-festival-2024-ecco-la-lista-degli-artisti\\\/\",\"url\":\"https:\\\/\\\/www.monaco-tribune.com\\\/it\\\/2024\\\/04\\\/monte-carlo-summer-festival-2024-ecco-la-lista-degli-artisti\\\/\",\"name\":\"Monte-Carlo Summer Festival 2024: ecco la lista degli artisti\",\"isPartOf\":{\"@id\":\"https:\\\/\\\/www.monaco-tribune.com\\\/it\\\/#website\"},\"primaryImageOfPage\":{\"@id\":\"https:\\\/\\\/www.monaco-tribune.com\\\/it\\\/2024\\\/04\\\/monte-carlo-summer-festival-2024-ecco-la-lista-degli-artisti\\\/#primaryimage\"},\"image\":{\"@id\":\"https:\\\/\\\/www.monaco-tribune.com\\\/it\\\/2024\\\/04\\\/monte-carlo-summer-festival-2024-ecco-la-lista-degli-artisti\\\/#primaryimage\"},\"thumbnailUrl\":\"https:\\\/\\\/www.monaco-tribune.com\\\/wp-content\\\/uploads\\\/2024\\\/04\\\/lenny-kravitz-monaco-summer-festival-2024.jpg\",\"datePublished\":\"2024-04-10T16:28:59+00:00\",\"dateModified\":\"2024-04-10T16:29:04+00:00\",\"description\":\"Artisti, date, location... Monaco Tribune svela tutto quello che c'\u00e8 da sapere sul festival. L'estate \u00e8 gi\u00e0 iniziata nel Principato e si preannuncia\",\"breadcrumb\":{\"@id\":\"https:\\\/\\\/www.monaco-tribune.com\\\/it\\\/2024\\\/04\\\/monte-carlo-summer-festival-2024-ecco-la-lista-degli-artisti\\\/#breadcrumb\"},\"inLanguage\":\"it-IT\",\"potentialAction\":[{\"@type\":\"ReadAction\",\"target\":[\"https:\\\/\\\/www.monaco-tribune.com\\\/it\\\/2024\\\/04\\\/monte-carlo-summer-festival-2024-ecco-la-lista-degli-artisti\\\/\"]}]},{\"@type\":\"ImageObject\",\"inLanguage\":\"it-IT\",\"@id\":\"https:\\\/\\\/www.monaco-tribune.com\\\/it\\\/2024\\\/04\\\/monte-carlo-summer-festival-2024-ecco-la-lista-degli-artisti\\\/#primaryimage\",\"url\":\"https:\\\/\\\/www.monaco-tribune.com\\\/wp-content\\\/uploads\\\/2024\\\/04\\\/lenny-kravitz-monaco-summer-festival-2024.jpg\",\"contentUrl\":\"https:\\\/\\\/www.monaco-tribune.com\\\/wp-content\\\/uploads\\\/2024\\\/04\\\/lenny-kravitz-monaco-summer-festival-2024.jpg\",\"width\":1200,\"height\":673,\"caption\":\"Lenny Kravitz sar\u00e0 uno dei protagonisti del Monte-Carlo Sporting Summer Festival 2024 \u00a9 TV Sorrisi e CanzoniSummer Festival 2024 \u00a9 TV Sorrisi e Canzoni\"},{\"@type\":\"BreadcrumbList\",\"@id\":\"https:\\\/\\\/www.monaco-tribune.com\\\/it\\\/2024\\\/04\\\/monte-carlo-summer-festival-2024-ecco-la-lista-degli-artisti\\\/#breadcrumb\",\"itemListElement\":[{\"@type\":\"ListItem\",\"position\":1,\"name\":\"Accueil\",\"item\":\"https:\\\/\\\/www.monaco-tribune.com\\\/it\\\/\"},{\"@type\":\"ListItem\",\"position\":2,\"name\":\"Monte-Carlo Summer Festival 2024: ecco la lista degli artisti\"}]},{\"@type\":\"WebSite\",\"@id\":\"https:\\\/\\\/www.monaco-tribune.com\\\/it\\\/#website\",\"url\":\"https:\\\/\\\/www.monaco-tribune.com\\\/it\\\/\",\"name\":\"Monaco Tribune\",\"description\":\"Monaco : actualit\u00e9s \u00e9conomiques, politiques, culturelles et sportives de Monaco et de la French Riviera.\",\"publisher\":{\"@id\":\"https:\\\/\\\/www.monaco-tribune.com\\\/it\\\/#organization\"},\"potentialAction\":[{\"@type\":\"SearchAction\",\"target\":{\"@type\":\"EntryPoint\",\"urlTemplate\":\"https:\\\/\\\/www.monaco-tribune.com\\\/it\\\/?s={search_term_string}\"},\"query-input\":{\"@type\":\"PropertyValueSpecification\",\"valueRequired\":true,\"valueName\":\"search_term_string\"}}],\"inLanguage\":\"it-IT\"},{\"@type\":\"Organization\",\"@id\":\"https:\\\/\\\/www.monaco-tribune.com\\\/it\\\/#organization\",\"name\":\"Monaco Tribune\",\"url\":\"https:\\\/\\\/www.monaco-tribune.com\\\/it\\\/\",\"logo\":{\"@type\":\"ImageObject\",\"inLanguage\":\"it-IT\",\"@id\":\"https:\\\/\\\/www.monaco-tribune.com\\\/it\\\/#\\\/schema\\\/logo\\\/image\\\/\",\"url\":\"https:\\\/\\\/www.monaco-tribune.com\\\/wp-content\\\/uploads\\\/2022\\\/11\\\/logo-monaco-tribune.png\",\"contentUrl\":\"https:\\\/\\\/www.monaco-tribune.com\\\/wp-content\\\/uploads\\\/2022\\\/11\\\/logo-monaco-tribune.png\",\"width\":1548,\"height\":600,\"caption\":\"Monaco Tribune\"},\"image\":{\"@id\":\"https:\\\/\\\/www.monaco-tribune.com\\\/it\\\/#\\\/schema\\\/logo\\\/image\\\/\"},\"sameAs\":[\"https:\\\/\\\/www.facebook.com\\\/MonacoTribune\",\"https:\\\/\\\/x.com\\\/MonacoTribune\",\"https:\\\/\\\/www.instagram.com\\\/monacotribune\\\/\",\"https:\\\/\\\/www.linkedin.com\\\/company\\\/monaco-tribune\",\"https:\\\/\\\/www.youtube.com\\\/channel\\\/UCHle1MnG6hw1y4lWKijVbMA\"]},{\"@type\":\"Person\",\"@id\":\"https:\\\/\\\/www.monaco-tribune.com\\\/it\\\/#\\\/schema\\\/person\\\/430d20b322a92cf77ed693c80401a9f1\",\"name\":\"Killian Masurier\",\"image\":{\"@type\":\"ImageObject\",\"inLanguage\":\"it-IT\",\"@id\":\"https:\\\/\\\/secure.gravatar.com\\\/avatar\\\/2b945dc7d96e6fec85032621c16cd3de6e31a754758f25fdb5adce4ef6696a8e?s=96&d=mm&r=g\",\"url\":\"https:\\\/\\\/secure.gravatar.com\\\/avatar\\\/2b945dc7d96e6fec85032621c16cd3de6e31a754758f25fdb5adce4ef6696a8e?s=96&d=mm&r=g\",\"contentUrl\":\"https:\\\/\\\/secure.gravatar.com\\\/avatar\\\/2b945dc7d96e6fec85032621c16cd3de6e31a754758f25fdb5adce4ef6696a8e?s=96&d=mm&r=g\",\"caption\":\"Killian Masurier\"},\"url\":\"https:\\\/\\\/www.monaco-tribune.com\\\/it\\\/author\\\/killianmasurier\\\/\"}]}<\/script>\n<!-- \/ Yoast SEO Premium plugin. -->","yoast_head_json":{"title":"Monte-Carlo Summer Festival 2024: ecco la lista degli artisti","description":"Artisti, date, location... Monaco Tribune svela tutto quello che c'\u00e8 da sapere sul festival. L'estate \u00e8 gi\u00e0 iniziata nel Principato e si preannuncia","robots":{"index":"index","follow":"follow","max-snippet":"max-snippet:-1","max-image-preview":"max-image-preview:large","max-video-preview":"max-video-preview:-1"},"canonical":"https:\/\/www.monaco-tribune.com\/it\/2024\/04\/monte-carlo-summer-festival-2024-ecco-la-lista-degli-artisti\/","og_locale":"it_IT","og_type":"article","og_title":"Monte-Carlo Summer Festival 2024: ecco la lista degli artisti - Monaco Tribune","og_description":"Artisti, date, location... Monaco Tribune svela tutto quello che c'\u00e8 da sapere sul festival. L'estate \u00e8 gi\u00e0 iniziata nel Principato e si preannuncia","og_url":"https:\/\/www.monaco-tribune.com\/it\/2024\/04\/monte-carlo-summer-festival-2024-ecco-la-lista-degli-artisti\/","og_site_name":"Monaco Tribune","article_publisher":"https:\/\/www.facebook.com\/MonacoTribune","article_published_time":"2024-04-10T16:28:59+00:00","article_modified_time":"2024-04-10T16:29:04+00:00","og_image":[{"width":1200,"height":673,"url":"https:\/\/www.monaco-tribune.com\/wp-content\/uploads\/2024\/04\/lenny-kravitz-monaco-summer-festival-2024.jpg","type":"image\/jpeg"}],"author":"Killian Masurier","twitter_card":"summary_large_image","twitter_creator":"@MonacoTribune","twitter_site":"@MonacoTribune","schema":{"@context":"https:\/\/schema.org","@graph":[{"@type":"NewsArticle","@id":"https:\/\/www.monaco-tribune.com\/it\/2024\/04\/monte-carlo-summer-festival-2024-ecco-la-lista-degli-artisti\/#article","isPartOf":{"@id":"https:\/\/www.monaco-tribune.com\/it\/2024\/04\/monte-carlo-summer-festival-2024-ecco-la-lista-degli-artisti\/"},"author":{"name":"Killian Masurier","@id":"https:\/\/www.monaco-tribune.com\/it\/#\/schema\/person\/430d20b322a92cf77ed693c80401a9f1"},"headline":"Monte-Carlo Summer Festival 2024: ecco la lista degli artisti","datePublished":"2024-04-10T16:28:59+00:00","dateModified":"2024-04-10T16:29:04+00:00","mainEntityOfPage":{"@id":"https:\/\/www.monaco-tribune.com\/it\/2024\/04\/monte-carlo-summer-festival-2024-ecco-la-lista-degli-artisti\/"},"wordCount":288,"publisher":{"@id":"https:\/\/www.monaco-tribune.com\/it\/#organization"},"image":{"@id":"https:\/\/www.monaco-tribune.com\/it\/2024\/04\/monte-carlo-summer-festival-2024-ecco-la-lista-degli-artisti\/#primaryimage"},"thumbnailUrl":"https:\/\/www.monaco-tribune.com\/wp-content\/uploads\/2024\/04\/lenny-kravitz-monaco-summer-festival-2024.jpg","keywords":["Monte-Carlo SBM"],"articleSection":["Cosa fare","Notizie"],"inLanguage":"it-IT","copyrightYear":"2024","copyrightHolder":{"@id":"https:\/\/www.monaco-tribune.com\/#organization"}},{"@type":"WebPage","@id":"https:\/\/www.monaco-tribune.com\/it\/2024\/04\/monte-carlo-summer-festival-2024-ecco-la-lista-degli-artisti\/","url":"https:\/\/www.monaco-tribune.com\/it\/2024\/04\/monte-carlo-summer-festival-2024-ecco-la-lista-degli-artisti\/","name":"Monte-Carlo Summer Festival 2024: ecco la lista degli artisti","isPartOf":{"@id":"https:\/\/www.monaco-tribune.com\/it\/#website"},"primaryImageOfPage":{"@id":"https:\/\/www.monaco-tribune.com\/it\/2024\/04\/monte-carlo-summer-festival-2024-ecco-la-lista-degli-artisti\/#primaryimage"},"image":{"@id":"https:\/\/www.monaco-tribune.com\/it\/2024\/04\/monte-carlo-summer-festival-2024-ecco-la-lista-degli-artisti\/#primaryimage"},"thumbnailUrl":"https:\/\/www.monaco-tribune.com\/wp-content\/uploads\/2024\/04\/lenny-kravitz-monaco-summer-festival-2024.jpg","datePublished":"2024-04-10T16:28:59+00:00","dateModified":"2024-04-10T16:29:04+00:00","description":"Artisti, date, location... Monaco Tribune svela tutto quello che c'\u00e8 da sapere sul festival. L'estate \u00e8 gi\u00e0 iniziata nel Principato e si preannuncia","breadcrumb":{"@id":"https:\/\/www.monaco-tribune.com\/it\/2024\/04\/monte-carlo-summer-festival-2024-ecco-la-lista-degli-artisti\/#breadcrumb"},"inLanguage":"it-IT","potentialAction":[{"@type":"ReadAction","target":["https:\/\/www.monaco-tribune.com\/it\/2024\/04\/monte-carlo-summer-festival-2024-ecco-la-lista-degli-artisti\/"]}]},{"@type":"ImageObject","inLanguage":"it-IT","@id":"https:\/\/www.monaco-tribune.com\/it\/2024\/04\/monte-carlo-summer-festival-2024-ecco-la-lista-degli-artisti\/#primaryimage","url":"https:\/\/www.monaco-tribune.com\/wp-content\/uploads\/2024\/04\/lenny-kravitz-monaco-summer-festival-2024.jpg","contentUrl":"https:\/\/www.monaco-tribune.com\/wp-content\/uploads\/2024\/04\/lenny-kravitz-monaco-summer-festival-2024.jpg","width":1200,"height":673,"caption":"Lenny Kravitz sar\u00e0 uno dei protagonisti del Monte-Carlo Sporting Summer Festival 2024 \u00a9 TV Sorrisi e CanzoniSummer Festival 2024 \u00a9 TV Sorrisi e Canzoni"},{"@type":"BreadcrumbList","@id":"https:\/\/www.monaco-tribune.com\/it\/2024\/04\/monte-carlo-summer-festival-2024-ecco-la-lista-degli-artisti\/#breadcrumb","itemListElement":[{"@type":"ListItem","position":1,"name":"Accueil","item":"https:\/\/www.monaco-tribune.com\/it\/"},{"@type":"ListItem","position":2,"name":"Monte-Carlo Summer Festival 2024: ecco la lista degli artisti"}]},{"@type":"WebSite","@id":"https:\/\/www.monaco-tribune.com\/it\/#website","url":"https:\/\/www.monaco-tribune.com\/it\/","name":"Monaco Tribune","description":"Monaco : actualit\u00e9s \u00e9conomiques, politiques, culturelles et sportives de Monaco et de la French Riviera.","publisher":{"@id":"https:\/\/www.monaco-tribune.com\/it\/#organization"},"potentialAction":[{"@type":"SearchAction","target":{"@type":"EntryPoint","urlTemplate":"https:\/\/www.monaco-tribune.com\/it\/?s={search_term_string}"},"query-input":{"@type":"PropertyValueSpecification","valueRequired":true,"valueName":"search_term_string"}}],"inLanguage":"it-IT"},{"@type":"Organization","@id":"https:\/\/www.monaco-tribune.com\/it\/#organization","name":"Monaco Tribune","url":"https:\/\/www.monaco-tribune.com\/it\/","logo":{"@type":"ImageObject","inLanguage":"it-IT","@id":"https:\/\/www.monaco-tribune.com\/it\/#\/schema\/logo\/image\/","url":"https:\/\/www.monaco-tribune.com\/wp-content\/uploads\/2022\/11\/logo-monaco-tribune.png","contentUrl":"https:\/\/www.monaco-tribune.com\/wp-content\/uploads\/2022\/11\/logo-monaco-tribune.png","width":1548,"height":600,"caption":"Monaco Tribune"},"image":{"@id":"https:\/\/www.monaco-tribune.com\/it\/#\/schema\/logo\/image\/"},"sameAs":["https:\/\/www.facebook.com\/MonacoTribune","https:\/\/x.com\/MonacoTribune","https:\/\/www.instagram.com\/monacotribune\/","https:\/\/www.linkedin.com\/company\/monaco-tribune","https:\/\/www.youtube.com\/channel\/UCHle1MnG6hw1y4lWKijVbMA"]},{"@type":"Person","@id":"https:\/\/www.monaco-tribune.com\/it\/#\/schema\/person\/430d20b322a92cf77ed693c80401a9f1","name":"Killian Masurier","image":{"@type":"ImageObject","inLanguage":"it-IT","@id":"https:\/\/secure.gravatar.com\/avatar\/2b945dc7d96e6fec85032621c16cd3de6e31a754758f25fdb5adce4ef6696a8e?s=96&d=mm&r=g","url":"https:\/\/secure.gravatar.com\/avatar\/2b945dc7d96e6fec85032621c16cd3de6e31a754758f25fdb5adce4ef6696a8e?s=96&d=mm&r=g","contentUrl":"https:\/\/secure.gravatar.com\/avatar\/2b945dc7d96e6fec85032621c16cd3de6e31a754758f25fdb5adce4ef6696a8e?s=96&d=mm&r=g","caption":"Killian Masurier"},"url":"https:\/\/www.monaco-tribune.com\/it\/author\/killianmasurier\/"}]}},"_links":{"self":[{"href":"https:\/\/www.monaco-tribune.com\/it\/wp-json\/wp\/v2\/posts\/227163","targetHints":{"allow":["GET"]}}],"collection":[{"href":"https:\/\/www.monaco-tribune.com\/it\/wp-json\/wp\/v2\/posts"}],"about":[{"href":"https:\/\/www.monaco-tribune.com\/it\/wp-json\/wp\/v2\/types\/post"}],"author":[{"embeddable":true,"href":"https:\/\/www.monaco-tribune.com\/it\/wp-json\/wp\/v2\/users\/76"}],"replies":[{"embeddable":true,"href":"https:\/\/www.monaco-tribune.com\/it\/wp-json\/wp\/v2\/comments?post=227163"}],"version-history":[{"count":2,"href":"https:\/\/www.monaco-tribune.com\/it\/wp-json\/wp\/v2\/posts\/227163\/revisions"}],"predecessor-version":[{"id":227166,"href":"https:\/\/www.monaco-tribune.com\/it\/wp-json\/wp\/v2\/posts\/227163\/revisions\/227166"}],"wp:featuredmedia":[{"embeddable":true,"href":"https:\/\/www.monaco-tribune.com\/it\/wp-json\/wp\/v2\/media\/226202"}],"wp:attachment":[{"href":"https:\/\/www.monaco-tribune.com\/it\/wp-json\/wp\/v2\/media?parent=227163"}],"wp:term":[{"taxonomy":"category","embeddable":true,"href":"https:\/\/www.monaco-tribune.com\/it\/wp-json\/wp\/v2\/categories?post=227163"},{"taxonomy":"post_tag","embeddable":true,"href":"https:\/\/www.monaco-tribune.com\/it\/wp-json\/wp\/v2\/tags?post=227163"},{"taxonomy":"sectag","embeddable":true,"href":"https:\/\/www.monaco-tribune.com\/it\/wp-json\/wp\/v2\/post_sectags?post=227163"},{"taxonomy":"format","embeddable":true,"href":"https:\/\/www.monaco-tribune.com\/it\/wp-json\/wp\/v2\/post_format?post=227163"}],"curies":[{"name":"wp","href":"https:\/\/api.w.org\/{rel}","templated":true}]}}