{"id":227830,"date":"2024-04-15T13:20:28","date_gmt":"2024-04-15T11:20:28","guid":{"rendered":"https:\/\/www.monaco-tribune.com\/2024\/04\/il-principe-alberto-ii-mette-le-cose-in-chiaro-nella-controversia-con-il-suo-ex-contabile\/"},"modified":"2024-04-15T13:20:45","modified_gmt":"2024-04-15T11:20:45","slug":"il-principe-alberto-ii-mette-le-cose-in-chiaro-nella-controversia-con-il-suo-ex-contabile","status":"publish","type":"post","link":"https:\/\/www.monaco-tribune.com\/it\/2024\/04\/il-principe-alberto-ii-mette-le-cose-in-chiaro-nella-controversia-con-il-suo-ex-contabile\/","title":{"rendered":"Il Principe Alberto II &#8220;mette le cose in chiaro&#8221; nella controversia con il suo ex contabile"},"content":{"rendered":"\n<p><strong>Il 2 aprile scorso, il Sovrano ha concesso un&#8217;intervista al settimanale <em>Le Point<\/em>.<\/strong><\/p>\n\n<p>Dal 10 ottobre 2021, data della pubblicazione online dei &#8220;Dossiers du Rocher&#8221;, Monaco ha subito una forte scossa. In questa raccolta di documenti e messaggi confidenziali che denunciano anonimamente l&#8217;entourage corrotto del Principe, Claude Palmero, il suo ex amministratore dei beni, \u00e8 stato particolarmente colpito.<\/p>\n\n<p>Sebbene il Sovrano avesse inizialmente continuato a dargli fiducia, il funzionario \u00e8 stato poi <a href=\"https:\/\/www.monaco-tribune.com\/2023\/06\/claude-palmero-administrateur-des-biens-du-prince-demis-de-ses-fonctions\/\">allontanato dal Palazzo del Principe<\/a> e la situazione \u00e8 degenerata. Sette mesi dopo, <em>Le Monde<\/em> ha pubblicato una serie di articoli con il contenuto dei &#8220;taccuini segreti&#8221; di Claude Palmero, in cui, come cita il settimanale, si ritraeva &#8220;un Sovrano travolto dagli eventi, stretto nella morsa dei clan in guerra, sullo sfondo del succosissimo mercato immobiliare monegasco&#8221;.<\/p>\n\n<p class=\"related\"><a href=\"https:\/\/www.monaco-tribune.com\/it\/2024\/03\/intervista-inedita-del-principe-alberto-ii-a-paris-match\/\">Intervista inedita del Principe Alberto II a Paris Match<\/a><\/p>\n\n<p>Nell&#8217;ufficio di stato, il Principe si mostra sereno: &#8220;\u00e8 un momento difficile, ma ho fiducia nel futuro. La sequenza dei fatti \u00e8 destabilizzante per il Principato e dolorosa per me, a livello personale, ma le istituzioni sono ben salde. Il Governo continua il suo lavoro, la giustizia \u00e8 a s\u00e9 stante, il Principato sta andando bene economicamente e ho il sostegno del popolo monegasco&#8230; Ora dobbiamo andare avanti. Non \u00e8 una crisi di governo, \u00e8 solo una storia di fiducia tradita e di abuso di ufficio a vantaggio di interessi privati. Claude Palmero si presenta come colui che far\u00e0 cadere il governo, ma a me sembra pi\u00f9 un contendente che un giustiziere su cui fare affidamento&#8221;.<\/p>\n\n<h2 class=\"wp-block-heading\" id=\"h-le-cas-de-thierry-lacoste\">Il caso Thierry Lacoste<\/h2>\n\n<p>Il Principe ha anche reso noto che Claude Palmero &#8220;ha lavorato per conto dei suoi clienti, immobiliaristi attivi nel Principato, a scapito degli interessi dello Stato&#8221;, e non \u00e8 riuscito a nascondere la delusione: &#8220;Come potevo immaginare che una persona che doveva essere un membro fidato della famiglia principesca potesse tradirci in modo cos\u00ec meschino?&#8221;. Il Principe ha citato anche Thierry Lacoste, che, insieme a Claude Palmero, farebbe parte del &#8220;G4&#8221;, un club segreto che vede tra i membri anche Didier Linotte e Laurent Anselmi. &#8220;La cosa pi\u00f9 dolorosa per me \u00e8 che sono stato tradito da un amico d&#8217;infanzia. L&#8217;avevo avvertito pi\u00f9 volte che era troppo coinvolto negli affari di Monaco&#8230; Poi ho saputo che era l&#8217;avvocato degli imprenditori Marzocco e Caroli, e che rappresentava interessi opposti a quelli dello Stato monegasco&#8221;.<\/p>\n\n<p>I nostri colleghi l&#8217;hanno anche interrogato sulla guerra tra clan che si sta verificando nel mercato immobiliare di Monaco. A tal proposito, il Principe ha ricordato: &#8220;Non faccio parte di nessun clan e di nessun partito. Data la mia posizione, sono al di sopra della questione. Il gruppo immobiliare Pastor \u00e8 un attore economico storico e potente a Monaco, e lo rispetto. Se fosse dimostrato che il signor Pastor non ha rispettato la legge, la giustizia farebbe il suo lavoro. Non sono affatto &#8220;pastorizzato&#8221;, come alcuni hanno sostenuto. Negli ultimi anni, il Principato ha assistito a un regolamento di conti di basso profilo tra i diversi clan. Il settore immobiliare, una risorsa rara e preziosa, fomenta le rivalit\u00e0 e stuzzica gli appetiti, portando a fare accordi tra amici&#8221;.<\/p>\n\n<h2 class=\"wp-block-heading\" id=\"h-claude-palmero-et-thierry-lacoste-reagissent\">Le reazioni di Claude Palmero e Thierry Lacoste<\/h2>\n\n<p>Come riporta <em>Monaco-Matin<\/em>, Claude Palmero ha annunciato che, in seguito all&#8217;intervista rilasciata dal Principe Alberto II, avrebbe intrapreso &#8220;una severa azione di diffamazione per ristabilire la verit\u00e0 e accertare i fatti sulla base di prove tangibili&#8221;.&#13;\nDa parte sua, Thierry Lacoste ha espresso il suo &#8220;sgomento&#8221; in una dichiarazione inviata al quotidiano.<\/p>\n","protected":false},"excerpt":{"rendered":"<p>Il 2 aprile scorso, il Sovrano ha concesso un&#8217;intervista al settimanale Le Point. Dal 10 ottobre 2021, data della pubblicazione [&hellip;]<\/p>\n","protected":false},"author":69,"featured_media":227597,"comment_status":"closed","ping_status":"closed","sticky":false,"template":"","format":"standard","meta":{"_acf_changed":false,"footnotes":""},"categories":[1742,1826,1738],"tags":[3415],"post_sectags":[],"post_format":[2476],"class_list":["post-227830","post","type-post","status-publish","format-standard","has-post-thumbnail","hentry","category-famiglia-principesca","category-la-nostra-scelta","category-notizie","tag-giustizia","format-intervista"],"acf":[],"yoast_head":"<!-- This site is optimized with the Yoast SEO Premium plugin v26.8 (Yoast SEO v27.5) - https:\/\/yoast.com\/product\/yoast-seo-premium-wordpress\/ -->\n<title>Il Principe Alberto II &quot;mette le cose in chiaro&quot; nella controversia con il suo ex contabile<\/title>\n<meta name=\"description\" content=\"Il 2 aprile scorso, il Sovrano ha concesso un&#039;intervista al settimanale Le Point. Dal 10 ottobre 2021, data della pubblicazione online dei &quot;Dossiers du\" \/>\n<meta name=\"robots\" content=\"index, follow, max-snippet:-1, max-image-preview:large, max-video-preview:-1\" \/>\n<link rel=\"canonical\" href=\"https:\/\/www.monaco-tribune.com\/it\/2024\/04\/il-principe-alberto-ii-mette-le-cose-in-chiaro-nella-controversia-con-il-suo-ex-contabile\/\" \/>\n<meta property=\"og:locale\" content=\"it_IT\" \/>\n<meta property=\"og:type\" content=\"article\" \/>\n<meta property=\"og:title\" content=\"Il Principe Alberto II &quot;mette le cose in chiaro&quot; nella controversia con il suo ex contabile - Monaco Tribune\" \/>\n<meta property=\"og:description\" content=\"Il 2 aprile scorso, il Sovrano ha concesso un&#039;intervista al settimanale Le Point. Dal 10 ottobre 2021, data della pubblicazione online dei &quot;Dossiers du\" \/>\n<meta property=\"og:url\" content=\"https:\/\/www.monaco-tribune.com\/it\/2024\/04\/il-principe-alberto-ii-mette-le-cose-in-chiaro-nella-controversia-con-il-suo-ex-contabile\/\" \/>\n<meta property=\"og:site_name\" content=\"Monaco Tribune\" \/>\n<meta property=\"article:publisher\" content=\"https:\/\/www.facebook.com\/MonacoTribune\" \/>\n<meta property=\"article:published_time\" content=\"2024-04-15T11:20:28+00:00\" \/>\n<meta property=\"article:modified_time\" content=\"2024-04-15T11:20:45+00:00\" \/>\n<meta property=\"og:image\" content=\"https:\/\/www.monaco-tribune.com\/wp-content\/uploads\/2024\/04\/prince-albert-ii-monaco-1.jpg\" \/>\n\t<meta property=\"og:image:width\" content=\"1200\" \/>\n\t<meta property=\"og:image:height\" content=\"676\" \/>\n\t<meta property=\"og:image:type\" content=\"image\/jpeg\" \/>\n<meta name=\"author\" content=\"Sarah Incari\" \/>\n<meta name=\"twitter:card\" content=\"summary_large_image\" \/>\n<meta name=\"twitter:creator\" content=\"@MonacoTribune\" \/>\n<meta name=\"twitter:site\" content=\"@MonacoTribune\" \/>\n<script type=\"application\/ld+json\" class=\"yoast-schema-graph\">{\"@context\":\"https:\\\/\\\/schema.org\",\"@graph\":[{\"@type\":\"NewsArticle\",\"@id\":\"https:\\\/\\\/www.monaco-tribune.com\\\/it\\\/2024\\\/04\\\/il-principe-alberto-ii-mette-le-cose-in-chiaro-nella-controversia-con-il-suo-ex-contabile\\\/#article\",\"isPartOf\":{\"@id\":\"https:\\\/\\\/www.monaco-tribune.com\\\/it\\\/2024\\\/04\\\/il-principe-alberto-ii-mette-le-cose-in-chiaro-nella-controversia-con-il-suo-ex-contabile\\\/\"},\"author\":{\"name\":\"Sarah Incari\",\"@id\":\"https:\\\/\\\/www.monaco-tribune.com\\\/it\\\/#\\\/schema\\\/person\\\/dd3b5770833f791d3f4d808f1aa84499\"},\"headline\":\"Il Principe Alberto II &#8220;mette le cose in chiaro&#8221; nella controversia con il suo ex contabile\",\"datePublished\":\"2024-04-15T11:20:28+00:00\",\"dateModified\":\"2024-04-15T11:20:45+00:00\",\"mainEntityOfPage\":{\"@id\":\"https:\\\/\\\/www.monaco-tribune.com\\\/it\\\/2024\\\/04\\\/il-principe-alberto-ii-mette-le-cose-in-chiaro-nella-controversia-con-il-suo-ex-contabile\\\/\"},\"wordCount\":589,\"publisher\":{\"@id\":\"https:\\\/\\\/www.monaco-tribune.com\\\/it\\\/#organization\"},\"image\":{\"@id\":\"https:\\\/\\\/www.monaco-tribune.com\\\/it\\\/2024\\\/04\\\/il-principe-alberto-ii-mette-le-cose-in-chiaro-nella-controversia-con-il-suo-ex-contabile\\\/#primaryimage\"},\"thumbnailUrl\":\"https:\\\/\\\/www.monaco-tribune.com\\\/wp-content\\\/uploads\\\/2024\\\/04\\\/prince-albert-ii-monaco-1.jpg\",\"keywords\":[\"Giustizia\"],\"articleSection\":[\"Famiglia Principesca\",\"La nostra scelta\",\"Notizie\"],\"inLanguage\":\"it-IT\",\"copyrightYear\":\"2024\",\"copyrightHolder\":{\"@id\":\"https:\\\/\\\/www.monaco-tribune.com\\\/#organization\"}},{\"@type\":\"WebPage\",\"@id\":\"https:\\\/\\\/www.monaco-tribune.com\\\/it\\\/2024\\\/04\\\/il-principe-alberto-ii-mette-le-cose-in-chiaro-nella-controversia-con-il-suo-ex-contabile\\\/\",\"url\":\"https:\\\/\\\/www.monaco-tribune.com\\\/it\\\/2024\\\/04\\\/il-principe-alberto-ii-mette-le-cose-in-chiaro-nella-controversia-con-il-suo-ex-contabile\\\/\",\"name\":\"Il Principe Alberto II \\\"mette le cose in chiaro\\\" nella controversia con il suo ex contabile\",\"isPartOf\":{\"@id\":\"https:\\\/\\\/www.monaco-tribune.com\\\/it\\\/#website\"},\"primaryImageOfPage\":{\"@id\":\"https:\\\/\\\/www.monaco-tribune.com\\\/it\\\/2024\\\/04\\\/il-principe-alberto-ii-mette-le-cose-in-chiaro-nella-controversia-con-il-suo-ex-contabile\\\/#primaryimage\"},\"image\":{\"@id\":\"https:\\\/\\\/www.monaco-tribune.com\\\/it\\\/2024\\\/04\\\/il-principe-alberto-ii-mette-le-cose-in-chiaro-nella-controversia-con-il-suo-ex-contabile\\\/#primaryimage\"},\"thumbnailUrl\":\"https:\\\/\\\/www.monaco-tribune.com\\\/wp-content\\\/uploads\\\/2024\\\/04\\\/prince-albert-ii-monaco-1.jpg\",\"datePublished\":\"2024-04-15T11:20:28+00:00\",\"dateModified\":\"2024-04-15T11:20:45+00:00\",\"description\":\"Il 2 aprile scorso, il Sovrano ha concesso un'intervista al settimanale Le Point. Dal 10 ottobre 2021, data della pubblicazione online dei \\\"Dossiers du\",\"breadcrumb\":{\"@id\":\"https:\\\/\\\/www.monaco-tribune.com\\\/it\\\/2024\\\/04\\\/il-principe-alberto-ii-mette-le-cose-in-chiaro-nella-controversia-con-il-suo-ex-contabile\\\/#breadcrumb\"},\"inLanguage\":\"it-IT\",\"potentialAction\":[{\"@type\":\"ReadAction\",\"target\":[\"https:\\\/\\\/www.monaco-tribune.com\\\/it\\\/2024\\\/04\\\/il-principe-alberto-ii-mette-le-cose-in-chiaro-nella-controversia-con-il-suo-ex-contabile\\\/\"]}]},{\"@type\":\"ImageObject\",\"inLanguage\":\"it-IT\",\"@id\":\"https:\\\/\\\/www.monaco-tribune.com\\\/it\\\/2024\\\/04\\\/il-principe-alberto-ii-mette-le-cose-in-chiaro-nella-controversia-con-il-suo-ex-contabile\\\/#primaryimage\",\"url\":\"https:\\\/\\\/www.monaco-tribune.com\\\/wp-content\\\/uploads\\\/2024\\\/04\\\/prince-albert-ii-monaco-1.jpg\",\"contentUrl\":\"https:\\\/\\\/www.monaco-tribune.com\\\/wp-content\\\/uploads\\\/2024\\\/04\\\/prince-albert-ii-monaco-1.jpg\",\"width\":1200,\"height\":676,\"caption\":\"Nonostante gli scandali, il Principe sa di poter contare sul \\\"sostegno del popolo monegasco\\\" - \u00a9 Palazzo del Principe di Monaco\"},{\"@type\":\"BreadcrumbList\",\"@id\":\"https:\\\/\\\/www.monaco-tribune.com\\\/it\\\/2024\\\/04\\\/il-principe-alberto-ii-mette-le-cose-in-chiaro-nella-controversia-con-il-suo-ex-contabile\\\/#breadcrumb\",\"itemListElement\":[{\"@type\":\"ListItem\",\"position\":1,\"name\":\"Accueil\",\"item\":\"https:\\\/\\\/www.monaco-tribune.com\\\/it\\\/\"},{\"@type\":\"ListItem\",\"position\":2,\"name\":\"Il Principe Alberto II &#8220;mette le cose in chiaro&#8221; nella controversia con il suo ex contabile\"}]},{\"@type\":\"WebSite\",\"@id\":\"https:\\\/\\\/www.monaco-tribune.com\\\/it\\\/#website\",\"url\":\"https:\\\/\\\/www.monaco-tribune.com\\\/it\\\/\",\"name\":\"Monaco Tribune\",\"description\":\"Monaco : actualit\u00e9s \u00e9conomiques, politiques, culturelles et sportives de Monaco et de la French Riviera.\",\"publisher\":{\"@id\":\"https:\\\/\\\/www.monaco-tribune.com\\\/it\\\/#organization\"},\"potentialAction\":[{\"@type\":\"SearchAction\",\"target\":{\"@type\":\"EntryPoint\",\"urlTemplate\":\"https:\\\/\\\/www.monaco-tribune.com\\\/it\\\/?s={search_term_string}\"},\"query-input\":{\"@type\":\"PropertyValueSpecification\",\"valueRequired\":true,\"valueName\":\"search_term_string\"}}],\"inLanguage\":\"it-IT\"},{\"@type\":\"Organization\",\"@id\":\"https:\\\/\\\/www.monaco-tribune.com\\\/it\\\/#organization\",\"name\":\"Monaco Tribune\",\"url\":\"https:\\\/\\\/www.monaco-tribune.com\\\/it\\\/\",\"logo\":{\"@type\":\"ImageObject\",\"inLanguage\":\"it-IT\",\"@id\":\"https:\\\/\\\/www.monaco-tribune.com\\\/it\\\/#\\\/schema\\\/logo\\\/image\\\/\",\"url\":\"https:\\\/\\\/www.monaco-tribune.com\\\/wp-content\\\/uploads\\\/2022\\\/11\\\/logo-monaco-tribune.png\",\"contentUrl\":\"https:\\\/\\\/www.monaco-tribune.com\\\/wp-content\\\/uploads\\\/2022\\\/11\\\/logo-monaco-tribune.png\",\"width\":1548,\"height\":600,\"caption\":\"Monaco Tribune\"},\"image\":{\"@id\":\"https:\\\/\\\/www.monaco-tribune.com\\\/it\\\/#\\\/schema\\\/logo\\\/image\\\/\"},\"sameAs\":[\"https:\\\/\\\/www.facebook.com\\\/MonacoTribune\",\"https:\\\/\\\/x.com\\\/MonacoTribune\",\"https:\\\/\\\/www.instagram.com\\\/monacotribune\\\/\",\"https:\\\/\\\/www.linkedin.com\\\/company\\\/monaco-tribune\",\"https:\\\/\\\/www.youtube.com\\\/channel\\\/UCHle1MnG6hw1y4lWKijVbMA\"]},{\"@type\":\"Person\",\"@id\":\"https:\\\/\\\/www.monaco-tribune.com\\\/it\\\/#\\\/schema\\\/person\\\/dd3b5770833f791d3f4d808f1aa84499\",\"name\":\"Sarah Incari\",\"image\":{\"@type\":\"ImageObject\",\"inLanguage\":\"it-IT\",\"@id\":\"https:\\\/\\\/secure.gravatar.com\\\/avatar\\\/4ac0b37be892d57107ccdd804e3f2a03bf1e3fca097512136d3603859293cb0e?s=96&d=mm&r=g\",\"url\":\"https:\\\/\\\/secure.gravatar.com\\\/avatar\\\/4ac0b37be892d57107ccdd804e3f2a03bf1e3fca097512136d3603859293cb0e?s=96&d=mm&r=g\",\"contentUrl\":\"https:\\\/\\\/secure.gravatar.com\\\/avatar\\\/4ac0b37be892d57107ccdd804e3f2a03bf1e3fca097512136d3603859293cb0e?s=96&d=mm&r=g\",\"caption\":\"Sarah Incari\"},\"url\":\"https:\\\/\\\/www.monaco-tribune.com\\\/it\\\/author\\\/sarahincari\\\/\"}]}<\/script>\n<!-- \/ Yoast SEO Premium plugin. -->","yoast_head_json":{"title":"Il Principe Alberto II \"mette le cose in chiaro\" nella controversia con il suo ex contabile","description":"Il 2 aprile scorso, il Sovrano ha concesso un'intervista al settimanale Le Point. Dal 10 ottobre 2021, data della pubblicazione online dei \"Dossiers du","robots":{"index":"index","follow":"follow","max-snippet":"max-snippet:-1","max-image-preview":"max-image-preview:large","max-video-preview":"max-video-preview:-1"},"canonical":"https:\/\/www.monaco-tribune.com\/it\/2024\/04\/il-principe-alberto-ii-mette-le-cose-in-chiaro-nella-controversia-con-il-suo-ex-contabile\/","og_locale":"it_IT","og_type":"article","og_title":"Il Principe Alberto II \"mette le cose in chiaro\" nella controversia con il suo ex contabile - Monaco Tribune","og_description":"Il 2 aprile scorso, il Sovrano ha concesso un'intervista al settimanale Le Point. Dal 10 ottobre 2021, data della pubblicazione online dei \"Dossiers du","og_url":"https:\/\/www.monaco-tribune.com\/it\/2024\/04\/il-principe-alberto-ii-mette-le-cose-in-chiaro-nella-controversia-con-il-suo-ex-contabile\/","og_site_name":"Monaco Tribune","article_publisher":"https:\/\/www.facebook.com\/MonacoTribune","article_published_time":"2024-04-15T11:20:28+00:00","article_modified_time":"2024-04-15T11:20:45+00:00","og_image":[{"width":1200,"height":676,"url":"https:\/\/www.monaco-tribune.com\/wp-content\/uploads\/2024\/04\/prince-albert-ii-monaco-1.jpg","type":"image\/jpeg"}],"author":"Sarah Incari","twitter_card":"summary_large_image","twitter_creator":"@MonacoTribune","twitter_site":"@MonacoTribune","schema":{"@context":"https:\/\/schema.org","@graph":[{"@type":"NewsArticle","@id":"https:\/\/www.monaco-tribune.com\/it\/2024\/04\/il-principe-alberto-ii-mette-le-cose-in-chiaro-nella-controversia-con-il-suo-ex-contabile\/#article","isPartOf":{"@id":"https:\/\/www.monaco-tribune.com\/it\/2024\/04\/il-principe-alberto-ii-mette-le-cose-in-chiaro-nella-controversia-con-il-suo-ex-contabile\/"},"author":{"name":"Sarah Incari","@id":"https:\/\/www.monaco-tribune.com\/it\/#\/schema\/person\/dd3b5770833f791d3f4d808f1aa84499"},"headline":"Il Principe Alberto II &#8220;mette le cose in chiaro&#8221; nella controversia con il suo ex contabile","datePublished":"2024-04-15T11:20:28+00:00","dateModified":"2024-04-15T11:20:45+00:00","mainEntityOfPage":{"@id":"https:\/\/www.monaco-tribune.com\/it\/2024\/04\/il-principe-alberto-ii-mette-le-cose-in-chiaro-nella-controversia-con-il-suo-ex-contabile\/"},"wordCount":589,"publisher":{"@id":"https:\/\/www.monaco-tribune.com\/it\/#organization"},"image":{"@id":"https:\/\/www.monaco-tribune.com\/it\/2024\/04\/il-principe-alberto-ii-mette-le-cose-in-chiaro-nella-controversia-con-il-suo-ex-contabile\/#primaryimage"},"thumbnailUrl":"https:\/\/www.monaco-tribune.com\/wp-content\/uploads\/2024\/04\/prince-albert-ii-monaco-1.jpg","keywords":["Giustizia"],"articleSection":["Famiglia Principesca","La nostra scelta","Notizie"],"inLanguage":"it-IT","copyrightYear":"2024","copyrightHolder":{"@id":"https:\/\/www.monaco-tribune.com\/#organization"}},{"@type":"WebPage","@id":"https:\/\/www.monaco-tribune.com\/it\/2024\/04\/il-principe-alberto-ii-mette-le-cose-in-chiaro-nella-controversia-con-il-suo-ex-contabile\/","url":"https:\/\/www.monaco-tribune.com\/it\/2024\/04\/il-principe-alberto-ii-mette-le-cose-in-chiaro-nella-controversia-con-il-suo-ex-contabile\/","name":"Il Principe Alberto II \"mette le cose in chiaro\" nella controversia con il suo ex contabile","isPartOf":{"@id":"https:\/\/www.monaco-tribune.com\/it\/#website"},"primaryImageOfPage":{"@id":"https:\/\/www.monaco-tribune.com\/it\/2024\/04\/il-principe-alberto-ii-mette-le-cose-in-chiaro-nella-controversia-con-il-suo-ex-contabile\/#primaryimage"},"image":{"@id":"https:\/\/www.monaco-tribune.com\/it\/2024\/04\/il-principe-alberto-ii-mette-le-cose-in-chiaro-nella-controversia-con-il-suo-ex-contabile\/#primaryimage"},"thumbnailUrl":"https:\/\/www.monaco-tribune.com\/wp-content\/uploads\/2024\/04\/prince-albert-ii-monaco-1.jpg","datePublished":"2024-04-15T11:20:28+00:00","dateModified":"2024-04-15T11:20:45+00:00","description":"Il 2 aprile scorso, il Sovrano ha concesso un'intervista al settimanale Le Point. Dal 10 ottobre 2021, data della pubblicazione online dei \"Dossiers du","breadcrumb":{"@id":"https:\/\/www.monaco-tribune.com\/it\/2024\/04\/il-principe-alberto-ii-mette-le-cose-in-chiaro-nella-controversia-con-il-suo-ex-contabile\/#breadcrumb"},"inLanguage":"it-IT","potentialAction":[{"@type":"ReadAction","target":["https:\/\/www.monaco-tribune.com\/it\/2024\/04\/il-principe-alberto-ii-mette-le-cose-in-chiaro-nella-controversia-con-il-suo-ex-contabile\/"]}]},{"@type":"ImageObject","inLanguage":"it-IT","@id":"https:\/\/www.monaco-tribune.com\/it\/2024\/04\/il-principe-alberto-ii-mette-le-cose-in-chiaro-nella-controversia-con-il-suo-ex-contabile\/#primaryimage","url":"https:\/\/www.monaco-tribune.com\/wp-content\/uploads\/2024\/04\/prince-albert-ii-monaco-1.jpg","contentUrl":"https:\/\/www.monaco-tribune.com\/wp-content\/uploads\/2024\/04\/prince-albert-ii-monaco-1.jpg","width":1200,"height":676,"caption":"Nonostante gli scandali, il Principe sa di poter contare sul \"sostegno del popolo monegasco\" - \u00a9 Palazzo del Principe di Monaco"},{"@type":"BreadcrumbList","@id":"https:\/\/www.monaco-tribune.com\/it\/2024\/04\/il-principe-alberto-ii-mette-le-cose-in-chiaro-nella-controversia-con-il-suo-ex-contabile\/#breadcrumb","itemListElement":[{"@type":"ListItem","position":1,"name":"Accueil","item":"https:\/\/www.monaco-tribune.com\/it\/"},{"@type":"ListItem","position":2,"name":"Il Principe Alberto II &#8220;mette le cose in chiaro&#8221; nella controversia con il suo ex contabile"}]},{"@type":"WebSite","@id":"https:\/\/www.monaco-tribune.com\/it\/#website","url":"https:\/\/www.monaco-tribune.com\/it\/","name":"Monaco Tribune","description":"Monaco : actualit\u00e9s \u00e9conomiques, politiques, culturelles et sportives de Monaco et de la French Riviera.","publisher":{"@id":"https:\/\/www.monaco-tribune.com\/it\/#organization"},"potentialAction":[{"@type":"SearchAction","target":{"@type":"EntryPoint","urlTemplate":"https:\/\/www.monaco-tribune.com\/it\/?s={search_term_string}"},"query-input":{"@type":"PropertyValueSpecification","valueRequired":true,"valueName":"search_term_string"}}],"inLanguage":"it-IT"},{"@type":"Organization","@id":"https:\/\/www.monaco-tribune.com\/it\/#organization","name":"Monaco Tribune","url":"https:\/\/www.monaco-tribune.com\/it\/","logo":{"@type":"ImageObject","inLanguage":"it-IT","@id":"https:\/\/www.monaco-tribune.com\/it\/#\/schema\/logo\/image\/","url":"https:\/\/www.monaco-tribune.com\/wp-content\/uploads\/2022\/11\/logo-monaco-tribune.png","contentUrl":"https:\/\/www.monaco-tribune.com\/wp-content\/uploads\/2022\/11\/logo-monaco-tribune.png","width":1548,"height":600,"caption":"Monaco Tribune"},"image":{"@id":"https:\/\/www.monaco-tribune.com\/it\/#\/schema\/logo\/image\/"},"sameAs":["https:\/\/www.facebook.com\/MonacoTribune","https:\/\/x.com\/MonacoTribune","https:\/\/www.instagram.com\/monacotribune\/","https:\/\/www.linkedin.com\/company\/monaco-tribune","https:\/\/www.youtube.com\/channel\/UCHle1MnG6hw1y4lWKijVbMA"]},{"@type":"Person","@id":"https:\/\/www.monaco-tribune.com\/it\/#\/schema\/person\/dd3b5770833f791d3f4d808f1aa84499","name":"Sarah Incari","image":{"@type":"ImageObject","inLanguage":"it-IT","@id":"https:\/\/secure.gravatar.com\/avatar\/4ac0b37be892d57107ccdd804e3f2a03bf1e3fca097512136d3603859293cb0e?s=96&d=mm&r=g","url":"https:\/\/secure.gravatar.com\/avatar\/4ac0b37be892d57107ccdd804e3f2a03bf1e3fca097512136d3603859293cb0e?s=96&d=mm&r=g","contentUrl":"https:\/\/secure.gravatar.com\/avatar\/4ac0b37be892d57107ccdd804e3f2a03bf1e3fca097512136d3603859293cb0e?s=96&d=mm&r=g","caption":"Sarah Incari"},"url":"https:\/\/www.monaco-tribune.com\/it\/author\/sarahincari\/"}]}},"_links":{"self":[{"href":"https:\/\/www.monaco-tribune.com\/it\/wp-json\/wp\/v2\/posts\/227830","targetHints":{"allow":["GET"]}}],"collection":[{"href":"https:\/\/www.monaco-tribune.com\/it\/wp-json\/wp\/v2\/posts"}],"about":[{"href":"https:\/\/www.monaco-tribune.com\/it\/wp-json\/wp\/v2\/types\/post"}],"author":[{"embeddable":true,"href":"https:\/\/www.monaco-tribune.com\/it\/wp-json\/wp\/v2\/users\/69"}],"replies":[{"embeddable":true,"href":"https:\/\/www.monaco-tribune.com\/it\/wp-json\/wp\/v2\/comments?post=227830"}],"version-history":[{"count":2,"href":"https:\/\/www.monaco-tribune.com\/it\/wp-json\/wp\/v2\/posts\/227830\/revisions"}],"predecessor-version":[{"id":227835,"href":"https:\/\/www.monaco-tribune.com\/it\/wp-json\/wp\/v2\/posts\/227830\/revisions\/227835"}],"wp:featuredmedia":[{"embeddable":true,"href":"https:\/\/www.monaco-tribune.com\/it\/wp-json\/wp\/v2\/media\/227597"}],"wp:attachment":[{"href":"https:\/\/www.monaco-tribune.com\/it\/wp-json\/wp\/v2\/media?parent=227830"}],"wp:term":[{"taxonomy":"category","embeddable":true,"href":"https:\/\/www.monaco-tribune.com\/it\/wp-json\/wp\/v2\/categories?post=227830"},{"taxonomy":"post_tag","embeddable":true,"href":"https:\/\/www.monaco-tribune.com\/it\/wp-json\/wp\/v2\/tags?post=227830"},{"taxonomy":"sectag","embeddable":true,"href":"https:\/\/www.monaco-tribune.com\/it\/wp-json\/wp\/v2\/post_sectags?post=227830"},{"taxonomy":"format","embeddable":true,"href":"https:\/\/www.monaco-tribune.com\/it\/wp-json\/wp\/v2\/post_format?post=227830"}],"curies":[{"name":"wp","href":"https:\/\/api.w.org\/{rel}","templated":true}]}}