{"id":230481,"date":"2024-04-29T17:17:28","date_gmt":"2024-04-29T15:17:28","guid":{"rendered":"https:\/\/www.monaco-tribune.com\/2024\/04\/lesposizione-internazionale-canina-2024-torna-a-monaco-a-maggio\/"},"modified":"2024-04-29T17:17:31","modified_gmt":"2024-04-29T15:17:31","slug":"lesposizione-internazionale-canina-2024-torna-a-monaco-a-maggio","status":"publish","type":"post","link":"https:\/\/www.monaco-tribune.com\/it\/2024\/04\/lesposizione-internazionale-canina-2024-torna-a-monaco-a-maggio\/","title":{"rendered":"L&#8217;Esposizione Internazionale Canina 2024 torna a Monaco a maggio"},"content":{"rendered":"\n<p><strong>L&#8217;edizione 2024 si terr\u00e0 sabato 4 e domenica 5 maggio all&#8217;Espace Fontvieille.<\/strong><\/p>\n\n<p>L&#8217;esposizione, che si tiene ogni anno nel Principato, ritorna anche nel 2024 e sta gi\u00e0 facendo parlare di s\u00e9. Riflettori puntati su quattro razze di cani: bulldog, boxer, dobermann e terranova.<\/p>\n\n<p>Per due giorni potrete assistere a sfilate con i cani pi\u00f9 belli del mondo, che verranno giudicati da arbitri internazionali provenienti da 9 nazioni europee. L&#8217;evento riunisce 1.402 cani di 247 razze diverse da tutto il mondo. <\/p>\n\n<p class=\"related\"><a href=\"https:\/\/www.monaco-tribune.com\/it\/2024\/04\/lassociazione-per-la-protezione-degli-animali-pssa-lancia-una-richiesta-daiuto\/\">L\u2019associazione per la protezione degli animali PSSA lancia una richiesta d\u2019aiuto<\/a><\/p>\n\n<p>I cani, di et\u00e0 compresa tra i 3 mesi e i 17 anni, saranno giudicati a turno e premiati con diversi riconoscimenti: et\u00e0, razza, abbinamento con il padrone e altri. \u00c8 possibile fermarsi a mangiare sul posto dato che saranno presenti un ristorante e uno snack bar.&#13;\n&#13;\n<\/p>\n\n<hr class=\"wp-block-separator has-alpha-channel-opacity\"\/>\n\n<p><em>Informazioni utili:<\/em><\/p>\n\n<ul class=\"wp-block-list\">\n<li>Date: 4 e 5 maggio 2024<\/li>\n\n\n\n<li>Orario: dalle 7:30 alle 18:00<\/li>\n\n\n\n<li>Luogo: tensostruttura dell&#8217;Espace Fontvieille<\/li>\n\n\n\n<li>Ingresso: 10 euro<\/li>\n\n\n\n<li>Gratuito per i bambini sotto i 12 anni<\/li>\n\n\n\n<li>Ulteriori informazioni <a href=\"https:\/\/www.monacokennelclub.com\/\">sul sito web<\/a><\/li>\n<\/ul>\n","protected":false},"excerpt":{"rendered":"<p>L&#8217;edizione 2024 si terr\u00e0 sabato 4 e domenica 5 maggio all&#8217;Espace Fontvieille. L&#8217;esposizione, che si tiene ogni anno nel Principato, [&hellip;]<\/p>\n","protected":false},"author":76,"featured_media":229885,"comment_status":"closed","ping_status":"closed","sticky":false,"template":"","format":"standard","meta":{"_acf_changed":false,"footnotes":""},"categories":[1740,1738],"tags":[3222],"post_sectags":[4933],"post_format":[2471],"class_list":["post-230481","post","type-post","status-publish","format-standard","has-post-thumbnail","hentry","category-cosa-fare","category-notizie","tag-mostre","sectag-cani","format-evento"],"acf":[],"yoast_head":"<!-- This site is optimized with the Yoast SEO Premium plugin v26.8 (Yoast SEO v27.4) - https:\/\/yoast.com\/product\/yoast-seo-premium-wordpress\/ -->\n<title>L&#039;Esposizione Internazionale Canina 2024 torna a Monaco a maggio<\/title>\n<meta name=\"description\" content=\"L&#039;edizione 2024 si terr\u00e0 sabato 4 e domenica 5 maggio all&#039;Espace Fontvieille. L&#039;esposizione, che si tiene ogni anno nel Principato, ritorna anche nel 2024\" \/>\n<meta name=\"robots\" content=\"index, follow, max-snippet:-1, max-image-preview:large, max-video-preview:-1\" \/>\n<link rel=\"canonical\" href=\"https:\/\/www.monaco-tribune.com\/it\/2024\/04\/lesposizione-internazionale-canina-2024-torna-a-monaco-a-maggio\/\" \/>\n<meta property=\"og:locale\" content=\"it_IT\" \/>\n<meta property=\"og:type\" content=\"article\" \/>\n<meta property=\"og:title\" content=\"L&#039;Esposizione Internazionale Canina 2024 torna a Monaco a maggio - Monaco Tribune\" \/>\n<meta property=\"og:description\" content=\"L&#039;edizione 2024 si terr\u00e0 sabato 4 e domenica 5 maggio all&#039;Espace Fontvieille. L&#039;esposizione, che si tiene ogni anno nel Principato, ritorna anche nel 2024\" \/>\n<meta property=\"og:url\" content=\"https:\/\/www.monaco-tribune.com\/it\/2024\/04\/lesposizione-internazionale-canina-2024-torna-a-monaco-a-maggio\/\" \/>\n<meta property=\"og:site_name\" content=\"Monaco Tribune\" \/>\n<meta property=\"article:publisher\" content=\"https:\/\/www.facebook.com\/MonacoTribune\" \/>\n<meta property=\"article:published_time\" content=\"2024-04-29T15:17:28+00:00\" \/>\n<meta property=\"article:modified_time\" content=\"2024-04-29T15:17:31+00:00\" \/>\n<meta property=\"og:image\" content=\"https:\/\/www.monaco-tribune.com\/wp-content\/uploads\/2024\/04\/lexposition-canine-de-monaco-2024-se-deroulera-du-4-au-5-mai1.jpg\" \/>\n\t<meta property=\"og:image:width\" content=\"1199\" \/>\n\t<meta property=\"og:image:height\" content=\"834\" \/>\n\t<meta property=\"og:image:type\" content=\"image\/jpeg\" \/>\n<meta name=\"author\" content=\"Killian Masurier\" \/>\n<meta name=\"twitter:card\" content=\"summary_large_image\" \/>\n<meta name=\"twitter:creator\" content=\"@MonacoTribune\" \/>\n<meta name=\"twitter:site\" content=\"@MonacoTribune\" \/>\n<script type=\"application\/ld+json\" class=\"yoast-schema-graph\">{\"@context\":\"https:\\\/\\\/schema.org\",\"@graph\":[{\"@type\":\"NewsArticle\",\"@id\":\"https:\\\/\\\/www.monaco-tribune.com\\\/it\\\/2024\\\/04\\\/lesposizione-internazionale-canina-2024-torna-a-monaco-a-maggio\\\/#article\",\"isPartOf\":{\"@id\":\"https:\\\/\\\/www.monaco-tribune.com\\\/it\\\/2024\\\/04\\\/lesposizione-internazionale-canina-2024-torna-a-monaco-a-maggio\\\/\"},\"author\":{\"name\":\"Killian Masurier\",\"@id\":\"https:\\\/\\\/www.monaco-tribune.com\\\/it\\\/#\\\/schema\\\/person\\\/430d20b322a92cf77ed693c80401a9f1\"},\"headline\":\"L&#8217;Esposizione Internazionale Canina 2024 torna a Monaco a maggio\",\"datePublished\":\"2024-04-29T15:17:28+00:00\",\"dateModified\":\"2024-04-29T15:17:31+00:00\",\"mainEntityOfPage\":{\"@id\":\"https:\\\/\\\/www.monaco-tribune.com\\\/it\\\/2024\\\/04\\\/lesposizione-internazionale-canina-2024-torna-a-monaco-a-maggio\\\/\"},\"wordCount\":170,\"publisher\":{\"@id\":\"https:\\\/\\\/www.monaco-tribune.com\\\/it\\\/#organization\"},\"image\":{\"@id\":\"https:\\\/\\\/www.monaco-tribune.com\\\/it\\\/2024\\\/04\\\/lesposizione-internazionale-canina-2024-torna-a-monaco-a-maggio\\\/#primaryimage\"},\"thumbnailUrl\":\"https:\\\/\\\/www.monaco-tribune.com\\\/wp-content\\\/uploads\\\/2024\\\/04\\\/lexposition-canine-de-monaco-2024-se-deroulera-du-4-au-5-mai1.jpg\",\"keywords\":[\"Mostre\"],\"articleSection\":[\"Cosa fare\",\"Notizie\"],\"inLanguage\":\"it-IT\",\"copyrightYear\":\"2024\",\"copyrightHolder\":{\"@id\":\"https:\\\/\\\/www.monaco-tribune.com\\\/#organization\"}},{\"@type\":\"WebPage\",\"@id\":\"https:\\\/\\\/www.monaco-tribune.com\\\/it\\\/2024\\\/04\\\/lesposizione-internazionale-canina-2024-torna-a-monaco-a-maggio\\\/\",\"url\":\"https:\\\/\\\/www.monaco-tribune.com\\\/it\\\/2024\\\/04\\\/lesposizione-internazionale-canina-2024-torna-a-monaco-a-maggio\\\/\",\"name\":\"L'Esposizione Internazionale Canina 2024 torna a Monaco a maggio\",\"isPartOf\":{\"@id\":\"https:\\\/\\\/www.monaco-tribune.com\\\/it\\\/#website\"},\"primaryImageOfPage\":{\"@id\":\"https:\\\/\\\/www.monaco-tribune.com\\\/it\\\/2024\\\/04\\\/lesposizione-internazionale-canina-2024-torna-a-monaco-a-maggio\\\/#primaryimage\"},\"image\":{\"@id\":\"https:\\\/\\\/www.monaco-tribune.com\\\/it\\\/2024\\\/04\\\/lesposizione-internazionale-canina-2024-torna-a-monaco-a-maggio\\\/#primaryimage\"},\"thumbnailUrl\":\"https:\\\/\\\/www.monaco-tribune.com\\\/wp-content\\\/uploads\\\/2024\\\/04\\\/lexposition-canine-de-monaco-2024-se-deroulera-du-4-au-5-mai1.jpg\",\"datePublished\":\"2024-04-29T15:17:28+00:00\",\"dateModified\":\"2024-04-29T15:17:31+00:00\",\"description\":\"L'edizione 2024 si terr\u00e0 sabato 4 e domenica 5 maggio all'Espace Fontvieille. L'esposizione, che si tiene ogni anno nel Principato, ritorna anche nel 2024\",\"breadcrumb\":{\"@id\":\"https:\\\/\\\/www.monaco-tribune.com\\\/it\\\/2024\\\/04\\\/lesposizione-internazionale-canina-2024-torna-a-monaco-a-maggio\\\/#breadcrumb\"},\"inLanguage\":\"it-IT\",\"potentialAction\":[{\"@type\":\"ReadAction\",\"target\":[\"https:\\\/\\\/www.monaco-tribune.com\\\/it\\\/2024\\\/04\\\/lesposizione-internazionale-canina-2024-torna-a-monaco-a-maggio\\\/\"]}]},{\"@type\":\"ImageObject\",\"inLanguage\":\"it-IT\",\"@id\":\"https:\\\/\\\/www.monaco-tribune.com\\\/it\\\/2024\\\/04\\\/lesposizione-internazionale-canina-2024-torna-a-monaco-a-maggio\\\/#primaryimage\",\"url\":\"https:\\\/\\\/www.monaco-tribune.com\\\/wp-content\\\/uploads\\\/2024\\\/04\\\/lexposition-canine-de-monaco-2024-se-deroulera-du-4-au-5-mai1.jpg\",\"contentUrl\":\"https:\\\/\\\/www.monaco-tribune.com\\\/wp-content\\\/uploads\\\/2024\\\/04\\\/lexposition-canine-de-monaco-2024-se-deroulera-du-4-au-5-mai1.jpg\",\"width\":1199,\"height\":834,\"caption\":\"L\u2019Espace Fontvieille ospiter\u00e0 l\u2019Esposizione Internazionale Canina di Monaco 2024 \u00a9 Facebook \\\/ EICM\"},{\"@type\":\"BreadcrumbList\",\"@id\":\"https:\\\/\\\/www.monaco-tribune.com\\\/it\\\/2024\\\/04\\\/lesposizione-internazionale-canina-2024-torna-a-monaco-a-maggio\\\/#breadcrumb\",\"itemListElement\":[{\"@type\":\"ListItem\",\"position\":1,\"name\":\"Accueil\",\"item\":\"https:\\\/\\\/www.monaco-tribune.com\\\/it\\\/\"},{\"@type\":\"ListItem\",\"position\":2,\"name\":\"L&#8217;Esposizione Internazionale Canina 2024 torna a Monaco a maggio\"}]},{\"@type\":\"WebSite\",\"@id\":\"https:\\\/\\\/www.monaco-tribune.com\\\/it\\\/#website\",\"url\":\"https:\\\/\\\/www.monaco-tribune.com\\\/it\\\/\",\"name\":\"Monaco Tribune\",\"description\":\"Monaco : actualit\u00e9s \u00e9conomiques, politiques, culturelles et sportives de Monaco et de la French Riviera.\",\"publisher\":{\"@id\":\"https:\\\/\\\/www.monaco-tribune.com\\\/it\\\/#organization\"},\"potentialAction\":[{\"@type\":\"SearchAction\",\"target\":{\"@type\":\"EntryPoint\",\"urlTemplate\":\"https:\\\/\\\/www.monaco-tribune.com\\\/it\\\/?s={search_term_string}\"},\"query-input\":{\"@type\":\"PropertyValueSpecification\",\"valueRequired\":true,\"valueName\":\"search_term_string\"}}],\"inLanguage\":\"it-IT\"},{\"@type\":\"Organization\",\"@id\":\"https:\\\/\\\/www.monaco-tribune.com\\\/it\\\/#organization\",\"name\":\"Monaco Tribune\",\"url\":\"https:\\\/\\\/www.monaco-tribune.com\\\/it\\\/\",\"logo\":{\"@type\":\"ImageObject\",\"inLanguage\":\"it-IT\",\"@id\":\"https:\\\/\\\/www.monaco-tribune.com\\\/it\\\/#\\\/schema\\\/logo\\\/image\\\/\",\"url\":\"https:\\\/\\\/www.monaco-tribune.com\\\/wp-content\\\/uploads\\\/2022\\\/11\\\/logo-monaco-tribune.png\",\"contentUrl\":\"https:\\\/\\\/www.monaco-tribune.com\\\/wp-content\\\/uploads\\\/2022\\\/11\\\/logo-monaco-tribune.png\",\"width\":1548,\"height\":600,\"caption\":\"Monaco Tribune\"},\"image\":{\"@id\":\"https:\\\/\\\/www.monaco-tribune.com\\\/it\\\/#\\\/schema\\\/logo\\\/image\\\/\"},\"sameAs\":[\"https:\\\/\\\/www.facebook.com\\\/MonacoTribune\",\"https:\\\/\\\/x.com\\\/MonacoTribune\",\"https:\\\/\\\/www.instagram.com\\\/monacotribune\\\/\",\"https:\\\/\\\/www.linkedin.com\\\/company\\\/monaco-tribune\",\"https:\\\/\\\/www.youtube.com\\\/channel\\\/UCHle1MnG6hw1y4lWKijVbMA\"]},{\"@type\":\"Person\",\"@id\":\"https:\\\/\\\/www.monaco-tribune.com\\\/it\\\/#\\\/schema\\\/person\\\/430d20b322a92cf77ed693c80401a9f1\",\"name\":\"Killian Masurier\",\"image\":{\"@type\":\"ImageObject\",\"inLanguage\":\"it-IT\",\"@id\":\"https:\\\/\\\/secure.gravatar.com\\\/avatar\\\/2b945dc7d96e6fec85032621c16cd3de6e31a754758f25fdb5adce4ef6696a8e?s=96&d=mm&r=g\",\"url\":\"https:\\\/\\\/secure.gravatar.com\\\/avatar\\\/2b945dc7d96e6fec85032621c16cd3de6e31a754758f25fdb5adce4ef6696a8e?s=96&d=mm&r=g\",\"contentUrl\":\"https:\\\/\\\/secure.gravatar.com\\\/avatar\\\/2b945dc7d96e6fec85032621c16cd3de6e31a754758f25fdb5adce4ef6696a8e?s=96&d=mm&r=g\",\"caption\":\"Killian Masurier\"},\"url\":\"https:\\\/\\\/www.monaco-tribune.com\\\/it\\\/author\\\/killianmasurier\\\/\"}]}<\/script>\n<!-- \/ Yoast SEO Premium plugin. -->","yoast_head_json":{"title":"L'Esposizione Internazionale Canina 2024 torna a Monaco a maggio","description":"L'edizione 2024 si terr\u00e0 sabato 4 e domenica 5 maggio all'Espace Fontvieille. L'esposizione, che si tiene ogni anno nel Principato, ritorna anche nel 2024","robots":{"index":"index","follow":"follow","max-snippet":"max-snippet:-1","max-image-preview":"max-image-preview:large","max-video-preview":"max-video-preview:-1"},"canonical":"https:\/\/www.monaco-tribune.com\/it\/2024\/04\/lesposizione-internazionale-canina-2024-torna-a-monaco-a-maggio\/","og_locale":"it_IT","og_type":"article","og_title":"L'Esposizione Internazionale Canina 2024 torna a Monaco a maggio - Monaco Tribune","og_description":"L'edizione 2024 si terr\u00e0 sabato 4 e domenica 5 maggio all'Espace Fontvieille. L'esposizione, che si tiene ogni anno nel Principato, ritorna anche nel 2024","og_url":"https:\/\/www.monaco-tribune.com\/it\/2024\/04\/lesposizione-internazionale-canina-2024-torna-a-monaco-a-maggio\/","og_site_name":"Monaco Tribune","article_publisher":"https:\/\/www.facebook.com\/MonacoTribune","article_published_time":"2024-04-29T15:17:28+00:00","article_modified_time":"2024-04-29T15:17:31+00:00","og_image":[{"width":1199,"height":834,"url":"https:\/\/www.monaco-tribune.com\/wp-content\/uploads\/2024\/04\/lexposition-canine-de-monaco-2024-se-deroulera-du-4-au-5-mai1.jpg","type":"image\/jpeg"}],"author":"Killian Masurier","twitter_card":"summary_large_image","twitter_creator":"@MonacoTribune","twitter_site":"@MonacoTribune","schema":{"@context":"https:\/\/schema.org","@graph":[{"@type":"NewsArticle","@id":"https:\/\/www.monaco-tribune.com\/it\/2024\/04\/lesposizione-internazionale-canina-2024-torna-a-monaco-a-maggio\/#article","isPartOf":{"@id":"https:\/\/www.monaco-tribune.com\/it\/2024\/04\/lesposizione-internazionale-canina-2024-torna-a-monaco-a-maggio\/"},"author":{"name":"Killian Masurier","@id":"https:\/\/www.monaco-tribune.com\/it\/#\/schema\/person\/430d20b322a92cf77ed693c80401a9f1"},"headline":"L&#8217;Esposizione Internazionale Canina 2024 torna a Monaco a maggio","datePublished":"2024-04-29T15:17:28+00:00","dateModified":"2024-04-29T15:17:31+00:00","mainEntityOfPage":{"@id":"https:\/\/www.monaco-tribune.com\/it\/2024\/04\/lesposizione-internazionale-canina-2024-torna-a-monaco-a-maggio\/"},"wordCount":170,"publisher":{"@id":"https:\/\/www.monaco-tribune.com\/it\/#organization"},"image":{"@id":"https:\/\/www.monaco-tribune.com\/it\/2024\/04\/lesposizione-internazionale-canina-2024-torna-a-monaco-a-maggio\/#primaryimage"},"thumbnailUrl":"https:\/\/www.monaco-tribune.com\/wp-content\/uploads\/2024\/04\/lexposition-canine-de-monaco-2024-se-deroulera-du-4-au-5-mai1.jpg","keywords":["Mostre"],"articleSection":["Cosa fare","Notizie"],"inLanguage":"it-IT","copyrightYear":"2024","copyrightHolder":{"@id":"https:\/\/www.monaco-tribune.com\/#organization"}},{"@type":"WebPage","@id":"https:\/\/www.monaco-tribune.com\/it\/2024\/04\/lesposizione-internazionale-canina-2024-torna-a-monaco-a-maggio\/","url":"https:\/\/www.monaco-tribune.com\/it\/2024\/04\/lesposizione-internazionale-canina-2024-torna-a-monaco-a-maggio\/","name":"L'Esposizione Internazionale Canina 2024 torna a Monaco a maggio","isPartOf":{"@id":"https:\/\/www.monaco-tribune.com\/it\/#website"},"primaryImageOfPage":{"@id":"https:\/\/www.monaco-tribune.com\/it\/2024\/04\/lesposizione-internazionale-canina-2024-torna-a-monaco-a-maggio\/#primaryimage"},"image":{"@id":"https:\/\/www.monaco-tribune.com\/it\/2024\/04\/lesposizione-internazionale-canina-2024-torna-a-monaco-a-maggio\/#primaryimage"},"thumbnailUrl":"https:\/\/www.monaco-tribune.com\/wp-content\/uploads\/2024\/04\/lexposition-canine-de-monaco-2024-se-deroulera-du-4-au-5-mai1.jpg","datePublished":"2024-04-29T15:17:28+00:00","dateModified":"2024-04-29T15:17:31+00:00","description":"L'edizione 2024 si terr\u00e0 sabato 4 e domenica 5 maggio all'Espace Fontvieille. L'esposizione, che si tiene ogni anno nel Principato, ritorna anche nel 2024","breadcrumb":{"@id":"https:\/\/www.monaco-tribune.com\/it\/2024\/04\/lesposizione-internazionale-canina-2024-torna-a-monaco-a-maggio\/#breadcrumb"},"inLanguage":"it-IT","potentialAction":[{"@type":"ReadAction","target":["https:\/\/www.monaco-tribune.com\/it\/2024\/04\/lesposizione-internazionale-canina-2024-torna-a-monaco-a-maggio\/"]}]},{"@type":"ImageObject","inLanguage":"it-IT","@id":"https:\/\/www.monaco-tribune.com\/it\/2024\/04\/lesposizione-internazionale-canina-2024-torna-a-monaco-a-maggio\/#primaryimage","url":"https:\/\/www.monaco-tribune.com\/wp-content\/uploads\/2024\/04\/lexposition-canine-de-monaco-2024-se-deroulera-du-4-au-5-mai1.jpg","contentUrl":"https:\/\/www.monaco-tribune.com\/wp-content\/uploads\/2024\/04\/lexposition-canine-de-monaco-2024-se-deroulera-du-4-au-5-mai1.jpg","width":1199,"height":834,"caption":"L\u2019Espace Fontvieille ospiter\u00e0 l\u2019Esposizione Internazionale Canina di Monaco 2024 \u00a9 Facebook \/ EICM"},{"@type":"BreadcrumbList","@id":"https:\/\/www.monaco-tribune.com\/it\/2024\/04\/lesposizione-internazionale-canina-2024-torna-a-monaco-a-maggio\/#breadcrumb","itemListElement":[{"@type":"ListItem","position":1,"name":"Accueil","item":"https:\/\/www.monaco-tribune.com\/it\/"},{"@type":"ListItem","position":2,"name":"L&#8217;Esposizione Internazionale Canina 2024 torna a Monaco a maggio"}]},{"@type":"WebSite","@id":"https:\/\/www.monaco-tribune.com\/it\/#website","url":"https:\/\/www.monaco-tribune.com\/it\/","name":"Monaco Tribune","description":"Monaco : actualit\u00e9s \u00e9conomiques, politiques, culturelles et sportives de Monaco et de la French Riviera.","publisher":{"@id":"https:\/\/www.monaco-tribune.com\/it\/#organization"},"potentialAction":[{"@type":"SearchAction","target":{"@type":"EntryPoint","urlTemplate":"https:\/\/www.monaco-tribune.com\/it\/?s={search_term_string}"},"query-input":{"@type":"PropertyValueSpecification","valueRequired":true,"valueName":"search_term_string"}}],"inLanguage":"it-IT"},{"@type":"Organization","@id":"https:\/\/www.monaco-tribune.com\/it\/#organization","name":"Monaco Tribune","url":"https:\/\/www.monaco-tribune.com\/it\/","logo":{"@type":"ImageObject","inLanguage":"it-IT","@id":"https:\/\/www.monaco-tribune.com\/it\/#\/schema\/logo\/image\/","url":"https:\/\/www.monaco-tribune.com\/wp-content\/uploads\/2022\/11\/logo-monaco-tribune.png","contentUrl":"https:\/\/www.monaco-tribune.com\/wp-content\/uploads\/2022\/11\/logo-monaco-tribune.png","width":1548,"height":600,"caption":"Monaco Tribune"},"image":{"@id":"https:\/\/www.monaco-tribune.com\/it\/#\/schema\/logo\/image\/"},"sameAs":["https:\/\/www.facebook.com\/MonacoTribune","https:\/\/x.com\/MonacoTribune","https:\/\/www.instagram.com\/monacotribune\/","https:\/\/www.linkedin.com\/company\/monaco-tribune","https:\/\/www.youtube.com\/channel\/UCHle1MnG6hw1y4lWKijVbMA"]},{"@type":"Person","@id":"https:\/\/www.monaco-tribune.com\/it\/#\/schema\/person\/430d20b322a92cf77ed693c80401a9f1","name":"Killian Masurier","image":{"@type":"ImageObject","inLanguage":"it-IT","@id":"https:\/\/secure.gravatar.com\/avatar\/2b945dc7d96e6fec85032621c16cd3de6e31a754758f25fdb5adce4ef6696a8e?s=96&d=mm&r=g","url":"https:\/\/secure.gravatar.com\/avatar\/2b945dc7d96e6fec85032621c16cd3de6e31a754758f25fdb5adce4ef6696a8e?s=96&d=mm&r=g","contentUrl":"https:\/\/secure.gravatar.com\/avatar\/2b945dc7d96e6fec85032621c16cd3de6e31a754758f25fdb5adce4ef6696a8e?s=96&d=mm&r=g","caption":"Killian Masurier"},"url":"https:\/\/www.monaco-tribune.com\/it\/author\/killianmasurier\/"}]}},"_links":{"self":[{"href":"https:\/\/www.monaco-tribune.com\/it\/wp-json\/wp\/v2\/posts\/230481","targetHints":{"allow":["GET"]}}],"collection":[{"href":"https:\/\/www.monaco-tribune.com\/it\/wp-json\/wp\/v2\/posts"}],"about":[{"href":"https:\/\/www.monaco-tribune.com\/it\/wp-json\/wp\/v2\/types\/post"}],"author":[{"embeddable":true,"href":"https:\/\/www.monaco-tribune.com\/it\/wp-json\/wp\/v2\/users\/76"}],"replies":[{"embeddable":true,"href":"https:\/\/www.monaco-tribune.com\/it\/wp-json\/wp\/v2\/comments?post=230481"}],"version-history":[{"count":1,"href":"https:\/\/www.monaco-tribune.com\/it\/wp-json\/wp\/v2\/posts\/230481\/revisions"}],"predecessor-version":[{"id":230482,"href":"https:\/\/www.monaco-tribune.com\/it\/wp-json\/wp\/v2\/posts\/230481\/revisions\/230482"}],"wp:featuredmedia":[{"embeddable":true,"href":"https:\/\/www.monaco-tribune.com\/it\/wp-json\/wp\/v2\/media\/229885"}],"wp:attachment":[{"href":"https:\/\/www.monaco-tribune.com\/it\/wp-json\/wp\/v2\/media?parent=230481"}],"wp:term":[{"taxonomy":"category","embeddable":true,"href":"https:\/\/www.monaco-tribune.com\/it\/wp-json\/wp\/v2\/categories?post=230481"},{"taxonomy":"post_tag","embeddable":true,"href":"https:\/\/www.monaco-tribune.com\/it\/wp-json\/wp\/v2\/tags?post=230481"},{"taxonomy":"sectag","embeddable":true,"href":"https:\/\/www.monaco-tribune.com\/it\/wp-json\/wp\/v2\/post_sectags?post=230481"},{"taxonomy":"format","embeddable":true,"href":"https:\/\/www.monaco-tribune.com\/it\/wp-json\/wp\/v2\/post_format?post=230481"}],"curies":[{"name":"wp","href":"https:\/\/api.w.org\/{rel}","templated":true}]}}