{"id":232576,"date":"2024-05-14T15:47:53","date_gmt":"2024-05-14T13:47:53","guid":{"rendered":"https:\/\/www.monaco-tribune.com\/2024\/05\/il-principe-alberto-ii-rende-omaggio-ad-ayrton-senna-durante-la-sfilata-del-gran-premio-storico-di-monaco-2024\/"},"modified":"2024-05-14T15:48:02","modified_gmt":"2024-05-14T13:48:02","slug":"il-principe-alberto-ii-rende-omaggio-ad-ayrton-senna-durante-la-sfilata-del-gran-premio-storico-di-monaco-2024","status":"publish","type":"post","link":"https:\/\/www.monaco-tribune.com\/it\/2024\/05\/il-principe-alberto-ii-rende-omaggio-ad-ayrton-senna-durante-la-sfilata-del-gran-premio-storico-di-monaco-2024\/","title":{"rendered":"Il Principe Alberto II rende omaggio ad Ayrton Senna durante la sfilata del Gran Premio Storico di Monaco 2024"},"content":{"rendered":"\n<p><strong>Dal 10 al 12 maggio, Monaco ha ospitato il suo Gran Premio Storico. \u00c8 stata l&#8217;occasione perfetta per onorare la memoria del pilota brasiliano scomparso 30 anni fa a Imola.<\/strong><\/p>\n\n<p>Il <a href=\"https:\/\/www.monaco-tribune.com\/it\/2024\/05\/gran-premio-storico-di-monaco-2024-tutto-quello-che-ce-da-sapere\/\"><em>Grand Prix de Monaco Historique<\/em><\/a> si tiene ogni due anni e l&#8217;edizione 2024 \u00e8 stata un grande successo, con una serie di veicoli leggendari. Hanno sfilato modelli meravigliosi, che andavano dagli albori delle corse automobilistiche fino alla fine del XX secolo, rievocando gli anni pi\u00f9 sfrenati della Formula 1.<\/p>\n\n<p>Per rendere omaggio ad Ayrton Senna, scomparso 30 anni fa, l&#8217;Automobile Club di Monaco, con l&#8217;aiuto dell&#8217;Instituto Ayrton Senna, di Lotus H\u00e9ritage e della McLaren Academy, ha organizzato una sfilata con 6 veicoli iconici del pilota brasiliano.<\/p>\n\n<p class=\"related\"><a href=\"https:\/\/www.monaco-tribune.com\/it\/2023\/05\/15-parole-in-monegasco-sul-gran-premio-di-monaco\/\">15 parole in monegasco sul Gran Premio di Monaco<\/a><\/p>\n\n<h2 class=\"wp-block-heading\" id=\"h-quelles-voitures-couraient-a-la-parade\">Quali auto erano presenti alla sfilata?<\/h2>\n\n<p>Abbiamo ammirato il kart del 1977 e il Van Diemen RF82 del brasiliano, reduce dalla Formula Ford del 1982. Queste due auto hanno aperto la parata, pilotate da Gabriele Bortoleto e Cristina Guti\u00e9rrez, due piloti della McLaren Drivers Academy.<\/p>\n\n<p>La terza vettura a sfilare \u00e8 stata la Ralt RT3 del Gran Premio di Macao di Formula 3 del 1983, guidata da Eddie Irvine, secondo classificato nel Campionato del Mondo di Formula 1 del 1999 e all&#8217;epoca compagno di squadra di Senna.<\/p>\n\n<p>La quarta monoposto \u00e8 stata la prima Formula 1 del brasiliano, la Toleman TG184, con cui ha conquistato il suo primo podio a Monaco dietro Alain Prost. Alla guida c&#8217;era Stefan Johansson.<\/p>\n\n<p>La quinta e la sesta auto presenti non erano altro che la Lotus 97T del 1985 e la McLaren MP4\/5B, che gli fecero vincere il campionato nel 1990. Queste monoposto sono senza dubbio le due Formula 1 pi\u00f9 iconiche della sua carriera.<\/p>\n<div class=\"wp-block-image\">\n<figure class=\"aligncenter size-large\"><img loading=\"lazy\" decoding=\"async\" width=\"1024\" height=\"597\" src=\"https:\/\/www.monaco-tribune.com\/wp-content\/uploads\/2024\/05\/presentation-des-vehicules-de-la-parade-en-hommage-a-ayrton-senna-1024x597.jpg\" alt=\"\" class=\"wp-image-232186\" srcset=\"https:\/\/www.monaco-tribune.com\/wp-content\/uploads\/2024\/05\/presentation-des-vehicules-de-la-parade-en-hommage-a-ayrton-senna-1024x597.jpg 1024w, https:\/\/www.monaco-tribune.com\/wp-content\/uploads\/2024\/05\/presentation-des-vehicules-de-la-parade-en-hommage-a-ayrton-senna-515x300.jpg 515w, https:\/\/www.monaco-tribune.com\/wp-content\/uploads\/2024\/05\/presentation-des-vehicules-de-la-parade-en-hommage-a-ayrton-senna.jpg 1280w\" sizes=\"auto, (max-width: 1024px) 100vw, 1024px\" \/><figcaption class=\"wp-element-caption\"><em>Cinque delle sei monoposto guidate da Ayrton Senna durante la sua carriera presenti alla sfilata \u00a9 Jean-Fran\u00e7ois Antonello<\/em><\/figcaption><\/figure>\n<\/div>\n<h2 class=\"wp-block-heading\" id=\"h-le-souverain-heureux-de-prendre-part-a-l-evenement\">Il Sovrano entusiasta di partecipare all&#8217;evento<\/h2>\n\n<p>All&#8217;inizio della sfilata, il Principe Alberto II \u00e8 andato a incontrare i piloti in pista e a vedere da vicino le monoposto. Era sorridente e felice di essere l\u00ec a chiacchierare con loro.<\/p>\n\n<p>Ecco alcune foto dell&#8217;evento che ritraggono i veicoli, i piloti e il Sovrano:<\/p>\n\n<figure class=\"wp-block-gallery has-nested-images columns-default is-cropped wp-block-gallery-1 is-layout-flex wp-block-gallery-is-layout-flex\"><div class=\"wp-block-image\">\n<figure class=\"aligncenter size-large\"><img loading=\"lazy\" decoding=\"async\" width=\"1024\" height=\"683\" data-id=\"232225\" src=\"https:\/\/www.monaco-tribune.com\/wp-content\/uploads\/2024\/05\/photo-parade-4-1-1024x683.jpg\" alt=\"\" class=\"wp-image-232225\" srcset=\"https:\/\/www.monaco-tribune.com\/wp-content\/uploads\/2024\/05\/photo-parade-4-1-1024x683.jpg 1024w, https:\/\/www.monaco-tribune.com\/wp-content\/uploads\/2024\/05\/photo-parade-4-1-450x300.jpg 450w, https:\/\/www.monaco-tribune.com\/wp-content\/uploads\/2024\/05\/photo-parade-4-1.jpg 1440w\" sizes=\"auto, (max-width: 1024px) 100vw, 1024px\" \/><\/figure>\n<\/div>\n\n<div class=\"wp-block-image\">\n<figure class=\"aligncenter size-large\"><img loading=\"lazy\" decoding=\"async\" width=\"1024\" height=\"683\" data-id=\"232242\" src=\"https:\/\/www.monaco-tribune.com\/wp-content\/uploads\/2024\/05\/photo-parade-4-61-1024x683.jpg\" alt=\"\" class=\"wp-image-232242\" srcset=\"https:\/\/www.monaco-tribune.com\/wp-content\/uploads\/2024\/05\/photo-parade-4-61-1024x683.jpg 1024w, https:\/\/www.monaco-tribune.com\/wp-content\/uploads\/2024\/05\/photo-parade-4-61-450x300.jpg 450w, https:\/\/www.monaco-tribune.com\/wp-content\/uploads\/2024\/05\/photo-parade-4-61.jpg 1200w\" sizes=\"auto, (max-width: 1024px) 100vw, 1024px\" \/><\/figure>\n<\/div>\n\n<div class=\"wp-block-image\">\n<figure class=\"aligncenter size-large\"><img loading=\"lazy\" decoding=\"async\" width=\"1024\" height=\"683\" data-id=\"232221\" src=\"https:\/\/www.monaco-tribune.com\/wp-content\/uploads\/2024\/05\/photo-parade-4-2-1024x683.jpg\" alt=\"\" class=\"wp-image-232221\" srcset=\"https:\/\/www.monaco-tribune.com\/wp-content\/uploads\/2024\/05\/photo-parade-4-2-1024x683.jpg 1024w, https:\/\/www.monaco-tribune.com\/wp-content\/uploads\/2024\/05\/photo-parade-4-2-450x300.jpg 450w, https:\/\/www.monaco-tribune.com\/wp-content\/uploads\/2024\/05\/photo-parade-4-2.jpg 1440w\" sizes=\"auto, (max-width: 1024px) 100vw, 1024px\" \/><\/figure>\n<\/div>\n\n<div class=\"wp-block-image\">\n<figure class=\"aligncenter size-large\"><img loading=\"lazy\" decoding=\"async\" width=\"1024\" height=\"683\" data-id=\"232246\" src=\"https:\/\/www.monaco-tribune.com\/wp-content\/uploads\/2024\/05\/photo-parade-4-71-1024x683.jpg\" alt=\"\" class=\"wp-image-232246\" srcset=\"https:\/\/www.monaco-tribune.com\/wp-content\/uploads\/2024\/05\/photo-parade-4-71-1024x683.jpg 1024w, https:\/\/www.monaco-tribune.com\/wp-content\/uploads\/2024\/05\/photo-parade-4-71-450x300.jpg 450w, https:\/\/www.monaco-tribune.com\/wp-content\/uploads\/2024\/05\/photo-parade-4-71.jpg 1200w\" sizes=\"auto, (max-width: 1024px) 100vw, 1024px\" \/><\/figure>\n<\/div>\n\n<div class=\"wp-block-image\">\n<figure class=\"aligncenter size-large\"><img loading=\"lazy\" decoding=\"async\" width=\"1024\" height=\"683\" data-id=\"232238\" src=\"https:\/\/www.monaco-tribune.com\/wp-content\/uploads\/2024\/05\/photo-parade-4-51-1024x683.jpg\" alt=\"\" class=\"wp-image-232238\" srcset=\"https:\/\/www.monaco-tribune.com\/wp-content\/uploads\/2024\/05\/photo-parade-4-51-1024x683.jpg 1024w, https:\/\/www.monaco-tribune.com\/wp-content\/uploads\/2024\/05\/photo-parade-4-51-450x300.jpg 450w, https:\/\/www.monaco-tribune.com\/wp-content\/uploads\/2024\/05\/photo-parade-4-51.jpg 1199w\" sizes=\"auto, (max-width: 1024px) 100vw, 1024px\" \/><\/figure>\n<\/div><\/figure>\n\n<p class=\"has-text-align-center\"><em>\u00a9 Palazzo del Principe di Monaco \/ Automobile Club de Monaco \/ Monaco Info<\/em><\/p>\n\n<h2 class=\"wp-block-heading\" id=\"h-eternel-senna-un-ouvrage-consacre-a-la-legende-bresilienne-de-la-f1\">&#8220;Eternel Senna&#8221;, un libro dedicato alla leggenda brasiliana della F1<\/h2>\n\n<p>Venerd\u00ec 10 maggio, all&#8217;ultimo Rendez-Vous Culturel presso l&#8217;H\u00f4tel M\u00e9tropole Monte-Carlo, gli autori Daniel Ortelli e Thomas Woloch e il fotografo Dominique Leroy hanno presentato il loro libro &#8220;Eternal Senna&#8221;.<\/p>\n\n<p>Il volume offre un ritratto completo del pilota brasiliano dal punto di vista umano, rivelando i suoi punti di forza e le debolezze, i momenti di gioia e di dubbio.<\/p>\n\n<p>Attraverso interviste e testimonianze esclusive, gli autori rivelano aneddoti inediti sulla vita e sulla carriera di Senna. Corredato da oltre 200 foto rare di Dominique Leroy, questo libro \u00e8 un affascinante tributo a una delle figure pi\u00f9 emblematiche della storia dello sport automobilistico.<\/p>\n<div class=\"wp-block-image\">\n<figure class=\"aligncenter size-large\"><img loading=\"lazy\" decoding=\"async\" width=\"1024\" height=\"683\" src=\"https:\/\/www.monaco-tribune.com\/wp-content\/uploads\/2024\/05\/eternal-senna-book-1024x683.jpeg\" alt=\"\" class=\"wp-image-232258\" srcset=\"https:\/\/www.monaco-tribune.com\/wp-content\/uploads\/2024\/05\/eternal-senna-book-1024x683.jpeg 1024w, https:\/\/www.monaco-tribune.com\/wp-content\/uploads\/2024\/05\/eternal-senna-book-450x300.jpeg 450w, https:\/\/www.monaco-tribune.com\/wp-content\/uploads\/2024\/05\/eternal-senna-book.jpeg 1200w\" sizes=\"auto, (max-width: 1024px) 100vw, 1024px\" \/><figcaption class=\"wp-element-caption\"><em>Thomas Woloch (a sinistra) e Daniel Ortelli (a destra) \u00a9 Direzione della Comunicazione \/ St\u00e9phane Danna<\/em><\/figcaption><\/figure>\n<\/div>","protected":false},"excerpt":{"rendered":"<p>Dal 10 al 12 maggio, Monaco ha ospitato il suo Gran Premio Storico. \u00c8 stata l&#8217;occasione perfetta per onorare la [&hellip;]<\/p>\n","protected":false},"author":76,"featured_media":232178,"comment_status":"closed","ping_status":"closed","sticky":false,"template":"","format":"standard","meta":{"_acf_changed":false,"footnotes":""},"categories":[1742,1738],"tags":[3949],"post_sectags":[3757],"post_format":[2474],"class_list":["post-232576","post","type-post","status-publish","format-standard","has-post-thumbnail","hentry","category-famiglia-principesca","category-notizie","tag-gran-premio-di-monaco","sectag-principe-alberto-ii","format-foto"],"acf":[],"yoast_head":"<!-- This site is optimized with the Yoast SEO Premium plugin v26.8 (Yoast SEO v27.5) - https:\/\/yoast.com\/product\/yoast-seo-premium-wordpress\/ -->\n<title>Il Principe Alberto II rende omaggio ad Ayrton Senna durante la sfilata del Gran Premio Storico di Monaco 2024<\/title>\n<meta name=\"description\" content=\"Dal 10 al 12 maggio, Monaco ha ospitato il suo Gran Premio Storico. \u00c8 stata l&#039;occasione perfetta per onorare la memoria del pilota brasiliano scomparso 30\" \/>\n<meta name=\"robots\" content=\"index, follow, max-snippet:-1, max-image-preview:large, max-video-preview:-1\" \/>\n<link rel=\"canonical\" href=\"https:\/\/www.monaco-tribune.com\/it\/2024\/05\/il-principe-alberto-ii-rende-omaggio-ad-ayrton-senna-durante-la-sfilata-del-gran-premio-storico-di-monaco-2024\/\" \/>\n<meta property=\"og:locale\" content=\"it_IT\" \/>\n<meta property=\"og:type\" content=\"article\" \/>\n<meta property=\"og:title\" content=\"Il Principe Alberto II rende omaggio ad Ayrton Senna durante la sfilata del Gran Premio Storico di Monaco 2024 - Monaco Tribune\" \/>\n<meta property=\"og:description\" content=\"Dal 10 al 12 maggio, Monaco ha ospitato il suo Gran Premio Storico. \u00c8 stata l&#039;occasione perfetta per onorare la memoria del pilota brasiliano scomparso 30\" \/>\n<meta property=\"og:url\" content=\"https:\/\/www.monaco-tribune.com\/it\/2024\/05\/il-principe-alberto-ii-rende-omaggio-ad-ayrton-senna-durante-la-sfilata-del-gran-premio-storico-di-monaco-2024\/\" \/>\n<meta property=\"og:site_name\" content=\"Monaco Tribune\" \/>\n<meta property=\"article:publisher\" content=\"https:\/\/www.facebook.com\/MonacoTribune\" \/>\n<meta property=\"article:published_time\" content=\"2024-05-14T13:47:53+00:00\" \/>\n<meta property=\"article:modified_time\" content=\"2024-05-14T13:48:02+00:00\" \/>\n<meta property=\"og:image\" content=\"https:\/\/www.monaco-tribune.com\/wp-content\/uploads\/2024\/05\/le-prince-albert-ii-present-au-grand-prix-de-monaco-historique-pour-la-parade-en-hommage-a-ayrton-senna1.jpg\" \/>\n\t<meta property=\"og:image:width\" content=\"1200\" \/>\n\t<meta property=\"og:image:height\" content=\"800\" \/>\n\t<meta property=\"og:image:type\" content=\"image\/jpeg\" \/>\n<meta name=\"author\" content=\"Killian Masurier\" \/>\n<meta name=\"twitter:card\" content=\"summary_large_image\" \/>\n<meta name=\"twitter:creator\" content=\"@MonacoTribune\" \/>\n<meta name=\"twitter:site\" content=\"@MonacoTribune\" \/>\n<script type=\"application\/ld+json\" class=\"yoast-schema-graph\">{\"@context\":\"https:\\\/\\\/schema.org\",\"@graph\":[{\"@type\":\"NewsArticle\",\"@id\":\"https:\\\/\\\/www.monaco-tribune.com\\\/it\\\/2024\\\/05\\\/il-principe-alberto-ii-rende-omaggio-ad-ayrton-senna-durante-la-sfilata-del-gran-premio-storico-di-monaco-2024\\\/#article\",\"isPartOf\":{\"@id\":\"https:\\\/\\\/www.monaco-tribune.com\\\/it\\\/2024\\\/05\\\/il-principe-alberto-ii-rende-omaggio-ad-ayrton-senna-durante-la-sfilata-del-gran-premio-storico-di-monaco-2024\\\/\"},\"author\":{\"name\":\"Killian Masurier\",\"@id\":\"https:\\\/\\\/www.monaco-tribune.com\\\/it\\\/#\\\/schema\\\/person\\\/430d20b322a92cf77ed693c80401a9f1\"},\"headline\":\"Il Principe Alberto II rende omaggio ad Ayrton Senna durante la sfilata del Gran Premio Storico di Monaco 2024\",\"datePublished\":\"2024-05-14T13:47:53+00:00\",\"dateModified\":\"2024-05-14T13:48:02+00:00\",\"mainEntityOfPage\":{\"@id\":\"https:\\\/\\\/www.monaco-tribune.com\\\/it\\\/2024\\\/05\\\/il-principe-alberto-ii-rende-omaggio-ad-ayrton-senna-durante-la-sfilata-del-gran-premio-storico-di-monaco-2024\\\/\"},\"wordCount\":504,\"publisher\":{\"@id\":\"https:\\\/\\\/www.monaco-tribune.com\\\/it\\\/#organization\"},\"image\":{\"@id\":\"https:\\\/\\\/www.monaco-tribune.com\\\/it\\\/2024\\\/05\\\/il-principe-alberto-ii-rende-omaggio-ad-ayrton-senna-durante-la-sfilata-del-gran-premio-storico-di-monaco-2024\\\/#primaryimage\"},\"thumbnailUrl\":\"https:\\\/\\\/www.monaco-tribune.com\\\/wp-content\\\/uploads\\\/2024\\\/05\\\/le-prince-albert-ii-present-au-grand-prix-de-monaco-historique-pour-la-parade-en-hommage-a-ayrton-senna1.jpg\",\"keywords\":[\"Gran Premio di Monaco\"],\"articleSection\":[\"Famiglia Principesca\",\"Notizie\"],\"inLanguage\":\"it-IT\",\"copyrightYear\":\"2024\",\"copyrightHolder\":{\"@id\":\"https:\\\/\\\/www.monaco-tribune.com\\\/#organization\"}},{\"@type\":\"WebPage\",\"@id\":\"https:\\\/\\\/www.monaco-tribune.com\\\/it\\\/2024\\\/05\\\/il-principe-alberto-ii-rende-omaggio-ad-ayrton-senna-durante-la-sfilata-del-gran-premio-storico-di-monaco-2024\\\/\",\"url\":\"https:\\\/\\\/www.monaco-tribune.com\\\/it\\\/2024\\\/05\\\/il-principe-alberto-ii-rende-omaggio-ad-ayrton-senna-durante-la-sfilata-del-gran-premio-storico-di-monaco-2024\\\/\",\"name\":\"Il Principe Alberto II rende omaggio ad Ayrton Senna durante la sfilata del Gran Premio Storico di Monaco 2024\",\"isPartOf\":{\"@id\":\"https:\\\/\\\/www.monaco-tribune.com\\\/it\\\/#website\"},\"primaryImageOfPage\":{\"@id\":\"https:\\\/\\\/www.monaco-tribune.com\\\/it\\\/2024\\\/05\\\/il-principe-alberto-ii-rende-omaggio-ad-ayrton-senna-durante-la-sfilata-del-gran-premio-storico-di-monaco-2024\\\/#primaryimage\"},\"image\":{\"@id\":\"https:\\\/\\\/www.monaco-tribune.com\\\/it\\\/2024\\\/05\\\/il-principe-alberto-ii-rende-omaggio-ad-ayrton-senna-durante-la-sfilata-del-gran-premio-storico-di-monaco-2024\\\/#primaryimage\"},\"thumbnailUrl\":\"https:\\\/\\\/www.monaco-tribune.com\\\/wp-content\\\/uploads\\\/2024\\\/05\\\/le-prince-albert-ii-present-au-grand-prix-de-monaco-historique-pour-la-parade-en-hommage-a-ayrton-senna1.jpg\",\"datePublished\":\"2024-05-14T13:47:53+00:00\",\"dateModified\":\"2024-05-14T13:48:02+00:00\",\"description\":\"Dal 10 al 12 maggio, Monaco ha ospitato il suo Gran Premio Storico. \u00c8 stata l'occasione perfetta per onorare la memoria del pilota brasiliano scomparso 30\",\"breadcrumb\":{\"@id\":\"https:\\\/\\\/www.monaco-tribune.com\\\/it\\\/2024\\\/05\\\/il-principe-alberto-ii-rende-omaggio-ad-ayrton-senna-durante-la-sfilata-del-gran-premio-storico-di-monaco-2024\\\/#breadcrumb\"},\"inLanguage\":\"it-IT\",\"potentialAction\":[{\"@type\":\"ReadAction\",\"target\":[\"https:\\\/\\\/www.monaco-tribune.com\\\/it\\\/2024\\\/05\\\/il-principe-alberto-ii-rende-omaggio-ad-ayrton-senna-durante-la-sfilata-del-gran-premio-storico-di-monaco-2024\\\/\"]}]},{\"@type\":\"ImageObject\",\"inLanguage\":\"it-IT\",\"@id\":\"https:\\\/\\\/www.monaco-tribune.com\\\/it\\\/2024\\\/05\\\/il-principe-alberto-ii-rende-omaggio-ad-ayrton-senna-durante-la-sfilata-del-gran-premio-storico-di-monaco-2024\\\/#primaryimage\",\"url\":\"https:\\\/\\\/www.monaco-tribune.com\\\/wp-content\\\/uploads\\\/2024\\\/05\\\/le-prince-albert-ii-present-au-grand-prix-de-monaco-historique-pour-la-parade-en-hommage-a-ayrton-senna1.jpg\",\"contentUrl\":\"https:\\\/\\\/www.monaco-tribune.com\\\/wp-content\\\/uploads\\\/2024\\\/05\\\/le-prince-albert-ii-present-au-grand-prix-de-monaco-historique-pour-la-parade-en-hommage-a-ayrton-senna1.jpg\",\"width\":1200,\"height\":800,\"caption\":\"Il Principe Alberto II al Gran Premio Storico di Monaco per la sfilata in omaggio ad Ayrton Senna \u00a9 Palazzo del Principe di Monaco\"},{\"@type\":\"BreadcrumbList\",\"@id\":\"https:\\\/\\\/www.monaco-tribune.com\\\/it\\\/2024\\\/05\\\/il-principe-alberto-ii-rende-omaggio-ad-ayrton-senna-durante-la-sfilata-del-gran-premio-storico-di-monaco-2024\\\/#breadcrumb\",\"itemListElement\":[{\"@type\":\"ListItem\",\"position\":1,\"name\":\"Accueil\",\"item\":\"https:\\\/\\\/www.monaco-tribune.com\\\/it\\\/\"},{\"@type\":\"ListItem\",\"position\":2,\"name\":\"Il Principe Alberto II rende omaggio ad Ayrton Senna durante la sfilata del Gran Premio Storico di Monaco 2024\"}]},{\"@type\":\"WebSite\",\"@id\":\"https:\\\/\\\/www.monaco-tribune.com\\\/it\\\/#website\",\"url\":\"https:\\\/\\\/www.monaco-tribune.com\\\/it\\\/\",\"name\":\"Monaco Tribune\",\"description\":\"Monaco : actualit\u00e9s \u00e9conomiques, politiques, culturelles et sportives de Monaco et de la French Riviera.\",\"publisher\":{\"@id\":\"https:\\\/\\\/www.monaco-tribune.com\\\/it\\\/#organization\"},\"potentialAction\":[{\"@type\":\"SearchAction\",\"target\":{\"@type\":\"EntryPoint\",\"urlTemplate\":\"https:\\\/\\\/www.monaco-tribune.com\\\/it\\\/?s={search_term_string}\"},\"query-input\":{\"@type\":\"PropertyValueSpecification\",\"valueRequired\":true,\"valueName\":\"search_term_string\"}}],\"inLanguage\":\"it-IT\"},{\"@type\":\"Organization\",\"@id\":\"https:\\\/\\\/www.monaco-tribune.com\\\/it\\\/#organization\",\"name\":\"Monaco Tribune\",\"url\":\"https:\\\/\\\/www.monaco-tribune.com\\\/it\\\/\",\"logo\":{\"@type\":\"ImageObject\",\"inLanguage\":\"it-IT\",\"@id\":\"https:\\\/\\\/www.monaco-tribune.com\\\/it\\\/#\\\/schema\\\/logo\\\/image\\\/\",\"url\":\"https:\\\/\\\/www.monaco-tribune.com\\\/wp-content\\\/uploads\\\/2022\\\/11\\\/logo-monaco-tribune.png\",\"contentUrl\":\"https:\\\/\\\/www.monaco-tribune.com\\\/wp-content\\\/uploads\\\/2022\\\/11\\\/logo-monaco-tribune.png\",\"width\":1548,\"height\":600,\"caption\":\"Monaco Tribune\"},\"image\":{\"@id\":\"https:\\\/\\\/www.monaco-tribune.com\\\/it\\\/#\\\/schema\\\/logo\\\/image\\\/\"},\"sameAs\":[\"https:\\\/\\\/www.facebook.com\\\/MonacoTribune\",\"https:\\\/\\\/x.com\\\/MonacoTribune\",\"https:\\\/\\\/www.instagram.com\\\/monacotribune\\\/\",\"https:\\\/\\\/www.linkedin.com\\\/company\\\/monaco-tribune\",\"https:\\\/\\\/www.youtube.com\\\/channel\\\/UCHle1MnG6hw1y4lWKijVbMA\"]},{\"@type\":\"Person\",\"@id\":\"https:\\\/\\\/www.monaco-tribune.com\\\/it\\\/#\\\/schema\\\/person\\\/430d20b322a92cf77ed693c80401a9f1\",\"name\":\"Killian Masurier\",\"image\":{\"@type\":\"ImageObject\",\"inLanguage\":\"it-IT\",\"@id\":\"https:\\\/\\\/secure.gravatar.com\\\/avatar\\\/2b945dc7d96e6fec85032621c16cd3de6e31a754758f25fdb5adce4ef6696a8e?s=96&d=mm&r=g\",\"url\":\"https:\\\/\\\/secure.gravatar.com\\\/avatar\\\/2b945dc7d96e6fec85032621c16cd3de6e31a754758f25fdb5adce4ef6696a8e?s=96&d=mm&r=g\",\"contentUrl\":\"https:\\\/\\\/secure.gravatar.com\\\/avatar\\\/2b945dc7d96e6fec85032621c16cd3de6e31a754758f25fdb5adce4ef6696a8e?s=96&d=mm&r=g\",\"caption\":\"Killian Masurier\"},\"url\":\"https:\\\/\\\/www.monaco-tribune.com\\\/it\\\/author\\\/killianmasurier\\\/\"}]}<\/script>\n<!-- \/ Yoast SEO Premium plugin. -->","yoast_head_json":{"title":"Il Principe Alberto II rende omaggio ad Ayrton Senna durante la sfilata del Gran Premio Storico di Monaco 2024","description":"Dal 10 al 12 maggio, Monaco ha ospitato il suo Gran Premio Storico. \u00c8 stata l'occasione perfetta per onorare la memoria del pilota brasiliano scomparso 30","robots":{"index":"index","follow":"follow","max-snippet":"max-snippet:-1","max-image-preview":"max-image-preview:large","max-video-preview":"max-video-preview:-1"},"canonical":"https:\/\/www.monaco-tribune.com\/it\/2024\/05\/il-principe-alberto-ii-rende-omaggio-ad-ayrton-senna-durante-la-sfilata-del-gran-premio-storico-di-monaco-2024\/","og_locale":"it_IT","og_type":"article","og_title":"Il Principe Alberto II rende omaggio ad Ayrton Senna durante la sfilata del Gran Premio Storico di Monaco 2024 - Monaco Tribune","og_description":"Dal 10 al 12 maggio, Monaco ha ospitato il suo Gran Premio Storico. \u00c8 stata l'occasione perfetta per onorare la memoria del pilota brasiliano scomparso 30","og_url":"https:\/\/www.monaco-tribune.com\/it\/2024\/05\/il-principe-alberto-ii-rende-omaggio-ad-ayrton-senna-durante-la-sfilata-del-gran-premio-storico-di-monaco-2024\/","og_site_name":"Monaco Tribune","article_publisher":"https:\/\/www.facebook.com\/MonacoTribune","article_published_time":"2024-05-14T13:47:53+00:00","article_modified_time":"2024-05-14T13:48:02+00:00","og_image":[{"width":1200,"height":800,"url":"https:\/\/www.monaco-tribune.com\/wp-content\/uploads\/2024\/05\/le-prince-albert-ii-present-au-grand-prix-de-monaco-historique-pour-la-parade-en-hommage-a-ayrton-senna1.jpg","type":"image\/jpeg"}],"author":"Killian Masurier","twitter_card":"summary_large_image","twitter_creator":"@MonacoTribune","twitter_site":"@MonacoTribune","schema":{"@context":"https:\/\/schema.org","@graph":[{"@type":"NewsArticle","@id":"https:\/\/www.monaco-tribune.com\/it\/2024\/05\/il-principe-alberto-ii-rende-omaggio-ad-ayrton-senna-durante-la-sfilata-del-gran-premio-storico-di-monaco-2024\/#article","isPartOf":{"@id":"https:\/\/www.monaco-tribune.com\/it\/2024\/05\/il-principe-alberto-ii-rende-omaggio-ad-ayrton-senna-durante-la-sfilata-del-gran-premio-storico-di-monaco-2024\/"},"author":{"name":"Killian Masurier","@id":"https:\/\/www.monaco-tribune.com\/it\/#\/schema\/person\/430d20b322a92cf77ed693c80401a9f1"},"headline":"Il Principe Alberto II rende omaggio ad Ayrton Senna durante la sfilata del Gran Premio Storico di Monaco 2024","datePublished":"2024-05-14T13:47:53+00:00","dateModified":"2024-05-14T13:48:02+00:00","mainEntityOfPage":{"@id":"https:\/\/www.monaco-tribune.com\/it\/2024\/05\/il-principe-alberto-ii-rende-omaggio-ad-ayrton-senna-durante-la-sfilata-del-gran-premio-storico-di-monaco-2024\/"},"wordCount":504,"publisher":{"@id":"https:\/\/www.monaco-tribune.com\/it\/#organization"},"image":{"@id":"https:\/\/www.monaco-tribune.com\/it\/2024\/05\/il-principe-alberto-ii-rende-omaggio-ad-ayrton-senna-durante-la-sfilata-del-gran-premio-storico-di-monaco-2024\/#primaryimage"},"thumbnailUrl":"https:\/\/www.monaco-tribune.com\/wp-content\/uploads\/2024\/05\/le-prince-albert-ii-present-au-grand-prix-de-monaco-historique-pour-la-parade-en-hommage-a-ayrton-senna1.jpg","keywords":["Gran Premio di Monaco"],"articleSection":["Famiglia Principesca","Notizie"],"inLanguage":"it-IT","copyrightYear":"2024","copyrightHolder":{"@id":"https:\/\/www.monaco-tribune.com\/#organization"}},{"@type":"WebPage","@id":"https:\/\/www.monaco-tribune.com\/it\/2024\/05\/il-principe-alberto-ii-rende-omaggio-ad-ayrton-senna-durante-la-sfilata-del-gran-premio-storico-di-monaco-2024\/","url":"https:\/\/www.monaco-tribune.com\/it\/2024\/05\/il-principe-alberto-ii-rende-omaggio-ad-ayrton-senna-durante-la-sfilata-del-gran-premio-storico-di-monaco-2024\/","name":"Il Principe Alberto II rende omaggio ad Ayrton Senna durante la sfilata del Gran Premio Storico di Monaco 2024","isPartOf":{"@id":"https:\/\/www.monaco-tribune.com\/it\/#website"},"primaryImageOfPage":{"@id":"https:\/\/www.monaco-tribune.com\/it\/2024\/05\/il-principe-alberto-ii-rende-omaggio-ad-ayrton-senna-durante-la-sfilata-del-gran-premio-storico-di-monaco-2024\/#primaryimage"},"image":{"@id":"https:\/\/www.monaco-tribune.com\/it\/2024\/05\/il-principe-alberto-ii-rende-omaggio-ad-ayrton-senna-durante-la-sfilata-del-gran-premio-storico-di-monaco-2024\/#primaryimage"},"thumbnailUrl":"https:\/\/www.monaco-tribune.com\/wp-content\/uploads\/2024\/05\/le-prince-albert-ii-present-au-grand-prix-de-monaco-historique-pour-la-parade-en-hommage-a-ayrton-senna1.jpg","datePublished":"2024-05-14T13:47:53+00:00","dateModified":"2024-05-14T13:48:02+00:00","description":"Dal 10 al 12 maggio, Monaco ha ospitato il suo Gran Premio Storico. \u00c8 stata l'occasione perfetta per onorare la memoria del pilota brasiliano scomparso 30","breadcrumb":{"@id":"https:\/\/www.monaco-tribune.com\/it\/2024\/05\/il-principe-alberto-ii-rende-omaggio-ad-ayrton-senna-durante-la-sfilata-del-gran-premio-storico-di-monaco-2024\/#breadcrumb"},"inLanguage":"it-IT","potentialAction":[{"@type":"ReadAction","target":["https:\/\/www.monaco-tribune.com\/it\/2024\/05\/il-principe-alberto-ii-rende-omaggio-ad-ayrton-senna-durante-la-sfilata-del-gran-premio-storico-di-monaco-2024\/"]}]},{"@type":"ImageObject","inLanguage":"it-IT","@id":"https:\/\/www.monaco-tribune.com\/it\/2024\/05\/il-principe-alberto-ii-rende-omaggio-ad-ayrton-senna-durante-la-sfilata-del-gran-premio-storico-di-monaco-2024\/#primaryimage","url":"https:\/\/www.monaco-tribune.com\/wp-content\/uploads\/2024\/05\/le-prince-albert-ii-present-au-grand-prix-de-monaco-historique-pour-la-parade-en-hommage-a-ayrton-senna1.jpg","contentUrl":"https:\/\/www.monaco-tribune.com\/wp-content\/uploads\/2024\/05\/le-prince-albert-ii-present-au-grand-prix-de-monaco-historique-pour-la-parade-en-hommage-a-ayrton-senna1.jpg","width":1200,"height":800,"caption":"Il Principe Alberto II al Gran Premio Storico di Monaco per la sfilata in omaggio ad Ayrton Senna \u00a9 Palazzo del Principe di Monaco"},{"@type":"BreadcrumbList","@id":"https:\/\/www.monaco-tribune.com\/it\/2024\/05\/il-principe-alberto-ii-rende-omaggio-ad-ayrton-senna-durante-la-sfilata-del-gran-premio-storico-di-monaco-2024\/#breadcrumb","itemListElement":[{"@type":"ListItem","position":1,"name":"Accueil","item":"https:\/\/www.monaco-tribune.com\/it\/"},{"@type":"ListItem","position":2,"name":"Il Principe Alberto II rende omaggio ad Ayrton Senna durante la sfilata del Gran Premio Storico di Monaco 2024"}]},{"@type":"WebSite","@id":"https:\/\/www.monaco-tribune.com\/it\/#website","url":"https:\/\/www.monaco-tribune.com\/it\/","name":"Monaco Tribune","description":"Monaco : actualit\u00e9s \u00e9conomiques, politiques, culturelles et sportives de Monaco et de la French Riviera.","publisher":{"@id":"https:\/\/www.monaco-tribune.com\/it\/#organization"},"potentialAction":[{"@type":"SearchAction","target":{"@type":"EntryPoint","urlTemplate":"https:\/\/www.monaco-tribune.com\/it\/?s={search_term_string}"},"query-input":{"@type":"PropertyValueSpecification","valueRequired":true,"valueName":"search_term_string"}}],"inLanguage":"it-IT"},{"@type":"Organization","@id":"https:\/\/www.monaco-tribune.com\/it\/#organization","name":"Monaco Tribune","url":"https:\/\/www.monaco-tribune.com\/it\/","logo":{"@type":"ImageObject","inLanguage":"it-IT","@id":"https:\/\/www.monaco-tribune.com\/it\/#\/schema\/logo\/image\/","url":"https:\/\/www.monaco-tribune.com\/wp-content\/uploads\/2022\/11\/logo-monaco-tribune.png","contentUrl":"https:\/\/www.monaco-tribune.com\/wp-content\/uploads\/2022\/11\/logo-monaco-tribune.png","width":1548,"height":600,"caption":"Monaco Tribune"},"image":{"@id":"https:\/\/www.monaco-tribune.com\/it\/#\/schema\/logo\/image\/"},"sameAs":["https:\/\/www.facebook.com\/MonacoTribune","https:\/\/x.com\/MonacoTribune","https:\/\/www.instagram.com\/monacotribune\/","https:\/\/www.linkedin.com\/company\/monaco-tribune","https:\/\/www.youtube.com\/channel\/UCHle1MnG6hw1y4lWKijVbMA"]},{"@type":"Person","@id":"https:\/\/www.monaco-tribune.com\/it\/#\/schema\/person\/430d20b322a92cf77ed693c80401a9f1","name":"Killian Masurier","image":{"@type":"ImageObject","inLanguage":"it-IT","@id":"https:\/\/secure.gravatar.com\/avatar\/2b945dc7d96e6fec85032621c16cd3de6e31a754758f25fdb5adce4ef6696a8e?s=96&d=mm&r=g","url":"https:\/\/secure.gravatar.com\/avatar\/2b945dc7d96e6fec85032621c16cd3de6e31a754758f25fdb5adce4ef6696a8e?s=96&d=mm&r=g","contentUrl":"https:\/\/secure.gravatar.com\/avatar\/2b945dc7d96e6fec85032621c16cd3de6e31a754758f25fdb5adce4ef6696a8e?s=96&d=mm&r=g","caption":"Killian Masurier"},"url":"https:\/\/www.monaco-tribune.com\/it\/author\/killianmasurier\/"}]}},"_links":{"self":[{"href":"https:\/\/www.monaco-tribune.com\/it\/wp-json\/wp\/v2\/posts\/232576","targetHints":{"allow":["GET"]}}],"collection":[{"href":"https:\/\/www.monaco-tribune.com\/it\/wp-json\/wp\/v2\/posts"}],"about":[{"href":"https:\/\/www.monaco-tribune.com\/it\/wp-json\/wp\/v2\/types\/post"}],"author":[{"embeddable":true,"href":"https:\/\/www.monaco-tribune.com\/it\/wp-json\/wp\/v2\/users\/76"}],"replies":[{"embeddable":true,"href":"https:\/\/www.monaco-tribune.com\/it\/wp-json\/wp\/v2\/comments?post=232576"}],"version-history":[{"count":2,"href":"https:\/\/www.monaco-tribune.com\/it\/wp-json\/wp\/v2\/posts\/232576\/revisions"}],"predecessor-version":[{"id":232579,"href":"https:\/\/www.monaco-tribune.com\/it\/wp-json\/wp\/v2\/posts\/232576\/revisions\/232579"}],"wp:featuredmedia":[{"embeddable":true,"href":"https:\/\/www.monaco-tribune.com\/it\/wp-json\/wp\/v2\/media\/232178"}],"wp:attachment":[{"href":"https:\/\/www.monaco-tribune.com\/it\/wp-json\/wp\/v2\/media?parent=232576"}],"wp:term":[{"taxonomy":"category","embeddable":true,"href":"https:\/\/www.monaco-tribune.com\/it\/wp-json\/wp\/v2\/categories?post=232576"},{"taxonomy":"post_tag","embeddable":true,"href":"https:\/\/www.monaco-tribune.com\/it\/wp-json\/wp\/v2\/tags?post=232576"},{"taxonomy":"sectag","embeddable":true,"href":"https:\/\/www.monaco-tribune.com\/it\/wp-json\/wp\/v2\/post_sectags?post=232576"},{"taxonomy":"format","embeddable":true,"href":"https:\/\/www.monaco-tribune.com\/it\/wp-json\/wp\/v2\/post_format?post=232576"}],"curies":[{"name":"wp","href":"https:\/\/api.w.org\/{rel}","templated":true}]}}