{"id":232947,"date":"2024-05-16T18:13:51","date_gmt":"2024-05-16T16:13:51","guid":{"rendered":"https:\/\/www.monaco-tribune.com\/2024\/05\/la-famiglia-principesca-accolta-alleliseo-da-emmanuel-macron\/"},"modified":"2024-05-16T18:14:03","modified_gmt":"2024-05-16T16:14:03","slug":"la-famiglia-principesca-accolta-alleliseo-da-emmanuel-macron","status":"publish","type":"post","link":"https:\/\/www.monaco-tribune.com\/it\/2024\/05\/la-famiglia-principesca-accolta-alleliseo-da-emmanuel-macron\/","title":{"rendered":"La famiglia Principesca accolta all&#8217;Eliseo da Emmanuel Macron"},"content":{"rendered":"\n<p><strong>Marted\u00ec 14 maggio, il Principe Alberto II ha ricevuto l&#8217;onorificenza di Commendatore del Merito Agricolo dal Presidente della Repubblica francese, Emmanuel Macron, presso il Palazzo dell&#8217;Eliseo a Parigi.<\/strong><\/p>\n\n<p>Con le congratulazioni di Emmanuel Macron e sua moglie Brigitte Macron, il Principe Alberto II \u00e8 stato insignito Commendatore del Merito Agricolo alla presenza della Principessa Charl\u00e8ne, della Principessa di Hannover, del Principe ereditario Jacques, della Principessa Gabriella e di numerose personalit\u00e0 monegasche e francesi.<\/p>\n\n<p>Il Merito agricolo viene assegnato a uomini e donne che hanno reso servizi meritevoli all&#8217;agricoltura francese. Il Principe l&#8217;ha ottenuto in particolare per i numerosi siti storici Grimaldi nei comuni francesi e per le loro aziende agricole.<\/p>\n<div class=\"wp-block-image\">\n<figure class=\"aligncenter size-large\"><img loading=\"lazy\" decoding=\"async\" width=\"1024\" height=\"683\" src=\"https:\/\/www.monaco-tribune.com\/wp-content\/uploads\/2024\/05\/famille-princiere-prince-albert-ii-elysee-emmanuel-macron-2-1024x683.jpg\" alt=\"\" class=\"wp-image-232779\" srcset=\"https:\/\/www.monaco-tribune.com\/wp-content\/uploads\/2024\/05\/famille-princiere-prince-albert-ii-elysee-emmanuel-macron-2-1024x683.jpg 1024w, https:\/\/www.monaco-tribune.com\/wp-content\/uploads\/2024\/05\/famille-princiere-prince-albert-ii-elysee-emmanuel-macron-2-450x300.jpg 450w, https:\/\/www.monaco-tribune.com\/wp-content\/uploads\/2024\/05\/famille-princiere-prince-albert-ii-elysee-emmanuel-macron-2.jpg 1440w\" sizes=\"auto, (max-width: 1024px) 100vw, 1024px\" \/><figcaption class=\"wp-element-caption\"><em>\u00a9 \u00c9ric Mathon \/ Palazzo del Principe<\/em><\/figcaption><\/figure>\n<\/div><div class=\"wp-block-image\">\n<figure class=\"aligncenter size-large\"><img loading=\"lazy\" decoding=\"async\" width=\"1024\" height=\"683\" src=\"https:\/\/www.monaco-tribune.com\/wp-content\/uploads\/2024\/05\/famille-princiere-prince-albert-ii-elysee-emmanuel-macron-6-1024x683.jpg\" alt=\"\" class=\"wp-image-232783\" srcset=\"https:\/\/www.monaco-tribune.com\/wp-content\/uploads\/2024\/05\/famille-princiere-prince-albert-ii-elysee-emmanuel-macron-6-1024x683.jpg 1024w, https:\/\/www.monaco-tribune.com\/wp-content\/uploads\/2024\/05\/famille-princiere-prince-albert-ii-elysee-emmanuel-macron-6-450x300.jpg 450w, https:\/\/www.monaco-tribune.com\/wp-content\/uploads\/2024\/05\/famille-princiere-prince-albert-ii-elysee-emmanuel-macron-6.jpg 1440w\" sizes=\"auto, (max-width: 1024px) 100vw, 1024px\" \/><figcaption class=\"wp-element-caption\"><em>\u00a9 \u00c9ric Mathon \/ Palazzo del Principe<\/em><\/figcaption><\/figure>\n<\/div><div class=\"wp-block-image\">\n<figure class=\"aligncenter size-large\"><img loading=\"lazy\" decoding=\"async\" width=\"1024\" height=\"683\" src=\"https:\/\/www.monaco-tribune.com\/wp-content\/uploads\/2024\/05\/famille-princiere-prince-albert-ii-elysee-emmanuel-macron-4-1024x683.jpg\" alt=\"\" class=\"wp-image-232787\" srcset=\"https:\/\/www.monaco-tribune.com\/wp-content\/uploads\/2024\/05\/famille-princiere-prince-albert-ii-elysee-emmanuel-macron-4-1024x683.jpg 1024w, https:\/\/www.monaco-tribune.com\/wp-content\/uploads\/2024\/05\/famille-princiere-prince-albert-ii-elysee-emmanuel-macron-4-450x300.jpg 450w, https:\/\/www.monaco-tribune.com\/wp-content\/uploads\/2024\/05\/famille-princiere-prince-albert-ii-elysee-emmanuel-macron-4.jpg 1440w\" sizes=\"auto, (max-width: 1024px) 100vw, 1024px\" \/><figcaption class=\"wp-element-caption\"><em>\u00a9 \u00c9ric Mathon \/ Palazzo del Principe<\/em><\/figcaption><\/figure>\n<\/div><div class=\"wp-block-image\">\n<figure class=\"aligncenter size-large\"><img loading=\"lazy\" decoding=\"async\" width=\"1024\" height=\"685\" src=\"https:\/\/www.monaco-tribune.com\/wp-content\/uploads\/2024\/05\/famille-princiere-prince-albert-ii-elysee-emmanuel-macron-1-1024x685.jpg\" alt=\"\" class=\"wp-image-232791\" srcset=\"https:\/\/www.monaco-tribune.com\/wp-content\/uploads\/2024\/05\/famille-princiere-prince-albert-ii-elysee-emmanuel-macron-1-1024x685.jpg 1024w, https:\/\/www.monaco-tribune.com\/wp-content\/uploads\/2024\/05\/famille-princiere-prince-albert-ii-elysee-emmanuel-macron-1-449x300.jpg 449w, https:\/\/www.monaco-tribune.com\/wp-content\/uploads\/2024\/05\/famille-princiere-prince-albert-ii-elysee-emmanuel-macron-1.jpg 1440w\" sizes=\"auto, (max-width: 1024px) 100vw, 1024px\" \/><figcaption class=\"wp-element-caption\"><em>Emmanuel Macron a fianco della Famiglia Principesca \u00a9 \u00c9ric Mathon \/ Palazzo del Principe<\/em><\/figcaption><\/figure>\n<\/div><div class=\"wp-block-image\">\n<figure class=\"aligncenter size-large\"><img loading=\"lazy\" decoding=\"async\" width=\"1024\" height=\"683\" src=\"https:\/\/www.monaco-tribune.com\/wp-content\/uploads\/2024\/05\/famille-princiere-prince-albert-ii-elysee-emmanuel-macron-5-1024x683.jpg\" alt=\"\" class=\"wp-image-232795\" srcset=\"https:\/\/www.monaco-tribune.com\/wp-content\/uploads\/2024\/05\/famille-princiere-prince-albert-ii-elysee-emmanuel-macron-5-1024x683.jpg 1024w, https:\/\/www.monaco-tribune.com\/wp-content\/uploads\/2024\/05\/famille-princiere-prince-albert-ii-elysee-emmanuel-macron-5-450x300.jpg 450w, https:\/\/www.monaco-tribune.com\/wp-content\/uploads\/2024\/05\/famille-princiere-prince-albert-ii-elysee-emmanuel-macron-5.jpg 1440w\" sizes=\"auto, (max-width: 1024px) 100vw, 1024px\" \/><figcaption class=\"wp-element-caption\"><em>Brigitte Macron a fianco della Famiglia Principesca \u00a9 \u00c9ric Mathon \/ Palazzo del Principe<\/em><\/figcaption><\/figure>\n<\/div>\n<p>Sempre a Parigi, lo scorso dicembre, al Principe Alberto \u00e8 stato assegnato il <a href=\"https:\/\/www.monaco-tribune.com\/2023\/12\/le-prince-albert-ii-premier-laureat-du-prix-de-la-transition-ecologique\/\">Premio per la transizione ecologica<\/a> dalla rivista <em>Politique Internationale<\/em> e dal <em>Cercle MBC<\/em> per il suo impegno nella salvaguardia dell&#8217;ambiente.<\/p>\n\n<p>Lo scorso novembre, inoltre, il Principe ha ricevuto le insegne dell\u2019Ordine Supremo della SS.Annunziata da parte del padre del Principe Emanuele Filiberto di Savoia, residente monegasco. Questo ordine dinastico \u00e8 la pi\u00f9 alta onorificenza conferita dalla Real Casa di Savoia e, in passato, dal Re d&#8217;Italia.<\/p>\n\n<p>All&#8217;estero, invece, il Sovrano \u00e8 stato <a href=\"https:\/\/www.monaco-tribune.com\/2023\/11\/le-prince-albert-ii-recu-par-le-roi-abdullah-shah-en-malaisie\/\">insignito dal Re della Malesia Abdullah Shah<\/a> dell&#8217;Ordine della Corona del Regno, la pi\u00f9 alta onorificenza nazionale, che pu\u00f2 essere conferita solo al Re della Malesia all&#8217;inizio del suo regno, e a sua moglie, la Regina della Malesia.<\/p>\n\n<p class=\"related\"><a href=\"https:\/\/www.monaco-tribune.com\/it\/2024\/05\/il-principe-alberto-ii-e-la-principessa-carolina-festeggiano-i-40-anni-del-roseto-principessa-grace\/\">Il Principe Alberto II e la Principessa Carolina festeggiano i 40 anni del Roseto Principessa Grace<\/a><\/p>\n","protected":false},"excerpt":{"rendered":"<p>Marted\u00ec 14 maggio, il Principe Alberto II ha ricevuto l&#8217;onorificenza di Commendatore del Merito Agricolo dal Presidente della Repubblica francese, [&hellip;]<\/p>\n","protected":false},"author":77,"featured_media":232803,"comment_status":"closed","ping_status":"closed","sticky":false,"template":"","format":"standard","meta":{"_acf_changed":false,"footnotes":""},"categories":[1742,1826,1738],"tags":[2986],"post_sectags":[4047],"post_format":[2474],"class_list":["post-232947","post","type-post","status-publish","format-standard","has-post-thumbnail","hentry","category-famiglia-principesca","category-la-nostra-scelta","category-notizie","tag-principe-alberto-ii","sectag-famiglia-principesca-di-monaco","format-foto"],"acf":[],"yoast_head":"<!-- This site is optimized with the Yoast SEO Premium plugin v26.8 (Yoast SEO v27.5) - https:\/\/yoast.com\/product\/yoast-seo-premium-wordpress\/ -->\n<title>La famiglia Principesca accolta all&#039;Eliseo da Emmanuel Macron<\/title>\n<meta name=\"description\" content=\"Marted\u00ec 14 maggio, il Principe Alberto II ha ricevuto l&#039;onorificenza di Commendatore del Merito Agricolo dal Presidente della Repubblica francese,\" \/>\n<meta name=\"robots\" content=\"index, follow, max-snippet:-1, max-image-preview:large, max-video-preview:-1\" \/>\n<link rel=\"canonical\" href=\"https:\/\/www.monaco-tribune.com\/it\/2024\/05\/la-famiglia-principesca-accolta-alleliseo-da-emmanuel-macron\/\" \/>\n<meta property=\"og:locale\" content=\"it_IT\" \/>\n<meta property=\"og:type\" content=\"article\" \/>\n<meta property=\"og:title\" content=\"La famiglia Principesca accolta all&#039;Eliseo da Emmanuel Macron - Monaco Tribune\" \/>\n<meta property=\"og:description\" content=\"Marted\u00ec 14 maggio, il Principe Alberto II ha ricevuto l&#039;onorificenza di Commendatore del Merito Agricolo dal Presidente della Repubblica francese,\" \/>\n<meta property=\"og:url\" content=\"https:\/\/www.monaco-tribune.com\/it\/2024\/05\/la-famiglia-principesca-accolta-alleliseo-da-emmanuel-macron\/\" \/>\n<meta property=\"og:site_name\" content=\"Monaco Tribune\" \/>\n<meta property=\"article:publisher\" content=\"https:\/\/www.facebook.com\/MonacoTribune\" \/>\n<meta property=\"article:published_time\" content=\"2024-05-16T16:13:51+00:00\" \/>\n<meta property=\"article:modified_time\" content=\"2024-05-16T16:14:03+00:00\" \/>\n<meta property=\"og:image\" content=\"https:\/\/www.monaco-tribune.com\/wp-content\/uploads\/2024\/05\/famille-princiere-prince-albert-ii-elysee-emmanuel-macron-3-1.jpg\" \/>\n\t<meta property=\"og:image:width\" content=\"1440\" \/>\n\t<meta property=\"og:image:height\" content=\"960\" \/>\n\t<meta property=\"og:image:type\" content=\"image\/jpeg\" \/>\n<meta name=\"author\" content=\"Ana\u00efs Riu\" \/>\n<meta name=\"twitter:card\" content=\"summary_large_image\" \/>\n<meta name=\"twitter:creator\" content=\"@MonacoTribune\" \/>\n<meta name=\"twitter:site\" content=\"@MonacoTribune\" \/>\n<script type=\"application\/ld+json\" class=\"yoast-schema-graph\">{\"@context\":\"https:\\\/\\\/schema.org\",\"@graph\":[{\"@type\":\"NewsArticle\",\"@id\":\"https:\\\/\\\/www.monaco-tribune.com\\\/it\\\/2024\\\/05\\\/la-famiglia-principesca-accolta-alleliseo-da-emmanuel-macron\\\/#article\",\"isPartOf\":{\"@id\":\"https:\\\/\\\/www.monaco-tribune.com\\\/it\\\/2024\\\/05\\\/la-famiglia-principesca-accolta-alleliseo-da-emmanuel-macron\\\/\"},\"author\":{\"name\":\"Ana\u00efs Riu\",\"@id\":\"https:\\\/\\\/www.monaco-tribune.com\\\/it\\\/#\\\/schema\\\/person\\\/6db631c784f2f0eff54c3ca4d1da2d49\"},\"headline\":\"La famiglia Principesca accolta all&#8217;Eliseo da Emmanuel Macron\",\"datePublished\":\"2024-05-16T16:13:51+00:00\",\"dateModified\":\"2024-05-16T16:14:03+00:00\",\"mainEntityOfPage\":{\"@id\":\"https:\\\/\\\/www.monaco-tribune.com\\\/it\\\/2024\\\/05\\\/la-famiglia-principesca-accolta-alleliseo-da-emmanuel-macron\\\/\"},\"wordCount\":303,\"publisher\":{\"@id\":\"https:\\\/\\\/www.monaco-tribune.com\\\/it\\\/#organization\"},\"image\":{\"@id\":\"https:\\\/\\\/www.monaco-tribune.com\\\/it\\\/2024\\\/05\\\/la-famiglia-principesca-accolta-alleliseo-da-emmanuel-macron\\\/#primaryimage\"},\"thumbnailUrl\":\"https:\\\/\\\/www.monaco-tribune.com\\\/wp-content\\\/uploads\\\/2024\\\/05\\\/famille-princiere-prince-albert-ii-elysee-emmanuel-macron-3-1.jpg\",\"keywords\":[\"Principe Alberto II\"],\"articleSection\":[\"Famiglia Principesca\",\"La nostra scelta\",\"Notizie\"],\"inLanguage\":\"it-IT\",\"copyrightYear\":\"2024\",\"copyrightHolder\":{\"@id\":\"https:\\\/\\\/www.monaco-tribune.com\\\/#organization\"}},{\"@type\":\"WebPage\",\"@id\":\"https:\\\/\\\/www.monaco-tribune.com\\\/it\\\/2024\\\/05\\\/la-famiglia-principesca-accolta-alleliseo-da-emmanuel-macron\\\/\",\"url\":\"https:\\\/\\\/www.monaco-tribune.com\\\/it\\\/2024\\\/05\\\/la-famiglia-principesca-accolta-alleliseo-da-emmanuel-macron\\\/\",\"name\":\"La famiglia Principesca accolta all'Eliseo da Emmanuel Macron\",\"isPartOf\":{\"@id\":\"https:\\\/\\\/www.monaco-tribune.com\\\/it\\\/#website\"},\"primaryImageOfPage\":{\"@id\":\"https:\\\/\\\/www.monaco-tribune.com\\\/it\\\/2024\\\/05\\\/la-famiglia-principesca-accolta-alleliseo-da-emmanuel-macron\\\/#primaryimage\"},\"image\":{\"@id\":\"https:\\\/\\\/www.monaco-tribune.com\\\/it\\\/2024\\\/05\\\/la-famiglia-principesca-accolta-alleliseo-da-emmanuel-macron\\\/#primaryimage\"},\"thumbnailUrl\":\"https:\\\/\\\/www.monaco-tribune.com\\\/wp-content\\\/uploads\\\/2024\\\/05\\\/famille-princiere-prince-albert-ii-elysee-emmanuel-macron-3-1.jpg\",\"datePublished\":\"2024-05-16T16:13:51+00:00\",\"dateModified\":\"2024-05-16T16:14:03+00:00\",\"description\":\"Marted\u00ec 14 maggio, il Principe Alberto II ha ricevuto l'onorificenza di Commendatore del Merito Agricolo dal Presidente della Repubblica francese,\",\"breadcrumb\":{\"@id\":\"https:\\\/\\\/www.monaco-tribune.com\\\/it\\\/2024\\\/05\\\/la-famiglia-principesca-accolta-alleliseo-da-emmanuel-macron\\\/#breadcrumb\"},\"inLanguage\":\"it-IT\",\"potentialAction\":[{\"@type\":\"ReadAction\",\"target\":[\"https:\\\/\\\/www.monaco-tribune.com\\\/it\\\/2024\\\/05\\\/la-famiglia-principesca-accolta-alleliseo-da-emmanuel-macron\\\/\"]}]},{\"@type\":\"ImageObject\",\"inLanguage\":\"it-IT\",\"@id\":\"https:\\\/\\\/www.monaco-tribune.com\\\/it\\\/2024\\\/05\\\/la-famiglia-principesca-accolta-alleliseo-da-emmanuel-macron\\\/#primaryimage\",\"url\":\"https:\\\/\\\/www.monaco-tribune.com\\\/wp-content\\\/uploads\\\/2024\\\/05\\\/famille-princiere-prince-albert-ii-elysee-emmanuel-macron-3-1.jpg\",\"contentUrl\":\"https:\\\/\\\/www.monaco-tribune.com\\\/wp-content\\\/uploads\\\/2024\\\/05\\\/famille-princiere-prince-albert-ii-elysee-emmanuel-macron-3-1.jpg\",\"width\":1440,\"height\":960,\"caption\":\"L'Ordine del Merito Agricolo premia, tra l'altro, ogni genere di attivit\u00e0 che promuove il mondo agricolo \u00a9 \u00c9ric Mathon \\\/ Palazzo del Principe\"},{\"@type\":\"BreadcrumbList\",\"@id\":\"https:\\\/\\\/www.monaco-tribune.com\\\/it\\\/2024\\\/05\\\/la-famiglia-principesca-accolta-alleliseo-da-emmanuel-macron\\\/#breadcrumb\",\"itemListElement\":[{\"@type\":\"ListItem\",\"position\":1,\"name\":\"Accueil\",\"item\":\"https:\\\/\\\/www.monaco-tribune.com\\\/it\\\/\"},{\"@type\":\"ListItem\",\"position\":2,\"name\":\"La famiglia Principesca accolta all&#8217;Eliseo da Emmanuel Macron\"}]},{\"@type\":\"WebSite\",\"@id\":\"https:\\\/\\\/www.monaco-tribune.com\\\/it\\\/#website\",\"url\":\"https:\\\/\\\/www.monaco-tribune.com\\\/it\\\/\",\"name\":\"Monaco Tribune\",\"description\":\"Monaco : actualit\u00e9s \u00e9conomiques, politiques, culturelles et sportives de Monaco et de la French Riviera.\",\"publisher\":{\"@id\":\"https:\\\/\\\/www.monaco-tribune.com\\\/it\\\/#organization\"},\"potentialAction\":[{\"@type\":\"SearchAction\",\"target\":{\"@type\":\"EntryPoint\",\"urlTemplate\":\"https:\\\/\\\/www.monaco-tribune.com\\\/it\\\/?s={search_term_string}\"},\"query-input\":{\"@type\":\"PropertyValueSpecification\",\"valueRequired\":true,\"valueName\":\"search_term_string\"}}],\"inLanguage\":\"it-IT\"},{\"@type\":\"Organization\",\"@id\":\"https:\\\/\\\/www.monaco-tribune.com\\\/it\\\/#organization\",\"name\":\"Monaco Tribune\",\"url\":\"https:\\\/\\\/www.monaco-tribune.com\\\/it\\\/\",\"logo\":{\"@type\":\"ImageObject\",\"inLanguage\":\"it-IT\",\"@id\":\"https:\\\/\\\/www.monaco-tribune.com\\\/it\\\/#\\\/schema\\\/logo\\\/image\\\/\",\"url\":\"https:\\\/\\\/www.monaco-tribune.com\\\/wp-content\\\/uploads\\\/2022\\\/11\\\/logo-monaco-tribune.png\",\"contentUrl\":\"https:\\\/\\\/www.monaco-tribune.com\\\/wp-content\\\/uploads\\\/2022\\\/11\\\/logo-monaco-tribune.png\",\"width\":1548,\"height\":600,\"caption\":\"Monaco Tribune\"},\"image\":{\"@id\":\"https:\\\/\\\/www.monaco-tribune.com\\\/it\\\/#\\\/schema\\\/logo\\\/image\\\/\"},\"sameAs\":[\"https:\\\/\\\/www.facebook.com\\\/MonacoTribune\",\"https:\\\/\\\/x.com\\\/MonacoTribune\",\"https:\\\/\\\/www.instagram.com\\\/monacotribune\\\/\",\"https:\\\/\\\/www.linkedin.com\\\/company\\\/monaco-tribune\",\"https:\\\/\\\/www.youtube.com\\\/channel\\\/UCHle1MnG6hw1y4lWKijVbMA\"]},{\"@type\":\"Person\",\"@id\":\"https:\\\/\\\/www.monaco-tribune.com\\\/it\\\/#\\\/schema\\\/person\\\/6db631c784f2f0eff54c3ca4d1da2d49\",\"name\":\"Ana\u00efs Riu\",\"image\":{\"@type\":\"ImageObject\",\"inLanguage\":\"it-IT\",\"@id\":\"https:\\\/\\\/secure.gravatar.com\\\/avatar\\\/9137eff67ff750f1997c171f45e5829ca4c8fa34729a8f8cd9dc85be7e50df7f?s=96&d=mm&r=g\",\"url\":\"https:\\\/\\\/secure.gravatar.com\\\/avatar\\\/9137eff67ff750f1997c171f45e5829ca4c8fa34729a8f8cd9dc85be7e50df7f?s=96&d=mm&r=g\",\"contentUrl\":\"https:\\\/\\\/secure.gravatar.com\\\/avatar\\\/9137eff67ff750f1997c171f45e5829ca4c8fa34729a8f8cd9dc85be7e50df7f?s=96&d=mm&r=g\",\"caption\":\"Ana\u00efs Riu\"},\"url\":\"https:\\\/\\\/www.monaco-tribune.com\\\/it\\\/author\\\/anaisriu\\\/\"}]}<\/script>\n<!-- \/ Yoast SEO Premium plugin. -->","yoast_head_json":{"title":"La famiglia Principesca accolta all'Eliseo da Emmanuel Macron","description":"Marted\u00ec 14 maggio, il Principe Alberto II ha ricevuto l'onorificenza di Commendatore del Merito Agricolo dal Presidente della Repubblica francese,","robots":{"index":"index","follow":"follow","max-snippet":"max-snippet:-1","max-image-preview":"max-image-preview:large","max-video-preview":"max-video-preview:-1"},"canonical":"https:\/\/www.monaco-tribune.com\/it\/2024\/05\/la-famiglia-principesca-accolta-alleliseo-da-emmanuel-macron\/","og_locale":"it_IT","og_type":"article","og_title":"La famiglia Principesca accolta all'Eliseo da Emmanuel Macron - Monaco Tribune","og_description":"Marted\u00ec 14 maggio, il Principe Alberto II ha ricevuto l'onorificenza di Commendatore del Merito Agricolo dal Presidente della Repubblica francese,","og_url":"https:\/\/www.monaco-tribune.com\/it\/2024\/05\/la-famiglia-principesca-accolta-alleliseo-da-emmanuel-macron\/","og_site_name":"Monaco Tribune","article_publisher":"https:\/\/www.facebook.com\/MonacoTribune","article_published_time":"2024-05-16T16:13:51+00:00","article_modified_time":"2024-05-16T16:14:03+00:00","og_image":[{"width":1440,"height":960,"url":"https:\/\/www.monaco-tribune.com\/wp-content\/uploads\/2024\/05\/famille-princiere-prince-albert-ii-elysee-emmanuel-macron-3-1.jpg","type":"image\/jpeg"}],"author":"Ana\u00efs Riu","twitter_card":"summary_large_image","twitter_creator":"@MonacoTribune","twitter_site":"@MonacoTribune","schema":{"@context":"https:\/\/schema.org","@graph":[{"@type":"NewsArticle","@id":"https:\/\/www.monaco-tribune.com\/it\/2024\/05\/la-famiglia-principesca-accolta-alleliseo-da-emmanuel-macron\/#article","isPartOf":{"@id":"https:\/\/www.monaco-tribune.com\/it\/2024\/05\/la-famiglia-principesca-accolta-alleliseo-da-emmanuel-macron\/"},"author":{"name":"Ana\u00efs Riu","@id":"https:\/\/www.monaco-tribune.com\/it\/#\/schema\/person\/6db631c784f2f0eff54c3ca4d1da2d49"},"headline":"La famiglia Principesca accolta all&#8217;Eliseo da Emmanuel Macron","datePublished":"2024-05-16T16:13:51+00:00","dateModified":"2024-05-16T16:14:03+00:00","mainEntityOfPage":{"@id":"https:\/\/www.monaco-tribune.com\/it\/2024\/05\/la-famiglia-principesca-accolta-alleliseo-da-emmanuel-macron\/"},"wordCount":303,"publisher":{"@id":"https:\/\/www.monaco-tribune.com\/it\/#organization"},"image":{"@id":"https:\/\/www.monaco-tribune.com\/it\/2024\/05\/la-famiglia-principesca-accolta-alleliseo-da-emmanuel-macron\/#primaryimage"},"thumbnailUrl":"https:\/\/www.monaco-tribune.com\/wp-content\/uploads\/2024\/05\/famille-princiere-prince-albert-ii-elysee-emmanuel-macron-3-1.jpg","keywords":["Principe Alberto II"],"articleSection":["Famiglia Principesca","La nostra scelta","Notizie"],"inLanguage":"it-IT","copyrightYear":"2024","copyrightHolder":{"@id":"https:\/\/www.monaco-tribune.com\/#organization"}},{"@type":"WebPage","@id":"https:\/\/www.monaco-tribune.com\/it\/2024\/05\/la-famiglia-principesca-accolta-alleliseo-da-emmanuel-macron\/","url":"https:\/\/www.monaco-tribune.com\/it\/2024\/05\/la-famiglia-principesca-accolta-alleliseo-da-emmanuel-macron\/","name":"La famiglia Principesca accolta all'Eliseo da Emmanuel Macron","isPartOf":{"@id":"https:\/\/www.monaco-tribune.com\/it\/#website"},"primaryImageOfPage":{"@id":"https:\/\/www.monaco-tribune.com\/it\/2024\/05\/la-famiglia-principesca-accolta-alleliseo-da-emmanuel-macron\/#primaryimage"},"image":{"@id":"https:\/\/www.monaco-tribune.com\/it\/2024\/05\/la-famiglia-principesca-accolta-alleliseo-da-emmanuel-macron\/#primaryimage"},"thumbnailUrl":"https:\/\/www.monaco-tribune.com\/wp-content\/uploads\/2024\/05\/famille-princiere-prince-albert-ii-elysee-emmanuel-macron-3-1.jpg","datePublished":"2024-05-16T16:13:51+00:00","dateModified":"2024-05-16T16:14:03+00:00","description":"Marted\u00ec 14 maggio, il Principe Alberto II ha ricevuto l'onorificenza di Commendatore del Merito Agricolo dal Presidente della Repubblica francese,","breadcrumb":{"@id":"https:\/\/www.monaco-tribune.com\/it\/2024\/05\/la-famiglia-principesca-accolta-alleliseo-da-emmanuel-macron\/#breadcrumb"},"inLanguage":"it-IT","potentialAction":[{"@type":"ReadAction","target":["https:\/\/www.monaco-tribune.com\/it\/2024\/05\/la-famiglia-principesca-accolta-alleliseo-da-emmanuel-macron\/"]}]},{"@type":"ImageObject","inLanguage":"it-IT","@id":"https:\/\/www.monaco-tribune.com\/it\/2024\/05\/la-famiglia-principesca-accolta-alleliseo-da-emmanuel-macron\/#primaryimage","url":"https:\/\/www.monaco-tribune.com\/wp-content\/uploads\/2024\/05\/famille-princiere-prince-albert-ii-elysee-emmanuel-macron-3-1.jpg","contentUrl":"https:\/\/www.monaco-tribune.com\/wp-content\/uploads\/2024\/05\/famille-princiere-prince-albert-ii-elysee-emmanuel-macron-3-1.jpg","width":1440,"height":960,"caption":"L'Ordine del Merito Agricolo premia, tra l'altro, ogni genere di attivit\u00e0 che promuove il mondo agricolo \u00a9 \u00c9ric Mathon \/ Palazzo del Principe"},{"@type":"BreadcrumbList","@id":"https:\/\/www.monaco-tribune.com\/it\/2024\/05\/la-famiglia-principesca-accolta-alleliseo-da-emmanuel-macron\/#breadcrumb","itemListElement":[{"@type":"ListItem","position":1,"name":"Accueil","item":"https:\/\/www.monaco-tribune.com\/it\/"},{"@type":"ListItem","position":2,"name":"La famiglia Principesca accolta all&#8217;Eliseo da Emmanuel Macron"}]},{"@type":"WebSite","@id":"https:\/\/www.monaco-tribune.com\/it\/#website","url":"https:\/\/www.monaco-tribune.com\/it\/","name":"Monaco Tribune","description":"Monaco : actualit\u00e9s \u00e9conomiques, politiques, culturelles et sportives de Monaco et de la French Riviera.","publisher":{"@id":"https:\/\/www.monaco-tribune.com\/it\/#organization"},"potentialAction":[{"@type":"SearchAction","target":{"@type":"EntryPoint","urlTemplate":"https:\/\/www.monaco-tribune.com\/it\/?s={search_term_string}"},"query-input":{"@type":"PropertyValueSpecification","valueRequired":true,"valueName":"search_term_string"}}],"inLanguage":"it-IT"},{"@type":"Organization","@id":"https:\/\/www.monaco-tribune.com\/it\/#organization","name":"Monaco Tribune","url":"https:\/\/www.monaco-tribune.com\/it\/","logo":{"@type":"ImageObject","inLanguage":"it-IT","@id":"https:\/\/www.monaco-tribune.com\/it\/#\/schema\/logo\/image\/","url":"https:\/\/www.monaco-tribune.com\/wp-content\/uploads\/2022\/11\/logo-monaco-tribune.png","contentUrl":"https:\/\/www.monaco-tribune.com\/wp-content\/uploads\/2022\/11\/logo-monaco-tribune.png","width":1548,"height":600,"caption":"Monaco Tribune"},"image":{"@id":"https:\/\/www.monaco-tribune.com\/it\/#\/schema\/logo\/image\/"},"sameAs":["https:\/\/www.facebook.com\/MonacoTribune","https:\/\/x.com\/MonacoTribune","https:\/\/www.instagram.com\/monacotribune\/","https:\/\/www.linkedin.com\/company\/monaco-tribune","https:\/\/www.youtube.com\/channel\/UCHle1MnG6hw1y4lWKijVbMA"]},{"@type":"Person","@id":"https:\/\/www.monaco-tribune.com\/it\/#\/schema\/person\/6db631c784f2f0eff54c3ca4d1da2d49","name":"Ana\u00efs Riu","image":{"@type":"ImageObject","inLanguage":"it-IT","@id":"https:\/\/secure.gravatar.com\/avatar\/9137eff67ff750f1997c171f45e5829ca4c8fa34729a8f8cd9dc85be7e50df7f?s=96&d=mm&r=g","url":"https:\/\/secure.gravatar.com\/avatar\/9137eff67ff750f1997c171f45e5829ca4c8fa34729a8f8cd9dc85be7e50df7f?s=96&d=mm&r=g","contentUrl":"https:\/\/secure.gravatar.com\/avatar\/9137eff67ff750f1997c171f45e5829ca4c8fa34729a8f8cd9dc85be7e50df7f?s=96&d=mm&r=g","caption":"Ana\u00efs Riu"},"url":"https:\/\/www.monaco-tribune.com\/it\/author\/anaisriu\/"}]}},"_links":{"self":[{"href":"https:\/\/www.monaco-tribune.com\/it\/wp-json\/wp\/v2\/posts\/232947","targetHints":{"allow":["GET"]}}],"collection":[{"href":"https:\/\/www.monaco-tribune.com\/it\/wp-json\/wp\/v2\/posts"}],"about":[{"href":"https:\/\/www.monaco-tribune.com\/it\/wp-json\/wp\/v2\/types\/post"}],"author":[{"embeddable":true,"href":"https:\/\/www.monaco-tribune.com\/it\/wp-json\/wp\/v2\/users\/77"}],"replies":[{"embeddable":true,"href":"https:\/\/www.monaco-tribune.com\/it\/wp-json\/wp\/v2\/comments?post=232947"}],"version-history":[{"count":2,"href":"https:\/\/www.monaco-tribune.com\/it\/wp-json\/wp\/v2\/posts\/232947\/revisions"}],"predecessor-version":[{"id":232952,"href":"https:\/\/www.monaco-tribune.com\/it\/wp-json\/wp\/v2\/posts\/232947\/revisions\/232952"}],"wp:featuredmedia":[{"embeddable":true,"href":"https:\/\/www.monaco-tribune.com\/it\/wp-json\/wp\/v2\/media\/232803"}],"wp:attachment":[{"href":"https:\/\/www.monaco-tribune.com\/it\/wp-json\/wp\/v2\/media?parent=232947"}],"wp:term":[{"taxonomy":"category","embeddable":true,"href":"https:\/\/www.monaco-tribune.com\/it\/wp-json\/wp\/v2\/categories?post=232947"},{"taxonomy":"post_tag","embeddable":true,"href":"https:\/\/www.monaco-tribune.com\/it\/wp-json\/wp\/v2\/tags?post=232947"},{"taxonomy":"sectag","embeddable":true,"href":"https:\/\/www.monaco-tribune.com\/it\/wp-json\/wp\/v2\/post_sectags?post=232947"},{"taxonomy":"format","embeddable":true,"href":"https:\/\/www.monaco-tribune.com\/it\/wp-json\/wp\/v2\/post_format?post=232947"}],"curies":[{"name":"wp","href":"https:\/\/api.w.org\/{rel}","templated":true}]}}