{"id":233445,"date":"2024-05-20T18:35:20","date_gmt":"2024-05-20T16:35:20","guid":{"rendered":"https:\/\/www.monaco-tribune.com\/2024\/05\/ligue-1-las-monaco-chiude-in-bellezza-con-una-vittoria-schiacciante-sul-nantes\/"},"modified":"2024-05-20T18:35:30","modified_gmt":"2024-05-20T16:35:30","slug":"ligue-1-las-monaco-chiude-in-bellezza-con-una-vittoria-schiacciante-sul-nantes","status":"publish","type":"post","link":"https:\/\/www.monaco-tribune.com\/it\/2024\/05\/ligue-1-las-monaco-chiude-in-bellezza-con-una-vittoria-schiacciante-sul-nantes\/","title":{"rendered":"Ligue 1: l&#8217;AS Monaco chiude in bellezza con una vittoria schiacciante sul Nantes"},"content":{"rendered":"\n<p><strong>L\u2019atmosfera era particolarmente elettrizzante per l\u2019ultima partita della stagione. L&#8217;AS Monaco ha vinto 4 a 0 contro l&#8217;FC Nantes, allo Stadio Louis-II, davanti al Principe Alberto II, al Presidente Dmitri Rybolovlev e ai tifosi pi\u00f9 che entusiasti.<\/strong><\/p>\n\n<p>Che emozione! L&#8217;AS Monaco ha vinto l&#8217;ultima partita della stagione senza troppe difficolt\u00e0 davanti a tantissimi tifosi, accorsi numerosi a sostenere la squadra e a festeggiare il suo ritorno in Champions League. Gi\u00e0 vice-campioni di Francia (con il 30\u00b0 podio nella storia del club) e qualificati per la Champions dopo la vittoria contro il Montpellier, i Rouge et Blanc non avevano nulla da perdere contro l&#8217;FC Nantes.<\/p>\n\n<p>Anche il Nantes, 14\u00b0 in classifica, non aveva niente di particolare in ballo. Con il posto in Ligue 1 gi\u00e0 assicurato, l&#8217;unica cosa che rimaneva da conquistare era l&#8217;orgoglio di potersi battere con il Paris Saint-Germain, secondo in classifica.<\/p>\n\n<p><span lang=\"IT\" style=\"font-family: 'EB Garamond'; color: black;\">Prima del calcio d&#8217;inizio, Thiago Scuro, Direttore Generale dell&#8217;AS Monaco, ha consegnato una maglia con i colori monegaschi all&#8217;attaccante Wissam Ben Yedder per celebrare la sua 200\u00aa partita. \u00c8 stato un giorno da ricordare anche per Thilo Kehrer, che ha giocato la sua 100\u00aa partita in Ligue 1 (85 con il Paris, 15 con il Monaco) e che all\u2019inizio della scorsa settimana <\/span><span lang=\"IT\"><a href=\"https:\/\/www.monaco-tribune.com\/2024\/05\/ligue-1-las-monaco-se-prepare-pour-la-fin-de-saison\/\"><span style=\"font-family: 'EB Garamond';\">ha annunciato che rester\u00e0 con il club fino a giugno 2028.<\/span><\/a><\/span><\/p>\n<div class=\"wp-block-image\">\n<figure class=\"aligncenter size-large\"><img loading=\"lazy\" decoding=\"async\" width=\"849\" height=\"1024\" src=\"https:\/\/www.monaco-tribune.com\/wp-content\/uploads\/2024\/05\/img_8817-849x1024.jpg\" alt=\"\" class=\"wp-image-233352\" srcset=\"https:\/\/www.monaco-tribune.com\/wp-content\/uploads\/2024\/05\/img_8817-849x1024.jpg 849w, https:\/\/www.monaco-tribune.com\/wp-content\/uploads\/2024\/05\/img_8817-249x300.jpg 249w, https:\/\/www.monaco-tribune.com\/wp-content\/uploads\/2024\/05\/img_8817.jpg 1178w\" sizes=\"auto, (max-width: 849px) 100vw, 849px\" \/><figcaption class=\"wp-element-caption\"><em>Thiago Scuro e Wissam Ben Yedder \u00a9 AS Monaco<\/em><\/figcaption><\/figure>\n<\/div>\n<h2 class=\"wp-block-heading\" id=\"h-comme-prevu-monaco-deroule\">Come previsto, il Monaco conduce il gioco<\/h2>\n\n<p>Il Nantes non ha visto granch\u00e9 il pallone allo Stadio Louis II, ma c\u2019era da aspettarselo. Nonostante il <a href=\"https:\/\/www.monaco-tribune.com\/2023\/08\/ligue-1-las-monaco-prolonge-sa-serie-dinvincibilite-a-nantes\/\">pareggio <\/a><a href=\"https:\/\/www.monaco-tribune.com\/2023\/08\/ligue-1-las-monaco-prolonge-sa-serie-dinvincibilite-a-nantes\/\">dell&#8217;andata<\/a> per 3-3 con uno scontro piuttosto avvincente tra le due squadre, i giocatori del Nantes non sono riusciti a combinare nulla.<\/p>\n\n<p>Come previsto, i ragazzi di Ali H\u00fctter hanno dato il massimo, dando vita a uno spettacolo incredibile nell&#8217;ultima partita in casa prima della meritata pausa. I Blanc et Rouge non si sono lasciati sfuggire nessuna occasione (o quasi) per mettere in difficolt\u00e0 il portiere avversario e segnare.<\/p>\n\n<p class=\"related\"><a href=\"https:\/\/www.monaco-tribune.com\/it\/2024\/05\/eurolega-il-roca-team-eliminato-per-un-soffio-dai-turchi-del-fenerbahce\/\">Eurolega: il Roca Team eliminato per un soffio dai turchi del Fenerbah\u00e7e<\/a><\/p>\n\n<p>Dopo appena sei minuti di gioco, l&#8217;AS Monaco ha aperto il punteggio alla prima offensiva, con un cross di Kr\u00e9pin Diatta per Wissam Ben Yedder che ha segnato nell&#8217;angolino in alto (1-0, 6&#8242;) \u00a9 AS Monaco<\/p>\n<div class=\"wp-block-image\">\n<figure class=\"aligncenter size-large\"><img loading=\"lazy\" decoding=\"async\" width=\"1024\" height=\"576\" src=\"https:\/\/www.monaco-tribune.com\/wp-content\/uploads\/2024\/05\/joie-slider-1-1024x576.jpg\" alt=\"\" class=\"wp-image-233400\" srcset=\"https:\/\/www.monaco-tribune.com\/wp-content\/uploads\/2024\/05\/joie-slider-1-1024x576.jpg 1024w, https:\/\/www.monaco-tribune.com\/wp-content\/uploads\/2024\/05\/joie-slider-1-534x300.jpg 534w, https:\/\/www.monaco-tribune.com\/wp-content\/uploads\/2024\/05\/joie-slider-1.jpg 1366w\" sizes=\"auto, (max-width: 1024px) 100vw, 1024px\" \/><figcaption class=\"wp-element-caption\"><em>\u00a9 AS Monaco<\/em><\/figcaption><\/figure>\n<\/div>\n<p>Con un possesso palla pi\u00f9 che dominante (68% per il Monaco contro il 38% del Nantes), l&#8217;AS Monaco ha continuato a lanciarsi in attacco con un secondo goal al 10\u00b0 minuto. Thilo Kehrer ha segnato la sua prima rete per il Monaco con un colpo di testa su punizione di Caio Henrique, il suo quinto assist della stagione (2-0, 11&#8242;). <\/p>\n<div class=\"wp-block-image\">\n<figure class=\"aligncenter size-large\"><img loading=\"lazy\" decoding=\"async\" width=\"1024\" height=\"573\" src=\"https:\/\/www.monaco-tribune.com\/wp-content\/uploads\/2024\/05\/export-2024-05-20t011346410-2-1024x573.jpg\" alt=\"\" class=\"wp-image-233364\" srcset=\"https:\/\/www.monaco-tribune.com\/wp-content\/uploads\/2024\/05\/export-2024-05-20t011346410-2-1024x573.jpg 1024w, https:\/\/www.monaco-tribune.com\/wp-content\/uploads\/2024\/05\/export-2024-05-20t011346410-2-536x300.jpg 536w, https:\/\/www.monaco-tribune.com\/wp-content\/uploads\/2024\/05\/export-2024-05-20t011346410-2.jpg 1200w\" sizes=\"auto, (max-width: 1024px) 100vw, 1024px\" \/><figcaption class=\"wp-element-caption\"><em>\u00a9 AS Monaco<\/em><\/figcaption><\/figure>\n<\/div>\n<p>Nonostante i monegaschi fossero gi\u00e0 in vantaggio, non hanno mai perso la grinta. Dopo un grave fallo in area sul giovane Eliesse Ben Seghir (22\u2019), l&#8217;AS Monaco si \u00e8 visto assegnare un rigore e ha sfruttato al meglio l&#8217;occasione per allungare il vantaggio. Al tiro c\u2019era Mohamed Camara. Il suo colpo di piatto che centra la destra di Alban Lafont assicura il terzo goal della partita (3-0, 24&#8242;). <\/p>\n<div class=\"wp-block-image\">\n<figure class=\"aligncenter size-large\"><img loading=\"lazy\" decoding=\"async\" width=\"1024\" height=\"576\" src=\"https:\/\/www.monaco-tribune.com\/wp-content\/uploads\/2024\/05\/celebration-slider-1-1024x576.jpg\" alt=\"\" class=\"wp-image-233360\" srcset=\"https:\/\/www.monaco-tribune.com\/wp-content\/uploads\/2024\/05\/celebration-slider-1-1024x576.jpg 1024w, https:\/\/www.monaco-tribune.com\/wp-content\/uploads\/2024\/05\/celebration-slider-1-534x300.jpg 534w, https:\/\/www.monaco-tribune.com\/wp-content\/uploads\/2024\/05\/celebration-slider-1.jpg 1366w\" sizes=\"auto, (max-width: 1024px) 100vw, 1024px\" \/><figcaption class=\"wp-element-caption\"><em>\u00a9 AS Monaco<\/em><\/figcaption><\/figure>\n<\/div>\n<h2 class=\"wp-block-heading related\" id=\"h-l-academy-mise-a-l-honneur-nbsp\">L&#8217;Academy sotto i riflettori <\/h2>\n\n<p>Una partita che non dimenticheranno presto. Quest\u2019ultimo incontro della stagione sar\u00e0 ricordato da tutti i giocatori per l&#8217;atmosfera che si respirava allo stadio e per l\u2019incredibile vittoria, ma per alcuni dei giovani dell\u2019Academy sar\u00e0 qualcosa di pi\u00f9, visto che hanno vissuto i loro primi minuti in campo in Ligue 1.<\/p>\n\n<p>A soli 17 anni, Sa\u00efmon Bouabr\u00e9 ha esordito con la maglia monegasca. Ma non \u00e8 stato l&#8217;unico a vivere un momento che ricorder\u00e0 per tutta la vita: anche il 18enne Lucas Michal ha esordito per la prima volta tra i professionisti. Non solo, \u00e8 arrivato a un passo dalla massima gloria segnando il suo primo goal al 91\u00b0 minuto, annullato purtroppo per fuorigioco.<\/p>\n<div class=\"wp-block-image\">\n<figure class=\"aligncenter size-large\"><img loading=\"lazy\" decoding=\"async\" width=\"829\" height=\"1024\" src=\"https:\/\/www.monaco-tribune.com\/wp-content\/uploads\/2024\/05\/img_8819-829x1024.jpg\" alt=\"\" class=\"wp-image-233372\" srcset=\"https:\/\/www.monaco-tribune.com\/wp-content\/uploads\/2024\/05\/img_8819-829x1024.jpg 829w, https:\/\/www.monaco-tribune.com\/wp-content\/uploads\/2024\/05\/img_8819-243x300.jpg 243w, https:\/\/www.monaco-tribune.com\/wp-content\/uploads\/2024\/05\/img_8819.jpg 1179w\" sizes=\"auto, (max-width: 829px) 100vw, 829px\" \/><figcaption class=\"wp-element-caption\"><em>Lucas Michal \u00a9 AS Monaco<\/em><\/figcaption><\/figure>\n<\/div>\n<p>Eliesse Ben Seghir, 19 anni, \u00e8 anche lui in arrivo dall\u2019Academy. Ma questa non era certo la prima partita da titolare e non \u00e8 stato il suo primo goal: il giovane prodigio ha regalato un grande spettacolo ai suoi tifosi con un magnifico tiro nella porta di Lafont, segnando la quarta e ultima rete della partita (4-0, 61&#8242;).<\/p>\n\n<p>Dopo l\u2019incontro, l\u2019allenatore austriaco ha commentato: &#8220;<em>Sono molto contento per lui, perch\u00e9 ha segnato un goal fantastico. \u00c8 quello che ci aspettiamo da lui. Avevo grandi aspettative su di lui quando sono arrivato, ma purtroppo \u00e8 stato ostacolato da due infortuni nella prima parte della stagione. Nelle ultime settimane si \u00e8 ripreso alla grande e ha gi\u00e0 segnato un goal magnifico a Strasburgo! Se rimane in forma, potrebbe essere un giocatore molto importante per noi la prossima stagione\u201d<\/em>.<\/p>\n<div class=\"wp-block-image\">\n<figure class=\"aligncenter size-large\"><img loading=\"lazy\" decoding=\"async\" width=\"821\" height=\"1024\" src=\"https:\/\/www.monaco-tribune.com\/wp-content\/uploads\/2024\/05\/img_8820-821x1024.jpg\" alt=\"\" class=\"wp-image-233376\" srcset=\"https:\/\/www.monaco-tribune.com\/wp-content\/uploads\/2024\/05\/img_8820-821x1024.jpg 821w, https:\/\/www.monaco-tribune.com\/wp-content\/uploads\/2024\/05\/img_8820-240x300.jpg 240w, https:\/\/www.monaco-tribune.com\/wp-content\/uploads\/2024\/05\/img_8820.jpg 1178w\" sizes=\"auto, (max-width: 821px) 100vw, 821px\" \/><figcaption class=\"wp-element-caption\"><em>\u00a9 AS Monaco<\/em><\/figcaption><\/figure>\n<\/div>\n<h2 class=\"wp-block-heading\" id=\"h-les-mots-du-president-rybolovlev\">Le parole del Presidente Rybolovlev<\/h2>\n\n<p>Il presidente dell&#8217;AS Monaco, Dmitri Rybolovlev, ha commentato i risultati del suo club, al secondo posto in Ligue 1.<\/p>\n\n<p><span lang=\"IT\" style=\"font-family: 'EB Garamond'; color: black;\">&#8220;<em><span style=\"font-family: 'EB Garamond';\">Il risultato che l&#8217;AS Monaco ha ottenuto in questa stagione va oltre il podio. \u00c8 una qualificazione diretta alla Champions League che abbiamo atteso tutti a lungo. \u00c8 una meritata ricompensa per gli sforzi di tutti i membri del club che hanno puntato a questo obiettivo&#8221;.<\/span><\/em><\/span><\/p>\n\n<p><em><span lang=\"IT\" style=\"font-family: 'EB Garamond'; color: black;\">Ed \u00e8 anche un bellissimo regalo a tutti i monegaschi e ai tifosi dell&#8217;AS Monaco alla vigilia del suo centenario! Vorrei congratularmi con tutta la squadra, con tutto lo staff e con tutti coloro che lavorano per il Club per questo risultato, e ringraziarli per il duro lavoro svolto durante la stagione, che ci ha visto finire sul podio per la terza volta in quattro anni.<\/span><\/em><\/p>\n\n<p><em><span lang=\"IT\" style=\"font-family: 'EB Garamond'; color: black;\">Naturalmente, vorrei condividere questa soddisfazione con i tifosi che, come sempre, hanno sostenuto la squadra in casa e in trasferta per tutta la stagione.<\/span><\/em><\/p>\n\n<p><em><span lang=\"IT\" style=\"font-family: 'EB Garamond'; color: black;\">Vorrei anche ringraziare Sua Altezza Serenissima il Principe Alberto II per il suo sincero e costante sostegno al nostro Club.<\/span><\/em><\/p>\n\n<p><em>Daghe Munegu!&#8221;<\/em><\/p>\n<div class=\"wp-block-image\">\n<figure class=\"aligncenter size-large\"><img loading=\"lazy\" decoding=\"async\" width=\"1024\" height=\"574\" src=\"https:\/\/www.monaco-tribune.com\/wp-content\/uploads\/2024\/05\/dmitry-rybolovlev-1-1024x574.jpg\" alt=\"\" class=\"wp-image-233415\" srcset=\"https:\/\/www.monaco-tribune.com\/wp-content\/uploads\/2024\/05\/dmitry-rybolovlev-1-1024x574.jpg 1024w, https:\/\/www.monaco-tribune.com\/wp-content\/uploads\/2024\/05\/dmitry-rybolovlev-1-535x300.jpg 535w, https:\/\/www.monaco-tribune.com\/wp-content\/uploads\/2024\/05\/dmitry-rybolovlev-1.jpg 1160w\" sizes=\"auto, (max-width: 1024px) 100vw, 1024px\" \/><figcaption class=\"wp-element-caption\"><em>Dmitri Rybolovlev \u00a9 AS Monaco<\/em><\/figcaption><\/figure>\n<\/div>\n<h2 class=\"wp-block-heading\" id=\"h-les-reactions-d-apres-match\">Reazioni post partita <\/h2>\n\n<p><span lang=\"IT\" style=\"font-family: 'EB Garamond'; color: black;\">In conferenza stampa, l\u2019allenatore si \u00e8 mostrato piuttosto entusiasta: &#8220;<em><span style=\"font-family: 'EB Garamond';\">Grazie mille! Penso che sia stata la partita che stavamo aspettando. Volevamo davvero vincere e chiudere in bellezza questa 34<sup>a <\/sup>giornata, davanti ai nostri tifosi allo Stadio Louis-II, e alla fine abbiamo vinto 4-0<\/span><\/em>&#8220;.<\/span><\/p>\n\n<p><em><span lang=\"IT\" style=\"font-family: 'EB Garamond'; color: black;\">&#8220;\u00c8 stata anche l&#8217;occasione per i nostri giocatori pi\u00f9 giovani di entrare in campo, come Sa\u00efmon Bouabr\u00e9 e Lucas Michal, che hanno mosso i loro primi passi in Ligue 1. Vorrei congratularmi con tutta la squadra, perch\u00e9 questa sera sono davvero soddisfatto di aver ottenuto questo secondo posto<\/span><\/em><span lang=\"IT\" style=\"font-family: 'EB Garamond'; color: black;\">&#8220;.<\/span><\/p>\n<div class=\"wp-block-image\">\n<figure class=\"aligncenter size-large\"><img loading=\"lazy\" decoding=\"async\" width=\"1024\" height=\"574\" src=\"https:\/\/www.monaco-tribune.com\/wp-content\/uploads\/2024\/05\/adi-hutter-5-1024x574.jpg\" alt=\"\" class=\"wp-image-233381\" srcset=\"https:\/\/www.monaco-tribune.com\/wp-content\/uploads\/2024\/05\/adi-hutter-5-1024x574.jpg 1024w, https:\/\/www.monaco-tribune.com\/wp-content\/uploads\/2024\/05\/adi-hutter-5-535x300.jpg 535w, https:\/\/www.monaco-tribune.com\/wp-content\/uploads\/2024\/05\/adi-hutter-5.jpg 1160w\" sizes=\"auto, (max-width: 1024px) 100vw, 1024px\" \/><figcaption class=\"wp-element-caption\"><em>Adi H\u00fctter \u00a9 AS Monaco<\/em><\/figcaption><\/figure>\n<\/div>\n<p>Thilo Kehrer, per la prima volta in posizione di attacco con l&#8217;AS Monaco, ha commentato cos\u00ec il gioco del suo allenatore: &#8220;<em>Ha una certa esperienza maturata nel suo periodo in Germania con il Francoforte e il Monchengladbach. Inoltre, ha una buona conoscenza del calcio ed \u00e8 bravo nelle relazioni umane. Non \u00e8 un allenatore che punta solo a migliorare il gioco, ma istaura anche un rapporto umano molto forte, un po&#8217; come un padre. Comprende le emozioni dei giocatori e le situazioni in cui si trovano. Ha un&#8217;ottima capacit\u00e0 di gestione. \u00c8 vero che ci sono stati momenti in cui era sotto pressione, come tutti noi. L&#8217;ha gestita molto bene e sono davvero contento per lui e per tutti\u201d<\/em>.<\/p>\n<div class=\"wp-block-image\">\n<figure class=\"aligncenter size-large\"><img loading=\"lazy\" decoding=\"async\" width=\"1024\" height=\"683\" src=\"https:\/\/www.monaco-tribune.com\/wp-content\/uploads\/2024\/05\/rybolovlev-prince-albert-scuro-hutter-1024x683.jpeg\" alt=\"Rybolovlev Prince Albert Scuro Hutter\" class=\"wp-image-233422\" srcset=\"https:\/\/www.monaco-tribune.com\/wp-content\/uploads\/2024\/05\/rybolovlev-prince-albert-scuro-hutter-1024x683.jpeg 1024w, https:\/\/www.monaco-tribune.com\/wp-content\/uploads\/2024\/05\/rybolovlev-prince-albert-scuro-hutter-450x300.jpeg 450w, https:\/\/www.monaco-tribune.com\/wp-content\/uploads\/2024\/05\/rybolovlev-prince-albert-scuro-hutter.jpeg 1600w\" sizes=\"auto, (max-width: 1024px) 100vw, 1024px\" \/><figcaption class=\"wp-element-caption\"><em>Il presidente Dmitri Rybolovlev, il Principe Alberto II, Thiago Scuro e Adi H\u00fctter \u00a9 AS Monaco<\/em><\/figcaption><\/figure>\n<\/div>\n<p>Dopo la vittoria contro il Nantes, il Principe Alberto II e il Presidente Dmitri Rybolovlev hanno fatto visita agli spogliatoi del Monaco per congratularsi con i giocatori.<\/p>\n\n<blockquote class=\"twitter-tweet\"><p lang=\"fr\" dir=\"ltr\">\ud835\udc3f&#8217;\ud835\udc4e\ud835\udc5b\ud835\udc5b\ud835\udc52\u0301\ud835\udc52 \ud835\udc5d\ud835\udc5f\ud835\udc5c\ud835\udc50\u210e\ud835\udc4e\ud835\udc56\ud835\udc5b\ud835\udc52, \ud835\udc50&#8217;\ud835\udc52\ud835\udc60\ud835\udc61 \ud835\udc59\ud835\udc4e \ud835\udc36\u210e\ud835\udc4e\ud835\udc5a\ud835\udc5d\ud835\udc56\ud835\udc5c\ud835\udc5b\ud835\udc60 \ud835\udc3f\ud835\udc52\ud835\udc4e\ud835\udc54\ud835\udc62\ud835\udc52 \u2728<br\/><br\/>Retour sur la visite de Son Altesse S\u00e9r\u00e9nissime le Prince Albert II et du Pr\u00e9sident Dmitry Rybolovlev dans les vestiaires apr\u00e8s <a href=\"https:\/\/twitter.com\/hashtag\/ASMFCN?src=hash&#038;ref_src=twsrc%5Etfw\">#ASMFCN<\/a> \ud83e\udd29 <a href=\"https:\/\/t.co\/t89LY9A8LG\">pic.twitter.com\/t89LY9A8LG<\/a><\/p>\u2014 AS Monaco \ud83c\uddf2\ud83c\udde8 (@AS_Monaco) <a href=\"https:\/\/twitter.com\/AS_Monaco\/status\/1792510328619549143?ref_src=twsrc%5Etfw\">May 20, 2024<\/a><\/blockquote> <script async=\"\" src=\"https:\/\/platform.twitter.com\/widgets.js\" charset=\"utf-8\"><\/script>\r\n\n<h2 class=\"wp-block-heading\" id=\"h-les-ultras-nettement-au-rendez-vous\">Gli Ultras si sono fatti sentire<\/h2>\n\n<p>Questa 34a giornata di Ligue 1 ha coinciso con il 30\u00b0 anniversario dell&#8217;immancabile gruppo di tifosi \u201cUltras Monaco 1994\u201d. L&#8217;atmosfera \u00e8 stata degna delle pi\u00f9 grandi serate, con gli spalti gremiti di tutti i gruppi e le sezioni dei sostenitori del Monaco: i loro cori hanno risuonato per tutta la serata, senza mai fermarsi. Una festa che i giocatori del Principato hanno voluto ricordare dopo il fischio finale.<\/p>\n\n<p><em><span lang=\"IT\" style=\"font-family: 'EB Garamond'; color: black;\">&#8220;I festeggiamenti per il loro anniversario sono stati fantastici, ed \u00e8 vero, stasera abbiamo vissuto molte emozioni! Siamo stati felici di avergli regalato la vittoria con un 4-0. E quando alla fine dell\u2019incontro ci siamo trovati davanti a loro per festeggiare insieme, \u00e8 stato incredibile! Si meritavano questo successo e anche il ritorno dell&#8217;AS Monaco in Champions League<\/span><\/em><span lang=\"IT\" style=\"font-family: 'EB Garamond'; color: black;\">&#8220;, ha dichiarato H\u00fctter al termine della serata. <\/span><\/p>\n<div class=\"wp-block-image\">\n<figure class=\"aligncenter size-large\"><img loading=\"lazy\" decoding=\"async\" width=\"1024\" height=\"574\" src=\"https:\/\/www.monaco-tribune.com\/wp-content\/uploads\/2024\/05\/pesages-30-nas-1024x574.jpg\" alt=\"\" class=\"wp-image-233390\" srcset=\"https:\/\/www.monaco-tribune.com\/wp-content\/uploads\/2024\/05\/pesages-30-nas-1024x574.jpg 1024w, https:\/\/www.monaco-tribune.com\/wp-content\/uploads\/2024\/05\/pesages-30-nas-535x300.jpg 535w, https:\/\/www.monaco-tribune.com\/wp-content\/uploads\/2024\/05\/pesages-30-nas.jpg 1160w\" sizes=\"auto, (max-width: 1024px) 100vw, 1024px\" \/><figcaption class=\"wp-element-caption\"><em>\u00a9 AS Monaco<\/em><\/figcaption><\/figure>\n<\/div>\n<blockquote class=\"instagram-media\" data-instgrm-permalink=\"https:\/\/www.instagram.com\/reel\/C7Kn5VTLhSw\/?utm_source=ig_embed&#038;utm_campaign=loading\" data-instgrm-version=\"14\" style=\" background:#FFF; border:0; border-radius:3px; box-shadow:0 0 1px 0 rgba(0,0,0,0.5),0 1px 10px 0 rgba(0,0,0,0.15); margin: 1px; max-width:540px; min-width:326px; padding:0; width:99.375%; width:-webkit-calc(100% - 2px); width:calc(100% - 2px);\"><div style=\"padding:16px;\"> <a href=\"https:\/\/www.instagram.com\/reel\/C7Kn5VTLhSw\/?utm_source=ig_embed&#038;utm_campaign=loading\" style=\" background:#FFFFFF; line-height:0; padding:0 0; text-align:center; text-decoration:none; width:100%;\" target=\"_blank\" rel=\"noopener\"> <div style=\" display: flex; flex-direction: row; align-items: center;\"> <div style=\"background-color: #F4F4F4; border-radius: 50%; flex-grow: 0; height: 40px; margin-right: 14px; width: 40px;\"><\/div> <div style=\"display: flex; flex-direction: column; flex-grow: 1; justify-content: center;\"> <div style=\" background-color: #F4F4F4; border-radius: 4px; flex-grow: 0; height: 14px; margin-bottom: 6px; width: 100px;\"><\/div> <div style=\" background-color: #F4F4F4; border-radius: 4px; flex-grow: 0; height: 14px; width: 60px;\"><\/div><\/div><\/div><div style=\"padding: 19% 0;\"><\/div> <div style=\"display:block; height:50px; margin:0 auto 12px; width:50px;\"><svg width=\"50px\" height=\"50px\" viewbox=\"0 0 60 60\" version=\"1.1\" xmlns=\"https:\/\/www.w3.org\/2000\/svg\" xmlns:xlink=\"https:\/\/www.w3.org\/1999\/xlink\"><g stroke=\"none\" stroke-width=\"1\" fill=\"none\" fill-rule=\"evenodd\"><g transform=\"translate(-511.000000, -20.000000)\" fill=\"#000000\"><g><path d=\"M556.869,30.41 C554.814,30.41 553.148,32.076 553.148,34.131 C553.148,36.186 554.814,37.852 556.869,37.852 C558.924,37.852 560.59,36.186 560.59,34.131 C560.59,32.076 558.924,30.41 556.869,30.41 M541,60.657 C535.114,60.657 530.342,55.887 530.342,50 C530.342,44.114 535.114,39.342 541,39.342 C546.887,39.342 551.658,44.114 551.658,50 C551.658,55.887 546.887,60.657 541,60.657 M541,33.886 C532.1,33.886 524.886,41.1 524.886,50 C524.886,58.899 532.1,66.113 541,66.113 C549.9,66.113 557.115,58.899 557.115,50 C557.115,41.1 549.9,33.886 541,33.886 M565.378,62.101 C565.244,65.022 564.756,66.606 564.346,67.663 C563.803,69.06 563.154,70.057 562.106,71.106 C561.058,72.155 560.06,72.803 558.662,73.347 C557.607,73.757 556.021,74.244 553.102,74.378 C549.944,74.521 548.997,74.552 541,74.552 C533.003,74.552 532.056,74.521 528.898,74.378 C525.979,74.244 524.393,73.757 523.338,73.347 C521.94,72.803 520.942,72.155 519.894,71.106 C518.846,70.057 518.197,69.06 517.654,67.663 C517.244,66.606 516.755,65.022 516.623,62.101 C516.479,58.943 516.448,57.996 516.448,50 C516.448,42.003 516.479,41.056 516.623,37.899 C516.755,34.978 517.244,33.391 517.654,32.338 C518.197,30.938 518.846,29.942 519.894,28.894 C520.942,27.846 521.94,27.196 523.338,26.654 C524.393,26.244 525.979,25.756 528.898,25.623 C532.057,25.479 533.004,25.448 541,25.448 C548.997,25.448 549.943,25.479 553.102,25.623 C556.021,25.756 557.607,26.244 558.662,26.654 C560.06,27.196 561.058,27.846 562.106,28.894 C563.154,29.942 563.803,30.938 564.346,32.338 C564.756,33.391 565.244,34.978 565.378,37.899 C565.522,41.056 565.552,42.003 565.552,50 C565.552,57.996 565.522,58.943 565.378,62.101 M570.82,37.631 C570.674,34.438 570.167,32.258 569.425,30.349 C568.659,28.377 567.633,26.702 565.965,25.035 C564.297,23.368 562.623,22.342 560.652,21.575 C558.743,20.834 556.562,20.326 553.369,20.18 C550.169,20.033 549.148,20 541,20 C532.853,20 531.831,20.033 528.631,20.18 C525.438,20.326 523.257,20.834 521.349,21.575 C519.376,22.342 517.703,23.368 516.035,25.035 C514.368,26.702 513.342,28.377 512.574,30.349 C511.834,32.258 511.326,34.438 511.181,37.631 C511.035,40.831 511,41.851 511,50 C511,58.147 511.035,59.17 511.181,62.369 C511.326,65.562 511.834,67.743 512.574,69.651 C513.342,71.625 514.368,73.296 516.035,74.965 C517.703,76.634 519.376,77.658 521.349,78.425 C523.257,79.167 525.438,79.673 528.631,79.82 C531.831,79.965 532.853,80.001 541,80.001 C549.148,80.001 550.169,79.965 553.369,79.82 C556.562,79.673 558.743,79.167 560.652,78.425 C562.623,77.658 564.297,76.634 565.965,74.965 C567.633,73.296 568.659,71.625 569.425,69.651 C570.167,67.743 570.674,65.562 570.82,62.369 C570.966,59.17 571,58.147 571,50 C571,41.851 570.966,40.831 570.82,37.631\"><\/path><\/g><\/g><\/g><\/svg><\/div><div style=\"padding-top: 8px;\"> <div style=\" color:#3897f0; font-family:Arial,sans-serif; font-size:14px; font-style:normal; font-weight:550; line-height:18px;\">Voir cette publication sur Instagram<\/div><\/div><div style=\"padding: 12.5% 0;\"><\/div> <div style=\"display: flex; flex-direction: row; margin-bottom: 14px; align-items: center;\"><div> <div style=\"background-color: #F4F4F4; border-radius: 50%; height: 12.5px; width: 12.5px; transform: translateX(0px) translateY(7px);\"><\/div> <div style=\"background-color: #F4F4F4; height: 12.5px; transform: rotate(-45deg) translateX(3px) translateY(1px); width: 12.5px; flex-grow: 0; margin-right: 14px; margin-left: 2px;\"><\/div> <div style=\"background-color: #F4F4F4; border-radius: 50%; height: 12.5px; width: 12.5px; transform: translateX(9px) translateY(-18px);\"><\/div><\/div><div style=\"margin-left: 8px;\"> <div style=\" background-color: #F4F4F4; border-radius: 50%; flex-grow: 0; height: 20px; width: 20px;\"><\/div> <div style=\" width: 0; height: 0; border-top: 2px solid transparent; border-left: 6px solid #f4f4f4; border-bottom: 2px solid transparent; transform: translateX(16px) translateY(-4px) rotate(30deg)\"><\/div><\/div><div style=\"margin-left: auto;\"> <div style=\" width: 0px; border-top: 8px solid #F4F4F4; border-right: 8px solid transparent; transform: translateY(16px);\"><\/div> <div style=\" background-color: #F4F4F4; flex-grow: 0; height: 12px; width: 16px; transform: translateY(-4px);\"><\/div> <div style=\" width: 0; height: 0; border-top: 8px solid #F4F4F4; border-left: 8px solid transparent; transform: translateY(-4px) translateX(8px);\"><\/div><\/div><\/div> <div style=\"display: flex; flex-direction: column; flex-grow: 1; justify-content: center; margin-bottom: 24px;\"> <div style=\" background-color: #F4F4F4; border-radius: 4px; flex-grow: 0; height: 14px; margin-bottom: 6px; width: 224px;\"><\/div> <div style=\" background-color: #F4F4F4; border-radius: 4px; flex-grow: 0; height: 14px; width: 144px;\"><\/div><\/div><\/a><p style=\" color:#c9c8cd; font-family:Arial,sans-serif; font-size:14px; line-height:17px; margin-bottom:0; margin-top:8px; overflow:hidden; padding:8px 0 7px; text-align:center; text-overflow:ellipsis; white-space:nowrap;\"><a href=\"https:\/\/www.instagram.com\/reel\/C7Kn5VTLhSw\/?utm_source=ig_embed&#038;utm_campaign=loading\" style=\" color:#c9c8cd; font-family:Arial,sans-serif; font-size:14px; font-style:normal; font-weight:normal; line-height:17px; text-decoration:none;\" target=\"_blank\" rel=\"noopener\">Une publication partag\u00e9e par AS Monaco \ud83c\uddf2\ud83c\udde8 (@asmonaco)<\/a><\/p><\/div><\/blockquote> <script async=\"\" src=\"\/\/www.instagram.com\/embed.js\"><\/script>\r\n\n<p>Possiamo dirlo: \u00e8 stato il finale di stagione perfetto per l&#8217;AS Monaco, che \u00e8 pronto a riservare nuove sorprese il prossimo anno, per il centenario del club del Principato!<\/p>\n","protected":false},"excerpt":{"rendered":"<p>L\u2019atmosfera era particolarmente elettrizzante per l\u2019ultima partita della stagione. L&#8217;AS Monaco ha vinto 4 a 0 contro l&#8217;FC Nantes, allo [&hellip;]<\/p>\n","protected":false},"author":77,"featured_media":233349,"comment_status":"closed","ping_status":"closed","sticky":false,"template":"","format":"standard","meta":{"_acf_changed":false,"footnotes":""},"categories":[1826,1738,1743],"tags":[2846],"post_sectags":[3240],"post_format":[2486],"class_list":["post-233445","post","type-post","status-publish","format-standard","has-post-thumbnail","hentry","category-la-nostra-scelta","category-notizie","category-sport-it","tag-as-monaco-it-2","sectag-calcio-it","format-servizio"],"acf":[],"yoast_head":"<!-- This site is optimized with the Yoast SEO Premium plugin v26.8 (Yoast SEO v27.5) - https:\/\/yoast.com\/product\/yoast-seo-premium-wordpress\/ -->\n<title>Ligue 1: l&#039;AS Monaco chiude in bellezza con una vittoria schiacciante sul Nantes<\/title>\n<meta name=\"description\" content=\"L\u2019atmosfera era particolarmente elettrizzante per l\u2019ultima partita della stagione. L&#039;AS Monaco ha vinto 4 a 0 contro l&#039;FC Nantes, allo Stadio Louis-II,\" \/>\n<meta name=\"robots\" content=\"index, follow, max-snippet:-1, max-image-preview:large, max-video-preview:-1\" \/>\n<link rel=\"canonical\" href=\"https:\/\/www.monaco-tribune.com\/it\/2024\/05\/ligue-1-las-monaco-chiude-in-bellezza-con-una-vittoria-schiacciante-sul-nantes\/\" \/>\n<meta property=\"og:locale\" content=\"it_IT\" \/>\n<meta property=\"og:type\" content=\"article\" \/>\n<meta property=\"og:title\" content=\"Ligue 1: l&#039;AS Monaco chiude in bellezza con una vittoria schiacciante sul Nantes - Monaco Tribune\" \/>\n<meta property=\"og:description\" content=\"L\u2019atmosfera era particolarmente elettrizzante per l\u2019ultima partita della stagione. L&#039;AS Monaco ha vinto 4 a 0 contro l&#039;FC Nantes, allo Stadio Louis-II,\" \/>\n<meta property=\"og:url\" content=\"https:\/\/www.monaco-tribune.com\/it\/2024\/05\/ligue-1-las-monaco-chiude-in-bellezza-con-una-vittoria-schiacciante-sul-nantes\/\" \/>\n<meta property=\"og:site_name\" content=\"Monaco Tribune\" \/>\n<meta property=\"article:publisher\" content=\"https:\/\/www.facebook.com\/MonacoTribune\" \/>\n<meta property=\"article:published_time\" content=\"2024-05-20T16:35:20+00:00\" \/>\n<meta property=\"article:modified_time\" content=\"2024-05-20T16:35:30+00:00\" \/>\n<meta property=\"og:image\" content=\"https:\/\/www.monaco-tribune.com\/wp-content\/uploads\/2024\/05\/monaco-nantes.jpg\" \/>\n\t<meta property=\"og:image:width\" content=\"1160\" \/>\n\t<meta property=\"og:image:height\" content=\"650\" \/>\n\t<meta property=\"og:image:type\" content=\"image\/jpeg\" \/>\n<meta name=\"author\" content=\"Ana\u00efs Riu\" \/>\n<meta name=\"twitter:card\" content=\"summary_large_image\" \/>\n<meta name=\"twitter:creator\" content=\"@MonacoTribune\" \/>\n<meta name=\"twitter:site\" content=\"@MonacoTribune\" \/>\n<script type=\"application\/ld+json\" class=\"yoast-schema-graph\">{\"@context\":\"https:\\\/\\\/schema.org\",\"@graph\":[{\"@type\":\"NewsArticle\",\"@id\":\"https:\\\/\\\/www.monaco-tribune.com\\\/it\\\/2024\\\/05\\\/ligue-1-las-monaco-chiude-in-bellezza-con-una-vittoria-schiacciante-sul-nantes\\\/#article\",\"isPartOf\":{\"@id\":\"https:\\\/\\\/www.monaco-tribune.com\\\/it\\\/2024\\\/05\\\/ligue-1-las-monaco-chiude-in-bellezza-con-una-vittoria-schiacciante-sul-nantes\\\/\"},\"author\":{\"name\":\"Ana\u00efs Riu\",\"@id\":\"https:\\\/\\\/www.monaco-tribune.com\\\/it\\\/#\\\/schema\\\/person\\\/6db631c784f2f0eff54c3ca4d1da2d49\"},\"headline\":\"Ligue 1: l&#8217;AS Monaco chiude in bellezza con una vittoria schiacciante sul Nantes\",\"datePublished\":\"2024-05-20T16:35:20+00:00\",\"dateModified\":\"2024-05-20T16:35:30+00:00\",\"mainEntityOfPage\":{\"@id\":\"https:\\\/\\\/www.monaco-tribune.com\\\/it\\\/2024\\\/05\\\/ligue-1-las-monaco-chiude-in-bellezza-con-una-vittoria-schiacciante-sul-nantes\\\/\"},\"wordCount\":1440,\"publisher\":{\"@id\":\"https:\\\/\\\/www.monaco-tribune.com\\\/it\\\/#organization\"},\"image\":{\"@id\":\"https:\\\/\\\/www.monaco-tribune.com\\\/it\\\/2024\\\/05\\\/ligue-1-las-monaco-chiude-in-bellezza-con-una-vittoria-schiacciante-sul-nantes\\\/#primaryimage\"},\"thumbnailUrl\":\"https:\\\/\\\/www.monaco-tribune.com\\\/wp-content\\\/uploads\\\/2024\\\/05\\\/monaco-nantes.jpg\",\"keywords\":[\"AS Monaco\"],\"articleSection\":[\"La nostra scelta\",\"Notizie\",\"Sport\"],\"inLanguage\":\"it-IT\",\"copyrightYear\":\"2024\",\"copyrightHolder\":{\"@id\":\"https:\\\/\\\/www.monaco-tribune.com\\\/#organization\"}},{\"@type\":\"WebPage\",\"@id\":\"https:\\\/\\\/www.monaco-tribune.com\\\/it\\\/2024\\\/05\\\/ligue-1-las-monaco-chiude-in-bellezza-con-una-vittoria-schiacciante-sul-nantes\\\/\",\"url\":\"https:\\\/\\\/www.monaco-tribune.com\\\/it\\\/2024\\\/05\\\/ligue-1-las-monaco-chiude-in-bellezza-con-una-vittoria-schiacciante-sul-nantes\\\/\",\"name\":\"Ligue 1: l'AS Monaco chiude in bellezza con una vittoria schiacciante sul Nantes\",\"isPartOf\":{\"@id\":\"https:\\\/\\\/www.monaco-tribune.com\\\/it\\\/#website\"},\"primaryImageOfPage\":{\"@id\":\"https:\\\/\\\/www.monaco-tribune.com\\\/it\\\/2024\\\/05\\\/ligue-1-las-monaco-chiude-in-bellezza-con-una-vittoria-schiacciante-sul-nantes\\\/#primaryimage\"},\"image\":{\"@id\":\"https:\\\/\\\/www.monaco-tribune.com\\\/it\\\/2024\\\/05\\\/ligue-1-las-monaco-chiude-in-bellezza-con-una-vittoria-schiacciante-sul-nantes\\\/#primaryimage\"},\"thumbnailUrl\":\"https:\\\/\\\/www.monaco-tribune.com\\\/wp-content\\\/uploads\\\/2024\\\/05\\\/monaco-nantes.jpg\",\"datePublished\":\"2024-05-20T16:35:20+00:00\",\"dateModified\":\"2024-05-20T16:35:30+00:00\",\"description\":\"L\u2019atmosfera era particolarmente elettrizzante per l\u2019ultima partita della stagione. L'AS Monaco ha vinto 4 a 0 contro l'FC Nantes, allo Stadio Louis-II,\",\"breadcrumb\":{\"@id\":\"https:\\\/\\\/www.monaco-tribune.com\\\/it\\\/2024\\\/05\\\/ligue-1-las-monaco-chiude-in-bellezza-con-una-vittoria-schiacciante-sul-nantes\\\/#breadcrumb\"},\"inLanguage\":\"it-IT\",\"potentialAction\":[{\"@type\":\"ReadAction\",\"target\":[\"https:\\\/\\\/www.monaco-tribune.com\\\/it\\\/2024\\\/05\\\/ligue-1-las-monaco-chiude-in-bellezza-con-una-vittoria-schiacciante-sul-nantes\\\/\"]}]},{\"@type\":\"ImageObject\",\"inLanguage\":\"it-IT\",\"@id\":\"https:\\\/\\\/www.monaco-tribune.com\\\/it\\\/2024\\\/05\\\/ligue-1-las-monaco-chiude-in-bellezza-con-una-vittoria-schiacciante-sul-nantes\\\/#primaryimage\",\"url\":\"https:\\\/\\\/www.monaco-tribune.com\\\/wp-content\\\/uploads\\\/2024\\\/05\\\/monaco-nantes.jpg\",\"contentUrl\":\"https:\\\/\\\/www.monaco-tribune.com\\\/wp-content\\\/uploads\\\/2024\\\/05\\\/monaco-nantes.jpg\",\"width\":1160,\"height\":650,\"caption\":\"Dopo sei anni di assenza, l'AS Monaco torna finalmente in Champions League \u00a9 AS Monaco\"},{\"@type\":\"BreadcrumbList\",\"@id\":\"https:\\\/\\\/www.monaco-tribune.com\\\/it\\\/2024\\\/05\\\/ligue-1-las-monaco-chiude-in-bellezza-con-una-vittoria-schiacciante-sul-nantes\\\/#breadcrumb\",\"itemListElement\":[{\"@type\":\"ListItem\",\"position\":1,\"name\":\"Accueil\",\"item\":\"https:\\\/\\\/www.monaco-tribune.com\\\/it\\\/\"},{\"@type\":\"ListItem\",\"position\":2,\"name\":\"Ligue 1: l&#8217;AS Monaco chiude in bellezza con una vittoria schiacciante sul Nantes\"}]},{\"@type\":\"WebSite\",\"@id\":\"https:\\\/\\\/www.monaco-tribune.com\\\/it\\\/#website\",\"url\":\"https:\\\/\\\/www.monaco-tribune.com\\\/it\\\/\",\"name\":\"Monaco Tribune\",\"description\":\"Monaco : actualit\u00e9s \u00e9conomiques, politiques, culturelles et sportives de Monaco et de la French Riviera.\",\"publisher\":{\"@id\":\"https:\\\/\\\/www.monaco-tribune.com\\\/it\\\/#organization\"},\"potentialAction\":[{\"@type\":\"SearchAction\",\"target\":{\"@type\":\"EntryPoint\",\"urlTemplate\":\"https:\\\/\\\/www.monaco-tribune.com\\\/it\\\/?s={search_term_string}\"},\"query-input\":{\"@type\":\"PropertyValueSpecification\",\"valueRequired\":true,\"valueName\":\"search_term_string\"}}],\"inLanguage\":\"it-IT\"},{\"@type\":\"Organization\",\"@id\":\"https:\\\/\\\/www.monaco-tribune.com\\\/it\\\/#organization\",\"name\":\"Monaco Tribune\",\"url\":\"https:\\\/\\\/www.monaco-tribune.com\\\/it\\\/\",\"logo\":{\"@type\":\"ImageObject\",\"inLanguage\":\"it-IT\",\"@id\":\"https:\\\/\\\/www.monaco-tribune.com\\\/it\\\/#\\\/schema\\\/logo\\\/image\\\/\",\"url\":\"https:\\\/\\\/www.monaco-tribune.com\\\/wp-content\\\/uploads\\\/2022\\\/11\\\/logo-monaco-tribune.png\",\"contentUrl\":\"https:\\\/\\\/www.monaco-tribune.com\\\/wp-content\\\/uploads\\\/2022\\\/11\\\/logo-monaco-tribune.png\",\"width\":1548,\"height\":600,\"caption\":\"Monaco Tribune\"},\"image\":{\"@id\":\"https:\\\/\\\/www.monaco-tribune.com\\\/it\\\/#\\\/schema\\\/logo\\\/image\\\/\"},\"sameAs\":[\"https:\\\/\\\/www.facebook.com\\\/MonacoTribune\",\"https:\\\/\\\/x.com\\\/MonacoTribune\",\"https:\\\/\\\/www.instagram.com\\\/monacotribune\\\/\",\"https:\\\/\\\/www.linkedin.com\\\/company\\\/monaco-tribune\",\"https:\\\/\\\/www.youtube.com\\\/channel\\\/UCHle1MnG6hw1y4lWKijVbMA\"]},{\"@type\":\"Person\",\"@id\":\"https:\\\/\\\/www.monaco-tribune.com\\\/it\\\/#\\\/schema\\\/person\\\/6db631c784f2f0eff54c3ca4d1da2d49\",\"name\":\"Ana\u00efs Riu\",\"image\":{\"@type\":\"ImageObject\",\"inLanguage\":\"it-IT\",\"@id\":\"https:\\\/\\\/secure.gravatar.com\\\/avatar\\\/9137eff67ff750f1997c171f45e5829ca4c8fa34729a8f8cd9dc85be7e50df7f?s=96&d=mm&r=g\",\"url\":\"https:\\\/\\\/secure.gravatar.com\\\/avatar\\\/9137eff67ff750f1997c171f45e5829ca4c8fa34729a8f8cd9dc85be7e50df7f?s=96&d=mm&r=g\",\"contentUrl\":\"https:\\\/\\\/secure.gravatar.com\\\/avatar\\\/9137eff67ff750f1997c171f45e5829ca4c8fa34729a8f8cd9dc85be7e50df7f?s=96&d=mm&r=g\",\"caption\":\"Ana\u00efs Riu\"},\"url\":\"https:\\\/\\\/www.monaco-tribune.com\\\/it\\\/author\\\/anaisriu\\\/\"}]}<\/script>\n<!-- \/ Yoast SEO Premium plugin. -->","yoast_head_json":{"title":"Ligue 1: l'AS Monaco chiude in bellezza con una vittoria schiacciante sul Nantes","description":"L\u2019atmosfera era particolarmente elettrizzante per l\u2019ultima partita della stagione. L'AS Monaco ha vinto 4 a 0 contro l'FC Nantes, allo Stadio Louis-II,","robots":{"index":"index","follow":"follow","max-snippet":"max-snippet:-1","max-image-preview":"max-image-preview:large","max-video-preview":"max-video-preview:-1"},"canonical":"https:\/\/www.monaco-tribune.com\/it\/2024\/05\/ligue-1-las-monaco-chiude-in-bellezza-con-una-vittoria-schiacciante-sul-nantes\/","og_locale":"it_IT","og_type":"article","og_title":"Ligue 1: l'AS Monaco chiude in bellezza con una vittoria schiacciante sul Nantes - Monaco Tribune","og_description":"L\u2019atmosfera era particolarmente elettrizzante per l\u2019ultima partita della stagione. L'AS Monaco ha vinto 4 a 0 contro l'FC Nantes, allo Stadio Louis-II,","og_url":"https:\/\/www.monaco-tribune.com\/it\/2024\/05\/ligue-1-las-monaco-chiude-in-bellezza-con-una-vittoria-schiacciante-sul-nantes\/","og_site_name":"Monaco Tribune","article_publisher":"https:\/\/www.facebook.com\/MonacoTribune","article_published_time":"2024-05-20T16:35:20+00:00","article_modified_time":"2024-05-20T16:35:30+00:00","og_image":[{"width":1160,"height":650,"url":"https:\/\/www.monaco-tribune.com\/wp-content\/uploads\/2024\/05\/monaco-nantes.jpg","type":"image\/jpeg"}],"author":"Ana\u00efs Riu","twitter_card":"summary_large_image","twitter_creator":"@MonacoTribune","twitter_site":"@MonacoTribune","schema":{"@context":"https:\/\/schema.org","@graph":[{"@type":"NewsArticle","@id":"https:\/\/www.monaco-tribune.com\/it\/2024\/05\/ligue-1-las-monaco-chiude-in-bellezza-con-una-vittoria-schiacciante-sul-nantes\/#article","isPartOf":{"@id":"https:\/\/www.monaco-tribune.com\/it\/2024\/05\/ligue-1-las-monaco-chiude-in-bellezza-con-una-vittoria-schiacciante-sul-nantes\/"},"author":{"name":"Ana\u00efs Riu","@id":"https:\/\/www.monaco-tribune.com\/it\/#\/schema\/person\/6db631c784f2f0eff54c3ca4d1da2d49"},"headline":"Ligue 1: l&#8217;AS Monaco chiude in bellezza con una vittoria schiacciante sul Nantes","datePublished":"2024-05-20T16:35:20+00:00","dateModified":"2024-05-20T16:35:30+00:00","mainEntityOfPage":{"@id":"https:\/\/www.monaco-tribune.com\/it\/2024\/05\/ligue-1-las-monaco-chiude-in-bellezza-con-una-vittoria-schiacciante-sul-nantes\/"},"wordCount":1440,"publisher":{"@id":"https:\/\/www.monaco-tribune.com\/it\/#organization"},"image":{"@id":"https:\/\/www.monaco-tribune.com\/it\/2024\/05\/ligue-1-las-monaco-chiude-in-bellezza-con-una-vittoria-schiacciante-sul-nantes\/#primaryimage"},"thumbnailUrl":"https:\/\/www.monaco-tribune.com\/wp-content\/uploads\/2024\/05\/monaco-nantes.jpg","keywords":["AS Monaco"],"articleSection":["La nostra scelta","Notizie","Sport"],"inLanguage":"it-IT","copyrightYear":"2024","copyrightHolder":{"@id":"https:\/\/www.monaco-tribune.com\/#organization"}},{"@type":"WebPage","@id":"https:\/\/www.monaco-tribune.com\/it\/2024\/05\/ligue-1-las-monaco-chiude-in-bellezza-con-una-vittoria-schiacciante-sul-nantes\/","url":"https:\/\/www.monaco-tribune.com\/it\/2024\/05\/ligue-1-las-monaco-chiude-in-bellezza-con-una-vittoria-schiacciante-sul-nantes\/","name":"Ligue 1: l'AS Monaco chiude in bellezza con una vittoria schiacciante sul Nantes","isPartOf":{"@id":"https:\/\/www.monaco-tribune.com\/it\/#website"},"primaryImageOfPage":{"@id":"https:\/\/www.monaco-tribune.com\/it\/2024\/05\/ligue-1-las-monaco-chiude-in-bellezza-con-una-vittoria-schiacciante-sul-nantes\/#primaryimage"},"image":{"@id":"https:\/\/www.monaco-tribune.com\/it\/2024\/05\/ligue-1-las-monaco-chiude-in-bellezza-con-una-vittoria-schiacciante-sul-nantes\/#primaryimage"},"thumbnailUrl":"https:\/\/www.monaco-tribune.com\/wp-content\/uploads\/2024\/05\/monaco-nantes.jpg","datePublished":"2024-05-20T16:35:20+00:00","dateModified":"2024-05-20T16:35:30+00:00","description":"L\u2019atmosfera era particolarmente elettrizzante per l\u2019ultima partita della stagione. L'AS Monaco ha vinto 4 a 0 contro l'FC Nantes, allo Stadio Louis-II,","breadcrumb":{"@id":"https:\/\/www.monaco-tribune.com\/it\/2024\/05\/ligue-1-las-monaco-chiude-in-bellezza-con-una-vittoria-schiacciante-sul-nantes\/#breadcrumb"},"inLanguage":"it-IT","potentialAction":[{"@type":"ReadAction","target":["https:\/\/www.monaco-tribune.com\/it\/2024\/05\/ligue-1-las-monaco-chiude-in-bellezza-con-una-vittoria-schiacciante-sul-nantes\/"]}]},{"@type":"ImageObject","inLanguage":"it-IT","@id":"https:\/\/www.monaco-tribune.com\/it\/2024\/05\/ligue-1-las-monaco-chiude-in-bellezza-con-una-vittoria-schiacciante-sul-nantes\/#primaryimage","url":"https:\/\/www.monaco-tribune.com\/wp-content\/uploads\/2024\/05\/monaco-nantes.jpg","contentUrl":"https:\/\/www.monaco-tribune.com\/wp-content\/uploads\/2024\/05\/monaco-nantes.jpg","width":1160,"height":650,"caption":"Dopo sei anni di assenza, l'AS Monaco torna finalmente in Champions League \u00a9 AS Monaco"},{"@type":"BreadcrumbList","@id":"https:\/\/www.monaco-tribune.com\/it\/2024\/05\/ligue-1-las-monaco-chiude-in-bellezza-con-una-vittoria-schiacciante-sul-nantes\/#breadcrumb","itemListElement":[{"@type":"ListItem","position":1,"name":"Accueil","item":"https:\/\/www.monaco-tribune.com\/it\/"},{"@type":"ListItem","position":2,"name":"Ligue 1: l&#8217;AS Monaco chiude in bellezza con una vittoria schiacciante sul Nantes"}]},{"@type":"WebSite","@id":"https:\/\/www.monaco-tribune.com\/it\/#website","url":"https:\/\/www.monaco-tribune.com\/it\/","name":"Monaco Tribune","description":"Monaco : actualit\u00e9s \u00e9conomiques, politiques, culturelles et sportives de Monaco et de la French Riviera.","publisher":{"@id":"https:\/\/www.monaco-tribune.com\/it\/#organization"},"potentialAction":[{"@type":"SearchAction","target":{"@type":"EntryPoint","urlTemplate":"https:\/\/www.monaco-tribune.com\/it\/?s={search_term_string}"},"query-input":{"@type":"PropertyValueSpecification","valueRequired":true,"valueName":"search_term_string"}}],"inLanguage":"it-IT"},{"@type":"Organization","@id":"https:\/\/www.monaco-tribune.com\/it\/#organization","name":"Monaco Tribune","url":"https:\/\/www.monaco-tribune.com\/it\/","logo":{"@type":"ImageObject","inLanguage":"it-IT","@id":"https:\/\/www.monaco-tribune.com\/it\/#\/schema\/logo\/image\/","url":"https:\/\/www.monaco-tribune.com\/wp-content\/uploads\/2022\/11\/logo-monaco-tribune.png","contentUrl":"https:\/\/www.monaco-tribune.com\/wp-content\/uploads\/2022\/11\/logo-monaco-tribune.png","width":1548,"height":600,"caption":"Monaco Tribune"},"image":{"@id":"https:\/\/www.monaco-tribune.com\/it\/#\/schema\/logo\/image\/"},"sameAs":["https:\/\/www.facebook.com\/MonacoTribune","https:\/\/x.com\/MonacoTribune","https:\/\/www.instagram.com\/monacotribune\/","https:\/\/www.linkedin.com\/company\/monaco-tribune","https:\/\/www.youtube.com\/channel\/UCHle1MnG6hw1y4lWKijVbMA"]},{"@type":"Person","@id":"https:\/\/www.monaco-tribune.com\/it\/#\/schema\/person\/6db631c784f2f0eff54c3ca4d1da2d49","name":"Ana\u00efs Riu","image":{"@type":"ImageObject","inLanguage":"it-IT","@id":"https:\/\/secure.gravatar.com\/avatar\/9137eff67ff750f1997c171f45e5829ca4c8fa34729a8f8cd9dc85be7e50df7f?s=96&d=mm&r=g","url":"https:\/\/secure.gravatar.com\/avatar\/9137eff67ff750f1997c171f45e5829ca4c8fa34729a8f8cd9dc85be7e50df7f?s=96&d=mm&r=g","contentUrl":"https:\/\/secure.gravatar.com\/avatar\/9137eff67ff750f1997c171f45e5829ca4c8fa34729a8f8cd9dc85be7e50df7f?s=96&d=mm&r=g","caption":"Ana\u00efs Riu"},"url":"https:\/\/www.monaco-tribune.com\/it\/author\/anaisriu\/"}]}},"_links":{"self":[{"href":"https:\/\/www.monaco-tribune.com\/it\/wp-json\/wp\/v2\/posts\/233445","targetHints":{"allow":["GET"]}}],"collection":[{"href":"https:\/\/www.monaco-tribune.com\/it\/wp-json\/wp\/v2\/posts"}],"about":[{"href":"https:\/\/www.monaco-tribune.com\/it\/wp-json\/wp\/v2\/types\/post"}],"author":[{"embeddable":true,"href":"https:\/\/www.monaco-tribune.com\/it\/wp-json\/wp\/v2\/users\/77"}],"replies":[{"embeddable":true,"href":"https:\/\/www.monaco-tribune.com\/it\/wp-json\/wp\/v2\/comments?post=233445"}],"version-history":[{"count":2,"href":"https:\/\/www.monaco-tribune.com\/it\/wp-json\/wp\/v2\/posts\/233445\/revisions"}],"predecessor-version":[{"id":233448,"href":"https:\/\/www.monaco-tribune.com\/it\/wp-json\/wp\/v2\/posts\/233445\/revisions\/233448"}],"wp:featuredmedia":[{"embeddable":true,"href":"https:\/\/www.monaco-tribune.com\/it\/wp-json\/wp\/v2\/media\/233349"}],"wp:attachment":[{"href":"https:\/\/www.monaco-tribune.com\/it\/wp-json\/wp\/v2\/media?parent=233445"}],"wp:term":[{"taxonomy":"category","embeddable":true,"href":"https:\/\/www.monaco-tribune.com\/it\/wp-json\/wp\/v2\/categories?post=233445"},{"taxonomy":"post_tag","embeddable":true,"href":"https:\/\/www.monaco-tribune.com\/it\/wp-json\/wp\/v2\/tags?post=233445"},{"taxonomy":"sectag","embeddable":true,"href":"https:\/\/www.monaco-tribune.com\/it\/wp-json\/wp\/v2\/post_sectags?post=233445"},{"taxonomy":"format","embeddable":true,"href":"https:\/\/www.monaco-tribune.com\/it\/wp-json\/wp\/v2\/post_format?post=233445"}],"curies":[{"name":"wp","href":"https:\/\/api.w.org\/{rel}","templated":true}]}}