{"id":234440,"date":"2024-05-27T15:57:28","date_gmt":"2024-05-27T13:57:28","guid":{"rendered":"https:\/\/www.monaco-tribune.com\/2024\/05\/la-coppia-principesca-presente-per-la-vittoria-storica-di-charles-leclerc-al-gran-premio-di-monaco-2024\/"},"modified":"2024-05-27T15:58:14","modified_gmt":"2024-05-27T13:58:14","slug":"la-coppia-principesca-presente-per-la-vittoria-storica-di-charles-leclerc-al-gran-premio-di-monaco-2024","status":"publish","type":"post","link":"https:\/\/www.monaco-tribune.com\/it\/2024\/05\/la-coppia-principesca-presente-per-la-vittoria-storica-di-charles-leclerc-al-gran-premio-di-monaco-2024\/","title":{"rendered":"La Coppia Principesca presente per la vittoria storica di Charles Leclerc al Gran Premio di Monaco 2024"},"content":{"rendered":"\n<p><strong>Domenica 26 maggio 2024 rester\u00e0 per sempre nella storia come un miracolo mai visto nella storia della Formual 1.<\/strong><\/p>\n\n<p>Come ogni anno, il Principe Alberto II e la Principessa Charl\u00e8ne hanno assistito al <a href=\"https:\/\/www.monaco-tribune.com\/it\/2024\/05\/formula-1-vittoria-storica-di-charles-leclerc-al-gran-premio-di-monaco-il-principe-alberto-ii-commosso\/\">Gran Premio di F1 di Monaco 2024<\/a>. Questa volta per\u00f2 \u00e8 stato uno dei momenti pi\u00f9 belli della F1 nel Principato! Il momento tanto atteso \u00e8 finalmente arrivato: Charles Leclerc \u00e8 stato il primo monegasco a vincere il Gran Premio di Monaco di Formula 1. Un momento memorabile che non \u00e8 passato di certo inosservato.<\/p>\n\n<p>\u00c8 infatti la prima volta che un pilota monegasco vince su questo leggendario circuito da 93 anni a questa parte, quando Louis Chiron si aggiudic\u00f2 il titolo nel 1931, prima dell&#8217;avvento del campionato di Formula 1.<\/p>\n\n<p>Un momento talmente emozionante che il Principe non \u00e8 riuscito a trattenere le lacrime di gioia, rompendo il protocollo durante la consegna dei premi. Rivivete attraverso queste immagini l&#8217;esito di questo Gran Premio stracolmo di emozioni insieme al Principe e alla Principessa.<\/p>\n<div class=\"wp-block-image\">\n<figure class=\"aligncenter size-large is-resized\"><img loading=\"lazy\" decoding=\"async\" width=\"1024\" height=\"683\" src=\"https:\/\/www.monaco-tribune.com\/wp-content\/uploads\/2024\/05\/gp-monaco-1024x683.jpeg\" alt=\"\" class=\"wp-image-234397\" style=\"width:968px;height:auto\" srcset=\"https:\/\/www.monaco-tribune.com\/wp-content\/uploads\/2024\/05\/gp-monaco-1024x683.jpeg 1024w, https:\/\/www.monaco-tribune.com\/wp-content\/uploads\/2024\/05\/gp-monaco-450x300.jpeg 450w, https:\/\/www.monaco-tribune.com\/wp-content\/uploads\/2024\/05\/gp-monaco.jpeg 1200w\" sizes=\"auto, (max-width: 1024px) 100vw, 1024px\" \/><\/figure>\n<\/div><div class=\"wp-block-image\">\n<figure class=\"aligncenter size-large\"><img loading=\"lazy\" decoding=\"async\" width=\"1024\" height=\"683\" src=\"https:\/\/www.monaco-tribune.com\/wp-content\/uploads\/2024\/05\/princesse-charlene-gp-monaco-1024x683.jpeg\" alt=\"\" class=\"wp-image-234393\" srcset=\"https:\/\/www.monaco-tribune.com\/wp-content\/uploads\/2024\/05\/princesse-charlene-gp-monaco-1024x683.jpeg 1024w, https:\/\/www.monaco-tribune.com\/wp-content\/uploads\/2024\/05\/princesse-charlene-gp-monaco-450x300.jpeg 450w, https:\/\/www.monaco-tribune.com\/wp-content\/uploads\/2024\/05\/princesse-charlene-gp-monaco.jpeg 1200w\" sizes=\"auto, (max-width: 1024px) 100vw, 1024px\" \/><\/figure>\n<\/div><div class=\"wp-block-image\">\n<figure class=\"aligncenter size-large\"><img loading=\"lazy\" decoding=\"async\" width=\"1024\" height=\"683\" src=\"https:\/\/www.monaco-tribune.com\/wp-content\/uploads\/2024\/05\/famille-princiere-monaco-charles-leclecr-1024x683.jpeg\" alt=\"\" class=\"wp-image-234401\" srcset=\"https:\/\/www.monaco-tribune.com\/wp-content\/uploads\/2024\/05\/famille-princiere-monaco-charles-leclecr-1024x683.jpeg 1024w, https:\/\/www.monaco-tribune.com\/wp-content\/uploads\/2024\/05\/famille-princiere-monaco-charles-leclecr-450x300.jpeg 450w, https:\/\/www.monaco-tribune.com\/wp-content\/uploads\/2024\/05\/famille-princiere-monaco-charles-leclecr.jpeg 1200w\" sizes=\"auto, (max-width: 1024px) 100vw, 1024px\" \/><figcaption class=\"wp-element-caption\"><em>Credits: Eric Mathon \/ Michael Alesi \/ Axel Bastello \/ Palazzo del Principe<\/em><\/figcaption><\/figure>\n<\/div>\n<figure class=\"wp-block-gallery has-nested-images columns-default is-cropped wp-block-gallery-1 is-layout-flex wp-block-gallery-is-layout-flex\"><div class=\"wp-block-image\">\n<figure class=\"aligncenter size-large\"><img loading=\"lazy\" decoding=\"async\" width=\"1024\" height=\"683\" data-id=\"234363\" src=\"https:\/\/www.monaco-tribune.com\/wp-content\/uploads\/2024\/05\/gp-monaco-photo-81-1024x683.jpg\" alt=\"\" class=\"wp-image-234363\" srcset=\"https:\/\/www.monaco-tribune.com\/wp-content\/uploads\/2024\/05\/gp-monaco-photo-81-1024x683.jpg 1024w, https:\/\/www.monaco-tribune.com\/wp-content\/uploads\/2024\/05\/gp-monaco-photo-81-450x300.jpg 450w, https:\/\/www.monaco-tribune.com\/wp-content\/uploads\/2024\/05\/gp-monaco-photo-81.jpg 2048w\" sizes=\"auto, (max-width: 1024px) 100vw, 1024px\" \/><\/figure>\n<\/div>\n\n<div class=\"wp-block-image\">\n<figure class=\"aligncenter size-large\"><img loading=\"lazy\" decoding=\"async\" width=\"1024\" height=\"683\" data-id=\"234372\" src=\"https:\/\/www.monaco-tribune.com\/wp-content\/uploads\/2024\/05\/gp-monaco-photo-9-1024x683.jpg\" alt=\"\" class=\"wp-image-234372\" srcset=\"https:\/\/www.monaco-tribune.com\/wp-content\/uploads\/2024\/05\/gp-monaco-photo-9-1024x683.jpg 1024w, https:\/\/www.monaco-tribune.com\/wp-content\/uploads\/2024\/05\/gp-monaco-photo-9-450x300.jpg 450w, https:\/\/www.monaco-tribune.com\/wp-content\/uploads\/2024\/05\/gp-monaco-photo-9.jpg 1600w\" sizes=\"auto, (max-width: 1024px) 100vw, 1024px\" \/><\/figure>\n<\/div>\n\n<div class=\"wp-block-image\">\n<figure class=\"aligncenter size-large\"><img loading=\"lazy\" decoding=\"async\" width=\"1024\" height=\"683\" data-id=\"234359\" src=\"https:\/\/www.monaco-tribune.com\/wp-content\/uploads\/2024\/05\/gp-monaco-photo-3-1024x683.jpg\" alt=\"\" class=\"wp-image-234359\" srcset=\"https:\/\/www.monaco-tribune.com\/wp-content\/uploads\/2024\/05\/gp-monaco-photo-3-1024x683.jpg 1024w, https:\/\/www.monaco-tribune.com\/wp-content\/uploads\/2024\/05\/gp-monaco-photo-3-450x300.jpg 450w, https:\/\/www.monaco-tribune.com\/wp-content\/uploads\/2024\/05\/gp-monaco-photo-3.jpg 2048w\" sizes=\"auto, (max-width: 1024px) 100vw, 1024px\" \/><\/figure>\n<\/div>\n\n<div class=\"wp-block-image\">\n<figure class=\"aligncenter size-large\"><img loading=\"lazy\" decoding=\"async\" width=\"1024\" height=\"683\" data-id=\"234351\" src=\"https:\/\/www.monaco-tribune.com\/wp-content\/uploads\/2024\/05\/gp-monaco-photo-5-1024x683.jpg\" alt=\"\" class=\"wp-image-234351\" srcset=\"https:\/\/www.monaco-tribune.com\/wp-content\/uploads\/2024\/05\/gp-monaco-photo-5-1024x683.jpg 1024w, https:\/\/www.monaco-tribune.com\/wp-content\/uploads\/2024\/05\/gp-monaco-photo-5-450x300.jpg 450w, https:\/\/www.monaco-tribune.com\/wp-content\/uploads\/2024\/05\/gp-monaco-photo-5.jpg 2048w\" sizes=\"auto, (max-width: 1024px) 100vw, 1024px\" \/><\/figure>\n<\/div>\n\n<div class=\"wp-block-image\">\n<figure class=\"aligncenter size-large\"><img loading=\"lazy\" decoding=\"async\" width=\"1024\" height=\"683\" data-id=\"234355\" src=\"https:\/\/www.monaco-tribune.com\/wp-content\/uploads\/2024\/05\/gp-monaco-photo-4-1024x683.jpg\" alt=\"\" class=\"wp-image-234355\" srcset=\"https:\/\/www.monaco-tribune.com\/wp-content\/uploads\/2024\/05\/gp-monaco-photo-4-1024x683.jpg 1024w, https:\/\/www.monaco-tribune.com\/wp-content\/uploads\/2024\/05\/gp-monaco-photo-4-450x300.jpg 450w, https:\/\/www.monaco-tribune.com\/wp-content\/uploads\/2024\/05\/gp-monaco-photo-4.jpg 2048w\" sizes=\"auto, (max-width: 1024px) 100vw, 1024px\" \/><\/figure>\n<\/div>\n\n<div class=\"wp-block-image\">\n<figure class=\"aligncenter size-large\"><img loading=\"lazy\" decoding=\"async\" width=\"1024\" height=\"683\" data-id=\"234343\" src=\"https:\/\/www.monaco-tribune.com\/wp-content\/uploads\/2024\/05\/gp-monaco-photo-7-1024x683.jpg\" alt=\"\" class=\"wp-image-234343\" srcset=\"https:\/\/www.monaco-tribune.com\/wp-content\/uploads\/2024\/05\/gp-monaco-photo-7-1024x683.jpg 1024w, https:\/\/www.monaco-tribune.com\/wp-content\/uploads\/2024\/05\/gp-monaco-photo-7-450x300.jpg 450w, https:\/\/www.monaco-tribune.com\/wp-content\/uploads\/2024\/05\/gp-monaco-photo-7.jpg 2048w\" sizes=\"auto, (max-width: 1024px) 100vw, 1024px\" \/><\/figure>\n<\/div><\/figure>\n\n<p class=\"has-text-align-center\"><em>\u00a9 Monaco Info \/ Palazzo del Principe \/ X &#8211; F1<\/em><\/p>\n","protected":false},"excerpt":{"rendered":"<p>Domenica 26 maggio 2024 rester\u00e0 per sempre nella storia come un miracolo mai visto nella storia della Formual 1. Come [&hellip;]<\/p>\n","protected":false},"author":76,"featured_media":234349,"comment_status":"closed","ping_status":"closed","sticky":false,"template":"","format":"standard","meta":{"_acf_changed":false,"footnotes":""},"categories":[2175,1742,1826,1738],"tags":[2944],"post_sectags":[],"post_format":[2474],"class_list":["post-234440","post","type-post","status-publish","format-standard","has-post-thumbnail","hentry","category-dossier-it","category-famiglia-principesca","category-la-nostra-scelta","category-notizie","tag-principessa-charlene","format-foto"],"acf":[],"yoast_head":"<!-- This site is optimized with the Yoast SEO Premium plugin v26.8 (Yoast SEO v27.4) - https:\/\/yoast.com\/product\/yoast-seo-premium-wordpress\/ -->\n<title>La Coppia Principesca presente per la vittoria storica di Charles Leclerc al Gran Premio di Monaco 2024<\/title>\n<meta name=\"description\" content=\"Domenica 26 maggio 2024 rester\u00e0 per sempre nella storia come un miracolo mai visto nella storia della Formual 1. Come ogni anno, il Principe Alberto II e\" \/>\n<meta name=\"robots\" content=\"index, follow, max-snippet:-1, max-image-preview:large, max-video-preview:-1\" \/>\n<link rel=\"canonical\" href=\"https:\/\/www.monaco-tribune.com\/it\/2024\/05\/la-coppia-principesca-presente-per-la-vittoria-storica-di-charles-leclerc-al-gran-premio-di-monaco-2024\/\" \/>\n<meta property=\"og:locale\" content=\"it_IT\" \/>\n<meta property=\"og:type\" content=\"article\" \/>\n<meta property=\"og:title\" content=\"La Coppia Principesca presente per la vittoria storica di Charles Leclerc al Gran Premio di Monaco 2024 - Monaco Tribune\" \/>\n<meta property=\"og:description\" content=\"Domenica 26 maggio 2024 rester\u00e0 per sempre nella storia come un miracolo mai visto nella storia della Formual 1. Come ogni anno, il Principe Alberto II e\" \/>\n<meta property=\"og:url\" content=\"https:\/\/www.monaco-tribune.com\/it\/2024\/05\/la-coppia-principesca-presente-per-la-vittoria-storica-di-charles-leclerc-al-gran-premio-di-monaco-2024\/\" \/>\n<meta property=\"og:site_name\" content=\"Monaco Tribune\" \/>\n<meta property=\"article:publisher\" content=\"https:\/\/www.facebook.com\/MonacoTribune\" \/>\n<meta property=\"article:published_time\" content=\"2024-05-27T13:57:28+00:00\" \/>\n<meta property=\"article:modified_time\" content=\"2024-05-27T13:58:14+00:00\" \/>\n<meta property=\"og:image\" content=\"https:\/\/www.monaco-tribune.com\/wp-content\/uploads\/2024\/05\/gp-monaco-photo-6.jpg\" \/>\n\t<meta property=\"og:image:width\" content=\"2048\" \/>\n\t<meta property=\"og:image:height\" content=\"1366\" \/>\n\t<meta property=\"og:image:type\" content=\"image\/jpeg\" \/>\n<meta name=\"author\" content=\"Killian Masurier\" \/>\n<meta name=\"twitter:card\" content=\"summary_large_image\" \/>\n<meta name=\"twitter:creator\" content=\"@MonacoTribune\" \/>\n<meta name=\"twitter:site\" content=\"@MonacoTribune\" \/>\n<script type=\"application\/ld+json\" class=\"yoast-schema-graph\">{\"@context\":\"https:\\\/\\\/schema.org\",\"@graph\":[{\"@type\":\"NewsArticle\",\"@id\":\"https:\\\/\\\/www.monaco-tribune.com\\\/it\\\/2024\\\/05\\\/la-coppia-principesca-presente-per-la-vittoria-storica-di-charles-leclerc-al-gran-premio-di-monaco-2024\\\/#article\",\"isPartOf\":{\"@id\":\"https:\\\/\\\/www.monaco-tribune.com\\\/it\\\/2024\\\/05\\\/la-coppia-principesca-presente-per-la-vittoria-storica-di-charles-leclerc-al-gran-premio-di-monaco-2024\\\/\"},\"author\":{\"name\":\"Killian Masurier\",\"@id\":\"https:\\\/\\\/www.monaco-tribune.com\\\/it\\\/#\\\/schema\\\/person\\\/430d20b322a92cf77ed693c80401a9f1\"},\"headline\":\"La Coppia Principesca presente per la vittoria storica di Charles Leclerc al Gran Premio di Monaco 2024\",\"datePublished\":\"2024-05-27T13:57:28+00:00\",\"dateModified\":\"2024-05-27T13:58:14+00:00\",\"mainEntityOfPage\":{\"@id\":\"https:\\\/\\\/www.monaco-tribune.com\\\/it\\\/2024\\\/05\\\/la-coppia-principesca-presente-per-la-vittoria-storica-di-charles-leclerc-al-gran-premio-di-monaco-2024\\\/\"},\"wordCount\":189,\"publisher\":{\"@id\":\"https:\\\/\\\/www.monaco-tribune.com\\\/it\\\/#organization\"},\"image\":{\"@id\":\"https:\\\/\\\/www.monaco-tribune.com\\\/it\\\/2024\\\/05\\\/la-coppia-principesca-presente-per-la-vittoria-storica-di-charles-leclerc-al-gran-premio-di-monaco-2024\\\/#primaryimage\"},\"thumbnailUrl\":\"https:\\\/\\\/www.monaco-tribune.com\\\/wp-content\\\/uploads\\\/2024\\\/05\\\/gp-monaco-photo-6.jpg\",\"keywords\":[\"Principessa Charl\u00e8ne\"],\"articleSection\":[\"Dossier\",\"Famiglia Principesca\",\"La nostra scelta\",\"Notizie\"],\"inLanguage\":\"it-IT\",\"copyrightYear\":\"2024\",\"copyrightHolder\":{\"@id\":\"https:\\\/\\\/www.monaco-tribune.com\\\/#organization\"}},{\"@type\":\"WebPage\",\"@id\":\"https:\\\/\\\/www.monaco-tribune.com\\\/it\\\/2024\\\/05\\\/la-coppia-principesca-presente-per-la-vittoria-storica-di-charles-leclerc-al-gran-premio-di-monaco-2024\\\/\",\"url\":\"https:\\\/\\\/www.monaco-tribune.com\\\/it\\\/2024\\\/05\\\/la-coppia-principesca-presente-per-la-vittoria-storica-di-charles-leclerc-al-gran-premio-di-monaco-2024\\\/\",\"name\":\"La Coppia Principesca presente per la vittoria storica di Charles Leclerc al Gran Premio di Monaco 2024\",\"isPartOf\":{\"@id\":\"https:\\\/\\\/www.monaco-tribune.com\\\/it\\\/#website\"},\"primaryImageOfPage\":{\"@id\":\"https:\\\/\\\/www.monaco-tribune.com\\\/it\\\/2024\\\/05\\\/la-coppia-principesca-presente-per-la-vittoria-storica-di-charles-leclerc-al-gran-premio-di-monaco-2024\\\/#primaryimage\"},\"image\":{\"@id\":\"https:\\\/\\\/www.monaco-tribune.com\\\/it\\\/2024\\\/05\\\/la-coppia-principesca-presente-per-la-vittoria-storica-di-charles-leclerc-al-gran-premio-di-monaco-2024\\\/#primaryimage\"},\"thumbnailUrl\":\"https:\\\/\\\/www.monaco-tribune.com\\\/wp-content\\\/uploads\\\/2024\\\/05\\\/gp-monaco-photo-6.jpg\",\"datePublished\":\"2024-05-27T13:57:28+00:00\",\"dateModified\":\"2024-05-27T13:58:14+00:00\",\"description\":\"Domenica 26 maggio 2024 rester\u00e0 per sempre nella storia come un miracolo mai visto nella storia della Formual 1. Come ogni anno, il Principe Alberto II e\",\"breadcrumb\":{\"@id\":\"https:\\\/\\\/www.monaco-tribune.com\\\/it\\\/2024\\\/05\\\/la-coppia-principesca-presente-per-la-vittoria-storica-di-charles-leclerc-al-gran-premio-di-monaco-2024\\\/#breadcrumb\"},\"inLanguage\":\"it-IT\",\"potentialAction\":[{\"@type\":\"ReadAction\",\"target\":[\"https:\\\/\\\/www.monaco-tribune.com\\\/it\\\/2024\\\/05\\\/la-coppia-principesca-presente-per-la-vittoria-storica-di-charles-leclerc-al-gran-premio-di-monaco-2024\\\/\"]}]},{\"@type\":\"ImageObject\",\"inLanguage\":\"it-IT\",\"@id\":\"https:\\\/\\\/www.monaco-tribune.com\\\/it\\\/2024\\\/05\\\/la-coppia-principesca-presente-per-la-vittoria-storica-di-charles-leclerc-al-gran-premio-di-monaco-2024\\\/#primaryimage\",\"url\":\"https:\\\/\\\/www.monaco-tribune.com\\\/wp-content\\\/uploads\\\/2024\\\/05\\\/gp-monaco-photo-6.jpg\",\"contentUrl\":\"https:\\\/\\\/www.monaco-tribune.com\\\/wp-content\\\/uploads\\\/2024\\\/05\\\/gp-monaco-photo-6.jpg\",\"width\":2048,\"height\":1366,\"caption\":\"Il Principe Alberto II in lacrime dopo la vittoria di Charles Leclerc al Gran Premio di Monaco 2024 \u00a9 Palazzo del Principe di Monaco\"},{\"@type\":\"BreadcrumbList\",\"@id\":\"https:\\\/\\\/www.monaco-tribune.com\\\/it\\\/2024\\\/05\\\/la-coppia-principesca-presente-per-la-vittoria-storica-di-charles-leclerc-al-gran-premio-di-monaco-2024\\\/#breadcrumb\",\"itemListElement\":[{\"@type\":\"ListItem\",\"position\":1,\"name\":\"Accueil\",\"item\":\"https:\\\/\\\/www.monaco-tribune.com\\\/it\\\/\"},{\"@type\":\"ListItem\",\"position\":2,\"name\":\"La Coppia Principesca presente per la vittoria storica di Charles Leclerc al Gran Premio di Monaco 2024\"}]},{\"@type\":\"WebSite\",\"@id\":\"https:\\\/\\\/www.monaco-tribune.com\\\/it\\\/#website\",\"url\":\"https:\\\/\\\/www.monaco-tribune.com\\\/it\\\/\",\"name\":\"Monaco Tribune\",\"description\":\"Monaco : actualit\u00e9s \u00e9conomiques, politiques, culturelles et sportives de Monaco et de la French Riviera.\",\"publisher\":{\"@id\":\"https:\\\/\\\/www.monaco-tribune.com\\\/it\\\/#organization\"},\"potentialAction\":[{\"@type\":\"SearchAction\",\"target\":{\"@type\":\"EntryPoint\",\"urlTemplate\":\"https:\\\/\\\/www.monaco-tribune.com\\\/it\\\/?s={search_term_string}\"},\"query-input\":{\"@type\":\"PropertyValueSpecification\",\"valueRequired\":true,\"valueName\":\"search_term_string\"}}],\"inLanguage\":\"it-IT\"},{\"@type\":\"Organization\",\"@id\":\"https:\\\/\\\/www.monaco-tribune.com\\\/it\\\/#organization\",\"name\":\"Monaco Tribune\",\"url\":\"https:\\\/\\\/www.monaco-tribune.com\\\/it\\\/\",\"logo\":{\"@type\":\"ImageObject\",\"inLanguage\":\"it-IT\",\"@id\":\"https:\\\/\\\/www.monaco-tribune.com\\\/it\\\/#\\\/schema\\\/logo\\\/image\\\/\",\"url\":\"https:\\\/\\\/www.monaco-tribune.com\\\/wp-content\\\/uploads\\\/2022\\\/11\\\/logo-monaco-tribune.png\",\"contentUrl\":\"https:\\\/\\\/www.monaco-tribune.com\\\/wp-content\\\/uploads\\\/2022\\\/11\\\/logo-monaco-tribune.png\",\"width\":1548,\"height\":600,\"caption\":\"Monaco Tribune\"},\"image\":{\"@id\":\"https:\\\/\\\/www.monaco-tribune.com\\\/it\\\/#\\\/schema\\\/logo\\\/image\\\/\"},\"sameAs\":[\"https:\\\/\\\/www.facebook.com\\\/MonacoTribune\",\"https:\\\/\\\/x.com\\\/MonacoTribune\",\"https:\\\/\\\/www.instagram.com\\\/monacotribune\\\/\",\"https:\\\/\\\/www.linkedin.com\\\/company\\\/monaco-tribune\",\"https:\\\/\\\/www.youtube.com\\\/channel\\\/UCHle1MnG6hw1y4lWKijVbMA\"]},{\"@type\":\"Person\",\"@id\":\"https:\\\/\\\/www.monaco-tribune.com\\\/it\\\/#\\\/schema\\\/person\\\/430d20b322a92cf77ed693c80401a9f1\",\"name\":\"Killian Masurier\",\"image\":{\"@type\":\"ImageObject\",\"inLanguage\":\"it-IT\",\"@id\":\"https:\\\/\\\/secure.gravatar.com\\\/avatar\\\/2b945dc7d96e6fec85032621c16cd3de6e31a754758f25fdb5adce4ef6696a8e?s=96&d=mm&r=g\",\"url\":\"https:\\\/\\\/secure.gravatar.com\\\/avatar\\\/2b945dc7d96e6fec85032621c16cd3de6e31a754758f25fdb5adce4ef6696a8e?s=96&d=mm&r=g\",\"contentUrl\":\"https:\\\/\\\/secure.gravatar.com\\\/avatar\\\/2b945dc7d96e6fec85032621c16cd3de6e31a754758f25fdb5adce4ef6696a8e?s=96&d=mm&r=g\",\"caption\":\"Killian Masurier\"},\"url\":\"https:\\\/\\\/www.monaco-tribune.com\\\/it\\\/author\\\/killianmasurier\\\/\"}]}<\/script>\n<!-- \/ Yoast SEO Premium plugin. -->","yoast_head_json":{"title":"La Coppia Principesca presente per la vittoria storica di Charles Leclerc al Gran Premio di Monaco 2024","description":"Domenica 26 maggio 2024 rester\u00e0 per sempre nella storia come un miracolo mai visto nella storia della Formual 1. Come ogni anno, il Principe Alberto II e","robots":{"index":"index","follow":"follow","max-snippet":"max-snippet:-1","max-image-preview":"max-image-preview:large","max-video-preview":"max-video-preview:-1"},"canonical":"https:\/\/www.monaco-tribune.com\/it\/2024\/05\/la-coppia-principesca-presente-per-la-vittoria-storica-di-charles-leclerc-al-gran-premio-di-monaco-2024\/","og_locale":"it_IT","og_type":"article","og_title":"La Coppia Principesca presente per la vittoria storica di Charles Leclerc al Gran Premio di Monaco 2024 - Monaco Tribune","og_description":"Domenica 26 maggio 2024 rester\u00e0 per sempre nella storia come un miracolo mai visto nella storia della Formual 1. Come ogni anno, il Principe Alberto II e","og_url":"https:\/\/www.monaco-tribune.com\/it\/2024\/05\/la-coppia-principesca-presente-per-la-vittoria-storica-di-charles-leclerc-al-gran-premio-di-monaco-2024\/","og_site_name":"Monaco Tribune","article_publisher":"https:\/\/www.facebook.com\/MonacoTribune","article_published_time":"2024-05-27T13:57:28+00:00","article_modified_time":"2024-05-27T13:58:14+00:00","og_image":[{"width":2048,"height":1366,"url":"https:\/\/www.monaco-tribune.com\/wp-content\/uploads\/2024\/05\/gp-monaco-photo-6.jpg","type":"image\/jpeg"}],"author":"Killian Masurier","twitter_card":"summary_large_image","twitter_creator":"@MonacoTribune","twitter_site":"@MonacoTribune","schema":{"@context":"https:\/\/schema.org","@graph":[{"@type":"NewsArticle","@id":"https:\/\/www.monaco-tribune.com\/it\/2024\/05\/la-coppia-principesca-presente-per-la-vittoria-storica-di-charles-leclerc-al-gran-premio-di-monaco-2024\/#article","isPartOf":{"@id":"https:\/\/www.monaco-tribune.com\/it\/2024\/05\/la-coppia-principesca-presente-per-la-vittoria-storica-di-charles-leclerc-al-gran-premio-di-monaco-2024\/"},"author":{"name":"Killian Masurier","@id":"https:\/\/www.monaco-tribune.com\/it\/#\/schema\/person\/430d20b322a92cf77ed693c80401a9f1"},"headline":"La Coppia Principesca presente per la vittoria storica di Charles Leclerc al Gran Premio di Monaco 2024","datePublished":"2024-05-27T13:57:28+00:00","dateModified":"2024-05-27T13:58:14+00:00","mainEntityOfPage":{"@id":"https:\/\/www.monaco-tribune.com\/it\/2024\/05\/la-coppia-principesca-presente-per-la-vittoria-storica-di-charles-leclerc-al-gran-premio-di-monaco-2024\/"},"wordCount":189,"publisher":{"@id":"https:\/\/www.monaco-tribune.com\/it\/#organization"},"image":{"@id":"https:\/\/www.monaco-tribune.com\/it\/2024\/05\/la-coppia-principesca-presente-per-la-vittoria-storica-di-charles-leclerc-al-gran-premio-di-monaco-2024\/#primaryimage"},"thumbnailUrl":"https:\/\/www.monaco-tribune.com\/wp-content\/uploads\/2024\/05\/gp-monaco-photo-6.jpg","keywords":["Principessa Charl\u00e8ne"],"articleSection":["Dossier","Famiglia Principesca","La nostra scelta","Notizie"],"inLanguage":"it-IT","copyrightYear":"2024","copyrightHolder":{"@id":"https:\/\/www.monaco-tribune.com\/#organization"}},{"@type":"WebPage","@id":"https:\/\/www.monaco-tribune.com\/it\/2024\/05\/la-coppia-principesca-presente-per-la-vittoria-storica-di-charles-leclerc-al-gran-premio-di-monaco-2024\/","url":"https:\/\/www.monaco-tribune.com\/it\/2024\/05\/la-coppia-principesca-presente-per-la-vittoria-storica-di-charles-leclerc-al-gran-premio-di-monaco-2024\/","name":"La Coppia Principesca presente per la vittoria storica di Charles Leclerc al Gran Premio di Monaco 2024","isPartOf":{"@id":"https:\/\/www.monaco-tribune.com\/it\/#website"},"primaryImageOfPage":{"@id":"https:\/\/www.monaco-tribune.com\/it\/2024\/05\/la-coppia-principesca-presente-per-la-vittoria-storica-di-charles-leclerc-al-gran-premio-di-monaco-2024\/#primaryimage"},"image":{"@id":"https:\/\/www.monaco-tribune.com\/it\/2024\/05\/la-coppia-principesca-presente-per-la-vittoria-storica-di-charles-leclerc-al-gran-premio-di-monaco-2024\/#primaryimage"},"thumbnailUrl":"https:\/\/www.monaco-tribune.com\/wp-content\/uploads\/2024\/05\/gp-monaco-photo-6.jpg","datePublished":"2024-05-27T13:57:28+00:00","dateModified":"2024-05-27T13:58:14+00:00","description":"Domenica 26 maggio 2024 rester\u00e0 per sempre nella storia come un miracolo mai visto nella storia della Formual 1. Come ogni anno, il Principe Alberto II e","breadcrumb":{"@id":"https:\/\/www.monaco-tribune.com\/it\/2024\/05\/la-coppia-principesca-presente-per-la-vittoria-storica-di-charles-leclerc-al-gran-premio-di-monaco-2024\/#breadcrumb"},"inLanguage":"it-IT","potentialAction":[{"@type":"ReadAction","target":["https:\/\/www.monaco-tribune.com\/it\/2024\/05\/la-coppia-principesca-presente-per-la-vittoria-storica-di-charles-leclerc-al-gran-premio-di-monaco-2024\/"]}]},{"@type":"ImageObject","inLanguage":"it-IT","@id":"https:\/\/www.monaco-tribune.com\/it\/2024\/05\/la-coppia-principesca-presente-per-la-vittoria-storica-di-charles-leclerc-al-gran-premio-di-monaco-2024\/#primaryimage","url":"https:\/\/www.monaco-tribune.com\/wp-content\/uploads\/2024\/05\/gp-monaco-photo-6.jpg","contentUrl":"https:\/\/www.monaco-tribune.com\/wp-content\/uploads\/2024\/05\/gp-monaco-photo-6.jpg","width":2048,"height":1366,"caption":"Il Principe Alberto II in lacrime dopo la vittoria di Charles Leclerc al Gran Premio di Monaco 2024 \u00a9 Palazzo del Principe di Monaco"},{"@type":"BreadcrumbList","@id":"https:\/\/www.monaco-tribune.com\/it\/2024\/05\/la-coppia-principesca-presente-per-la-vittoria-storica-di-charles-leclerc-al-gran-premio-di-monaco-2024\/#breadcrumb","itemListElement":[{"@type":"ListItem","position":1,"name":"Accueil","item":"https:\/\/www.monaco-tribune.com\/it\/"},{"@type":"ListItem","position":2,"name":"La Coppia Principesca presente per la vittoria storica di Charles Leclerc al Gran Premio di Monaco 2024"}]},{"@type":"WebSite","@id":"https:\/\/www.monaco-tribune.com\/it\/#website","url":"https:\/\/www.monaco-tribune.com\/it\/","name":"Monaco Tribune","description":"Monaco : actualit\u00e9s \u00e9conomiques, politiques, culturelles et sportives de Monaco et de la French Riviera.","publisher":{"@id":"https:\/\/www.monaco-tribune.com\/it\/#organization"},"potentialAction":[{"@type":"SearchAction","target":{"@type":"EntryPoint","urlTemplate":"https:\/\/www.monaco-tribune.com\/it\/?s={search_term_string}"},"query-input":{"@type":"PropertyValueSpecification","valueRequired":true,"valueName":"search_term_string"}}],"inLanguage":"it-IT"},{"@type":"Organization","@id":"https:\/\/www.monaco-tribune.com\/it\/#organization","name":"Monaco Tribune","url":"https:\/\/www.monaco-tribune.com\/it\/","logo":{"@type":"ImageObject","inLanguage":"it-IT","@id":"https:\/\/www.monaco-tribune.com\/it\/#\/schema\/logo\/image\/","url":"https:\/\/www.monaco-tribune.com\/wp-content\/uploads\/2022\/11\/logo-monaco-tribune.png","contentUrl":"https:\/\/www.monaco-tribune.com\/wp-content\/uploads\/2022\/11\/logo-monaco-tribune.png","width":1548,"height":600,"caption":"Monaco Tribune"},"image":{"@id":"https:\/\/www.monaco-tribune.com\/it\/#\/schema\/logo\/image\/"},"sameAs":["https:\/\/www.facebook.com\/MonacoTribune","https:\/\/x.com\/MonacoTribune","https:\/\/www.instagram.com\/monacotribune\/","https:\/\/www.linkedin.com\/company\/monaco-tribune","https:\/\/www.youtube.com\/channel\/UCHle1MnG6hw1y4lWKijVbMA"]},{"@type":"Person","@id":"https:\/\/www.monaco-tribune.com\/it\/#\/schema\/person\/430d20b322a92cf77ed693c80401a9f1","name":"Killian Masurier","image":{"@type":"ImageObject","inLanguage":"it-IT","@id":"https:\/\/secure.gravatar.com\/avatar\/2b945dc7d96e6fec85032621c16cd3de6e31a754758f25fdb5adce4ef6696a8e?s=96&d=mm&r=g","url":"https:\/\/secure.gravatar.com\/avatar\/2b945dc7d96e6fec85032621c16cd3de6e31a754758f25fdb5adce4ef6696a8e?s=96&d=mm&r=g","contentUrl":"https:\/\/secure.gravatar.com\/avatar\/2b945dc7d96e6fec85032621c16cd3de6e31a754758f25fdb5adce4ef6696a8e?s=96&d=mm&r=g","caption":"Killian Masurier"},"url":"https:\/\/www.monaco-tribune.com\/it\/author\/killianmasurier\/"}]}},"_links":{"self":[{"href":"https:\/\/www.monaco-tribune.com\/it\/wp-json\/wp\/v2\/posts\/234440","targetHints":{"allow":["GET"]}}],"collection":[{"href":"https:\/\/www.monaco-tribune.com\/it\/wp-json\/wp\/v2\/posts"}],"about":[{"href":"https:\/\/www.monaco-tribune.com\/it\/wp-json\/wp\/v2\/types\/post"}],"author":[{"embeddable":true,"href":"https:\/\/www.monaco-tribune.com\/it\/wp-json\/wp\/v2\/users\/76"}],"replies":[{"embeddable":true,"href":"https:\/\/www.monaco-tribune.com\/it\/wp-json\/wp\/v2\/comments?post=234440"}],"version-history":[{"count":2,"href":"https:\/\/www.monaco-tribune.com\/it\/wp-json\/wp\/v2\/posts\/234440\/revisions"}],"predecessor-version":[{"id":234447,"href":"https:\/\/www.monaco-tribune.com\/it\/wp-json\/wp\/v2\/posts\/234440\/revisions\/234447"}],"wp:featuredmedia":[{"embeddable":true,"href":"https:\/\/www.monaco-tribune.com\/it\/wp-json\/wp\/v2\/media\/234349"}],"wp:attachment":[{"href":"https:\/\/www.monaco-tribune.com\/it\/wp-json\/wp\/v2\/media?parent=234440"}],"wp:term":[{"taxonomy":"category","embeddable":true,"href":"https:\/\/www.monaco-tribune.com\/it\/wp-json\/wp\/v2\/categories?post=234440"},{"taxonomy":"post_tag","embeddable":true,"href":"https:\/\/www.monaco-tribune.com\/it\/wp-json\/wp\/v2\/tags?post=234440"},{"taxonomy":"sectag","embeddable":true,"href":"https:\/\/www.monaco-tribune.com\/it\/wp-json\/wp\/v2\/post_sectags?post=234440"},{"taxonomy":"format","embeddable":true,"href":"https:\/\/www.monaco-tribune.com\/it\/wp-json\/wp\/v2\/post_format?post=234440"}],"curies":[{"name":"wp","href":"https:\/\/api.w.org\/{rel}","templated":true}]}}