{"id":23446,"date":"2020-03-11T11:35:09","date_gmt":"2020-03-11T10:35:09","guid":{"rendered":"https:\/\/www.monaco-tribune.com\/2020\/03\/il-principato-di-monaco-una-storia-cattolica\/"},"modified":"2020-03-11T11:49:27","modified_gmt":"2020-03-11T10:49:27","slug":"il-principato-di-monaco-una-storia-cattolica","status":"publish","type":"post","link":"https:\/\/www.monaco-tribune.com\/it\/2020\/03\/il-principato-di-monaco-una-storia-cattolica\/","title":{"rendered":"Il Principato di Monaco, una storia cattolica"},"content":{"rendered":"<p><strong>Alla fine di gennaio, Papa Francesco ha nominato padre Dominique-Marie David arcivescovo del Principato di Monaco. Succede a Monsignore Bernard Barsi, presente sulla Rocca dal 2000.<\/strong><\/p>\n<p>&nbsp;<\/p>\n<p>Domenica 8 marzo alle 15.30, nella Cattedrale dell&#8217;Immacolata Concezione nel Principato di\u00a0Monaco, ha avuto luogo <a href=\"https:\/\/www.monaco-tribune.com\/it\/2020\/03\/mons-david-il-nuovo-arcivescovo-del-principato-di-monaco\/\">l&#8217;ordinazione episcopale dell&#8217;arcivescovo Dominique-Marie David<\/a>, che succede all&#8217;attuale arcivescovo del Principato di Monaco, padre Bernard Barsi, in seguito alle sue dimissioni per la sua et\u00e0 avanzata.<\/p>\n<p>Padre Dominique-Marie David diventa cos\u00ec l&#8217;arcivescovo di un paese dove il cattolicesimo \u00e8 la religione ufficiale. \u00c8 l&#8217;occasione per fare una piccola deviazione storica sui legami tra potere spirituale e temporale nel Principato.<\/p>\n<p>&nbsp;<\/p>\n<p><strong>Forte legame con la Chiesa\u00a0<\/strong><\/p>\n<p>L&#8217;articolo 9 della Costituzione monegasca sancisce il cattolicesimo come religione ufficiale, anche se l&#8217;articolo 23 della stessa Costituzione fa della difesa della libert\u00e0 religiosa un punto d&#8217;onore. Tuttavia, il cattolicesimo \u00e8 la religione di quasi l&#8217;83% dei monegaschi. Se il Principato non ha mai optato per la laicit\u00e0 alla francese, \u00e8 perch\u00e9 le ragioni sono da ricercarsi nelle origini storiche del Principato di Monaco.<\/p>\n<p>Lo Stato monegasco era una monarchia sotto la legge divina prima di diventare, dalla nuova Costituzione del 1962, una monarchia costituzionale ereditaria. Anche se i poteri spirituali e temporali sono accuratamente separati, i legami tra i due rimangono forti.<\/p>\n<p>Infatti, anche se la Chiesa non ha il diritto di interferire nelle decisioni prese dal potere politico monegasco, sembrerebbe che la sua influenza sia una realt\u00e0. Alcuni hanno visto, in particolare nella tardiva depenalizzazione dell&#8217;aborto nella legge monegasca, un segno di questa influenza (l&#8217;aborto \u00e8 stato parzialmente depenalizzato nel Principato di Monaco nel 2009).<\/p>\n<p>https:\/\/www.facebook.com\/MonacoTribune.it\/posts\/136652117880948?__xts__%5B0%5D=68.ARCoPlMQoEQLY3_KNV3R_kuSl8_1dSomh2b_Tp5e27yE35CLGZ0G01YCCNY9WYe12LhGWSlrSBvPVnOogei5OevE3IyAvvQaaNNTlwecXqIenZI4byPj-6uCw2zlpsxXOoCYrYDwzMEqS5TDD3H5h82XcijW2upD6sNLOXw5VkQzbZ4QEYUke2CoqCWHrlAYYEuGq7jLxmvyV6gxObyR9ZqB84dlGQNhRijhBqLf6PLmUOb5Kl4uu6r36-iMvtb51C2q8YVw_G8GPHmh0qjhHc3OUNjNEblOXgbCBOFeDTkMVpLA8ndCgQs-gnYF7K4ixl5cdh2BkqXz5F8-Ng6I-X8&#038;__tn__=-R<\/p>\n<p>&nbsp;<\/p>\n<p><strong>Alle origini del cattolicesimo\u00a0<\/strong><\/p>\n<p>La storia del rapporto tra la Chiesa e il potere monegasco non \u00e8 n\u00e9 pi\u00f9 n\u00e9 meno della storia dei Grimaldi stessi. Nel 1297, quando la dinastia dei Grimaldi si impadron\u00ec della Rocca, strinse rapidamente un forte legame con la Chiesa romana.<\/p>\n<p>I guelfi &#8211; rappresentati dai Grimaldi &#8211; si schierarono rapidamente dalla parte del Papa. Per la nuova dinastia monegasca si trattava di proteggersi a sua volta dai suoi forti Stati vicini (il Sacro Impero germanico in particolare) ma anche di giustificare la legittimit\u00e0 degli stessi Grimaldi (il Principato era, all&#8217;epoca, una monarchia di diritto divino).<\/p>\n<p>Nel 1751, il Principato ottenne l&#8217;indipendenza religiosa dal vescovado di Nizza (che si opponeva a esso) e fu cos\u00ec concluso un concordato, e il Principato dipendeva quindi direttamente dall&#8217;autorit\u00e0 papale. Nel 1887 \u00e8 stata creata la Diocesi di Monaco, che \u00e8 diventata arcidiocesi nel 1981.<\/p>\n<p>&nbsp;<\/p>\n<p><strong>La perpetuazione della tradizione\u00a0<\/strong><\/p>\n<p>Da allora, sulla Rocca sono state mantenute vive tradizioni secolari: Processione di Cristo morto, Corpus Domini, Festa della Santa Devozione (direttamente legate all&#8217;identit\u00e0 stessa dei monegaschi). Il matrimonio religioso del Principe testimonia anche l&#8217;importanza data al cattolicesimo, parte integrante dell'&#8221;anima monegasca&#8221; e, a maggior ragione, con essa, dell&#8217;anima monegasca.<\/p>\n","protected":false},"excerpt":{"rendered":"<p>Alla fine di gennaio, Papa Francesco ha nominato padre Dominique-Marie David arcivescovo del Principato di Monaco. Succede a Monsignore Bernard [&hellip;]<\/p>\n","protected":false},"author":29,"featured_media":23348,"comment_status":"closed","ping_status":"open","sticky":false,"template":"","format":"standard","meta":{"_acf_changed":false,"footnotes":""},"categories":[1738,1752],"tags":[],"post_sectags":[],"post_format":[2469],"class_list":["post-23446","post","type-post","status-publish","format-standard","has-post-thumbnail","hentry","category-notizie","category-societa","format-analisi"],"acf":[],"yoast_head":"<!-- This site is optimized with the Yoast SEO Premium plugin v26.8 (Yoast SEO v27.4) - https:\/\/yoast.com\/product\/yoast-seo-premium-wordpress\/ -->\n<title>Il Principato di Monaco, una storia cattolica<\/title>\n<meta name=\"description\" content=\"Alla fine di gennaio, Papa Francesco ha nominato padre Dominique-Marie David arcivescovo del Principato di Monaco. Succede a Monsignore Bernard Barsi,\" \/>\n<meta name=\"robots\" content=\"index, follow, max-snippet:-1, max-image-preview:large, max-video-preview:-1\" \/>\n<link rel=\"canonical\" href=\"https:\/\/www.monaco-tribune.com\/it\/2020\/03\/il-principato-di-monaco-una-storia-cattolica\/\" \/>\n<meta property=\"og:locale\" content=\"it_IT\" \/>\n<meta property=\"og:type\" content=\"article\" \/>\n<meta property=\"og:title\" content=\"Il Principato di Monaco, una storia cattolica - Monaco Tribune\" \/>\n<meta property=\"og:description\" content=\"Alla fine di gennaio, Papa Francesco ha nominato padre Dominique-Marie David arcivescovo del Principato di Monaco. Succede a Monsignore Bernard Barsi,\" \/>\n<meta property=\"og:url\" content=\"https:\/\/www.monaco-tribune.com\/it\/2020\/03\/il-principato-di-monaco-una-storia-cattolica\/\" \/>\n<meta property=\"og:site_name\" content=\"Monaco Tribune\" \/>\n<meta property=\"article:publisher\" content=\"https:\/\/www.facebook.com\/MonacoTribune\" \/>\n<meta property=\"article:published_time\" content=\"2020-03-11T10:35:09+00:00\" \/>\n<meta property=\"article:modified_time\" content=\"2020-03-11T10:49:27+00:00\" \/>\n<meta property=\"og:image\" content=\"https:\/\/www.monaco-tribune.com\/wp-content\/uploads\/2020\/03\/Palais-Princier.jpg\" \/>\n\t<meta property=\"og:image:width\" content=\"1920\" \/>\n\t<meta property=\"og:image:height\" content=\"1280\" \/>\n\t<meta property=\"og:image:type\" content=\"image\/jpeg\" \/>\n<meta name=\"author\" content=\"Ad\u00e8le Deuez\" \/>\n<meta name=\"twitter:card\" content=\"summary_large_image\" \/>\n<meta name=\"twitter:creator\" content=\"@MonacoTribune\" \/>\n<meta name=\"twitter:site\" content=\"@MonacoTribune\" \/>\n<script type=\"application\/ld+json\" class=\"yoast-schema-graph\">{\"@context\":\"https:\\\/\\\/schema.org\",\"@graph\":[{\"@type\":\"NewsArticle\",\"@id\":\"https:\\\/\\\/www.monaco-tribune.com\\\/it\\\/2020\\\/03\\\/il-principato-di-monaco-una-storia-cattolica\\\/#article\",\"isPartOf\":{\"@id\":\"https:\\\/\\\/www.monaco-tribune.com\\\/it\\\/2020\\\/03\\\/il-principato-di-monaco-una-storia-cattolica\\\/\"},\"author\":{\"name\":\"Ad\u00e8le Deuez\",\"@id\":\"https:\\\/\\\/www.monaco-tribune.com\\\/it\\\/#\\\/schema\\\/person\\\/dfb3c22bd48eb4be859851f88d5f7997\"},\"headline\":\"Il Principato di Monaco, una storia cattolica\",\"datePublished\":\"2020-03-11T10:35:09+00:00\",\"dateModified\":\"2020-03-11T10:49:27+00:00\",\"mainEntityOfPage\":{\"@id\":\"https:\\\/\\\/www.monaco-tribune.com\\\/it\\\/2020\\\/03\\\/il-principato-di-monaco-una-storia-cattolica\\\/\"},\"wordCount\":536,\"publisher\":{\"@id\":\"https:\\\/\\\/www.monaco-tribune.com\\\/it\\\/#organization\"},\"image\":{\"@id\":\"https:\\\/\\\/www.monaco-tribune.com\\\/it\\\/2020\\\/03\\\/il-principato-di-monaco-una-storia-cattolica\\\/#primaryimage\"},\"thumbnailUrl\":\"https:\\\/\\\/www.monaco-tribune.com\\\/wp-content\\\/uploads\\\/2020\\\/03\\\/Palais-Princier.jpg\",\"articleSection\":[\"Notizie\",\"Societ\u00e0\"],\"inLanguage\":\"it-IT\",\"copyrightYear\":\"2020\",\"copyrightHolder\":{\"@id\":\"https:\\\/\\\/www.monaco-tribune.com\\\/#organization\"}},{\"@type\":\"WebPage\",\"@id\":\"https:\\\/\\\/www.monaco-tribune.com\\\/it\\\/2020\\\/03\\\/il-principato-di-monaco-una-storia-cattolica\\\/\",\"url\":\"https:\\\/\\\/www.monaco-tribune.com\\\/it\\\/2020\\\/03\\\/il-principato-di-monaco-una-storia-cattolica\\\/\",\"name\":\"Il Principato di Monaco, una storia cattolica\",\"isPartOf\":{\"@id\":\"https:\\\/\\\/www.monaco-tribune.com\\\/it\\\/#website\"},\"primaryImageOfPage\":{\"@id\":\"https:\\\/\\\/www.monaco-tribune.com\\\/it\\\/2020\\\/03\\\/il-principato-di-monaco-una-storia-cattolica\\\/#primaryimage\"},\"image\":{\"@id\":\"https:\\\/\\\/www.monaco-tribune.com\\\/it\\\/2020\\\/03\\\/il-principato-di-monaco-una-storia-cattolica\\\/#primaryimage\"},\"thumbnailUrl\":\"https:\\\/\\\/www.monaco-tribune.com\\\/wp-content\\\/uploads\\\/2020\\\/03\\\/Palais-Princier.jpg\",\"datePublished\":\"2020-03-11T10:35:09+00:00\",\"dateModified\":\"2020-03-11T10:49:27+00:00\",\"description\":\"Alla fine di gennaio, Papa Francesco ha nominato padre Dominique-Marie David arcivescovo del Principato di Monaco. Succede a Monsignore Bernard Barsi,\",\"breadcrumb\":{\"@id\":\"https:\\\/\\\/www.monaco-tribune.com\\\/it\\\/2020\\\/03\\\/il-principato-di-monaco-una-storia-cattolica\\\/#breadcrumb\"},\"inLanguage\":\"it-IT\",\"potentialAction\":[{\"@type\":\"ReadAction\",\"target\":[\"https:\\\/\\\/www.monaco-tribune.com\\\/it\\\/2020\\\/03\\\/il-principato-di-monaco-una-storia-cattolica\\\/\"]}]},{\"@type\":\"ImageObject\",\"inLanguage\":\"it-IT\",\"@id\":\"https:\\\/\\\/www.monaco-tribune.com\\\/it\\\/2020\\\/03\\\/il-principato-di-monaco-una-storia-cattolica\\\/#primaryimage\",\"url\":\"https:\\\/\\\/www.monaco-tribune.com\\\/wp-content\\\/uploads\\\/2020\\\/03\\\/Palais-Princier.jpg\",\"contentUrl\":\"https:\\\/\\\/www.monaco-tribune.com\\\/wp-content\\\/uploads\\\/2020\\\/03\\\/Palais-Princier.jpg\",\"width\":1920,\"height\":1280,\"caption\":\"Dominique-Marie David, nouvel Archev\u00eaque de Monaco\"},{\"@type\":\"BreadcrumbList\",\"@id\":\"https:\\\/\\\/www.monaco-tribune.com\\\/it\\\/2020\\\/03\\\/il-principato-di-monaco-una-storia-cattolica\\\/#breadcrumb\",\"itemListElement\":[{\"@type\":\"ListItem\",\"position\":1,\"name\":\"Accueil\",\"item\":\"https:\\\/\\\/www.monaco-tribune.com\\\/it\\\/\"},{\"@type\":\"ListItem\",\"position\":2,\"name\":\"Il Principato di Monaco, una storia cattolica\"}]},{\"@type\":\"WebSite\",\"@id\":\"https:\\\/\\\/www.monaco-tribune.com\\\/it\\\/#website\",\"url\":\"https:\\\/\\\/www.monaco-tribune.com\\\/it\\\/\",\"name\":\"Monaco Tribune\",\"description\":\"Monaco : actualit\u00e9s \u00e9conomiques, politiques, culturelles et sportives de Monaco et de la French Riviera.\",\"publisher\":{\"@id\":\"https:\\\/\\\/www.monaco-tribune.com\\\/it\\\/#organization\"},\"potentialAction\":[{\"@type\":\"SearchAction\",\"target\":{\"@type\":\"EntryPoint\",\"urlTemplate\":\"https:\\\/\\\/www.monaco-tribune.com\\\/it\\\/?s={search_term_string}\"},\"query-input\":{\"@type\":\"PropertyValueSpecification\",\"valueRequired\":true,\"valueName\":\"search_term_string\"}}],\"inLanguage\":\"it-IT\"},{\"@type\":\"Organization\",\"@id\":\"https:\\\/\\\/www.monaco-tribune.com\\\/it\\\/#organization\",\"name\":\"Monaco Tribune\",\"url\":\"https:\\\/\\\/www.monaco-tribune.com\\\/it\\\/\",\"logo\":{\"@type\":\"ImageObject\",\"inLanguage\":\"it-IT\",\"@id\":\"https:\\\/\\\/www.monaco-tribune.com\\\/it\\\/#\\\/schema\\\/logo\\\/image\\\/\",\"url\":\"https:\\\/\\\/www.monaco-tribune.com\\\/wp-content\\\/uploads\\\/2022\\\/11\\\/logo-monaco-tribune.png\",\"contentUrl\":\"https:\\\/\\\/www.monaco-tribune.com\\\/wp-content\\\/uploads\\\/2022\\\/11\\\/logo-monaco-tribune.png\",\"width\":1548,\"height\":600,\"caption\":\"Monaco Tribune\"},\"image\":{\"@id\":\"https:\\\/\\\/www.monaco-tribune.com\\\/it\\\/#\\\/schema\\\/logo\\\/image\\\/\"},\"sameAs\":[\"https:\\\/\\\/www.facebook.com\\\/MonacoTribune\",\"https:\\\/\\\/x.com\\\/MonacoTribune\",\"https:\\\/\\\/www.instagram.com\\\/monacotribune\\\/\",\"https:\\\/\\\/www.linkedin.com\\\/company\\\/monaco-tribune\",\"https:\\\/\\\/www.youtube.com\\\/channel\\\/UCHle1MnG6hw1y4lWKijVbMA\"]},{\"@type\":\"Person\",\"@id\":\"https:\\\/\\\/www.monaco-tribune.com\\\/it\\\/#\\\/schema\\\/person\\\/dfb3c22bd48eb4be859851f88d5f7997\",\"name\":\"Ad\u00e8le Deuez\",\"image\":{\"@type\":\"ImageObject\",\"inLanguage\":\"it-IT\",\"@id\":\"https:\\\/\\\/secure.gravatar.com\\\/avatar\\\/19a3fdfed25e2ece5d1fa69fc2bdc04a990181465a3cdec761c5278a81a77457?s=96&d=mm&r=g\",\"url\":\"https:\\\/\\\/secure.gravatar.com\\\/avatar\\\/19a3fdfed25e2ece5d1fa69fc2bdc04a990181465a3cdec761c5278a81a77457?s=96&d=mm&r=g\",\"contentUrl\":\"https:\\\/\\\/secure.gravatar.com\\\/avatar\\\/19a3fdfed25e2ece5d1fa69fc2bdc04a990181465a3cdec761c5278a81a77457?s=96&d=mm&r=g\",\"caption\":\"Ad\u00e8le Deuez\"},\"url\":\"https:\\\/\\\/www.monaco-tribune.com\\\/it\\\/author\\\/adele-deuez\\\/\"}]}<\/script>\n<!-- \/ Yoast SEO Premium plugin. -->","yoast_head_json":{"title":"Il Principato di Monaco, una storia cattolica","description":"Alla fine di gennaio, Papa Francesco ha nominato padre Dominique-Marie David arcivescovo del Principato di Monaco. Succede a Monsignore Bernard Barsi,","robots":{"index":"index","follow":"follow","max-snippet":"max-snippet:-1","max-image-preview":"max-image-preview:large","max-video-preview":"max-video-preview:-1"},"canonical":"https:\/\/www.monaco-tribune.com\/it\/2020\/03\/il-principato-di-monaco-una-storia-cattolica\/","og_locale":"it_IT","og_type":"article","og_title":"Il Principato di Monaco, una storia cattolica - Monaco Tribune","og_description":"Alla fine di gennaio, Papa Francesco ha nominato padre Dominique-Marie David arcivescovo del Principato di Monaco. Succede a Monsignore Bernard Barsi,","og_url":"https:\/\/www.monaco-tribune.com\/it\/2020\/03\/il-principato-di-monaco-una-storia-cattolica\/","og_site_name":"Monaco Tribune","article_publisher":"https:\/\/www.facebook.com\/MonacoTribune","article_published_time":"2020-03-11T10:35:09+00:00","article_modified_time":"2020-03-11T10:49:27+00:00","og_image":[{"width":1920,"height":1280,"url":"https:\/\/www.monaco-tribune.com\/wp-content\/uploads\/2020\/03\/Palais-Princier.jpg","type":"image\/jpeg"}],"author":"Ad\u00e8le Deuez","twitter_card":"summary_large_image","twitter_creator":"@MonacoTribune","twitter_site":"@MonacoTribune","schema":{"@context":"https:\/\/schema.org","@graph":[{"@type":"NewsArticle","@id":"https:\/\/www.monaco-tribune.com\/it\/2020\/03\/il-principato-di-monaco-una-storia-cattolica\/#article","isPartOf":{"@id":"https:\/\/www.monaco-tribune.com\/it\/2020\/03\/il-principato-di-monaco-una-storia-cattolica\/"},"author":{"name":"Ad\u00e8le Deuez","@id":"https:\/\/www.monaco-tribune.com\/it\/#\/schema\/person\/dfb3c22bd48eb4be859851f88d5f7997"},"headline":"Il Principato di Monaco, una storia cattolica","datePublished":"2020-03-11T10:35:09+00:00","dateModified":"2020-03-11T10:49:27+00:00","mainEntityOfPage":{"@id":"https:\/\/www.monaco-tribune.com\/it\/2020\/03\/il-principato-di-monaco-una-storia-cattolica\/"},"wordCount":536,"publisher":{"@id":"https:\/\/www.monaco-tribune.com\/it\/#organization"},"image":{"@id":"https:\/\/www.monaco-tribune.com\/it\/2020\/03\/il-principato-di-monaco-una-storia-cattolica\/#primaryimage"},"thumbnailUrl":"https:\/\/www.monaco-tribune.com\/wp-content\/uploads\/2020\/03\/Palais-Princier.jpg","articleSection":["Notizie","Societ\u00e0"],"inLanguage":"it-IT","copyrightYear":"2020","copyrightHolder":{"@id":"https:\/\/www.monaco-tribune.com\/#organization"}},{"@type":"WebPage","@id":"https:\/\/www.monaco-tribune.com\/it\/2020\/03\/il-principato-di-monaco-una-storia-cattolica\/","url":"https:\/\/www.monaco-tribune.com\/it\/2020\/03\/il-principato-di-monaco-una-storia-cattolica\/","name":"Il Principato di Monaco, una storia cattolica","isPartOf":{"@id":"https:\/\/www.monaco-tribune.com\/it\/#website"},"primaryImageOfPage":{"@id":"https:\/\/www.monaco-tribune.com\/it\/2020\/03\/il-principato-di-monaco-una-storia-cattolica\/#primaryimage"},"image":{"@id":"https:\/\/www.monaco-tribune.com\/it\/2020\/03\/il-principato-di-monaco-una-storia-cattolica\/#primaryimage"},"thumbnailUrl":"https:\/\/www.monaco-tribune.com\/wp-content\/uploads\/2020\/03\/Palais-Princier.jpg","datePublished":"2020-03-11T10:35:09+00:00","dateModified":"2020-03-11T10:49:27+00:00","description":"Alla fine di gennaio, Papa Francesco ha nominato padre Dominique-Marie David arcivescovo del Principato di Monaco. Succede a Monsignore Bernard Barsi,","breadcrumb":{"@id":"https:\/\/www.monaco-tribune.com\/it\/2020\/03\/il-principato-di-monaco-una-storia-cattolica\/#breadcrumb"},"inLanguage":"it-IT","potentialAction":[{"@type":"ReadAction","target":["https:\/\/www.monaco-tribune.com\/it\/2020\/03\/il-principato-di-monaco-una-storia-cattolica\/"]}]},{"@type":"ImageObject","inLanguage":"it-IT","@id":"https:\/\/www.monaco-tribune.com\/it\/2020\/03\/il-principato-di-monaco-una-storia-cattolica\/#primaryimage","url":"https:\/\/www.monaco-tribune.com\/wp-content\/uploads\/2020\/03\/Palais-Princier.jpg","contentUrl":"https:\/\/www.monaco-tribune.com\/wp-content\/uploads\/2020\/03\/Palais-Princier.jpg","width":1920,"height":1280,"caption":"Dominique-Marie David, nouvel Archev\u00eaque de Monaco"},{"@type":"BreadcrumbList","@id":"https:\/\/www.monaco-tribune.com\/it\/2020\/03\/il-principato-di-monaco-una-storia-cattolica\/#breadcrumb","itemListElement":[{"@type":"ListItem","position":1,"name":"Accueil","item":"https:\/\/www.monaco-tribune.com\/it\/"},{"@type":"ListItem","position":2,"name":"Il Principato di Monaco, una storia cattolica"}]},{"@type":"WebSite","@id":"https:\/\/www.monaco-tribune.com\/it\/#website","url":"https:\/\/www.monaco-tribune.com\/it\/","name":"Monaco Tribune","description":"Monaco : actualit\u00e9s \u00e9conomiques, politiques, culturelles et sportives de Monaco et de la French Riviera.","publisher":{"@id":"https:\/\/www.monaco-tribune.com\/it\/#organization"},"potentialAction":[{"@type":"SearchAction","target":{"@type":"EntryPoint","urlTemplate":"https:\/\/www.monaco-tribune.com\/it\/?s={search_term_string}"},"query-input":{"@type":"PropertyValueSpecification","valueRequired":true,"valueName":"search_term_string"}}],"inLanguage":"it-IT"},{"@type":"Organization","@id":"https:\/\/www.monaco-tribune.com\/it\/#organization","name":"Monaco Tribune","url":"https:\/\/www.monaco-tribune.com\/it\/","logo":{"@type":"ImageObject","inLanguage":"it-IT","@id":"https:\/\/www.monaco-tribune.com\/it\/#\/schema\/logo\/image\/","url":"https:\/\/www.monaco-tribune.com\/wp-content\/uploads\/2022\/11\/logo-monaco-tribune.png","contentUrl":"https:\/\/www.monaco-tribune.com\/wp-content\/uploads\/2022\/11\/logo-monaco-tribune.png","width":1548,"height":600,"caption":"Monaco Tribune"},"image":{"@id":"https:\/\/www.monaco-tribune.com\/it\/#\/schema\/logo\/image\/"},"sameAs":["https:\/\/www.facebook.com\/MonacoTribune","https:\/\/x.com\/MonacoTribune","https:\/\/www.instagram.com\/monacotribune\/","https:\/\/www.linkedin.com\/company\/monaco-tribune","https:\/\/www.youtube.com\/channel\/UCHle1MnG6hw1y4lWKijVbMA"]},{"@type":"Person","@id":"https:\/\/www.monaco-tribune.com\/it\/#\/schema\/person\/dfb3c22bd48eb4be859851f88d5f7997","name":"Ad\u00e8le Deuez","image":{"@type":"ImageObject","inLanguage":"it-IT","@id":"https:\/\/secure.gravatar.com\/avatar\/19a3fdfed25e2ece5d1fa69fc2bdc04a990181465a3cdec761c5278a81a77457?s=96&d=mm&r=g","url":"https:\/\/secure.gravatar.com\/avatar\/19a3fdfed25e2ece5d1fa69fc2bdc04a990181465a3cdec761c5278a81a77457?s=96&d=mm&r=g","contentUrl":"https:\/\/secure.gravatar.com\/avatar\/19a3fdfed25e2ece5d1fa69fc2bdc04a990181465a3cdec761c5278a81a77457?s=96&d=mm&r=g","caption":"Ad\u00e8le Deuez"},"url":"https:\/\/www.monaco-tribune.com\/it\/author\/adele-deuez\/"}]}},"_links":{"self":[{"href":"https:\/\/www.monaco-tribune.com\/it\/wp-json\/wp\/v2\/posts\/23446","targetHints":{"allow":["GET"]}}],"collection":[{"href":"https:\/\/www.monaco-tribune.com\/it\/wp-json\/wp\/v2\/posts"}],"about":[{"href":"https:\/\/www.monaco-tribune.com\/it\/wp-json\/wp\/v2\/types\/post"}],"author":[{"embeddable":true,"href":"https:\/\/www.monaco-tribune.com\/it\/wp-json\/wp\/v2\/users\/29"}],"replies":[{"embeddable":true,"href":"https:\/\/www.monaco-tribune.com\/it\/wp-json\/wp\/v2\/comments?post=23446"}],"version-history":[{"count":0,"href":"https:\/\/www.monaco-tribune.com\/it\/wp-json\/wp\/v2\/posts\/23446\/revisions"}],"wp:featuredmedia":[{"embeddable":true,"href":"https:\/\/www.monaco-tribune.com\/it\/wp-json\/wp\/v2\/media\/23348"}],"wp:attachment":[{"href":"https:\/\/www.monaco-tribune.com\/it\/wp-json\/wp\/v2\/media?parent=23446"}],"wp:term":[{"taxonomy":"category","embeddable":true,"href":"https:\/\/www.monaco-tribune.com\/it\/wp-json\/wp\/v2\/categories?post=23446"},{"taxonomy":"post_tag","embeddable":true,"href":"https:\/\/www.monaco-tribune.com\/it\/wp-json\/wp\/v2\/tags?post=23446"},{"taxonomy":"sectag","embeddable":true,"href":"https:\/\/www.monaco-tribune.com\/it\/wp-json\/wp\/v2\/post_sectags?post=23446"},{"taxonomy":"format","embeddable":true,"href":"https:\/\/www.monaco-tribune.com\/it\/wp-json\/wp\/v2\/post_format?post=23446"}],"curies":[{"name":"wp","href":"https:\/\/api.w.org\/{rel}","templated":true}]}}